{"id":6978,"date":"2026-09-01T13:46:51","date_gmt":"2026-09-01T13:46:51","guid":{"rendered":"https:\/\/blognoticias.ecca.edu.es\/?p=6978"},"modified":"2026-09-01T13:47:15","modified_gmt":"2026-09-01T13:47:15","slug":"ecca-edu-arranca-el-curso-academico-2026-2027-con-innovacion-y-nuevo-liderazgo","status":"publish","type":"post","link":"https:\/\/blognoticias.ecca.edu.es\/en\/ecca-edu-arranca-el-curso-academico-2026-2027-con-innovacion-y-nuevo-liderazgo\/","title":{"rendered":"ecca.edu arranca el curso acad\u00e9mico 2026-2027 con innovaci\u00f3n y nuevo liderazgo"},"content":{"rendered":"<div class='booster-block booster-read-block'>\n                <div class=\"twp-read-time\">\n                \t<i class=\"booster-icon twp-clock\"><\/i> <span>Tiempo de lectura:<\/span>1 Minutos, 27 Segundos                <\/div>\n\n            <\/div><p><span style=\"font-weight: 400;\">ecca.edu da el pistoletazo de salida al curso acad\u00e9mico 2026-2027, un a\u00f1o estrat\u00e9gico que la entidad afronta con ilusi\u00f3n. Este periodo destaca por una firme apuesta por la innovaci\u00f3n pedag\u00f3gica y la puesta en marcha de proyectos clave para garantizar una oferta formativa de calidad, flexible y accesible.<\/span><\/p>\n<p><img loading=\"lazy\" decoding=\"async\" class=\"aligncenter wp-image-6980\" src=\"https:\/\/blognoticias.ecca.edu.es\/wp-content\/uploads\/2026\/09\/Copy-of-Plantilla-horizontal-redes-y-blog-6-1024x683.png\" alt=\"ecca.edu arranca el curso acad\u00e9mico 2026-2027 con innovaci\u00f3n y nuevo liderazgo \" width=\"704\" height=\"469\" srcset=\"https:\/\/blognoticias.ecca.edu.es\/wp-content\/uploads\/2026\/09\/Copy-of-Plantilla-horizontal-redes-y-blog-6-1024x683.png 1024w, https:\/\/blognoticias.ecca.edu.es\/wp-content\/uploads\/2026\/09\/Copy-of-Plantilla-horizontal-redes-y-blog-6-300x200.png 300w, https:\/\/blognoticias.ecca.edu.es\/wp-content\/uploads\/2026\/09\/Copy-of-Plantilla-horizontal-redes-y-blog-6-768x512.png 768w, https:\/\/blognoticias.ecca.edu.es\/wp-content\/uploads\/2026\/09\/Copy-of-Plantilla-horizontal-redes-y-blog-6-1536x1025.png 1536w, https:\/\/blognoticias.ecca.edu.es\/wp-content\/uploads\/2026\/09\/Copy-of-Plantilla-horizontal-redes-y-blog-6-18x12.png 18w, https:\/\/blognoticias.ecca.edu.es\/wp-content\/uploads\/2026\/09\/Copy-of-Plantilla-horizontal-redes-y-blog-6.png 2048w\" sizes=\"auto, (max-width: 704px) 100vw, 704px\" \/><\/p>\n<p><span style=\"font-weight: 400;\">A este avance se une la renovaci\u00f3n en el equipo directivo de la entidad. El cambio organizativo est\u00e1 orientado a fortalecer las metas institucionales.<\/span><\/p>\n<h2><b>Innovaci\u00f3n y nuevo equipo directivo en el curso acad\u00e9mico 2026-2027<\/b><\/h2>\n<p><span style=\"font-weight: 400;\">Este periodo lectivo se presenta especialmente significativo para la instituci\u00f3n. La nueva etapa est\u00e1 marcada por un cambio estrat\u00e9gico en la direcci\u00f3n: <\/span><a href=\"https:\/\/www.linkedin.com\/in\/gorety-almeida-hern%C3%A1ndez-4605b186\/\"><b>Gorety Almeida<\/b><\/a><span style=\"font-weight: 400;\"> asume la responsabilidad como <a href=\"https:\/\/blognoticias.ecca.edu.es\/en\/gorety-almeida-hernandez-primera-persona-laica-en-asumir-la-direccion-general-de-ecca-edu\/\">directora general de ecca.edu<\/a>, mientras que <\/span><a href=\"https:\/\/www.linkedin.com\/in\/juanjo-p%C3%A9rez-est%C3%A9vez-9a2156294\/\"><b>Juanjo P\u00e9rez<\/b> <\/a><span style=\"font-weight: 400;\">se incorpora al equipo como director gerente.<\/span><\/p>\n<blockquote class=\"instagram-media\" style=\"background: #FFF; border: 0; border-radius: 3px; box-shadow: 0 0 1px 0 rgba(0,0,0,0.5),0 1px 10px 0 rgba(0,0,0,0.15); margin: 1px; max-width: 540px; min-width: 326px; padding: 0; width: calc(100% - 2px);\" data-instgrm-permalink=\"https:\/\/www.instagram.com\/reel\/DcvyyL9jiu_\/?utm_source=ig_embed&amp;utm_campaign=loading\" data-instgrm-version=\"14\">\n<div style=\"padding: 16px;\">\n<p>&nbsp;<\/p>\n<div style=\"display: flex; flex-direction: row; align-items: center;\">\n<div style=\"background-color: #f4f4f4; border-radius: 50%; flex-grow: 0; height: 40px; margin-right: 14px; width: 40px;\"><\/div>\n<div style=\"display: flex; flex-direction: column; flex-grow: 1; justify-content: center;\">\n<div style=\"background-color: #f4f4f4; border-radius: 4px; flex-grow: 0; height: 14px; margin-bottom: 6px; width: 100px;\"><\/div>\n<div style=\"background-color: #f4f4f4; border-radius: 4px; flex-grow: 0; height: 14px; width: 60px;\"><\/div>\n<\/div>\n<\/div>\n<div style=\"padding: 19% 0;\"><\/div>\n<div style=\"display: block; height: 50px; margin: 0 auto 12px; width: 50px;\"><\/div>\n<div style=\"padding-top: 8px;\">\n<div style=\"color: #3897f0; font-family: Arial,sans-serif; font-size: 14px; font-style: normal; font-weight: 550; line-height: 18px;\">Ver esta publicaci\u00f3n en Instagram<\/div>\n<\/div>\n<div style=\"padding: 12.5% 0;\"><\/div>\n<div style=\"display: flex; flex-direction: row; margin-bottom: 14px; align-items: center;\">\n<div>\n<div style=\"background-color: #f4f4f4; border-radius: 50%; height: 12.5px; width: 12.5px; transform: translateX(0px) translateY(7px);\"><\/div>\n<div style=\"background-color: #f4f4f4; height: 12.5px; transform: rotate(-45deg) translateX(3px) translateY(1px); width: 12.5px; flex-grow: 0; margin-right: 14px; margin-left: 2px;\"><\/div>\n<div style=\"background-color: #f4f4f4; border-radius: 50%; height: 12.5px; width: 12.5px; transform: translateX(9px) translateY(-18px);\"><\/div>\n<\/div>\n<div style=\"margin-left: 8px;\">\n<div style=\"background-color: #f4f4f4; border-radius: 50%; flex-grow: 0; height: 20px; width: 20px;\"><\/div>\n<div style=\"width: 0; height: 0; border-top: 2px solid transparent; border-left: 6px solid #f4f4f4; border-bottom: 2px solid transparent; transform: translateX(16px) translateY(-4px) rotate(30deg);\"><\/div>\n<\/div>\n<div style=\"margin-left: auto;\">\n<div style=\"width: 0px; border-top: 8px solid #F4F4F4; border-right: 8px solid transparent; transform: translateY(16px);\"><\/div>\n<div style=\"background-color: #f4f4f4; flex-grow: 0; height: 12px; width: 16px; transform: translateY(-4px);\"><\/div>\n<div style=\"width: 0; height: 0; border-top: 8px solid #F4F4F4; border-left: 8px solid transparent; transform: translateY(-4px) translateX(8px);\"><\/div>\n<\/div>\n<\/div>\n<div style=\"display: flex; flex-direction: column; flex-grow: 1; justify-content: center; margin-bottom: 24px;\">\n<div style=\"background-color: #f4f4f4; border-radius: 4px; flex-grow: 0; height: 14px; margin-bottom: 6px; width: 224px;\"><\/div>\n<div style=\"background-color: #f4f4f4; border-radius: 4px; flex-grow: 0; height: 14px; width: 144px;\"><\/div>\n<\/div>\n<p>&nbsp;<\/p>\n<p style=\"color: #c9c8cd; font-family: Arial,sans-serif; font-size: 14px; line-height: 17px; margin-bottom: 0; margin-top: 8px; overflow: hidden; padding: 8px 0 7px; text-align: center; text-overflow: ellipsis; white-space: nowrap;\"><a style=\"color: #c9c8cd; font-family: Arial,sans-serif; font-size: 14px; font-style: normal; font-weight: normal; line-height: 17px; text-decoration: none;\" href=\"https:\/\/www.instagram.com\/reel\/DcvyyL9jiu_\/?utm_source=ig_embed&amp;utm_campaign=loading\" target=\"_blank\" rel=\"noopener\">Una publicaci\u00f3n compartida de ecca.edu (@eccaedu)<\/a><\/p>\n<\/div>\n<\/blockquote>\n<p><script async src=\"\/\/www.instagram.com\/embed.js\"><\/script><\/p>\n<p><span style=\"font-weight: 400;\">El curso acad\u00e9mico 2026-2027 se plantea como un periodo clave para consolidar la transformaci\u00f3n digital de ecca.edu. A trav\u00e9s de la actualizaci\u00f3n constante de sus metodolog\u00edas y contenidos, la instituci\u00f3n busca responder a las demandas socioeducativas actuales, garantizando que el proceso formativo siga siendo un motor directo de cambio.<\/span><\/p>\n<h2><b>Formaci\u00f3n con impacto para transformar vidas<\/b><\/h2>\n<p><span style=\"font-weight: 400;\">ecca.edu mantiene intacto su prop\u00f3sito de derribar barreras geogr\u00e1ficas y sociales. Al sumar m\u00e1s de seis d\u00e9cadas de experiencia a una gesti\u00f3n din\u00e1mica y actual. La entidad garantiza que el alumnado cuente con las herramientas necesarias para su \u00e9xito.\u00a0<\/span><\/p>\n<p><span style=\"font-weight: 400;\">Todo este proceso formativo se apoya en la efectividad del Sistema ecca, basado en clases multimedia,\u00a0 material elaborado con las<a href=\"https:\/\/blognoticias.ecca.edu.es\/en\/exito-de-participacion-en-hackeando-la-educacion-mas-de-300-docentes-y-profesionales-transforman-las-aulas-canarias-con-ia\/\"> \u00faltimas tecnolog\u00edas<\/a> pedag\u00f3gicas disponibles y acompa\u00f1amiento docente.\u00a0<\/span><\/p>\n<p><span style=\"font-weight: 400;\">Con la energ\u00eda de un equipo renovado y la mirada puesta en el futuro, deseamos a todos nuestra comunidad un exitoso a\u00f1o acad\u00e9mico.\u00a0<\/span><\/p>","protected":false},"excerpt":{"rendered":"<p>ecca.edu da el pistoletazo de salida al curso acad\u00e9mico 2026-2027, un a\u00f1o estrat\u00e9gico que la entidad afronta con ilusi\u00f3n. Este periodo destaca por una firme apuesta por la innovaci\u00f3n pedag\u00f3gica y la puesta en marcha de proyectos clave para garantizar una oferta formativa de calidad, flexible y accesible. A este avance se une la renovaci\u00f3n [&hellip;]<\/p>","protected":false},"author":2,"featured_media":6979,"comment_status":"closed","ping_status":"closed","sticky":false,"template":"","format":"standard","meta":{"footnotes":""},"categories":[1,102,1293,106],"tags":[1669,1670,27,1457,1502],"class_list":["post-6978","post","type-post","status-publish","format-standard","has-post-thumbnail","hentry","category-blog","category-comunicacion","category-noticias","category-relevante","tag-curso-academico-2026-2027","tag-curso-escolar","tag-ecca-edu","tag-formacion-canarias","tag-islas-canarias"],"yoast_head":"<!-- This site is optimized with the Yoast SEO plugin v25.9 - https:\/\/yoast.com\/wordpress\/plugins\/seo\/ -->\n<title>ecca.edu arranca el curso acad\u00e9mico 2026-2027 con innovaci\u00f3n y nuevo liderazgo<\/title>\n<meta name=\"description\" content=\"ecca.edu da el pistoletazo de salida al curso acad\u00e9mico 2026-2027, un a\u00f1o estrat\u00e9gico que la entidad afronta con ilusi\u00f3n\" \/>\n<meta name=\"robots\" content=\"index, follow, max-snippet:-1, max-image-preview:large, max-video-preview:-1\" \/>\n<link rel=\"canonical\" href=\"https:\/\/blognoticias.ecca.edu.es\/en\/ecca-edu-arranca-el-curso-academico-2026-2027-con-innovacion-y-nuevo-liderazgo\/\" \/>\n<meta property=\"og:locale\" content=\"en_GB\" \/>\n<meta property=\"og:type\" content=\"article\" \/>\n<meta property=\"og:title\" content=\"ecca.edu arranca el curso acad\u00e9mico 2026-2027 con innovaci\u00f3n y nuevo liderazgo\" \/>\n<meta property=\"og:description\" content=\"ecca.edu da el pistoletazo de salida al curso acad\u00e9mico 2026-2027, un a\u00f1o estrat\u00e9gico que la entidad afronta con ilusi\u00f3n\" \/>\n<meta property=\"og:url\" content=\"https:\/\/blognoticias.ecca.edu.es\/en\/ecca-edu-arranca-el-curso-academico-2026-2027-con-innovacion-y-nuevo-liderazgo\/\" \/>\n<meta property=\"og:site_name\" content=\"Blog Noticias Ecca\" \/>\n<meta property=\"article:publisher\" content=\"https:\/\/www.facebook.com\/ecca.edu.es\" \/>\n<meta property=\"article:published_time\" content=\"2026-09-01T13:46:51+00:00\" \/>\n<meta property=\"article:modified_time\" content=\"2026-09-01T13:47:15+00:00\" \/>\n<meta property=\"og:image\" content=\"https:\/\/blognoticias.ecca.edu.es\/wp-content\/uploads\/2026\/09\/Platilla-cuadrado-y-blog-29.png\" \/>\n\t<meta property=\"og:image:width\" content=\"1080\" \/>\n\t<meta property=\"og:image:height\" content=\"1080\" \/>\n\t<meta property=\"og:image:type\" content=\"image\/png\" \/>\n<meta name=\"author\" content=\"Ecca.edu\" \/>\n<meta name=\"twitter:card\" content=\"summary_large_image\" \/>\n<meta name=\"twitter:creator\" content=\"@eccaedu\" \/>\n<meta name=\"twitter:site\" content=\"@eccaedu\" \/>\n<meta name=\"twitter:label1\" content=\"Written by\" \/>\n\t<meta name=\"twitter:data1\" content=\"Ecca.edu\" \/>\n\t<meta name=\"twitter:label2\" content=\"Estimated reading time\" \/>\n\t<meta name=\"twitter:data2\" content=\"2 minutes\" \/>\n<script type=\"application\/ld+json\" class=\"yoast-schema-graph\">{\"@context\":\"https:\/\/schema.org\",\"@graph\":[{\"@type\":\"Article\",\"@id\":\"https:\/\/blognoticias.ecca.edu.es\/ecca-edu-arranca-el-curso-academico-2026-2027-con-innovacion-y-nuevo-liderazgo\/#article\",\"isPartOf\":{\"@id\":\"https:\/\/blognoticias.ecca.edu.es\/ecca-edu-arranca-el-curso-academico-2026-2027-con-innovacion-y-nuevo-liderazgo\/\"},\"author\":{\"name\":\"Ecca.edu\",\"@id\":\"https:\/\/blognoticias.ecca.edu.es\/#\/schema\/person\/8070573f481ccba909661fdb1cf9e5eb\"},\"headline\":\"ecca.edu arranca el curso acad\u00e9mico 2026-2027 con innovaci\u00f3n y nuevo liderazgo\",\"datePublished\":\"2026-09-01T13:46:51+00:00\",\"dateModified\":\"2026-09-01T13:47:15+00:00\",\"mainEntityOfPage\":{\"@id\":\"https:\/\/blognoticias.ecca.edu.es\/ecca-edu-arranca-el-curso-academico-2026-2027-con-innovacion-y-nuevo-liderazgo\/\"},\"wordCount\":335,\"publisher\":{\"@id\":\"https:\/\/blognoticias.ecca.edu.es\/#organization\"},\"image\":{\"@id\":\"https:\/\/blognoticias.ecca.edu.es\/ecca-edu-arranca-el-curso-academico-2026-2027-con-innovacion-y-nuevo-liderazgo\/#primaryimage\"},\"thumbnailUrl\":\"https:\/\/blognoticias.ecca.edu.es\/wp-content\/uploads\/2026\/09\/Platilla-cuadrado-y-blog-29.png\",\"keywords\":[\"curso acad\u00e9mico 2026-2027\",\"curso escolar\",\"ecca.edu\",\"Formaci\u00f3n Canarias\",\"Islas Canarias\"],\"articleSection\":[\"Blog\",\"Comunicaci\u00f3n\",\"Noticias\",\"Relevante\"],\"inLanguage\":\"en-GB\"},{\"@type\":\"WebPage\",\"@id\":\"https:\/\/blognoticias.ecca.edu.es\/ecca-edu-arranca-el-curso-academico-2026-2027-con-innovacion-y-nuevo-liderazgo\/\",\"url\":\"https:\/\/blognoticias.ecca.edu.es\/ecca-edu-arranca-el-curso-academico-2026-2027-con-innovacion-y-nuevo-liderazgo\/\",\"name\":\"ecca.edu arranca el curso acad\u00e9mico 2026-2027 con innovaci\u00f3n y nuevo liderazgo\",\"isPartOf\":{\"@id\":\"https:\/\/blognoticias.ecca.edu.es\/#website\"},\"primaryImageOfPage\":{\"@id\":\"https:\/\/blognoticias.ecca.edu.es\/ecca-edu-arranca-el-curso-academico-2026-2027-con-innovacion-y-nuevo-liderazgo\/#primaryimage\"},\"image\":{\"@id\":\"https:\/\/blognoticias.ecca.edu.es\/ecca-edu-arranca-el-curso-academico-2026-2027-con-innovacion-y-nuevo-liderazgo\/#primaryimage\"},\"thumbnailUrl\":\"https:\/\/blognoticias.ecca.edu.es\/wp-content\/uploads\/2026\/09\/Platilla-cuadrado-y-blog-29.png\",\"datePublished\":\"2026-09-01T13:46:51+00:00\",\"dateModified\":\"2026-09-01T13:47:15+00:00\",\"description\":\"ecca.edu da el pistoletazo de salida al curso acad\u00e9mico 2026-2027, un a\u00f1o estrat\u00e9gico que la entidad afronta con ilusi\u00f3n\",\"breadcrumb\":{\"@id\":\"https:\/\/blognoticias.ecca.edu.es\/ecca-edu-arranca-el-curso-academico-2026-2027-con-innovacion-y-nuevo-liderazgo\/#breadcrumb\"},\"inLanguage\":\"en-GB\",\"potentialAction\":[{\"@type\":\"ReadAction\",\"target\":[\"https:\/\/blognoticias.ecca.edu.es\/ecca-edu-arranca-el-curso-academico-2026-2027-con-innovacion-y-nuevo-liderazgo\/\"]}]},{\"@type\":\"ImageObject\",\"inLanguage\":\"en-GB\",\"@id\":\"https:\/\/blognoticias.ecca.edu.es\/ecca-edu-arranca-el-curso-academico-2026-2027-con-innovacion-y-nuevo-liderazgo\/#primaryimage\",\"url\":\"https:\/\/blognoticias.ecca.edu.es\/wp-content\/uploads\/2026\/09\/Platilla-cuadrado-y-blog-29.png\",\"contentUrl\":\"https:\/\/blognoticias.ecca.edu.es\/wp-content\/uploads\/2026\/09\/Platilla-cuadrado-y-blog-29.png\",\"width\":1080,\"height\":1080,\"caption\":\"ecca.edu arranca el curso acad\u00e9mico 2026-2027 con innovaci\u00f3n y nuevo liderazgo\"},{\"@type\":\"BreadcrumbList\",\"@id\":\"https:\/\/blognoticias.ecca.edu.es\/ecca-edu-arranca-el-curso-academico-2026-2027-con-innovacion-y-nuevo-liderazgo\/#breadcrumb\",\"itemListElement\":[{\"@type\":\"ListItem\",\"position\":1,\"name\":\"Portada\",\"item\":\"https:\/\/blognoticias.ecca.edu.es\/\"},{\"@type\":\"ListItem\",\"position\":2,\"name\":\"ecca.edu arranca el curso acad\u00e9mico 2026-2027 con innovaci\u00f3n y nuevo liderazgo\"}]},{\"@type\":\"WebSite\",\"@id\":\"https:\/\/blognoticias.ecca.edu.es\/#website\",\"url\":\"https:\/\/blognoticias.ecca.edu.es\/\",\"name\":\"Blog Noticias Ecca\",\"description\":\"\",\"publisher\":{\"@id\":\"https:\/\/blognoticias.ecca.edu.es\/#organization\"},\"potentialAction\":[{\"@type\":\"SearchAction\",\"target\":{\"@type\":\"EntryPoint\",\"urlTemplate\":\"https:\/\/blognoticias.ecca.edu.es\/?s={search_term_string}\"},\"query-input\":{\"@type\":\"PropertyValueSpecification\",\"valueRequired\":true,\"valueName\":\"search_term_string\"}}],\"inLanguage\":\"en-GB\"},{\"@type\":\"Organization\",\"@id\":\"https:\/\/blognoticias.ecca.edu.es\/#organization\",\"name\":\"Blog Noticias Ecca\",\"url\":\"https:\/\/blognoticias.ecca.edu.es\/\",\"logo\":{\"@type\":\"ImageObject\",\"inLanguage\":\"en-GB\",\"@id\":\"https:\/\/blognoticias.ecca.edu.es\/#\/schema\/logo\/image\/\",\"url\":\"https:\/\/blognoticias.ecca.edu.es\/wp-content\/uploads\/2023\/02\/cropped-cropped-cropped-cropped-Logo-Ecca.edu_.png\",\"contentUrl\":\"https:\/\/blognoticias.ecca.edu.es\/wp-content\/uploads\/2023\/02\/cropped-cropped-cropped-cropped-Logo-Ecca.edu_.png\",\"width\":293,\"height\":45,\"caption\":\"Blog Noticias Ecca\"},\"image\":{\"@id\":\"https:\/\/blognoticias.ecca.edu.es\/#\/schema\/logo\/image\/\"},\"sameAs\":[\"https:\/\/www.facebook.com\/ecca.edu.es\",\"https:\/\/x.com\/eccaedu\",\"https:\/\/www.instagram.com\/\"]},{\"@type\":\"Person\",\"@id\":\"https:\/\/blognoticias.ecca.edu.es\/#\/schema\/person\/8070573f481ccba909661fdb1cf9e5eb\",\"name\":\"Ecca.edu\",\"image\":{\"@type\":\"ImageObject\",\"inLanguage\":\"en-GB\",\"@id\":\"https:\/\/blognoticias.ecca.edu.es\/#\/schema\/person\/image\/\",\"url\":\"https:\/\/blognoticias.ecca.edu.es\/wp-content\/uploads\/2023\/02\/LOGO-ECCAEDU-1-150x150.png\",\"contentUrl\":\"https:\/\/blognoticias.ecca.edu.es\/wp-content\/uploads\/2023\/02\/LOGO-ECCAEDU-1-150x150.png\",\"caption\":\"Ecca.edu\"},\"url\":\"https:\/\/blognoticias.ecca.edu.es\/en\/author\/ecca-edu\/\"}]}<\/script>\n<!-- \/ Yoast SEO plugin. -->","yoast_head_json":{"title":"ecca.edu arranca el curso acad\u00e9mico 2026-2027 con innovaci\u00f3n y nuevo liderazgo","description":"ecca.edu da el pistoletazo de salida al curso acad\u00e9mico 2026-2027, un a\u00f1o estrat\u00e9gico que la entidad afronta con ilusi\u00f3n","robots":{"index":"index","follow":"follow","max-snippet":"max-snippet:-1","max-image-preview":"max-image-preview:large","max-video-preview":"max-video-preview:-1"},"canonical":"https:\/\/blognoticias.ecca.edu.es\/en\/ecca-edu-arranca-el-curso-academico-2026-2027-con-innovacion-y-nuevo-liderazgo\/","og_locale":"en_GB","og_type":"article","og_title":"ecca.edu arranca el curso acad\u00e9mico 2026-2027 con innovaci\u00f3n y nuevo liderazgo","og_description":"ecca.edu da el pistoletazo de salida al curso acad\u00e9mico 2026-2027, un a\u00f1o estrat\u00e9gico que la entidad afronta con ilusi\u00f3n","og_url":"https:\/\/blognoticias.ecca.edu.es\/en\/ecca-edu-arranca-el-curso-academico-2026-2027-con-innovacion-y-nuevo-liderazgo\/","og_site_name":"Blog Noticias Ecca","article_publisher":"https:\/\/www.facebook.com\/ecca.edu.es","article_published_time":"2026-09-01T13:46:51+00:00","article_modified_time":"2026-09-01T13:47:15+00:00","og_image":[{"width":1080,"height":1080,"url":"https:\/\/blognoticias.ecca.edu.es\/wp-content\/uploads\/2026\/09\/Platilla-cuadrado-y-blog-29.png","type":"image\/png"}],"author":"Ecca.edu","twitter_card":"summary_large_image","twitter_creator":"@eccaedu","twitter_site":"@eccaedu","twitter_misc":{"Written by":"Ecca.edu","Estimated reading time":"2 minutes"},"schema":{"@context":"https:\/\/schema.org","@graph":[{"@type":"Article","@id":"https:\/\/blognoticias.ecca.edu.es\/ecca-edu-arranca-el-curso-academico-2026-2027-con-innovacion-y-nuevo-liderazgo\/#article","isPartOf":{"@id":"https:\/\/blognoticias.ecca.edu.es\/ecca-edu-arranca-el-curso-academico-2026-2027-con-innovacion-y-nuevo-liderazgo\/"},"author":{"name":"Ecca.edu","@id":"https:\/\/blognoticias.ecca.edu.es\/#\/schema\/person\/8070573f481ccba909661fdb1cf9e5eb"},"headline":"ecca.edu arranca el curso acad\u00e9mico 2026-2027 con innovaci\u00f3n y nuevo liderazgo","datePublished":"2026-09-01T13:46:51+00:00","dateModified":"2026-09-01T13:47:15+00:00","mainEntityOfPage":{"@id":"https:\/\/blognoticias.ecca.edu.es\/ecca-edu-arranca-el-curso-academico-2026-2027-con-innovacion-y-nuevo-liderazgo\/"},"wordCount":335,"publisher":{"@id":"https:\/\/blognoticias.ecca.edu.es\/#organization"},"image":{"@id":"https:\/\/blognoticias.ecca.edu.es\/ecca-edu-arranca-el-curso-academico-2026-2027-con-innovacion-y-nuevo-liderazgo\/#primaryimage"},"thumbnailUrl":"https:\/\/blognoticias.ecca.edu.es\/wp-content\/uploads\/2026\/09\/Platilla-cuadrado-y-blog-29.png","keywords":["curso acad\u00e9mico 2026-2027","curso escolar","ecca.edu","Formaci\u00f3n Canarias","Islas Canarias"],"articleSection":["Blog","Comunicaci\u00f3n","Noticias","Relevante"],"inLanguage":"en-GB"},{"@type":"WebPage","@id":"https:\/\/blognoticias.ecca.edu.es\/ecca-edu-arranca-el-curso-academico-2026-2027-con-innovacion-y-nuevo-liderazgo\/","url":"https:\/\/blognoticias.ecca.edu.es\/ecca-edu-arranca-el-curso-academico-2026-2027-con-innovacion-y-nuevo-liderazgo\/","name":"ecca.edu arranca el curso acad\u00e9mico 2026-2027 con innovaci\u00f3n y nuevo liderazgo","isPartOf":{"@id":"https:\/\/blognoticias.ecca.edu.es\/#website"},"primaryImageOfPage":{"@id":"https:\/\/blognoticias.ecca.edu.es\/ecca-edu-arranca-el-curso-academico-2026-2027-con-innovacion-y-nuevo-liderazgo\/#primaryimage"},"image":{"@id":"https:\/\/blognoticias.ecca.edu.es\/ecca-edu-arranca-el-curso-academico-2026-2027-con-innovacion-y-nuevo-liderazgo\/#primaryimage"},"thumbnailUrl":"https:\/\/blognoticias.ecca.edu.es\/wp-content\/uploads\/2026\/09\/Platilla-cuadrado-y-blog-29.png","datePublished":"2026-09-01T13:46:51+00:00","dateModified":"2026-09-01T13:47:15+00:00","description":"ecca.edu da el pistoletazo de salida al curso acad\u00e9mico 2026-2027, un a\u00f1o estrat\u00e9gico que la entidad afronta con ilusi\u00f3n","breadcrumb":{"@id":"https:\/\/blognoticias.ecca.edu.es\/ecca-edu-arranca-el-curso-academico-2026-2027-con-innovacion-y-nuevo-liderazgo\/#breadcrumb"},"inLanguage":"en-GB","potentialAction":[{"@type":"ReadAction","target":["https:\/\/blognoticias.ecca.edu.es\/ecca-edu-arranca-el-curso-academico-2026-2027-con-innovacion-y-nuevo-liderazgo\/"]}]},{"@type":"ImageObject","inLanguage":"en-GB","@id":"https:\/\/blognoticias.ecca.edu.es\/ecca-edu-arranca-el-curso-academico-2026-2027-con-innovacion-y-nuevo-liderazgo\/#primaryimage","url":"https:\/\/blognoticias.ecca.edu.es\/wp-content\/uploads\/2026\/09\/Platilla-cuadrado-y-blog-29.png","contentUrl":"https:\/\/blognoticias.ecca.edu.es\/wp-content\/uploads\/2026\/09\/Platilla-cuadrado-y-blog-29.png","width":1080,"height":1080,"caption":"ecca.edu arranca el curso acad\u00e9mico 2026-2027 con innovaci\u00f3n y nuevo liderazgo"},{"@type":"BreadcrumbList","@id":"https:\/\/blognoticias.ecca.edu.es\/ecca-edu-arranca-el-curso-academico-2026-2027-con-innovacion-y-nuevo-liderazgo\/#breadcrumb","itemListElement":[{"@type":"ListItem","position":1,"name":"Portada","item":"https:\/\/blognoticias.ecca.edu.es\/"},{"@type":"ListItem","position":2,"name":"ecca.edu arranca el curso acad\u00e9mico 2026-2027 con innovaci\u00f3n y nuevo liderazgo"}]},{"@type":"WebSite","@id":"https:\/\/blognoticias.ecca.edu.es\/#website","url":"https:\/\/blognoticias.ecca.edu.es\/","name":"Blog Noticias Ecca","description":"","publisher":{"@id":"https:\/\/blognoticias.ecca.edu.es\/#organization"},"potentialAction":[{"@type":"SearchAction","target":{"@type":"EntryPoint","urlTemplate":"https:\/\/blognoticias.ecca.edu.es\/?s={search_term_string}"},"query-input":{"@type":"PropertyValueSpecification","valueRequired":true,"valueName":"search_term_string"}}],"inLanguage":"en-GB"},{"@type":"Organization","@id":"https:\/\/blognoticias.ecca.edu.es\/#organization","name":"Blog Noticias Ecca","url":"https:\/\/blognoticias.ecca.edu.es\/","logo":{"@type":"ImageObject","inLanguage":"en-GB","@id":"https:\/\/blognoticias.ecca.edu.es\/#\/schema\/logo\/image\/","url":"https:\/\/blognoticias.ecca.edu.es\/wp-content\/uploads\/2023\/02\/cropped-cropped-cropped-cropped-Logo-Ecca.edu_.png","contentUrl":"https:\/\/blognoticias.ecca.edu.es\/wp-content\/uploads\/2023\/02\/cropped-cropped-cropped-cropped-Logo-Ecca.edu_.png","width":293,"height":45,"caption":"Blog Noticias Ecca"},"image":{"@id":"https:\/\/blognoticias.ecca.edu.es\/#\/schema\/logo\/image\/"},"sameAs":["https:\/\/www.facebook.com\/ecca.edu.es","https:\/\/x.com\/eccaedu","https:\/\/www.instagram.com\/"]},{"@type":"Person","@id":"https:\/\/blognoticias.ecca.edu.es\/#\/schema\/person\/8070573f481ccba909661fdb1cf9e5eb","name":"Ecca.edu","image":{"@type":"ImageObject","inLanguage":"en-GB","@id":"https:\/\/blognoticias.ecca.edu.es\/#\/schema\/person\/image\/","url":"https:\/\/blognoticias.ecca.edu.es\/wp-content\/uploads\/2023\/02\/LOGO-ECCAEDU-1-150x150.png","contentUrl":"https:\/\/blognoticias.ecca.edu.es\/wp-content\/uploads\/2023\/02\/LOGO-ECCAEDU-1-150x150.png","caption":"Ecca.edu"},"url":"https:\/\/blognoticias.ecca.edu.es\/en\/author\/ecca-edu\/"}]}},"_links":{"self":[{"href":"https:\/\/blognoticias.ecca.edu.es\/en\/wp-json\/wp\/v2\/posts\/6978","targetHints":{"allow":["GET"]}}],"collection":[{"href":"https:\/\/blognoticias.ecca.edu.es\/en\/wp-json\/wp\/v2\/posts"}],"about":[{"href":"https:\/\/blognoticias.ecca.edu.es\/en\/wp-json\/wp\/v2\/types\/post"}],"author":[{"embeddable":true,"href":"https:\/\/blognoticias.ecca.edu.es\/en\/wp-json\/wp\/v2\/users\/2"}],"replies":[{"embeddable":true,"href":"https:\/\/blognoticias.ecca.edu.es\/en\/wp-json\/wp\/v2\/comments?post=6978"}],"version-history":[{"count":1,"href":"https:\/\/blognoticias.ecca.edu.es\/en\/wp-json\/wp\/v2\/posts\/6978\/revisions"}],"predecessor-version":[{"id":6981,"href":"https:\/\/blognoticias.ecca.edu.es\/en\/wp-json\/wp\/v2\/posts\/6978\/revisions\/6981"}],"wp:featuredmedia":[{"embeddable":true,"href":"https:\/\/blognoticias.ecca.edu.es\/en\/wp-json\/wp\/v2\/media\/6979"}],"wp:attachment":[{"href":"https:\/\/blognoticias.ecca.edu.es\/en\/wp-json\/wp\/v2\/media?parent=6978"}],"wp:term":[{"taxonomy":"category","embeddable":true,"href":"https:\/\/blognoticias.ecca.edu.es\/en\/wp-json\/wp\/v2\/categories?post=6978"},{"taxonomy":"post_tag","embeddable":true,"href":"https:\/\/blognoticias.ecca.edu.es\/en\/wp-json\/wp\/v2\/tags?post=6978"}],"curies":[{"name":"wp","href":"https:\/\/api.w.org\/{rel}","templated":true}]}}