{"id":6608,"date":"2026-04-30T09:35:44","date_gmt":"2026-04-30T09:35:44","guid":{"rendered":"https:\/\/blognoticias.ecca.edu.es\/?p=6608"},"modified":"2026-04-30T09:35:44","modified_gmt":"2026-04-30T09:35:44","slug":"ecca-edu-recibe-el-premio-emilio-castelar-por-su-compromiso-con-la-educacion-y-los-derechos-humanos","status":"publish","type":"post","link":"https:\/\/blognoticias.ecca.edu.es\/en\/ecca-edu-recibe-el-premio-emilio-castelar-por-su-compromiso-con-la-educacion-y-los-derechos-humanos\/","title":{"rendered":"ecca.edu recibe el Premio Emilio Castelar por su compromiso con la educaci\u00f3n y los Derechos Humanos"},"content":{"rendered":"<div class='booster-block booster-read-block'>\n                <div class=\"twp-read-time\">\n                \t<i class=\"booster-icon twp-clock\"><\/i> <span>Tiempo de lectura:<\/span>1 Minutos, 42 Segundos                <\/div>\n\n            <\/div><p><span style=\"font-weight: 400;\">En un emotivo acto celebrado en Sevilla, <\/span><a href=\"http:\/\/ecca.edu.es\"><span style=\"font-weight: 400;\">ecca.edu<\/span><\/a><span style=\"font-weight: 400;\"> ha sido distinguida con el prestigioso <\/span><b>Premio Emilio Castelar<\/b><span style=\"font-weight: 400;\">, un<a href=\"https:\/\/www.premiosemiliocastelar.org\/\"> galard\u00f3n<\/a> que reconoce anualmente a personas e instituciones que destacan por la defensa de los derechos humanos, las libertades p\u00fablicas y el progreso social. Este reconocimiento, en la categor\u00eda de Educaci\u00f3n, sit\u00faa a la entidad como un referente en la construcci\u00f3n de una sociedad m\u00e1s justa a trav\u00e9s de la formaci\u00f3n.<\/span><\/p>\n<p><img loading=\"lazy\" decoding=\"async\" class=\"aligncenter wp-image-6610\" src=\"https:\/\/blognoticias.ecca.edu.es\/wp-content\/uploads\/2026\/04\/ecca.edu-recibe-el-Premio-Emilio-Castelar-por-su-compromiso-con-la-educacion-y-los-Derechos-Humanos-2-1024x683.png\" alt=\"ecca.edu recibe el Premio Emilio Castelar por su compromiso con la educaci\u00f3n y los Derechos Humanos (2)\" width=\"624\" height=\"416\" srcset=\"https:\/\/blognoticias.ecca.edu.es\/wp-content\/uploads\/2026\/04\/ecca.edu-recibe-el-Premio-Emilio-Castelar-por-su-compromiso-con-la-educacion-y-los-Derechos-Humanos-2-1024x683.png 1024w, https:\/\/blognoticias.ecca.edu.es\/wp-content\/uploads\/2026\/04\/ecca.edu-recibe-el-Premio-Emilio-Castelar-por-su-compromiso-con-la-educacion-y-los-Derechos-Humanos-2-300x200.png 300w, https:\/\/blognoticias.ecca.edu.es\/wp-content\/uploads\/2026\/04\/ecca.edu-recibe-el-Premio-Emilio-Castelar-por-su-compromiso-con-la-educacion-y-los-Derechos-Humanos-2-768x512.png 768w, https:\/\/blognoticias.ecca.edu.es\/wp-content\/uploads\/2026\/04\/ecca.edu-recibe-el-Premio-Emilio-Castelar-por-su-compromiso-con-la-educacion-y-los-Derechos-Humanos-2-1536x1025.png 1536w, https:\/\/blognoticias.ecca.edu.es\/wp-content\/uploads\/2026\/04\/ecca.edu-recibe-el-Premio-Emilio-Castelar-por-su-compromiso-con-la-educacion-y-los-Derechos-Humanos-2-18x12.png 18w, https:\/\/blognoticias.ecca.edu.es\/wp-content\/uploads\/2026\/04\/ecca.edu-recibe-el-Premio-Emilio-Castelar-por-su-compromiso-con-la-educacion-y-los-Derechos-Humanos-2.png 2048w\" sizes=\"auto, (max-width: 624px) 100vw, 624px\" \/><\/p>\n<p><span style=\"font-weight: 400;\">La directora gerente de ecca.edu, <\/span><b>Gorety Almeida<\/b><span style=\"font-weight: 400;\">, fue la encargada de recoger el premio en representaci\u00f3n de la instituci\u00f3n. Durante su intervenci\u00f3n, expres\u00f3 el profundo agradecimiento de la entidad a la organizaci\u00f3n de los Premios Emilio Castelar por poner el foco en la educaci\u00f3n como pilar maestro de la dignidad humana.<\/span><\/p>\n<h2><b>Premio Emilio Castelar: reconocimiento a las alianzas y su impacto<\/b><\/h2>\n<p><span style=\"font-weight: 400;\">El jurado ha valorado especialmente la capacidad de ecca.edu para generar una transformaci\u00f3n social a trav\u00e9s de la educaci\u00f3n, rompiendo los c\u00edrculos de exclusi\u00f3n y pobreza mediante una formaci\u00f3n accesible y de calidad. El galard\u00f3n refuerza la importancia de las <a href=\"https:\/\/blognoticias.ecca.edu.es\/en\/ecca-edu-y-fundacion-servidis-se-alian-para-impulsar-la-digitalizacion-inclusiva-en-canarias\/\">alianzas estrat\u00e9gicas<\/a> entre instituciones para garantizar que el aprendizaje llegue a quienes se encuentran en los m\u00e1rgenes de la sociedad.<\/span><\/p>\n<p><img loading=\"lazy\" decoding=\"async\" class=\"aligncenter wp-image-6611\" src=\"https:\/\/blognoticias.ecca.edu.es\/wp-content\/uploads\/2026\/04\/ecca.edu-recibe-el-Premio-Emilio-Castelar-por-su-compromiso-con-la-educacion-y-los-Derechos-Humanos-3-1024x683.png\" alt=\"ecca.edu recibe el Premio Emilio Castelar por su compromiso con la educaci\u00f3n y los Derechos Humanos (2)\" width=\"626\" height=\"418\" srcset=\"https:\/\/blognoticias.ecca.edu.es\/wp-content\/uploads\/2026\/04\/ecca.edu-recibe-el-Premio-Emilio-Castelar-por-su-compromiso-con-la-educacion-y-los-Derechos-Humanos-3-1024x683.png 1024w, https:\/\/blognoticias.ecca.edu.es\/wp-content\/uploads\/2026\/04\/ecca.edu-recibe-el-Premio-Emilio-Castelar-por-su-compromiso-con-la-educacion-y-los-Derechos-Humanos-3-300x200.png 300w, https:\/\/blognoticias.ecca.edu.es\/wp-content\/uploads\/2026\/04\/ecca.edu-recibe-el-Premio-Emilio-Castelar-por-su-compromiso-con-la-educacion-y-los-Derechos-Humanos-3-768x512.png 768w, https:\/\/blognoticias.ecca.edu.es\/wp-content\/uploads\/2026\/04\/ecca.edu-recibe-el-Premio-Emilio-Castelar-por-su-compromiso-con-la-educacion-y-los-Derechos-Humanos-3-1536x1025.png 1536w, https:\/\/blognoticias.ecca.edu.es\/wp-content\/uploads\/2026\/04\/ecca.edu-recibe-el-Premio-Emilio-Castelar-por-su-compromiso-con-la-educacion-y-los-Derechos-Humanos-3-18x12.png 18w, https:\/\/blognoticias.ecca.edu.es\/wp-content\/uploads\/2026\/04\/ecca.edu-recibe-el-Premio-Emilio-Castelar-por-su-compromiso-con-la-educacion-y-los-Derechos-Humanos-3.png 2048w\" sizes=\"auto, (max-width: 626px) 100vw, 626px\" \/><\/p>\n<p><span style=\"font-weight: 400;\">\u00abRecogemos este premio con la humildad de quien sabe que su labor es solo una pieza de un engranaje mucho mayor, pero con el orgullo de pertenecer a una instituci\u00f3n que lleva seis d\u00e9cadas convencida de que la transformaci\u00f3n social es posible\u00bb, afirm\u00f3 Almeida.<\/span><\/p>\n<h2><b>Educaci\u00f3n como garante de libertad<\/b><\/h2>\n<p><span style=\"font-weight: 400;\">En un discurso marcado por el compromiso institucional, la directora gerente vincul\u00f3 la labor de ecca.edu con el legado humanista de Emilio Castelar: \u00abNo hay libertad sin formaci\u00f3n: una persona que aprende es una persona que puede elegir su propio destino. En ecca.edu no entendemos la educaci\u00f3n simplemente como una transmisi\u00f3n de conocimientos, sino como el pilar maestro de los Derechos Humanos\u00bb.<\/span><\/p>\n<h2><b>Mirando al futuro: innovaci\u00f3n y compromiso<\/b><\/h2>\n<p><span style=\"font-weight: 400;\">Con este <a href=\"https:\/\/blognoticias.ecca.edu.es\/en\/ecca-edu-recibe-el-premio-charter-100-canarias-2025-en-reconocimiento-a-su-trayectoria-y-al-impulso-de-la-mujer-canaria\/\">reconocimiento<\/a>, ecca.edu renueva su compromiso de seguir utilizando su metodolog\u00eda y tecnolog\u00eda para que nadie se quede atr\u00e1s, blindando la educaci\u00f3n como un derecho humano esencial.\u00a0<\/span><\/p>\n<p><img loading=\"lazy\" decoding=\"async\" class=\"aligncenter wp-image-6609\" src=\"https:\/\/blognoticias.ecca.edu.es\/wp-content\/uploads\/2026\/04\/ecca.edu-recibe-el-Premio-Emilio-Castelar-por-su-compromiso-con-la-educacion-y-los-Derechos-Humanos-1-1024x683.png\" alt=\"ecca.edu recibe el Premio Emilio Castelar por su compromiso con la educaci\u00f3n y los Derechos Humanos (2)\" width=\"625\" height=\"417\" srcset=\"https:\/\/blognoticias.ecca.edu.es\/wp-content\/uploads\/2026\/04\/ecca.edu-recibe-el-Premio-Emilio-Castelar-por-su-compromiso-con-la-educacion-y-los-Derechos-Humanos-1-1024x683.png 1024w, https:\/\/blognoticias.ecca.edu.es\/wp-content\/uploads\/2026\/04\/ecca.edu-recibe-el-Premio-Emilio-Castelar-por-su-compromiso-con-la-educacion-y-los-Derechos-Humanos-1-300x200.png 300w, https:\/\/blognoticias.ecca.edu.es\/wp-content\/uploads\/2026\/04\/ecca.edu-recibe-el-Premio-Emilio-Castelar-por-su-compromiso-con-la-educacion-y-los-Derechos-Humanos-1-768x512.png 768w, https:\/\/blognoticias.ecca.edu.es\/wp-content\/uploads\/2026\/04\/ecca.edu-recibe-el-Premio-Emilio-Castelar-por-su-compromiso-con-la-educacion-y-los-Derechos-Humanos-1-1536x1025.png 1536w, https:\/\/blognoticias.ecca.edu.es\/wp-content\/uploads\/2026\/04\/ecca.edu-recibe-el-Premio-Emilio-Castelar-por-su-compromiso-con-la-educacion-y-los-Derechos-Humanos-1-18x12.png 18w, https:\/\/blognoticias.ecca.edu.es\/wp-content\/uploads\/2026\/04\/ecca.edu-recibe-el-Premio-Emilio-Castelar-por-su-compromiso-con-la-educacion-y-los-Derechos-Humanos-1.png 2048w\" sizes=\"auto, (max-width: 625px) 100vw, 625px\" \/><\/p>","protected":false},"excerpt":{"rendered":"<p>En un emotivo acto celebrado en Sevilla, ecca.edu ha sido distinguida con el prestigioso Premio Emilio Castelar, un galard\u00f3n que reconoce anualmente a personas e instituciones que destacan por la defensa de los derechos humanos, las libertades p\u00fablicas y el progreso social. Este reconocimiento, en la categor\u00eda de Educaci\u00f3n, sit\u00faa a la entidad como un [&hellip;]<\/p>","protected":false},"author":2,"featured_media":6612,"comment_status":"closed","ping_status":"closed","sticky":false,"template":"","format":"standard","meta":{"footnotes":""},"categories":[1,102,1293,106],"tags":[1604,27,1603,1602],"class_list":["post-6608","post","type-post","status-publish","format-standard","has-post-thumbnail","hentry","category-blog","category-comunicacion","category-noticias","category-relevante","tag-derechos-humanos","tag-ecca-edu","tag-gorety-almeida","tag-premio-emilio-castelar"],"yoast_head":"<!-- This site is optimized with the Yoast SEO plugin v25.9 - https:\/\/yoast.com\/wordpress\/plugins\/seo\/ -->\n<title>ecca.edu recibe el Premio Emilio Castelar por su compromiso con la educaci\u00f3n y los Derechos Humanos<\/title>\n<meta name=\"description\" content=\"ecca.edu ha sido distinguida con el prestigioso Premio Emilio Castelar, un galard\u00f3n que reconoce la defensa de los derechos humanos\" \/>\n<meta name=\"robots\" content=\"index, follow, max-snippet:-1, max-image-preview:large, max-video-preview:-1\" \/>\n<link rel=\"canonical\" href=\"https:\/\/blognoticias.ecca.edu.es\/en\/ecca-edu-recibe-el-premio-emilio-castelar-por-su-compromiso-con-la-educacion-y-los-derechos-humanos\/\" \/>\n<meta property=\"og:locale\" content=\"en_GB\" \/>\n<meta property=\"og:type\" content=\"article\" \/>\n<meta property=\"og:title\" content=\"ecca.edu recibe el Premio Emilio Castelar por su compromiso con la educaci\u00f3n y los Derechos Humanos\" \/>\n<meta property=\"og:description\" content=\"ecca.edu ha sido distinguida con el prestigioso Premio Emilio Castelar, un galard\u00f3n que reconoce la defensa de los derechos humanos\" \/>\n<meta property=\"og:url\" content=\"https:\/\/blognoticias.ecca.edu.es\/en\/ecca-edu-recibe-el-premio-emilio-castelar-por-su-compromiso-con-la-educacion-y-los-derechos-humanos\/\" \/>\n<meta property=\"og:site_name\" content=\"Blog Noticias Ecca\" \/>\n<meta property=\"article:publisher\" content=\"https:\/\/www.facebook.com\/ecca.edu.es\" \/>\n<meta property=\"article:published_time\" content=\"2026-04-30T09:35:44+00:00\" \/>\n<meta property=\"og:image\" content=\"https:\/\/blognoticias.ecca.edu.es\/wp-content\/uploads\/2026\/04\/Platilla-cuadrado-y-blog-7.png\" \/>\n\t<meta property=\"og:image:width\" content=\"1080\" \/>\n\t<meta property=\"og:image:height\" content=\"1080\" \/>\n\t<meta property=\"og:image:type\" content=\"image\/png\" \/>\n<meta name=\"author\" content=\"Ecca.edu\" \/>\n<meta name=\"twitter:card\" content=\"summary_large_image\" \/>\n<meta name=\"twitter:creator\" content=\"@eccaedu\" \/>\n<meta name=\"twitter:site\" content=\"@eccaedu\" \/>\n<meta name=\"twitter:label1\" content=\"Written by\" \/>\n\t<meta name=\"twitter:data1\" content=\"Ecca.edu\" \/>\n\t<meta name=\"twitter:label2\" content=\"Estimated reading time\" \/>\n\t<meta name=\"twitter:data2\" content=\"3 minutes\" \/>\n<script type=\"application\/ld+json\" class=\"yoast-schema-graph\">{\"@context\":\"https:\/\/schema.org\",\"@graph\":[{\"@type\":\"Article\",\"@id\":\"https:\/\/blognoticias.ecca.edu.es\/ecca-edu-recibe-el-premio-emilio-castelar-por-su-compromiso-con-la-educacion-y-los-derechos-humanos\/#article\",\"isPartOf\":{\"@id\":\"https:\/\/blognoticias.ecca.edu.es\/ecca-edu-recibe-el-premio-emilio-castelar-por-su-compromiso-con-la-educacion-y-los-derechos-humanos\/\"},\"author\":{\"name\":\"Ecca.edu\",\"@id\":\"https:\/\/blognoticias.ecca.edu.es\/#\/schema\/person\/8070573f481ccba909661fdb1cf9e5eb\"},\"headline\":\"ecca.edu recibe el Premio Emilio Castelar por su compromiso con la educaci\u00f3n y los Derechos Humanos\",\"datePublished\":\"2026-04-30T09:35:44+00:00\",\"mainEntityOfPage\":{\"@id\":\"https:\/\/blognoticias.ecca.edu.es\/ecca-edu-recibe-el-premio-emilio-castelar-por-su-compromiso-con-la-educacion-y-los-derechos-humanos\/\"},\"wordCount\":394,\"publisher\":{\"@id\":\"https:\/\/blognoticias.ecca.edu.es\/#organization\"},\"image\":{\"@id\":\"https:\/\/blognoticias.ecca.edu.es\/ecca-edu-recibe-el-premio-emilio-castelar-por-su-compromiso-con-la-educacion-y-los-derechos-humanos\/#primaryimage\"},\"thumbnailUrl\":\"https:\/\/blognoticias.ecca.edu.es\/wp-content\/uploads\/2026\/04\/Platilla-cuadrado-y-blog-7.png\",\"keywords\":[\"derechos humanos\",\"ecca.edu\",\"Gorety Almeida\",\"Premio Emilio Castelar\"],\"articleSection\":[\"Blog\",\"Comunicaci\u00f3n\",\"Noticias\",\"Relevante\"],\"inLanguage\":\"en-GB\"},{\"@type\":\"WebPage\",\"@id\":\"https:\/\/blognoticias.ecca.edu.es\/ecca-edu-recibe-el-premio-emilio-castelar-por-su-compromiso-con-la-educacion-y-los-derechos-humanos\/\",\"url\":\"https:\/\/blognoticias.ecca.edu.es\/ecca-edu-recibe-el-premio-emilio-castelar-por-su-compromiso-con-la-educacion-y-los-derechos-humanos\/\",\"name\":\"ecca.edu recibe el Premio Emilio Castelar por su compromiso con la educaci\u00f3n y los Derechos Humanos\",\"isPartOf\":{\"@id\":\"https:\/\/blognoticias.ecca.edu.es\/#website\"},\"primaryImageOfPage\":{\"@id\":\"https:\/\/blognoticias.ecca.edu.es\/ecca-edu-recibe-el-premio-emilio-castelar-por-su-compromiso-con-la-educacion-y-los-derechos-humanos\/#primaryimage\"},\"image\":{\"@id\":\"https:\/\/blognoticias.ecca.edu.es\/ecca-edu-recibe-el-premio-emilio-castelar-por-su-compromiso-con-la-educacion-y-los-derechos-humanos\/#primaryimage\"},\"thumbnailUrl\":\"https:\/\/blognoticias.ecca.edu.es\/wp-content\/uploads\/2026\/04\/Platilla-cuadrado-y-blog-7.png\",\"datePublished\":\"2026-04-30T09:35:44+00:00\",\"description\":\"ecca.edu ha sido distinguida con el prestigioso Premio Emilio Castelar, un galard\u00f3n que reconoce la defensa de los derechos humanos\",\"breadcrumb\":{\"@id\":\"https:\/\/blognoticias.ecca.edu.es\/ecca-edu-recibe-el-premio-emilio-castelar-por-su-compromiso-con-la-educacion-y-los-derechos-humanos\/#breadcrumb\"},\"inLanguage\":\"en-GB\",\"potentialAction\":[{\"@type\":\"ReadAction\",\"target\":[\"https:\/\/blognoticias.ecca.edu.es\/ecca-edu-recibe-el-premio-emilio-castelar-por-su-compromiso-con-la-educacion-y-los-derechos-humanos\/\"]}]},{\"@type\":\"ImageObject\",\"inLanguage\":\"en-GB\",\"@id\":\"https:\/\/blognoticias.ecca.edu.es\/ecca-edu-recibe-el-premio-emilio-castelar-por-su-compromiso-con-la-educacion-y-los-derechos-humanos\/#primaryimage\",\"url\":\"https:\/\/blognoticias.ecca.edu.es\/wp-content\/uploads\/2026\/04\/Platilla-cuadrado-y-blog-7.png\",\"contentUrl\":\"https:\/\/blognoticias.ecca.edu.es\/wp-content\/uploads\/2026\/04\/Platilla-cuadrado-y-blog-7.png\",\"width\":1080,\"height\":1080,\"caption\":\"ecca.edu ha sido distinguida con el prestigioso Premio Emilio Castelar,\"},{\"@type\":\"BreadcrumbList\",\"@id\":\"https:\/\/blognoticias.ecca.edu.es\/ecca-edu-recibe-el-premio-emilio-castelar-por-su-compromiso-con-la-educacion-y-los-derechos-humanos\/#breadcrumb\",\"itemListElement\":[{\"@type\":\"ListItem\",\"position\":1,\"name\":\"Portada\",\"item\":\"https:\/\/blognoticias.ecca.edu.es\/\"},{\"@type\":\"ListItem\",\"position\":2,\"name\":\"ecca.edu recibe el Premio Emilio Castelar por su compromiso con la educaci\u00f3n y los Derechos Humanos\"}]},{\"@type\":\"WebSite\",\"@id\":\"https:\/\/blognoticias.ecca.edu.es\/#website\",\"url\":\"https:\/\/blognoticias.ecca.edu.es\/\",\"name\":\"Blog Noticias Ecca\",\"description\":\"\",\"publisher\":{\"@id\":\"https:\/\/blognoticias.ecca.edu.es\/#organization\"},\"potentialAction\":[{\"@type\":\"SearchAction\",\"target\":{\"@type\":\"EntryPoint\",\"urlTemplate\":\"https:\/\/blognoticias.ecca.edu.es\/?s={search_term_string}\"},\"query-input\":{\"@type\":\"PropertyValueSpecification\",\"valueRequired\":true,\"valueName\":\"search_term_string\"}}],\"inLanguage\":\"en-GB\"},{\"@type\":\"Organization\",\"@id\":\"https:\/\/blognoticias.ecca.edu.es\/#organization\",\"name\":\"Blog Noticias Ecca\",\"url\":\"https:\/\/blognoticias.ecca.edu.es\/\",\"logo\":{\"@type\":\"ImageObject\",\"inLanguage\":\"en-GB\",\"@id\":\"https:\/\/blognoticias.ecca.edu.es\/#\/schema\/logo\/image\/\",\"url\":\"https:\/\/blognoticias.ecca.edu.es\/wp-content\/uploads\/2023\/02\/cropped-cropped-cropped-cropped-Logo-Ecca.edu_.png\",\"contentUrl\":\"https:\/\/blognoticias.ecca.edu.es\/wp-content\/uploads\/2023\/02\/cropped-cropped-cropped-cropped-Logo-Ecca.edu_.png\",\"width\":293,\"height\":45,\"caption\":\"Blog Noticias Ecca\"},\"image\":{\"@id\":\"https:\/\/blognoticias.ecca.edu.es\/#\/schema\/logo\/image\/\"},\"sameAs\":[\"https:\/\/www.facebook.com\/ecca.edu.es\",\"https:\/\/x.com\/eccaedu\",\"https:\/\/www.instagram.com\/\"]},{\"@type\":\"Person\",\"@id\":\"https:\/\/blognoticias.ecca.edu.es\/#\/schema\/person\/8070573f481ccba909661fdb1cf9e5eb\",\"name\":\"Ecca.edu\",\"image\":{\"@type\":\"ImageObject\",\"inLanguage\":\"en-GB\",\"@id\":\"https:\/\/blognoticias.ecca.edu.es\/#\/schema\/person\/image\/\",\"url\":\"https:\/\/blognoticias.ecca.edu.es\/wp-content\/uploads\/2023\/02\/LOGO-ECCAEDU-1-150x150.png\",\"contentUrl\":\"https:\/\/blognoticias.ecca.edu.es\/wp-content\/uploads\/2023\/02\/LOGO-ECCAEDU-1-150x150.png\",\"caption\":\"Ecca.edu\"},\"url\":\"https:\/\/blognoticias.ecca.edu.es\/en\/author\/ecca-edu\/\"}]}<\/script>\n<!-- \/ Yoast SEO plugin. -->","yoast_head_json":{"title":"ecca.edu recibe el Premio Emilio Castelar por su compromiso con la educaci\u00f3n y los Derechos Humanos","description":"ecca.edu ha sido distinguida con el prestigioso Premio Emilio Castelar, un galard\u00f3n que reconoce la defensa de los derechos humanos","robots":{"index":"index","follow":"follow","max-snippet":"max-snippet:-1","max-image-preview":"max-image-preview:large","max-video-preview":"max-video-preview:-1"},"canonical":"https:\/\/blognoticias.ecca.edu.es\/en\/ecca-edu-recibe-el-premio-emilio-castelar-por-su-compromiso-con-la-educacion-y-los-derechos-humanos\/","og_locale":"en_GB","og_type":"article","og_title":"ecca.edu recibe el Premio Emilio Castelar por su compromiso con la educaci\u00f3n y los Derechos Humanos","og_description":"ecca.edu ha sido distinguida con el prestigioso Premio Emilio Castelar, un galard\u00f3n que reconoce la defensa de los derechos humanos","og_url":"https:\/\/blognoticias.ecca.edu.es\/en\/ecca-edu-recibe-el-premio-emilio-castelar-por-su-compromiso-con-la-educacion-y-los-derechos-humanos\/","og_site_name":"Blog Noticias Ecca","article_publisher":"https:\/\/www.facebook.com\/ecca.edu.es","article_published_time":"2026-04-30T09:35:44+00:00","og_image":[{"width":1080,"height":1080,"url":"https:\/\/blognoticias.ecca.edu.es\/wp-content\/uploads\/2026\/04\/Platilla-cuadrado-y-blog-7.png","type":"image\/png"}],"author":"Ecca.edu","twitter_card":"summary_large_image","twitter_creator":"@eccaedu","twitter_site":"@eccaedu","twitter_misc":{"Written by":"Ecca.edu","Estimated reading time":"3 minutes"},"schema":{"@context":"https:\/\/schema.org","@graph":[{"@type":"Article","@id":"https:\/\/blognoticias.ecca.edu.es\/ecca-edu-recibe-el-premio-emilio-castelar-por-su-compromiso-con-la-educacion-y-los-derechos-humanos\/#article","isPartOf":{"@id":"https:\/\/blognoticias.ecca.edu.es\/ecca-edu-recibe-el-premio-emilio-castelar-por-su-compromiso-con-la-educacion-y-los-derechos-humanos\/"},"author":{"name":"Ecca.edu","@id":"https:\/\/blognoticias.ecca.edu.es\/#\/schema\/person\/8070573f481ccba909661fdb1cf9e5eb"},"headline":"ecca.edu recibe el Premio Emilio Castelar por su compromiso con la educaci\u00f3n y los Derechos Humanos","datePublished":"2026-04-30T09:35:44+00:00","mainEntityOfPage":{"@id":"https:\/\/blognoticias.ecca.edu.es\/ecca-edu-recibe-el-premio-emilio-castelar-por-su-compromiso-con-la-educacion-y-los-derechos-humanos\/"},"wordCount":394,"publisher":{"@id":"https:\/\/blognoticias.ecca.edu.es\/#organization"},"image":{"@id":"https:\/\/blognoticias.ecca.edu.es\/ecca-edu-recibe-el-premio-emilio-castelar-por-su-compromiso-con-la-educacion-y-los-derechos-humanos\/#primaryimage"},"thumbnailUrl":"https:\/\/blognoticias.ecca.edu.es\/wp-content\/uploads\/2026\/04\/Platilla-cuadrado-y-blog-7.png","keywords":["derechos humanos","ecca.edu","Gorety Almeida","Premio Emilio Castelar"],"articleSection":["Blog","Comunicaci\u00f3n","Noticias","Relevante"],"inLanguage":"en-GB"},{"@type":"WebPage","@id":"https:\/\/blognoticias.ecca.edu.es\/ecca-edu-recibe-el-premio-emilio-castelar-por-su-compromiso-con-la-educacion-y-los-derechos-humanos\/","url":"https:\/\/blognoticias.ecca.edu.es\/ecca-edu-recibe-el-premio-emilio-castelar-por-su-compromiso-con-la-educacion-y-los-derechos-humanos\/","name":"ecca.edu recibe el Premio Emilio Castelar por su compromiso con la educaci\u00f3n y los Derechos Humanos","isPartOf":{"@id":"https:\/\/blognoticias.ecca.edu.es\/#website"},"primaryImageOfPage":{"@id":"https:\/\/blognoticias.ecca.edu.es\/ecca-edu-recibe-el-premio-emilio-castelar-por-su-compromiso-con-la-educacion-y-los-derechos-humanos\/#primaryimage"},"image":{"@id":"https:\/\/blognoticias.ecca.edu.es\/ecca-edu-recibe-el-premio-emilio-castelar-por-su-compromiso-con-la-educacion-y-los-derechos-humanos\/#primaryimage"},"thumbnailUrl":"https:\/\/blognoticias.ecca.edu.es\/wp-content\/uploads\/2026\/04\/Platilla-cuadrado-y-blog-7.png","datePublished":"2026-04-30T09:35:44+00:00","description":"ecca.edu ha sido distinguida con el prestigioso Premio Emilio Castelar, un galard\u00f3n que reconoce la defensa de los derechos humanos","breadcrumb":{"@id":"https:\/\/blognoticias.ecca.edu.es\/ecca-edu-recibe-el-premio-emilio-castelar-por-su-compromiso-con-la-educacion-y-los-derechos-humanos\/#breadcrumb"},"inLanguage":"en-GB","potentialAction":[{"@type":"ReadAction","target":["https:\/\/blognoticias.ecca.edu.es\/ecca-edu-recibe-el-premio-emilio-castelar-por-su-compromiso-con-la-educacion-y-los-derechos-humanos\/"]}]},{"@type":"ImageObject","inLanguage":"en-GB","@id":"https:\/\/blognoticias.ecca.edu.es\/ecca-edu-recibe-el-premio-emilio-castelar-por-su-compromiso-con-la-educacion-y-los-derechos-humanos\/#primaryimage","url":"https:\/\/blognoticias.ecca.edu.es\/wp-content\/uploads\/2026\/04\/Platilla-cuadrado-y-blog-7.png","contentUrl":"https:\/\/blognoticias.ecca.edu.es\/wp-content\/uploads\/2026\/04\/Platilla-cuadrado-y-blog-7.png","width":1080,"height":1080,"caption":"ecca.edu ha sido distinguida con el prestigioso Premio Emilio Castelar,"},{"@type":"BreadcrumbList","@id":"https:\/\/blognoticias.ecca.edu.es\/ecca-edu-recibe-el-premio-emilio-castelar-por-su-compromiso-con-la-educacion-y-los-derechos-humanos\/#breadcrumb","itemListElement":[{"@type":"ListItem","position":1,"name":"Portada","item":"https:\/\/blognoticias.ecca.edu.es\/"},{"@type":"ListItem","position":2,"name":"ecca.edu recibe el Premio Emilio Castelar por su compromiso con la educaci\u00f3n y los Derechos Humanos"}]},{"@type":"WebSite","@id":"https:\/\/blognoticias.ecca.edu.es\/#website","url":"https:\/\/blognoticias.ecca.edu.es\/","name":"Blog Noticias Ecca","description":"","publisher":{"@id":"https:\/\/blognoticias.ecca.edu.es\/#organization"},"potentialAction":[{"@type":"SearchAction","target":{"@type":"EntryPoint","urlTemplate":"https:\/\/blognoticias.ecca.edu.es\/?s={search_term_string}"},"query-input":{"@type":"PropertyValueSpecification","valueRequired":true,"valueName":"search_term_string"}}],"inLanguage":"en-GB"},{"@type":"Organization","@id":"https:\/\/blognoticias.ecca.edu.es\/#organization","name":"Blog Noticias Ecca","url":"https:\/\/blognoticias.ecca.edu.es\/","logo":{"@type":"ImageObject","inLanguage":"en-GB","@id":"https:\/\/blognoticias.ecca.edu.es\/#\/schema\/logo\/image\/","url":"https:\/\/blognoticias.ecca.edu.es\/wp-content\/uploads\/2023\/02\/cropped-cropped-cropped-cropped-Logo-Ecca.edu_.png","contentUrl":"https:\/\/blognoticias.ecca.edu.es\/wp-content\/uploads\/2023\/02\/cropped-cropped-cropped-cropped-Logo-Ecca.edu_.png","width":293,"height":45,"caption":"Blog Noticias Ecca"},"image":{"@id":"https:\/\/blognoticias.ecca.edu.es\/#\/schema\/logo\/image\/"},"sameAs":["https:\/\/www.facebook.com\/ecca.edu.es","https:\/\/x.com\/eccaedu","https:\/\/www.instagram.com\/"]},{"@type":"Person","@id":"https:\/\/blognoticias.ecca.edu.es\/#\/schema\/person\/8070573f481ccba909661fdb1cf9e5eb","name":"Ecca.edu","image":{"@type":"ImageObject","inLanguage":"en-GB","@id":"https:\/\/blognoticias.ecca.edu.es\/#\/schema\/person\/image\/","url":"https:\/\/blognoticias.ecca.edu.es\/wp-content\/uploads\/2023\/02\/LOGO-ECCAEDU-1-150x150.png","contentUrl":"https:\/\/blognoticias.ecca.edu.es\/wp-content\/uploads\/2023\/02\/LOGO-ECCAEDU-1-150x150.png","caption":"Ecca.edu"},"url":"https:\/\/blognoticias.ecca.edu.es\/en\/author\/ecca-edu\/"}]}},"_links":{"self":[{"href":"https:\/\/blognoticias.ecca.edu.es\/en\/wp-json\/wp\/v2\/posts\/6608","targetHints":{"allow":["GET"]}}],"collection":[{"href":"https:\/\/blognoticias.ecca.edu.es\/en\/wp-json\/wp\/v2\/posts"}],"about":[{"href":"https:\/\/blognoticias.ecca.edu.es\/en\/wp-json\/wp\/v2\/types\/post"}],"author":[{"embeddable":true,"href":"https:\/\/blognoticias.ecca.edu.es\/en\/wp-json\/wp\/v2\/users\/2"}],"replies":[{"embeddable":true,"href":"https:\/\/blognoticias.ecca.edu.es\/en\/wp-json\/wp\/v2\/comments?post=6608"}],"version-history":[{"count":2,"href":"https:\/\/blognoticias.ecca.edu.es\/en\/wp-json\/wp\/v2\/posts\/6608\/revisions"}],"predecessor-version":[{"id":6614,"href":"https:\/\/blognoticias.ecca.edu.es\/en\/wp-json\/wp\/v2\/posts\/6608\/revisions\/6614"}],"wp:featuredmedia":[{"embeddable":true,"href":"https:\/\/blognoticias.ecca.edu.es\/en\/wp-json\/wp\/v2\/media\/6612"}],"wp:attachment":[{"href":"https:\/\/blognoticias.ecca.edu.es\/en\/wp-json\/wp\/v2\/media?parent=6608"}],"wp:term":[{"taxonomy":"category","embeddable":true,"href":"https:\/\/blognoticias.ecca.edu.es\/en\/wp-json\/wp\/v2\/categories?post=6608"},{"taxonomy":"post_tag","embeddable":true,"href":"https:\/\/blognoticias.ecca.edu.es\/en\/wp-json\/wp\/v2\/tags?post=6608"}],"curies":[{"name":"wp","href":"https:\/\/api.w.org\/{rel}","templated":true}]}}