{"id":6600,"date":"2026-04-29T09:47:03","date_gmt":"2026-04-29T09:47:03","guid":{"rendered":"https:\/\/blognoticias.ecca.edu.es\/?p=6600"},"modified":"2026-04-29T09:47:15","modified_gmt":"2026-04-29T09:47:15","slug":"ecca-edu-y-fundacion-servidis-se-alian-para-impulsar-la-digitalizacion-inclusiva-en-canarias","status":"publish","type":"post","link":"https:\/\/blognoticias.ecca.edu.es\/en\/ecca-edu-y-fundacion-servidis-se-alian-para-impulsar-la-digitalizacion-inclusiva-en-canarias\/","title":{"rendered":"ecca.edu y Fundaci\u00f3n Servidis se al\u00edan para impulsar la digitalizaci\u00f3n inclusiva en Canarias"},"content":{"rendered":"<div class='booster-block booster-read-block'>\n                <div class=\"twp-read-time\">\n                \t<i class=\"booster-icon twp-clock\"><\/i> <span>Tiempo de lectura:<\/span>2 Minutos, 41 Segundos                <\/div>\n\n            <\/div><p dir=\"ltr\"><a href=\"http:\/\/ecca.edu\/\" target=\"_blank\" rel=\"noopener\" data-saferedirecturl=\"https:\/\/www.google.com\/url?q=http:\/\/ecca.edu&amp;source=gmail&amp;ust=1777541290006000&amp;usg=AOvVaw2cqav0QYFFBYzczca8Rde1\">ecca.edu<\/a> y la Fundaci\u00f3n Servidis se unen para impulsar la<strong> digitalizaci\u00f3n inclusiva.<\/strong> Ambas entidades han formalizado un convenio de colaboraci\u00f3n con el objetivo de promover la inclusi\u00f3n social y laboral a trav\u00e9s de acciones formativas destinadas a alumnado con discapacidad.<\/p>\n<p dir=\"ltr\"><img loading=\"lazy\" decoding=\"async\" class=\"aligncenter wp-image-6605\" src=\"https:\/\/blognoticias.ecca.edu.es\/wp-content\/uploads\/2026\/04\/ecca.edu-y-Fundacion-Servidis-se-alian-para-impulsar-la-digitalizacion-inclusiva-en-Canarias-1-1024x683.png\" alt=\"ecca.edu y Fundaci\u00f3n Servidis se al\u00edan para impulsar la digitalizaci\u00f3n inclusiva en Canarias (1)\" width=\"618\" height=\"413\" srcset=\"https:\/\/blognoticias.ecca.edu.es\/wp-content\/uploads\/2026\/04\/ecca.edu-y-Fundacion-Servidis-se-alian-para-impulsar-la-digitalizacion-inclusiva-en-Canarias-1-1024x683.png 1024w, https:\/\/blognoticias.ecca.edu.es\/wp-content\/uploads\/2026\/04\/ecca.edu-y-Fundacion-Servidis-se-alian-para-impulsar-la-digitalizacion-inclusiva-en-Canarias-1-300x200.png 300w, https:\/\/blognoticias.ecca.edu.es\/wp-content\/uploads\/2026\/04\/ecca.edu-y-Fundacion-Servidis-se-alian-para-impulsar-la-digitalizacion-inclusiva-en-Canarias-1-768x512.png 768w, https:\/\/blognoticias.ecca.edu.es\/wp-content\/uploads\/2026\/04\/ecca.edu-y-Fundacion-Servidis-se-alian-para-impulsar-la-digitalizacion-inclusiva-en-Canarias-1-1536x1025.png 1536w, https:\/\/blognoticias.ecca.edu.es\/wp-content\/uploads\/2026\/04\/ecca.edu-y-Fundacion-Servidis-se-alian-para-impulsar-la-digitalizacion-inclusiva-en-Canarias-1-18x12.png 18w, https:\/\/blognoticias.ecca.edu.es\/wp-content\/uploads\/2026\/04\/ecca.edu-y-Fundacion-Servidis-se-alian-para-impulsar-la-digitalizacion-inclusiva-en-Canarias-1.png 2048w\" sizes=\"auto, (max-width: 618px) 100vw, 618px\" \/><\/p>\n<p dir=\"ltr\">La alianza, rubricada por Antonio Rico, presidente de la Fundaci\u00f3n Servidis, y Jos\u00e9 Mar\u00eda Segura SJ, director general de <a href=\"http:\/\/ecca.edu\/\" target=\"_blank\" rel=\"noopener\" data-saferedirecturl=\"https:\/\/www.google.com\/url?q=http:\/\/ecca.edu&amp;source=gmail&amp;ust=1777541290006000&amp;usg=AOvVaw2cqav0QYFFBYzczca8Rde1\">ecca.edu<\/a>, se centra en el despliegue de acciones formativas en los municipios de Santa Cruz de Tenerife y Las Palmas de Gran Canaria.<\/p>\n<p dir=\"ltr\">En el acto de firma, que tambi\u00e9n sirvi\u00f3 para dar a conocer la <a href=\"https:\/\/blognoticias.ecca.edu.es\/en\/el-director-de-educacion-de-google-para-espana-portugal-y-andorra-gonzalo-romero-visita-la-sede-de-ecca-edu\/\">planta de producci\u00f3n<\/a> de ecca en Gran Canaria y el museo ecca, estuvieron presentes Rosa Amor y Victoria Hern\u00e1ndez, directora de desarrollo de negocios y secretaria de la Fundaci\u00f3n Servidis, respectivamente, acompa\u00f1adas de Gorety Almeida y Nira Betancor, directora gerente y responsable de la delegaci\u00f3n del sur de <a href=\"http:\/\/ecca.edu\/\" target=\"_blank\" rel=\"noopener\" data-saferedirecturl=\"https:\/\/www.google.com\/url?q=http:\/\/ecca.edu&amp;source=gmail&amp;ust=1777541290006000&amp;usg=AOvVaw2cqav0QYFFBYzczca8Rde1\">ecca.edu<\/a>.<\/p>\n<p dir=\"ltr\"><img loading=\"lazy\" decoding=\"async\" class=\"aligncenter wp-image-6603\" src=\"https:\/\/blognoticias.ecca.edu.es\/wp-content\/uploads\/2026\/04\/ecca.edu-y-Fundacion-Servidis-se-alian-para-impulsar-la-digitalizacion-inclusiva-en-Canarias-4-1024x683.png\" alt=\"ecca.edu y Fundaci\u00f3n Servidis se al\u00edan para impulsar la digitalizaci\u00f3n inclusiva en Canarias (4)\" width=\"609\" height=\"406\" srcset=\"https:\/\/blognoticias.ecca.edu.es\/wp-content\/uploads\/2026\/04\/ecca.edu-y-Fundacion-Servidis-se-alian-para-impulsar-la-digitalizacion-inclusiva-en-Canarias-4-1024x683.png 1024w, https:\/\/blognoticias.ecca.edu.es\/wp-content\/uploads\/2026\/04\/ecca.edu-y-Fundacion-Servidis-se-alian-para-impulsar-la-digitalizacion-inclusiva-en-Canarias-4-300x200.png 300w, https:\/\/blognoticias.ecca.edu.es\/wp-content\/uploads\/2026\/04\/ecca.edu-y-Fundacion-Servidis-se-alian-para-impulsar-la-digitalizacion-inclusiva-en-Canarias-4-768x512.png 768w, https:\/\/blognoticias.ecca.edu.es\/wp-content\/uploads\/2026\/04\/ecca.edu-y-Fundacion-Servidis-se-alian-para-impulsar-la-digitalizacion-inclusiva-en-Canarias-4-1536x1025.png 1536w, https:\/\/blognoticias.ecca.edu.es\/wp-content\/uploads\/2026\/04\/ecca.edu-y-Fundacion-Servidis-se-alian-para-impulsar-la-digitalizacion-inclusiva-en-Canarias-4-18x12.png 18w, https:\/\/blognoticias.ecca.edu.es\/wp-content\/uploads\/2026\/04\/ecca.edu-y-Fundacion-Servidis-se-alian-para-impulsar-la-digitalizacion-inclusiva-en-Canarias-4.png 2048w\" sizes=\"auto, (max-width: 609px) 100vw, 609px\" \/><\/p>\n<p dir=\"ltr\">Esta colaboraci\u00f3n se materializa a trav\u00e9s del proyecto \u00abConecta Empleo: Formaci\u00f3n para la digitalizaci\u00f3n inclusiva\u00bb, una iniciativa que busca dotar a alumnado con discapacidad de competencias digitales clave para el mercado actual, utilizando la metodolog\u00eda del Sistema ecca, que combina material did\u00e1ctico, clases multimedia y tutor\u00edas, que se adaptar\u00e1n a las necesidades del estudiantado.<\/p>\n<h2 dir=\"ltr\">Compromiso compartido con la Fundaci\u00f3n Servidis<\/h2>\n<p dir=\"ltr\">\u00abSirvan estas palabras de agradecimiento al iniciar una andadura conjunta y de admiraci\u00f3n a un proyecto que ha sido capaz de integrarse en el tejido social de Canarias permitiendo que las mujeres y hombres de todos los estamentos sociales mejoraran su nivel formativo, ofreci\u00e9ndoles oportunidades a numerosas personas en nuestra sociedad\u201d, afirm\u00f3 Antonio Rico Revuelta, presidente de <a href=\"https:\/\/servidis.eu\/fundacion-servidis\/\">Fundaci\u00f3n<\/a> Servidis.<\/p>\n<p dir=\"ltr\">En esta misma l\u00ednea, Rico Revuelta subray\u00f3 \u201c<a href=\"http:\/\/ecca.edu\/\" target=\"_blank\" rel=\"noopener\" data-saferedirecturl=\"https:\/\/www.google.com\/url?q=http:\/\/ecca.edu&amp;source=gmail&amp;ust=1777541290006000&amp;usg=AOvVaw2cqav0QYFFBYzczca8Rde1\">ecca.edu<\/a> es ejemplo de compromiso y solidaridad. Nunca olvidaron a los m\u00e1s vulnerables y aplicaron todo su conocimiento y buen hacer en el acompa\u00f1amiento a las personas con mayor dificultad. Este camino conjunto nos har\u00e1 m\u00e1s fuertes y aprenderemos por una sociedad m\u00e1s justa, m\u00e1s inclusiva y tolerante\u00bb.<\/p>\n<p dir=\"ltr\">Por su parte, Jos\u00e9 Mar\u00eda Segura Salvador SJ, afirm\u00f3: \u00abEste acuerdo con Servidis refuerza nuestra misi\u00f3n de democratizar la formaci\u00f3n. Es una satisfacci\u00f3n colaborar con entidades que entienden que la digitalizaci\u00f3n debe ser, ante todo, inclusiva. Con el proyecto &#8216;Conecta Empleo&#8217;, facilitamos herramientas clave a personas que necesitan este impulso educativo para mejorar su empleabilidad y autonom\u00eda\u00bb.<\/p>\n<h2 dir=\"ltr\">Reconocimiento a las alianzas y su impacto<\/h2>\n<p dir=\"ltr\">M\u00e1s all\u00e1 de la formaci\u00f3n t\u00e9cnica, este acuerdo se entiende como un marco de colaboraci\u00f3n que permite explorar futuras iniciativas siempre en sinton\u00eda con las misiones de ambas entidades.<\/p>\n<p dir=\"ltr\">De este modo, la Fundaci\u00f3n Servidis y <a href=\"http:\/\/ecca.edu\/\" target=\"_blank\" rel=\"noopener\" data-saferedirecturl=\"https:\/\/www.google.com\/url?q=http:\/\/ecca.edu&amp;source=gmail&amp;ust=1777541290006000&amp;usg=AOvVaw2cqav0QYFFBYzczca8Rde1\">ecca.edu<\/a> ponen en valor su voluntad de trabajar de forma conjunta, sumando esfuerzos para avanzar hacia una sociedad m\u00e1s justa, a trav\u00e9s de la mejora de la empleabilidad y el apoyo a la formaci\u00f3n de quienes m\u00e1s lo necesitan.<\/p>\n<h3 dir=\"ltr\">Sobre <a href=\"http:\/\/ecca.edu\/\" target=\"_blank\" rel=\"noopener\" data-saferedirecturl=\"https:\/\/www.google.com\/url?q=http:\/\/ecca.edu&amp;source=gmail&amp;ust=1777541290006000&amp;usg=AOvVaw2cqav0QYFFBYzczca8Rde1\">ecca.edu<\/a><\/h3>\n<p dir=\"ltr\">Nacido en 1965, <a href=\"http:\/\/ecca.edu\/\" target=\"_blank\" rel=\"noopener\" data-saferedirecturl=\"https:\/\/www.google.com\/url?q=http:\/\/ecca.edu&amp;source=gmail&amp;ust=1777541290006000&amp;usg=AOvVaw2cqav0QYFFBYzczca8Rde1\">ecca.edu<\/a> es un centro de formaci\u00f3n a distancia para personas adultas con presencia en las ocho islas canarias. Durante sus m\u00e1s de 60 a\u00f1os de trayectoria ha atendido a m\u00e1s de tres millones de personas aplicando una metodolog\u00eda propia, el Sistema ecca, que combina material multimedia, clases audiovisuales y tutor\u00eda personalizada para garantizar una educaci\u00f3n accesible, flexible y de calidad.<\/p>\n<div id='gallery-1' class='gallery galleryid-6600 gallery-columns-3 gallery-size-large'><figure class='gallery-item'>\n\t\t\t<div class='gallery-icon landscape'>\n\t\t\t\t<a href='https:\/\/blognoticias.ecca.edu.es\/en\/ecca-edu-y-fundacion-servidis-se-alian-para-impulsar-la-digitalizacion-inclusiva-en-canarias\/ecca-edu-y-fundacion-servidis-se-alian-para-impulsar-la-digitalizacion-inclusiva-en-canarias-3\/'><img loading=\"lazy\" decoding=\"async\" width=\"750\" height=\"500\" src=\"https:\/\/blognoticias.ecca.edu.es\/wp-content\/uploads\/2026\/04\/ecca.edu-y-Fundacion-Servidis-se-alian-para-impulsar-la-digitalizacion-inclusiva-en-Canarias-3-1024x683.png\" class=\"attachment-large size-large\" alt=\"ecca.edu y Fundaci\u00f3n Servidis se al\u00edan para impulsar la digitalizaci\u00f3n inclusiva en Canarias (3)\" srcset=\"https:\/\/blognoticias.ecca.edu.es\/wp-content\/uploads\/2026\/04\/ecca.edu-y-Fundacion-Servidis-se-alian-para-impulsar-la-digitalizacion-inclusiva-en-Canarias-3-1024x683.png 1024w, https:\/\/blognoticias.ecca.edu.es\/wp-content\/uploads\/2026\/04\/ecca.edu-y-Fundacion-Servidis-se-alian-para-impulsar-la-digitalizacion-inclusiva-en-Canarias-3-300x200.png 300w, https:\/\/blognoticias.ecca.edu.es\/wp-content\/uploads\/2026\/04\/ecca.edu-y-Fundacion-Servidis-se-alian-para-impulsar-la-digitalizacion-inclusiva-en-Canarias-3-768x512.png 768w, https:\/\/blognoticias.ecca.edu.es\/wp-content\/uploads\/2026\/04\/ecca.edu-y-Fundacion-Servidis-se-alian-para-impulsar-la-digitalizacion-inclusiva-en-Canarias-3-1536x1025.png 1536w, https:\/\/blognoticias.ecca.edu.es\/wp-content\/uploads\/2026\/04\/ecca.edu-y-Fundacion-Servidis-se-alian-para-impulsar-la-digitalizacion-inclusiva-en-Canarias-3-18x12.png 18w, https:\/\/blognoticias.ecca.edu.es\/wp-content\/uploads\/2026\/04\/ecca.edu-y-Fundacion-Servidis-se-alian-para-impulsar-la-digitalizacion-inclusiva-en-Canarias-3.png 2048w\" sizes=\"auto, (max-width: 750px) 100vw, 750px\" \/><\/a>\n\t\t\t<\/div><\/figure><figure class='gallery-item'>\n\t\t\t<div class='gallery-icon landscape'>\n\t\t\t\t<a href='https:\/\/blognoticias.ecca.edu.es\/en\/ecca-edu-y-fundacion-servidis-se-alian-para-impulsar-la-digitalizacion-inclusiva-en-canarias\/ecca-edu-y-fundacion-servidis-se-alian-para-impulsar-la-digitalizacion-inclusiva-en-canarias-2\/'><img loading=\"lazy\" decoding=\"async\" width=\"750\" height=\"500\" src=\"https:\/\/blognoticias.ecca.edu.es\/wp-content\/uploads\/2026\/04\/ecca.edu-y-Fundacion-Servidis-se-alian-para-impulsar-la-digitalizacion-inclusiva-en-Canarias-2-1024x683.png\" class=\"attachment-large size-large\" alt=\"\" srcset=\"https:\/\/blognoticias.ecca.edu.es\/wp-content\/uploads\/2026\/04\/ecca.edu-y-Fundacion-Servidis-se-alian-para-impulsar-la-digitalizacion-inclusiva-en-Canarias-2-1024x683.png 1024w, https:\/\/blognoticias.ecca.edu.es\/wp-content\/uploads\/2026\/04\/ecca.edu-y-Fundacion-Servidis-se-alian-para-impulsar-la-digitalizacion-inclusiva-en-Canarias-2-300x200.png 300w, https:\/\/blognoticias.ecca.edu.es\/wp-content\/uploads\/2026\/04\/ecca.edu-y-Fundacion-Servidis-se-alian-para-impulsar-la-digitalizacion-inclusiva-en-Canarias-2-768x512.png 768w, https:\/\/blognoticias.ecca.edu.es\/wp-content\/uploads\/2026\/04\/ecca.edu-y-Fundacion-Servidis-se-alian-para-impulsar-la-digitalizacion-inclusiva-en-Canarias-2-1536x1025.png 1536w, https:\/\/blognoticias.ecca.edu.es\/wp-content\/uploads\/2026\/04\/ecca.edu-y-Fundacion-Servidis-se-alian-para-impulsar-la-digitalizacion-inclusiva-en-Canarias-2-18x12.png 18w, https:\/\/blognoticias.ecca.edu.es\/wp-content\/uploads\/2026\/04\/ecca.edu-y-Fundacion-Servidis-se-alian-para-impulsar-la-digitalizacion-inclusiva-en-Canarias-2.png 2048w\" sizes=\"auto, (max-width: 750px) 100vw, 750px\" \/><\/a>\n\t\t\t<\/div><\/figure><figure class='gallery-item'>\n\t\t\t<div class='gallery-icon landscape'>\n\t\t\t\t<a href='https:\/\/blognoticias.ecca.edu.es\/en\/ecca-edu-y-fundacion-servidis-se-alian-para-impulsar-la-digitalizacion-inclusiva-en-canarias\/ecca-edu-y-fundacion-servidis-se-alian-para-impulsar-la-digitalizacion-inclusiva-en-canarias-5\/'><img loading=\"lazy\" decoding=\"async\" width=\"750\" height=\"500\" src=\"https:\/\/blognoticias.ecca.edu.es\/wp-content\/uploads\/2026\/04\/ecca.edu-y-Fundacion-Servidis-se-alian-para-impulsar-la-digitalizacion-inclusiva-en-Canarias-5-1024x683.png\" class=\"attachment-large size-large\" alt=\"\" srcset=\"https:\/\/blognoticias.ecca.edu.es\/wp-content\/uploads\/2026\/04\/ecca.edu-y-Fundacion-Servidis-se-alian-para-impulsar-la-digitalizacion-inclusiva-en-Canarias-5-1024x683.png 1024w, https:\/\/blognoticias.ecca.edu.es\/wp-content\/uploads\/2026\/04\/ecca.edu-y-Fundacion-Servidis-se-alian-para-impulsar-la-digitalizacion-inclusiva-en-Canarias-5-300x200.png 300w, https:\/\/blognoticias.ecca.edu.es\/wp-content\/uploads\/2026\/04\/ecca.edu-y-Fundacion-Servidis-se-alian-para-impulsar-la-digitalizacion-inclusiva-en-Canarias-5-768x512.png 768w, https:\/\/blognoticias.ecca.edu.es\/wp-content\/uploads\/2026\/04\/ecca.edu-y-Fundacion-Servidis-se-alian-para-impulsar-la-digitalizacion-inclusiva-en-Canarias-5-1536x1025.png 1536w, https:\/\/blognoticias.ecca.edu.es\/wp-content\/uploads\/2026\/04\/ecca.edu-y-Fundacion-Servidis-se-alian-para-impulsar-la-digitalizacion-inclusiva-en-Canarias-5-18x12.png 18w, https:\/\/blognoticias.ecca.edu.es\/wp-content\/uploads\/2026\/04\/ecca.edu-y-Fundacion-Servidis-se-alian-para-impulsar-la-digitalizacion-inclusiva-en-Canarias-5.png 2048w\" sizes=\"auto, (max-width: 750px) 100vw, 750px\" \/><\/a>\n\t\t\t<\/div><\/figure>\n\t\t<\/div>","protected":false},"excerpt":{"rendered":"<p>ecca.edu y la Fundaci\u00f3n Servidis se unen para impulsar la digitalizaci\u00f3n inclusiva. Ambas entidades han formalizado un convenio de colaboraci\u00f3n con el objetivo de promover la inclusi\u00f3n social y laboral a trav\u00e9s de acciones formativas destinadas a alumnado con discapacidad. La alianza, rubricada por Antonio Rico, presidente de la Fundaci\u00f3n Servidis, y Jos\u00e9 Mar\u00eda Segura [&hellip;]<\/p>","protected":false},"author":2,"featured_media":6606,"comment_status":"closed","ping_status":"closed","sticky":false,"template":"","format":"standard","meta":{"footnotes":""},"categories":[1,102,1293,106,191],"tags":[24,1336,27,1600,1601],"class_list":["post-6600","post","type-post","status-publish","format-standard","has-post-thumbnail","hentry","category-blog","category-comunicacion","category-noticias","category-relevante","category-rsc","tag-acciones-formativas","tag-convenio-de-colaboracion","tag-ecca-edu","tag-fundacion-servidis","tag-inclusion-social"],"yoast_head":"<!-- This site is optimized with the Yoast SEO plugin v25.9 - https:\/\/yoast.com\/wordpress\/plugins\/seo\/ -->\n<title>ecca.edu y Fundaci\u00f3n Servidis se al\u00edan para impulsar la digitalizaci\u00f3n inclusiva en Canarias<\/title>\n<meta name=\"description\" content=\"ecca.edu y la Fundaci\u00f3n Servidis se unen para impulsar la digitalizaci\u00f3n inclusiva con el objetivo de promover la inclusi\u00f3n social y laboral\" \/>\n<meta name=\"robots\" content=\"index, follow, max-snippet:-1, max-image-preview:large, max-video-preview:-1\" \/>\n<link rel=\"canonical\" href=\"https:\/\/blognoticias.ecca.edu.es\/en\/ecca-edu-y-fundacion-servidis-se-alian-para-impulsar-la-digitalizacion-inclusiva-en-canarias\/\" \/>\n<meta property=\"og:locale\" content=\"en_GB\" \/>\n<meta property=\"og:type\" content=\"article\" \/>\n<meta property=\"og:title\" content=\"ecca.edu y Fundaci\u00f3n Servidis se al\u00edan para impulsar la digitalizaci\u00f3n inclusiva en Canarias\" \/>\n<meta property=\"og:description\" content=\"ecca.edu y la Fundaci\u00f3n Servidis se unen para impulsar la digitalizaci\u00f3n inclusiva con el objetivo de promover la inclusi\u00f3n social y laboral\" \/>\n<meta property=\"og:url\" content=\"https:\/\/blognoticias.ecca.edu.es\/en\/ecca-edu-y-fundacion-servidis-se-alian-para-impulsar-la-digitalizacion-inclusiva-en-canarias\/\" \/>\n<meta property=\"og:site_name\" content=\"Blog Noticias Ecca\" \/>\n<meta property=\"article:publisher\" content=\"https:\/\/www.facebook.com\/ecca.edu.es\" \/>\n<meta property=\"article:published_time\" content=\"2026-04-29T09:47:03+00:00\" \/>\n<meta property=\"article:modified_time\" content=\"2026-04-29T09:47:15+00:00\" \/>\n<meta property=\"og:image\" content=\"https:\/\/blognoticias.ecca.edu.es\/wp-content\/uploads\/2026\/04\/Platilla-cuadrado-y-blog-6.png\" \/>\n\t<meta property=\"og:image:width\" content=\"1080\" \/>\n\t<meta property=\"og:image:height\" content=\"1080\" \/>\n\t<meta property=\"og:image:type\" content=\"image\/png\" \/>\n<meta name=\"author\" content=\"Ecca.edu\" \/>\n<meta name=\"twitter:card\" content=\"summary_large_image\" \/>\n<meta name=\"twitter:creator\" content=\"@eccaedu\" \/>\n<meta name=\"twitter:site\" content=\"@eccaedu\" \/>\n<meta name=\"twitter:label1\" content=\"Written by\" \/>\n\t<meta name=\"twitter:data1\" content=\"Ecca.edu\" \/>\n\t<meta name=\"twitter:label2\" content=\"Estimated reading time\" \/>\n\t<meta name=\"twitter:data2\" content=\"4 minutes\" \/>\n<script type=\"application\/ld+json\" class=\"yoast-schema-graph\">{\"@context\":\"https:\/\/schema.org\",\"@graph\":[{\"@type\":\"Article\",\"@id\":\"https:\/\/blognoticias.ecca.edu.es\/ecca-edu-y-fundacion-servidis-se-alian-para-impulsar-la-digitalizacion-inclusiva-en-canarias\/#article\",\"isPartOf\":{\"@id\":\"https:\/\/blognoticias.ecca.edu.es\/ecca-edu-y-fundacion-servidis-se-alian-para-impulsar-la-digitalizacion-inclusiva-en-canarias\/\"},\"author\":{\"name\":\"Ecca.edu\",\"@id\":\"https:\/\/blognoticias.ecca.edu.es\/#\/schema\/person\/8070573f481ccba909661fdb1cf9e5eb\"},\"headline\":\"ecca.edu y Fundaci\u00f3n Servidis se al\u00edan para impulsar la digitalizaci\u00f3n inclusiva en Canarias\",\"datePublished\":\"2026-04-29T09:47:03+00:00\",\"dateModified\":\"2026-04-29T09:47:15+00:00\",\"mainEntityOfPage\":{\"@id\":\"https:\/\/blognoticias.ecca.edu.es\/ecca-edu-y-fundacion-servidis-se-alian-para-impulsar-la-digitalizacion-inclusiva-en-canarias\/\"},\"wordCount\":602,\"publisher\":{\"@id\":\"https:\/\/blognoticias.ecca.edu.es\/#organization\"},\"image\":{\"@id\":\"https:\/\/blognoticias.ecca.edu.es\/ecca-edu-y-fundacion-servidis-se-alian-para-impulsar-la-digitalizacion-inclusiva-en-canarias\/#primaryimage\"},\"thumbnailUrl\":\"https:\/\/blognoticias.ecca.edu.es\/wp-content\/uploads\/2026\/04\/Platilla-cuadrado-y-blog-6.png\",\"keywords\":[\"Acciones formativas\",\"convenio de colaboraci\u00f3n\",\"ecca.edu\",\"Fundaci\u00f3n Servidis\",\"Inclusi\u00f3n social\"],\"articleSection\":[\"Blog\",\"Comunicaci\u00f3n\",\"Noticias\",\"Relevante\",\"RSC\"],\"inLanguage\":\"en-GB\"},{\"@type\":\"WebPage\",\"@id\":\"https:\/\/blognoticias.ecca.edu.es\/ecca-edu-y-fundacion-servidis-se-alian-para-impulsar-la-digitalizacion-inclusiva-en-canarias\/\",\"url\":\"https:\/\/blognoticias.ecca.edu.es\/ecca-edu-y-fundacion-servidis-se-alian-para-impulsar-la-digitalizacion-inclusiva-en-canarias\/\",\"name\":\"ecca.edu y Fundaci\u00f3n Servidis se al\u00edan para impulsar la digitalizaci\u00f3n inclusiva en Canarias\",\"isPartOf\":{\"@id\":\"https:\/\/blognoticias.ecca.edu.es\/#website\"},\"primaryImageOfPage\":{\"@id\":\"https:\/\/blognoticias.ecca.edu.es\/ecca-edu-y-fundacion-servidis-se-alian-para-impulsar-la-digitalizacion-inclusiva-en-canarias\/#primaryimage\"},\"image\":{\"@id\":\"https:\/\/blognoticias.ecca.edu.es\/ecca-edu-y-fundacion-servidis-se-alian-para-impulsar-la-digitalizacion-inclusiva-en-canarias\/#primaryimage\"},\"thumbnailUrl\":\"https:\/\/blognoticias.ecca.edu.es\/wp-content\/uploads\/2026\/04\/Platilla-cuadrado-y-blog-6.png\",\"datePublished\":\"2026-04-29T09:47:03+00:00\",\"dateModified\":\"2026-04-29T09:47:15+00:00\",\"description\":\"ecca.edu y la Fundaci\u00f3n Servidis se unen para impulsar la digitalizaci\u00f3n inclusiva con el objetivo de promover la inclusi\u00f3n social y laboral\",\"breadcrumb\":{\"@id\":\"https:\/\/blognoticias.ecca.edu.es\/ecca-edu-y-fundacion-servidis-se-alian-para-impulsar-la-digitalizacion-inclusiva-en-canarias\/#breadcrumb\"},\"inLanguage\":\"en-GB\",\"potentialAction\":[{\"@type\":\"ReadAction\",\"target\":[\"https:\/\/blognoticias.ecca.edu.es\/ecca-edu-y-fundacion-servidis-se-alian-para-impulsar-la-digitalizacion-inclusiva-en-canarias\/\"]}]},{\"@type\":\"ImageObject\",\"inLanguage\":\"en-GB\",\"@id\":\"https:\/\/blognoticias.ecca.edu.es\/ecca-edu-y-fundacion-servidis-se-alian-para-impulsar-la-digitalizacion-inclusiva-en-canarias\/#primaryimage\",\"url\":\"https:\/\/blognoticias.ecca.edu.es\/wp-content\/uploads\/2026\/04\/Platilla-cuadrado-y-blog-6.png\",\"contentUrl\":\"https:\/\/blognoticias.ecca.edu.es\/wp-content\/uploads\/2026\/04\/Platilla-cuadrado-y-blog-6.png\",\"width\":1080,\"height\":1080,\"caption\":\"ecca.edu y Fundaci\u00f3n Servidis se al\u00edan para impulsar la digitalizaci\u00f3n inclusiva en Canarias (1)\"},{\"@type\":\"BreadcrumbList\",\"@id\":\"https:\/\/blognoticias.ecca.edu.es\/ecca-edu-y-fundacion-servidis-se-alian-para-impulsar-la-digitalizacion-inclusiva-en-canarias\/#breadcrumb\",\"itemListElement\":[{\"@type\":\"ListItem\",\"position\":1,\"name\":\"Portada\",\"item\":\"https:\/\/blognoticias.ecca.edu.es\/\"},{\"@type\":\"ListItem\",\"position\":2,\"name\":\"ecca.edu y Fundaci\u00f3n Servidis se al\u00edan para impulsar la digitalizaci\u00f3n inclusiva en Canarias\"}]},{\"@type\":\"WebSite\",\"@id\":\"https:\/\/blognoticias.ecca.edu.es\/#website\",\"url\":\"https:\/\/blognoticias.ecca.edu.es\/\",\"name\":\"Blog Noticias Ecca\",\"description\":\"\",\"publisher\":{\"@id\":\"https:\/\/blognoticias.ecca.edu.es\/#organization\"},\"potentialAction\":[{\"@type\":\"SearchAction\",\"target\":{\"@type\":\"EntryPoint\",\"urlTemplate\":\"https:\/\/blognoticias.ecca.edu.es\/?s={search_term_string}\"},\"query-input\":{\"@type\":\"PropertyValueSpecification\",\"valueRequired\":true,\"valueName\":\"search_term_string\"}}],\"inLanguage\":\"en-GB\"},{\"@type\":\"Organization\",\"@id\":\"https:\/\/blognoticias.ecca.edu.es\/#organization\",\"name\":\"Blog Noticias Ecca\",\"url\":\"https:\/\/blognoticias.ecca.edu.es\/\",\"logo\":{\"@type\":\"ImageObject\",\"inLanguage\":\"en-GB\",\"@id\":\"https:\/\/blognoticias.ecca.edu.es\/#\/schema\/logo\/image\/\",\"url\":\"https:\/\/blognoticias.ecca.edu.es\/wp-content\/uploads\/2023\/02\/cropped-cropped-cropped-cropped-Logo-Ecca.edu_.png\",\"contentUrl\":\"https:\/\/blognoticias.ecca.edu.es\/wp-content\/uploads\/2023\/02\/cropped-cropped-cropped-cropped-Logo-Ecca.edu_.png\",\"width\":293,\"height\":45,\"caption\":\"Blog Noticias Ecca\"},\"image\":{\"@id\":\"https:\/\/blognoticias.ecca.edu.es\/#\/schema\/logo\/image\/\"},\"sameAs\":[\"https:\/\/www.facebook.com\/ecca.edu.es\",\"https:\/\/x.com\/eccaedu\",\"https:\/\/www.instagram.com\/\"]},{\"@type\":\"Person\",\"@id\":\"https:\/\/blognoticias.ecca.edu.es\/#\/schema\/person\/8070573f481ccba909661fdb1cf9e5eb\",\"name\":\"Ecca.edu\",\"image\":{\"@type\":\"ImageObject\",\"inLanguage\":\"en-GB\",\"@id\":\"https:\/\/blognoticias.ecca.edu.es\/#\/schema\/person\/image\/\",\"url\":\"https:\/\/blognoticias.ecca.edu.es\/wp-content\/uploads\/2023\/02\/LOGO-ECCAEDU-1-150x150.png\",\"contentUrl\":\"https:\/\/blognoticias.ecca.edu.es\/wp-content\/uploads\/2023\/02\/LOGO-ECCAEDU-1-150x150.png\",\"caption\":\"Ecca.edu\"},\"url\":\"https:\/\/blognoticias.ecca.edu.es\/en\/author\/ecca-edu\/\"}]}<\/script>\n<!-- \/ Yoast SEO plugin. -->","yoast_head_json":{"title":"ecca.edu y Fundaci\u00f3n Servidis se al\u00edan para impulsar la digitalizaci\u00f3n inclusiva en Canarias","description":"ecca.edu y la Fundaci\u00f3n Servidis se unen para impulsar la digitalizaci\u00f3n inclusiva con el objetivo de promover la inclusi\u00f3n social y laboral","robots":{"index":"index","follow":"follow","max-snippet":"max-snippet:-1","max-image-preview":"max-image-preview:large","max-video-preview":"max-video-preview:-1"},"canonical":"https:\/\/blognoticias.ecca.edu.es\/en\/ecca-edu-y-fundacion-servidis-se-alian-para-impulsar-la-digitalizacion-inclusiva-en-canarias\/","og_locale":"en_GB","og_type":"article","og_title":"ecca.edu y Fundaci\u00f3n Servidis se al\u00edan para impulsar la digitalizaci\u00f3n inclusiva en Canarias","og_description":"ecca.edu y la Fundaci\u00f3n Servidis se unen para impulsar la digitalizaci\u00f3n inclusiva con el objetivo de promover la inclusi\u00f3n social y laboral","og_url":"https:\/\/blognoticias.ecca.edu.es\/en\/ecca-edu-y-fundacion-servidis-se-alian-para-impulsar-la-digitalizacion-inclusiva-en-canarias\/","og_site_name":"Blog Noticias Ecca","article_publisher":"https:\/\/www.facebook.com\/ecca.edu.es","article_published_time":"2026-04-29T09:47:03+00:00","article_modified_time":"2026-04-29T09:47:15+00:00","og_image":[{"width":1080,"height":1080,"url":"https:\/\/blognoticias.ecca.edu.es\/wp-content\/uploads\/2026\/04\/Platilla-cuadrado-y-blog-6.png","type":"image\/png"}],"author":"Ecca.edu","twitter_card":"summary_large_image","twitter_creator":"@eccaedu","twitter_site":"@eccaedu","twitter_misc":{"Written by":"Ecca.edu","Estimated reading time":"4 minutes"},"schema":{"@context":"https:\/\/schema.org","@graph":[{"@type":"Article","@id":"https:\/\/blognoticias.ecca.edu.es\/ecca-edu-y-fundacion-servidis-se-alian-para-impulsar-la-digitalizacion-inclusiva-en-canarias\/#article","isPartOf":{"@id":"https:\/\/blognoticias.ecca.edu.es\/ecca-edu-y-fundacion-servidis-se-alian-para-impulsar-la-digitalizacion-inclusiva-en-canarias\/"},"author":{"name":"Ecca.edu","@id":"https:\/\/blognoticias.ecca.edu.es\/#\/schema\/person\/8070573f481ccba909661fdb1cf9e5eb"},"headline":"ecca.edu y Fundaci\u00f3n Servidis se al\u00edan para impulsar la digitalizaci\u00f3n inclusiva en Canarias","datePublished":"2026-04-29T09:47:03+00:00","dateModified":"2026-04-29T09:47:15+00:00","mainEntityOfPage":{"@id":"https:\/\/blognoticias.ecca.edu.es\/ecca-edu-y-fundacion-servidis-se-alian-para-impulsar-la-digitalizacion-inclusiva-en-canarias\/"},"wordCount":602,"publisher":{"@id":"https:\/\/blognoticias.ecca.edu.es\/#organization"},"image":{"@id":"https:\/\/blognoticias.ecca.edu.es\/ecca-edu-y-fundacion-servidis-se-alian-para-impulsar-la-digitalizacion-inclusiva-en-canarias\/#primaryimage"},"thumbnailUrl":"https:\/\/blognoticias.ecca.edu.es\/wp-content\/uploads\/2026\/04\/Platilla-cuadrado-y-blog-6.png","keywords":["Acciones formativas","convenio de colaboraci\u00f3n","ecca.edu","Fundaci\u00f3n Servidis","Inclusi\u00f3n social"],"articleSection":["Blog","Comunicaci\u00f3n","Noticias","Relevante","RSC"],"inLanguage":"en-GB"},{"@type":"WebPage","@id":"https:\/\/blognoticias.ecca.edu.es\/ecca-edu-y-fundacion-servidis-se-alian-para-impulsar-la-digitalizacion-inclusiva-en-canarias\/","url":"https:\/\/blognoticias.ecca.edu.es\/ecca-edu-y-fundacion-servidis-se-alian-para-impulsar-la-digitalizacion-inclusiva-en-canarias\/","name":"ecca.edu y Fundaci\u00f3n Servidis se al\u00edan para impulsar la digitalizaci\u00f3n inclusiva en Canarias","isPartOf":{"@id":"https:\/\/blognoticias.ecca.edu.es\/#website"},"primaryImageOfPage":{"@id":"https:\/\/blognoticias.ecca.edu.es\/ecca-edu-y-fundacion-servidis-se-alian-para-impulsar-la-digitalizacion-inclusiva-en-canarias\/#primaryimage"},"image":{"@id":"https:\/\/blognoticias.ecca.edu.es\/ecca-edu-y-fundacion-servidis-se-alian-para-impulsar-la-digitalizacion-inclusiva-en-canarias\/#primaryimage"},"thumbnailUrl":"https:\/\/blognoticias.ecca.edu.es\/wp-content\/uploads\/2026\/04\/Platilla-cuadrado-y-blog-6.png","datePublished":"2026-04-29T09:47:03+00:00","dateModified":"2026-04-29T09:47:15+00:00","description":"ecca.edu y la Fundaci\u00f3n Servidis se unen para impulsar la digitalizaci\u00f3n inclusiva con el objetivo de promover la inclusi\u00f3n social y laboral","breadcrumb":{"@id":"https:\/\/blognoticias.ecca.edu.es\/ecca-edu-y-fundacion-servidis-se-alian-para-impulsar-la-digitalizacion-inclusiva-en-canarias\/#breadcrumb"},"inLanguage":"en-GB","potentialAction":[{"@type":"ReadAction","target":["https:\/\/blognoticias.ecca.edu.es\/ecca-edu-y-fundacion-servidis-se-alian-para-impulsar-la-digitalizacion-inclusiva-en-canarias\/"]}]},{"@type":"ImageObject","inLanguage":"en-GB","@id":"https:\/\/blognoticias.ecca.edu.es\/ecca-edu-y-fundacion-servidis-se-alian-para-impulsar-la-digitalizacion-inclusiva-en-canarias\/#primaryimage","url":"https:\/\/blognoticias.ecca.edu.es\/wp-content\/uploads\/2026\/04\/Platilla-cuadrado-y-blog-6.png","contentUrl":"https:\/\/blognoticias.ecca.edu.es\/wp-content\/uploads\/2026\/04\/Platilla-cuadrado-y-blog-6.png","width":1080,"height":1080,"caption":"ecca.edu y Fundaci\u00f3n Servidis se al\u00edan para impulsar la digitalizaci\u00f3n inclusiva en Canarias (1)"},{"@type":"BreadcrumbList","@id":"https:\/\/blognoticias.ecca.edu.es\/ecca-edu-y-fundacion-servidis-se-alian-para-impulsar-la-digitalizacion-inclusiva-en-canarias\/#breadcrumb","itemListElement":[{"@type":"ListItem","position":1,"name":"Portada","item":"https:\/\/blognoticias.ecca.edu.es\/"},{"@type":"ListItem","position":2,"name":"ecca.edu y Fundaci\u00f3n Servidis se al\u00edan para impulsar la digitalizaci\u00f3n inclusiva en Canarias"}]},{"@type":"WebSite","@id":"https:\/\/blognoticias.ecca.edu.es\/#website","url":"https:\/\/blognoticias.ecca.edu.es\/","name":"Blog Noticias Ecca","description":"","publisher":{"@id":"https:\/\/blognoticias.ecca.edu.es\/#organization"},"potentialAction":[{"@type":"SearchAction","target":{"@type":"EntryPoint","urlTemplate":"https:\/\/blognoticias.ecca.edu.es\/?s={search_term_string}"},"query-input":{"@type":"PropertyValueSpecification","valueRequired":true,"valueName":"search_term_string"}}],"inLanguage":"en-GB"},{"@type":"Organization","@id":"https:\/\/blognoticias.ecca.edu.es\/#organization","name":"Blog Noticias Ecca","url":"https:\/\/blognoticias.ecca.edu.es\/","logo":{"@type":"ImageObject","inLanguage":"en-GB","@id":"https:\/\/blognoticias.ecca.edu.es\/#\/schema\/logo\/image\/","url":"https:\/\/blognoticias.ecca.edu.es\/wp-content\/uploads\/2023\/02\/cropped-cropped-cropped-cropped-Logo-Ecca.edu_.png","contentUrl":"https:\/\/blognoticias.ecca.edu.es\/wp-content\/uploads\/2023\/02\/cropped-cropped-cropped-cropped-Logo-Ecca.edu_.png","width":293,"height":45,"caption":"Blog Noticias Ecca"},"image":{"@id":"https:\/\/blognoticias.ecca.edu.es\/#\/schema\/logo\/image\/"},"sameAs":["https:\/\/www.facebook.com\/ecca.edu.es","https:\/\/x.com\/eccaedu","https:\/\/www.instagram.com\/"]},{"@type":"Person","@id":"https:\/\/blognoticias.ecca.edu.es\/#\/schema\/person\/8070573f481ccba909661fdb1cf9e5eb","name":"Ecca.edu","image":{"@type":"ImageObject","inLanguage":"en-GB","@id":"https:\/\/blognoticias.ecca.edu.es\/#\/schema\/person\/image\/","url":"https:\/\/blognoticias.ecca.edu.es\/wp-content\/uploads\/2023\/02\/LOGO-ECCAEDU-1-150x150.png","contentUrl":"https:\/\/blognoticias.ecca.edu.es\/wp-content\/uploads\/2023\/02\/LOGO-ECCAEDU-1-150x150.png","caption":"Ecca.edu"},"url":"https:\/\/blognoticias.ecca.edu.es\/en\/author\/ecca-edu\/"}]}},"_links":{"self":[{"href":"https:\/\/blognoticias.ecca.edu.es\/en\/wp-json\/wp\/v2\/posts\/6600","targetHints":{"allow":["GET"]}}],"collection":[{"href":"https:\/\/blognoticias.ecca.edu.es\/en\/wp-json\/wp\/v2\/posts"}],"about":[{"href":"https:\/\/blognoticias.ecca.edu.es\/en\/wp-json\/wp\/v2\/types\/post"}],"author":[{"embeddable":true,"href":"https:\/\/blognoticias.ecca.edu.es\/en\/wp-json\/wp\/v2\/users\/2"}],"replies":[{"embeddable":true,"href":"https:\/\/blognoticias.ecca.edu.es\/en\/wp-json\/wp\/v2\/comments?post=6600"}],"version-history":[{"count":1,"href":"https:\/\/blognoticias.ecca.edu.es\/en\/wp-json\/wp\/v2\/posts\/6600\/revisions"}],"predecessor-version":[{"id":6607,"href":"https:\/\/blognoticias.ecca.edu.es\/en\/wp-json\/wp\/v2\/posts\/6600\/revisions\/6607"}],"wp:featuredmedia":[{"embeddable":true,"href":"https:\/\/blognoticias.ecca.edu.es\/en\/wp-json\/wp\/v2\/media\/6606"}],"wp:attachment":[{"href":"https:\/\/blognoticias.ecca.edu.es\/en\/wp-json\/wp\/v2\/media?parent=6600"}],"wp:term":[{"taxonomy":"category","embeddable":true,"href":"https:\/\/blognoticias.ecca.edu.es\/en\/wp-json\/wp\/v2\/categories?post=6600"},{"taxonomy":"post_tag","embeddable":true,"href":"https:\/\/blognoticias.ecca.edu.es\/en\/wp-json\/wp\/v2\/tags?post=6600"}],"curies":[{"name":"wp","href":"https:\/\/api.w.org\/{rel}","templated":true}]}}