{"id":6375,"date":"2026-03-13T12:56:20","date_gmt":"2026-03-13T12:56:20","guid":{"rendered":"https:\/\/blognoticias.ecca.edu.es\/?p=6375"},"modified":"2026-03-13T12:56:28","modified_gmt":"2026-03-13T12:56:28","slug":"ecca-edu-recibe-al-delegado-del-gobierno-en-canarias-y-a-la-subdelegada-en-las-palmas-para-dar-a-conocer-el-trabajo-formativo-de-la-entidad","status":"publish","type":"post","link":"https:\/\/blognoticias.ecca.edu.es\/en\/ecca-edu-recibe-al-delegado-del-gobierno-en-canarias-y-a-la-subdelegada-en-las-palmas-para-dar-a-conocer-el-trabajo-formativo-de-la-entidad\/","title":{"rendered":"ecca.edu recibe al delegado del Gobierno en Canarias y a la subdelegada en Las Palmas para dar a conocer el trabajo formativo de la entidad"},"content":{"rendered":"<div class='booster-block booster-read-block'>\n                <div class=\"twp-read-time\">\n                \t<i class=\"booster-icon twp-clock\"><\/i> <span>Tiempo de lectura:<\/span>1 Minutos, 38 Segundos                <\/div>\n\n            <\/div><p><span style=\"font-weight: 400;\">La sede central de ecca.edu en Las Palmas de Gran Canaria recibi\u00f3 recientemente a <\/span><b>Anselmo Pestana<\/b><span style=\"font-weight: 400;\">, delegado del Gobierno en Canarias, y a <\/span><b>Teresa Mayans<\/b><span style=\"font-weight: 400;\">, subdelegada del Gobierno en Las Palmas, para mostrar de primera mano el impacto de nuestro modelo educativo y la importancia de la formaci\u00f3n.<\/span><\/p>\n<p><img loading=\"lazy\" decoding=\"async\" class=\"aligncenter wp-image-6377\" src=\"https:\/\/blognoticias.ecca.edu.es\/wp-content\/uploads\/2026\/03\/1-1024x683.png\" alt=\"ecca.edu recibe al delegado del Gobierno en Canarias y a la subdelegada en Las Palmas para dar a conocer el trabajo formativo de la entidad \" width=\"618\" height=\"412\" srcset=\"https:\/\/blognoticias.ecca.edu.es\/wp-content\/uploads\/2026\/03\/1-1024x683.png 1024w, https:\/\/blognoticias.ecca.edu.es\/wp-content\/uploads\/2026\/03\/1-300x200.png 300w, https:\/\/blognoticias.ecca.edu.es\/wp-content\/uploads\/2026\/03\/1-768x512.png 768w, https:\/\/blognoticias.ecca.edu.es\/wp-content\/uploads\/2026\/03\/1-1536x1025.png 1536w, https:\/\/blognoticias.ecca.edu.es\/wp-content\/uploads\/2026\/03\/1-18x12.png 18w, https:\/\/blognoticias.ecca.edu.es\/wp-content\/uploads\/2026\/03\/1.png 2048w\" sizes=\"auto, (max-width: 618px) 100vw, 618px\" \/><\/p>\n<p><span style=\"font-weight: 400;\">Durante la jornada, las autoridades recorrieron las instalaciones y el museo institucional para poner en valor los m\u00e1s de 60 a\u00f1os de trayectoria de la entidad. Esta visita refuerza el compromiso compartido por garantizar la <\/span><b>igualdad de oportunidades<\/b><span style=\"font-weight: 400;\"> a trav\u00e9s de la formaci\u00f3n en todo el archipi\u00e9lago.<\/span><\/p>\n<h2><b>Una visita institucional al coraz\u00f3n del Sistema ecca<\/b><\/h2>\n<p><span style=\"font-weight: 400;\">Durante el encuentro, los representantes gubernamentales pudieron profundizar en el funcionamiento del <\/span><b>Sistema ecca<\/b><span style=\"font-weight: 400;\">, nuestra metodolog\u00eda de ense\u00f1anza a distancia que permite <\/span><a href=\"https:\/\/www.linkedin.com\/pulse\/por-qu%C3%A9-el-%C3%A9xito-del-empleo-est%C3%A1-vaciando-las-aulas-gorety-ludoe\/?trackingId=6bjf0IKqcJNrRnjixyIX8w%3D%3D\"><span style=\"font-weight: 400;\">compaginar vida laboral y personal.<\/span><\/a><span style=\"font-weight: 400;\"> El equipo docente de ecca.edu explic\u00f3 el proceso de creaci\u00f3n de contenidos que permite que miles de personas se formen cada a\u00f1o con \u00e9xito.<\/span><\/p>\n<p><img loading=\"lazy\" decoding=\"async\" class=\"aligncenter wp-image-6376\" src=\"https:\/\/blognoticias.ecca.edu.es\/wp-content\/uploads\/2026\/03\/4-1024x683.png\" alt=\"ecca.edu recibe al delegado del Gobierno en Canarias y a la subdelegada en Las Palmas para dar a conocer el trabajo formativo de la entidad \" width=\"602\" height=\"401\" srcset=\"https:\/\/blognoticias.ecca.edu.es\/wp-content\/uploads\/2026\/03\/4-1024x683.png 1024w, https:\/\/blognoticias.ecca.edu.es\/wp-content\/uploads\/2026\/03\/4-300x200.png 300w, https:\/\/blognoticias.ecca.edu.es\/wp-content\/uploads\/2026\/03\/4-768x512.png 768w, https:\/\/blognoticias.ecca.edu.es\/wp-content\/uploads\/2026\/03\/4-1536x1025.png 1536w, https:\/\/blognoticias.ecca.edu.es\/wp-content\/uploads\/2026\/03\/4-18x12.png 18w, https:\/\/blognoticias.ecca.edu.es\/wp-content\/uploads\/2026\/03\/4.png 2048w\" sizes=\"auto, (max-width: 602px) 100vw, 602px\" \/><\/p>\n<p><span style=\"font-weight: 400;\">La <a href=\"https:\/\/blognoticias.ecca.edu.es\/en\/el-presidente-del-cabildo-de-gran-canaria-visita-la-sede-de-ecca-edu-y-refuerza-su-compromiso-con-la-institucion\/\">visita<\/a> incluy\u00f3 un recorrido por el museo de la instituci\u00f3n, un espacio que custodia la historia pedag\u00f3gica de Canarias. Tanto el delegado como la subdelegada dejaron su huella en nuestro libro de firmas, manifestando su apoyo del <\/span><b>Gobierno de Espa\u00f1a<\/b><span style=\"font-weight: 400;\"> a una labor que ha sido fundamental para el desarrollo educativo de m\u00e1s de tres millones de personas.<\/span><\/p>\n<p><img loading=\"lazy\" decoding=\"async\" class=\"aligncenter wp-image-6379\" src=\"https:\/\/blognoticias.ecca.edu.es\/wp-content\/uploads\/2026\/03\/3-1024x683.png\" alt=\"ecca.edu recibe al delegado del Gobierno en Canarias y a la subdelegada en Las Palmas para dar a conocer el trabajo formativo de la entidad \" width=\"608\" height=\"406\" srcset=\"https:\/\/blognoticias.ecca.edu.es\/wp-content\/uploads\/2026\/03\/3-1024x683.png 1024w, https:\/\/blognoticias.ecca.edu.es\/wp-content\/uploads\/2026\/03\/3-300x200.png 300w, https:\/\/blognoticias.ecca.edu.es\/wp-content\/uploads\/2026\/03\/3-768x512.png 768w, https:\/\/blognoticias.ecca.edu.es\/wp-content\/uploads\/2026\/03\/3-1536x1025.png 1536w, https:\/\/blognoticias.ecca.edu.es\/wp-content\/uploads\/2026\/03\/3-18x12.png 18w, https:\/\/blognoticias.ecca.edu.es\/wp-content\/uploads\/2026\/03\/3.png 2048w\" sizes=\"auto, (max-width: 608px) 100vw, 608px\" \/><\/p>\n<h2><b>El delegado del Gobierno en Canarias y a subdelegada en Las Palmas destacan la labor de <\/b><a href=\"http:\/\/ecca.edu\"><b>ecca.edu<\/b><\/a><b>\u00a0<\/b><\/h2>\n<p><span style=\"font-weight: 400;\">Gracias al apoyo de instituciones como el Gobierno de Espa\u00f1a, ecca.edu puede seguir ofreciendo una amplia gama de <\/span><a href=\"https:\/\/ecca.edu.es\/titulaciones-oficiales\/\"><span style=\"font-weight: 400;\">titulaciones<\/span><\/a><span style=\"font-weight: 400;\"> y <\/span><a href=\"https:\/\/ecca.edu.es\/aula-abierta\/\"><span style=\"font-weight: 400;\">cursos<\/span><\/a><span style=\"font-weight: 400;\"> que se adaptan al ritmo de vida de las personas adultas. Agradecemos tambi\u00e9n el inter\u00e9s y la cercan\u00eda mostrada por el delegado y la subdelegada en Las Palmas del Gobierno.<\/span><\/p>\n<p><span style=\"font-weight: 400;\">Esta colaboraci\u00f3n refuerza la misi\u00f3n de democratizar el conocimiento. La formaci\u00f3n no es solo un derecho, sino la v\u00eda principal para la <\/span><b>inclusi\u00f3n laboral y personal<\/b><span style=\"font-weight: 400;\">, especialmente en entornos geogr\u00e1ficamente fragmentados como nuestro archipi\u00e9lago.<\/span><\/p>\n<div id='gallery-1' class='gallery galleryid-6375 gallery-columns-3 gallery-size-medium'><figure class='gallery-item'>\n\t\t\t<div class='gallery-icon landscape'>\n\t\t\t\t<a href='https:\/\/blognoticias.ecca.edu.es\/en\/ecca-edu-recibe-al-delegado-del-gobierno-en-canarias-y-a-la-subdelegada-en-las-palmas-para-dar-a-conocer-el-trabajo-formativo-de-la-entidad\/2-15\/'><img loading=\"lazy\" decoding=\"async\" width=\"300\" height=\"200\" src=\"https:\/\/blognoticias.ecca.edu.es\/wp-content\/uploads\/2026\/03\/2-300x200.png\" class=\"attachment-medium size-medium\" alt=\"ecca.edu recibe al delegado del Gobierno en Canarias y a la subdelegada en Las Palmas para dar a conocer el trabajo formativo de la entidad\" srcset=\"https:\/\/blognoticias.ecca.edu.es\/wp-content\/uploads\/2026\/03\/2-300x200.png 300w, https:\/\/blognoticias.ecca.edu.es\/wp-content\/uploads\/2026\/03\/2-1024x683.png 1024w, https:\/\/blognoticias.ecca.edu.es\/wp-content\/uploads\/2026\/03\/2-768x512.png 768w, https:\/\/blognoticias.ecca.edu.es\/wp-content\/uploads\/2026\/03\/2-1536x1025.png 1536w, https:\/\/blognoticias.ecca.edu.es\/wp-content\/uploads\/2026\/03\/2-18x12.png 18w, https:\/\/blognoticias.ecca.edu.es\/wp-content\/uploads\/2026\/03\/2.png 2048w\" sizes=\"auto, (max-width: 300px) 100vw, 300px\" \/><\/a>\n\t\t\t<\/div><\/figure><figure class='gallery-item'>\n\t\t\t<div class='gallery-icon portrait'>\n\t\t\t\t<a href='https:\/\/blognoticias.ecca.edu.es\/en\/ecca-edu-recibe-al-delegado-del-gobierno-en-canarias-y-a-la-subdelegada-en-las-palmas-para-dar-a-conocer-el-trabajo-formativo-de-la-entidad\/5-11\/'><img loading=\"lazy\" decoding=\"async\" width=\"240\" height=\"300\" src=\"https:\/\/blognoticias.ecca.edu.es\/wp-content\/uploads\/2026\/03\/5-240x300.png\" class=\"attachment-medium size-medium\" alt=\"Anselmo Pestana, delegado del Gobierno en Canarias\" srcset=\"https:\/\/blognoticias.ecca.edu.es\/wp-content\/uploads\/2026\/03\/5-240x300.png 240w, https:\/\/blognoticias.ecca.edu.es\/wp-content\/uploads\/2026\/03\/5-819x1024.png 819w, https:\/\/blognoticias.ecca.edu.es\/wp-content\/uploads\/2026\/03\/5-768x960.png 768w, https:\/\/blognoticias.ecca.edu.es\/wp-content\/uploads\/2026\/03\/5-10x12.png 10w, https:\/\/blognoticias.ecca.edu.es\/wp-content\/uploads\/2026\/03\/5.png 1080w\" sizes=\"auto, (max-width: 240px) 100vw, 240px\" \/><\/a>\n\t\t\t<\/div><\/figure><figure class='gallery-item'>\n\t\t\t<div class='gallery-icon portrait'>\n\t\t\t\t<a href='https:\/\/blognoticias.ecca.edu.es\/en\/ecca-edu-recibe-al-delegado-del-gobierno-en-canarias-y-a-la-subdelegada-en-las-palmas-para-dar-a-conocer-el-trabajo-formativo-de-la-entidad\/6-7\/'><img loading=\"lazy\" decoding=\"async\" width=\"240\" height=\"300\" src=\"https:\/\/blognoticias.ecca.edu.es\/wp-content\/uploads\/2026\/03\/6-240x300.png\" class=\"attachment-medium size-medium\" alt=\"Teresa Mayans, subdelegada del Gobierno en Las Palmas\" srcset=\"https:\/\/blognoticias.ecca.edu.es\/wp-content\/uploads\/2026\/03\/6-240x300.png 240w, https:\/\/blognoticias.ecca.edu.es\/wp-content\/uploads\/2026\/03\/6-819x1024.png 819w, https:\/\/blognoticias.ecca.edu.es\/wp-content\/uploads\/2026\/03\/6-768x960.png 768w, https:\/\/blognoticias.ecca.edu.es\/wp-content\/uploads\/2026\/03\/6-10x12.png 10w, https:\/\/blognoticias.ecca.edu.es\/wp-content\/uploads\/2026\/03\/6.png 1080w\" sizes=\"auto, (max-width: 240px) 100vw, 240px\" \/><\/a>\n\t\t\t<\/div><\/figure>\n\t\t<\/div>","protected":false},"excerpt":{"rendered":"<p>La sede central de ecca.edu en Las Palmas de Gran Canaria recibi\u00f3 recientemente a Anselmo Pestana, delegado del Gobierno en Canarias, y a Teresa Mayans, subdelegada del Gobierno en Las Palmas, para mostrar de primera mano el impacto de nuestro modelo educativo y la importancia de la formaci\u00f3n. Durante la jornada, las autoridades recorrieron las [&hellip;]<\/p>","protected":false},"author":2,"featured_media":6382,"comment_status":"closed","ping_status":"closed","sticky":false,"template":"","format":"image","meta":{"footnotes":""},"categories":[1,102,177,126,1293,106],"tags":[1572,1574,27,1537,1575,1573],"class_list":["post-6375","post","type-post","status-publish","format-image","has-post-thumbnail","hentry","category-blog","category-comunicacion","category-formacion","category-igualdad","category-noticias","category-relevante","tag-anselmo-pestana","tag-delegado-del-gobierno-en-canarias","tag-ecca-edu","tag-gobierno-de-espana","tag-subdelegada-del-gobierno-en-las-palmas","tag-teresa-mayans","post_format-post-format-image"],"yoast_head":"<!-- This site is optimized with the Yoast SEO plugin v25.9 - https:\/\/yoast.com\/wordpress\/plugins\/seo\/ -->\n<title>ecca.edu recibe al delegado del Gobierno en Canarias y a la subdelegada en Las Palmas para dar a conocer el trabajo formativo de la entidad<\/title>\n<meta name=\"description\" content=\"ecca.edu recibe al delegado del Gobierno en Canarias y la subdelegada en Las Palmas para mostrar el impacto de nuestro modelo educativo\" \/>\n<meta name=\"robots\" content=\"index, follow, max-snippet:-1, max-image-preview:large, max-video-preview:-1\" \/>\n<link rel=\"canonical\" href=\"https:\/\/blognoticias.ecca.edu.es\/en\/ecca-edu-recibe-al-delegado-del-gobierno-en-canarias-y-a-la-subdelegada-en-las-palmas-para-dar-a-conocer-el-trabajo-formativo-de-la-entidad\/\" \/>\n<meta property=\"og:locale\" content=\"en_GB\" \/>\n<meta property=\"og:type\" content=\"article\" \/>\n<meta property=\"og:title\" content=\"ecca.edu recibe al delegado del Gobierno en Canarias y a la subdelegada en Las Palmas para dar a conocer el trabajo formativo de la entidad\" \/>\n<meta property=\"og:description\" content=\"ecca.edu recibe al delegado del Gobierno en Canarias y la subdelegada en Las Palmas para mostrar el impacto de nuestro modelo educativo\" \/>\n<meta property=\"og:url\" content=\"https:\/\/blognoticias.ecca.edu.es\/en\/ecca-edu-recibe-al-delegado-del-gobierno-en-canarias-y-a-la-subdelegada-en-las-palmas-para-dar-a-conocer-el-trabajo-formativo-de-la-entidad\/\" \/>\n<meta property=\"og:site_name\" content=\"Blog Noticias Ecca\" \/>\n<meta property=\"article:publisher\" content=\"https:\/\/www.facebook.com\/ecca.edu.es\" \/>\n<meta property=\"article:published_time\" content=\"2026-03-13T12:56:20+00:00\" \/>\n<meta property=\"article:modified_time\" content=\"2026-03-13T12:56:28+00:00\" \/>\n<meta property=\"og:image\" content=\"https:\/\/blognoticias.ecca.edu.es\/wp-content\/uploads\/2026\/03\/Platilla-cuadrado-y-blog-1.png\" \/>\n\t<meta property=\"og:image:width\" content=\"1080\" \/>\n\t<meta property=\"og:image:height\" content=\"1080\" \/>\n\t<meta property=\"og:image:type\" content=\"image\/png\" \/>\n<meta name=\"author\" content=\"Ecca.edu\" \/>\n<meta name=\"twitter:card\" content=\"summary_large_image\" \/>\n<meta name=\"twitter:creator\" content=\"@eccaedu\" \/>\n<meta name=\"twitter:site\" content=\"@eccaedu\" \/>\n<meta name=\"twitter:label1\" content=\"Written by\" \/>\n\t<meta name=\"twitter:data1\" content=\"Ecca.edu\" \/>\n\t<meta name=\"twitter:label2\" content=\"Estimated reading time\" \/>\n\t<meta name=\"twitter:data2\" content=\"3 minutes\" \/>\n<script type=\"application\/ld+json\" class=\"yoast-schema-graph\">{\"@context\":\"https:\/\/schema.org\",\"@graph\":[{\"@type\":\"Article\",\"@id\":\"https:\/\/blognoticias.ecca.edu.es\/ecca-edu-recibe-al-delegado-del-gobierno-en-canarias-y-a-la-subdelegada-en-las-palmas-para-dar-a-conocer-el-trabajo-formativo-de-la-entidad\/#article\",\"isPartOf\":{\"@id\":\"https:\/\/blognoticias.ecca.edu.es\/ecca-edu-recibe-al-delegado-del-gobierno-en-canarias-y-a-la-subdelegada-en-las-palmas-para-dar-a-conocer-el-trabajo-formativo-de-la-entidad\/\"},\"author\":{\"name\":\"Ecca.edu\",\"@id\":\"https:\/\/blognoticias.ecca.edu.es\/#\/schema\/person\/8070573f481ccba909661fdb1cf9e5eb\"},\"headline\":\"ecca.edu recibe al delegado del Gobierno en Canarias y a la subdelegada en Las Palmas para dar a conocer el trabajo formativo de la entidad\",\"datePublished\":\"2026-03-13T12:56:20+00:00\",\"dateModified\":\"2026-03-13T12:56:28+00:00\",\"mainEntityOfPage\":{\"@id\":\"https:\/\/blognoticias.ecca.edu.es\/ecca-edu-recibe-al-delegado-del-gobierno-en-canarias-y-a-la-subdelegada-en-las-palmas-para-dar-a-conocer-el-trabajo-formativo-de-la-entidad\/\"},\"wordCount\":374,\"publisher\":{\"@id\":\"https:\/\/blognoticias.ecca.edu.es\/#organization\"},\"image\":{\"@id\":\"https:\/\/blognoticias.ecca.edu.es\/ecca-edu-recibe-al-delegado-del-gobierno-en-canarias-y-a-la-subdelegada-en-las-palmas-para-dar-a-conocer-el-trabajo-formativo-de-la-entidad\/#primaryimage\"},\"thumbnailUrl\":\"https:\/\/blognoticias.ecca.edu.es\/wp-content\/uploads\/2026\/03\/Platilla-cuadrado-y-blog-1.png\",\"keywords\":[\"Anselmo Pestana\",\"Delegado del Gobierno en Canarias\",\"ecca.edu\",\"Gobierno de Espa\u00f1a\",\"Subdelegada del Gobierno en Las Palmas\",\"Teresa Mayans\"],\"articleSection\":[\"Blog\",\"Comunicaci\u00f3n\",\"Formaci\u00f3n\",\"igualdad\",\"Noticias\",\"Relevante\"],\"inLanguage\":\"en-GB\"},{\"@type\":\"WebPage\",\"@id\":\"https:\/\/blognoticias.ecca.edu.es\/ecca-edu-recibe-al-delegado-del-gobierno-en-canarias-y-a-la-subdelegada-en-las-palmas-para-dar-a-conocer-el-trabajo-formativo-de-la-entidad\/\",\"url\":\"https:\/\/blognoticias.ecca.edu.es\/ecca-edu-recibe-al-delegado-del-gobierno-en-canarias-y-a-la-subdelegada-en-las-palmas-para-dar-a-conocer-el-trabajo-formativo-de-la-entidad\/\",\"name\":\"ecca.edu recibe al delegado del Gobierno en Canarias y a la subdelegada en Las Palmas para dar a conocer el trabajo formativo de la entidad\",\"isPartOf\":{\"@id\":\"https:\/\/blognoticias.ecca.edu.es\/#website\"},\"primaryImageOfPage\":{\"@id\":\"https:\/\/blognoticias.ecca.edu.es\/ecca-edu-recibe-al-delegado-del-gobierno-en-canarias-y-a-la-subdelegada-en-las-palmas-para-dar-a-conocer-el-trabajo-formativo-de-la-entidad\/#primaryimage\"},\"image\":{\"@id\":\"https:\/\/blognoticias.ecca.edu.es\/ecca-edu-recibe-al-delegado-del-gobierno-en-canarias-y-a-la-subdelegada-en-las-palmas-para-dar-a-conocer-el-trabajo-formativo-de-la-entidad\/#primaryimage\"},\"thumbnailUrl\":\"https:\/\/blognoticias.ecca.edu.es\/wp-content\/uploads\/2026\/03\/Platilla-cuadrado-y-blog-1.png\",\"datePublished\":\"2026-03-13T12:56:20+00:00\",\"dateModified\":\"2026-03-13T12:56:28+00:00\",\"description\":\"ecca.edu recibe al delegado del Gobierno en Canarias y la subdelegada en Las Palmas para mostrar el impacto de nuestro modelo educativo\",\"breadcrumb\":{\"@id\":\"https:\/\/blognoticias.ecca.edu.es\/ecca-edu-recibe-al-delegado-del-gobierno-en-canarias-y-a-la-subdelegada-en-las-palmas-para-dar-a-conocer-el-trabajo-formativo-de-la-entidad\/#breadcrumb\"},\"inLanguage\":\"en-GB\",\"potentialAction\":[{\"@type\":\"ReadAction\",\"target\":[\"https:\/\/blognoticias.ecca.edu.es\/ecca-edu-recibe-al-delegado-del-gobierno-en-canarias-y-a-la-subdelegada-en-las-palmas-para-dar-a-conocer-el-trabajo-formativo-de-la-entidad\/\"]}]},{\"@type\":\"ImageObject\",\"inLanguage\":\"en-GB\",\"@id\":\"https:\/\/blognoticias.ecca.edu.es\/ecca-edu-recibe-al-delegado-del-gobierno-en-canarias-y-a-la-subdelegada-en-las-palmas-para-dar-a-conocer-el-trabajo-formativo-de-la-entidad\/#primaryimage\",\"url\":\"https:\/\/blognoticias.ecca.edu.es\/wp-content\/uploads\/2026\/03\/Platilla-cuadrado-y-blog-1.png\",\"contentUrl\":\"https:\/\/blognoticias.ecca.edu.es\/wp-content\/uploads\/2026\/03\/Platilla-cuadrado-y-blog-1.png\",\"width\":1080,\"height\":1080,\"caption\":\"ecca.edu recibe al delegado del Gobierno en Canarias y la subdelegada en Las Palmas para mostrar el impacto de nuestro modelo educativo\"},{\"@type\":\"BreadcrumbList\",\"@id\":\"https:\/\/blognoticias.ecca.edu.es\/ecca-edu-recibe-al-delegado-del-gobierno-en-canarias-y-a-la-subdelegada-en-las-palmas-para-dar-a-conocer-el-trabajo-formativo-de-la-entidad\/#breadcrumb\",\"itemListElement\":[{\"@type\":\"ListItem\",\"position\":1,\"name\":\"Portada\",\"item\":\"https:\/\/blognoticias.ecca.edu.es\/\"},{\"@type\":\"ListItem\",\"position\":2,\"name\":\"ecca.edu recibe al delegado del Gobierno en Canarias y a la subdelegada en Las Palmas para dar a conocer el trabajo formativo de la entidad\"}]},{\"@type\":\"WebSite\",\"@id\":\"https:\/\/blognoticias.ecca.edu.es\/#website\",\"url\":\"https:\/\/blognoticias.ecca.edu.es\/\",\"name\":\"Blog Noticias Ecca\",\"description\":\"\",\"publisher\":{\"@id\":\"https:\/\/blognoticias.ecca.edu.es\/#organization\"},\"potentialAction\":[{\"@type\":\"SearchAction\",\"target\":{\"@type\":\"EntryPoint\",\"urlTemplate\":\"https:\/\/blognoticias.ecca.edu.es\/?s={search_term_string}\"},\"query-input\":{\"@type\":\"PropertyValueSpecification\",\"valueRequired\":true,\"valueName\":\"search_term_string\"}}],\"inLanguage\":\"en-GB\"},{\"@type\":\"Organization\",\"@id\":\"https:\/\/blognoticias.ecca.edu.es\/#organization\",\"name\":\"Blog Noticias Ecca\",\"url\":\"https:\/\/blognoticias.ecca.edu.es\/\",\"logo\":{\"@type\":\"ImageObject\",\"inLanguage\":\"en-GB\",\"@id\":\"https:\/\/blognoticias.ecca.edu.es\/#\/schema\/logo\/image\/\",\"url\":\"https:\/\/blognoticias.ecca.edu.es\/wp-content\/uploads\/2023\/02\/cropped-cropped-cropped-cropped-Logo-Ecca.edu_.png\",\"contentUrl\":\"https:\/\/blognoticias.ecca.edu.es\/wp-content\/uploads\/2023\/02\/cropped-cropped-cropped-cropped-Logo-Ecca.edu_.png\",\"width\":293,\"height\":45,\"caption\":\"Blog Noticias Ecca\"},\"image\":{\"@id\":\"https:\/\/blognoticias.ecca.edu.es\/#\/schema\/logo\/image\/\"},\"sameAs\":[\"https:\/\/www.facebook.com\/ecca.edu.es\",\"https:\/\/x.com\/eccaedu\",\"https:\/\/www.instagram.com\/\"]},{\"@type\":\"Person\",\"@id\":\"https:\/\/blognoticias.ecca.edu.es\/#\/schema\/person\/8070573f481ccba909661fdb1cf9e5eb\",\"name\":\"Ecca.edu\",\"image\":{\"@type\":\"ImageObject\",\"inLanguage\":\"en-GB\",\"@id\":\"https:\/\/blognoticias.ecca.edu.es\/#\/schema\/person\/image\/\",\"url\":\"https:\/\/blognoticias.ecca.edu.es\/wp-content\/uploads\/2023\/02\/LOGO-ECCAEDU-1-150x150.png\",\"contentUrl\":\"https:\/\/blognoticias.ecca.edu.es\/wp-content\/uploads\/2023\/02\/LOGO-ECCAEDU-1-150x150.png\",\"caption\":\"Ecca.edu\"},\"url\":\"https:\/\/blognoticias.ecca.edu.es\/en\/author\/ecca-edu\/\"}]}<\/script>\n<!-- \/ Yoast SEO plugin. -->","yoast_head_json":{"title":"ecca.edu recibe al delegado del Gobierno en Canarias y a la subdelegada en Las Palmas para dar a conocer el trabajo formativo de la entidad","description":"ecca.edu recibe al delegado del Gobierno en Canarias y la subdelegada en Las Palmas para mostrar el impacto de nuestro modelo educativo","robots":{"index":"index","follow":"follow","max-snippet":"max-snippet:-1","max-image-preview":"max-image-preview:large","max-video-preview":"max-video-preview:-1"},"canonical":"https:\/\/blognoticias.ecca.edu.es\/en\/ecca-edu-recibe-al-delegado-del-gobierno-en-canarias-y-a-la-subdelegada-en-las-palmas-para-dar-a-conocer-el-trabajo-formativo-de-la-entidad\/","og_locale":"en_GB","og_type":"article","og_title":"ecca.edu recibe al delegado del Gobierno en Canarias y a la subdelegada en Las Palmas para dar a conocer el trabajo formativo de la entidad","og_description":"ecca.edu recibe al delegado del Gobierno en Canarias y la subdelegada en Las Palmas para mostrar el impacto de nuestro modelo educativo","og_url":"https:\/\/blognoticias.ecca.edu.es\/en\/ecca-edu-recibe-al-delegado-del-gobierno-en-canarias-y-a-la-subdelegada-en-las-palmas-para-dar-a-conocer-el-trabajo-formativo-de-la-entidad\/","og_site_name":"Blog Noticias Ecca","article_publisher":"https:\/\/www.facebook.com\/ecca.edu.es","article_published_time":"2026-03-13T12:56:20+00:00","article_modified_time":"2026-03-13T12:56:28+00:00","og_image":[{"width":1080,"height":1080,"url":"https:\/\/blognoticias.ecca.edu.es\/wp-content\/uploads\/2026\/03\/Platilla-cuadrado-y-blog-1.png","type":"image\/png"}],"author":"Ecca.edu","twitter_card":"summary_large_image","twitter_creator":"@eccaedu","twitter_site":"@eccaedu","twitter_misc":{"Written by":"Ecca.edu","Estimated reading time":"3 minutes"},"schema":{"@context":"https:\/\/schema.org","@graph":[{"@type":"Article","@id":"https:\/\/blognoticias.ecca.edu.es\/ecca-edu-recibe-al-delegado-del-gobierno-en-canarias-y-a-la-subdelegada-en-las-palmas-para-dar-a-conocer-el-trabajo-formativo-de-la-entidad\/#article","isPartOf":{"@id":"https:\/\/blognoticias.ecca.edu.es\/ecca-edu-recibe-al-delegado-del-gobierno-en-canarias-y-a-la-subdelegada-en-las-palmas-para-dar-a-conocer-el-trabajo-formativo-de-la-entidad\/"},"author":{"name":"Ecca.edu","@id":"https:\/\/blognoticias.ecca.edu.es\/#\/schema\/person\/8070573f481ccba909661fdb1cf9e5eb"},"headline":"ecca.edu recibe al delegado del Gobierno en Canarias y a la subdelegada en Las Palmas para dar a conocer el trabajo formativo de la entidad","datePublished":"2026-03-13T12:56:20+00:00","dateModified":"2026-03-13T12:56:28+00:00","mainEntityOfPage":{"@id":"https:\/\/blognoticias.ecca.edu.es\/ecca-edu-recibe-al-delegado-del-gobierno-en-canarias-y-a-la-subdelegada-en-las-palmas-para-dar-a-conocer-el-trabajo-formativo-de-la-entidad\/"},"wordCount":374,"publisher":{"@id":"https:\/\/blognoticias.ecca.edu.es\/#organization"},"image":{"@id":"https:\/\/blognoticias.ecca.edu.es\/ecca-edu-recibe-al-delegado-del-gobierno-en-canarias-y-a-la-subdelegada-en-las-palmas-para-dar-a-conocer-el-trabajo-formativo-de-la-entidad\/#primaryimage"},"thumbnailUrl":"https:\/\/blognoticias.ecca.edu.es\/wp-content\/uploads\/2026\/03\/Platilla-cuadrado-y-blog-1.png","keywords":["Anselmo Pestana","Delegado del Gobierno en Canarias","ecca.edu","Gobierno de Espa\u00f1a","Subdelegada del Gobierno en Las Palmas","Teresa Mayans"],"articleSection":["Blog","Comunicaci\u00f3n","Formaci\u00f3n","igualdad","Noticias","Relevante"],"inLanguage":"en-GB"},{"@type":"WebPage","@id":"https:\/\/blognoticias.ecca.edu.es\/ecca-edu-recibe-al-delegado-del-gobierno-en-canarias-y-a-la-subdelegada-en-las-palmas-para-dar-a-conocer-el-trabajo-formativo-de-la-entidad\/","url":"https:\/\/blognoticias.ecca.edu.es\/ecca-edu-recibe-al-delegado-del-gobierno-en-canarias-y-a-la-subdelegada-en-las-palmas-para-dar-a-conocer-el-trabajo-formativo-de-la-entidad\/","name":"ecca.edu recibe al delegado del Gobierno en Canarias y a la subdelegada en Las Palmas para dar a conocer el trabajo formativo de la entidad","isPartOf":{"@id":"https:\/\/blognoticias.ecca.edu.es\/#website"},"primaryImageOfPage":{"@id":"https:\/\/blognoticias.ecca.edu.es\/ecca-edu-recibe-al-delegado-del-gobierno-en-canarias-y-a-la-subdelegada-en-las-palmas-para-dar-a-conocer-el-trabajo-formativo-de-la-entidad\/#primaryimage"},"image":{"@id":"https:\/\/blognoticias.ecca.edu.es\/ecca-edu-recibe-al-delegado-del-gobierno-en-canarias-y-a-la-subdelegada-en-las-palmas-para-dar-a-conocer-el-trabajo-formativo-de-la-entidad\/#primaryimage"},"thumbnailUrl":"https:\/\/blognoticias.ecca.edu.es\/wp-content\/uploads\/2026\/03\/Platilla-cuadrado-y-blog-1.png","datePublished":"2026-03-13T12:56:20+00:00","dateModified":"2026-03-13T12:56:28+00:00","description":"ecca.edu recibe al delegado del Gobierno en Canarias y la subdelegada en Las Palmas para mostrar el impacto de nuestro modelo educativo","breadcrumb":{"@id":"https:\/\/blognoticias.ecca.edu.es\/ecca-edu-recibe-al-delegado-del-gobierno-en-canarias-y-a-la-subdelegada-en-las-palmas-para-dar-a-conocer-el-trabajo-formativo-de-la-entidad\/#breadcrumb"},"inLanguage":"en-GB","potentialAction":[{"@type":"ReadAction","target":["https:\/\/blognoticias.ecca.edu.es\/ecca-edu-recibe-al-delegado-del-gobierno-en-canarias-y-a-la-subdelegada-en-las-palmas-para-dar-a-conocer-el-trabajo-formativo-de-la-entidad\/"]}]},{"@type":"ImageObject","inLanguage":"en-GB","@id":"https:\/\/blognoticias.ecca.edu.es\/ecca-edu-recibe-al-delegado-del-gobierno-en-canarias-y-a-la-subdelegada-en-las-palmas-para-dar-a-conocer-el-trabajo-formativo-de-la-entidad\/#primaryimage","url":"https:\/\/blognoticias.ecca.edu.es\/wp-content\/uploads\/2026\/03\/Platilla-cuadrado-y-blog-1.png","contentUrl":"https:\/\/blognoticias.ecca.edu.es\/wp-content\/uploads\/2026\/03\/Platilla-cuadrado-y-blog-1.png","width":1080,"height":1080,"caption":"ecca.edu recibe al delegado del Gobierno en Canarias y la subdelegada en Las Palmas para mostrar el impacto de nuestro modelo educativo"},{"@type":"BreadcrumbList","@id":"https:\/\/blognoticias.ecca.edu.es\/ecca-edu-recibe-al-delegado-del-gobierno-en-canarias-y-a-la-subdelegada-en-las-palmas-para-dar-a-conocer-el-trabajo-formativo-de-la-entidad\/#breadcrumb","itemListElement":[{"@type":"ListItem","position":1,"name":"Portada","item":"https:\/\/blognoticias.ecca.edu.es\/"},{"@type":"ListItem","position":2,"name":"ecca.edu recibe al delegado del Gobierno en Canarias y a la subdelegada en Las Palmas para dar a conocer el trabajo formativo de la entidad"}]},{"@type":"WebSite","@id":"https:\/\/blognoticias.ecca.edu.es\/#website","url":"https:\/\/blognoticias.ecca.edu.es\/","name":"Blog Noticias Ecca","description":"","publisher":{"@id":"https:\/\/blognoticias.ecca.edu.es\/#organization"},"potentialAction":[{"@type":"SearchAction","target":{"@type":"EntryPoint","urlTemplate":"https:\/\/blognoticias.ecca.edu.es\/?s={search_term_string}"},"query-input":{"@type":"PropertyValueSpecification","valueRequired":true,"valueName":"search_term_string"}}],"inLanguage":"en-GB"},{"@type":"Organization","@id":"https:\/\/blognoticias.ecca.edu.es\/#organization","name":"Blog Noticias Ecca","url":"https:\/\/blognoticias.ecca.edu.es\/","logo":{"@type":"ImageObject","inLanguage":"en-GB","@id":"https:\/\/blognoticias.ecca.edu.es\/#\/schema\/logo\/image\/","url":"https:\/\/blognoticias.ecca.edu.es\/wp-content\/uploads\/2023\/02\/cropped-cropped-cropped-cropped-Logo-Ecca.edu_.png","contentUrl":"https:\/\/blognoticias.ecca.edu.es\/wp-content\/uploads\/2023\/02\/cropped-cropped-cropped-cropped-Logo-Ecca.edu_.png","width":293,"height":45,"caption":"Blog Noticias Ecca"},"image":{"@id":"https:\/\/blognoticias.ecca.edu.es\/#\/schema\/logo\/image\/"},"sameAs":["https:\/\/www.facebook.com\/ecca.edu.es","https:\/\/x.com\/eccaedu","https:\/\/www.instagram.com\/"]},{"@type":"Person","@id":"https:\/\/blognoticias.ecca.edu.es\/#\/schema\/person\/8070573f481ccba909661fdb1cf9e5eb","name":"Ecca.edu","image":{"@type":"ImageObject","inLanguage":"en-GB","@id":"https:\/\/blognoticias.ecca.edu.es\/#\/schema\/person\/image\/","url":"https:\/\/blognoticias.ecca.edu.es\/wp-content\/uploads\/2023\/02\/LOGO-ECCAEDU-1-150x150.png","contentUrl":"https:\/\/blognoticias.ecca.edu.es\/wp-content\/uploads\/2023\/02\/LOGO-ECCAEDU-1-150x150.png","caption":"Ecca.edu"},"url":"https:\/\/blognoticias.ecca.edu.es\/en\/author\/ecca-edu\/"}]}},"_links":{"self":[{"href":"https:\/\/blognoticias.ecca.edu.es\/en\/wp-json\/wp\/v2\/posts\/6375","targetHints":{"allow":["GET"]}}],"collection":[{"href":"https:\/\/blognoticias.ecca.edu.es\/en\/wp-json\/wp\/v2\/posts"}],"about":[{"href":"https:\/\/blognoticias.ecca.edu.es\/en\/wp-json\/wp\/v2\/types\/post"}],"author":[{"embeddable":true,"href":"https:\/\/blognoticias.ecca.edu.es\/en\/wp-json\/wp\/v2\/users\/2"}],"replies":[{"embeddable":true,"href":"https:\/\/blognoticias.ecca.edu.es\/en\/wp-json\/wp\/v2\/comments?post=6375"}],"version-history":[{"count":1,"href":"https:\/\/blognoticias.ecca.edu.es\/en\/wp-json\/wp\/v2\/posts\/6375\/revisions"}],"predecessor-version":[{"id":6383,"href":"https:\/\/blognoticias.ecca.edu.es\/en\/wp-json\/wp\/v2\/posts\/6375\/revisions\/6383"}],"wp:featuredmedia":[{"embeddable":true,"href":"https:\/\/blognoticias.ecca.edu.es\/en\/wp-json\/wp\/v2\/media\/6382"}],"wp:attachment":[{"href":"https:\/\/blognoticias.ecca.edu.es\/en\/wp-json\/wp\/v2\/media?parent=6375"}],"wp:term":[{"taxonomy":"category","embeddable":true,"href":"https:\/\/blognoticias.ecca.edu.es\/en\/wp-json\/wp\/v2\/categories?post=6375"},{"taxonomy":"post_tag","embeddable":true,"href":"https:\/\/blognoticias.ecca.edu.es\/en\/wp-json\/wp\/v2\/tags?post=6375"}],"curies":[{"name":"wp","href":"https:\/\/api.w.org\/{rel}","templated":true}]}}