{"id":6277,"date":"2025-12-27T12:46:14","date_gmt":"2025-12-27T12:46:14","guid":{"rendered":"https:\/\/blognoticias.ecca.edu.es\/?p=6277"},"modified":"2026-01-28T12:55:38","modified_gmt":"2026-01-28T12:55:38","slug":"ecca-edu-y-el-ayuntamiento-de-valsequillo-impulsan-el-proyecto-dinamizate-con-valsequillo","status":"publish","type":"post","link":"https:\/\/blognoticias.ecca.edu.es\/en\/ecca-edu-y-el-ayuntamiento-de-valsequillo-impulsan-el-proyecto-dinamizate-con-valsequillo\/","title":{"rendered":"ecca.edu y el Ayuntamiento de Valsequillo impulsan el proyecto \u2018Dinam\u00edzate con Valsequillo\u2019"},"content":{"rendered":"<div class='booster-block booster-read-block'>\n                <div class=\"twp-read-time\">\n                \t<i class=\"booster-icon twp-clock\"><\/i> <span>Tiempo de lectura:<\/span>1 Minutos, 37 Segundos                <\/div>\n\n            <\/div><p><span style=\"font-weight: 400;\">En el marco de la colaboraci\u00f3n institucional para el desarrollo local, <\/span><b>ecca.edu<\/b><span style=\"font-weight: 400;\"> y el <\/span><a href=\"https:\/\/www.valsequillogc.es\/ayto3\/\"><b>Ayuntamiento de Valsequillo<\/b><\/a><span style=\"font-weight: 400;\"> han puesto en marcha el proyecto <\/span><b>\u2018Dinam\u00edzate con Valsequillo\u2019<\/b><span style=\"font-weight: 400;\">.\u00a0<\/span><\/p>\n<p><img loading=\"lazy\" decoding=\"async\" class=\"aligncenter wp-image-6279\" src=\"https:\/\/blognoticias.ecca.edu.es\/wp-content\/uploads\/2026\/01\/VISITA-INSTITUCIONAL.-ALCALDE-DE-VALSEQUILLO.-24-DE-NOVIEMBRE-1-1024x768.jpg\" alt=\"VISITA INSTITUCIONAL. ALCALDE DE VALSEQUILLO. 24 DE NOVIEMBRE (1)\" width=\"525\" height=\"394\" srcset=\"https:\/\/blognoticias.ecca.edu.es\/wp-content\/uploads\/2026\/01\/VISITA-INSTITUCIONAL.-ALCALDE-DE-VALSEQUILLO.-24-DE-NOVIEMBRE-1-1024x768.jpg 1024w, https:\/\/blognoticias.ecca.edu.es\/wp-content\/uploads\/2026\/01\/VISITA-INSTITUCIONAL.-ALCALDE-DE-VALSEQUILLO.-24-DE-NOVIEMBRE-1-300x225.jpg 300w, https:\/\/blognoticias.ecca.edu.es\/wp-content\/uploads\/2026\/01\/VISITA-INSTITUCIONAL.-ALCALDE-DE-VALSEQUILLO.-24-DE-NOVIEMBRE-1-768x576.jpg 768w, https:\/\/blognoticias.ecca.edu.es\/wp-content\/uploads\/2026\/01\/VISITA-INSTITUCIONAL.-ALCALDE-DE-VALSEQUILLO.-24-DE-NOVIEMBRE-1-1536x1152.jpg 1536w, https:\/\/blognoticias.ecca.edu.es\/wp-content\/uploads\/2026\/01\/VISITA-INSTITUCIONAL.-ALCALDE-DE-VALSEQUILLO.-24-DE-NOVIEMBRE-1-2048x1536.jpg 2048w, https:\/\/blognoticias.ecca.edu.es\/wp-content\/uploads\/2026\/01\/VISITA-INSTITUCIONAL.-ALCALDE-DE-VALSEQUILLO.-24-DE-NOVIEMBRE-1-16x12.jpg 16w\" sizes=\"auto, (max-width: 525px) 100vw, 525px\" \/><\/p>\n<p><span style=\"font-weight: 400;\">Esta iniciativa t\u00e9cnica tiene como objetivo principal mejorar la empleabilidad de la poblaci\u00f3n desempleada del municipio. Para lograrlo, se emplea una intervenci\u00f3n integral que combina la formaci\u00f3n acad\u00e9mica con diferentes acciones de dinamizaci\u00f3n profesional.<\/span><\/p>\n<h2><b>\u00bfQu\u00e9 formaci\u00f3n ofrece el programa \u2018Dinam\u00edzate con Valsequillo\u2019?<\/b><\/h2>\n<p><span style=\"font-weight: 400;\">La intervenci\u00f3n se centra en el desarrollo de competencias que faciliten la incorporaci\u00f3n de los participantes al <a href=\"https:\/\/blognoticias.ecca.edu.es\/en\/ecca-edu-y-el-cabildo-de-gran-canaria-inauguran-eccalab-un-espacio-clave-para-la-insercion-laboral-y-la-formacion-accesible\/\">mercado laboral<\/a>. Dentro de la oferta formativa del proyecto, las personas participantes pueden acceder a:<\/span><\/p>\n<ul>\n<li style=\"font-weight: 400;\" aria-level=\"1\"><b>EIPA<\/b><span style=\"font-weight: 400;\">: Educaci\u00f3n Inicial para Personas Adultas.<\/span><\/li>\n<li style=\"font-weight: 400;\" aria-level=\"1\"><b>ESPA<\/b><span style=\"font-weight: 400;\">: Educaci\u00f3n Secundaria para Personas Adultas.<\/span><\/li>\n<li style=\"font-weight: 400;\" aria-level=\"1\"><b>Bachillerato<\/b><span style=\"font-weight: 400;\">: preparaci\u00f3n para el acceso a etapas educativas superiores.<\/span><\/li>\n<li style=\"font-weight: 400;\" aria-level=\"1\"><b>Aula Abierta<\/b><span style=\"font-weight: 400;\">: cursos destinados a la actualizaci\u00f3n de conocimientos t\u00e9cnicos.<\/span><\/li>\n<\/ul>\n<p><span style=\"font-weight: 400;\">Adem\u00e1s, todo ello se desarrolla bajo la <\/span><b>metodolog\u00eda ecca<\/b><span style=\"font-weight: 400;\">, un sistema flexible y a distancia que combina material impreso, clases en audio y tutor\u00edas personalizadas, facilitando la conciliaci\u00f3n con la vida personal y laboral.<\/span><\/p>\n<h2><b>\u00bfA qui\u00e9n se dirige esta iniciativa de empleo y formaci\u00f3n?<\/b><\/h2>\n<p><span style=\"font-weight: 400;\">El proyecto est\u00e1 dise\u00f1ado para atender las necesidades del municipio, centr\u00e1ndose en el \u00e1mbito de actuaci\u00f3n de <\/span><b>Valsequillo<\/b><span style=\"font-weight: 400;\">. Las personas destinatarias son residentes mayores de 16 a\u00f1os, con especial atenci\u00f3n a quienes se encuentran en situaci\u00f3n de desempleo o cuentan con escasos recursos econ\u00f3micos.<\/span><\/p>\n<p><img loading=\"lazy\" decoding=\"async\" class=\"aligncenter wp-image-6278\" src=\"https:\/\/blognoticias.ecca.edu.es\/wp-content\/uploads\/2026\/01\/IMG-20250312-WA0046-1024x771.jpg\" alt=\"ecca.edu y el Ayuntamiento de Valsequillo impulsan el proyecto \u2018Dinam\u00edzate con Valsequillo\u2019\" width=\"576\" height=\"434\" srcset=\"https:\/\/blognoticias.ecca.edu.es\/wp-content\/uploads\/2026\/01\/IMG-20250312-WA0046-1024x771.jpg 1024w, https:\/\/blognoticias.ecca.edu.es\/wp-content\/uploads\/2026\/01\/IMG-20250312-WA0046-300x226.jpg 300w, https:\/\/blognoticias.ecca.edu.es\/wp-content\/uploads\/2026\/01\/IMG-20250312-WA0046-768x578.jpg 768w, https:\/\/blognoticias.ecca.edu.es\/wp-content\/uploads\/2026\/01\/IMG-20250312-WA0046-1536x1156.jpg 1536w, https:\/\/blognoticias.ecca.edu.es\/wp-content\/uploads\/2026\/01\/IMG-20250312-WA0046-16x12.jpg 16w, https:\/\/blognoticias.ecca.edu.es\/wp-content\/uploads\/2026\/01\/IMG-20250312-WA0046.jpg 1600w\" sizes=\"auto, (max-width: 576px) 100vw, 576px\" \/><\/p>\n<p><span style=\"font-weight: 400;\">Priorizamos la participaci\u00f3n de aquellas personas que a\u00fan no disponen del t\u00edtulo en Educaci\u00f3n Secundaria, ofreci\u00e9ndoles una oportunidad \u00fanica para retomar sus estudios.\u00a0<\/span><\/p>\n<p><span style=\"font-weight: 400;\">Con <\/span><b>\u2018Dinam\u00edzate con Valsequillo\u2019<\/b><span style=\"font-weight: 400;\">, buscamos no solo la formaci\u00f3n acad\u00e9mica, sino fortalecer la participaci\u00f3n activa de la ciudadan\u00eda en las nuevas oportunidades laborales de la isla.<\/span><\/p>\n<h3><b>Compromiso con el desarrollo local<\/b><\/h3>\n<p><span style=\"font-weight: 400;\">Desde <\/span><b>ecca.edu<\/b><span style=\"font-weight: 400;\">, agradecemos al Ayuntamiento de Valsequillo su confianza y el apoyo brindado a trav\u00e9s de esta subvenci\u00f3n concedida en 2025.\u00a0<\/span><\/p>\n<p><span style=\"font-weight: 400;\">Asimismo, este respaldo institucional es clave para seguir transformando vidas a trav\u00e9s de una educaci\u00f3n inclusiva y cercana que responde a las necesidades reales de nuestra gente.<\/span><\/p>\n<p><img loading=\"lazy\" decoding=\"async\" class=\"aligncenter wp-image-6280\" src=\"https:\/\/blognoticias.ecca.edu.es\/wp-content\/uploads\/2026\/01\/INICIO-CAMPANA-EN-VALSEQUILLO-1024x768.jpeg\" alt=\"INICIO CAMPA\u00d1A EN VALSEQUILLO\" width=\"630\" height=\"473\" srcset=\"https:\/\/blognoticias.ecca.edu.es\/wp-content\/uploads\/2026\/01\/INICIO-CAMPANA-EN-VALSEQUILLO-1024x768.jpeg 1024w, https:\/\/blognoticias.ecca.edu.es\/wp-content\/uploads\/2026\/01\/INICIO-CAMPANA-EN-VALSEQUILLO-300x225.jpeg 300w, https:\/\/blognoticias.ecca.edu.es\/wp-content\/uploads\/2026\/01\/INICIO-CAMPANA-EN-VALSEQUILLO-768x576.jpeg 768w, https:\/\/blognoticias.ecca.edu.es\/wp-content\/uploads\/2026\/01\/INICIO-CAMPANA-EN-VALSEQUILLO-1536x1152.jpeg 1536w, https:\/\/blognoticias.ecca.edu.es\/wp-content\/uploads\/2026\/01\/INICIO-CAMPANA-EN-VALSEQUILLO-16x12.jpeg 16w, https:\/\/blognoticias.ecca.edu.es\/wp-content\/uploads\/2026\/01\/INICIO-CAMPANA-EN-VALSEQUILLO.jpeg 1600w\" sizes=\"auto, (max-width: 630px) 100vw, 630px\" \/><\/p>","protected":false},"excerpt":{"rendered":"<p>En el marco de la colaboraci\u00f3n institucional para el desarrollo local, ecca.edu y el Ayuntamiento de Valsequillo han puesto en marcha el proyecto \u2018Dinam\u00edzate con Valsequillo\u2019.\u00a0 Esta iniciativa t\u00e9cnica tiene como objetivo principal mejorar la empleabilidad de la poblaci\u00f3n desempleada del municipio. Para lograrlo, se emplea una intervenci\u00f3n integral que combina la formaci\u00f3n acad\u00e9mica con [&hellip;]<\/p>","protected":false},"author":2,"featured_media":6281,"comment_status":"closed","ping_status":"closed","sticky":false,"template":"","format":"standard","meta":{"footnotes":""},"categories":[1,102,177,1293],"tags":[1554,27,1552,1553,1551],"class_list":["post-6277","post","type-post","status-publish","format-standard","has-post-thumbnail","hentry","category-blog","category-comunicacion","category-formacion","category-noticias","tag-dinamizate-con-valsequillo","tag-ecca-edu","tag-formacion-valsequillo","tag-metodologia-ecca","tag-valsequillo"],"yoast_head":"<!-- This site is optimized with the Yoast SEO plugin v25.9 - https:\/\/yoast.com\/wordpress\/plugins\/seo\/ -->\n<title>ecca.edu y el Ayuntamiento de Valsequillo impulsan el proyecto \u2018Dinam\u00edzate con Valsequillo\u2019<\/title>\n<meta name=\"description\" content=\"ecca.edu y el Ayuntamiento de Valsequillo impulsan el proyecto &#039;Dinam\u00edzate con Valsequillo&#039; para mejorar la empleabilidad\" \/>\n<meta name=\"robots\" content=\"index, follow, max-snippet:-1, max-image-preview:large, max-video-preview:-1\" \/>\n<link rel=\"canonical\" href=\"https:\/\/blognoticias.ecca.edu.es\/en\/ecca-edu-y-el-ayuntamiento-de-valsequillo-impulsan-el-proyecto-dinamizate-con-valsequillo\/\" \/>\n<meta property=\"og:locale\" content=\"en_GB\" \/>\n<meta property=\"og:type\" content=\"article\" \/>\n<meta property=\"og:title\" content=\"ecca.edu y el Ayuntamiento de Valsequillo impulsan el proyecto \u2018Dinam\u00edzate con Valsequillo\u2019\" \/>\n<meta property=\"og:description\" content=\"ecca.edu y el Ayuntamiento de Valsequillo impulsan el proyecto &#039;Dinam\u00edzate con Valsequillo&#039; para mejorar la empleabilidad\" \/>\n<meta property=\"og:url\" content=\"https:\/\/blognoticias.ecca.edu.es\/en\/ecca-edu-y-el-ayuntamiento-de-valsequillo-impulsan-el-proyecto-dinamizate-con-valsequillo\/\" \/>\n<meta property=\"og:site_name\" content=\"Blog Noticias Ecca\" \/>\n<meta property=\"article:publisher\" content=\"https:\/\/www.facebook.com\/ecca.edu.es\" \/>\n<meta property=\"article:published_time\" content=\"2025-12-27T12:46:14+00:00\" \/>\n<meta property=\"article:modified_time\" content=\"2026-01-28T12:55:38+00:00\" \/>\n<meta property=\"og:image\" content=\"https:\/\/blognoticias.ecca.edu.es\/wp-content\/uploads\/2026\/01\/Platilla-Instagram-cuadrado-y-blog-27.png\" \/>\n\t<meta property=\"og:image:width\" content=\"1080\" \/>\n\t<meta property=\"og:image:height\" content=\"1080\" \/>\n\t<meta property=\"og:image:type\" content=\"image\/png\" \/>\n<meta name=\"author\" content=\"Ecca.edu\" \/>\n<meta name=\"twitter:card\" content=\"summary_large_image\" \/>\n<meta name=\"twitter:creator\" content=\"@eccaedu\" \/>\n<meta name=\"twitter:site\" content=\"@eccaedu\" \/>\n<meta name=\"twitter:label1\" content=\"Written by\" \/>\n\t<meta name=\"twitter:data1\" content=\"Ecca.edu\" \/>\n\t<meta name=\"twitter:label2\" content=\"Estimated reading time\" \/>\n\t<meta name=\"twitter:data2\" content=\"3 minutes\" \/>\n<script type=\"application\/ld+json\" class=\"yoast-schema-graph\">{\"@context\":\"https:\/\/schema.org\",\"@graph\":[{\"@type\":\"Article\",\"@id\":\"https:\/\/blognoticias.ecca.edu.es\/ecca-edu-y-el-ayuntamiento-de-valsequillo-impulsan-el-proyecto-dinamizate-con-valsequillo\/#article\",\"isPartOf\":{\"@id\":\"https:\/\/blognoticias.ecca.edu.es\/ecca-edu-y-el-ayuntamiento-de-valsequillo-impulsan-el-proyecto-dinamizate-con-valsequillo\/\"},\"author\":{\"name\":\"Ecca.edu\",\"@id\":\"https:\/\/blognoticias.ecca.edu.es\/#\/schema\/person\/8070573f481ccba909661fdb1cf9e5eb\"},\"headline\":\"ecca.edu y el Ayuntamiento de Valsequillo impulsan el proyecto \u2018Dinam\u00edzate con Valsequillo\u2019\",\"datePublished\":\"2025-12-27T12:46:14+00:00\",\"dateModified\":\"2026-01-28T12:55:38+00:00\",\"mainEntityOfPage\":{\"@id\":\"https:\/\/blognoticias.ecca.edu.es\/ecca-edu-y-el-ayuntamiento-de-valsequillo-impulsan-el-proyecto-dinamizate-con-valsequillo\/\"},\"wordCount\":379,\"publisher\":{\"@id\":\"https:\/\/blognoticias.ecca.edu.es\/#organization\"},\"image\":{\"@id\":\"https:\/\/blognoticias.ecca.edu.es\/ecca-edu-y-el-ayuntamiento-de-valsequillo-impulsan-el-proyecto-dinamizate-con-valsequillo\/#primaryimage\"},\"thumbnailUrl\":\"https:\/\/blognoticias.ecca.edu.es\/wp-content\/uploads\/2026\/01\/Platilla-Instagram-cuadrado-y-blog-27.png\",\"keywords\":[\"Dinam\u00edzate con Valsequillo\",\"ecca.edu\",\"Formaci\u00f3n Valsequillo\",\"metodolog\u00eda ecca\",\"Valsequillo\"],\"articleSection\":[\"Blog\",\"Comunicaci\u00f3n\",\"Formaci\u00f3n\",\"Noticias\"],\"inLanguage\":\"en-GB\"},{\"@type\":\"WebPage\",\"@id\":\"https:\/\/blognoticias.ecca.edu.es\/ecca-edu-y-el-ayuntamiento-de-valsequillo-impulsan-el-proyecto-dinamizate-con-valsequillo\/\",\"url\":\"https:\/\/blognoticias.ecca.edu.es\/ecca-edu-y-el-ayuntamiento-de-valsequillo-impulsan-el-proyecto-dinamizate-con-valsequillo\/\",\"name\":\"ecca.edu y el Ayuntamiento de Valsequillo impulsan el proyecto \u2018Dinam\u00edzate con Valsequillo\u2019\",\"isPartOf\":{\"@id\":\"https:\/\/blognoticias.ecca.edu.es\/#website\"},\"primaryImageOfPage\":{\"@id\":\"https:\/\/blognoticias.ecca.edu.es\/ecca-edu-y-el-ayuntamiento-de-valsequillo-impulsan-el-proyecto-dinamizate-con-valsequillo\/#primaryimage\"},\"image\":{\"@id\":\"https:\/\/blognoticias.ecca.edu.es\/ecca-edu-y-el-ayuntamiento-de-valsequillo-impulsan-el-proyecto-dinamizate-con-valsequillo\/#primaryimage\"},\"thumbnailUrl\":\"https:\/\/blognoticias.ecca.edu.es\/wp-content\/uploads\/2026\/01\/Platilla-Instagram-cuadrado-y-blog-27.png\",\"datePublished\":\"2025-12-27T12:46:14+00:00\",\"dateModified\":\"2026-01-28T12:55:38+00:00\",\"description\":\"ecca.edu y el Ayuntamiento de Valsequillo impulsan el proyecto 'Dinam\u00edzate con Valsequillo' para mejorar la empleabilidad\",\"breadcrumb\":{\"@id\":\"https:\/\/blognoticias.ecca.edu.es\/ecca-edu-y-el-ayuntamiento-de-valsequillo-impulsan-el-proyecto-dinamizate-con-valsequillo\/#breadcrumb\"},\"inLanguage\":\"en-GB\",\"potentialAction\":[{\"@type\":\"ReadAction\",\"target\":[\"https:\/\/blognoticias.ecca.edu.es\/ecca-edu-y-el-ayuntamiento-de-valsequillo-impulsan-el-proyecto-dinamizate-con-valsequillo\/\"]}]},{\"@type\":\"ImageObject\",\"inLanguage\":\"en-GB\",\"@id\":\"https:\/\/blognoticias.ecca.edu.es\/ecca-edu-y-el-ayuntamiento-de-valsequillo-impulsan-el-proyecto-dinamizate-con-valsequillo\/#primaryimage\",\"url\":\"https:\/\/blognoticias.ecca.edu.es\/wp-content\/uploads\/2026\/01\/Platilla-Instagram-cuadrado-y-blog-27.png\",\"contentUrl\":\"https:\/\/blognoticias.ecca.edu.es\/wp-content\/uploads\/2026\/01\/Platilla-Instagram-cuadrado-y-blog-27.png\",\"width\":1080,\"height\":1080,\"caption\":\"ecca.edu y el Ayuntamiento de Valsequillo impulsan el proyecto \u2018Dinam\u00edzate con Valsequillo\u2019\"},{\"@type\":\"BreadcrumbList\",\"@id\":\"https:\/\/blognoticias.ecca.edu.es\/ecca-edu-y-el-ayuntamiento-de-valsequillo-impulsan-el-proyecto-dinamizate-con-valsequillo\/#breadcrumb\",\"itemListElement\":[{\"@type\":\"ListItem\",\"position\":1,\"name\":\"Portada\",\"item\":\"https:\/\/blognoticias.ecca.edu.es\/\"},{\"@type\":\"ListItem\",\"position\":2,\"name\":\"ecca.edu y el Ayuntamiento de Valsequillo impulsan el proyecto \u2018Dinam\u00edzate con Valsequillo\u2019\"}]},{\"@type\":\"WebSite\",\"@id\":\"https:\/\/blognoticias.ecca.edu.es\/#website\",\"url\":\"https:\/\/blognoticias.ecca.edu.es\/\",\"name\":\"Blog Noticias Ecca\",\"description\":\"\",\"publisher\":{\"@id\":\"https:\/\/blognoticias.ecca.edu.es\/#organization\"},\"potentialAction\":[{\"@type\":\"SearchAction\",\"target\":{\"@type\":\"EntryPoint\",\"urlTemplate\":\"https:\/\/blognoticias.ecca.edu.es\/?s={search_term_string}\"},\"query-input\":{\"@type\":\"PropertyValueSpecification\",\"valueRequired\":true,\"valueName\":\"search_term_string\"}}],\"inLanguage\":\"en-GB\"},{\"@type\":\"Organization\",\"@id\":\"https:\/\/blognoticias.ecca.edu.es\/#organization\",\"name\":\"Blog Noticias Ecca\",\"url\":\"https:\/\/blognoticias.ecca.edu.es\/\",\"logo\":{\"@type\":\"ImageObject\",\"inLanguage\":\"en-GB\",\"@id\":\"https:\/\/blognoticias.ecca.edu.es\/#\/schema\/logo\/image\/\",\"url\":\"https:\/\/blognoticias.ecca.edu.es\/wp-content\/uploads\/2023\/02\/cropped-cropped-cropped-cropped-Logo-Ecca.edu_.png\",\"contentUrl\":\"https:\/\/blognoticias.ecca.edu.es\/wp-content\/uploads\/2023\/02\/cropped-cropped-cropped-cropped-Logo-Ecca.edu_.png\",\"width\":293,\"height\":45,\"caption\":\"Blog Noticias Ecca\"},\"image\":{\"@id\":\"https:\/\/blognoticias.ecca.edu.es\/#\/schema\/logo\/image\/\"},\"sameAs\":[\"https:\/\/www.facebook.com\/ecca.edu.es\",\"https:\/\/x.com\/eccaedu\",\"https:\/\/www.instagram.com\/\"]},{\"@type\":\"Person\",\"@id\":\"https:\/\/blognoticias.ecca.edu.es\/#\/schema\/person\/8070573f481ccba909661fdb1cf9e5eb\",\"name\":\"Ecca.edu\",\"image\":{\"@type\":\"ImageObject\",\"inLanguage\":\"en-GB\",\"@id\":\"https:\/\/blognoticias.ecca.edu.es\/#\/schema\/person\/image\/\",\"url\":\"https:\/\/blognoticias.ecca.edu.es\/wp-content\/uploads\/2023\/02\/LOGO-ECCAEDU-1-150x150.png\",\"contentUrl\":\"https:\/\/blognoticias.ecca.edu.es\/wp-content\/uploads\/2023\/02\/LOGO-ECCAEDU-1-150x150.png\",\"caption\":\"Ecca.edu\"},\"url\":\"https:\/\/blognoticias.ecca.edu.es\/en\/author\/ecca-edu\/\"}]}<\/script>\n<!-- \/ Yoast SEO plugin. -->","yoast_head_json":{"title":"ecca.edu y el Ayuntamiento de Valsequillo impulsan el proyecto \u2018Dinam\u00edzate con Valsequillo\u2019","description":"ecca.edu y el Ayuntamiento de Valsequillo impulsan el proyecto 'Dinam\u00edzate con Valsequillo' para mejorar la empleabilidad","robots":{"index":"index","follow":"follow","max-snippet":"max-snippet:-1","max-image-preview":"max-image-preview:large","max-video-preview":"max-video-preview:-1"},"canonical":"https:\/\/blognoticias.ecca.edu.es\/en\/ecca-edu-y-el-ayuntamiento-de-valsequillo-impulsan-el-proyecto-dinamizate-con-valsequillo\/","og_locale":"en_GB","og_type":"article","og_title":"ecca.edu y el Ayuntamiento de Valsequillo impulsan el proyecto \u2018Dinam\u00edzate con Valsequillo\u2019","og_description":"ecca.edu y el Ayuntamiento de Valsequillo impulsan el proyecto 'Dinam\u00edzate con Valsequillo' para mejorar la empleabilidad","og_url":"https:\/\/blognoticias.ecca.edu.es\/en\/ecca-edu-y-el-ayuntamiento-de-valsequillo-impulsan-el-proyecto-dinamizate-con-valsequillo\/","og_site_name":"Blog Noticias Ecca","article_publisher":"https:\/\/www.facebook.com\/ecca.edu.es","article_published_time":"2025-12-27T12:46:14+00:00","article_modified_time":"2026-01-28T12:55:38+00:00","og_image":[{"width":1080,"height":1080,"url":"https:\/\/blognoticias.ecca.edu.es\/wp-content\/uploads\/2026\/01\/Platilla-Instagram-cuadrado-y-blog-27.png","type":"image\/png"}],"author":"Ecca.edu","twitter_card":"summary_large_image","twitter_creator":"@eccaedu","twitter_site":"@eccaedu","twitter_misc":{"Written by":"Ecca.edu","Estimated reading time":"3 minutes"},"schema":{"@context":"https:\/\/schema.org","@graph":[{"@type":"Article","@id":"https:\/\/blognoticias.ecca.edu.es\/ecca-edu-y-el-ayuntamiento-de-valsequillo-impulsan-el-proyecto-dinamizate-con-valsequillo\/#article","isPartOf":{"@id":"https:\/\/blognoticias.ecca.edu.es\/ecca-edu-y-el-ayuntamiento-de-valsequillo-impulsan-el-proyecto-dinamizate-con-valsequillo\/"},"author":{"name":"Ecca.edu","@id":"https:\/\/blognoticias.ecca.edu.es\/#\/schema\/person\/8070573f481ccba909661fdb1cf9e5eb"},"headline":"ecca.edu y el Ayuntamiento de Valsequillo impulsan el proyecto \u2018Dinam\u00edzate con Valsequillo\u2019","datePublished":"2025-12-27T12:46:14+00:00","dateModified":"2026-01-28T12:55:38+00:00","mainEntityOfPage":{"@id":"https:\/\/blognoticias.ecca.edu.es\/ecca-edu-y-el-ayuntamiento-de-valsequillo-impulsan-el-proyecto-dinamizate-con-valsequillo\/"},"wordCount":379,"publisher":{"@id":"https:\/\/blognoticias.ecca.edu.es\/#organization"},"image":{"@id":"https:\/\/blognoticias.ecca.edu.es\/ecca-edu-y-el-ayuntamiento-de-valsequillo-impulsan-el-proyecto-dinamizate-con-valsequillo\/#primaryimage"},"thumbnailUrl":"https:\/\/blognoticias.ecca.edu.es\/wp-content\/uploads\/2026\/01\/Platilla-Instagram-cuadrado-y-blog-27.png","keywords":["Dinam\u00edzate con Valsequillo","ecca.edu","Formaci\u00f3n Valsequillo","metodolog\u00eda ecca","Valsequillo"],"articleSection":["Blog","Comunicaci\u00f3n","Formaci\u00f3n","Noticias"],"inLanguage":"en-GB"},{"@type":"WebPage","@id":"https:\/\/blognoticias.ecca.edu.es\/ecca-edu-y-el-ayuntamiento-de-valsequillo-impulsan-el-proyecto-dinamizate-con-valsequillo\/","url":"https:\/\/blognoticias.ecca.edu.es\/ecca-edu-y-el-ayuntamiento-de-valsequillo-impulsan-el-proyecto-dinamizate-con-valsequillo\/","name":"ecca.edu y el Ayuntamiento de Valsequillo impulsan el proyecto \u2018Dinam\u00edzate con Valsequillo\u2019","isPartOf":{"@id":"https:\/\/blognoticias.ecca.edu.es\/#website"},"primaryImageOfPage":{"@id":"https:\/\/blognoticias.ecca.edu.es\/ecca-edu-y-el-ayuntamiento-de-valsequillo-impulsan-el-proyecto-dinamizate-con-valsequillo\/#primaryimage"},"image":{"@id":"https:\/\/blognoticias.ecca.edu.es\/ecca-edu-y-el-ayuntamiento-de-valsequillo-impulsan-el-proyecto-dinamizate-con-valsequillo\/#primaryimage"},"thumbnailUrl":"https:\/\/blognoticias.ecca.edu.es\/wp-content\/uploads\/2026\/01\/Platilla-Instagram-cuadrado-y-blog-27.png","datePublished":"2025-12-27T12:46:14+00:00","dateModified":"2026-01-28T12:55:38+00:00","description":"ecca.edu y el Ayuntamiento de Valsequillo impulsan el proyecto 'Dinam\u00edzate con Valsequillo' para mejorar la empleabilidad","breadcrumb":{"@id":"https:\/\/blognoticias.ecca.edu.es\/ecca-edu-y-el-ayuntamiento-de-valsequillo-impulsan-el-proyecto-dinamizate-con-valsequillo\/#breadcrumb"},"inLanguage":"en-GB","potentialAction":[{"@type":"ReadAction","target":["https:\/\/blognoticias.ecca.edu.es\/ecca-edu-y-el-ayuntamiento-de-valsequillo-impulsan-el-proyecto-dinamizate-con-valsequillo\/"]}]},{"@type":"ImageObject","inLanguage":"en-GB","@id":"https:\/\/blognoticias.ecca.edu.es\/ecca-edu-y-el-ayuntamiento-de-valsequillo-impulsan-el-proyecto-dinamizate-con-valsequillo\/#primaryimage","url":"https:\/\/blognoticias.ecca.edu.es\/wp-content\/uploads\/2026\/01\/Platilla-Instagram-cuadrado-y-blog-27.png","contentUrl":"https:\/\/blognoticias.ecca.edu.es\/wp-content\/uploads\/2026\/01\/Platilla-Instagram-cuadrado-y-blog-27.png","width":1080,"height":1080,"caption":"ecca.edu y el Ayuntamiento de Valsequillo impulsan el proyecto \u2018Dinam\u00edzate con Valsequillo\u2019"},{"@type":"BreadcrumbList","@id":"https:\/\/blognoticias.ecca.edu.es\/ecca-edu-y-el-ayuntamiento-de-valsequillo-impulsan-el-proyecto-dinamizate-con-valsequillo\/#breadcrumb","itemListElement":[{"@type":"ListItem","position":1,"name":"Portada","item":"https:\/\/blognoticias.ecca.edu.es\/"},{"@type":"ListItem","position":2,"name":"ecca.edu y el Ayuntamiento de Valsequillo impulsan el proyecto \u2018Dinam\u00edzate con Valsequillo\u2019"}]},{"@type":"WebSite","@id":"https:\/\/blognoticias.ecca.edu.es\/#website","url":"https:\/\/blognoticias.ecca.edu.es\/","name":"Blog Noticias Ecca","description":"","publisher":{"@id":"https:\/\/blognoticias.ecca.edu.es\/#organization"},"potentialAction":[{"@type":"SearchAction","target":{"@type":"EntryPoint","urlTemplate":"https:\/\/blognoticias.ecca.edu.es\/?s={search_term_string}"},"query-input":{"@type":"PropertyValueSpecification","valueRequired":true,"valueName":"search_term_string"}}],"inLanguage":"en-GB"},{"@type":"Organization","@id":"https:\/\/blognoticias.ecca.edu.es\/#organization","name":"Blog Noticias Ecca","url":"https:\/\/blognoticias.ecca.edu.es\/","logo":{"@type":"ImageObject","inLanguage":"en-GB","@id":"https:\/\/blognoticias.ecca.edu.es\/#\/schema\/logo\/image\/","url":"https:\/\/blognoticias.ecca.edu.es\/wp-content\/uploads\/2023\/02\/cropped-cropped-cropped-cropped-Logo-Ecca.edu_.png","contentUrl":"https:\/\/blognoticias.ecca.edu.es\/wp-content\/uploads\/2023\/02\/cropped-cropped-cropped-cropped-Logo-Ecca.edu_.png","width":293,"height":45,"caption":"Blog Noticias Ecca"},"image":{"@id":"https:\/\/blognoticias.ecca.edu.es\/#\/schema\/logo\/image\/"},"sameAs":["https:\/\/www.facebook.com\/ecca.edu.es","https:\/\/x.com\/eccaedu","https:\/\/www.instagram.com\/"]},{"@type":"Person","@id":"https:\/\/blognoticias.ecca.edu.es\/#\/schema\/person\/8070573f481ccba909661fdb1cf9e5eb","name":"Ecca.edu","image":{"@type":"ImageObject","inLanguage":"en-GB","@id":"https:\/\/blognoticias.ecca.edu.es\/#\/schema\/person\/image\/","url":"https:\/\/blognoticias.ecca.edu.es\/wp-content\/uploads\/2023\/02\/LOGO-ECCAEDU-1-150x150.png","contentUrl":"https:\/\/blognoticias.ecca.edu.es\/wp-content\/uploads\/2023\/02\/LOGO-ECCAEDU-1-150x150.png","caption":"Ecca.edu"},"url":"https:\/\/blognoticias.ecca.edu.es\/en\/author\/ecca-edu\/"}]}},"_links":{"self":[{"href":"https:\/\/blognoticias.ecca.edu.es\/en\/wp-json\/wp\/v2\/posts\/6277","targetHints":{"allow":["GET"]}}],"collection":[{"href":"https:\/\/blognoticias.ecca.edu.es\/en\/wp-json\/wp\/v2\/posts"}],"about":[{"href":"https:\/\/blognoticias.ecca.edu.es\/en\/wp-json\/wp\/v2\/types\/post"}],"author":[{"embeddable":true,"href":"https:\/\/blognoticias.ecca.edu.es\/en\/wp-json\/wp\/v2\/users\/2"}],"replies":[{"embeddable":true,"href":"https:\/\/blognoticias.ecca.edu.es\/en\/wp-json\/wp\/v2\/comments?post=6277"}],"version-history":[{"count":2,"href":"https:\/\/blognoticias.ecca.edu.es\/en\/wp-json\/wp\/v2\/posts\/6277\/revisions"}],"predecessor-version":[{"id":6283,"href":"https:\/\/blognoticias.ecca.edu.es\/en\/wp-json\/wp\/v2\/posts\/6277\/revisions\/6283"}],"wp:featuredmedia":[{"embeddable":true,"href":"https:\/\/blognoticias.ecca.edu.es\/en\/wp-json\/wp\/v2\/media\/6281"}],"wp:attachment":[{"href":"https:\/\/blognoticias.ecca.edu.es\/en\/wp-json\/wp\/v2\/media?parent=6277"}],"wp:term":[{"taxonomy":"category","embeddable":true,"href":"https:\/\/blognoticias.ecca.edu.es\/en\/wp-json\/wp\/v2\/categories?post=6277"},{"taxonomy":"post_tag","embeddable":true,"href":"https:\/\/blognoticias.ecca.edu.es\/en\/wp-json\/wp\/v2\/tags?post=6277"}],"curies":[{"name":"wp","href":"https:\/\/api.w.org\/{rel}","templated":true}]}}