{"id":6249,"date":"2026-01-26T16:23:05","date_gmt":"2026-01-26T16:23:05","guid":{"rendered":"https:\/\/blognoticias.ecca.edu.es\/?p=6249"},"modified":"2026-01-30T11:29:27","modified_gmt":"2026-01-30T11:29:27","slug":"cabildo-de-gran-canaria-ultimo-escenario-de-la-exposicion-itinerante-que-conmemora-los-60-anos-de-ecca-edu","status":"publish","type":"post","link":"https:\/\/blognoticias.ecca.edu.es\/en\/cabildo-de-gran-canaria-ultimo-escenario-de-la-exposicion-itinerante-que-conmemora-los-60-anos-de-ecca-edu\/","title":{"rendered":"Cabildo de Gran Canaria, \u00faltimo escenario de la exposici\u00f3n itinerante que conmemora los 60 a\u00f1os de ecca.edu"},"content":{"rendered":"<div class='booster-block booster-read-block'>\n                <div class=\"twp-read-time\">\n                \t<i class=\"booster-icon twp-clock\"><\/i> <span>Tiempo de lectura:<\/span>3 Minutos, 57 Segundos                <\/div>\n\n            <\/div><p><span style=\"font-weight: 400;\">El <\/span><a href=\"https:\/\/cabildo.grancanaria.com\/\"><span style=\"font-weight: 400;\">Cabildo de Gran Canaria<\/span><\/a><span style=\"font-weight: 400;\"> acoge la \u00faltima parada de la exposici\u00f3n hist\u00f3rica que conmemora el 60 aniversario de <\/span><a href=\"http:\/\/ecca.edu.es\"><b>ecca.edu<\/b><\/a><b>. <\/b><span style=\"font-weight: 400;\">La inauguraci\u00f3n tuvo lugar este lunes en la sala de exposici\u00f3n que el Cabildo alberga en la Casa Palacio, ubicada en la calle Bravo Murillo, 23, de la capital grancanaria.\u00a0\u00a0<\/span><\/p>\n<p><img loading=\"lazy\" decoding=\"async\" class=\"aligncenter wp-image-6251\" src=\"https:\/\/blognoticias.ecca.edu.es\/wp-content\/uploads\/2026\/01\/4-1024x683.png\" alt=\"La muestra \u201860 a\u00f1os transformando vidas a trav\u00e9s de la educaci\u00f3n\u2019 culmina su recorrido por el archipi\u00e9lago\" width=\"561\" height=\"374\" srcset=\"https:\/\/blognoticias.ecca.edu.es\/wp-content\/uploads\/2026\/01\/4-1024x683.png 1024w, https:\/\/blognoticias.ecca.edu.es\/wp-content\/uploads\/2026\/01\/4-300x200.png 300w, https:\/\/blognoticias.ecca.edu.es\/wp-content\/uploads\/2026\/01\/4-768x512.png 768w, https:\/\/blognoticias.ecca.edu.es\/wp-content\/uploads\/2026\/01\/4-1536x1025.png 1536w, https:\/\/blognoticias.ecca.edu.es\/wp-content\/uploads\/2026\/01\/4-18x12.png 18w, https:\/\/blognoticias.ecca.edu.es\/wp-content\/uploads\/2026\/01\/4.png 2048w\" sizes=\"auto, (max-width: 561px) 100vw, 561px\" \/><\/p>\n<p><span style=\"font-weight: 400;\">Bajo el t\u00edtulo <\/span><b>\u201860 a\u00f1os transformando vidas a trav\u00e9s de la educaci\u00f3n\u2019<\/b><span style=\"font-weight: 400;\">, la muestra llega a su \u00faltima y m\u00e1s simb\u00f3lica parada tras haber recorrido todos los rincones del archipi\u00e9lago, celebrando seis d\u00e9cadas de compromiso con la formaci\u00f3n accesible y la transformaci\u00f3n educativa.\u00a0<\/span><\/p>\n<p><span style=\"font-weight: 400;\">El acto inaugural estuvo guiado por <\/span><b>Antonio Morales<\/b><span style=\"font-weight: 400;\">, presidente del Cabildo de Gran Canaria, y <\/span><b>Jos\u00e9 Mar\u00eda Segura SJ<\/b><span style=\"font-weight: 400;\">, director general de ecca.edu, acompa\u00f1ados por la consejera de Pol\u00edtica Social, Accesibilidad, Igualdad y Diversidad, <\/span><b>Isabel Mena<\/b><span style=\"font-weight: 400;\">, el director insular del Gabinete de Presidencia del Cabildo de Gran Canaria, <\/span><b>Marino Aldu\u00e1n,<\/b><span style=\"font-weight: 400;\"> la consejera insular <\/span><b>Josefa Luzardo<\/b><span style=\"font-weight: 400;\">, y la directora gerente de ecca.edu, <\/span><b>Gorety Almeida<\/b><span style=\"font-weight: 400;\">, junto a las docentes delegadas de ecca en las diferentes zonas de la isla.\u00a0<\/span><\/p>\n<p><img loading=\"lazy\" decoding=\"async\" class=\"aligncenter wp-image-6250\" src=\"https:\/\/blognoticias.ecca.edu.es\/wp-content\/uploads\/2026\/01\/Cris-Plantilla-horizontal-NP-rrss-6-1024x683.png\" alt=\" Cabildo de Gran Canaria, \u00faltimo escenario de la exposici\u00f3n itinerante que conmemora los 60 a\u00f1os de ecca.edu \" width=\"581\" height=\"388\" srcset=\"https:\/\/blognoticias.ecca.edu.es\/wp-content\/uploads\/2026\/01\/Cris-Plantilla-horizontal-NP-rrss-6-1024x683.png 1024w, https:\/\/blognoticias.ecca.edu.es\/wp-content\/uploads\/2026\/01\/Cris-Plantilla-horizontal-NP-rrss-6-300x200.png 300w, https:\/\/blognoticias.ecca.edu.es\/wp-content\/uploads\/2026\/01\/Cris-Plantilla-horizontal-NP-rrss-6-768x512.png 768w, https:\/\/blognoticias.ecca.edu.es\/wp-content\/uploads\/2026\/01\/Cris-Plantilla-horizontal-NP-rrss-6-1536x1025.png 1536w, https:\/\/blognoticias.ecca.edu.es\/wp-content\/uploads\/2026\/01\/Cris-Plantilla-horizontal-NP-rrss-6-18x12.png 18w, https:\/\/blognoticias.ecca.edu.es\/wp-content\/uploads\/2026\/01\/Cris-Plantilla-horizontal-NP-rrss-6.png 2048w\" sizes=\"auto, (max-width: 581px) 100vw, 581px\" \/><\/p>\n<h2><strong>Relaci\u00f3n hist\u00f3rica entre Cabildo de Gran Canaria y ecca.edu<\/strong><\/h2>\n<p><span style=\"font-weight: 400;\">Durante el acto, se puso en valor la hist\u00f3rica relaci\u00f3n entre ambas entidades. El Cabildo de Gran Canaria fue una de las primeras alianzas estrat\u00e9gicas de ecca.edu en sus inicios en 1965, un v\u00ednculo que ha sido fundamental para llevar la educaci\u00f3n inclusiva a miles de personas en la isla.<\/span><\/p>\n<p><span style=\"font-weight: 400;\">\u00abEs emocionante visualizar en esta exposici\u00f3n el \u00faltimo tramo de un recorrido que ha durado todo un a\u00f1o. Esta evoluci\u00f3n de ecca.edu est\u00e1 arraigada en el sentimiento colectivo de nuestra comunidad; es repasar la historia de mi vida y hacer memoria de cuando, alrededor de la radio, las familias reafirmaban su voluntad de formarse cuando el sistema no los pod\u00eda acoger\u00bb, afirm\u00f3 Antonio Morales durante la inauguraci\u00f3n.\u00a0<\/span><\/p>\n<p><span style=\"font-weight: 400;\"><img loading=\"lazy\" decoding=\"async\" class=\"aligncenter wp-image-6253\" src=\"https:\/\/blognoticias.ecca.edu.es\/wp-content\/uploads\/2026\/01\/2-1024x683.png\" alt=\"Antonio Morales, presidente del Cabildo de Gran Canaria, y Jos\u00e9 Mar\u00eda Segura SJ, director general de ecca.edu\" width=\"596\" height=\"397\" srcset=\"https:\/\/blognoticias.ecca.edu.es\/wp-content\/uploads\/2026\/01\/2-1024x683.png 1024w, https:\/\/blognoticias.ecca.edu.es\/wp-content\/uploads\/2026\/01\/2-300x200.png 300w, https:\/\/blognoticias.ecca.edu.es\/wp-content\/uploads\/2026\/01\/2-768x512.png 768w, https:\/\/blognoticias.ecca.edu.es\/wp-content\/uploads\/2026\/01\/2-1536x1025.png 1536w, https:\/\/blognoticias.ecca.edu.es\/wp-content\/uploads\/2026\/01\/2-18x12.png 18w, https:\/\/blognoticias.ecca.edu.es\/wp-content\/uploads\/2026\/01\/2.png 2048w\" sizes=\"auto, (max-width: 596px) 100vw, 596px\" \/><\/span><\/p>\n<h3><strong>Transformaci\u00f3n educativa<\/strong><\/h3>\n<p><span style=\"font-weight: 400;\">Adem\u00e1s, el presidente destac\u00f3 que la instituci\u00f3n ha sido \u00abun elemento fundamental en la transformaci\u00f3n social y educativa en la isla, abriendo posibilidades a sectores que no pod\u00edan acceder a la educaci\u00f3n. Estamos ante un proyecto de singular relevancia que ha transformado nuestra realidad y que hoy, adaptado a los nuevos tiempos, lo hace tambi\u00e9n en otros lugares del mundo desde Gran Canaria\u00bb.<\/span><\/p>\n<p><span style=\"font-weight: 400;\">Por su parte, Jos\u00e9 Mar\u00eda Segura SJ destac\u00f3 la vigencia del modelo de colaboraci\u00f3n de la entidad: \u00abDesde nuestro nacimiento, ecca.edu ha sido un modelo singular de alianza p\u00fablico-privada, uniendo a la sociedad civil, la Compa\u00f1\u00eda de Jes\u00fas, gobiernos locales y nacionales, as\u00ed como a donantes y benefactores particulares\u00bb.<\/span><\/p>\n<p><span style=\"font-weight: 400;\">Asimismo, el director general quiso agradecer el papel fundamental de la instituci\u00f3n insular: \u00abAgradecemos al Cabildo de Gran Canaria su capacidad de visi\u00f3n, que hizo posible este proyecto desde sus inicios, y su apoyo continuo durante todos estos a\u00f1os, que sigue permitiendo hacer realidad nuestra misi\u00f3n hoy. ecca.edu es un instrumento al servicio de la sociedad para cualquier administraci\u00f3n\u00bb.<\/span><\/p>\n<h2><b>Un recorrido por la historia y las alianzas<\/b><\/h2>\n<p><span style=\"font-weight: 400;\">Tras visitar diferentes ubicaciones del archipi\u00e9lago, la exposici\u00f3n itinerante de ecca.edu ha recorrido todas las islas compartiendo un viaje inmersivo a trav\u00e9s de seis d\u00e9cadas. Mediante paneles informativos, recursos multimedia y piezas hist\u00f3ricas, tanto el alumnado como representantes de las distintas entidades institucionales han podido ser testigos de los hitos que han marcado nuestra evoluci\u00f3n y el poder de la formaci\u00f3n a lo largo de la vida.<\/span><\/p>\n<p><span style=\"font-weight: 400;\"><img loading=\"lazy\" decoding=\"async\" class=\"aligncenter wp-image-6255\" src=\"https:\/\/blognoticias.ecca.edu.es\/wp-content\/uploads\/2026\/01\/5-1024x683.png\" alt=\"paneles informativos, recursos multimedia y piezas hist\u00f3ricas de ecca.edu y la radio\" width=\"617\" height=\"411\" srcset=\"https:\/\/blognoticias.ecca.edu.es\/wp-content\/uploads\/2026\/01\/5-1024x683.png 1024w, https:\/\/blognoticias.ecca.edu.es\/wp-content\/uploads\/2026\/01\/5-300x200.png 300w, https:\/\/blognoticias.ecca.edu.es\/wp-content\/uploads\/2026\/01\/5-768x512.png 768w, https:\/\/blognoticias.ecca.edu.es\/wp-content\/uploads\/2026\/01\/5-1536x1025.png 1536w, https:\/\/blognoticias.ecca.edu.es\/wp-content\/uploads\/2026\/01\/5-18x12.png 18w, https:\/\/blognoticias.ecca.edu.es\/wp-content\/uploads\/2026\/01\/5.png 2048w\" sizes=\"auto, (max-width: 617px) 100vw, 617px\" \/><\/span><\/p>\n<p><span style=\"font-weight: 400;\">Ha sido un trayecto cargado de emoci\u00f3n que reafirma la importancia de las alianzas estrat\u00e9gicas para tejer redes de apoyo en cada rinc\u00f3n de la geograf\u00eda canaria.<\/span><\/p>\n<p><span style=\"font-weight: 400;\">En este <\/span><b>especial 60 aniversario<\/b><span style=\"font-weight: 400;\">, recopilamos todos los lugares donde ha estado presente la muestra:<\/span><\/p>\n<p><span style=\"font-weight: 400;\">Toda la informaci\u00f3n disponible en <\/span><a href=\"https:\/\/ecca.edu.es\/nuestra-historia\/especial60aniversario\/\"><span style=\"font-weight: 400;\">https:\/\/ecca.edu.es\/nuestra-historia\/especial60aniversario\/<\/span><\/a><span style=\"font-weight: 400;\">\u00a0<\/span><\/p>\n<h2><b>Invitaci\u00f3n abierta al p\u00fablico<\/b><\/h2>\n<p><span style=\"font-weight: 400;\">La exposici\u00f3n permanecer\u00e1 disponible en el edificio del Cabildo de Gran Canaria (Calle Bravo Murillo, 23) hasta el pr\u00f3ximo <\/span><b>11 de febrero<\/b><span style=\"font-weight: 400;\">.\u00a0<\/span><\/p>\n<p><img loading=\"lazy\" decoding=\"async\" class=\"aligncenter wp-image-6256\" src=\"https:\/\/blognoticias.ecca.edu.es\/wp-content\/uploads\/2026\/01\/6-1024x683.png\" alt=\" especial 60 aniversario exposici\u00f3n itinerante\" width=\"584\" height=\"390\" srcset=\"https:\/\/blognoticias.ecca.edu.es\/wp-content\/uploads\/2026\/01\/6-1024x683.png 1024w, https:\/\/blognoticias.ecca.edu.es\/wp-content\/uploads\/2026\/01\/6-300x200.png 300w, https:\/\/blognoticias.ecca.edu.es\/wp-content\/uploads\/2026\/01\/6-768x512.png 768w, https:\/\/blognoticias.ecca.edu.es\/wp-content\/uploads\/2026\/01\/6-1536x1025.png 1536w, https:\/\/blognoticias.ecca.edu.es\/wp-content\/uploads\/2026\/01\/6-18x12.png 18w, https:\/\/blognoticias.ecca.edu.es\/wp-content\/uploads\/2026\/01\/6.png 2048w\" sizes=\"auto, (max-width: 584px) 100vw, 584px\" \/><\/p>\n<p><span style=\"font-weight: 400;\">ecca.edu invita a toda la ciudadan\u00eda a visitar esta muestra que no solo narra la historia de una instituci\u00f3n, sino la de miles de canarios y canarias que han transformado sus vidas a trav\u00e9s del aprendizaje.<\/span><\/p>\n<p><span style=\"font-weight: 400;\">Gracias a todas las personas y entidades que, junto a nuestro alumnado y equipo, han hecho posible compartir estas 6 d\u00e9cadas de historia y educaci\u00f3n con toda Canarias.<\/span><\/p>\n<h2>Declaraciones sobre el espacio<\/h2>\n<p>A continuaci\u00f3n, compartimos las declaraciones completas de Antonio Morales, presidente del Cabildo de Gran Canaria, y Jos\u00e9 Mar\u00eda Segura SJ, director general de ecca.edu, sobre el impacto de la exposici\u00f3n y la labor educativa de ecca en la isla:<\/p>\n<div class=\"wp-playlist wp-audio-playlist wp-playlist-light\">\n\t\t\t<div class=\"wp-playlist-current-item\"><\/div>\n\t\t<audio controls=\"controls\" preload=\"none\" width=\"728\"\n\t\t\t><\/audio>\n\t<div class=\"wp-playlist-next\"><\/div>\n\t<div class=\"wp-playlist-prev\"><\/div>\n\t<noscript>\n\t<ol>\n\t\t<li><a href='https:\/\/blognoticias.ecca.edu.es\/wp-content\/uploads\/2026\/01\/Antonio-Morales.mp3'>Antonio Morales<\/a><\/li><li><a href='https:\/\/blognoticias.ecca.edu.es\/wp-content\/uploads\/2026\/01\/Jose-Maria-Segura-SJ.mp3'>Jos\u00e9 Mar\u00eda Segura SJ<\/a><\/li>\t<\/ol>\n\t<\/noscript>\n\t<script type=\"application\/json\" class=\"wp-playlist-script\">{\"type\":\"audio\",\"tracklist\":true,\"tracknumbers\":true,\"images\":true,\"artists\":true,\"tracks\":[{\"src\":\"https:\/\/blognoticias.ecca.edu.es\/wp-content\/uploads\/2026\/01\/Antonio-Morales.mp3\",\"type\":\"audio\/mpeg\",\"title\":\"Antonio Morales\",\"caption\":\"\",\"description\":\"\\u00abAntonio Morales\\u00bb.\",\"meta\":{\"length_formatted\":\"1:40\"},\"image\":{\"src\":\"https:\/\/blognoticias.ecca.edu.es\/wp-includes\/images\/media\/audio.svg\",\"width\":48,\"height\":64},\"thumb\":{\"src\":\"https:\/\/blognoticias.ecca.edu.es\/wp-includes\/images\/media\/audio.svg\",\"width\":48,\"height\":64}},{\"src\":\"https:\/\/blognoticias.ecca.edu.es\/wp-content\/uploads\/2026\/01\/Jose-Maria-Segura-SJ.mp3\",\"type\":\"audio\/mpeg\",\"title\":\"Jos\\u00e9 Mar\\u00eda Segura SJ\",\"caption\":\"\",\"description\":\"\\u00abJos\\u00e9 Mar\\u00eda Segura SJ\\u00bb.\",\"meta\":{\"length_formatted\":\"1:11\"},\"image\":{\"src\":\"https:\/\/blognoticias.ecca.edu.es\/wp-includes\/images\/media\/audio.svg\",\"width\":48,\"height\":64},\"thumb\":{\"src\":\"https:\/\/blognoticias.ecca.edu.es\/wp-includes\/images\/media\/audio.svg\",\"width\":48,\"height\":64}}]}<\/script>\n<\/div>\n\t\n<h2>Todas las fotograf\u00edas de la inauguraci\u00f3n en el Cabildo de Gran Canaria<\/h2>\n<p>Accede a la galer\u00eda completa de la apertura de nuestra exposici\u00f3n itinerante en el Cabildo insular.<\/p>\n<div id='gallery-1' class='gallery galleryid-6249 gallery-columns-3 gallery-size-medium'><figure class='gallery-item'>\n\t\t\t<div class='gallery-icon landscape'>\n\t\t\t\t<a href='https:\/\/blognoticias.ecca.edu.es\/en\/cabildo-de-gran-canaria-ultimo-escenario-de-la-exposicion-itinerante-que-conmemora-los-60-anos-de-ecca-edu\/1-12\/'><img loading=\"lazy\" decoding=\"async\" width=\"300\" height=\"200\" src=\"https:\/\/blognoticias.ecca.edu.es\/wp-content\/uploads\/2026\/01\/1-300x200.png\" class=\"attachment-medium size-medium\" alt=\"\" srcset=\"https:\/\/blognoticias.ecca.edu.es\/wp-content\/uploads\/2026\/01\/1-300x200.png 300w, https:\/\/blognoticias.ecca.edu.es\/wp-content\/uploads\/2026\/01\/1-1024x683.png 1024w, https:\/\/blognoticias.ecca.edu.es\/wp-content\/uploads\/2026\/01\/1-768x512.png 768w, https:\/\/blognoticias.ecca.edu.es\/wp-content\/uploads\/2026\/01\/1-1536x1025.png 1536w, https:\/\/blognoticias.ecca.edu.es\/wp-content\/uploads\/2026\/01\/1-18x12.png 18w, https:\/\/blognoticias.ecca.edu.es\/wp-content\/uploads\/2026\/01\/1.png 2048w\" sizes=\"auto, (max-width: 300px) 100vw, 300px\" \/><\/a>\n\t\t\t<\/div><\/figure><figure class='gallery-item'>\n\t\t\t<div class='gallery-icon landscape'>\n\t\t\t\t<a href='https:\/\/blognoticias.ecca.edu.es\/en\/cabildo-de-gran-canaria-ultimo-escenario-de-la-exposicion-itinerante-que-conmemora-los-60-anos-de-ecca-edu\/el-cabildo-y-eccaedu-inauguran-la-exposicin-histrica-60-aos-transformando-vidas-a-travs-de-la-educacin_55062174695_o\/'><img loading=\"lazy\" decoding=\"async\" width=\"300\" height=\"200\" src=\"https:\/\/blognoticias.ecca.edu.es\/wp-content\/uploads\/2026\/01\/el-cabildo-y-eccaedu-inauguran-la-exposicin-histrica-60-aos-transformando-vidas-a-travs-de-la-educacin_55062174695_o-300x200.jpg\" class=\"attachment-medium size-medium\" alt=\"Cabildo de Gran Canaria, \u00faltimo escenario de la exposici\u00f3n itinerante que conmemora los 60 a\u00f1os de ecca.edu\" srcset=\"https:\/\/blognoticias.ecca.edu.es\/wp-content\/uploads\/2026\/01\/el-cabildo-y-eccaedu-inauguran-la-exposicin-histrica-60-aos-transformando-vidas-a-travs-de-la-educacin_55062174695_o-300x200.jpg 300w, https:\/\/blognoticias.ecca.edu.es\/wp-content\/uploads\/2026\/01\/el-cabildo-y-eccaedu-inauguran-la-exposicin-histrica-60-aos-transformando-vidas-a-travs-de-la-educacin_55062174695_o-1024x683.jpg 1024w, https:\/\/blognoticias.ecca.edu.es\/wp-content\/uploads\/2026\/01\/el-cabildo-y-eccaedu-inauguran-la-exposicin-histrica-60-aos-transformando-vidas-a-travs-de-la-educacin_55062174695_o-768x512.jpg 768w, https:\/\/blognoticias.ecca.edu.es\/wp-content\/uploads\/2026\/01\/el-cabildo-y-eccaedu-inauguran-la-exposicin-histrica-60-aos-transformando-vidas-a-travs-de-la-educacin_55062174695_o-1536x1024.jpg 1536w, https:\/\/blognoticias.ecca.edu.es\/wp-content\/uploads\/2026\/01\/el-cabildo-y-eccaedu-inauguran-la-exposicin-histrica-60-aos-transformando-vidas-a-travs-de-la-educacin_55062174695_o-2048x1366.jpg 2048w, https:\/\/blognoticias.ecca.edu.es\/wp-content\/uploads\/2026\/01\/el-cabildo-y-eccaedu-inauguran-la-exposicin-histrica-60-aos-transformando-vidas-a-travs-de-la-educacin_55062174695_o-18x12.jpg 18w\" sizes=\"auto, (max-width: 300px) 100vw, 300px\" \/><\/a>\n\t\t\t<\/div><\/figure><figure class='gallery-item'>\n\t\t\t<div class='gallery-icon landscape'>\n\t\t\t\t<a href='https:\/\/blognoticias.ecca.edu.es\/en\/cabildo-de-gran-canaria-ultimo-escenario-de-la-exposicion-itinerante-que-conmemora-los-60-anos-de-ecca-edu\/el-cabildo-y-eccaedu-inauguran-la-exposicin-histrica-60-aos-transformando-vidas-a-travs-de-la-educacin_55062174730_o\/'><img loading=\"lazy\" decoding=\"async\" width=\"300\" height=\"200\" src=\"https:\/\/blognoticias.ecca.edu.es\/wp-content\/uploads\/2026\/01\/el-cabildo-y-eccaedu-inauguran-la-exposicin-histrica-60-aos-transformando-vidas-a-travs-de-la-educacin_55062174730_o-300x200.jpg\" class=\"attachment-medium size-medium\" alt=\"Cabildo de Gran Canaria, \u00faltimo escenario de la exposici\u00f3n itinerante que conmemora los 60 a\u00f1os de ecca.edu\" srcset=\"https:\/\/blognoticias.ecca.edu.es\/wp-content\/uploads\/2026\/01\/el-cabildo-y-eccaedu-inauguran-la-exposicin-histrica-60-aos-transformando-vidas-a-travs-de-la-educacin_55062174730_o-300x200.jpg 300w, https:\/\/blognoticias.ecca.edu.es\/wp-content\/uploads\/2026\/01\/el-cabildo-y-eccaedu-inauguran-la-exposicin-histrica-60-aos-transformando-vidas-a-travs-de-la-educacin_55062174730_o-1024x683.jpg 1024w, https:\/\/blognoticias.ecca.edu.es\/wp-content\/uploads\/2026\/01\/el-cabildo-y-eccaedu-inauguran-la-exposicin-histrica-60-aos-transformando-vidas-a-travs-de-la-educacin_55062174730_o-768x512.jpg 768w, https:\/\/blognoticias.ecca.edu.es\/wp-content\/uploads\/2026\/01\/el-cabildo-y-eccaedu-inauguran-la-exposicin-histrica-60-aos-transformando-vidas-a-travs-de-la-educacin_55062174730_o-1536x1024.jpg 1536w, https:\/\/blognoticias.ecca.edu.es\/wp-content\/uploads\/2026\/01\/el-cabildo-y-eccaedu-inauguran-la-exposicin-histrica-60-aos-transformando-vidas-a-travs-de-la-educacin_55062174730_o-2048x1366.jpg 2048w, https:\/\/blognoticias.ecca.edu.es\/wp-content\/uploads\/2026\/01\/el-cabildo-y-eccaedu-inauguran-la-exposicin-histrica-60-aos-transformando-vidas-a-travs-de-la-educacin_55062174730_o-18x12.jpg 18w\" sizes=\"auto, (max-width: 300px) 100vw, 300px\" \/><\/a>\n\t\t\t<\/div><\/figure><figure class='gallery-item'>\n\t\t\t<div class='gallery-icon landscape'>\n\t\t\t\t<a href='https:\/\/blognoticias.ecca.edu.es\/en\/cabildo-de-gran-canaria-ultimo-escenario-de-la-exposicion-itinerante-que-conmemora-los-60-anos-de-ecca-edu\/el-cabildo-y-eccaedu-inauguran-la-exposicin-histrica-60-aos-transformando-vidas-a-travs-de-la-educacin_55060917222_o\/'><img loading=\"lazy\" decoding=\"async\" width=\"300\" height=\"200\" src=\"https:\/\/blognoticias.ecca.edu.es\/wp-content\/uploads\/2026\/01\/el-cabildo-y-eccaedu-inauguran-la-exposicin-histrica-60-aos-transformando-vidas-a-travs-de-la-educacin_55060917222_o-300x200.jpg\" class=\"attachment-medium size-medium\" alt=\"Cabildo de Gran Canaria, \u00faltimo escenario de la exposici\u00f3n itinerante que conmemora los 60 a\u00f1os de ecca.edu\" srcset=\"https:\/\/blognoticias.ecca.edu.es\/wp-content\/uploads\/2026\/01\/el-cabildo-y-eccaedu-inauguran-la-exposicin-histrica-60-aos-transformando-vidas-a-travs-de-la-educacin_55060917222_o-300x200.jpg 300w, https:\/\/blognoticias.ecca.edu.es\/wp-content\/uploads\/2026\/01\/el-cabildo-y-eccaedu-inauguran-la-exposicin-histrica-60-aos-transformando-vidas-a-travs-de-la-educacin_55060917222_o-1024x683.jpg 1024w, https:\/\/blognoticias.ecca.edu.es\/wp-content\/uploads\/2026\/01\/el-cabildo-y-eccaedu-inauguran-la-exposicin-histrica-60-aos-transformando-vidas-a-travs-de-la-educacin_55060917222_o-768x512.jpg 768w, https:\/\/blognoticias.ecca.edu.es\/wp-content\/uploads\/2026\/01\/el-cabildo-y-eccaedu-inauguran-la-exposicin-histrica-60-aos-transformando-vidas-a-travs-de-la-educacin_55060917222_o-1536x1024.jpg 1536w, https:\/\/blognoticias.ecca.edu.es\/wp-content\/uploads\/2026\/01\/el-cabildo-y-eccaedu-inauguran-la-exposicin-histrica-60-aos-transformando-vidas-a-travs-de-la-educacin_55060917222_o-2048x1366.jpg 2048w, https:\/\/blognoticias.ecca.edu.es\/wp-content\/uploads\/2026\/01\/el-cabildo-y-eccaedu-inauguran-la-exposicin-histrica-60-aos-transformando-vidas-a-travs-de-la-educacin_55060917222_o-18x12.jpg 18w\" sizes=\"auto, (max-width: 300px) 100vw, 300px\" \/><\/a>\n\t\t\t<\/div><\/figure><figure class='gallery-item'>\n\t\t\t<div class='gallery-icon landscape'>\n\t\t\t\t<a href='https:\/\/blognoticias.ecca.edu.es\/en\/cabildo-de-gran-canaria-ultimo-escenario-de-la-exposicion-itinerante-que-conmemora-los-60-anos-de-ecca-edu\/3-12\/'><img loading=\"lazy\" decoding=\"async\" width=\"300\" height=\"200\" src=\"https:\/\/blognoticias.ecca.edu.es\/wp-content\/uploads\/2026\/01\/3-300x200.png\" class=\"attachment-medium size-medium\" alt=\"Cabildo de Gran Canaria, \u00faltimo escenario de la exposici\u00f3n itinerante que conmemora los 60 a\u00f1os de ecca.edu\" srcset=\"https:\/\/blognoticias.ecca.edu.es\/wp-content\/uploads\/2026\/01\/3-300x200.png 300w, https:\/\/blognoticias.ecca.edu.es\/wp-content\/uploads\/2026\/01\/3-1024x683.png 1024w, https:\/\/blognoticias.ecca.edu.es\/wp-content\/uploads\/2026\/01\/3-768x512.png 768w, https:\/\/blognoticias.ecca.edu.es\/wp-content\/uploads\/2026\/01\/3-1536x1025.png 1536w, https:\/\/blognoticias.ecca.edu.es\/wp-content\/uploads\/2026\/01\/3-18x12.png 18w, https:\/\/blognoticias.ecca.edu.es\/wp-content\/uploads\/2026\/01\/3.png 2048w\" sizes=\"auto, (max-width: 300px) 100vw, 300px\" \/><\/a>\n\t\t\t<\/div><\/figure><figure class='gallery-item'>\n\t\t\t<div class='gallery-icon landscape'>\n\t\t\t\t<a href='https:\/\/blognoticias.ecca.edu.es\/en\/cabildo-de-gran-canaria-ultimo-escenario-de-la-exposicion-itinerante-que-conmemora-los-60-anos-de-ecca-edu\/el-cabildo-y-eccaedu-inauguran-la-exposicin-histrica-60-aos-transformando-vidas-a-travs-de-la-educacin_55061822186_o\/'><img loading=\"lazy\" decoding=\"async\" width=\"300\" height=\"200\" src=\"https:\/\/blognoticias.ecca.edu.es\/wp-content\/uploads\/2026\/01\/el-cabildo-y-eccaedu-inauguran-la-exposicin-histrica-60-aos-transformando-vidas-a-travs-de-la-educacin_55061822186_o-300x200.jpg\" class=\"attachment-medium size-medium\" alt=\"Cabildo de Gran Canaria, \u00faltimo escenario de la exposici\u00f3n itinerante que conmemora los 60 a\u00f1os de ecca.edu\" srcset=\"https:\/\/blognoticias.ecca.edu.es\/wp-content\/uploads\/2026\/01\/el-cabildo-y-eccaedu-inauguran-la-exposicin-histrica-60-aos-transformando-vidas-a-travs-de-la-educacin_55061822186_o-300x200.jpg 300w, https:\/\/blognoticias.ecca.edu.es\/wp-content\/uploads\/2026\/01\/el-cabildo-y-eccaedu-inauguran-la-exposicin-histrica-60-aos-transformando-vidas-a-travs-de-la-educacin_55061822186_o-1024x683.jpg 1024w, https:\/\/blognoticias.ecca.edu.es\/wp-content\/uploads\/2026\/01\/el-cabildo-y-eccaedu-inauguran-la-exposicin-histrica-60-aos-transformando-vidas-a-travs-de-la-educacin_55061822186_o-768x512.jpg 768w, https:\/\/blognoticias.ecca.edu.es\/wp-content\/uploads\/2026\/01\/el-cabildo-y-eccaedu-inauguran-la-exposicin-histrica-60-aos-transformando-vidas-a-travs-de-la-educacin_55061822186_o-1536x1024.jpg 1536w, https:\/\/blognoticias.ecca.edu.es\/wp-content\/uploads\/2026\/01\/el-cabildo-y-eccaedu-inauguran-la-exposicin-histrica-60-aos-transformando-vidas-a-travs-de-la-educacin_55061822186_o-2048x1366.jpg 2048w, https:\/\/blognoticias.ecca.edu.es\/wp-content\/uploads\/2026\/01\/el-cabildo-y-eccaedu-inauguran-la-exposicin-histrica-60-aos-transformando-vidas-a-travs-de-la-educacin_55061822186_o-18x12.jpg 18w\" sizes=\"auto, (max-width: 300px) 100vw, 300px\" \/><\/a>\n\t\t\t<\/div><\/figure><figure class='gallery-item'>\n\t\t\t<div class='gallery-icon landscape'>\n\t\t\t\t<a href='https:\/\/blognoticias.ecca.edu.es\/en\/cabildo-de-gran-canaria-ultimo-escenario-de-la-exposicion-itinerante-que-conmemora-los-60-anos-de-ecca-edu\/el-cabildo-y-eccaedu-inauguran-la-exposicin-histrica-60-aos-transformando-vidas-a-travs-de-la-educacin_55062174735_o\/'><img loading=\"lazy\" decoding=\"async\" width=\"300\" height=\"200\" src=\"https:\/\/blognoticias.ecca.edu.es\/wp-content\/uploads\/2026\/01\/el-cabildo-y-eccaedu-inauguran-la-exposicin-histrica-60-aos-transformando-vidas-a-travs-de-la-educacin_55062174735_o-300x200.jpg\" class=\"attachment-medium size-medium\" alt=\"Cabildo de Gran Canaria, \u00faltimo escenario de la exposici\u00f3n itinerante que conmemora los 60 a\u00f1os de ecca.edu\" srcset=\"https:\/\/blognoticias.ecca.edu.es\/wp-content\/uploads\/2026\/01\/el-cabildo-y-eccaedu-inauguran-la-exposicin-histrica-60-aos-transformando-vidas-a-travs-de-la-educacin_55062174735_o-300x200.jpg 300w, https:\/\/blognoticias.ecca.edu.es\/wp-content\/uploads\/2026\/01\/el-cabildo-y-eccaedu-inauguran-la-exposicin-histrica-60-aos-transformando-vidas-a-travs-de-la-educacin_55062174735_o-1024x683.jpg 1024w, https:\/\/blognoticias.ecca.edu.es\/wp-content\/uploads\/2026\/01\/el-cabildo-y-eccaedu-inauguran-la-exposicin-histrica-60-aos-transformando-vidas-a-travs-de-la-educacin_55062174735_o-768x512.jpg 768w, https:\/\/blognoticias.ecca.edu.es\/wp-content\/uploads\/2026\/01\/el-cabildo-y-eccaedu-inauguran-la-exposicin-histrica-60-aos-transformando-vidas-a-travs-de-la-educacin_55062174735_o-1536x1024.jpg 1536w, https:\/\/blognoticias.ecca.edu.es\/wp-content\/uploads\/2026\/01\/el-cabildo-y-eccaedu-inauguran-la-exposicin-histrica-60-aos-transformando-vidas-a-travs-de-la-educacin_55062174735_o-2048x1366.jpg 2048w, https:\/\/blognoticias.ecca.edu.es\/wp-content\/uploads\/2026\/01\/el-cabildo-y-eccaedu-inauguran-la-exposicin-histrica-60-aos-transformando-vidas-a-travs-de-la-educacin_55062174735_o-18x12.jpg 18w\" sizes=\"auto, (max-width: 300px) 100vw, 300px\" \/><\/a>\n\t\t\t<\/div><\/figure><figure class='gallery-item'>\n\t\t\t<div class='gallery-icon landscape'>\n\t\t\t\t<a href='https:\/\/blognoticias.ecca.edu.es\/en\/cabildo-de-gran-canaria-ultimo-escenario-de-la-exposicion-itinerante-que-conmemora-los-60-anos-de-ecca-edu\/el-cabildo-y-eccaedu-inauguran-la-exposicin-histrica-60-aos-transformando-vidas-a-travs-de-la-educacin_55061996763_o\/'><img loading=\"lazy\" decoding=\"async\" width=\"300\" height=\"200\" src=\"https:\/\/blognoticias.ecca.edu.es\/wp-content\/uploads\/2026\/01\/el-cabildo-y-eccaedu-inauguran-la-exposicin-histrica-60-aos-transformando-vidas-a-travs-de-la-educacin_55061996763_o-300x200.jpg\" class=\"attachment-medium size-medium\" alt=\"Cabildo de Gran Canaria, \u00faltimo escenario de la exposici\u00f3n itinerante que conmemora los 60 a\u00f1os de ecca.edu\" srcset=\"https:\/\/blognoticias.ecca.edu.es\/wp-content\/uploads\/2026\/01\/el-cabildo-y-eccaedu-inauguran-la-exposicin-histrica-60-aos-transformando-vidas-a-travs-de-la-educacin_55061996763_o-300x200.jpg 300w, https:\/\/blognoticias.ecca.edu.es\/wp-content\/uploads\/2026\/01\/el-cabildo-y-eccaedu-inauguran-la-exposicin-histrica-60-aos-transformando-vidas-a-travs-de-la-educacin_55061996763_o-1024x683.jpg 1024w, https:\/\/blognoticias.ecca.edu.es\/wp-content\/uploads\/2026\/01\/el-cabildo-y-eccaedu-inauguran-la-exposicin-histrica-60-aos-transformando-vidas-a-travs-de-la-educacin_55061996763_o-768x512.jpg 768w, https:\/\/blognoticias.ecca.edu.es\/wp-content\/uploads\/2026\/01\/el-cabildo-y-eccaedu-inauguran-la-exposicin-histrica-60-aos-transformando-vidas-a-travs-de-la-educacin_55061996763_o-1536x1024.jpg 1536w, https:\/\/blognoticias.ecca.edu.es\/wp-content\/uploads\/2026\/01\/el-cabildo-y-eccaedu-inauguran-la-exposicin-histrica-60-aos-transformando-vidas-a-travs-de-la-educacin_55061996763_o-2048x1366.jpg 2048w, https:\/\/blognoticias.ecca.edu.es\/wp-content\/uploads\/2026\/01\/el-cabildo-y-eccaedu-inauguran-la-exposicin-histrica-60-aos-transformando-vidas-a-travs-de-la-educacin_55061996763_o-18x12.jpg 18w\" sizes=\"auto, (max-width: 300px) 100vw, 300px\" \/><\/a>\n\t\t\t<\/div><\/figure><figure class='gallery-item'>\n\t\t\t<div class='gallery-icon landscape'>\n\t\t\t\t<a href='https:\/\/blognoticias.ecca.edu.es\/en\/cabildo-de-gran-canaria-ultimo-escenario-de-la-exposicion-itinerante-que-conmemora-los-60-anos-de-ecca-edu\/el-cabildo-y-eccaedu-inauguran-la-exposicin-histrica-60-aos-transformando-vidas-a-travs-de-la-educacin_55062174740_o\/'><img loading=\"lazy\" decoding=\"async\" width=\"300\" height=\"200\" src=\"https:\/\/blognoticias.ecca.edu.es\/wp-content\/uploads\/2026\/01\/el-cabildo-y-eccaedu-inauguran-la-exposicin-histrica-60-aos-transformando-vidas-a-travs-de-la-educacin_55062174740_o-300x200.jpg\" class=\"attachment-medium size-medium\" alt=\"Cabildo de Gran Canaria, \u00faltimo escenario de la exposici\u00f3n itinerante que conmemora los 60 a\u00f1os de ecca.edu\" srcset=\"https:\/\/blognoticias.ecca.edu.es\/wp-content\/uploads\/2026\/01\/el-cabildo-y-eccaedu-inauguran-la-exposicin-histrica-60-aos-transformando-vidas-a-travs-de-la-educacin_55062174740_o-300x200.jpg 300w, https:\/\/blognoticias.ecca.edu.es\/wp-content\/uploads\/2026\/01\/el-cabildo-y-eccaedu-inauguran-la-exposicin-histrica-60-aos-transformando-vidas-a-travs-de-la-educacin_55062174740_o-1024x683.jpg 1024w, https:\/\/blognoticias.ecca.edu.es\/wp-content\/uploads\/2026\/01\/el-cabildo-y-eccaedu-inauguran-la-exposicin-histrica-60-aos-transformando-vidas-a-travs-de-la-educacin_55062174740_o-768x512.jpg 768w, https:\/\/blognoticias.ecca.edu.es\/wp-content\/uploads\/2026\/01\/el-cabildo-y-eccaedu-inauguran-la-exposicin-histrica-60-aos-transformando-vidas-a-travs-de-la-educacin_55062174740_o-1536x1024.jpg 1536w, https:\/\/blognoticias.ecca.edu.es\/wp-content\/uploads\/2026\/01\/el-cabildo-y-eccaedu-inauguran-la-exposicin-histrica-60-aos-transformando-vidas-a-travs-de-la-educacin_55062174740_o-2048x1366.jpg 2048w, https:\/\/blognoticias.ecca.edu.es\/wp-content\/uploads\/2026\/01\/el-cabildo-y-eccaedu-inauguran-la-exposicin-histrica-60-aos-transformando-vidas-a-travs-de-la-educacin_55062174740_o-18x12.jpg 18w\" sizes=\"auto, (max-width: 300px) 100vw, 300px\" \/><\/a>\n\t\t\t<\/div><\/figure><figure class='gallery-item'>\n\t\t\t<div class='gallery-icon landscape'>\n\t\t\t\t<a href='https:\/\/blognoticias.ecca.edu.es\/en\/cabildo-de-gran-canaria-ultimo-escenario-de-la-exposicion-itinerante-que-conmemora-los-60-anos-de-ecca-edu\/el-cabildo-y-eccaedu-inauguran-la-exposicin-histrica-60-aos-transformando-vidas-a-travs-de-la-educacin_55062071359_o\/'><img loading=\"lazy\" decoding=\"async\" width=\"300\" height=\"200\" src=\"https:\/\/blognoticias.ecca.edu.es\/wp-content\/uploads\/2026\/01\/el-cabildo-y-eccaedu-inauguran-la-exposicin-histrica-60-aos-transformando-vidas-a-travs-de-la-educacin_55062071359_o-300x200.jpg\" class=\"attachment-medium size-medium\" alt=\"Cabildo de Gran Canaria, \u00faltimo escenario de la exposici\u00f3n itinerante que conmemora los 60 a\u00f1os de ecca.edu\" srcset=\"https:\/\/blognoticias.ecca.edu.es\/wp-content\/uploads\/2026\/01\/el-cabildo-y-eccaedu-inauguran-la-exposicin-histrica-60-aos-transformando-vidas-a-travs-de-la-educacin_55062071359_o-300x200.jpg 300w, https:\/\/blognoticias.ecca.edu.es\/wp-content\/uploads\/2026\/01\/el-cabildo-y-eccaedu-inauguran-la-exposicin-histrica-60-aos-transformando-vidas-a-travs-de-la-educacin_55062071359_o-1024x683.jpg 1024w, https:\/\/blognoticias.ecca.edu.es\/wp-content\/uploads\/2026\/01\/el-cabildo-y-eccaedu-inauguran-la-exposicin-histrica-60-aos-transformando-vidas-a-travs-de-la-educacin_55062071359_o-768x512.jpg 768w, https:\/\/blognoticias.ecca.edu.es\/wp-content\/uploads\/2026\/01\/el-cabildo-y-eccaedu-inauguran-la-exposicin-histrica-60-aos-transformando-vidas-a-travs-de-la-educacin_55062071359_o-1536x1024.jpg 1536w, https:\/\/blognoticias.ecca.edu.es\/wp-content\/uploads\/2026\/01\/el-cabildo-y-eccaedu-inauguran-la-exposicin-histrica-60-aos-transformando-vidas-a-travs-de-la-educacin_55062071359_o-2048x1366.jpg 2048w, https:\/\/blognoticias.ecca.edu.es\/wp-content\/uploads\/2026\/01\/el-cabildo-y-eccaedu-inauguran-la-exposicin-histrica-60-aos-transformando-vidas-a-travs-de-la-educacin_55062071359_o-18x12.jpg 18w\" sizes=\"auto, (max-width: 300px) 100vw, 300px\" \/><\/a>\n\t\t\t<\/div><\/figure><figure class='gallery-item'>\n\t\t\t<div class='gallery-icon landscape'>\n\t\t\t\t<a href='https:\/\/blognoticias.ecca.edu.es\/en\/cabildo-de-gran-canaria-ultimo-escenario-de-la-exposicion-itinerante-que-conmemora-los-60-anos-de-ecca-edu\/el-cabildo-y-eccaedu-inauguran-la-exposicin-histrica-60-aos-transformando-vidas-a-travs-de-la-educacin_55061822116_o\/'><img loading=\"lazy\" decoding=\"async\" width=\"300\" height=\"200\" src=\"https:\/\/blognoticias.ecca.edu.es\/wp-content\/uploads\/2026\/01\/el-cabildo-y-eccaedu-inauguran-la-exposicin-histrica-60-aos-transformando-vidas-a-travs-de-la-educacin_55061822116_o-300x200.jpg\" class=\"attachment-medium size-medium\" alt=\"Cabildo de Gran Canaria, \u00faltimo escenario de la exposici\u00f3n itinerante que conmemora los 60 a\u00f1os de ecca.edu\" srcset=\"https:\/\/blognoticias.ecca.edu.es\/wp-content\/uploads\/2026\/01\/el-cabildo-y-eccaedu-inauguran-la-exposicin-histrica-60-aos-transformando-vidas-a-travs-de-la-educacin_55061822116_o-300x200.jpg 300w, https:\/\/blognoticias.ecca.edu.es\/wp-content\/uploads\/2026\/01\/el-cabildo-y-eccaedu-inauguran-la-exposicin-histrica-60-aos-transformando-vidas-a-travs-de-la-educacin_55061822116_o-1024x683.jpg 1024w, https:\/\/blognoticias.ecca.edu.es\/wp-content\/uploads\/2026\/01\/el-cabildo-y-eccaedu-inauguran-la-exposicin-histrica-60-aos-transformando-vidas-a-travs-de-la-educacin_55061822116_o-768x512.jpg 768w, https:\/\/blognoticias.ecca.edu.es\/wp-content\/uploads\/2026\/01\/el-cabildo-y-eccaedu-inauguran-la-exposicin-histrica-60-aos-transformando-vidas-a-travs-de-la-educacin_55061822116_o-1536x1024.jpg 1536w, https:\/\/blognoticias.ecca.edu.es\/wp-content\/uploads\/2026\/01\/el-cabildo-y-eccaedu-inauguran-la-exposicin-histrica-60-aos-transformando-vidas-a-travs-de-la-educacin_55061822116_o-2048x1366.jpg 2048w, https:\/\/blognoticias.ecca.edu.es\/wp-content\/uploads\/2026\/01\/el-cabildo-y-eccaedu-inauguran-la-exposicin-histrica-60-aos-transformando-vidas-a-travs-de-la-educacin_55061822116_o-18x12.jpg 18w\" sizes=\"auto, (max-width: 300px) 100vw, 300px\" \/><\/a>\n\t\t\t<\/div><\/figure>\n\t\t<\/div>","protected":false},"excerpt":{"rendered":"<p>El Cabildo de Gran Canaria acoge la \u00faltima parada de la exposici\u00f3n hist\u00f3rica que conmemora el 60 aniversario de ecca.edu. La inauguraci\u00f3n tuvo lugar este lunes en la sala de exposici\u00f3n que el Cabildo alberga en la Casa Palacio, ubicada en la calle Bravo Murillo, 23, de la capital grancanaria.\u00a0\u00a0 Bajo el t\u00edtulo \u201860 a\u00f1os [&hellip;]<\/p>","protected":false},"author":2,"featured_media":6270,"comment_status":"closed","ping_status":"closed","sticky":false,"template":"","format":"standard","meta":{"footnotes":""},"categories":[1,102,177,1293,106],"tags":[1320,1321,1312,1549,1301,1475,1550],"class_list":["post-6249","post","type-post","status-publish","format-standard","has-post-thumbnail","hentry","category-blog","category-comunicacion","category-formacion","category-noticias","category-relevante","tag-60aniversario","tag-60anostransformandovidas","tag-tufuturoaturitmo","tag-antonio-morales","tag-cabildo-de-gran-canaria","tag-exposicion-ecca-edu","tag-exposiciones-gran-canaria"],"yoast_head":"<!-- This site is optimized with the Yoast SEO plugin v25.9 - https:\/\/yoast.com\/wordpress\/plugins\/seo\/ -->\n<title>Cabildo de Gran Canaria, \u00faltimo escenario de la exposici\u00f3n itinerante que conmemora los 60 a\u00f1os de ecca.edu<\/title>\n<meta name=\"description\" content=\"El Cabildo de Gran Canaria acoge la \u00faltima parada de la exposici\u00f3n hist\u00f3rica que conmemora el 60 aniversario de ecca.edu\" \/>\n<meta name=\"robots\" content=\"index, follow, max-snippet:-1, max-image-preview:large, max-video-preview:-1\" \/>\n<link rel=\"canonical\" href=\"https:\/\/blognoticias.ecca.edu.es\/en\/cabildo-de-gran-canaria-ultimo-escenario-de-la-exposicion-itinerante-que-conmemora-los-60-anos-de-ecca-edu\/\" \/>\n<meta property=\"og:locale\" content=\"en_GB\" \/>\n<meta property=\"og:type\" content=\"article\" \/>\n<meta property=\"og:title\" content=\"Cabildo de Gran Canaria, \u00faltimo escenario de la exposici\u00f3n itinerante que conmemora los 60 a\u00f1os de ecca.edu\" \/>\n<meta property=\"og:description\" content=\"El Cabildo de Gran Canaria acoge la \u00faltima parada de la exposici\u00f3n hist\u00f3rica que conmemora el 60 aniversario de ecca.edu\" \/>\n<meta property=\"og:url\" content=\"https:\/\/blognoticias.ecca.edu.es\/en\/cabildo-de-gran-canaria-ultimo-escenario-de-la-exposicion-itinerante-que-conmemora-los-60-anos-de-ecca-edu\/\" \/>\n<meta property=\"og:site_name\" content=\"Blog Noticias Ecca\" \/>\n<meta property=\"article:publisher\" content=\"https:\/\/www.facebook.com\/ecca.edu.es\" \/>\n<meta property=\"article:published_time\" content=\"2026-01-26T16:23:05+00:00\" \/>\n<meta property=\"article:modified_time\" content=\"2026-01-30T11:29:27+00:00\" \/>\n<meta property=\"og:image\" content=\"https:\/\/blognoticias.ecca.edu.es\/wp-content\/uploads\/2026\/01\/Platilla-Instagram-cuadrado-y-blog-26.png\" \/>\n\t<meta property=\"og:image:width\" content=\"1080\" \/>\n\t<meta property=\"og:image:height\" content=\"1080\" \/>\n\t<meta property=\"og:image:type\" content=\"image\/png\" \/>\n<meta name=\"author\" content=\"Ecca.edu\" \/>\n<meta name=\"twitter:card\" content=\"summary_large_image\" \/>\n<meta name=\"twitter:creator\" content=\"@eccaedu\" \/>\n<meta name=\"twitter:site\" content=\"@eccaedu\" \/>\n<meta name=\"twitter:label1\" content=\"Written by\" \/>\n\t<meta name=\"twitter:data1\" content=\"Ecca.edu\" \/>\n\t<meta name=\"twitter:label2\" content=\"Estimated reading time\" \/>\n\t<meta name=\"twitter:data2\" content=\"5 minutes\" \/>\n<script type=\"application\/ld+json\" class=\"yoast-schema-graph\">{\"@context\":\"https:\/\/schema.org\",\"@graph\":[{\"@type\":\"Article\",\"@id\":\"https:\/\/blognoticias.ecca.edu.es\/cabildo-de-gran-canaria-ultimo-escenario-de-la-exposicion-itinerante-que-conmemora-los-60-anos-de-ecca-edu\/#article\",\"isPartOf\":{\"@id\":\"https:\/\/blognoticias.ecca.edu.es\/cabildo-de-gran-canaria-ultimo-escenario-de-la-exposicion-itinerante-que-conmemora-los-60-anos-de-ecca-edu\/\"},\"author\":{\"name\":\"Ecca.edu\",\"@id\":\"https:\/\/blognoticias.ecca.edu.es\/#\/schema\/person\/8070573f481ccba909661fdb1cf9e5eb\"},\"headline\":\"Cabildo de Gran Canaria, \u00faltimo escenario de la exposici\u00f3n itinerante que conmemora los 60 a\u00f1os de ecca.edu\",\"datePublished\":\"2026-01-26T16:23:05+00:00\",\"dateModified\":\"2026-01-30T11:29:27+00:00\",\"mainEntityOfPage\":{\"@id\":\"https:\/\/blognoticias.ecca.edu.es\/cabildo-de-gran-canaria-ultimo-escenario-de-la-exposicion-itinerante-que-conmemora-los-60-anos-de-ecca-edu\/\"},\"wordCount\":864,\"publisher\":{\"@id\":\"https:\/\/blognoticias.ecca.edu.es\/#organization\"},\"image\":{\"@id\":\"https:\/\/blognoticias.ecca.edu.es\/cabildo-de-gran-canaria-ultimo-escenario-de-la-exposicion-itinerante-que-conmemora-los-60-anos-de-ecca-edu\/#primaryimage\"},\"thumbnailUrl\":\"https:\/\/blognoticias.ecca.edu.es\/wp-content\/uploads\/2026\/01\/Platilla-Instagram-cuadrado-y-blog-26.png\",\"keywords\":[\"#60aniversario\",\"#60a\u00f1ostransformandovidas\",\"#Tufuturoaturitmo\",\"Antonio Morales\",\"cabildo de Gran Canaria\",\"exposici\u00f3n ecca.edu\",\"exposiciones Gran Canaria\"],\"articleSection\":[\"Blog\",\"Comunicaci\u00f3n\",\"Formaci\u00f3n\",\"Noticias\",\"Relevante\"],\"inLanguage\":\"en-GB\"},{\"@type\":\"WebPage\",\"@id\":\"https:\/\/blognoticias.ecca.edu.es\/cabildo-de-gran-canaria-ultimo-escenario-de-la-exposicion-itinerante-que-conmemora-los-60-anos-de-ecca-edu\/\",\"url\":\"https:\/\/blognoticias.ecca.edu.es\/cabildo-de-gran-canaria-ultimo-escenario-de-la-exposicion-itinerante-que-conmemora-los-60-anos-de-ecca-edu\/\",\"name\":\"Cabildo de Gran Canaria, \u00faltimo escenario de la exposici\u00f3n itinerante que conmemora los 60 a\u00f1os de ecca.edu\",\"isPartOf\":{\"@id\":\"https:\/\/blognoticias.ecca.edu.es\/#website\"},\"primaryImageOfPage\":{\"@id\":\"https:\/\/blognoticias.ecca.edu.es\/cabildo-de-gran-canaria-ultimo-escenario-de-la-exposicion-itinerante-que-conmemora-los-60-anos-de-ecca-edu\/#primaryimage\"},\"image\":{\"@id\":\"https:\/\/blognoticias.ecca.edu.es\/cabildo-de-gran-canaria-ultimo-escenario-de-la-exposicion-itinerante-que-conmemora-los-60-anos-de-ecca-edu\/#primaryimage\"},\"thumbnailUrl\":\"https:\/\/blognoticias.ecca.edu.es\/wp-content\/uploads\/2026\/01\/Platilla-Instagram-cuadrado-y-blog-26.png\",\"datePublished\":\"2026-01-26T16:23:05+00:00\",\"dateModified\":\"2026-01-30T11:29:27+00:00\",\"description\":\"El Cabildo de Gran Canaria acoge la \u00faltima parada de la exposici\u00f3n hist\u00f3rica que conmemora el 60 aniversario de ecca.edu\",\"breadcrumb\":{\"@id\":\"https:\/\/blognoticias.ecca.edu.es\/cabildo-de-gran-canaria-ultimo-escenario-de-la-exposicion-itinerante-que-conmemora-los-60-anos-de-ecca-edu\/#breadcrumb\"},\"inLanguage\":\"en-GB\",\"potentialAction\":[{\"@type\":\"ReadAction\",\"target\":[\"https:\/\/blognoticias.ecca.edu.es\/cabildo-de-gran-canaria-ultimo-escenario-de-la-exposicion-itinerante-que-conmemora-los-60-anos-de-ecca-edu\/\"]}]},{\"@type\":\"ImageObject\",\"inLanguage\":\"en-GB\",\"@id\":\"https:\/\/blognoticias.ecca.edu.es\/cabildo-de-gran-canaria-ultimo-escenario-de-la-exposicion-itinerante-que-conmemora-los-60-anos-de-ecca-edu\/#primaryimage\",\"url\":\"https:\/\/blognoticias.ecca.edu.es\/wp-content\/uploads\/2026\/01\/Platilla-Instagram-cuadrado-y-blog-26.png\",\"contentUrl\":\"https:\/\/blognoticias.ecca.edu.es\/wp-content\/uploads\/2026\/01\/Platilla-Instagram-cuadrado-y-blog-26.png\",\"width\":1080,\"height\":1080,\"caption\":\"Cabildo de Gran Canaria, \u00faltimo escenario de la exposici\u00f3n itinerante que conmemora los 60 a\u00f1os de ecca.edu\"},{\"@type\":\"BreadcrumbList\",\"@id\":\"https:\/\/blognoticias.ecca.edu.es\/cabildo-de-gran-canaria-ultimo-escenario-de-la-exposicion-itinerante-que-conmemora-los-60-anos-de-ecca-edu\/#breadcrumb\",\"itemListElement\":[{\"@type\":\"ListItem\",\"position\":1,\"name\":\"Portada\",\"item\":\"https:\/\/blognoticias.ecca.edu.es\/\"},{\"@type\":\"ListItem\",\"position\":2,\"name\":\"Cabildo de Gran Canaria, \u00faltimo escenario de la exposici\u00f3n itinerante que conmemora los 60 a\u00f1os de ecca.edu\"}]},{\"@type\":\"WebSite\",\"@id\":\"https:\/\/blognoticias.ecca.edu.es\/#website\",\"url\":\"https:\/\/blognoticias.ecca.edu.es\/\",\"name\":\"Blog Noticias Ecca\",\"description\":\"\",\"publisher\":{\"@id\":\"https:\/\/blognoticias.ecca.edu.es\/#organization\"},\"potentialAction\":[{\"@type\":\"SearchAction\",\"target\":{\"@type\":\"EntryPoint\",\"urlTemplate\":\"https:\/\/blognoticias.ecca.edu.es\/?s={search_term_string}\"},\"query-input\":{\"@type\":\"PropertyValueSpecification\",\"valueRequired\":true,\"valueName\":\"search_term_string\"}}],\"inLanguage\":\"en-GB\"},{\"@type\":\"Organization\",\"@id\":\"https:\/\/blognoticias.ecca.edu.es\/#organization\",\"name\":\"Blog Noticias Ecca\",\"url\":\"https:\/\/blognoticias.ecca.edu.es\/\",\"logo\":{\"@type\":\"ImageObject\",\"inLanguage\":\"en-GB\",\"@id\":\"https:\/\/blognoticias.ecca.edu.es\/#\/schema\/logo\/image\/\",\"url\":\"https:\/\/blognoticias.ecca.edu.es\/wp-content\/uploads\/2023\/02\/cropped-cropped-cropped-cropped-Logo-Ecca.edu_.png\",\"contentUrl\":\"https:\/\/blognoticias.ecca.edu.es\/wp-content\/uploads\/2023\/02\/cropped-cropped-cropped-cropped-Logo-Ecca.edu_.png\",\"width\":293,\"height\":45,\"caption\":\"Blog Noticias Ecca\"},\"image\":{\"@id\":\"https:\/\/blognoticias.ecca.edu.es\/#\/schema\/logo\/image\/\"},\"sameAs\":[\"https:\/\/www.facebook.com\/ecca.edu.es\",\"https:\/\/x.com\/eccaedu\",\"https:\/\/www.instagram.com\/\"]},{\"@type\":\"Person\",\"@id\":\"https:\/\/blognoticias.ecca.edu.es\/#\/schema\/person\/8070573f481ccba909661fdb1cf9e5eb\",\"name\":\"Ecca.edu\",\"image\":{\"@type\":\"ImageObject\",\"inLanguage\":\"en-GB\",\"@id\":\"https:\/\/blognoticias.ecca.edu.es\/#\/schema\/person\/image\/\",\"url\":\"https:\/\/blognoticias.ecca.edu.es\/wp-content\/uploads\/2023\/02\/LOGO-ECCAEDU-1-150x150.png\",\"contentUrl\":\"https:\/\/blognoticias.ecca.edu.es\/wp-content\/uploads\/2023\/02\/LOGO-ECCAEDU-1-150x150.png\",\"caption\":\"Ecca.edu\"},\"url\":\"https:\/\/blognoticias.ecca.edu.es\/en\/author\/ecca-edu\/\"}]}<\/script>\n<!-- \/ Yoast SEO plugin. -->","yoast_head_json":{"title":"Cabildo de Gran Canaria, \u00faltimo escenario de la exposici\u00f3n itinerante que conmemora los 60 a\u00f1os de ecca.edu","description":"El Cabildo de Gran Canaria acoge la \u00faltima parada de la exposici\u00f3n hist\u00f3rica que conmemora el 60 aniversario de ecca.edu","robots":{"index":"index","follow":"follow","max-snippet":"max-snippet:-1","max-image-preview":"max-image-preview:large","max-video-preview":"max-video-preview:-1"},"canonical":"https:\/\/blognoticias.ecca.edu.es\/en\/cabildo-de-gran-canaria-ultimo-escenario-de-la-exposicion-itinerante-que-conmemora-los-60-anos-de-ecca-edu\/","og_locale":"en_GB","og_type":"article","og_title":"Cabildo de Gran Canaria, \u00faltimo escenario de la exposici\u00f3n itinerante que conmemora los 60 a\u00f1os de ecca.edu","og_description":"El Cabildo de Gran Canaria acoge la \u00faltima parada de la exposici\u00f3n hist\u00f3rica que conmemora el 60 aniversario de ecca.edu","og_url":"https:\/\/blognoticias.ecca.edu.es\/en\/cabildo-de-gran-canaria-ultimo-escenario-de-la-exposicion-itinerante-que-conmemora-los-60-anos-de-ecca-edu\/","og_site_name":"Blog Noticias Ecca","article_publisher":"https:\/\/www.facebook.com\/ecca.edu.es","article_published_time":"2026-01-26T16:23:05+00:00","article_modified_time":"2026-01-30T11:29:27+00:00","og_image":[{"width":1080,"height":1080,"url":"https:\/\/blognoticias.ecca.edu.es\/wp-content\/uploads\/2026\/01\/Platilla-Instagram-cuadrado-y-blog-26.png","type":"image\/png"}],"author":"Ecca.edu","twitter_card":"summary_large_image","twitter_creator":"@eccaedu","twitter_site":"@eccaedu","twitter_misc":{"Written by":"Ecca.edu","Estimated reading time":"5 minutes"},"schema":{"@context":"https:\/\/schema.org","@graph":[{"@type":"Article","@id":"https:\/\/blognoticias.ecca.edu.es\/cabildo-de-gran-canaria-ultimo-escenario-de-la-exposicion-itinerante-que-conmemora-los-60-anos-de-ecca-edu\/#article","isPartOf":{"@id":"https:\/\/blognoticias.ecca.edu.es\/cabildo-de-gran-canaria-ultimo-escenario-de-la-exposicion-itinerante-que-conmemora-los-60-anos-de-ecca-edu\/"},"author":{"name":"Ecca.edu","@id":"https:\/\/blognoticias.ecca.edu.es\/#\/schema\/person\/8070573f481ccba909661fdb1cf9e5eb"},"headline":"Cabildo de Gran Canaria, \u00faltimo escenario de la exposici\u00f3n itinerante que conmemora los 60 a\u00f1os de ecca.edu","datePublished":"2026-01-26T16:23:05+00:00","dateModified":"2026-01-30T11:29:27+00:00","mainEntityOfPage":{"@id":"https:\/\/blognoticias.ecca.edu.es\/cabildo-de-gran-canaria-ultimo-escenario-de-la-exposicion-itinerante-que-conmemora-los-60-anos-de-ecca-edu\/"},"wordCount":864,"publisher":{"@id":"https:\/\/blognoticias.ecca.edu.es\/#organization"},"image":{"@id":"https:\/\/blognoticias.ecca.edu.es\/cabildo-de-gran-canaria-ultimo-escenario-de-la-exposicion-itinerante-que-conmemora-los-60-anos-de-ecca-edu\/#primaryimage"},"thumbnailUrl":"https:\/\/blognoticias.ecca.edu.es\/wp-content\/uploads\/2026\/01\/Platilla-Instagram-cuadrado-y-blog-26.png","keywords":["#60aniversario","#60a\u00f1ostransformandovidas","#Tufuturoaturitmo","Antonio Morales","cabildo de Gran Canaria","exposici\u00f3n ecca.edu","exposiciones Gran Canaria"],"articleSection":["Blog","Comunicaci\u00f3n","Formaci\u00f3n","Noticias","Relevante"],"inLanguage":"en-GB"},{"@type":"WebPage","@id":"https:\/\/blognoticias.ecca.edu.es\/cabildo-de-gran-canaria-ultimo-escenario-de-la-exposicion-itinerante-que-conmemora-los-60-anos-de-ecca-edu\/","url":"https:\/\/blognoticias.ecca.edu.es\/cabildo-de-gran-canaria-ultimo-escenario-de-la-exposicion-itinerante-que-conmemora-los-60-anos-de-ecca-edu\/","name":"Cabildo de Gran Canaria, \u00faltimo escenario de la exposici\u00f3n itinerante que conmemora los 60 a\u00f1os de ecca.edu","isPartOf":{"@id":"https:\/\/blognoticias.ecca.edu.es\/#website"},"primaryImageOfPage":{"@id":"https:\/\/blognoticias.ecca.edu.es\/cabildo-de-gran-canaria-ultimo-escenario-de-la-exposicion-itinerante-que-conmemora-los-60-anos-de-ecca-edu\/#primaryimage"},"image":{"@id":"https:\/\/blognoticias.ecca.edu.es\/cabildo-de-gran-canaria-ultimo-escenario-de-la-exposicion-itinerante-que-conmemora-los-60-anos-de-ecca-edu\/#primaryimage"},"thumbnailUrl":"https:\/\/blognoticias.ecca.edu.es\/wp-content\/uploads\/2026\/01\/Platilla-Instagram-cuadrado-y-blog-26.png","datePublished":"2026-01-26T16:23:05+00:00","dateModified":"2026-01-30T11:29:27+00:00","description":"El Cabildo de Gran Canaria acoge la \u00faltima parada de la exposici\u00f3n hist\u00f3rica que conmemora el 60 aniversario de ecca.edu","breadcrumb":{"@id":"https:\/\/blognoticias.ecca.edu.es\/cabildo-de-gran-canaria-ultimo-escenario-de-la-exposicion-itinerante-que-conmemora-los-60-anos-de-ecca-edu\/#breadcrumb"},"inLanguage":"en-GB","potentialAction":[{"@type":"ReadAction","target":["https:\/\/blognoticias.ecca.edu.es\/cabildo-de-gran-canaria-ultimo-escenario-de-la-exposicion-itinerante-que-conmemora-los-60-anos-de-ecca-edu\/"]}]},{"@type":"ImageObject","inLanguage":"en-GB","@id":"https:\/\/blognoticias.ecca.edu.es\/cabildo-de-gran-canaria-ultimo-escenario-de-la-exposicion-itinerante-que-conmemora-los-60-anos-de-ecca-edu\/#primaryimage","url":"https:\/\/blognoticias.ecca.edu.es\/wp-content\/uploads\/2026\/01\/Platilla-Instagram-cuadrado-y-blog-26.png","contentUrl":"https:\/\/blognoticias.ecca.edu.es\/wp-content\/uploads\/2026\/01\/Platilla-Instagram-cuadrado-y-blog-26.png","width":1080,"height":1080,"caption":"Cabildo de Gran Canaria, \u00faltimo escenario de la exposici\u00f3n itinerante que conmemora los 60 a\u00f1os de ecca.edu"},{"@type":"BreadcrumbList","@id":"https:\/\/blognoticias.ecca.edu.es\/cabildo-de-gran-canaria-ultimo-escenario-de-la-exposicion-itinerante-que-conmemora-los-60-anos-de-ecca-edu\/#breadcrumb","itemListElement":[{"@type":"ListItem","position":1,"name":"Portada","item":"https:\/\/blognoticias.ecca.edu.es\/"},{"@type":"ListItem","position":2,"name":"Cabildo de Gran Canaria, \u00faltimo escenario de la exposici\u00f3n itinerante que conmemora los 60 a\u00f1os de ecca.edu"}]},{"@type":"WebSite","@id":"https:\/\/blognoticias.ecca.edu.es\/#website","url":"https:\/\/blognoticias.ecca.edu.es\/","name":"Blog Noticias Ecca","description":"","publisher":{"@id":"https:\/\/blognoticias.ecca.edu.es\/#organization"},"potentialAction":[{"@type":"SearchAction","target":{"@type":"EntryPoint","urlTemplate":"https:\/\/blognoticias.ecca.edu.es\/?s={search_term_string}"},"query-input":{"@type":"PropertyValueSpecification","valueRequired":true,"valueName":"search_term_string"}}],"inLanguage":"en-GB"},{"@type":"Organization","@id":"https:\/\/blognoticias.ecca.edu.es\/#organization","name":"Blog Noticias Ecca","url":"https:\/\/blognoticias.ecca.edu.es\/","logo":{"@type":"ImageObject","inLanguage":"en-GB","@id":"https:\/\/blognoticias.ecca.edu.es\/#\/schema\/logo\/image\/","url":"https:\/\/blognoticias.ecca.edu.es\/wp-content\/uploads\/2023\/02\/cropped-cropped-cropped-cropped-Logo-Ecca.edu_.png","contentUrl":"https:\/\/blognoticias.ecca.edu.es\/wp-content\/uploads\/2023\/02\/cropped-cropped-cropped-cropped-Logo-Ecca.edu_.png","width":293,"height":45,"caption":"Blog Noticias Ecca"},"image":{"@id":"https:\/\/blognoticias.ecca.edu.es\/#\/schema\/logo\/image\/"},"sameAs":["https:\/\/www.facebook.com\/ecca.edu.es","https:\/\/x.com\/eccaedu","https:\/\/www.instagram.com\/"]},{"@type":"Person","@id":"https:\/\/blognoticias.ecca.edu.es\/#\/schema\/person\/8070573f481ccba909661fdb1cf9e5eb","name":"Ecca.edu","image":{"@type":"ImageObject","inLanguage":"en-GB","@id":"https:\/\/blognoticias.ecca.edu.es\/#\/schema\/person\/image\/","url":"https:\/\/blognoticias.ecca.edu.es\/wp-content\/uploads\/2023\/02\/LOGO-ECCAEDU-1-150x150.png","contentUrl":"https:\/\/blognoticias.ecca.edu.es\/wp-content\/uploads\/2023\/02\/LOGO-ECCAEDU-1-150x150.png","caption":"Ecca.edu"},"url":"https:\/\/blognoticias.ecca.edu.es\/en\/author\/ecca-edu\/"}]}},"_links":{"self":[{"href":"https:\/\/blognoticias.ecca.edu.es\/en\/wp-json\/wp\/v2\/posts\/6249","targetHints":{"allow":["GET"]}}],"collection":[{"href":"https:\/\/blognoticias.ecca.edu.es\/en\/wp-json\/wp\/v2\/posts"}],"about":[{"href":"https:\/\/blognoticias.ecca.edu.es\/en\/wp-json\/wp\/v2\/types\/post"}],"author":[{"embeddable":true,"href":"https:\/\/blognoticias.ecca.edu.es\/en\/wp-json\/wp\/v2\/users\/2"}],"replies":[{"embeddable":true,"href":"https:\/\/blognoticias.ecca.edu.es\/en\/wp-json\/wp\/v2\/comments?post=6249"}],"version-history":[{"count":2,"href":"https:\/\/blognoticias.ecca.edu.es\/en\/wp-json\/wp\/v2\/posts\/6249\/revisions"}],"predecessor-version":[{"id":6271,"href":"https:\/\/blognoticias.ecca.edu.es\/en\/wp-json\/wp\/v2\/posts\/6249\/revisions\/6271"}],"wp:featuredmedia":[{"embeddable":true,"href":"https:\/\/blognoticias.ecca.edu.es\/en\/wp-json\/wp\/v2\/media\/6270"}],"wp:attachment":[{"href":"https:\/\/blognoticias.ecca.edu.es\/en\/wp-json\/wp\/v2\/media?parent=6249"}],"wp:term":[{"taxonomy":"category","embeddable":true,"href":"https:\/\/blognoticias.ecca.edu.es\/en\/wp-json\/wp\/v2\/categories?post=6249"},{"taxonomy":"post_tag","embeddable":true,"href":"https:\/\/blognoticias.ecca.edu.es\/en\/wp-json\/wp\/v2\/tags?post=6249"}],"curies":[{"name":"wp","href":"https:\/\/api.w.org\/{rel}","templated":true}]}}