{"id":6237,"date":"2026-01-22T12:52:50","date_gmt":"2026-01-22T12:52:50","guid":{"rendered":"https:\/\/blognoticias.ecca.edu.es\/?p=6237"},"modified":"2026-01-22T12:57:10","modified_gmt":"2026-01-22T12:57:10","slug":"valverde-acoge-la-exposicion-itinerante-del-60-aniversario-de-ecca-edu","status":"publish","type":"post","link":"https:\/\/blognoticias.ecca.edu.es\/en\/valverde-acoge-la-exposicion-itinerante-del-60-aniversario-de-ecca-edu\/","title":{"rendered":"Valverde acoge la exposici\u00f3n itinerante del 60 aniversario de ecca.edu"},"content":{"rendered":"<div class='booster-block booster-read-block'>\n                <div class=\"twp-read-time\">\n                \t<i class=\"booster-icon twp-clock\"><\/i> <span>Tiempo de lectura:<\/span>1 Minutos, 54 Segundos                <\/div>\n\n            <\/div><p><a href=\"http:\/\/ecca.edu.es\"><b>ecca.edu<\/b><\/a><span style=\"font-weight: 400;\"> ha inaugurado en el municipio de Valverde su exposici\u00f3n itinerante, una iniciativa enmarcada en la celebraci\u00f3n de su 60 aniversario que recorre la historia, el presente y el futuro de la instituci\u00f3n. Tras su paso por El Pinar, la muestra llega a la capital de la isla, consolidando su compromiso con la educaci\u00f3n en cada rinc\u00f3n del archipi\u00e9lago.<\/span><\/p>\n<p><img loading=\"lazy\" decoding=\"async\" class=\"aligncenter wp-image-6239\" src=\"https:\/\/blognoticias.ecca.edu.es\/wp-content\/uploads\/2026\/01\/Valverde-acoge-la-exposicion-itinerante-del-60-aniversario-de-ecca.edu_1-1024x683.png\" alt=\"\" width=\"581\" height=\"387\" srcset=\"https:\/\/blognoticias.ecca.edu.es\/wp-content\/uploads\/2026\/01\/Valverde-acoge-la-exposicion-itinerante-del-60-aniversario-de-ecca.edu_1-1024x683.png 1024w, https:\/\/blognoticias.ecca.edu.es\/wp-content\/uploads\/2026\/01\/Valverde-acoge-la-exposicion-itinerante-del-60-aniversario-de-ecca.edu_1-300x200.png 300w, https:\/\/blognoticias.ecca.edu.es\/wp-content\/uploads\/2026\/01\/Valverde-acoge-la-exposicion-itinerante-del-60-aniversario-de-ecca.edu_1-768x512.png 768w, https:\/\/blognoticias.ecca.edu.es\/wp-content\/uploads\/2026\/01\/Valverde-acoge-la-exposicion-itinerante-del-60-aniversario-de-ecca.edu_1-1536x1025.png 1536w, https:\/\/blognoticias.ecca.edu.es\/wp-content\/uploads\/2026\/01\/Valverde-acoge-la-exposicion-itinerante-del-60-aniversario-de-ecca.edu_1-18x12.png 18w, https:\/\/blognoticias.ecca.edu.es\/wp-content\/uploads\/2026\/01\/Valverde-acoge-la-exposicion-itinerante-del-60-aniversario-de-ecca.edu_1.png 2048w\" sizes=\"auto, (max-width: 581px) 100vw, 581px\" \/><\/p>\n<p><span style=\"font-weight: 400;\">El acto de inauguraci\u00f3n ha estado presidido por <\/span><b>Carlos Brito<\/b><span style=\"font-weight: 400;\">, alcalde del Ayuntamiento de Valverde, <\/span><b>Armiche Ben\u00edtez<\/b><span style=\"font-weight: 400;\">, consejero de Cultura, Deporte, Juventud y Patrimonio del Cabildo de El Hierro, <\/span><b>Anabel L\u00f3pez<\/b><span style=\"font-weight: 400;\">, consejera de Empleo y Desarrollo Econ\u00f3mico del Cabildo y <\/span><b>J\u00e9ssica Acosta<\/b><span style=\"font-weight: 400;\">, gerente de Servicios Sanitarios del \u00c1rea de Salud de El Hierro. Por parte de la entidad educativa, asisti\u00f3 <\/span><b>Elisa Hern\u00e1ndez<\/b><span style=\"font-weight: 400;\">, delegada de ecca.edu en la isla, acompa\u00f1ada por el equipo de docentes y alumnado de la instituci\u00f3n en la isla.<\/span><\/p>\n<h2><b>Un recorrido por la historia y las alianzas<\/b><\/h2>\n<p><span style=\"font-weight: 400;\">La exposici\u00f3n, ubicada en el <\/span><a href=\"https:\/\/aytovalverde.org\/\"><b>Centro Cultural Asabanos<\/b><\/a><span style=\"font-weight: 400;\">, invita a los visitantes a un viaje inmersivo a trav\u00e9s de seis d\u00e9cadas de trayectoria. A trav\u00e9s de paneles informativos y recursos visuales, se desvelan los hitos que han marcado la historia de ecca.edu, rindiendo homenaje a la <\/span><b>formaci\u00f3n accesible<\/b><span style=\"font-weight: 400;\"> como motor de cambio social y personal.<\/span><\/p>\n<p><img loading=\"lazy\" decoding=\"async\" class=\"aligncenter wp-image-6238\" src=\"https:\/\/blognoticias.ecca.edu.es\/wp-content\/uploads\/2026\/01\/Valverde-acoge-la-exposicion-itinerante-del-60-aniversario-de-ecca.edu_3-1024x683.png\" alt=\"\" width=\"587\" height=\"392\" srcset=\"https:\/\/blognoticias.ecca.edu.es\/wp-content\/uploads\/2026\/01\/Valverde-acoge-la-exposicion-itinerante-del-60-aniversario-de-ecca.edu_3-1024x683.png 1024w, https:\/\/blognoticias.ecca.edu.es\/wp-content\/uploads\/2026\/01\/Valverde-acoge-la-exposicion-itinerante-del-60-aniversario-de-ecca.edu_3-300x200.png 300w, https:\/\/blognoticias.ecca.edu.es\/wp-content\/uploads\/2026\/01\/Valverde-acoge-la-exposicion-itinerante-del-60-aniversario-de-ecca.edu_3-768x512.png 768w, https:\/\/blognoticias.ecca.edu.es\/wp-content\/uploads\/2026\/01\/Valverde-acoge-la-exposicion-itinerante-del-60-aniversario-de-ecca.edu_3-1536x1025.png 1536w, https:\/\/blognoticias.ecca.edu.es\/wp-content\/uploads\/2026\/01\/Valverde-acoge-la-exposicion-itinerante-del-60-aniversario-de-ecca.edu_3-18x12.png 18w, https:\/\/blognoticias.ecca.edu.es\/wp-content\/uploads\/2026\/01\/Valverde-acoge-la-exposicion-itinerante-del-60-aniversario-de-ecca.edu_3.png 2048w\" sizes=\"auto, (max-width: 587px) 100vw, 587px\" \/><\/p>\n<p><span style=\"font-weight: 400;\">Durante el acto, se destac\u00f3 la importancia de las <\/span><b>alianzas estrat\u00e9gicas<\/b><span style=\"font-weight: 400;\"> con instituciones locales como el Ayuntamiento de Valverde. Este apoyo institucional permite tejer una red fundamental para que la educaci\u00f3n a distancia y la cultura sigan transformando vidas en el entorno rural.<\/span><\/p>\n<h2><b>\u00daltimas paradas de un viaje hist\u00f3rico<\/b><\/h2>\n<p><span style=\"font-weight: 400;\">La llegada a Valverde supone un momento significativo, ya que la exposici\u00f3n entra en su etapa final en la isla. Esta parada marca la continuaci\u00f3n de su despedida, que culminar\u00e1 pr\u00f3ximamente en un enclave hist\u00f3rico simb\u00f3lico para la instituci\u00f3n, y del informar\u00e1 en los pr\u00f3ximos d\u00edas.<\/span><\/p>\n<p><span style=\"font-weight: 400;\">ecca.edu invita a todos los vecinos y vecinas de Valverde a visitar la muestra y ser parte de esta celebraci\u00f3n de <\/span><b><a href=\"https:\/\/blognoticias.ecca.edu.es\/en\/el-cabildo-de-el-hierro-se-suma-al-60-aniversario-de-ecca-edu-acogiendo-su-exposicion-itinerante\/\">60 a\u00f1os transformando vidas<\/a> a trav\u00e9s de la educaci\u00f3n.<\/b><\/p>\n<h3><b>Informaci\u00f3n pr\u00e1ctica de la exposici\u00f3n de ecca.edu en Valverde<\/b><\/h3>\n<ul>\n<li style=\"font-weight: 400;\" aria-level=\"1\"><b>Ubicaci\u00f3n:<\/b><span style=\"font-weight: 400;\"> Centro Cultural Asabanos (C. Asabanos, S\/N, 38900 Villa de Valverde, El Hierro).<\/span><\/li>\n<li style=\"font-weight: 400;\" aria-level=\"1\"><b>Fechas:<\/b><span style=\"font-weight: 400;\"> Del mi\u00e9rcoles 21 al viernes 30 de enero de 2026.<\/span><\/li>\n<li style=\"font-weight: 400;\" aria-level=\"1\"><b>Horario de visita:<\/b><span style=\"font-weight: 400;\"> De lunes a viernes de 08:30 a 14:30h.<\/span><\/li>\n<\/ul>\n<p><img loading=\"lazy\" decoding=\"async\" class=\"aligncenter wp-image-6240\" src=\"https:\/\/blognoticias.ecca.edu.es\/wp-content\/uploads\/2026\/01\/Valverde-acoge-la-exposicion-itinerante-del-60-aniversario-de-ecca.edu_2-1024x683.png\" alt=\"\" width=\"588\" height=\"392\" srcset=\"https:\/\/blognoticias.ecca.edu.es\/wp-content\/uploads\/2026\/01\/Valverde-acoge-la-exposicion-itinerante-del-60-aniversario-de-ecca.edu_2-1024x683.png 1024w, https:\/\/blognoticias.ecca.edu.es\/wp-content\/uploads\/2026\/01\/Valverde-acoge-la-exposicion-itinerante-del-60-aniversario-de-ecca.edu_2-300x200.png 300w, https:\/\/blognoticias.ecca.edu.es\/wp-content\/uploads\/2026\/01\/Valverde-acoge-la-exposicion-itinerante-del-60-aniversario-de-ecca.edu_2-768x512.png 768w, https:\/\/blognoticias.ecca.edu.es\/wp-content\/uploads\/2026\/01\/Valverde-acoge-la-exposicion-itinerante-del-60-aniversario-de-ecca.edu_2-1536x1025.png 1536w, https:\/\/blognoticias.ecca.edu.es\/wp-content\/uploads\/2026\/01\/Valverde-acoge-la-exposicion-itinerante-del-60-aniversario-de-ecca.edu_2-18x12.png 18w, https:\/\/blognoticias.ecca.edu.es\/wp-content\/uploads\/2026\/01\/Valverde-acoge-la-exposicion-itinerante-del-60-aniversario-de-ecca.edu_2.png 2048w\" sizes=\"auto, (max-width: 588px) 100vw, 588px\" \/><\/p>","protected":false},"excerpt":{"rendered":"<p>ecca.edu ha inaugurado en el municipio de Valverde su exposici\u00f3n itinerante, una iniciativa enmarcada en la celebraci\u00f3n de su 60 aniversario que recorre la historia, el presente y el futuro de la instituci\u00f3n. Tras su paso por El Pinar, la muestra llega a la capital de la isla, consolidando su compromiso con la educaci\u00f3n en [&hellip;]<\/p>","protected":false},"author":2,"featured_media":6242,"comment_status":"closed","ping_status":"closed","sticky":false,"template":"","format":"standard","meta":{"footnotes":""},"categories":[1],"tags":[1321,27,1546,1548,1547,1502,1545],"class_list":["post-6237","post","type-post","status-publish","format-standard","has-post-thumbnail","hentry","category-blog","tag-60anostransformandovidas","tag-ecca-edu","tag-el-hierro","tag-exposicion-itinerante-ecca-edu","tag-formacion-en-el-hierro","tag-islas-canarias","tag-municipio-de-valverde"],"yoast_head":"<!-- This site is optimized with the Yoast SEO plugin v25.9 - https:\/\/yoast.com\/wordpress\/plugins\/seo\/ -->\n<title>Valverde acoge la exposici\u00f3n itinerante del 60 aniversario de ecca.edu<\/title>\n<meta name=\"description\" content=\"ecca.edu ha inaugurado en el municipio de Valverde su exposici\u00f3n itinerante, una iniciativa enmarcada en su 60 aniversario\" \/>\n<meta name=\"robots\" content=\"index, follow, max-snippet:-1, max-image-preview:large, max-video-preview:-1\" \/>\n<link rel=\"canonical\" href=\"https:\/\/blognoticias.ecca.edu.es\/en\/valverde-acoge-la-exposicion-itinerante-del-60-aniversario-de-ecca-edu\/\" \/>\n<meta property=\"og:locale\" content=\"en_GB\" \/>\n<meta property=\"og:type\" content=\"article\" \/>\n<meta property=\"og:title\" content=\"Valverde acoge la exposici\u00f3n itinerante del 60 aniversario de ecca.edu\" \/>\n<meta property=\"og:description\" content=\"ecca.edu ha inaugurado en el municipio de Valverde su exposici\u00f3n itinerante, una iniciativa enmarcada en su 60 aniversario\" \/>\n<meta property=\"og:url\" content=\"https:\/\/blognoticias.ecca.edu.es\/en\/valverde-acoge-la-exposicion-itinerante-del-60-aniversario-de-ecca-edu\/\" \/>\n<meta property=\"og:site_name\" content=\"Blog Noticias Ecca\" \/>\n<meta property=\"article:publisher\" content=\"https:\/\/www.facebook.com\/ecca.edu.es\" \/>\n<meta property=\"article:published_time\" content=\"2026-01-22T12:52:50+00:00\" \/>\n<meta property=\"article:modified_time\" content=\"2026-01-22T12:57:10+00:00\" \/>\n<meta property=\"og:image\" content=\"https:\/\/blognoticias.ecca.edu.es\/wp-content\/uploads\/2026\/01\/Platilla-Instagram-cuadrado-y-blog-25.png\" \/>\n\t<meta property=\"og:image:width\" content=\"1080\" \/>\n\t<meta property=\"og:image:height\" content=\"1080\" \/>\n\t<meta property=\"og:image:type\" content=\"image\/png\" \/>\n<meta name=\"author\" content=\"Ecca.edu\" \/>\n<meta name=\"twitter:card\" content=\"summary_large_image\" \/>\n<meta name=\"twitter:creator\" content=\"@eccaedu\" \/>\n<meta name=\"twitter:site\" content=\"@eccaedu\" \/>\n<meta name=\"twitter:label1\" content=\"Written by\" \/>\n\t<meta name=\"twitter:data1\" content=\"Ecca.edu\" \/>\n\t<meta name=\"twitter:label2\" content=\"Estimated reading time\" \/>\n\t<meta name=\"twitter:data2\" content=\"3 minutes\" \/>\n<script type=\"application\/ld+json\" class=\"yoast-schema-graph\">{\"@context\":\"https:\/\/schema.org\",\"@graph\":[{\"@type\":\"Article\",\"@id\":\"https:\/\/blognoticias.ecca.edu.es\/valverde-acoge-la-exposicion-itinerante-del-60-aniversario-de-ecca-edu\/#article\",\"isPartOf\":{\"@id\":\"https:\/\/blognoticias.ecca.edu.es\/valverde-acoge-la-exposicion-itinerante-del-60-aniversario-de-ecca-edu\/\"},\"author\":{\"name\":\"Ecca.edu\",\"@id\":\"https:\/\/blognoticias.ecca.edu.es\/#\/schema\/person\/8070573f481ccba909661fdb1cf9e5eb\"},\"headline\":\"Valverde acoge la exposici\u00f3n itinerante del 60 aniversario de ecca.edu\",\"datePublished\":\"2026-01-22T12:52:50+00:00\",\"dateModified\":\"2026-01-22T12:57:10+00:00\",\"mainEntityOfPage\":{\"@id\":\"https:\/\/blognoticias.ecca.edu.es\/valverde-acoge-la-exposicion-itinerante-del-60-aniversario-de-ecca-edu\/\"},\"wordCount\":422,\"publisher\":{\"@id\":\"https:\/\/blognoticias.ecca.edu.es\/#organization\"},\"image\":{\"@id\":\"https:\/\/blognoticias.ecca.edu.es\/valverde-acoge-la-exposicion-itinerante-del-60-aniversario-de-ecca-edu\/#primaryimage\"},\"thumbnailUrl\":\"https:\/\/blognoticias.ecca.edu.es\/wp-content\/uploads\/2026\/01\/Platilla-Instagram-cuadrado-y-blog-25.png\",\"keywords\":[\"#60a\u00f1ostransformandovidas\",\"ecca.edu\",\"El Hierro\",\"exposici\u00f3n itinerante ecca.edu\",\"Formaci\u00f3n en EL Hierro\",\"Islas Canarias\",\"Municipio de Valverde\"],\"articleSection\":[\"Blog\"],\"inLanguage\":\"en-GB\"},{\"@type\":\"WebPage\",\"@id\":\"https:\/\/blognoticias.ecca.edu.es\/valverde-acoge-la-exposicion-itinerante-del-60-aniversario-de-ecca-edu\/\",\"url\":\"https:\/\/blognoticias.ecca.edu.es\/valverde-acoge-la-exposicion-itinerante-del-60-aniversario-de-ecca-edu\/\",\"name\":\"Valverde acoge la exposici\u00f3n itinerante del 60 aniversario de ecca.edu\",\"isPartOf\":{\"@id\":\"https:\/\/blognoticias.ecca.edu.es\/#website\"},\"primaryImageOfPage\":{\"@id\":\"https:\/\/blognoticias.ecca.edu.es\/valverde-acoge-la-exposicion-itinerante-del-60-aniversario-de-ecca-edu\/#primaryimage\"},\"image\":{\"@id\":\"https:\/\/blognoticias.ecca.edu.es\/valverde-acoge-la-exposicion-itinerante-del-60-aniversario-de-ecca-edu\/#primaryimage\"},\"thumbnailUrl\":\"https:\/\/blognoticias.ecca.edu.es\/wp-content\/uploads\/2026\/01\/Platilla-Instagram-cuadrado-y-blog-25.png\",\"datePublished\":\"2026-01-22T12:52:50+00:00\",\"dateModified\":\"2026-01-22T12:57:10+00:00\",\"description\":\"ecca.edu ha inaugurado en el municipio de Valverde su exposici\u00f3n itinerante, una iniciativa enmarcada en su 60 aniversario\",\"breadcrumb\":{\"@id\":\"https:\/\/blognoticias.ecca.edu.es\/valverde-acoge-la-exposicion-itinerante-del-60-aniversario-de-ecca-edu\/#breadcrumb\"},\"inLanguage\":\"en-GB\",\"potentialAction\":[{\"@type\":\"ReadAction\",\"target\":[\"https:\/\/blognoticias.ecca.edu.es\/valverde-acoge-la-exposicion-itinerante-del-60-aniversario-de-ecca-edu\/\"]}]},{\"@type\":\"ImageObject\",\"inLanguage\":\"en-GB\",\"@id\":\"https:\/\/blognoticias.ecca.edu.es\/valverde-acoge-la-exposicion-itinerante-del-60-aniversario-de-ecca-edu\/#primaryimage\",\"url\":\"https:\/\/blognoticias.ecca.edu.es\/wp-content\/uploads\/2026\/01\/Platilla-Instagram-cuadrado-y-blog-25.png\",\"contentUrl\":\"https:\/\/blognoticias.ecca.edu.es\/wp-content\/uploads\/2026\/01\/Platilla-Instagram-cuadrado-y-blog-25.png\",\"width\":1080,\"height\":1080,\"caption\":\"Valverde acoge la exposici\u00f3n itinerante del 60 aniversario de ecca.edu_1\"},{\"@type\":\"BreadcrumbList\",\"@id\":\"https:\/\/blognoticias.ecca.edu.es\/valverde-acoge-la-exposicion-itinerante-del-60-aniversario-de-ecca-edu\/#breadcrumb\",\"itemListElement\":[{\"@type\":\"ListItem\",\"position\":1,\"name\":\"Portada\",\"item\":\"https:\/\/blognoticias.ecca.edu.es\/\"},{\"@type\":\"ListItem\",\"position\":2,\"name\":\"Valverde acoge la exposici\u00f3n itinerante del 60 aniversario de ecca.edu\"}]},{\"@type\":\"WebSite\",\"@id\":\"https:\/\/blognoticias.ecca.edu.es\/#website\",\"url\":\"https:\/\/blognoticias.ecca.edu.es\/\",\"name\":\"Blog Noticias Ecca\",\"description\":\"\",\"publisher\":{\"@id\":\"https:\/\/blognoticias.ecca.edu.es\/#organization\"},\"potentialAction\":[{\"@type\":\"SearchAction\",\"target\":{\"@type\":\"EntryPoint\",\"urlTemplate\":\"https:\/\/blognoticias.ecca.edu.es\/?s={search_term_string}\"},\"query-input\":{\"@type\":\"PropertyValueSpecification\",\"valueRequired\":true,\"valueName\":\"search_term_string\"}}],\"inLanguage\":\"en-GB\"},{\"@type\":\"Organization\",\"@id\":\"https:\/\/blognoticias.ecca.edu.es\/#organization\",\"name\":\"Blog Noticias Ecca\",\"url\":\"https:\/\/blognoticias.ecca.edu.es\/\",\"logo\":{\"@type\":\"ImageObject\",\"inLanguage\":\"en-GB\",\"@id\":\"https:\/\/blognoticias.ecca.edu.es\/#\/schema\/logo\/image\/\",\"url\":\"https:\/\/blognoticias.ecca.edu.es\/wp-content\/uploads\/2023\/02\/cropped-cropped-cropped-cropped-Logo-Ecca.edu_.png\",\"contentUrl\":\"https:\/\/blognoticias.ecca.edu.es\/wp-content\/uploads\/2023\/02\/cropped-cropped-cropped-cropped-Logo-Ecca.edu_.png\",\"width\":293,\"height\":45,\"caption\":\"Blog Noticias Ecca\"},\"image\":{\"@id\":\"https:\/\/blognoticias.ecca.edu.es\/#\/schema\/logo\/image\/\"},\"sameAs\":[\"https:\/\/www.facebook.com\/ecca.edu.es\",\"https:\/\/x.com\/eccaedu\",\"https:\/\/www.instagram.com\/\"]},{\"@type\":\"Person\",\"@id\":\"https:\/\/blognoticias.ecca.edu.es\/#\/schema\/person\/8070573f481ccba909661fdb1cf9e5eb\",\"name\":\"Ecca.edu\",\"image\":{\"@type\":\"ImageObject\",\"inLanguage\":\"en-GB\",\"@id\":\"https:\/\/blognoticias.ecca.edu.es\/#\/schema\/person\/image\/\",\"url\":\"https:\/\/blognoticias.ecca.edu.es\/wp-content\/uploads\/2023\/02\/LOGO-ECCAEDU-1-150x150.png\",\"contentUrl\":\"https:\/\/blognoticias.ecca.edu.es\/wp-content\/uploads\/2023\/02\/LOGO-ECCAEDU-1-150x150.png\",\"caption\":\"Ecca.edu\"},\"url\":\"https:\/\/blognoticias.ecca.edu.es\/en\/author\/ecca-edu\/\"}]}<\/script>\n<!-- \/ Yoast SEO plugin. -->","yoast_head_json":{"title":"Valverde acoge la exposici\u00f3n itinerante del 60 aniversario de ecca.edu","description":"ecca.edu ha inaugurado en el municipio de Valverde su exposici\u00f3n itinerante, una iniciativa enmarcada en su 60 aniversario","robots":{"index":"index","follow":"follow","max-snippet":"max-snippet:-1","max-image-preview":"max-image-preview:large","max-video-preview":"max-video-preview:-1"},"canonical":"https:\/\/blognoticias.ecca.edu.es\/en\/valverde-acoge-la-exposicion-itinerante-del-60-aniversario-de-ecca-edu\/","og_locale":"en_GB","og_type":"article","og_title":"Valverde acoge la exposici\u00f3n itinerante del 60 aniversario de ecca.edu","og_description":"ecca.edu ha inaugurado en el municipio de Valverde su exposici\u00f3n itinerante, una iniciativa enmarcada en su 60 aniversario","og_url":"https:\/\/blognoticias.ecca.edu.es\/en\/valverde-acoge-la-exposicion-itinerante-del-60-aniversario-de-ecca-edu\/","og_site_name":"Blog Noticias Ecca","article_publisher":"https:\/\/www.facebook.com\/ecca.edu.es","article_published_time":"2026-01-22T12:52:50+00:00","article_modified_time":"2026-01-22T12:57:10+00:00","og_image":[{"width":1080,"height":1080,"url":"https:\/\/blognoticias.ecca.edu.es\/wp-content\/uploads\/2026\/01\/Platilla-Instagram-cuadrado-y-blog-25.png","type":"image\/png"}],"author":"Ecca.edu","twitter_card":"summary_large_image","twitter_creator":"@eccaedu","twitter_site":"@eccaedu","twitter_misc":{"Written by":"Ecca.edu","Estimated reading time":"3 minutes"},"schema":{"@context":"https:\/\/schema.org","@graph":[{"@type":"Article","@id":"https:\/\/blognoticias.ecca.edu.es\/valverde-acoge-la-exposicion-itinerante-del-60-aniversario-de-ecca-edu\/#article","isPartOf":{"@id":"https:\/\/blognoticias.ecca.edu.es\/valverde-acoge-la-exposicion-itinerante-del-60-aniversario-de-ecca-edu\/"},"author":{"name":"Ecca.edu","@id":"https:\/\/blognoticias.ecca.edu.es\/#\/schema\/person\/8070573f481ccba909661fdb1cf9e5eb"},"headline":"Valverde acoge la exposici\u00f3n itinerante del 60 aniversario de ecca.edu","datePublished":"2026-01-22T12:52:50+00:00","dateModified":"2026-01-22T12:57:10+00:00","mainEntityOfPage":{"@id":"https:\/\/blognoticias.ecca.edu.es\/valverde-acoge-la-exposicion-itinerante-del-60-aniversario-de-ecca-edu\/"},"wordCount":422,"publisher":{"@id":"https:\/\/blognoticias.ecca.edu.es\/#organization"},"image":{"@id":"https:\/\/blognoticias.ecca.edu.es\/valverde-acoge-la-exposicion-itinerante-del-60-aniversario-de-ecca-edu\/#primaryimage"},"thumbnailUrl":"https:\/\/blognoticias.ecca.edu.es\/wp-content\/uploads\/2026\/01\/Platilla-Instagram-cuadrado-y-blog-25.png","keywords":["#60a\u00f1ostransformandovidas","ecca.edu","El Hierro","exposici\u00f3n itinerante ecca.edu","Formaci\u00f3n en EL Hierro","Islas Canarias","Municipio de Valverde"],"articleSection":["Blog"],"inLanguage":"en-GB"},{"@type":"WebPage","@id":"https:\/\/blognoticias.ecca.edu.es\/valverde-acoge-la-exposicion-itinerante-del-60-aniversario-de-ecca-edu\/","url":"https:\/\/blognoticias.ecca.edu.es\/valverde-acoge-la-exposicion-itinerante-del-60-aniversario-de-ecca-edu\/","name":"Valverde acoge la exposici\u00f3n itinerante del 60 aniversario de ecca.edu","isPartOf":{"@id":"https:\/\/blognoticias.ecca.edu.es\/#website"},"primaryImageOfPage":{"@id":"https:\/\/blognoticias.ecca.edu.es\/valverde-acoge-la-exposicion-itinerante-del-60-aniversario-de-ecca-edu\/#primaryimage"},"image":{"@id":"https:\/\/blognoticias.ecca.edu.es\/valverde-acoge-la-exposicion-itinerante-del-60-aniversario-de-ecca-edu\/#primaryimage"},"thumbnailUrl":"https:\/\/blognoticias.ecca.edu.es\/wp-content\/uploads\/2026\/01\/Platilla-Instagram-cuadrado-y-blog-25.png","datePublished":"2026-01-22T12:52:50+00:00","dateModified":"2026-01-22T12:57:10+00:00","description":"ecca.edu ha inaugurado en el municipio de Valverde su exposici\u00f3n itinerante, una iniciativa enmarcada en su 60 aniversario","breadcrumb":{"@id":"https:\/\/blognoticias.ecca.edu.es\/valverde-acoge-la-exposicion-itinerante-del-60-aniversario-de-ecca-edu\/#breadcrumb"},"inLanguage":"en-GB","potentialAction":[{"@type":"ReadAction","target":["https:\/\/blognoticias.ecca.edu.es\/valverde-acoge-la-exposicion-itinerante-del-60-aniversario-de-ecca-edu\/"]}]},{"@type":"ImageObject","inLanguage":"en-GB","@id":"https:\/\/blognoticias.ecca.edu.es\/valverde-acoge-la-exposicion-itinerante-del-60-aniversario-de-ecca-edu\/#primaryimage","url":"https:\/\/blognoticias.ecca.edu.es\/wp-content\/uploads\/2026\/01\/Platilla-Instagram-cuadrado-y-blog-25.png","contentUrl":"https:\/\/blognoticias.ecca.edu.es\/wp-content\/uploads\/2026\/01\/Platilla-Instagram-cuadrado-y-blog-25.png","width":1080,"height":1080,"caption":"Valverde acoge la exposici\u00f3n itinerante del 60 aniversario de ecca.edu_1"},{"@type":"BreadcrumbList","@id":"https:\/\/blognoticias.ecca.edu.es\/valverde-acoge-la-exposicion-itinerante-del-60-aniversario-de-ecca-edu\/#breadcrumb","itemListElement":[{"@type":"ListItem","position":1,"name":"Portada","item":"https:\/\/blognoticias.ecca.edu.es\/"},{"@type":"ListItem","position":2,"name":"Valverde acoge la exposici\u00f3n itinerante del 60 aniversario de ecca.edu"}]},{"@type":"WebSite","@id":"https:\/\/blognoticias.ecca.edu.es\/#website","url":"https:\/\/blognoticias.ecca.edu.es\/","name":"Blog Noticias Ecca","description":"","publisher":{"@id":"https:\/\/blognoticias.ecca.edu.es\/#organization"},"potentialAction":[{"@type":"SearchAction","target":{"@type":"EntryPoint","urlTemplate":"https:\/\/blognoticias.ecca.edu.es\/?s={search_term_string}"},"query-input":{"@type":"PropertyValueSpecification","valueRequired":true,"valueName":"search_term_string"}}],"inLanguage":"en-GB"},{"@type":"Organization","@id":"https:\/\/blognoticias.ecca.edu.es\/#organization","name":"Blog Noticias Ecca","url":"https:\/\/blognoticias.ecca.edu.es\/","logo":{"@type":"ImageObject","inLanguage":"en-GB","@id":"https:\/\/blognoticias.ecca.edu.es\/#\/schema\/logo\/image\/","url":"https:\/\/blognoticias.ecca.edu.es\/wp-content\/uploads\/2023\/02\/cropped-cropped-cropped-cropped-Logo-Ecca.edu_.png","contentUrl":"https:\/\/blognoticias.ecca.edu.es\/wp-content\/uploads\/2023\/02\/cropped-cropped-cropped-cropped-Logo-Ecca.edu_.png","width":293,"height":45,"caption":"Blog Noticias Ecca"},"image":{"@id":"https:\/\/blognoticias.ecca.edu.es\/#\/schema\/logo\/image\/"},"sameAs":["https:\/\/www.facebook.com\/ecca.edu.es","https:\/\/x.com\/eccaedu","https:\/\/www.instagram.com\/"]},{"@type":"Person","@id":"https:\/\/blognoticias.ecca.edu.es\/#\/schema\/person\/8070573f481ccba909661fdb1cf9e5eb","name":"Ecca.edu","image":{"@type":"ImageObject","inLanguage":"en-GB","@id":"https:\/\/blognoticias.ecca.edu.es\/#\/schema\/person\/image\/","url":"https:\/\/blognoticias.ecca.edu.es\/wp-content\/uploads\/2023\/02\/LOGO-ECCAEDU-1-150x150.png","contentUrl":"https:\/\/blognoticias.ecca.edu.es\/wp-content\/uploads\/2023\/02\/LOGO-ECCAEDU-1-150x150.png","caption":"Ecca.edu"},"url":"https:\/\/blognoticias.ecca.edu.es\/en\/author\/ecca-edu\/"}]}},"_links":{"self":[{"href":"https:\/\/blognoticias.ecca.edu.es\/en\/wp-json\/wp\/v2\/posts\/6237","targetHints":{"allow":["GET"]}}],"collection":[{"href":"https:\/\/blognoticias.ecca.edu.es\/en\/wp-json\/wp\/v2\/posts"}],"about":[{"href":"https:\/\/blognoticias.ecca.edu.es\/en\/wp-json\/wp\/v2\/types\/post"}],"author":[{"embeddable":true,"href":"https:\/\/blognoticias.ecca.edu.es\/en\/wp-json\/wp\/v2\/users\/2"}],"replies":[{"embeddable":true,"href":"https:\/\/blognoticias.ecca.edu.es\/en\/wp-json\/wp\/v2\/comments?post=6237"}],"version-history":[{"count":3,"href":"https:\/\/blognoticias.ecca.edu.es\/en\/wp-json\/wp\/v2\/posts\/6237\/revisions"}],"predecessor-version":[{"id":6244,"href":"https:\/\/blognoticias.ecca.edu.es\/en\/wp-json\/wp\/v2\/posts\/6237\/revisions\/6244"}],"wp:featuredmedia":[{"embeddable":true,"href":"https:\/\/blognoticias.ecca.edu.es\/en\/wp-json\/wp\/v2\/media\/6242"}],"wp:attachment":[{"href":"https:\/\/blognoticias.ecca.edu.es\/en\/wp-json\/wp\/v2\/media?parent=6237"}],"wp:term":[{"taxonomy":"category","embeddable":true,"href":"https:\/\/blognoticias.ecca.edu.es\/en\/wp-json\/wp\/v2\/categories?post=6237"},{"taxonomy":"post_tag","embeddable":true,"href":"https:\/\/blognoticias.ecca.edu.es\/en\/wp-json\/wp\/v2\/tags?post=6237"}],"curies":[{"name":"wp","href":"https:\/\/api.w.org\/{rel}","templated":true}]}}