{"id":6181,"date":"2025-12-16T14:21:06","date_gmt":"2025-12-16T14:21:06","guid":{"rendered":"https:\/\/blognoticias.ecca.edu.es\/?p=6181"},"modified":"2026-01-08T12:50:05","modified_gmt":"2026-01-08T12:50:05","slug":"el-cabildo-de-el-hierro-se-suma-al-60-aniversario-de-ecca-edu-acogiendo-su-exposicion-itinerante","status":"publish","type":"post","link":"https:\/\/blognoticias.ecca.edu.es\/en\/el-cabildo-de-el-hierro-se-suma-al-60-aniversario-de-ecca-edu-acogiendo-su-exposicion-itinerante\/","title":{"rendered":"El Cabildo de El Hierro se suma al 60 aniversario de ecca.edu acogiendo su exposici\u00f3n itinerante"},"content":{"rendered":"<div class='booster-block booster-read-block'>\n                <div class=\"twp-read-time\">\n                \t<i class=\"booster-icon twp-clock\"><\/i> <span>Tiempo de lectura:<\/span>2 Minutos, 46 Segundos                <\/div>\n\n            <\/div><p><b>ecca.edu<\/b><span style=\"font-weight: 400;\"> inaugur\u00f3 hoy su exposici\u00f3n itinerante <\/span><i><span style=\"font-weight: 400;\">60 a\u00f1os transformando vidas a trav\u00e9s de la educaci\u00f3n<\/span><\/i><span style=\"font-weight: 400;\"> en la Sala de Exposiciones del Excmo. Cabildo de El Hierro. La muestra, que conmemora la trayectoria de la instituci\u00f3n, permanecer\u00e1 abierta al p\u00fablico hasta el pr\u00f3ximo 9 de enero de 2026.<\/span><\/p>\n<p><img loading=\"lazy\" decoding=\"async\" class=\"aligncenter wp-image-6185 size-large\" src=\"https:\/\/blognoticias.ecca.edu.es\/wp-content\/uploads\/2025\/12\/El-Cabildo-de-El-Hierro-se-suma-al-60-aniversario-de-ecca.edu-acogiendo-su-exposicion-itinerante_1-1024x683.png\" alt=\"\" width=\"750\" height=\"500\" srcset=\"https:\/\/blognoticias.ecca.edu.es\/wp-content\/uploads\/2025\/12\/El-Cabildo-de-El-Hierro-se-suma-al-60-aniversario-de-ecca.edu-acogiendo-su-exposicion-itinerante_1-1024x683.png 1024w, https:\/\/blognoticias.ecca.edu.es\/wp-content\/uploads\/2025\/12\/El-Cabildo-de-El-Hierro-se-suma-al-60-aniversario-de-ecca.edu-acogiendo-su-exposicion-itinerante_1-300x200.png 300w, https:\/\/blognoticias.ecca.edu.es\/wp-content\/uploads\/2025\/12\/El-Cabildo-de-El-Hierro-se-suma-al-60-aniversario-de-ecca.edu-acogiendo-su-exposicion-itinerante_1-768x512.png 768w, https:\/\/blognoticias.ecca.edu.es\/wp-content\/uploads\/2025\/12\/El-Cabildo-de-El-Hierro-se-suma-al-60-aniversario-de-ecca.edu-acogiendo-su-exposicion-itinerante_1-1536x1025.png 1536w, https:\/\/blognoticias.ecca.edu.es\/wp-content\/uploads\/2025\/12\/El-Cabildo-de-El-Hierro-se-suma-al-60-aniversario-de-ecca.edu-acogiendo-su-exposicion-itinerante_1-18x12.png 18w, https:\/\/blognoticias.ecca.edu.es\/wp-content\/uploads\/2025\/12\/El-Cabildo-de-El-Hierro-se-suma-al-60-aniversario-de-ecca.edu-acogiendo-su-exposicion-itinerante_1.png 2048w\" sizes=\"auto, (max-width: 750px) 100vw, 750px\" \/><\/p>\n<p><span style=\"font-weight: 400;\">Esta nueva parada es un hito clave en el recorrido que la exposici\u00f3n est\u00e1 realizando por todo el archipi\u00e9lago, visibilizando la historia de la educaci\u00f3n inclusiva y la formaci\u00f3n accesible en las Islas Canarias. La llegada de esta muestra a la isla ha sido posible gracias a la colaboraci\u00f3n del Cabildo de El Hierro, socio fundamental para llevar la formaci\u00f3n al mayor n\u00famero de personas desde que ecca comenz\u00f3 a dar formaci\u00f3n en la isla en 1975.<\/span><\/p>\n<p><span style=\"font-weight: 400;\">La inauguraci\u00f3n cont\u00f3 con la presencia de autoridades p\u00fablicas como la del consejero de Cultura, Juventud, Deporte y Patrimonio Hist\u00f3rico del Cabildo de El Hierro, <\/span><b>Rub\u00e9n Armiche Ben\u00edtez<\/b><span style=\"font-weight: 400;\">, la de la concejala de R\u00e9gimen Interno, Personal y Empleo, Desarrollo del Sector Primario y Educaci\u00f3n y Juventud del Ayuntamiento de El Pinar, <\/span><b>Jaisan Morales<\/b><span style=\"font-weight: 400;\">,\u00a0 o la de la edila de Fiestas, Deportes, Cultura, Mayores y Salud P\u00fablica de ese mismo ayuntamiento, <\/span><b>Lourdes P\u00e9rez<\/b><span style=\"font-weight: 400;\">.<\/span><\/p>\n<p><span style=\"font-weight: 400;\">En representaci\u00f3n de <\/span><a href=\"http:\/\/ecca.edu\"><span style=\"font-weight: 400;\">ecca.edu<\/span><\/a><span style=\"font-weight: 400;\"> estuvo presente el director general de la instituci\u00f3n, <\/span><b>Jos\u00e9 Mar\u00eda Segura SJ<\/b><span style=\"font-weight: 400;\">, acompa\u00f1ado de la delegada de <\/span><a href=\"http:\/\/ecca.edu\"><span style=\"font-weight: 400;\">ecca.edu<\/span><\/a><span style=\"font-weight: 400;\"> en El Hierro, <\/span><b>Elisa Hern\u00e1ndez<\/b><span style=\"font-weight: 400;\">, as\u00ed como los profesionales que conforman el equipo de ecca en la isla y alumnado, que no quiso perderse esta oportunidad de conocer m\u00e1s en profundidad a la fundaci\u00f3n.\u00a0<\/span><\/p>\n<p><span style=\"font-weight: 400;\">Todas las personas presentes coincidieron en la labor educativa de calado que ha realizado la entidad y lo necesario que sigue siendo para acompa\u00f1ar a personas en su formaci\u00f3n a lo largo de la vida.\u00a0<\/span><\/p>\n<p><img loading=\"lazy\" decoding=\"async\" class=\"aligncenter wp-image-6184 size-large\" src=\"https:\/\/blognoticias.ecca.edu.es\/wp-content\/uploads\/2025\/12\/El-Cabildo-de-El-Hierro-se-suma-al-60-aniversario-de-ecca.edu-acogiendo-su-exposicion-itinerante_2-1024x683.png\" alt=\"\" width=\"750\" height=\"500\" srcset=\"https:\/\/blognoticias.ecca.edu.es\/wp-content\/uploads\/2025\/12\/El-Cabildo-de-El-Hierro-se-suma-al-60-aniversario-de-ecca.edu-acogiendo-su-exposicion-itinerante_2-1024x683.png 1024w, https:\/\/blognoticias.ecca.edu.es\/wp-content\/uploads\/2025\/12\/El-Cabildo-de-El-Hierro-se-suma-al-60-aniversario-de-ecca.edu-acogiendo-su-exposicion-itinerante_2-300x200.png 300w, https:\/\/blognoticias.ecca.edu.es\/wp-content\/uploads\/2025\/12\/El-Cabildo-de-El-Hierro-se-suma-al-60-aniversario-de-ecca.edu-acogiendo-su-exposicion-itinerante_2-768x512.png 768w, https:\/\/blognoticias.ecca.edu.es\/wp-content\/uploads\/2025\/12\/El-Cabildo-de-El-Hierro-se-suma-al-60-aniversario-de-ecca.edu-acogiendo-su-exposicion-itinerante_2-1536x1025.png 1536w, https:\/\/blognoticias.ecca.edu.es\/wp-content\/uploads\/2025\/12\/El-Cabildo-de-El-Hierro-se-suma-al-60-aniversario-de-ecca.edu-acogiendo-su-exposicion-itinerante_2-18x12.png 18w, https:\/\/blognoticias.ecca.edu.es\/wp-content\/uploads\/2025\/12\/El-Cabildo-de-El-Hierro-se-suma-al-60-aniversario-de-ecca.edu-acogiendo-su-exposicion-itinerante_2.png 2048w\" sizes=\"auto, (max-width: 750px) 100vw, 750px\" \/><\/p>\n<p><b>Un recorrido por la historia y las alianzas<\/b><\/p>\n<p><span style=\"font-weight: 400;\">La muestra invita a los visitantes a un viaje inmersivo a trav\u00e9s de seis d\u00e9cadas, desde el nacimiento de ecca. A trav\u00e9s de paneles informativos y recursos multimedia, la exposici\u00f3n desvela los hitos que han marcado su historia y rinde homenaje al papel clave de la formaci\u00f3n accesible para la transformaci\u00f3n social en entornos rurales.<\/span><\/p>\n<p><span style=\"font-weight: 400;\">Adem\u00e1s, se destaca la importancia de las alianzas estrat\u00e9gicas con instituciones locales y cabildos, que han permitido tejer una red de apoyo fundamental para la educaci\u00f3n a distancia, tal y como ha sucedido con El Cabildo de El Hierro.\u00a0<\/span><\/p>\n<p><a href=\"http:\/\/ecca.edu\"><span style=\"font-weight: 400;\">ecca.edu<\/span><\/a><span style=\"font-weight: 400;\"> agradece al Cabildo la acogida de esta exposici\u00f3n y el apoyo que da a la instituci\u00f3n, algo que permite llegar cada curso a m\u00e1s poblaci\u00f3n herre\u00f1a.<\/span><\/p>\n<p><b>Informaci\u00f3n Pr\u00e1ctica<\/b><\/p>\n<p><b>Ubicaci\u00f3n<\/b><span style=\"font-weight: 400;\">: Sala de Exposiciones del Excmo. Cabildo de El Hierro (C. Dr. Quintero, 38900 Villa de Valverde).<\/span><\/p>\n<p><b>Fechas:<\/b><span style=\"font-weight: 400;\"> Del 16 de diciembre de 2025 al 9 de enero de 2026.<\/span><\/p>\n<p><b>Horario de visita:<\/b><span style=\"font-weight: 400;\"> De lunes a viernes de 08:00 a 14:00h.<\/span><\/p>\n<p><b>Sobre<\/b><a href=\"https:\/\/ecca.edu.es\/nuestra-historia\/\"><b> ecca.edu<\/b><\/a><\/p>\n<p><span style=\"font-weight: 400;\">Nacido en 1965,<\/span><a href=\"http:\/\/ecca.edu\"> <span style=\"font-weight: 400;\">ecca.edu<\/span><\/a><span style=\"font-weight: 400;\"> es un centro de formaci\u00f3n a distancia para personas adultas con presencia en las ocho islas canarias. Durante sus 60 a\u00f1os de trayectoria ha atendido a m\u00e1s de tres millones de personas aplicando una metodolog\u00eda propia, el Sistema ecca, que combina material multimedia, clases audiovisuales y tutor\u00eda personalizada para garantizar una educaci\u00f3n accesible, flexible y de calidad. Trabaja de manera coordinada y en alianza con entidades p\u00fablicas y privadas con el objetivo compartido de llevar formaci\u00f3n a quien lo necesite.<\/span><\/p>\n<p><img loading=\"lazy\" decoding=\"async\" class=\"aligncenter wp-image-6183 size-large\" src=\"https:\/\/blognoticias.ecca.edu.es\/wp-content\/uploads\/2025\/12\/El-Cabildo-de-El-Hierro-se-suma-al-60-aniversario-de-ecca.edu-acogiendo-su-exposicion-itinerante_3-1024x683.png\" alt=\"\" width=\"750\" height=\"500\" srcset=\"https:\/\/blognoticias.ecca.edu.es\/wp-content\/uploads\/2025\/12\/El-Cabildo-de-El-Hierro-se-suma-al-60-aniversario-de-ecca.edu-acogiendo-su-exposicion-itinerante_3-1024x683.png 1024w, https:\/\/blognoticias.ecca.edu.es\/wp-content\/uploads\/2025\/12\/El-Cabildo-de-El-Hierro-se-suma-al-60-aniversario-de-ecca.edu-acogiendo-su-exposicion-itinerante_3-300x200.png 300w, https:\/\/blognoticias.ecca.edu.es\/wp-content\/uploads\/2025\/12\/El-Cabildo-de-El-Hierro-se-suma-al-60-aniversario-de-ecca.edu-acogiendo-su-exposicion-itinerante_3-768x512.png 768w, https:\/\/blognoticias.ecca.edu.es\/wp-content\/uploads\/2025\/12\/El-Cabildo-de-El-Hierro-se-suma-al-60-aniversario-de-ecca.edu-acogiendo-su-exposicion-itinerante_3-1536x1025.png 1536w, https:\/\/blognoticias.ecca.edu.es\/wp-content\/uploads\/2025\/12\/El-Cabildo-de-El-Hierro-se-suma-al-60-aniversario-de-ecca.edu-acogiendo-su-exposicion-itinerante_3-18x12.png 18w, https:\/\/blognoticias.ecca.edu.es\/wp-content\/uploads\/2025\/12\/El-Cabildo-de-El-Hierro-se-suma-al-60-aniversario-de-ecca.edu-acogiendo-su-exposicion-itinerante_3.png 2048w\" sizes=\"auto, (max-width: 750px) 100vw, 750px\" \/><\/p>","protected":false},"excerpt":{"rendered":"<p>ecca.edu inaugur\u00f3 hoy su exposici\u00f3n itinerante 60 a\u00f1os transformando vidas a trav\u00e9s de la educaci\u00f3n en la Sala de Exposiciones del Excmo. Cabildo de El Hierro. La muestra, que conmemora la trayectoria de la instituci\u00f3n, permanecer\u00e1 abierta al p\u00fablico hasta el pr\u00f3ximo 9 de enero de 2026. Esta nueva parada es un hito clave en [&hellip;]<\/p>","protected":false},"author":2,"featured_media":6182,"comment_status":"closed","ping_status":"closed","sticky":false,"template":"","format":"standard","meta":{"footnotes":""},"categories":[102,1293],"tags":[1321,1527,1339,1526,1309],"class_list":["post-6181","post","type-post","status-publish","format-standard","has-post-thumbnail","hentry","category-comunicacion","category-noticias","tag-60anostransformandovidas","tag-cabildoelhierro","tag-eccaedu","tag-elhierro","tag-formacionadistancia"],"yoast_head":"<!-- This site is optimized with the Yoast SEO plugin v25.9 - https:\/\/yoast.com\/wordpress\/plugins\/seo\/ -->\n<title>El Cabildo de El Hierro se suma al 60 aniversario de ecca.edu acogiendo su exposici\u00f3n itinerante<\/title>\n<meta name=\"description\" content=\"ecca.edu inaugur\u00f3 hoy su exposici\u00f3n itinerante 60 a\u00f1os transformando vidas a trav\u00e9s de la educaci\u00f3n en la Sala de Exposiciones del Excmo. Cabildo de El Hierro. La muestra, que conmemora la trayectoria de la instituci\u00f3n, permanecer\u00e1 abierta al p\u00fablico hasta el pr\u00f3ximo 9 de enero de 2026.\" \/>\n<meta name=\"robots\" content=\"index, follow, max-snippet:-1, max-image-preview:large, max-video-preview:-1\" \/>\n<link rel=\"canonical\" href=\"https:\/\/blognoticias.ecca.edu.es\/en\/el-cabildo-de-el-hierro-se-suma-al-60-aniversario-de-ecca-edu-acogiendo-su-exposicion-itinerante\/\" \/>\n<meta property=\"og:locale\" content=\"en_GB\" \/>\n<meta property=\"og:type\" content=\"article\" \/>\n<meta property=\"og:title\" content=\"El Cabildo de El Hierro se suma al 60 aniversario de ecca.edu acogiendo su exposici\u00f3n itinerante\" \/>\n<meta property=\"og:description\" content=\"ecca.edu inaugur\u00f3 hoy su exposici\u00f3n itinerante 60 a\u00f1os transformando vidas a trav\u00e9s de la educaci\u00f3n en la Sala de Exposiciones del Excmo. Cabildo de El Hierro. La muestra, que conmemora la trayectoria de la instituci\u00f3n, permanecer\u00e1 abierta al p\u00fablico hasta el pr\u00f3ximo 9 de enero de 2026.\" \/>\n<meta property=\"og:url\" content=\"https:\/\/blognoticias.ecca.edu.es\/en\/el-cabildo-de-el-hierro-se-suma-al-60-aniversario-de-ecca-edu-acogiendo-su-exposicion-itinerante\/\" \/>\n<meta property=\"og:site_name\" content=\"Blog Noticias Ecca\" \/>\n<meta property=\"article:publisher\" content=\"https:\/\/www.facebook.com\/ecca.edu.es\" \/>\n<meta property=\"article:published_time\" content=\"2025-12-16T14:21:06+00:00\" \/>\n<meta property=\"article:modified_time\" content=\"2026-01-08T12:50:05+00:00\" \/>\n<meta property=\"og:image\" content=\"https:\/\/blognoticias.ecca.edu.es\/wp-content\/uploads\/2025\/12\/Platilla-Instagram-cuadrado-y-blog-23.png\" \/>\n\t<meta property=\"og:image:width\" content=\"1080\" \/>\n\t<meta property=\"og:image:height\" content=\"1080\" \/>\n\t<meta property=\"og:image:type\" content=\"image\/png\" \/>\n<meta name=\"author\" content=\"Ecca.edu\" \/>\n<meta name=\"twitter:card\" content=\"summary_large_image\" \/>\n<meta name=\"twitter:creator\" content=\"@eccaedu\" \/>\n<meta name=\"twitter:site\" content=\"@eccaedu\" \/>\n<meta name=\"twitter:label1\" content=\"Written by\" \/>\n\t<meta name=\"twitter:data1\" content=\"Ecca.edu\" \/>\n\t<meta name=\"twitter:label2\" content=\"Estimated reading time\" \/>\n\t<meta name=\"twitter:data2\" content=\"4 minutes\" \/>\n<script type=\"application\/ld+json\" class=\"yoast-schema-graph\">{\"@context\":\"https:\/\/schema.org\",\"@graph\":[{\"@type\":\"Article\",\"@id\":\"https:\/\/blognoticias.ecca.edu.es\/el-cabildo-de-el-hierro-se-suma-al-60-aniversario-de-ecca-edu-acogiendo-su-exposicion-itinerante\/#article\",\"isPartOf\":{\"@id\":\"https:\/\/blognoticias.ecca.edu.es\/el-cabildo-de-el-hierro-se-suma-al-60-aniversario-de-ecca-edu-acogiendo-su-exposicion-itinerante\/\"},\"author\":{\"name\":\"Ecca.edu\",\"@id\":\"https:\/\/blognoticias.ecca.edu.es\/#\/schema\/person\/8070573f481ccba909661fdb1cf9e5eb\"},\"headline\":\"El Cabildo de El Hierro se suma al 60 aniversario de ecca.edu acogiendo su exposici\u00f3n itinerante\",\"datePublished\":\"2025-12-16T14:21:06+00:00\",\"dateModified\":\"2026-01-08T12:50:05+00:00\",\"mainEntityOfPage\":{\"@id\":\"https:\/\/blognoticias.ecca.edu.es\/el-cabildo-de-el-hierro-se-suma-al-60-aniversario-de-ecca-edu-acogiendo-su-exposicion-itinerante\/\"},\"wordCount\":614,\"publisher\":{\"@id\":\"https:\/\/blognoticias.ecca.edu.es\/#organization\"},\"image\":{\"@id\":\"https:\/\/blognoticias.ecca.edu.es\/el-cabildo-de-el-hierro-se-suma-al-60-aniversario-de-ecca-edu-acogiendo-su-exposicion-itinerante\/#primaryimage\"},\"thumbnailUrl\":\"https:\/\/blognoticias.ecca.edu.es\/wp-content\/uploads\/2025\/12\/Platilla-Instagram-cuadrado-y-blog-23.png\",\"keywords\":[\"#60a\u00f1ostransformandovidas\",\"#CabildoElHierro\",\"#eccaedu\",\"#ElHierro\",\"#Formaci\u00f3nadistancia\"],\"articleSection\":[\"Comunicaci\u00f3n\",\"Noticias\"],\"inLanguage\":\"en-GB\"},{\"@type\":\"WebPage\",\"@id\":\"https:\/\/blognoticias.ecca.edu.es\/el-cabildo-de-el-hierro-se-suma-al-60-aniversario-de-ecca-edu-acogiendo-su-exposicion-itinerante\/\",\"url\":\"https:\/\/blognoticias.ecca.edu.es\/el-cabildo-de-el-hierro-se-suma-al-60-aniversario-de-ecca-edu-acogiendo-su-exposicion-itinerante\/\",\"name\":\"El Cabildo de El Hierro se suma al 60 aniversario de ecca.edu acogiendo su exposici\u00f3n itinerante\",\"isPartOf\":{\"@id\":\"https:\/\/blognoticias.ecca.edu.es\/#website\"},\"primaryImageOfPage\":{\"@id\":\"https:\/\/blognoticias.ecca.edu.es\/el-cabildo-de-el-hierro-se-suma-al-60-aniversario-de-ecca-edu-acogiendo-su-exposicion-itinerante\/#primaryimage\"},\"image\":{\"@id\":\"https:\/\/blognoticias.ecca.edu.es\/el-cabildo-de-el-hierro-se-suma-al-60-aniversario-de-ecca-edu-acogiendo-su-exposicion-itinerante\/#primaryimage\"},\"thumbnailUrl\":\"https:\/\/blognoticias.ecca.edu.es\/wp-content\/uploads\/2025\/12\/Platilla-Instagram-cuadrado-y-blog-23.png\",\"datePublished\":\"2025-12-16T14:21:06+00:00\",\"dateModified\":\"2026-01-08T12:50:05+00:00\",\"description\":\"ecca.edu inaugur\u00f3 hoy su exposici\u00f3n itinerante 60 a\u00f1os transformando vidas a trav\u00e9s de la educaci\u00f3n en la Sala de Exposiciones del Excmo. Cabildo de El Hierro. La muestra, que conmemora la trayectoria de la instituci\u00f3n, permanecer\u00e1 abierta al p\u00fablico hasta el pr\u00f3ximo 9 de enero de 2026.\",\"breadcrumb\":{\"@id\":\"https:\/\/blognoticias.ecca.edu.es\/el-cabildo-de-el-hierro-se-suma-al-60-aniversario-de-ecca-edu-acogiendo-su-exposicion-itinerante\/#breadcrumb\"},\"inLanguage\":\"en-GB\",\"potentialAction\":[{\"@type\":\"ReadAction\",\"target\":[\"https:\/\/blognoticias.ecca.edu.es\/el-cabildo-de-el-hierro-se-suma-al-60-aniversario-de-ecca-edu-acogiendo-su-exposicion-itinerante\/\"]}]},{\"@type\":\"ImageObject\",\"inLanguage\":\"en-GB\",\"@id\":\"https:\/\/blognoticias.ecca.edu.es\/el-cabildo-de-el-hierro-se-suma-al-60-aniversario-de-ecca-edu-acogiendo-su-exposicion-itinerante\/#primaryimage\",\"url\":\"https:\/\/blognoticias.ecca.edu.es\/wp-content\/uploads\/2025\/12\/Platilla-Instagram-cuadrado-y-blog-23.png\",\"contentUrl\":\"https:\/\/blognoticias.ecca.edu.es\/wp-content\/uploads\/2025\/12\/Platilla-Instagram-cuadrado-y-blog-23.png\",\"width\":1080,\"height\":1080},{\"@type\":\"BreadcrumbList\",\"@id\":\"https:\/\/blognoticias.ecca.edu.es\/el-cabildo-de-el-hierro-se-suma-al-60-aniversario-de-ecca-edu-acogiendo-su-exposicion-itinerante\/#breadcrumb\",\"itemListElement\":[{\"@type\":\"ListItem\",\"position\":1,\"name\":\"Portada\",\"item\":\"https:\/\/blognoticias.ecca.edu.es\/\"},{\"@type\":\"ListItem\",\"position\":2,\"name\":\"El Cabildo de El Hierro se suma al 60 aniversario de ecca.edu acogiendo su exposici\u00f3n itinerante\"}]},{\"@type\":\"WebSite\",\"@id\":\"https:\/\/blognoticias.ecca.edu.es\/#website\",\"url\":\"https:\/\/blognoticias.ecca.edu.es\/\",\"name\":\"Blog Noticias Ecca\",\"description\":\"\",\"publisher\":{\"@id\":\"https:\/\/blognoticias.ecca.edu.es\/#organization\"},\"potentialAction\":[{\"@type\":\"SearchAction\",\"target\":{\"@type\":\"EntryPoint\",\"urlTemplate\":\"https:\/\/blognoticias.ecca.edu.es\/?s={search_term_string}\"},\"query-input\":{\"@type\":\"PropertyValueSpecification\",\"valueRequired\":true,\"valueName\":\"search_term_string\"}}],\"inLanguage\":\"en-GB\"},{\"@type\":\"Organization\",\"@id\":\"https:\/\/blognoticias.ecca.edu.es\/#organization\",\"name\":\"Blog Noticias Ecca\",\"url\":\"https:\/\/blognoticias.ecca.edu.es\/\",\"logo\":{\"@type\":\"ImageObject\",\"inLanguage\":\"en-GB\",\"@id\":\"https:\/\/blognoticias.ecca.edu.es\/#\/schema\/logo\/image\/\",\"url\":\"https:\/\/blognoticias.ecca.edu.es\/wp-content\/uploads\/2023\/02\/cropped-cropped-cropped-cropped-Logo-Ecca.edu_.png\",\"contentUrl\":\"https:\/\/blognoticias.ecca.edu.es\/wp-content\/uploads\/2023\/02\/cropped-cropped-cropped-cropped-Logo-Ecca.edu_.png\",\"width\":293,\"height\":45,\"caption\":\"Blog Noticias Ecca\"},\"image\":{\"@id\":\"https:\/\/blognoticias.ecca.edu.es\/#\/schema\/logo\/image\/\"},\"sameAs\":[\"https:\/\/www.facebook.com\/ecca.edu.es\",\"https:\/\/x.com\/eccaedu\",\"https:\/\/www.instagram.com\/\"]},{\"@type\":\"Person\",\"@id\":\"https:\/\/blognoticias.ecca.edu.es\/#\/schema\/person\/8070573f481ccba909661fdb1cf9e5eb\",\"name\":\"Ecca.edu\",\"image\":{\"@type\":\"ImageObject\",\"inLanguage\":\"en-GB\",\"@id\":\"https:\/\/blognoticias.ecca.edu.es\/#\/schema\/person\/image\/\",\"url\":\"https:\/\/blognoticias.ecca.edu.es\/wp-content\/uploads\/2023\/02\/LOGO-ECCAEDU-1-150x150.png\",\"contentUrl\":\"https:\/\/blognoticias.ecca.edu.es\/wp-content\/uploads\/2023\/02\/LOGO-ECCAEDU-1-150x150.png\",\"caption\":\"Ecca.edu\"},\"url\":\"https:\/\/blognoticias.ecca.edu.es\/en\/author\/ecca-edu\/\"}]}<\/script>\n<!-- \/ Yoast SEO plugin. -->","yoast_head_json":{"title":"El Cabildo de El Hierro se suma al 60 aniversario de ecca.edu acogiendo su exposici\u00f3n itinerante","description":"ecca.edu inaugur\u00f3 hoy su exposici\u00f3n itinerante 60 a\u00f1os transformando vidas a trav\u00e9s de la educaci\u00f3n en la Sala de Exposiciones del Excmo. Cabildo de El Hierro. La muestra, que conmemora la trayectoria de la instituci\u00f3n, permanecer\u00e1 abierta al p\u00fablico hasta el pr\u00f3ximo 9 de enero de 2026.","robots":{"index":"index","follow":"follow","max-snippet":"max-snippet:-1","max-image-preview":"max-image-preview:large","max-video-preview":"max-video-preview:-1"},"canonical":"https:\/\/blognoticias.ecca.edu.es\/en\/el-cabildo-de-el-hierro-se-suma-al-60-aniversario-de-ecca-edu-acogiendo-su-exposicion-itinerante\/","og_locale":"en_GB","og_type":"article","og_title":"El Cabildo de El Hierro se suma al 60 aniversario de ecca.edu acogiendo su exposici\u00f3n itinerante","og_description":"ecca.edu inaugur\u00f3 hoy su exposici\u00f3n itinerante 60 a\u00f1os transformando vidas a trav\u00e9s de la educaci\u00f3n en la Sala de Exposiciones del Excmo. Cabildo de El Hierro. La muestra, que conmemora la trayectoria de la instituci\u00f3n, permanecer\u00e1 abierta al p\u00fablico hasta el pr\u00f3ximo 9 de enero de 2026.","og_url":"https:\/\/blognoticias.ecca.edu.es\/en\/el-cabildo-de-el-hierro-se-suma-al-60-aniversario-de-ecca-edu-acogiendo-su-exposicion-itinerante\/","og_site_name":"Blog Noticias Ecca","article_publisher":"https:\/\/www.facebook.com\/ecca.edu.es","article_published_time":"2025-12-16T14:21:06+00:00","article_modified_time":"2026-01-08T12:50:05+00:00","og_image":[{"width":1080,"height":1080,"url":"https:\/\/blognoticias.ecca.edu.es\/wp-content\/uploads\/2025\/12\/Platilla-Instagram-cuadrado-y-blog-23.png","type":"image\/png"}],"author":"Ecca.edu","twitter_card":"summary_large_image","twitter_creator":"@eccaedu","twitter_site":"@eccaedu","twitter_misc":{"Written by":"Ecca.edu","Estimated reading time":"4 minutes"},"schema":{"@context":"https:\/\/schema.org","@graph":[{"@type":"Article","@id":"https:\/\/blognoticias.ecca.edu.es\/el-cabildo-de-el-hierro-se-suma-al-60-aniversario-de-ecca-edu-acogiendo-su-exposicion-itinerante\/#article","isPartOf":{"@id":"https:\/\/blognoticias.ecca.edu.es\/el-cabildo-de-el-hierro-se-suma-al-60-aniversario-de-ecca-edu-acogiendo-su-exposicion-itinerante\/"},"author":{"name":"Ecca.edu","@id":"https:\/\/blognoticias.ecca.edu.es\/#\/schema\/person\/8070573f481ccba909661fdb1cf9e5eb"},"headline":"El Cabildo de El Hierro se suma al 60 aniversario de ecca.edu acogiendo su exposici\u00f3n itinerante","datePublished":"2025-12-16T14:21:06+00:00","dateModified":"2026-01-08T12:50:05+00:00","mainEntityOfPage":{"@id":"https:\/\/blognoticias.ecca.edu.es\/el-cabildo-de-el-hierro-se-suma-al-60-aniversario-de-ecca-edu-acogiendo-su-exposicion-itinerante\/"},"wordCount":614,"publisher":{"@id":"https:\/\/blognoticias.ecca.edu.es\/#organization"},"image":{"@id":"https:\/\/blognoticias.ecca.edu.es\/el-cabildo-de-el-hierro-se-suma-al-60-aniversario-de-ecca-edu-acogiendo-su-exposicion-itinerante\/#primaryimage"},"thumbnailUrl":"https:\/\/blognoticias.ecca.edu.es\/wp-content\/uploads\/2025\/12\/Platilla-Instagram-cuadrado-y-blog-23.png","keywords":["#60a\u00f1ostransformandovidas","#CabildoElHierro","#eccaedu","#ElHierro","#Formaci\u00f3nadistancia"],"articleSection":["Comunicaci\u00f3n","Noticias"],"inLanguage":"en-GB"},{"@type":"WebPage","@id":"https:\/\/blognoticias.ecca.edu.es\/el-cabildo-de-el-hierro-se-suma-al-60-aniversario-de-ecca-edu-acogiendo-su-exposicion-itinerante\/","url":"https:\/\/blognoticias.ecca.edu.es\/el-cabildo-de-el-hierro-se-suma-al-60-aniversario-de-ecca-edu-acogiendo-su-exposicion-itinerante\/","name":"El Cabildo de El Hierro se suma al 60 aniversario de ecca.edu acogiendo su exposici\u00f3n itinerante","isPartOf":{"@id":"https:\/\/blognoticias.ecca.edu.es\/#website"},"primaryImageOfPage":{"@id":"https:\/\/blognoticias.ecca.edu.es\/el-cabildo-de-el-hierro-se-suma-al-60-aniversario-de-ecca-edu-acogiendo-su-exposicion-itinerante\/#primaryimage"},"image":{"@id":"https:\/\/blognoticias.ecca.edu.es\/el-cabildo-de-el-hierro-se-suma-al-60-aniversario-de-ecca-edu-acogiendo-su-exposicion-itinerante\/#primaryimage"},"thumbnailUrl":"https:\/\/blognoticias.ecca.edu.es\/wp-content\/uploads\/2025\/12\/Platilla-Instagram-cuadrado-y-blog-23.png","datePublished":"2025-12-16T14:21:06+00:00","dateModified":"2026-01-08T12:50:05+00:00","description":"ecca.edu inaugur\u00f3 hoy su exposici\u00f3n itinerante 60 a\u00f1os transformando vidas a trav\u00e9s de la educaci\u00f3n en la Sala de Exposiciones del Excmo. Cabildo de El Hierro. La muestra, que conmemora la trayectoria de la instituci\u00f3n, permanecer\u00e1 abierta al p\u00fablico hasta el pr\u00f3ximo 9 de enero de 2026.","breadcrumb":{"@id":"https:\/\/blognoticias.ecca.edu.es\/el-cabildo-de-el-hierro-se-suma-al-60-aniversario-de-ecca-edu-acogiendo-su-exposicion-itinerante\/#breadcrumb"},"inLanguage":"en-GB","potentialAction":[{"@type":"ReadAction","target":["https:\/\/blognoticias.ecca.edu.es\/el-cabildo-de-el-hierro-se-suma-al-60-aniversario-de-ecca-edu-acogiendo-su-exposicion-itinerante\/"]}]},{"@type":"ImageObject","inLanguage":"en-GB","@id":"https:\/\/blognoticias.ecca.edu.es\/el-cabildo-de-el-hierro-se-suma-al-60-aniversario-de-ecca-edu-acogiendo-su-exposicion-itinerante\/#primaryimage","url":"https:\/\/blognoticias.ecca.edu.es\/wp-content\/uploads\/2025\/12\/Platilla-Instagram-cuadrado-y-blog-23.png","contentUrl":"https:\/\/blognoticias.ecca.edu.es\/wp-content\/uploads\/2025\/12\/Platilla-Instagram-cuadrado-y-blog-23.png","width":1080,"height":1080},{"@type":"BreadcrumbList","@id":"https:\/\/blognoticias.ecca.edu.es\/el-cabildo-de-el-hierro-se-suma-al-60-aniversario-de-ecca-edu-acogiendo-su-exposicion-itinerante\/#breadcrumb","itemListElement":[{"@type":"ListItem","position":1,"name":"Portada","item":"https:\/\/blognoticias.ecca.edu.es\/"},{"@type":"ListItem","position":2,"name":"El Cabildo de El Hierro se suma al 60 aniversario de ecca.edu acogiendo su exposici\u00f3n itinerante"}]},{"@type":"WebSite","@id":"https:\/\/blognoticias.ecca.edu.es\/#website","url":"https:\/\/blognoticias.ecca.edu.es\/","name":"Blog Noticias Ecca","description":"","publisher":{"@id":"https:\/\/blognoticias.ecca.edu.es\/#organization"},"potentialAction":[{"@type":"SearchAction","target":{"@type":"EntryPoint","urlTemplate":"https:\/\/blognoticias.ecca.edu.es\/?s={search_term_string}"},"query-input":{"@type":"PropertyValueSpecification","valueRequired":true,"valueName":"search_term_string"}}],"inLanguage":"en-GB"},{"@type":"Organization","@id":"https:\/\/blognoticias.ecca.edu.es\/#organization","name":"Blog Noticias Ecca","url":"https:\/\/blognoticias.ecca.edu.es\/","logo":{"@type":"ImageObject","inLanguage":"en-GB","@id":"https:\/\/blognoticias.ecca.edu.es\/#\/schema\/logo\/image\/","url":"https:\/\/blognoticias.ecca.edu.es\/wp-content\/uploads\/2023\/02\/cropped-cropped-cropped-cropped-Logo-Ecca.edu_.png","contentUrl":"https:\/\/blognoticias.ecca.edu.es\/wp-content\/uploads\/2023\/02\/cropped-cropped-cropped-cropped-Logo-Ecca.edu_.png","width":293,"height":45,"caption":"Blog Noticias Ecca"},"image":{"@id":"https:\/\/blognoticias.ecca.edu.es\/#\/schema\/logo\/image\/"},"sameAs":["https:\/\/www.facebook.com\/ecca.edu.es","https:\/\/x.com\/eccaedu","https:\/\/www.instagram.com\/"]},{"@type":"Person","@id":"https:\/\/blognoticias.ecca.edu.es\/#\/schema\/person\/8070573f481ccba909661fdb1cf9e5eb","name":"Ecca.edu","image":{"@type":"ImageObject","inLanguage":"en-GB","@id":"https:\/\/blognoticias.ecca.edu.es\/#\/schema\/person\/image\/","url":"https:\/\/blognoticias.ecca.edu.es\/wp-content\/uploads\/2023\/02\/LOGO-ECCAEDU-1-150x150.png","contentUrl":"https:\/\/blognoticias.ecca.edu.es\/wp-content\/uploads\/2023\/02\/LOGO-ECCAEDU-1-150x150.png","caption":"Ecca.edu"},"url":"https:\/\/blognoticias.ecca.edu.es\/en\/author\/ecca-edu\/"}]}},"_links":{"self":[{"href":"https:\/\/blognoticias.ecca.edu.es\/en\/wp-json\/wp\/v2\/posts\/6181","targetHints":{"allow":["GET"]}}],"collection":[{"href":"https:\/\/blognoticias.ecca.edu.es\/en\/wp-json\/wp\/v2\/posts"}],"about":[{"href":"https:\/\/blognoticias.ecca.edu.es\/en\/wp-json\/wp\/v2\/types\/post"}],"author":[{"embeddable":true,"href":"https:\/\/blognoticias.ecca.edu.es\/en\/wp-json\/wp\/v2\/users\/2"}],"replies":[{"embeddable":true,"href":"https:\/\/blognoticias.ecca.edu.es\/en\/wp-json\/wp\/v2\/comments?post=6181"}],"version-history":[{"count":1,"href":"https:\/\/blognoticias.ecca.edu.es\/en\/wp-json\/wp\/v2\/posts\/6181\/revisions"}],"predecessor-version":[{"id":6186,"href":"https:\/\/blognoticias.ecca.edu.es\/en\/wp-json\/wp\/v2\/posts\/6181\/revisions\/6186"}],"wp:featuredmedia":[{"embeddable":true,"href":"https:\/\/blognoticias.ecca.edu.es\/en\/wp-json\/wp\/v2\/media\/6182"}],"wp:attachment":[{"href":"https:\/\/blognoticias.ecca.edu.es\/en\/wp-json\/wp\/v2\/media?parent=6181"}],"wp:term":[{"taxonomy":"category","embeddable":true,"href":"https:\/\/blognoticias.ecca.edu.es\/en\/wp-json\/wp\/v2\/categories?post=6181"},{"taxonomy":"post_tag","embeddable":true,"href":"https:\/\/blognoticias.ecca.edu.es\/en\/wp-json\/wp\/v2\/tags?post=6181"}],"curies":[{"name":"wp","href":"https:\/\/api.w.org\/{rel}","templated":true}]}}