{"id":6177,"date":"2025-12-15T14:17:24","date_gmt":"2025-12-15T14:17:24","guid":{"rendered":"https:\/\/blognoticias.ecca.edu.es\/?p=6177"},"modified":"2026-02-11T13:49:06","modified_gmt":"2026-02-11T13:49:06","slug":"ecca-edu-y-geg-spain-lanzan-las-primeras-jornadas-de-inteligencia-artificial-para-docentes-en-canarias","status":"publish","type":"post","link":"https:\/\/blognoticias.ecca.edu.es\/en\/ecca-edu-y-geg-spain-lanzan-las-primeras-jornadas-de-inteligencia-artificial-para-docentes-en-canarias\/","title":{"rendered":"ecca.edu y GEG Spain lanzan las primeras jornadas de Inteligencia Artificial para docentes en Canarias"},"content":{"rendered":"<div class='booster-block booster-read-block'>\n                <div class=\"twp-read-time\">\n                \t<i class=\"booster-icon twp-clock\"><\/i> <span>Tiempo de lectura:<\/span>1 Minutos, 46 Segundos                <\/div>\n\n            <\/div><p><b>ecca.edu<\/b><span style=\"font-weight: 400;\">\u00a0y la <a href=\"https:\/\/transformacioneducativa.es\/\">Comunidad Profesional para la Transformaci\u00f3n Educativa (<\/a><\/span><b>GEG Spain<\/b><span style=\"font-weight: 400;\">) celebrar\u00e1n el pr\u00f3ximo mes de marzo <\/span><b><i>Hackeando la Educaci\u00f3n: Transforma tu Ense\u00f1anza con IA Generativa<\/i><\/b><span style=\"font-weight: 400;\">, el evento m\u00e1s importante y puntero sobre Inteligencia Artificial aplicado al sector educativo que se realiza en Canarias. La iniciativa busca dotar al profesorado de las herramientas y el conocimiento necesarios para integrar la IA generativa en sus aulas, impulsando la <\/span><b>formaci\u00f3n accesible<\/b><span style=\"font-weight: 400;\"> y de calidad en las islas.<\/span><\/p>\n<p><img loading=\"lazy\" decoding=\"async\" class=\"aligncenter wp-image-6174\" src=\"https:\/\/blognoticias.ecca.edu.es\/wp-content\/uploads\/2025\/12\/Cartel-Hackeando-la-Educacion-Transforma-tu-Ensenanza-con-IA-Generativa-822x1024.jpg\" alt=\"\" width=\"478\" height=\"595\" srcset=\"https:\/\/blognoticias.ecca.edu.es\/wp-content\/uploads\/2025\/12\/Cartel-Hackeando-la-Educacion-Transforma-tu-Ensenanza-con-IA-Generativa-822x1024.jpg 822w, https:\/\/blognoticias.ecca.edu.es\/wp-content\/uploads\/2025\/12\/Cartel-Hackeando-la-Educacion-Transforma-tu-Ensenanza-con-IA-Generativa-241x300.jpg 241w, https:\/\/blognoticias.ecca.edu.es\/wp-content\/uploads\/2025\/12\/Cartel-Hackeando-la-Educacion-Transforma-tu-Ensenanza-con-IA-Generativa-768x957.jpg 768w, https:\/\/blognoticias.ecca.edu.es\/wp-content\/uploads\/2025\/12\/Cartel-Hackeando-la-Educacion-Transforma-tu-Ensenanza-con-IA-Generativa-10x12.jpg 10w, https:\/\/blognoticias.ecca.edu.es\/wp-content\/uploads\/2025\/12\/Cartel-Hackeando-la-Educacion-Transforma-tu-Ensenanza-con-IA-Generativa.jpg 1085w\" sizes=\"auto, (max-width: 478px) 100vw, 478px\" \/><\/p>\n<p><span style=\"font-weight: 400;\">El encuentro, que cuenta con la colaboraci\u00f3n de <\/span><a href=\"https:\/\/edu.google.com\/intl\/ALL_es\/\"><b>Google for Education<\/b><\/a><span style=\"font-weight: 400;\">, tendr\u00e1 lugar los d\u00edas <\/span><b>20 y 21 de marzo de 2026<\/b><span style=\"font-weight: 400;\"> en Las Palmas de Gran Canaria. Las inscripciones ya est\u00e1n abiertas, con promoci\u00f3n especial hasta el 31 de diciembre.\u00a0<\/span><\/p>\n<h2><b>Liderando el di\u00e1logo sobre la Inteligencia Artificial en Canarias<\/b><\/h2>\n<p><span style=\"font-weight: 400;\">&#8216;Hackeando la Educaci\u00f3n&#8217; nace de la <\/span><b>alianza estrat\u00e9gica<\/b><span style=\"font-weight: 400;\"> entre ecca.edu y GEG Spain para ofrecer un espacio de <\/span><b>transformaci\u00f3n a trav\u00e9s de la educaci\u00f3n<\/b><span style=\"font-weight: 400;\">. El evento pondr\u00e1 a Canarias en el centro del debate nacional sobre el presente y futuro de la ense\u00f1anza y su adaptaci\u00f3n a las nuevas realidades tecnol\u00f3gicas. Se espera la asistencia de docentes de todos los niveles educativos, directivos de centros e innovadores.<\/span><\/p>\n<p><span style=\"font-weight: 400;\">El programa est\u00e1 dise\u00f1ado para desafiar la pr\u00e1ctica docente tradicional y ofrecer soluciones concretas. Entre los ponentes de alto nivel ya confirmados se encuentran:<\/span><\/p>\n<ul>\n<li style=\"font-weight: 400;\" aria-level=\"1\"><a href=\"https:\/\/es.linkedin.com\/in\/carlosmagro\"><b>Carlos Magro<\/b><\/a><span style=\"font-weight: 400;\">, de la Asociaci\u00f3n Educaci\u00f3n Abierta.<\/span><\/li>\n<li style=\"font-weight: 400;\" aria-level=\"1\"><a href=\"https:\/\/es.linkedin.com\/in\/marianosalas\"><b>Mariano Salas<\/b><\/a><span style=\"font-weight: 400;\">, de Google for Education.<\/span><\/li>\n<\/ul>\n<p><span style=\"font-weight: 400;\">Adem\u00e1s de las ponencias magistrales, los asistentes podr\u00e1n participar en <\/span><b>2 de los<\/b> <b>9 talleres pr\u00e1cticos que se llevar\u00e1n a cabo<\/b><span style=\"font-weight: 400;\"> que les permitir\u00e1n aprender t\u00e9cnicas y herramientas concretas para aplicar la IA generativa en el d\u00eda a d\u00eda del aula.<\/span><\/p>\n<h2><b>Educaci\u00f3n inclusiva y tecnolog\u00eda<\/b><\/h2>\n<p><span style=\"font-weight: 400;\">La celebraci\u00f3n de este encuentro refuerza el compromiso de los organizadores con la <\/span><b>educaci\u00f3n inclusiva. <\/b>Adem\u00e1s, destaca<span style=\"font-weight: 400;\">\u00a0la necesidad de que todos los profesionales de la ense\u00f1anza tengan acceso a la formaci\u00f3n m\u00e1s actual para liderar el cambio.\u00a0<\/span><\/p>\n<p><span style=\"font-weight: 400;\">Asimismo, toda la informaci\u00f3n detallada sobre el programa, ponentes e inscripciones se encuentra disponible en la web oficial del evento: <\/span><a href=\"https:\/\/transformacioneducativa.es\/encuentros\/gegcanarias2026\/\"><span style=\"font-weight: 400;\">https:\/\/transformacioneducativa.es\/encuentros\/gegcanarias2026\/<\/span><\/a><span style=\"font-weight: 400;\">.\u00a0<\/span><\/p>\n<blockquote class=\"instagram-media\" style=\"background: #FFF; border: 0; border-radius: 3px; box-shadow: 0 0 1px 0 rgba(0,0,0,0.5),0 1px 10px 0 rgba(0,0,0,0.15); margin: 1px; max-width: 540px; min-width: 326px; padding: 0; width: calc(100% - 2px);\" data-instgrm-permalink=\"https:\/\/www.instagram.com\/reel\/DSIseeSgA32\/?utm_source=ig_embed&amp;utm_campaign=loading\" data-instgrm-version=\"14\">\n<div style=\"padding: 16px;\">\n<p>&nbsp;<\/p>\n<div style=\"display: flex; flex-direction: row; align-items: center;\">\n<div style=\"background-color: #f4f4f4; border-radius: 50%; flex-grow: 0; height: 40px; margin-right: 14px; width: 40px;\"><\/div>\n<div style=\"display: flex; flex-direction: column; flex-grow: 1; justify-content: center;\">\n<div style=\"background-color: #f4f4f4; border-radius: 4px; flex-grow: 0; height: 14px; margin-bottom: 6px; width: 100px;\"><\/div>\n<div style=\"background-color: #f4f4f4; border-radius: 4px; flex-grow: 0; height: 14px; width: 60px;\"><\/div>\n<\/div>\n<\/div>\n<div style=\"padding: 19% 0;\"><\/div>\n<div style=\"display: block; height: 50px; margin: 0 auto 12px; width: 50px;\"><\/div>\n<div style=\"padding-top: 8px;\">\n<div style=\"color: #3897f0; font-family: Arial,sans-serif; font-size: 14px; font-style: normal; font-weight: 550; line-height: 18px;\">Ver esta publicaci\u00f3n en Instagram<\/div>\n<\/div>\n<div style=\"padding: 12.5% 0;\"><\/div>\n<div style=\"display: flex; flex-direction: row; margin-bottom: 14px; align-items: center;\">\n<div>\n<div style=\"background-color: #f4f4f4; border-radius: 50%; height: 12.5px; width: 12.5px; transform: translateX(0px) translateY(7px);\"><\/div>\n<div style=\"background-color: #f4f4f4; height: 12.5px; transform: rotate(-45deg) translateX(3px) translateY(1px); width: 12.5px; flex-grow: 0; margin-right: 14px; margin-left: 2px;\"><\/div>\n<div style=\"background-color: #f4f4f4; border-radius: 50%; height: 12.5px; width: 12.5px; transform: translateX(9px) translateY(-18px);\"><\/div>\n<\/div>\n<div style=\"margin-left: 8px;\">\n<div style=\"background-color: #f4f4f4; border-radius: 50%; flex-grow: 0; height: 20px; width: 20px;\"><\/div>\n<div style=\"width: 0; height: 0; border-top: 2px solid transparent; border-left: 6px solid #f4f4f4; border-bottom: 2px solid transparent; transform: translateX(16px) translateY(-4px) rotate(30deg);\"><\/div>\n<\/div>\n<div style=\"margin-left: auto;\">\n<div style=\"width: 0px; border-top: 8px solid #F4F4F4; border-right: 8px solid transparent; transform: translateY(16px);\"><\/div>\n<div style=\"background-color: #f4f4f4; flex-grow: 0; height: 12px; width: 16px; transform: translateY(-4px);\"><\/div>\n<div style=\"width: 0; height: 0; border-top: 8px solid #F4F4F4; border-left: 8px solid transparent; transform: translateY(-4px) translateX(8px);\"><\/div>\n<\/div>\n<\/div>\n<div style=\"display: flex; flex-direction: column; flex-grow: 1; justify-content: center; margin-bottom: 24px;\">\n<div style=\"background-color: #f4f4f4; border-radius: 4px; flex-grow: 0; height: 14px; margin-bottom: 6px; width: 224px;\"><\/div>\n<div style=\"background-color: #f4f4f4; border-radius: 4px; flex-grow: 0; height: 14px; width: 144px;\"><\/div>\n<\/div>\n<p>&nbsp;<\/p>\n<p style=\"color: #c9c8cd; font-family: Arial,sans-serif; font-size: 14px; line-height: 17px; margin-bottom: 0; margin-top: 8px; overflow: hidden; padding: 8px 0 7px; text-align: center; text-overflow: ellipsis; white-space: nowrap;\"><a style=\"color: #c9c8cd; font-family: Arial,sans-serif; font-size: 14px; font-style: normal; font-weight: normal; line-height: 17px; text-decoration: none;\" href=\"https:\/\/www.instagram.com\/reel\/DSIseeSgA32\/?utm_source=ig_embed&amp;utm_campaign=loading\" target=\"_blank\" rel=\"noopener\">Una publicaci\u00f3n compartida de ecca.edu (@eccaedu)<\/a><\/p>\n<\/div>\n<\/blockquote>\n<p><script async src=\"\/\/www.instagram.com\/embed.js\"><\/script><\/p>","protected":false},"excerpt":{"rendered":"<p>ecca.edu\u00a0y la Comunidad Profesional para la Transformaci\u00f3n Educativa (GEG Spain) celebrar\u00e1n el pr\u00f3ximo mes de marzo Hackeando la Educaci\u00f3n: Transforma tu Ense\u00f1anza con IA Generativa, el evento m\u00e1s importante y puntero sobre Inteligencia Artificial aplicado al sector educativo que se realiza en Canarias. La iniciativa busca dotar al profesorado de las herramientas y el conocimiento [&hellip;]<\/p>","protected":false},"author":2,"featured_media":6286,"comment_status":"closed","ping_status":"closed","sticky":false,"template":"","format":"standard","meta":{"footnotes":""},"categories":[1,102,1293,106],"tags":[27,1298,1523,1524,1525,1521,1522,1505],"class_list":["post-6177","post","type-post","status-publish","format-standard","has-post-thumbnail","hentry","category-blog","category-comunicacion","category-noticias","category-relevante","tag-ecca-edu","tag-educacion","tag-evento-en-canarias","tag-geg-spain","tag-google-for-education","tag-hackeando-la-educacion","tag-ia-generativa","tag-inteligencia-artificial"],"yoast_head":"<!-- This site is optimized with the Yoast SEO plugin v25.9 - https:\/\/yoast.com\/wordpress\/plugins\/seo\/ -->\n<title>ecca.edu y GEG Spain lanzan las primeras jornadas de Inteligencia Artificial para docentes en Canarias<\/title>\n<meta name=\"description\" content=\"Llega Hackeando la Educaci\u00f3n: Transforma tu Ense\u00f1anza con IA Generativa, el evento m\u00e1s importante sobre Inteligencia Artificial y educaci\u00f3n\" \/>\n<meta name=\"robots\" content=\"index, follow, max-snippet:-1, max-image-preview:large, max-video-preview:-1\" \/>\n<link rel=\"canonical\" href=\"https:\/\/blognoticias.ecca.edu.es\/en\/ecca-edu-y-geg-spain-lanzan-las-primeras-jornadas-de-inteligencia-artificial-para-docentes-en-canarias\/\" \/>\n<meta property=\"og:locale\" content=\"en_GB\" \/>\n<meta property=\"og:type\" content=\"article\" \/>\n<meta property=\"og:title\" content=\"ecca.edu y GEG Spain lanzan las primeras jornadas de Inteligencia Artificial para docentes en Canarias\" \/>\n<meta property=\"og:description\" content=\"Llega Hackeando la Educaci\u00f3n: Transforma tu Ense\u00f1anza con IA Generativa, el evento m\u00e1s importante sobre Inteligencia Artificial y educaci\u00f3n\" \/>\n<meta property=\"og:url\" content=\"https:\/\/blognoticias.ecca.edu.es\/en\/ecca-edu-y-geg-spain-lanzan-las-primeras-jornadas-de-inteligencia-artificial-para-docentes-en-canarias\/\" \/>\n<meta property=\"og:site_name\" content=\"Blog Noticias Ecca\" \/>\n<meta property=\"article:publisher\" content=\"https:\/\/www.facebook.com\/ecca.edu.es\" \/>\n<meta property=\"article:published_time\" content=\"2025-12-15T14:17:24+00:00\" \/>\n<meta property=\"article:modified_time\" content=\"2026-02-11T13:49:06+00:00\" \/>\n<meta property=\"og:image\" content=\"https:\/\/blognoticias.ecca.edu.es\/wp-content\/uploads\/2025\/12\/1080-Meme-1080x1080px-Evento-GEG-Spain-_V9-DEF.jpg\" \/>\n\t<meta property=\"og:image:width\" content=\"1080\" \/>\n\t<meta property=\"og:image:height\" content=\"1080\" \/>\n\t<meta property=\"og:image:type\" content=\"image\/jpeg\" \/>\n<meta name=\"author\" content=\"Ecca.edu\" \/>\n<meta name=\"twitter:card\" content=\"summary_large_image\" \/>\n<meta name=\"twitter:creator\" content=\"@eccaedu\" \/>\n<meta name=\"twitter:site\" content=\"@eccaedu\" \/>\n<meta name=\"twitter:label1\" content=\"Written by\" \/>\n\t<meta name=\"twitter:data1\" content=\"Ecca.edu\" \/>\n\t<meta name=\"twitter:label2\" content=\"Estimated reading time\" \/>\n\t<meta name=\"twitter:data2\" content=\"2 minutes\" \/>\n<script type=\"application\/ld+json\" class=\"yoast-schema-graph\">{\"@context\":\"https:\/\/schema.org\",\"@graph\":[{\"@type\":\"Article\",\"@id\":\"https:\/\/blognoticias.ecca.edu.es\/ecca-edu-y-geg-spain-lanzan-las-primeras-jornadas-de-inteligencia-artificial-para-docentes-en-canarias\/#article\",\"isPartOf\":{\"@id\":\"https:\/\/blognoticias.ecca.edu.es\/ecca-edu-y-geg-spain-lanzan-las-primeras-jornadas-de-inteligencia-artificial-para-docentes-en-canarias\/\"},\"author\":{\"name\":\"Ecca.edu\",\"@id\":\"https:\/\/blognoticias.ecca.edu.es\/#\/schema\/person\/8070573f481ccba909661fdb1cf9e5eb\"},\"headline\":\"ecca.edu y GEG Spain lanzan las primeras jornadas de Inteligencia Artificial para docentes en Canarias\",\"datePublished\":\"2025-12-15T14:17:24+00:00\",\"dateModified\":\"2026-02-11T13:49:06+00:00\",\"mainEntityOfPage\":{\"@id\":\"https:\/\/blognoticias.ecca.edu.es\/ecca-edu-y-geg-spain-lanzan-las-primeras-jornadas-de-inteligencia-artificial-para-docentes-en-canarias\/\"},\"wordCount\":406,\"publisher\":{\"@id\":\"https:\/\/blognoticias.ecca.edu.es\/#organization\"},\"image\":{\"@id\":\"https:\/\/blognoticias.ecca.edu.es\/ecca-edu-y-geg-spain-lanzan-las-primeras-jornadas-de-inteligencia-artificial-para-docentes-en-canarias\/#primaryimage\"},\"thumbnailUrl\":\"https:\/\/blognoticias.ecca.edu.es\/wp-content\/uploads\/2025\/12\/1080-Meme-1080x1080px-Evento-GEG-Spain-_V9-DEF.jpg\",\"keywords\":[\"ecca.edu\",\"Educaci\u00f3n\",\"evento en Canarias\",\"GEG Spain\",\"Google for Education\",\"Hackeando la Educaci\u00f3n\",\"IA Generativa\",\"Inteligencia Artificial\"],\"articleSection\":[\"Blog\",\"Comunicaci\u00f3n\",\"Noticias\",\"Relevante\"],\"inLanguage\":\"en-GB\"},{\"@type\":\"WebPage\",\"@id\":\"https:\/\/blognoticias.ecca.edu.es\/ecca-edu-y-geg-spain-lanzan-las-primeras-jornadas-de-inteligencia-artificial-para-docentes-en-canarias\/\",\"url\":\"https:\/\/blognoticias.ecca.edu.es\/ecca-edu-y-geg-spain-lanzan-las-primeras-jornadas-de-inteligencia-artificial-para-docentes-en-canarias\/\",\"name\":\"ecca.edu y GEG Spain lanzan las primeras jornadas de Inteligencia Artificial para docentes en Canarias\",\"isPartOf\":{\"@id\":\"https:\/\/blognoticias.ecca.edu.es\/#website\"},\"primaryImageOfPage\":{\"@id\":\"https:\/\/blognoticias.ecca.edu.es\/ecca-edu-y-geg-spain-lanzan-las-primeras-jornadas-de-inteligencia-artificial-para-docentes-en-canarias\/#primaryimage\"},\"image\":{\"@id\":\"https:\/\/blognoticias.ecca.edu.es\/ecca-edu-y-geg-spain-lanzan-las-primeras-jornadas-de-inteligencia-artificial-para-docentes-en-canarias\/#primaryimage\"},\"thumbnailUrl\":\"https:\/\/blognoticias.ecca.edu.es\/wp-content\/uploads\/2025\/12\/1080-Meme-1080x1080px-Evento-GEG-Spain-_V9-DEF.jpg\",\"datePublished\":\"2025-12-15T14:17:24+00:00\",\"dateModified\":\"2026-02-11T13:49:06+00:00\",\"description\":\"Llega Hackeando la Educaci\u00f3n: Transforma tu Ense\u00f1anza con IA Generativa, el evento m\u00e1s importante sobre Inteligencia Artificial y educaci\u00f3n\",\"breadcrumb\":{\"@id\":\"https:\/\/blognoticias.ecca.edu.es\/ecca-edu-y-geg-spain-lanzan-las-primeras-jornadas-de-inteligencia-artificial-para-docentes-en-canarias\/#breadcrumb\"},\"inLanguage\":\"en-GB\",\"potentialAction\":[{\"@type\":\"ReadAction\",\"target\":[\"https:\/\/blognoticias.ecca.edu.es\/ecca-edu-y-geg-spain-lanzan-las-primeras-jornadas-de-inteligencia-artificial-para-docentes-en-canarias\/\"]}]},{\"@type\":\"ImageObject\",\"inLanguage\":\"en-GB\",\"@id\":\"https:\/\/blognoticias.ecca.edu.es\/ecca-edu-y-geg-spain-lanzan-las-primeras-jornadas-de-inteligencia-artificial-para-docentes-en-canarias\/#primaryimage\",\"url\":\"https:\/\/blognoticias.ecca.edu.es\/wp-content\/uploads\/2025\/12\/1080-Meme-1080x1080px-Evento-GEG-Spain-_V9-DEF.jpg\",\"contentUrl\":\"https:\/\/blognoticias.ecca.edu.es\/wp-content\/uploads\/2025\/12\/1080-Meme-1080x1080px-Evento-GEG-Spain-_V9-DEF.jpg\",\"width\":1080,\"height\":1080,\"caption\":\"evento en gran canaria Hackeando la Educaci\u00f3n, Transforma tu ense\u00f1anza con IA generativa\"},{\"@type\":\"BreadcrumbList\",\"@id\":\"https:\/\/blognoticias.ecca.edu.es\/ecca-edu-y-geg-spain-lanzan-las-primeras-jornadas-de-inteligencia-artificial-para-docentes-en-canarias\/#breadcrumb\",\"itemListElement\":[{\"@type\":\"ListItem\",\"position\":1,\"name\":\"Portada\",\"item\":\"https:\/\/blognoticias.ecca.edu.es\/\"},{\"@type\":\"ListItem\",\"position\":2,\"name\":\"ecca.edu y GEG Spain lanzan las primeras jornadas de Inteligencia Artificial para docentes en Canarias\"}]},{\"@type\":\"WebSite\",\"@id\":\"https:\/\/blognoticias.ecca.edu.es\/#website\",\"url\":\"https:\/\/blognoticias.ecca.edu.es\/\",\"name\":\"Blog Noticias Ecca\",\"description\":\"\",\"publisher\":{\"@id\":\"https:\/\/blognoticias.ecca.edu.es\/#organization\"},\"potentialAction\":[{\"@type\":\"SearchAction\",\"target\":{\"@type\":\"EntryPoint\",\"urlTemplate\":\"https:\/\/blognoticias.ecca.edu.es\/?s={search_term_string}\"},\"query-input\":{\"@type\":\"PropertyValueSpecification\",\"valueRequired\":true,\"valueName\":\"search_term_string\"}}],\"inLanguage\":\"en-GB\"},{\"@type\":\"Organization\",\"@id\":\"https:\/\/blognoticias.ecca.edu.es\/#organization\",\"name\":\"Blog Noticias Ecca\",\"url\":\"https:\/\/blognoticias.ecca.edu.es\/\",\"logo\":{\"@type\":\"ImageObject\",\"inLanguage\":\"en-GB\",\"@id\":\"https:\/\/blognoticias.ecca.edu.es\/#\/schema\/logo\/image\/\",\"url\":\"https:\/\/blognoticias.ecca.edu.es\/wp-content\/uploads\/2023\/02\/cropped-cropped-cropped-cropped-Logo-Ecca.edu_.png\",\"contentUrl\":\"https:\/\/blognoticias.ecca.edu.es\/wp-content\/uploads\/2023\/02\/cropped-cropped-cropped-cropped-Logo-Ecca.edu_.png\",\"width\":293,\"height\":45,\"caption\":\"Blog Noticias Ecca\"},\"image\":{\"@id\":\"https:\/\/blognoticias.ecca.edu.es\/#\/schema\/logo\/image\/\"},\"sameAs\":[\"https:\/\/www.facebook.com\/ecca.edu.es\",\"https:\/\/x.com\/eccaedu\",\"https:\/\/www.instagram.com\/\"]},{\"@type\":\"Person\",\"@id\":\"https:\/\/blognoticias.ecca.edu.es\/#\/schema\/person\/8070573f481ccba909661fdb1cf9e5eb\",\"name\":\"Ecca.edu\",\"image\":{\"@type\":\"ImageObject\",\"inLanguage\":\"en-GB\",\"@id\":\"https:\/\/blognoticias.ecca.edu.es\/#\/schema\/person\/image\/\",\"url\":\"https:\/\/blognoticias.ecca.edu.es\/wp-content\/uploads\/2023\/02\/LOGO-ECCAEDU-1-150x150.png\",\"contentUrl\":\"https:\/\/blognoticias.ecca.edu.es\/wp-content\/uploads\/2023\/02\/LOGO-ECCAEDU-1-150x150.png\",\"caption\":\"Ecca.edu\"},\"url\":\"https:\/\/blognoticias.ecca.edu.es\/en\/author\/ecca-edu\/\"}]}<\/script>\n<!-- \/ Yoast SEO plugin. -->","yoast_head_json":{"title":"ecca.edu y GEG Spain lanzan las primeras jornadas de Inteligencia Artificial para docentes en Canarias","description":"Llega Hackeando la Educaci\u00f3n: Transforma tu Ense\u00f1anza con IA Generativa, el evento m\u00e1s importante sobre Inteligencia Artificial y educaci\u00f3n","robots":{"index":"index","follow":"follow","max-snippet":"max-snippet:-1","max-image-preview":"max-image-preview:large","max-video-preview":"max-video-preview:-1"},"canonical":"https:\/\/blognoticias.ecca.edu.es\/en\/ecca-edu-y-geg-spain-lanzan-las-primeras-jornadas-de-inteligencia-artificial-para-docentes-en-canarias\/","og_locale":"en_GB","og_type":"article","og_title":"ecca.edu y GEG Spain lanzan las primeras jornadas de Inteligencia Artificial para docentes en Canarias","og_description":"Llega Hackeando la Educaci\u00f3n: Transforma tu Ense\u00f1anza con IA Generativa, el evento m\u00e1s importante sobre Inteligencia Artificial y educaci\u00f3n","og_url":"https:\/\/blognoticias.ecca.edu.es\/en\/ecca-edu-y-geg-spain-lanzan-las-primeras-jornadas-de-inteligencia-artificial-para-docentes-en-canarias\/","og_site_name":"Blog Noticias Ecca","article_publisher":"https:\/\/www.facebook.com\/ecca.edu.es","article_published_time":"2025-12-15T14:17:24+00:00","article_modified_time":"2026-02-11T13:49:06+00:00","og_image":[{"width":1080,"height":1080,"url":"https:\/\/blognoticias.ecca.edu.es\/wp-content\/uploads\/2025\/12\/1080-Meme-1080x1080px-Evento-GEG-Spain-_V9-DEF.jpg","type":"image\/jpeg"}],"author":"Ecca.edu","twitter_card":"summary_large_image","twitter_creator":"@eccaedu","twitter_site":"@eccaedu","twitter_misc":{"Written by":"Ecca.edu","Estimated reading time":"2 minutes"},"schema":{"@context":"https:\/\/schema.org","@graph":[{"@type":"Article","@id":"https:\/\/blognoticias.ecca.edu.es\/ecca-edu-y-geg-spain-lanzan-las-primeras-jornadas-de-inteligencia-artificial-para-docentes-en-canarias\/#article","isPartOf":{"@id":"https:\/\/blognoticias.ecca.edu.es\/ecca-edu-y-geg-spain-lanzan-las-primeras-jornadas-de-inteligencia-artificial-para-docentes-en-canarias\/"},"author":{"name":"Ecca.edu","@id":"https:\/\/blognoticias.ecca.edu.es\/#\/schema\/person\/8070573f481ccba909661fdb1cf9e5eb"},"headline":"ecca.edu y GEG Spain lanzan las primeras jornadas de Inteligencia Artificial para docentes en Canarias","datePublished":"2025-12-15T14:17:24+00:00","dateModified":"2026-02-11T13:49:06+00:00","mainEntityOfPage":{"@id":"https:\/\/blognoticias.ecca.edu.es\/ecca-edu-y-geg-spain-lanzan-las-primeras-jornadas-de-inteligencia-artificial-para-docentes-en-canarias\/"},"wordCount":406,"publisher":{"@id":"https:\/\/blognoticias.ecca.edu.es\/#organization"},"image":{"@id":"https:\/\/blognoticias.ecca.edu.es\/ecca-edu-y-geg-spain-lanzan-las-primeras-jornadas-de-inteligencia-artificial-para-docentes-en-canarias\/#primaryimage"},"thumbnailUrl":"https:\/\/blognoticias.ecca.edu.es\/wp-content\/uploads\/2025\/12\/1080-Meme-1080x1080px-Evento-GEG-Spain-_V9-DEF.jpg","keywords":["ecca.edu","Educaci\u00f3n","evento en Canarias","GEG Spain","Google for Education","Hackeando la Educaci\u00f3n","IA Generativa","Inteligencia Artificial"],"articleSection":["Blog","Comunicaci\u00f3n","Noticias","Relevante"],"inLanguage":"en-GB"},{"@type":"WebPage","@id":"https:\/\/blognoticias.ecca.edu.es\/ecca-edu-y-geg-spain-lanzan-las-primeras-jornadas-de-inteligencia-artificial-para-docentes-en-canarias\/","url":"https:\/\/blognoticias.ecca.edu.es\/ecca-edu-y-geg-spain-lanzan-las-primeras-jornadas-de-inteligencia-artificial-para-docentes-en-canarias\/","name":"ecca.edu y GEG Spain lanzan las primeras jornadas de Inteligencia Artificial para docentes en Canarias","isPartOf":{"@id":"https:\/\/blognoticias.ecca.edu.es\/#website"},"primaryImageOfPage":{"@id":"https:\/\/blognoticias.ecca.edu.es\/ecca-edu-y-geg-spain-lanzan-las-primeras-jornadas-de-inteligencia-artificial-para-docentes-en-canarias\/#primaryimage"},"image":{"@id":"https:\/\/blognoticias.ecca.edu.es\/ecca-edu-y-geg-spain-lanzan-las-primeras-jornadas-de-inteligencia-artificial-para-docentes-en-canarias\/#primaryimage"},"thumbnailUrl":"https:\/\/blognoticias.ecca.edu.es\/wp-content\/uploads\/2025\/12\/1080-Meme-1080x1080px-Evento-GEG-Spain-_V9-DEF.jpg","datePublished":"2025-12-15T14:17:24+00:00","dateModified":"2026-02-11T13:49:06+00:00","description":"Llega Hackeando la Educaci\u00f3n: Transforma tu Ense\u00f1anza con IA Generativa, el evento m\u00e1s importante sobre Inteligencia Artificial y educaci\u00f3n","breadcrumb":{"@id":"https:\/\/blognoticias.ecca.edu.es\/ecca-edu-y-geg-spain-lanzan-las-primeras-jornadas-de-inteligencia-artificial-para-docentes-en-canarias\/#breadcrumb"},"inLanguage":"en-GB","potentialAction":[{"@type":"ReadAction","target":["https:\/\/blognoticias.ecca.edu.es\/ecca-edu-y-geg-spain-lanzan-las-primeras-jornadas-de-inteligencia-artificial-para-docentes-en-canarias\/"]}]},{"@type":"ImageObject","inLanguage":"en-GB","@id":"https:\/\/blognoticias.ecca.edu.es\/ecca-edu-y-geg-spain-lanzan-las-primeras-jornadas-de-inteligencia-artificial-para-docentes-en-canarias\/#primaryimage","url":"https:\/\/blognoticias.ecca.edu.es\/wp-content\/uploads\/2025\/12\/1080-Meme-1080x1080px-Evento-GEG-Spain-_V9-DEF.jpg","contentUrl":"https:\/\/blognoticias.ecca.edu.es\/wp-content\/uploads\/2025\/12\/1080-Meme-1080x1080px-Evento-GEG-Spain-_V9-DEF.jpg","width":1080,"height":1080,"caption":"evento en gran canaria Hackeando la Educaci\u00f3n, Transforma tu ense\u00f1anza con IA generativa"},{"@type":"BreadcrumbList","@id":"https:\/\/blognoticias.ecca.edu.es\/ecca-edu-y-geg-spain-lanzan-las-primeras-jornadas-de-inteligencia-artificial-para-docentes-en-canarias\/#breadcrumb","itemListElement":[{"@type":"ListItem","position":1,"name":"Portada","item":"https:\/\/blognoticias.ecca.edu.es\/"},{"@type":"ListItem","position":2,"name":"ecca.edu y GEG Spain lanzan las primeras jornadas de Inteligencia Artificial para docentes en Canarias"}]},{"@type":"WebSite","@id":"https:\/\/blognoticias.ecca.edu.es\/#website","url":"https:\/\/blognoticias.ecca.edu.es\/","name":"Blog Noticias Ecca","description":"","publisher":{"@id":"https:\/\/blognoticias.ecca.edu.es\/#organization"},"potentialAction":[{"@type":"SearchAction","target":{"@type":"EntryPoint","urlTemplate":"https:\/\/blognoticias.ecca.edu.es\/?s={search_term_string}"},"query-input":{"@type":"PropertyValueSpecification","valueRequired":true,"valueName":"search_term_string"}}],"inLanguage":"en-GB"},{"@type":"Organization","@id":"https:\/\/blognoticias.ecca.edu.es\/#organization","name":"Blog Noticias Ecca","url":"https:\/\/blognoticias.ecca.edu.es\/","logo":{"@type":"ImageObject","inLanguage":"en-GB","@id":"https:\/\/blognoticias.ecca.edu.es\/#\/schema\/logo\/image\/","url":"https:\/\/blognoticias.ecca.edu.es\/wp-content\/uploads\/2023\/02\/cropped-cropped-cropped-cropped-Logo-Ecca.edu_.png","contentUrl":"https:\/\/blognoticias.ecca.edu.es\/wp-content\/uploads\/2023\/02\/cropped-cropped-cropped-cropped-Logo-Ecca.edu_.png","width":293,"height":45,"caption":"Blog Noticias Ecca"},"image":{"@id":"https:\/\/blognoticias.ecca.edu.es\/#\/schema\/logo\/image\/"},"sameAs":["https:\/\/www.facebook.com\/ecca.edu.es","https:\/\/x.com\/eccaedu","https:\/\/www.instagram.com\/"]},{"@type":"Person","@id":"https:\/\/blognoticias.ecca.edu.es\/#\/schema\/person\/8070573f481ccba909661fdb1cf9e5eb","name":"Ecca.edu","image":{"@type":"ImageObject","inLanguage":"en-GB","@id":"https:\/\/blognoticias.ecca.edu.es\/#\/schema\/person\/image\/","url":"https:\/\/blognoticias.ecca.edu.es\/wp-content\/uploads\/2023\/02\/LOGO-ECCAEDU-1-150x150.png","contentUrl":"https:\/\/blognoticias.ecca.edu.es\/wp-content\/uploads\/2023\/02\/LOGO-ECCAEDU-1-150x150.png","caption":"Ecca.edu"},"url":"https:\/\/blognoticias.ecca.edu.es\/en\/author\/ecca-edu\/"}]}},"_links":{"self":[{"href":"https:\/\/blognoticias.ecca.edu.es\/en\/wp-json\/wp\/v2\/posts\/6177","targetHints":{"allow":["GET"]}}],"collection":[{"href":"https:\/\/blognoticias.ecca.edu.es\/en\/wp-json\/wp\/v2\/posts"}],"about":[{"href":"https:\/\/blognoticias.ecca.edu.es\/en\/wp-json\/wp\/v2\/types\/post"}],"author":[{"embeddable":true,"href":"https:\/\/blognoticias.ecca.edu.es\/en\/wp-json\/wp\/v2\/users\/2"}],"replies":[{"embeddable":true,"href":"https:\/\/blognoticias.ecca.edu.es\/en\/wp-json\/wp\/v2\/comments?post=6177"}],"version-history":[{"count":1,"href":"https:\/\/blognoticias.ecca.edu.es\/en\/wp-json\/wp\/v2\/posts\/6177\/revisions"}],"predecessor-version":[{"id":6179,"href":"https:\/\/blognoticias.ecca.edu.es\/en\/wp-json\/wp\/v2\/posts\/6177\/revisions\/6179"}],"wp:featuredmedia":[{"embeddable":true,"href":"https:\/\/blognoticias.ecca.edu.es\/en\/wp-json\/wp\/v2\/media\/6286"}],"wp:attachment":[{"href":"https:\/\/blognoticias.ecca.edu.es\/en\/wp-json\/wp\/v2\/media?parent=6177"}],"wp:term":[{"taxonomy":"category","embeddable":true,"href":"https:\/\/blognoticias.ecca.edu.es\/en\/wp-json\/wp\/v2\/categories?post=6177"},{"taxonomy":"post_tag","embeddable":true,"href":"https:\/\/blognoticias.ecca.edu.es\/en\/wp-json\/wp\/v2\/tags?post=6177"}],"curies":[{"name":"wp","href":"https:\/\/api.w.org\/{rel}","templated":true}]}}