{"id":6151,"date":"2025-12-11T14:46:26","date_gmt":"2025-12-11T14:46:26","guid":{"rendered":"https:\/\/blognoticias.ecca.edu.es\/?p=6151"},"modified":"2026-01-08T12:50:14","modified_gmt":"2026-01-08T12:50:14","slug":"ecca-edu-agradece-a-fundacion-mapfre-canarias-su-apoyo-a-la-educacion-inclusiva-en-el-40-aniversario-de-la-entidad","status":"publish","type":"post","link":"https:\/\/blognoticias.ecca.edu.es\/en\/ecca-edu-agradece-a-fundacion-mapfre-canarias-su-apoyo-a-la-educacion-inclusiva-en-el-40-aniversario-de-la-entidad\/","title":{"rendered":"ecca.edu agradece a Fundaci\u00f3n MAPFRE Canarias su apoyo a la educaci\u00f3n inclusiva en el 40 aniversario de la entidad"},"content":{"rendered":"<div class='booster-block booster-read-block'>\n                <div class=\"twp-read-time\">\n                \t<i class=\"booster-icon twp-clock\"><\/i> <span>Tiempo de lectura:<\/span>2 Minutos, 7 Segundos                <\/div>\n\n            <\/div><p><span style=\"font-weight: 400;\">En el marco de su 40 aniversario, la <\/span><b>Fundaci\u00f3n MAPFRE Canarias<\/b><span style=\"font-weight: 400;\"> celebr\u00f3 este jueves un acto conmemorativo en su sede institucional de Las Palmas de Gran Canaria en el que <\/span><a href=\"http:\/\/ecca.edu\"><span style=\"font-weight: 400;\">ecca.edu<\/span><\/a><span style=\"font-weight: 400;\"> ha sido reconocida por su labor educativa. <\/span><\/p>\n<p><img loading=\"lazy\" decoding=\"async\" class=\"aligncenter wp-image-6153 size-large\" src=\"https:\/\/blognoticias.ecca.edu.es\/wp-content\/uploads\/2025\/12\/ecca.edu-agradece-a-Fundacion-MAPFRE-Canarias-su-apoyo-a-la-educacion-inclusiva-en-el-40-aniversario-de-la-entidad_2-1024x683.png\" alt=\"ecca.edu agradece a Fundaci\u00f3n MAPFRE Canarias su apoyo a la educaci\u00f3n inclusiva en el 40 aniversario de la entidad_2\" width=\"750\" height=\"500\" srcset=\"https:\/\/blognoticias.ecca.edu.es\/wp-content\/uploads\/2025\/12\/ecca.edu-agradece-a-Fundacion-MAPFRE-Canarias-su-apoyo-a-la-educacion-inclusiva-en-el-40-aniversario-de-la-entidad_2-1024x683.png 1024w, https:\/\/blognoticias.ecca.edu.es\/wp-content\/uploads\/2025\/12\/ecca.edu-agradece-a-Fundacion-MAPFRE-Canarias-su-apoyo-a-la-educacion-inclusiva-en-el-40-aniversario-de-la-entidad_2-300x200.png 300w, https:\/\/blognoticias.ecca.edu.es\/wp-content\/uploads\/2025\/12\/ecca.edu-agradece-a-Fundacion-MAPFRE-Canarias-su-apoyo-a-la-educacion-inclusiva-en-el-40-aniversario-de-la-entidad_2-768x512.png 768w, https:\/\/blognoticias.ecca.edu.es\/wp-content\/uploads\/2025\/12\/ecca.edu-agradece-a-Fundacion-MAPFRE-Canarias-su-apoyo-a-la-educacion-inclusiva-en-el-40-aniversario-de-la-entidad_2-1536x1025.png 1536w, https:\/\/blognoticias.ecca.edu.es\/wp-content\/uploads\/2025\/12\/ecca.edu-agradece-a-Fundacion-MAPFRE-Canarias-su-apoyo-a-la-educacion-inclusiva-en-el-40-aniversario-de-la-entidad_2-18x12.png 18w, https:\/\/blognoticias.ecca.edu.es\/wp-content\/uploads\/2025\/12\/ecca.edu-agradece-a-Fundacion-MAPFRE-Canarias-su-apoyo-a-la-educacion-inclusiva-en-el-40-aniversario-de-la-entidad_2.png 2048w\" sizes=\"auto, (max-width: 750px) 100vw, 750px\" \/><\/p>\n<p><span style=\"font-weight: 400;\">El encuentro, que sirvi\u00f3 para reconocer cuatro d\u00e9cadas de compromiso de la entidad con el progreso social y el desarrollo cultural de las islas, cont\u00f3 con la participaci\u00f3n de autoridades, representantes del tercer sector y colaboradores.\u00a0<\/span><\/p>\n<h2><strong>Campa\u00f1a de Fundaci\u00f3n MAPFRE Canaria<\/strong><\/h2>\n<p><span style=\"font-weight: 400;\">Durante el acto, <\/span><a href=\"http:\/\/ecca.edu\"><span style=\"font-weight: 400;\">ecca.edu<\/span><\/a><span style=\"font-weight: 400;\"> fue protagonista de una de las iniciativas con las que la Fundaci\u00f3n ha conmemorado su aniversario, la campa\u00f1a <\/span><i><span style=\"font-weight: 400;\">Dona una sonrisa<\/span><\/i><span style=\"font-weight: 400;\">. Fruto de este proyecto, que ha recorrido Canarias promoviendo colaboraci\u00f3n a trav\u00e9s de sonrisas. La entidad lo ha traducido en un cheque solidario que recogi\u00f3 el director general de <\/span><a href=\"http:\/\/ecca.edu\"><span style=\"font-weight: 400;\">ecca.edu<\/span><\/a><span style=\"font-weight: 400;\">, Jos\u00e9 Mar\u00eda Segura SJ.<\/span><\/p>\n<p><span style=\"font-weight: 400;\">Esta donaci\u00f3n de la Fundaci\u00f3n MAPFRE Canarias constituye un nuevo impulso a la formaci\u00f3n accesible que ecca lleva seis d\u00e9cadas ofreciendo, especialmente dirigida a quienes m\u00e1s lo necesitan.<\/span><\/p>\n<p><img loading=\"lazy\" decoding=\"async\" class=\"aligncenter wp-image-6154 size-large\" src=\"https:\/\/blognoticias.ecca.edu.es\/wp-content\/uploads\/2025\/12\/ecca.edu-agradece-a-Fundacion-MAPFRE-Canarias-su-apoyo-a-la-educacion-inclusiva-en-el-40-aniversario-de-la-entidad_3-1024x683.png\" alt=\"ecca.edu agradece a Fundaci\u00f3n MAPFRE Canarias su apoyo a la educaci\u00f3n inclusiva en el 40 aniversario de la entidad_3\" width=\"750\" height=\"500\" srcset=\"https:\/\/blognoticias.ecca.edu.es\/wp-content\/uploads\/2025\/12\/ecca.edu-agradece-a-Fundacion-MAPFRE-Canarias-su-apoyo-a-la-educacion-inclusiva-en-el-40-aniversario-de-la-entidad_3-1024x683.png 1024w, https:\/\/blognoticias.ecca.edu.es\/wp-content\/uploads\/2025\/12\/ecca.edu-agradece-a-Fundacion-MAPFRE-Canarias-su-apoyo-a-la-educacion-inclusiva-en-el-40-aniversario-de-la-entidad_3-300x200.png 300w, https:\/\/blognoticias.ecca.edu.es\/wp-content\/uploads\/2025\/12\/ecca.edu-agradece-a-Fundacion-MAPFRE-Canarias-su-apoyo-a-la-educacion-inclusiva-en-el-40-aniversario-de-la-entidad_3-768x512.png 768w, https:\/\/blognoticias.ecca.edu.es\/wp-content\/uploads\/2025\/12\/ecca.edu-agradece-a-Fundacion-MAPFRE-Canarias-su-apoyo-a-la-educacion-inclusiva-en-el-40-aniversario-de-la-entidad_3-1536x1025.png 1536w, https:\/\/blognoticias.ecca.edu.es\/wp-content\/uploads\/2025\/12\/ecca.edu-agradece-a-Fundacion-MAPFRE-Canarias-su-apoyo-a-la-educacion-inclusiva-en-el-40-aniversario-de-la-entidad_3-18x12.png 18w, https:\/\/blognoticias.ecca.edu.es\/wp-content\/uploads\/2025\/12\/ecca.edu-agradece-a-Fundacion-MAPFRE-Canarias-su-apoyo-a-la-educacion-inclusiva-en-el-40-aniversario-de-la-entidad_3.png 2048w\" sizes=\"auto, (max-width: 750px) 100vw, 750px\" \/><\/p>\n<p><span style=\"font-weight: 400;\">Jos\u00e9 Mar\u00eda Segura SJ, director general de ecca.edu, agradeci\u00f3 el respaldo, de la Fundaci\u00f3n MAPFRE Canarias, que se remonta al a\u00f1o 2009:<\/span><\/p>\n<p><span style=\"font-weight: 400;\">\u00abTodo el equipo de <\/span><a href=\"http:\/\/ecca.edu\"><span style=\"font-weight: 400;\">ecca.edu<\/span><\/a><span style=\"font-weight: 400;\"> agradece a Fundaci\u00f3n MAPFRE esta genialidad de campa\u00f1a: donar sonrisas es un regalazo anticipado en estas fechas y en un contexto internacional m\u00e1s que necesario. Esta iniciativa no solo recauda fondos, sino que siembra esperanza y futuro. El impacto real de estas sonrisas se traducir\u00e1 en miles de personas adultas que retomar\u00e1n sus estudios, obtendr\u00e1n un t\u00edtulo y mejorar\u00e1n su empleabilidad. Muchas gracias por la generosidad.\u201d<\/span><\/p>\n<p><img loading=\"lazy\" decoding=\"async\" class=\"aligncenter wp-image-6152 size-large\" src=\"https:\/\/blognoticias.ecca.edu.es\/wp-content\/uploads\/2025\/12\/ecca.edu-agradece-a-Fundacion-MAPFRE-Canarias-su-apoyo-a-la-educacion-inclusiva-en-el-40-aniversario-de-la-entidad_1-1024x683.png\" alt=\"\" width=\"750\" height=\"500\" srcset=\"https:\/\/blognoticias.ecca.edu.es\/wp-content\/uploads\/2025\/12\/ecca.edu-agradece-a-Fundacion-MAPFRE-Canarias-su-apoyo-a-la-educacion-inclusiva-en-el-40-aniversario-de-la-entidad_1-1024x683.png 1024w, https:\/\/blognoticias.ecca.edu.es\/wp-content\/uploads\/2025\/12\/ecca.edu-agradece-a-Fundacion-MAPFRE-Canarias-su-apoyo-a-la-educacion-inclusiva-en-el-40-aniversario-de-la-entidad_1-300x200.png 300w, https:\/\/blognoticias.ecca.edu.es\/wp-content\/uploads\/2025\/12\/ecca.edu-agradece-a-Fundacion-MAPFRE-Canarias-su-apoyo-a-la-educacion-inclusiva-en-el-40-aniversario-de-la-entidad_1-768x512.png 768w, https:\/\/blognoticias.ecca.edu.es\/wp-content\/uploads\/2025\/12\/ecca.edu-agradece-a-Fundacion-MAPFRE-Canarias-su-apoyo-a-la-educacion-inclusiva-en-el-40-aniversario-de-la-entidad_1-1536x1025.png 1536w, https:\/\/blognoticias.ecca.edu.es\/wp-content\/uploads\/2025\/12\/ecca.edu-agradece-a-Fundacion-MAPFRE-Canarias-su-apoyo-a-la-educacion-inclusiva-en-el-40-aniversario-de-la-entidad_1-18x12.png 18w, https:\/\/blognoticias.ecca.edu.es\/wp-content\/uploads\/2025\/12\/ecca.edu-agradece-a-Fundacion-MAPFRE-Canarias-su-apoyo-a-la-educacion-inclusiva-en-el-40-aniversario-de-la-entidad_1.png 2048w\" sizes=\"auto, (max-width: 750px) 100vw, 750px\" \/><\/p>\n<h2 data-path-to-node=\"2\"><strong>Repercusi\u00f3n en los medios<\/strong><\/h2>\n<p data-path-to-node=\"3\">La entrega del cheque solidario por parte de Fundaci\u00f3n MAPFRE Canarias y el reconocimiento expl\u00edcito a la labor de <b>ecca.edu<\/b> han generado un notable inter\u00e9s. A continuaci\u00f3n, se detalla la lista de medios digitales y televisiones que han cubierto este reconocimiento:<\/p>\n<ul data-path-to-node=\"5\">\n<li>\n<p data-path-to-node=\"5,0,0\"><span style=\"text-decoration: underline;\"><a href=\"https:\/\/www.canarias7.es\/sociedad\/fundacion-mapfre-canarias-celebra-anos-compromiso-social-20251211154845-nt.html\"><b>Canarias 7<\/b><\/a><\/span><\/p>\n<\/li>\n<li>\n<p data-path-to-node=\"5,0,0\"><span style=\"text-decoration: underline;\"><a href=\"https:\/\/www.laprovincia.es\/canarias\/2025\/12\/11\/ecca-edu-agradece-fundacion-mapfre-124693330.amp.html\"><b>La Provincia<\/b><\/a><\/span><\/p>\n<\/li>\n<li>\n<p data-path-to-node=\"5,3,0\"><span style=\"text-decoration: underline;\"><a href=\"https:\/\/www.atlanticohoy.com\/sociedad\/fundacion-mapfre-canarias-celebra-40-anos-transformando-vidas-en-islas_1554901_102.html\"><b>Atl\u00e1ntico Hoy<\/b><\/a><\/span><\/p>\n<\/li>\n<li>\n<p data-path-to-node=\"5,3,0\"><span style=\"text-decoration: underline;\"><strong><a href=\"https:\/\/espiral21.com\/fundacion-mapfre-canarias-40-anos-de-cambio-social\/\">Espiral 21<\/a><\/strong><\/span><\/p>\n<\/li>\n<li><span style=\"text-decoration: underline;\"><strong><a href=\"https:\/\/www.youtube.com\/watch?v=BwscHq6e0sw\">Agencia EFE<\/a><\/strong><\/span><\/li>\n<li>\n<p data-path-to-node=\"5,5,0\"><span style=\"text-decoration: underline;\"><strong><a href=\"https:\/\/www.youtube.com\/watch?v=J9zRrK8v7s4\">RTVC Televisi\u00f3n Canaria<\/a><\/strong><\/span><\/p>\n<\/li>\n<\/ul>\n<p style=\"text-align: center;\"><iframe loading=\"lazy\" title=\"YouTube video player\" src=\"https:\/\/www.youtube.com\/embed\/J9zRrK8v7s4?si=5XcZJsy6FI8bhB0x\" width=\"560\" height=\"315\" frameborder=\"0\" allowfullscreen=\"allowfullscreen\"><\/iframe><\/p>\n<h2><b>Sobre<\/b><a href=\"http:\/\/ecca.edu\"> <b>ecca.edu<\/b><\/a><\/h2>\n<p><span style=\"font-weight: 400;\">Nacido en 1965,<\/span><a href=\"http:\/\/ecca.edu\"> <span style=\"font-weight: 400;\">ecca.edu<\/span><\/a><span style=\"font-weight: 400;\"> es un centro de formaci\u00f3n a distancia para personas adultas con presencia en las ocho islas canarias. Durante sus 60 a\u00f1os de trayectoria ha atendido a m\u00e1s de tres millones de personas aplicando una metodolog\u00eda propia, el Sistema ecca. Este Sistema, combina material multimedia, clases audiovisuales y tutor\u00eda personalizada para garantizar una educaci\u00f3n accesible, flexible y de calidad. Trabaja de manera coordinada y en alianza con entidades p\u00fablicas y privadas con el objetivo compartido de llevar formaci\u00f3n a quien lo necesite.<\/span><\/p>\n<p>&nbsp;<\/p>\n<div id='gallery-1' class='gallery galleryid-6151 gallery-columns-3 gallery-size-medium'><figure class='gallery-item'>\n\t\t\t<div class='gallery-icon portrait'>\n\t\t\t\t<a href='https:\/\/blognoticias.ecca.edu.es\/en\/ecca-edu-agradece-a-fundacion-mapfre-canarias-su-apoyo-a-la-educacion-inclusiva-en-el-40-aniversario-de-la-entidad\/img_8632-1\/'><img loading=\"lazy\" decoding=\"async\" width=\"225\" height=\"300\" src=\"https:\/\/blognoticias.ecca.edu.es\/wp-content\/uploads\/2025\/12\/IMG_8632-1-225x300.jpg\" class=\"attachment-medium size-medium\" alt=\"\" srcset=\"https:\/\/blognoticias.ecca.edu.es\/wp-content\/uploads\/2025\/12\/IMG_8632-1-225x300.jpg 225w, https:\/\/blognoticias.ecca.edu.es\/wp-content\/uploads\/2025\/12\/IMG_8632-1-768x1024.jpg 768w, https:\/\/blognoticias.ecca.edu.es\/wp-content\/uploads\/2025\/12\/IMG_8632-1-1152x1536.jpg 1152w, https:\/\/blognoticias.ecca.edu.es\/wp-content\/uploads\/2025\/12\/IMG_8632-1-1536x2048.jpg 1536w, https:\/\/blognoticias.ecca.edu.es\/wp-content\/uploads\/2025\/12\/IMG_8632-1-9x12.jpg 9w, https:\/\/blognoticias.ecca.edu.es\/wp-content\/uploads\/2025\/12\/IMG_8632-1-scaled.jpg 1920w\" sizes=\"auto, (max-width: 225px) 100vw, 225px\" \/><\/a>\n\t\t\t<\/div><\/figure><figure class='gallery-item'>\n\t\t\t<div class='gallery-icon portrait'>\n\t\t\t\t<a href='https:\/\/blognoticias.ecca.edu.es\/en\/ecca-edu-agradece-a-fundacion-mapfre-canarias-su-apoyo-a-la-educacion-inclusiva-en-el-40-aniversario-de-la-entidad\/img_8630\/'><img loading=\"lazy\" decoding=\"async\" width=\"225\" height=\"300\" src=\"https:\/\/blognoticias.ecca.edu.es\/wp-content\/uploads\/2025\/12\/IMG_8630-225x300.jpg\" class=\"attachment-medium size-medium\" alt=\"\" srcset=\"https:\/\/blognoticias.ecca.edu.es\/wp-content\/uploads\/2025\/12\/IMG_8630-225x300.jpg 225w, https:\/\/blognoticias.ecca.edu.es\/wp-content\/uploads\/2025\/12\/IMG_8630-768x1024.jpg 768w, https:\/\/blognoticias.ecca.edu.es\/wp-content\/uploads\/2025\/12\/IMG_8630-1152x1536.jpg 1152w, https:\/\/blognoticias.ecca.edu.es\/wp-content\/uploads\/2025\/12\/IMG_8630-1536x2048.jpg 1536w, https:\/\/blognoticias.ecca.edu.es\/wp-content\/uploads\/2025\/12\/IMG_8630-9x12.jpg 9w, https:\/\/blognoticias.ecca.edu.es\/wp-content\/uploads\/2025\/12\/IMG_8630-scaled.jpg 1920w\" sizes=\"auto, (max-width: 225px) 100vw, 225px\" \/><\/a>\n\t\t\t<\/div><\/figure><figure class='gallery-item'>\n\t\t\t<div class='gallery-icon portrait'>\n\t\t\t\t<a href='https:\/\/blognoticias.ecca.edu.es\/en\/ecca-edu-agradece-a-fundacion-mapfre-canarias-su-apoyo-a-la-educacion-inclusiva-en-el-40-aniversario-de-la-entidad\/img_8586\/'><img loading=\"lazy\" decoding=\"async\" width=\"169\" height=\"300\" src=\"https:\/\/blognoticias.ecca.edu.es\/wp-content\/uploads\/2025\/12\/IMG_8586-169x300.jpg\" class=\"attachment-medium size-medium\" alt=\"\" srcset=\"https:\/\/blognoticias.ecca.edu.es\/wp-content\/uploads\/2025\/12\/IMG_8586-169x300.jpg 169w, https:\/\/blognoticias.ecca.edu.es\/wp-content\/uploads\/2025\/12\/IMG_8586-576x1024.jpg 576w, https:\/\/blognoticias.ecca.edu.es\/wp-content\/uploads\/2025\/12\/IMG_8586-768x1365.jpg 768w, https:\/\/blognoticias.ecca.edu.es\/wp-content\/uploads\/2025\/12\/IMG_8586-864x1536.jpg 864w, https:\/\/blognoticias.ecca.edu.es\/wp-content\/uploads\/2025\/12\/IMG_8586-1152x2048.jpg 1152w, https:\/\/blognoticias.ecca.edu.es\/wp-content\/uploads\/2025\/12\/IMG_8586-7x12.jpg 7w, https:\/\/blognoticias.ecca.edu.es\/wp-content\/uploads\/2025\/12\/IMG_8586-scaled.jpg 1440w\" sizes=\"auto, (max-width: 169px) 100vw, 169px\" \/><\/a>\n\t\t\t<\/div><\/figure><figure class='gallery-item'>\n\t\t\t<div class='gallery-icon portrait'>\n\t\t\t\t<a href='https:\/\/blognoticias.ecca.edu.es\/en\/ecca-edu-agradece-a-fundacion-mapfre-canarias-su-apoyo-a-la-educacion-inclusiva-en-el-40-aniversario-de-la-entidad\/img_8597\/'><img loading=\"lazy\" decoding=\"async\" width=\"225\" height=\"300\" src=\"https:\/\/blognoticias.ecca.edu.es\/wp-content\/uploads\/2025\/12\/IMG_8597-225x300.jpg\" class=\"attachment-medium size-medium\" alt=\"\" srcset=\"https:\/\/blognoticias.ecca.edu.es\/wp-content\/uploads\/2025\/12\/IMG_8597-225x300.jpg 225w, https:\/\/blognoticias.ecca.edu.es\/wp-content\/uploads\/2025\/12\/IMG_8597-768x1024.jpg 768w, https:\/\/blognoticias.ecca.edu.es\/wp-content\/uploads\/2025\/12\/IMG_8597-1152x1536.jpg 1152w, https:\/\/blognoticias.ecca.edu.es\/wp-content\/uploads\/2025\/12\/IMG_8597-1536x2048.jpg 1536w, https:\/\/blognoticias.ecca.edu.es\/wp-content\/uploads\/2025\/12\/IMG_8597-9x12.jpg 9w, https:\/\/blognoticias.ecca.edu.es\/wp-content\/uploads\/2025\/12\/IMG_8597-scaled.jpg 1920w\" sizes=\"auto, (max-width: 225px) 100vw, 225px\" \/><\/a>\n\t\t\t<\/div><\/figure><figure class='gallery-item'>\n\t\t\t<div class='gallery-icon portrait'>\n\t\t\t\t<a href='https:\/\/blognoticias.ecca.edu.es\/en\/ecca-edu-agradece-a-fundacion-mapfre-canarias-su-apoyo-a-la-educacion-inclusiva-en-el-40-aniversario-de-la-entidad\/img_8609\/'><img loading=\"lazy\" decoding=\"async\" width=\"225\" height=\"300\" src=\"https:\/\/blognoticias.ecca.edu.es\/wp-content\/uploads\/2025\/12\/IMG_8609-225x300.jpg\" class=\"attachment-medium size-medium\" alt=\"\" srcset=\"https:\/\/blognoticias.ecca.edu.es\/wp-content\/uploads\/2025\/12\/IMG_8609-225x300.jpg 225w, https:\/\/blognoticias.ecca.edu.es\/wp-content\/uploads\/2025\/12\/IMG_8609-768x1024.jpg 768w, https:\/\/blognoticias.ecca.edu.es\/wp-content\/uploads\/2025\/12\/IMG_8609-1152x1536.jpg 1152w, https:\/\/blognoticias.ecca.edu.es\/wp-content\/uploads\/2025\/12\/IMG_8609-1536x2048.jpg 1536w, https:\/\/blognoticias.ecca.edu.es\/wp-content\/uploads\/2025\/12\/IMG_8609-9x12.jpg 9w, https:\/\/blognoticias.ecca.edu.es\/wp-content\/uploads\/2025\/12\/IMG_8609-scaled.jpg 1920w\" sizes=\"auto, (max-width: 225px) 100vw, 225px\" \/><\/a>\n\t\t\t<\/div><\/figure><figure class='gallery-item'>\n\t\t\t<div class='gallery-icon landscape'>\n\t\t\t\t<a href='https:\/\/blognoticias.ecca.edu.es\/en\/ecca-edu-agradece-a-fundacion-mapfre-canarias-su-apoyo-a-la-educacion-inclusiva-en-el-40-aniversario-de-la-entidad\/img_8481\/'><img loading=\"lazy\" decoding=\"async\" width=\"300\" height=\"225\" src=\"https:\/\/blognoticias.ecca.edu.es\/wp-content\/uploads\/2025\/12\/IMG_8481-300x225.jpg\" class=\"attachment-medium size-medium\" alt=\"\" srcset=\"https:\/\/blognoticias.ecca.edu.es\/wp-content\/uploads\/2025\/12\/IMG_8481-300x225.jpg 300w, https:\/\/blognoticias.ecca.edu.es\/wp-content\/uploads\/2025\/12\/IMG_8481-1024x768.jpg 1024w, https:\/\/blognoticias.ecca.edu.es\/wp-content\/uploads\/2025\/12\/IMG_8481-768x576.jpg 768w, https:\/\/blognoticias.ecca.edu.es\/wp-content\/uploads\/2025\/12\/IMG_8481-1536x1152.jpg 1536w, https:\/\/blognoticias.ecca.edu.es\/wp-content\/uploads\/2025\/12\/IMG_8481-2048x1536.jpg 2048w, https:\/\/blognoticias.ecca.edu.es\/wp-content\/uploads\/2025\/12\/IMG_8481-16x12.jpg 16w\" sizes=\"auto, (max-width: 300px) 100vw, 300px\" \/><\/a>\n\t\t\t<\/div><\/figure><figure class='gallery-item'>\n\t\t\t<div class='gallery-icon landscape'>\n\t\t\t\t<a href='https:\/\/blognoticias.ecca.edu.es\/en\/ecca-edu-agradece-a-fundacion-mapfre-canarias-su-apoyo-a-la-educacion-inclusiva-en-el-40-aniversario-de-la-entidad\/mapfre-jose-maria-1\/'><img loading=\"lazy\" decoding=\"async\" width=\"300\" height=\"200\" src=\"https:\/\/blognoticias.ecca.edu.es\/wp-content\/uploads\/2025\/12\/Mapfre-Jose-Maria-1-300x200.webp\" class=\"attachment-medium size-medium\" alt=\"\" srcset=\"https:\/\/blognoticias.ecca.edu.es\/wp-content\/uploads\/2025\/12\/Mapfre-Jose-Maria-1-300x200.webp 300w, https:\/\/blognoticias.ecca.edu.es\/wp-content\/uploads\/2025\/12\/Mapfre-Jose-Maria-1-1024x683.webp 1024w, https:\/\/blognoticias.ecca.edu.es\/wp-content\/uploads\/2025\/12\/Mapfre-Jose-Maria-1-768x512.webp 768w, https:\/\/blognoticias.ecca.edu.es\/wp-content\/uploads\/2025\/12\/Mapfre-Jose-Maria-1-1536x1024.webp 1536w, https:\/\/blognoticias.ecca.edu.es\/wp-content\/uploads\/2025\/12\/Mapfre-Jose-Maria-1-18x12.webp 18w, https:\/\/blognoticias.ecca.edu.es\/wp-content\/uploads\/2025\/12\/Mapfre-Jose-Maria-1.webp 1920w\" sizes=\"auto, (max-width: 300px) 100vw, 300px\" \/><\/a>\n\t\t\t<\/div><\/figure><figure class='gallery-item'>\n\t\t\t<div class='gallery-icon landscape'>\n\t\t\t\t<a href='https:\/\/blognoticias.ecca.edu.es\/en\/ecca-edu-agradece-a-fundacion-mapfre-canarias-su-apoyo-a-la-educacion-inclusiva-en-el-40-aniversario-de-la-entidad\/mapfre-jose-maria-2\/'><img loading=\"lazy\" decoding=\"async\" width=\"300\" height=\"200\" src=\"https:\/\/blognoticias.ecca.edu.es\/wp-content\/uploads\/2025\/12\/Mapfre-Jose-Maria-2-300x200.webp\" class=\"attachment-medium size-medium\" alt=\"\" srcset=\"https:\/\/blognoticias.ecca.edu.es\/wp-content\/uploads\/2025\/12\/Mapfre-Jose-Maria-2-300x200.webp 300w, https:\/\/blognoticias.ecca.edu.es\/wp-content\/uploads\/2025\/12\/Mapfre-Jose-Maria-2-1024x683.webp 1024w, https:\/\/blognoticias.ecca.edu.es\/wp-content\/uploads\/2025\/12\/Mapfre-Jose-Maria-2-768x512.webp 768w, https:\/\/blognoticias.ecca.edu.es\/wp-content\/uploads\/2025\/12\/Mapfre-Jose-Maria-2-1536x1024.webp 1536w, https:\/\/blognoticias.ecca.edu.es\/wp-content\/uploads\/2025\/12\/Mapfre-Jose-Maria-2-18x12.webp 18w, https:\/\/blognoticias.ecca.edu.es\/wp-content\/uploads\/2025\/12\/Mapfre-Jose-Maria-2.webp 1920w\" sizes=\"auto, (max-width: 300px) 100vw, 300px\" \/><\/a>\n\t\t\t<\/div><\/figure>\n\t\t<\/div>","protected":false},"excerpt":{"rendered":"<p>En el marco de su 40 aniversario, la Fundaci\u00f3n MAPFRE Canarias celebr\u00f3 este jueves un acto conmemorativo en su sede institucional de Las Palmas de Gran Canaria en el que ecca.edu ha sido reconocida por su labor educativa. El encuentro, que sirvi\u00f3 para reconocer cuatro d\u00e9cadas de compromiso de la entidad con el progreso social [&hellip;]<\/p>","protected":false},"author":2,"featured_media":6155,"comment_status":"closed","ping_status":"closed","sticky":false,"template":"","format":"standard","meta":{"footnotes":""},"categories":[1,177,1293,106],"tags":[1314,1312,1520,1518,1519,1517],"class_list":["post-6151","post","type-post","status-publish","format-standard","has-post-thumbnail","hentry","category-blog","category-formacion","category-noticias","category-relevante","tag-formacionparapersonasadultas","tag-tufuturoaturitmo","tag-40-aniversario","tag-campana-dona-una-sonrisa","tag-dona-una-sonrisa","tag-fundacion-mapfre-canaria"],"yoast_head":"<!-- This site is optimized with the Yoast SEO plugin v25.9 - https:\/\/yoast.com\/wordpress\/plugins\/seo\/ -->\n<title>ecca.edu agradece a Fundaci\u00f3n MAPFRE Canarias su apoyo a la educaci\u00f3n inclusiva en el 40 aniversario de la entidad<\/title>\n<meta name=\"description\" content=\"la Fundaci\u00f3n MAPFRE Canarias celebr\u00f3 un acto conmemorativo en el que ecca.edu ha sido reconocida por su labor educativa\" \/>\n<meta name=\"robots\" content=\"index, follow, max-snippet:-1, max-image-preview:large, max-video-preview:-1\" \/>\n<link rel=\"canonical\" href=\"https:\/\/blognoticias.ecca.edu.es\/en\/ecca-edu-agradece-a-fundacion-mapfre-canarias-su-apoyo-a-la-educacion-inclusiva-en-el-40-aniversario-de-la-entidad\/\" \/>\n<meta property=\"og:locale\" content=\"en_GB\" \/>\n<meta property=\"og:type\" content=\"article\" \/>\n<meta property=\"og:title\" content=\"ecca.edu agradece a Fundaci\u00f3n MAPFRE Canarias su apoyo a la educaci\u00f3n inclusiva en el 40 aniversario de la entidad\" \/>\n<meta property=\"og:description\" content=\"la Fundaci\u00f3n MAPFRE Canarias celebr\u00f3 un acto conmemorativo en el que ecca.edu ha sido reconocida por su labor educativa\" \/>\n<meta property=\"og:url\" content=\"https:\/\/blognoticias.ecca.edu.es\/en\/ecca-edu-agradece-a-fundacion-mapfre-canarias-su-apoyo-a-la-educacion-inclusiva-en-el-40-aniversario-de-la-entidad\/\" \/>\n<meta property=\"og:site_name\" content=\"Blog Noticias Ecca\" \/>\n<meta property=\"article:publisher\" content=\"https:\/\/www.facebook.com\/ecca.edu.es\" \/>\n<meta property=\"article:published_time\" content=\"2025-12-11T14:46:26+00:00\" \/>\n<meta property=\"article:modified_time\" content=\"2026-01-08T12:50:14+00:00\" \/>\n<meta property=\"og:image\" content=\"https:\/\/blognoticias.ecca.edu.es\/wp-content\/uploads\/2025\/12\/Platilla-Instagram-cuadrado-y-blog-21.png\" \/>\n\t<meta property=\"og:image:width\" content=\"1080\" \/>\n\t<meta property=\"og:image:height\" content=\"1080\" \/>\n\t<meta property=\"og:image:type\" content=\"image\/png\" \/>\n<meta name=\"author\" content=\"Ecca.edu\" \/>\n<meta name=\"twitter:card\" content=\"summary_large_image\" \/>\n<meta name=\"twitter:creator\" content=\"@eccaedu\" \/>\n<meta name=\"twitter:site\" content=\"@eccaedu\" \/>\n<meta name=\"twitter:label1\" content=\"Written by\" \/>\n\t<meta name=\"twitter:data1\" content=\"Ecca.edu\" \/>\n\t<meta name=\"twitter:label2\" content=\"Estimated reading time\" \/>\n\t<meta name=\"twitter:data2\" content=\"3 minutes\" \/>\n<script type=\"application\/ld+json\" class=\"yoast-schema-graph\">{\"@context\":\"https:\/\/schema.org\",\"@graph\":[{\"@type\":\"Article\",\"@id\":\"https:\/\/blognoticias.ecca.edu.es\/ecca-edu-agradece-a-fundacion-mapfre-canarias-su-apoyo-a-la-educacion-inclusiva-en-el-40-aniversario-de-la-entidad\/#article\",\"isPartOf\":{\"@id\":\"https:\/\/blognoticias.ecca.edu.es\/ecca-edu-agradece-a-fundacion-mapfre-canarias-su-apoyo-a-la-educacion-inclusiva-en-el-40-aniversario-de-la-entidad\/\"},\"author\":{\"name\":\"Ecca.edu\",\"@id\":\"https:\/\/blognoticias.ecca.edu.es\/#\/schema\/person\/8070573f481ccba909661fdb1cf9e5eb\"},\"headline\":\"ecca.edu agradece a Fundaci\u00f3n MAPFRE Canarias su apoyo a la educaci\u00f3n inclusiva en el 40 aniversario de la entidad\",\"datePublished\":\"2025-12-11T14:46:26+00:00\",\"dateModified\":\"2026-01-08T12:50:14+00:00\",\"mainEntityOfPage\":{\"@id\":\"https:\/\/blognoticias.ecca.edu.es\/ecca-edu-agradece-a-fundacion-mapfre-canarias-su-apoyo-a-la-educacion-inclusiva-en-el-40-aniversario-de-la-entidad\/\"},\"wordCount\":472,\"publisher\":{\"@id\":\"https:\/\/blognoticias.ecca.edu.es\/#organization\"},\"image\":{\"@id\":\"https:\/\/blognoticias.ecca.edu.es\/ecca-edu-agradece-a-fundacion-mapfre-canarias-su-apoyo-a-la-educacion-inclusiva-en-el-40-aniversario-de-la-entidad\/#primaryimage\"},\"thumbnailUrl\":\"https:\/\/blognoticias.ecca.edu.es\/wp-content\/uploads\/2025\/12\/Platilla-Instagram-cuadrado-y-blog-21.png\",\"keywords\":[\"#Formaci\u00f3nparapersonasadultas\",\"#Tufuturoaturitmo\",\"40 aniversario\",\"campa\u00f1a Dona una sonrisa\",\"Dona una sonrisa\",\"Fundaci\u00f3n MAPFRE Canaria\"],\"articleSection\":[\"Blog\",\"Formaci\u00f3n\",\"Noticias\",\"Relevante\"],\"inLanguage\":\"en-GB\"},{\"@type\":\"WebPage\",\"@id\":\"https:\/\/blognoticias.ecca.edu.es\/ecca-edu-agradece-a-fundacion-mapfre-canarias-su-apoyo-a-la-educacion-inclusiva-en-el-40-aniversario-de-la-entidad\/\",\"url\":\"https:\/\/blognoticias.ecca.edu.es\/ecca-edu-agradece-a-fundacion-mapfre-canarias-su-apoyo-a-la-educacion-inclusiva-en-el-40-aniversario-de-la-entidad\/\",\"name\":\"ecca.edu agradece a Fundaci\u00f3n MAPFRE Canarias su apoyo a la educaci\u00f3n inclusiva en el 40 aniversario de la entidad\",\"isPartOf\":{\"@id\":\"https:\/\/blognoticias.ecca.edu.es\/#website\"},\"primaryImageOfPage\":{\"@id\":\"https:\/\/blognoticias.ecca.edu.es\/ecca-edu-agradece-a-fundacion-mapfre-canarias-su-apoyo-a-la-educacion-inclusiva-en-el-40-aniversario-de-la-entidad\/#primaryimage\"},\"image\":{\"@id\":\"https:\/\/blognoticias.ecca.edu.es\/ecca-edu-agradece-a-fundacion-mapfre-canarias-su-apoyo-a-la-educacion-inclusiva-en-el-40-aniversario-de-la-entidad\/#primaryimage\"},\"thumbnailUrl\":\"https:\/\/blognoticias.ecca.edu.es\/wp-content\/uploads\/2025\/12\/Platilla-Instagram-cuadrado-y-blog-21.png\",\"datePublished\":\"2025-12-11T14:46:26+00:00\",\"dateModified\":\"2026-01-08T12:50:14+00:00\",\"description\":\"la Fundaci\u00f3n MAPFRE Canarias celebr\u00f3 un acto conmemorativo en el que ecca.edu ha sido reconocida por su labor educativa\",\"breadcrumb\":{\"@id\":\"https:\/\/blognoticias.ecca.edu.es\/ecca-edu-agradece-a-fundacion-mapfre-canarias-su-apoyo-a-la-educacion-inclusiva-en-el-40-aniversario-de-la-entidad\/#breadcrumb\"},\"inLanguage\":\"en-GB\",\"potentialAction\":[{\"@type\":\"ReadAction\",\"target\":[\"https:\/\/blognoticias.ecca.edu.es\/ecca-edu-agradece-a-fundacion-mapfre-canarias-su-apoyo-a-la-educacion-inclusiva-en-el-40-aniversario-de-la-entidad\/\"]}]},{\"@type\":\"ImageObject\",\"inLanguage\":\"en-GB\",\"@id\":\"https:\/\/blognoticias.ecca.edu.es\/ecca-edu-agradece-a-fundacion-mapfre-canarias-su-apoyo-a-la-educacion-inclusiva-en-el-40-aniversario-de-la-entidad\/#primaryimage\",\"url\":\"https:\/\/blognoticias.ecca.edu.es\/wp-content\/uploads\/2025\/12\/Platilla-Instagram-cuadrado-y-blog-21.png\",\"contentUrl\":\"https:\/\/blognoticias.ecca.edu.es\/wp-content\/uploads\/2025\/12\/Platilla-Instagram-cuadrado-y-blog-21.png\",\"width\":1080,\"height\":1080,\"caption\":\"la Fundaci\u00f3n MAPFRE Canarias celebr\u00f3 este jueves un acto conmemorativo en su sede institucional de Las Palmas de Gran Canaria en el que ecca.edu ha sido reconocida por su labor educativa.\"},{\"@type\":\"BreadcrumbList\",\"@id\":\"https:\/\/blognoticias.ecca.edu.es\/ecca-edu-agradece-a-fundacion-mapfre-canarias-su-apoyo-a-la-educacion-inclusiva-en-el-40-aniversario-de-la-entidad\/#breadcrumb\",\"itemListElement\":[{\"@type\":\"ListItem\",\"position\":1,\"name\":\"Portada\",\"item\":\"https:\/\/blognoticias.ecca.edu.es\/\"},{\"@type\":\"ListItem\",\"position\":2,\"name\":\"ecca.edu agradece a Fundaci\u00f3n MAPFRE Canarias su apoyo a la educaci\u00f3n inclusiva en el 40 aniversario de la entidad\"}]},{\"@type\":\"WebSite\",\"@id\":\"https:\/\/blognoticias.ecca.edu.es\/#website\",\"url\":\"https:\/\/blognoticias.ecca.edu.es\/\",\"name\":\"Blog Noticias Ecca\",\"description\":\"\",\"publisher\":{\"@id\":\"https:\/\/blognoticias.ecca.edu.es\/#organization\"},\"potentialAction\":[{\"@type\":\"SearchAction\",\"target\":{\"@type\":\"EntryPoint\",\"urlTemplate\":\"https:\/\/blognoticias.ecca.edu.es\/?s={search_term_string}\"},\"query-input\":{\"@type\":\"PropertyValueSpecification\",\"valueRequired\":true,\"valueName\":\"search_term_string\"}}],\"inLanguage\":\"en-GB\"},{\"@type\":\"Organization\",\"@id\":\"https:\/\/blognoticias.ecca.edu.es\/#organization\",\"name\":\"Blog Noticias Ecca\",\"url\":\"https:\/\/blognoticias.ecca.edu.es\/\",\"logo\":{\"@type\":\"ImageObject\",\"inLanguage\":\"en-GB\",\"@id\":\"https:\/\/blognoticias.ecca.edu.es\/#\/schema\/logo\/image\/\",\"url\":\"https:\/\/blognoticias.ecca.edu.es\/wp-content\/uploads\/2023\/02\/cropped-cropped-cropped-cropped-Logo-Ecca.edu_.png\",\"contentUrl\":\"https:\/\/blognoticias.ecca.edu.es\/wp-content\/uploads\/2023\/02\/cropped-cropped-cropped-cropped-Logo-Ecca.edu_.png\",\"width\":293,\"height\":45,\"caption\":\"Blog Noticias Ecca\"},\"image\":{\"@id\":\"https:\/\/blognoticias.ecca.edu.es\/#\/schema\/logo\/image\/\"},\"sameAs\":[\"https:\/\/www.facebook.com\/ecca.edu.es\",\"https:\/\/x.com\/eccaedu\",\"https:\/\/www.instagram.com\/\"]},{\"@type\":\"Person\",\"@id\":\"https:\/\/blognoticias.ecca.edu.es\/#\/schema\/person\/8070573f481ccba909661fdb1cf9e5eb\",\"name\":\"Ecca.edu\",\"image\":{\"@type\":\"ImageObject\",\"inLanguage\":\"en-GB\",\"@id\":\"https:\/\/blognoticias.ecca.edu.es\/#\/schema\/person\/image\/\",\"url\":\"https:\/\/blognoticias.ecca.edu.es\/wp-content\/uploads\/2023\/02\/LOGO-ECCAEDU-1-150x150.png\",\"contentUrl\":\"https:\/\/blognoticias.ecca.edu.es\/wp-content\/uploads\/2023\/02\/LOGO-ECCAEDU-1-150x150.png\",\"caption\":\"Ecca.edu\"},\"url\":\"https:\/\/blognoticias.ecca.edu.es\/en\/author\/ecca-edu\/\"}]}<\/script>\n<!-- \/ Yoast SEO plugin. -->","yoast_head_json":{"title":"ecca.edu agradece a Fundaci\u00f3n MAPFRE Canarias su apoyo a la educaci\u00f3n inclusiva en el 40 aniversario de la entidad","description":"la Fundaci\u00f3n MAPFRE Canarias celebr\u00f3 un acto conmemorativo en el que ecca.edu ha sido reconocida por su labor educativa","robots":{"index":"index","follow":"follow","max-snippet":"max-snippet:-1","max-image-preview":"max-image-preview:large","max-video-preview":"max-video-preview:-1"},"canonical":"https:\/\/blognoticias.ecca.edu.es\/en\/ecca-edu-agradece-a-fundacion-mapfre-canarias-su-apoyo-a-la-educacion-inclusiva-en-el-40-aniversario-de-la-entidad\/","og_locale":"en_GB","og_type":"article","og_title":"ecca.edu agradece a Fundaci\u00f3n MAPFRE Canarias su apoyo a la educaci\u00f3n inclusiva en el 40 aniversario de la entidad","og_description":"la Fundaci\u00f3n MAPFRE Canarias celebr\u00f3 un acto conmemorativo en el que ecca.edu ha sido reconocida por su labor educativa","og_url":"https:\/\/blognoticias.ecca.edu.es\/en\/ecca-edu-agradece-a-fundacion-mapfre-canarias-su-apoyo-a-la-educacion-inclusiva-en-el-40-aniversario-de-la-entidad\/","og_site_name":"Blog Noticias Ecca","article_publisher":"https:\/\/www.facebook.com\/ecca.edu.es","article_published_time":"2025-12-11T14:46:26+00:00","article_modified_time":"2026-01-08T12:50:14+00:00","og_image":[{"width":1080,"height":1080,"url":"https:\/\/blognoticias.ecca.edu.es\/wp-content\/uploads\/2025\/12\/Platilla-Instagram-cuadrado-y-blog-21.png","type":"image\/png"}],"author":"Ecca.edu","twitter_card":"summary_large_image","twitter_creator":"@eccaedu","twitter_site":"@eccaedu","twitter_misc":{"Written by":"Ecca.edu","Estimated reading time":"3 minutes"},"schema":{"@context":"https:\/\/schema.org","@graph":[{"@type":"Article","@id":"https:\/\/blognoticias.ecca.edu.es\/ecca-edu-agradece-a-fundacion-mapfre-canarias-su-apoyo-a-la-educacion-inclusiva-en-el-40-aniversario-de-la-entidad\/#article","isPartOf":{"@id":"https:\/\/blognoticias.ecca.edu.es\/ecca-edu-agradece-a-fundacion-mapfre-canarias-su-apoyo-a-la-educacion-inclusiva-en-el-40-aniversario-de-la-entidad\/"},"author":{"name":"Ecca.edu","@id":"https:\/\/blognoticias.ecca.edu.es\/#\/schema\/person\/8070573f481ccba909661fdb1cf9e5eb"},"headline":"ecca.edu agradece a Fundaci\u00f3n MAPFRE Canarias su apoyo a la educaci\u00f3n inclusiva en el 40 aniversario de la entidad","datePublished":"2025-12-11T14:46:26+00:00","dateModified":"2026-01-08T12:50:14+00:00","mainEntityOfPage":{"@id":"https:\/\/blognoticias.ecca.edu.es\/ecca-edu-agradece-a-fundacion-mapfre-canarias-su-apoyo-a-la-educacion-inclusiva-en-el-40-aniversario-de-la-entidad\/"},"wordCount":472,"publisher":{"@id":"https:\/\/blognoticias.ecca.edu.es\/#organization"},"image":{"@id":"https:\/\/blognoticias.ecca.edu.es\/ecca-edu-agradece-a-fundacion-mapfre-canarias-su-apoyo-a-la-educacion-inclusiva-en-el-40-aniversario-de-la-entidad\/#primaryimage"},"thumbnailUrl":"https:\/\/blognoticias.ecca.edu.es\/wp-content\/uploads\/2025\/12\/Platilla-Instagram-cuadrado-y-blog-21.png","keywords":["#Formaci\u00f3nparapersonasadultas","#Tufuturoaturitmo","40 aniversario","campa\u00f1a Dona una sonrisa","Dona una sonrisa","Fundaci\u00f3n MAPFRE Canaria"],"articleSection":["Blog","Formaci\u00f3n","Noticias","Relevante"],"inLanguage":"en-GB"},{"@type":"WebPage","@id":"https:\/\/blognoticias.ecca.edu.es\/ecca-edu-agradece-a-fundacion-mapfre-canarias-su-apoyo-a-la-educacion-inclusiva-en-el-40-aniversario-de-la-entidad\/","url":"https:\/\/blognoticias.ecca.edu.es\/ecca-edu-agradece-a-fundacion-mapfre-canarias-su-apoyo-a-la-educacion-inclusiva-en-el-40-aniversario-de-la-entidad\/","name":"ecca.edu agradece a Fundaci\u00f3n MAPFRE Canarias su apoyo a la educaci\u00f3n inclusiva en el 40 aniversario de la entidad","isPartOf":{"@id":"https:\/\/blognoticias.ecca.edu.es\/#website"},"primaryImageOfPage":{"@id":"https:\/\/blognoticias.ecca.edu.es\/ecca-edu-agradece-a-fundacion-mapfre-canarias-su-apoyo-a-la-educacion-inclusiva-en-el-40-aniversario-de-la-entidad\/#primaryimage"},"image":{"@id":"https:\/\/blognoticias.ecca.edu.es\/ecca-edu-agradece-a-fundacion-mapfre-canarias-su-apoyo-a-la-educacion-inclusiva-en-el-40-aniversario-de-la-entidad\/#primaryimage"},"thumbnailUrl":"https:\/\/blognoticias.ecca.edu.es\/wp-content\/uploads\/2025\/12\/Platilla-Instagram-cuadrado-y-blog-21.png","datePublished":"2025-12-11T14:46:26+00:00","dateModified":"2026-01-08T12:50:14+00:00","description":"la Fundaci\u00f3n MAPFRE Canarias celebr\u00f3 un acto conmemorativo en el que ecca.edu ha sido reconocida por su labor educativa","breadcrumb":{"@id":"https:\/\/blognoticias.ecca.edu.es\/ecca-edu-agradece-a-fundacion-mapfre-canarias-su-apoyo-a-la-educacion-inclusiva-en-el-40-aniversario-de-la-entidad\/#breadcrumb"},"inLanguage":"en-GB","potentialAction":[{"@type":"ReadAction","target":["https:\/\/blognoticias.ecca.edu.es\/ecca-edu-agradece-a-fundacion-mapfre-canarias-su-apoyo-a-la-educacion-inclusiva-en-el-40-aniversario-de-la-entidad\/"]}]},{"@type":"ImageObject","inLanguage":"en-GB","@id":"https:\/\/blognoticias.ecca.edu.es\/ecca-edu-agradece-a-fundacion-mapfre-canarias-su-apoyo-a-la-educacion-inclusiva-en-el-40-aniversario-de-la-entidad\/#primaryimage","url":"https:\/\/blognoticias.ecca.edu.es\/wp-content\/uploads\/2025\/12\/Platilla-Instagram-cuadrado-y-blog-21.png","contentUrl":"https:\/\/blognoticias.ecca.edu.es\/wp-content\/uploads\/2025\/12\/Platilla-Instagram-cuadrado-y-blog-21.png","width":1080,"height":1080,"caption":"la Fundaci\u00f3n MAPFRE Canarias celebr\u00f3 este jueves un acto conmemorativo en su sede institucional de Las Palmas de Gran Canaria en el que ecca.edu ha sido reconocida por su labor educativa."},{"@type":"BreadcrumbList","@id":"https:\/\/blognoticias.ecca.edu.es\/ecca-edu-agradece-a-fundacion-mapfre-canarias-su-apoyo-a-la-educacion-inclusiva-en-el-40-aniversario-de-la-entidad\/#breadcrumb","itemListElement":[{"@type":"ListItem","position":1,"name":"Portada","item":"https:\/\/blognoticias.ecca.edu.es\/"},{"@type":"ListItem","position":2,"name":"ecca.edu agradece a Fundaci\u00f3n MAPFRE Canarias su apoyo a la educaci\u00f3n inclusiva en el 40 aniversario de la entidad"}]},{"@type":"WebSite","@id":"https:\/\/blognoticias.ecca.edu.es\/#website","url":"https:\/\/blognoticias.ecca.edu.es\/","name":"Blog Noticias Ecca","description":"","publisher":{"@id":"https:\/\/blognoticias.ecca.edu.es\/#organization"},"potentialAction":[{"@type":"SearchAction","target":{"@type":"EntryPoint","urlTemplate":"https:\/\/blognoticias.ecca.edu.es\/?s={search_term_string}"},"query-input":{"@type":"PropertyValueSpecification","valueRequired":true,"valueName":"search_term_string"}}],"inLanguage":"en-GB"},{"@type":"Organization","@id":"https:\/\/blognoticias.ecca.edu.es\/#organization","name":"Blog Noticias Ecca","url":"https:\/\/blognoticias.ecca.edu.es\/","logo":{"@type":"ImageObject","inLanguage":"en-GB","@id":"https:\/\/blognoticias.ecca.edu.es\/#\/schema\/logo\/image\/","url":"https:\/\/blognoticias.ecca.edu.es\/wp-content\/uploads\/2023\/02\/cropped-cropped-cropped-cropped-Logo-Ecca.edu_.png","contentUrl":"https:\/\/blognoticias.ecca.edu.es\/wp-content\/uploads\/2023\/02\/cropped-cropped-cropped-cropped-Logo-Ecca.edu_.png","width":293,"height":45,"caption":"Blog Noticias Ecca"},"image":{"@id":"https:\/\/blognoticias.ecca.edu.es\/#\/schema\/logo\/image\/"},"sameAs":["https:\/\/www.facebook.com\/ecca.edu.es","https:\/\/x.com\/eccaedu","https:\/\/www.instagram.com\/"]},{"@type":"Person","@id":"https:\/\/blognoticias.ecca.edu.es\/#\/schema\/person\/8070573f481ccba909661fdb1cf9e5eb","name":"Ecca.edu","image":{"@type":"ImageObject","inLanguage":"en-GB","@id":"https:\/\/blognoticias.ecca.edu.es\/#\/schema\/person\/image\/","url":"https:\/\/blognoticias.ecca.edu.es\/wp-content\/uploads\/2023\/02\/LOGO-ECCAEDU-1-150x150.png","contentUrl":"https:\/\/blognoticias.ecca.edu.es\/wp-content\/uploads\/2023\/02\/LOGO-ECCAEDU-1-150x150.png","caption":"Ecca.edu"},"url":"https:\/\/blognoticias.ecca.edu.es\/en\/author\/ecca-edu\/"}]}},"_links":{"self":[{"href":"https:\/\/blognoticias.ecca.edu.es\/en\/wp-json\/wp\/v2\/posts\/6151","targetHints":{"allow":["GET"]}}],"collection":[{"href":"https:\/\/blognoticias.ecca.edu.es\/en\/wp-json\/wp\/v2\/posts"}],"about":[{"href":"https:\/\/blognoticias.ecca.edu.es\/en\/wp-json\/wp\/v2\/types\/post"}],"author":[{"embeddable":true,"href":"https:\/\/blognoticias.ecca.edu.es\/en\/wp-json\/wp\/v2\/users\/2"}],"replies":[{"embeddable":true,"href":"https:\/\/blognoticias.ecca.edu.es\/en\/wp-json\/wp\/v2\/comments?post=6151"}],"version-history":[{"count":7,"href":"https:\/\/blognoticias.ecca.edu.es\/en\/wp-json\/wp\/v2\/posts\/6151\/revisions"}],"predecessor-version":[{"id":6172,"href":"https:\/\/blognoticias.ecca.edu.es\/en\/wp-json\/wp\/v2\/posts\/6151\/revisions\/6172"}],"wp:featuredmedia":[{"embeddable":true,"href":"https:\/\/blognoticias.ecca.edu.es\/en\/wp-json\/wp\/v2\/media\/6155"}],"wp:attachment":[{"href":"https:\/\/blognoticias.ecca.edu.es\/en\/wp-json\/wp\/v2\/media?parent=6151"}],"wp:term":[{"taxonomy":"category","embeddable":true,"href":"https:\/\/blognoticias.ecca.edu.es\/en\/wp-json\/wp\/v2\/categories?post=6151"},{"taxonomy":"post_tag","embeddable":true,"href":"https:\/\/blognoticias.ecca.edu.es\/en\/wp-json\/wp\/v2\/tags?post=6151"}],"curies":[{"name":"wp","href":"https:\/\/api.w.org\/{rel}","templated":true}]}}