{"id":6146,"date":"2025-12-10T14:10:32","date_gmt":"2025-12-10T14:10:32","guid":{"rendered":"https:\/\/blognoticias.ecca.edu.es\/?p=6146"},"modified":"2026-01-08T12:50:18","modified_gmt":"2026-01-08T12:50:18","slug":"ecca-edu-lanza-la-septima-entrega-de-su-revista-ecca-educacion","status":"publish","type":"post","link":"https:\/\/blognoticias.ecca.edu.es\/en\/ecca-edu-lanza-la-septima-entrega-de-su-revista-ecca-educacion\/","title":{"rendered":"ecca.edu lanza la s\u00e9ptima entrega de su revista ecca educaci\u00f3n"},"content":{"rendered":"<div class='booster-block booster-read-block'>\n                <div class=\"twp-read-time\">\n                \t<i class=\"booster-icon twp-clock\"><\/i> <span>Tiempo de lectura:<\/span>1 Minutos, 57 Segundos                <\/div>\n\n            <\/div><p>ecca.edu presenta la s\u00e9ptima entrega de su revista digital <em><strong>ecca educaci\u00f3n<\/strong><\/em>, una edici\u00f3n especial que aborda pilares cruciales para la sociedad contempor\u00e1nea: el poder transformador de la Educaci\u00f3n de Adultos y el desaf\u00edo de los sesgos de g\u00e9nero en la Inteligencia Artificial.<\/p>\n<p><img loading=\"lazy\" decoding=\"async\" class=\"aligncenter wp-image-6148\" src=\"https:\/\/blognoticias.ecca.edu.es\/wp-content\/uploads\/2025\/12\/Formato-Cuadrado-1024x1024.png\" alt=\"ecca.edu lanza la s\u00e9ptima entrega de su revista ecca educaci\u00f3n (1)\" width=\"444\" height=\"444\" srcset=\"https:\/\/blognoticias.ecca.edu.es\/wp-content\/uploads\/2025\/12\/Formato-Cuadrado-1024x1024.png 1024w, https:\/\/blognoticias.ecca.edu.es\/wp-content\/uploads\/2025\/12\/Formato-Cuadrado-300x300.png 300w, https:\/\/blognoticias.ecca.edu.es\/wp-content\/uploads\/2025\/12\/Formato-Cuadrado-150x150.png 150w, https:\/\/blognoticias.ecca.edu.es\/wp-content\/uploads\/2025\/12\/Formato-Cuadrado-768x768.png 768w, https:\/\/blognoticias.ecca.edu.es\/wp-content\/uploads\/2025\/12\/Formato-Cuadrado-12x12.png 12w, https:\/\/blognoticias.ecca.edu.es\/wp-content\/uploads\/2025\/12\/Formato-Cuadrado-24x24.png 24w, https:\/\/blognoticias.ecca.edu.es\/wp-content\/uploads\/2025\/12\/Formato-Cuadrado-48x48.png 48w, https:\/\/blognoticias.ecca.edu.es\/wp-content\/uploads\/2025\/12\/Formato-Cuadrado-96x96.png 96w, https:\/\/blognoticias.ecca.edu.es\/wp-content\/uploads\/2025\/12\/Formato-Cuadrado.png 1080w\" sizes=\"auto, (max-width: 444px) 100vw, 444px\" \/><\/p>\n<p>Los art\u00edculos de esta s\u00e9ptima entrega corren a cargo de dos figuras influyentes que han colaborado estrechamente con la instituci\u00f3n.<strong> Elisa Sim\u00f3<\/strong>, doctora en Derecho, profesora e investigadora y conferenciante en ecca.edu sobre la prevenci\u00f3n de sesgos en la IA, presenta \u2018Los sesgos de g\u00e9nero en los sistemas de inteligencia artificial\u2019. Por su parte, <strong>Pedro C\u00e9sar Mart\u00ednez<\/strong>, doctor en Econom\u00eda, director del M\u00e1ster en Gesti\u00f3n del Talento de <a href=\"https:\/\/www.google.com\/aclk?sa=L&amp;ai=DChsSEwjuhIqqmLORAxXmmYMHHeuXHGsYACICCAEQABoCZWY&amp;ae=2&amp;aspm=1&amp;co=1&amp;ase=2&amp;gclid=CjwKCAiA0eTJBhBaEiwA-Pa-hewfB5i4Gky-xSxCabFmfxogsoUvLJtSTfSlhwbYduH0bffDVMmFohoCiYMQAvD_BwE&amp;ei=KH45aeLcCfH_7_UP5KuV4Ao&amp;cce=2&amp;category=acrcp_v1_35&amp;sig=AOD64_2RNd7buw8HbV3c8BGMvfjrxO088Q&amp;q&amp;sqi=2&amp;nis=4&amp;adurl&amp;ved=2ahUKEwjikIGqmLORAxXx_7sIHeRVBawQ0Qx6BAgfEAE\">Advantere School of Management<\/a> y ponente l en la lecci\u00f3n inaugural de ecca.edu (curso 2025-2026), contribuye con \u2018La fuerza transformadora de la educaci\u00f3n de adultos: claves para una sociedad m\u00e1s justa, inclusiva y resiliente\u2019.<\/p>\n<h2>Sesgos en la IA y el valor de la formaci\u00f3n de adultos<\/h2>\n<p>El n\u00famero siete aborda dos tem\u00e1ticas esenciales: el impacto de la educaci\u00f3n y una IA inclusiva. La primera parte, firmada por Elisa Sim\u00f3, analiza los sesgos de g\u00e9nero en la inteligencia artificial. Se explica c\u00f3mo los sistemas algor\u00edtmicos replican estructuras patriarcales y proponiendo la perspectiva de g\u00e9nero interseccional como clave para un dise\u00f1o tecnol\u00f3gico m\u00e1s justo.<\/p>\n<p>La segunda secci\u00f3n, a cargo de Pedro C\u00e9sar Mart\u00ednez, se centra en la fuerza transformadora de la educaci\u00f3n de adultos. El art\u00edculo destaca la formaci\u00f3n como derecho y oportunidad, analizando su impacto en la empleabilidad y la cohesi\u00f3n social, y proponiendo un modelo de aprendizaje centrado en fortalezas y dise\u00f1ado para toda la vida, esencial para fomentar la inclusi\u00f3n y la resiliencia social.<\/p>\n<p>El 7\u00ba n\u00famero de la revista ecca educaci\u00f3n ya est\u00e1 disponible en la web de ecca.edu:<a href=\"https:\/\/ecca.edu.es\/publicaciones-ecca\/revistas-ecca\/ecca-educacion\/\"> https:\/\/ecca.edu.es\/publicaciones-ecca\/revistas-ecca\/ecca-educacion\/<\/a><\/p>\n<h2>Un legado hist\u00f3rico que inspira el futuro<\/h2>\n<p>Esta nueva entrega de la revista sucede al exitoso \u2019Suplemento hist\u00f3rico\u2019, sexta entrega de ecca educaci\u00f3n. Se trata de un ejemplar in\u00e9dito que recopila y rescata cerca de 80 documentos custodiados en el Archivo Hist\u00f3rico de la Compa\u00f1\u00eda de Jes\u00fas y en el archivo de direcci\u00f3n de esta instituci\u00f3n. En este n\u00famero se desvelan los instantes fundacionales de Radio ECCA; el valor de la alianza p\u00fablico-privada en la educaci\u00f3n y la singularidad de la instituci\u00f3n desde 1965.<\/p>","protected":false},"excerpt":{"rendered":"<p>ecca.edu presenta la s\u00e9ptima entrega de su revista digital ecca educaci\u00f3n, una edici\u00f3n especial que aborda pilares cruciales para la sociedad contempor\u00e1nea: el poder transformador de la Educaci\u00f3n de Adultos y el desaf\u00edo de los sesgos de g\u00e9nero en la Inteligencia Artificial. Los art\u00edculos de esta s\u00e9ptima entrega corren a cargo de dos figuras influyentes [&hellip;]<\/p>","protected":false},"author":2,"featured_media":6148,"comment_status":"closed","ping_status":"closed","sticky":false,"template":"","format":"standard","meta":{"footnotes":""},"categories":[1,126,1293,106,107],"tags":[1365,1513,1514,1505,1515,1516,1512],"class_list":["post-6146","post","type-post","status-publish","format-standard","has-post-thumbnail","hentry","category-blog","category-igualdad","category-noticias","category-relevante","category-social","tag-ecca-educacion","tag-educacion-de-adultos","tag-elisa-simo","tag-inteligencia-artificial","tag-pedro-cesar-martinez","tag-revista-digital-educacion","tag-sesgos-en-la-ia"],"yoast_head":"<!-- This site is optimized with the Yoast SEO plugin v25.9 - https:\/\/yoast.com\/wordpress\/plugins\/seo\/ -->\n<title>ecca.edu lanza la s\u00e9ptima entrega de su revista ecca educaci\u00f3n<\/title>\n<meta name=\"description\" content=\"ecca.edu presenta la s\u00e9ptima entrega de su revista digital ecca educaci\u00f3n sobre el poder de la Educaci\u00f3n de Adultos y los sesgos de g\u00e9nero en la IA\" \/>\n<meta name=\"robots\" content=\"index, follow, max-snippet:-1, max-image-preview:large, max-video-preview:-1\" \/>\n<link rel=\"canonical\" href=\"https:\/\/blognoticias.ecca.edu.es\/en\/ecca-edu-lanza-la-septima-entrega-de-su-revista-ecca-educacion\/\" \/>\n<meta property=\"og:locale\" content=\"en_GB\" \/>\n<meta property=\"og:type\" content=\"article\" \/>\n<meta property=\"og:title\" content=\"ecca.edu lanza la s\u00e9ptima entrega de su revista ecca educaci\u00f3n\" \/>\n<meta property=\"og:description\" content=\"ecca.edu presenta la s\u00e9ptima entrega de su revista digital ecca educaci\u00f3n sobre el poder de la Educaci\u00f3n de Adultos y los sesgos de g\u00e9nero en la IA\" \/>\n<meta property=\"og:url\" content=\"https:\/\/blognoticias.ecca.edu.es\/en\/ecca-edu-lanza-la-septima-entrega-de-su-revista-ecca-educacion\/\" \/>\n<meta property=\"og:site_name\" content=\"Blog Noticias Ecca\" \/>\n<meta property=\"article:publisher\" content=\"https:\/\/www.facebook.com\/ecca.edu.es\" \/>\n<meta property=\"article:published_time\" content=\"2025-12-10T14:10:32+00:00\" \/>\n<meta property=\"article:modified_time\" content=\"2026-01-08T12:50:18+00:00\" \/>\n<meta property=\"og:image\" content=\"https:\/\/blognoticias.ecca.edu.es\/wp-content\/uploads\/2025\/12\/Formato-Cuadrado.png\" \/>\n\t<meta property=\"og:image:width\" content=\"1080\" \/>\n\t<meta property=\"og:image:height\" content=\"1080\" \/>\n\t<meta property=\"og:image:type\" content=\"image\/png\" \/>\n<meta name=\"author\" content=\"Ecca.edu\" \/>\n<meta name=\"twitter:card\" content=\"summary_large_image\" \/>\n<meta name=\"twitter:creator\" content=\"@eccaedu\" \/>\n<meta name=\"twitter:site\" content=\"@eccaedu\" \/>\n<meta name=\"twitter:label1\" content=\"Written by\" \/>\n\t<meta name=\"twitter:data1\" content=\"Ecca.edu\" \/>\n\t<meta name=\"twitter:label2\" content=\"Estimated reading time\" \/>\n\t<meta name=\"twitter:data2\" content=\"3 minutes\" \/>\n<script type=\"application\/ld+json\" class=\"yoast-schema-graph\">{\"@context\":\"https:\/\/schema.org\",\"@graph\":[{\"@type\":\"Article\",\"@id\":\"https:\/\/blognoticias.ecca.edu.es\/ecca-edu-lanza-la-septima-entrega-de-su-revista-ecca-educacion\/#article\",\"isPartOf\":{\"@id\":\"https:\/\/blognoticias.ecca.edu.es\/ecca-edu-lanza-la-septima-entrega-de-su-revista-ecca-educacion\/\"},\"author\":{\"name\":\"Ecca.edu\",\"@id\":\"https:\/\/blognoticias.ecca.edu.es\/#\/schema\/person\/8070573f481ccba909661fdb1cf9e5eb\"},\"headline\":\"ecca.edu lanza la s\u00e9ptima entrega de su revista ecca educaci\u00f3n\",\"datePublished\":\"2025-12-10T14:10:32+00:00\",\"dateModified\":\"2026-01-08T12:50:18+00:00\",\"mainEntityOfPage\":{\"@id\":\"https:\/\/blognoticias.ecca.edu.es\/ecca-edu-lanza-la-septima-entrega-de-su-revista-ecca-educacion\/\"},\"wordCount\":451,\"publisher\":{\"@id\":\"https:\/\/blognoticias.ecca.edu.es\/#organization\"},\"image\":{\"@id\":\"https:\/\/blognoticias.ecca.edu.es\/ecca-edu-lanza-la-septima-entrega-de-su-revista-ecca-educacion\/#primaryimage\"},\"thumbnailUrl\":\"https:\/\/blognoticias.ecca.edu.es\/wp-content\/uploads\/2025\/12\/Formato-Cuadrado.png\",\"keywords\":[\"ecca educaci\u00f3n\",\"Educaci\u00f3n de Adultos\",\"Elisa Sim\u00f3\",\"Inteligencia Artificial\",\"Pedro C\u00e9sar Mart\u00ednez\",\"revista digital educaci\u00f3n\",\"Sesgos en la IA\"],\"articleSection\":[\"Blog\",\"igualdad\",\"Noticias\",\"Relevante\",\"Social\"],\"inLanguage\":\"en-GB\"},{\"@type\":\"WebPage\",\"@id\":\"https:\/\/blognoticias.ecca.edu.es\/ecca-edu-lanza-la-septima-entrega-de-su-revista-ecca-educacion\/\",\"url\":\"https:\/\/blognoticias.ecca.edu.es\/ecca-edu-lanza-la-septima-entrega-de-su-revista-ecca-educacion\/\",\"name\":\"ecca.edu lanza la s\u00e9ptima entrega de su revista ecca educaci\u00f3n\",\"isPartOf\":{\"@id\":\"https:\/\/blognoticias.ecca.edu.es\/#website\"},\"primaryImageOfPage\":{\"@id\":\"https:\/\/blognoticias.ecca.edu.es\/ecca-edu-lanza-la-septima-entrega-de-su-revista-ecca-educacion\/#primaryimage\"},\"image\":{\"@id\":\"https:\/\/blognoticias.ecca.edu.es\/ecca-edu-lanza-la-septima-entrega-de-su-revista-ecca-educacion\/#primaryimage\"},\"thumbnailUrl\":\"https:\/\/blognoticias.ecca.edu.es\/wp-content\/uploads\/2025\/12\/Formato-Cuadrado.png\",\"datePublished\":\"2025-12-10T14:10:32+00:00\",\"dateModified\":\"2026-01-08T12:50:18+00:00\",\"description\":\"ecca.edu presenta la s\u00e9ptima entrega de su revista digital ecca educaci\u00f3n sobre el poder de la Educaci\u00f3n de Adultos y los sesgos de g\u00e9nero en la IA\",\"breadcrumb\":{\"@id\":\"https:\/\/blognoticias.ecca.edu.es\/ecca-edu-lanza-la-septima-entrega-de-su-revista-ecca-educacion\/#breadcrumb\"},\"inLanguage\":\"en-GB\",\"potentialAction\":[{\"@type\":\"ReadAction\",\"target\":[\"https:\/\/blognoticias.ecca.edu.es\/ecca-edu-lanza-la-septima-entrega-de-su-revista-ecca-educacion\/\"]}]},{\"@type\":\"ImageObject\",\"inLanguage\":\"en-GB\",\"@id\":\"https:\/\/blognoticias.ecca.edu.es\/ecca-edu-lanza-la-septima-entrega-de-su-revista-ecca-educacion\/#primaryimage\",\"url\":\"https:\/\/blognoticias.ecca.edu.es\/wp-content\/uploads\/2025\/12\/Formato-Cuadrado.png\",\"contentUrl\":\"https:\/\/blognoticias.ecca.edu.es\/wp-content\/uploads\/2025\/12\/Formato-Cuadrado.png\",\"width\":1080,\"height\":1080,\"caption\":\"ecca.edu lanza la s\u00e9ptima entrega de su revista ecca educaci\u00f3n (1)\"},{\"@type\":\"BreadcrumbList\",\"@id\":\"https:\/\/blognoticias.ecca.edu.es\/ecca-edu-lanza-la-septima-entrega-de-su-revista-ecca-educacion\/#breadcrumb\",\"itemListElement\":[{\"@type\":\"ListItem\",\"position\":1,\"name\":\"Portada\",\"item\":\"https:\/\/blognoticias.ecca.edu.es\/\"},{\"@type\":\"ListItem\",\"position\":2,\"name\":\"ecca.edu lanza la s\u00e9ptima entrega de su revista ecca educaci\u00f3n\"}]},{\"@type\":\"WebSite\",\"@id\":\"https:\/\/blognoticias.ecca.edu.es\/#website\",\"url\":\"https:\/\/blognoticias.ecca.edu.es\/\",\"name\":\"Blog Noticias Ecca\",\"description\":\"\",\"publisher\":{\"@id\":\"https:\/\/blognoticias.ecca.edu.es\/#organization\"},\"potentialAction\":[{\"@type\":\"SearchAction\",\"target\":{\"@type\":\"EntryPoint\",\"urlTemplate\":\"https:\/\/blognoticias.ecca.edu.es\/?s={search_term_string}\"},\"query-input\":{\"@type\":\"PropertyValueSpecification\",\"valueRequired\":true,\"valueName\":\"search_term_string\"}}],\"inLanguage\":\"en-GB\"},{\"@type\":\"Organization\",\"@id\":\"https:\/\/blognoticias.ecca.edu.es\/#organization\",\"name\":\"Blog Noticias Ecca\",\"url\":\"https:\/\/blognoticias.ecca.edu.es\/\",\"logo\":{\"@type\":\"ImageObject\",\"inLanguage\":\"en-GB\",\"@id\":\"https:\/\/blognoticias.ecca.edu.es\/#\/schema\/logo\/image\/\",\"url\":\"https:\/\/blognoticias.ecca.edu.es\/wp-content\/uploads\/2023\/02\/cropped-cropped-cropped-cropped-Logo-Ecca.edu_.png\",\"contentUrl\":\"https:\/\/blognoticias.ecca.edu.es\/wp-content\/uploads\/2023\/02\/cropped-cropped-cropped-cropped-Logo-Ecca.edu_.png\",\"width\":293,\"height\":45,\"caption\":\"Blog Noticias Ecca\"},\"image\":{\"@id\":\"https:\/\/blognoticias.ecca.edu.es\/#\/schema\/logo\/image\/\"},\"sameAs\":[\"https:\/\/www.facebook.com\/ecca.edu.es\",\"https:\/\/x.com\/eccaedu\",\"https:\/\/www.instagram.com\/\"]},{\"@type\":\"Person\",\"@id\":\"https:\/\/blognoticias.ecca.edu.es\/#\/schema\/person\/8070573f481ccba909661fdb1cf9e5eb\",\"name\":\"Ecca.edu\",\"image\":{\"@type\":\"ImageObject\",\"inLanguage\":\"en-GB\",\"@id\":\"https:\/\/blognoticias.ecca.edu.es\/#\/schema\/person\/image\/\",\"url\":\"https:\/\/blognoticias.ecca.edu.es\/wp-content\/uploads\/2023\/02\/LOGO-ECCAEDU-1-150x150.png\",\"contentUrl\":\"https:\/\/blognoticias.ecca.edu.es\/wp-content\/uploads\/2023\/02\/LOGO-ECCAEDU-1-150x150.png\",\"caption\":\"Ecca.edu\"},\"url\":\"https:\/\/blognoticias.ecca.edu.es\/en\/author\/ecca-edu\/\"}]}<\/script>\n<!-- \/ Yoast SEO plugin. -->","yoast_head_json":{"title":"ecca.edu lanza la s\u00e9ptima entrega de su revista ecca educaci\u00f3n","description":"ecca.edu presenta la s\u00e9ptima entrega de su revista digital ecca educaci\u00f3n sobre el poder de la Educaci\u00f3n de Adultos y los sesgos de g\u00e9nero en la IA","robots":{"index":"index","follow":"follow","max-snippet":"max-snippet:-1","max-image-preview":"max-image-preview:large","max-video-preview":"max-video-preview:-1"},"canonical":"https:\/\/blognoticias.ecca.edu.es\/en\/ecca-edu-lanza-la-septima-entrega-de-su-revista-ecca-educacion\/","og_locale":"en_GB","og_type":"article","og_title":"ecca.edu lanza la s\u00e9ptima entrega de su revista ecca educaci\u00f3n","og_description":"ecca.edu presenta la s\u00e9ptima entrega de su revista digital ecca educaci\u00f3n sobre el poder de la Educaci\u00f3n de Adultos y los sesgos de g\u00e9nero en la IA","og_url":"https:\/\/blognoticias.ecca.edu.es\/en\/ecca-edu-lanza-la-septima-entrega-de-su-revista-ecca-educacion\/","og_site_name":"Blog Noticias Ecca","article_publisher":"https:\/\/www.facebook.com\/ecca.edu.es","article_published_time":"2025-12-10T14:10:32+00:00","article_modified_time":"2026-01-08T12:50:18+00:00","og_image":[{"width":1080,"height":1080,"url":"https:\/\/blognoticias.ecca.edu.es\/wp-content\/uploads\/2025\/12\/Formato-Cuadrado.png","type":"image\/png"}],"author":"Ecca.edu","twitter_card":"summary_large_image","twitter_creator":"@eccaedu","twitter_site":"@eccaedu","twitter_misc":{"Written by":"Ecca.edu","Estimated reading time":"3 minutes"},"schema":{"@context":"https:\/\/schema.org","@graph":[{"@type":"Article","@id":"https:\/\/blognoticias.ecca.edu.es\/ecca-edu-lanza-la-septima-entrega-de-su-revista-ecca-educacion\/#article","isPartOf":{"@id":"https:\/\/blognoticias.ecca.edu.es\/ecca-edu-lanza-la-septima-entrega-de-su-revista-ecca-educacion\/"},"author":{"name":"Ecca.edu","@id":"https:\/\/blognoticias.ecca.edu.es\/#\/schema\/person\/8070573f481ccba909661fdb1cf9e5eb"},"headline":"ecca.edu lanza la s\u00e9ptima entrega de su revista ecca educaci\u00f3n","datePublished":"2025-12-10T14:10:32+00:00","dateModified":"2026-01-08T12:50:18+00:00","mainEntityOfPage":{"@id":"https:\/\/blognoticias.ecca.edu.es\/ecca-edu-lanza-la-septima-entrega-de-su-revista-ecca-educacion\/"},"wordCount":451,"publisher":{"@id":"https:\/\/blognoticias.ecca.edu.es\/#organization"},"image":{"@id":"https:\/\/blognoticias.ecca.edu.es\/ecca-edu-lanza-la-septima-entrega-de-su-revista-ecca-educacion\/#primaryimage"},"thumbnailUrl":"https:\/\/blognoticias.ecca.edu.es\/wp-content\/uploads\/2025\/12\/Formato-Cuadrado.png","keywords":["ecca educaci\u00f3n","Educaci\u00f3n de Adultos","Elisa Sim\u00f3","Inteligencia Artificial","Pedro C\u00e9sar Mart\u00ednez","revista digital educaci\u00f3n","Sesgos en la IA"],"articleSection":["Blog","igualdad","Noticias","Relevante","Social"],"inLanguage":"en-GB"},{"@type":"WebPage","@id":"https:\/\/blognoticias.ecca.edu.es\/ecca-edu-lanza-la-septima-entrega-de-su-revista-ecca-educacion\/","url":"https:\/\/blognoticias.ecca.edu.es\/ecca-edu-lanza-la-septima-entrega-de-su-revista-ecca-educacion\/","name":"ecca.edu lanza la s\u00e9ptima entrega de su revista ecca educaci\u00f3n","isPartOf":{"@id":"https:\/\/blognoticias.ecca.edu.es\/#website"},"primaryImageOfPage":{"@id":"https:\/\/blognoticias.ecca.edu.es\/ecca-edu-lanza-la-septima-entrega-de-su-revista-ecca-educacion\/#primaryimage"},"image":{"@id":"https:\/\/blognoticias.ecca.edu.es\/ecca-edu-lanza-la-septima-entrega-de-su-revista-ecca-educacion\/#primaryimage"},"thumbnailUrl":"https:\/\/blognoticias.ecca.edu.es\/wp-content\/uploads\/2025\/12\/Formato-Cuadrado.png","datePublished":"2025-12-10T14:10:32+00:00","dateModified":"2026-01-08T12:50:18+00:00","description":"ecca.edu presenta la s\u00e9ptima entrega de su revista digital ecca educaci\u00f3n sobre el poder de la Educaci\u00f3n de Adultos y los sesgos de g\u00e9nero en la IA","breadcrumb":{"@id":"https:\/\/blognoticias.ecca.edu.es\/ecca-edu-lanza-la-septima-entrega-de-su-revista-ecca-educacion\/#breadcrumb"},"inLanguage":"en-GB","potentialAction":[{"@type":"ReadAction","target":["https:\/\/blognoticias.ecca.edu.es\/ecca-edu-lanza-la-septima-entrega-de-su-revista-ecca-educacion\/"]}]},{"@type":"ImageObject","inLanguage":"en-GB","@id":"https:\/\/blognoticias.ecca.edu.es\/ecca-edu-lanza-la-septima-entrega-de-su-revista-ecca-educacion\/#primaryimage","url":"https:\/\/blognoticias.ecca.edu.es\/wp-content\/uploads\/2025\/12\/Formato-Cuadrado.png","contentUrl":"https:\/\/blognoticias.ecca.edu.es\/wp-content\/uploads\/2025\/12\/Formato-Cuadrado.png","width":1080,"height":1080,"caption":"ecca.edu lanza la s\u00e9ptima entrega de su revista ecca educaci\u00f3n (1)"},{"@type":"BreadcrumbList","@id":"https:\/\/blognoticias.ecca.edu.es\/ecca-edu-lanza-la-septima-entrega-de-su-revista-ecca-educacion\/#breadcrumb","itemListElement":[{"@type":"ListItem","position":1,"name":"Portada","item":"https:\/\/blognoticias.ecca.edu.es\/"},{"@type":"ListItem","position":2,"name":"ecca.edu lanza la s\u00e9ptima entrega de su revista ecca educaci\u00f3n"}]},{"@type":"WebSite","@id":"https:\/\/blognoticias.ecca.edu.es\/#website","url":"https:\/\/blognoticias.ecca.edu.es\/","name":"Blog Noticias Ecca","description":"","publisher":{"@id":"https:\/\/blognoticias.ecca.edu.es\/#organization"},"potentialAction":[{"@type":"SearchAction","target":{"@type":"EntryPoint","urlTemplate":"https:\/\/blognoticias.ecca.edu.es\/?s={search_term_string}"},"query-input":{"@type":"PropertyValueSpecification","valueRequired":true,"valueName":"search_term_string"}}],"inLanguage":"en-GB"},{"@type":"Organization","@id":"https:\/\/blognoticias.ecca.edu.es\/#organization","name":"Blog Noticias Ecca","url":"https:\/\/blognoticias.ecca.edu.es\/","logo":{"@type":"ImageObject","inLanguage":"en-GB","@id":"https:\/\/blognoticias.ecca.edu.es\/#\/schema\/logo\/image\/","url":"https:\/\/blognoticias.ecca.edu.es\/wp-content\/uploads\/2023\/02\/cropped-cropped-cropped-cropped-Logo-Ecca.edu_.png","contentUrl":"https:\/\/blognoticias.ecca.edu.es\/wp-content\/uploads\/2023\/02\/cropped-cropped-cropped-cropped-Logo-Ecca.edu_.png","width":293,"height":45,"caption":"Blog Noticias Ecca"},"image":{"@id":"https:\/\/blognoticias.ecca.edu.es\/#\/schema\/logo\/image\/"},"sameAs":["https:\/\/www.facebook.com\/ecca.edu.es","https:\/\/x.com\/eccaedu","https:\/\/www.instagram.com\/"]},{"@type":"Person","@id":"https:\/\/blognoticias.ecca.edu.es\/#\/schema\/person\/8070573f481ccba909661fdb1cf9e5eb","name":"Ecca.edu","image":{"@type":"ImageObject","inLanguage":"en-GB","@id":"https:\/\/blognoticias.ecca.edu.es\/#\/schema\/person\/image\/","url":"https:\/\/blognoticias.ecca.edu.es\/wp-content\/uploads\/2023\/02\/LOGO-ECCAEDU-1-150x150.png","contentUrl":"https:\/\/blognoticias.ecca.edu.es\/wp-content\/uploads\/2023\/02\/LOGO-ECCAEDU-1-150x150.png","caption":"Ecca.edu"},"url":"https:\/\/blognoticias.ecca.edu.es\/en\/author\/ecca-edu\/"}]}},"_links":{"self":[{"href":"https:\/\/blognoticias.ecca.edu.es\/en\/wp-json\/wp\/v2\/posts\/6146","targetHints":{"allow":["GET"]}}],"collection":[{"href":"https:\/\/blognoticias.ecca.edu.es\/en\/wp-json\/wp\/v2\/posts"}],"about":[{"href":"https:\/\/blognoticias.ecca.edu.es\/en\/wp-json\/wp\/v2\/types\/post"}],"author":[{"embeddable":true,"href":"https:\/\/blognoticias.ecca.edu.es\/en\/wp-json\/wp\/v2\/users\/2"}],"replies":[{"embeddable":true,"href":"https:\/\/blognoticias.ecca.edu.es\/en\/wp-json\/wp\/v2\/comments?post=6146"}],"version-history":[{"count":2,"href":"https:\/\/blognoticias.ecca.edu.es\/en\/wp-json\/wp\/v2\/posts\/6146\/revisions"}],"predecessor-version":[{"id":6150,"href":"https:\/\/blognoticias.ecca.edu.es\/en\/wp-json\/wp\/v2\/posts\/6146\/revisions\/6150"}],"wp:featuredmedia":[{"embeddable":true,"href":"https:\/\/blognoticias.ecca.edu.es\/en\/wp-json\/wp\/v2\/media\/6148"}],"wp:attachment":[{"href":"https:\/\/blognoticias.ecca.edu.es\/en\/wp-json\/wp\/v2\/media?parent=6146"}],"wp:term":[{"taxonomy":"category","embeddable":true,"href":"https:\/\/blognoticias.ecca.edu.es\/en\/wp-json\/wp\/v2\/categories?post=6146"},{"taxonomy":"post_tag","embeddable":true,"href":"https:\/\/blognoticias.ecca.edu.es\/en\/wp-json\/wp\/v2\/tags?post=6146"}],"curies":[{"name":"wp","href":"https:\/\/api.w.org\/{rel}","templated":true}]}}