{"id":6002,"date":"2025-10-25T10:23:35","date_gmt":"2025-10-25T10:23:35","guid":{"rendered":"https:\/\/blognoticias.ecca.edu.es\/?p=6002"},"modified":"2026-01-08T12:51:22","modified_gmt":"2026-01-08T12:51:22","slug":"ecca-edu-recibe-la-medalla-de-oro-del-municipio-de-moya-por-su-impacto-educativo","status":"publish","type":"post","link":"https:\/\/blognoticias.ecca.edu.es\/en\/ecca-edu-recibe-la-medalla-de-oro-del-municipio-de-moya-por-su-impacto-educativo\/","title":{"rendered":"ecca.edu recibe la Medalla de Oro del municipio de Moya por su impacto educativo"},"content":{"rendered":"<div class='booster-block booster-read-block'>\n                <div class=\"twp-read-time\">\n                \t<i class=\"booster-icon twp-clock\"><\/i> <span>Tiempo de lectura:<\/span>1 Minutos, 59 Segundos                <\/div>\n\n            <\/div><p><span style=\"font-weight: 400;\">El <\/span><b>Ayuntamiento de la Villa de Moya<\/b><span style=\"font-weight: 400;\"> ha concedido su m\u00e1xima distinci\u00f3n, la Medalla de Oro del municipio, a <\/span><a href=\"http:\/\/ecca.edu.es\"><span style=\"font-weight: 400;\">ecca.edu<\/span><\/a><span style=\"font-weight: 400;\">, en reconocimiento al impacto social, educativo y transformador que la instituci\u00f3n ha desarrollado desde su fundaci\u00f3n en 1965.<\/span><\/p>\n<p><img loading=\"lazy\" decoding=\"async\" class=\"aligncenter wp-image-6006 size-large\" src=\"https:\/\/blognoticias.ecca.edu.es\/wp-content\/uploads\/2025\/10\/ecca.edu-recibe-la-Medalla-de-Oro-del-municipio-de-Moya-por-su-impacto-educativo-2-1024x682.jpeg\" alt=\"\" width=\"750\" height=\"500\" srcset=\"https:\/\/blognoticias.ecca.edu.es\/wp-content\/uploads\/2025\/10\/ecca.edu-recibe-la-Medalla-de-Oro-del-municipio-de-Moya-por-su-impacto-educativo-2-1024x682.jpeg 1024w, https:\/\/blognoticias.ecca.edu.es\/wp-content\/uploads\/2025\/10\/ecca.edu-recibe-la-Medalla-de-Oro-del-municipio-de-Moya-por-su-impacto-educativo-2-300x200.jpeg 300w, https:\/\/blognoticias.ecca.edu.es\/wp-content\/uploads\/2025\/10\/ecca.edu-recibe-la-Medalla-de-Oro-del-municipio-de-Moya-por-su-impacto-educativo-2-768x512.jpeg 768w, https:\/\/blognoticias.ecca.edu.es\/wp-content\/uploads\/2025\/10\/ecca.edu-recibe-la-Medalla-de-Oro-del-municipio-de-Moya-por-su-impacto-educativo-2-1536x1023.jpeg 1536w, https:\/\/blognoticias.ecca.edu.es\/wp-content\/uploads\/2025\/10\/ecca.edu-recibe-la-Medalla-de-Oro-del-municipio-de-Moya-por-su-impacto-educativo-2-18x12.jpeg 18w, https:\/\/blognoticias.ecca.edu.es\/wp-content\/uploads\/2025\/10\/ecca.edu-recibe-la-Medalla-de-Oro-del-municipio-de-Moya-por-su-impacto-educativo-2.jpeg 1600w\" sizes=\"auto, (max-width: 750px) 100vw, 750px\" \/><\/p>\n<p>&nbsp;<\/p>\n<p><span style=\"font-weight: 400;\">El reconocimiento, que coincide con el 60 aniversario de ecca.edu, destaca el compromiso de la entidad con la educaci\u00f3n a distancia y la transformaci\u00f3n social en Canarias. Adem\u00e1s, pone en valor la metodolog\u00eda pionera, el Sistema ecca, que ha permitido que muchas personas con pocos recursos y residentes en entornos rurales puedan acceder a la educaci\u00f3n.<\/span><\/p>\n<p><span style=\"font-weight: 400;\">El director general de ecca.edu, <\/span><b>Jos\u00e9 Mar\u00eda Segura SJ<\/b><span style=\"font-weight: 400;\">, fue el encargado de recoger la Medalla de Oro en representaci\u00f3n de la instituci\u00f3n. Tambi\u00e9n estuvieron presentes en el acto <\/span><b>Gorety Almeida<\/b><span style=\"font-weight: 400;\">, directora gerente de la instituci\u00f3n, junto a Elena Gonz\u00e1lez, delegada de ecca.edu en la Zona Norte de Gran Canaria, as\u00ed como un nutrido grupo de docentes y profesionales de la casa.<\/span><\/p>\n<p><img loading=\"lazy\" decoding=\"async\" class=\"aligncenter wp-image-6007 size-large\" src=\"https:\/\/blognoticias.ecca.edu.es\/wp-content\/uploads\/2025\/10\/ecca.edu-recibe-la-Medalla-de-Oro-del-municipio-de-Moya-por-su-impacto-educativo-1-1024x676.jpeg\" alt=\"\" width=\"750\" height=\"495\" srcset=\"https:\/\/blognoticias.ecca.edu.es\/wp-content\/uploads\/2025\/10\/ecca.edu-recibe-la-Medalla-de-Oro-del-municipio-de-Moya-por-su-impacto-educativo-1-1024x676.jpeg 1024w, https:\/\/blognoticias.ecca.edu.es\/wp-content\/uploads\/2025\/10\/ecca.edu-recibe-la-Medalla-de-Oro-del-municipio-de-Moya-por-su-impacto-educativo-1-300x198.jpeg 300w, https:\/\/blognoticias.ecca.edu.es\/wp-content\/uploads\/2025\/10\/ecca.edu-recibe-la-Medalla-de-Oro-del-municipio-de-Moya-por-su-impacto-educativo-1-768x507.jpeg 768w, https:\/\/blognoticias.ecca.edu.es\/wp-content\/uploads\/2025\/10\/ecca.edu-recibe-la-Medalla-de-Oro-del-municipio-de-Moya-por-su-impacto-educativo-1-18x12.jpeg 18w, https:\/\/blognoticias.ecca.edu.es\/wp-content\/uploads\/2025\/10\/ecca.edu-recibe-la-Medalla-de-Oro-del-municipio-de-Moya-por-su-impacto-educativo-1.jpeg 1320w\" sizes=\"auto, (max-width: 750px) 100vw, 750px\" \/><\/p>\n<h2><b>Honores y distinciones del municipio<\/b><\/h2>\n<p><span style=\"font-weight: 400;\">La concesi\u00f3n de este galard\u00f3n, aprobado por unanimidad en el Pleno del Ayuntamiento, se enmarca en la ceremonia de honores y distinciones del municipio de Moya, celebrada este viernes, 24 de octubre, en la iglesia de Nuestra Se\u00f1ora de Candelaria.\u00a0<\/span><\/p>\n<p><span style=\"font-weight: 400;\">ecca.edu comparte este honor junto otras destacadas personalidades e instituciones del municipio:<\/span><\/p>\n<ul>\n<li style=\"font-weight: 400;\" aria-level=\"1\"><b>Hijos predilectos del municipio:<\/b><span style=\"font-weight: 400;\"> Dolores Gonz\u00e1lez Rodr\u00edguez y Manuel Jos\u00e9 Santana Rodr\u00edguez.<\/span><\/li>\n<li style=\"font-weight: 400;\" aria-level=\"1\"><b>Hijos adoptivos:<\/b><span style=\"font-weight: 400;\"> Mar\u00eda Luisa Alonso Gens y Virgilio Correa Su\u00e1rez.<\/span><\/li>\n<li style=\"font-weight: 400;\" aria-level=\"1\"><b>Medalla de oro del municipio:<\/b><span style=\"font-weight: 400;\"> Ram\u00f3n Reguero Rodr\u00edguez y las cargadoras del Sant\u00edsimo Cristo de la Buena Muerte.<\/span><\/li>\n<\/ul>\n<h2><b>Agradecimiento al Ayuntamiento de la Villa de Moya<\/b><\/h2>\n<p><span style=\"font-weight: 400;\">Finalmente, ecca.edu expresa su m\u00e1s sincero agradecimiento al Ayuntamiento de la Villa de Moya por esta distinci\u00f3n, as\u00ed como a todas las personas que han formado parte de su historia: alumnado, docentes, colaboradores y entidades que han confiado en su misi\u00f3n a lo largo de seis d\u00e9cadas.\u00a0<\/span><\/p>\n<p><span style=\"font-weight: 400;\">Este galard\u00f3n da un nuevo impulso a seguir trabajando por una educaci\u00f3n accesible y de calidad.<\/span><\/p>\n<h3><b>Sobre ecca.edu<\/b><\/h3>\n<p><span style=\"font-weight: 400;\">Nacido en 1965, ecca.edu es un centro de formaci\u00f3n a distancia para personas adultas con presencia en las ocho islas canarias. Durante sus 60 a\u00f1os de trayectoria ha atendido a m\u00e1s de tres millones de personas aplicando una metodolog\u00eda propia, el Sistema ecca, que combina material multimedia, clases audiovisuales y tutor\u00eda personalizada para garantizar una educaci\u00f3n accesible, flexible y de calidad.<\/span><\/p>\n<p><img loading=\"lazy\" decoding=\"async\" class=\"aligncenter wp-image-6004 size-large\" src=\"https:\/\/blognoticias.ecca.edu.es\/wp-content\/uploads\/2025\/10\/10-1024x1024.png\" alt=\"\" width=\"750\" height=\"750\" srcset=\"https:\/\/blognoticias.ecca.edu.es\/wp-content\/uploads\/2025\/10\/10-1024x1024.png 1024w, https:\/\/blognoticias.ecca.edu.es\/wp-content\/uploads\/2025\/10\/10-300x300.png 300w, https:\/\/blognoticias.ecca.edu.es\/wp-content\/uploads\/2025\/10\/10-150x150.png 150w, https:\/\/blognoticias.ecca.edu.es\/wp-content\/uploads\/2025\/10\/10-768x768.png 768w, https:\/\/blognoticias.ecca.edu.es\/wp-content\/uploads\/2025\/10\/10-12x12.png 12w, https:\/\/blognoticias.ecca.edu.es\/wp-content\/uploads\/2025\/10\/10-24x24.png 24w, https:\/\/blognoticias.ecca.edu.es\/wp-content\/uploads\/2025\/10\/10-48x48.png 48w, https:\/\/blognoticias.ecca.edu.es\/wp-content\/uploads\/2025\/10\/10-96x96.png 96w, https:\/\/blognoticias.ecca.edu.es\/wp-content\/uploads\/2025\/10\/10.png 1080w\" sizes=\"auto, (max-width: 750px) 100vw, 750px\" \/><\/p>","protected":false},"excerpt":{"rendered":"<p>El Ayuntamiento de la Villa de Moya ha concedido su m\u00e1xima distinci\u00f3n, la Medalla de Oro del municipio, a ecca.edu, en reconocimiento al impacto social, educativo y transformador que la instituci\u00f3n ha desarrollado desde su fundaci\u00f3n en 1965. &nbsp; El reconocimiento, que coincide con el 60 aniversario de ecca.edu, destaca el compromiso de la entidad [&hellip;]<\/p>","protected":false},"author":2,"featured_media":6003,"comment_status":"closed","ping_status":"closed","sticky":false,"template":"","format":"standard","meta":{"footnotes":""},"categories":[1293],"tags":[1321,1326,1479,1346,1478,1298],"class_list":["post-6002","post","type-post","status-publish","format-standard","has-post-thumbnail","hentry","category-noticias","tag-60anostransformandovidas","tag-eccadu","tag-educacionadistancia","tag-educacionparaadultos","tag-medalladeoro","tag-educacion"],"yoast_head":"<!-- This site is optimized with the Yoast SEO plugin v25.9 - https:\/\/yoast.com\/wordpress\/plugins\/seo\/ -->\n<title>ecca.edu recibe la Medalla de Oro del municipio de Moya por su impacto educativo<\/title>\n<meta name=\"description\" content=\"El Ayuntamiento de la Villa de Moya ha concedido su m\u00e1xima distinci\u00f3n, la Medalla de Oro del municipio, a ecca.edu\" \/>\n<meta name=\"robots\" content=\"index, follow, max-snippet:-1, max-image-preview:large, max-video-preview:-1\" \/>\n<link rel=\"canonical\" href=\"https:\/\/blognoticias.ecca.edu.es\/en\/ecca-edu-recibe-la-medalla-de-oro-del-municipio-de-moya-por-su-impacto-educativo\/\" \/>\n<meta property=\"og:locale\" content=\"en_GB\" \/>\n<meta property=\"og:type\" content=\"article\" \/>\n<meta property=\"og:title\" content=\"ecca.edu recibe la Medalla de Oro del municipio de Moya por su impacto educativo\" \/>\n<meta property=\"og:description\" content=\"El Ayuntamiento de la Villa de Moya ha concedido su m\u00e1xima distinci\u00f3n, la Medalla de Oro del municipio, a ecca.edu\" \/>\n<meta property=\"og:url\" content=\"https:\/\/blognoticias.ecca.edu.es\/en\/ecca-edu-recibe-la-medalla-de-oro-del-municipio-de-moya-por-su-impacto-educativo\/\" \/>\n<meta property=\"og:site_name\" content=\"Blog Noticias Ecca\" \/>\n<meta property=\"article:publisher\" content=\"https:\/\/www.facebook.com\/ecca.edu.es\" \/>\n<meta property=\"article:published_time\" content=\"2025-10-25T10:23:35+00:00\" \/>\n<meta property=\"article:modified_time\" content=\"2026-01-08T12:51:22+00:00\" \/>\n<meta property=\"og:image\" content=\"https:\/\/blognoticias.ecca.edu.es\/wp-content\/uploads\/2025\/10\/9.png\" \/>\n\t<meta property=\"og:image:width\" content=\"1080\" \/>\n\t<meta property=\"og:image:height\" content=\"1080\" \/>\n\t<meta property=\"og:image:type\" content=\"image\/png\" \/>\n<meta name=\"author\" content=\"Ecca.edu\" \/>\n<meta name=\"twitter:card\" content=\"summary_large_image\" \/>\n<meta name=\"twitter:creator\" content=\"@eccaedu\" \/>\n<meta name=\"twitter:site\" content=\"@eccaedu\" \/>\n<meta name=\"twitter:label1\" content=\"Written by\" \/>\n\t<meta name=\"twitter:data1\" content=\"Ecca.edu\" \/>\n\t<meta name=\"twitter:label2\" content=\"Estimated reading time\" \/>\n\t<meta name=\"twitter:data2\" content=\"3 minutes\" \/>\n<script type=\"application\/ld+json\" class=\"yoast-schema-graph\">{\"@context\":\"https:\/\/schema.org\",\"@graph\":[{\"@type\":\"Article\",\"@id\":\"https:\/\/blognoticias.ecca.edu.es\/ecca-edu-recibe-la-medalla-de-oro-del-municipio-de-moya-por-su-impacto-educativo\/#article\",\"isPartOf\":{\"@id\":\"https:\/\/blognoticias.ecca.edu.es\/ecca-edu-recibe-la-medalla-de-oro-del-municipio-de-moya-por-su-impacto-educativo\/\"},\"author\":{\"name\":\"Ecca.edu\",\"@id\":\"https:\/\/blognoticias.ecca.edu.es\/#\/schema\/person\/8070573f481ccba909661fdb1cf9e5eb\"},\"headline\":\"ecca.edu recibe la Medalla de Oro del municipio de Moya por su impacto educativo\",\"datePublished\":\"2025-10-25T10:23:35+00:00\",\"dateModified\":\"2026-01-08T12:51:22+00:00\",\"mainEntityOfPage\":{\"@id\":\"https:\/\/blognoticias.ecca.edu.es\/ecca-edu-recibe-la-medalla-de-oro-del-municipio-de-moya-por-su-impacto-educativo\/\"},\"wordCount\":444,\"publisher\":{\"@id\":\"https:\/\/blognoticias.ecca.edu.es\/#organization\"},\"image\":{\"@id\":\"https:\/\/blognoticias.ecca.edu.es\/ecca-edu-recibe-la-medalla-de-oro-del-municipio-de-moya-por-su-impacto-educativo\/#primaryimage\"},\"thumbnailUrl\":\"https:\/\/blognoticias.ecca.edu.es\/wp-content\/uploads\/2025\/10\/9.png\",\"keywords\":[\"#60a\u00f1ostransformandovidas\",\"#eccadu\",\"#educaci\u00f3nadistancia\",\"#Educaci\u00f3nParaAdultos\",\"#medalladeoro\",\"Educaci\u00f3n\"],\"articleSection\":[\"Noticias\"],\"inLanguage\":\"en-GB\"},{\"@type\":\"WebPage\",\"@id\":\"https:\/\/blognoticias.ecca.edu.es\/ecca-edu-recibe-la-medalla-de-oro-del-municipio-de-moya-por-su-impacto-educativo\/\",\"url\":\"https:\/\/blognoticias.ecca.edu.es\/ecca-edu-recibe-la-medalla-de-oro-del-municipio-de-moya-por-su-impacto-educativo\/\",\"name\":\"ecca.edu recibe la Medalla de Oro del municipio de Moya por su impacto educativo\",\"isPartOf\":{\"@id\":\"https:\/\/blognoticias.ecca.edu.es\/#website\"},\"primaryImageOfPage\":{\"@id\":\"https:\/\/blognoticias.ecca.edu.es\/ecca-edu-recibe-la-medalla-de-oro-del-municipio-de-moya-por-su-impacto-educativo\/#primaryimage\"},\"image\":{\"@id\":\"https:\/\/blognoticias.ecca.edu.es\/ecca-edu-recibe-la-medalla-de-oro-del-municipio-de-moya-por-su-impacto-educativo\/#primaryimage\"},\"thumbnailUrl\":\"https:\/\/blognoticias.ecca.edu.es\/wp-content\/uploads\/2025\/10\/9.png\",\"datePublished\":\"2025-10-25T10:23:35+00:00\",\"dateModified\":\"2026-01-08T12:51:22+00:00\",\"description\":\"El Ayuntamiento de la Villa de Moya ha concedido su m\u00e1xima distinci\u00f3n, la Medalla de Oro del municipio, a ecca.edu\",\"breadcrumb\":{\"@id\":\"https:\/\/blognoticias.ecca.edu.es\/ecca-edu-recibe-la-medalla-de-oro-del-municipio-de-moya-por-su-impacto-educativo\/#breadcrumb\"},\"inLanguage\":\"en-GB\",\"potentialAction\":[{\"@type\":\"ReadAction\",\"target\":[\"https:\/\/blognoticias.ecca.edu.es\/ecca-edu-recibe-la-medalla-de-oro-del-municipio-de-moya-por-su-impacto-educativo\/\"]}]},{\"@type\":\"ImageObject\",\"inLanguage\":\"en-GB\",\"@id\":\"https:\/\/blognoticias.ecca.edu.es\/ecca-edu-recibe-la-medalla-de-oro-del-municipio-de-moya-por-su-impacto-educativo\/#primaryimage\",\"url\":\"https:\/\/blognoticias.ecca.edu.es\/wp-content\/uploads\/2025\/10\/9.png\",\"contentUrl\":\"https:\/\/blognoticias.ecca.edu.es\/wp-content\/uploads\/2025\/10\/9.png\",\"width\":1080,\"height\":1080,\"caption\":\"Jos\u00e9 Mar\u00eda Segura SJ, director de ecca.edu recoge la Medalla de Oro del municipio de Moya\"},{\"@type\":\"BreadcrumbList\",\"@id\":\"https:\/\/blognoticias.ecca.edu.es\/ecca-edu-recibe-la-medalla-de-oro-del-municipio-de-moya-por-su-impacto-educativo\/#breadcrumb\",\"itemListElement\":[{\"@type\":\"ListItem\",\"position\":1,\"name\":\"Portada\",\"item\":\"https:\/\/blognoticias.ecca.edu.es\/\"},{\"@type\":\"ListItem\",\"position\":2,\"name\":\"ecca.edu recibe la Medalla de Oro del municipio de Moya por su impacto educativo\"}]},{\"@type\":\"WebSite\",\"@id\":\"https:\/\/blognoticias.ecca.edu.es\/#website\",\"url\":\"https:\/\/blognoticias.ecca.edu.es\/\",\"name\":\"Blog Noticias Ecca\",\"description\":\"\",\"publisher\":{\"@id\":\"https:\/\/blognoticias.ecca.edu.es\/#organization\"},\"potentialAction\":[{\"@type\":\"SearchAction\",\"target\":{\"@type\":\"EntryPoint\",\"urlTemplate\":\"https:\/\/blognoticias.ecca.edu.es\/?s={search_term_string}\"},\"query-input\":{\"@type\":\"PropertyValueSpecification\",\"valueRequired\":true,\"valueName\":\"search_term_string\"}}],\"inLanguage\":\"en-GB\"},{\"@type\":\"Organization\",\"@id\":\"https:\/\/blognoticias.ecca.edu.es\/#organization\",\"name\":\"Blog Noticias Ecca\",\"url\":\"https:\/\/blognoticias.ecca.edu.es\/\",\"logo\":{\"@type\":\"ImageObject\",\"inLanguage\":\"en-GB\",\"@id\":\"https:\/\/blognoticias.ecca.edu.es\/#\/schema\/logo\/image\/\",\"url\":\"https:\/\/blognoticias.ecca.edu.es\/wp-content\/uploads\/2023\/02\/cropped-cropped-cropped-cropped-Logo-Ecca.edu_.png\",\"contentUrl\":\"https:\/\/blognoticias.ecca.edu.es\/wp-content\/uploads\/2023\/02\/cropped-cropped-cropped-cropped-Logo-Ecca.edu_.png\",\"width\":293,\"height\":45,\"caption\":\"Blog Noticias Ecca\"},\"image\":{\"@id\":\"https:\/\/blognoticias.ecca.edu.es\/#\/schema\/logo\/image\/\"},\"sameAs\":[\"https:\/\/www.facebook.com\/ecca.edu.es\",\"https:\/\/x.com\/eccaedu\",\"https:\/\/www.instagram.com\/\"]},{\"@type\":\"Person\",\"@id\":\"https:\/\/blognoticias.ecca.edu.es\/#\/schema\/person\/8070573f481ccba909661fdb1cf9e5eb\",\"name\":\"Ecca.edu\",\"image\":{\"@type\":\"ImageObject\",\"inLanguage\":\"en-GB\",\"@id\":\"https:\/\/blognoticias.ecca.edu.es\/#\/schema\/person\/image\/\",\"url\":\"https:\/\/blognoticias.ecca.edu.es\/wp-content\/uploads\/2023\/02\/LOGO-ECCAEDU-1-150x150.png\",\"contentUrl\":\"https:\/\/blognoticias.ecca.edu.es\/wp-content\/uploads\/2023\/02\/LOGO-ECCAEDU-1-150x150.png\",\"caption\":\"Ecca.edu\"},\"url\":\"https:\/\/blognoticias.ecca.edu.es\/en\/author\/ecca-edu\/\"}]}<\/script>\n<!-- \/ Yoast SEO plugin. -->","yoast_head_json":{"title":"ecca.edu recibe la Medalla de Oro del municipio de Moya por su impacto educativo","description":"El Ayuntamiento de la Villa de Moya ha concedido su m\u00e1xima distinci\u00f3n, la Medalla de Oro del municipio, a ecca.edu","robots":{"index":"index","follow":"follow","max-snippet":"max-snippet:-1","max-image-preview":"max-image-preview:large","max-video-preview":"max-video-preview:-1"},"canonical":"https:\/\/blognoticias.ecca.edu.es\/en\/ecca-edu-recibe-la-medalla-de-oro-del-municipio-de-moya-por-su-impacto-educativo\/","og_locale":"en_GB","og_type":"article","og_title":"ecca.edu recibe la Medalla de Oro del municipio de Moya por su impacto educativo","og_description":"El Ayuntamiento de la Villa de Moya ha concedido su m\u00e1xima distinci\u00f3n, la Medalla de Oro del municipio, a ecca.edu","og_url":"https:\/\/blognoticias.ecca.edu.es\/en\/ecca-edu-recibe-la-medalla-de-oro-del-municipio-de-moya-por-su-impacto-educativo\/","og_site_name":"Blog Noticias Ecca","article_publisher":"https:\/\/www.facebook.com\/ecca.edu.es","article_published_time":"2025-10-25T10:23:35+00:00","article_modified_time":"2026-01-08T12:51:22+00:00","og_image":[{"width":1080,"height":1080,"url":"https:\/\/blognoticias.ecca.edu.es\/wp-content\/uploads\/2025\/10\/9.png","type":"image\/png"}],"author":"Ecca.edu","twitter_card":"summary_large_image","twitter_creator":"@eccaedu","twitter_site":"@eccaedu","twitter_misc":{"Written by":"Ecca.edu","Estimated reading time":"3 minutes"},"schema":{"@context":"https:\/\/schema.org","@graph":[{"@type":"Article","@id":"https:\/\/blognoticias.ecca.edu.es\/ecca-edu-recibe-la-medalla-de-oro-del-municipio-de-moya-por-su-impacto-educativo\/#article","isPartOf":{"@id":"https:\/\/blognoticias.ecca.edu.es\/ecca-edu-recibe-la-medalla-de-oro-del-municipio-de-moya-por-su-impacto-educativo\/"},"author":{"name":"Ecca.edu","@id":"https:\/\/blognoticias.ecca.edu.es\/#\/schema\/person\/8070573f481ccba909661fdb1cf9e5eb"},"headline":"ecca.edu recibe la Medalla de Oro del municipio de Moya por su impacto educativo","datePublished":"2025-10-25T10:23:35+00:00","dateModified":"2026-01-08T12:51:22+00:00","mainEntityOfPage":{"@id":"https:\/\/blognoticias.ecca.edu.es\/ecca-edu-recibe-la-medalla-de-oro-del-municipio-de-moya-por-su-impacto-educativo\/"},"wordCount":444,"publisher":{"@id":"https:\/\/blognoticias.ecca.edu.es\/#organization"},"image":{"@id":"https:\/\/blognoticias.ecca.edu.es\/ecca-edu-recibe-la-medalla-de-oro-del-municipio-de-moya-por-su-impacto-educativo\/#primaryimage"},"thumbnailUrl":"https:\/\/blognoticias.ecca.edu.es\/wp-content\/uploads\/2025\/10\/9.png","keywords":["#60a\u00f1ostransformandovidas","#eccadu","#educaci\u00f3nadistancia","#Educaci\u00f3nParaAdultos","#medalladeoro","Educaci\u00f3n"],"articleSection":["Noticias"],"inLanguage":"en-GB"},{"@type":"WebPage","@id":"https:\/\/blognoticias.ecca.edu.es\/ecca-edu-recibe-la-medalla-de-oro-del-municipio-de-moya-por-su-impacto-educativo\/","url":"https:\/\/blognoticias.ecca.edu.es\/ecca-edu-recibe-la-medalla-de-oro-del-municipio-de-moya-por-su-impacto-educativo\/","name":"ecca.edu recibe la Medalla de Oro del municipio de Moya por su impacto educativo","isPartOf":{"@id":"https:\/\/blognoticias.ecca.edu.es\/#website"},"primaryImageOfPage":{"@id":"https:\/\/blognoticias.ecca.edu.es\/ecca-edu-recibe-la-medalla-de-oro-del-municipio-de-moya-por-su-impacto-educativo\/#primaryimage"},"image":{"@id":"https:\/\/blognoticias.ecca.edu.es\/ecca-edu-recibe-la-medalla-de-oro-del-municipio-de-moya-por-su-impacto-educativo\/#primaryimage"},"thumbnailUrl":"https:\/\/blognoticias.ecca.edu.es\/wp-content\/uploads\/2025\/10\/9.png","datePublished":"2025-10-25T10:23:35+00:00","dateModified":"2026-01-08T12:51:22+00:00","description":"El Ayuntamiento de la Villa de Moya ha concedido su m\u00e1xima distinci\u00f3n, la Medalla de Oro del municipio, a ecca.edu","breadcrumb":{"@id":"https:\/\/blognoticias.ecca.edu.es\/ecca-edu-recibe-la-medalla-de-oro-del-municipio-de-moya-por-su-impacto-educativo\/#breadcrumb"},"inLanguage":"en-GB","potentialAction":[{"@type":"ReadAction","target":["https:\/\/blognoticias.ecca.edu.es\/ecca-edu-recibe-la-medalla-de-oro-del-municipio-de-moya-por-su-impacto-educativo\/"]}]},{"@type":"ImageObject","inLanguage":"en-GB","@id":"https:\/\/blognoticias.ecca.edu.es\/ecca-edu-recibe-la-medalla-de-oro-del-municipio-de-moya-por-su-impacto-educativo\/#primaryimage","url":"https:\/\/blognoticias.ecca.edu.es\/wp-content\/uploads\/2025\/10\/9.png","contentUrl":"https:\/\/blognoticias.ecca.edu.es\/wp-content\/uploads\/2025\/10\/9.png","width":1080,"height":1080,"caption":"Jos\u00e9 Mar\u00eda Segura SJ, director de ecca.edu recoge la Medalla de Oro del municipio de Moya"},{"@type":"BreadcrumbList","@id":"https:\/\/blognoticias.ecca.edu.es\/ecca-edu-recibe-la-medalla-de-oro-del-municipio-de-moya-por-su-impacto-educativo\/#breadcrumb","itemListElement":[{"@type":"ListItem","position":1,"name":"Portada","item":"https:\/\/blognoticias.ecca.edu.es\/"},{"@type":"ListItem","position":2,"name":"ecca.edu recibe la Medalla de Oro del municipio de Moya por su impacto educativo"}]},{"@type":"WebSite","@id":"https:\/\/blognoticias.ecca.edu.es\/#website","url":"https:\/\/blognoticias.ecca.edu.es\/","name":"Blog Noticias Ecca","description":"","publisher":{"@id":"https:\/\/blognoticias.ecca.edu.es\/#organization"},"potentialAction":[{"@type":"SearchAction","target":{"@type":"EntryPoint","urlTemplate":"https:\/\/blognoticias.ecca.edu.es\/?s={search_term_string}"},"query-input":{"@type":"PropertyValueSpecification","valueRequired":true,"valueName":"search_term_string"}}],"inLanguage":"en-GB"},{"@type":"Organization","@id":"https:\/\/blognoticias.ecca.edu.es\/#organization","name":"Blog Noticias Ecca","url":"https:\/\/blognoticias.ecca.edu.es\/","logo":{"@type":"ImageObject","inLanguage":"en-GB","@id":"https:\/\/blognoticias.ecca.edu.es\/#\/schema\/logo\/image\/","url":"https:\/\/blognoticias.ecca.edu.es\/wp-content\/uploads\/2023\/02\/cropped-cropped-cropped-cropped-Logo-Ecca.edu_.png","contentUrl":"https:\/\/blognoticias.ecca.edu.es\/wp-content\/uploads\/2023\/02\/cropped-cropped-cropped-cropped-Logo-Ecca.edu_.png","width":293,"height":45,"caption":"Blog Noticias Ecca"},"image":{"@id":"https:\/\/blognoticias.ecca.edu.es\/#\/schema\/logo\/image\/"},"sameAs":["https:\/\/www.facebook.com\/ecca.edu.es","https:\/\/x.com\/eccaedu","https:\/\/www.instagram.com\/"]},{"@type":"Person","@id":"https:\/\/blognoticias.ecca.edu.es\/#\/schema\/person\/8070573f481ccba909661fdb1cf9e5eb","name":"Ecca.edu","image":{"@type":"ImageObject","inLanguage":"en-GB","@id":"https:\/\/blognoticias.ecca.edu.es\/#\/schema\/person\/image\/","url":"https:\/\/blognoticias.ecca.edu.es\/wp-content\/uploads\/2023\/02\/LOGO-ECCAEDU-1-150x150.png","contentUrl":"https:\/\/blognoticias.ecca.edu.es\/wp-content\/uploads\/2023\/02\/LOGO-ECCAEDU-1-150x150.png","caption":"Ecca.edu"},"url":"https:\/\/blognoticias.ecca.edu.es\/en\/author\/ecca-edu\/"}]}},"_links":{"self":[{"href":"https:\/\/blognoticias.ecca.edu.es\/en\/wp-json\/wp\/v2\/posts\/6002","targetHints":{"allow":["GET"]}}],"collection":[{"href":"https:\/\/blognoticias.ecca.edu.es\/en\/wp-json\/wp\/v2\/posts"}],"about":[{"href":"https:\/\/blognoticias.ecca.edu.es\/en\/wp-json\/wp\/v2\/types\/post"}],"author":[{"embeddable":true,"href":"https:\/\/blognoticias.ecca.edu.es\/en\/wp-json\/wp\/v2\/users\/2"}],"replies":[{"embeddable":true,"href":"https:\/\/blognoticias.ecca.edu.es\/en\/wp-json\/wp\/v2\/comments?post=6002"}],"version-history":[{"count":2,"href":"https:\/\/blognoticias.ecca.edu.es\/en\/wp-json\/wp\/v2\/posts\/6002\/revisions"}],"predecessor-version":[{"id":6081,"href":"https:\/\/blognoticias.ecca.edu.es\/en\/wp-json\/wp\/v2\/posts\/6002\/revisions\/6081"}],"wp:featuredmedia":[{"embeddable":true,"href":"https:\/\/blognoticias.ecca.edu.es\/en\/wp-json\/wp\/v2\/media\/6003"}],"wp:attachment":[{"href":"https:\/\/blognoticias.ecca.edu.es\/en\/wp-json\/wp\/v2\/media?parent=6002"}],"wp:term":[{"taxonomy":"category","embeddable":true,"href":"https:\/\/blognoticias.ecca.edu.es\/en\/wp-json\/wp\/v2\/categories?post=6002"},{"taxonomy":"post_tag","embeddable":true,"href":"https:\/\/blognoticias.ecca.edu.es\/en\/wp-json\/wp\/v2\/tags?post=6002"}],"curies":[{"name":"wp","href":"https:\/\/api.w.org\/{rel}","templated":true}]}}