{"id":5996,"date":"2025-10-24T12:03:16","date_gmt":"2025-10-24T12:03:16","guid":{"rendered":"https:\/\/blognoticias.ecca.edu.es\/?p=5996"},"modified":"2026-01-08T12:51:26","modified_gmt":"2026-01-08T12:51:26","slug":"la-exposicion-itinerante-de-ecca-edu-vuelve-a-las-palmas-de-gran-canaria-e-inaugura-en-la-grada","status":"publish","type":"post","link":"https:\/\/blognoticias.ecca.edu.es\/en\/la-exposicion-itinerante-de-ecca-edu-vuelve-a-las-palmas-de-gran-canaria-e-inaugura-en-la-grada\/","title":{"rendered":"La exposici\u00f3n itinerante de ecca.edu vuelve a Las Palmas de Gran Canaria e inaugura en La Grada"},"content":{"rendered":"<div class='booster-block booster-read-block'>\n                <div class=\"twp-read-time\">\n                \t<i class=\"booster-icon twp-clock\"><\/i> <span>Tiempo de lectura:<\/span>2 Minutos, 17 Segundos                <\/div>\n\n            <\/div><p><span style=\"font-weight: 400;\">ecca.edu ha inaugurado la exposici\u00f3n itinerante \u00ab60 a\u00f1os transformando vidas a trav\u00e9s de la educaci\u00f3n\u00bb en el <\/span><b>Espacio Joven Creativo La Grada<\/b><span style=\"font-weight: 400;\">, en Las Palmas de Gran Canaria. La muestra, que celebra seis d\u00e9cadas de compromiso con la educaci\u00f3n, regresa a la capital grancanaria y se podr\u00e1 visitar hasta el <\/span><b>3 de noviembre<\/b><span style=\"font-weight: 400;\">.<\/span><\/p>\n<p><img loading=\"lazy\" decoding=\"async\" class=\"aligncenter wp-image-5997 size-large\" src=\"https:\/\/blognoticias.ecca.edu.es\/wp-content\/uploads\/2025\/10\/La-exposicion-itinerante-de-ecca.edu-vuelve-a-Las-Palmas-de-Gran-Canaria-e-inaugura-en-La-Grada-1024x683.png\" alt=\"La exposici\u00f3n itinerante de ecca.edu vuelve a Las Palmas de Gran Canaria e inaugura en La Grada\" width=\"750\" height=\"500\" srcset=\"https:\/\/blognoticias.ecca.edu.es\/wp-content\/uploads\/2025\/10\/La-exposicion-itinerante-de-ecca.edu-vuelve-a-Las-Palmas-de-Gran-Canaria-e-inaugura-en-La-Grada-1024x683.png 1024w, https:\/\/blognoticias.ecca.edu.es\/wp-content\/uploads\/2025\/10\/La-exposicion-itinerante-de-ecca.edu-vuelve-a-Las-Palmas-de-Gran-Canaria-e-inaugura-en-La-Grada-300x200.png 300w, https:\/\/blognoticias.ecca.edu.es\/wp-content\/uploads\/2025\/10\/La-exposicion-itinerante-de-ecca.edu-vuelve-a-Las-Palmas-de-Gran-Canaria-e-inaugura-en-La-Grada-768x512.png 768w, https:\/\/blognoticias.ecca.edu.es\/wp-content\/uploads\/2025\/10\/La-exposicion-itinerante-de-ecca.edu-vuelve-a-Las-Palmas-de-Gran-Canaria-e-inaugura-en-La-Grada-1536x1025.png 1536w, https:\/\/blognoticias.ecca.edu.es\/wp-content\/uploads\/2025\/10\/La-exposicion-itinerante-de-ecca.edu-vuelve-a-Las-Palmas-de-Gran-Canaria-e-inaugura-en-La-Grada-18x12.png 18w, https:\/\/blognoticias.ecca.edu.es\/wp-content\/uploads\/2025\/10\/La-exposicion-itinerante-de-ecca.edu-vuelve-a-Las-Palmas-de-Gran-Canaria-e-inaugura-en-La-Grada.png 2048w\" sizes=\"auto, (max-width: 750px) 100vw, 750px\" \/><\/p>\n<p><span style=\"font-weight: 400;\">El acto de inauguraci\u00f3n cont\u00f3 con la asistencia de <\/span><b>Carla Campoamor<\/b><span style=\"font-weight: 400;\">, concejala del \u00e1rea de Deportes, Juventud y Participaci\u00f3n Ciudadana del Ayuntamiento capitalino; <\/span><b>Jos\u00e9 Mar\u00eda Segura SJ<\/b><span style=\"font-weight: 400;\">, director general de ecca.edu, y <\/span><b>Mar\u00eda D\u00edaz<\/b><span style=\"font-weight: 400;\">, delegada de la instituci\u00f3n en Las Palmas de Gran Canaria. Tambi\u00e9n asisti\u00f3 un nutrido grupo de docentes y alumnado.<\/span><\/p>\n<p><span style=\"font-weight: 400;\">La instalaci\u00f3n de la exposici\u00f3n en La Grada ha sido posible gracias al apoyo y la cesi\u00f3n de las instalaciones por parte del Ayuntamiento de Las Palmas de Gran Canaria, a trav\u00e9s de su Concejal\u00eda de Juventud (LPA Juventud). <\/span><a href=\"http:\/\/ecca.edu.es\"><span style=\"font-weight: 400;\">ecca.edu<\/span><\/a><span style=\"font-weight: 400;\"> agradece la colaboraci\u00f3n y la oportunidad de seguir compartiendo el legado de la instituci\u00f3n con la comunidad.<\/span><\/p>\n<h2><b>Un viaje a trav\u00e9s de seis d\u00e9cadas de impacto<\/b><\/h2>\n<p><span style=\"font-weight: 400;\">La exposici\u00f3n invita a los visitantes a un viaje inmersivo por la trayectoria de <\/span><a href=\"http:\/\/ecca.edu\"><span style=\"font-weight: 400;\">ecca.edu<\/span><\/a><span style=\"font-weight: 400;\">, desde sus inicios. A trav\u00e9s de paneles informativos y recursos multimedia, la muestra desvela los hitos que han marcado su historia. Adem\u00e1s, rinde homenaje a las alianzas estrat\u00e9gicas que han sido clave para el impulso de la educaci\u00f3n y el progreso en las Islas Canarias.<\/span><\/p>\n<p><img loading=\"lazy\" decoding=\"async\" class=\"aligncenter wp-image-5999 size-large\" src=\"https:\/\/blognoticias.ecca.edu.es\/wp-content\/uploads\/2025\/10\/La-exposicion-itinerante-de-ecca.edu-vuelve-a-Las-Palmas-de-Gran-Canaria-e-inaugura-en-La-Grada_3-1024x683.png\" alt=\"https:\/\/blognoticias.ecca.edu.es\/wp-content\/uploads\/2025\/10\/La-exposicion-itinerante-de-ecca.edu-vuelve-a-Las-Palmas-de-Gran-Canaria-e-inaugura-en-La-Grada_2.png\" width=\"750\" height=\"500\" srcset=\"https:\/\/blognoticias.ecca.edu.es\/wp-content\/uploads\/2025\/10\/La-exposicion-itinerante-de-ecca.edu-vuelve-a-Las-Palmas-de-Gran-Canaria-e-inaugura-en-La-Grada_3-1024x683.png 1024w, https:\/\/blognoticias.ecca.edu.es\/wp-content\/uploads\/2025\/10\/La-exposicion-itinerante-de-ecca.edu-vuelve-a-Las-Palmas-de-Gran-Canaria-e-inaugura-en-La-Grada_3-300x200.png 300w, https:\/\/blognoticias.ecca.edu.es\/wp-content\/uploads\/2025\/10\/La-exposicion-itinerante-de-ecca.edu-vuelve-a-Las-Palmas-de-Gran-Canaria-e-inaugura-en-La-Grada_3-768x512.png 768w, https:\/\/blognoticias.ecca.edu.es\/wp-content\/uploads\/2025\/10\/La-exposicion-itinerante-de-ecca.edu-vuelve-a-Las-Palmas-de-Gran-Canaria-e-inaugura-en-La-Grada_3-1536x1025.png 1536w, https:\/\/blognoticias.ecca.edu.es\/wp-content\/uploads\/2025\/10\/La-exposicion-itinerante-de-ecca.edu-vuelve-a-Las-Palmas-de-Gran-Canaria-e-inaugura-en-La-Grada_3-18x12.png 18w, https:\/\/blognoticias.ecca.edu.es\/wp-content\/uploads\/2025\/10\/La-exposicion-itinerante-de-ecca.edu-vuelve-a-Las-Palmas-de-Gran-Canaria-e-inaugura-en-La-Grada_3.png 2048w\" sizes=\"auto, (max-width: 750px) 100vw, 750px\" \/><\/p>\n<p><span style=\"font-weight: 400;\">Toda la informaci\u00f3n disponible en <\/span><a href=\"https:\/\/ecca.edu.es\/nuestra-historia\/\"><span style=\"font-weight: 400;\">https:\/\/ecca.edu.es\/nuestra-historia\/<\/span><\/a><span style=\"font-weight: 400;\">.<\/span><\/p>\n<h2><b>Material in\u00e9dito de los inicios fundacionales<\/b><\/h2>\n<p><span style=\"font-weight: 400;\">Coincidiendo con el recorrido de la exposici\u00f3n, ecca.edu ha lanzado la sexta entrega de su revista digital, ecca educaci\u00f3n, titulada <\/span><a href=\"https:\/\/blognoticias.ecca.edu.es\/en\/ecca-edu-lanza-la-sexta-entrega-historica-de-su-revista-ecca-educacion\/\"><b>\u00abSuplemento hist\u00f3rico\u00bb<\/b><\/a><span style=\"font-weight: 400;\">. Esta edici\u00f3n es una recopilaci\u00f3n de cerca de 80 documentos in\u00e9ditos que desvelan el nacimiento de Radio ECCA.<\/span><\/p>\n<p><span style=\"font-weight: 400;\">La publicaci\u00f3n rescata material custodiado en los archivos hist\u00f3ricos de la Compa\u00f1\u00eda de Jes\u00fas y de la propia instituci\u00f3n. El contenido incluye correspondencia in\u00e9dita, informes al Ministerio de Educaci\u00f3n y el Diario ECCA, invitando al p\u00fablico a descubrir el origen de la instituci\u00f3n.<\/span><\/p>\n<p><span style=\"font-weight: 400;\">Accede aqu\u00ed a la 6 entrega de nuestra revista: <\/span><a href=\"https:\/\/ecca.edu.es\/publicaciones\/revistas\/ecca-educacion\/\"><span style=\"font-weight: 400;\">https:\/\/ecca.edu.es\/publicaciones\/revistas\/ecca-educacion\/<\/span><\/a><span style=\"font-weight: 400;\">\u00a0<\/span><\/p>\n<h2><b>Pr\u00f3ximas paradas de la exposici\u00f3n<\/b><\/h2>\n<p><span style=\"font-weight: 400;\">Durante los pr\u00f3ximos meses, la exposici\u00f3n podr\u00e1 visitarse en <\/span><b>La Gomera y en El Hierro<\/b><span style=\"font-weight: 400;\">. Para estar al tanto de las pr\u00f3ximas paradas y ver el recorrido, te invitamos a seguir nuestras redes sociales.<\/span><\/p>\n<h3><b>Informaci\u00f3n Pr\u00e1ctica: Espacio Joven Creativo La Grada<\/b><\/h3>\n<ul>\n<li style=\"font-weight: 400;\" aria-level=\"1\"><b>Ubicaci\u00f3n: <\/b><span style=\"font-weight: 400;\">La Grada. Espacio Joven Creativo (C\/ Manuel Gonz\u00e1lez Mart\u00edn, 27, Las Palmas de Gran Canaria)<\/span><\/li>\n<li style=\"font-weight: 400;\" aria-level=\"1\"><b>Fechas: <\/b><span style=\"font-weight: 400;\">Del 23 de octubre al 3 de noviembre de 2025<\/span><\/li>\n<li style=\"font-weight: 400;\" aria-level=\"1\"><b>Horario de visita: <\/b><span style=\"font-weight: 400;\">Lunes a viernes de 09:30 a 13:30h y de 16:00 a 21:00h. S\u00e1bados y domingos de 09:30 a 13:30h. Entrada libre.<\/span><\/li>\n<\/ul>\n<p><img loading=\"lazy\" decoding=\"async\" class=\"aligncenter wp-image-5998 size-large\" src=\"https:\/\/blognoticias.ecca.edu.es\/wp-content\/uploads\/2025\/10\/La-exposicion-itinerante-de-ecca.edu-vuelve-a-Las-Palmas-de-Gran-Canaria-e-inaugura-en-La-Grada_2-1024x683.png\" alt=\"La exposici\u00f3n itinerante de ecca.edu vuelve a Las Palmas de Gran Canaria e inaugura en La Grada\" width=\"750\" height=\"500\" srcset=\"https:\/\/blognoticias.ecca.edu.es\/wp-content\/uploads\/2025\/10\/La-exposicion-itinerante-de-ecca.edu-vuelve-a-Las-Palmas-de-Gran-Canaria-e-inaugura-en-La-Grada_2-1024x683.png 1024w, https:\/\/blognoticias.ecca.edu.es\/wp-content\/uploads\/2025\/10\/La-exposicion-itinerante-de-ecca.edu-vuelve-a-Las-Palmas-de-Gran-Canaria-e-inaugura-en-La-Grada_2-300x200.png 300w, https:\/\/blognoticias.ecca.edu.es\/wp-content\/uploads\/2025\/10\/La-exposicion-itinerante-de-ecca.edu-vuelve-a-Las-Palmas-de-Gran-Canaria-e-inaugura-en-La-Grada_2-768x512.png 768w, https:\/\/blognoticias.ecca.edu.es\/wp-content\/uploads\/2025\/10\/La-exposicion-itinerante-de-ecca.edu-vuelve-a-Las-Palmas-de-Gran-Canaria-e-inaugura-en-La-Grada_2-1536x1025.png 1536w, https:\/\/blognoticias.ecca.edu.es\/wp-content\/uploads\/2025\/10\/La-exposicion-itinerante-de-ecca.edu-vuelve-a-Las-Palmas-de-Gran-Canaria-e-inaugura-en-La-Grada_2-18x12.png 18w, https:\/\/blognoticias.ecca.edu.es\/wp-content\/uploads\/2025\/10\/La-exposicion-itinerante-de-ecca.edu-vuelve-a-Las-Palmas-de-Gran-Canaria-e-inaugura-en-La-Grada_2.png 2048w\" sizes=\"auto, (max-width: 750px) 100vw, 750px\" \/><\/p>","protected":false},"excerpt":{"rendered":"<p>ecca.edu ha inaugurado la exposici\u00f3n itinerante \u00ab60 a\u00f1os transformando vidas a trav\u00e9s de la educaci\u00f3n\u00bb en el Espacio Joven Creativo La Grada, en Las Palmas de Gran Canaria. La muestra, que celebra seis d\u00e9cadas de compromiso con la educaci\u00f3n, regresa a la capital grancanaria y se podr\u00e1 visitar hasta el 3 de noviembre. El acto [&hellip;]<\/p>","protected":false},"author":2,"featured_media":6000,"comment_status":"closed","ping_status":"closed","sticky":false,"template":"","format":"standard","meta":{"footnotes":""},"categories":[1,1293,106],"tags":[1320,1321,1476,1473,1475,1474,1477],"class_list":["post-5996","post","type-post","status-publish","format-standard","has-post-thumbnail","hentry","category-blog","category-noticias","category-relevante","tag-60aniversario","tag-60anostransformandovidas","tag-60-aniversario-ecca","tag-espacio-joven-creativo-la-grada","tag-exposicion-ecca-edu","tag-la-grada","tag-radio-ecca"],"yoast_head":"<!-- This site is optimized with the Yoast SEO plugin v25.9 - https:\/\/yoast.com\/wordpress\/plugins\/seo\/ -->\n<title>La exposici\u00f3n itinerante de ecca.edu vuelve a Las Palmas de Gran Canaria e inaugura en La Grada<\/title>\n<meta name=\"description\" content=\"ecca.edu ha inaugurado la exposici\u00f3n itinerante &quot;60 a\u00f1os transformando vidas a trav\u00e9s de la educaci\u00f3n&quot; en el Espacio Joven Creativo La Grada\" \/>\n<meta name=\"robots\" content=\"index, follow, max-snippet:-1, max-image-preview:large, max-video-preview:-1\" \/>\n<link rel=\"canonical\" href=\"https:\/\/blognoticias.ecca.edu.es\/en\/la-exposicion-itinerante-de-ecca-edu-vuelve-a-las-palmas-de-gran-canaria-e-inaugura-en-la-grada\/\" \/>\n<meta property=\"og:locale\" content=\"en_GB\" \/>\n<meta property=\"og:type\" content=\"article\" \/>\n<meta property=\"og:title\" content=\"La exposici\u00f3n itinerante de ecca.edu vuelve a Las Palmas de Gran Canaria e inaugura en La Grada\" \/>\n<meta property=\"og:description\" content=\"ecca.edu ha inaugurado la exposici\u00f3n itinerante &quot;60 a\u00f1os transformando vidas a trav\u00e9s de la educaci\u00f3n&quot; en el Espacio Joven Creativo La Grada\" \/>\n<meta property=\"og:url\" content=\"https:\/\/blognoticias.ecca.edu.es\/en\/la-exposicion-itinerante-de-ecca-edu-vuelve-a-las-palmas-de-gran-canaria-e-inaugura-en-la-grada\/\" \/>\n<meta property=\"og:site_name\" content=\"Blog Noticias Ecca\" \/>\n<meta property=\"article:publisher\" content=\"https:\/\/www.facebook.com\/ecca.edu.es\" \/>\n<meta property=\"article:published_time\" content=\"2025-10-24T12:03:16+00:00\" \/>\n<meta property=\"article:modified_time\" content=\"2026-01-08T12:51:26+00:00\" \/>\n<meta property=\"og:image\" content=\"https:\/\/blognoticias.ecca.edu.es\/wp-content\/uploads\/2025\/10\/Platilla-Instagram-cuadrado-y-blog-7.png\" \/>\n\t<meta property=\"og:image:width\" content=\"1080\" \/>\n\t<meta property=\"og:image:height\" content=\"1080\" \/>\n\t<meta property=\"og:image:type\" content=\"image\/png\" \/>\n<meta name=\"author\" content=\"Ecca.edu\" \/>\n<meta name=\"twitter:card\" content=\"summary_large_image\" \/>\n<meta name=\"twitter:creator\" content=\"@eccaedu\" \/>\n<meta name=\"twitter:site\" content=\"@eccaedu\" \/>\n<meta name=\"twitter:label1\" content=\"Written by\" \/>\n\t<meta name=\"twitter:data1\" content=\"Ecca.edu\" \/>\n\t<meta name=\"twitter:label2\" content=\"Estimated reading time\" \/>\n\t<meta name=\"twitter:data2\" content=\"3 minutes\" \/>\n<script type=\"application\/ld+json\" class=\"yoast-schema-graph\">{\"@context\":\"https:\/\/schema.org\",\"@graph\":[{\"@type\":\"Article\",\"@id\":\"https:\/\/blognoticias.ecca.edu.es\/la-exposicion-itinerante-de-ecca-edu-vuelve-a-las-palmas-de-gran-canaria-e-inaugura-en-la-grada\/#article\",\"isPartOf\":{\"@id\":\"https:\/\/blognoticias.ecca.edu.es\/la-exposicion-itinerante-de-ecca-edu-vuelve-a-las-palmas-de-gran-canaria-e-inaugura-en-la-grada\/\"},\"author\":{\"name\":\"Ecca.edu\",\"@id\":\"https:\/\/blognoticias.ecca.edu.es\/#\/schema\/person\/8070573f481ccba909661fdb1cf9e5eb\"},\"headline\":\"La exposici\u00f3n itinerante de ecca.edu vuelve a Las Palmas de Gran Canaria e inaugura en La Grada\",\"datePublished\":\"2025-10-24T12:03:16+00:00\",\"dateModified\":\"2026-01-08T12:51:26+00:00\",\"mainEntityOfPage\":{\"@id\":\"https:\/\/blognoticias.ecca.edu.es\/la-exposicion-itinerante-de-ecca-edu-vuelve-a-las-palmas-de-gran-canaria-e-inaugura-en-la-grada\/\"},\"wordCount\":512,\"publisher\":{\"@id\":\"https:\/\/blognoticias.ecca.edu.es\/#organization\"},\"image\":{\"@id\":\"https:\/\/blognoticias.ecca.edu.es\/la-exposicion-itinerante-de-ecca-edu-vuelve-a-las-palmas-de-gran-canaria-e-inaugura-en-la-grada\/#primaryimage\"},\"thumbnailUrl\":\"https:\/\/blognoticias.ecca.edu.es\/wp-content\/uploads\/2025\/10\/Platilla-Instagram-cuadrado-y-blog-7.png\",\"keywords\":[\"#60aniversario\",\"#60a\u00f1ostransformandovidas\",\"60 aniversario ecca\",\"Espacio Joven Creativo La Grada\",\"exposici\u00f3n ecca.edu\",\"La Grada\",\"Radio ECCA\"],\"articleSection\":[\"Blog\",\"Noticias\",\"Relevante\"],\"inLanguage\":\"en-GB\"},{\"@type\":\"WebPage\",\"@id\":\"https:\/\/blognoticias.ecca.edu.es\/la-exposicion-itinerante-de-ecca-edu-vuelve-a-las-palmas-de-gran-canaria-e-inaugura-en-la-grada\/\",\"url\":\"https:\/\/blognoticias.ecca.edu.es\/la-exposicion-itinerante-de-ecca-edu-vuelve-a-las-palmas-de-gran-canaria-e-inaugura-en-la-grada\/\",\"name\":\"La exposici\u00f3n itinerante de ecca.edu vuelve a Las Palmas de Gran Canaria e inaugura en La Grada\",\"isPartOf\":{\"@id\":\"https:\/\/blognoticias.ecca.edu.es\/#website\"},\"primaryImageOfPage\":{\"@id\":\"https:\/\/blognoticias.ecca.edu.es\/la-exposicion-itinerante-de-ecca-edu-vuelve-a-las-palmas-de-gran-canaria-e-inaugura-en-la-grada\/#primaryimage\"},\"image\":{\"@id\":\"https:\/\/blognoticias.ecca.edu.es\/la-exposicion-itinerante-de-ecca-edu-vuelve-a-las-palmas-de-gran-canaria-e-inaugura-en-la-grada\/#primaryimage\"},\"thumbnailUrl\":\"https:\/\/blognoticias.ecca.edu.es\/wp-content\/uploads\/2025\/10\/Platilla-Instagram-cuadrado-y-blog-7.png\",\"datePublished\":\"2025-10-24T12:03:16+00:00\",\"dateModified\":\"2026-01-08T12:51:26+00:00\",\"description\":\"ecca.edu ha inaugurado la exposici\u00f3n itinerante \\\"60 a\u00f1os transformando vidas a trav\u00e9s de la educaci\u00f3n\\\" en el Espacio Joven Creativo La Grada\",\"breadcrumb\":{\"@id\":\"https:\/\/blognoticias.ecca.edu.es\/la-exposicion-itinerante-de-ecca-edu-vuelve-a-las-palmas-de-gran-canaria-e-inaugura-en-la-grada\/#breadcrumb\"},\"inLanguage\":\"en-GB\",\"potentialAction\":[{\"@type\":\"ReadAction\",\"target\":[\"https:\/\/blognoticias.ecca.edu.es\/la-exposicion-itinerante-de-ecca-edu-vuelve-a-las-palmas-de-gran-canaria-e-inaugura-en-la-grada\/\"]}]},{\"@type\":\"ImageObject\",\"inLanguage\":\"en-GB\",\"@id\":\"https:\/\/blognoticias.ecca.edu.es\/la-exposicion-itinerante-de-ecca-edu-vuelve-a-las-palmas-de-gran-canaria-e-inaugura-en-la-grada\/#primaryimage\",\"url\":\"https:\/\/blognoticias.ecca.edu.es\/wp-content\/uploads\/2025\/10\/Platilla-Instagram-cuadrado-y-blog-7.png\",\"contentUrl\":\"https:\/\/blognoticias.ecca.edu.es\/wp-content\/uploads\/2025\/10\/Platilla-Instagram-cuadrado-y-blog-7.png\",\"width\":1080,\"height\":1080,\"caption\":\"La exposici\u00f3n itinerante de ecca.edu vuelve a Las Palmas de Gran Canaria e inaugura en La Grada_3\"},{\"@type\":\"BreadcrumbList\",\"@id\":\"https:\/\/blognoticias.ecca.edu.es\/la-exposicion-itinerante-de-ecca-edu-vuelve-a-las-palmas-de-gran-canaria-e-inaugura-en-la-grada\/#breadcrumb\",\"itemListElement\":[{\"@type\":\"ListItem\",\"position\":1,\"name\":\"Portada\",\"item\":\"https:\/\/blognoticias.ecca.edu.es\/\"},{\"@type\":\"ListItem\",\"position\":2,\"name\":\"La exposici\u00f3n itinerante de ecca.edu vuelve a Las Palmas de Gran Canaria e inaugura en La Grada\"}]},{\"@type\":\"WebSite\",\"@id\":\"https:\/\/blognoticias.ecca.edu.es\/#website\",\"url\":\"https:\/\/blognoticias.ecca.edu.es\/\",\"name\":\"Blog Noticias Ecca\",\"description\":\"\",\"publisher\":{\"@id\":\"https:\/\/blognoticias.ecca.edu.es\/#organization\"},\"potentialAction\":[{\"@type\":\"SearchAction\",\"target\":{\"@type\":\"EntryPoint\",\"urlTemplate\":\"https:\/\/blognoticias.ecca.edu.es\/?s={search_term_string}\"},\"query-input\":{\"@type\":\"PropertyValueSpecification\",\"valueRequired\":true,\"valueName\":\"search_term_string\"}}],\"inLanguage\":\"en-GB\"},{\"@type\":\"Organization\",\"@id\":\"https:\/\/blognoticias.ecca.edu.es\/#organization\",\"name\":\"Blog Noticias Ecca\",\"url\":\"https:\/\/blognoticias.ecca.edu.es\/\",\"logo\":{\"@type\":\"ImageObject\",\"inLanguage\":\"en-GB\",\"@id\":\"https:\/\/blognoticias.ecca.edu.es\/#\/schema\/logo\/image\/\",\"url\":\"https:\/\/blognoticias.ecca.edu.es\/wp-content\/uploads\/2023\/02\/cropped-cropped-cropped-cropped-Logo-Ecca.edu_.png\",\"contentUrl\":\"https:\/\/blognoticias.ecca.edu.es\/wp-content\/uploads\/2023\/02\/cropped-cropped-cropped-cropped-Logo-Ecca.edu_.png\",\"width\":293,\"height\":45,\"caption\":\"Blog Noticias Ecca\"},\"image\":{\"@id\":\"https:\/\/blognoticias.ecca.edu.es\/#\/schema\/logo\/image\/\"},\"sameAs\":[\"https:\/\/www.facebook.com\/ecca.edu.es\",\"https:\/\/x.com\/eccaedu\",\"https:\/\/www.instagram.com\/\"]},{\"@type\":\"Person\",\"@id\":\"https:\/\/blognoticias.ecca.edu.es\/#\/schema\/person\/8070573f481ccba909661fdb1cf9e5eb\",\"name\":\"Ecca.edu\",\"image\":{\"@type\":\"ImageObject\",\"inLanguage\":\"en-GB\",\"@id\":\"https:\/\/blognoticias.ecca.edu.es\/#\/schema\/person\/image\/\",\"url\":\"https:\/\/blognoticias.ecca.edu.es\/wp-content\/uploads\/2023\/02\/LOGO-ECCAEDU-1-150x150.png\",\"contentUrl\":\"https:\/\/blognoticias.ecca.edu.es\/wp-content\/uploads\/2023\/02\/LOGO-ECCAEDU-1-150x150.png\",\"caption\":\"Ecca.edu\"},\"url\":\"https:\/\/blognoticias.ecca.edu.es\/en\/author\/ecca-edu\/\"}]}<\/script>\n<!-- \/ Yoast SEO plugin. -->","yoast_head_json":{"title":"La exposici\u00f3n itinerante de ecca.edu vuelve a Las Palmas de Gran Canaria e inaugura en La Grada","description":"ecca.edu ha inaugurado la exposici\u00f3n itinerante \"60 a\u00f1os transformando vidas a trav\u00e9s de la educaci\u00f3n\" en el Espacio Joven Creativo La Grada","robots":{"index":"index","follow":"follow","max-snippet":"max-snippet:-1","max-image-preview":"max-image-preview:large","max-video-preview":"max-video-preview:-1"},"canonical":"https:\/\/blognoticias.ecca.edu.es\/en\/la-exposicion-itinerante-de-ecca-edu-vuelve-a-las-palmas-de-gran-canaria-e-inaugura-en-la-grada\/","og_locale":"en_GB","og_type":"article","og_title":"La exposici\u00f3n itinerante de ecca.edu vuelve a Las Palmas de Gran Canaria e inaugura en La Grada","og_description":"ecca.edu ha inaugurado la exposici\u00f3n itinerante \"60 a\u00f1os transformando vidas a trav\u00e9s de la educaci\u00f3n\" en el Espacio Joven Creativo La Grada","og_url":"https:\/\/blognoticias.ecca.edu.es\/en\/la-exposicion-itinerante-de-ecca-edu-vuelve-a-las-palmas-de-gran-canaria-e-inaugura-en-la-grada\/","og_site_name":"Blog Noticias Ecca","article_publisher":"https:\/\/www.facebook.com\/ecca.edu.es","article_published_time":"2025-10-24T12:03:16+00:00","article_modified_time":"2026-01-08T12:51:26+00:00","og_image":[{"width":1080,"height":1080,"url":"https:\/\/blognoticias.ecca.edu.es\/wp-content\/uploads\/2025\/10\/Platilla-Instagram-cuadrado-y-blog-7.png","type":"image\/png"}],"author":"Ecca.edu","twitter_card":"summary_large_image","twitter_creator":"@eccaedu","twitter_site":"@eccaedu","twitter_misc":{"Written by":"Ecca.edu","Estimated reading time":"3 minutes"},"schema":{"@context":"https:\/\/schema.org","@graph":[{"@type":"Article","@id":"https:\/\/blognoticias.ecca.edu.es\/la-exposicion-itinerante-de-ecca-edu-vuelve-a-las-palmas-de-gran-canaria-e-inaugura-en-la-grada\/#article","isPartOf":{"@id":"https:\/\/blognoticias.ecca.edu.es\/la-exposicion-itinerante-de-ecca-edu-vuelve-a-las-palmas-de-gran-canaria-e-inaugura-en-la-grada\/"},"author":{"name":"Ecca.edu","@id":"https:\/\/blognoticias.ecca.edu.es\/#\/schema\/person\/8070573f481ccba909661fdb1cf9e5eb"},"headline":"La exposici\u00f3n itinerante de ecca.edu vuelve a Las Palmas de Gran Canaria e inaugura en La Grada","datePublished":"2025-10-24T12:03:16+00:00","dateModified":"2026-01-08T12:51:26+00:00","mainEntityOfPage":{"@id":"https:\/\/blognoticias.ecca.edu.es\/la-exposicion-itinerante-de-ecca-edu-vuelve-a-las-palmas-de-gran-canaria-e-inaugura-en-la-grada\/"},"wordCount":512,"publisher":{"@id":"https:\/\/blognoticias.ecca.edu.es\/#organization"},"image":{"@id":"https:\/\/blognoticias.ecca.edu.es\/la-exposicion-itinerante-de-ecca-edu-vuelve-a-las-palmas-de-gran-canaria-e-inaugura-en-la-grada\/#primaryimage"},"thumbnailUrl":"https:\/\/blognoticias.ecca.edu.es\/wp-content\/uploads\/2025\/10\/Platilla-Instagram-cuadrado-y-blog-7.png","keywords":["#60aniversario","#60a\u00f1ostransformandovidas","60 aniversario ecca","Espacio Joven Creativo La Grada","exposici\u00f3n ecca.edu","La Grada","Radio ECCA"],"articleSection":["Blog","Noticias","Relevante"],"inLanguage":"en-GB"},{"@type":"WebPage","@id":"https:\/\/blognoticias.ecca.edu.es\/la-exposicion-itinerante-de-ecca-edu-vuelve-a-las-palmas-de-gran-canaria-e-inaugura-en-la-grada\/","url":"https:\/\/blognoticias.ecca.edu.es\/la-exposicion-itinerante-de-ecca-edu-vuelve-a-las-palmas-de-gran-canaria-e-inaugura-en-la-grada\/","name":"La exposici\u00f3n itinerante de ecca.edu vuelve a Las Palmas de Gran Canaria e inaugura en La Grada","isPartOf":{"@id":"https:\/\/blognoticias.ecca.edu.es\/#website"},"primaryImageOfPage":{"@id":"https:\/\/blognoticias.ecca.edu.es\/la-exposicion-itinerante-de-ecca-edu-vuelve-a-las-palmas-de-gran-canaria-e-inaugura-en-la-grada\/#primaryimage"},"image":{"@id":"https:\/\/blognoticias.ecca.edu.es\/la-exposicion-itinerante-de-ecca-edu-vuelve-a-las-palmas-de-gran-canaria-e-inaugura-en-la-grada\/#primaryimage"},"thumbnailUrl":"https:\/\/blognoticias.ecca.edu.es\/wp-content\/uploads\/2025\/10\/Platilla-Instagram-cuadrado-y-blog-7.png","datePublished":"2025-10-24T12:03:16+00:00","dateModified":"2026-01-08T12:51:26+00:00","description":"ecca.edu ha inaugurado la exposici\u00f3n itinerante \"60 a\u00f1os transformando vidas a trav\u00e9s de la educaci\u00f3n\" en el Espacio Joven Creativo La Grada","breadcrumb":{"@id":"https:\/\/blognoticias.ecca.edu.es\/la-exposicion-itinerante-de-ecca-edu-vuelve-a-las-palmas-de-gran-canaria-e-inaugura-en-la-grada\/#breadcrumb"},"inLanguage":"en-GB","potentialAction":[{"@type":"ReadAction","target":["https:\/\/blognoticias.ecca.edu.es\/la-exposicion-itinerante-de-ecca-edu-vuelve-a-las-palmas-de-gran-canaria-e-inaugura-en-la-grada\/"]}]},{"@type":"ImageObject","inLanguage":"en-GB","@id":"https:\/\/blognoticias.ecca.edu.es\/la-exposicion-itinerante-de-ecca-edu-vuelve-a-las-palmas-de-gran-canaria-e-inaugura-en-la-grada\/#primaryimage","url":"https:\/\/blognoticias.ecca.edu.es\/wp-content\/uploads\/2025\/10\/Platilla-Instagram-cuadrado-y-blog-7.png","contentUrl":"https:\/\/blognoticias.ecca.edu.es\/wp-content\/uploads\/2025\/10\/Platilla-Instagram-cuadrado-y-blog-7.png","width":1080,"height":1080,"caption":"La exposici\u00f3n itinerante de ecca.edu vuelve a Las Palmas de Gran Canaria e inaugura en La Grada_3"},{"@type":"BreadcrumbList","@id":"https:\/\/blognoticias.ecca.edu.es\/la-exposicion-itinerante-de-ecca-edu-vuelve-a-las-palmas-de-gran-canaria-e-inaugura-en-la-grada\/#breadcrumb","itemListElement":[{"@type":"ListItem","position":1,"name":"Portada","item":"https:\/\/blognoticias.ecca.edu.es\/"},{"@type":"ListItem","position":2,"name":"La exposici\u00f3n itinerante de ecca.edu vuelve a Las Palmas de Gran Canaria e inaugura en La Grada"}]},{"@type":"WebSite","@id":"https:\/\/blognoticias.ecca.edu.es\/#website","url":"https:\/\/blognoticias.ecca.edu.es\/","name":"Blog Noticias Ecca","description":"","publisher":{"@id":"https:\/\/blognoticias.ecca.edu.es\/#organization"},"potentialAction":[{"@type":"SearchAction","target":{"@type":"EntryPoint","urlTemplate":"https:\/\/blognoticias.ecca.edu.es\/?s={search_term_string}"},"query-input":{"@type":"PropertyValueSpecification","valueRequired":true,"valueName":"search_term_string"}}],"inLanguage":"en-GB"},{"@type":"Organization","@id":"https:\/\/blognoticias.ecca.edu.es\/#organization","name":"Blog Noticias Ecca","url":"https:\/\/blognoticias.ecca.edu.es\/","logo":{"@type":"ImageObject","inLanguage":"en-GB","@id":"https:\/\/blognoticias.ecca.edu.es\/#\/schema\/logo\/image\/","url":"https:\/\/blognoticias.ecca.edu.es\/wp-content\/uploads\/2023\/02\/cropped-cropped-cropped-cropped-Logo-Ecca.edu_.png","contentUrl":"https:\/\/blognoticias.ecca.edu.es\/wp-content\/uploads\/2023\/02\/cropped-cropped-cropped-cropped-Logo-Ecca.edu_.png","width":293,"height":45,"caption":"Blog Noticias Ecca"},"image":{"@id":"https:\/\/blognoticias.ecca.edu.es\/#\/schema\/logo\/image\/"},"sameAs":["https:\/\/www.facebook.com\/ecca.edu.es","https:\/\/x.com\/eccaedu","https:\/\/www.instagram.com\/"]},{"@type":"Person","@id":"https:\/\/blognoticias.ecca.edu.es\/#\/schema\/person\/8070573f481ccba909661fdb1cf9e5eb","name":"Ecca.edu","image":{"@type":"ImageObject","inLanguage":"en-GB","@id":"https:\/\/blognoticias.ecca.edu.es\/#\/schema\/person\/image\/","url":"https:\/\/blognoticias.ecca.edu.es\/wp-content\/uploads\/2023\/02\/LOGO-ECCAEDU-1-150x150.png","contentUrl":"https:\/\/blognoticias.ecca.edu.es\/wp-content\/uploads\/2023\/02\/LOGO-ECCAEDU-1-150x150.png","caption":"Ecca.edu"},"url":"https:\/\/blognoticias.ecca.edu.es\/en\/author\/ecca-edu\/"}]}},"_links":{"self":[{"href":"https:\/\/blognoticias.ecca.edu.es\/en\/wp-json\/wp\/v2\/posts\/5996","targetHints":{"allow":["GET"]}}],"collection":[{"href":"https:\/\/blognoticias.ecca.edu.es\/en\/wp-json\/wp\/v2\/posts"}],"about":[{"href":"https:\/\/blognoticias.ecca.edu.es\/en\/wp-json\/wp\/v2\/types\/post"}],"author":[{"embeddable":true,"href":"https:\/\/blognoticias.ecca.edu.es\/en\/wp-json\/wp\/v2\/users\/2"}],"replies":[{"embeddable":true,"href":"https:\/\/blognoticias.ecca.edu.es\/en\/wp-json\/wp\/v2\/comments?post=5996"}],"version-history":[{"count":1,"href":"https:\/\/blognoticias.ecca.edu.es\/en\/wp-json\/wp\/v2\/posts\/5996\/revisions"}],"predecessor-version":[{"id":6001,"href":"https:\/\/blognoticias.ecca.edu.es\/en\/wp-json\/wp\/v2\/posts\/5996\/revisions\/6001"}],"wp:featuredmedia":[{"embeddable":true,"href":"https:\/\/blognoticias.ecca.edu.es\/en\/wp-json\/wp\/v2\/media\/6000"}],"wp:attachment":[{"href":"https:\/\/blognoticias.ecca.edu.es\/en\/wp-json\/wp\/v2\/media?parent=5996"}],"wp:term":[{"taxonomy":"category","embeddable":true,"href":"https:\/\/blognoticias.ecca.edu.es\/en\/wp-json\/wp\/v2\/categories?post=5996"},{"taxonomy":"post_tag","embeddable":true,"href":"https:\/\/blognoticias.ecca.edu.es\/en\/wp-json\/wp\/v2\/tags?post=5996"}],"curies":[{"name":"wp","href":"https:\/\/api.w.org\/{rel}","templated":true}]}}