{"id":5983,"date":"2025-10-23T13:21:43","date_gmt":"2025-10-23T13:21:43","guid":{"rendered":"https:\/\/blognoticias.ecca.edu.es\/?p=5983"},"modified":"2026-01-08T12:51:30","modified_gmt":"2026-01-08T12:51:30","slug":"ecca-edu-y-la-direccion-general-de-la-actividad-fisica-y-el-deporte-del-gobierno-de-canarias-impulsan-una-formacion-para-educar-en-valores-y-generar-entornos-seguros-en-el-deporte-infantil-y-juvenil","status":"publish","type":"post","link":"https:\/\/blognoticias.ecca.edu.es\/en\/ecca-edu-y-la-direccion-general-de-la-actividad-fisica-y-el-deporte-del-gobierno-de-canarias-impulsan-una-formacion-para-educar-en-valores-y-generar-entornos-seguros-en-el-deporte-infantil-y-juvenil\/","title":{"rendered":"ecca.edu y la Direcci\u00f3n General de la Actividad F\u00edsica y el Deporte del Gobierno de Canarias impulsan una formaci\u00f3n para educar en valores y generar entornos seguros en el deporte infantil y juvenil"},"content":{"rendered":"<div class='booster-block booster-read-block'>\n                <div class=\"twp-read-time\">\n                \t<i class=\"booster-icon twp-clock\"><\/i> <span>Tiempo de lectura:<\/span>3 Minutos, 37 Segundos                <\/div>\n\n            <\/div><p><span style=\"font-weight: 400;\">La <a href=\"https:\/\/www.gobiernodecanarias.org\/educacion\/web\/\">Consejer\u00eda de Educaci\u00f3n, Formaci\u00f3n Profesional, Actividad F\u00edsica y Deportes del Gobierno de Canarias<\/a>, dirigida por Poli Su\u00e1rez, a trav\u00e9s de la Direcci\u00f3n General de la Actividad F\u00edsica y el Deporte, present\u00f3 este mi\u00e9rcoles, en el Aula Cultural de <\/span><a href=\"http:\/\/ecca.edu\"><b>ecca.edu<\/b><\/a> <span style=\"font-weight: 400;\">de Santa Cruz de Tenerife, el acuerdo de colaboraci\u00f3n del Proyecto Ganar con ecca.edu, colegios oficiales de Psicolog\u00eda de Las Palmas y Santa Cruz de Tenerife, y la Federaci\u00f3n Canaria de Municipios (FECAM).\u00a0<\/span><\/p>\n<p><img loading=\"lazy\" decoding=\"async\" class=\"aligncenter wp-image-5990\" src=\"https:\/\/blognoticias.ecca.edu.es\/wp-content\/uploads\/2025\/10\/WhatsApp-Image-2025-10-22-at-15.49.53-1024x575.jpeg\" alt=\"\" width=\"816\" height=\"458\" srcset=\"https:\/\/blognoticias.ecca.edu.es\/wp-content\/uploads\/2025\/10\/WhatsApp-Image-2025-10-22-at-15.49.53-1024x575.jpeg 1024w, https:\/\/blognoticias.ecca.edu.es\/wp-content\/uploads\/2025\/10\/WhatsApp-Image-2025-10-22-at-15.49.53-300x169.jpeg 300w, https:\/\/blognoticias.ecca.edu.es\/wp-content\/uploads\/2025\/10\/WhatsApp-Image-2025-10-22-at-15.49.53-768x432.jpeg 768w, https:\/\/blognoticias.ecca.edu.es\/wp-content\/uploads\/2025\/10\/WhatsApp-Image-2025-10-22-at-15.49.53-1536x863.jpeg 1536w, https:\/\/blognoticias.ecca.edu.es\/wp-content\/uploads\/2025\/10\/WhatsApp-Image-2025-10-22-at-15.49.53-18x10.jpeg 18w, https:\/\/blognoticias.ecca.edu.es\/wp-content\/uploads\/2025\/10\/WhatsApp-Image-2025-10-22-at-15.49.53.jpeg 1600w\" sizes=\"auto, (max-width: 816px) 100vw, 816px\" \/><\/p>\n<p><span style=\"font-weight: 400;\">El acto cont\u00f3 con la presencia del viceconsejero de la Actividad F\u00edsica y Deportes, \u00c1ngel Sabroso; el director general de la Actividad F\u00edsica y el Deporte, Jos\u00e9 Francisco P\u00e9rez; la directora general de Deportes Aut\u00f3ctonos, Lorena Hern\u00e1ndez; la consejera de Deportes del Cabildo de Tenerife, Yolanda Molin\u00e9; y la concejala del \u00e1rea de Calidad de Vida del Ayuntamiento de Santa Cruz de Tenerife, Alicia Cebri\u00e1n.<\/span><\/p>\n<p><span style=\"font-weight: 400;\">El acto de presentaci\u00f3n de la alianza del Proyecto Ganar con ecca.edu, colegios oficiales de psicolog\u00eda de Las Palmas y Santa Cruz de Tenerife y Fecam reuni\u00f3 tambi\u00e9n al director general de ecca.edu, Jos\u00e9 Mar\u00eda Segura SJ; el decano del Colegio Oficial de la Psicolog\u00eda de Las Palmas, Francisco Javier S\u00e1nchez; el representante del Colegio Oficial de Psicolog\u00eda de Santa Cruz de Tenerife, Javier El\u00e1; y el vocal de la Comisi\u00f3n de Cultura y Deportes de la FECAM, Manuel Gonz\u00e1lez.<\/span><\/p>\n<h2><b>La Formaci\u00f3n \u00abValores y entornos seguros\u00bb de ecca.edu<\/b><\/h2>\n<p><span style=\"font-weight: 400;\">La participaci\u00f3n <\/span><a href=\"http:\/\/ecca.edu\"><span style=\"font-weight: 400;\">ecca.edu<\/span><\/a><span style=\"font-weight: 400;\"> en esta alianza se ha centrado en dotar al proyecto la <a href=\"https:\/\/ecca.edu.es\/curso\/valores-y-entornfantil-y-juvenil\/\">formaci\u00f3n: \u2018Valores y entornos seguros en el deporte infantil y juvenil\u2019<\/a>. El curso, que incluye talleres, es totalmente becado y pretende ser una gu\u00eda para todas las personas que rodean a los peque\u00f1os deportistas con el objetivo de generar valores positivos en el deporte desde el respeto.\u00a0<\/span><\/p>\n<p><span style=\"font-weight: 400;\">El director general de la Actividad F\u00edsica y el Deporte, Jos\u00e9 Francisco P\u00e9rez, expres\u00f3 que \u201cel Proyecto Ganar sigue creciendo con nuevas acciones que esperamos implementar en las <strong>61 federaciones deportivas de Canarias<\/strong>, as\u00ed como en sus respectivas insulares. Los talleres desarrollados por ecca.edu y los Colegios Oficiales de Psicolog\u00eda contribuir\u00e1n a reforzar la formaci\u00f3n en valores, el bienestar emocional y la prevenci\u00f3n de conductas inapropiadas en el \u00e1mbito deportivo. Todo ello, bajo el amparo de la FECAM, que nos arropa para difundir en los 88 municipios las acciones de una iniciativa que busca seguir promoviendo un<strong> deporte m\u00e1s seguro, educativo y comprometido<\/strong> con sus j\u00f3venes deportistas\u201d.\u00a0<\/span><\/p>\n<p><span style=\"font-weight: 400;\">Por su parte, el director general de <\/span><a href=\"http:\/\/ecca.edu\"><span style=\"font-weight: 400;\">ecca.edu<\/span><\/a><span style=\"font-weight: 400;\">, Jos\u00e9 Mar\u00eda Segura SJ, asever\u00f3 durante su intervenci\u00f3n que se trata de un curso \u201curgente, necesario y valiente, que nace interactivo y con voluntad de ir adapt\u00e1ndose a las necesidades que se vayan detectando para transformar y cambiar c\u00f3mo se educa a trav\u00e9s del deporte\u201d.\u00a0<\/span><\/p>\n<h2>Proyecto Ganar: iniciativa clave del Gobierno de Canarias<\/h2>\n<p><span style=\"font-weight: 400;\">El Proyecto Ganar sigue creciendo y consolid\u00e1ndose como una iniciativa clave del Gobierno de Canarias para<strong> promover valores y pr\u00e1cticas seguras en el deporte<\/strong>. Su evoluci\u00f3n se fortalece con el acuerdo de colaboraci\u00f3n con ecca.edu, los Colegios Oficiales de Psicolog\u00eda y la FECAM, uniendo educaci\u00f3n, acompa\u00f1amiento psicol\u00f3gico y acci\u00f3n municipal. Gracias a esta colaboraci\u00f3n, Ganar ampl\u00eda su alcance y refuerza su compromiso con una pr\u00e1ctica deportiva m\u00e1s segura, inclusiva y formativa en toda Canarias.<\/span><\/p>\n<p><img loading=\"lazy\" decoding=\"async\" class=\"aligncenter wp-image-6010\" src=\"https:\/\/blognoticias.ecca.edu.es\/wp-content\/uploads\/2025\/10\/149-Meme-1080x1350px-Proyecto-GANAR-V4-DEF-1-819x1024.jpg\" alt=\"Cartel de la formaci\u00f3n del Proyecto GANAR\" width=\"548\" height=\"685\" srcset=\"https:\/\/blognoticias.ecca.edu.es\/wp-content\/uploads\/2025\/10\/149-Meme-1080x1350px-Proyecto-GANAR-V4-DEF-1-819x1024.jpg 819w, https:\/\/blognoticias.ecca.edu.es\/wp-content\/uploads\/2025\/10\/149-Meme-1080x1350px-Proyecto-GANAR-V4-DEF-1-240x300.jpg 240w, https:\/\/blognoticias.ecca.edu.es\/wp-content\/uploads\/2025\/10\/149-Meme-1080x1350px-Proyecto-GANAR-V4-DEF-1-768x960.jpg 768w, https:\/\/blognoticias.ecca.edu.es\/wp-content\/uploads\/2025\/10\/149-Meme-1080x1350px-Proyecto-GANAR-V4-DEF-1-10x12.jpg 10w, https:\/\/blognoticias.ecca.edu.es\/wp-content\/uploads\/2025\/10\/149-Meme-1080x1350px-Proyecto-GANAR-V4-DEF-1.jpg 1080w\" sizes=\"auto, (max-width: 548px) 100vw, 548px\" \/><\/p>\n<p><span style=\"font-weight: 400;\">ecca.edu ofrecer\u00e1 talleres online gratuitos dirigidos principalmente a las familias y con posibilidad de acceso por parte del resto de agentes<a href=\"https:\/\/blognoticias.ecca.edu.es\/en\/ecca-edu-y-fundacion-disa-analizan-la-importancia-de-la-educacion-en-el-deporte-y-la-cultura\/\"> deportivos<\/a>. Estas formaciones fomentar\u00e1n valores y entornos seguros, contribuyendo a prevenir la violencia. Por su parte, Los <a href=\"https:\/\/copsctenerife.es\/\">Colegios Oficiales de Psicolog\u00eda de Santa Cruz de Tenerife (COPTFE)<\/a> y <a href=\"https:\/\/www.coplaspalmas.org\/\">Las Palmas (COPLP)<\/a> impartir\u00e1n talleres presenciales para directivos, entrenadores, deportistas y familias, centrados en el fomento de valores y gesti\u00f3n emocional, alineados con los objetivos del proyecto.<\/span><\/p>\n<p><span style=\"font-weight: 400;\">Con la colaboraci\u00f3n de la FECAM, se promueve la difusi\u00f3n de estas iniciativas, as\u00ed como su participaci\u00f3n activa en las distintas acciones del Proyecto GANAR, que sigue avanzando mediante la consolidaci\u00f3n de alianzas estrat\u00e9gicas que permitan fortalecer su alcance e impulsar su implementaci\u00f3n en las 61 federaciones deportivas de Canarias. Una cooperaci\u00f3n que refuerza la formaci\u00f3n integral de los diferentes agentes deportivos con el firme prop\u00f3sito de educar en valores y promover pr\u00e1cticas deportivas seguras.<\/span><\/p>\n<p><span style=\"font-weight: 400;\">La matriculaci\u00f3n del curso ya est\u00e1 disponible en la web de <\/span><a href=\"http:\/\/ecca.edu\"><span style=\"font-weight: 400;\">ecca.edu<\/span><\/a><span style=\"font-weight: 400;\">:\u00a0<\/span><\/p>\n<p><a href=\"https:\/\/ecca.edu.es\/curso\/valores-y-entornfantil-y-juvenil\/\"><span style=\"font-weight: 400;\">https:\/\/ecca.edu.es\/curso\/valores-y-entornfantil-y-juvenil\/<\/span><\/a><span style=\"font-weight: 400;\">\u00a0<\/span><\/p>\n<div id='gallery-1' class='gallery galleryid-5983 gallery-columns-3 gallery-size-large'><figure class='gallery-item'>\n\t\t\t<div class='gallery-icon landscape'>\n\t\t\t\t<a href='https:\/\/blognoticias.ecca.edu.es\/en\/ecca-edu-y-la-direccion-general-de-la-actividad-fisica-y-el-deporte-del-gobierno-de-canarias-impulsan-una-formacion-para-educar-en-valores-y-generar-entornos-seguros-en-el-deporte-infantil-y-juvenil\/whatsapp-image-2025-10-22-at-15-49-53-2\/'><img loading=\"lazy\" decoding=\"async\" width=\"750\" height=\"500\" src=\"https:\/\/blognoticias.ecca.edu.es\/wp-content\/uploads\/2025\/10\/WhatsApp-Image-2025-10-22-at-15.49.53-2-1024x682.jpeg\" class=\"attachment-large size-large\" alt=\"\" srcset=\"https:\/\/blognoticias.ecca.edu.es\/wp-content\/uploads\/2025\/10\/WhatsApp-Image-2025-10-22-at-15.49.53-2-1024x682.jpeg 1024w, https:\/\/blognoticias.ecca.edu.es\/wp-content\/uploads\/2025\/10\/WhatsApp-Image-2025-10-22-at-15.49.53-2-300x200.jpeg 300w, https:\/\/blognoticias.ecca.edu.es\/wp-content\/uploads\/2025\/10\/WhatsApp-Image-2025-10-22-at-15.49.53-2-768x512.jpeg 768w, https:\/\/blognoticias.ecca.edu.es\/wp-content\/uploads\/2025\/10\/WhatsApp-Image-2025-10-22-at-15.49.53-2-1536x1023.jpeg 1536w, https:\/\/blognoticias.ecca.edu.es\/wp-content\/uploads\/2025\/10\/WhatsApp-Image-2025-10-22-at-15.49.53-2-18x12.jpeg 18w, https:\/\/blognoticias.ecca.edu.es\/wp-content\/uploads\/2025\/10\/WhatsApp-Image-2025-10-22-at-15.49.53-2.jpeg 1600w\" sizes=\"auto, (max-width: 750px) 100vw, 750px\" \/><\/a>\n\t\t\t<\/div><\/figure><figure class='gallery-item'>\n\t\t\t<div class='gallery-icon landscape'>\n\t\t\t\t<a href='https:\/\/blognoticias.ecca.edu.es\/en\/ecca-edu-y-la-direccion-general-de-la-actividad-fisica-y-el-deporte-del-gobierno-de-canarias-impulsan-una-formacion-para-educar-en-valores-y-generar-entornos-seguros-en-el-deporte-infantil-y-juvenil\/whatsapp-image-2025-10-22-at-15-49-53-3\/'><img loading=\"lazy\" decoding=\"async\" width=\"750\" height=\"500\" src=\"https:\/\/blognoticias.ecca.edu.es\/wp-content\/uploads\/2025\/10\/WhatsApp-Image-2025-10-22-at-15.49.53-3-1024x682.jpeg\" class=\"attachment-large size-large\" alt=\"\" srcset=\"https:\/\/blognoticias.ecca.edu.es\/wp-content\/uploads\/2025\/10\/WhatsApp-Image-2025-10-22-at-15.49.53-3-1024x682.jpeg 1024w, https:\/\/blognoticias.ecca.edu.es\/wp-content\/uploads\/2025\/10\/WhatsApp-Image-2025-10-22-at-15.49.53-3-300x200.jpeg 300w, https:\/\/blognoticias.ecca.edu.es\/wp-content\/uploads\/2025\/10\/WhatsApp-Image-2025-10-22-at-15.49.53-3-768x512.jpeg 768w, https:\/\/blognoticias.ecca.edu.es\/wp-content\/uploads\/2025\/10\/WhatsApp-Image-2025-10-22-at-15.49.53-3-1536x1023.jpeg 1536w, https:\/\/blognoticias.ecca.edu.es\/wp-content\/uploads\/2025\/10\/WhatsApp-Image-2025-10-22-at-15.49.53-3-18x12.jpeg 18w, https:\/\/blognoticias.ecca.edu.es\/wp-content\/uploads\/2025\/10\/WhatsApp-Image-2025-10-22-at-15.49.53-3.jpeg 1600w\" sizes=\"auto, (max-width: 750px) 100vw, 750px\" \/><\/a>\n\t\t\t<\/div><\/figure><figure class='gallery-item'>\n\t\t\t<div class='gallery-icon landscape'>\n\t\t\t\t<a href='https:\/\/blognoticias.ecca.edu.es\/en\/ecca-edu-y-la-direccion-general-de-la-actividad-fisica-y-el-deporte-del-gobierno-de-canarias-impulsan-una-formacion-para-educar-en-valores-y-generar-entornos-seguros-en-el-deporte-infantil-y-juvenil\/whatsapp-image-2025-10-22-at-15-49-53-1\/'><img loading=\"lazy\" decoding=\"async\" width=\"750\" height=\"422\" src=\"https:\/\/blognoticias.ecca.edu.es\/wp-content\/uploads\/2025\/10\/WhatsApp-Image-2025-10-22-at-15.49.53-1-1024x576.jpeg\" class=\"attachment-large size-large\" alt=\"\" srcset=\"https:\/\/blognoticias.ecca.edu.es\/wp-content\/uploads\/2025\/10\/WhatsApp-Image-2025-10-22-at-15.49.53-1-1024x576.jpeg 1024w, https:\/\/blognoticias.ecca.edu.es\/wp-content\/uploads\/2025\/10\/WhatsApp-Image-2025-10-22-at-15.49.53-1-300x169.jpeg 300w, https:\/\/blognoticias.ecca.edu.es\/wp-content\/uploads\/2025\/10\/WhatsApp-Image-2025-10-22-at-15.49.53-1-768x432.jpeg 768w, https:\/\/blognoticias.ecca.edu.es\/wp-content\/uploads\/2025\/10\/WhatsApp-Image-2025-10-22-at-15.49.53-1-1536x864.jpeg 1536w, https:\/\/blognoticias.ecca.edu.es\/wp-content\/uploads\/2025\/10\/WhatsApp-Image-2025-10-22-at-15.49.53-1-18x10.jpeg 18w, https:\/\/blognoticias.ecca.edu.es\/wp-content\/uploads\/2025\/10\/WhatsApp-Image-2025-10-22-at-15.49.53-1.jpeg 1600w\" sizes=\"auto, (max-width: 750px) 100vw, 750px\" \/><\/a>\n\t\t\t<\/div><\/figure><figure class='gallery-item'>\n\t\t\t<div class='gallery-icon landscape'>\n\t\t\t\t<a href='https:\/\/blognoticias.ecca.edu.es\/en\/ecca-edu-y-la-direccion-general-de-la-actividad-fisica-y-el-deporte-del-gobierno-de-canarias-impulsan-una-formacion-para-educar-en-valores-y-generar-entornos-seguros-en-el-deporte-infantil-y-juvenil\/whatsapp-image-2025-10-22-at-15-49-52\/'><img loading=\"lazy\" decoding=\"async\" width=\"750\" height=\"500\" src=\"https:\/\/blognoticias.ecca.edu.es\/wp-content\/uploads\/2025\/10\/WhatsApp-Image-2025-10-22-at-15.49.52-1024x682.jpeg\" class=\"attachment-large size-large\" alt=\"\" srcset=\"https:\/\/blognoticias.ecca.edu.es\/wp-content\/uploads\/2025\/10\/WhatsApp-Image-2025-10-22-at-15.49.52-1024x682.jpeg 1024w, https:\/\/blognoticias.ecca.edu.es\/wp-content\/uploads\/2025\/10\/WhatsApp-Image-2025-10-22-at-15.49.52-300x200.jpeg 300w, https:\/\/blognoticias.ecca.edu.es\/wp-content\/uploads\/2025\/10\/WhatsApp-Image-2025-10-22-at-15.49.52-768x512.jpeg 768w, https:\/\/blognoticias.ecca.edu.es\/wp-content\/uploads\/2025\/10\/WhatsApp-Image-2025-10-22-at-15.49.52-1536x1023.jpeg 1536w, https:\/\/blognoticias.ecca.edu.es\/wp-content\/uploads\/2025\/10\/WhatsApp-Image-2025-10-22-at-15.49.52-18x12.jpeg 18w, https:\/\/blognoticias.ecca.edu.es\/wp-content\/uploads\/2025\/10\/WhatsApp-Image-2025-10-22-at-15.49.52.jpeg 1600w\" sizes=\"auto, (max-width: 750px) 100vw, 750px\" \/><\/a>\n\t\t\t<\/div><\/figure><figure class='gallery-item'>\n\t\t\t<div class='gallery-icon landscape'>\n\t\t\t\t<a href='https:\/\/blognoticias.ecca.edu.es\/en\/ecca-edu-y-la-direccion-general-de-la-actividad-fisica-y-el-deporte-del-gobierno-de-canarias-impulsan-una-formacion-para-educar-en-valores-y-generar-entornos-seguros-en-el-deporte-infantil-y-juvenil\/whatsapp-image-2025-10-22-at-15-49-52-2\/'><img loading=\"lazy\" decoding=\"async\" width=\"750\" height=\"500\" src=\"https:\/\/blognoticias.ecca.edu.es\/wp-content\/uploads\/2025\/10\/WhatsApp-Image-2025-10-22-at-15.49.52-2-1024x682.jpeg\" class=\"attachment-large size-large\" alt=\"\" srcset=\"https:\/\/blognoticias.ecca.edu.es\/wp-content\/uploads\/2025\/10\/WhatsApp-Image-2025-10-22-at-15.49.52-2-1024x682.jpeg 1024w, https:\/\/blognoticias.ecca.edu.es\/wp-content\/uploads\/2025\/10\/WhatsApp-Image-2025-10-22-at-15.49.52-2-300x200.jpeg 300w, https:\/\/blognoticias.ecca.edu.es\/wp-content\/uploads\/2025\/10\/WhatsApp-Image-2025-10-22-at-15.49.52-2-768x512.jpeg 768w, https:\/\/blognoticias.ecca.edu.es\/wp-content\/uploads\/2025\/10\/WhatsApp-Image-2025-10-22-at-15.49.52-2-1536x1023.jpeg 1536w, https:\/\/blognoticias.ecca.edu.es\/wp-content\/uploads\/2025\/10\/WhatsApp-Image-2025-10-22-at-15.49.52-2-18x12.jpeg 18w, https:\/\/blognoticias.ecca.edu.es\/wp-content\/uploads\/2025\/10\/WhatsApp-Image-2025-10-22-at-15.49.52-2.jpeg 1600w\" sizes=\"auto, (max-width: 750px) 100vw, 750px\" \/><\/a>\n\t\t\t<\/div><\/figure><figure class='gallery-item'>\n\t\t\t<div class='gallery-icon landscape'>\n\t\t\t\t<a href='https:\/\/blognoticias.ecca.edu.es\/en\/ecca-edu-y-la-direccion-general-de-la-actividad-fisica-y-el-deporte-del-gobierno-de-canarias-impulsan-una-formacion-para-educar-en-valores-y-generar-entornos-seguros-en-el-deporte-infantil-y-juvenil\/whatsapp-image-2025-10-22-at-15-49-52-1\/'><img loading=\"lazy\" decoding=\"async\" width=\"750\" height=\"500\" src=\"https:\/\/blognoticias.ecca.edu.es\/wp-content\/uploads\/2025\/10\/WhatsApp-Image-2025-10-22-at-15.49.52-1-1024x682.jpeg\" class=\"attachment-large size-large\" alt=\"\" srcset=\"https:\/\/blognoticias.ecca.edu.es\/wp-content\/uploads\/2025\/10\/WhatsApp-Image-2025-10-22-at-15.49.52-1-1024x682.jpeg 1024w, https:\/\/blognoticias.ecca.edu.es\/wp-content\/uploads\/2025\/10\/WhatsApp-Image-2025-10-22-at-15.49.52-1-300x200.jpeg 300w, https:\/\/blognoticias.ecca.edu.es\/wp-content\/uploads\/2025\/10\/WhatsApp-Image-2025-10-22-at-15.49.52-1-768x512.jpeg 768w, https:\/\/blognoticias.ecca.edu.es\/wp-content\/uploads\/2025\/10\/WhatsApp-Image-2025-10-22-at-15.49.52-1-1536x1023.jpeg 1536w, https:\/\/blognoticias.ecca.edu.es\/wp-content\/uploads\/2025\/10\/WhatsApp-Image-2025-10-22-at-15.49.52-1-18x12.jpeg 18w, https:\/\/blognoticias.ecca.edu.es\/wp-content\/uploads\/2025\/10\/WhatsApp-Image-2025-10-22-at-15.49.52-1.jpeg 1600w\" sizes=\"auto, (max-width: 750px) 100vw, 750px\" \/><\/a>\n\t\t\t<\/div><\/figure>\n\t\t<\/div>","protected":false},"excerpt":{"rendered":"<p>La Consejer\u00eda de Educaci\u00f3n, Formaci\u00f3n Profesional, Actividad F\u00edsica y Deportes del Gobierno de Canarias, dirigida por Poli Su\u00e1rez, a trav\u00e9s de la Direcci\u00f3n General de la Actividad F\u00edsica y el Deporte, present\u00f3 este mi\u00e9rcoles, en el Aula Cultural de ecca.edu de Santa Cruz de Tenerife, el acuerdo de colaboraci\u00f3n del Proyecto Ganar con ecca.edu, colegios [&hellip;]<\/p>","protected":false},"author":2,"featured_media":5991,"comment_status":"closed","ping_status":"closed","sticky":false,"template":"","format":"standard","meta":{"footnotes":""},"categories":[1,177,1293,106],"tags":[1472,1299,1468,1469,1470,1471],"class_list":["post-5983","post","type-post","status-publish","format-standard","has-post-thumbnail","hentry","category-blog","category-formacion","category-noticias","category-relevante","tag-entorno-seguro","tag-formacion","tag-proyecto-ganar","tag-proyecto-ganar-ecca-edu","tag-valores-deporte","tag-valores-y-entornos-seguros"],"yoast_head":"<!-- This site is optimized with the Yoast SEO plugin v25.9 - https:\/\/yoast.com\/wordpress\/plugins\/seo\/ -->\n<title>ecca.edu y la Direcci\u00f3n General de la Actividad F\u00edsica y el Deporte del Gobierno de Canarias impulsan una formaci\u00f3n para educar en valores y generar entornos seguros en el deporte infantil y juvenil<\/title>\n<meta name=\"description\" content=\"La Consejer\u00eda de Educaci\u00f3n, Formaci\u00f3n Profesional, Actividad F\u00edsica y Deportes del Gobierno de Canarias, presenta el Proyecto Ganar\" \/>\n<meta name=\"robots\" content=\"index, follow, max-snippet:-1, max-image-preview:large, max-video-preview:-1\" \/>\n<link rel=\"canonical\" href=\"https:\/\/blognoticias.ecca.edu.es\/en\/ecca-edu-y-la-direccion-general-de-la-actividad-fisica-y-el-deporte-del-gobierno-de-canarias-impulsan-una-formacion-para-educar-en-valores-y-generar-entornos-seguros-en-el-deporte-infantil-y-juvenil\/\" \/>\n<meta property=\"og:locale\" content=\"en_GB\" \/>\n<meta property=\"og:type\" content=\"article\" \/>\n<meta property=\"og:title\" content=\"ecca.edu y la Direcci\u00f3n General de la Actividad F\u00edsica y el Deporte del Gobierno de Canarias impulsan una formaci\u00f3n para educar en valores y generar entornos seguros en el deporte infantil y juvenil\" \/>\n<meta property=\"og:description\" content=\"La Consejer\u00eda de Educaci\u00f3n, Formaci\u00f3n Profesional, Actividad F\u00edsica y Deportes del Gobierno de Canarias, presenta el Proyecto Ganar\" \/>\n<meta property=\"og:url\" content=\"https:\/\/blognoticias.ecca.edu.es\/en\/ecca-edu-y-la-direccion-general-de-la-actividad-fisica-y-el-deporte-del-gobierno-de-canarias-impulsan-una-formacion-para-educar-en-valores-y-generar-entornos-seguros-en-el-deporte-infantil-y-juvenil\/\" \/>\n<meta property=\"og:site_name\" content=\"Blog Noticias Ecca\" \/>\n<meta property=\"article:publisher\" content=\"https:\/\/www.facebook.com\/ecca.edu.es\" \/>\n<meta property=\"article:published_time\" content=\"2025-10-23T13:21:43+00:00\" \/>\n<meta property=\"article:modified_time\" content=\"2026-01-08T12:51:30+00:00\" \/>\n<meta property=\"og:image\" content=\"https:\/\/blognoticias.ecca.edu.es\/wp-content\/uploads\/2025\/10\/Platilla-Instagram-cuadrado-y-blog-6.png\" \/>\n\t<meta property=\"og:image:width\" content=\"1080\" \/>\n\t<meta property=\"og:image:height\" content=\"1080\" \/>\n\t<meta property=\"og:image:type\" content=\"image\/png\" \/>\n<meta name=\"author\" content=\"Ecca.edu\" \/>\n<meta name=\"twitter:card\" content=\"summary_large_image\" \/>\n<meta name=\"twitter:creator\" content=\"@eccaedu\" \/>\n<meta name=\"twitter:site\" content=\"@eccaedu\" \/>\n<meta name=\"twitter:label1\" content=\"Written by\" \/>\n\t<meta name=\"twitter:data1\" content=\"Ecca.edu\" \/>\n\t<meta name=\"twitter:label2\" content=\"Estimated reading time\" \/>\n\t<meta name=\"twitter:data2\" content=\"4 minutes\" \/>\n<script type=\"application\/ld+json\" class=\"yoast-schema-graph\">{\"@context\":\"https:\/\/schema.org\",\"@graph\":[{\"@type\":\"Article\",\"@id\":\"https:\/\/blognoticias.ecca.edu.es\/ecca-edu-y-la-direccion-general-de-la-actividad-fisica-y-el-deporte-del-gobierno-de-canarias-impulsan-una-formacion-para-educar-en-valores-y-generar-entornos-seguros-en-el-deporte-infantil-y-juvenil\/#article\",\"isPartOf\":{\"@id\":\"https:\/\/blognoticias.ecca.edu.es\/ecca-edu-y-la-direccion-general-de-la-actividad-fisica-y-el-deporte-del-gobierno-de-canarias-impulsan-una-formacion-para-educar-en-valores-y-generar-entornos-seguros-en-el-deporte-infantil-y-juvenil\/\"},\"author\":{\"name\":\"Ecca.edu\",\"@id\":\"https:\/\/blognoticias.ecca.edu.es\/#\/schema\/person\/8070573f481ccba909661fdb1cf9e5eb\"},\"headline\":\"ecca.edu y la Direcci\u00f3n General de la Actividad F\u00edsica y el Deporte del Gobierno de Canarias impulsan una formaci\u00f3n para educar en valores y generar entornos seguros en el deporte infantil y juvenil\",\"datePublished\":\"2025-10-23T13:21:43+00:00\",\"dateModified\":\"2026-01-08T12:51:30+00:00\",\"mainEntityOfPage\":{\"@id\":\"https:\/\/blognoticias.ecca.edu.es\/ecca-edu-y-la-direccion-general-de-la-actividad-fisica-y-el-deporte-del-gobierno-de-canarias-impulsan-una-formacion-para-educar-en-valores-y-generar-entornos-seguros-en-el-deporte-infantil-y-juvenil\/\"},\"wordCount\":820,\"publisher\":{\"@id\":\"https:\/\/blognoticias.ecca.edu.es\/#organization\"},\"image\":{\"@id\":\"https:\/\/blognoticias.ecca.edu.es\/ecca-edu-y-la-direccion-general-de-la-actividad-fisica-y-el-deporte-del-gobierno-de-canarias-impulsan-una-formacion-para-educar-en-valores-y-generar-entornos-seguros-en-el-deporte-infantil-y-juvenil\/#primaryimage\"},\"thumbnailUrl\":\"https:\/\/blognoticias.ecca.edu.es\/wp-content\/uploads\/2025\/10\/Platilla-Instagram-cuadrado-y-blog-6.png\",\"keywords\":[\"entorno seguro\",\"formaci\u00f3n\",\"PROYECTO GANAR\",\"PROYECTO GANAR ecca.edu\",\"Valores deporte\",\"Valores y entornos seguros\"],\"articleSection\":[\"Blog\",\"Formaci\u00f3n\",\"Noticias\",\"Relevante\"],\"inLanguage\":\"en-GB\"},{\"@type\":\"WebPage\",\"@id\":\"https:\/\/blognoticias.ecca.edu.es\/ecca-edu-y-la-direccion-general-de-la-actividad-fisica-y-el-deporte-del-gobierno-de-canarias-impulsan-una-formacion-para-educar-en-valores-y-generar-entornos-seguros-en-el-deporte-infantil-y-juvenil\/\",\"url\":\"https:\/\/blognoticias.ecca.edu.es\/ecca-edu-y-la-direccion-general-de-la-actividad-fisica-y-el-deporte-del-gobierno-de-canarias-impulsan-una-formacion-para-educar-en-valores-y-generar-entornos-seguros-en-el-deporte-infantil-y-juvenil\/\",\"name\":\"ecca.edu y la Direcci\u00f3n General de la Actividad F\u00edsica y el Deporte del Gobierno de Canarias impulsan una formaci\u00f3n para educar en valores y generar entornos seguros en el deporte infantil y juvenil\",\"isPartOf\":{\"@id\":\"https:\/\/blognoticias.ecca.edu.es\/#website\"},\"primaryImageOfPage\":{\"@id\":\"https:\/\/blognoticias.ecca.edu.es\/ecca-edu-y-la-direccion-general-de-la-actividad-fisica-y-el-deporte-del-gobierno-de-canarias-impulsan-una-formacion-para-educar-en-valores-y-generar-entornos-seguros-en-el-deporte-infantil-y-juvenil\/#primaryimage\"},\"image\":{\"@id\":\"https:\/\/blognoticias.ecca.edu.es\/ecca-edu-y-la-direccion-general-de-la-actividad-fisica-y-el-deporte-del-gobierno-de-canarias-impulsan-una-formacion-para-educar-en-valores-y-generar-entornos-seguros-en-el-deporte-infantil-y-juvenil\/#primaryimage\"},\"thumbnailUrl\":\"https:\/\/blognoticias.ecca.edu.es\/wp-content\/uploads\/2025\/10\/Platilla-Instagram-cuadrado-y-blog-6.png\",\"datePublished\":\"2025-10-23T13:21:43+00:00\",\"dateModified\":\"2026-01-08T12:51:30+00:00\",\"description\":\"La Consejer\u00eda de Educaci\u00f3n, Formaci\u00f3n Profesional, Actividad F\u00edsica y Deportes del Gobierno de Canarias, presenta el Proyecto Ganar\",\"breadcrumb\":{\"@id\":\"https:\/\/blognoticias.ecca.edu.es\/ecca-edu-y-la-direccion-general-de-la-actividad-fisica-y-el-deporte-del-gobierno-de-canarias-impulsan-una-formacion-para-educar-en-valores-y-generar-entornos-seguros-en-el-deporte-infantil-y-juvenil\/#breadcrumb\"},\"inLanguage\":\"en-GB\",\"potentialAction\":[{\"@type\":\"ReadAction\",\"target\":[\"https:\/\/blognoticias.ecca.edu.es\/ecca-edu-y-la-direccion-general-de-la-actividad-fisica-y-el-deporte-del-gobierno-de-canarias-impulsan-una-formacion-para-educar-en-valores-y-generar-entornos-seguros-en-el-deporte-infantil-y-juvenil\/\"]}]},{\"@type\":\"ImageObject\",\"inLanguage\":\"en-GB\",\"@id\":\"https:\/\/blognoticias.ecca.edu.es\/ecca-edu-y-la-direccion-general-de-la-actividad-fisica-y-el-deporte-del-gobierno-de-canarias-impulsan-una-formacion-para-educar-en-valores-y-generar-entornos-seguros-en-el-deporte-infantil-y-juvenil\/#primaryimage\",\"url\":\"https:\/\/blognoticias.ecca.edu.es\/wp-content\/uploads\/2025\/10\/Platilla-Instagram-cuadrado-y-blog-6.png\",\"contentUrl\":\"https:\/\/blognoticias.ecca.edu.es\/wp-content\/uploads\/2025\/10\/Platilla-Instagram-cuadrado-y-blog-6.png\",\"width\":1080,\"height\":1080,\"caption\":\"ecca.edu y la Direcci\u00f3n General de la Actividad F\u00edsica y el Deporte del Gobierno de Canarias impulsan una formaci\u00f3n para educar en valores y generar entornos seguros en el deporte infantil y juvenil\"},{\"@type\":\"BreadcrumbList\",\"@id\":\"https:\/\/blognoticias.ecca.edu.es\/ecca-edu-y-la-direccion-general-de-la-actividad-fisica-y-el-deporte-del-gobierno-de-canarias-impulsan-una-formacion-para-educar-en-valores-y-generar-entornos-seguros-en-el-deporte-infantil-y-juvenil\/#breadcrumb\",\"itemListElement\":[{\"@type\":\"ListItem\",\"position\":1,\"name\":\"Portada\",\"item\":\"https:\/\/blognoticias.ecca.edu.es\/\"},{\"@type\":\"ListItem\",\"position\":2,\"name\":\"ecca.edu y la Direcci\u00f3n General de la Actividad F\u00edsica y el Deporte del Gobierno de Canarias impulsan una formaci\u00f3n para educar en valores y generar entornos seguros en el deporte infantil y juvenil\"}]},{\"@type\":\"WebSite\",\"@id\":\"https:\/\/blognoticias.ecca.edu.es\/#website\",\"url\":\"https:\/\/blognoticias.ecca.edu.es\/\",\"name\":\"Blog Noticias Ecca\",\"description\":\"\",\"publisher\":{\"@id\":\"https:\/\/blognoticias.ecca.edu.es\/#organization\"},\"potentialAction\":[{\"@type\":\"SearchAction\",\"target\":{\"@type\":\"EntryPoint\",\"urlTemplate\":\"https:\/\/blognoticias.ecca.edu.es\/?s={search_term_string}\"},\"query-input\":{\"@type\":\"PropertyValueSpecification\",\"valueRequired\":true,\"valueName\":\"search_term_string\"}}],\"inLanguage\":\"en-GB\"},{\"@type\":\"Organization\",\"@id\":\"https:\/\/blognoticias.ecca.edu.es\/#organization\",\"name\":\"Blog Noticias Ecca\",\"url\":\"https:\/\/blognoticias.ecca.edu.es\/\",\"logo\":{\"@type\":\"ImageObject\",\"inLanguage\":\"en-GB\",\"@id\":\"https:\/\/blognoticias.ecca.edu.es\/#\/schema\/logo\/image\/\",\"url\":\"https:\/\/blognoticias.ecca.edu.es\/wp-content\/uploads\/2023\/02\/cropped-cropped-cropped-cropped-Logo-Ecca.edu_.png\",\"contentUrl\":\"https:\/\/blognoticias.ecca.edu.es\/wp-content\/uploads\/2023\/02\/cropped-cropped-cropped-cropped-Logo-Ecca.edu_.png\",\"width\":293,\"height\":45,\"caption\":\"Blog Noticias Ecca\"},\"image\":{\"@id\":\"https:\/\/blognoticias.ecca.edu.es\/#\/schema\/logo\/image\/\"},\"sameAs\":[\"https:\/\/www.facebook.com\/ecca.edu.es\",\"https:\/\/x.com\/eccaedu\",\"https:\/\/www.instagram.com\/\"]},{\"@type\":\"Person\",\"@id\":\"https:\/\/blognoticias.ecca.edu.es\/#\/schema\/person\/8070573f481ccba909661fdb1cf9e5eb\",\"name\":\"Ecca.edu\",\"image\":{\"@type\":\"ImageObject\",\"inLanguage\":\"en-GB\",\"@id\":\"https:\/\/blognoticias.ecca.edu.es\/#\/schema\/person\/image\/\",\"url\":\"https:\/\/blognoticias.ecca.edu.es\/wp-content\/uploads\/2023\/02\/LOGO-ECCAEDU-1-150x150.png\",\"contentUrl\":\"https:\/\/blognoticias.ecca.edu.es\/wp-content\/uploads\/2023\/02\/LOGO-ECCAEDU-1-150x150.png\",\"caption\":\"Ecca.edu\"},\"url\":\"https:\/\/blognoticias.ecca.edu.es\/en\/author\/ecca-edu\/\"}]}<\/script>\n<!-- \/ Yoast SEO plugin. -->","yoast_head_json":{"title":"ecca.edu y la Direcci\u00f3n General de la Actividad F\u00edsica y el Deporte del Gobierno de Canarias impulsan una formaci\u00f3n para educar en valores y generar entornos seguros en el deporte infantil y juvenil","description":"La Consejer\u00eda de Educaci\u00f3n, Formaci\u00f3n Profesional, Actividad F\u00edsica y Deportes del Gobierno de Canarias, presenta el Proyecto Ganar","robots":{"index":"index","follow":"follow","max-snippet":"max-snippet:-1","max-image-preview":"max-image-preview:large","max-video-preview":"max-video-preview:-1"},"canonical":"https:\/\/blognoticias.ecca.edu.es\/en\/ecca-edu-y-la-direccion-general-de-la-actividad-fisica-y-el-deporte-del-gobierno-de-canarias-impulsan-una-formacion-para-educar-en-valores-y-generar-entornos-seguros-en-el-deporte-infantil-y-juvenil\/","og_locale":"en_GB","og_type":"article","og_title":"ecca.edu y la Direcci\u00f3n General de la Actividad F\u00edsica y el Deporte del Gobierno de Canarias impulsan una formaci\u00f3n para educar en valores y generar entornos seguros en el deporte infantil y juvenil","og_description":"La Consejer\u00eda de Educaci\u00f3n, Formaci\u00f3n Profesional, Actividad F\u00edsica y Deportes del Gobierno de Canarias, presenta el Proyecto Ganar","og_url":"https:\/\/blognoticias.ecca.edu.es\/en\/ecca-edu-y-la-direccion-general-de-la-actividad-fisica-y-el-deporte-del-gobierno-de-canarias-impulsan-una-formacion-para-educar-en-valores-y-generar-entornos-seguros-en-el-deporte-infantil-y-juvenil\/","og_site_name":"Blog Noticias Ecca","article_publisher":"https:\/\/www.facebook.com\/ecca.edu.es","article_published_time":"2025-10-23T13:21:43+00:00","article_modified_time":"2026-01-08T12:51:30+00:00","og_image":[{"width":1080,"height":1080,"url":"https:\/\/blognoticias.ecca.edu.es\/wp-content\/uploads\/2025\/10\/Platilla-Instagram-cuadrado-y-blog-6.png","type":"image\/png"}],"author":"Ecca.edu","twitter_card":"summary_large_image","twitter_creator":"@eccaedu","twitter_site":"@eccaedu","twitter_misc":{"Written by":"Ecca.edu","Estimated reading time":"4 minutes"},"schema":{"@context":"https:\/\/schema.org","@graph":[{"@type":"Article","@id":"https:\/\/blognoticias.ecca.edu.es\/ecca-edu-y-la-direccion-general-de-la-actividad-fisica-y-el-deporte-del-gobierno-de-canarias-impulsan-una-formacion-para-educar-en-valores-y-generar-entornos-seguros-en-el-deporte-infantil-y-juvenil\/#article","isPartOf":{"@id":"https:\/\/blognoticias.ecca.edu.es\/ecca-edu-y-la-direccion-general-de-la-actividad-fisica-y-el-deporte-del-gobierno-de-canarias-impulsan-una-formacion-para-educar-en-valores-y-generar-entornos-seguros-en-el-deporte-infantil-y-juvenil\/"},"author":{"name":"Ecca.edu","@id":"https:\/\/blognoticias.ecca.edu.es\/#\/schema\/person\/8070573f481ccba909661fdb1cf9e5eb"},"headline":"ecca.edu y la Direcci\u00f3n General de la Actividad F\u00edsica y el Deporte del Gobierno de Canarias impulsan una formaci\u00f3n para educar en valores y generar entornos seguros en el deporte infantil y juvenil","datePublished":"2025-10-23T13:21:43+00:00","dateModified":"2026-01-08T12:51:30+00:00","mainEntityOfPage":{"@id":"https:\/\/blognoticias.ecca.edu.es\/ecca-edu-y-la-direccion-general-de-la-actividad-fisica-y-el-deporte-del-gobierno-de-canarias-impulsan-una-formacion-para-educar-en-valores-y-generar-entornos-seguros-en-el-deporte-infantil-y-juvenil\/"},"wordCount":820,"publisher":{"@id":"https:\/\/blognoticias.ecca.edu.es\/#organization"},"image":{"@id":"https:\/\/blognoticias.ecca.edu.es\/ecca-edu-y-la-direccion-general-de-la-actividad-fisica-y-el-deporte-del-gobierno-de-canarias-impulsan-una-formacion-para-educar-en-valores-y-generar-entornos-seguros-en-el-deporte-infantil-y-juvenil\/#primaryimage"},"thumbnailUrl":"https:\/\/blognoticias.ecca.edu.es\/wp-content\/uploads\/2025\/10\/Platilla-Instagram-cuadrado-y-blog-6.png","keywords":["entorno seguro","formaci\u00f3n","PROYECTO GANAR","PROYECTO GANAR ecca.edu","Valores deporte","Valores y entornos seguros"],"articleSection":["Blog","Formaci\u00f3n","Noticias","Relevante"],"inLanguage":"en-GB"},{"@type":"WebPage","@id":"https:\/\/blognoticias.ecca.edu.es\/ecca-edu-y-la-direccion-general-de-la-actividad-fisica-y-el-deporte-del-gobierno-de-canarias-impulsan-una-formacion-para-educar-en-valores-y-generar-entornos-seguros-en-el-deporte-infantil-y-juvenil\/","url":"https:\/\/blognoticias.ecca.edu.es\/ecca-edu-y-la-direccion-general-de-la-actividad-fisica-y-el-deporte-del-gobierno-de-canarias-impulsan-una-formacion-para-educar-en-valores-y-generar-entornos-seguros-en-el-deporte-infantil-y-juvenil\/","name":"ecca.edu y la Direcci\u00f3n General de la Actividad F\u00edsica y el Deporte del Gobierno de Canarias impulsan una formaci\u00f3n para educar en valores y generar entornos seguros en el deporte infantil y juvenil","isPartOf":{"@id":"https:\/\/blognoticias.ecca.edu.es\/#website"},"primaryImageOfPage":{"@id":"https:\/\/blognoticias.ecca.edu.es\/ecca-edu-y-la-direccion-general-de-la-actividad-fisica-y-el-deporte-del-gobierno-de-canarias-impulsan-una-formacion-para-educar-en-valores-y-generar-entornos-seguros-en-el-deporte-infantil-y-juvenil\/#primaryimage"},"image":{"@id":"https:\/\/blognoticias.ecca.edu.es\/ecca-edu-y-la-direccion-general-de-la-actividad-fisica-y-el-deporte-del-gobierno-de-canarias-impulsan-una-formacion-para-educar-en-valores-y-generar-entornos-seguros-en-el-deporte-infantil-y-juvenil\/#primaryimage"},"thumbnailUrl":"https:\/\/blognoticias.ecca.edu.es\/wp-content\/uploads\/2025\/10\/Platilla-Instagram-cuadrado-y-blog-6.png","datePublished":"2025-10-23T13:21:43+00:00","dateModified":"2026-01-08T12:51:30+00:00","description":"La Consejer\u00eda de Educaci\u00f3n, Formaci\u00f3n Profesional, Actividad F\u00edsica y Deportes del Gobierno de Canarias, presenta el Proyecto Ganar","breadcrumb":{"@id":"https:\/\/blognoticias.ecca.edu.es\/ecca-edu-y-la-direccion-general-de-la-actividad-fisica-y-el-deporte-del-gobierno-de-canarias-impulsan-una-formacion-para-educar-en-valores-y-generar-entornos-seguros-en-el-deporte-infantil-y-juvenil\/#breadcrumb"},"inLanguage":"en-GB","potentialAction":[{"@type":"ReadAction","target":["https:\/\/blognoticias.ecca.edu.es\/ecca-edu-y-la-direccion-general-de-la-actividad-fisica-y-el-deporte-del-gobierno-de-canarias-impulsan-una-formacion-para-educar-en-valores-y-generar-entornos-seguros-en-el-deporte-infantil-y-juvenil\/"]}]},{"@type":"ImageObject","inLanguage":"en-GB","@id":"https:\/\/blognoticias.ecca.edu.es\/ecca-edu-y-la-direccion-general-de-la-actividad-fisica-y-el-deporte-del-gobierno-de-canarias-impulsan-una-formacion-para-educar-en-valores-y-generar-entornos-seguros-en-el-deporte-infantil-y-juvenil\/#primaryimage","url":"https:\/\/blognoticias.ecca.edu.es\/wp-content\/uploads\/2025\/10\/Platilla-Instagram-cuadrado-y-blog-6.png","contentUrl":"https:\/\/blognoticias.ecca.edu.es\/wp-content\/uploads\/2025\/10\/Platilla-Instagram-cuadrado-y-blog-6.png","width":1080,"height":1080,"caption":"ecca.edu y la Direcci\u00f3n General de la Actividad F\u00edsica y el Deporte del Gobierno de Canarias impulsan una formaci\u00f3n para educar en valores y generar entornos seguros en el deporte infantil y juvenil"},{"@type":"BreadcrumbList","@id":"https:\/\/blognoticias.ecca.edu.es\/ecca-edu-y-la-direccion-general-de-la-actividad-fisica-y-el-deporte-del-gobierno-de-canarias-impulsan-una-formacion-para-educar-en-valores-y-generar-entornos-seguros-en-el-deporte-infantil-y-juvenil\/#breadcrumb","itemListElement":[{"@type":"ListItem","position":1,"name":"Portada","item":"https:\/\/blognoticias.ecca.edu.es\/"},{"@type":"ListItem","position":2,"name":"ecca.edu y la Direcci\u00f3n General de la Actividad F\u00edsica y el Deporte del Gobierno de Canarias impulsan una formaci\u00f3n para educar en valores y generar entornos seguros en el deporte infantil y juvenil"}]},{"@type":"WebSite","@id":"https:\/\/blognoticias.ecca.edu.es\/#website","url":"https:\/\/blognoticias.ecca.edu.es\/","name":"Blog Noticias Ecca","description":"","publisher":{"@id":"https:\/\/blognoticias.ecca.edu.es\/#organization"},"potentialAction":[{"@type":"SearchAction","target":{"@type":"EntryPoint","urlTemplate":"https:\/\/blognoticias.ecca.edu.es\/?s={search_term_string}"},"query-input":{"@type":"PropertyValueSpecification","valueRequired":true,"valueName":"search_term_string"}}],"inLanguage":"en-GB"},{"@type":"Organization","@id":"https:\/\/blognoticias.ecca.edu.es\/#organization","name":"Blog Noticias Ecca","url":"https:\/\/blognoticias.ecca.edu.es\/","logo":{"@type":"ImageObject","inLanguage":"en-GB","@id":"https:\/\/blognoticias.ecca.edu.es\/#\/schema\/logo\/image\/","url":"https:\/\/blognoticias.ecca.edu.es\/wp-content\/uploads\/2023\/02\/cropped-cropped-cropped-cropped-Logo-Ecca.edu_.png","contentUrl":"https:\/\/blognoticias.ecca.edu.es\/wp-content\/uploads\/2023\/02\/cropped-cropped-cropped-cropped-Logo-Ecca.edu_.png","width":293,"height":45,"caption":"Blog Noticias Ecca"},"image":{"@id":"https:\/\/blognoticias.ecca.edu.es\/#\/schema\/logo\/image\/"},"sameAs":["https:\/\/www.facebook.com\/ecca.edu.es","https:\/\/x.com\/eccaedu","https:\/\/www.instagram.com\/"]},{"@type":"Person","@id":"https:\/\/blognoticias.ecca.edu.es\/#\/schema\/person\/8070573f481ccba909661fdb1cf9e5eb","name":"Ecca.edu","image":{"@type":"ImageObject","inLanguage":"en-GB","@id":"https:\/\/blognoticias.ecca.edu.es\/#\/schema\/person\/image\/","url":"https:\/\/blognoticias.ecca.edu.es\/wp-content\/uploads\/2023\/02\/LOGO-ECCAEDU-1-150x150.png","contentUrl":"https:\/\/blognoticias.ecca.edu.es\/wp-content\/uploads\/2023\/02\/LOGO-ECCAEDU-1-150x150.png","caption":"Ecca.edu"},"url":"https:\/\/blognoticias.ecca.edu.es\/en\/author\/ecca-edu\/"}]}},"_links":{"self":[{"href":"https:\/\/blognoticias.ecca.edu.es\/en\/wp-json\/wp\/v2\/posts\/5983","targetHints":{"allow":["GET"]}}],"collection":[{"href":"https:\/\/blognoticias.ecca.edu.es\/en\/wp-json\/wp\/v2\/posts"}],"about":[{"href":"https:\/\/blognoticias.ecca.edu.es\/en\/wp-json\/wp\/v2\/types\/post"}],"author":[{"embeddable":true,"href":"https:\/\/blognoticias.ecca.edu.es\/en\/wp-json\/wp\/v2\/users\/2"}],"replies":[{"embeddable":true,"href":"https:\/\/blognoticias.ecca.edu.es\/en\/wp-json\/wp\/v2\/comments?post=5983"}],"version-history":[{"count":6,"href":"https:\/\/blognoticias.ecca.edu.es\/en\/wp-json\/wp\/v2\/posts\/5983\/revisions"}],"predecessor-version":[{"id":6012,"href":"https:\/\/blognoticias.ecca.edu.es\/en\/wp-json\/wp\/v2\/posts\/5983\/revisions\/6012"}],"wp:featuredmedia":[{"embeddable":true,"href":"https:\/\/blognoticias.ecca.edu.es\/en\/wp-json\/wp\/v2\/media\/5991"}],"wp:attachment":[{"href":"https:\/\/blognoticias.ecca.edu.es\/en\/wp-json\/wp\/v2\/media?parent=5983"}],"wp:term":[{"taxonomy":"category","embeddable":true,"href":"https:\/\/blognoticias.ecca.edu.es\/en\/wp-json\/wp\/v2\/categories?post=5983"},{"taxonomy":"post_tag","embeddable":true,"href":"https:\/\/blognoticias.ecca.edu.es\/en\/wp-json\/wp\/v2\/tags?post=5983"}],"curies":[{"name":"wp","href":"https:\/\/api.w.org\/{rel}","templated":true}]}}