{"id":5978,"date":"2025-10-21T12:38:42","date_gmt":"2025-10-21T12:38:42","guid":{"rendered":"https:\/\/blognoticias.ecca.edu.es\/?p=5978"},"modified":"2026-01-08T12:51:33","modified_gmt":"2026-01-08T12:51:33","slug":"el-superior-general-de-la-compania-de-jesus-reconoce-la-trayectoria-de-ecca-edu","status":"publish","type":"post","link":"https:\/\/blognoticias.ecca.edu.es\/en\/el-superior-general-de-la-compania-de-jesus-reconoce-la-trayectoria-de-ecca-edu\/","title":{"rendered":"El Superior General de la Compa\u00f1\u00eda de Jes\u00fas reconoce la trayectoria de ecca.edu"},"content":{"rendered":"<div class='booster-block booster-read-block'>\n                <div class=\"twp-read-time\">\n                \t<i class=\"booster-icon twp-clock\"><\/i> <span>Tiempo de lectura:<\/span>1 Minutos, 43 Segundos                <\/div>\n\n            <\/div><p><span style=\"font-weight: 400;\">ecca.edu, instituci\u00f3n con m\u00e1s de sesenta a\u00f1os de experiencia en la educaci\u00f3n a distancia para adultos, ha recibido una emotiva carta de felicitaci\u00f3n de Arturo Sosa, SJ, <\/span><b>Superior General de la Compa\u00f1\u00eda de Jes\u00fas<\/b><span style=\"font-weight: 400;\">. Este gesto de reconocimiento subraya la importancia de nuestra misi\u00f3n educativa y el legado de nuestro fundador, <\/span><a href=\"https:\/\/ecca.edu.es\/nuestra-historia\/1964-1974\/\"><span style=\"font-weight: 400;\">Francisco Vill\u00e9n Lucena <\/span><\/a><span style=\"font-weight: 400;\">.\u00a0<\/span><\/p>\n<p><img loading=\"lazy\" decoding=\"async\" class=\"aligncenter wp-image-5979\" src=\"https:\/\/blognoticias.ecca.edu.es\/wp-content\/uploads\/2025\/10\/14-819x1024.png\" alt=\"Carta en la que el Superior General de la Compa\u00f1\u00eda de Jes\u00fas reconoce la trayectoria de ecca.edu\" width=\"469\" height=\"586\" srcset=\"https:\/\/blognoticias.ecca.edu.es\/wp-content\/uploads\/2025\/10\/14-819x1024.png 819w, https:\/\/blognoticias.ecca.edu.es\/wp-content\/uploads\/2025\/10\/14-240x300.png 240w, https:\/\/blognoticias.ecca.edu.es\/wp-content\/uploads\/2025\/10\/14-768x960.png 768w, https:\/\/blognoticias.ecca.edu.es\/wp-content\/uploads\/2025\/10\/14-10x12.png 10w, https:\/\/blognoticias.ecca.edu.es\/wp-content\/uploads\/2025\/10\/14.png 1080w\" sizes=\"auto, (max-width: 469px) 100vw, 469px\" \/><\/p>\n<p><span style=\"font-weight: 400;\">La misiva fue dirigida a Jos\u00e9 Mar\u00eda Segura Salvador SJ, director general de la ecca.edu, en agradecimiento por el env\u00edo del libro que conmemora los <\/span><a href=\"https:\/\/blognoticias.ecca.edu.es\/en\/ecca-edu-presenta-su-libro-60-anos-transformando-vidas-a-traves-de-la-educacion\/\"><span style=\"font-weight: 400;\">60 a\u00f1os de la instituci\u00f3n.<\/span><\/a><\/p>\n<h2><b>Alianza clave entre <\/b><a href=\"http:\/\/ecca.edu\"><b>ecca.edu<\/b><\/a><b> y la Compa\u00f1\u00eda de Jes\u00fas<\/b><\/h2>\n<p><span style=\"font-weight: 400;\">En su comunicaci\u00f3n, <\/span><b>Arturo Sosa SJ<\/b><span style=\"font-weight: 400;\"> resalta la \u00abfruct\u00edfera alianza\u201d entre <\/span><a href=\"http:\/\/ecca.edu\"><span style=\"font-weight: 400;\">ecca.edu<\/span><\/a><span style=\"font-weight: 400;\">, la Compa\u00f1\u00eda de Jes\u00fas, el Gobierno de Canarias y la sociedad civil, que ha impulsado un modelo educativo innovador.\u00a0<\/span><\/p>\n<p><span style=\"font-weight: 400;\">El Padre General tambi\u00e9n hizo referencia a la \u00abtrayectoria de innovaci\u00f3n, adaptaci\u00f3n y servicio\u00bb de la instituci\u00f3n y su evoluci\u00f3n digital hasta la actual ecca.edu. Este respaldo inspira a la comunidad educativa a continuar con su compromiso con la vanguardia tecnol\u00f3gica al servicio de la educaci\u00f3n.<\/span><\/p>\n<h2><b>El impacto del modelo educativo<\/b><\/h2>\n<p><span style=\"font-weight: 400;\">Adem\u00e1s, este reconocimiento tambi\u00e9n enfatiza la repercusi\u00f3n del modelo educativo de la instituci\u00f3n, que ha <\/span><b>trascendido fronteras<\/b><span style=\"font-weight: 400;\">. El Padre General destaca que la propuesta pedag\u00f3gica de ecca.edu ha tenido un impacto significativo no solo en Canarias, sino tambi\u00e9n en Am\u00e9rica Latina y \u00c1frica.<\/span><\/p>\n<p><span style=\"font-weight: 400;\">Este alcance global reafirma la misi\u00f3n de la instituci\u00f3n de ofrecer una educaci\u00f3n de calidad que <\/span><b>derriba barreras geogr\u00e1ficas y sociales<\/b><span style=\"font-weight: 400;\">. Nuestra trayectoria a lo largo de seis d\u00e9cadas es un testimonio de nuestro compromiso con la transformaci\u00f3n de vidas a trav\u00e9s de la formaci\u00f3n.<\/span><\/p>\n<h2><b>Un impulso para nuestra misi\u00f3n<\/b><\/h2>\n<p><span style=\"font-weight: 400;\">En ecca.edu valoramos profundamente este reconocimiento y recibimos esta felicitaci\u00f3n con gran orgullo e impulso para seguir avanzando en nuestra misi\u00f3n.\u00a0<\/span><\/p>\n<p><span style=\"font-weight: 400;\">Reafirmamos nuestro firme compromiso con el acceso universal a la educaci\u00f3n. De esta manera, construimos un futuro m\u00e1s justo e inclusivo, ofreciendo oportunidades al ritmo de cada persona.<\/span><\/p>\n<p><span style=\"font-weight: 400;\">Lee toda la carta completa aqu\u00ed: <\/span><a href=\"https:\/\/ecca.edu.es\/wp-content\/uploads\/2025\/10\/Carta-del-Padre-General.pdf\"><span style=\"font-weight: 400;\">https:\/\/ecca.edu.es\/wp-content\/uploads\/2025\/10\/Carta-del-Padre-General.pdf<\/span><\/a><span style=\"font-weight: 400;\">\u00a0<\/span><\/p>","protected":false},"excerpt":{"rendered":"<p>ecca.edu, instituci\u00f3n con m\u00e1s de sesenta a\u00f1os de experiencia en la educaci\u00f3n a distancia para adultos, ha recibido una emotiva carta de felicitaci\u00f3n de Arturo Sosa, SJ, Superior General de la Compa\u00f1\u00eda de Jes\u00fas. Este gesto de reconocimiento subraya la importancia de nuestra misi\u00f3n educativa y el legado de nuestro fundador, Francisco Vill\u00e9n Lucena .\u00a0 [&hellip;]<\/p>","protected":false},"author":2,"featured_media":5980,"comment_status":"closed","ping_status":"closed","sticky":false,"template":"","format":"standard","meta":{"footnotes":""},"categories":[1,102,1293],"tags":[1465,1342,27,1463,1464,1467,1466],"class_list":["post-5978","post","type-post","status-publish","format-standard","has-post-thumbnail","hentry","category-blog","category-comunicacion","category-noticias","tag-arturo-sosa-sj","tag-compania-de-jesus","tag-ecca-edu","tag-jesuitas","tag-jesuitas-ecca","tag-padre-general-la-compania-de-jesus","tag-superior-general-de-la-compania-de-jesus"],"yoast_head":"<!-- This site is optimized with the Yoast SEO plugin v25.9 - https:\/\/yoast.com\/wordpress\/plugins\/seo\/ -->\n<title>El Superior General de la Compa\u00f1\u00eda de Jes\u00fas reconoce la trayectoria de ecca.edu<\/title>\n<meta name=\"description\" content=\"ecca.edu ha recibido una emotiva carta de felicitaci\u00f3n de Arturo Sosa, SJ, Superior General de la Compa\u00f1\u00eda de Jes\u00fas\" \/>\n<meta name=\"robots\" content=\"index, follow, max-snippet:-1, max-image-preview:large, max-video-preview:-1\" \/>\n<link rel=\"canonical\" href=\"https:\/\/blognoticias.ecca.edu.es\/en\/el-superior-general-de-la-compania-de-jesus-reconoce-la-trayectoria-de-ecca-edu\/\" \/>\n<meta property=\"og:locale\" content=\"en_GB\" \/>\n<meta property=\"og:type\" content=\"article\" \/>\n<meta property=\"og:title\" content=\"El Superior General de la Compa\u00f1\u00eda de Jes\u00fas reconoce la trayectoria de ecca.edu\" \/>\n<meta property=\"og:description\" content=\"ecca.edu ha recibido una emotiva carta de felicitaci\u00f3n de Arturo Sosa, SJ, Superior General de la Compa\u00f1\u00eda de Jes\u00fas\" \/>\n<meta property=\"og:url\" content=\"https:\/\/blognoticias.ecca.edu.es\/en\/el-superior-general-de-la-compania-de-jesus-reconoce-la-trayectoria-de-ecca-edu\/\" \/>\n<meta property=\"og:site_name\" content=\"Blog Noticias Ecca\" \/>\n<meta property=\"article:publisher\" content=\"https:\/\/www.facebook.com\/ecca.edu.es\" \/>\n<meta property=\"article:published_time\" content=\"2025-10-21T12:38:42+00:00\" \/>\n<meta property=\"article:modified_time\" content=\"2026-01-08T12:51:33+00:00\" \/>\n<meta property=\"og:image\" content=\"https:\/\/blognoticias.ecca.edu.es\/wp-content\/uploads\/2025\/10\/Antigua-cuadrado-1.png\" \/>\n\t<meta property=\"og:image:width\" content=\"1080\" \/>\n\t<meta property=\"og:image:height\" content=\"1080\" \/>\n\t<meta property=\"og:image:type\" content=\"image\/png\" \/>\n<meta name=\"author\" content=\"Ecca.edu\" \/>\n<meta name=\"twitter:card\" content=\"summary_large_image\" \/>\n<meta name=\"twitter:creator\" content=\"@eccaedu\" \/>\n<meta name=\"twitter:site\" content=\"@eccaedu\" \/>\n<meta name=\"twitter:label1\" content=\"Written by\" \/>\n\t<meta name=\"twitter:data1\" content=\"Ecca.edu\" \/>\n\t<meta name=\"twitter:label2\" content=\"Estimated reading time\" \/>\n\t<meta name=\"twitter:data2\" content=\"2 minutes\" \/>\n<script type=\"application\/ld+json\" class=\"yoast-schema-graph\">{\"@context\":\"https:\/\/schema.org\",\"@graph\":[{\"@type\":\"Article\",\"@id\":\"https:\/\/blognoticias.ecca.edu.es\/el-superior-general-de-la-compania-de-jesus-reconoce-la-trayectoria-de-ecca-edu\/#article\",\"isPartOf\":{\"@id\":\"https:\/\/blognoticias.ecca.edu.es\/el-superior-general-de-la-compania-de-jesus-reconoce-la-trayectoria-de-ecca-edu\/\"},\"author\":{\"name\":\"Ecca.edu\",\"@id\":\"https:\/\/blognoticias.ecca.edu.es\/#\/schema\/person\/8070573f481ccba909661fdb1cf9e5eb\"},\"headline\":\"El Superior General de la Compa\u00f1\u00eda de Jes\u00fas reconoce la trayectoria de ecca.edu\",\"datePublished\":\"2025-10-21T12:38:42+00:00\",\"dateModified\":\"2026-01-08T12:51:33+00:00\",\"mainEntityOfPage\":{\"@id\":\"https:\/\/blognoticias.ecca.edu.es\/el-superior-general-de-la-compania-de-jesus-reconoce-la-trayectoria-de-ecca-edu\/\"},\"wordCount\":399,\"publisher\":{\"@id\":\"https:\/\/blognoticias.ecca.edu.es\/#organization\"},\"image\":{\"@id\":\"https:\/\/blognoticias.ecca.edu.es\/el-superior-general-de-la-compania-de-jesus-reconoce-la-trayectoria-de-ecca-edu\/#primaryimage\"},\"thumbnailUrl\":\"https:\/\/blognoticias.ecca.edu.es\/wp-content\/uploads\/2025\/10\/Antigua-cuadrado-1.png\",\"keywords\":[\"Arturo Sosa SJ\",\"Compa\u00f1\u00eda de Jes\u00fas\",\"ecca.edu\",\"Jesuitas\",\"Jesuitas ecca\",\"Padre general la Compa\u00f1\u00eda de Jes\u00fas\",\"Superior General de la Compa\u00f1\u00eda de Jes\u00fas\"],\"articleSection\":[\"Blog\",\"Comunicaci\u00f3n\",\"Noticias\"],\"inLanguage\":\"en-GB\"},{\"@type\":\"WebPage\",\"@id\":\"https:\/\/blognoticias.ecca.edu.es\/el-superior-general-de-la-compania-de-jesus-reconoce-la-trayectoria-de-ecca-edu\/\",\"url\":\"https:\/\/blognoticias.ecca.edu.es\/el-superior-general-de-la-compania-de-jesus-reconoce-la-trayectoria-de-ecca-edu\/\",\"name\":\"El Superior General de la Compa\u00f1\u00eda de Jes\u00fas reconoce la trayectoria de ecca.edu\",\"isPartOf\":{\"@id\":\"https:\/\/blognoticias.ecca.edu.es\/#website\"},\"primaryImageOfPage\":{\"@id\":\"https:\/\/blognoticias.ecca.edu.es\/el-superior-general-de-la-compania-de-jesus-reconoce-la-trayectoria-de-ecca-edu\/#primaryimage\"},\"image\":{\"@id\":\"https:\/\/blognoticias.ecca.edu.es\/el-superior-general-de-la-compania-de-jesus-reconoce-la-trayectoria-de-ecca-edu\/#primaryimage\"},\"thumbnailUrl\":\"https:\/\/blognoticias.ecca.edu.es\/wp-content\/uploads\/2025\/10\/Antigua-cuadrado-1.png\",\"datePublished\":\"2025-10-21T12:38:42+00:00\",\"dateModified\":\"2026-01-08T12:51:33+00:00\",\"description\":\"ecca.edu ha recibido una emotiva carta de felicitaci\u00f3n de Arturo Sosa, SJ, Superior General de la Compa\u00f1\u00eda de Jes\u00fas\",\"breadcrumb\":{\"@id\":\"https:\/\/blognoticias.ecca.edu.es\/el-superior-general-de-la-compania-de-jesus-reconoce-la-trayectoria-de-ecca-edu\/#breadcrumb\"},\"inLanguage\":\"en-GB\",\"potentialAction\":[{\"@type\":\"ReadAction\",\"target\":[\"https:\/\/blognoticias.ecca.edu.es\/el-superior-general-de-la-compania-de-jesus-reconoce-la-trayectoria-de-ecca-edu\/\"]}]},{\"@type\":\"ImageObject\",\"inLanguage\":\"en-GB\",\"@id\":\"https:\/\/blognoticias.ecca.edu.es\/el-superior-general-de-la-compania-de-jesus-reconoce-la-trayectoria-de-ecca-edu\/#primaryimage\",\"url\":\"https:\/\/blognoticias.ecca.edu.es\/wp-content\/uploads\/2025\/10\/Antigua-cuadrado-1.png\",\"contentUrl\":\"https:\/\/blognoticias.ecca.edu.es\/wp-content\/uploads\/2025\/10\/Antigua-cuadrado-1.png\",\"width\":1080,\"height\":1080,\"caption\":\"ecca.edu ha recibido una emotiva carta de felicitaci\u00f3n de Arturo Sosa, SJ, Superior General de la Compa\u00f1\u00eda de Jes\u00fas\"},{\"@type\":\"BreadcrumbList\",\"@id\":\"https:\/\/blognoticias.ecca.edu.es\/el-superior-general-de-la-compania-de-jesus-reconoce-la-trayectoria-de-ecca-edu\/#breadcrumb\",\"itemListElement\":[{\"@type\":\"ListItem\",\"position\":1,\"name\":\"Portada\",\"item\":\"https:\/\/blognoticias.ecca.edu.es\/\"},{\"@type\":\"ListItem\",\"position\":2,\"name\":\"El Superior General de la Compa\u00f1\u00eda de Jes\u00fas reconoce la trayectoria de ecca.edu\"}]},{\"@type\":\"WebSite\",\"@id\":\"https:\/\/blognoticias.ecca.edu.es\/#website\",\"url\":\"https:\/\/blognoticias.ecca.edu.es\/\",\"name\":\"Blog Noticias Ecca\",\"description\":\"\",\"publisher\":{\"@id\":\"https:\/\/blognoticias.ecca.edu.es\/#organization\"},\"potentialAction\":[{\"@type\":\"SearchAction\",\"target\":{\"@type\":\"EntryPoint\",\"urlTemplate\":\"https:\/\/blognoticias.ecca.edu.es\/?s={search_term_string}\"},\"query-input\":{\"@type\":\"PropertyValueSpecification\",\"valueRequired\":true,\"valueName\":\"search_term_string\"}}],\"inLanguage\":\"en-GB\"},{\"@type\":\"Organization\",\"@id\":\"https:\/\/blognoticias.ecca.edu.es\/#organization\",\"name\":\"Blog Noticias Ecca\",\"url\":\"https:\/\/blognoticias.ecca.edu.es\/\",\"logo\":{\"@type\":\"ImageObject\",\"inLanguage\":\"en-GB\",\"@id\":\"https:\/\/blognoticias.ecca.edu.es\/#\/schema\/logo\/image\/\",\"url\":\"https:\/\/blognoticias.ecca.edu.es\/wp-content\/uploads\/2023\/02\/cropped-cropped-cropped-cropped-Logo-Ecca.edu_.png\",\"contentUrl\":\"https:\/\/blognoticias.ecca.edu.es\/wp-content\/uploads\/2023\/02\/cropped-cropped-cropped-cropped-Logo-Ecca.edu_.png\",\"width\":293,\"height\":45,\"caption\":\"Blog Noticias Ecca\"},\"image\":{\"@id\":\"https:\/\/blognoticias.ecca.edu.es\/#\/schema\/logo\/image\/\"},\"sameAs\":[\"https:\/\/www.facebook.com\/ecca.edu.es\",\"https:\/\/x.com\/eccaedu\",\"https:\/\/www.instagram.com\/\"]},{\"@type\":\"Person\",\"@id\":\"https:\/\/blognoticias.ecca.edu.es\/#\/schema\/person\/8070573f481ccba909661fdb1cf9e5eb\",\"name\":\"Ecca.edu\",\"image\":{\"@type\":\"ImageObject\",\"inLanguage\":\"en-GB\",\"@id\":\"https:\/\/blognoticias.ecca.edu.es\/#\/schema\/person\/image\/\",\"url\":\"https:\/\/blognoticias.ecca.edu.es\/wp-content\/uploads\/2023\/02\/LOGO-ECCAEDU-1-150x150.png\",\"contentUrl\":\"https:\/\/blognoticias.ecca.edu.es\/wp-content\/uploads\/2023\/02\/LOGO-ECCAEDU-1-150x150.png\",\"caption\":\"Ecca.edu\"},\"url\":\"https:\/\/blognoticias.ecca.edu.es\/en\/author\/ecca-edu\/\"}]}<\/script>\n<!-- \/ Yoast SEO plugin. -->","yoast_head_json":{"title":"El Superior General de la Compa\u00f1\u00eda de Jes\u00fas reconoce la trayectoria de ecca.edu","description":"ecca.edu ha recibido una emotiva carta de felicitaci\u00f3n de Arturo Sosa, SJ, Superior General de la Compa\u00f1\u00eda de Jes\u00fas","robots":{"index":"index","follow":"follow","max-snippet":"max-snippet:-1","max-image-preview":"max-image-preview:large","max-video-preview":"max-video-preview:-1"},"canonical":"https:\/\/blognoticias.ecca.edu.es\/en\/el-superior-general-de-la-compania-de-jesus-reconoce-la-trayectoria-de-ecca-edu\/","og_locale":"en_GB","og_type":"article","og_title":"El Superior General de la Compa\u00f1\u00eda de Jes\u00fas reconoce la trayectoria de ecca.edu","og_description":"ecca.edu ha recibido una emotiva carta de felicitaci\u00f3n de Arturo Sosa, SJ, Superior General de la Compa\u00f1\u00eda de Jes\u00fas","og_url":"https:\/\/blognoticias.ecca.edu.es\/en\/el-superior-general-de-la-compania-de-jesus-reconoce-la-trayectoria-de-ecca-edu\/","og_site_name":"Blog Noticias Ecca","article_publisher":"https:\/\/www.facebook.com\/ecca.edu.es","article_published_time":"2025-10-21T12:38:42+00:00","article_modified_time":"2026-01-08T12:51:33+00:00","og_image":[{"width":1080,"height":1080,"url":"https:\/\/blognoticias.ecca.edu.es\/wp-content\/uploads\/2025\/10\/Antigua-cuadrado-1.png","type":"image\/png"}],"author":"Ecca.edu","twitter_card":"summary_large_image","twitter_creator":"@eccaedu","twitter_site":"@eccaedu","twitter_misc":{"Written by":"Ecca.edu","Estimated reading time":"2 minutes"},"schema":{"@context":"https:\/\/schema.org","@graph":[{"@type":"Article","@id":"https:\/\/blognoticias.ecca.edu.es\/el-superior-general-de-la-compania-de-jesus-reconoce-la-trayectoria-de-ecca-edu\/#article","isPartOf":{"@id":"https:\/\/blognoticias.ecca.edu.es\/el-superior-general-de-la-compania-de-jesus-reconoce-la-trayectoria-de-ecca-edu\/"},"author":{"name":"Ecca.edu","@id":"https:\/\/blognoticias.ecca.edu.es\/#\/schema\/person\/8070573f481ccba909661fdb1cf9e5eb"},"headline":"El Superior General de la Compa\u00f1\u00eda de Jes\u00fas reconoce la trayectoria de ecca.edu","datePublished":"2025-10-21T12:38:42+00:00","dateModified":"2026-01-08T12:51:33+00:00","mainEntityOfPage":{"@id":"https:\/\/blognoticias.ecca.edu.es\/el-superior-general-de-la-compania-de-jesus-reconoce-la-trayectoria-de-ecca-edu\/"},"wordCount":399,"publisher":{"@id":"https:\/\/blognoticias.ecca.edu.es\/#organization"},"image":{"@id":"https:\/\/blognoticias.ecca.edu.es\/el-superior-general-de-la-compania-de-jesus-reconoce-la-trayectoria-de-ecca-edu\/#primaryimage"},"thumbnailUrl":"https:\/\/blognoticias.ecca.edu.es\/wp-content\/uploads\/2025\/10\/Antigua-cuadrado-1.png","keywords":["Arturo Sosa SJ","Compa\u00f1\u00eda de Jes\u00fas","ecca.edu","Jesuitas","Jesuitas ecca","Padre general la Compa\u00f1\u00eda de Jes\u00fas","Superior General de la Compa\u00f1\u00eda de Jes\u00fas"],"articleSection":["Blog","Comunicaci\u00f3n","Noticias"],"inLanguage":"en-GB"},{"@type":"WebPage","@id":"https:\/\/blognoticias.ecca.edu.es\/el-superior-general-de-la-compania-de-jesus-reconoce-la-trayectoria-de-ecca-edu\/","url":"https:\/\/blognoticias.ecca.edu.es\/el-superior-general-de-la-compania-de-jesus-reconoce-la-trayectoria-de-ecca-edu\/","name":"El Superior General de la Compa\u00f1\u00eda de Jes\u00fas reconoce la trayectoria de ecca.edu","isPartOf":{"@id":"https:\/\/blognoticias.ecca.edu.es\/#website"},"primaryImageOfPage":{"@id":"https:\/\/blognoticias.ecca.edu.es\/el-superior-general-de-la-compania-de-jesus-reconoce-la-trayectoria-de-ecca-edu\/#primaryimage"},"image":{"@id":"https:\/\/blognoticias.ecca.edu.es\/el-superior-general-de-la-compania-de-jesus-reconoce-la-trayectoria-de-ecca-edu\/#primaryimage"},"thumbnailUrl":"https:\/\/blognoticias.ecca.edu.es\/wp-content\/uploads\/2025\/10\/Antigua-cuadrado-1.png","datePublished":"2025-10-21T12:38:42+00:00","dateModified":"2026-01-08T12:51:33+00:00","description":"ecca.edu ha recibido una emotiva carta de felicitaci\u00f3n de Arturo Sosa, SJ, Superior General de la Compa\u00f1\u00eda de Jes\u00fas","breadcrumb":{"@id":"https:\/\/blognoticias.ecca.edu.es\/el-superior-general-de-la-compania-de-jesus-reconoce-la-trayectoria-de-ecca-edu\/#breadcrumb"},"inLanguage":"en-GB","potentialAction":[{"@type":"ReadAction","target":["https:\/\/blognoticias.ecca.edu.es\/el-superior-general-de-la-compania-de-jesus-reconoce-la-trayectoria-de-ecca-edu\/"]}]},{"@type":"ImageObject","inLanguage":"en-GB","@id":"https:\/\/blognoticias.ecca.edu.es\/el-superior-general-de-la-compania-de-jesus-reconoce-la-trayectoria-de-ecca-edu\/#primaryimage","url":"https:\/\/blognoticias.ecca.edu.es\/wp-content\/uploads\/2025\/10\/Antigua-cuadrado-1.png","contentUrl":"https:\/\/blognoticias.ecca.edu.es\/wp-content\/uploads\/2025\/10\/Antigua-cuadrado-1.png","width":1080,"height":1080,"caption":"ecca.edu ha recibido una emotiva carta de felicitaci\u00f3n de Arturo Sosa, SJ, Superior General de la Compa\u00f1\u00eda de Jes\u00fas"},{"@type":"BreadcrumbList","@id":"https:\/\/blognoticias.ecca.edu.es\/el-superior-general-de-la-compania-de-jesus-reconoce-la-trayectoria-de-ecca-edu\/#breadcrumb","itemListElement":[{"@type":"ListItem","position":1,"name":"Portada","item":"https:\/\/blognoticias.ecca.edu.es\/"},{"@type":"ListItem","position":2,"name":"El Superior General de la Compa\u00f1\u00eda de Jes\u00fas reconoce la trayectoria de ecca.edu"}]},{"@type":"WebSite","@id":"https:\/\/blognoticias.ecca.edu.es\/#website","url":"https:\/\/blognoticias.ecca.edu.es\/","name":"Blog Noticias Ecca","description":"","publisher":{"@id":"https:\/\/blognoticias.ecca.edu.es\/#organization"},"potentialAction":[{"@type":"SearchAction","target":{"@type":"EntryPoint","urlTemplate":"https:\/\/blognoticias.ecca.edu.es\/?s={search_term_string}"},"query-input":{"@type":"PropertyValueSpecification","valueRequired":true,"valueName":"search_term_string"}}],"inLanguage":"en-GB"},{"@type":"Organization","@id":"https:\/\/blognoticias.ecca.edu.es\/#organization","name":"Blog Noticias Ecca","url":"https:\/\/blognoticias.ecca.edu.es\/","logo":{"@type":"ImageObject","inLanguage":"en-GB","@id":"https:\/\/blognoticias.ecca.edu.es\/#\/schema\/logo\/image\/","url":"https:\/\/blognoticias.ecca.edu.es\/wp-content\/uploads\/2023\/02\/cropped-cropped-cropped-cropped-Logo-Ecca.edu_.png","contentUrl":"https:\/\/blognoticias.ecca.edu.es\/wp-content\/uploads\/2023\/02\/cropped-cropped-cropped-cropped-Logo-Ecca.edu_.png","width":293,"height":45,"caption":"Blog Noticias Ecca"},"image":{"@id":"https:\/\/blognoticias.ecca.edu.es\/#\/schema\/logo\/image\/"},"sameAs":["https:\/\/www.facebook.com\/ecca.edu.es","https:\/\/x.com\/eccaedu","https:\/\/www.instagram.com\/"]},{"@type":"Person","@id":"https:\/\/blognoticias.ecca.edu.es\/#\/schema\/person\/8070573f481ccba909661fdb1cf9e5eb","name":"Ecca.edu","image":{"@type":"ImageObject","inLanguage":"en-GB","@id":"https:\/\/blognoticias.ecca.edu.es\/#\/schema\/person\/image\/","url":"https:\/\/blognoticias.ecca.edu.es\/wp-content\/uploads\/2023\/02\/LOGO-ECCAEDU-1-150x150.png","contentUrl":"https:\/\/blognoticias.ecca.edu.es\/wp-content\/uploads\/2023\/02\/LOGO-ECCAEDU-1-150x150.png","caption":"Ecca.edu"},"url":"https:\/\/blognoticias.ecca.edu.es\/en\/author\/ecca-edu\/"}]}},"_links":{"self":[{"href":"https:\/\/blognoticias.ecca.edu.es\/en\/wp-json\/wp\/v2\/posts\/5978","targetHints":{"allow":["GET"]}}],"collection":[{"href":"https:\/\/blognoticias.ecca.edu.es\/en\/wp-json\/wp\/v2\/posts"}],"about":[{"href":"https:\/\/blognoticias.ecca.edu.es\/en\/wp-json\/wp\/v2\/types\/post"}],"author":[{"embeddable":true,"href":"https:\/\/blognoticias.ecca.edu.es\/en\/wp-json\/wp\/v2\/users\/2"}],"replies":[{"embeddable":true,"href":"https:\/\/blognoticias.ecca.edu.es\/en\/wp-json\/wp\/v2\/comments?post=5978"}],"version-history":[{"count":1,"href":"https:\/\/blognoticias.ecca.edu.es\/en\/wp-json\/wp\/v2\/posts\/5978\/revisions"}],"predecessor-version":[{"id":5981,"href":"https:\/\/blognoticias.ecca.edu.es\/en\/wp-json\/wp\/v2\/posts\/5978\/revisions\/5981"}],"wp:featuredmedia":[{"embeddable":true,"href":"https:\/\/blognoticias.ecca.edu.es\/en\/wp-json\/wp\/v2\/media\/5980"}],"wp:attachment":[{"href":"https:\/\/blognoticias.ecca.edu.es\/en\/wp-json\/wp\/v2\/media?parent=5978"}],"wp:term":[{"taxonomy":"category","embeddable":true,"href":"https:\/\/blognoticias.ecca.edu.es\/en\/wp-json\/wp\/v2\/categories?post=5978"},{"taxonomy":"post_tag","embeddable":true,"href":"https:\/\/blognoticias.ecca.edu.es\/en\/wp-json\/wp\/v2\/tags?post=5978"}],"curies":[{"name":"wp","href":"https:\/\/api.w.org\/{rel}","templated":true}]}}