{"id":5813,"date":"2025-09-11T10:17:46","date_gmt":"2025-09-11T10:17:46","guid":{"rendered":"https:\/\/blognoticias.ecca.edu.es\/?p=5813"},"modified":"2026-01-08T12:52:35","modified_gmt":"2026-01-08T12:52:35","slug":"ecca-edu-el-observatorio-internacional-para-la-defensa-de-los-derechos-humanos-comienzan-a-trabajar-de-la-mano","status":"publish","type":"post","link":"https:\/\/blognoticias.ecca.edu.es\/en\/ecca-edu-el-observatorio-internacional-para-la-defensa-de-los-derechos-humanos-comienzan-a-trabajar-de-la-mano\/","title":{"rendered":"ecca.edu el Observatorio Internacional para la Defensa de los Derechos Humanos comienzan a trabajar de la mano"},"content":{"rendered":"<div class='booster-block booster-read-block'>\n                <div class=\"twp-read-time\">\n                \t<i class=\"booster-icon twp-clock\"><\/i> <span>Tiempo de lectura:<\/span>2 Minutos, 18 Segundos                <\/div>\n\n            <\/div><p><a href=\"http:\/\/ecca.edu\"><b>ecca.edu<\/b><\/a> <span style=\"font-weight: 400;\">y el <\/span><a href=\"https:\/\/www.oiderechoshumanos.com\/\"><b>Observatorio Internacional para la Defensa de los Derechos Humanos <\/b><\/a><span style=\"font-weight: 400;\">(OIDDH) han firmado un convenio de colaboraci\u00f3n para trabajar de la mano en diferentes proyectos para sumar fuerza en el objetivo compartido de garantizar que la educaci\u00f3n llegue a todas las personas, sin dejar a nadie atr\u00e1s.\u00a0<\/span><\/p>\n<p><img loading=\"lazy\" decoding=\"async\" class=\"aligncenter wp-image-5818 size-large\" src=\"https:\/\/blognoticias.ecca.edu.es\/wp-content\/uploads\/2025\/09\/ecca.edu-el-Observatorio-Internacional-para-la-Defensa-de-los-Derechos-Humanos-comienzan-a-trabajar-de-la-mano_3-1024x683.png\" alt=\"ecca.edu el Observatorio Internacional para la Defensa de los Derechos Humanos comienzan a trabajar de la mano_3\" width=\"750\" height=\"500\" srcset=\"https:\/\/blognoticias.ecca.edu.es\/wp-content\/uploads\/2025\/09\/ecca.edu-el-Observatorio-Internacional-para-la-Defensa-de-los-Derechos-Humanos-comienzan-a-trabajar-de-la-mano_3-1024x683.png 1024w, https:\/\/blognoticias.ecca.edu.es\/wp-content\/uploads\/2025\/09\/ecca.edu-el-Observatorio-Internacional-para-la-Defensa-de-los-Derechos-Humanos-comienzan-a-trabajar-de-la-mano_3-300x200.png 300w, https:\/\/blognoticias.ecca.edu.es\/wp-content\/uploads\/2025\/09\/ecca.edu-el-Observatorio-Internacional-para-la-Defensa-de-los-Derechos-Humanos-comienzan-a-trabajar-de-la-mano_3-768x512.png 768w, https:\/\/blognoticias.ecca.edu.es\/wp-content\/uploads\/2025\/09\/ecca.edu-el-Observatorio-Internacional-para-la-Defensa-de-los-Derechos-Humanos-comienzan-a-trabajar-de-la-mano_3-1536x1025.png 1536w, https:\/\/blognoticias.ecca.edu.es\/wp-content\/uploads\/2025\/09\/ecca.edu-el-Observatorio-Internacional-para-la-Defensa-de-los-Derechos-Humanos-comienzan-a-trabajar-de-la-mano_3-18x12.png 18w, https:\/\/blognoticias.ecca.edu.es\/wp-content\/uploads\/2025\/09\/ecca.edu-el-Observatorio-Internacional-para-la-Defensa-de-los-Derechos-Humanos-comienzan-a-trabajar-de-la-mano_3.png 2048w\" sizes=\"auto, (max-width: 750px) 100vw, 750px\" \/><\/p>\n<p>&nbsp;<\/p>\n<p><span style=\"font-weight: 400;\">En el acto de firma estuvieron presentes el director general de <\/span><a href=\"http:\/\/ecca.edu\"><span style=\"font-weight: 400;\">ecca.edu<\/span><\/a><span style=\"font-weight: 400;\">, <\/span><b>Jos\u00e9 Mar\u00eda Segura SJ<\/b><span style=\"font-weight: 400;\">, y el director general del OIDDH, <\/span><b>Guillermo de Jorge<\/b><span style=\"font-weight: 400;\">, y la directora\u00a0 territorial de las Islas Canarias del OIDDH, <\/span><b>Mar\u00eda Luisa Ortega.<\/b><span style=\"font-weight: 400;\"> \u00a0<\/span><span style=\"font-weight: 400;\">Entre otras iniciativas, este acuerdo permitir\u00e1 profundizar en mejorar a\u00fan m\u00e1s la accesibilidad de texto y materiales para llegar a la mayor cantidad de el alumnado posible.\u00a0<\/span><\/p>\n<h2>La educaci\u00f3n: un pilar para la defensa de los derechos humanos<\/h2>\n<p><span style=\"font-weight: 400;\">Durante la firma, Jos\u00e9 Mar\u00eda Segura SJ resalt\u00f3 el compromiso de ecca.edu con la <strong>promoci\u00f3n y defensa de los derechos humanos<\/strong> y la paz. Afirm\u00f3: \u00abDesde nuestra fundaci\u00f3n, hace m\u00e1s de 60 a\u00f1os, ecca.edu ha estado comprometida con la educaci\u00f3n como motor de cambio social. Por ello, siempre hemos promovido y defendido los derechos humanos, la paz y la justicia. Creemos firmemente que la formaci\u00f3n es la herramienta m\u00e1s poderosa para construir un mundo m\u00e1s justo, equitativo y respetuoso, y en ello no hemos parado de trabajar. Agradecemos la predisposici\u00f3n a trabajar conjuntamente en diversas l\u00edneas de colaboraci\u00f3n para acercar ese <strong>objetivo com\u00fan<\/strong> a nuestro alumnado\u201d.<\/span><\/p>\n<h3>Formaci\u00f3n y futuro<\/h3>\n<p><span style=\"font-weight: 400;\">Por su parte, Guillermo de Jorge asever\u00f3: \u00abLa firma supone para nuestra instituci\u00f3n la oportunidad de establecer como <strong>socio aliado preferente<\/strong> a una organizaci\u00f3n de una larga y consolidada trayectoria cuyos valores y principios siempre han estado asociados con los derechos humanos y que su finalidad \u00faltima siempre ha sido la <strong>educaci\u00f3n continua<\/strong>, responsable y compartida. Siendo un referente en la formaci\u00f3n y en la educaci\u00f3n a distancia, en la transformaci\u00f3n de vidas, adapt\u00e1ndose a su situaci\u00f3n y contexto, y en continua transformaci\u00f3n ante las nuevas tecnolog\u00edas y metodolog\u00edas pedag\u00f3gicas para ofrecer nuevas posibilidades a la ciudadan\u00eda con la formaci\u00f3n inclusiva y siempre con un alto compromiso social.\u00a0<\/span><\/p>\n<p><span style=\"font-weight: 400;\">Para el Observatorio Internacional para la Defensa de los Derechos Humanos una de las piedras angulares de sus objetivos como instituci\u00f3n es la formaci\u00f3n de las personas, un elemento imprescindible en la estructuraci\u00f3n y articulaci\u00f3n de las sociedades para afrontar los retos de un mundo dist\u00f3pico que se enfrenta a la polarizaci\u00f3n, los desplazamientos demogr\u00e1ficos por el cambio clim\u00e1tico y la cuarta revoluci\u00f3n tecnol\u00f3gica e industrial. Un futuro que nos obliga a ser conscientes de la responsabilidad y la necesidad en la formaci\u00f3n de la ciudadan\u00eda para<strong> impulsar una sociedad m\u00e1s justa<\/strong>, equitativa e igualitaria que brinde un porvenir viable y sostenible\u00bb.<\/span><\/p>\n<div id='gallery-1' class='gallery galleryid-5813 gallery-columns-4 gallery-size-large'><figure class='gallery-item'>\n\t\t\t<div class='gallery-icon landscape'>\n\t\t\t\t<a href='https:\/\/blognoticias.ecca.edu.es\/en\/ecca-edu-el-observatorio-internacional-para-la-defensa-de-los-derechos-humanos-comienzan-a-trabajar-de-la-mano\/ecca-edu-el-observatorio-internacional-para-la-defensa-de-los-derechos-humanos-comienzan-a-trabajar-de-la-mano_1\/'><img loading=\"lazy\" decoding=\"async\" width=\"750\" height=\"500\" src=\"https:\/\/blognoticias.ecca.edu.es\/wp-content\/uploads\/2025\/09\/ecca.edu-el-Observatorio-Internacional-para-la-Defensa-de-los-Derechos-Humanos-comienzan-a-trabajar-de-la-mano_1-1024x683.png\" class=\"attachment-large size-large\" alt=\"\" srcset=\"https:\/\/blognoticias.ecca.edu.es\/wp-content\/uploads\/2025\/09\/ecca.edu-el-Observatorio-Internacional-para-la-Defensa-de-los-Derechos-Humanos-comienzan-a-trabajar-de-la-mano_1-1024x683.png 1024w, https:\/\/blognoticias.ecca.edu.es\/wp-content\/uploads\/2025\/09\/ecca.edu-el-Observatorio-Internacional-para-la-Defensa-de-los-Derechos-Humanos-comienzan-a-trabajar-de-la-mano_1-300x200.png 300w, https:\/\/blognoticias.ecca.edu.es\/wp-content\/uploads\/2025\/09\/ecca.edu-el-Observatorio-Internacional-para-la-Defensa-de-los-Derechos-Humanos-comienzan-a-trabajar-de-la-mano_1-768x512.png 768w, https:\/\/blognoticias.ecca.edu.es\/wp-content\/uploads\/2025\/09\/ecca.edu-el-Observatorio-Internacional-para-la-Defensa-de-los-Derechos-Humanos-comienzan-a-trabajar-de-la-mano_1-1536x1025.png 1536w, https:\/\/blognoticias.ecca.edu.es\/wp-content\/uploads\/2025\/09\/ecca.edu-el-Observatorio-Internacional-para-la-Defensa-de-los-Derechos-Humanos-comienzan-a-trabajar-de-la-mano_1-18x12.png 18w, https:\/\/blognoticias.ecca.edu.es\/wp-content\/uploads\/2025\/09\/ecca.edu-el-Observatorio-Internacional-para-la-Defensa-de-los-Derechos-Humanos-comienzan-a-trabajar-de-la-mano_1.png 2048w\" sizes=\"auto, (max-width: 750px) 100vw, 750px\" \/><\/a>\n\t\t\t<\/div><\/figure><figure class='gallery-item'>\n\t\t\t<div class='gallery-icon landscape'>\n\t\t\t\t<a href='https:\/\/blognoticias.ecca.edu.es\/en\/ecca-edu-el-observatorio-internacional-para-la-defensa-de-los-derechos-humanos-comienzan-a-trabajar-de-la-mano\/ecca-edu-el-observatorio-internacional-para-la-defensa-de-los-derechos-humanos-comienzan-a-trabajar-de-la-mano_5\/'><img loading=\"lazy\" decoding=\"async\" width=\"750\" height=\"500\" src=\"https:\/\/blognoticias.ecca.edu.es\/wp-content\/uploads\/2025\/09\/ecca.edu-el-Observatorio-Internacional-para-la-Defensa-de-los-Derechos-Humanos-comienzan-a-trabajar-de-la-mano_5-1024x683.png\" class=\"attachment-large size-large\" alt=\"\" srcset=\"https:\/\/blognoticias.ecca.edu.es\/wp-content\/uploads\/2025\/09\/ecca.edu-el-Observatorio-Internacional-para-la-Defensa-de-los-Derechos-Humanos-comienzan-a-trabajar-de-la-mano_5-1024x683.png 1024w, https:\/\/blognoticias.ecca.edu.es\/wp-content\/uploads\/2025\/09\/ecca.edu-el-Observatorio-Internacional-para-la-Defensa-de-los-Derechos-Humanos-comienzan-a-trabajar-de-la-mano_5-300x200.png 300w, https:\/\/blognoticias.ecca.edu.es\/wp-content\/uploads\/2025\/09\/ecca.edu-el-Observatorio-Internacional-para-la-Defensa-de-los-Derechos-Humanos-comienzan-a-trabajar-de-la-mano_5-768x512.png 768w, https:\/\/blognoticias.ecca.edu.es\/wp-content\/uploads\/2025\/09\/ecca.edu-el-Observatorio-Internacional-para-la-Defensa-de-los-Derechos-Humanos-comienzan-a-trabajar-de-la-mano_5-1536x1025.png 1536w, https:\/\/blognoticias.ecca.edu.es\/wp-content\/uploads\/2025\/09\/ecca.edu-el-Observatorio-Internacional-para-la-Defensa-de-los-Derechos-Humanos-comienzan-a-trabajar-de-la-mano_5-18x12.png 18w, https:\/\/blognoticias.ecca.edu.es\/wp-content\/uploads\/2025\/09\/ecca.edu-el-Observatorio-Internacional-para-la-Defensa-de-los-Derechos-Humanos-comienzan-a-trabajar-de-la-mano_5.png 2048w\" sizes=\"auto, (max-width: 750px) 100vw, 750px\" \/><\/a>\n\t\t\t<\/div><\/figure><figure class='gallery-item'>\n\t\t\t<div class='gallery-icon landscape'>\n\t\t\t\t<a href='https:\/\/blognoticias.ecca.edu.es\/en\/ecca-edu-el-observatorio-internacional-para-la-defensa-de-los-derechos-humanos-comienzan-a-trabajar-de-la-mano\/ecca-edu-el-observatorio-internacional-para-la-defensa-de-los-derechos-humanos-comienzan-a-trabajar-de-la-mano_4\/'><img loading=\"lazy\" decoding=\"async\" width=\"750\" height=\"500\" src=\"https:\/\/blognoticias.ecca.edu.es\/wp-content\/uploads\/2025\/09\/ecca.edu-el-Observatorio-Internacional-para-la-Defensa-de-los-Derechos-Humanos-comienzan-a-trabajar-de-la-mano_4-1024x683.png\" class=\"attachment-large size-large\" alt=\"ecca.edu el Observatorio Internacional para la Defensa de los Derechos Humanos comienzan a trabajar de la mano_4\" srcset=\"https:\/\/blognoticias.ecca.edu.es\/wp-content\/uploads\/2025\/09\/ecca.edu-el-Observatorio-Internacional-para-la-Defensa-de-los-Derechos-Humanos-comienzan-a-trabajar-de-la-mano_4-1024x683.png 1024w, https:\/\/blognoticias.ecca.edu.es\/wp-content\/uploads\/2025\/09\/ecca.edu-el-Observatorio-Internacional-para-la-Defensa-de-los-Derechos-Humanos-comienzan-a-trabajar-de-la-mano_4-300x200.png 300w, https:\/\/blognoticias.ecca.edu.es\/wp-content\/uploads\/2025\/09\/ecca.edu-el-Observatorio-Internacional-para-la-Defensa-de-los-Derechos-Humanos-comienzan-a-trabajar-de-la-mano_4-768x512.png 768w, https:\/\/blognoticias.ecca.edu.es\/wp-content\/uploads\/2025\/09\/ecca.edu-el-Observatorio-Internacional-para-la-Defensa-de-los-Derechos-Humanos-comienzan-a-trabajar-de-la-mano_4-1536x1025.png 1536w, https:\/\/blognoticias.ecca.edu.es\/wp-content\/uploads\/2025\/09\/ecca.edu-el-Observatorio-Internacional-para-la-Defensa-de-los-Derechos-Humanos-comienzan-a-trabajar-de-la-mano_4-18x12.png 18w, https:\/\/blognoticias.ecca.edu.es\/wp-content\/uploads\/2025\/09\/ecca.edu-el-Observatorio-Internacional-para-la-Defensa-de-los-Derechos-Humanos-comienzan-a-trabajar-de-la-mano_4.png 2048w\" sizes=\"auto, (max-width: 750px) 100vw, 750px\" \/><\/a>\n\t\t\t<\/div><\/figure><figure class='gallery-item'>\n\t\t\t<div class='gallery-icon landscape'>\n\t\t\t\t<a href='https:\/\/blognoticias.ecca.edu.es\/en\/ecca-edu-el-observatorio-internacional-para-la-defensa-de-los-derechos-humanos-comienzan-a-trabajar-de-la-mano\/ecca-edu-el-observatorio-internacional-para-la-defensa-de-los-derechos-humanos-comienzan-a-trabajar-de-la-mano_2\/'><img loading=\"lazy\" decoding=\"async\" width=\"750\" height=\"500\" src=\"https:\/\/blognoticias.ecca.edu.es\/wp-content\/uploads\/2025\/09\/ecca.edu-el-Observatorio-Internacional-para-la-Defensa-de-los-Derechos-Humanos-comienzan-a-trabajar-de-la-mano_2-1024x683.png\" class=\"attachment-large size-large\" alt=\"\" srcset=\"https:\/\/blognoticias.ecca.edu.es\/wp-content\/uploads\/2025\/09\/ecca.edu-el-Observatorio-Internacional-para-la-Defensa-de-los-Derechos-Humanos-comienzan-a-trabajar-de-la-mano_2-1024x683.png 1024w, https:\/\/blognoticias.ecca.edu.es\/wp-content\/uploads\/2025\/09\/ecca.edu-el-Observatorio-Internacional-para-la-Defensa-de-los-Derechos-Humanos-comienzan-a-trabajar-de-la-mano_2-300x200.png 300w, https:\/\/blognoticias.ecca.edu.es\/wp-content\/uploads\/2025\/09\/ecca.edu-el-Observatorio-Internacional-para-la-Defensa-de-los-Derechos-Humanos-comienzan-a-trabajar-de-la-mano_2-768x512.png 768w, https:\/\/blognoticias.ecca.edu.es\/wp-content\/uploads\/2025\/09\/ecca.edu-el-Observatorio-Internacional-para-la-Defensa-de-los-Derechos-Humanos-comienzan-a-trabajar-de-la-mano_2-1536x1025.png 1536w, https:\/\/blognoticias.ecca.edu.es\/wp-content\/uploads\/2025\/09\/ecca.edu-el-Observatorio-Internacional-para-la-Defensa-de-los-Derechos-Humanos-comienzan-a-trabajar-de-la-mano_2-18x12.png 18w, https:\/\/blognoticias.ecca.edu.es\/wp-content\/uploads\/2025\/09\/ecca.edu-el-Observatorio-Internacional-para-la-Defensa-de-los-Derechos-Humanos-comienzan-a-trabajar-de-la-mano_2.png 2048w\" sizes=\"auto, (max-width: 750px) 100vw, 750px\" \/><\/a>\n\t\t\t<\/div><\/figure>\n\t\t<\/div>","protected":false},"excerpt":{"rendered":"<p>ecca.edu y el Observatorio Internacional para la Defensa de los Derechos Humanos (OIDDH) han firmado un convenio de colaboraci\u00f3n para trabajar de la mano en diferentes proyectos para sumar fuerza en el objetivo compartido de garantizar que la educaci\u00f3n llegue a todas las personas, sin dejar a nadie atr\u00e1s.\u00a0 &nbsp; En el acto de firma [&hellip;]<\/p>","protected":false},"author":2,"featured_media":5820,"comment_status":"closed","ping_status":"closed","sticky":false,"template":"","format":"standard","meta":{"footnotes":""},"categories":[1,102,1293,107],"tags":[1321,1339,1306,1365,1299,1404,1405],"class_list":["post-5813","post","type-post","status-publish","format-standard","has-post-thumbnail","hentry","category-blog","category-comunicacion","category-noticias","category-social","tag-60anostransformandovidas","tag-eccaedu","tag-convenio","tag-ecca-educacion","tag-formacion","tag-observatorio-internacional-para-la-defensa-de-los-derechos-humanos","tag-oiddh"],"yoast_head":"<!-- This site is optimized with the Yoast SEO plugin v25.9 - https:\/\/yoast.com\/wordpress\/plugins\/seo\/ -->\n<title>ecca.edu el Observatorio Internacional para la Defensa de los Derechos Humanos comienzan a trabajar de la mano<\/title>\n<meta name=\"description\" content=\"ecca.edu y el Observatorio Internacional para la Defensa de los Derechos Humanos (OIDDH) han firmado un convenio de colaboraci\u00f3n\" \/>\n<meta name=\"robots\" content=\"index, follow, max-snippet:-1, max-image-preview:large, max-video-preview:-1\" \/>\n<link rel=\"canonical\" href=\"https:\/\/blognoticias.ecca.edu.es\/en\/ecca-edu-el-observatorio-internacional-para-la-defensa-de-los-derechos-humanos-comienzan-a-trabajar-de-la-mano\/\" \/>\n<meta property=\"og:locale\" content=\"en_GB\" \/>\n<meta property=\"og:type\" content=\"article\" \/>\n<meta property=\"og:title\" content=\"ecca.edu el Observatorio Internacional para la Defensa de los Derechos Humanos comienzan a trabajar de la mano\" \/>\n<meta property=\"og:description\" content=\"ecca.edu y el Observatorio Internacional para la Defensa de los Derechos Humanos (OIDDH) han firmado un convenio de colaboraci\u00f3n\" \/>\n<meta property=\"og:url\" content=\"https:\/\/blognoticias.ecca.edu.es\/en\/ecca-edu-el-observatorio-internacional-para-la-defensa-de-los-derechos-humanos-comienzan-a-trabajar-de-la-mano\/\" \/>\n<meta property=\"og:site_name\" content=\"Blog Noticias Ecca\" \/>\n<meta property=\"article:publisher\" content=\"https:\/\/www.facebook.com\/ecca.edu.es\" \/>\n<meta property=\"article:published_time\" content=\"2025-09-11T10:17:46+00:00\" \/>\n<meta property=\"article:modified_time\" content=\"2026-01-08T12:52:35+00:00\" \/>\n<meta property=\"og:image\" content=\"https:\/\/blognoticias.ecca.edu.es\/wp-content\/uploads\/2025\/09\/Post-Instagram-cuadrado-80.png\" \/>\n\t<meta property=\"og:image:width\" content=\"1080\" \/>\n\t<meta property=\"og:image:height\" content=\"1080\" \/>\n\t<meta property=\"og:image:type\" content=\"image\/png\" \/>\n<meta name=\"author\" content=\"Ecca.edu\" \/>\n<meta name=\"twitter:card\" content=\"summary_large_image\" \/>\n<meta name=\"twitter:creator\" content=\"@eccaedu\" \/>\n<meta name=\"twitter:site\" content=\"@eccaedu\" \/>\n<meta name=\"twitter:label1\" content=\"Written by\" \/>\n\t<meta name=\"twitter:data1\" content=\"Ecca.edu\" \/>\n\t<meta name=\"twitter:label2\" content=\"Estimated reading time\" \/>\n\t<meta name=\"twitter:data2\" content=\"3 minutes\" \/>\n<script type=\"application\/ld+json\" class=\"yoast-schema-graph\">{\"@context\":\"https:\/\/schema.org\",\"@graph\":[{\"@type\":\"Article\",\"@id\":\"https:\/\/blognoticias.ecca.edu.es\/ecca-edu-el-observatorio-internacional-para-la-defensa-de-los-derechos-humanos-comienzan-a-trabajar-de-la-mano\/#article\",\"isPartOf\":{\"@id\":\"https:\/\/blognoticias.ecca.edu.es\/ecca-edu-el-observatorio-internacional-para-la-defensa-de-los-derechos-humanos-comienzan-a-trabajar-de-la-mano\/\"},\"author\":{\"name\":\"Ecca.edu\",\"@id\":\"https:\/\/blognoticias.ecca.edu.es\/#\/schema\/person\/8070573f481ccba909661fdb1cf9e5eb\"},\"headline\":\"ecca.edu el Observatorio Internacional para la Defensa de los Derechos Humanos comienzan a trabajar de la mano\",\"datePublished\":\"2025-09-11T10:17:46+00:00\",\"dateModified\":\"2026-01-08T12:52:35+00:00\",\"mainEntityOfPage\":{\"@id\":\"https:\/\/blognoticias.ecca.edu.es\/ecca-edu-el-observatorio-internacional-para-la-defensa-de-los-derechos-humanos-comienzan-a-trabajar-de-la-mano\/\"},\"wordCount\":520,\"publisher\":{\"@id\":\"https:\/\/blognoticias.ecca.edu.es\/#organization\"},\"image\":{\"@id\":\"https:\/\/blognoticias.ecca.edu.es\/ecca-edu-el-observatorio-internacional-para-la-defensa-de-los-derechos-humanos-comienzan-a-trabajar-de-la-mano\/#primaryimage\"},\"thumbnailUrl\":\"https:\/\/blognoticias.ecca.edu.es\/wp-content\/uploads\/2025\/09\/Post-Instagram-cuadrado-80.png\",\"keywords\":[\"#60a\u00f1ostransformandovidas\",\"#eccaedu\",\"Convenio\",\"ecca educaci\u00f3n\",\"formaci\u00f3n\",\"Observatorio Internacional para la Defensa de los Derechos Humanos\",\"OIDDH\"],\"articleSection\":[\"Blog\",\"Comunicaci\u00f3n\",\"Noticias\",\"Social\"],\"inLanguage\":\"en-GB\"},{\"@type\":\"WebPage\",\"@id\":\"https:\/\/blognoticias.ecca.edu.es\/ecca-edu-el-observatorio-internacional-para-la-defensa-de-los-derechos-humanos-comienzan-a-trabajar-de-la-mano\/\",\"url\":\"https:\/\/blognoticias.ecca.edu.es\/ecca-edu-el-observatorio-internacional-para-la-defensa-de-los-derechos-humanos-comienzan-a-trabajar-de-la-mano\/\",\"name\":\"ecca.edu el Observatorio Internacional para la Defensa de los Derechos Humanos comienzan a trabajar de la mano\",\"isPartOf\":{\"@id\":\"https:\/\/blognoticias.ecca.edu.es\/#website\"},\"primaryImageOfPage\":{\"@id\":\"https:\/\/blognoticias.ecca.edu.es\/ecca-edu-el-observatorio-internacional-para-la-defensa-de-los-derechos-humanos-comienzan-a-trabajar-de-la-mano\/#primaryimage\"},\"image\":{\"@id\":\"https:\/\/blognoticias.ecca.edu.es\/ecca-edu-el-observatorio-internacional-para-la-defensa-de-los-derechos-humanos-comienzan-a-trabajar-de-la-mano\/#primaryimage\"},\"thumbnailUrl\":\"https:\/\/blognoticias.ecca.edu.es\/wp-content\/uploads\/2025\/09\/Post-Instagram-cuadrado-80.png\",\"datePublished\":\"2025-09-11T10:17:46+00:00\",\"dateModified\":\"2026-01-08T12:52:35+00:00\",\"description\":\"ecca.edu y el Observatorio Internacional para la Defensa de los Derechos Humanos (OIDDH) han firmado un convenio de colaboraci\u00f3n\",\"breadcrumb\":{\"@id\":\"https:\/\/blognoticias.ecca.edu.es\/ecca-edu-el-observatorio-internacional-para-la-defensa-de-los-derechos-humanos-comienzan-a-trabajar-de-la-mano\/#breadcrumb\"},\"inLanguage\":\"en-GB\",\"potentialAction\":[{\"@type\":\"ReadAction\",\"target\":[\"https:\/\/blognoticias.ecca.edu.es\/ecca-edu-el-observatorio-internacional-para-la-defensa-de-los-derechos-humanos-comienzan-a-trabajar-de-la-mano\/\"]}]},{\"@type\":\"ImageObject\",\"inLanguage\":\"en-GB\",\"@id\":\"https:\/\/blognoticias.ecca.edu.es\/ecca-edu-el-observatorio-internacional-para-la-defensa-de-los-derechos-humanos-comienzan-a-trabajar-de-la-mano\/#primaryimage\",\"url\":\"https:\/\/blognoticias.ecca.edu.es\/wp-content\/uploads\/2025\/09\/Post-Instagram-cuadrado-80.png\",\"contentUrl\":\"https:\/\/blognoticias.ecca.edu.es\/wp-content\/uploads\/2025\/09\/Post-Instagram-cuadrado-80.png\",\"width\":1080,\"height\":1080,\"caption\":\"ecca.edu el Observatorio Internacional para la Defensa de los Derechos Humanos comienzan a trabajar de la mano_4\"},{\"@type\":\"BreadcrumbList\",\"@id\":\"https:\/\/blognoticias.ecca.edu.es\/ecca-edu-el-observatorio-internacional-para-la-defensa-de-los-derechos-humanos-comienzan-a-trabajar-de-la-mano\/#breadcrumb\",\"itemListElement\":[{\"@type\":\"ListItem\",\"position\":1,\"name\":\"Portada\",\"item\":\"https:\/\/blognoticias.ecca.edu.es\/\"},{\"@type\":\"ListItem\",\"position\":2,\"name\":\"ecca.edu el Observatorio Internacional para la Defensa de los Derechos Humanos comienzan a trabajar de la mano\"}]},{\"@type\":\"WebSite\",\"@id\":\"https:\/\/blognoticias.ecca.edu.es\/#website\",\"url\":\"https:\/\/blognoticias.ecca.edu.es\/\",\"name\":\"Blog Noticias Ecca\",\"description\":\"\",\"publisher\":{\"@id\":\"https:\/\/blognoticias.ecca.edu.es\/#organization\"},\"potentialAction\":[{\"@type\":\"SearchAction\",\"target\":{\"@type\":\"EntryPoint\",\"urlTemplate\":\"https:\/\/blognoticias.ecca.edu.es\/?s={search_term_string}\"},\"query-input\":{\"@type\":\"PropertyValueSpecification\",\"valueRequired\":true,\"valueName\":\"search_term_string\"}}],\"inLanguage\":\"en-GB\"},{\"@type\":\"Organization\",\"@id\":\"https:\/\/blognoticias.ecca.edu.es\/#organization\",\"name\":\"Blog Noticias Ecca\",\"url\":\"https:\/\/blognoticias.ecca.edu.es\/\",\"logo\":{\"@type\":\"ImageObject\",\"inLanguage\":\"en-GB\",\"@id\":\"https:\/\/blognoticias.ecca.edu.es\/#\/schema\/logo\/image\/\",\"url\":\"https:\/\/blognoticias.ecca.edu.es\/wp-content\/uploads\/2023\/02\/cropped-cropped-cropped-cropped-Logo-Ecca.edu_.png\",\"contentUrl\":\"https:\/\/blognoticias.ecca.edu.es\/wp-content\/uploads\/2023\/02\/cropped-cropped-cropped-cropped-Logo-Ecca.edu_.png\",\"width\":293,\"height\":45,\"caption\":\"Blog Noticias Ecca\"},\"image\":{\"@id\":\"https:\/\/blognoticias.ecca.edu.es\/#\/schema\/logo\/image\/\"},\"sameAs\":[\"https:\/\/www.facebook.com\/ecca.edu.es\",\"https:\/\/x.com\/eccaedu\",\"https:\/\/www.instagram.com\/\"]},{\"@type\":\"Person\",\"@id\":\"https:\/\/blognoticias.ecca.edu.es\/#\/schema\/person\/8070573f481ccba909661fdb1cf9e5eb\",\"name\":\"Ecca.edu\",\"image\":{\"@type\":\"ImageObject\",\"inLanguage\":\"en-GB\",\"@id\":\"https:\/\/blognoticias.ecca.edu.es\/#\/schema\/person\/image\/\",\"url\":\"https:\/\/blognoticias.ecca.edu.es\/wp-content\/uploads\/2023\/02\/LOGO-ECCAEDU-1-150x150.png\",\"contentUrl\":\"https:\/\/blognoticias.ecca.edu.es\/wp-content\/uploads\/2023\/02\/LOGO-ECCAEDU-1-150x150.png\",\"caption\":\"Ecca.edu\"},\"url\":\"https:\/\/blognoticias.ecca.edu.es\/en\/author\/ecca-edu\/\"}]}<\/script>\n<!-- \/ Yoast SEO plugin. -->","yoast_head_json":{"title":"ecca.edu el Observatorio Internacional para la Defensa de los Derechos Humanos comienzan a trabajar de la mano","description":"ecca.edu y el Observatorio Internacional para la Defensa de los Derechos Humanos (OIDDH) han firmado un convenio de colaboraci\u00f3n","robots":{"index":"index","follow":"follow","max-snippet":"max-snippet:-1","max-image-preview":"max-image-preview:large","max-video-preview":"max-video-preview:-1"},"canonical":"https:\/\/blognoticias.ecca.edu.es\/en\/ecca-edu-el-observatorio-internacional-para-la-defensa-de-los-derechos-humanos-comienzan-a-trabajar-de-la-mano\/","og_locale":"en_GB","og_type":"article","og_title":"ecca.edu el Observatorio Internacional para la Defensa de los Derechos Humanos comienzan a trabajar de la mano","og_description":"ecca.edu y el Observatorio Internacional para la Defensa de los Derechos Humanos (OIDDH) han firmado un convenio de colaboraci\u00f3n","og_url":"https:\/\/blognoticias.ecca.edu.es\/en\/ecca-edu-el-observatorio-internacional-para-la-defensa-de-los-derechos-humanos-comienzan-a-trabajar-de-la-mano\/","og_site_name":"Blog Noticias Ecca","article_publisher":"https:\/\/www.facebook.com\/ecca.edu.es","article_published_time":"2025-09-11T10:17:46+00:00","article_modified_time":"2026-01-08T12:52:35+00:00","og_image":[{"width":1080,"height":1080,"url":"https:\/\/blognoticias.ecca.edu.es\/wp-content\/uploads\/2025\/09\/Post-Instagram-cuadrado-80.png","type":"image\/png"}],"author":"Ecca.edu","twitter_card":"summary_large_image","twitter_creator":"@eccaedu","twitter_site":"@eccaedu","twitter_misc":{"Written by":"Ecca.edu","Estimated reading time":"3 minutes"},"schema":{"@context":"https:\/\/schema.org","@graph":[{"@type":"Article","@id":"https:\/\/blognoticias.ecca.edu.es\/ecca-edu-el-observatorio-internacional-para-la-defensa-de-los-derechos-humanos-comienzan-a-trabajar-de-la-mano\/#article","isPartOf":{"@id":"https:\/\/blognoticias.ecca.edu.es\/ecca-edu-el-observatorio-internacional-para-la-defensa-de-los-derechos-humanos-comienzan-a-trabajar-de-la-mano\/"},"author":{"name":"Ecca.edu","@id":"https:\/\/blognoticias.ecca.edu.es\/#\/schema\/person\/8070573f481ccba909661fdb1cf9e5eb"},"headline":"ecca.edu el Observatorio Internacional para la Defensa de los Derechos Humanos comienzan a trabajar de la mano","datePublished":"2025-09-11T10:17:46+00:00","dateModified":"2026-01-08T12:52:35+00:00","mainEntityOfPage":{"@id":"https:\/\/blognoticias.ecca.edu.es\/ecca-edu-el-observatorio-internacional-para-la-defensa-de-los-derechos-humanos-comienzan-a-trabajar-de-la-mano\/"},"wordCount":520,"publisher":{"@id":"https:\/\/blognoticias.ecca.edu.es\/#organization"},"image":{"@id":"https:\/\/blognoticias.ecca.edu.es\/ecca-edu-el-observatorio-internacional-para-la-defensa-de-los-derechos-humanos-comienzan-a-trabajar-de-la-mano\/#primaryimage"},"thumbnailUrl":"https:\/\/blognoticias.ecca.edu.es\/wp-content\/uploads\/2025\/09\/Post-Instagram-cuadrado-80.png","keywords":["#60a\u00f1ostransformandovidas","#eccaedu","Convenio","ecca educaci\u00f3n","formaci\u00f3n","Observatorio Internacional para la Defensa de los Derechos Humanos","OIDDH"],"articleSection":["Blog","Comunicaci\u00f3n","Noticias","Social"],"inLanguage":"en-GB"},{"@type":"WebPage","@id":"https:\/\/blognoticias.ecca.edu.es\/ecca-edu-el-observatorio-internacional-para-la-defensa-de-los-derechos-humanos-comienzan-a-trabajar-de-la-mano\/","url":"https:\/\/blognoticias.ecca.edu.es\/ecca-edu-el-observatorio-internacional-para-la-defensa-de-los-derechos-humanos-comienzan-a-trabajar-de-la-mano\/","name":"ecca.edu el Observatorio Internacional para la Defensa de los Derechos Humanos comienzan a trabajar de la mano","isPartOf":{"@id":"https:\/\/blognoticias.ecca.edu.es\/#website"},"primaryImageOfPage":{"@id":"https:\/\/blognoticias.ecca.edu.es\/ecca-edu-el-observatorio-internacional-para-la-defensa-de-los-derechos-humanos-comienzan-a-trabajar-de-la-mano\/#primaryimage"},"image":{"@id":"https:\/\/blognoticias.ecca.edu.es\/ecca-edu-el-observatorio-internacional-para-la-defensa-de-los-derechos-humanos-comienzan-a-trabajar-de-la-mano\/#primaryimage"},"thumbnailUrl":"https:\/\/blognoticias.ecca.edu.es\/wp-content\/uploads\/2025\/09\/Post-Instagram-cuadrado-80.png","datePublished":"2025-09-11T10:17:46+00:00","dateModified":"2026-01-08T12:52:35+00:00","description":"ecca.edu y el Observatorio Internacional para la Defensa de los Derechos Humanos (OIDDH) han firmado un convenio de colaboraci\u00f3n","breadcrumb":{"@id":"https:\/\/blognoticias.ecca.edu.es\/ecca-edu-el-observatorio-internacional-para-la-defensa-de-los-derechos-humanos-comienzan-a-trabajar-de-la-mano\/#breadcrumb"},"inLanguage":"en-GB","potentialAction":[{"@type":"ReadAction","target":["https:\/\/blognoticias.ecca.edu.es\/ecca-edu-el-observatorio-internacional-para-la-defensa-de-los-derechos-humanos-comienzan-a-trabajar-de-la-mano\/"]}]},{"@type":"ImageObject","inLanguage":"en-GB","@id":"https:\/\/blognoticias.ecca.edu.es\/ecca-edu-el-observatorio-internacional-para-la-defensa-de-los-derechos-humanos-comienzan-a-trabajar-de-la-mano\/#primaryimage","url":"https:\/\/blognoticias.ecca.edu.es\/wp-content\/uploads\/2025\/09\/Post-Instagram-cuadrado-80.png","contentUrl":"https:\/\/blognoticias.ecca.edu.es\/wp-content\/uploads\/2025\/09\/Post-Instagram-cuadrado-80.png","width":1080,"height":1080,"caption":"ecca.edu el Observatorio Internacional para la Defensa de los Derechos Humanos comienzan a trabajar de la mano_4"},{"@type":"BreadcrumbList","@id":"https:\/\/blognoticias.ecca.edu.es\/ecca-edu-el-observatorio-internacional-para-la-defensa-de-los-derechos-humanos-comienzan-a-trabajar-de-la-mano\/#breadcrumb","itemListElement":[{"@type":"ListItem","position":1,"name":"Portada","item":"https:\/\/blognoticias.ecca.edu.es\/"},{"@type":"ListItem","position":2,"name":"ecca.edu el Observatorio Internacional para la Defensa de los Derechos Humanos comienzan a trabajar de la mano"}]},{"@type":"WebSite","@id":"https:\/\/blognoticias.ecca.edu.es\/#website","url":"https:\/\/blognoticias.ecca.edu.es\/","name":"Blog Noticias Ecca","description":"","publisher":{"@id":"https:\/\/blognoticias.ecca.edu.es\/#organization"},"potentialAction":[{"@type":"SearchAction","target":{"@type":"EntryPoint","urlTemplate":"https:\/\/blognoticias.ecca.edu.es\/?s={search_term_string}"},"query-input":{"@type":"PropertyValueSpecification","valueRequired":true,"valueName":"search_term_string"}}],"inLanguage":"en-GB"},{"@type":"Organization","@id":"https:\/\/blognoticias.ecca.edu.es\/#organization","name":"Blog Noticias Ecca","url":"https:\/\/blognoticias.ecca.edu.es\/","logo":{"@type":"ImageObject","inLanguage":"en-GB","@id":"https:\/\/blognoticias.ecca.edu.es\/#\/schema\/logo\/image\/","url":"https:\/\/blognoticias.ecca.edu.es\/wp-content\/uploads\/2023\/02\/cropped-cropped-cropped-cropped-Logo-Ecca.edu_.png","contentUrl":"https:\/\/blognoticias.ecca.edu.es\/wp-content\/uploads\/2023\/02\/cropped-cropped-cropped-cropped-Logo-Ecca.edu_.png","width":293,"height":45,"caption":"Blog Noticias Ecca"},"image":{"@id":"https:\/\/blognoticias.ecca.edu.es\/#\/schema\/logo\/image\/"},"sameAs":["https:\/\/www.facebook.com\/ecca.edu.es","https:\/\/x.com\/eccaedu","https:\/\/www.instagram.com\/"]},{"@type":"Person","@id":"https:\/\/blognoticias.ecca.edu.es\/#\/schema\/person\/8070573f481ccba909661fdb1cf9e5eb","name":"Ecca.edu","image":{"@type":"ImageObject","inLanguage":"en-GB","@id":"https:\/\/blognoticias.ecca.edu.es\/#\/schema\/person\/image\/","url":"https:\/\/blognoticias.ecca.edu.es\/wp-content\/uploads\/2023\/02\/LOGO-ECCAEDU-1-150x150.png","contentUrl":"https:\/\/blognoticias.ecca.edu.es\/wp-content\/uploads\/2023\/02\/LOGO-ECCAEDU-1-150x150.png","caption":"Ecca.edu"},"url":"https:\/\/blognoticias.ecca.edu.es\/en\/author\/ecca-edu\/"}]}},"_links":{"self":[{"href":"https:\/\/blognoticias.ecca.edu.es\/en\/wp-json\/wp\/v2\/posts\/5813","targetHints":{"allow":["GET"]}}],"collection":[{"href":"https:\/\/blognoticias.ecca.edu.es\/en\/wp-json\/wp\/v2\/posts"}],"about":[{"href":"https:\/\/blognoticias.ecca.edu.es\/en\/wp-json\/wp\/v2\/types\/post"}],"author":[{"embeddable":true,"href":"https:\/\/blognoticias.ecca.edu.es\/en\/wp-json\/wp\/v2\/users\/2"}],"replies":[{"embeddable":true,"href":"https:\/\/blognoticias.ecca.edu.es\/en\/wp-json\/wp\/v2\/comments?post=5813"}],"version-history":[{"count":2,"href":"https:\/\/blognoticias.ecca.edu.es\/en\/wp-json\/wp\/v2\/posts\/5813\/revisions"}],"predecessor-version":[{"id":5822,"href":"https:\/\/blognoticias.ecca.edu.es\/en\/wp-json\/wp\/v2\/posts\/5813\/revisions\/5822"}],"wp:featuredmedia":[{"embeddable":true,"href":"https:\/\/blognoticias.ecca.edu.es\/en\/wp-json\/wp\/v2\/media\/5820"}],"wp:attachment":[{"href":"https:\/\/blognoticias.ecca.edu.es\/en\/wp-json\/wp\/v2\/media?parent=5813"}],"wp:term":[{"taxonomy":"category","embeddable":true,"href":"https:\/\/blognoticias.ecca.edu.es\/en\/wp-json\/wp\/v2\/categories?post=5813"},{"taxonomy":"post_tag","embeddable":true,"href":"https:\/\/blognoticias.ecca.edu.es\/en\/wp-json\/wp\/v2\/tags?post=5813"}],"curies":[{"name":"wp","href":"https:\/\/api.w.org\/{rel}","templated":true}]}}