{"id":5765,"date":"2025-09-09T14:14:11","date_gmt":"2025-09-09T14:14:11","guid":{"rendered":"https:\/\/blognoticias.ecca.edu.es\/?p=5765"},"modified":"2026-01-08T12:52:42","modified_gmt":"2026-01-08T12:52:42","slug":"la-calle-triana-se-convierte-en-el-nuevo-punto-expositivo-de-la-muestra-historica-que-celebra-el-60-aniversario-de-ecca-edu","status":"publish","type":"post","link":"https:\/\/blognoticias.ecca.edu.es\/en\/la-calle-triana-se-convierte-en-el-nuevo-punto-expositivo-de-la-muestra-historica-que-celebra-el-60-aniversario-de-ecca-edu\/","title":{"rendered":"La calle Triana se convierte en el nuevo punto expositivo de la muestra hist\u00f3rica que celebra el 60 aniversario de ecca.edu"},"content":{"rendered":"<div class='booster-block booster-read-block'>\n                <div class=\"twp-read-time\">\n                \t<i class=\"booster-icon twp-clock\"><\/i> <span>Tiempo de lectura:<\/span>4 Minutos, 43 Segundos                <\/div>\n\n            <\/div><p><span style=\"font-weight: 400;\">En el marco de su 60 aniversario, <\/span><a href=\"http:\/\/ecca.edu.es\"><b>ecca.edu<\/b><\/a><span style=\"font-weight: 400;\"> inaugur\u00f3 este martes, de la mano del Ayuntamiento de Las Palmas de Gran Canaria, la exposici\u00f3n <\/span><i><span style=\"font-weight: 400;\">6<strong>0 a\u00f1os transformando vidas a trav\u00e9s de la educaci\u00f3n<\/strong><\/span><\/i><span style=\"font-weight: 400;\"> en la c\u00e9ntrica calle Triana de la capital grancanaria. La muestra estar\u00e1 disponible hasta el 28 de septiembre y busca poner en valor el legado de una instituci\u00f3n que, desde sus inicios en 1965 con la radio, ha ofrecido oportunidades de formaci\u00f3n y progreso educativo a m\u00e1s de tres millones de personas.<\/span><\/p>\n<p><img loading=\"lazy\" decoding=\"async\" class=\"aligncenter wp-image-5783 size-large\" src=\"https:\/\/blognoticias.ecca.edu.es\/wp-content\/uploads\/2025\/09\/La-calle-Triana-se-convierte-en-el-nuevo-punto-expositivo-de-la-muestra-historica-que-celebra-el-60-aniversario-de-ecca.edu-09092025-1-1024x683.png\" alt=\"\" width=\"750\" height=\"500\" srcset=\"https:\/\/blognoticias.ecca.edu.es\/wp-content\/uploads\/2025\/09\/La-calle-Triana-se-convierte-en-el-nuevo-punto-expositivo-de-la-muestra-historica-que-celebra-el-60-aniversario-de-ecca.edu-09092025-1-1024x683.png 1024w, https:\/\/blognoticias.ecca.edu.es\/wp-content\/uploads\/2025\/09\/La-calle-Triana-se-convierte-en-el-nuevo-punto-expositivo-de-la-muestra-historica-que-celebra-el-60-aniversario-de-ecca.edu-09092025-1-300x200.png 300w, https:\/\/blognoticias.ecca.edu.es\/wp-content\/uploads\/2025\/09\/La-calle-Triana-se-convierte-en-el-nuevo-punto-expositivo-de-la-muestra-historica-que-celebra-el-60-aniversario-de-ecca.edu-09092025-1-768x512.png 768w, https:\/\/blognoticias.ecca.edu.es\/wp-content\/uploads\/2025\/09\/La-calle-Triana-se-convierte-en-el-nuevo-punto-expositivo-de-la-muestra-historica-que-celebra-el-60-aniversario-de-ecca.edu-09092025-1-1536x1025.png 1536w, https:\/\/blognoticias.ecca.edu.es\/wp-content\/uploads\/2025\/09\/La-calle-Triana-se-convierte-en-el-nuevo-punto-expositivo-de-la-muestra-historica-que-celebra-el-60-aniversario-de-ecca.edu-09092025-1-18x12.png 18w, https:\/\/blognoticias.ecca.edu.es\/wp-content\/uploads\/2025\/09\/La-calle-Triana-se-convierte-en-el-nuevo-punto-expositivo-de-la-muestra-historica-que-celebra-el-60-aniversario-de-ecca.edu-09092025-1.png 2048w\" sizes=\"auto, (max-width: 750px) 100vw, 750px\" \/><\/p>\n<p><span style=\"font-weight: 400;\">Se trata de un evento muy relevante para la fundaci\u00f3n, ya que es el \u00fanico municipio en el que la exposici\u00f3n, que durante 2025 est\u00e1 recorriendo todos los municipios Canarias en otro formato desplegable, se ha adaptado a 11 t\u00f3tems cedidos por Casa \u00c1frica para exhibirse durante casi un mes en este entorno tan concurrido.<\/span><\/p>\n<p><span style=\"font-weight: 400;\">El acto cont\u00f3 con la participaci\u00f3n del director general de <\/span><a href=\"http:\/\/ecca.edu\"><span style=\"font-weight: 400;\">ecca.edu<\/span><\/a><span style=\"font-weight: 400;\">, <\/span><b>Jos\u00e9 Mar\u00eda Segura SJ<\/b><span style=\"font-weight: 400;\">, y la alcaldesa de Las Palmas de Gran Canaria, <\/span><b>Carolina Darias<\/b><span style=\"font-weight: 400;\">. Adem\u00e1s, tambi\u00e9n estuvieron presentes otras autoridades como el consejero de Empleo y Desarrollo Local del Gobierno de Canarias, Juan D\u00edaz, la consejera de Educaci\u00f3n y Juventud del Cabildo de Gran Canaria, Olaia Mor\u00e1n, la directora del Servicio Canario de Empleo, Mar\u00eda Teresa Ortega y el concejal de Educaci\u00f3n del Ayuntamiento de Telde, Juan Pablo Rodr\u00edguez.<\/span><\/p>\n<p><span style=\"font-weight: 400;\">Asimismo, al evento asisti\u00f3 la directora gerente de <\/span><a href=\"http:\/\/ecca.edu\"><span style=\"font-weight: 400;\">ecca.edu<\/span><\/a><span style=\"font-weight: 400;\">, Gorety Almeida, acompa\u00f1ada de un nutrido grupo de representantes de otras alianzas y docentes, profesionales y alumnado de la casa.\u00a0<\/span><\/p>\n<h2>60 a\u00f1os de historia y educaci\u00f3n<\/h2>\n<p><span style=\"font-weight: 400;\">\u00abEsta exposici\u00f3n es un <strong>homenaje a todo el pueblo canario<\/strong> que hizo suya ecca desde sus or\u00edgenes y que ha confiado en ella durante 60 a\u00f1os\u00bb, afirm\u00f3 Jos\u00e9 Mar\u00eda Segura SJ, director general de ecca.edu. \u00abEs un honor poder compartir nuestra historia en un lugar tan emblem\u00e1tico como la calle Triana, y queremos agradecer de manera especial al Ayuntamiento de Las Palmas de Gran Canaria por su apoyo y por ser una alianza clave en esta misi\u00f3n compartida de llevar la formaci\u00f3n accesible a cada rinc\u00f3n de la ciudad\u00bb.<\/span><\/p>\n<p><span style=\"font-weight: 400;\">Por su parte, la alcaldesa de Las Palmas de Gran Canaria se\u00f1al\u00f3 que \u00abECCA cumple 60 a\u00f1os de historia en la ciudad y hablar de ECCA es hablar de <strong>progreso personal y comunitario<\/strong>, del derecho a la educaci\u00f3n y de la capacidad de transformar vidas. Hablar de ECCA \u2014primero como Radio ECCA y hoy como ecca.edu\u2014 es hablar de la vida en la ciudad y de c\u00f3mo esta instituci\u00f3n ha contribuido a que las personas avancen, mejoren y se empoderen para afrontar con dignidad y fortaleza las adversidades\u00bb.<\/span><\/p>\n<p><img loading=\"lazy\" decoding=\"async\" class=\"aligncenter wp-image-5785 size-large\" src=\"https:\/\/blognoticias.ecca.edu.es\/wp-content\/uploads\/2025\/09\/La-calle-Triana-se-convierte-en-el-nuevo-punto-expositivo-de-la-muestra-historica-que-celebra-el-60-aniversario-de-ecca.edu-09092025-3-1-1024x683.png\" alt=\"\" width=\"750\" height=\"500\" srcset=\"https:\/\/blognoticias.ecca.edu.es\/wp-content\/uploads\/2025\/09\/La-calle-Triana-se-convierte-en-el-nuevo-punto-expositivo-de-la-muestra-historica-que-celebra-el-60-aniversario-de-ecca.edu-09092025-3-1-1024x683.png 1024w, https:\/\/blognoticias.ecca.edu.es\/wp-content\/uploads\/2025\/09\/La-calle-Triana-se-convierte-en-el-nuevo-punto-expositivo-de-la-muestra-historica-que-celebra-el-60-aniversario-de-ecca.edu-09092025-3-1-300x200.png 300w, https:\/\/blognoticias.ecca.edu.es\/wp-content\/uploads\/2025\/09\/La-calle-Triana-se-convierte-en-el-nuevo-punto-expositivo-de-la-muestra-historica-que-celebra-el-60-aniversario-de-ecca.edu-09092025-3-1-768x512.png 768w, https:\/\/blognoticias.ecca.edu.es\/wp-content\/uploads\/2025\/09\/La-calle-Triana-se-convierte-en-el-nuevo-punto-expositivo-de-la-muestra-historica-que-celebra-el-60-aniversario-de-ecca.edu-09092025-3-1-1536x1025.png 1536w, https:\/\/blognoticias.ecca.edu.es\/wp-content\/uploads\/2025\/09\/La-calle-Triana-se-convierte-en-el-nuevo-punto-expositivo-de-la-muestra-historica-que-celebra-el-60-aniversario-de-ecca.edu-09092025-3-1-18x12.png 18w, https:\/\/blognoticias.ecca.edu.es\/wp-content\/uploads\/2025\/09\/La-calle-Triana-se-convierte-en-el-nuevo-punto-expositivo-de-la-muestra-historica-que-celebra-el-60-aniversario-de-ecca.edu-09092025-3-1.png 2048w\" sizes=\"auto, (max-width: 750px) 100vw, 750px\" \/><\/p>\n<p><span style=\"font-weight: 400;\">Asimismo, Darias resalt\u00f3 que \u00abpara el Ayuntamiento de Las Palmas de Gran Canaria es un orgullo contar con una instituci\u00f3n de la categor\u00eda y el compromiso social de ECCA, una organizaci\u00f3n nacida en esta ciudad y que ha llevado su labor educativa m\u00e1s all\u00e1 de nuestras fronteras, expandi\u00e9ndose a m\u00e1s de 80 ciudades de la Pen\u00ednsula, a toda Latinoam\u00e9rica y, de manera muy especial, al continente africano\u00bb.<\/span><\/p>\n<h2><b>Un recorrido por la historia de ecca.edu y su impacto<\/b><\/h2>\n<p><span style=\"font-weight: 400;\">La exposici\u00f3n ofrece un viaje visual a trav\u00e9s de la <strong>trayectoria de ecca.edu<\/strong>, desde sus comienzos radiof\u00f3nicos hasta su adaptaci\u00f3n a las nuevas tecnolog\u00edas y m\u00e9todos pedag\u00f3gicos. Mediante paneles informativos y recursos multimedia, los visitantes podr\u00e1n conocer los hitos m\u00e1s significativos de la instituci\u00f3n y el valor de la formaci\u00f3n accesible como motor de transformaci\u00f3n social.<\/span><\/p>\n<p><span style=\"font-weight: 400;\">El impacto de ecca.edu se refleja en cifras destacadas: m\u00e1s de 3,3 millones de matr\u00edculas registradas en 60 a\u00f1os y una presencia en el 92% del territorio canario, con 20 centros de orientaci\u00f3n solo en Las Palmas de Gran Canaria.\u00a0<\/span><\/p>\n<h2><b>Mirando al futuro: compromiso con la educaci\u00f3n inclusiva<\/b><\/h2>\n<p><span style=\"font-weight: 400;\">La exposici\u00f3n no solo conmemora el pasado, sino que tambi\u00e9n subraya el compromiso de ecca.edu con la innovaci\u00f3n y el <strong>futuro de la educaci\u00f3n a distancia<\/strong>. La muestra destaca c\u00f3mo la red de alianzas estrat\u00e9gicas, incluido el apoyo del Ayuntamiento de Las Palmas de Gran Canaria, ha sido fundamental para su existencia y para la consecuci\u00f3n de su misi\u00f3n.<\/span><\/p>\n<p><span style=\"font-weight: 400;\">Este evento celebra la trayectoria de un sistema de educaci\u00f3n \u00fanico, nacido en Gran Canaria hace seis d\u00e9cadas, que ha demostrado su capacidad para transformar vidas a trav\u00e9s de la educaci\u00f3n accesible y de calidad.<\/span><\/p>\n<p>Declaraciones:<\/p>\n<ul>\n<li><strong>Jos\u00e9 Mar\u00eda Segura SJ<\/strong>, director general de ecca.edu:<div style=\"width: 640px;\" class=\"wp-video\"><video class=\"wp-video-shortcode\" id=\"video-5765-1\" width=\"640\" height=\"360\" preload=\"metadata\" controls=\"controls\"><source type=\"video\/mp4\" src=\"https:\/\/blognoticias.ecca.edu.es\/wp-content\/uploads\/2025\/09\/Jose-Maria-Segura-SJ-director-general-ecca.edu-Inauguracion-expo-60-aniversario-ecca-090925-4.mp4?_=1\" \/><a href=\"https:\/\/blognoticias.ecca.edu.es\/wp-content\/uploads\/2025\/09\/Jose-Maria-Segura-SJ-director-general-ecca.edu-Inauguracion-expo-60-aniversario-ecca-090925-4.mp4\">https:\/\/blognoticias.ecca.edu.es\/wp-content\/uploads\/2025\/09\/Jose-Maria-Segura-SJ-director-general-ecca.edu-Inauguracion-expo-60-aniversario-ecca-090925-4.mp4<\/a><\/video><\/div><\/li>\n<li><strong>Carolina Darias<\/strong>, alcaldesa de Las Palmas de Gran Canaria:<div style=\"width: 640px;\" class=\"wp-video\"><video class=\"wp-video-shortcode\" id=\"video-5765-2\" width=\"640\" height=\"360\" preload=\"metadata\" controls=\"controls\"><source type=\"video\/mp4\" src=\"https:\/\/blognoticias.ecca.edu.es\/wp-content\/uploads\/2025\/09\/Carolina-Darias-alcaldesa-de-LPGC-Inauguracion-expo-60-aniversario-ecca-090925-3.mp4?_=2\" \/><a href=\"https:\/\/blognoticias.ecca.edu.es\/wp-content\/uploads\/2025\/09\/Carolina-Darias-alcaldesa-de-LPGC-Inauguracion-expo-60-aniversario-ecca-090925-3.mp4\">https:\/\/blognoticias.ecca.edu.es\/wp-content\/uploads\/2025\/09\/Carolina-Darias-alcaldesa-de-LPGC-Inauguracion-expo-60-aniversario-ecca-090925-3.mp4<\/a><\/video><\/div><\/li>\n<\/ul>\n<h2>El impacto de la exposici\u00f3n en los medios<\/h2>\n<p>La inauguraci\u00f3n de la muestra en la calle Triana ha tenido una gran acogida en los medios de comunicaci\u00f3n, destacando la relevancia de la exposici\u00f3n y la trayectoria de ecca.edu. A continuaci\u00f3n, encontrar\u00e1s un listado de diferentes impactos que ha tenido la exposici\u00f3n en los medios de comunicaci\u00f3n:<\/p>\n<ul>\n<li><a href=\"https:\/\/www.laprovincia.es\/las-palmas\/2025\/09\/09\/ecca-cumple-60-anos-transformando-121392800.html\"><strong>La Provincia<\/strong>:<\/a> <a href=\"https:\/\/www.laprovincia.es\/las-palmas\/2025\/09\/09\/ecca-cumple-60-anos-transformando-121392800.html\">ver art\u00edculo completo<\/a><\/li>\n<li><a href=\"https:\/\/youtu.be\/ZQzenSFyL2M\"><strong>TVE &#8211; Informativos Telecanarias:<\/strong><\/a> <a href=\"https:\/\/youtu.be\/ZQzenSFyL2M\">ver reportaje completo<\/a><\/li>\n<li><a href=\"https:\/\/www.youtube.com\/watch?v=_UvJucnpMg4\"><strong>RTVC Televisi\u00f3n Canaria:<\/strong><\/a> <a href=\"https:\/\/www.youtube.com\/watch?v=_UvJucnpMg4\">ver reportaje completo<\/a><\/li>\n<li><a href=\"https:\/\/rtvc.es\/triana-exposicion-60-anos-ecca-eddu\/\"><strong>Web oficial de RTVC Radio Televisi\u00f3n Canaria:<\/strong><\/a> <a href=\"https:\/\/rtvc.es\/triana-exposicion-60-anos-ecca-eddu\/\">ver art\u00edculo completo<\/a><\/li>\n<li><a href=\"https:\/\/www.laspalmasgc.es\/es\/ayuntamiento\/prensa-y-comunicacion\/notas-de-prensa\/nota-de-prensa\/Triana-acoge-la-exposicion-60-anos-transformando-vidas-a-traves-de-la-educacion-por-el-60-aniversario-de-ecca.edu\/\"><strong>Web oficial del Ayuntamiento de Las Palmas de Gran Canaria:<\/strong> <\/a><a href=\"https:\/\/www.laspalmasgc.es\/es\/ayuntamiento\/prensa-y-comunicacion\/notas-de-prensa\/nota-de-prensa\/Triana-acoge-la-exposicion-60-anos-transformando-vidas-a-traves-de-la-educacion-por-el-60-aniversario-de-ecca.edu\/\">ver art\u00edculo completo<\/a><\/li>\n<\/ul>\n<h2>\u00bfC\u00f3mo fue la inauguraci\u00f3n de la exposici\u00f3n de ecca.edu en Triana?<\/h2>\n<p>Aqu\u00ed te dejamos una galer\u00eda de fotograf\u00edas con algunos momentos destacados de la inauguraci\u00f3n:<\/p>\n<div id=\"gallery-1\" class=\"gallery galleryid-5760 gallery-columns-4 gallery-size-medium\">\n<div id='gallery-1' class='gallery galleryid-5765 gallery-columns-4 gallery-size-medium'><figure class='gallery-item'>\n\t\t\t<div class='gallery-icon landscape'>\n\t\t\t\t<a href='https:\/\/blognoticias.ecca.edu.es\/en\/la-calle-triana-se-convierte-en-el-nuevo-punto-expositivo-de-la-muestra-historica-que-celebra-el-60-aniversario-de-ecca-edu\/la-calle-triana-se-convierte-en-el-nuevo-punto-expositivo-de-la-muestra-historica-que-celebra-el-60-aniversario-de-ecca-edu-09092025-7-2\/'><img loading=\"lazy\" decoding=\"async\" width=\"300\" height=\"200\" src=\"https:\/\/blognoticias.ecca.edu.es\/wp-content\/uploads\/2025\/09\/La-calle-Triana-se-convierte-en-el-nuevo-punto-expositivo-de-la-muestra-historica-que-celebra-el-60-aniversario-de-ecca.edu-09092025-7-300x200.png\" class=\"attachment-medium size-medium\" alt=\"\" srcset=\"https:\/\/blognoticias.ecca.edu.es\/wp-content\/uploads\/2025\/09\/La-calle-Triana-se-convierte-en-el-nuevo-punto-expositivo-de-la-muestra-historica-que-celebra-el-60-aniversario-de-ecca.edu-09092025-7-300x200.png 300w, https:\/\/blognoticias.ecca.edu.es\/wp-content\/uploads\/2025\/09\/La-calle-Triana-se-convierte-en-el-nuevo-punto-expositivo-de-la-muestra-historica-que-celebra-el-60-aniversario-de-ecca.edu-09092025-7-1024x683.png 1024w, https:\/\/blognoticias.ecca.edu.es\/wp-content\/uploads\/2025\/09\/La-calle-Triana-se-convierte-en-el-nuevo-punto-expositivo-de-la-muestra-historica-que-celebra-el-60-aniversario-de-ecca.edu-09092025-7-768x512.png 768w, https:\/\/blognoticias.ecca.edu.es\/wp-content\/uploads\/2025\/09\/La-calle-Triana-se-convierte-en-el-nuevo-punto-expositivo-de-la-muestra-historica-que-celebra-el-60-aniversario-de-ecca.edu-09092025-7-1536x1025.png 1536w, https:\/\/blognoticias.ecca.edu.es\/wp-content\/uploads\/2025\/09\/La-calle-Triana-se-convierte-en-el-nuevo-punto-expositivo-de-la-muestra-historica-que-celebra-el-60-aniversario-de-ecca.edu-09092025-7-18x12.png 18w, https:\/\/blognoticias.ecca.edu.es\/wp-content\/uploads\/2025\/09\/La-calle-Triana-se-convierte-en-el-nuevo-punto-expositivo-de-la-muestra-historica-que-celebra-el-60-aniversario-de-ecca.edu-09092025-7.png 2048w\" sizes=\"auto, (max-width: 300px) 100vw, 300px\" \/><\/a>\n\t\t\t<\/div><\/figure><figure class='gallery-item'>\n\t\t\t<div class='gallery-icon landscape'>\n\t\t\t\t<a href='https:\/\/blognoticias.ecca.edu.es\/en\/la-calle-triana-se-convierte-en-el-nuevo-punto-expositivo-de-la-muestra-historica-que-celebra-el-60-aniversario-de-ecca-edu\/la-calle-triana-se-convierte-en-el-nuevo-punto-expositivo-de-la-muestra-historica-que-celebra-el-60-aniversario-de-ecca-edu-09092025-6-2\/'><img loading=\"lazy\" decoding=\"async\" width=\"300\" height=\"200\" src=\"https:\/\/blognoticias.ecca.edu.es\/wp-content\/uploads\/2025\/09\/La-calle-Triana-se-convierte-en-el-nuevo-punto-expositivo-de-la-muestra-historica-que-celebra-el-60-aniversario-de-ecca.edu-09092025-6-1-300x200.png\" class=\"attachment-medium size-medium\" alt=\"\" srcset=\"https:\/\/blognoticias.ecca.edu.es\/wp-content\/uploads\/2025\/09\/La-calle-Triana-se-convierte-en-el-nuevo-punto-expositivo-de-la-muestra-historica-que-celebra-el-60-aniversario-de-ecca.edu-09092025-6-1-300x200.png 300w, https:\/\/blognoticias.ecca.edu.es\/wp-content\/uploads\/2025\/09\/La-calle-Triana-se-convierte-en-el-nuevo-punto-expositivo-de-la-muestra-historica-que-celebra-el-60-aniversario-de-ecca.edu-09092025-6-1-1024x683.png 1024w, https:\/\/blognoticias.ecca.edu.es\/wp-content\/uploads\/2025\/09\/La-calle-Triana-se-convierte-en-el-nuevo-punto-expositivo-de-la-muestra-historica-que-celebra-el-60-aniversario-de-ecca.edu-09092025-6-1-768x512.png 768w, https:\/\/blognoticias.ecca.edu.es\/wp-content\/uploads\/2025\/09\/La-calle-Triana-se-convierte-en-el-nuevo-punto-expositivo-de-la-muestra-historica-que-celebra-el-60-aniversario-de-ecca.edu-09092025-6-1-1536x1025.png 1536w, https:\/\/blognoticias.ecca.edu.es\/wp-content\/uploads\/2025\/09\/La-calle-Triana-se-convierte-en-el-nuevo-punto-expositivo-de-la-muestra-historica-que-celebra-el-60-aniversario-de-ecca.edu-09092025-6-1-18x12.png 18w, https:\/\/blognoticias.ecca.edu.es\/wp-content\/uploads\/2025\/09\/La-calle-Triana-se-convierte-en-el-nuevo-punto-expositivo-de-la-muestra-historica-que-celebra-el-60-aniversario-de-ecca.edu-09092025-6-1.png 2048w\" sizes=\"auto, (max-width: 300px) 100vw, 300px\" \/><\/a>\n\t\t\t<\/div><\/figure><figure class='gallery-item'>\n\t\t\t<div class='gallery-icon landscape'>\n\t\t\t\t<a href='https:\/\/blognoticias.ecca.edu.es\/en\/la-calle-triana-se-convierte-en-el-nuevo-punto-expositivo-de-la-muestra-historica-que-celebra-el-60-aniversario-de-ecca-edu\/la-calle-triana-se-convierte-en-el-nuevo-punto-expositivo-de-la-muestra-historica-que-celebra-el-60-aniversario-de-ecca-edu-09092025-5-2\/'><img loading=\"lazy\" decoding=\"async\" width=\"300\" height=\"200\" src=\"https:\/\/blognoticias.ecca.edu.es\/wp-content\/uploads\/2025\/09\/La-calle-Triana-se-convierte-en-el-nuevo-punto-expositivo-de-la-muestra-historica-que-celebra-el-60-aniversario-de-ecca.edu-09092025-5-300x200.png\" class=\"attachment-medium size-medium\" alt=\"\" srcset=\"https:\/\/blognoticias.ecca.edu.es\/wp-content\/uploads\/2025\/09\/La-calle-Triana-se-convierte-en-el-nuevo-punto-expositivo-de-la-muestra-historica-que-celebra-el-60-aniversario-de-ecca.edu-09092025-5-300x200.png 300w, https:\/\/blognoticias.ecca.edu.es\/wp-content\/uploads\/2025\/09\/La-calle-Triana-se-convierte-en-el-nuevo-punto-expositivo-de-la-muestra-historica-que-celebra-el-60-aniversario-de-ecca.edu-09092025-5-1024x683.png 1024w, https:\/\/blognoticias.ecca.edu.es\/wp-content\/uploads\/2025\/09\/La-calle-Triana-se-convierte-en-el-nuevo-punto-expositivo-de-la-muestra-historica-que-celebra-el-60-aniversario-de-ecca.edu-09092025-5-768x512.png 768w, https:\/\/blognoticias.ecca.edu.es\/wp-content\/uploads\/2025\/09\/La-calle-Triana-se-convierte-en-el-nuevo-punto-expositivo-de-la-muestra-historica-que-celebra-el-60-aniversario-de-ecca.edu-09092025-5-1536x1025.png 1536w, https:\/\/blognoticias.ecca.edu.es\/wp-content\/uploads\/2025\/09\/La-calle-Triana-se-convierte-en-el-nuevo-punto-expositivo-de-la-muestra-historica-que-celebra-el-60-aniversario-de-ecca.edu-09092025-5-18x12.png 18w, https:\/\/blognoticias.ecca.edu.es\/wp-content\/uploads\/2025\/09\/La-calle-Triana-se-convierte-en-el-nuevo-punto-expositivo-de-la-muestra-historica-que-celebra-el-60-aniversario-de-ecca.edu-09092025-5.png 2048w\" sizes=\"auto, (max-width: 300px) 100vw, 300px\" \/><\/a>\n\t\t\t<\/div><\/figure><figure class='gallery-item'>\n\t\t\t<div class='gallery-icon landscape'>\n\t\t\t\t<a href='https:\/\/blognoticias.ecca.edu.es\/en\/la-calle-triana-se-convierte-en-el-nuevo-punto-expositivo-de-la-muestra-historica-que-celebra-el-60-aniversario-de-ecca-edu\/la-calle-triana-se-convierte-en-el-nuevo-punto-expositivo-de-la-muestra-historica-que-celebra-el-60-aniversario-de-ecca-edu-09092025-4-2\/'><img loading=\"lazy\" decoding=\"async\" width=\"300\" height=\"200\" src=\"https:\/\/blognoticias.ecca.edu.es\/wp-content\/uploads\/2025\/09\/La-calle-Triana-se-convierte-en-el-nuevo-punto-expositivo-de-la-muestra-historica-que-celebra-el-60-aniversario-de-ecca.edu-09092025-4-300x200.png\" class=\"attachment-medium size-medium\" alt=\"\" srcset=\"https:\/\/blognoticias.ecca.edu.es\/wp-content\/uploads\/2025\/09\/La-calle-Triana-se-convierte-en-el-nuevo-punto-expositivo-de-la-muestra-historica-que-celebra-el-60-aniversario-de-ecca.edu-09092025-4-300x200.png 300w, https:\/\/blognoticias.ecca.edu.es\/wp-content\/uploads\/2025\/09\/La-calle-Triana-se-convierte-en-el-nuevo-punto-expositivo-de-la-muestra-historica-que-celebra-el-60-aniversario-de-ecca.edu-09092025-4-1024x683.png 1024w, https:\/\/blognoticias.ecca.edu.es\/wp-content\/uploads\/2025\/09\/La-calle-Triana-se-convierte-en-el-nuevo-punto-expositivo-de-la-muestra-historica-que-celebra-el-60-aniversario-de-ecca.edu-09092025-4-768x512.png 768w, https:\/\/blognoticias.ecca.edu.es\/wp-content\/uploads\/2025\/09\/La-calle-Triana-se-convierte-en-el-nuevo-punto-expositivo-de-la-muestra-historica-que-celebra-el-60-aniversario-de-ecca.edu-09092025-4-1536x1025.png 1536w, https:\/\/blognoticias.ecca.edu.es\/wp-content\/uploads\/2025\/09\/La-calle-Triana-se-convierte-en-el-nuevo-punto-expositivo-de-la-muestra-historica-que-celebra-el-60-aniversario-de-ecca.edu-09092025-4-18x12.png 18w, https:\/\/blognoticias.ecca.edu.es\/wp-content\/uploads\/2025\/09\/La-calle-Triana-se-convierte-en-el-nuevo-punto-expositivo-de-la-muestra-historica-que-celebra-el-60-aniversario-de-ecca.edu-09092025-4.png 2048w\" sizes=\"auto, (max-width: 300px) 100vw, 300px\" \/><\/a>\n\t\t\t<\/div><\/figure><figure class='gallery-item'>\n\t\t\t<div class='gallery-icon landscape'>\n\t\t\t\t<a href='https:\/\/blognoticias.ecca.edu.es\/en\/la-calle-triana-se-convierte-en-el-nuevo-punto-expositivo-de-la-muestra-historica-que-celebra-el-60-aniversario-de-ecca-edu\/la-calle-triana-se-convierte-en-el-nuevo-punto-expositivo-de-la-muestra-historica-que-celebra-el-60-aniversario-de-ecca-edu-09092025-3-2\/'><img loading=\"lazy\" decoding=\"async\" width=\"300\" height=\"200\" src=\"https:\/\/blognoticias.ecca.edu.es\/wp-content\/uploads\/2025\/09\/La-calle-Triana-se-convierte-en-el-nuevo-punto-expositivo-de-la-muestra-historica-que-celebra-el-60-aniversario-de-ecca.edu-09092025-3-1-300x200.png\" class=\"attachment-medium size-medium\" alt=\"\" srcset=\"https:\/\/blognoticias.ecca.edu.es\/wp-content\/uploads\/2025\/09\/La-calle-Triana-se-convierte-en-el-nuevo-punto-expositivo-de-la-muestra-historica-que-celebra-el-60-aniversario-de-ecca.edu-09092025-3-1-300x200.png 300w, https:\/\/blognoticias.ecca.edu.es\/wp-content\/uploads\/2025\/09\/La-calle-Triana-se-convierte-en-el-nuevo-punto-expositivo-de-la-muestra-historica-que-celebra-el-60-aniversario-de-ecca.edu-09092025-3-1-1024x683.png 1024w, https:\/\/blognoticias.ecca.edu.es\/wp-content\/uploads\/2025\/09\/La-calle-Triana-se-convierte-en-el-nuevo-punto-expositivo-de-la-muestra-historica-que-celebra-el-60-aniversario-de-ecca.edu-09092025-3-1-768x512.png 768w, https:\/\/blognoticias.ecca.edu.es\/wp-content\/uploads\/2025\/09\/La-calle-Triana-se-convierte-en-el-nuevo-punto-expositivo-de-la-muestra-historica-que-celebra-el-60-aniversario-de-ecca.edu-09092025-3-1-1536x1025.png 1536w, https:\/\/blognoticias.ecca.edu.es\/wp-content\/uploads\/2025\/09\/La-calle-Triana-se-convierte-en-el-nuevo-punto-expositivo-de-la-muestra-historica-que-celebra-el-60-aniversario-de-ecca.edu-09092025-3-1-18x12.png 18w, https:\/\/blognoticias.ecca.edu.es\/wp-content\/uploads\/2025\/09\/La-calle-Triana-se-convierte-en-el-nuevo-punto-expositivo-de-la-muestra-historica-que-celebra-el-60-aniversario-de-ecca.edu-09092025-3-1.png 2048w\" sizes=\"auto, (max-width: 300px) 100vw, 300px\" \/><\/a>\n\t\t\t<\/div><\/figure><figure class='gallery-item'>\n\t\t\t<div class='gallery-icon landscape'>\n\t\t\t\t<a href='https:\/\/blognoticias.ecca.edu.es\/en\/la-calle-triana-se-convierte-en-el-nuevo-punto-expositivo-de-la-muestra-historica-que-celebra-el-60-aniversario-de-ecca-edu\/la-calle-triana-se-convierte-en-el-nuevo-punto-expositivo-de-la-muestra-historica-que-celebra-el-60-aniversario-de-ecca-edu-09092025-2-2\/'><img loading=\"lazy\" decoding=\"async\" width=\"300\" height=\"200\" src=\"https:\/\/blognoticias.ecca.edu.es\/wp-content\/uploads\/2025\/09\/La-calle-Triana-se-convierte-en-el-nuevo-punto-expositivo-de-la-muestra-historica-que-celebra-el-60-aniversario-de-ecca.edu-09092025-2-300x200.png\" class=\"attachment-medium size-medium\" alt=\"\" srcset=\"https:\/\/blognoticias.ecca.edu.es\/wp-content\/uploads\/2025\/09\/La-calle-Triana-se-convierte-en-el-nuevo-punto-expositivo-de-la-muestra-historica-que-celebra-el-60-aniversario-de-ecca.edu-09092025-2-300x200.png 300w, https:\/\/blognoticias.ecca.edu.es\/wp-content\/uploads\/2025\/09\/La-calle-Triana-se-convierte-en-el-nuevo-punto-expositivo-de-la-muestra-historica-que-celebra-el-60-aniversario-de-ecca.edu-09092025-2-1024x683.png 1024w, https:\/\/blognoticias.ecca.edu.es\/wp-content\/uploads\/2025\/09\/La-calle-Triana-se-convierte-en-el-nuevo-punto-expositivo-de-la-muestra-historica-que-celebra-el-60-aniversario-de-ecca.edu-09092025-2-768x512.png 768w, https:\/\/blognoticias.ecca.edu.es\/wp-content\/uploads\/2025\/09\/La-calle-Triana-se-convierte-en-el-nuevo-punto-expositivo-de-la-muestra-historica-que-celebra-el-60-aniversario-de-ecca.edu-09092025-2-1536x1025.png 1536w, https:\/\/blognoticias.ecca.edu.es\/wp-content\/uploads\/2025\/09\/La-calle-Triana-se-convierte-en-el-nuevo-punto-expositivo-de-la-muestra-historica-que-celebra-el-60-aniversario-de-ecca.edu-09092025-2-18x12.png 18w, https:\/\/blognoticias.ecca.edu.es\/wp-content\/uploads\/2025\/09\/La-calle-Triana-se-convierte-en-el-nuevo-punto-expositivo-de-la-muestra-historica-que-celebra-el-60-aniversario-de-ecca.edu-09092025-2.png 2048w\" sizes=\"auto, (max-width: 300px) 100vw, 300px\" \/><\/a>\n\t\t\t<\/div><\/figure><figure class='gallery-item'>\n\t\t\t<div class='gallery-icon landscape'>\n\t\t\t\t<a href='https:\/\/blognoticias.ecca.edu.es\/en\/la-calle-triana-se-convierte-en-el-nuevo-punto-expositivo-de-la-muestra-historica-que-celebra-el-60-aniversario-de-ecca-edu\/la-calle-triana-se-convierte-en-el-nuevo-punto-expositivo-de-la-muestra-historica-que-celebra-el-60-aniversario-de-ecca-edu-09092025-1-2\/'><img loading=\"lazy\" decoding=\"async\" width=\"300\" height=\"200\" src=\"https:\/\/blognoticias.ecca.edu.es\/wp-content\/uploads\/2025\/09\/La-calle-Triana-se-convierte-en-el-nuevo-punto-expositivo-de-la-muestra-historica-que-celebra-el-60-aniversario-de-ecca.edu-09092025-1-300x200.png\" class=\"attachment-medium size-medium\" alt=\"\" srcset=\"https:\/\/blognoticias.ecca.edu.es\/wp-content\/uploads\/2025\/09\/La-calle-Triana-se-convierte-en-el-nuevo-punto-expositivo-de-la-muestra-historica-que-celebra-el-60-aniversario-de-ecca.edu-09092025-1-300x200.png 300w, https:\/\/blognoticias.ecca.edu.es\/wp-content\/uploads\/2025\/09\/La-calle-Triana-se-convierte-en-el-nuevo-punto-expositivo-de-la-muestra-historica-que-celebra-el-60-aniversario-de-ecca.edu-09092025-1-1024x683.png 1024w, https:\/\/blognoticias.ecca.edu.es\/wp-content\/uploads\/2025\/09\/La-calle-Triana-se-convierte-en-el-nuevo-punto-expositivo-de-la-muestra-historica-que-celebra-el-60-aniversario-de-ecca.edu-09092025-1-768x512.png 768w, https:\/\/blognoticias.ecca.edu.es\/wp-content\/uploads\/2025\/09\/La-calle-Triana-se-convierte-en-el-nuevo-punto-expositivo-de-la-muestra-historica-que-celebra-el-60-aniversario-de-ecca.edu-09092025-1-1536x1025.png 1536w, https:\/\/blognoticias.ecca.edu.es\/wp-content\/uploads\/2025\/09\/La-calle-Triana-se-convierte-en-el-nuevo-punto-expositivo-de-la-muestra-historica-que-celebra-el-60-aniversario-de-ecca.edu-09092025-1-18x12.png 18w, https:\/\/blognoticias.ecca.edu.es\/wp-content\/uploads\/2025\/09\/La-calle-Triana-se-convierte-en-el-nuevo-punto-expositivo-de-la-muestra-historica-que-celebra-el-60-aniversario-de-ecca.edu-09092025-1.png 2048w\" sizes=\"auto, (max-width: 300px) 100vw, 300px\" \/><\/a>\n\t\t\t<\/div><\/figure><figure class='gallery-item'>\n\t\t\t<div class='gallery-icon landscape'>\n\t\t\t\t<a href='https:\/\/blognoticias.ecca.edu.es\/en\/la-calle-triana-se-convierte-en-el-nuevo-punto-expositivo-de-la-muestra-historica-que-celebra-el-60-aniversario-de-ecca-edu\/img_5810\/'><img loading=\"lazy\" decoding=\"async\" width=\"300\" height=\"200\" src=\"https:\/\/blognoticias.ecca.edu.es\/wp-content\/uploads\/2025\/09\/IMG_5810-300x200.jpg\" class=\"attachment-medium size-medium\" alt=\"\" srcset=\"https:\/\/blognoticias.ecca.edu.es\/wp-content\/uploads\/2025\/09\/IMG_5810-300x200.jpg 300w, https:\/\/blognoticias.ecca.edu.es\/wp-content\/uploads\/2025\/09\/IMG_5810-1024x683.jpg 1024w, https:\/\/blognoticias.ecca.edu.es\/wp-content\/uploads\/2025\/09\/IMG_5810-768x512.jpg 768w, https:\/\/blognoticias.ecca.edu.es\/wp-content\/uploads\/2025\/09\/IMG_5810-1536x1024.jpg 1536w, https:\/\/blognoticias.ecca.edu.es\/wp-content\/uploads\/2025\/09\/IMG_5810-2048x1365.jpg 2048w, https:\/\/blognoticias.ecca.edu.es\/wp-content\/uploads\/2025\/09\/IMG_5810-18x12.jpg 18w\" sizes=\"auto, (max-width: 300px) 100vw, 300px\" \/><\/a>\n\t\t\t<\/div><\/figure><figure class='gallery-item'>\n\t\t\t<div class='gallery-icon landscape'>\n\t\t\t\t<a href='https:\/\/blognoticias.ecca.edu.es\/en\/la-calle-triana-se-convierte-en-el-nuevo-punto-expositivo-de-la-muestra-historica-que-celebra-el-60-aniversario-de-ecca-edu\/img_5849\/'><img loading=\"lazy\" decoding=\"async\" width=\"300\" height=\"200\" src=\"https:\/\/blognoticias.ecca.edu.es\/wp-content\/uploads\/2025\/09\/IMG_5849-300x200.jpg\" class=\"attachment-medium size-medium\" alt=\"\" srcset=\"https:\/\/blognoticias.ecca.edu.es\/wp-content\/uploads\/2025\/09\/IMG_5849-300x200.jpg 300w, https:\/\/blognoticias.ecca.edu.es\/wp-content\/uploads\/2025\/09\/IMG_5849-1024x683.jpg 1024w, https:\/\/blognoticias.ecca.edu.es\/wp-content\/uploads\/2025\/09\/IMG_5849-768x512.jpg 768w, https:\/\/blognoticias.ecca.edu.es\/wp-content\/uploads\/2025\/09\/IMG_5849-1536x1024.jpg 1536w, https:\/\/blognoticias.ecca.edu.es\/wp-content\/uploads\/2025\/09\/IMG_5849-2048x1365.jpg 2048w, https:\/\/blognoticias.ecca.edu.es\/wp-content\/uploads\/2025\/09\/IMG_5849-18x12.jpg 18w\" sizes=\"auto, (max-width: 300px) 100vw, 300px\" \/><\/a>\n\t\t\t<\/div><\/figure><figure class='gallery-item'>\n\t\t\t<div class='gallery-icon landscape'>\n\t\t\t\t<a href='https:\/\/blognoticias.ecca.edu.es\/en\/la-calle-triana-se-convierte-en-el-nuevo-punto-expositivo-de-la-muestra-historica-que-celebra-el-60-aniversario-de-ecca-edu\/img_5875\/'><img loading=\"lazy\" decoding=\"async\" width=\"300\" height=\"200\" src=\"https:\/\/blognoticias.ecca.edu.es\/wp-content\/uploads\/2025\/09\/IMG_5875-300x200.jpg\" class=\"attachment-medium size-medium\" alt=\"\" srcset=\"https:\/\/blognoticias.ecca.edu.es\/wp-content\/uploads\/2025\/09\/IMG_5875-300x200.jpg 300w, https:\/\/blognoticias.ecca.edu.es\/wp-content\/uploads\/2025\/09\/IMG_5875-1024x683.jpg 1024w, https:\/\/blognoticias.ecca.edu.es\/wp-content\/uploads\/2025\/09\/IMG_5875-768x512.jpg 768w, https:\/\/blognoticias.ecca.edu.es\/wp-content\/uploads\/2025\/09\/IMG_5875-1536x1024.jpg 1536w, https:\/\/blognoticias.ecca.edu.es\/wp-content\/uploads\/2025\/09\/IMG_5875-2048x1365.jpg 2048w, https:\/\/blognoticias.ecca.edu.es\/wp-content\/uploads\/2025\/09\/IMG_5875-18x12.jpg 18w\" sizes=\"auto, (max-width: 300px) 100vw, 300px\" \/><\/a>\n\t\t\t<\/div><\/figure><figure class='gallery-item'>\n\t\t\t<div class='gallery-icon portrait'>\n\t\t\t\t<a href='https:\/\/blognoticias.ecca.edu.es\/en\/la-calle-triana-se-convierte-en-el-nuevo-punto-expositivo-de-la-muestra-historica-que-celebra-el-60-aniversario-de-ecca-edu\/img_5872\/'><img loading=\"lazy\" decoding=\"async\" width=\"200\" height=\"300\" src=\"https:\/\/blognoticias.ecca.edu.es\/wp-content\/uploads\/2025\/09\/IMG_5872-200x300.jpg\" class=\"attachment-medium size-medium\" alt=\"\" srcset=\"https:\/\/blognoticias.ecca.edu.es\/wp-content\/uploads\/2025\/09\/IMG_5872-200x300.jpg 200w, https:\/\/blognoticias.ecca.edu.es\/wp-content\/uploads\/2025\/09\/IMG_5872-683x1024.jpg 683w, https:\/\/blognoticias.ecca.edu.es\/wp-content\/uploads\/2025\/09\/IMG_5872-768x1152.jpg 768w, https:\/\/blognoticias.ecca.edu.es\/wp-content\/uploads\/2025\/09\/IMG_5872-1024x1536.jpg 1024w, https:\/\/blognoticias.ecca.edu.es\/wp-content\/uploads\/2025\/09\/IMG_5872-1365x2048.jpg 1365w, https:\/\/blognoticias.ecca.edu.es\/wp-content\/uploads\/2025\/09\/IMG_5872-8x12.jpg 8w, https:\/\/blognoticias.ecca.edu.es\/wp-content\/uploads\/2025\/09\/IMG_5872-scaled.jpg 1707w\" sizes=\"auto, (max-width: 200px) 100vw, 200px\" \/><\/a>\n\t\t\t<\/div><\/figure><figure class='gallery-item'>\n\t\t\t<div class='gallery-icon landscape'>\n\t\t\t\t<a href='https:\/\/blognoticias.ecca.edu.es\/en\/la-calle-triana-se-convierte-en-el-nuevo-punto-expositivo-de-la-muestra-historica-que-celebra-el-60-aniversario-de-ecca-edu\/img_5877\/'><img loading=\"lazy\" decoding=\"async\" width=\"300\" height=\"200\" src=\"https:\/\/blognoticias.ecca.edu.es\/wp-content\/uploads\/2025\/09\/IMG_5877-300x200.jpg\" class=\"attachment-medium size-medium\" alt=\"\" srcset=\"https:\/\/blognoticias.ecca.edu.es\/wp-content\/uploads\/2025\/09\/IMG_5877-300x200.jpg 300w, https:\/\/blognoticias.ecca.edu.es\/wp-content\/uploads\/2025\/09\/IMG_5877-1024x683.jpg 1024w, https:\/\/blognoticias.ecca.edu.es\/wp-content\/uploads\/2025\/09\/IMG_5877-768x512.jpg 768w, https:\/\/blognoticias.ecca.edu.es\/wp-content\/uploads\/2025\/09\/IMG_5877-1536x1024.jpg 1536w, https:\/\/blognoticias.ecca.edu.es\/wp-content\/uploads\/2025\/09\/IMG_5877-2048x1365.jpg 2048w, https:\/\/blognoticias.ecca.edu.es\/wp-content\/uploads\/2025\/09\/IMG_5877-18x12.jpg 18w\" sizes=\"auto, (max-width: 300px) 100vw, 300px\" \/><\/a>\n\t\t\t<\/div><\/figure><figure class='gallery-item'>\n\t\t\t<div class='gallery-icon landscape'>\n\t\t\t\t<a href='https:\/\/blognoticias.ecca.edu.es\/en\/la-calle-triana-se-convierte-en-el-nuevo-punto-expositivo-de-la-muestra-historica-que-celebra-el-60-aniversario-de-ecca-edu\/img_5963\/'><img loading=\"lazy\" decoding=\"async\" width=\"300\" height=\"200\" src=\"https:\/\/blognoticias.ecca.edu.es\/wp-content\/uploads\/2025\/09\/IMG_5963-300x200.jpg\" class=\"attachment-medium size-medium\" alt=\"\" srcset=\"https:\/\/blognoticias.ecca.edu.es\/wp-content\/uploads\/2025\/09\/IMG_5963-300x200.jpg 300w, https:\/\/blognoticias.ecca.edu.es\/wp-content\/uploads\/2025\/09\/IMG_5963-1024x683.jpg 1024w, https:\/\/blognoticias.ecca.edu.es\/wp-content\/uploads\/2025\/09\/IMG_5963-768x512.jpg 768w, https:\/\/blognoticias.ecca.edu.es\/wp-content\/uploads\/2025\/09\/IMG_5963-1536x1024.jpg 1536w, https:\/\/blognoticias.ecca.edu.es\/wp-content\/uploads\/2025\/09\/IMG_5963-2048x1365.jpg 2048w, https:\/\/blognoticias.ecca.edu.es\/wp-content\/uploads\/2025\/09\/IMG_5963-18x12.jpg 18w\" sizes=\"auto, (max-width: 300px) 100vw, 300px\" \/><\/a>\n\t\t\t<\/div><\/figure><figure class='gallery-item'>\n\t\t\t<div class='gallery-icon landscape'>\n\t\t\t\t<a href='https:\/\/blognoticias.ecca.edu.es\/en\/la-calle-triana-se-convierte-en-el-nuevo-punto-expositivo-de-la-muestra-historica-que-celebra-el-60-aniversario-de-ecca-edu\/img_5970\/'><img loading=\"lazy\" decoding=\"async\" width=\"300\" height=\"200\" src=\"https:\/\/blognoticias.ecca.edu.es\/wp-content\/uploads\/2025\/09\/IMG_5970-300x200.jpg\" class=\"attachment-medium size-medium\" alt=\"\" srcset=\"https:\/\/blognoticias.ecca.edu.es\/wp-content\/uploads\/2025\/09\/IMG_5970-300x200.jpg 300w, https:\/\/blognoticias.ecca.edu.es\/wp-content\/uploads\/2025\/09\/IMG_5970-1024x683.jpg 1024w, https:\/\/blognoticias.ecca.edu.es\/wp-content\/uploads\/2025\/09\/IMG_5970-768x512.jpg 768w, https:\/\/blognoticias.ecca.edu.es\/wp-content\/uploads\/2025\/09\/IMG_5970-1536x1024.jpg 1536w, https:\/\/blognoticias.ecca.edu.es\/wp-content\/uploads\/2025\/09\/IMG_5970-2048x1365.jpg 2048w, https:\/\/blognoticias.ecca.edu.es\/wp-content\/uploads\/2025\/09\/IMG_5970-18x12.jpg 18w\" sizes=\"auto, (max-width: 300px) 100vw, 300px\" \/><\/a>\n\t\t\t<\/div><\/figure><figure class='gallery-item'>\n\t\t\t<div class='gallery-icon landscape'>\n\t\t\t\t<a href='https:\/\/blognoticias.ecca.edu.es\/en\/la-calle-triana-se-convierte-en-el-nuevo-punto-expositivo-de-la-muestra-historica-que-celebra-el-60-aniversario-de-ecca-edu\/img_6005\/'><img loading=\"lazy\" decoding=\"async\" width=\"300\" height=\"200\" src=\"https:\/\/blognoticias.ecca.edu.es\/wp-content\/uploads\/2025\/09\/IMG_6005-300x200.jpg\" class=\"attachment-medium size-medium\" alt=\"\" srcset=\"https:\/\/blognoticias.ecca.edu.es\/wp-content\/uploads\/2025\/09\/IMG_6005-300x200.jpg 300w, https:\/\/blognoticias.ecca.edu.es\/wp-content\/uploads\/2025\/09\/IMG_6005-1024x683.jpg 1024w, https:\/\/blognoticias.ecca.edu.es\/wp-content\/uploads\/2025\/09\/IMG_6005-768x512.jpg 768w, https:\/\/blognoticias.ecca.edu.es\/wp-content\/uploads\/2025\/09\/IMG_6005-1536x1024.jpg 1536w, https:\/\/blognoticias.ecca.edu.es\/wp-content\/uploads\/2025\/09\/IMG_6005-2048x1365.jpg 2048w, https:\/\/blognoticias.ecca.edu.es\/wp-content\/uploads\/2025\/09\/IMG_6005-18x12.jpg 18w\" sizes=\"auto, (max-width: 300px) 100vw, 300px\" \/><\/a>\n\t\t\t<\/div><\/figure><figure class='gallery-item'>\n\t\t\t<div class='gallery-icon landscape'>\n\t\t\t\t<a href='https:\/\/blognoticias.ecca.edu.es\/en\/la-calle-triana-se-convierte-en-el-nuevo-punto-expositivo-de-la-muestra-historica-que-celebra-el-60-aniversario-de-ecca-edu\/img_6006\/'><img loading=\"lazy\" decoding=\"async\" width=\"300\" height=\"200\" src=\"https:\/\/blognoticias.ecca.edu.es\/wp-content\/uploads\/2025\/09\/IMG_6006-300x200.jpg\" class=\"attachment-medium size-medium\" alt=\"\" srcset=\"https:\/\/blognoticias.ecca.edu.es\/wp-content\/uploads\/2025\/09\/IMG_6006-300x200.jpg 300w, https:\/\/blognoticias.ecca.edu.es\/wp-content\/uploads\/2025\/09\/IMG_6006-1024x683.jpg 1024w, https:\/\/blognoticias.ecca.edu.es\/wp-content\/uploads\/2025\/09\/IMG_6006-768x512.jpg 768w, https:\/\/blognoticias.ecca.edu.es\/wp-content\/uploads\/2025\/09\/IMG_6006-1536x1024.jpg 1536w, https:\/\/blognoticias.ecca.edu.es\/wp-content\/uploads\/2025\/09\/IMG_6006-2048x1365.jpg 2048w, https:\/\/blognoticias.ecca.edu.es\/wp-content\/uploads\/2025\/09\/IMG_6006-18x12.jpg 18w\" sizes=\"auto, (max-width: 300px) 100vw, 300px\" \/><\/a>\n\t\t\t<\/div><\/figure><figure class='gallery-item'>\n\t\t\t<div class='gallery-icon landscape'>\n\t\t\t\t<a href='https:\/\/blognoticias.ecca.edu.es\/en\/la-calle-triana-se-convierte-en-el-nuevo-punto-expositivo-de-la-muestra-historica-que-celebra-el-60-aniversario-de-ecca-edu\/img_6041-1\/'><img loading=\"lazy\" decoding=\"async\" width=\"300\" height=\"200\" src=\"https:\/\/blognoticias.ecca.edu.es\/wp-content\/uploads\/2025\/09\/IMG_6041-1-300x200.jpg\" class=\"attachment-medium size-medium\" alt=\"\" srcset=\"https:\/\/blognoticias.ecca.edu.es\/wp-content\/uploads\/2025\/09\/IMG_6041-1-300x200.jpg 300w, https:\/\/blognoticias.ecca.edu.es\/wp-content\/uploads\/2025\/09\/IMG_6041-1-1024x683.jpg 1024w, https:\/\/blognoticias.ecca.edu.es\/wp-content\/uploads\/2025\/09\/IMG_6041-1-768x512.jpg 768w, https:\/\/blognoticias.ecca.edu.es\/wp-content\/uploads\/2025\/09\/IMG_6041-1-1536x1024.jpg 1536w, https:\/\/blognoticias.ecca.edu.es\/wp-content\/uploads\/2025\/09\/IMG_6041-1-2048x1365.jpg 2048w, https:\/\/blognoticias.ecca.edu.es\/wp-content\/uploads\/2025\/09\/IMG_6041-1-18x12.jpg 18w\" sizes=\"auto, (max-width: 300px) 100vw, 300px\" \/><\/a>\n\t\t\t<\/div><\/figure><figure class='gallery-item'>\n\t\t\t<div class='gallery-icon landscape'>\n\t\t\t\t<a href='https:\/\/blognoticias.ecca.edu.es\/en\/la-calle-triana-se-convierte-en-el-nuevo-punto-expositivo-de-la-muestra-historica-que-celebra-el-60-aniversario-de-ecca-edu\/img_6051\/'><img loading=\"lazy\" decoding=\"async\" width=\"300\" height=\"200\" src=\"https:\/\/blognoticias.ecca.edu.es\/wp-content\/uploads\/2025\/09\/IMG_6051-300x200.jpg\" class=\"attachment-medium size-medium\" alt=\"\" srcset=\"https:\/\/blognoticias.ecca.edu.es\/wp-content\/uploads\/2025\/09\/IMG_6051-300x200.jpg 300w, https:\/\/blognoticias.ecca.edu.es\/wp-content\/uploads\/2025\/09\/IMG_6051-1024x683.jpg 1024w, https:\/\/blognoticias.ecca.edu.es\/wp-content\/uploads\/2025\/09\/IMG_6051-768x512.jpg 768w, https:\/\/blognoticias.ecca.edu.es\/wp-content\/uploads\/2025\/09\/IMG_6051-1536x1024.jpg 1536w, https:\/\/blognoticias.ecca.edu.es\/wp-content\/uploads\/2025\/09\/IMG_6051-2048x1365.jpg 2048w, https:\/\/blognoticias.ecca.edu.es\/wp-content\/uploads\/2025\/09\/IMG_6051-18x12.jpg 18w\" sizes=\"auto, (max-width: 300px) 100vw, 300px\" \/><\/a>\n\t\t\t<\/div><\/figure><figure class='gallery-item'>\n\t\t\t<div class='gallery-icon landscape'>\n\t\t\t\t<a href='https:\/\/blognoticias.ecca.edu.es\/en\/la-calle-triana-se-convierte-en-el-nuevo-punto-expositivo-de-la-muestra-historica-que-celebra-el-60-aniversario-de-ecca-edu\/img_6079\/'><img loading=\"lazy\" decoding=\"async\" width=\"300\" height=\"200\" src=\"https:\/\/blognoticias.ecca.edu.es\/wp-content\/uploads\/2025\/09\/IMG_6079-300x200.jpg\" class=\"attachment-medium size-medium\" alt=\"\" srcset=\"https:\/\/blognoticias.ecca.edu.es\/wp-content\/uploads\/2025\/09\/IMG_6079-300x200.jpg 300w, https:\/\/blognoticias.ecca.edu.es\/wp-content\/uploads\/2025\/09\/IMG_6079-1024x683.jpg 1024w, https:\/\/blognoticias.ecca.edu.es\/wp-content\/uploads\/2025\/09\/IMG_6079-768x512.jpg 768w, https:\/\/blognoticias.ecca.edu.es\/wp-content\/uploads\/2025\/09\/IMG_6079-1536x1024.jpg 1536w, https:\/\/blognoticias.ecca.edu.es\/wp-content\/uploads\/2025\/09\/IMG_6079-2048x1365.jpg 2048w, https:\/\/blognoticias.ecca.edu.es\/wp-content\/uploads\/2025\/09\/IMG_6079-18x12.jpg 18w\" sizes=\"auto, (max-width: 300px) 100vw, 300px\" \/><\/a>\n\t\t\t<\/div><\/figure><figure class='gallery-item'>\n\t\t\t<div class='gallery-icon landscape'>\n\t\t\t\t<a href='https:\/\/blognoticias.ecca.edu.es\/en\/la-calle-triana-se-convierte-en-el-nuevo-punto-expositivo-de-la-muestra-historica-que-celebra-el-60-aniversario-de-ecca-edu\/img_6081-1\/'><img loading=\"lazy\" decoding=\"async\" width=\"300\" height=\"200\" src=\"https:\/\/blognoticias.ecca.edu.es\/wp-content\/uploads\/2025\/09\/IMG_6081-1-300x200.jpg\" class=\"attachment-medium size-medium\" alt=\"\" srcset=\"https:\/\/blognoticias.ecca.edu.es\/wp-content\/uploads\/2025\/09\/IMG_6081-1-300x200.jpg 300w, https:\/\/blognoticias.ecca.edu.es\/wp-content\/uploads\/2025\/09\/IMG_6081-1-1024x683.jpg 1024w, https:\/\/blognoticias.ecca.edu.es\/wp-content\/uploads\/2025\/09\/IMG_6081-1-768x512.jpg 768w, https:\/\/blognoticias.ecca.edu.es\/wp-content\/uploads\/2025\/09\/IMG_6081-1-1536x1024.jpg 1536w, https:\/\/blognoticias.ecca.edu.es\/wp-content\/uploads\/2025\/09\/IMG_6081-1-2048x1365.jpg 2048w, https:\/\/blognoticias.ecca.edu.es\/wp-content\/uploads\/2025\/09\/IMG_6081-1-18x12.jpg 18w\" sizes=\"auto, (max-width: 300px) 100vw, 300px\" \/><\/a>\n\t\t\t<\/div><\/figure><figure class='gallery-item'>\n\t\t\t<div class='gallery-icon landscape'>\n\t\t\t\t<a href='https:\/\/blognoticias.ecca.edu.es\/en\/la-calle-triana-se-convierte-en-el-nuevo-punto-expositivo-de-la-muestra-historica-que-celebra-el-60-aniversario-de-ecca-edu\/img_6090\/'><img loading=\"lazy\" decoding=\"async\" width=\"300\" height=\"200\" src=\"https:\/\/blognoticias.ecca.edu.es\/wp-content\/uploads\/2025\/09\/IMG_6090-300x200.jpg\" class=\"attachment-medium size-medium\" alt=\"\" srcset=\"https:\/\/blognoticias.ecca.edu.es\/wp-content\/uploads\/2025\/09\/IMG_6090-300x200.jpg 300w, https:\/\/blognoticias.ecca.edu.es\/wp-content\/uploads\/2025\/09\/IMG_6090-1024x683.jpg 1024w, https:\/\/blognoticias.ecca.edu.es\/wp-content\/uploads\/2025\/09\/IMG_6090-768x512.jpg 768w, https:\/\/blognoticias.ecca.edu.es\/wp-content\/uploads\/2025\/09\/IMG_6090-1536x1024.jpg 1536w, https:\/\/blognoticias.ecca.edu.es\/wp-content\/uploads\/2025\/09\/IMG_6090-2048x1365.jpg 2048w, https:\/\/blognoticias.ecca.edu.es\/wp-content\/uploads\/2025\/09\/IMG_6090-18x12.jpg 18w\" sizes=\"auto, (max-width: 300px) 100vw, 300px\" \/><\/a>\n\t\t\t<\/div><\/figure><figure class='gallery-item'>\n\t\t\t<div class='gallery-icon landscape'>\n\t\t\t\t<a href='https:\/\/blognoticias.ecca.edu.es\/en\/la-calle-triana-se-convierte-en-el-nuevo-punto-expositivo-de-la-muestra-historica-que-celebra-el-60-aniversario-de-ecca-edu\/img_6105\/'><img loading=\"lazy\" decoding=\"async\" width=\"300\" height=\"200\" src=\"https:\/\/blognoticias.ecca.edu.es\/wp-content\/uploads\/2025\/09\/IMG_6105-300x200.jpg\" class=\"attachment-medium size-medium\" alt=\"\" srcset=\"https:\/\/blognoticias.ecca.edu.es\/wp-content\/uploads\/2025\/09\/IMG_6105-300x200.jpg 300w, https:\/\/blognoticias.ecca.edu.es\/wp-content\/uploads\/2025\/09\/IMG_6105-1024x683.jpg 1024w, https:\/\/blognoticias.ecca.edu.es\/wp-content\/uploads\/2025\/09\/IMG_6105-768x512.jpg 768w, https:\/\/blognoticias.ecca.edu.es\/wp-content\/uploads\/2025\/09\/IMG_6105-1536x1024.jpg 1536w, https:\/\/blognoticias.ecca.edu.es\/wp-content\/uploads\/2025\/09\/IMG_6105-2048x1365.jpg 2048w, https:\/\/blognoticias.ecca.edu.es\/wp-content\/uploads\/2025\/09\/IMG_6105-18x12.jpg 18w\" sizes=\"auto, (max-width: 300px) 100vw, 300px\" \/><\/a>\n\t\t\t<\/div><\/figure><figure class='gallery-item'>\n\t\t\t<div class='gallery-icon landscape'>\n\t\t\t\t<a href='https:\/\/blognoticias.ecca.edu.es\/en\/la-calle-triana-se-convierte-en-el-nuevo-punto-expositivo-de-la-muestra-historica-que-celebra-el-60-aniversario-de-ecca-edu\/img_6116\/'><img loading=\"lazy\" decoding=\"async\" width=\"300\" height=\"200\" src=\"https:\/\/blognoticias.ecca.edu.es\/wp-content\/uploads\/2025\/09\/IMG_6116-300x200.jpg\" class=\"attachment-medium size-medium\" alt=\"\" srcset=\"https:\/\/blognoticias.ecca.edu.es\/wp-content\/uploads\/2025\/09\/IMG_6116-300x200.jpg 300w, https:\/\/blognoticias.ecca.edu.es\/wp-content\/uploads\/2025\/09\/IMG_6116-1024x683.jpg 1024w, https:\/\/blognoticias.ecca.edu.es\/wp-content\/uploads\/2025\/09\/IMG_6116-768x512.jpg 768w, https:\/\/blognoticias.ecca.edu.es\/wp-content\/uploads\/2025\/09\/IMG_6116-1536x1024.jpg 1536w, https:\/\/blognoticias.ecca.edu.es\/wp-content\/uploads\/2025\/09\/IMG_6116-2048x1365.jpg 2048w, https:\/\/blognoticias.ecca.edu.es\/wp-content\/uploads\/2025\/09\/IMG_6116-18x12.jpg 18w\" sizes=\"auto, (max-width: 300px) 100vw, 300px\" \/><\/a>\n\t\t\t<\/div><\/figure><figure class='gallery-item'>\n\t\t\t<div class='gallery-icon landscape'>\n\t\t\t\t<a href='https:\/\/blognoticias.ecca.edu.es\/en\/la-calle-triana-se-convierte-en-el-nuevo-punto-expositivo-de-la-muestra-historica-que-celebra-el-60-aniversario-de-ecca-edu\/img_6122\/'><img loading=\"lazy\" decoding=\"async\" width=\"300\" height=\"200\" src=\"https:\/\/blognoticias.ecca.edu.es\/wp-content\/uploads\/2025\/09\/IMG_6122-300x200.jpg\" class=\"attachment-medium size-medium\" alt=\"\" srcset=\"https:\/\/blognoticias.ecca.edu.es\/wp-content\/uploads\/2025\/09\/IMG_6122-300x200.jpg 300w, https:\/\/blognoticias.ecca.edu.es\/wp-content\/uploads\/2025\/09\/IMG_6122-1024x683.jpg 1024w, https:\/\/blognoticias.ecca.edu.es\/wp-content\/uploads\/2025\/09\/IMG_6122-768x512.jpg 768w, https:\/\/blognoticias.ecca.edu.es\/wp-content\/uploads\/2025\/09\/IMG_6122-1536x1024.jpg 1536w, https:\/\/blognoticias.ecca.edu.es\/wp-content\/uploads\/2025\/09\/IMG_6122-2048x1365.jpg 2048w, https:\/\/blognoticias.ecca.edu.es\/wp-content\/uploads\/2025\/09\/IMG_6122-18x12.jpg 18w\" sizes=\"auto, (max-width: 300px) 100vw, 300px\" \/><\/a>\n\t\t\t<\/div><\/figure>\n\t\t<\/div>\n\n<\/div>","protected":false},"excerpt":{"rendered":"<p>En el marco de su 60 aniversario, ecca.edu inaugur\u00f3 este martes, de la mano del Ayuntamiento de Las Palmas de Gran Canaria, la exposici\u00f3n 60 a\u00f1os transformando vidas a trav\u00e9s de la educaci\u00f3n en la c\u00e9ntrica calle Triana de la capital grancanaria. La muestra estar\u00e1 disponible hasta el 28 de septiembre y busca poner en [&hellip;]<\/p>","protected":false},"author":2,"featured_media":5808,"comment_status":"closed","ping_status":"closed","sticky":false,"template":"","format":"standard","meta":{"footnotes":""},"categories":[1,102,177,1293,106],"tags":[1320,1321,1339,1312,1353,1364],"class_list":["post-5765","post","type-post","status-publish","format-standard","has-post-thumbnail","hentry","category-blog","category-comunicacion","category-formacion","category-noticias","category-relevante","tag-60aniversario","tag-60anostransformandovidas","tag-eccaedu","tag-tufuturoaturitmo","tag-exposicion-ecca","tag-exposicion-itinerante"],"yoast_head":"<!-- This site is optimized with the Yoast SEO plugin v25.9 - https:\/\/yoast.com\/wordpress\/plugins\/seo\/ -->\n<title>La calle Triana se convierte en el nuevo punto expositivo de la muestra hist\u00f3rica que celebra el 60 aniversario de ecca.edu<\/title>\n<meta name=\"description\" content=\"ecca.edu inaugura la exposici\u00f3n 60 a\u00f1os transformando vidas a trav\u00e9s de la educaci\u00f3n en la c\u00e9ntrica calle Triana de la capital grancanaria\" \/>\n<meta name=\"robots\" content=\"index, follow, max-snippet:-1, max-image-preview:large, max-video-preview:-1\" \/>\n<link rel=\"canonical\" href=\"https:\/\/blognoticias.ecca.edu.es\/en\/la-calle-triana-se-convierte-en-el-nuevo-punto-expositivo-de-la-muestra-historica-que-celebra-el-60-aniversario-de-ecca-edu\/\" \/>\n<meta property=\"og:locale\" content=\"en_GB\" \/>\n<meta property=\"og:type\" content=\"article\" \/>\n<meta property=\"og:title\" content=\"La calle Triana se convierte en el nuevo punto expositivo de la muestra hist\u00f3rica que celebra el 60 aniversario de ecca.edu\" \/>\n<meta property=\"og:description\" content=\"ecca.edu inaugura la exposici\u00f3n 60 a\u00f1os transformando vidas a trav\u00e9s de la educaci\u00f3n en la c\u00e9ntrica calle Triana de la capital grancanaria\" \/>\n<meta property=\"og:url\" content=\"https:\/\/blognoticias.ecca.edu.es\/en\/la-calle-triana-se-convierte-en-el-nuevo-punto-expositivo-de-la-muestra-historica-que-celebra-el-60-aniversario-de-ecca-edu\/\" \/>\n<meta property=\"og:site_name\" content=\"Blog Noticias Ecca\" \/>\n<meta property=\"article:publisher\" content=\"https:\/\/www.facebook.com\/ecca.edu.es\" \/>\n<meta property=\"article:published_time\" content=\"2025-09-09T14:14:11+00:00\" \/>\n<meta property=\"article:modified_time\" content=\"2026-01-08T12:52:42+00:00\" \/>\n<meta property=\"og:image\" content=\"https:\/\/blognoticias.ecca.edu.es\/wp-content\/uploads\/2025\/09\/Post-Instagram-cuadrado-79.png\" \/>\n\t<meta property=\"og:image:width\" content=\"1080\" \/>\n\t<meta property=\"og:image:height\" content=\"1080\" \/>\n\t<meta property=\"og:image:type\" content=\"image\/png\" \/>\n<meta name=\"author\" content=\"Ecca.edu\" \/>\n<meta name=\"twitter:card\" content=\"summary_large_image\" \/>\n<meta name=\"twitter:creator\" content=\"@eccaedu\" \/>\n<meta name=\"twitter:site\" content=\"@eccaedu\" \/>\n<meta name=\"twitter:label1\" content=\"Written by\" \/>\n\t<meta name=\"twitter:data1\" content=\"Ecca.edu\" \/>\n\t<meta name=\"twitter:label2\" content=\"Estimated reading time\" \/>\n\t<meta name=\"twitter:data2\" content=\"5 minutes\" \/>\n<script type=\"application\/ld+json\" class=\"yoast-schema-graph\">{\"@context\":\"https:\/\/schema.org\",\"@graph\":[{\"@type\":\"Article\",\"@id\":\"https:\/\/blognoticias.ecca.edu.es\/la-calle-triana-se-convierte-en-el-nuevo-punto-expositivo-de-la-muestra-historica-que-celebra-el-60-aniversario-de-ecca-edu\/#article\",\"isPartOf\":{\"@id\":\"https:\/\/blognoticias.ecca.edu.es\/la-calle-triana-se-convierte-en-el-nuevo-punto-expositivo-de-la-muestra-historica-que-celebra-el-60-aniversario-de-ecca-edu\/\"},\"author\":{\"name\":\"Ecca.edu\",\"@id\":\"https:\/\/blognoticias.ecca.edu.es\/#\/schema\/person\/8070573f481ccba909661fdb1cf9e5eb\"},\"headline\":\"La calle Triana se convierte en el nuevo punto expositivo de la muestra hist\u00f3rica que celebra el 60 aniversario de ecca.edu\",\"datePublished\":\"2025-09-09T14:14:11+00:00\",\"dateModified\":\"2026-01-08T12:52:42+00:00\",\"mainEntityOfPage\":{\"@id\":\"https:\/\/blognoticias.ecca.edu.es\/la-calle-triana-se-convierte-en-el-nuevo-punto-expositivo-de-la-muestra-historica-que-celebra-el-60-aniversario-de-ecca-edu\/\"},\"wordCount\":996,\"publisher\":{\"@id\":\"https:\/\/blognoticias.ecca.edu.es\/#organization\"},\"image\":{\"@id\":\"https:\/\/blognoticias.ecca.edu.es\/la-calle-triana-se-convierte-en-el-nuevo-punto-expositivo-de-la-muestra-historica-que-celebra-el-60-aniversario-de-ecca-edu\/#primaryimage\"},\"thumbnailUrl\":\"https:\/\/blognoticias.ecca.edu.es\/wp-content\/uploads\/2025\/09\/Post-Instagram-cuadrado-79.png\",\"keywords\":[\"#60aniversario\",\"#60a\u00f1ostransformandovidas\",\"#eccaedu\",\"#Tufuturoaturitmo\",\"exposici\u00f3n ecca\",\"exposici\u00f3n itinerante\"],\"articleSection\":[\"Blog\",\"Comunicaci\u00f3n\",\"Formaci\u00f3n\",\"Noticias\",\"Relevante\"],\"inLanguage\":\"en-GB\"},{\"@type\":\"WebPage\",\"@id\":\"https:\/\/blognoticias.ecca.edu.es\/la-calle-triana-se-convierte-en-el-nuevo-punto-expositivo-de-la-muestra-historica-que-celebra-el-60-aniversario-de-ecca-edu\/\",\"url\":\"https:\/\/blognoticias.ecca.edu.es\/la-calle-triana-se-convierte-en-el-nuevo-punto-expositivo-de-la-muestra-historica-que-celebra-el-60-aniversario-de-ecca-edu\/\",\"name\":\"La calle Triana se convierte en el nuevo punto expositivo de la muestra hist\u00f3rica que celebra el 60 aniversario de ecca.edu\",\"isPartOf\":{\"@id\":\"https:\/\/blognoticias.ecca.edu.es\/#website\"},\"primaryImageOfPage\":{\"@id\":\"https:\/\/blognoticias.ecca.edu.es\/la-calle-triana-se-convierte-en-el-nuevo-punto-expositivo-de-la-muestra-historica-que-celebra-el-60-aniversario-de-ecca-edu\/#primaryimage\"},\"image\":{\"@id\":\"https:\/\/blognoticias.ecca.edu.es\/la-calle-triana-se-convierte-en-el-nuevo-punto-expositivo-de-la-muestra-historica-que-celebra-el-60-aniversario-de-ecca-edu\/#primaryimage\"},\"thumbnailUrl\":\"https:\/\/blognoticias.ecca.edu.es\/wp-content\/uploads\/2025\/09\/Post-Instagram-cuadrado-79.png\",\"datePublished\":\"2025-09-09T14:14:11+00:00\",\"dateModified\":\"2026-01-08T12:52:42+00:00\",\"description\":\"ecca.edu inaugura la exposici\u00f3n 60 a\u00f1os transformando vidas a trav\u00e9s de la educaci\u00f3n en la c\u00e9ntrica calle Triana de la capital grancanaria\",\"breadcrumb\":{\"@id\":\"https:\/\/blognoticias.ecca.edu.es\/la-calle-triana-se-convierte-en-el-nuevo-punto-expositivo-de-la-muestra-historica-que-celebra-el-60-aniversario-de-ecca-edu\/#breadcrumb\"},\"inLanguage\":\"en-GB\",\"potentialAction\":[{\"@type\":\"ReadAction\",\"target\":[\"https:\/\/blognoticias.ecca.edu.es\/la-calle-triana-se-convierte-en-el-nuevo-punto-expositivo-de-la-muestra-historica-que-celebra-el-60-aniversario-de-ecca-edu\/\"]}]},{\"@type\":\"ImageObject\",\"inLanguage\":\"en-GB\",\"@id\":\"https:\/\/blognoticias.ecca.edu.es\/la-calle-triana-se-convierte-en-el-nuevo-punto-expositivo-de-la-muestra-historica-que-celebra-el-60-aniversario-de-ecca-edu\/#primaryimage\",\"url\":\"https:\/\/blognoticias.ecca.edu.es\/wp-content\/uploads\/2025\/09\/Post-Instagram-cuadrado-79.png\",\"contentUrl\":\"https:\/\/blognoticias.ecca.edu.es\/wp-content\/uploads\/2025\/09\/Post-Instagram-cuadrado-79.png\",\"width\":1080,\"height\":1080},{\"@type\":\"BreadcrumbList\",\"@id\":\"https:\/\/blognoticias.ecca.edu.es\/la-calle-triana-se-convierte-en-el-nuevo-punto-expositivo-de-la-muestra-historica-que-celebra-el-60-aniversario-de-ecca-edu\/#breadcrumb\",\"itemListElement\":[{\"@type\":\"ListItem\",\"position\":1,\"name\":\"Portada\",\"item\":\"https:\/\/blognoticias.ecca.edu.es\/\"},{\"@type\":\"ListItem\",\"position\":2,\"name\":\"La calle Triana se convierte en el nuevo punto expositivo de la muestra hist\u00f3rica que celebra el 60 aniversario de ecca.edu\"}]},{\"@type\":\"WebSite\",\"@id\":\"https:\/\/blognoticias.ecca.edu.es\/#website\",\"url\":\"https:\/\/blognoticias.ecca.edu.es\/\",\"name\":\"Blog Noticias Ecca\",\"description\":\"\",\"publisher\":{\"@id\":\"https:\/\/blognoticias.ecca.edu.es\/#organization\"},\"potentialAction\":[{\"@type\":\"SearchAction\",\"target\":{\"@type\":\"EntryPoint\",\"urlTemplate\":\"https:\/\/blognoticias.ecca.edu.es\/?s={search_term_string}\"},\"query-input\":{\"@type\":\"PropertyValueSpecification\",\"valueRequired\":true,\"valueName\":\"search_term_string\"}}],\"inLanguage\":\"en-GB\"},{\"@type\":\"Organization\",\"@id\":\"https:\/\/blognoticias.ecca.edu.es\/#organization\",\"name\":\"Blog Noticias Ecca\",\"url\":\"https:\/\/blognoticias.ecca.edu.es\/\",\"logo\":{\"@type\":\"ImageObject\",\"inLanguage\":\"en-GB\",\"@id\":\"https:\/\/blognoticias.ecca.edu.es\/#\/schema\/logo\/image\/\",\"url\":\"https:\/\/blognoticias.ecca.edu.es\/wp-content\/uploads\/2023\/02\/cropped-cropped-cropped-cropped-Logo-Ecca.edu_.png\",\"contentUrl\":\"https:\/\/blognoticias.ecca.edu.es\/wp-content\/uploads\/2023\/02\/cropped-cropped-cropped-cropped-Logo-Ecca.edu_.png\",\"width\":293,\"height\":45,\"caption\":\"Blog Noticias Ecca\"},\"image\":{\"@id\":\"https:\/\/blognoticias.ecca.edu.es\/#\/schema\/logo\/image\/\"},\"sameAs\":[\"https:\/\/www.facebook.com\/ecca.edu.es\",\"https:\/\/x.com\/eccaedu\",\"https:\/\/www.instagram.com\/\"]},{\"@type\":\"Person\",\"@id\":\"https:\/\/blognoticias.ecca.edu.es\/#\/schema\/person\/8070573f481ccba909661fdb1cf9e5eb\",\"name\":\"Ecca.edu\",\"image\":{\"@type\":\"ImageObject\",\"inLanguage\":\"en-GB\",\"@id\":\"https:\/\/blognoticias.ecca.edu.es\/#\/schema\/person\/image\/\",\"url\":\"https:\/\/blognoticias.ecca.edu.es\/wp-content\/uploads\/2023\/02\/LOGO-ECCAEDU-1-150x150.png\",\"contentUrl\":\"https:\/\/blognoticias.ecca.edu.es\/wp-content\/uploads\/2023\/02\/LOGO-ECCAEDU-1-150x150.png\",\"caption\":\"Ecca.edu\"},\"url\":\"https:\/\/blognoticias.ecca.edu.es\/en\/author\/ecca-edu\/\"}]}<\/script>\n<!-- \/ Yoast SEO plugin. -->","yoast_head_json":{"title":"La calle Triana se convierte en el nuevo punto expositivo de la muestra hist\u00f3rica que celebra el 60 aniversario de ecca.edu","description":"ecca.edu inaugura la exposici\u00f3n 60 a\u00f1os transformando vidas a trav\u00e9s de la educaci\u00f3n en la c\u00e9ntrica calle Triana de la capital grancanaria","robots":{"index":"index","follow":"follow","max-snippet":"max-snippet:-1","max-image-preview":"max-image-preview:large","max-video-preview":"max-video-preview:-1"},"canonical":"https:\/\/blognoticias.ecca.edu.es\/en\/la-calle-triana-se-convierte-en-el-nuevo-punto-expositivo-de-la-muestra-historica-que-celebra-el-60-aniversario-de-ecca-edu\/","og_locale":"en_GB","og_type":"article","og_title":"La calle Triana se convierte en el nuevo punto expositivo de la muestra hist\u00f3rica que celebra el 60 aniversario de ecca.edu","og_description":"ecca.edu inaugura la exposici\u00f3n 60 a\u00f1os transformando vidas a trav\u00e9s de la educaci\u00f3n en la c\u00e9ntrica calle Triana de la capital grancanaria","og_url":"https:\/\/blognoticias.ecca.edu.es\/en\/la-calle-triana-se-convierte-en-el-nuevo-punto-expositivo-de-la-muestra-historica-que-celebra-el-60-aniversario-de-ecca-edu\/","og_site_name":"Blog Noticias Ecca","article_publisher":"https:\/\/www.facebook.com\/ecca.edu.es","article_published_time":"2025-09-09T14:14:11+00:00","article_modified_time":"2026-01-08T12:52:42+00:00","og_image":[{"width":1080,"height":1080,"url":"https:\/\/blognoticias.ecca.edu.es\/wp-content\/uploads\/2025\/09\/Post-Instagram-cuadrado-79.png","type":"image\/png"}],"author":"Ecca.edu","twitter_card":"summary_large_image","twitter_creator":"@eccaedu","twitter_site":"@eccaedu","twitter_misc":{"Written by":"Ecca.edu","Estimated reading time":"5 minutes"},"schema":{"@context":"https:\/\/schema.org","@graph":[{"@type":"Article","@id":"https:\/\/blognoticias.ecca.edu.es\/la-calle-triana-se-convierte-en-el-nuevo-punto-expositivo-de-la-muestra-historica-que-celebra-el-60-aniversario-de-ecca-edu\/#article","isPartOf":{"@id":"https:\/\/blognoticias.ecca.edu.es\/la-calle-triana-se-convierte-en-el-nuevo-punto-expositivo-de-la-muestra-historica-que-celebra-el-60-aniversario-de-ecca-edu\/"},"author":{"name":"Ecca.edu","@id":"https:\/\/blognoticias.ecca.edu.es\/#\/schema\/person\/8070573f481ccba909661fdb1cf9e5eb"},"headline":"La calle Triana se convierte en el nuevo punto expositivo de la muestra hist\u00f3rica que celebra el 60 aniversario de ecca.edu","datePublished":"2025-09-09T14:14:11+00:00","dateModified":"2026-01-08T12:52:42+00:00","mainEntityOfPage":{"@id":"https:\/\/blognoticias.ecca.edu.es\/la-calle-triana-se-convierte-en-el-nuevo-punto-expositivo-de-la-muestra-historica-que-celebra-el-60-aniversario-de-ecca-edu\/"},"wordCount":996,"publisher":{"@id":"https:\/\/blognoticias.ecca.edu.es\/#organization"},"image":{"@id":"https:\/\/blognoticias.ecca.edu.es\/la-calle-triana-se-convierte-en-el-nuevo-punto-expositivo-de-la-muestra-historica-que-celebra-el-60-aniversario-de-ecca-edu\/#primaryimage"},"thumbnailUrl":"https:\/\/blognoticias.ecca.edu.es\/wp-content\/uploads\/2025\/09\/Post-Instagram-cuadrado-79.png","keywords":["#60aniversario","#60a\u00f1ostransformandovidas","#eccaedu","#Tufuturoaturitmo","exposici\u00f3n ecca","exposici\u00f3n itinerante"],"articleSection":["Blog","Comunicaci\u00f3n","Formaci\u00f3n","Noticias","Relevante"],"inLanguage":"en-GB"},{"@type":"WebPage","@id":"https:\/\/blognoticias.ecca.edu.es\/la-calle-triana-se-convierte-en-el-nuevo-punto-expositivo-de-la-muestra-historica-que-celebra-el-60-aniversario-de-ecca-edu\/","url":"https:\/\/blognoticias.ecca.edu.es\/la-calle-triana-se-convierte-en-el-nuevo-punto-expositivo-de-la-muestra-historica-que-celebra-el-60-aniversario-de-ecca-edu\/","name":"La calle Triana se convierte en el nuevo punto expositivo de la muestra hist\u00f3rica que celebra el 60 aniversario de ecca.edu","isPartOf":{"@id":"https:\/\/blognoticias.ecca.edu.es\/#website"},"primaryImageOfPage":{"@id":"https:\/\/blognoticias.ecca.edu.es\/la-calle-triana-se-convierte-en-el-nuevo-punto-expositivo-de-la-muestra-historica-que-celebra-el-60-aniversario-de-ecca-edu\/#primaryimage"},"image":{"@id":"https:\/\/blognoticias.ecca.edu.es\/la-calle-triana-se-convierte-en-el-nuevo-punto-expositivo-de-la-muestra-historica-que-celebra-el-60-aniversario-de-ecca-edu\/#primaryimage"},"thumbnailUrl":"https:\/\/blognoticias.ecca.edu.es\/wp-content\/uploads\/2025\/09\/Post-Instagram-cuadrado-79.png","datePublished":"2025-09-09T14:14:11+00:00","dateModified":"2026-01-08T12:52:42+00:00","description":"ecca.edu inaugura la exposici\u00f3n 60 a\u00f1os transformando vidas a trav\u00e9s de la educaci\u00f3n en la c\u00e9ntrica calle Triana de la capital grancanaria","breadcrumb":{"@id":"https:\/\/blognoticias.ecca.edu.es\/la-calle-triana-se-convierte-en-el-nuevo-punto-expositivo-de-la-muestra-historica-que-celebra-el-60-aniversario-de-ecca-edu\/#breadcrumb"},"inLanguage":"en-GB","potentialAction":[{"@type":"ReadAction","target":["https:\/\/blognoticias.ecca.edu.es\/la-calle-triana-se-convierte-en-el-nuevo-punto-expositivo-de-la-muestra-historica-que-celebra-el-60-aniversario-de-ecca-edu\/"]}]},{"@type":"ImageObject","inLanguage":"en-GB","@id":"https:\/\/blognoticias.ecca.edu.es\/la-calle-triana-se-convierte-en-el-nuevo-punto-expositivo-de-la-muestra-historica-que-celebra-el-60-aniversario-de-ecca-edu\/#primaryimage","url":"https:\/\/blognoticias.ecca.edu.es\/wp-content\/uploads\/2025\/09\/Post-Instagram-cuadrado-79.png","contentUrl":"https:\/\/blognoticias.ecca.edu.es\/wp-content\/uploads\/2025\/09\/Post-Instagram-cuadrado-79.png","width":1080,"height":1080},{"@type":"BreadcrumbList","@id":"https:\/\/blognoticias.ecca.edu.es\/la-calle-triana-se-convierte-en-el-nuevo-punto-expositivo-de-la-muestra-historica-que-celebra-el-60-aniversario-de-ecca-edu\/#breadcrumb","itemListElement":[{"@type":"ListItem","position":1,"name":"Portada","item":"https:\/\/blognoticias.ecca.edu.es\/"},{"@type":"ListItem","position":2,"name":"La calle Triana se convierte en el nuevo punto expositivo de la muestra hist\u00f3rica que celebra el 60 aniversario de ecca.edu"}]},{"@type":"WebSite","@id":"https:\/\/blognoticias.ecca.edu.es\/#website","url":"https:\/\/blognoticias.ecca.edu.es\/","name":"Blog Noticias Ecca","description":"","publisher":{"@id":"https:\/\/blognoticias.ecca.edu.es\/#organization"},"potentialAction":[{"@type":"SearchAction","target":{"@type":"EntryPoint","urlTemplate":"https:\/\/blognoticias.ecca.edu.es\/?s={search_term_string}"},"query-input":{"@type":"PropertyValueSpecification","valueRequired":true,"valueName":"search_term_string"}}],"inLanguage":"en-GB"},{"@type":"Organization","@id":"https:\/\/blognoticias.ecca.edu.es\/#organization","name":"Blog Noticias Ecca","url":"https:\/\/blognoticias.ecca.edu.es\/","logo":{"@type":"ImageObject","inLanguage":"en-GB","@id":"https:\/\/blognoticias.ecca.edu.es\/#\/schema\/logo\/image\/","url":"https:\/\/blognoticias.ecca.edu.es\/wp-content\/uploads\/2023\/02\/cropped-cropped-cropped-cropped-Logo-Ecca.edu_.png","contentUrl":"https:\/\/blognoticias.ecca.edu.es\/wp-content\/uploads\/2023\/02\/cropped-cropped-cropped-cropped-Logo-Ecca.edu_.png","width":293,"height":45,"caption":"Blog Noticias Ecca"},"image":{"@id":"https:\/\/blognoticias.ecca.edu.es\/#\/schema\/logo\/image\/"},"sameAs":["https:\/\/www.facebook.com\/ecca.edu.es","https:\/\/x.com\/eccaedu","https:\/\/www.instagram.com\/"]},{"@type":"Person","@id":"https:\/\/blognoticias.ecca.edu.es\/#\/schema\/person\/8070573f481ccba909661fdb1cf9e5eb","name":"Ecca.edu","image":{"@type":"ImageObject","inLanguage":"en-GB","@id":"https:\/\/blognoticias.ecca.edu.es\/#\/schema\/person\/image\/","url":"https:\/\/blognoticias.ecca.edu.es\/wp-content\/uploads\/2023\/02\/LOGO-ECCAEDU-1-150x150.png","contentUrl":"https:\/\/blognoticias.ecca.edu.es\/wp-content\/uploads\/2023\/02\/LOGO-ECCAEDU-1-150x150.png","caption":"Ecca.edu"},"url":"https:\/\/blognoticias.ecca.edu.es\/en\/author\/ecca-edu\/"}]}},"_links":{"self":[{"href":"https:\/\/blognoticias.ecca.edu.es\/en\/wp-json\/wp\/v2\/posts\/5765","targetHints":{"allow":["GET"]}}],"collection":[{"href":"https:\/\/blognoticias.ecca.edu.es\/en\/wp-json\/wp\/v2\/posts"}],"about":[{"href":"https:\/\/blognoticias.ecca.edu.es\/en\/wp-json\/wp\/v2\/types\/post"}],"author":[{"embeddable":true,"href":"https:\/\/blognoticias.ecca.edu.es\/en\/wp-json\/wp\/v2\/users\/2"}],"replies":[{"embeddable":true,"href":"https:\/\/blognoticias.ecca.edu.es\/en\/wp-json\/wp\/v2\/comments?post=5765"}],"version-history":[{"count":6,"href":"https:\/\/blognoticias.ecca.edu.es\/en\/wp-json\/wp\/v2\/posts\/5765\/revisions"}],"predecessor-version":[{"id":5812,"href":"https:\/\/blognoticias.ecca.edu.es\/en\/wp-json\/wp\/v2\/posts\/5765\/revisions\/5812"}],"wp:featuredmedia":[{"embeddable":true,"href":"https:\/\/blognoticias.ecca.edu.es\/en\/wp-json\/wp\/v2\/media\/5808"}],"wp:attachment":[{"href":"https:\/\/blognoticias.ecca.edu.es\/en\/wp-json\/wp\/v2\/media?parent=5765"}],"wp:term":[{"taxonomy":"category","embeddable":true,"href":"https:\/\/blognoticias.ecca.edu.es\/en\/wp-json\/wp\/v2\/categories?post=5765"},{"taxonomy":"post_tag","embeddable":true,"href":"https:\/\/blognoticias.ecca.edu.es\/en\/wp-json\/wp\/v2\/tags?post=5765"}],"curies":[{"name":"wp","href":"https:\/\/api.w.org\/{rel}","templated":true}]}}