{"id":5760,"date":"2025-09-08T15:09:49","date_gmt":"2025-09-08T15:09:49","guid":{"rendered":"https:\/\/blognoticias.ecca.edu.es\/?p=5760"},"modified":"2026-01-08T12:52:45","modified_gmt":"2026-01-08T12:52:45","slug":"ecca-edu-inaugura-en-arrecife-la-exposicion-itinerante-por-su-60-aniversario","status":"publish","type":"post","link":"https:\/\/blognoticias.ecca.edu.es\/en\/ecca-edu-inaugura-en-arrecife-la-exposicion-itinerante-por-su-60-aniversario\/","title":{"rendered":"ecca.edu inaugura en Arrecife la exposici\u00f3n itinerante por su 60 aniversario"},"content":{"rendered":"<div class='booster-block booster-read-block'>\n                <div class=\"twp-read-time\">\n                \t<i class=\"booster-icon twp-clock\"><\/i> <span>Tiempo de lectura:<\/span>2 Minutos, 36 Segundos                <\/div>\n\n            <\/div><p><span style=\"font-weight: 400;\">En el marco de su 60 aniversario, <\/span><a href=\"http:\/\/ecca.edu.es\"><span style=\"font-weight: 400;\">ecca.edu<\/span><\/a><span style=\"font-weight: 400;\"> ha inaugurado este lunes su exposici\u00f3n itinerante en la Casa de la Juventud de Arrecife, Lanzarote. La muestra, titulada \u00ab60 a\u00f1os transformando vidas a trav\u00e9s de la educaci\u00f3n\u00bb, celebra seis d\u00e9cadas de <\/span><b>educaci\u00f3n inclusiva<\/b><span style=\"font-weight: 400;\"> y <\/span><b>formaci\u00f3n accesible<\/b><span style=\"font-weight: 400;\">, destacando la <\/span><b>transformaci\u00f3n social a trav\u00e9s de la educaci\u00f3n<\/b><span style=\"font-weight: 400;\"> en las Islas Canarias. Este conjunto de paneles interactivos podr\u00e1 visitarse hasta el pr\u00f3ximo 13 de septiembre.\u00a0<\/span><\/p>\n<p><img loading=\"lazy\" decoding=\"async\" class=\"aligncenter wp-image-5754 size-large\" src=\"https:\/\/blognoticias.ecca.edu.es\/wp-content\/uploads\/2025\/09\/ecca.edu-inaugura-en-Arrecife-la-exposicion-itinerante-por-su-60-aniversario-08092025-1-1024x768.jpg\" alt=\"\" width=\"750\" height=\"563\" srcset=\"https:\/\/blognoticias.ecca.edu.es\/wp-content\/uploads\/2025\/09\/ecca.edu-inaugura-en-Arrecife-la-exposicion-itinerante-por-su-60-aniversario-08092025-1-1024x768.jpg 1024w, https:\/\/blognoticias.ecca.edu.es\/wp-content\/uploads\/2025\/09\/ecca.edu-inaugura-en-Arrecife-la-exposicion-itinerante-por-su-60-aniversario-08092025-1-300x225.jpg 300w, https:\/\/blognoticias.ecca.edu.es\/wp-content\/uploads\/2025\/09\/ecca.edu-inaugura-en-Arrecife-la-exposicion-itinerante-por-su-60-aniversario-08092025-1-768x576.jpg 768w, https:\/\/blognoticias.ecca.edu.es\/wp-content\/uploads\/2025\/09\/ecca.edu-inaugura-en-Arrecife-la-exposicion-itinerante-por-su-60-aniversario-08092025-1-1536x1152.jpg 1536w, https:\/\/blognoticias.ecca.edu.es\/wp-content\/uploads\/2025\/09\/ecca.edu-inaugura-en-Arrecife-la-exposicion-itinerante-por-su-60-aniversario-08092025-1-2048x1536.jpg 2048w, https:\/\/blognoticias.ecca.edu.es\/wp-content\/uploads\/2025\/09\/ecca.edu-inaugura-en-Arrecife-la-exposicion-itinerante-por-su-60-aniversario-08092025-1-16x12.jpg 16w\" sizes=\"auto, (max-width: 750px) 100vw, 750px\" \/><\/p>\n<p><span style=\"font-weight: 400;\">El acto de inauguraci\u00f3n estuvo guiado por el delegado de <\/span><a href=\"http:\/\/ecca.edu\"><span style=\"font-weight: 400;\">ecca.edu<\/span><\/a><span style=\"font-weight: 400;\"> en Lanzarote y La Graciosa, <\/span><b>Joaqu\u00edn \u00c1lvarez<\/b><span style=\"font-weight: 400;\">, y cont\u00f3 con la participaci\u00f3n del\u00a0 consejero de Bienestar Social e Inclusi\u00f3n del Cabildo de Lanzarote, <\/span><b>Marci Acu\u00f1a<\/b><span style=\"font-weight: 400;\">, y la presencia de la consejera de Educaci\u00f3n, Formaci\u00f3n y Empleo Inclusivo del Cabildo de Lanzarote, <\/span><b>Ascensi\u00f3n Toledo.<\/b><\/p>\n<h2><strong>El Ayuntamiento de Arrecife y ecca.edu unidos por la educaci\u00f3n<\/strong><\/h2>\n<p><span style=\"font-weight: 400;\">Durante la inauguraci\u00f3n, \u00c1lvarez agradeci\u00f3 al Ayuntamiento de Arrecife la buena acogida de la muestra aprovech\u00f3 para poner el foco en la importancia que tienen las <\/span><b>alianzas<\/b><span style=\"font-weight: 400;\"> en esta instituci\u00f3n.<\/span>\u00a0<span style=\"font-weight: 400;\">Resalt\u00f3 al Cabildo de Lanzarote y al ayuntamiento como dos de las estrat\u00e9gicas que permiten continuar ofreciendo educaci\u00f3n a quienes lo necesitan en la isla de Lanzarote.\u00a0<\/span><\/p>\n<p><span style=\"font-weight: 400;\">En esta misma l\u00ednea, la Consejer\u00eda de Bienestar Social e Inclusi\u00f3n del Cabildo de Lanzarote, a trav\u00e9s de su consejero Marci Acu\u00f1a, aprovech\u00f3 la oportunidad para resaltar a la labor educativa de <\/span><a href=\"http:\/\/ecca.edu\"><span style=\"font-weight: 400;\">ecca.edu<\/span><\/a><span style=\"font-weight: 400;\"> entreg\u00e1ndole el premio <\/span><i><span style=\"font-weight: 400;\">Inclusivamente Capaces<\/span><\/i><span style=\"font-weight: 400;\">, una menci\u00f3n que reconoce a <\/span><a href=\"http:\/\/ecca.edu\"><span style=\"font-weight: 400;\">ecca.edu<\/span><\/a><span style=\"font-weight: 400;\"> como parte de la Estrategia de Accesibilidad e Inclusi\u00f3n de Lanzarote y La Graciosa\u00a0 promovida por la administraci\u00f3n insular.\u00a0\u00a0<\/span><\/p>\n<p><span style=\"font-weight: 400;\">El delegado de <\/span><a href=\"http:\/\/ecca.edu\"><span style=\"font-weight: 400;\">ecca.edu<\/span><\/a><span style=\"font-weight: 400;\"> agradeci\u00f3 profundamente, en nombre de la fundaci\u00f3n, este reconocimiento y acentu\u00f3 el trabajo conjunto y coordinado entre ambas instituciones para avanzar en la misi\u00f3n compartida de llevar formaci\u00f3n a quienes lo requieren.\u00a0<\/span><\/p>\n<p><img loading=\"lazy\" decoding=\"async\" class=\"aligncenter wp-image-5750 size-large\" src=\"https:\/\/blognoticias.ecca.edu.es\/wp-content\/uploads\/2025\/09\/33-819x1024.png\" alt=\"\" width=\"750\" height=\"938\" srcset=\"https:\/\/blognoticias.ecca.edu.es\/wp-content\/uploads\/2025\/09\/33-819x1024.png 819w, https:\/\/blognoticias.ecca.edu.es\/wp-content\/uploads\/2025\/09\/33-240x300.png 240w, https:\/\/blognoticias.ecca.edu.es\/wp-content\/uploads\/2025\/09\/33-768x960.png 768w, https:\/\/blognoticias.ecca.edu.es\/wp-content\/uploads\/2025\/09\/33-10x12.png 10w, https:\/\/blognoticias.ecca.edu.es\/wp-content\/uploads\/2025\/09\/33.png 1080w\" sizes=\"auto, (max-width: 750px) 100vw, 750px\" \/><\/p>\n<h2><b>Un recorrido por la historia y el impacto social<\/b><\/h2>\n<p><span style=\"font-weight: 400;\">La exposici\u00f3n ofrece un viaje interactivo a trav\u00e9s de la historia de ecca.edu, mostrando los hitos m\u00e1s relevantes de la instituci\u00f3n y el profundo impacto de su modelo educativo. A trav\u00e9s de paneles informativos y recursos multimedia, los visitantes pueden conocer c\u00f3mo la entidad ha democratizado la educaci\u00f3n para adultos en Canarias. La muestra rinde homenaje la trayectoria y a las colaboraciones que lo han hecho posible los 60 a\u00f1os de trabajo y misi\u00f3n compartida.\u00a0<\/span><\/p>\n<p><span style=\"font-weight: 400;\">Tras su paso por Lanzarote, la exposici\u00f3n continuar\u00e1 su ruta itinerante durante este mes de septiembre. Las paradas previstas ser\u00e1n en los municipios de San Bartolom\u00e9 y en Los Llanos de Aridane. Posteriormente visitar\u00e1 las islas de El Hierro, La Gomera y Gran Canaria.\u00a0<\/span><\/p>\n<h3><b>Informaci\u00f3n pr\u00e1ctica de la exposici\u00f3n de ecca.edu\u00a0<\/b><\/h3>\n<ul>\n<li style=\"font-weight: 400;\" aria-level=\"1\"><b>Ubicaci\u00f3n<\/b><span style=\"font-weight: 400;\">: Casa de la Juventud, C. Doctor Juan Negr\u00edn, 118, Arrecife.<\/span><\/li>\n<li style=\"font-weight: 400;\" aria-level=\"1\"><b>Fechas<\/b><span style=\"font-weight: 400;\">: Del lunes 8 al s\u00e1bado 13 de septiembre.<\/span><\/li>\n<li style=\"font-weight: 400;\" aria-level=\"1\"><b>Horario de visita<\/b><span style=\"font-weight: 400;\">: De lunes a viernes de 08:00h a 21:00h. S\u00e1bado de 09:00h a 13:00h.<\/span><\/li>\n<\/ul>\n<p>Declaraciones de las autoridades presentes:<\/p>\n<div class=\"wp-playlist wp-video-playlist wp-playlist-light\">\n\t\t<video controls=\"controls\" preload=\"none\" width=\"728\"\n\t\t height=\"410\"\t><\/video>\n\t<div class=\"wp-playlist-next\"><\/div>\n\t<div class=\"wp-playlist-prev\"><\/div>\n\t<noscript>\n\t<ol>\n\t\t<li><a href='https:\/\/blognoticias.ecca.edu.es\/wp-content\/uploads\/2025\/09\/Marci-Acuna-consejero-de-Bienestar-Social-e-Inclusion-del-Cab-Lanzarote-en-la-inauguracion-expo-60-aniversario-en-Arrecife.mp4'>Marci Acu\u00f1a, consejero de Bienestar Social e Inclusi\u00f3n del Cab Lanzarote en la inauguraci\u00f3n expo 60 aniversario en Arrecife<\/a><\/li><li><a href='https:\/\/blognoticias.ecca.edu.es\/wp-content\/uploads\/2025\/09\/20250908_112801.mp4'>Ascensi\u00f3n Toledo, consejera de Educaci\u00f3n, Formaci\u00f3n y Empleo del Cabildo de Lanzarote<\/a><\/li>\t<\/ol>\n\t<\/noscript>\n\t<script type=\"application\/json\" class=\"wp-playlist-script\">{\"type\":\"video\",\"tracklist\":true,\"tracknumbers\":true,\"images\":true,\"artists\":true,\"tracks\":[{\"src\":\"https:\/\/blognoticias.ecca.edu.es\/wp-content\/uploads\/2025\/09\/Marci-Acuna-consejero-de-Bienestar-Social-e-Inclusion-del-Cab-Lanzarote-en-la-inauguracion-expo-60-aniversario-en-Arrecife.mp4\",\"type\":\"video\/mp4\",\"title\":\"Marci Acu\\u00f1a, consejero de Bienestar Social e Inclusi\\u00f3n del Cab Lanzarote en la inauguraci\\u00f3n expo 60 aniversario en Arrecife\",\"caption\":\"\",\"description\":\"\",\"meta\":{\"length_formatted\":\"1:17\"},\"dimensions\":{\"original\":{\"width\":1920,\"height\":1080},\"resized\":{\"width\":728,\"height\":410}},\"image\":{\"src\":\"https:\/\/blognoticias.ecca.edu.es\/wp-includes\/images\/media\/video.svg\",\"width\":48,\"height\":64},\"thumb\":{\"src\":\"https:\/\/blognoticias.ecca.edu.es\/wp-includes\/images\/media\/video.svg\",\"width\":48,\"height\":64}},{\"src\":\"https:\/\/blognoticias.ecca.edu.es\/wp-content\/uploads\/2025\/09\/20250908_112801.mp4\",\"type\":\"video\/mp4\",\"title\":\"Ascensi\\u00f3n Toledo, consejera de Educaci\\u00f3n, Formaci\\u00f3n y Empleo del Cabildo de Lanzarote\",\"caption\":\"\",\"description\":\"\",\"meta\":{\"length_formatted\":\"1:09\"},\"dimensions\":{\"original\":{\"width\":1920,\"height\":1080},\"resized\":{\"width\":728,\"height\":410}},\"image\":{\"src\":\"https:\/\/blognoticias.ecca.edu.es\/wp-includes\/images\/media\/video.svg\",\"width\":48,\"height\":64},\"thumb\":{\"src\":\"https:\/\/blognoticias.ecca.edu.es\/wp-includes\/images\/media\/video.svg\",\"width\":48,\"height\":64}}]}<\/script>\n<\/div>\n\t\n<h2>\u00bfC\u00f3mo fue la inauguraci\u00f3n de la exposici\u00f3n de ecca.edu en Arrecife?<\/h2>\n<p>Aqu\u00ed te dejamos una galer\u00eda de fotograf\u00edas con algunos momentos destacados de la inauguraci\u00f3n:<\/p>\n<div id='gallery-1' class='gallery galleryid-5760 gallery-columns-4 gallery-size-medium'><figure class='gallery-item'>\n\t\t\t<div class='gallery-icon landscape'>\n\t\t\t\t<a href='https:\/\/blognoticias.ecca.edu.es\/en\/34\/'><img loading=\"lazy\" decoding=\"async\" width=\"300\" height=\"300\" src=\"https:\/\/blognoticias.ecca.edu.es\/wp-content\/uploads\/2025\/09\/34-e1757403847643-300x300.png\" class=\"attachment-medium size-medium\" alt=\"\" srcset=\"https:\/\/blognoticias.ecca.edu.es\/wp-content\/uploads\/2025\/09\/34-e1757403847643-300x300.png 300w, https:\/\/blognoticias.ecca.edu.es\/wp-content\/uploads\/2025\/09\/34-e1757403847643-1024x1024.png 1024w, https:\/\/blognoticias.ecca.edu.es\/wp-content\/uploads\/2025\/09\/34-e1757403847643-150x150.png 150w, https:\/\/blognoticias.ecca.edu.es\/wp-content\/uploads\/2025\/09\/34-e1757403847643-768x768.png 768w, https:\/\/blognoticias.ecca.edu.es\/wp-content\/uploads\/2025\/09\/34-e1757403847643-12x12.png 12w, https:\/\/blognoticias.ecca.edu.es\/wp-content\/uploads\/2025\/09\/34-e1757403847643-24x24.png 24w, https:\/\/blognoticias.ecca.edu.es\/wp-content\/uploads\/2025\/09\/34-e1757403847643-48x48.png 48w, https:\/\/blognoticias.ecca.edu.es\/wp-content\/uploads\/2025\/09\/34-e1757403847643-96x96.png 96w, https:\/\/blognoticias.ecca.edu.es\/wp-content\/uploads\/2025\/09\/34-e1757403847643.png 1080w\" sizes=\"auto, (max-width: 300px) 100vw, 300px\" \/><\/a>\n\t\t\t<\/div><\/figure><figure class='gallery-item'>\n\t\t\t<div class='gallery-icon portrait'>\n\t\t\t\t<a href='https:\/\/blognoticias.ecca.edu.es\/en\/36\/'><img loading=\"lazy\" decoding=\"async\" width=\"240\" height=\"300\" src=\"https:\/\/blognoticias.ecca.edu.es\/wp-content\/uploads\/2025\/09\/36-240x300.png\" class=\"attachment-medium size-medium\" alt=\"\" srcset=\"https:\/\/blognoticias.ecca.edu.es\/wp-content\/uploads\/2025\/09\/36-240x300.png 240w, https:\/\/blognoticias.ecca.edu.es\/wp-content\/uploads\/2025\/09\/36-819x1024.png 819w, https:\/\/blognoticias.ecca.edu.es\/wp-content\/uploads\/2025\/09\/36-768x960.png 768w, https:\/\/blognoticias.ecca.edu.es\/wp-content\/uploads\/2025\/09\/36-10x12.png 10w, https:\/\/blognoticias.ecca.edu.es\/wp-content\/uploads\/2025\/09\/36.png 1080w\" sizes=\"auto, (max-width: 240px) 100vw, 240px\" \/><\/a>\n\t\t\t<\/div><\/figure><figure class='gallery-item'>\n\t\t\t<div class='gallery-icon portrait'>\n\t\t\t\t<a href='https:\/\/blognoticias.ecca.edu.es\/en\/33\/'><img loading=\"lazy\" decoding=\"async\" width=\"240\" height=\"300\" src=\"https:\/\/blognoticias.ecca.edu.es\/wp-content\/uploads\/2025\/09\/33-240x300.png\" class=\"attachment-medium size-medium\" alt=\"\" srcset=\"https:\/\/blognoticias.ecca.edu.es\/wp-content\/uploads\/2025\/09\/33-240x300.png 240w, https:\/\/blognoticias.ecca.edu.es\/wp-content\/uploads\/2025\/09\/33-819x1024.png 819w, https:\/\/blognoticias.ecca.edu.es\/wp-content\/uploads\/2025\/09\/33-768x960.png 768w, https:\/\/blognoticias.ecca.edu.es\/wp-content\/uploads\/2025\/09\/33-10x12.png 10w, https:\/\/blognoticias.ecca.edu.es\/wp-content\/uploads\/2025\/09\/33.png 1080w\" sizes=\"auto, (max-width: 240px) 100vw, 240px\" \/><\/a>\n\t\t\t<\/div><\/figure><figure class='gallery-item'>\n\t\t\t<div class='gallery-icon portrait'>\n\t\t\t\t<a href='https:\/\/blognoticias.ecca.edu.es\/en\/35\/'><img loading=\"lazy\" decoding=\"async\" width=\"240\" height=\"300\" src=\"https:\/\/blognoticias.ecca.edu.es\/wp-content\/uploads\/2025\/09\/35-240x300.png\" class=\"attachment-medium size-medium\" alt=\"\" srcset=\"https:\/\/blognoticias.ecca.edu.es\/wp-content\/uploads\/2025\/09\/35-240x300.png 240w, https:\/\/blognoticias.ecca.edu.es\/wp-content\/uploads\/2025\/09\/35-819x1024.png 819w, https:\/\/blognoticias.ecca.edu.es\/wp-content\/uploads\/2025\/09\/35-768x960.png 768w, https:\/\/blognoticias.ecca.edu.es\/wp-content\/uploads\/2025\/09\/35-10x12.png 10w, https:\/\/blognoticias.ecca.edu.es\/wp-content\/uploads\/2025\/09\/35.png 1080w\" sizes=\"auto, (max-width: 240px) 100vw, 240px\" \/><\/a>\n\t\t\t<\/div><\/figure>\n\t\t<\/div>","protected":false},"excerpt":{"rendered":"<p>En el marco de su 60 aniversario, ecca.edu ha inaugurado este lunes su exposici\u00f3n itinerante en la Casa de la Juventud de Arrecife, Lanzarote. La muestra, titulada \u00ab60 a\u00f1os transformando vidas a trav\u00e9s de la educaci\u00f3n\u00bb, celebra seis d\u00e9cadas de educaci\u00f3n inclusiva y formaci\u00f3n accesible, destacando la transformaci\u00f3n social a trav\u00e9s de la educaci\u00f3n en [&hellip;]<\/p>","protected":false},"author":2,"featured_media":5751,"comment_status":"closed","ping_status":"closed","sticky":false,"template":"","format":"standard","meta":{"footnotes":""},"categories":[102],"tags":[1321,1310,1403,1326,1309,1353],"class_list":["post-5760","post","type-post","status-publish","format-standard","has-post-thumbnail","hentry","category-comunicacion","tag-60anostransformandovidas","tag-alianza","tag-cabildolanzarote","tag-eccadu","tag-formacionadistancia","tag-exposicion-ecca"],"yoast_head":"<!-- This site is optimized with the Yoast SEO plugin v25.9 - https:\/\/yoast.com\/wordpress\/plugins\/seo\/ -->\n<title>ecca.edu inaugura en Arrecife la exposici\u00f3n itinerante por su 60 aniversario<\/title>\n<meta name=\"description\" content=\"En el marco de su 60 aniversario, ecca.edu ha inaugurado este lunes su exposici\u00f3n itinerante en la Casa de la Juventud de Arrecife, Lanzarote\" \/>\n<meta name=\"robots\" content=\"index, follow, max-snippet:-1, max-image-preview:large, max-video-preview:-1\" \/>\n<link rel=\"canonical\" href=\"https:\/\/blognoticias.ecca.edu.es\/en\/ecca-edu-inaugura-en-arrecife-la-exposicion-itinerante-por-su-60-aniversario\/\" \/>\n<meta property=\"og:locale\" content=\"en_GB\" \/>\n<meta property=\"og:type\" content=\"article\" \/>\n<meta property=\"og:title\" content=\"ecca.edu inaugura en Arrecife la exposici\u00f3n itinerante por su 60 aniversario\" \/>\n<meta property=\"og:description\" content=\"En el marco de su 60 aniversario, ecca.edu ha inaugurado este lunes su exposici\u00f3n itinerante en la Casa de la Juventud de Arrecife, Lanzarote\" \/>\n<meta property=\"og:url\" content=\"https:\/\/blognoticias.ecca.edu.es\/en\/ecca-edu-inaugura-en-arrecife-la-exposicion-itinerante-por-su-60-aniversario\/\" \/>\n<meta property=\"og:site_name\" content=\"Blog Noticias Ecca\" \/>\n<meta property=\"article:publisher\" content=\"https:\/\/www.facebook.com\/ecca.edu.es\" \/>\n<meta property=\"article:published_time\" content=\"2025-09-08T15:09:49+00:00\" \/>\n<meta property=\"article:modified_time\" content=\"2026-01-08T12:52:45+00:00\" \/>\n<meta property=\"og:image\" content=\"https:\/\/blognoticias.ecca.edu.es\/wp-content\/uploads\/2025\/09\/34-e1757403847643.png\" \/>\n\t<meta property=\"og:image:width\" content=\"1080\" \/>\n\t<meta property=\"og:image:height\" content=\"1080\" \/>\n\t<meta property=\"og:image:type\" content=\"image\/png\" \/>\n<meta name=\"author\" content=\"Ecca.edu\" \/>\n<meta name=\"twitter:card\" content=\"summary_large_image\" \/>\n<meta name=\"twitter:creator\" content=\"@eccaedu\" \/>\n<meta name=\"twitter:site\" content=\"@eccaedu\" \/>\n<meta name=\"twitter:label1\" content=\"Written by\" \/>\n\t<meta name=\"twitter:data1\" content=\"Ecca.edu\" \/>\n\t<meta name=\"twitter:label2\" content=\"Estimated reading time\" \/>\n\t<meta name=\"twitter:data2\" content=\"3 minutes\" \/>\n<script type=\"application\/ld+json\" class=\"yoast-schema-graph\">{\"@context\":\"https:\/\/schema.org\",\"@graph\":[{\"@type\":\"Article\",\"@id\":\"https:\/\/blognoticias.ecca.edu.es\/ecca-edu-inaugura-en-arrecife-la-exposicion-itinerante-por-su-60-aniversario\/#article\",\"isPartOf\":{\"@id\":\"https:\/\/blognoticias.ecca.edu.es\/ecca-edu-inaugura-en-arrecife-la-exposicion-itinerante-por-su-60-aniversario\/\"},\"author\":{\"name\":\"Ecca.edu\",\"@id\":\"https:\/\/blognoticias.ecca.edu.es\/#\/schema\/person\/8070573f481ccba909661fdb1cf9e5eb\"},\"headline\":\"ecca.edu inaugura en Arrecife la exposici\u00f3n itinerante por su 60 aniversario\",\"datePublished\":\"2025-09-08T15:09:49+00:00\",\"dateModified\":\"2026-01-08T12:52:45+00:00\",\"mainEntityOfPage\":{\"@id\":\"https:\/\/blognoticias.ecca.edu.es\/ecca-edu-inaugura-en-arrecife-la-exposicion-itinerante-por-su-60-aniversario\/\"},\"wordCount\":575,\"publisher\":{\"@id\":\"https:\/\/blognoticias.ecca.edu.es\/#organization\"},\"image\":{\"@id\":\"https:\/\/blognoticias.ecca.edu.es\/ecca-edu-inaugura-en-arrecife-la-exposicion-itinerante-por-su-60-aniversario\/#primaryimage\"},\"thumbnailUrl\":\"https:\/\/blognoticias.ecca.edu.es\/wp-content\/uploads\/2025\/09\/34-e1757403847643.png\",\"keywords\":[\"#60a\u00f1ostransformandovidas\",\"#Alianza\",\"#cabildoLanzarote\",\"#eccadu\",\"#Formaci\u00f3nadistancia\",\"exposici\u00f3n ecca\"],\"articleSection\":[\"Comunicaci\u00f3n\"],\"inLanguage\":\"en-GB\"},{\"@type\":\"WebPage\",\"@id\":\"https:\/\/blognoticias.ecca.edu.es\/ecca-edu-inaugura-en-arrecife-la-exposicion-itinerante-por-su-60-aniversario\/\",\"url\":\"https:\/\/blognoticias.ecca.edu.es\/ecca-edu-inaugura-en-arrecife-la-exposicion-itinerante-por-su-60-aniversario\/\",\"name\":\"ecca.edu inaugura en Arrecife la exposici\u00f3n itinerante por su 60 aniversario\",\"isPartOf\":{\"@id\":\"https:\/\/blognoticias.ecca.edu.es\/#website\"},\"primaryImageOfPage\":{\"@id\":\"https:\/\/blognoticias.ecca.edu.es\/ecca-edu-inaugura-en-arrecife-la-exposicion-itinerante-por-su-60-aniversario\/#primaryimage\"},\"image\":{\"@id\":\"https:\/\/blognoticias.ecca.edu.es\/ecca-edu-inaugura-en-arrecife-la-exposicion-itinerante-por-su-60-aniversario\/#primaryimage\"},\"thumbnailUrl\":\"https:\/\/blognoticias.ecca.edu.es\/wp-content\/uploads\/2025\/09\/34-e1757403847643.png\",\"datePublished\":\"2025-09-08T15:09:49+00:00\",\"dateModified\":\"2026-01-08T12:52:45+00:00\",\"description\":\"En el marco de su 60 aniversario, ecca.edu ha inaugurado este lunes su exposici\u00f3n itinerante en la Casa de la Juventud de Arrecife, Lanzarote\",\"breadcrumb\":{\"@id\":\"https:\/\/blognoticias.ecca.edu.es\/ecca-edu-inaugura-en-arrecife-la-exposicion-itinerante-por-su-60-aniversario\/#breadcrumb\"},\"inLanguage\":\"en-GB\",\"potentialAction\":[{\"@type\":\"ReadAction\",\"target\":[\"https:\/\/blognoticias.ecca.edu.es\/ecca-edu-inaugura-en-arrecife-la-exposicion-itinerante-por-su-60-aniversario\/\"]}]},{\"@type\":\"ImageObject\",\"inLanguage\":\"en-GB\",\"@id\":\"https:\/\/blognoticias.ecca.edu.es\/ecca-edu-inaugura-en-arrecife-la-exposicion-itinerante-por-su-60-aniversario\/#primaryimage\",\"url\":\"https:\/\/blognoticias.ecca.edu.es\/wp-content\/uploads\/2025\/09\/34-e1757403847643.png\",\"contentUrl\":\"https:\/\/blognoticias.ecca.edu.es\/wp-content\/uploads\/2025\/09\/34-e1757403847643.png\",\"width\":1080,\"height\":1080},{\"@type\":\"BreadcrumbList\",\"@id\":\"https:\/\/blognoticias.ecca.edu.es\/ecca-edu-inaugura-en-arrecife-la-exposicion-itinerante-por-su-60-aniversario\/#breadcrumb\",\"itemListElement\":[{\"@type\":\"ListItem\",\"position\":1,\"name\":\"Portada\",\"item\":\"https:\/\/blognoticias.ecca.edu.es\/\"},{\"@type\":\"ListItem\",\"position\":2,\"name\":\"ecca.edu inaugura en Arrecife la exposici\u00f3n itinerante por su 60 aniversario\"}]},{\"@type\":\"WebSite\",\"@id\":\"https:\/\/blognoticias.ecca.edu.es\/#website\",\"url\":\"https:\/\/blognoticias.ecca.edu.es\/\",\"name\":\"Blog Noticias Ecca\",\"description\":\"\",\"publisher\":{\"@id\":\"https:\/\/blognoticias.ecca.edu.es\/#organization\"},\"potentialAction\":[{\"@type\":\"SearchAction\",\"target\":{\"@type\":\"EntryPoint\",\"urlTemplate\":\"https:\/\/blognoticias.ecca.edu.es\/?s={search_term_string}\"},\"query-input\":{\"@type\":\"PropertyValueSpecification\",\"valueRequired\":true,\"valueName\":\"search_term_string\"}}],\"inLanguage\":\"en-GB\"},{\"@type\":\"Organization\",\"@id\":\"https:\/\/blognoticias.ecca.edu.es\/#organization\",\"name\":\"Blog Noticias Ecca\",\"url\":\"https:\/\/blognoticias.ecca.edu.es\/\",\"logo\":{\"@type\":\"ImageObject\",\"inLanguage\":\"en-GB\",\"@id\":\"https:\/\/blognoticias.ecca.edu.es\/#\/schema\/logo\/image\/\",\"url\":\"https:\/\/blognoticias.ecca.edu.es\/wp-content\/uploads\/2023\/02\/cropped-cropped-cropped-cropped-Logo-Ecca.edu_.png\",\"contentUrl\":\"https:\/\/blognoticias.ecca.edu.es\/wp-content\/uploads\/2023\/02\/cropped-cropped-cropped-cropped-Logo-Ecca.edu_.png\",\"width\":293,\"height\":45,\"caption\":\"Blog Noticias Ecca\"},\"image\":{\"@id\":\"https:\/\/blognoticias.ecca.edu.es\/#\/schema\/logo\/image\/\"},\"sameAs\":[\"https:\/\/www.facebook.com\/ecca.edu.es\",\"https:\/\/x.com\/eccaedu\",\"https:\/\/www.instagram.com\/\"]},{\"@type\":\"Person\",\"@id\":\"https:\/\/blognoticias.ecca.edu.es\/#\/schema\/person\/8070573f481ccba909661fdb1cf9e5eb\",\"name\":\"Ecca.edu\",\"image\":{\"@type\":\"ImageObject\",\"inLanguage\":\"en-GB\",\"@id\":\"https:\/\/blognoticias.ecca.edu.es\/#\/schema\/person\/image\/\",\"url\":\"https:\/\/blognoticias.ecca.edu.es\/wp-content\/uploads\/2023\/02\/LOGO-ECCAEDU-1-150x150.png\",\"contentUrl\":\"https:\/\/blognoticias.ecca.edu.es\/wp-content\/uploads\/2023\/02\/LOGO-ECCAEDU-1-150x150.png\",\"caption\":\"Ecca.edu\"},\"url\":\"https:\/\/blognoticias.ecca.edu.es\/en\/author\/ecca-edu\/\"}]}<\/script>\n<!-- \/ Yoast SEO plugin. -->","yoast_head_json":{"title":"ecca.edu inaugura en Arrecife la exposici\u00f3n itinerante por su 60 aniversario","description":"En el marco de su 60 aniversario, ecca.edu ha inaugurado este lunes su exposici\u00f3n itinerante en la Casa de la Juventud de Arrecife, Lanzarote","robots":{"index":"index","follow":"follow","max-snippet":"max-snippet:-1","max-image-preview":"max-image-preview:large","max-video-preview":"max-video-preview:-1"},"canonical":"https:\/\/blognoticias.ecca.edu.es\/en\/ecca-edu-inaugura-en-arrecife-la-exposicion-itinerante-por-su-60-aniversario\/","og_locale":"en_GB","og_type":"article","og_title":"ecca.edu inaugura en Arrecife la exposici\u00f3n itinerante por su 60 aniversario","og_description":"En el marco de su 60 aniversario, ecca.edu ha inaugurado este lunes su exposici\u00f3n itinerante en la Casa de la Juventud de Arrecife, Lanzarote","og_url":"https:\/\/blognoticias.ecca.edu.es\/en\/ecca-edu-inaugura-en-arrecife-la-exposicion-itinerante-por-su-60-aniversario\/","og_site_name":"Blog Noticias Ecca","article_publisher":"https:\/\/www.facebook.com\/ecca.edu.es","article_published_time":"2025-09-08T15:09:49+00:00","article_modified_time":"2026-01-08T12:52:45+00:00","og_image":[{"width":1080,"height":1080,"url":"https:\/\/blognoticias.ecca.edu.es\/wp-content\/uploads\/2025\/09\/34-e1757403847643.png","type":"image\/png"}],"author":"Ecca.edu","twitter_card":"summary_large_image","twitter_creator":"@eccaedu","twitter_site":"@eccaedu","twitter_misc":{"Written by":"Ecca.edu","Estimated reading time":"3 minutes"},"schema":{"@context":"https:\/\/schema.org","@graph":[{"@type":"Article","@id":"https:\/\/blognoticias.ecca.edu.es\/ecca-edu-inaugura-en-arrecife-la-exposicion-itinerante-por-su-60-aniversario\/#article","isPartOf":{"@id":"https:\/\/blognoticias.ecca.edu.es\/ecca-edu-inaugura-en-arrecife-la-exposicion-itinerante-por-su-60-aniversario\/"},"author":{"name":"Ecca.edu","@id":"https:\/\/blognoticias.ecca.edu.es\/#\/schema\/person\/8070573f481ccba909661fdb1cf9e5eb"},"headline":"ecca.edu inaugura en Arrecife la exposici\u00f3n itinerante por su 60 aniversario","datePublished":"2025-09-08T15:09:49+00:00","dateModified":"2026-01-08T12:52:45+00:00","mainEntityOfPage":{"@id":"https:\/\/blognoticias.ecca.edu.es\/ecca-edu-inaugura-en-arrecife-la-exposicion-itinerante-por-su-60-aniversario\/"},"wordCount":575,"publisher":{"@id":"https:\/\/blognoticias.ecca.edu.es\/#organization"},"image":{"@id":"https:\/\/blognoticias.ecca.edu.es\/ecca-edu-inaugura-en-arrecife-la-exposicion-itinerante-por-su-60-aniversario\/#primaryimage"},"thumbnailUrl":"https:\/\/blognoticias.ecca.edu.es\/wp-content\/uploads\/2025\/09\/34-e1757403847643.png","keywords":["#60a\u00f1ostransformandovidas","#Alianza","#cabildoLanzarote","#eccadu","#Formaci\u00f3nadistancia","exposici\u00f3n ecca"],"articleSection":["Comunicaci\u00f3n"],"inLanguage":"en-GB"},{"@type":"WebPage","@id":"https:\/\/blognoticias.ecca.edu.es\/ecca-edu-inaugura-en-arrecife-la-exposicion-itinerante-por-su-60-aniversario\/","url":"https:\/\/blognoticias.ecca.edu.es\/ecca-edu-inaugura-en-arrecife-la-exposicion-itinerante-por-su-60-aniversario\/","name":"ecca.edu inaugura en Arrecife la exposici\u00f3n itinerante por su 60 aniversario","isPartOf":{"@id":"https:\/\/blognoticias.ecca.edu.es\/#website"},"primaryImageOfPage":{"@id":"https:\/\/blognoticias.ecca.edu.es\/ecca-edu-inaugura-en-arrecife-la-exposicion-itinerante-por-su-60-aniversario\/#primaryimage"},"image":{"@id":"https:\/\/blognoticias.ecca.edu.es\/ecca-edu-inaugura-en-arrecife-la-exposicion-itinerante-por-su-60-aniversario\/#primaryimage"},"thumbnailUrl":"https:\/\/blognoticias.ecca.edu.es\/wp-content\/uploads\/2025\/09\/34-e1757403847643.png","datePublished":"2025-09-08T15:09:49+00:00","dateModified":"2026-01-08T12:52:45+00:00","description":"En el marco de su 60 aniversario, ecca.edu ha inaugurado este lunes su exposici\u00f3n itinerante en la Casa de la Juventud de Arrecife, Lanzarote","breadcrumb":{"@id":"https:\/\/blognoticias.ecca.edu.es\/ecca-edu-inaugura-en-arrecife-la-exposicion-itinerante-por-su-60-aniversario\/#breadcrumb"},"inLanguage":"en-GB","potentialAction":[{"@type":"ReadAction","target":["https:\/\/blognoticias.ecca.edu.es\/ecca-edu-inaugura-en-arrecife-la-exposicion-itinerante-por-su-60-aniversario\/"]}]},{"@type":"ImageObject","inLanguage":"en-GB","@id":"https:\/\/blognoticias.ecca.edu.es\/ecca-edu-inaugura-en-arrecife-la-exposicion-itinerante-por-su-60-aniversario\/#primaryimage","url":"https:\/\/blognoticias.ecca.edu.es\/wp-content\/uploads\/2025\/09\/34-e1757403847643.png","contentUrl":"https:\/\/blognoticias.ecca.edu.es\/wp-content\/uploads\/2025\/09\/34-e1757403847643.png","width":1080,"height":1080},{"@type":"BreadcrumbList","@id":"https:\/\/blognoticias.ecca.edu.es\/ecca-edu-inaugura-en-arrecife-la-exposicion-itinerante-por-su-60-aniversario\/#breadcrumb","itemListElement":[{"@type":"ListItem","position":1,"name":"Portada","item":"https:\/\/blognoticias.ecca.edu.es\/"},{"@type":"ListItem","position":2,"name":"ecca.edu inaugura en Arrecife la exposici\u00f3n itinerante por su 60 aniversario"}]},{"@type":"WebSite","@id":"https:\/\/blognoticias.ecca.edu.es\/#website","url":"https:\/\/blognoticias.ecca.edu.es\/","name":"Blog Noticias Ecca","description":"","publisher":{"@id":"https:\/\/blognoticias.ecca.edu.es\/#organization"},"potentialAction":[{"@type":"SearchAction","target":{"@type":"EntryPoint","urlTemplate":"https:\/\/blognoticias.ecca.edu.es\/?s={search_term_string}"},"query-input":{"@type":"PropertyValueSpecification","valueRequired":true,"valueName":"search_term_string"}}],"inLanguage":"en-GB"},{"@type":"Organization","@id":"https:\/\/blognoticias.ecca.edu.es\/#organization","name":"Blog Noticias Ecca","url":"https:\/\/blognoticias.ecca.edu.es\/","logo":{"@type":"ImageObject","inLanguage":"en-GB","@id":"https:\/\/blognoticias.ecca.edu.es\/#\/schema\/logo\/image\/","url":"https:\/\/blognoticias.ecca.edu.es\/wp-content\/uploads\/2023\/02\/cropped-cropped-cropped-cropped-Logo-Ecca.edu_.png","contentUrl":"https:\/\/blognoticias.ecca.edu.es\/wp-content\/uploads\/2023\/02\/cropped-cropped-cropped-cropped-Logo-Ecca.edu_.png","width":293,"height":45,"caption":"Blog Noticias Ecca"},"image":{"@id":"https:\/\/blognoticias.ecca.edu.es\/#\/schema\/logo\/image\/"},"sameAs":["https:\/\/www.facebook.com\/ecca.edu.es","https:\/\/x.com\/eccaedu","https:\/\/www.instagram.com\/"]},{"@type":"Person","@id":"https:\/\/blognoticias.ecca.edu.es\/#\/schema\/person\/8070573f481ccba909661fdb1cf9e5eb","name":"Ecca.edu","image":{"@type":"ImageObject","inLanguage":"en-GB","@id":"https:\/\/blognoticias.ecca.edu.es\/#\/schema\/person\/image\/","url":"https:\/\/blognoticias.ecca.edu.es\/wp-content\/uploads\/2023\/02\/LOGO-ECCAEDU-1-150x150.png","contentUrl":"https:\/\/blognoticias.ecca.edu.es\/wp-content\/uploads\/2023\/02\/LOGO-ECCAEDU-1-150x150.png","caption":"Ecca.edu"},"url":"https:\/\/blognoticias.ecca.edu.es\/en\/author\/ecca-edu\/"}]}},"_links":{"self":[{"href":"https:\/\/blognoticias.ecca.edu.es\/en\/wp-json\/wp\/v2\/posts\/5760","targetHints":{"allow":["GET"]}}],"collection":[{"href":"https:\/\/blognoticias.ecca.edu.es\/en\/wp-json\/wp\/v2\/posts"}],"about":[{"href":"https:\/\/blognoticias.ecca.edu.es\/en\/wp-json\/wp\/v2\/types\/post"}],"author":[{"embeddable":true,"href":"https:\/\/blognoticias.ecca.edu.es\/en\/wp-json\/wp\/v2\/users\/2"}],"replies":[{"embeddable":true,"href":"https:\/\/blognoticias.ecca.edu.es\/en\/wp-json\/wp\/v2\/comments?post=5760"}],"version-history":[{"count":4,"href":"https:\/\/blognoticias.ecca.edu.es\/en\/wp-json\/wp\/v2\/posts\/5760\/revisions"}],"predecessor-version":[{"id":5764,"href":"https:\/\/blognoticias.ecca.edu.es\/en\/wp-json\/wp\/v2\/posts\/5760\/revisions\/5764"}],"wp:featuredmedia":[{"embeddable":true,"href":"https:\/\/blognoticias.ecca.edu.es\/en\/wp-json\/wp\/v2\/media\/5751"}],"wp:attachment":[{"href":"https:\/\/blognoticias.ecca.edu.es\/en\/wp-json\/wp\/v2\/media?parent=5760"}],"wp:term":[{"taxonomy":"category","embeddable":true,"href":"https:\/\/blognoticias.ecca.edu.es\/en\/wp-json\/wp\/v2\/categories?post=5760"},{"taxonomy":"post_tag","embeddable":true,"href":"https:\/\/blognoticias.ecca.edu.es\/en\/wp-json\/wp\/v2\/tags?post=5760"}],"curies":[{"name":"wp","href":"https:\/\/api.w.org\/{rel}","templated":true}]}}