{"id":5738,"date":"2025-09-04T12:50:14","date_gmt":"2025-09-04T12:50:14","guid":{"rendered":"https:\/\/blognoticias.ecca.edu.es\/?p=5738"},"modified":"2026-01-08T12:52:49","modified_gmt":"2026-01-08T12:52:49","slug":"el-presidente-del-cabildo-de-gran-canaria-visita-la-sede-de-ecca-edu-y-refuerza-su-compromiso-con-la-institucion","status":"publish","type":"post","link":"https:\/\/blognoticias.ecca.edu.es\/en\/el-presidente-del-cabildo-de-gran-canaria-visita-la-sede-de-ecca-edu-y-refuerza-su-compromiso-con-la-institucion\/","title":{"rendered":"El presidente del Cabildo de Gran Canaria visita la sede de ecca.edu y refuerza su compromiso con la instituci\u00f3n"},"content":{"rendered":"<div class='booster-block booster-read-block'>\n                <div class=\"twp-read-time\">\n                \t<i class=\"booster-icon twp-clock\"><\/i> <span>Tiempo de lectura:<\/span>1 Minutos, 59 Segundos                <\/div>\n\n            <\/div><p><span style=\"font-weight: 400;\">En el marco de la celebraci\u00f3n del 60 aniversario de ecca.edu, el presidente del Cabildo de Gran Canaria, <\/span><b>Antonio Morales<\/b><span style=\"font-weight: 400;\">, visit\u00f3 este jueves, 4 de septiembre, la sede central de la instituci\u00f3n, ubicada en Las Palmas de Gran Canaria.<\/span><\/p>\n<p><img loading=\"lazy\" decoding=\"async\" class=\"aligncenter wp-image-5739 size-large\" src=\"https:\/\/blognoticias.ecca.edu.es\/wp-content\/uploads\/2025\/09\/El-presidente-del-Cabildo-de-Gran-Canaria-visita-la-sede-de-ecca.edu-y-refuerza-su-compromiso-con-la-institucion_1-1024x683.png\" alt=\"\" width=\"750\" height=\"500\" srcset=\"https:\/\/blognoticias.ecca.edu.es\/wp-content\/uploads\/2025\/09\/El-presidente-del-Cabildo-de-Gran-Canaria-visita-la-sede-de-ecca.edu-y-refuerza-su-compromiso-con-la-institucion_1-1024x683.png 1024w, https:\/\/blognoticias.ecca.edu.es\/wp-content\/uploads\/2025\/09\/El-presidente-del-Cabildo-de-Gran-Canaria-visita-la-sede-de-ecca.edu-y-refuerza-su-compromiso-con-la-institucion_1-300x200.png 300w, https:\/\/blognoticias.ecca.edu.es\/wp-content\/uploads\/2025\/09\/El-presidente-del-Cabildo-de-Gran-Canaria-visita-la-sede-de-ecca.edu-y-refuerza-su-compromiso-con-la-institucion_1-768x512.png 768w, https:\/\/blognoticias.ecca.edu.es\/wp-content\/uploads\/2025\/09\/El-presidente-del-Cabildo-de-Gran-Canaria-visita-la-sede-de-ecca.edu-y-refuerza-su-compromiso-con-la-institucion_1-1536x1025.png 1536w, https:\/\/blognoticias.ecca.edu.es\/wp-content\/uploads\/2025\/09\/El-presidente-del-Cabildo-de-Gran-Canaria-visita-la-sede-de-ecca.edu-y-refuerza-su-compromiso-con-la-institucion_1-18x12.png 18w, https:\/\/blognoticias.ecca.edu.es\/wp-content\/uploads\/2025\/09\/El-presidente-del-Cabildo-de-Gran-Canaria-visita-la-sede-de-ecca.edu-y-refuerza-su-compromiso-con-la-institucion_1.png 2048w\" sizes=\"auto, (max-width: 750px) 100vw, 750px\" \/><\/p>\n<p><span style=\"font-weight: 400;\">El director general y la directora gerente de la fundaci\u00f3n, <\/span><b>Jos\u00e9 Mar\u00eda Segura SJ<\/b><span style=\"font-weight: 400;\"> y <\/span><b>Gorety Almeida<\/b><span style=\"font-weight: 400;\">, respectivamente, recibieron al presidente en esta visita con el objetivo de estrechar lazos de colaboraci\u00f3n en la hist\u00f3rica relaci\u00f3n existente entre ambas entidades.\u00a0<\/span><\/p>\n<p><span style=\"font-weight: 400;\">Asimismo, el encuentro sirvi\u00f3 para revisar los proyectos que ecca.edu y el Cabildo de Gran Canaria mantienen activos actualmente y explorar posibles l\u00edneas de colaboraci\u00f3n futura.<\/span><\/p>\n<p><span style=\"font-weight: 400;\">Adem\u00e1s, el presidente visit\u00f3 el <\/span><b>museo ecca<\/b><span style=\"font-weight: 400;\">, un espacio que recoge materiales, objetos, premios y publicaciones de la entidad recopilados desde 1965 y con los que se rinde homenaje a la entidad, al alumnado y los trabajadores y trabajadoras de la misma durante estas seis d\u00e9cadas de trabajo educativo.\u00a0<\/span><\/p>\n<h2>El Cabildo de Gran Canaria y ecca.edu reafirman su hist\u00f3rica alianza<\/h2>\n<p><span style=\"font-weight: 400;\">Durante la visita, Morales asever\u00f3: \u00abEs un enorme placer visitar ecca.edu y poder apreciar y reconocer el gran trabajo realizado en esta tierra y en todo el mundo a partir de la educaci\u00f3n. La formaci\u00f3n, la educaci\u00f3n integral y el acceso plural a los conocimientos han formado parte de los objetivos de ecca a lo largo de su historia. Un proyecto que, en sus 60 a\u00f1os de vida, ha roto barreras y ha dado la posibilidad de formaci\u00f3n e inclusi\u00f3n social, con la educaci\u00f3n como horizonte. Cu\u00e1nto trabajo y cu\u00e1nto bien a la comunidad\u00bb.\u00a0<\/span><\/p>\n<p><span style=\"font-weight: 400;\">Por su parte, Segura agradeci\u00f3 la visita y afirm\u00f3: \u201cEl apoyo del Cabildo de Gran Canaria es fundamental para que <\/span><a href=\"http:\/\/ecca.edu\"><span style=\"font-weight: 400;\">ecca.edu<\/span><\/a><span style=\"font-weight: 400;\"> contin\u00fae ofreciendo oportunidades formativas al alumnado que lo requiere en Gran Canaria. De hecho tal y como se recoge en la primera l\u00ednea de la primera entrada de nuestro Diario Institucional, el Cabildo insular estuvo en el germen de ECCA en 1963. La visita del presidente nos reafirma en la cercan\u00eda y cordialidad de esta alianza que naci\u00f3 y se mantiene por y para dar respuesta a toda la sociedad canaria\u201d.\u00a0\u00a0<\/span><\/p>\n<p><span style=\"font-weight: 400;\">ecca.edu agradece al presidente Antonio Morales su inter\u00e9s y compromiso con la educaci\u00f3n para personas adultas y el desarrollo de nuestra comunidad educativa.\u00a0<\/span><\/p>\n<p><a href=\"https:\/\/www.flickr.com\/photos\/cabildodegrancanaria\/albums\/72177720328810092\/\">Pincha aqu\u00ed para ampliar la galer\u00eda de im\u00e1genes.<\/a><\/p>\n<div id='gallery-1' class='gallery galleryid-5738 gallery-columns-3 gallery-size-large'><figure class='gallery-item'>\n\t\t\t<div class='gallery-icon landscape'>\n\t\t\t\t<a href='https:\/\/blognoticias.ecca.edu.es\/en\/el-presidente-del-cabildo-de-gran-canaria-visita-la-sede-de-ecca-edu-y-refuerza-su-compromiso-con-la-institucion\/el-presidente-del-cabildo-de-gran-canaria-visita-la-sede-de-ecca-edu-y-refuerza-su-compromiso-con-la-institucion_5\/'><img loading=\"lazy\" decoding=\"async\" width=\"750\" height=\"500\" src=\"https:\/\/blognoticias.ecca.edu.es\/wp-content\/uploads\/2025\/09\/El-presidente-del-Cabildo-de-Gran-Canaria-visita-la-sede-de-ecca.edu-y-refuerza-su-compromiso-con-la-institucion_5-1024x683.jpg\" class=\"attachment-large size-large\" alt=\"\" srcset=\"https:\/\/blognoticias.ecca.edu.es\/wp-content\/uploads\/2025\/09\/El-presidente-del-Cabildo-de-Gran-Canaria-visita-la-sede-de-ecca.edu-y-refuerza-su-compromiso-con-la-institucion_5-1024x683.jpg 1024w, https:\/\/blognoticias.ecca.edu.es\/wp-content\/uploads\/2025\/09\/El-presidente-del-Cabildo-de-Gran-Canaria-visita-la-sede-de-ecca.edu-y-refuerza-su-compromiso-con-la-institucion_5-300x200.jpg 300w, https:\/\/blognoticias.ecca.edu.es\/wp-content\/uploads\/2025\/09\/El-presidente-del-Cabildo-de-Gran-Canaria-visita-la-sede-de-ecca.edu-y-refuerza-su-compromiso-con-la-institucion_5-768x512.jpg 768w, https:\/\/blognoticias.ecca.edu.es\/wp-content\/uploads\/2025\/09\/El-presidente-del-Cabildo-de-Gran-Canaria-visita-la-sede-de-ecca.edu-y-refuerza-su-compromiso-con-la-institucion_5-1536x1025.jpg 1536w, https:\/\/blognoticias.ecca.edu.es\/wp-content\/uploads\/2025\/09\/El-presidente-del-Cabildo-de-Gran-Canaria-visita-la-sede-de-ecca.edu-y-refuerza-su-compromiso-con-la-institucion_5-18x12.jpg 18w, https:\/\/blognoticias.ecca.edu.es\/wp-content\/uploads\/2025\/09\/El-presidente-del-Cabildo-de-Gran-Canaria-visita-la-sede-de-ecca.edu-y-refuerza-su-compromiso-con-la-institucion_5.jpg 2048w\" sizes=\"auto, (max-width: 750px) 100vw, 750px\" \/><\/a>\n\t\t\t<\/div><\/figure><figure class='gallery-item'>\n\t\t\t<div class='gallery-icon landscape'>\n\t\t\t\t<a href='https:\/\/blognoticias.ecca.edu.es\/en\/el-presidente-del-cabildo-de-gran-canaria-visita-la-sede-de-ecca-edu-y-refuerza-su-compromiso-con-la-institucion\/el-presidente-del-cabildo-de-gran-canaria-visita-la-sede-de-ecca-edu-y-refuerza-su-compromiso-con-la-institucion_6\/'><img loading=\"lazy\" decoding=\"async\" width=\"750\" height=\"500\" src=\"https:\/\/blognoticias.ecca.edu.es\/wp-content\/uploads\/2025\/09\/El-presidente-del-Cabildo-de-Gran-Canaria-visita-la-sede-de-ecca.edu-y-refuerza-su-compromiso-con-la-institucion_6-1024x683.jpg\" class=\"attachment-large size-large\" alt=\"\" srcset=\"https:\/\/blognoticias.ecca.edu.es\/wp-content\/uploads\/2025\/09\/El-presidente-del-Cabildo-de-Gran-Canaria-visita-la-sede-de-ecca.edu-y-refuerza-su-compromiso-con-la-institucion_6-1024x683.jpg 1024w, https:\/\/blognoticias.ecca.edu.es\/wp-content\/uploads\/2025\/09\/El-presidente-del-Cabildo-de-Gran-Canaria-visita-la-sede-de-ecca.edu-y-refuerza-su-compromiso-con-la-institucion_6-300x200.jpg 300w, https:\/\/blognoticias.ecca.edu.es\/wp-content\/uploads\/2025\/09\/El-presidente-del-Cabildo-de-Gran-Canaria-visita-la-sede-de-ecca.edu-y-refuerza-su-compromiso-con-la-institucion_6-768x512.jpg 768w, https:\/\/blognoticias.ecca.edu.es\/wp-content\/uploads\/2025\/09\/El-presidente-del-Cabildo-de-Gran-Canaria-visita-la-sede-de-ecca.edu-y-refuerza-su-compromiso-con-la-institucion_6-1536x1025.jpg 1536w, https:\/\/blognoticias.ecca.edu.es\/wp-content\/uploads\/2025\/09\/El-presidente-del-Cabildo-de-Gran-Canaria-visita-la-sede-de-ecca.edu-y-refuerza-su-compromiso-con-la-institucion_6-18x12.jpg 18w, https:\/\/blognoticias.ecca.edu.es\/wp-content\/uploads\/2025\/09\/El-presidente-del-Cabildo-de-Gran-Canaria-visita-la-sede-de-ecca.edu-y-refuerza-su-compromiso-con-la-institucion_6.jpg 2048w\" sizes=\"auto, (max-width: 750px) 100vw, 750px\" \/><\/a>\n\t\t\t<\/div><\/figure><figure class='gallery-item'>\n\t\t\t<div class='gallery-icon landscape'>\n\t\t\t\t<a href='https:\/\/blognoticias.ecca.edu.es\/en\/el-presidente-del-cabildo-de-gran-canaria-visita-la-sede-de-ecca-edu-y-refuerza-su-compromiso-con-la-institucion\/el-presidente-del-cabildo-de-gran-canaria-visita-la-sede-de-ecca-edu-y-refuerza-su-compromiso-con-la-institucion_4\/'><img loading=\"lazy\" decoding=\"async\" width=\"750\" height=\"500\" src=\"https:\/\/blognoticias.ecca.edu.es\/wp-content\/uploads\/2025\/09\/El-presidente-del-Cabildo-de-Gran-Canaria-visita-la-sede-de-ecca.edu-y-refuerza-su-compromiso-con-la-institucion_4-1024x683.jpg\" class=\"attachment-large size-large\" alt=\"\" srcset=\"https:\/\/blognoticias.ecca.edu.es\/wp-content\/uploads\/2025\/09\/El-presidente-del-Cabildo-de-Gran-Canaria-visita-la-sede-de-ecca.edu-y-refuerza-su-compromiso-con-la-institucion_4-1024x683.jpg 1024w, https:\/\/blognoticias.ecca.edu.es\/wp-content\/uploads\/2025\/09\/El-presidente-del-Cabildo-de-Gran-Canaria-visita-la-sede-de-ecca.edu-y-refuerza-su-compromiso-con-la-institucion_4-300x200.jpg 300w, https:\/\/blognoticias.ecca.edu.es\/wp-content\/uploads\/2025\/09\/El-presidente-del-Cabildo-de-Gran-Canaria-visita-la-sede-de-ecca.edu-y-refuerza-su-compromiso-con-la-institucion_4-768x512.jpg 768w, https:\/\/blognoticias.ecca.edu.es\/wp-content\/uploads\/2025\/09\/El-presidente-del-Cabildo-de-Gran-Canaria-visita-la-sede-de-ecca.edu-y-refuerza-su-compromiso-con-la-institucion_4-1536x1025.jpg 1536w, https:\/\/blognoticias.ecca.edu.es\/wp-content\/uploads\/2025\/09\/El-presidente-del-Cabildo-de-Gran-Canaria-visita-la-sede-de-ecca.edu-y-refuerza-su-compromiso-con-la-institucion_4-18x12.jpg 18w, https:\/\/blognoticias.ecca.edu.es\/wp-content\/uploads\/2025\/09\/El-presidente-del-Cabildo-de-Gran-Canaria-visita-la-sede-de-ecca.edu-y-refuerza-su-compromiso-con-la-institucion_4.jpg 2048w\" sizes=\"auto, (max-width: 750px) 100vw, 750px\" \/><\/a>\n\t\t\t<\/div><\/figure><figure class='gallery-item'>\n\t\t\t<div class='gallery-icon landscape'>\n\t\t\t\t<a href='https:\/\/blognoticias.ecca.edu.es\/en\/el-presidente-del-cabildo-de-gran-canaria-visita-la-sede-de-ecca-edu-y-refuerza-su-compromiso-con-la-institucion\/el-presidente-del-cabildo-de-gran-canaria-visita-la-sede-de-ecca-edu-y-refuerza-su-compromiso-con-la-institucion_3\/'><img loading=\"lazy\" decoding=\"async\" width=\"750\" height=\"500\" src=\"https:\/\/blognoticias.ecca.edu.es\/wp-content\/uploads\/2025\/09\/El-presidente-del-Cabildo-de-Gran-Canaria-visita-la-sede-de-ecca.edu-y-refuerza-su-compromiso-con-la-institucion_3-1024x683.jpg\" class=\"attachment-large size-large\" alt=\"\" srcset=\"https:\/\/blognoticias.ecca.edu.es\/wp-content\/uploads\/2025\/09\/El-presidente-del-Cabildo-de-Gran-Canaria-visita-la-sede-de-ecca.edu-y-refuerza-su-compromiso-con-la-institucion_3-1024x683.jpg 1024w, https:\/\/blognoticias.ecca.edu.es\/wp-content\/uploads\/2025\/09\/El-presidente-del-Cabildo-de-Gran-Canaria-visita-la-sede-de-ecca.edu-y-refuerza-su-compromiso-con-la-institucion_3-300x200.jpg 300w, https:\/\/blognoticias.ecca.edu.es\/wp-content\/uploads\/2025\/09\/El-presidente-del-Cabildo-de-Gran-Canaria-visita-la-sede-de-ecca.edu-y-refuerza-su-compromiso-con-la-institucion_3-768x512.jpg 768w, https:\/\/blognoticias.ecca.edu.es\/wp-content\/uploads\/2025\/09\/El-presidente-del-Cabildo-de-Gran-Canaria-visita-la-sede-de-ecca.edu-y-refuerza-su-compromiso-con-la-institucion_3-1536x1025.jpg 1536w, https:\/\/blognoticias.ecca.edu.es\/wp-content\/uploads\/2025\/09\/El-presidente-del-Cabildo-de-Gran-Canaria-visita-la-sede-de-ecca.edu-y-refuerza-su-compromiso-con-la-institucion_3-18x12.jpg 18w, https:\/\/blognoticias.ecca.edu.es\/wp-content\/uploads\/2025\/09\/El-presidente-del-Cabildo-de-Gran-Canaria-visita-la-sede-de-ecca.edu-y-refuerza-su-compromiso-con-la-institucion_3.jpg 2048w\" sizes=\"auto, (max-width: 750px) 100vw, 750px\" \/><\/a>\n\t\t\t<\/div><\/figure><figure class='gallery-item'>\n\t\t\t<div class='gallery-icon landscape'>\n\t\t\t\t<a href='https:\/\/blognoticias.ecca.edu.es\/en\/el-presidente-del-cabildo-de-gran-canaria-visita-la-sede-de-ecca-edu-y-refuerza-su-compromiso-con-la-institucion\/el-presidente-del-cabildo-de-gran-canaria-visita-la-sede-de-ecca-edu-y-refuerza-su-compromiso-con-la-institucion_2\/'><img loading=\"lazy\" decoding=\"async\" width=\"750\" height=\"500\" src=\"https:\/\/blognoticias.ecca.edu.es\/wp-content\/uploads\/2025\/09\/El-presidente-del-Cabildo-de-Gran-Canaria-visita-la-sede-de-ecca.edu-y-refuerza-su-compromiso-con-la-institucion_2-1024x683.jpg\" class=\"attachment-large size-large\" alt=\"\" srcset=\"https:\/\/blognoticias.ecca.edu.es\/wp-content\/uploads\/2025\/09\/El-presidente-del-Cabildo-de-Gran-Canaria-visita-la-sede-de-ecca.edu-y-refuerza-su-compromiso-con-la-institucion_2-1024x683.jpg 1024w, https:\/\/blognoticias.ecca.edu.es\/wp-content\/uploads\/2025\/09\/El-presidente-del-Cabildo-de-Gran-Canaria-visita-la-sede-de-ecca.edu-y-refuerza-su-compromiso-con-la-institucion_2-300x200.jpg 300w, https:\/\/blognoticias.ecca.edu.es\/wp-content\/uploads\/2025\/09\/El-presidente-del-Cabildo-de-Gran-Canaria-visita-la-sede-de-ecca.edu-y-refuerza-su-compromiso-con-la-institucion_2-768x512.jpg 768w, https:\/\/blognoticias.ecca.edu.es\/wp-content\/uploads\/2025\/09\/El-presidente-del-Cabildo-de-Gran-Canaria-visita-la-sede-de-ecca.edu-y-refuerza-su-compromiso-con-la-institucion_2-1536x1025.jpg 1536w, https:\/\/blognoticias.ecca.edu.es\/wp-content\/uploads\/2025\/09\/El-presidente-del-Cabildo-de-Gran-Canaria-visita-la-sede-de-ecca.edu-y-refuerza-su-compromiso-con-la-institucion_2-18x12.jpg 18w, https:\/\/blognoticias.ecca.edu.es\/wp-content\/uploads\/2025\/09\/El-presidente-del-Cabildo-de-Gran-Canaria-visita-la-sede-de-ecca.edu-y-refuerza-su-compromiso-con-la-institucion_2.jpg 2048w\" sizes=\"auto, (max-width: 750px) 100vw, 750px\" \/><\/a>\n\t\t\t<\/div><\/figure><figure class='gallery-item'>\n\t\t\t<div class='gallery-icon landscape'>\n\t\t\t\t<a href='https:\/\/blognoticias.ecca.edu.es\/en\/el-presidente-del-cabildo-de-gran-canaria-visita-la-sede-de-ecca-edu-y-refuerza-su-compromiso-con-la-institucion\/el-presidente-del-cabildo-de-gran-canaria-visita-la-sede-de-ecca-edu-y-refuerza-su-compromiso-con-la-institucion_1\/'><img loading=\"lazy\" decoding=\"async\" width=\"750\" height=\"500\" src=\"https:\/\/blognoticias.ecca.edu.es\/wp-content\/uploads\/2025\/09\/El-presidente-del-Cabildo-de-Gran-Canaria-visita-la-sede-de-ecca.edu-y-refuerza-su-compromiso-con-la-institucion_1-1024x683.png\" class=\"attachment-large size-large\" alt=\"\" srcset=\"https:\/\/blognoticias.ecca.edu.es\/wp-content\/uploads\/2025\/09\/El-presidente-del-Cabildo-de-Gran-Canaria-visita-la-sede-de-ecca.edu-y-refuerza-su-compromiso-con-la-institucion_1-1024x683.png 1024w, https:\/\/blognoticias.ecca.edu.es\/wp-content\/uploads\/2025\/09\/El-presidente-del-Cabildo-de-Gran-Canaria-visita-la-sede-de-ecca.edu-y-refuerza-su-compromiso-con-la-institucion_1-300x200.png 300w, https:\/\/blognoticias.ecca.edu.es\/wp-content\/uploads\/2025\/09\/El-presidente-del-Cabildo-de-Gran-Canaria-visita-la-sede-de-ecca.edu-y-refuerza-su-compromiso-con-la-institucion_1-768x512.png 768w, https:\/\/blognoticias.ecca.edu.es\/wp-content\/uploads\/2025\/09\/El-presidente-del-Cabildo-de-Gran-Canaria-visita-la-sede-de-ecca.edu-y-refuerza-su-compromiso-con-la-institucion_1-1536x1025.png 1536w, https:\/\/blognoticias.ecca.edu.es\/wp-content\/uploads\/2025\/09\/El-presidente-del-Cabildo-de-Gran-Canaria-visita-la-sede-de-ecca.edu-y-refuerza-su-compromiso-con-la-institucion_1-18x12.png 18w, https:\/\/blognoticias.ecca.edu.es\/wp-content\/uploads\/2025\/09\/El-presidente-del-Cabildo-de-Gran-Canaria-visita-la-sede-de-ecca.edu-y-refuerza-su-compromiso-con-la-institucion_1.png 2048w\" sizes=\"auto, (max-width: 750px) 100vw, 750px\" \/><\/a>\n\t\t\t<\/div><\/figure>\n\t\t<\/div>","protected":false},"excerpt":{"rendered":"<p>En el marco de la celebraci\u00f3n del 60 aniversario de ecca.edu, el presidente del Cabildo de Gran Canaria, Antonio Morales, visit\u00f3 este jueves, 4 de septiembre, la sede central de la instituci\u00f3n, ubicada en Las Palmas de Gran Canaria. El director general y la directora gerente de la fundaci\u00f3n, Jos\u00e9 Mar\u00eda Segura SJ y Gorety [&hellip;]<\/p>","protected":false},"author":2,"featured_media":5746,"comment_status":"closed","ping_status":"closed","sticky":false,"template":"","format":"standard","meta":{"footnotes":""},"categories":[102],"tags":[1321,1402,1339,1314,1312],"class_list":["post-5738","post","type-post","status-publish","format-standard","has-post-thumbnail","hentry","category-comunicacion","tag-60anostransformandovidas","tag-cabildograncanaria","tag-eccaedu","tag-formacionparapersonasadultas","tag-tufuturoaturitmo"],"yoast_head":"<!-- This site is optimized with the Yoast SEO plugin v25.9 - https:\/\/yoast.com\/wordpress\/plugins\/seo\/ -->\n<title>El presidente del Cabildo de Gran Canaria visita la sede de ecca.edu y refuerza su compromiso con la instituci\u00f3n<\/title>\n<meta name=\"description\" content=\"El presidente del Cabildo de Gran Canaria visit\u00f3 la sede central de la instituci\u00f3n, ubicada en Las Palmas de Gran Canaria\" \/>\n<meta name=\"robots\" content=\"index, follow, max-snippet:-1, max-image-preview:large, max-video-preview:-1\" \/>\n<link rel=\"canonical\" href=\"https:\/\/blognoticias.ecca.edu.es\/en\/el-presidente-del-cabildo-de-gran-canaria-visita-la-sede-de-ecca-edu-y-refuerza-su-compromiso-con-la-institucion\/\" \/>\n<meta property=\"og:locale\" content=\"en_GB\" \/>\n<meta property=\"og:type\" content=\"article\" \/>\n<meta property=\"og:title\" content=\"El presidente del Cabildo de Gran Canaria visita la sede de ecca.edu y refuerza su compromiso con la instituci\u00f3n\" \/>\n<meta property=\"og:description\" content=\"El presidente del Cabildo de Gran Canaria visit\u00f3 la sede central de la instituci\u00f3n, ubicada en Las Palmas de Gran Canaria\" \/>\n<meta property=\"og:url\" content=\"https:\/\/blognoticias.ecca.edu.es\/en\/el-presidente-del-cabildo-de-gran-canaria-visita-la-sede-de-ecca-edu-y-refuerza-su-compromiso-con-la-institucion\/\" \/>\n<meta property=\"og:site_name\" content=\"Blog Noticias Ecca\" \/>\n<meta property=\"article:publisher\" content=\"https:\/\/www.facebook.com\/ecca.edu.es\" \/>\n<meta property=\"article:published_time\" content=\"2025-09-04T12:50:14+00:00\" \/>\n<meta property=\"article:modified_time\" content=\"2026-01-08T12:52:49+00:00\" \/>\n<meta property=\"og:image\" content=\"https:\/\/blognoticias.ecca.edu.es\/wp-content\/uploads\/2025\/09\/Post-Instagram-cuadrado-26.jpg\" \/>\n\t<meta property=\"og:image:width\" content=\"1080\" \/>\n\t<meta property=\"og:image:height\" content=\"1080\" \/>\n\t<meta property=\"og:image:type\" content=\"image\/jpeg\" \/>\n<meta name=\"author\" content=\"Ecca.edu\" \/>\n<meta name=\"twitter:card\" content=\"summary_large_image\" \/>\n<meta name=\"twitter:creator\" content=\"@eccaedu\" \/>\n<meta name=\"twitter:site\" content=\"@eccaedu\" \/>\n<meta name=\"twitter:label1\" content=\"Written by\" \/>\n\t<meta name=\"twitter:data1\" content=\"Ecca.edu\" \/>\n\t<meta name=\"twitter:label2\" content=\"Estimated reading time\" \/>\n\t<meta name=\"twitter:data2\" content=\"3 minutes\" \/>\n<script type=\"application\/ld+json\" class=\"yoast-schema-graph\">{\"@context\":\"https:\/\/schema.org\",\"@graph\":[{\"@type\":\"Article\",\"@id\":\"https:\/\/blognoticias.ecca.edu.es\/el-presidente-del-cabildo-de-gran-canaria-visita-la-sede-de-ecca-edu-y-refuerza-su-compromiso-con-la-institucion\/#article\",\"isPartOf\":{\"@id\":\"https:\/\/blognoticias.ecca.edu.es\/el-presidente-del-cabildo-de-gran-canaria-visita-la-sede-de-ecca-edu-y-refuerza-su-compromiso-con-la-institucion\/\"},\"author\":{\"name\":\"Ecca.edu\",\"@id\":\"https:\/\/blognoticias.ecca.edu.es\/#\/schema\/person\/8070573f481ccba909661fdb1cf9e5eb\"},\"headline\":\"El presidente del Cabildo de Gran Canaria visita la sede de ecca.edu y refuerza su compromiso con la instituci\u00f3n\",\"datePublished\":\"2025-09-04T12:50:14+00:00\",\"dateModified\":\"2026-01-08T12:52:49+00:00\",\"mainEntityOfPage\":{\"@id\":\"https:\/\/blognoticias.ecca.edu.es\/el-presidente-del-cabildo-de-gran-canaria-visita-la-sede-de-ecca-edu-y-refuerza-su-compromiso-con-la-institucion\/\"},\"wordCount\":436,\"publisher\":{\"@id\":\"https:\/\/blognoticias.ecca.edu.es\/#organization\"},\"image\":{\"@id\":\"https:\/\/blognoticias.ecca.edu.es\/el-presidente-del-cabildo-de-gran-canaria-visita-la-sede-de-ecca-edu-y-refuerza-su-compromiso-con-la-institucion\/#primaryimage\"},\"thumbnailUrl\":\"https:\/\/blognoticias.ecca.edu.es\/wp-content\/uploads\/2025\/09\/Post-Instagram-cuadrado-26.jpg\",\"keywords\":[\"#60a\u00f1ostransformandovidas\",\"#cabildograncanaria\",\"#eccaedu\",\"#Formaci\u00f3nparapersonasadultas\",\"#Tufuturoaturitmo\"],\"articleSection\":[\"Comunicaci\u00f3n\"],\"inLanguage\":\"en-GB\"},{\"@type\":\"WebPage\",\"@id\":\"https:\/\/blognoticias.ecca.edu.es\/el-presidente-del-cabildo-de-gran-canaria-visita-la-sede-de-ecca-edu-y-refuerza-su-compromiso-con-la-institucion\/\",\"url\":\"https:\/\/blognoticias.ecca.edu.es\/el-presidente-del-cabildo-de-gran-canaria-visita-la-sede-de-ecca-edu-y-refuerza-su-compromiso-con-la-institucion\/\",\"name\":\"El presidente del Cabildo de Gran Canaria visita la sede de ecca.edu y refuerza su compromiso con la instituci\u00f3n\",\"isPartOf\":{\"@id\":\"https:\/\/blognoticias.ecca.edu.es\/#website\"},\"primaryImageOfPage\":{\"@id\":\"https:\/\/blognoticias.ecca.edu.es\/el-presidente-del-cabildo-de-gran-canaria-visita-la-sede-de-ecca-edu-y-refuerza-su-compromiso-con-la-institucion\/#primaryimage\"},\"image\":{\"@id\":\"https:\/\/blognoticias.ecca.edu.es\/el-presidente-del-cabildo-de-gran-canaria-visita-la-sede-de-ecca-edu-y-refuerza-su-compromiso-con-la-institucion\/#primaryimage\"},\"thumbnailUrl\":\"https:\/\/blognoticias.ecca.edu.es\/wp-content\/uploads\/2025\/09\/Post-Instagram-cuadrado-26.jpg\",\"datePublished\":\"2025-09-04T12:50:14+00:00\",\"dateModified\":\"2026-01-08T12:52:49+00:00\",\"description\":\"El presidente del Cabildo de Gran Canaria visit\u00f3 la sede central de la instituci\u00f3n, ubicada en Las Palmas de Gran Canaria\",\"breadcrumb\":{\"@id\":\"https:\/\/blognoticias.ecca.edu.es\/el-presidente-del-cabildo-de-gran-canaria-visita-la-sede-de-ecca-edu-y-refuerza-su-compromiso-con-la-institucion\/#breadcrumb\"},\"inLanguage\":\"en-GB\",\"potentialAction\":[{\"@type\":\"ReadAction\",\"target\":[\"https:\/\/blognoticias.ecca.edu.es\/el-presidente-del-cabildo-de-gran-canaria-visita-la-sede-de-ecca-edu-y-refuerza-su-compromiso-con-la-institucion\/\"]}]},{\"@type\":\"ImageObject\",\"inLanguage\":\"en-GB\",\"@id\":\"https:\/\/blognoticias.ecca.edu.es\/el-presidente-del-cabildo-de-gran-canaria-visita-la-sede-de-ecca-edu-y-refuerza-su-compromiso-con-la-institucion\/#primaryimage\",\"url\":\"https:\/\/blognoticias.ecca.edu.es\/wp-content\/uploads\/2025\/09\/Post-Instagram-cuadrado-26.jpg\",\"contentUrl\":\"https:\/\/blognoticias.ecca.edu.es\/wp-content\/uploads\/2025\/09\/Post-Instagram-cuadrado-26.jpg\",\"width\":1080,\"height\":1080,\"caption\":\"Post Instagram cuadrado (26)\"},{\"@type\":\"BreadcrumbList\",\"@id\":\"https:\/\/blognoticias.ecca.edu.es\/el-presidente-del-cabildo-de-gran-canaria-visita-la-sede-de-ecca-edu-y-refuerza-su-compromiso-con-la-institucion\/#breadcrumb\",\"itemListElement\":[{\"@type\":\"ListItem\",\"position\":1,\"name\":\"Portada\",\"item\":\"https:\/\/blognoticias.ecca.edu.es\/\"},{\"@type\":\"ListItem\",\"position\":2,\"name\":\"El presidente del Cabildo de Gran Canaria visita la sede de ecca.edu y refuerza su compromiso con la instituci\u00f3n\"}]},{\"@type\":\"WebSite\",\"@id\":\"https:\/\/blognoticias.ecca.edu.es\/#website\",\"url\":\"https:\/\/blognoticias.ecca.edu.es\/\",\"name\":\"Blog Noticias Ecca\",\"description\":\"\",\"publisher\":{\"@id\":\"https:\/\/blognoticias.ecca.edu.es\/#organization\"},\"potentialAction\":[{\"@type\":\"SearchAction\",\"target\":{\"@type\":\"EntryPoint\",\"urlTemplate\":\"https:\/\/blognoticias.ecca.edu.es\/?s={search_term_string}\"},\"query-input\":{\"@type\":\"PropertyValueSpecification\",\"valueRequired\":true,\"valueName\":\"search_term_string\"}}],\"inLanguage\":\"en-GB\"},{\"@type\":\"Organization\",\"@id\":\"https:\/\/blognoticias.ecca.edu.es\/#organization\",\"name\":\"Blog Noticias Ecca\",\"url\":\"https:\/\/blognoticias.ecca.edu.es\/\",\"logo\":{\"@type\":\"ImageObject\",\"inLanguage\":\"en-GB\",\"@id\":\"https:\/\/blognoticias.ecca.edu.es\/#\/schema\/logo\/image\/\",\"url\":\"https:\/\/blognoticias.ecca.edu.es\/wp-content\/uploads\/2023\/02\/cropped-cropped-cropped-cropped-Logo-Ecca.edu_.png\",\"contentUrl\":\"https:\/\/blognoticias.ecca.edu.es\/wp-content\/uploads\/2023\/02\/cropped-cropped-cropped-cropped-Logo-Ecca.edu_.png\",\"width\":293,\"height\":45,\"caption\":\"Blog Noticias Ecca\"},\"image\":{\"@id\":\"https:\/\/blognoticias.ecca.edu.es\/#\/schema\/logo\/image\/\"},\"sameAs\":[\"https:\/\/www.facebook.com\/ecca.edu.es\",\"https:\/\/x.com\/eccaedu\",\"https:\/\/www.instagram.com\/\"]},{\"@type\":\"Person\",\"@id\":\"https:\/\/blognoticias.ecca.edu.es\/#\/schema\/person\/8070573f481ccba909661fdb1cf9e5eb\",\"name\":\"Ecca.edu\",\"image\":{\"@type\":\"ImageObject\",\"inLanguage\":\"en-GB\",\"@id\":\"https:\/\/blognoticias.ecca.edu.es\/#\/schema\/person\/image\/\",\"url\":\"https:\/\/blognoticias.ecca.edu.es\/wp-content\/uploads\/2023\/02\/LOGO-ECCAEDU-1-150x150.png\",\"contentUrl\":\"https:\/\/blognoticias.ecca.edu.es\/wp-content\/uploads\/2023\/02\/LOGO-ECCAEDU-1-150x150.png\",\"caption\":\"Ecca.edu\"},\"url\":\"https:\/\/blognoticias.ecca.edu.es\/en\/author\/ecca-edu\/\"}]}<\/script>\n<!-- \/ Yoast SEO plugin. -->","yoast_head_json":{"title":"El presidente del Cabildo de Gran Canaria visita la sede de ecca.edu y refuerza su compromiso con la instituci\u00f3n","description":"El presidente del Cabildo de Gran Canaria visit\u00f3 la sede central de la instituci\u00f3n, ubicada en Las Palmas de Gran Canaria","robots":{"index":"index","follow":"follow","max-snippet":"max-snippet:-1","max-image-preview":"max-image-preview:large","max-video-preview":"max-video-preview:-1"},"canonical":"https:\/\/blognoticias.ecca.edu.es\/en\/el-presidente-del-cabildo-de-gran-canaria-visita-la-sede-de-ecca-edu-y-refuerza-su-compromiso-con-la-institucion\/","og_locale":"en_GB","og_type":"article","og_title":"El presidente del Cabildo de Gran Canaria visita la sede de ecca.edu y refuerza su compromiso con la instituci\u00f3n","og_description":"El presidente del Cabildo de Gran Canaria visit\u00f3 la sede central de la instituci\u00f3n, ubicada en Las Palmas de Gran Canaria","og_url":"https:\/\/blognoticias.ecca.edu.es\/en\/el-presidente-del-cabildo-de-gran-canaria-visita-la-sede-de-ecca-edu-y-refuerza-su-compromiso-con-la-institucion\/","og_site_name":"Blog Noticias Ecca","article_publisher":"https:\/\/www.facebook.com\/ecca.edu.es","article_published_time":"2025-09-04T12:50:14+00:00","article_modified_time":"2026-01-08T12:52:49+00:00","og_image":[{"width":1080,"height":1080,"url":"https:\/\/blognoticias.ecca.edu.es\/wp-content\/uploads\/2025\/09\/Post-Instagram-cuadrado-26.jpg","type":"image\/jpeg"}],"author":"Ecca.edu","twitter_card":"summary_large_image","twitter_creator":"@eccaedu","twitter_site":"@eccaedu","twitter_misc":{"Written by":"Ecca.edu","Estimated reading time":"3 minutes"},"schema":{"@context":"https:\/\/schema.org","@graph":[{"@type":"Article","@id":"https:\/\/blognoticias.ecca.edu.es\/el-presidente-del-cabildo-de-gran-canaria-visita-la-sede-de-ecca-edu-y-refuerza-su-compromiso-con-la-institucion\/#article","isPartOf":{"@id":"https:\/\/blognoticias.ecca.edu.es\/el-presidente-del-cabildo-de-gran-canaria-visita-la-sede-de-ecca-edu-y-refuerza-su-compromiso-con-la-institucion\/"},"author":{"name":"Ecca.edu","@id":"https:\/\/blognoticias.ecca.edu.es\/#\/schema\/person\/8070573f481ccba909661fdb1cf9e5eb"},"headline":"El presidente del Cabildo de Gran Canaria visita la sede de ecca.edu y refuerza su compromiso con la instituci\u00f3n","datePublished":"2025-09-04T12:50:14+00:00","dateModified":"2026-01-08T12:52:49+00:00","mainEntityOfPage":{"@id":"https:\/\/blognoticias.ecca.edu.es\/el-presidente-del-cabildo-de-gran-canaria-visita-la-sede-de-ecca-edu-y-refuerza-su-compromiso-con-la-institucion\/"},"wordCount":436,"publisher":{"@id":"https:\/\/blognoticias.ecca.edu.es\/#organization"},"image":{"@id":"https:\/\/blognoticias.ecca.edu.es\/el-presidente-del-cabildo-de-gran-canaria-visita-la-sede-de-ecca-edu-y-refuerza-su-compromiso-con-la-institucion\/#primaryimage"},"thumbnailUrl":"https:\/\/blognoticias.ecca.edu.es\/wp-content\/uploads\/2025\/09\/Post-Instagram-cuadrado-26.jpg","keywords":["#60a\u00f1ostransformandovidas","#cabildograncanaria","#eccaedu","#Formaci\u00f3nparapersonasadultas","#Tufuturoaturitmo"],"articleSection":["Comunicaci\u00f3n"],"inLanguage":"en-GB"},{"@type":"WebPage","@id":"https:\/\/blognoticias.ecca.edu.es\/el-presidente-del-cabildo-de-gran-canaria-visita-la-sede-de-ecca-edu-y-refuerza-su-compromiso-con-la-institucion\/","url":"https:\/\/blognoticias.ecca.edu.es\/el-presidente-del-cabildo-de-gran-canaria-visita-la-sede-de-ecca-edu-y-refuerza-su-compromiso-con-la-institucion\/","name":"El presidente del Cabildo de Gran Canaria visita la sede de ecca.edu y refuerza su compromiso con la instituci\u00f3n","isPartOf":{"@id":"https:\/\/blognoticias.ecca.edu.es\/#website"},"primaryImageOfPage":{"@id":"https:\/\/blognoticias.ecca.edu.es\/el-presidente-del-cabildo-de-gran-canaria-visita-la-sede-de-ecca-edu-y-refuerza-su-compromiso-con-la-institucion\/#primaryimage"},"image":{"@id":"https:\/\/blognoticias.ecca.edu.es\/el-presidente-del-cabildo-de-gran-canaria-visita-la-sede-de-ecca-edu-y-refuerza-su-compromiso-con-la-institucion\/#primaryimage"},"thumbnailUrl":"https:\/\/blognoticias.ecca.edu.es\/wp-content\/uploads\/2025\/09\/Post-Instagram-cuadrado-26.jpg","datePublished":"2025-09-04T12:50:14+00:00","dateModified":"2026-01-08T12:52:49+00:00","description":"El presidente del Cabildo de Gran Canaria visit\u00f3 la sede central de la instituci\u00f3n, ubicada en Las Palmas de Gran Canaria","breadcrumb":{"@id":"https:\/\/blognoticias.ecca.edu.es\/el-presidente-del-cabildo-de-gran-canaria-visita-la-sede-de-ecca-edu-y-refuerza-su-compromiso-con-la-institucion\/#breadcrumb"},"inLanguage":"en-GB","potentialAction":[{"@type":"ReadAction","target":["https:\/\/blognoticias.ecca.edu.es\/el-presidente-del-cabildo-de-gran-canaria-visita-la-sede-de-ecca-edu-y-refuerza-su-compromiso-con-la-institucion\/"]}]},{"@type":"ImageObject","inLanguage":"en-GB","@id":"https:\/\/blognoticias.ecca.edu.es\/el-presidente-del-cabildo-de-gran-canaria-visita-la-sede-de-ecca-edu-y-refuerza-su-compromiso-con-la-institucion\/#primaryimage","url":"https:\/\/blognoticias.ecca.edu.es\/wp-content\/uploads\/2025\/09\/Post-Instagram-cuadrado-26.jpg","contentUrl":"https:\/\/blognoticias.ecca.edu.es\/wp-content\/uploads\/2025\/09\/Post-Instagram-cuadrado-26.jpg","width":1080,"height":1080,"caption":"Post Instagram cuadrado (26)"},{"@type":"BreadcrumbList","@id":"https:\/\/blognoticias.ecca.edu.es\/el-presidente-del-cabildo-de-gran-canaria-visita-la-sede-de-ecca-edu-y-refuerza-su-compromiso-con-la-institucion\/#breadcrumb","itemListElement":[{"@type":"ListItem","position":1,"name":"Portada","item":"https:\/\/blognoticias.ecca.edu.es\/"},{"@type":"ListItem","position":2,"name":"El presidente del Cabildo de Gran Canaria visita la sede de ecca.edu y refuerza su compromiso con la instituci\u00f3n"}]},{"@type":"WebSite","@id":"https:\/\/blognoticias.ecca.edu.es\/#website","url":"https:\/\/blognoticias.ecca.edu.es\/","name":"Blog Noticias Ecca","description":"","publisher":{"@id":"https:\/\/blognoticias.ecca.edu.es\/#organization"},"potentialAction":[{"@type":"SearchAction","target":{"@type":"EntryPoint","urlTemplate":"https:\/\/blognoticias.ecca.edu.es\/?s={search_term_string}"},"query-input":{"@type":"PropertyValueSpecification","valueRequired":true,"valueName":"search_term_string"}}],"inLanguage":"en-GB"},{"@type":"Organization","@id":"https:\/\/blognoticias.ecca.edu.es\/#organization","name":"Blog Noticias Ecca","url":"https:\/\/blognoticias.ecca.edu.es\/","logo":{"@type":"ImageObject","inLanguage":"en-GB","@id":"https:\/\/blognoticias.ecca.edu.es\/#\/schema\/logo\/image\/","url":"https:\/\/blognoticias.ecca.edu.es\/wp-content\/uploads\/2023\/02\/cropped-cropped-cropped-cropped-Logo-Ecca.edu_.png","contentUrl":"https:\/\/blognoticias.ecca.edu.es\/wp-content\/uploads\/2023\/02\/cropped-cropped-cropped-cropped-Logo-Ecca.edu_.png","width":293,"height":45,"caption":"Blog Noticias Ecca"},"image":{"@id":"https:\/\/blognoticias.ecca.edu.es\/#\/schema\/logo\/image\/"},"sameAs":["https:\/\/www.facebook.com\/ecca.edu.es","https:\/\/x.com\/eccaedu","https:\/\/www.instagram.com\/"]},{"@type":"Person","@id":"https:\/\/blognoticias.ecca.edu.es\/#\/schema\/person\/8070573f481ccba909661fdb1cf9e5eb","name":"Ecca.edu","image":{"@type":"ImageObject","inLanguage":"en-GB","@id":"https:\/\/blognoticias.ecca.edu.es\/#\/schema\/person\/image\/","url":"https:\/\/blognoticias.ecca.edu.es\/wp-content\/uploads\/2023\/02\/LOGO-ECCAEDU-1-150x150.png","contentUrl":"https:\/\/blognoticias.ecca.edu.es\/wp-content\/uploads\/2023\/02\/LOGO-ECCAEDU-1-150x150.png","caption":"Ecca.edu"},"url":"https:\/\/blognoticias.ecca.edu.es\/en\/author\/ecca-edu\/"}]}},"_links":{"self":[{"href":"https:\/\/blognoticias.ecca.edu.es\/en\/wp-json\/wp\/v2\/posts\/5738","targetHints":{"allow":["GET"]}}],"collection":[{"href":"https:\/\/blognoticias.ecca.edu.es\/en\/wp-json\/wp\/v2\/posts"}],"about":[{"href":"https:\/\/blognoticias.ecca.edu.es\/en\/wp-json\/wp\/v2\/types\/post"}],"author":[{"embeddable":true,"href":"https:\/\/blognoticias.ecca.edu.es\/en\/wp-json\/wp\/v2\/users\/2"}],"replies":[{"embeddable":true,"href":"https:\/\/blognoticias.ecca.edu.es\/en\/wp-json\/wp\/v2\/comments?post=5738"}],"version-history":[{"count":3,"href":"https:\/\/blognoticias.ecca.edu.es\/en\/wp-json\/wp\/v2\/posts\/5738\/revisions"}],"predecessor-version":[{"id":5748,"href":"https:\/\/blognoticias.ecca.edu.es\/en\/wp-json\/wp\/v2\/posts\/5738\/revisions\/5748"}],"wp:featuredmedia":[{"embeddable":true,"href":"https:\/\/blognoticias.ecca.edu.es\/en\/wp-json\/wp\/v2\/media\/5746"}],"wp:attachment":[{"href":"https:\/\/blognoticias.ecca.edu.es\/en\/wp-json\/wp\/v2\/media?parent=5738"}],"wp:term":[{"taxonomy":"category","embeddable":true,"href":"https:\/\/blognoticias.ecca.edu.es\/en\/wp-json\/wp\/v2\/categories?post=5738"},{"taxonomy":"post_tag","embeddable":true,"href":"https:\/\/blognoticias.ecca.edu.es\/en\/wp-json\/wp\/v2\/tags?post=5738"}],"curies":[{"name":"wp","href":"https:\/\/api.w.org\/{rel}","templated":true}]}}