{"id":5578,"date":"2025-06-09T15:59:43","date_gmt":"2025-06-09T15:59:43","guid":{"rendered":"https:\/\/blognoticias.ecca.edu.es\/?p=5578"},"modified":"2025-06-09T15:59:43","modified_gmt":"2025-06-09T15:59:43","slug":"abierta-la-matricula-para-el-ciclo-de-tecnico-en-cuidados-auxiliares-de-enfermeria-2025-2026","status":"publish","type":"post","link":"https:\/\/blognoticias.ecca.edu.es\/en\/abierta-la-matricula-para-el-ciclo-de-tecnico-en-cuidados-auxiliares-de-enfermeria-2025-2026\/","title":{"rendered":"Abierta la matr\u00edcula para el ciclo de T\u00e9cnico en Cuidados Auxiliares de Enfermer\u00eda 2025-2026"},"content":{"rendered":"<div class='booster-block booster-read-block'>\n                <div class=\"twp-read-time\">\n                \t<i class=\"booster-icon twp-clock\"><\/i> <span>Tiempo de lectura:<\/span>2 Minutos, 23 Segundos                <\/div>\n\n            <\/div><p><span style=\"font-weight: 400;\">Ya est\u00e1 abierta la matr\u00edcula para el <\/span><b>ciclo de grado medio de T\u00e9cnico en Cuidados Auxiliares de Enfermer\u00eda<\/b><span style=\"font-weight: 400;\"> para el curso 2025-2026. Esta formaci\u00f3n semipresencial, impartida por el <a href=\"https:\/\/fundacionloyola.com\/sanignacio\/\">Colegio San Ignacio de Loyola<\/a> junto a ecca.edu, est\u00e1 dise\u00f1ada para personas adultas que buscan cualificarse profesionalmente en el sector sanitario. Este \u00e1mbito contin\u00faa en constante crecimiento y con una alta demanda de profesionales cualificados.<\/span><\/p>\n<p><img loading=\"lazy\" decoding=\"async\" class=\"aligncenter wp-image-5579\" src=\"https:\/\/blognoticias.ecca.edu.es\/wp-content\/uploads\/2025\/06\/16481-Meme-1080x1080px-Nuevo-diseno-de-Ciclo-Medio-Enfermeria-V2-DEF-1024x1024.jpg\" alt=\"Abierta la matr\u00edcula para el ciclo de T\u00e9cnico en Cuidados Auxiliares de Enfermer\u00eda 2025-2026\" width=\"560\" height=\"560\" srcset=\"https:\/\/blognoticias.ecca.edu.es\/wp-content\/uploads\/2025\/06\/16481-Meme-1080x1080px-Nuevo-diseno-de-Ciclo-Medio-Enfermeria-V2-DEF-1024x1024.jpg 1024w, https:\/\/blognoticias.ecca.edu.es\/wp-content\/uploads\/2025\/06\/16481-Meme-1080x1080px-Nuevo-diseno-de-Ciclo-Medio-Enfermeria-V2-DEF-300x300.jpg 300w, https:\/\/blognoticias.ecca.edu.es\/wp-content\/uploads\/2025\/06\/16481-Meme-1080x1080px-Nuevo-diseno-de-Ciclo-Medio-Enfermeria-V2-DEF-150x150.jpg 150w, https:\/\/blognoticias.ecca.edu.es\/wp-content\/uploads\/2025\/06\/16481-Meme-1080x1080px-Nuevo-diseno-de-Ciclo-Medio-Enfermeria-V2-DEF-768x768.jpg 768w, https:\/\/blognoticias.ecca.edu.es\/wp-content\/uploads\/2025\/06\/16481-Meme-1080x1080px-Nuevo-diseno-de-Ciclo-Medio-Enfermeria-V2-DEF-12x12.jpg 12w, https:\/\/blognoticias.ecca.edu.es\/wp-content\/uploads\/2025\/06\/16481-Meme-1080x1080px-Nuevo-diseno-de-Ciclo-Medio-Enfermeria-V2-DEF-24x24.jpg 24w, https:\/\/blognoticias.ecca.edu.es\/wp-content\/uploads\/2025\/06\/16481-Meme-1080x1080px-Nuevo-diseno-de-Ciclo-Medio-Enfermeria-V2-DEF-48x48.jpg 48w, https:\/\/blognoticias.ecca.edu.es\/wp-content\/uploads\/2025\/06\/16481-Meme-1080x1080px-Nuevo-diseno-de-Ciclo-Medio-Enfermeria-V2-DEF-96x96.jpg 96w, https:\/\/blognoticias.ecca.edu.es\/wp-content\/uploads\/2025\/06\/16481-Meme-1080x1080px-Nuevo-diseno-de-Ciclo-Medio-Enfermeria-V2-DEF.jpg 1080w\" sizes=\"auto, (max-width: 560px) 100vw, 560px\" \/><\/p>\n<h2><b>Formaci\u00f3n semipresencial adaptada a tus necesidades<\/b><\/h2>\n<p><span style=\"font-weight: 400;\">Este <\/span><b>ciclo de grado medio<\/b><span style=\"font-weight: 400;\"> se ofrece en modalidad semipresencial, (formaci\u00f3n presencial y online) una opci\u00f3n ideal para aquellas personas adultas que desean crecer de forma profesional y personal. La metodolog\u00eda de ecca.edu, combinada con tutor\u00edas online y presenciales, obligatorias un d\u00eda a la semana en el CPEIPS San Ignacio de Loyola, garantiza una formaci\u00f3n de calidad y adaptada.<\/span><\/p>\n<h2><b>\u00bfQu\u00e9 t\u00edtulo oficial recibir\u00e1s con este grado medio?<\/b><\/h2>\n<p><span style=\"font-weight: 400;\">Con este ciclo, adquirir\u00e1s conocimientos fundamentales en atenci\u00f3n b\u00e1sica y cuidados esenciales a pacientes bajo supervisi\u00f3n profesional. Adem\u00e1s, obtendr\u00e1s el <\/span><b>t\u00edtulo oficial<\/b><span style=\"font-weight: 400;\"> de la Consejer\u00eda de Educaci\u00f3n del Gobierno de Canarias de<\/span><b> T\u00e9cnico\/a de Cuidados Auxiliares de Enfermer\u00eda<\/b><span style=\"font-weight: 400;\">.\u00a0<\/span><\/p>\n<p><span style=\"font-weight: 400;\">Este t\u00edtulo cumple con todos los requisitos establecidos por la Consejer\u00eda de Educaci\u00f3n y Universidades del Gobierno de Canarias y ha sido adaptado para ser impartido en modalidad semipresencial.<\/span><\/p>\n<h2><b>\u00bfQu\u00e9 aprender\u00e1s en el ciclo de T\u00e9cnico en Cuidados Auxiliares de Enfermer\u00eda?<\/b><\/h2>\n<p><span style=\"font-weight: 400;\">Los auxiliares de enfermer\u00eda desempe\u00f1an un rol crucial en el \u00e1mbito de la salud. Proporcionan atenci\u00f3n b\u00e1sica a los pacientes y son responsables de tareas de cuidado rutinarias, siempre bajo supervisi\u00f3n profesional.\u00a0<\/span><\/p>\n<p><span style=\"font-weight: 400;\">Durante este ciclo, desarrollar\u00e1s las capacidades necesarias para:<\/span><\/p>\n<ul>\n<li style=\"font-weight: 400;\" aria-level=\"1\"><span style=\"font-weight: 400;\">Asistir en el cuidado de los pacientes.<\/span><\/li>\n<li style=\"font-weight: 400;\" aria-level=\"1\"><span style=\"font-weight: 400;\">Proporcionar apoyo en actividades b\u00e1sicas de la vida diaria.<\/span><\/li>\n<li style=\"font-weight: 400;\" aria-level=\"1\"><span style=\"font-weight: 400;\">Colaborar en la administraci\u00f3n de medicaci\u00f3n (bajo supervisi\u00f3n).<\/span><\/li>\n<li style=\"font-weight: 400;\" aria-level=\"1\"><span style=\"font-weight: 400;\">Preparar y mantener el material e instrumental sanitario.<\/span><\/li>\n<li style=\"font-weight: 400;\" aria-level=\"1\"><span style=\"font-weight: 400;\">Aplicar t\u00e9cnicas de comunicaci\u00f3n y apoyo psicol\u00f3gico a pacientes y familiares.<\/span><\/li>\n<\/ul>\n<h2><b>\u00bfCu\u00e1nto tiempo dura el grado medio de T\u00e9cnico <\/b><b>en Cuidados Auxiliares de Enfermer\u00eda<\/b><b>?<\/b><\/h2>\n<p><span style=\"font-weight: 400;\">El <\/span><b>Ciclo de grado medio de T\u00e9cnico en Cuidados Auxiliares de Enfermer\u00eda<\/b><span style=\"font-weight: 400;\"> tiene una duraci\u00f3n de dos a\u00f1os acad\u00e9micos.\u00a0<\/span><\/p>\n<p><span style=\"font-weight: 400;\">Este periodo incluye la Formaci\u00f3n en Centros de Trabajo (pr\u00e1cticas), un componente esencial que permite a los estudiantes aplicar los conocimientos adquiridos en entornos reales de salud.\u00a0<\/span><\/p>\n<p><span style=\"font-weight: 400;\">Asimismo, la modalidad semipresencial ofrece la flexibilidad de un sistema online con la <a href=\"https:\/\/blognoticias.ecca.edu.es\/en\/conoces-el-sistema-ecca\/\">metodolog\u00eda de ecca.edu<\/a>, complementado con las sesiones presenciales necesarias para una formaci\u00f3n completa y pr\u00e1ctica.<\/span><\/p>\n<h2><b>Salidas profesionales y pr\u00f3ximos pasos<\/b><\/h2>\n<p><span style=\"font-weight: 400;\">Al finalizar este ciclo, te habr\u00e1s cualificado para trabajar en diversos entornos sanitarios, incluyendo hospitales, cl\u00ednicas, centros de salud, residencias de mayores y servicios de ayuda a domicilio.<\/span><\/p>\n<p><span style=\"font-weight: 400;\">Si deseas impulsar tu carrera en el sector sanitario, te invitamos a obtener m\u00e1s informaci\u00f3n sobre el proceso de matr\u00edcula y los requisitos de acceso.\u00a0<\/span><\/p>\n<p><span style=\"font-weight: 400;\">Puedes visitar la p\u00e1gina web del Colegio San Ignacio de Loyola o contactar directamente a trav\u00e9s de los datos de contacto disponibles: <\/span><a href=\"https:\/\/fundacionloyola.com\/sanignacio\/auxiliar-de-enfermeria-semipresencial\/\"><span style=\"font-weight: 400;\">https:\/\/fundacionloyola.com\/sanignacio\/auxiliar-de-enfermeria-semipresencial\/<\/span><\/a><span style=\"font-weight: 400;\">\u00a0<\/span><\/p>","protected":false},"excerpt":{"rendered":"<p>Ya est\u00e1 abierta la matr\u00edcula para el ciclo de grado medio de T\u00e9cnico en Cuidados Auxiliares de Enfermer\u00eda para el curso 2025-2026. Esta formaci\u00f3n semipresencial, impartida por el Colegio San Ignacio de Loyola junto a ecca.edu, est\u00e1 dise\u00f1ada para personas adultas que buscan cualificarse profesionalmente en el sector sanitario. Este \u00e1mbito contin\u00faa en constante crecimiento [&hellip;]<\/p>","protected":false},"author":3,"featured_media":5579,"comment_status":"closed","ping_status":"closed","sticky":false,"template":"","format":"standard","meta":{"footnotes":""},"categories":[177,1293,107],"tags":[1309,1314,1385,1298,1299,1305],"class_list":["post-5578","post","type-post","status-publish","format-standard","has-post-thumbnail","hentry","category-formacion","category-noticias","category-social","tag-formacionadistancia","tag-formacionparapersonasadultas","tag-auxiliar-enfermeria","tag-educacion","tag-formacion","tag-formacion-para-personas-adultas"],"yoast_head":"<!-- This site is optimized with the Yoast SEO plugin v25.9 - https:\/\/yoast.com\/wordpress\/plugins\/seo\/ -->\n<title>Abierta la matr\u00edcula para el ciclo de T\u00e9cnico en Cuidados Auxiliares de Enfermer\u00eda 2025-2026<\/title>\n<meta name=\"description\" content=\"Ya est\u00e1 abierta la matr\u00edcula para el ciclo de grado medio de T\u00e9cnico en Cuidados Auxiliares de Enfermer\u00eda para el curso 2025-2026\" \/>\n<meta name=\"robots\" content=\"index, follow, max-snippet:-1, max-image-preview:large, max-video-preview:-1\" \/>\n<link rel=\"canonical\" href=\"https:\/\/blognoticias.ecca.edu.es\/en\/abierta-la-matricula-para-el-ciclo-de-tecnico-en-cuidados-auxiliares-de-enfermeria-2025-2026\/\" \/>\n<meta property=\"og:locale\" content=\"en_GB\" \/>\n<meta property=\"og:type\" content=\"article\" \/>\n<meta property=\"og:title\" content=\"Abierta la matr\u00edcula para el ciclo de T\u00e9cnico en Cuidados Auxiliares de Enfermer\u00eda 2025-2026\" \/>\n<meta property=\"og:description\" content=\"Ya est\u00e1 abierta la matr\u00edcula para el ciclo de grado medio de T\u00e9cnico en Cuidados Auxiliares de Enfermer\u00eda para el curso 2025-2026\" \/>\n<meta property=\"og:url\" content=\"https:\/\/blognoticias.ecca.edu.es\/en\/abierta-la-matricula-para-el-ciclo-de-tecnico-en-cuidados-auxiliares-de-enfermeria-2025-2026\/\" \/>\n<meta property=\"og:site_name\" content=\"Blog Noticias Ecca\" \/>\n<meta property=\"article:publisher\" content=\"https:\/\/www.facebook.com\/ecca.edu.es\" \/>\n<meta property=\"article:published_time\" content=\"2025-06-09T15:59:43+00:00\" \/>\n<meta property=\"og:image\" content=\"https:\/\/blognoticias.ecca.edu.es\/wp-content\/uploads\/2025\/06\/16481-Meme-1080x1080px-Nuevo-diseno-de-Ciclo-Medio-Enfermeria-V2-DEF.jpg\" \/>\n\t<meta property=\"og:image:width\" content=\"1080\" \/>\n\t<meta property=\"og:image:height\" content=\"1080\" \/>\n\t<meta property=\"og:image:type\" content=\"image\/jpeg\" \/>\n<meta name=\"author\" content=\"Claudia Demetrio\" \/>\n<meta name=\"twitter:card\" content=\"summary_large_image\" \/>\n<meta name=\"twitter:creator\" content=\"@eccaedu\" \/>\n<meta name=\"twitter:site\" content=\"@eccaedu\" \/>\n<meta name=\"twitter:label1\" content=\"Written by\" \/>\n\t<meta name=\"twitter:data1\" content=\"Claudia Demetrio\" \/>\n\t<meta name=\"twitter:label2\" content=\"Estimated reading time\" \/>\n\t<meta name=\"twitter:data2\" content=\"3 minutes\" \/>\n<script type=\"application\/ld+json\" class=\"yoast-schema-graph\">{\"@context\":\"https:\/\/schema.org\",\"@graph\":[{\"@type\":\"Article\",\"@id\":\"https:\/\/blognoticias.ecca.edu.es\/abierta-la-matricula-para-el-ciclo-de-tecnico-en-cuidados-auxiliares-de-enfermeria-2025-2026\/#article\",\"isPartOf\":{\"@id\":\"https:\/\/blognoticias.ecca.edu.es\/abierta-la-matricula-para-el-ciclo-de-tecnico-en-cuidados-auxiliares-de-enfermeria-2025-2026\/\"},\"author\":{\"name\":\"Claudia Demetrio\",\"@id\":\"https:\/\/blognoticias.ecca.edu.es\/#\/schema\/person\/62a5369feff5134c4bdcafa6d772ea7f\"},\"headline\":\"Abierta la matr\u00edcula para el ciclo de T\u00e9cnico en Cuidados Auxiliares de Enfermer\u00eda 2025-2026\",\"datePublished\":\"2025-06-09T15:59:43+00:00\",\"mainEntityOfPage\":{\"@id\":\"https:\/\/blognoticias.ecca.edu.es\/abierta-la-matricula-para-el-ciclo-de-tecnico-en-cuidados-auxiliares-de-enfermeria-2025-2026\/\"},\"wordCount\":557,\"publisher\":{\"@id\":\"https:\/\/blognoticias.ecca.edu.es\/#organization\"},\"image\":{\"@id\":\"https:\/\/blognoticias.ecca.edu.es\/abierta-la-matricula-para-el-ciclo-de-tecnico-en-cuidados-auxiliares-de-enfermeria-2025-2026\/#primaryimage\"},\"thumbnailUrl\":\"https:\/\/blognoticias.ecca.edu.es\/wp-content\/uploads\/2025\/06\/16481-Meme-1080x1080px-Nuevo-diseno-de-Ciclo-Medio-Enfermeria-V2-DEF.jpg\",\"keywords\":[\"#Formaci\u00f3nadistancia\",\"#Formaci\u00f3nparapersonasadultas\",\"Auxiliar Enfermer\u00eda\",\"Educaci\u00f3n\",\"formaci\u00f3n\",\"Formaci\u00f3n para personas adultas\"],\"articleSection\":[\"Formaci\u00f3n\",\"Noticias\",\"Social\"],\"inLanguage\":\"en-GB\"},{\"@type\":\"WebPage\",\"@id\":\"https:\/\/blognoticias.ecca.edu.es\/abierta-la-matricula-para-el-ciclo-de-tecnico-en-cuidados-auxiliares-de-enfermeria-2025-2026\/\",\"url\":\"https:\/\/blognoticias.ecca.edu.es\/abierta-la-matricula-para-el-ciclo-de-tecnico-en-cuidados-auxiliares-de-enfermeria-2025-2026\/\",\"name\":\"Abierta la matr\u00edcula para el ciclo de T\u00e9cnico en Cuidados Auxiliares de Enfermer\u00eda 2025-2026\",\"isPartOf\":{\"@id\":\"https:\/\/blognoticias.ecca.edu.es\/#website\"},\"primaryImageOfPage\":{\"@id\":\"https:\/\/blognoticias.ecca.edu.es\/abierta-la-matricula-para-el-ciclo-de-tecnico-en-cuidados-auxiliares-de-enfermeria-2025-2026\/#primaryimage\"},\"image\":{\"@id\":\"https:\/\/blognoticias.ecca.edu.es\/abierta-la-matricula-para-el-ciclo-de-tecnico-en-cuidados-auxiliares-de-enfermeria-2025-2026\/#primaryimage\"},\"thumbnailUrl\":\"https:\/\/blognoticias.ecca.edu.es\/wp-content\/uploads\/2025\/06\/16481-Meme-1080x1080px-Nuevo-diseno-de-Ciclo-Medio-Enfermeria-V2-DEF.jpg\",\"datePublished\":\"2025-06-09T15:59:43+00:00\",\"description\":\"Ya est\u00e1 abierta la matr\u00edcula para el ciclo de grado medio de T\u00e9cnico en Cuidados Auxiliares de Enfermer\u00eda para el curso 2025-2026\",\"breadcrumb\":{\"@id\":\"https:\/\/blognoticias.ecca.edu.es\/abierta-la-matricula-para-el-ciclo-de-tecnico-en-cuidados-auxiliares-de-enfermeria-2025-2026\/#breadcrumb\"},\"inLanguage\":\"en-GB\",\"potentialAction\":[{\"@type\":\"ReadAction\",\"target\":[\"https:\/\/blognoticias.ecca.edu.es\/abierta-la-matricula-para-el-ciclo-de-tecnico-en-cuidados-auxiliares-de-enfermeria-2025-2026\/\"]}]},{\"@type\":\"ImageObject\",\"inLanguage\":\"en-GB\",\"@id\":\"https:\/\/blognoticias.ecca.edu.es\/abierta-la-matricula-para-el-ciclo-de-tecnico-en-cuidados-auxiliares-de-enfermeria-2025-2026\/#primaryimage\",\"url\":\"https:\/\/blognoticias.ecca.edu.es\/wp-content\/uploads\/2025\/06\/16481-Meme-1080x1080px-Nuevo-diseno-de-Ciclo-Medio-Enfermeria-V2-DEF.jpg\",\"contentUrl\":\"https:\/\/blognoticias.ecca.edu.es\/wp-content\/uploads\/2025\/06\/16481-Meme-1080x1080px-Nuevo-diseno-de-Ciclo-Medio-Enfermeria-V2-DEF.jpg\",\"width\":1080,\"height\":1080,\"caption\":\"Abierta la matr\u00edcula para el ciclo de T\u00e9cnico en Cuidados Auxiliares de Enfermer\u00eda 2025-2026\"},{\"@type\":\"BreadcrumbList\",\"@id\":\"https:\/\/blognoticias.ecca.edu.es\/abierta-la-matricula-para-el-ciclo-de-tecnico-en-cuidados-auxiliares-de-enfermeria-2025-2026\/#breadcrumb\",\"itemListElement\":[{\"@type\":\"ListItem\",\"position\":1,\"name\":\"Portada\",\"item\":\"https:\/\/blognoticias.ecca.edu.es\/\"},{\"@type\":\"ListItem\",\"position\":2,\"name\":\"Abierta la matr\u00edcula para el ciclo de T\u00e9cnico en Cuidados Auxiliares de Enfermer\u00eda 2025-2026\"}]},{\"@type\":\"WebSite\",\"@id\":\"https:\/\/blognoticias.ecca.edu.es\/#website\",\"url\":\"https:\/\/blognoticias.ecca.edu.es\/\",\"name\":\"Blog Noticias Ecca\",\"description\":\"\",\"publisher\":{\"@id\":\"https:\/\/blognoticias.ecca.edu.es\/#organization\"},\"potentialAction\":[{\"@type\":\"SearchAction\",\"target\":{\"@type\":\"EntryPoint\",\"urlTemplate\":\"https:\/\/blognoticias.ecca.edu.es\/?s={search_term_string}\"},\"query-input\":{\"@type\":\"PropertyValueSpecification\",\"valueRequired\":true,\"valueName\":\"search_term_string\"}}],\"inLanguage\":\"en-GB\"},{\"@type\":\"Organization\",\"@id\":\"https:\/\/blognoticias.ecca.edu.es\/#organization\",\"name\":\"Blog Noticias Ecca\",\"url\":\"https:\/\/blognoticias.ecca.edu.es\/\",\"logo\":{\"@type\":\"ImageObject\",\"inLanguage\":\"en-GB\",\"@id\":\"https:\/\/blognoticias.ecca.edu.es\/#\/schema\/logo\/image\/\",\"url\":\"https:\/\/blognoticias.ecca.edu.es\/wp-content\/uploads\/2023\/02\/cropped-cropped-cropped-cropped-Logo-Ecca.edu_.png\",\"contentUrl\":\"https:\/\/blognoticias.ecca.edu.es\/wp-content\/uploads\/2023\/02\/cropped-cropped-cropped-cropped-Logo-Ecca.edu_.png\",\"width\":293,\"height\":45,\"caption\":\"Blog Noticias Ecca\"},\"image\":{\"@id\":\"https:\/\/blognoticias.ecca.edu.es\/#\/schema\/logo\/image\/\"},\"sameAs\":[\"https:\/\/www.facebook.com\/ecca.edu.es\",\"https:\/\/x.com\/eccaedu\",\"https:\/\/www.instagram.com\/\"]},{\"@type\":\"Person\",\"@id\":\"https:\/\/blognoticias.ecca.edu.es\/#\/schema\/person\/62a5369feff5134c4bdcafa6d772ea7f\",\"name\":\"Claudia Demetrio\",\"image\":{\"@type\":\"ImageObject\",\"inLanguage\":\"en-GB\",\"@id\":\"https:\/\/blognoticias.ecca.edu.es\/#\/schema\/person\/image\/\",\"url\":\"https:\/\/blognoticias.ecca.edu.es\/wp-content\/uploads\/2023\/02\/LOGO-ECCAEDU-1-150x150.png\",\"contentUrl\":\"https:\/\/blognoticias.ecca.edu.es\/wp-content\/uploads\/2023\/02\/LOGO-ECCAEDU-1-150x150.png\",\"caption\":\"Claudia Demetrio\"},\"url\":\"https:\/\/blognoticias.ecca.edu.es\/en\/author\/c-demetrio\/\"}]}<\/script>\n<!-- \/ Yoast SEO plugin. -->","yoast_head_json":{"title":"Abierta la matr\u00edcula para el ciclo de T\u00e9cnico en Cuidados Auxiliares de Enfermer\u00eda 2025-2026","description":"Ya est\u00e1 abierta la matr\u00edcula para el ciclo de grado medio de T\u00e9cnico en Cuidados Auxiliares de Enfermer\u00eda para el curso 2025-2026","robots":{"index":"index","follow":"follow","max-snippet":"max-snippet:-1","max-image-preview":"max-image-preview:large","max-video-preview":"max-video-preview:-1"},"canonical":"https:\/\/blognoticias.ecca.edu.es\/en\/abierta-la-matricula-para-el-ciclo-de-tecnico-en-cuidados-auxiliares-de-enfermeria-2025-2026\/","og_locale":"en_GB","og_type":"article","og_title":"Abierta la matr\u00edcula para el ciclo de T\u00e9cnico en Cuidados Auxiliares de Enfermer\u00eda 2025-2026","og_description":"Ya est\u00e1 abierta la matr\u00edcula para el ciclo de grado medio de T\u00e9cnico en Cuidados Auxiliares de Enfermer\u00eda para el curso 2025-2026","og_url":"https:\/\/blognoticias.ecca.edu.es\/en\/abierta-la-matricula-para-el-ciclo-de-tecnico-en-cuidados-auxiliares-de-enfermeria-2025-2026\/","og_site_name":"Blog Noticias Ecca","article_publisher":"https:\/\/www.facebook.com\/ecca.edu.es","article_published_time":"2025-06-09T15:59:43+00:00","og_image":[{"width":1080,"height":1080,"url":"https:\/\/blognoticias.ecca.edu.es\/wp-content\/uploads\/2025\/06\/16481-Meme-1080x1080px-Nuevo-diseno-de-Ciclo-Medio-Enfermeria-V2-DEF.jpg","type":"image\/jpeg"}],"author":"Claudia Demetrio","twitter_card":"summary_large_image","twitter_creator":"@eccaedu","twitter_site":"@eccaedu","twitter_misc":{"Written by":"Claudia Demetrio","Estimated reading time":"3 minutes"},"schema":{"@context":"https:\/\/schema.org","@graph":[{"@type":"Article","@id":"https:\/\/blognoticias.ecca.edu.es\/abierta-la-matricula-para-el-ciclo-de-tecnico-en-cuidados-auxiliares-de-enfermeria-2025-2026\/#article","isPartOf":{"@id":"https:\/\/blognoticias.ecca.edu.es\/abierta-la-matricula-para-el-ciclo-de-tecnico-en-cuidados-auxiliares-de-enfermeria-2025-2026\/"},"author":{"name":"Claudia Demetrio","@id":"https:\/\/blognoticias.ecca.edu.es\/#\/schema\/person\/62a5369feff5134c4bdcafa6d772ea7f"},"headline":"Abierta la matr\u00edcula para el ciclo de T\u00e9cnico en Cuidados Auxiliares de Enfermer\u00eda 2025-2026","datePublished":"2025-06-09T15:59:43+00:00","mainEntityOfPage":{"@id":"https:\/\/blognoticias.ecca.edu.es\/abierta-la-matricula-para-el-ciclo-de-tecnico-en-cuidados-auxiliares-de-enfermeria-2025-2026\/"},"wordCount":557,"publisher":{"@id":"https:\/\/blognoticias.ecca.edu.es\/#organization"},"image":{"@id":"https:\/\/blognoticias.ecca.edu.es\/abierta-la-matricula-para-el-ciclo-de-tecnico-en-cuidados-auxiliares-de-enfermeria-2025-2026\/#primaryimage"},"thumbnailUrl":"https:\/\/blognoticias.ecca.edu.es\/wp-content\/uploads\/2025\/06\/16481-Meme-1080x1080px-Nuevo-diseno-de-Ciclo-Medio-Enfermeria-V2-DEF.jpg","keywords":["#Formaci\u00f3nadistancia","#Formaci\u00f3nparapersonasadultas","Auxiliar Enfermer\u00eda","Educaci\u00f3n","formaci\u00f3n","Formaci\u00f3n para personas adultas"],"articleSection":["Formaci\u00f3n","Noticias","Social"],"inLanguage":"en-GB"},{"@type":"WebPage","@id":"https:\/\/blognoticias.ecca.edu.es\/abierta-la-matricula-para-el-ciclo-de-tecnico-en-cuidados-auxiliares-de-enfermeria-2025-2026\/","url":"https:\/\/blognoticias.ecca.edu.es\/abierta-la-matricula-para-el-ciclo-de-tecnico-en-cuidados-auxiliares-de-enfermeria-2025-2026\/","name":"Abierta la matr\u00edcula para el ciclo de T\u00e9cnico en Cuidados Auxiliares de Enfermer\u00eda 2025-2026","isPartOf":{"@id":"https:\/\/blognoticias.ecca.edu.es\/#website"},"primaryImageOfPage":{"@id":"https:\/\/blognoticias.ecca.edu.es\/abierta-la-matricula-para-el-ciclo-de-tecnico-en-cuidados-auxiliares-de-enfermeria-2025-2026\/#primaryimage"},"image":{"@id":"https:\/\/blognoticias.ecca.edu.es\/abierta-la-matricula-para-el-ciclo-de-tecnico-en-cuidados-auxiliares-de-enfermeria-2025-2026\/#primaryimage"},"thumbnailUrl":"https:\/\/blognoticias.ecca.edu.es\/wp-content\/uploads\/2025\/06\/16481-Meme-1080x1080px-Nuevo-diseno-de-Ciclo-Medio-Enfermeria-V2-DEF.jpg","datePublished":"2025-06-09T15:59:43+00:00","description":"Ya est\u00e1 abierta la matr\u00edcula para el ciclo de grado medio de T\u00e9cnico en Cuidados Auxiliares de Enfermer\u00eda para el curso 2025-2026","breadcrumb":{"@id":"https:\/\/blognoticias.ecca.edu.es\/abierta-la-matricula-para-el-ciclo-de-tecnico-en-cuidados-auxiliares-de-enfermeria-2025-2026\/#breadcrumb"},"inLanguage":"en-GB","potentialAction":[{"@type":"ReadAction","target":["https:\/\/blognoticias.ecca.edu.es\/abierta-la-matricula-para-el-ciclo-de-tecnico-en-cuidados-auxiliares-de-enfermeria-2025-2026\/"]}]},{"@type":"ImageObject","inLanguage":"en-GB","@id":"https:\/\/blognoticias.ecca.edu.es\/abierta-la-matricula-para-el-ciclo-de-tecnico-en-cuidados-auxiliares-de-enfermeria-2025-2026\/#primaryimage","url":"https:\/\/blognoticias.ecca.edu.es\/wp-content\/uploads\/2025\/06\/16481-Meme-1080x1080px-Nuevo-diseno-de-Ciclo-Medio-Enfermeria-V2-DEF.jpg","contentUrl":"https:\/\/blognoticias.ecca.edu.es\/wp-content\/uploads\/2025\/06\/16481-Meme-1080x1080px-Nuevo-diseno-de-Ciclo-Medio-Enfermeria-V2-DEF.jpg","width":1080,"height":1080,"caption":"Abierta la matr\u00edcula para el ciclo de T\u00e9cnico en Cuidados Auxiliares de Enfermer\u00eda 2025-2026"},{"@type":"BreadcrumbList","@id":"https:\/\/blognoticias.ecca.edu.es\/abierta-la-matricula-para-el-ciclo-de-tecnico-en-cuidados-auxiliares-de-enfermeria-2025-2026\/#breadcrumb","itemListElement":[{"@type":"ListItem","position":1,"name":"Portada","item":"https:\/\/blognoticias.ecca.edu.es\/"},{"@type":"ListItem","position":2,"name":"Abierta la matr\u00edcula para el ciclo de T\u00e9cnico en Cuidados Auxiliares de Enfermer\u00eda 2025-2026"}]},{"@type":"WebSite","@id":"https:\/\/blognoticias.ecca.edu.es\/#website","url":"https:\/\/blognoticias.ecca.edu.es\/","name":"Blog Noticias Ecca","description":"","publisher":{"@id":"https:\/\/blognoticias.ecca.edu.es\/#organization"},"potentialAction":[{"@type":"SearchAction","target":{"@type":"EntryPoint","urlTemplate":"https:\/\/blognoticias.ecca.edu.es\/?s={search_term_string}"},"query-input":{"@type":"PropertyValueSpecification","valueRequired":true,"valueName":"search_term_string"}}],"inLanguage":"en-GB"},{"@type":"Organization","@id":"https:\/\/blognoticias.ecca.edu.es\/#organization","name":"Blog Noticias Ecca","url":"https:\/\/blognoticias.ecca.edu.es\/","logo":{"@type":"ImageObject","inLanguage":"en-GB","@id":"https:\/\/blognoticias.ecca.edu.es\/#\/schema\/logo\/image\/","url":"https:\/\/blognoticias.ecca.edu.es\/wp-content\/uploads\/2023\/02\/cropped-cropped-cropped-cropped-Logo-Ecca.edu_.png","contentUrl":"https:\/\/blognoticias.ecca.edu.es\/wp-content\/uploads\/2023\/02\/cropped-cropped-cropped-cropped-Logo-Ecca.edu_.png","width":293,"height":45,"caption":"Blog Noticias Ecca"},"image":{"@id":"https:\/\/blognoticias.ecca.edu.es\/#\/schema\/logo\/image\/"},"sameAs":["https:\/\/www.facebook.com\/ecca.edu.es","https:\/\/x.com\/eccaedu","https:\/\/www.instagram.com\/"]},{"@type":"Person","@id":"https:\/\/blognoticias.ecca.edu.es\/#\/schema\/person\/62a5369feff5134c4bdcafa6d772ea7f","name":"Claudia Demetrio","image":{"@type":"ImageObject","inLanguage":"en-GB","@id":"https:\/\/blognoticias.ecca.edu.es\/#\/schema\/person\/image\/","url":"https:\/\/blognoticias.ecca.edu.es\/wp-content\/uploads\/2023\/02\/LOGO-ECCAEDU-1-150x150.png","contentUrl":"https:\/\/blognoticias.ecca.edu.es\/wp-content\/uploads\/2023\/02\/LOGO-ECCAEDU-1-150x150.png","caption":"Claudia Demetrio"},"url":"https:\/\/blognoticias.ecca.edu.es\/en\/author\/c-demetrio\/"}]}},"_links":{"self":[{"href":"https:\/\/blognoticias.ecca.edu.es\/en\/wp-json\/wp\/v2\/posts\/5578","targetHints":{"allow":["GET"]}}],"collection":[{"href":"https:\/\/blognoticias.ecca.edu.es\/en\/wp-json\/wp\/v2\/posts"}],"about":[{"href":"https:\/\/blognoticias.ecca.edu.es\/en\/wp-json\/wp\/v2\/types\/post"}],"author":[{"embeddable":true,"href":"https:\/\/blognoticias.ecca.edu.es\/en\/wp-json\/wp\/v2\/users\/3"}],"replies":[{"embeddable":true,"href":"https:\/\/blognoticias.ecca.edu.es\/en\/wp-json\/wp\/v2\/comments?post=5578"}],"version-history":[{"count":1,"href":"https:\/\/blognoticias.ecca.edu.es\/en\/wp-json\/wp\/v2\/posts\/5578\/revisions"}],"predecessor-version":[{"id":5580,"href":"https:\/\/blognoticias.ecca.edu.es\/en\/wp-json\/wp\/v2\/posts\/5578\/revisions\/5580"}],"wp:featuredmedia":[{"embeddable":true,"href":"https:\/\/blognoticias.ecca.edu.es\/en\/wp-json\/wp\/v2\/media\/5579"}],"wp:attachment":[{"href":"https:\/\/blognoticias.ecca.edu.es\/en\/wp-json\/wp\/v2\/media?parent=5578"}],"wp:term":[{"taxonomy":"category","embeddable":true,"href":"https:\/\/blognoticias.ecca.edu.es\/en\/wp-json\/wp\/v2\/categories?post=5578"},{"taxonomy":"post_tag","embeddable":true,"href":"https:\/\/blognoticias.ecca.edu.es\/en\/wp-json\/wp\/v2\/tags?post=5578"}],"curies":[{"name":"wp","href":"https:\/\/api.w.org\/{rel}","templated":true}]}}