{"id":5572,"date":"2025-06-09T15:43:27","date_gmt":"2025-06-09T15:43:27","guid":{"rendered":"https:\/\/blognoticias.ecca.edu.es\/?p=5572"},"modified":"2025-06-09T15:43:49","modified_gmt":"2025-06-09T15:43:49","slug":"la-reina-letizia-y-ecca-edu-un-encuentro-historico-en-el-dia-de-las-fuerzas-armadas-2025","status":"publish","type":"post","link":"https:\/\/blognoticias.ecca.edu.es\/en\/la-reina-letizia-y-ecca-edu-un-encuentro-historico-en-el-dia-de-las-fuerzas-armadas-2025\/","title":{"rendered":"La Reina Letizia y ecca.edu: un encuentro hist\u00f3rico en el D\u00eda de las Fuerzas Armadas 2025"},"content":{"rendered":"<div class='booster-block booster-read-block'>\n                <div class=\"twp-read-time\">\n                \t<i class=\"booster-icon twp-clock\"><\/i> <span>Tiempo de lectura:<\/span>1 Minutos, 29 Segundos                <\/div>\n\n            <\/div><p><span style=\"font-weight: 400;\">ecca.edu tuvo el honor de participar en el acto central conmemorativo del <\/span><b>D\u00eda de las Fuerzas Armadas 2025<\/b><span style=\"font-weight: 400;\">, celebrado en Santa Cruz de Tenerife.\u00a0<\/span><span style=\"font-weight: 400;\">Un evento que marc\u00f3 un momento memorable para la instituci\u00f3n, ya que nuestro director general, Jos\u00e9 Mar\u00eda Segura SJ, y nuestra directora gerente, Gorety Almeida, tuvieron la oportunidad de compartir un encuentro especial con la <\/span><b>Reina Letizia<\/b><span style=\"font-weight: 400;\">.<\/span><\/p>\n<p><img loading=\"lazy\" decoding=\"async\" class=\"aligncenter wp-image-5573\" src=\"https:\/\/blognoticias.ecca.edu.es\/wp-content\/uploads\/2025\/06\/WhatsApp-Image-2025-06-07-at-14.04.59-1024x768.jpeg\" alt=\"La Reina Letizia y ecca.edu: un encuentro hist\u00f3rico en el D\u00eda de las Fuerzas Armadas 2025 \" width=\"610\" height=\"457\" srcset=\"https:\/\/blognoticias.ecca.edu.es\/wp-content\/uploads\/2025\/06\/WhatsApp-Image-2025-06-07-at-14.04.59-1024x768.jpeg 1024w, https:\/\/blognoticias.ecca.edu.es\/wp-content\/uploads\/2025\/06\/WhatsApp-Image-2025-06-07-at-14.04.59-300x225.jpeg 300w, https:\/\/blognoticias.ecca.edu.es\/wp-content\/uploads\/2025\/06\/WhatsApp-Image-2025-06-07-at-14.04.59-768x576.jpeg 768w, https:\/\/blognoticias.ecca.edu.es\/wp-content\/uploads\/2025\/06\/WhatsApp-Image-2025-06-07-at-14.04.59-1536x1152.jpeg 1536w, https:\/\/blognoticias.ecca.edu.es\/wp-content\/uploads\/2025\/06\/WhatsApp-Image-2025-06-07-at-14.04.59-16x12.jpeg 16w, https:\/\/blognoticias.ecca.edu.es\/wp-content\/uploads\/2025\/06\/WhatsApp-Image-2025-06-07-at-14.04.59.jpeg 1600w\" sizes=\"auto, (max-width: 610px) 100vw, 610px\" \/><\/p>\n<h2><b>Reina Letizia, alumna de honor de ecca.edu<\/b><\/h2>\n<p><span style=\"font-weight: 400;\">Durante la estancia de los Reyes en Santa Cruz de Tenerife, los representantes de ecca.edu no solo asistieron a la significativa ceremonia, sino que tambi\u00e9n pudieron tomarse una fotograf\u00eda con Su Majestad la Reina Letizia.\u00a0<\/span><\/p>\n<p><span style=\"font-weight: 400;\">Este encuentro fue especialmente significativo, ya que nos enorgullece recordar a la Reina como <\/span><a href=\"https:\/\/blognoticias.ecca.edu.es\/en\/la-reina-letizia-alumna-de-honor-de-ecca-edu-en-su-60-aniversario-un-compromiso-contra-la-violencia-de-genero\/\"><b>alumna de honor de <\/b><b>ecca.edu<\/b><\/a><b> del curso \u201cSensibilizaci\u00f3n para la prevenci\u00f3n de la violencia de g\u00e9nero\u201d<\/b><span style=\"font-weight: 400;\">.\u00a0<\/span><\/p>\n<p><span style=\"font-weight: 400;\">Este reconocimiento simb\u00f3lico, entregado en el marco del 60 aniversario de ecca.edu, destac\u00f3 su importante labor social en la prevenci\u00f3n de la violencia de g\u00e9nero, un \u00e1mbito que la instituci\u00f3n tambi\u00e9n impulsa.\u00a0<\/span><\/p>\n<p><span style=\"font-weight: 400;\">Nuestros directores la encontraron \u00abencantadora\u00bb, resaltando su cercan\u00eda a pesar de la multitud, un gesto que refleja el compromiso de ecca.edu con la formaci\u00f3n y la contribuci\u00f3n social que compartimos con la Reina Letizia.<\/span><\/p>\n<h2><b>Encuentro hist\u00f3rico entre la Casa Real y <\/b><a href=\"http:\/\/ecca.edu\"><b>ecca.edu<\/b><\/a><\/h2>\n<p><span style=\"font-weight: 400;\">Este encuentro con la <a href=\"https:\/\/www.casareal.es\/ES\/Paginas\/Home.aspx\">Casa Real<\/a> no solo es un motivo de orgullo para ecca.edu, sino que tambi\u00e9n refuerza nuestra misi\u00f3n de transformar vidas a trav\u00e9s de la educaci\u00f3n. Para m\u00e1s detalles sobre este acontecimiento, puedes leer la noticia completa en La Provincia: \u00abUna maravilla\u00bb: la Reina Letizia, reconocida por ecca.edu por su labor social.<\/span><\/p>\n<p><span style=\"font-weight: 400;\">En ecca.edu, continuamos comprometidos con la educaci\u00f3n y la promoci\u00f3n de valores que contribuyan al desarrollo personal y social en beneficio de nuestro alumnado.<\/span><\/p>\n<p><img loading=\"lazy\" decoding=\"async\" class=\"aligncenter wp-image-5574\" src=\"https:\/\/blognoticias.ecca.edu.es\/wp-content\/uploads\/2025\/06\/WhatsApp-Image-2025-06-07-at-15.59.57-e1749483437967-1024x803.jpeg\" alt=\"Encuentro hist\u00f3rico entre la Casa Real y ecca.edu \" width=\"612\" height=\"480\" \/><\/p>","protected":false},"excerpt":{"rendered":"<p>ecca.edu tuvo el honor de participar en el acto central conmemorativo del D\u00eda de las Fuerzas Armadas 2025, celebrado en Santa Cruz de Tenerife.\u00a0Un evento que marc\u00f3 un momento memorable para la instituci\u00f3n, ya que nuestro director general, Jos\u00e9 Mar\u00eda Segura SJ, y nuestra directora gerente, Gorety Almeida, tuvieron la oportunidad de compartir un encuentro [&hellip;]<\/p>","protected":false},"author":3,"featured_media":5575,"comment_status":"closed","ping_status":"closed","sticky":false,"template":"","format":"standard","meta":{"footnotes":""},"categories":[1,102,1293,106],"tags":[1321,1312,1383,1298,1384],"class_list":["post-5572","post","type-post","status-publish","format-standard","has-post-thumbnail","hentry","category-blog","category-comunicacion","category-noticias","category-relevante","tag-60anostransformandovidas","tag-tufuturoaturitmo","tag-alumna-de-honor","tag-educacion","tag-reina-letizia"],"yoast_head":"<!-- This site is optimized with the Yoast SEO plugin v25.9 - https:\/\/yoast.com\/wordpress\/plugins\/seo\/ -->\n<title>La Reina Letizia y ecca.edu: un encuentro hist\u00f3rico en el D\u00eda de las Fuerzas Armadas 2025<\/title>\n<meta name=\"description\" content=\"El director general de ecca.edu, Jos\u00e9 Mar\u00eda Segura SJ, y la directora gerente, Gorety Almeida, comparten un encuentro con la Reina Letizia\" \/>\n<meta name=\"robots\" content=\"index, follow, max-snippet:-1, max-image-preview:large, max-video-preview:-1\" \/>\n<link rel=\"canonical\" href=\"https:\/\/blognoticias.ecca.edu.es\/en\/la-reina-letizia-y-ecca-edu-un-encuentro-historico-en-el-dia-de-las-fuerzas-armadas-2025\/\" \/>\n<meta property=\"og:locale\" content=\"en_GB\" \/>\n<meta property=\"og:type\" content=\"article\" \/>\n<meta property=\"og:title\" content=\"La Reina Letizia y ecca.edu: un encuentro hist\u00f3rico en el D\u00eda de las Fuerzas Armadas 2025\" \/>\n<meta property=\"og:description\" content=\"El director general de ecca.edu, Jos\u00e9 Mar\u00eda Segura SJ, y la directora gerente, Gorety Almeida, comparten un encuentro con la Reina Letizia\" \/>\n<meta property=\"og:url\" content=\"https:\/\/blognoticias.ecca.edu.es\/en\/la-reina-letizia-y-ecca-edu-un-encuentro-historico-en-el-dia-de-las-fuerzas-armadas-2025\/\" \/>\n<meta property=\"og:site_name\" content=\"Blog Noticias Ecca\" \/>\n<meta property=\"article:publisher\" content=\"https:\/\/www.facebook.com\/ecca.edu.es\" \/>\n<meta property=\"article:published_time\" content=\"2025-06-09T15:43:27+00:00\" \/>\n<meta property=\"article:modified_time\" content=\"2025-06-09T15:43:49+00:00\" \/>\n<meta property=\"og:image\" content=\"https:\/\/blognoticias.ecca.edu.es\/wp-content\/uploads\/2025\/06\/Post-Instagram-cuadrado-18.jpg\" \/>\n\t<meta property=\"og:image:width\" content=\"1080\" \/>\n\t<meta property=\"og:image:height\" content=\"1080\" \/>\n\t<meta property=\"og:image:type\" content=\"image\/jpeg\" \/>\n<meta name=\"author\" content=\"Claudia Demetrio\" \/>\n<meta name=\"twitter:card\" content=\"summary_large_image\" \/>\n<meta name=\"twitter:creator\" content=\"@eccaedu\" \/>\n<meta name=\"twitter:site\" content=\"@eccaedu\" \/>\n<meta name=\"twitter:label1\" content=\"Written by\" \/>\n\t<meta name=\"twitter:data1\" content=\"Claudia Demetrio\" \/>\n\t<meta name=\"twitter:label2\" content=\"Estimated reading time\" \/>\n\t<meta name=\"twitter:data2\" content=\"2 minutes\" \/>\n<script type=\"application\/ld+json\" class=\"yoast-schema-graph\">{\"@context\":\"https:\/\/schema.org\",\"@graph\":[{\"@type\":\"Article\",\"@id\":\"https:\/\/blognoticias.ecca.edu.es\/la-reina-letizia-y-ecca-edu-un-encuentro-historico-en-el-dia-de-las-fuerzas-armadas-2025\/#article\",\"isPartOf\":{\"@id\":\"https:\/\/blognoticias.ecca.edu.es\/la-reina-letizia-y-ecca-edu-un-encuentro-historico-en-el-dia-de-las-fuerzas-armadas-2025\/\"},\"author\":{\"name\":\"Claudia Demetrio\",\"@id\":\"https:\/\/blognoticias.ecca.edu.es\/#\/schema\/person\/62a5369feff5134c4bdcafa6d772ea7f\"},\"headline\":\"La Reina Letizia y ecca.edu: un encuentro hist\u00f3rico en el D\u00eda de las Fuerzas Armadas 2025\",\"datePublished\":\"2025-06-09T15:43:27+00:00\",\"dateModified\":\"2025-06-09T15:43:49+00:00\",\"mainEntityOfPage\":{\"@id\":\"https:\/\/blognoticias.ecca.edu.es\/la-reina-letizia-y-ecca-edu-un-encuentro-historico-en-el-dia-de-las-fuerzas-armadas-2025\/\"},\"wordCount\":336,\"publisher\":{\"@id\":\"https:\/\/blognoticias.ecca.edu.es\/#organization\"},\"image\":{\"@id\":\"https:\/\/blognoticias.ecca.edu.es\/la-reina-letizia-y-ecca-edu-un-encuentro-historico-en-el-dia-de-las-fuerzas-armadas-2025\/#primaryimage\"},\"thumbnailUrl\":\"https:\/\/blognoticias.ecca.edu.es\/wp-content\/uploads\/2025\/06\/Post-Instagram-cuadrado-18.jpg\",\"keywords\":[\"#60a\u00f1ostransformandovidas\",\"#Tufuturoaturitmo\",\"Alumna de honor\",\"Educaci\u00f3n\",\"Reina Letizia\"],\"articleSection\":[\"Blog\",\"Comunicaci\u00f3n\",\"Noticias\",\"Relevante\"],\"inLanguage\":\"en-GB\"},{\"@type\":\"WebPage\",\"@id\":\"https:\/\/blognoticias.ecca.edu.es\/la-reina-letizia-y-ecca-edu-un-encuentro-historico-en-el-dia-de-las-fuerzas-armadas-2025\/\",\"url\":\"https:\/\/blognoticias.ecca.edu.es\/la-reina-letizia-y-ecca-edu-un-encuentro-historico-en-el-dia-de-las-fuerzas-armadas-2025\/\",\"name\":\"La Reina Letizia y ecca.edu: un encuentro hist\u00f3rico en el D\u00eda de las Fuerzas Armadas 2025\",\"isPartOf\":{\"@id\":\"https:\/\/blognoticias.ecca.edu.es\/#website\"},\"primaryImageOfPage\":{\"@id\":\"https:\/\/blognoticias.ecca.edu.es\/la-reina-letizia-y-ecca-edu-un-encuentro-historico-en-el-dia-de-las-fuerzas-armadas-2025\/#primaryimage\"},\"image\":{\"@id\":\"https:\/\/blognoticias.ecca.edu.es\/la-reina-letizia-y-ecca-edu-un-encuentro-historico-en-el-dia-de-las-fuerzas-armadas-2025\/#primaryimage\"},\"thumbnailUrl\":\"https:\/\/blognoticias.ecca.edu.es\/wp-content\/uploads\/2025\/06\/Post-Instagram-cuadrado-18.jpg\",\"datePublished\":\"2025-06-09T15:43:27+00:00\",\"dateModified\":\"2025-06-09T15:43:49+00:00\",\"description\":\"El director general de ecca.edu, Jos\u00e9 Mar\u00eda Segura SJ, y la directora gerente, Gorety Almeida, comparten un encuentro con la Reina Letizia\",\"breadcrumb\":{\"@id\":\"https:\/\/blognoticias.ecca.edu.es\/la-reina-letizia-y-ecca-edu-un-encuentro-historico-en-el-dia-de-las-fuerzas-armadas-2025\/#breadcrumb\"},\"inLanguage\":\"en-GB\",\"potentialAction\":[{\"@type\":\"ReadAction\",\"target\":[\"https:\/\/blognoticias.ecca.edu.es\/la-reina-letizia-y-ecca-edu-un-encuentro-historico-en-el-dia-de-las-fuerzas-armadas-2025\/\"]}]},{\"@type\":\"ImageObject\",\"inLanguage\":\"en-GB\",\"@id\":\"https:\/\/blognoticias.ecca.edu.es\/la-reina-letizia-y-ecca-edu-un-encuentro-historico-en-el-dia-de-las-fuerzas-armadas-2025\/#primaryimage\",\"url\":\"https:\/\/blognoticias.ecca.edu.es\/wp-content\/uploads\/2025\/06\/Post-Instagram-cuadrado-18.jpg\",\"contentUrl\":\"https:\/\/blognoticias.ecca.edu.es\/wp-content\/uploads\/2025\/06\/Post-Instagram-cuadrado-18.jpg\",\"width\":1080,\"height\":1080,\"caption\":\"La Reina Letizia y ecca.edu:\"},{\"@type\":\"BreadcrumbList\",\"@id\":\"https:\/\/blognoticias.ecca.edu.es\/la-reina-letizia-y-ecca-edu-un-encuentro-historico-en-el-dia-de-las-fuerzas-armadas-2025\/#breadcrumb\",\"itemListElement\":[{\"@type\":\"ListItem\",\"position\":1,\"name\":\"Portada\",\"item\":\"https:\/\/blognoticias.ecca.edu.es\/\"},{\"@type\":\"ListItem\",\"position\":2,\"name\":\"La Reina Letizia y ecca.edu: un encuentro hist\u00f3rico en el D\u00eda de las Fuerzas Armadas 2025\"}]},{\"@type\":\"WebSite\",\"@id\":\"https:\/\/blognoticias.ecca.edu.es\/#website\",\"url\":\"https:\/\/blognoticias.ecca.edu.es\/\",\"name\":\"Blog Noticias Ecca\",\"description\":\"\",\"publisher\":{\"@id\":\"https:\/\/blognoticias.ecca.edu.es\/#organization\"},\"potentialAction\":[{\"@type\":\"SearchAction\",\"target\":{\"@type\":\"EntryPoint\",\"urlTemplate\":\"https:\/\/blognoticias.ecca.edu.es\/?s={search_term_string}\"},\"query-input\":{\"@type\":\"PropertyValueSpecification\",\"valueRequired\":true,\"valueName\":\"search_term_string\"}}],\"inLanguage\":\"en-GB\"},{\"@type\":\"Organization\",\"@id\":\"https:\/\/blognoticias.ecca.edu.es\/#organization\",\"name\":\"Blog Noticias Ecca\",\"url\":\"https:\/\/blognoticias.ecca.edu.es\/\",\"logo\":{\"@type\":\"ImageObject\",\"inLanguage\":\"en-GB\",\"@id\":\"https:\/\/blognoticias.ecca.edu.es\/#\/schema\/logo\/image\/\",\"url\":\"https:\/\/blognoticias.ecca.edu.es\/wp-content\/uploads\/2023\/02\/cropped-cropped-cropped-cropped-Logo-Ecca.edu_.png\",\"contentUrl\":\"https:\/\/blognoticias.ecca.edu.es\/wp-content\/uploads\/2023\/02\/cropped-cropped-cropped-cropped-Logo-Ecca.edu_.png\",\"width\":293,\"height\":45,\"caption\":\"Blog Noticias Ecca\"},\"image\":{\"@id\":\"https:\/\/blognoticias.ecca.edu.es\/#\/schema\/logo\/image\/\"},\"sameAs\":[\"https:\/\/www.facebook.com\/ecca.edu.es\",\"https:\/\/x.com\/eccaedu\",\"https:\/\/www.instagram.com\/\"]},{\"@type\":\"Person\",\"@id\":\"https:\/\/blognoticias.ecca.edu.es\/#\/schema\/person\/62a5369feff5134c4bdcafa6d772ea7f\",\"name\":\"Claudia Demetrio\",\"image\":{\"@type\":\"ImageObject\",\"inLanguage\":\"en-GB\",\"@id\":\"https:\/\/blognoticias.ecca.edu.es\/#\/schema\/person\/image\/\",\"url\":\"https:\/\/blognoticias.ecca.edu.es\/wp-content\/uploads\/2023\/02\/LOGO-ECCAEDU-1-150x150.png\",\"contentUrl\":\"https:\/\/blognoticias.ecca.edu.es\/wp-content\/uploads\/2023\/02\/LOGO-ECCAEDU-1-150x150.png\",\"caption\":\"Claudia Demetrio\"},\"url\":\"https:\/\/blognoticias.ecca.edu.es\/en\/author\/c-demetrio\/\"}]}<\/script>\n<!-- \/ Yoast SEO plugin. -->","yoast_head_json":{"title":"La Reina Letizia y ecca.edu: un encuentro hist\u00f3rico en el D\u00eda de las Fuerzas Armadas 2025","description":"El director general de ecca.edu, Jos\u00e9 Mar\u00eda Segura SJ, y la directora gerente, Gorety Almeida, comparten un encuentro con la Reina Letizia","robots":{"index":"index","follow":"follow","max-snippet":"max-snippet:-1","max-image-preview":"max-image-preview:large","max-video-preview":"max-video-preview:-1"},"canonical":"https:\/\/blognoticias.ecca.edu.es\/en\/la-reina-letizia-y-ecca-edu-un-encuentro-historico-en-el-dia-de-las-fuerzas-armadas-2025\/","og_locale":"en_GB","og_type":"article","og_title":"La Reina Letizia y ecca.edu: un encuentro hist\u00f3rico en el D\u00eda de las Fuerzas Armadas 2025","og_description":"El director general de ecca.edu, Jos\u00e9 Mar\u00eda Segura SJ, y la directora gerente, Gorety Almeida, comparten un encuentro con la Reina Letizia","og_url":"https:\/\/blognoticias.ecca.edu.es\/en\/la-reina-letizia-y-ecca-edu-un-encuentro-historico-en-el-dia-de-las-fuerzas-armadas-2025\/","og_site_name":"Blog Noticias Ecca","article_publisher":"https:\/\/www.facebook.com\/ecca.edu.es","article_published_time":"2025-06-09T15:43:27+00:00","article_modified_time":"2025-06-09T15:43:49+00:00","og_image":[{"width":1080,"height":1080,"url":"https:\/\/blognoticias.ecca.edu.es\/wp-content\/uploads\/2025\/06\/Post-Instagram-cuadrado-18.jpg","type":"image\/jpeg"}],"author":"Claudia Demetrio","twitter_card":"summary_large_image","twitter_creator":"@eccaedu","twitter_site":"@eccaedu","twitter_misc":{"Written by":"Claudia Demetrio","Estimated reading time":"2 minutes"},"schema":{"@context":"https:\/\/schema.org","@graph":[{"@type":"Article","@id":"https:\/\/blognoticias.ecca.edu.es\/la-reina-letizia-y-ecca-edu-un-encuentro-historico-en-el-dia-de-las-fuerzas-armadas-2025\/#article","isPartOf":{"@id":"https:\/\/blognoticias.ecca.edu.es\/la-reina-letizia-y-ecca-edu-un-encuentro-historico-en-el-dia-de-las-fuerzas-armadas-2025\/"},"author":{"name":"Claudia Demetrio","@id":"https:\/\/blognoticias.ecca.edu.es\/#\/schema\/person\/62a5369feff5134c4bdcafa6d772ea7f"},"headline":"La Reina Letizia y ecca.edu: un encuentro hist\u00f3rico en el D\u00eda de las Fuerzas Armadas 2025","datePublished":"2025-06-09T15:43:27+00:00","dateModified":"2025-06-09T15:43:49+00:00","mainEntityOfPage":{"@id":"https:\/\/blognoticias.ecca.edu.es\/la-reina-letizia-y-ecca-edu-un-encuentro-historico-en-el-dia-de-las-fuerzas-armadas-2025\/"},"wordCount":336,"publisher":{"@id":"https:\/\/blognoticias.ecca.edu.es\/#organization"},"image":{"@id":"https:\/\/blognoticias.ecca.edu.es\/la-reina-letizia-y-ecca-edu-un-encuentro-historico-en-el-dia-de-las-fuerzas-armadas-2025\/#primaryimage"},"thumbnailUrl":"https:\/\/blognoticias.ecca.edu.es\/wp-content\/uploads\/2025\/06\/Post-Instagram-cuadrado-18.jpg","keywords":["#60a\u00f1ostransformandovidas","#Tufuturoaturitmo","Alumna de honor","Educaci\u00f3n","Reina Letizia"],"articleSection":["Blog","Comunicaci\u00f3n","Noticias","Relevante"],"inLanguage":"en-GB"},{"@type":"WebPage","@id":"https:\/\/blognoticias.ecca.edu.es\/la-reina-letizia-y-ecca-edu-un-encuentro-historico-en-el-dia-de-las-fuerzas-armadas-2025\/","url":"https:\/\/blognoticias.ecca.edu.es\/la-reina-letizia-y-ecca-edu-un-encuentro-historico-en-el-dia-de-las-fuerzas-armadas-2025\/","name":"La Reina Letizia y ecca.edu: un encuentro hist\u00f3rico en el D\u00eda de las Fuerzas Armadas 2025","isPartOf":{"@id":"https:\/\/blognoticias.ecca.edu.es\/#website"},"primaryImageOfPage":{"@id":"https:\/\/blognoticias.ecca.edu.es\/la-reina-letizia-y-ecca-edu-un-encuentro-historico-en-el-dia-de-las-fuerzas-armadas-2025\/#primaryimage"},"image":{"@id":"https:\/\/blognoticias.ecca.edu.es\/la-reina-letizia-y-ecca-edu-un-encuentro-historico-en-el-dia-de-las-fuerzas-armadas-2025\/#primaryimage"},"thumbnailUrl":"https:\/\/blognoticias.ecca.edu.es\/wp-content\/uploads\/2025\/06\/Post-Instagram-cuadrado-18.jpg","datePublished":"2025-06-09T15:43:27+00:00","dateModified":"2025-06-09T15:43:49+00:00","description":"El director general de ecca.edu, Jos\u00e9 Mar\u00eda Segura SJ, y la directora gerente, Gorety Almeida, comparten un encuentro con la Reina Letizia","breadcrumb":{"@id":"https:\/\/blognoticias.ecca.edu.es\/la-reina-letizia-y-ecca-edu-un-encuentro-historico-en-el-dia-de-las-fuerzas-armadas-2025\/#breadcrumb"},"inLanguage":"en-GB","potentialAction":[{"@type":"ReadAction","target":["https:\/\/blognoticias.ecca.edu.es\/la-reina-letizia-y-ecca-edu-un-encuentro-historico-en-el-dia-de-las-fuerzas-armadas-2025\/"]}]},{"@type":"ImageObject","inLanguage":"en-GB","@id":"https:\/\/blognoticias.ecca.edu.es\/la-reina-letizia-y-ecca-edu-un-encuentro-historico-en-el-dia-de-las-fuerzas-armadas-2025\/#primaryimage","url":"https:\/\/blognoticias.ecca.edu.es\/wp-content\/uploads\/2025\/06\/Post-Instagram-cuadrado-18.jpg","contentUrl":"https:\/\/blognoticias.ecca.edu.es\/wp-content\/uploads\/2025\/06\/Post-Instagram-cuadrado-18.jpg","width":1080,"height":1080,"caption":"La Reina Letizia y ecca.edu:"},{"@type":"BreadcrumbList","@id":"https:\/\/blognoticias.ecca.edu.es\/la-reina-letizia-y-ecca-edu-un-encuentro-historico-en-el-dia-de-las-fuerzas-armadas-2025\/#breadcrumb","itemListElement":[{"@type":"ListItem","position":1,"name":"Portada","item":"https:\/\/blognoticias.ecca.edu.es\/"},{"@type":"ListItem","position":2,"name":"La Reina Letizia y ecca.edu: un encuentro hist\u00f3rico en el D\u00eda de las Fuerzas Armadas 2025"}]},{"@type":"WebSite","@id":"https:\/\/blognoticias.ecca.edu.es\/#website","url":"https:\/\/blognoticias.ecca.edu.es\/","name":"Blog Noticias Ecca","description":"","publisher":{"@id":"https:\/\/blognoticias.ecca.edu.es\/#organization"},"potentialAction":[{"@type":"SearchAction","target":{"@type":"EntryPoint","urlTemplate":"https:\/\/blognoticias.ecca.edu.es\/?s={search_term_string}"},"query-input":{"@type":"PropertyValueSpecification","valueRequired":true,"valueName":"search_term_string"}}],"inLanguage":"en-GB"},{"@type":"Organization","@id":"https:\/\/blognoticias.ecca.edu.es\/#organization","name":"Blog Noticias Ecca","url":"https:\/\/blognoticias.ecca.edu.es\/","logo":{"@type":"ImageObject","inLanguage":"en-GB","@id":"https:\/\/blognoticias.ecca.edu.es\/#\/schema\/logo\/image\/","url":"https:\/\/blognoticias.ecca.edu.es\/wp-content\/uploads\/2023\/02\/cropped-cropped-cropped-cropped-Logo-Ecca.edu_.png","contentUrl":"https:\/\/blognoticias.ecca.edu.es\/wp-content\/uploads\/2023\/02\/cropped-cropped-cropped-cropped-Logo-Ecca.edu_.png","width":293,"height":45,"caption":"Blog Noticias Ecca"},"image":{"@id":"https:\/\/blognoticias.ecca.edu.es\/#\/schema\/logo\/image\/"},"sameAs":["https:\/\/www.facebook.com\/ecca.edu.es","https:\/\/x.com\/eccaedu","https:\/\/www.instagram.com\/"]},{"@type":"Person","@id":"https:\/\/blognoticias.ecca.edu.es\/#\/schema\/person\/62a5369feff5134c4bdcafa6d772ea7f","name":"Claudia Demetrio","image":{"@type":"ImageObject","inLanguage":"en-GB","@id":"https:\/\/blognoticias.ecca.edu.es\/#\/schema\/person\/image\/","url":"https:\/\/blognoticias.ecca.edu.es\/wp-content\/uploads\/2023\/02\/LOGO-ECCAEDU-1-150x150.png","contentUrl":"https:\/\/blognoticias.ecca.edu.es\/wp-content\/uploads\/2023\/02\/LOGO-ECCAEDU-1-150x150.png","caption":"Claudia Demetrio"},"url":"https:\/\/blognoticias.ecca.edu.es\/en\/author\/c-demetrio\/"}]}},"_links":{"self":[{"href":"https:\/\/blognoticias.ecca.edu.es\/en\/wp-json\/wp\/v2\/posts\/5572","targetHints":{"allow":["GET"]}}],"collection":[{"href":"https:\/\/blognoticias.ecca.edu.es\/en\/wp-json\/wp\/v2\/posts"}],"about":[{"href":"https:\/\/blognoticias.ecca.edu.es\/en\/wp-json\/wp\/v2\/types\/post"}],"author":[{"embeddable":true,"href":"https:\/\/blognoticias.ecca.edu.es\/en\/wp-json\/wp\/v2\/users\/3"}],"replies":[{"embeddable":true,"href":"https:\/\/blognoticias.ecca.edu.es\/en\/wp-json\/wp\/v2\/comments?post=5572"}],"version-history":[{"count":2,"href":"https:\/\/blognoticias.ecca.edu.es\/en\/wp-json\/wp\/v2\/posts\/5572\/revisions"}],"predecessor-version":[{"id":5577,"href":"https:\/\/blognoticias.ecca.edu.es\/en\/wp-json\/wp\/v2\/posts\/5572\/revisions\/5577"}],"wp:featuredmedia":[{"embeddable":true,"href":"https:\/\/blognoticias.ecca.edu.es\/en\/wp-json\/wp\/v2\/media\/5575"}],"wp:attachment":[{"href":"https:\/\/blognoticias.ecca.edu.es\/en\/wp-json\/wp\/v2\/media?parent=5572"}],"wp:term":[{"taxonomy":"category","embeddable":true,"href":"https:\/\/blognoticias.ecca.edu.es\/en\/wp-json\/wp\/v2\/categories?post=5572"},{"taxonomy":"post_tag","embeddable":true,"href":"https:\/\/blognoticias.ecca.edu.es\/en\/wp-json\/wp\/v2\/tags?post=5572"}],"curies":[{"name":"wp","href":"https:\/\/api.w.org\/{rel}","templated":true}]}}