{"id":5568,"date":"2025-02-17T15:27:13","date_gmt":"2025-02-17T15:27:13","guid":{"rendered":"https:\/\/blognoticias.ecca.edu.es\/?p=5568"},"modified":"2025-06-09T15:34:37","modified_gmt":"2025-06-09T15:34:37","slug":"la-reina-letizia-alumna-de-honor-de-ecca-edu-en-su-60-aniversario-un-compromiso-contra-la-violencia-de-genero","status":"publish","type":"post","link":"https:\/\/blognoticias.ecca.edu.es\/en\/la-reina-letizia-alumna-de-honor-de-ecca-edu-en-su-60-aniversario-un-compromiso-contra-la-violencia-de-genero\/","title":{"rendered":"La Reina Letizia, Alumna de Honor de ecca.edu en su 60 Aniversario: un compromiso contra la violencia de g\u00e9nero"},"content":{"rendered":"<div class='booster-block booster-read-block'>\n                <div class=\"twp-read-time\">\n                \t<i class=\"booster-icon twp-clock\"><\/i> <span>Tiempo de lectura:<\/span>2 Minutos, 11 Segundos                <\/div>\n\n            <\/div><p>ecca.edu celebra con orgullo un hito significativo en su 60 aniversario: Su Majestad la <b>Reina Letizia<\/b> ha aceptado el nombramiento de<b> Alumna de Honor<\/b> para la edici\u00f3n 2025 del curso <b>\u00abSensibilizaci\u00f3n para la prevenci\u00f3n de la violencia de g\u00e9nero\u00bb<\/b>.<\/p>\n<p><span style=\"font-weight: 400;\">Este reconocimiento subraya el compromiso de ecca.edu con la educaci\u00f3n y el impacto social. Son valores fundamentales de la instituci\u00f3n a lo largo de seis d\u00e9cadas de trayectoria.<\/span><\/p>\n<h2><b>La Reina Letizia se une a ecca.edu como Alumna de Honor<\/b><\/h2>\n<p><span style=\"font-weight: 400;\">El ofrecimiento fue extendido por ecca.edu y amablemente aceptado por Su Majestad la Reina Letizia. La Casa de Su Majestad el Rey, tambi\u00e9n llamada <\/span><b>Casa Real<\/b><span style=\"font-weight: 400;\">, a trav\u00e9s de una carta firmada por Camilo Villarino, Jefe de la Casa, inform\u00f3 a ecca.edu de la complacencia de la Reina de Espa\u00f1a al aceptar esta distinci\u00f3n.\u00a0<\/span><\/p>\n<p><span style=\"font-weight: 400;\">Este nombramiento se enmarca en la celebraci\u00f3n del<\/span><b> 60 aniversario de ecca.edu. <\/b>Es u<span style=\"font-weight: 400;\">n evento que destaca la consolidada labor de la instituci\u00f3n en la educaci\u00f3n a distancia para personas adultas. La credencial de Alumna de Honor ha sido remitida a ecca.edu, formalizando esta distinci\u00f3n.<\/span><\/p>\n<p><img loading=\"lazy\" decoding=\"async\" class=\"aligncenter wp-image-5569\" src=\"https:\/\/blognoticias.ecca.edu.es\/wp-content\/uploads\/2025\/06\/Post-Instagram-cuadrado-17-e1749483091578-1024x732.jpg\" alt=\"La Reina Letizia, Alumna de Honor de ecca.edu en su 60 Aniversario\" width=\"575\" height=\"411\" srcset=\"https:\/\/blognoticias.ecca.edu.es\/wp-content\/uploads\/2025\/06\/Post-Instagram-cuadrado-17-e1749483091578-1024x732.jpg 1024w, https:\/\/blognoticias.ecca.edu.es\/wp-content\/uploads\/2025\/06\/Post-Instagram-cuadrado-17-e1749483091578-300x214.jpg 300w, https:\/\/blognoticias.ecca.edu.es\/wp-content\/uploads\/2025\/06\/Post-Instagram-cuadrado-17-e1749483091578-768x549.jpg 768w, https:\/\/blognoticias.ecca.edu.es\/wp-content\/uploads\/2025\/06\/Post-Instagram-cuadrado-17-e1749483091578-18x12.jpg 18w, https:\/\/blognoticias.ecca.edu.es\/wp-content\/uploads\/2025\/06\/Post-Instagram-cuadrado-17-e1749483091578.jpg 1080w\" sizes=\"auto, (max-width: 575px) 100vw, 575px\" \/><\/p>\n<h2><b>Un hito que destaca el impacto social y educativo de ecca.edu<\/b><\/h2>\n<p><span style=\"font-weight: 400;\">La decisi\u00f3n de la <\/span><b>Reina Letizia <\/b><span style=\"font-weight: 400;\">de convertirse en Alumna de Honor del curso de ecca.edu \u00abSensibilizaci\u00f3n para la prevenci\u00f3n de la violencia de g\u00e9nero\u00bb es un poderoso respaldo a la misi\u00f3n de la instituci\u00f3n.\u00a0<\/span><\/p>\n<p><span style=\"font-weight: 400;\">Este hecho demuestra la importancia de la formaci\u00f3n en la promoci\u00f3n de la igualdad y el respeto. Adem\u00e1s, resalta el papel de la educaci\u00f3n a distancia como herramienta accesible para todas las personas.\u00a0<\/span><\/p>\n<h2><b>Agradecimiento a la Casa Real<\/b><\/h2>\n<p><span style=\"font-weight: 400;\">Desde ecca.edu, agradecemos el gesto de Sus Majestades los Reyes de Espa\u00f1a , quienes, a trav\u00e9s del Jefe de la Casa Real , han transmitido su agradecimiento por el ofrecimiento y la invitaci\u00f3n. Tambi\u00e9n extendieron sus felicitaciones por el aniversario y enviaron un cordial saludo a los asistentes a los actos conmemorativos.<\/span><\/p>\n<p><span style=\"font-weight: 400;\">Cabe destacar que esta no es la primera vez que la Casa Real muestra su apoyo a ecca.edu. En 1991, la anterior Reina de Espa\u00f1a, S.M. Do\u00f1a Sof\u00eda, tambi\u00e9n fue<\/span><a href=\"https:\/\/ecca.edu.es\/wp-content\/uploads\/2024\/11\/1991-Certificado-SM-La-Reina.pdf\"><span style=\"font-weight: 400;\"> nombrada alumna de honor<\/span><\/a><span style=\"font-weight: 400;\"> de nuestra instituci\u00f3n tras la presentaci\u00f3n del curso de \u00abPrevenci\u00f3n de Drogas\u00bb, en colaboraci\u00f3n con la Fundaci\u00f3n de Ayuda contra la Drogadicci\u00f3n (FAD).<\/span><\/p>\n<h3><b>Carta del nombramiento de la Reina Letizia como Alumna de Honor<\/b><\/h3>\n<p><span style=\"font-weight: 400;\">Aqu\u00ed puedes leer la carta completa enviada por la Casa Real aqu\u00ed en la que se reconoce a la Reina como alumna de honor de <\/span><span style=\"font-weight: 400;\">ecca.edu<\/span><span style=\"font-weight: 400;\">: <\/span><a href=\"https:\/\/ecca.edu.es\/wp-content\/uploads\/2025\/06\/Carta-de-la-Casa-Real-Reina-Letizia-alumna-de-honor.pdf\"><span style=\"font-weight: 400;\">https:\/\/ecca.edu.es\/wp-content\/uploads\/2025\/06\/Carta-de-la-Casa-Real-Reina-Letizia-alumna-de-honor.pdf<\/span><\/a><span style=\"font-weight: 400;\">\u00a0<\/span><\/p>","protected":false},"excerpt":{"rendered":"<p>ecca.edu celebra con orgullo un hito significativo en su 60 aniversario: Su Majestad la Reina Letizia ha aceptado el nombramiento de Alumna de Honor para la edici\u00f3n 2025 del curso \u00abSensibilizaci\u00f3n para la prevenci\u00f3n de la violencia de g\u00e9nero\u00bb. Este reconocimiento subraya el compromiso de ecca.edu con la educaci\u00f3n y el impacto social. Son valores [&hellip;]<\/p>","protected":false},"author":3,"featured_media":5570,"comment_status":"closed","ping_status":"closed","sticky":false,"template":"","format":"standard","meta":{"footnotes":""},"categories":[1,102,126,1293,106,107],"tags":[1320,1321,1314,1312,1383,1384],"class_list":["post-5568","post","type-post","status-publish","format-standard","has-post-thumbnail","hentry","category-blog","category-comunicacion","category-igualdad","category-noticias","category-relevante","category-social","tag-60aniversario","tag-60anostransformandovidas","tag-formacionparapersonasadultas","tag-tufuturoaturitmo","tag-alumna-de-honor","tag-reina-letizia"],"yoast_head":"<!-- This site is optimized with the Yoast SEO plugin v25.9 - https:\/\/yoast.com\/wordpress\/plugins\/seo\/ -->\n<title>La Reina Letizia, Alumna de Honor de ecca.edu en su 60 Aniversario: un compromiso contra la violencia de g\u00e9nero<\/title>\n<meta name=\"description\" content=\"La Reina Letizia acepta el nombramiento de Alumna de Honor de ecca.edu, destacando su compromiso con la prevenci\u00f3n de la violencia de g\u00e9nero\" \/>\n<meta name=\"robots\" content=\"index, follow, max-snippet:-1, max-image-preview:large, max-video-preview:-1\" \/>\n<link rel=\"canonical\" href=\"https:\/\/blognoticias.ecca.edu.es\/en\/la-reina-letizia-alumna-de-honor-de-ecca-edu-en-su-60-aniversario-un-compromiso-contra-la-violencia-de-genero\/\" \/>\n<meta property=\"og:locale\" content=\"en_GB\" \/>\n<meta property=\"og:type\" content=\"article\" \/>\n<meta property=\"og:title\" content=\"La Reina Letizia, Alumna de Honor de ecca.edu en su 60 Aniversario: un compromiso contra la violencia de g\u00e9nero\" \/>\n<meta property=\"og:description\" content=\"La Reina Letizia acepta el nombramiento de Alumna de Honor de ecca.edu, destacando su compromiso con la prevenci\u00f3n de la violencia de g\u00e9nero\" \/>\n<meta property=\"og:url\" content=\"https:\/\/blognoticias.ecca.edu.es\/en\/la-reina-letizia-alumna-de-honor-de-ecca-edu-en-su-60-aniversario-un-compromiso-contra-la-violencia-de-genero\/\" \/>\n<meta property=\"og:site_name\" content=\"Blog Noticias Ecca\" \/>\n<meta property=\"article:publisher\" content=\"https:\/\/www.facebook.com\/ecca.edu.es\" \/>\n<meta property=\"article:published_time\" content=\"2025-02-17T15:27:13+00:00\" \/>\n<meta property=\"article:modified_time\" content=\"2025-06-09T15:34:37+00:00\" \/>\n<meta property=\"og:image\" content=\"https:\/\/blognoticias.ecca.edu.es\/wp-content\/uploads\/2025\/06\/Post-Instagram-cuadrado-17-1.jpg\" \/>\n\t<meta property=\"og:image:width\" content=\"1080\" \/>\n\t<meta property=\"og:image:height\" content=\"1080\" \/>\n\t<meta property=\"og:image:type\" content=\"image\/jpeg\" \/>\n<meta name=\"author\" content=\"Claudia Demetrio\" \/>\n<meta name=\"twitter:card\" content=\"summary_large_image\" \/>\n<meta name=\"twitter:creator\" content=\"@eccaedu\" \/>\n<meta name=\"twitter:site\" content=\"@eccaedu\" \/>\n<meta name=\"twitter:label1\" content=\"Written by\" \/>\n\t<meta name=\"twitter:data1\" content=\"Claudia Demetrio\" \/>\n\t<meta name=\"twitter:label2\" content=\"Estimated reading time\" \/>\n\t<meta name=\"twitter:data2\" content=\"3 minutes\" \/>\n<script type=\"application\/ld+json\" class=\"yoast-schema-graph\">{\"@context\":\"https:\/\/schema.org\",\"@graph\":[{\"@type\":\"Article\",\"@id\":\"https:\/\/blognoticias.ecca.edu.es\/la-reina-letizia-alumna-de-honor-de-ecca-edu-en-su-60-aniversario-un-compromiso-contra-la-violencia-de-genero\/#article\",\"isPartOf\":{\"@id\":\"https:\/\/blognoticias.ecca.edu.es\/la-reina-letizia-alumna-de-honor-de-ecca-edu-en-su-60-aniversario-un-compromiso-contra-la-violencia-de-genero\/\"},\"author\":{\"name\":\"Claudia Demetrio\",\"@id\":\"https:\/\/blognoticias.ecca.edu.es\/#\/schema\/person\/62a5369feff5134c4bdcafa6d772ea7f\"},\"headline\":\"La Reina Letizia, Alumna de Honor de ecca.edu en su 60 Aniversario: un compromiso contra la violencia de g\u00e9nero\",\"datePublished\":\"2025-02-17T15:27:13+00:00\",\"dateModified\":\"2025-06-09T15:34:37+00:00\",\"mainEntityOfPage\":{\"@id\":\"https:\/\/blognoticias.ecca.edu.es\/la-reina-letizia-alumna-de-honor-de-ecca-edu-en-su-60-aniversario-un-compromiso-contra-la-violencia-de-genero\/\"},\"wordCount\":481,\"publisher\":{\"@id\":\"https:\/\/blognoticias.ecca.edu.es\/#organization\"},\"image\":{\"@id\":\"https:\/\/blognoticias.ecca.edu.es\/la-reina-letizia-alumna-de-honor-de-ecca-edu-en-su-60-aniversario-un-compromiso-contra-la-violencia-de-genero\/#primaryimage\"},\"thumbnailUrl\":\"https:\/\/blognoticias.ecca.edu.es\/wp-content\/uploads\/2025\/06\/Post-Instagram-cuadrado-17-1.jpg\",\"keywords\":[\"#60aniversario\",\"#60a\u00f1ostransformandovidas\",\"#Formaci\u00f3nparapersonasadultas\",\"#Tufuturoaturitmo\",\"Alumna de honor\",\"Reina Letizia\"],\"articleSection\":[\"Blog\",\"Comunicaci\u00f3n\",\"igualdad\",\"Noticias\",\"Relevante\",\"Social\"],\"inLanguage\":\"en-GB\"},{\"@type\":\"WebPage\",\"@id\":\"https:\/\/blognoticias.ecca.edu.es\/la-reina-letizia-alumna-de-honor-de-ecca-edu-en-su-60-aniversario-un-compromiso-contra-la-violencia-de-genero\/\",\"url\":\"https:\/\/blognoticias.ecca.edu.es\/la-reina-letizia-alumna-de-honor-de-ecca-edu-en-su-60-aniversario-un-compromiso-contra-la-violencia-de-genero\/\",\"name\":\"La Reina Letizia, Alumna de Honor de ecca.edu en su 60 Aniversario: un compromiso contra la violencia de g\u00e9nero\",\"isPartOf\":{\"@id\":\"https:\/\/blognoticias.ecca.edu.es\/#website\"},\"primaryImageOfPage\":{\"@id\":\"https:\/\/blognoticias.ecca.edu.es\/la-reina-letizia-alumna-de-honor-de-ecca-edu-en-su-60-aniversario-un-compromiso-contra-la-violencia-de-genero\/#primaryimage\"},\"image\":{\"@id\":\"https:\/\/blognoticias.ecca.edu.es\/la-reina-letizia-alumna-de-honor-de-ecca-edu-en-su-60-aniversario-un-compromiso-contra-la-violencia-de-genero\/#primaryimage\"},\"thumbnailUrl\":\"https:\/\/blognoticias.ecca.edu.es\/wp-content\/uploads\/2025\/06\/Post-Instagram-cuadrado-17-1.jpg\",\"datePublished\":\"2025-02-17T15:27:13+00:00\",\"dateModified\":\"2025-06-09T15:34:37+00:00\",\"description\":\"La Reina Letizia acepta el nombramiento de Alumna de Honor de ecca.edu, destacando su compromiso con la prevenci\u00f3n de la violencia de g\u00e9nero\",\"breadcrumb\":{\"@id\":\"https:\/\/blognoticias.ecca.edu.es\/la-reina-letizia-alumna-de-honor-de-ecca-edu-en-su-60-aniversario-un-compromiso-contra-la-violencia-de-genero\/#breadcrumb\"},\"inLanguage\":\"en-GB\",\"potentialAction\":[{\"@type\":\"ReadAction\",\"target\":[\"https:\/\/blognoticias.ecca.edu.es\/la-reina-letizia-alumna-de-honor-de-ecca-edu-en-su-60-aniversario-un-compromiso-contra-la-violencia-de-genero\/\"]}]},{\"@type\":\"ImageObject\",\"inLanguage\":\"en-GB\",\"@id\":\"https:\/\/blognoticias.ecca.edu.es\/la-reina-letizia-alumna-de-honor-de-ecca-edu-en-su-60-aniversario-un-compromiso-contra-la-violencia-de-genero\/#primaryimage\",\"url\":\"https:\/\/blognoticias.ecca.edu.es\/wp-content\/uploads\/2025\/06\/Post-Instagram-cuadrado-17-1.jpg\",\"contentUrl\":\"https:\/\/blognoticias.ecca.edu.es\/wp-content\/uploads\/2025\/06\/Post-Instagram-cuadrado-17-1.jpg\",\"width\":1080,\"height\":1080,\"caption\":\"La Reina Letizia se une a ecca.edu como Alumna de Honor\"},{\"@type\":\"BreadcrumbList\",\"@id\":\"https:\/\/blognoticias.ecca.edu.es\/la-reina-letizia-alumna-de-honor-de-ecca-edu-en-su-60-aniversario-un-compromiso-contra-la-violencia-de-genero\/#breadcrumb\",\"itemListElement\":[{\"@type\":\"ListItem\",\"position\":1,\"name\":\"Portada\",\"item\":\"https:\/\/blognoticias.ecca.edu.es\/\"},{\"@type\":\"ListItem\",\"position\":2,\"name\":\"La Reina Letizia, Alumna de Honor de ecca.edu en su 60 Aniversario: un compromiso contra la violencia de g\u00e9nero\"}]},{\"@type\":\"WebSite\",\"@id\":\"https:\/\/blognoticias.ecca.edu.es\/#website\",\"url\":\"https:\/\/blognoticias.ecca.edu.es\/\",\"name\":\"Blog Noticias Ecca\",\"description\":\"\",\"publisher\":{\"@id\":\"https:\/\/blognoticias.ecca.edu.es\/#organization\"},\"potentialAction\":[{\"@type\":\"SearchAction\",\"target\":{\"@type\":\"EntryPoint\",\"urlTemplate\":\"https:\/\/blognoticias.ecca.edu.es\/?s={search_term_string}\"},\"query-input\":{\"@type\":\"PropertyValueSpecification\",\"valueRequired\":true,\"valueName\":\"search_term_string\"}}],\"inLanguage\":\"en-GB\"},{\"@type\":\"Organization\",\"@id\":\"https:\/\/blognoticias.ecca.edu.es\/#organization\",\"name\":\"Blog Noticias Ecca\",\"url\":\"https:\/\/blognoticias.ecca.edu.es\/\",\"logo\":{\"@type\":\"ImageObject\",\"inLanguage\":\"en-GB\",\"@id\":\"https:\/\/blognoticias.ecca.edu.es\/#\/schema\/logo\/image\/\",\"url\":\"https:\/\/blognoticias.ecca.edu.es\/wp-content\/uploads\/2023\/02\/cropped-cropped-cropped-cropped-Logo-Ecca.edu_.png\",\"contentUrl\":\"https:\/\/blognoticias.ecca.edu.es\/wp-content\/uploads\/2023\/02\/cropped-cropped-cropped-cropped-Logo-Ecca.edu_.png\",\"width\":293,\"height\":45,\"caption\":\"Blog Noticias Ecca\"},\"image\":{\"@id\":\"https:\/\/blognoticias.ecca.edu.es\/#\/schema\/logo\/image\/\"},\"sameAs\":[\"https:\/\/www.facebook.com\/ecca.edu.es\",\"https:\/\/x.com\/eccaedu\",\"https:\/\/www.instagram.com\/\"]},{\"@type\":\"Person\",\"@id\":\"https:\/\/blognoticias.ecca.edu.es\/#\/schema\/person\/62a5369feff5134c4bdcafa6d772ea7f\",\"name\":\"Claudia Demetrio\",\"image\":{\"@type\":\"ImageObject\",\"inLanguage\":\"en-GB\",\"@id\":\"https:\/\/blognoticias.ecca.edu.es\/#\/schema\/person\/image\/\",\"url\":\"https:\/\/blognoticias.ecca.edu.es\/wp-content\/uploads\/2023\/02\/LOGO-ECCAEDU-1-150x150.png\",\"contentUrl\":\"https:\/\/blognoticias.ecca.edu.es\/wp-content\/uploads\/2023\/02\/LOGO-ECCAEDU-1-150x150.png\",\"caption\":\"Claudia Demetrio\"},\"url\":\"https:\/\/blognoticias.ecca.edu.es\/en\/author\/c-demetrio\/\"}]}<\/script>\n<!-- \/ Yoast SEO plugin. -->","yoast_head_json":{"title":"La Reina Letizia, Alumna de Honor de ecca.edu en su 60 Aniversario: un compromiso contra la violencia de g\u00e9nero","description":"La Reina Letizia acepta el nombramiento de Alumna de Honor de ecca.edu, destacando su compromiso con la prevenci\u00f3n de la violencia de g\u00e9nero","robots":{"index":"index","follow":"follow","max-snippet":"max-snippet:-1","max-image-preview":"max-image-preview:large","max-video-preview":"max-video-preview:-1"},"canonical":"https:\/\/blognoticias.ecca.edu.es\/en\/la-reina-letizia-alumna-de-honor-de-ecca-edu-en-su-60-aniversario-un-compromiso-contra-la-violencia-de-genero\/","og_locale":"en_GB","og_type":"article","og_title":"La Reina Letizia, Alumna de Honor de ecca.edu en su 60 Aniversario: un compromiso contra la violencia de g\u00e9nero","og_description":"La Reina Letizia acepta el nombramiento de Alumna de Honor de ecca.edu, destacando su compromiso con la prevenci\u00f3n de la violencia de g\u00e9nero","og_url":"https:\/\/blognoticias.ecca.edu.es\/en\/la-reina-letizia-alumna-de-honor-de-ecca-edu-en-su-60-aniversario-un-compromiso-contra-la-violencia-de-genero\/","og_site_name":"Blog Noticias Ecca","article_publisher":"https:\/\/www.facebook.com\/ecca.edu.es","article_published_time":"2025-02-17T15:27:13+00:00","article_modified_time":"2025-06-09T15:34:37+00:00","og_image":[{"width":1080,"height":1080,"url":"https:\/\/blognoticias.ecca.edu.es\/wp-content\/uploads\/2025\/06\/Post-Instagram-cuadrado-17-1.jpg","type":"image\/jpeg"}],"author":"Claudia Demetrio","twitter_card":"summary_large_image","twitter_creator":"@eccaedu","twitter_site":"@eccaedu","twitter_misc":{"Written by":"Claudia Demetrio","Estimated reading time":"3 minutes"},"schema":{"@context":"https:\/\/schema.org","@graph":[{"@type":"Article","@id":"https:\/\/blognoticias.ecca.edu.es\/la-reina-letizia-alumna-de-honor-de-ecca-edu-en-su-60-aniversario-un-compromiso-contra-la-violencia-de-genero\/#article","isPartOf":{"@id":"https:\/\/blognoticias.ecca.edu.es\/la-reina-letizia-alumna-de-honor-de-ecca-edu-en-su-60-aniversario-un-compromiso-contra-la-violencia-de-genero\/"},"author":{"name":"Claudia Demetrio","@id":"https:\/\/blognoticias.ecca.edu.es\/#\/schema\/person\/62a5369feff5134c4bdcafa6d772ea7f"},"headline":"La Reina Letizia, Alumna de Honor de ecca.edu en su 60 Aniversario: un compromiso contra la violencia de g\u00e9nero","datePublished":"2025-02-17T15:27:13+00:00","dateModified":"2025-06-09T15:34:37+00:00","mainEntityOfPage":{"@id":"https:\/\/blognoticias.ecca.edu.es\/la-reina-letizia-alumna-de-honor-de-ecca-edu-en-su-60-aniversario-un-compromiso-contra-la-violencia-de-genero\/"},"wordCount":481,"publisher":{"@id":"https:\/\/blognoticias.ecca.edu.es\/#organization"},"image":{"@id":"https:\/\/blognoticias.ecca.edu.es\/la-reina-letizia-alumna-de-honor-de-ecca-edu-en-su-60-aniversario-un-compromiso-contra-la-violencia-de-genero\/#primaryimage"},"thumbnailUrl":"https:\/\/blognoticias.ecca.edu.es\/wp-content\/uploads\/2025\/06\/Post-Instagram-cuadrado-17-1.jpg","keywords":["#60aniversario","#60a\u00f1ostransformandovidas","#Formaci\u00f3nparapersonasadultas","#Tufuturoaturitmo","Alumna de honor","Reina Letizia"],"articleSection":["Blog","Comunicaci\u00f3n","igualdad","Noticias","Relevante","Social"],"inLanguage":"en-GB"},{"@type":"WebPage","@id":"https:\/\/blognoticias.ecca.edu.es\/la-reina-letizia-alumna-de-honor-de-ecca-edu-en-su-60-aniversario-un-compromiso-contra-la-violencia-de-genero\/","url":"https:\/\/blognoticias.ecca.edu.es\/la-reina-letizia-alumna-de-honor-de-ecca-edu-en-su-60-aniversario-un-compromiso-contra-la-violencia-de-genero\/","name":"La Reina Letizia, Alumna de Honor de ecca.edu en su 60 Aniversario: un compromiso contra la violencia de g\u00e9nero","isPartOf":{"@id":"https:\/\/blognoticias.ecca.edu.es\/#website"},"primaryImageOfPage":{"@id":"https:\/\/blognoticias.ecca.edu.es\/la-reina-letizia-alumna-de-honor-de-ecca-edu-en-su-60-aniversario-un-compromiso-contra-la-violencia-de-genero\/#primaryimage"},"image":{"@id":"https:\/\/blognoticias.ecca.edu.es\/la-reina-letizia-alumna-de-honor-de-ecca-edu-en-su-60-aniversario-un-compromiso-contra-la-violencia-de-genero\/#primaryimage"},"thumbnailUrl":"https:\/\/blognoticias.ecca.edu.es\/wp-content\/uploads\/2025\/06\/Post-Instagram-cuadrado-17-1.jpg","datePublished":"2025-02-17T15:27:13+00:00","dateModified":"2025-06-09T15:34:37+00:00","description":"La Reina Letizia acepta el nombramiento de Alumna de Honor de ecca.edu, destacando su compromiso con la prevenci\u00f3n de la violencia de g\u00e9nero","breadcrumb":{"@id":"https:\/\/blognoticias.ecca.edu.es\/la-reina-letizia-alumna-de-honor-de-ecca-edu-en-su-60-aniversario-un-compromiso-contra-la-violencia-de-genero\/#breadcrumb"},"inLanguage":"en-GB","potentialAction":[{"@type":"ReadAction","target":["https:\/\/blognoticias.ecca.edu.es\/la-reina-letizia-alumna-de-honor-de-ecca-edu-en-su-60-aniversario-un-compromiso-contra-la-violencia-de-genero\/"]}]},{"@type":"ImageObject","inLanguage":"en-GB","@id":"https:\/\/blognoticias.ecca.edu.es\/la-reina-letizia-alumna-de-honor-de-ecca-edu-en-su-60-aniversario-un-compromiso-contra-la-violencia-de-genero\/#primaryimage","url":"https:\/\/blognoticias.ecca.edu.es\/wp-content\/uploads\/2025\/06\/Post-Instagram-cuadrado-17-1.jpg","contentUrl":"https:\/\/blognoticias.ecca.edu.es\/wp-content\/uploads\/2025\/06\/Post-Instagram-cuadrado-17-1.jpg","width":1080,"height":1080,"caption":"La Reina Letizia se une a ecca.edu como Alumna de Honor"},{"@type":"BreadcrumbList","@id":"https:\/\/blognoticias.ecca.edu.es\/la-reina-letizia-alumna-de-honor-de-ecca-edu-en-su-60-aniversario-un-compromiso-contra-la-violencia-de-genero\/#breadcrumb","itemListElement":[{"@type":"ListItem","position":1,"name":"Portada","item":"https:\/\/blognoticias.ecca.edu.es\/"},{"@type":"ListItem","position":2,"name":"La Reina Letizia, Alumna de Honor de ecca.edu en su 60 Aniversario: un compromiso contra la violencia de g\u00e9nero"}]},{"@type":"WebSite","@id":"https:\/\/blognoticias.ecca.edu.es\/#website","url":"https:\/\/blognoticias.ecca.edu.es\/","name":"Blog Noticias Ecca","description":"","publisher":{"@id":"https:\/\/blognoticias.ecca.edu.es\/#organization"},"potentialAction":[{"@type":"SearchAction","target":{"@type":"EntryPoint","urlTemplate":"https:\/\/blognoticias.ecca.edu.es\/?s={search_term_string}"},"query-input":{"@type":"PropertyValueSpecification","valueRequired":true,"valueName":"search_term_string"}}],"inLanguage":"en-GB"},{"@type":"Organization","@id":"https:\/\/blognoticias.ecca.edu.es\/#organization","name":"Blog Noticias Ecca","url":"https:\/\/blognoticias.ecca.edu.es\/","logo":{"@type":"ImageObject","inLanguage":"en-GB","@id":"https:\/\/blognoticias.ecca.edu.es\/#\/schema\/logo\/image\/","url":"https:\/\/blognoticias.ecca.edu.es\/wp-content\/uploads\/2023\/02\/cropped-cropped-cropped-cropped-Logo-Ecca.edu_.png","contentUrl":"https:\/\/blognoticias.ecca.edu.es\/wp-content\/uploads\/2023\/02\/cropped-cropped-cropped-cropped-Logo-Ecca.edu_.png","width":293,"height":45,"caption":"Blog Noticias Ecca"},"image":{"@id":"https:\/\/blognoticias.ecca.edu.es\/#\/schema\/logo\/image\/"},"sameAs":["https:\/\/www.facebook.com\/ecca.edu.es","https:\/\/x.com\/eccaedu","https:\/\/www.instagram.com\/"]},{"@type":"Person","@id":"https:\/\/blognoticias.ecca.edu.es\/#\/schema\/person\/62a5369feff5134c4bdcafa6d772ea7f","name":"Claudia Demetrio","image":{"@type":"ImageObject","inLanguage":"en-GB","@id":"https:\/\/blognoticias.ecca.edu.es\/#\/schema\/person\/image\/","url":"https:\/\/blognoticias.ecca.edu.es\/wp-content\/uploads\/2023\/02\/LOGO-ECCAEDU-1-150x150.png","contentUrl":"https:\/\/blognoticias.ecca.edu.es\/wp-content\/uploads\/2023\/02\/LOGO-ECCAEDU-1-150x150.png","caption":"Claudia Demetrio"},"url":"https:\/\/blognoticias.ecca.edu.es\/en\/author\/c-demetrio\/"}]}},"_links":{"self":[{"href":"https:\/\/blognoticias.ecca.edu.es\/en\/wp-json\/wp\/v2\/posts\/5568","targetHints":{"allow":["GET"]}}],"collection":[{"href":"https:\/\/blognoticias.ecca.edu.es\/en\/wp-json\/wp\/v2\/posts"}],"about":[{"href":"https:\/\/blognoticias.ecca.edu.es\/en\/wp-json\/wp\/v2\/types\/post"}],"author":[{"embeddable":true,"href":"https:\/\/blognoticias.ecca.edu.es\/en\/wp-json\/wp\/v2\/users\/3"}],"replies":[{"embeddable":true,"href":"https:\/\/blognoticias.ecca.edu.es\/en\/wp-json\/wp\/v2\/comments?post=5568"}],"version-history":[{"count":1,"href":"https:\/\/blognoticias.ecca.edu.es\/en\/wp-json\/wp\/v2\/posts\/5568\/revisions"}],"predecessor-version":[{"id":5571,"href":"https:\/\/blognoticias.ecca.edu.es\/en\/wp-json\/wp\/v2\/posts\/5568\/revisions\/5571"}],"wp:featuredmedia":[{"embeddable":true,"href":"https:\/\/blognoticias.ecca.edu.es\/en\/wp-json\/wp\/v2\/media\/5570"}],"wp:attachment":[{"href":"https:\/\/blognoticias.ecca.edu.es\/en\/wp-json\/wp\/v2\/media?parent=5568"}],"wp:term":[{"taxonomy":"category","embeddable":true,"href":"https:\/\/blognoticias.ecca.edu.es\/en\/wp-json\/wp\/v2\/categories?post=5568"},{"taxonomy":"post_tag","embeddable":true,"href":"https:\/\/blognoticias.ecca.edu.es\/en\/wp-json\/wp\/v2\/tags?post=5568"}],"curies":[{"name":"wp","href":"https:\/\/api.w.org\/{rel}","templated":true}]}}