{"id":4910,"date":"2025-02-05T16:06:21","date_gmt":"2025-02-05T16:06:21","guid":{"rendered":"https:\/\/blognoticias.ecca.edu.es\/?p=4910"},"modified":"2025-02-06T13:50:44","modified_gmt":"2025-02-06T13:50:44","slug":"la-exposicion-itinerante-itinerante-de-ecca-edu-60-anos-transformando-vidas-a-traves-de-la-educacion-llega-a-la-laguna","status":"publish","type":"post","link":"https:\/\/blognoticias.ecca.edu.es\/en\/la-exposicion-itinerante-itinerante-de-ecca-edu-60-anos-transformando-vidas-a-traves-de-la-educacion-llega-a-la-laguna\/","title":{"rendered":"La exposici\u00f3n itinerante itinerante de ecca.edu: 60 a\u00f1os transformando vidas a trav\u00e9s de la educaci\u00f3n llega a La Laguna"},"content":{"rendered":"<div class='booster-block booster-read-block'>\n                <div class=\"twp-read-time\">\n                \t<i class=\"booster-icon twp-clock\"><\/i> <span>Tiempo de lectura:<\/span>2 Minutos, 18 Segundos                <\/div>\n\n            <\/div><p><b>ecca.edu<\/b><span style=\"font-weight: 400;\"> y el <a href=\"https:\/\/www.aytolalaguna.es\/\">Ayuntamiento de La Laguna<\/a> y ecca.edu han presentado este mi\u00e9rcoles, 5 de febrero, la <a href=\"https:\/\/blognoticias.ecca.edu.es\/en\/exposicion-ecca-edu-60-anos-transformando-vidas-a-traves-de-la-educacion\/\">exposici\u00f3n hist\u00f3rica<\/a> itinerante <strong>\u201860 a\u00f1os transformando vidas<\/strong> a trav\u00e9s de la educaci\u00f3n\u2019 en las instalaciones del antiguo convento de Santo Domingo, en el municipio de La Laguna.\u00a0<\/span><\/p>\n<p><span style=\"font-weight: 400;\">Esta muestra, que celebra seis d\u00e9cadas de compromiso con la educaci\u00f3n a distancia para personas adultas. Adem\u00e1s, estar\u00e1 abierta al p\u00fablico hasta el pr\u00f3ximo<strong> 22 de febrero<\/strong>.<\/span><\/p>\n<figure id=\"attachment_4913\" aria-describedby=\"caption-attachment-4913\" style=\"width: 709px\" class=\"wp-caption aligncenter\"><img loading=\"lazy\" decoding=\"async\" class=\"wp-image-4913\" src=\"https:\/\/blognoticias.ecca.edu.es\/wp-content\/uploads\/2025\/02\/La-exposicion-itinerante-itinerante-de-ecca.edu-60-anos-transformando-vidas-a-traves-de-la-educacion-llega-a-La-Laguna-2-1024x731.jpeg\" alt=\"Inauguraci\u00f3n en la exposici\u00f3n itinerante\" width=\"709\" height=\"506\" srcset=\"https:\/\/blognoticias.ecca.edu.es\/wp-content\/uploads\/2025\/02\/La-exposicion-itinerante-itinerante-de-ecca.edu-60-anos-transformando-vidas-a-traves-de-la-educacion-llega-a-La-Laguna-2-1024x731.jpeg 1024w, https:\/\/blognoticias.ecca.edu.es\/wp-content\/uploads\/2025\/02\/La-exposicion-itinerante-itinerante-de-ecca.edu-60-anos-transformando-vidas-a-traves-de-la-educacion-llega-a-La-Laguna-2-300x214.jpeg 300w, https:\/\/blognoticias.ecca.edu.es\/wp-content\/uploads\/2025\/02\/La-exposicion-itinerante-itinerante-de-ecca.edu-60-anos-transformando-vidas-a-traves-de-la-educacion-llega-a-La-Laguna-2-768x549.jpeg 768w, https:\/\/blognoticias.ecca.edu.es\/wp-content\/uploads\/2025\/02\/La-exposicion-itinerante-itinerante-de-ecca.edu-60-anos-transformando-vidas-a-traves-de-la-educacion-llega-a-La-Laguna-2-1536x1097.jpeg 1536w, https:\/\/blognoticias.ecca.edu.es\/wp-content\/uploads\/2025\/02\/La-exposicion-itinerante-itinerante-de-ecca.edu-60-anos-transformando-vidas-a-traves-de-la-educacion-llega-a-La-Laguna-2-2048x1463.jpeg 2048w, https:\/\/blognoticias.ecca.edu.es\/wp-content\/uploads\/2025\/02\/La-exposicion-itinerante-itinerante-de-ecca.edu-60-anos-transformando-vidas-a-traves-de-la-educacion-llega-a-La-Laguna-2-18x12.jpeg 18w\" sizes=\"auto, (max-width: 709px) 100vw, 709px\" \/><figcaption id=\"caption-attachment-4913\" class=\"wp-caption-text\">Inauguraci\u00f3n en la exposici\u00f3n itinerante.<\/figcaption><\/figure>\n<h2>Inauguraci\u00f3n de la exposici\u00f3n de ecca.edu en La Laguna<\/h2>\n<p><span style=\"font-weight: 400;\">En el acto estuvieron presentes la responsable de delegaciones Canarias de ecca.edu, Vanessa Santana; el concejal de Cultura del Ayuntamiento de La Laguna, Adri\u00e1n del Castillo; la edil de Bienestar Social y Calidad de Vida, Mar\u00eda Cruz; y el responsable del \u00e1rea de Promoci\u00f3n y Desarrollo Local, Domingo Galv\u00e1n.<\/span><\/p>\n<p><span style=\"font-weight: 400;\">Asimismo, tambi\u00e9n acudieron el presidente de la Federaci\u00f3n de Asociaciones Vecinales Aguere, Juan Luis Mar\u00edn; el director de la Fundaci\u00f3n Don Bosco; as\u00ed como Pilar Gonz\u00e1lez, de la Asociaci\u00f3n Rom\u00ed Camela Nakerar y un nutrido grupo de estudiantes de la instituci\u00f3n.\u00a0<\/span><\/p>\n<p><span style=\"font-weight: 400;\">Vanessa Santana expres\u00f3 su <strong>gratitud al Ayuntamiento de La Laguna<\/strong> por su acogida a esta exposici\u00f3n y resalt\u00f3 la importancia del trabajo coordinado en el municipio. \u201cEjemplos de cooperaci\u00f3n como este acto demuestran que ambas instituciones compartimos el objetivo de promover una educaci\u00f3n inclusiva, equitativa y de calidad para todas las personas\u201d, agreg\u00f3.<\/span><\/p>\n<h2><b>Una experiencia interactiva y transformadora<\/b><\/h2>\n<p><span style=\"font-weight: 400;\">La exposici\u00f3n, compuesta por<strong> 21 paneles interactivos y recursos multimedia<\/strong>, recorre los hitos m\u00e1s importantes de la historia de ecca.edu desde 1964. Adem\u00e1s, ofrece herramientas digitales que permiten a los visitantes profundizar en la trayectoria de la instituci\u00f3n y su impacto en la educaci\u00f3n para personas adultas. Toda la informaci\u00f3n est\u00e1 ampliada en la web <\/span><a href=\"https:\/\/ecca.edu.es\/nuestra-historia\/\"><span style=\"font-weight: 400;\">https:\/\/ecca.edu.es\/nuestra-historia\/<\/span><\/a><span style=\"font-weight: 400;\">\u00a0<\/span><\/p>\n<blockquote class=\"instagram-media\" style=\"background: #FFF; border: 0; border-radius: 3px; box-shadow: 0 0 1px 0 rgba(0,0,0,0.5),0 1px 10px 0 rgba(0,0,0,0.15); margin: 1px; max-width: 540px; min-width: 326px; padding: 0; width: calc(100% - 2px);\" data-instgrm-permalink=\"https:\/\/www.instagram.com\/reel\/DFuc1WqITfH\/?utm_source=ig_embed&amp;utm_campaign=loading\" data-instgrm-version=\"14\">\n<div style=\"padding: 16px;\">\n<p>&nbsp;<\/p>\n<div style=\"display: flex; flex-direction: row; align-items: center;\">\n<div style=\"background-color: #f4f4f4; border-radius: 50%; flex-grow: 0; height: 40px; margin-right: 14px; width: 40px;\"><\/div>\n<div style=\"display: flex; flex-direction: column; flex-grow: 1; justify-content: center;\">\n<div style=\"background-color: #f4f4f4; border-radius: 4px; flex-grow: 0; height: 14px; margin-bottom: 6px; width: 100px;\"><\/div>\n<div style=\"background-color: #f4f4f4; border-radius: 4px; flex-grow: 0; height: 14px; width: 60px;\"><\/div>\n<\/div>\n<\/div>\n<div style=\"padding: 19% 0;\"><\/div>\n<div style=\"display: block; height: 50px; margin: 0 auto 12px; width: 50px;\"><\/div>\n<div style=\"padding-top: 8px;\">\n<div style=\"color: #3897f0; font-family: Arial,sans-serif; font-size: 14px; font-style: normal; font-weight: 550; line-height: 18px;\">Ver esta publicaci\u00f3n en Instagram<\/div>\n<\/div>\n<div style=\"padding: 12.5% 0;\"><\/div>\n<div style=\"display: flex; flex-direction: row; margin-bottom: 14px; align-items: center;\">\n<div>\n<div style=\"background-color: #f4f4f4; border-radius: 50%; height: 12.5px; width: 12.5px; transform: translateX(0px) translateY(7px);\"><\/div>\n<div style=\"background-color: #f4f4f4; height: 12.5px; transform: rotate(-45deg) translateX(3px) translateY(1px); width: 12.5px; flex-grow: 0; margin-right: 14px; margin-left: 2px;\"><\/div>\n<div style=\"background-color: #f4f4f4; border-radius: 50%; height: 12.5px; width: 12.5px; transform: translateX(9px) translateY(-18px);\"><\/div>\n<\/div>\n<div style=\"margin-left: 8px;\">\n<div style=\"background-color: #f4f4f4; border-radius: 50%; flex-grow: 0; height: 20px; width: 20px;\"><\/div>\n<div style=\"width: 0; height: 0; border-top: 2px solid transparent; border-left: 6px solid #f4f4f4; border-bottom: 2px solid transparent; transform: translateX(16px) translateY(-4px) rotate(30deg);\"><\/div>\n<\/div>\n<div style=\"margin-left: auto;\">\n<div style=\"width: 0px; border-top: 8px solid #F4F4F4; border-right: 8px solid transparent; transform: translateY(16px);\"><\/div>\n<div style=\"background-color: #f4f4f4; flex-grow: 0; height: 12px; width: 16px; transform: translateY(-4px);\"><\/div>\n<div style=\"width: 0; height: 0; border-top: 8px solid #F4F4F4; border-left: 8px solid transparent; transform: translateY(-4px) translateX(8px);\"><\/div>\n<\/div>\n<\/div>\n<div style=\"display: flex; flex-direction: column; flex-grow: 1; justify-content: center; margin-bottom: 24px;\">\n<div style=\"background-color: #f4f4f4; border-radius: 4px; flex-grow: 0; height: 14px; margin-bottom: 6px; width: 224px;\"><\/div>\n<div style=\"background-color: #f4f4f4; border-radius: 4px; flex-grow: 0; height: 14px; width: 144px;\"><\/div>\n<\/div>\n<p>&nbsp;<\/p>\n<p style=\"color: #c9c8cd; font-family: Arial,sans-serif; font-size: 14px; line-height: 17px; margin-bottom: 0; margin-top: 8px; overflow: hidden; padding: 8px 0 7px; text-align: center; text-overflow: ellipsis; white-space: nowrap;\"><a style=\"color: #c9c8cd; font-family: Arial,sans-serif; font-size: 14px; font-style: normal; font-weight: normal; line-height: 17px; text-decoration: none;\" href=\"https:\/\/www.instagram.com\/reel\/DFuc1WqITfH\/?utm_source=ig_embed&amp;utm_campaign=loading\" target=\"_blank\" rel=\"noopener\">Una publicaci\u00f3n compartida por ecca.edu (@eccaedu)<\/a><\/p>\n<\/div>\n<\/blockquote>\n<p><script async src=\"\/\/www.instagram.com\/embed.js\"><\/script><\/p>\n<h2><b>Pr\u00f3ximas paradas de la exposici\u00f3n<\/b><\/h2>\n<p><span style=\"font-weight: 400;\">La muestra continuar\u00e1 su ruta itinerante durante 2025, visitando diversos municipios, cabildos y entidades de Canarias. Entre ellos, San Mateo, Granadilla de Abona, Telde, Valsequillo, Parlamento de Canarias,\u00a0 Icod de los Vinos y Ag\u00fcimes.\u00a0<\/span><\/p>\n<h2><b>Invitaci\u00f3n abierta al p\u00fablico<\/b><\/h2>\n<p><span style=\"font-weight: 400;\">ecca.edu invita a toda la comunidad educativa y al p\u00fablico en general a visitar esta muestra y conocer su papel transformador en la historia educativa de Canarias.<\/span><\/p>\n<h2><b>Informaci\u00f3n pr\u00e1ctica de la exposici\u00f3n de ecca.edu en La Laguna<\/b><\/h2>\n<ul>\n<li style=\"font-weight: 400;\" aria-level=\"1\"><b>Ubicaci\u00f3n<\/b><span style=\"font-weight: 400;\">: Antiguo convento de Santo Domingo, calle Santo Domingo, 7<\/span><\/li>\n<li style=\"font-weight: 400;\" aria-level=\"1\"><b>Fechas<\/b><span style=\"font-weight: 400;\">: Del 4 al 22 de febrero de 2025.<\/span><\/li>\n<li style=\"font-weight: 400;\" aria-level=\"1\"><b>Horarios<\/b><span style=\"font-weight: 400;\">: De lunes a viernes de 11:00 a 14:00 h y de 17:00 a 20:00 h, y s\u00e1bados de 11:00 a 14:00 h.\u00a0<\/span><\/li>\n<\/ul>\n<div id='gallery-1' class='gallery galleryid-4910 gallery-columns-4 gallery-size-medium'><figure class='gallery-item'>\n\t\t\t<div class='gallery-icon landscape'>\n\t\t\t\t<a href='https:\/\/blognoticias.ecca.edu.es\/en\/la-exposicion-itinerante-itinerante-de-ecca-edu-60-anos-transformando-vidas-a-traves-de-la-educacion-llega-a-la-laguna\/la-exposicion-itinerante-itinerante-de-ecca-edu-60-anos-transformando-vidas-a-traves-de-la-educacion-llega-a-la-laguna-4\/'><img loading=\"lazy\" decoding=\"async\" width=\"300\" height=\"214\" src=\"https:\/\/blognoticias.ecca.edu.es\/wp-content\/uploads\/2025\/02\/La-exposicion-itinerante-itinerante-de-ecca.edu-60-anos-transformando-vidas-a-traves-de-la-educacion-llega-a-La-Laguna-4-300x214.jpeg\" class=\"attachment-medium size-medium\" alt=\"\" srcset=\"https:\/\/blognoticias.ecca.edu.es\/wp-content\/uploads\/2025\/02\/La-exposicion-itinerante-itinerante-de-ecca.edu-60-anos-transformando-vidas-a-traves-de-la-educacion-llega-a-La-Laguna-4-300x214.jpeg 300w, https:\/\/blognoticias.ecca.edu.es\/wp-content\/uploads\/2025\/02\/La-exposicion-itinerante-itinerante-de-ecca.edu-60-anos-transformando-vidas-a-traves-de-la-educacion-llega-a-La-Laguna-4-1024x732.jpeg 1024w, https:\/\/blognoticias.ecca.edu.es\/wp-content\/uploads\/2025\/02\/La-exposicion-itinerante-itinerante-de-ecca.edu-60-anos-transformando-vidas-a-traves-de-la-educacion-llega-a-La-Laguna-4-768x549.jpeg 768w, https:\/\/blognoticias.ecca.edu.es\/wp-content\/uploads\/2025\/02\/La-exposicion-itinerante-itinerante-de-ecca.edu-60-anos-transformando-vidas-a-traves-de-la-educacion-llega-a-La-Laguna-4-1536x1097.jpeg 1536w, https:\/\/blognoticias.ecca.edu.es\/wp-content\/uploads\/2025\/02\/La-exposicion-itinerante-itinerante-de-ecca.edu-60-anos-transformando-vidas-a-traves-de-la-educacion-llega-a-La-Laguna-4-2048x1463.jpeg 2048w, https:\/\/blognoticias.ecca.edu.es\/wp-content\/uploads\/2025\/02\/La-exposicion-itinerante-itinerante-de-ecca.edu-60-anos-transformando-vidas-a-traves-de-la-educacion-llega-a-La-Laguna-4-18x12.jpeg 18w\" sizes=\"auto, (max-width: 300px) 100vw, 300px\" \/><\/a>\n\t\t\t<\/div><\/figure><figure class='gallery-item'>\n\t\t\t<div class='gallery-icon landscape'>\n\t\t\t\t<a href='https:\/\/blognoticias.ecca.edu.es\/en\/la-exposicion-itinerante-itinerante-de-ecca-edu-60-anos-transformando-vidas-a-traves-de-la-educacion-llega-a-la-laguna\/la-exposicion-itinerante-itinerante-de-ecca-edu-60-anos-transformando-vidas-a-traves-de-la-educacion-llega-a-la-laguna-3\/'><img loading=\"lazy\" decoding=\"async\" width=\"300\" height=\"214\" src=\"https:\/\/blognoticias.ecca.edu.es\/wp-content\/uploads\/2025\/02\/La-exposicion-itinerante-itinerante-de-ecca.edu-60-anos-transformando-vidas-a-traves-de-la-educacion-llega-a-La-Laguna-3-300x214.jpeg\" class=\"attachment-medium size-medium\" alt=\"\" srcset=\"https:\/\/blognoticias.ecca.edu.es\/wp-content\/uploads\/2025\/02\/La-exposicion-itinerante-itinerante-de-ecca.edu-60-anos-transformando-vidas-a-traves-de-la-educacion-llega-a-La-Laguna-3-300x214.jpeg 300w, https:\/\/blognoticias.ecca.edu.es\/wp-content\/uploads\/2025\/02\/La-exposicion-itinerante-itinerante-de-ecca.edu-60-anos-transformando-vidas-a-traves-de-la-educacion-llega-a-La-Laguna-3-1024x731.jpeg 1024w, https:\/\/blognoticias.ecca.edu.es\/wp-content\/uploads\/2025\/02\/La-exposicion-itinerante-itinerante-de-ecca.edu-60-anos-transformando-vidas-a-traves-de-la-educacion-llega-a-La-Laguna-3-768x549.jpeg 768w, https:\/\/blognoticias.ecca.edu.es\/wp-content\/uploads\/2025\/02\/La-exposicion-itinerante-itinerante-de-ecca.edu-60-anos-transformando-vidas-a-traves-de-la-educacion-llega-a-La-Laguna-3-1536x1097.jpeg 1536w, https:\/\/blognoticias.ecca.edu.es\/wp-content\/uploads\/2025\/02\/La-exposicion-itinerante-itinerante-de-ecca.edu-60-anos-transformando-vidas-a-traves-de-la-educacion-llega-a-La-Laguna-3-18x12.jpeg 18w, https:\/\/blognoticias.ecca.edu.es\/wp-content\/uploads\/2025\/02\/La-exposicion-itinerante-itinerante-de-ecca.edu-60-anos-transformando-vidas-a-traves-de-la-educacion-llega-a-La-Laguna-3.jpeg 1554w\" sizes=\"auto, (max-width: 300px) 100vw, 300px\" \/><\/a>\n\t\t\t<\/div><\/figure><figure class='gallery-item'>\n\t\t\t<div class='gallery-icon landscape'>\n\t\t\t\t<a href='https:\/\/blognoticias.ecca.edu.es\/en\/la-exposicion-itinerante-itinerante-de-ecca-edu-60-anos-transformando-vidas-a-traves-de-la-educacion-llega-a-la-laguna\/la-exposicion-itinerante-itinerante-de-ecca-edu-60-anos-transformando-vidas-a-traves-de-la-educacion-llega-a-la-laguna-2\/'><img loading=\"lazy\" decoding=\"async\" width=\"300\" height=\"214\" src=\"https:\/\/blognoticias.ecca.edu.es\/wp-content\/uploads\/2025\/02\/La-exposicion-itinerante-itinerante-de-ecca.edu-60-anos-transformando-vidas-a-traves-de-la-educacion-llega-a-La-Laguna-2-300x214.jpeg\" class=\"attachment-medium size-medium\" alt=\"\" srcset=\"https:\/\/blognoticias.ecca.edu.es\/wp-content\/uploads\/2025\/02\/La-exposicion-itinerante-itinerante-de-ecca.edu-60-anos-transformando-vidas-a-traves-de-la-educacion-llega-a-La-Laguna-2-300x214.jpeg 300w, https:\/\/blognoticias.ecca.edu.es\/wp-content\/uploads\/2025\/02\/La-exposicion-itinerante-itinerante-de-ecca.edu-60-anos-transformando-vidas-a-traves-de-la-educacion-llega-a-La-Laguna-2-1024x731.jpeg 1024w, https:\/\/blognoticias.ecca.edu.es\/wp-content\/uploads\/2025\/02\/La-exposicion-itinerante-itinerante-de-ecca.edu-60-anos-transformando-vidas-a-traves-de-la-educacion-llega-a-La-Laguna-2-768x549.jpeg 768w, https:\/\/blognoticias.ecca.edu.es\/wp-content\/uploads\/2025\/02\/La-exposicion-itinerante-itinerante-de-ecca.edu-60-anos-transformando-vidas-a-traves-de-la-educacion-llega-a-La-Laguna-2-1536x1097.jpeg 1536w, https:\/\/blognoticias.ecca.edu.es\/wp-content\/uploads\/2025\/02\/La-exposicion-itinerante-itinerante-de-ecca.edu-60-anos-transformando-vidas-a-traves-de-la-educacion-llega-a-La-Laguna-2-2048x1463.jpeg 2048w, https:\/\/blognoticias.ecca.edu.es\/wp-content\/uploads\/2025\/02\/La-exposicion-itinerante-itinerante-de-ecca.edu-60-anos-transformando-vidas-a-traves-de-la-educacion-llega-a-La-Laguna-2-18x12.jpeg 18w\" sizes=\"auto, (max-width: 300px) 100vw, 300px\" \/><\/a>\n\t\t\t<\/div><\/figure><figure class='gallery-item'>\n\t\t\t<div class='gallery-icon landscape'>\n\t\t\t\t<a href='https:\/\/blognoticias.ecca.edu.es\/en\/la-exposicion-itinerante-itinerante-de-ecca-edu-60-anos-transformando-vidas-a-traves-de-la-educacion-llega-a-la-laguna\/la-exposicion-itinerante-itinerante-de-ecca-edu-60-anos-transformando-vidas-a-traves-de-la-educacion-llega-a-la-laguna-1\/'><img loading=\"lazy\" decoding=\"async\" width=\"300\" height=\"200\" src=\"https:\/\/blognoticias.ecca.edu.es\/wp-content\/uploads\/2025\/02\/La-exposicion-itinerante-itinerante-de-ecca.edu-60-anos-transformando-vidas-a-traves-de-la-educacion-llega-a-La-Laguna-1-300x200.jpeg\" class=\"attachment-medium size-medium\" alt=\"\" srcset=\"https:\/\/blognoticias.ecca.edu.es\/wp-content\/uploads\/2025\/02\/La-exposicion-itinerante-itinerante-de-ecca.edu-60-anos-transformando-vidas-a-traves-de-la-educacion-llega-a-La-Laguna-1-300x200.jpeg 300w, https:\/\/blognoticias.ecca.edu.es\/wp-content\/uploads\/2025\/02\/La-exposicion-itinerante-itinerante-de-ecca.edu-60-anos-transformando-vidas-a-traves-de-la-educacion-llega-a-La-Laguna-1-1024x684.jpeg 1024w, https:\/\/blognoticias.ecca.edu.es\/wp-content\/uploads\/2025\/02\/La-exposicion-itinerante-itinerante-de-ecca.edu-60-anos-transformando-vidas-a-traves-de-la-educacion-llega-a-La-Laguna-1-768x513.jpeg 768w, https:\/\/blognoticias.ecca.edu.es\/wp-content\/uploads\/2025\/02\/La-exposicion-itinerante-itinerante-de-ecca.edu-60-anos-transformando-vidas-a-traves-de-la-educacion-llega-a-La-Laguna-1-1536x1026.jpeg 1536w, https:\/\/blognoticias.ecca.edu.es\/wp-content\/uploads\/2025\/02\/La-exposicion-itinerante-itinerante-de-ecca.edu-60-anos-transformando-vidas-a-traves-de-la-educacion-llega-a-La-Laguna-1-18x12.jpeg 18w, https:\/\/blognoticias.ecca.edu.es\/wp-content\/uploads\/2025\/02\/La-exposicion-itinerante-itinerante-de-ecca.edu-60-anos-transformando-vidas-a-traves-de-la-educacion-llega-a-La-Laguna-1.jpeg 1600w\" sizes=\"auto, (max-width: 300px) 100vw, 300px\" \/><\/a>\n\t\t\t<\/div><\/figure>\n\t\t<\/div>","protected":false},"excerpt":{"rendered":"<p>ecca.edu y el Ayuntamiento de La Laguna y ecca.edu han presentado este mi\u00e9rcoles, 5 de febrero, la exposici\u00f3n hist\u00f3rica itinerante \u201860 a\u00f1os transformando vidas a trav\u00e9s de la educaci\u00f3n\u2019 en las instalaciones del antiguo convento de Santo Domingo, en el municipio de La Laguna.\u00a0 Esta muestra, que celebra seis d\u00e9cadas de compromiso con la educaci\u00f3n [&hellip;]<\/p>","protected":false},"author":3,"featured_media":4920,"comment_status":"closed","ping_status":"closed","sticky":false,"template":"","format":"standard","meta":{"footnotes":""},"categories":[1,1293],"tags":[1321,1326,1298,1353,1364,1363],"class_list":["post-4910","post","type-post","status-publish","format-standard","has-post-thumbnail","hentry","category-blog","category-noticias","tag-60anostransformandovidas","tag-eccadu","tag-educacion","tag-exposicion-ecca","tag-exposicion-itinerante","tag-la-laguna"],"yoast_head":"<!-- This site is optimized with the Yoast SEO plugin v25.9 - https:\/\/yoast.com\/wordpress\/plugins\/seo\/ -->\n<title>La exposici\u00f3n itinerante itinerante de ecca.edu: 60 a\u00f1os transformando vidas a trav\u00e9s de la educaci\u00f3n llega a La Laguna<\/title>\n<meta name=\"description\" content=\"ecca.edu y el Ayuntamiento de La Laguna y ecca.edu han presentado este mi\u00e9rcoles, 5 de febrero, la exposici\u00f3n hist\u00f3rica itinerante\" \/>\n<meta name=\"robots\" content=\"index, follow, max-snippet:-1, max-image-preview:large, max-video-preview:-1\" \/>\n<link rel=\"canonical\" href=\"https:\/\/blognoticias.ecca.edu.es\/en\/la-exposicion-itinerante-itinerante-de-ecca-edu-60-anos-transformando-vidas-a-traves-de-la-educacion-llega-a-la-laguna\/\" \/>\n<meta property=\"og:locale\" content=\"en_GB\" \/>\n<meta property=\"og:type\" content=\"article\" \/>\n<meta property=\"og:title\" content=\"La exposici\u00f3n itinerante itinerante de ecca.edu: 60 a\u00f1os transformando vidas a trav\u00e9s de la educaci\u00f3n llega a La Laguna\" \/>\n<meta property=\"og:description\" content=\"ecca.edu y el Ayuntamiento de La Laguna y ecca.edu han presentado este mi\u00e9rcoles, 5 de febrero, la exposici\u00f3n hist\u00f3rica itinerante\" \/>\n<meta property=\"og:url\" content=\"https:\/\/blognoticias.ecca.edu.es\/en\/la-exposicion-itinerante-itinerante-de-ecca-edu-60-anos-transformando-vidas-a-traves-de-la-educacion-llega-a-la-laguna\/\" \/>\n<meta property=\"og:site_name\" content=\"Blog Noticias Ecca\" \/>\n<meta property=\"article:publisher\" content=\"https:\/\/www.facebook.com\/ecca.edu.es\" \/>\n<meta property=\"article:published_time\" content=\"2025-02-05T16:06:21+00:00\" \/>\n<meta property=\"article:modified_time\" content=\"2025-02-06T13:50:44+00:00\" \/>\n<meta property=\"og:image\" content=\"https:\/\/blognoticias.ecca.edu.es\/wp-content\/uploads\/2025\/02\/Post-Instagram-cuadrado-34.png\" \/>\n\t<meta property=\"og:image:width\" content=\"1080\" \/>\n\t<meta property=\"og:image:height\" content=\"1080\" \/>\n\t<meta property=\"og:image:type\" content=\"image\/png\" \/>\n<meta name=\"author\" content=\"Claudia Demetrio\" \/>\n<meta name=\"twitter:card\" content=\"summary_large_image\" \/>\n<meta name=\"twitter:creator\" content=\"@eccaedu\" \/>\n<meta name=\"twitter:site\" content=\"@eccaedu\" \/>\n<meta name=\"twitter:label1\" content=\"Written by\" \/>\n\t<meta name=\"twitter:data1\" content=\"Claudia Demetrio\" \/>\n\t<meta name=\"twitter:label2\" content=\"Estimated reading time\" \/>\n\t<meta name=\"twitter:data2\" content=\"3 minutes\" \/>\n<script type=\"application\/ld+json\" class=\"yoast-schema-graph\">{\"@context\":\"https:\/\/schema.org\",\"@graph\":[{\"@type\":\"Article\",\"@id\":\"https:\/\/blognoticias.ecca.edu.es\/la-exposicion-itinerante-itinerante-de-ecca-edu-60-anos-transformando-vidas-a-traves-de-la-educacion-llega-a-la-laguna\/#article\",\"isPartOf\":{\"@id\":\"https:\/\/blognoticias.ecca.edu.es\/la-exposicion-itinerante-itinerante-de-ecca-edu-60-anos-transformando-vidas-a-traves-de-la-educacion-llega-a-la-laguna\/\"},\"author\":{\"name\":\"Claudia Demetrio\",\"@id\":\"https:\/\/blognoticias.ecca.edu.es\/#\/schema\/person\/62a5369feff5134c4bdcafa6d772ea7f\"},\"headline\":\"La exposici\u00f3n itinerante itinerante de ecca.edu: 60 a\u00f1os transformando vidas a trav\u00e9s de la educaci\u00f3n llega a La Laguna\",\"datePublished\":\"2025-02-05T16:06:21+00:00\",\"dateModified\":\"2025-02-06T13:50:44+00:00\",\"mainEntityOfPage\":{\"@id\":\"https:\/\/blognoticias.ecca.edu.es\/la-exposicion-itinerante-itinerante-de-ecca-edu-60-anos-transformando-vidas-a-traves-de-la-educacion-llega-a-la-laguna\/\"},\"wordCount\":503,\"publisher\":{\"@id\":\"https:\/\/blognoticias.ecca.edu.es\/#organization\"},\"image\":{\"@id\":\"https:\/\/blognoticias.ecca.edu.es\/la-exposicion-itinerante-itinerante-de-ecca-edu-60-anos-transformando-vidas-a-traves-de-la-educacion-llega-a-la-laguna\/#primaryimage\"},\"thumbnailUrl\":\"https:\/\/blognoticias.ecca.edu.es\/wp-content\/uploads\/2025\/02\/Post-Instagram-cuadrado-34.png\",\"keywords\":[\"#60a\u00f1ostransformandovidas\",\"#eccadu\",\"Educaci\u00f3n\",\"exposici\u00f3n ecca\",\"exposici\u00f3n itinerante\",\"La Laguna\"],\"articleSection\":[\"Blog\",\"Noticias\"],\"inLanguage\":\"en-GB\"},{\"@type\":\"WebPage\",\"@id\":\"https:\/\/blognoticias.ecca.edu.es\/la-exposicion-itinerante-itinerante-de-ecca-edu-60-anos-transformando-vidas-a-traves-de-la-educacion-llega-a-la-laguna\/\",\"url\":\"https:\/\/blognoticias.ecca.edu.es\/la-exposicion-itinerante-itinerante-de-ecca-edu-60-anos-transformando-vidas-a-traves-de-la-educacion-llega-a-la-laguna\/\",\"name\":\"La exposici\u00f3n itinerante itinerante de ecca.edu: 60 a\u00f1os transformando vidas a trav\u00e9s de la educaci\u00f3n llega a La Laguna\",\"isPartOf\":{\"@id\":\"https:\/\/blognoticias.ecca.edu.es\/#website\"},\"primaryImageOfPage\":{\"@id\":\"https:\/\/blognoticias.ecca.edu.es\/la-exposicion-itinerante-itinerante-de-ecca-edu-60-anos-transformando-vidas-a-traves-de-la-educacion-llega-a-la-laguna\/#primaryimage\"},\"image\":{\"@id\":\"https:\/\/blognoticias.ecca.edu.es\/la-exposicion-itinerante-itinerante-de-ecca-edu-60-anos-transformando-vidas-a-traves-de-la-educacion-llega-a-la-laguna\/#primaryimage\"},\"thumbnailUrl\":\"https:\/\/blognoticias.ecca.edu.es\/wp-content\/uploads\/2025\/02\/Post-Instagram-cuadrado-34.png\",\"datePublished\":\"2025-02-05T16:06:21+00:00\",\"dateModified\":\"2025-02-06T13:50:44+00:00\",\"description\":\"ecca.edu y el Ayuntamiento de La Laguna y ecca.edu han presentado este mi\u00e9rcoles, 5 de febrero, la exposici\u00f3n hist\u00f3rica itinerante\",\"breadcrumb\":{\"@id\":\"https:\/\/blognoticias.ecca.edu.es\/la-exposicion-itinerante-itinerante-de-ecca-edu-60-anos-transformando-vidas-a-traves-de-la-educacion-llega-a-la-laguna\/#breadcrumb\"},\"inLanguage\":\"en-GB\",\"potentialAction\":[{\"@type\":\"ReadAction\",\"target\":[\"https:\/\/blognoticias.ecca.edu.es\/la-exposicion-itinerante-itinerante-de-ecca-edu-60-anos-transformando-vidas-a-traves-de-la-educacion-llega-a-la-laguna\/\"]}]},{\"@type\":\"ImageObject\",\"inLanguage\":\"en-GB\",\"@id\":\"https:\/\/blognoticias.ecca.edu.es\/la-exposicion-itinerante-itinerante-de-ecca-edu-60-anos-transformando-vidas-a-traves-de-la-educacion-llega-a-la-laguna\/#primaryimage\",\"url\":\"https:\/\/blognoticias.ecca.edu.es\/wp-content\/uploads\/2025\/02\/Post-Instagram-cuadrado-34.png\",\"contentUrl\":\"https:\/\/blognoticias.ecca.edu.es\/wp-content\/uploads\/2025\/02\/Post-Instagram-cuadrado-34.png\",\"width\":1080,\"height\":1080,\"caption\":\"exposici\u00f3n itinerante de ecca.edu en La Laguna\"},{\"@type\":\"BreadcrumbList\",\"@id\":\"https:\/\/blognoticias.ecca.edu.es\/la-exposicion-itinerante-itinerante-de-ecca-edu-60-anos-transformando-vidas-a-traves-de-la-educacion-llega-a-la-laguna\/#breadcrumb\",\"itemListElement\":[{\"@type\":\"ListItem\",\"position\":1,\"name\":\"Portada\",\"item\":\"https:\/\/blognoticias.ecca.edu.es\/\"},{\"@type\":\"ListItem\",\"position\":2,\"name\":\"La exposici\u00f3n itinerante itinerante de ecca.edu: 60 a\u00f1os transformando vidas a trav\u00e9s de la educaci\u00f3n llega a La Laguna\"}]},{\"@type\":\"WebSite\",\"@id\":\"https:\/\/blognoticias.ecca.edu.es\/#website\",\"url\":\"https:\/\/blognoticias.ecca.edu.es\/\",\"name\":\"Blog Noticias Ecca\",\"description\":\"\",\"publisher\":{\"@id\":\"https:\/\/blognoticias.ecca.edu.es\/#organization\"},\"potentialAction\":[{\"@type\":\"SearchAction\",\"target\":{\"@type\":\"EntryPoint\",\"urlTemplate\":\"https:\/\/blognoticias.ecca.edu.es\/?s={search_term_string}\"},\"query-input\":{\"@type\":\"PropertyValueSpecification\",\"valueRequired\":true,\"valueName\":\"search_term_string\"}}],\"inLanguage\":\"en-GB\"},{\"@type\":\"Organization\",\"@id\":\"https:\/\/blognoticias.ecca.edu.es\/#organization\",\"name\":\"Blog Noticias Ecca\",\"url\":\"https:\/\/blognoticias.ecca.edu.es\/\",\"logo\":{\"@type\":\"ImageObject\",\"inLanguage\":\"en-GB\",\"@id\":\"https:\/\/blognoticias.ecca.edu.es\/#\/schema\/logo\/image\/\",\"url\":\"https:\/\/blognoticias.ecca.edu.es\/wp-content\/uploads\/2023\/02\/cropped-cropped-cropped-cropped-Logo-Ecca.edu_.png\",\"contentUrl\":\"https:\/\/blognoticias.ecca.edu.es\/wp-content\/uploads\/2023\/02\/cropped-cropped-cropped-cropped-Logo-Ecca.edu_.png\",\"width\":293,\"height\":45,\"caption\":\"Blog Noticias Ecca\"},\"image\":{\"@id\":\"https:\/\/blognoticias.ecca.edu.es\/#\/schema\/logo\/image\/\"},\"sameAs\":[\"https:\/\/www.facebook.com\/ecca.edu.es\",\"https:\/\/x.com\/eccaedu\",\"https:\/\/www.instagram.com\/\"]},{\"@type\":\"Person\",\"@id\":\"https:\/\/blognoticias.ecca.edu.es\/#\/schema\/person\/62a5369feff5134c4bdcafa6d772ea7f\",\"name\":\"Claudia Demetrio\",\"image\":{\"@type\":\"ImageObject\",\"inLanguage\":\"en-GB\",\"@id\":\"https:\/\/blognoticias.ecca.edu.es\/#\/schema\/person\/image\/\",\"url\":\"https:\/\/blognoticias.ecca.edu.es\/wp-content\/uploads\/2023\/02\/LOGO-ECCAEDU-1-150x150.png\",\"contentUrl\":\"https:\/\/blognoticias.ecca.edu.es\/wp-content\/uploads\/2023\/02\/LOGO-ECCAEDU-1-150x150.png\",\"caption\":\"Claudia Demetrio\"},\"url\":\"https:\/\/blognoticias.ecca.edu.es\/en\/author\/c-demetrio\/\"}]}<\/script>\n<!-- \/ Yoast SEO plugin. -->","yoast_head_json":{"title":"La exposici\u00f3n itinerante itinerante de ecca.edu: 60 a\u00f1os transformando vidas a trav\u00e9s de la educaci\u00f3n llega a La Laguna","description":"ecca.edu y el Ayuntamiento de La Laguna y ecca.edu han presentado este mi\u00e9rcoles, 5 de febrero, la exposici\u00f3n hist\u00f3rica itinerante","robots":{"index":"index","follow":"follow","max-snippet":"max-snippet:-1","max-image-preview":"max-image-preview:large","max-video-preview":"max-video-preview:-1"},"canonical":"https:\/\/blognoticias.ecca.edu.es\/en\/la-exposicion-itinerante-itinerante-de-ecca-edu-60-anos-transformando-vidas-a-traves-de-la-educacion-llega-a-la-laguna\/","og_locale":"en_GB","og_type":"article","og_title":"La exposici\u00f3n itinerante itinerante de ecca.edu: 60 a\u00f1os transformando vidas a trav\u00e9s de la educaci\u00f3n llega a La Laguna","og_description":"ecca.edu y el Ayuntamiento de La Laguna y ecca.edu han presentado este mi\u00e9rcoles, 5 de febrero, la exposici\u00f3n hist\u00f3rica itinerante","og_url":"https:\/\/blognoticias.ecca.edu.es\/en\/la-exposicion-itinerante-itinerante-de-ecca-edu-60-anos-transformando-vidas-a-traves-de-la-educacion-llega-a-la-laguna\/","og_site_name":"Blog Noticias Ecca","article_publisher":"https:\/\/www.facebook.com\/ecca.edu.es","article_published_time":"2025-02-05T16:06:21+00:00","article_modified_time":"2025-02-06T13:50:44+00:00","og_image":[{"width":1080,"height":1080,"url":"https:\/\/blognoticias.ecca.edu.es\/wp-content\/uploads\/2025\/02\/Post-Instagram-cuadrado-34.png","type":"image\/png"}],"author":"Claudia Demetrio","twitter_card":"summary_large_image","twitter_creator":"@eccaedu","twitter_site":"@eccaedu","twitter_misc":{"Written by":"Claudia Demetrio","Estimated reading time":"3 minutes"},"schema":{"@context":"https:\/\/schema.org","@graph":[{"@type":"Article","@id":"https:\/\/blognoticias.ecca.edu.es\/la-exposicion-itinerante-itinerante-de-ecca-edu-60-anos-transformando-vidas-a-traves-de-la-educacion-llega-a-la-laguna\/#article","isPartOf":{"@id":"https:\/\/blognoticias.ecca.edu.es\/la-exposicion-itinerante-itinerante-de-ecca-edu-60-anos-transformando-vidas-a-traves-de-la-educacion-llega-a-la-laguna\/"},"author":{"name":"Claudia Demetrio","@id":"https:\/\/blognoticias.ecca.edu.es\/#\/schema\/person\/62a5369feff5134c4bdcafa6d772ea7f"},"headline":"La exposici\u00f3n itinerante itinerante de ecca.edu: 60 a\u00f1os transformando vidas a trav\u00e9s de la educaci\u00f3n llega a La Laguna","datePublished":"2025-02-05T16:06:21+00:00","dateModified":"2025-02-06T13:50:44+00:00","mainEntityOfPage":{"@id":"https:\/\/blognoticias.ecca.edu.es\/la-exposicion-itinerante-itinerante-de-ecca-edu-60-anos-transformando-vidas-a-traves-de-la-educacion-llega-a-la-laguna\/"},"wordCount":503,"publisher":{"@id":"https:\/\/blognoticias.ecca.edu.es\/#organization"},"image":{"@id":"https:\/\/blognoticias.ecca.edu.es\/la-exposicion-itinerante-itinerante-de-ecca-edu-60-anos-transformando-vidas-a-traves-de-la-educacion-llega-a-la-laguna\/#primaryimage"},"thumbnailUrl":"https:\/\/blognoticias.ecca.edu.es\/wp-content\/uploads\/2025\/02\/Post-Instagram-cuadrado-34.png","keywords":["#60a\u00f1ostransformandovidas","#eccadu","Educaci\u00f3n","exposici\u00f3n ecca","exposici\u00f3n itinerante","La Laguna"],"articleSection":["Blog","Noticias"],"inLanguage":"en-GB"},{"@type":"WebPage","@id":"https:\/\/blognoticias.ecca.edu.es\/la-exposicion-itinerante-itinerante-de-ecca-edu-60-anos-transformando-vidas-a-traves-de-la-educacion-llega-a-la-laguna\/","url":"https:\/\/blognoticias.ecca.edu.es\/la-exposicion-itinerante-itinerante-de-ecca-edu-60-anos-transformando-vidas-a-traves-de-la-educacion-llega-a-la-laguna\/","name":"La exposici\u00f3n itinerante itinerante de ecca.edu: 60 a\u00f1os transformando vidas a trav\u00e9s de la educaci\u00f3n llega a La Laguna","isPartOf":{"@id":"https:\/\/blognoticias.ecca.edu.es\/#website"},"primaryImageOfPage":{"@id":"https:\/\/blognoticias.ecca.edu.es\/la-exposicion-itinerante-itinerante-de-ecca-edu-60-anos-transformando-vidas-a-traves-de-la-educacion-llega-a-la-laguna\/#primaryimage"},"image":{"@id":"https:\/\/blognoticias.ecca.edu.es\/la-exposicion-itinerante-itinerante-de-ecca-edu-60-anos-transformando-vidas-a-traves-de-la-educacion-llega-a-la-laguna\/#primaryimage"},"thumbnailUrl":"https:\/\/blognoticias.ecca.edu.es\/wp-content\/uploads\/2025\/02\/Post-Instagram-cuadrado-34.png","datePublished":"2025-02-05T16:06:21+00:00","dateModified":"2025-02-06T13:50:44+00:00","description":"ecca.edu y el Ayuntamiento de La Laguna y ecca.edu han presentado este mi\u00e9rcoles, 5 de febrero, la exposici\u00f3n hist\u00f3rica itinerante","breadcrumb":{"@id":"https:\/\/blognoticias.ecca.edu.es\/la-exposicion-itinerante-itinerante-de-ecca-edu-60-anos-transformando-vidas-a-traves-de-la-educacion-llega-a-la-laguna\/#breadcrumb"},"inLanguage":"en-GB","potentialAction":[{"@type":"ReadAction","target":["https:\/\/blognoticias.ecca.edu.es\/la-exposicion-itinerante-itinerante-de-ecca-edu-60-anos-transformando-vidas-a-traves-de-la-educacion-llega-a-la-laguna\/"]}]},{"@type":"ImageObject","inLanguage":"en-GB","@id":"https:\/\/blognoticias.ecca.edu.es\/la-exposicion-itinerante-itinerante-de-ecca-edu-60-anos-transformando-vidas-a-traves-de-la-educacion-llega-a-la-laguna\/#primaryimage","url":"https:\/\/blognoticias.ecca.edu.es\/wp-content\/uploads\/2025\/02\/Post-Instagram-cuadrado-34.png","contentUrl":"https:\/\/blognoticias.ecca.edu.es\/wp-content\/uploads\/2025\/02\/Post-Instagram-cuadrado-34.png","width":1080,"height":1080,"caption":"exposici\u00f3n itinerante de ecca.edu en La Laguna"},{"@type":"BreadcrumbList","@id":"https:\/\/blognoticias.ecca.edu.es\/la-exposicion-itinerante-itinerante-de-ecca-edu-60-anos-transformando-vidas-a-traves-de-la-educacion-llega-a-la-laguna\/#breadcrumb","itemListElement":[{"@type":"ListItem","position":1,"name":"Portada","item":"https:\/\/blognoticias.ecca.edu.es\/"},{"@type":"ListItem","position":2,"name":"La exposici\u00f3n itinerante itinerante de ecca.edu: 60 a\u00f1os transformando vidas a trav\u00e9s de la educaci\u00f3n llega a La Laguna"}]},{"@type":"WebSite","@id":"https:\/\/blognoticias.ecca.edu.es\/#website","url":"https:\/\/blognoticias.ecca.edu.es\/","name":"Blog Noticias Ecca","description":"","publisher":{"@id":"https:\/\/blognoticias.ecca.edu.es\/#organization"},"potentialAction":[{"@type":"SearchAction","target":{"@type":"EntryPoint","urlTemplate":"https:\/\/blognoticias.ecca.edu.es\/?s={search_term_string}"},"query-input":{"@type":"PropertyValueSpecification","valueRequired":true,"valueName":"search_term_string"}}],"inLanguage":"en-GB"},{"@type":"Organization","@id":"https:\/\/blognoticias.ecca.edu.es\/#organization","name":"Blog Noticias Ecca","url":"https:\/\/blognoticias.ecca.edu.es\/","logo":{"@type":"ImageObject","inLanguage":"en-GB","@id":"https:\/\/blognoticias.ecca.edu.es\/#\/schema\/logo\/image\/","url":"https:\/\/blognoticias.ecca.edu.es\/wp-content\/uploads\/2023\/02\/cropped-cropped-cropped-cropped-Logo-Ecca.edu_.png","contentUrl":"https:\/\/blognoticias.ecca.edu.es\/wp-content\/uploads\/2023\/02\/cropped-cropped-cropped-cropped-Logo-Ecca.edu_.png","width":293,"height":45,"caption":"Blog Noticias Ecca"},"image":{"@id":"https:\/\/blognoticias.ecca.edu.es\/#\/schema\/logo\/image\/"},"sameAs":["https:\/\/www.facebook.com\/ecca.edu.es","https:\/\/x.com\/eccaedu","https:\/\/www.instagram.com\/"]},{"@type":"Person","@id":"https:\/\/blognoticias.ecca.edu.es\/#\/schema\/person\/62a5369feff5134c4bdcafa6d772ea7f","name":"Claudia Demetrio","image":{"@type":"ImageObject","inLanguage":"en-GB","@id":"https:\/\/blognoticias.ecca.edu.es\/#\/schema\/person\/image\/","url":"https:\/\/blognoticias.ecca.edu.es\/wp-content\/uploads\/2023\/02\/LOGO-ECCAEDU-1-150x150.png","contentUrl":"https:\/\/blognoticias.ecca.edu.es\/wp-content\/uploads\/2023\/02\/LOGO-ECCAEDU-1-150x150.png","caption":"Claudia Demetrio"},"url":"https:\/\/blognoticias.ecca.edu.es\/en\/author\/c-demetrio\/"}]}},"_links":{"self":[{"href":"https:\/\/blognoticias.ecca.edu.es\/en\/wp-json\/wp\/v2\/posts\/4910","targetHints":{"allow":["GET"]}}],"collection":[{"href":"https:\/\/blognoticias.ecca.edu.es\/en\/wp-json\/wp\/v2\/posts"}],"about":[{"href":"https:\/\/blognoticias.ecca.edu.es\/en\/wp-json\/wp\/v2\/types\/post"}],"author":[{"embeddable":true,"href":"https:\/\/blognoticias.ecca.edu.es\/en\/wp-json\/wp\/v2\/users\/3"}],"replies":[{"embeddable":true,"href":"https:\/\/blognoticias.ecca.edu.es\/en\/wp-json\/wp\/v2\/comments?post=4910"}],"version-history":[{"count":9,"href":"https:\/\/blognoticias.ecca.edu.es\/en\/wp-json\/wp\/v2\/posts\/4910\/revisions"}],"predecessor-version":[{"id":4924,"href":"https:\/\/blognoticias.ecca.edu.es\/en\/wp-json\/wp\/v2\/posts\/4910\/revisions\/4924"}],"wp:featuredmedia":[{"embeddable":true,"href":"https:\/\/blognoticias.ecca.edu.es\/en\/wp-json\/wp\/v2\/media\/4920"}],"wp:attachment":[{"href":"https:\/\/blognoticias.ecca.edu.es\/en\/wp-json\/wp\/v2\/media?parent=4910"}],"wp:term":[{"taxonomy":"category","embeddable":true,"href":"https:\/\/blognoticias.ecca.edu.es\/en\/wp-json\/wp\/v2\/categories?post=4910"},{"taxonomy":"post_tag","embeddable":true,"href":"https:\/\/blognoticias.ecca.edu.es\/en\/wp-json\/wp\/v2\/tags?post=4910"}],"curies":[{"name":"wp","href":"https:\/\/api.w.org\/{rel}","templated":true}]}}