{"id":4895,"date":"2025-02-04T14:37:31","date_gmt":"2025-02-04T14:37:31","guid":{"rendered":"https:\/\/blognoticias.ecca.edu.es\/?p=4895"},"modified":"2025-02-04T14:39:42","modified_gmt":"2025-02-04T14:39:42","slug":"galdar-acoge-la-exposicion-itinerante-de-ecca-edu-60-anos-transformando-vidas-a-traves-de-la-educacion","status":"publish","type":"post","link":"https:\/\/blognoticias.ecca.edu.es\/en\/galdar-acoge-la-exposicion-itinerante-de-ecca-edu-60-anos-transformando-vidas-a-traves-de-la-educacion\/","title":{"rendered":"G\u00e1ldar acoge la exposici\u00f3n itinerante de ecca.edu: 60 a\u00f1os transformando vidas a trav\u00e9s de la educaci\u00f3n"},"content":{"rendered":"<div class='booster-block booster-read-block'>\n                <div class=\"twp-read-time\">\n                \t<i class=\"booster-icon twp-clock\"><\/i> <span>Tiempo de lectura:<\/span>4 Minutos, 4 Segundos                <\/div>\n\n            <\/div><ul>\n<li><em>La muestra de ecca.edu, que relata de forma interactiva las seis d\u00e9cadas de historia de ECCA, estar\u00e1 abierta al p\u00fablico en la Sala S\u00e1bor de las Casas Consistoriales, G\u00e1ldar, del 3 al 12 de febrero<\/em><\/li>\n<\/ul>\n<p><span style=\"font-weight: 400;\">En el marco de su 60 aniversario <\/span><b>ecca.edu<\/b><span style=\"font-weight: 400;\"> y el<a href=\"https:\/\/www.galdar.es\/\"> <strong>Ayuntamiento de G\u00e1ldar<\/strong><\/a> presentaron hoy la exposici\u00f3n hist\u00f3rica itinerante <\/span><i><span style=\"font-weight: 400;\">60 a\u00f1os transformando vidas a trav\u00e9s de la educaci\u00f3n<\/span><\/i><span style=\"font-weight: 400;\"> en la Sala S\u00e1bor de las Casas Consistoriales del municipio. Esta muestra, que celebra seis d\u00e9cadas de compromiso con la educaci\u00f3n a distancia para personas adultas, estar\u00e1 abierta al p\u00fablico hasta el pr\u00f3ximo 12 de febrero.<\/span><\/p>\n<p><span style=\"font-weight: 400;\">Teodoro Sosa, alcalde de G\u00e1ldar; Vanessa Santana, responsable de delegaciones Canarias de ecca.edu, y Rita Cabrera, concejala de Educaci\u00f3n del Ayuntamiento de G\u00e1ldar, inauguraron la exposici\u00f3n en un acto que cont\u00f3 con la presencia de la corporaci\u00f3n municipal; de Elena Gonz\u00e1lez, delegada de ecca.edu en la zona norte de Gran Canaria, y de un nutrido grupo de docentes y alianzas de la instituci\u00f3n.<\/span><\/p>\n<figure id=\"attachment_4898\" aria-describedby=\"caption-attachment-4898\" style=\"width: 671px\" class=\"wp-caption aligncenter\"><img loading=\"lazy\" decoding=\"async\" class=\"wp-image-4898\" src=\"https:\/\/blognoticias.ecca.edu.es\/wp-content\/uploads\/2025\/02\/WhatsApp-Image-2025-02-04-at-13.21.22-3-1024x682.jpeg\" alt=\"exposici\u00f3n ecca.edu en g\u00e1ldar\" width=\"671\" height=\"447\" srcset=\"https:\/\/blognoticias.ecca.edu.es\/wp-content\/uploads\/2025\/02\/WhatsApp-Image-2025-02-04-at-13.21.22-3-1024x682.jpeg 1024w, https:\/\/blognoticias.ecca.edu.es\/wp-content\/uploads\/2025\/02\/WhatsApp-Image-2025-02-04-at-13.21.22-3-300x200.jpeg 300w, https:\/\/blognoticias.ecca.edu.es\/wp-content\/uploads\/2025\/02\/WhatsApp-Image-2025-02-04-at-13.21.22-3-768x512.jpeg 768w, https:\/\/blognoticias.ecca.edu.es\/wp-content\/uploads\/2025\/02\/WhatsApp-Image-2025-02-04-at-13.21.22-3-1536x1024.jpeg 1536w, https:\/\/blognoticias.ecca.edu.es\/wp-content\/uploads\/2025\/02\/WhatsApp-Image-2025-02-04-at-13.21.22-3-2048x1365.jpeg 2048w, https:\/\/blognoticias.ecca.edu.es\/wp-content\/uploads\/2025\/02\/WhatsApp-Image-2025-02-04-at-13.21.22-3-18x12.jpeg 18w\" sizes=\"auto, (max-width: 671px) 100vw, 671px\" \/><figcaption id=\"caption-attachment-4898\" class=\"wp-caption-text\">Inauguraci\u00f3n de la exposici\u00f3n itinerante en G\u00e1ldar.<\/figcaption><\/figure>\n<h2><b>Una colaboraci\u00f3n que refuerza el compromiso con la educaci\u00f3n<\/b><\/h2>\n<p><span style=\"font-weight: 400;\">Durante su intervenci\u00f3n, Teodoro Sosa dio las gracias a ecca.edu por llevar a cabo esta<a href=\"https:\/\/blognoticias.ecca.edu.es\/en\/exposicion-ecca-edu-60-anos-transformando-vidas-a-traves-de-la-educacion\/\"> exposici\u00f3n itinerante<\/a>. \u201cDesde el Ayuntamiento de G\u00e1ldar tuvimos claro desde el primer momento que nuestra colaboraci\u00f3n iba a ser total para <strong>difundir la labor de ecca.edu<\/strong> y ponernos a su disposici\u00f3n\u201d, indic\u00f3 el primer edil, que a\u00f1adi\u00f3 que \u201cla sociedad actual en Canarias, y por supuesto tambi\u00e9n en G\u00e1ldar, no se entender\u00eda sin el<strong> salto educativo<\/strong> que se dio a partir de los a\u00f1os 70 con<strong> Radio ECCA<\/strong>, que permiti\u00f3 que muchos de nuestros padres y abuelos tuvieran estudios despu\u00e9s de que fueran retirados del colegio a edades muy tempranas para poder traer un plato de comida a casa\u201d.\u00a0<\/span><\/p>\n<p><span style=\"font-weight: 400;\">\u201cRadio ECCA tuvo un papel fundamental para alfabetizar en tiempo r\u00e9cord a una sociedad que se encontraba en la pobreza intelectual. Enhorabuena a los m\u00e1s de t<strong>res millones de estudiantes<\/strong> y docentes que han pasado y que permanecen porque forman parte de una instituci\u00f3n que ha hecho mucho bien a esta tierra\u201d, a\u00f1adi\u00f3 Teodoro Sosa. Adem\u00e1s, el alcalde se\u00f1al\u00f3 que tambi\u00e9n desde el Cabildo de Gran Canaria colaboran \u201cen esa tarea de\u00a0 actualizaci\u00f3n y adaptaci\u00f3n a los nuevos tiempos y nuevas tecnolog\u00edas con el objetivo de generar inquietudes para que muchas personas puedan seguir viendo en ellos un referente educativo\u201d.\u00a0<\/span><\/p>\n<h2>G\u00e1ldar y ecca.edu, 30 a\u00f1os trabajando<\/h2>\n<p><span style=\"font-weight: 400;\">Por \u00faltimo, tambi\u00e9n indic\u00f3 que el Ayuntamiento de G\u00e1ldar y ecca.edu, que trabajan conjuntamente <strong>desde hace m\u00e1s de 30 a\u00f1os<\/strong>, renovar\u00e1n su convenio de colaboraci\u00f3n para la transmisi\u00f3n de la cultura y la educaci\u00f3n, subrayando que este a\u00f1o se reforzar\u00e1 la concesi\u00f3n de becas a personas del municipio en situaci\u00f3n de vulnerabilidad social y con necesidades educativas.\u00a0<\/span><\/p>\n<p><span style=\"font-weight: 400;\">Por su parte, Vanessa Santana expres\u00f3 su gratitud al Ayuntamiento de G\u00e1ldar por su acogida a esta exposici\u00f3n y resalt\u00f3 la importancia del trabajo coordinado y en equipo con el municipio: \u00abNuestra colaboraci\u00f3n con el Ayuntamiento es una muestra de que compartimos un mismo prop\u00f3sito: hacer que la educaci\u00f3n inclusiva, equitativa y de calidad sea una realidad para todas las personas\u00bb.<\/span><\/p>\n<p><span style=\"font-weight: 400;\">Rita Cabrera, concejala de Educaci\u00f3n del Ayuntamiento de G\u00e1ldar, reiter\u00f3 \u201cel agradecimiento a ecca.edu por llevar a cabo esta exposici\u00f3n y por el papel fundamental que han desarrollado en la formaci\u00f3n educativo de tantos galdenses a lo largo de estas seis d\u00e9cadas\u201d.<\/span><\/p>\n<figure id=\"attachment_4899\" aria-describedby=\"caption-attachment-4899\" style=\"width: 629px\" class=\"wp-caption aligncenter\"><img loading=\"lazy\" decoding=\"async\" class=\"wp-image-4899\" src=\"https:\/\/blognoticias.ecca.edu.es\/wp-content\/uploads\/2025\/02\/WhatsApp-Image-2025-02-04-at-13.21.22-2-1024x682.jpeg\" alt=\"exposici\u00f3n ecca.edu en g\u00e1ldar\" width=\"629\" height=\"419\" srcset=\"https:\/\/blognoticias.ecca.edu.es\/wp-content\/uploads\/2025\/02\/WhatsApp-Image-2025-02-04-at-13.21.22-2-1024x682.jpeg 1024w, https:\/\/blognoticias.ecca.edu.es\/wp-content\/uploads\/2025\/02\/WhatsApp-Image-2025-02-04-at-13.21.22-2-300x200.jpeg 300w, https:\/\/blognoticias.ecca.edu.es\/wp-content\/uploads\/2025\/02\/WhatsApp-Image-2025-02-04-at-13.21.22-2-768x512.jpeg 768w, https:\/\/blognoticias.ecca.edu.es\/wp-content\/uploads\/2025\/02\/WhatsApp-Image-2025-02-04-at-13.21.22-2-1536x1024.jpeg 1536w, https:\/\/blognoticias.ecca.edu.es\/wp-content\/uploads\/2025\/02\/WhatsApp-Image-2025-02-04-at-13.21.22-2-2048x1365.jpeg 2048w, https:\/\/blognoticias.ecca.edu.es\/wp-content\/uploads\/2025\/02\/WhatsApp-Image-2025-02-04-at-13.21.22-2-18x12.jpeg 18w\" sizes=\"auto, (max-width: 629px) 100vw, 629px\" \/><figcaption id=\"caption-attachment-4899\" class=\"wp-caption-text\">Vanessa Santana, responsable de delegaciones Canarias de ecca.edu; Rita Cabrera, concejala de Educaci\u00f3n, el alcalde de G\u00e1ldar, Teodoro Sosa.<\/figcaption><\/figure>\n<h2><b>Una experiencia interactiva y transformadora<\/b><\/h2>\n<p><span style=\"font-weight: 400;\">La exposici\u00f3n, compuesta por 21 paneles interactivos y recursos multimedia, recorre los hitos m\u00e1s importantes de la<strong> historia de ecca.edu desde 1964<\/strong>. Adem\u00e1s, ofrece herramientas digitales que permiten a los visitantes profundizar en la trayectoria de la instituci\u00f3n y su impacto en la educaci\u00f3n para personas adultas. Toda la informaci\u00f3n est\u00e1 ampliada en la web <\/span><a href=\"https:\/\/ecca.edu.es\/nuestra-historia\/\"><span style=\"font-weight: 400;\">https:\/\/ecca.edu.es\/nuestra-historia\/<\/span><\/a><span style=\"font-weight: 400;\">\u00a0<\/span><\/p>\n<h3><b>Pr\u00f3ximas paradas de la exposici\u00f3n<\/b><b><br \/>\n<\/b><\/h3>\n<p><span style=\"font-weight: 400;\">La muestra continuar\u00e1 su ruta itinerante durante 2025, visitando diversos municipios, cabildos y entidades de Canarias, entre ellos, La Laguna, San Mateo, Granadilla de Abona, Telde, Valsequillo, Parlamento de Canarias,\u00a0 Icod de los Vinos y Ag\u00fcimes.\u00a0<\/span><\/p>\n<h3><b>Invitaci\u00f3n abierta al p\u00fablico<\/b><b><br \/>\n<\/b><\/h3>\n<p><span style=\"font-weight: 400;\">ecca.edu invita a toda la comunidad educativa y al p\u00fablico en general a visitar esta muestra y conocer su papel transformador en la historia educativa de Canarias.<\/span><\/p>\n<h3><b>Informaci\u00f3n pr\u00e1ctica<\/b><\/h3>\n<ul>\n<li style=\"font-weight: 400;\" aria-level=\"1\"><b>Ubicaci\u00f3n<\/b><span style=\"font-weight: 400;\">: Sala S\u00e1bor de las Casas Consistoriales de G\u00e1ldar, Pl. de Santiago, 1, G\u00e1ldar, Las Palmas<\/span><\/li>\n<li style=\"font-weight: 400;\" aria-level=\"1\"><b>Fechas<\/b><span style=\"font-weight: 400;\">: Del 3 al 12 de febrero de 2025.<\/span><\/li>\n<li style=\"font-weight: 400;\" aria-level=\"1\"><b>Horarios<\/b><span style=\"font-weight: 400;\"><span style=\"font-weight: 400;\">: Lunes 8:00 &#8211; 14:30 h, martes y mi\u00e9rcoles 8:00 &#8211; 19:00 h, jueves y viernes: 8:00 &#8211; 19:30 h, s\u00e1bado y domingo: 10:00 &#8211; 18:00 h<\/span><\/span><\/li>\n<\/ul>\n<div id='gallery-1' class='gallery galleryid-4895 gallery-columns-3 gallery-size-medium'><figure class='gallery-item'>\n\t\t\t<div class='gallery-icon landscape'>\n\t\t\t\t<a href='https:\/\/blognoticias.ecca.edu.es\/en\/galdar-acoge-la-exposicion-itinerante-de-ecca-edu-60-anos-transformando-vidas-a-traves-de-la-educacion\/whatsapp-image-2025-02-04-at-13-21-22-5\/'><img loading=\"lazy\" decoding=\"async\" width=\"300\" height=\"200\" src=\"https:\/\/blognoticias.ecca.edu.es\/wp-content\/uploads\/2025\/02\/WhatsApp-Image-2025-02-04-at-13.21.22-5-300x200.jpeg\" class=\"attachment-medium size-medium\" alt=\"exposici\u00f3n ecca.edu en g\u00e1ldar\" srcset=\"https:\/\/blognoticias.ecca.edu.es\/wp-content\/uploads\/2025\/02\/WhatsApp-Image-2025-02-04-at-13.21.22-5-300x200.jpeg 300w, https:\/\/blognoticias.ecca.edu.es\/wp-content\/uploads\/2025\/02\/WhatsApp-Image-2025-02-04-at-13.21.22-5-1024x682.jpeg 1024w, https:\/\/blognoticias.ecca.edu.es\/wp-content\/uploads\/2025\/02\/WhatsApp-Image-2025-02-04-at-13.21.22-5-768x512.jpeg 768w, https:\/\/blognoticias.ecca.edu.es\/wp-content\/uploads\/2025\/02\/WhatsApp-Image-2025-02-04-at-13.21.22-5-1536x1024.jpeg 1536w, https:\/\/blognoticias.ecca.edu.es\/wp-content\/uploads\/2025\/02\/WhatsApp-Image-2025-02-04-at-13.21.22-5-2048x1365.jpeg 2048w, https:\/\/blognoticias.ecca.edu.es\/wp-content\/uploads\/2025\/02\/WhatsApp-Image-2025-02-04-at-13.21.22-5-18x12.jpeg 18w\" sizes=\"auto, (max-width: 300px) 100vw, 300px\" \/><\/a>\n\t\t\t<\/div><\/figure><figure class='gallery-item'>\n\t\t\t<div class='gallery-icon landscape'>\n\t\t\t\t<a href='https:\/\/blognoticias.ecca.edu.es\/en\/galdar-acoge-la-exposicion-itinerante-de-ecca-edu-60-anos-transformando-vidas-a-traves-de-la-educacion\/whatsapp-image-2025-02-04-at-13-21-22-4\/'><img loading=\"lazy\" decoding=\"async\" width=\"300\" height=\"176\" src=\"https:\/\/blognoticias.ecca.edu.es\/wp-content\/uploads\/2025\/02\/WhatsApp-Image-2025-02-04-at-13.21.22-4-300x176.jpeg\" class=\"attachment-medium size-medium\" alt=\"exposici\u00f3n ecca.edu en g\u00e1ldar\" srcset=\"https:\/\/blognoticias.ecca.edu.es\/wp-content\/uploads\/2025\/02\/WhatsApp-Image-2025-02-04-at-13.21.22-4-300x176.jpeg 300w, https:\/\/blognoticias.ecca.edu.es\/wp-content\/uploads\/2025\/02\/WhatsApp-Image-2025-02-04-at-13.21.22-4-1024x602.jpeg 1024w, https:\/\/blognoticias.ecca.edu.es\/wp-content\/uploads\/2025\/02\/WhatsApp-Image-2025-02-04-at-13.21.22-4-768x451.jpeg 768w, https:\/\/blognoticias.ecca.edu.es\/wp-content\/uploads\/2025\/02\/WhatsApp-Image-2025-02-04-at-13.21.22-4-1536x902.jpeg 1536w, https:\/\/blognoticias.ecca.edu.es\/wp-content\/uploads\/2025\/02\/WhatsApp-Image-2025-02-04-at-13.21.22-4-2048x1203.jpeg 2048w, https:\/\/blognoticias.ecca.edu.es\/wp-content\/uploads\/2025\/02\/WhatsApp-Image-2025-02-04-at-13.21.22-4-18x12.jpeg 18w\" sizes=\"auto, (max-width: 300px) 100vw, 300px\" \/><\/a>\n\t\t\t<\/div><\/figure><figure class='gallery-item'>\n\t\t\t<div class='gallery-icon landscape'>\n\t\t\t\t<a href='https:\/\/blognoticias.ecca.edu.es\/en\/galdar-acoge-la-exposicion-itinerante-de-ecca-edu-60-anos-transformando-vidas-a-traves-de-la-educacion\/whatsapp-image-2025-02-04-at-13-21-22-3\/'><img loading=\"lazy\" decoding=\"async\" width=\"300\" height=\"200\" src=\"https:\/\/blognoticias.ecca.edu.es\/wp-content\/uploads\/2025\/02\/WhatsApp-Image-2025-02-04-at-13.21.22-3-300x200.jpeg\" class=\"attachment-medium size-medium\" alt=\"exposici\u00f3n ecca.edu en g\u00e1ldar\" srcset=\"https:\/\/blognoticias.ecca.edu.es\/wp-content\/uploads\/2025\/02\/WhatsApp-Image-2025-02-04-at-13.21.22-3-300x200.jpeg 300w, https:\/\/blognoticias.ecca.edu.es\/wp-content\/uploads\/2025\/02\/WhatsApp-Image-2025-02-04-at-13.21.22-3-1024x682.jpeg 1024w, https:\/\/blognoticias.ecca.edu.es\/wp-content\/uploads\/2025\/02\/WhatsApp-Image-2025-02-04-at-13.21.22-3-768x512.jpeg 768w, https:\/\/blognoticias.ecca.edu.es\/wp-content\/uploads\/2025\/02\/WhatsApp-Image-2025-02-04-at-13.21.22-3-1536x1024.jpeg 1536w, https:\/\/blognoticias.ecca.edu.es\/wp-content\/uploads\/2025\/02\/WhatsApp-Image-2025-02-04-at-13.21.22-3-2048x1365.jpeg 2048w, https:\/\/blognoticias.ecca.edu.es\/wp-content\/uploads\/2025\/02\/WhatsApp-Image-2025-02-04-at-13.21.22-3-18x12.jpeg 18w\" sizes=\"auto, (max-width: 300px) 100vw, 300px\" \/><\/a>\n\t\t\t<\/div><\/figure><figure class='gallery-item'>\n\t\t\t<div class='gallery-icon landscape'>\n\t\t\t\t<a href='https:\/\/blognoticias.ecca.edu.es\/en\/galdar-acoge-la-exposicion-itinerante-de-ecca-edu-60-anos-transformando-vidas-a-traves-de-la-educacion\/whatsapp-image-2025-02-04-at-13-21-22-2\/'><img loading=\"lazy\" decoding=\"async\" width=\"300\" height=\"200\" src=\"https:\/\/blognoticias.ecca.edu.es\/wp-content\/uploads\/2025\/02\/WhatsApp-Image-2025-02-04-at-13.21.22-2-300x200.jpeg\" class=\"attachment-medium size-medium\" alt=\"exposici\u00f3n ecca.edu en g\u00e1ldar\" srcset=\"https:\/\/blognoticias.ecca.edu.es\/wp-content\/uploads\/2025\/02\/WhatsApp-Image-2025-02-04-at-13.21.22-2-300x200.jpeg 300w, https:\/\/blognoticias.ecca.edu.es\/wp-content\/uploads\/2025\/02\/WhatsApp-Image-2025-02-04-at-13.21.22-2-1024x682.jpeg 1024w, https:\/\/blognoticias.ecca.edu.es\/wp-content\/uploads\/2025\/02\/WhatsApp-Image-2025-02-04-at-13.21.22-2-768x512.jpeg 768w, https:\/\/blognoticias.ecca.edu.es\/wp-content\/uploads\/2025\/02\/WhatsApp-Image-2025-02-04-at-13.21.22-2-1536x1024.jpeg 1536w, https:\/\/blognoticias.ecca.edu.es\/wp-content\/uploads\/2025\/02\/WhatsApp-Image-2025-02-04-at-13.21.22-2-2048x1365.jpeg 2048w, https:\/\/blognoticias.ecca.edu.es\/wp-content\/uploads\/2025\/02\/WhatsApp-Image-2025-02-04-at-13.21.22-2-18x12.jpeg 18w\" sizes=\"auto, (max-width: 300px) 100vw, 300px\" \/><\/a>\n\t\t\t<\/div><\/figure><figure class='gallery-item'>\n\t\t\t<div class='gallery-icon landscape'>\n\t\t\t\t<a href='https:\/\/blognoticias.ecca.edu.es\/en\/galdar-acoge-la-exposicion-itinerante-de-ecca-edu-60-anos-transformando-vidas-a-traves-de-la-educacion\/whatsapp-image-2025-02-04-at-13-21-22-1\/'><img loading=\"lazy\" decoding=\"async\" width=\"300\" height=\"200\" src=\"https:\/\/blognoticias.ecca.edu.es\/wp-content\/uploads\/2025\/02\/WhatsApp-Image-2025-02-04-at-13.21.22-1-300x200.jpeg\" class=\"attachment-medium size-medium\" alt=\"exposici\u00f3n ecca.edu en g\u00e1ldar\" srcset=\"https:\/\/blognoticias.ecca.edu.es\/wp-content\/uploads\/2025\/02\/WhatsApp-Image-2025-02-04-at-13.21.22-1-300x200.jpeg 300w, https:\/\/blognoticias.ecca.edu.es\/wp-content\/uploads\/2025\/02\/WhatsApp-Image-2025-02-04-at-13.21.22-1-1024x682.jpeg 1024w, https:\/\/blognoticias.ecca.edu.es\/wp-content\/uploads\/2025\/02\/WhatsApp-Image-2025-02-04-at-13.21.22-1-768x512.jpeg 768w, https:\/\/blognoticias.ecca.edu.es\/wp-content\/uploads\/2025\/02\/WhatsApp-Image-2025-02-04-at-13.21.22-1-1536x1024.jpeg 1536w, https:\/\/blognoticias.ecca.edu.es\/wp-content\/uploads\/2025\/02\/WhatsApp-Image-2025-02-04-at-13.21.22-1-2048x1365.jpeg 2048w, https:\/\/blognoticias.ecca.edu.es\/wp-content\/uploads\/2025\/02\/WhatsApp-Image-2025-02-04-at-13.21.22-1-18x12.jpeg 18w\" sizes=\"auto, (max-width: 300px) 100vw, 300px\" \/><\/a>\n\t\t\t<\/div><\/figure><figure class='gallery-item'>\n\t\t\t<div class='gallery-icon landscape'>\n\t\t\t\t<a href='https:\/\/blognoticias.ecca.edu.es\/en\/galdar-acoge-la-exposicion-itinerante-de-ecca-edu-60-anos-transformando-vidas-a-traves-de-la-educacion\/whatsapp-image-2025-02-04-at-13-21-22\/'><img loading=\"lazy\" decoding=\"async\" width=\"300\" height=\"191\" src=\"https:\/\/blognoticias.ecca.edu.es\/wp-content\/uploads\/2025\/02\/WhatsApp-Image-2025-02-04-at-13.21.22-300x191.jpeg\" class=\"attachment-medium size-medium\" alt=\"exposici\u00f3n ecca.edu en g\u00e1ldar\" srcset=\"https:\/\/blognoticias.ecca.edu.es\/wp-content\/uploads\/2025\/02\/WhatsApp-Image-2025-02-04-at-13.21.22-300x191.jpeg 300w, https:\/\/blognoticias.ecca.edu.es\/wp-content\/uploads\/2025\/02\/WhatsApp-Image-2025-02-04-at-13.21.22-1024x653.jpeg 1024w, https:\/\/blognoticias.ecca.edu.es\/wp-content\/uploads\/2025\/02\/WhatsApp-Image-2025-02-04-at-13.21.22-768x490.jpeg 768w, https:\/\/blognoticias.ecca.edu.es\/wp-content\/uploads\/2025\/02\/WhatsApp-Image-2025-02-04-at-13.21.22-1536x979.jpeg 1536w, https:\/\/blognoticias.ecca.edu.es\/wp-content\/uploads\/2025\/02\/WhatsApp-Image-2025-02-04-at-13.21.22-2048x1306.jpeg 2048w, https:\/\/blognoticias.ecca.edu.es\/wp-content\/uploads\/2025\/02\/WhatsApp-Image-2025-02-04-at-13.21.22-18x12.jpeg 18w\" sizes=\"auto, (max-width: 300px) 100vw, 300px\" \/><\/a>\n\t\t\t<\/div><\/figure>\n\t\t<\/div>","protected":false},"excerpt":{"rendered":"<p>La muestra de ecca.edu, que relata de forma interactiva las seis d\u00e9cadas de historia de ECCA, estar\u00e1 abierta al p\u00fablico en la Sala S\u00e1bor de las Casas Consistoriales, G\u00e1ldar, del 3 al 12 de febrero En el marco de su 60 aniversario ecca.edu y el Ayuntamiento de G\u00e1ldar presentaron hoy la exposici\u00f3n hist\u00f3rica itinerante 60 [&hellip;]<\/p>","protected":false},"author":3,"featured_media":4902,"comment_status":"closed","ping_status":"closed","sticky":false,"template":"","format":"standard","meta":{"footnotes":""},"categories":[1,102,1293],"tags":[1320,1321,1339,1309,1314,1312,1358,1305,1359],"class_list":["post-4895","post","type-post","status-publish","format-standard","has-post-thumbnail","hentry","category-blog","category-comunicacion","category-noticias","tag-60aniversario","tag-60anostransformandovidas","tag-eccaedu","tag-formacionadistancia","tag-formacionparapersonasadultas","tag-tufuturoaturitmo","tag-ayuntamiento-de-galdar","tag-formacion-para-personas-adultas","tag-galdar"],"yoast_head":"<!-- This site is optimized with the Yoast SEO plugin v25.9 - https:\/\/yoast.com\/wordpress\/plugins\/seo\/ -->\n<title>G\u00e1ldar acoge la exposici\u00f3n itinerante de ecca.edu: 60 a\u00f1os transformando vidas a trav\u00e9s de la educaci\u00f3n<\/title>\n<meta name=\"description\" content=\"ecca.edu y el Ayuntamiento de G\u00e1ldar presentaron hoy la exposici\u00f3n hist\u00f3rica itinerante 60 a\u00f1os transformando vidas a trav\u00e9s de la educaci\u00f3n\" \/>\n<meta name=\"robots\" content=\"index, follow, max-snippet:-1, max-image-preview:large, max-video-preview:-1\" \/>\n<link rel=\"canonical\" href=\"https:\/\/blognoticias.ecca.edu.es\/en\/galdar-acoge-la-exposicion-itinerante-de-ecca-edu-60-anos-transformando-vidas-a-traves-de-la-educacion\/\" \/>\n<meta property=\"og:locale\" content=\"en_GB\" \/>\n<meta property=\"og:type\" content=\"article\" \/>\n<meta property=\"og:title\" content=\"G\u00e1ldar acoge la exposici\u00f3n itinerante de ecca.edu: 60 a\u00f1os transformando vidas a trav\u00e9s de la educaci\u00f3n\" \/>\n<meta property=\"og:description\" content=\"ecca.edu y el Ayuntamiento de G\u00e1ldar presentaron hoy la exposici\u00f3n hist\u00f3rica itinerante 60 a\u00f1os transformando vidas a trav\u00e9s de la educaci\u00f3n\" \/>\n<meta property=\"og:url\" content=\"https:\/\/blognoticias.ecca.edu.es\/en\/galdar-acoge-la-exposicion-itinerante-de-ecca-edu-60-anos-transformando-vidas-a-traves-de-la-educacion\/\" \/>\n<meta property=\"og:site_name\" content=\"Blog Noticias Ecca\" \/>\n<meta property=\"article:publisher\" content=\"https:\/\/www.facebook.com\/ecca.edu.es\" \/>\n<meta property=\"article:published_time\" content=\"2025-02-04T14:37:31+00:00\" \/>\n<meta property=\"article:modified_time\" content=\"2025-02-04T14:39:42+00:00\" \/>\n<meta property=\"og:image\" content=\"https:\/\/blognoticias.ecca.edu.es\/wp-content\/uploads\/2025\/02\/12.png\" \/>\n\t<meta property=\"og:image:width\" content=\"1080\" \/>\n\t<meta property=\"og:image:height\" content=\"1080\" \/>\n\t<meta property=\"og:image:type\" content=\"image\/png\" \/>\n<meta name=\"author\" content=\"Claudia Demetrio\" \/>\n<meta name=\"twitter:card\" content=\"summary_large_image\" \/>\n<meta name=\"twitter:creator\" content=\"@eccaedu\" \/>\n<meta name=\"twitter:site\" content=\"@eccaedu\" \/>\n<meta name=\"twitter:label1\" content=\"Written by\" \/>\n\t<meta name=\"twitter:data1\" content=\"Claudia Demetrio\" \/>\n\t<meta name=\"twitter:label2\" content=\"Estimated reading time\" \/>\n\t<meta name=\"twitter:data2\" content=\"5 minutes\" \/>\n<script type=\"application\/ld+json\" class=\"yoast-schema-graph\">{\"@context\":\"https:\/\/schema.org\",\"@graph\":[{\"@type\":\"Article\",\"@id\":\"https:\/\/blognoticias.ecca.edu.es\/galdar-acoge-la-exposicion-itinerante-de-ecca-edu-60-anos-transformando-vidas-a-traves-de-la-educacion\/#article\",\"isPartOf\":{\"@id\":\"https:\/\/blognoticias.ecca.edu.es\/galdar-acoge-la-exposicion-itinerante-de-ecca-edu-60-anos-transformando-vidas-a-traves-de-la-educacion\/\"},\"author\":{\"name\":\"Claudia Demetrio\",\"@id\":\"https:\/\/blognoticias.ecca.edu.es\/#\/schema\/person\/62a5369feff5134c4bdcafa6d772ea7f\"},\"headline\":\"G\u00e1ldar acoge la exposici\u00f3n itinerante de ecca.edu: 60 a\u00f1os transformando vidas a trav\u00e9s de la educaci\u00f3n\",\"datePublished\":\"2025-02-04T14:37:31+00:00\",\"dateModified\":\"2025-02-04T14:39:42+00:00\",\"mainEntityOfPage\":{\"@id\":\"https:\/\/blognoticias.ecca.edu.es\/galdar-acoge-la-exposicion-itinerante-de-ecca-edu-60-anos-transformando-vidas-a-traves-de-la-educacion\/\"},\"wordCount\":889,\"publisher\":{\"@id\":\"https:\/\/blognoticias.ecca.edu.es\/#organization\"},\"image\":{\"@id\":\"https:\/\/blognoticias.ecca.edu.es\/galdar-acoge-la-exposicion-itinerante-de-ecca-edu-60-anos-transformando-vidas-a-traves-de-la-educacion\/#primaryimage\"},\"thumbnailUrl\":\"https:\/\/blognoticias.ecca.edu.es\/wp-content\/uploads\/2025\/02\/12.png\",\"keywords\":[\"#60aniversario\",\"#60a\u00f1ostransformandovidas\",\"#eccaedu\",\"#Formaci\u00f3nadistancia\",\"#Formaci\u00f3nparapersonasadultas\",\"#Tufuturoaturitmo\",\"Ayuntamiento de G\u00e1ldar\",\"Formaci\u00f3n para personas adultas\",\"G\u00e1ldar\"],\"articleSection\":[\"Blog\",\"Comunicaci\u00f3n\",\"Noticias\"],\"inLanguage\":\"en-GB\"},{\"@type\":\"WebPage\",\"@id\":\"https:\/\/blognoticias.ecca.edu.es\/galdar-acoge-la-exposicion-itinerante-de-ecca-edu-60-anos-transformando-vidas-a-traves-de-la-educacion\/\",\"url\":\"https:\/\/blognoticias.ecca.edu.es\/galdar-acoge-la-exposicion-itinerante-de-ecca-edu-60-anos-transformando-vidas-a-traves-de-la-educacion\/\",\"name\":\"G\u00e1ldar acoge la exposici\u00f3n itinerante de ecca.edu: 60 a\u00f1os transformando vidas a trav\u00e9s de la educaci\u00f3n\",\"isPartOf\":{\"@id\":\"https:\/\/blognoticias.ecca.edu.es\/#website\"},\"primaryImageOfPage\":{\"@id\":\"https:\/\/blognoticias.ecca.edu.es\/galdar-acoge-la-exposicion-itinerante-de-ecca-edu-60-anos-transformando-vidas-a-traves-de-la-educacion\/#primaryimage\"},\"image\":{\"@id\":\"https:\/\/blognoticias.ecca.edu.es\/galdar-acoge-la-exposicion-itinerante-de-ecca-edu-60-anos-transformando-vidas-a-traves-de-la-educacion\/#primaryimage\"},\"thumbnailUrl\":\"https:\/\/blognoticias.ecca.edu.es\/wp-content\/uploads\/2025\/02\/12.png\",\"datePublished\":\"2025-02-04T14:37:31+00:00\",\"dateModified\":\"2025-02-04T14:39:42+00:00\",\"description\":\"ecca.edu y el Ayuntamiento de G\u00e1ldar presentaron hoy la exposici\u00f3n hist\u00f3rica itinerante 60 a\u00f1os transformando vidas a trav\u00e9s de la educaci\u00f3n\",\"breadcrumb\":{\"@id\":\"https:\/\/blognoticias.ecca.edu.es\/galdar-acoge-la-exposicion-itinerante-de-ecca-edu-60-anos-transformando-vidas-a-traves-de-la-educacion\/#breadcrumb\"},\"inLanguage\":\"en-GB\",\"potentialAction\":[{\"@type\":\"ReadAction\",\"target\":[\"https:\/\/blognoticias.ecca.edu.es\/galdar-acoge-la-exposicion-itinerante-de-ecca-edu-60-anos-transformando-vidas-a-traves-de-la-educacion\/\"]}]},{\"@type\":\"ImageObject\",\"inLanguage\":\"en-GB\",\"@id\":\"https:\/\/blognoticias.ecca.edu.es\/galdar-acoge-la-exposicion-itinerante-de-ecca-edu-60-anos-transformando-vidas-a-traves-de-la-educacion\/#primaryimage\",\"url\":\"https:\/\/blognoticias.ecca.edu.es\/wp-content\/uploads\/2025\/02\/12.png\",\"contentUrl\":\"https:\/\/blognoticias.ecca.edu.es\/wp-content\/uploads\/2025\/02\/12.png\",\"width\":1080,\"height\":1080},{\"@type\":\"BreadcrumbList\",\"@id\":\"https:\/\/blognoticias.ecca.edu.es\/galdar-acoge-la-exposicion-itinerante-de-ecca-edu-60-anos-transformando-vidas-a-traves-de-la-educacion\/#breadcrumb\",\"itemListElement\":[{\"@type\":\"ListItem\",\"position\":1,\"name\":\"Portada\",\"item\":\"https:\/\/blognoticias.ecca.edu.es\/\"},{\"@type\":\"ListItem\",\"position\":2,\"name\":\"G\u00e1ldar acoge la exposici\u00f3n itinerante de ecca.edu: 60 a\u00f1os transformando vidas a trav\u00e9s de la educaci\u00f3n\"}]},{\"@type\":\"WebSite\",\"@id\":\"https:\/\/blognoticias.ecca.edu.es\/#website\",\"url\":\"https:\/\/blognoticias.ecca.edu.es\/\",\"name\":\"Blog Noticias Ecca\",\"description\":\"\",\"publisher\":{\"@id\":\"https:\/\/blognoticias.ecca.edu.es\/#organization\"},\"potentialAction\":[{\"@type\":\"SearchAction\",\"target\":{\"@type\":\"EntryPoint\",\"urlTemplate\":\"https:\/\/blognoticias.ecca.edu.es\/?s={search_term_string}\"},\"query-input\":{\"@type\":\"PropertyValueSpecification\",\"valueRequired\":true,\"valueName\":\"search_term_string\"}}],\"inLanguage\":\"en-GB\"},{\"@type\":\"Organization\",\"@id\":\"https:\/\/blognoticias.ecca.edu.es\/#organization\",\"name\":\"Blog Noticias Ecca\",\"url\":\"https:\/\/blognoticias.ecca.edu.es\/\",\"logo\":{\"@type\":\"ImageObject\",\"inLanguage\":\"en-GB\",\"@id\":\"https:\/\/blognoticias.ecca.edu.es\/#\/schema\/logo\/image\/\",\"url\":\"https:\/\/blognoticias.ecca.edu.es\/wp-content\/uploads\/2023\/02\/cropped-cropped-cropped-cropped-Logo-Ecca.edu_.png\",\"contentUrl\":\"https:\/\/blognoticias.ecca.edu.es\/wp-content\/uploads\/2023\/02\/cropped-cropped-cropped-cropped-Logo-Ecca.edu_.png\",\"width\":293,\"height\":45,\"caption\":\"Blog Noticias Ecca\"},\"image\":{\"@id\":\"https:\/\/blognoticias.ecca.edu.es\/#\/schema\/logo\/image\/\"},\"sameAs\":[\"https:\/\/www.facebook.com\/ecca.edu.es\",\"https:\/\/x.com\/eccaedu\",\"https:\/\/www.instagram.com\/\"]},{\"@type\":\"Person\",\"@id\":\"https:\/\/blognoticias.ecca.edu.es\/#\/schema\/person\/62a5369feff5134c4bdcafa6d772ea7f\",\"name\":\"Claudia Demetrio\",\"image\":{\"@type\":\"ImageObject\",\"inLanguage\":\"en-GB\",\"@id\":\"https:\/\/blognoticias.ecca.edu.es\/#\/schema\/person\/image\/\",\"url\":\"https:\/\/blognoticias.ecca.edu.es\/wp-content\/uploads\/2023\/02\/LOGO-ECCAEDU-1-150x150.png\",\"contentUrl\":\"https:\/\/blognoticias.ecca.edu.es\/wp-content\/uploads\/2023\/02\/LOGO-ECCAEDU-1-150x150.png\",\"caption\":\"Claudia Demetrio\"},\"url\":\"https:\/\/blognoticias.ecca.edu.es\/en\/author\/c-demetrio\/\"}]}<\/script>\n<!-- \/ Yoast SEO plugin. -->","yoast_head_json":{"title":"G\u00e1ldar acoge la exposici\u00f3n itinerante de ecca.edu: 60 a\u00f1os transformando vidas a trav\u00e9s de la educaci\u00f3n","description":"ecca.edu y el Ayuntamiento de G\u00e1ldar presentaron hoy la exposici\u00f3n hist\u00f3rica itinerante 60 a\u00f1os transformando vidas a trav\u00e9s de la educaci\u00f3n","robots":{"index":"index","follow":"follow","max-snippet":"max-snippet:-1","max-image-preview":"max-image-preview:large","max-video-preview":"max-video-preview:-1"},"canonical":"https:\/\/blognoticias.ecca.edu.es\/en\/galdar-acoge-la-exposicion-itinerante-de-ecca-edu-60-anos-transformando-vidas-a-traves-de-la-educacion\/","og_locale":"en_GB","og_type":"article","og_title":"G\u00e1ldar acoge la exposici\u00f3n itinerante de ecca.edu: 60 a\u00f1os transformando vidas a trav\u00e9s de la educaci\u00f3n","og_description":"ecca.edu y el Ayuntamiento de G\u00e1ldar presentaron hoy la exposici\u00f3n hist\u00f3rica itinerante 60 a\u00f1os transformando vidas a trav\u00e9s de la educaci\u00f3n","og_url":"https:\/\/blognoticias.ecca.edu.es\/en\/galdar-acoge-la-exposicion-itinerante-de-ecca-edu-60-anos-transformando-vidas-a-traves-de-la-educacion\/","og_site_name":"Blog Noticias Ecca","article_publisher":"https:\/\/www.facebook.com\/ecca.edu.es","article_published_time":"2025-02-04T14:37:31+00:00","article_modified_time":"2025-02-04T14:39:42+00:00","og_image":[{"width":1080,"height":1080,"url":"https:\/\/blognoticias.ecca.edu.es\/wp-content\/uploads\/2025\/02\/12.png","type":"image\/png"}],"author":"Claudia Demetrio","twitter_card":"summary_large_image","twitter_creator":"@eccaedu","twitter_site":"@eccaedu","twitter_misc":{"Written by":"Claudia Demetrio","Estimated reading time":"5 minutes"},"schema":{"@context":"https:\/\/schema.org","@graph":[{"@type":"Article","@id":"https:\/\/blognoticias.ecca.edu.es\/galdar-acoge-la-exposicion-itinerante-de-ecca-edu-60-anos-transformando-vidas-a-traves-de-la-educacion\/#article","isPartOf":{"@id":"https:\/\/blognoticias.ecca.edu.es\/galdar-acoge-la-exposicion-itinerante-de-ecca-edu-60-anos-transformando-vidas-a-traves-de-la-educacion\/"},"author":{"name":"Claudia Demetrio","@id":"https:\/\/blognoticias.ecca.edu.es\/#\/schema\/person\/62a5369feff5134c4bdcafa6d772ea7f"},"headline":"G\u00e1ldar acoge la exposici\u00f3n itinerante de ecca.edu: 60 a\u00f1os transformando vidas a trav\u00e9s de la educaci\u00f3n","datePublished":"2025-02-04T14:37:31+00:00","dateModified":"2025-02-04T14:39:42+00:00","mainEntityOfPage":{"@id":"https:\/\/blognoticias.ecca.edu.es\/galdar-acoge-la-exposicion-itinerante-de-ecca-edu-60-anos-transformando-vidas-a-traves-de-la-educacion\/"},"wordCount":889,"publisher":{"@id":"https:\/\/blognoticias.ecca.edu.es\/#organization"},"image":{"@id":"https:\/\/blognoticias.ecca.edu.es\/galdar-acoge-la-exposicion-itinerante-de-ecca-edu-60-anos-transformando-vidas-a-traves-de-la-educacion\/#primaryimage"},"thumbnailUrl":"https:\/\/blognoticias.ecca.edu.es\/wp-content\/uploads\/2025\/02\/12.png","keywords":["#60aniversario","#60a\u00f1ostransformandovidas","#eccaedu","#Formaci\u00f3nadistancia","#Formaci\u00f3nparapersonasadultas","#Tufuturoaturitmo","Ayuntamiento de G\u00e1ldar","Formaci\u00f3n para personas adultas","G\u00e1ldar"],"articleSection":["Blog","Comunicaci\u00f3n","Noticias"],"inLanguage":"en-GB"},{"@type":"WebPage","@id":"https:\/\/blognoticias.ecca.edu.es\/galdar-acoge-la-exposicion-itinerante-de-ecca-edu-60-anos-transformando-vidas-a-traves-de-la-educacion\/","url":"https:\/\/blognoticias.ecca.edu.es\/galdar-acoge-la-exposicion-itinerante-de-ecca-edu-60-anos-transformando-vidas-a-traves-de-la-educacion\/","name":"G\u00e1ldar acoge la exposici\u00f3n itinerante de ecca.edu: 60 a\u00f1os transformando vidas a trav\u00e9s de la educaci\u00f3n","isPartOf":{"@id":"https:\/\/blognoticias.ecca.edu.es\/#website"},"primaryImageOfPage":{"@id":"https:\/\/blognoticias.ecca.edu.es\/galdar-acoge-la-exposicion-itinerante-de-ecca-edu-60-anos-transformando-vidas-a-traves-de-la-educacion\/#primaryimage"},"image":{"@id":"https:\/\/blognoticias.ecca.edu.es\/galdar-acoge-la-exposicion-itinerante-de-ecca-edu-60-anos-transformando-vidas-a-traves-de-la-educacion\/#primaryimage"},"thumbnailUrl":"https:\/\/blognoticias.ecca.edu.es\/wp-content\/uploads\/2025\/02\/12.png","datePublished":"2025-02-04T14:37:31+00:00","dateModified":"2025-02-04T14:39:42+00:00","description":"ecca.edu y el Ayuntamiento de G\u00e1ldar presentaron hoy la exposici\u00f3n hist\u00f3rica itinerante 60 a\u00f1os transformando vidas a trav\u00e9s de la educaci\u00f3n","breadcrumb":{"@id":"https:\/\/blognoticias.ecca.edu.es\/galdar-acoge-la-exposicion-itinerante-de-ecca-edu-60-anos-transformando-vidas-a-traves-de-la-educacion\/#breadcrumb"},"inLanguage":"en-GB","potentialAction":[{"@type":"ReadAction","target":["https:\/\/blognoticias.ecca.edu.es\/galdar-acoge-la-exposicion-itinerante-de-ecca-edu-60-anos-transformando-vidas-a-traves-de-la-educacion\/"]}]},{"@type":"ImageObject","inLanguage":"en-GB","@id":"https:\/\/blognoticias.ecca.edu.es\/galdar-acoge-la-exposicion-itinerante-de-ecca-edu-60-anos-transformando-vidas-a-traves-de-la-educacion\/#primaryimage","url":"https:\/\/blognoticias.ecca.edu.es\/wp-content\/uploads\/2025\/02\/12.png","contentUrl":"https:\/\/blognoticias.ecca.edu.es\/wp-content\/uploads\/2025\/02\/12.png","width":1080,"height":1080},{"@type":"BreadcrumbList","@id":"https:\/\/blognoticias.ecca.edu.es\/galdar-acoge-la-exposicion-itinerante-de-ecca-edu-60-anos-transformando-vidas-a-traves-de-la-educacion\/#breadcrumb","itemListElement":[{"@type":"ListItem","position":1,"name":"Portada","item":"https:\/\/blognoticias.ecca.edu.es\/"},{"@type":"ListItem","position":2,"name":"G\u00e1ldar acoge la exposici\u00f3n itinerante de ecca.edu: 60 a\u00f1os transformando vidas a trav\u00e9s de la educaci\u00f3n"}]},{"@type":"WebSite","@id":"https:\/\/blognoticias.ecca.edu.es\/#website","url":"https:\/\/blognoticias.ecca.edu.es\/","name":"Blog Noticias Ecca","description":"","publisher":{"@id":"https:\/\/blognoticias.ecca.edu.es\/#organization"},"potentialAction":[{"@type":"SearchAction","target":{"@type":"EntryPoint","urlTemplate":"https:\/\/blognoticias.ecca.edu.es\/?s={search_term_string}"},"query-input":{"@type":"PropertyValueSpecification","valueRequired":true,"valueName":"search_term_string"}}],"inLanguage":"en-GB"},{"@type":"Organization","@id":"https:\/\/blognoticias.ecca.edu.es\/#organization","name":"Blog Noticias Ecca","url":"https:\/\/blognoticias.ecca.edu.es\/","logo":{"@type":"ImageObject","inLanguage":"en-GB","@id":"https:\/\/blognoticias.ecca.edu.es\/#\/schema\/logo\/image\/","url":"https:\/\/blognoticias.ecca.edu.es\/wp-content\/uploads\/2023\/02\/cropped-cropped-cropped-cropped-Logo-Ecca.edu_.png","contentUrl":"https:\/\/blognoticias.ecca.edu.es\/wp-content\/uploads\/2023\/02\/cropped-cropped-cropped-cropped-Logo-Ecca.edu_.png","width":293,"height":45,"caption":"Blog Noticias Ecca"},"image":{"@id":"https:\/\/blognoticias.ecca.edu.es\/#\/schema\/logo\/image\/"},"sameAs":["https:\/\/www.facebook.com\/ecca.edu.es","https:\/\/x.com\/eccaedu","https:\/\/www.instagram.com\/"]},{"@type":"Person","@id":"https:\/\/blognoticias.ecca.edu.es\/#\/schema\/person\/62a5369feff5134c4bdcafa6d772ea7f","name":"Claudia Demetrio","image":{"@type":"ImageObject","inLanguage":"en-GB","@id":"https:\/\/blognoticias.ecca.edu.es\/#\/schema\/person\/image\/","url":"https:\/\/blognoticias.ecca.edu.es\/wp-content\/uploads\/2023\/02\/LOGO-ECCAEDU-1-150x150.png","contentUrl":"https:\/\/blognoticias.ecca.edu.es\/wp-content\/uploads\/2023\/02\/LOGO-ECCAEDU-1-150x150.png","caption":"Claudia Demetrio"},"url":"https:\/\/blognoticias.ecca.edu.es\/en\/author\/c-demetrio\/"}]}},"_links":{"self":[{"href":"https:\/\/blognoticias.ecca.edu.es\/en\/wp-json\/wp\/v2\/posts\/4895","targetHints":{"allow":["GET"]}}],"collection":[{"href":"https:\/\/blognoticias.ecca.edu.es\/en\/wp-json\/wp\/v2\/posts"}],"about":[{"href":"https:\/\/blognoticias.ecca.edu.es\/en\/wp-json\/wp\/v2\/types\/post"}],"author":[{"embeddable":true,"href":"https:\/\/blognoticias.ecca.edu.es\/en\/wp-json\/wp\/v2\/users\/3"}],"replies":[{"embeddable":true,"href":"https:\/\/blognoticias.ecca.edu.es\/en\/wp-json\/wp\/v2\/comments?post=4895"}],"version-history":[{"count":2,"href":"https:\/\/blognoticias.ecca.edu.es\/en\/wp-json\/wp\/v2\/posts\/4895\/revisions"}],"predecessor-version":[{"id":4904,"href":"https:\/\/blognoticias.ecca.edu.es\/en\/wp-json\/wp\/v2\/posts\/4895\/revisions\/4904"}],"wp:featuredmedia":[{"embeddable":true,"href":"https:\/\/blognoticias.ecca.edu.es\/en\/wp-json\/wp\/v2\/media\/4902"}],"wp:attachment":[{"href":"https:\/\/blognoticias.ecca.edu.es\/en\/wp-json\/wp\/v2\/media?parent=4895"}],"wp:term":[{"taxonomy":"category","embeddable":true,"href":"https:\/\/blognoticias.ecca.edu.es\/en\/wp-json\/wp\/v2\/categories?post=4895"},{"taxonomy":"post_tag","embeddable":true,"href":"https:\/\/blognoticias.ecca.edu.es\/en\/wp-json\/wp\/v2\/tags?post=4895"}],"curies":[{"name":"wp","href":"https:\/\/api.w.org\/{rel}","templated":true}]}}