{"id":4863,"date":"2025-01-21T14:56:53","date_gmt":"2025-01-21T14:56:53","guid":{"rendered":"https:\/\/blognoticias.ecca.edu.es\/?p=4863"},"modified":"2025-01-22T10:04:03","modified_gmt":"2025-01-22T10:04:03","slug":"ecca-edu-y-el-ayuntamiento-de-adeje-inauguran-la-exposicion-historica-itinerante-60-anos-transformando-vidas-a-traves-de-la-educacion","status":"publish","type":"post","link":"https:\/\/blognoticias.ecca.edu.es\/en\/ecca-edu-y-el-ayuntamiento-de-adeje-inauguran-la-exposicion-historica-itinerante-60-anos-transformando-vidas-a-traves-de-la-educacion\/","title":{"rendered":"ecca.edu y el Ayuntamiento de Adeje inauguran la exposici\u00f3n: 60 a\u00f1os transformando vidas a trav\u00e9s de la educaci\u00f3n"},"content":{"rendered":"<div class='booster-block booster-read-block'>\n                <div class=\"twp-read-time\">\n                \t<i class=\"booster-icon twp-clock\"><\/i> <span>Tiempo de lectura:<\/span>2 Minutos, 15 Segundos                <\/div>\n\n            <\/div><ul>\n<li><a href=\"https:\/\/blognoticias.ecca.edu.es\/en\/exposicion-ecca-edu-60-anos-transformando-vidas-a-traves-de-la-educacion\/\"><em><strong>Exposici\u00f3n ecca.edu: 60 a\u00f1os transformando vidas a trav\u00e9s de la educaci\u00f3n<\/strong><\/em><\/a><\/li>\n<\/ul>\n<p><span style=\"font-weight: 400;\">En el marco de su 60 aniversario <\/span><b>ecca.edu<\/b><span style=\"font-weight: 400;\"> ha inaugurado hoy su exposici\u00f3n hist\u00f3rica itinerante <\/span><i><span style=\"font-weight: 400;\">60 a\u00f1os t<\/span><\/i><i>ransformando vidas a trav\u00e9s de la educaci\u00f3n<\/i> en el Auditorio de Adeje. Esta muestra, que celebra seis d\u00e9cadas de compromiso con la educaci\u00f3n a distancia para personas adultas. La exposici\u00f3n estar\u00e1 abierta al p\u00fablico hasta el pr\u00f3ximo 31 de enero.<\/p>\n<p><span style=\"font-weight: 400;\">El acto cont\u00f3 con la participaci\u00f3n del director general de ecca.edu, Jos\u00e9 Mar\u00eda Segura S.J., el concejal de Cultura, Deportes y Educaci\u00f3n, Adolfo Alonso, la concejala delegada de Educaci\u00f3n y Escuela Infantil, Coraima Afons, y concejala del \u00e1rea de Salud del Ayuntamiento de Adeje, Esther Rivero.\u00a0<\/span><\/p>\n<p><a><em><strong><img loading=\"lazy\" decoding=\"async\" class=\"aligncenter wp-image-4869\" src=\"https:\/\/blognoticias.ecca.edu.es\/wp-content\/uploads\/2025\/01\/ecca.edu-y-el-Ayuntamiento-de-Adeje-inauguran-la-exposicion-historica-itinerante-60-anos-transformando-vidas-a-traves-de-la-educacion-210125-1-1024x768.jpg\" alt=\"director general de ecca.edu, Jos\u00e9 Mar\u00eda Segura S.J., el concejal de Cultura, Deportes y Educaci\u00f3n, Adolfo Alonso, la concejala delegada de Educaci\u00f3n y Escuela Infantil, Coraima Afons, y concejala del \u00e1rea de Salud del Ayuntamiento de Adeje, Esther Rivero. \" width=\"489\" height=\"367\" \/><\/strong><\/em><\/a><\/p>\n<p>Asimismo, la inauguraci\u00f3n de la exposici\u00f3n en Adeje cont\u00f3 con un nutrido grupo de docentes y antiguos estudiantes. Tambi\u00e9n asisti\u00f3 alumnado actual de la entidad que no quiso perder la oportunidad de contemplar la muestra en este municipio tinerfe\u00f1o.<\/p>\n<h2><b>Una colaboraci\u00f3n que refuerza el compromiso con la educaci\u00f3n<\/b><b><br \/>\n<\/b><\/h2>\n<p><span style=\"font-weight: 400;\">El director general de ecca.edu expres\u00f3 su gratitud al Ayuntamiento de Adeje por acoger esta exposici\u00f3n y destac\u00f3: \u201cNuestra alianza con el Ayuntamiento demuestra que compartimos un objetivo com\u00fan: garantizar el acceso a una educaci\u00f3n inclusiva, equitativa y de calidad para todas las personas\u201d.<\/span><\/p>\n<p>Por su parte, Adolfo Alonso subray\u00f3 la relevancia que tiene para el municipio de Adeje la alianza con ecca.edu. De igual modo, detall\u00f3 que la entidad es un referente hist\u00f3rico en el plano educativo capaz de dar oportunidades a alumnado que lo necesita.<\/p>\n<h2><b>Una experiencia interactiva y transformadora<\/b><b><br \/>\n<\/b><\/h2>\n<p><span style=\"font-weight: 400;\">La exposici\u00f3n, compuesta por 21 paneles interactivos y recursos multimedia, recorre los hitos m\u00e1s importantes de la historia de ecca.edu desde 1964. Adem\u00e1s, ofrece herramientas digitales que permiten a los visitantes profundizar en la trayectoria de la instituci\u00f3n y su impacto en la educaci\u00f3n para personas adultas. Toda la informaci\u00f3n est\u00e1 ampliada en la web <\/span><a href=\"https:\/\/ecca.edu.es\/nuestra-historia\/\"><span style=\"font-weight: 400;\">https:\/\/ecca.edu.es\/nuestra-historia\/<\/span><\/a><span style=\"font-weight: 400;\">\u00a0<\/span><\/p>\n<h2><b>Pr\u00f3ximas paradas de la exposici\u00f3n de ecca.edu<\/b><b><br \/>\n<\/b><\/h2>\n<p><span style=\"font-weight: 400;\">La muestra continuar\u00e1 su ruta itinerante durante 2025, visitando diversos municipios, cabildos y entidades de Canarias, entre ellos, La Laguna, Granadilla de Abona, Parlamento de Canarias e Icod de los Vinos.\u00a0<\/span><\/p>\n<p><b>Invitaci\u00f3n abierta al p\u00fablico<\/b><b><br \/>\n<\/b><span style=\"font-weight: 400;\">ecca.edu invita a toda la comunidad educativa y al p\u00fablico en general a visitar esta muestra y conocer su papel transformador en la historia educativa de Canarias.<\/span><\/p>\n<h2><b>Informaci\u00f3n pr\u00e1ctica<\/b><\/h2>\n<ul>\n<li style=\"font-weight: 400;\" aria-level=\"1\"><b>Ubicaci\u00f3n<\/b><span style=\"font-weight: 400;\">: <a href=\"https:\/\/www.google.com\/maps\/place\/\/data=!4m2!3m1!1s0xc6a918d412b5e71:0x6bb878308c1750e5?sa=X&amp;ved=1t:8290&amp;ictx=111\">Auditorio de Adeje, C. Universidad de la Laguna, 38670 Adeje, Santa Cruz de Tenerife.<\/a><\/span><\/li>\n<li style=\"font-weight: 400;\" aria-level=\"1\"><b>Fechas<\/b><span style=\"font-weight: 400;\">: Del 21 al 31 de enero de 2025.<\/span><\/li>\n<\/ul>\n<p><b>Horarios<\/b><span style=\"font-weight: 400;\">: De lunes a viernes, de 09:00 a 13:00 h y de 17:00 a 20:00 h.<\/span><\/p>\n<div id='gallery-1' class='gallery galleryid-4863 gallery-columns-3 gallery-size-medium'><figure class='gallery-item'>\n\t\t\t<div class='gallery-icon landscape'>\n\t\t\t\t<a href='https:\/\/blognoticias.ecca.edu.es\/en\/ecca-edu-y-el-ayuntamiento-de-adeje-inauguran-la-exposicion-historica-itinerante-60-anos-transformando-vidas-a-traves-de-la-educacion\/ecca-edu-y-el-ayuntamiento-de-adeje-inauguran-la-exposicion-historica-itinerante-60-anos-transformando-vidas-a-traves-de-la-educacion-210125-1\/'><img loading=\"lazy\" decoding=\"async\" width=\"300\" height=\"225\" src=\"https:\/\/blognoticias.ecca.edu.es\/wp-content\/uploads\/2025\/01\/ecca.edu-y-el-Ayuntamiento-de-Adeje-inauguran-la-exposicion-historica-itinerante-60-anos-transformando-vidas-a-traves-de-la-educacion-210125-1-300x225.jpg\" class=\"attachment-medium size-medium\" alt=\"director general de ecca.edu, Jos\u00e9 Mar\u00eda Segura S.J., el concejal de Cultura, Deportes y Educaci\u00f3n, Adolfo Alonso, la concejala delegada de Educaci\u00f3n y Escuela Infantil, Coraima Afons, y concejala del \u00e1rea de Salud del Ayuntamiento de Adeje, Esther Rivero.\" srcset=\"https:\/\/blognoticias.ecca.edu.es\/wp-content\/uploads\/2025\/01\/ecca.edu-y-el-Ayuntamiento-de-Adeje-inauguran-la-exposicion-historica-itinerante-60-anos-transformando-vidas-a-traves-de-la-educacion-210125-1-300x225.jpg 300w, https:\/\/blognoticias.ecca.edu.es\/wp-content\/uploads\/2025\/01\/ecca.edu-y-el-Ayuntamiento-de-Adeje-inauguran-la-exposicion-historica-itinerante-60-anos-transformando-vidas-a-traves-de-la-educacion-210125-1-1024x768.jpg 1024w, https:\/\/blognoticias.ecca.edu.es\/wp-content\/uploads\/2025\/01\/ecca.edu-y-el-Ayuntamiento-de-Adeje-inauguran-la-exposicion-historica-itinerante-60-anos-transformando-vidas-a-traves-de-la-educacion-210125-1-768x576.jpg 768w, https:\/\/blognoticias.ecca.edu.es\/wp-content\/uploads\/2025\/01\/ecca.edu-y-el-Ayuntamiento-de-Adeje-inauguran-la-exposicion-historica-itinerante-60-anos-transformando-vidas-a-traves-de-la-educacion-210125-1-1536x1152.jpg 1536w, https:\/\/blognoticias.ecca.edu.es\/wp-content\/uploads\/2025\/01\/ecca.edu-y-el-Ayuntamiento-de-Adeje-inauguran-la-exposicion-historica-itinerante-60-anos-transformando-vidas-a-traves-de-la-educacion-210125-1-2048x1536.jpg 2048w, https:\/\/blognoticias.ecca.edu.es\/wp-content\/uploads\/2025\/01\/ecca.edu-y-el-Ayuntamiento-de-Adeje-inauguran-la-exposicion-historica-itinerante-60-anos-transformando-vidas-a-traves-de-la-educacion-210125-1-16x12.jpg 16w, https:\/\/blognoticias.ecca.edu.es\/wp-content\/uploads\/2025\/01\/ecca.edu-y-el-Ayuntamiento-de-Adeje-inauguran-la-exposicion-historica-itinerante-60-anos-transformando-vidas-a-traves-de-la-educacion-210125-1-scaled-e1737535815771.jpg 1067w\" sizes=\"auto, (max-width: 300px) 100vw, 300px\" \/><\/a>\n\t\t\t<\/div><\/figure><figure class='gallery-item'>\n\t\t\t<div class='gallery-icon portrait'>\n\t\t\t\t<a href='https:\/\/blognoticias.ecca.edu.es\/en\/ecca-edu-y-el-ayuntamiento-de-adeje-inauguran-la-exposicion-historica-itinerante-60-anos-transformando-vidas-a-traves-de-la-educacion\/ecca-edu-y-el-ayuntamiento-de-adeje-inauguran-la-exposicion-historica-itinerante-60-anos-transformando-vidas-a-traves-de-la-educacion-210125-6\/'><img loading=\"lazy\" decoding=\"async\" width=\"225\" height=\"300\" src=\"https:\/\/blognoticias.ecca.edu.es\/wp-content\/uploads\/2025\/01\/ecca.edu-y-el-Ayuntamiento-de-Adeje-inauguran-la-exposicion-historica-itinerante-60-anos-transformando-vidas-a-traves-de-la-educacion-210125-6-225x300.jpg\" class=\"attachment-medium size-medium\" alt=\"\" srcset=\"https:\/\/blognoticias.ecca.edu.es\/wp-content\/uploads\/2025\/01\/ecca.edu-y-el-Ayuntamiento-de-Adeje-inauguran-la-exposicion-historica-itinerante-60-anos-transformando-vidas-a-traves-de-la-educacion-210125-6-225x300.jpg 225w, https:\/\/blognoticias.ecca.edu.es\/wp-content\/uploads\/2025\/01\/ecca.edu-y-el-Ayuntamiento-de-Adeje-inauguran-la-exposicion-historica-itinerante-60-anos-transformando-vidas-a-traves-de-la-educacion-210125-6-768x1024.jpg 768w, https:\/\/blognoticias.ecca.edu.es\/wp-content\/uploads\/2025\/01\/ecca.edu-y-el-Ayuntamiento-de-Adeje-inauguran-la-exposicion-historica-itinerante-60-anos-transformando-vidas-a-traves-de-la-educacion-210125-6-1152x1536.jpg 1152w, https:\/\/blognoticias.ecca.edu.es\/wp-content\/uploads\/2025\/01\/ecca.edu-y-el-Ayuntamiento-de-Adeje-inauguran-la-exposicion-historica-itinerante-60-anos-transformando-vidas-a-traves-de-la-educacion-210125-6-1536x2048.jpg 1536w, https:\/\/blognoticias.ecca.edu.es\/wp-content\/uploads\/2025\/01\/ecca.edu-y-el-Ayuntamiento-de-Adeje-inauguran-la-exposicion-historica-itinerante-60-anos-transformando-vidas-a-traves-de-la-educacion-210125-6-9x12.jpg 9w, https:\/\/blognoticias.ecca.edu.es\/wp-content\/uploads\/2025\/01\/ecca.edu-y-el-Ayuntamiento-de-Adeje-inauguran-la-exposicion-historica-itinerante-60-anos-transformando-vidas-a-traves-de-la-educacion-210125-6-scaled.jpg 1920w\" sizes=\"auto, (max-width: 225px) 100vw, 225px\" \/><\/a>\n\t\t\t<\/div><\/figure><figure class='gallery-item'>\n\t\t\t<div class='gallery-icon landscape'>\n\t\t\t\t<a href='https:\/\/blognoticias.ecca.edu.es\/en\/ecca-edu-y-el-ayuntamiento-de-adeje-inauguran-la-exposicion-historica-itinerante-60-anos-transformando-vidas-a-traves-de-la-educacion\/ecca-edu-y-el-ayuntamiento-de-adeje-inauguran-la-exposicion-historica-itinerante-60-anos-transformando-vidas-a-traves-de-la-educacion-210125-5\/'><img loading=\"lazy\" decoding=\"async\" width=\"300\" height=\"225\" src=\"https:\/\/blognoticias.ecca.edu.es\/wp-content\/uploads\/2025\/01\/ecca.edu-y-el-Ayuntamiento-de-Adeje-inauguran-la-exposicion-historica-itinerante-60-anos-transformando-vidas-a-traves-de-la-educacion-210125-5-300x225.jpg\" class=\"attachment-medium size-medium\" alt=\"\" srcset=\"https:\/\/blognoticias.ecca.edu.es\/wp-content\/uploads\/2025\/01\/ecca.edu-y-el-Ayuntamiento-de-Adeje-inauguran-la-exposicion-historica-itinerante-60-anos-transformando-vidas-a-traves-de-la-educacion-210125-5-300x225.jpg 300w, https:\/\/blognoticias.ecca.edu.es\/wp-content\/uploads\/2025\/01\/ecca.edu-y-el-Ayuntamiento-de-Adeje-inauguran-la-exposicion-historica-itinerante-60-anos-transformando-vidas-a-traves-de-la-educacion-210125-5-1024x768.jpg 1024w, https:\/\/blognoticias.ecca.edu.es\/wp-content\/uploads\/2025\/01\/ecca.edu-y-el-Ayuntamiento-de-Adeje-inauguran-la-exposicion-historica-itinerante-60-anos-transformando-vidas-a-traves-de-la-educacion-210125-5-768x576.jpg 768w, https:\/\/blognoticias.ecca.edu.es\/wp-content\/uploads\/2025\/01\/ecca.edu-y-el-Ayuntamiento-de-Adeje-inauguran-la-exposicion-historica-itinerante-60-anos-transformando-vidas-a-traves-de-la-educacion-210125-5-1536x1152.jpg 1536w, https:\/\/blognoticias.ecca.edu.es\/wp-content\/uploads\/2025\/01\/ecca.edu-y-el-Ayuntamiento-de-Adeje-inauguran-la-exposicion-historica-itinerante-60-anos-transformando-vidas-a-traves-de-la-educacion-210125-5-2048x1536.jpg 2048w, https:\/\/blognoticias.ecca.edu.es\/wp-content\/uploads\/2025\/01\/ecca.edu-y-el-Ayuntamiento-de-Adeje-inauguran-la-exposicion-historica-itinerante-60-anos-transformando-vidas-a-traves-de-la-educacion-210125-5-16x12.jpg 16w\" sizes=\"auto, (max-width: 300px) 100vw, 300px\" \/><\/a>\n\t\t\t<\/div><\/figure><figure class='gallery-item'>\n\t\t\t<div class='gallery-icon portrait'>\n\t\t\t\t<a href='https:\/\/blognoticias.ecca.edu.es\/en\/ecca-edu-y-el-ayuntamiento-de-adeje-inauguran-la-exposicion-historica-itinerante-60-anos-transformando-vidas-a-traves-de-la-educacion\/ecca-edu-y-el-ayuntamiento-de-adeje-inauguran-la-exposicion-historica-itinerante-60-anos-transformando-vidas-a-traves-de-la-educacion-210125-4\/'><img loading=\"lazy\" decoding=\"async\" width=\"225\" height=\"300\" src=\"https:\/\/blognoticias.ecca.edu.es\/wp-content\/uploads\/2025\/01\/ecca.edu-y-el-Ayuntamiento-de-Adeje-inauguran-la-exposicion-historica-itinerante-60-anos-transformando-vidas-a-traves-de-la-educacion-210125-4-225x300.jpg\" class=\"attachment-medium size-medium\" alt=\"\" srcset=\"https:\/\/blognoticias.ecca.edu.es\/wp-content\/uploads\/2025\/01\/ecca.edu-y-el-Ayuntamiento-de-Adeje-inauguran-la-exposicion-historica-itinerante-60-anos-transformando-vidas-a-traves-de-la-educacion-210125-4-225x300.jpg 225w, https:\/\/blognoticias.ecca.edu.es\/wp-content\/uploads\/2025\/01\/ecca.edu-y-el-Ayuntamiento-de-Adeje-inauguran-la-exposicion-historica-itinerante-60-anos-transformando-vidas-a-traves-de-la-educacion-210125-4-768x1024.jpg 768w, https:\/\/blognoticias.ecca.edu.es\/wp-content\/uploads\/2025\/01\/ecca.edu-y-el-Ayuntamiento-de-Adeje-inauguran-la-exposicion-historica-itinerante-60-anos-transformando-vidas-a-traves-de-la-educacion-210125-4-1152x1536.jpg 1152w, https:\/\/blognoticias.ecca.edu.es\/wp-content\/uploads\/2025\/01\/ecca.edu-y-el-Ayuntamiento-de-Adeje-inauguran-la-exposicion-historica-itinerante-60-anos-transformando-vidas-a-traves-de-la-educacion-210125-4-1536x2048.jpg 1536w, https:\/\/blognoticias.ecca.edu.es\/wp-content\/uploads\/2025\/01\/ecca.edu-y-el-Ayuntamiento-de-Adeje-inauguran-la-exposicion-historica-itinerante-60-anos-transformando-vidas-a-traves-de-la-educacion-210125-4-9x12.jpg 9w, https:\/\/blognoticias.ecca.edu.es\/wp-content\/uploads\/2025\/01\/ecca.edu-y-el-Ayuntamiento-de-Adeje-inauguran-la-exposicion-historica-itinerante-60-anos-transformando-vidas-a-traves-de-la-educacion-210125-4-scaled.jpg 1920w\" sizes=\"auto, (max-width: 225px) 100vw, 225px\" \/><\/a>\n\t\t\t<\/div><\/figure><figure class='gallery-item'>\n\t\t\t<div class='gallery-icon portrait'>\n\t\t\t\t<a href='https:\/\/blognoticias.ecca.edu.es\/en\/ecca-edu-y-el-ayuntamiento-de-adeje-inauguran-la-exposicion-historica-itinerante-60-anos-transformando-vidas-a-traves-de-la-educacion\/ecca-edu-y-el-ayuntamiento-de-adeje-inauguran-la-exposicion-historica-itinerante-60-anos-transformando-vidas-a-traves-de-la-educacion-210125-3\/'><img loading=\"lazy\" decoding=\"async\" width=\"225\" height=\"300\" src=\"https:\/\/blognoticias.ecca.edu.es\/wp-content\/uploads\/2025\/01\/ecca.edu-y-el-Ayuntamiento-de-Adeje-inauguran-la-exposicion-historica-itinerante-60-anos-transformando-vidas-a-traves-de-la-educacion-210125-3-225x300.jpg\" class=\"attachment-medium size-medium\" alt=\"\" srcset=\"https:\/\/blognoticias.ecca.edu.es\/wp-content\/uploads\/2025\/01\/ecca.edu-y-el-Ayuntamiento-de-Adeje-inauguran-la-exposicion-historica-itinerante-60-anos-transformando-vidas-a-traves-de-la-educacion-210125-3-225x300.jpg 225w, https:\/\/blognoticias.ecca.edu.es\/wp-content\/uploads\/2025\/01\/ecca.edu-y-el-Ayuntamiento-de-Adeje-inauguran-la-exposicion-historica-itinerante-60-anos-transformando-vidas-a-traves-de-la-educacion-210125-3-768x1024.jpg 768w, https:\/\/blognoticias.ecca.edu.es\/wp-content\/uploads\/2025\/01\/ecca.edu-y-el-Ayuntamiento-de-Adeje-inauguran-la-exposicion-historica-itinerante-60-anos-transformando-vidas-a-traves-de-la-educacion-210125-3-1152x1536.jpg 1152w, https:\/\/blognoticias.ecca.edu.es\/wp-content\/uploads\/2025\/01\/ecca.edu-y-el-Ayuntamiento-de-Adeje-inauguran-la-exposicion-historica-itinerante-60-anos-transformando-vidas-a-traves-de-la-educacion-210125-3-1536x2048.jpg 1536w, https:\/\/blognoticias.ecca.edu.es\/wp-content\/uploads\/2025\/01\/ecca.edu-y-el-Ayuntamiento-de-Adeje-inauguran-la-exposicion-historica-itinerante-60-anos-transformando-vidas-a-traves-de-la-educacion-210125-3-9x12.jpg 9w, https:\/\/blognoticias.ecca.edu.es\/wp-content\/uploads\/2025\/01\/ecca.edu-y-el-Ayuntamiento-de-Adeje-inauguran-la-exposicion-historica-itinerante-60-anos-transformando-vidas-a-traves-de-la-educacion-210125-3-scaled.jpg 1920w\" sizes=\"auto, (max-width: 225px) 100vw, 225px\" \/><\/a>\n\t\t\t<\/div><\/figure><figure class='gallery-item'>\n\t\t\t<div class='gallery-icon landscape'>\n\t\t\t\t<a href='https:\/\/blognoticias.ecca.edu.es\/en\/ecca-edu-y-el-ayuntamiento-de-adeje-inauguran-la-exposicion-historica-itinerante-60-anos-transformando-vidas-a-traves-de-la-educacion\/ecca-edu-y-el-ayuntamiento-de-adeje-inauguran-la-exposicion-historica-itinerante-60-anos-transformando-vidas-a-traves-de-la-educacion-210125-2\/'><img loading=\"lazy\" decoding=\"async\" width=\"300\" height=\"225\" src=\"https:\/\/blognoticias.ecca.edu.es\/wp-content\/uploads\/2025\/01\/ecca.edu-y-el-Ayuntamiento-de-Adeje-inauguran-la-exposicion-historica-itinerante-60-anos-transformando-vidas-a-traves-de-la-educacion-210125-2-300x225.jpg\" class=\"attachment-medium size-medium\" alt=\"\" srcset=\"https:\/\/blognoticias.ecca.edu.es\/wp-content\/uploads\/2025\/01\/ecca.edu-y-el-Ayuntamiento-de-Adeje-inauguran-la-exposicion-historica-itinerante-60-anos-transformando-vidas-a-traves-de-la-educacion-210125-2-300x225.jpg 300w, https:\/\/blognoticias.ecca.edu.es\/wp-content\/uploads\/2025\/01\/ecca.edu-y-el-Ayuntamiento-de-Adeje-inauguran-la-exposicion-historica-itinerante-60-anos-transformando-vidas-a-traves-de-la-educacion-210125-2-1024x768.jpg 1024w, https:\/\/blognoticias.ecca.edu.es\/wp-content\/uploads\/2025\/01\/ecca.edu-y-el-Ayuntamiento-de-Adeje-inauguran-la-exposicion-historica-itinerante-60-anos-transformando-vidas-a-traves-de-la-educacion-210125-2-768x576.jpg 768w, https:\/\/blognoticias.ecca.edu.es\/wp-content\/uploads\/2025\/01\/ecca.edu-y-el-Ayuntamiento-de-Adeje-inauguran-la-exposicion-historica-itinerante-60-anos-transformando-vidas-a-traves-de-la-educacion-210125-2-1536x1152.jpg 1536w, https:\/\/blognoticias.ecca.edu.es\/wp-content\/uploads\/2025\/01\/ecca.edu-y-el-Ayuntamiento-de-Adeje-inauguran-la-exposicion-historica-itinerante-60-anos-transformando-vidas-a-traves-de-la-educacion-210125-2-2048x1536.jpg 2048w, https:\/\/blognoticias.ecca.edu.es\/wp-content\/uploads\/2025\/01\/ecca.edu-y-el-Ayuntamiento-de-Adeje-inauguran-la-exposicion-historica-itinerante-60-anos-transformando-vidas-a-traves-de-la-educacion-210125-2-16x12.jpg 16w\" sizes=\"auto, (max-width: 300px) 100vw, 300px\" \/><\/a>\n\t\t\t<\/div><\/figure>\n\t\t<\/div>","protected":false},"excerpt":{"rendered":"<p>Exposici\u00f3n ecca.edu: 60 a\u00f1os transformando vidas a trav\u00e9s de la educaci\u00f3n En el marco de su 60 aniversario ecca.edu ha inaugurado hoy su exposici\u00f3n hist\u00f3rica itinerante 60 a\u00f1os transformando vidas a trav\u00e9s de la educaci\u00f3n en el Auditorio de Adeje. Esta muestra, que celebra seis d\u00e9cadas de compromiso con la educaci\u00f3n a distancia para personas [&hellip;]<\/p>","protected":false},"author":3,"featured_media":4871,"comment_status":"closed","ping_status":"closed","sticky":false,"template":"","format":"standard","meta":{"footnotes":""},"categories":[1,1293],"tags":[1321,1339,1351,1352,1353],"class_list":["post-4863","post","type-post","status-publish","format-standard","has-post-thumbnail","hentry","category-blog","category-noticias","tag-60anostransformandovidas","tag-eccaedu","tag-auditorio-adeje","tag-ayuntamiento-de-adeje","tag-exposicion-ecca"],"yoast_head":"<!-- This site is optimized with the Yoast SEO plugin v25.9 - https:\/\/yoast.com\/wordpress\/plugins\/seo\/ -->\n<title>ecca.edu y el Ayuntamiento de Adeje inauguran la exposici\u00f3n: 60 a\u00f1os transformando vidas a trav\u00e9s de la educaci\u00f3n<\/title>\n<meta name=\"description\" content=\"ecca.edu inaugura su exposici\u00f3n hist\u00f3rica itinerante 60 a\u00f1os transformando vidas a trav\u00e9s de la educaci\u00f3n en el Auditorio de Adeje\" \/>\n<meta name=\"robots\" content=\"index, follow, max-snippet:-1, max-image-preview:large, max-video-preview:-1\" \/>\n<link rel=\"canonical\" href=\"https:\/\/blognoticias.ecca.edu.es\/en\/ecca-edu-y-el-ayuntamiento-de-adeje-inauguran-la-exposicion-historica-itinerante-60-anos-transformando-vidas-a-traves-de-la-educacion\/\" \/>\n<meta property=\"og:locale\" content=\"en_GB\" \/>\n<meta property=\"og:type\" content=\"article\" \/>\n<meta property=\"og:title\" content=\"ecca.edu y el Ayuntamiento de Adeje inauguran la exposici\u00f3n: 60 a\u00f1os transformando vidas a trav\u00e9s de la educaci\u00f3n\" \/>\n<meta property=\"og:description\" content=\"ecca.edu inaugura su exposici\u00f3n hist\u00f3rica itinerante 60 a\u00f1os transformando vidas a trav\u00e9s de la educaci\u00f3n en el Auditorio de Adeje\" \/>\n<meta property=\"og:url\" content=\"https:\/\/blognoticias.ecca.edu.es\/en\/ecca-edu-y-el-ayuntamiento-de-adeje-inauguran-la-exposicion-historica-itinerante-60-anos-transformando-vidas-a-traves-de-la-educacion\/\" \/>\n<meta property=\"og:site_name\" content=\"Blog Noticias Ecca\" \/>\n<meta property=\"article:publisher\" content=\"https:\/\/www.facebook.com\/ecca.edu.es\" \/>\n<meta property=\"article:published_time\" content=\"2025-01-21T14:56:53+00:00\" \/>\n<meta property=\"article:modified_time\" content=\"2025-01-22T10:04:03+00:00\" \/>\n<meta property=\"og:image\" content=\"https:\/\/blognoticias.ecca.edu.es\/wp-content\/uploads\/2025\/01\/Post-Instagram-cuadrado-28.png\" \/>\n\t<meta property=\"og:image:width\" content=\"1080\" \/>\n\t<meta property=\"og:image:height\" content=\"1080\" \/>\n\t<meta property=\"og:image:type\" content=\"image\/png\" \/>\n<meta name=\"author\" content=\"Claudia Demetrio\" \/>\n<meta name=\"twitter:card\" content=\"summary_large_image\" \/>\n<meta name=\"twitter:creator\" content=\"@eccaedu\" \/>\n<meta name=\"twitter:site\" content=\"@eccaedu\" \/>\n<meta name=\"twitter:label1\" content=\"Written by\" \/>\n\t<meta name=\"twitter:data1\" content=\"Claudia Demetrio\" \/>\n\t<meta name=\"twitter:label2\" content=\"Estimated reading time\" \/>\n\t<meta name=\"twitter:data2\" content=\"3 minutes\" \/>\n<script type=\"application\/ld+json\" class=\"yoast-schema-graph\">{\"@context\":\"https:\/\/schema.org\",\"@graph\":[{\"@type\":\"Article\",\"@id\":\"https:\/\/blognoticias.ecca.edu.es\/ecca-edu-y-el-ayuntamiento-de-adeje-inauguran-la-exposicion-historica-itinerante-60-anos-transformando-vidas-a-traves-de-la-educacion\/#article\",\"isPartOf\":{\"@id\":\"https:\/\/blognoticias.ecca.edu.es\/ecca-edu-y-el-ayuntamiento-de-adeje-inauguran-la-exposicion-historica-itinerante-60-anos-transformando-vidas-a-traves-de-la-educacion\/\"},\"author\":{\"name\":\"Claudia Demetrio\",\"@id\":\"https:\/\/blognoticias.ecca.edu.es\/#\/schema\/person\/62a5369feff5134c4bdcafa6d772ea7f\"},\"headline\":\"ecca.edu y el Ayuntamiento de Adeje inauguran la exposici\u00f3n: 60 a\u00f1os transformando vidas a trav\u00e9s de la educaci\u00f3n\",\"datePublished\":\"2025-01-21T14:56:53+00:00\",\"dateModified\":\"2025-01-22T10:04:03+00:00\",\"mainEntityOfPage\":{\"@id\":\"https:\/\/blognoticias.ecca.edu.es\/ecca-edu-y-el-ayuntamiento-de-adeje-inauguran-la-exposicion-historica-itinerante-60-anos-transformando-vidas-a-traves-de-la-educacion\/\"},\"wordCount\":488,\"publisher\":{\"@id\":\"https:\/\/blognoticias.ecca.edu.es\/#organization\"},\"image\":{\"@id\":\"https:\/\/blognoticias.ecca.edu.es\/ecca-edu-y-el-ayuntamiento-de-adeje-inauguran-la-exposicion-historica-itinerante-60-anos-transformando-vidas-a-traves-de-la-educacion\/#primaryimage\"},\"thumbnailUrl\":\"https:\/\/blognoticias.ecca.edu.es\/wp-content\/uploads\/2025\/01\/Post-Instagram-cuadrado-28.png\",\"keywords\":[\"#60a\u00f1ostransformandovidas\",\"#eccaedu\",\"Auditorio Adeje\",\"Ayuntamiento de Adeje\",\"exposici\u00f3n ecca\"],\"articleSection\":[\"Blog\",\"Noticias\"],\"inLanguage\":\"en-GB\"},{\"@type\":\"WebPage\",\"@id\":\"https:\/\/blognoticias.ecca.edu.es\/ecca-edu-y-el-ayuntamiento-de-adeje-inauguran-la-exposicion-historica-itinerante-60-anos-transformando-vidas-a-traves-de-la-educacion\/\",\"url\":\"https:\/\/blognoticias.ecca.edu.es\/ecca-edu-y-el-ayuntamiento-de-adeje-inauguran-la-exposicion-historica-itinerante-60-anos-transformando-vidas-a-traves-de-la-educacion\/\",\"name\":\"ecca.edu y el Ayuntamiento de Adeje inauguran la exposici\u00f3n: 60 a\u00f1os transformando vidas a trav\u00e9s de la educaci\u00f3n\",\"isPartOf\":{\"@id\":\"https:\/\/blognoticias.ecca.edu.es\/#website\"},\"primaryImageOfPage\":{\"@id\":\"https:\/\/blognoticias.ecca.edu.es\/ecca-edu-y-el-ayuntamiento-de-adeje-inauguran-la-exposicion-historica-itinerante-60-anos-transformando-vidas-a-traves-de-la-educacion\/#primaryimage\"},\"image\":{\"@id\":\"https:\/\/blognoticias.ecca.edu.es\/ecca-edu-y-el-ayuntamiento-de-adeje-inauguran-la-exposicion-historica-itinerante-60-anos-transformando-vidas-a-traves-de-la-educacion\/#primaryimage\"},\"thumbnailUrl\":\"https:\/\/blognoticias.ecca.edu.es\/wp-content\/uploads\/2025\/01\/Post-Instagram-cuadrado-28.png\",\"datePublished\":\"2025-01-21T14:56:53+00:00\",\"dateModified\":\"2025-01-22T10:04:03+00:00\",\"description\":\"ecca.edu inaugura su exposici\u00f3n hist\u00f3rica itinerante 60 a\u00f1os transformando vidas a trav\u00e9s de la educaci\u00f3n en el Auditorio de Adeje\",\"breadcrumb\":{\"@id\":\"https:\/\/blognoticias.ecca.edu.es\/ecca-edu-y-el-ayuntamiento-de-adeje-inauguran-la-exposicion-historica-itinerante-60-anos-transformando-vidas-a-traves-de-la-educacion\/#breadcrumb\"},\"inLanguage\":\"en-GB\",\"potentialAction\":[{\"@type\":\"ReadAction\",\"target\":[\"https:\/\/blognoticias.ecca.edu.es\/ecca-edu-y-el-ayuntamiento-de-adeje-inauguran-la-exposicion-historica-itinerante-60-anos-transformando-vidas-a-traves-de-la-educacion\/\"]}]},{\"@type\":\"ImageObject\",\"inLanguage\":\"en-GB\",\"@id\":\"https:\/\/blognoticias.ecca.edu.es\/ecca-edu-y-el-ayuntamiento-de-adeje-inauguran-la-exposicion-historica-itinerante-60-anos-transformando-vidas-a-traves-de-la-educacion\/#primaryimage\",\"url\":\"https:\/\/blognoticias.ecca.edu.es\/wp-content\/uploads\/2025\/01\/Post-Instagram-cuadrado-28.png\",\"contentUrl\":\"https:\/\/blognoticias.ecca.edu.es\/wp-content\/uploads\/2025\/01\/Post-Instagram-cuadrado-28.png\",\"width\":1080,\"height\":1080,\"caption\":\"inauguraci\u00f3n de la exposici\u00f3n de ecca.edu en Adeje\"},{\"@type\":\"BreadcrumbList\",\"@id\":\"https:\/\/blognoticias.ecca.edu.es\/ecca-edu-y-el-ayuntamiento-de-adeje-inauguran-la-exposicion-historica-itinerante-60-anos-transformando-vidas-a-traves-de-la-educacion\/#breadcrumb\",\"itemListElement\":[{\"@type\":\"ListItem\",\"position\":1,\"name\":\"Portada\",\"item\":\"https:\/\/blognoticias.ecca.edu.es\/\"},{\"@type\":\"ListItem\",\"position\":2,\"name\":\"ecca.edu y el Ayuntamiento de Adeje inauguran la exposici\u00f3n: 60 a\u00f1os transformando vidas a trav\u00e9s de la educaci\u00f3n\"}]},{\"@type\":\"WebSite\",\"@id\":\"https:\/\/blognoticias.ecca.edu.es\/#website\",\"url\":\"https:\/\/blognoticias.ecca.edu.es\/\",\"name\":\"Blog Noticias Ecca\",\"description\":\"\",\"publisher\":{\"@id\":\"https:\/\/blognoticias.ecca.edu.es\/#organization\"},\"potentialAction\":[{\"@type\":\"SearchAction\",\"target\":{\"@type\":\"EntryPoint\",\"urlTemplate\":\"https:\/\/blognoticias.ecca.edu.es\/?s={search_term_string}\"},\"query-input\":{\"@type\":\"PropertyValueSpecification\",\"valueRequired\":true,\"valueName\":\"search_term_string\"}}],\"inLanguage\":\"en-GB\"},{\"@type\":\"Organization\",\"@id\":\"https:\/\/blognoticias.ecca.edu.es\/#organization\",\"name\":\"Blog Noticias Ecca\",\"url\":\"https:\/\/blognoticias.ecca.edu.es\/\",\"logo\":{\"@type\":\"ImageObject\",\"inLanguage\":\"en-GB\",\"@id\":\"https:\/\/blognoticias.ecca.edu.es\/#\/schema\/logo\/image\/\",\"url\":\"https:\/\/blognoticias.ecca.edu.es\/wp-content\/uploads\/2023\/02\/cropped-cropped-cropped-cropped-Logo-Ecca.edu_.png\",\"contentUrl\":\"https:\/\/blognoticias.ecca.edu.es\/wp-content\/uploads\/2023\/02\/cropped-cropped-cropped-cropped-Logo-Ecca.edu_.png\",\"width\":293,\"height\":45,\"caption\":\"Blog Noticias Ecca\"},\"image\":{\"@id\":\"https:\/\/blognoticias.ecca.edu.es\/#\/schema\/logo\/image\/\"},\"sameAs\":[\"https:\/\/www.facebook.com\/ecca.edu.es\",\"https:\/\/x.com\/eccaedu\",\"https:\/\/www.instagram.com\/\"]},{\"@type\":\"Person\",\"@id\":\"https:\/\/blognoticias.ecca.edu.es\/#\/schema\/person\/62a5369feff5134c4bdcafa6d772ea7f\",\"name\":\"Claudia Demetrio\",\"image\":{\"@type\":\"ImageObject\",\"inLanguage\":\"en-GB\",\"@id\":\"https:\/\/blognoticias.ecca.edu.es\/#\/schema\/person\/image\/\",\"url\":\"https:\/\/blognoticias.ecca.edu.es\/wp-content\/uploads\/2023\/02\/LOGO-ECCAEDU-1-150x150.png\",\"contentUrl\":\"https:\/\/blognoticias.ecca.edu.es\/wp-content\/uploads\/2023\/02\/LOGO-ECCAEDU-1-150x150.png\",\"caption\":\"Claudia Demetrio\"},\"url\":\"https:\/\/blognoticias.ecca.edu.es\/en\/author\/c-demetrio\/\"}]}<\/script>\n<!-- \/ Yoast SEO plugin. -->","yoast_head_json":{"title":"ecca.edu y el Ayuntamiento de Adeje inauguran la exposici\u00f3n: 60 a\u00f1os transformando vidas a trav\u00e9s de la educaci\u00f3n","description":"ecca.edu inaugura su exposici\u00f3n hist\u00f3rica itinerante 60 a\u00f1os transformando vidas a trav\u00e9s de la educaci\u00f3n en el Auditorio de Adeje","robots":{"index":"index","follow":"follow","max-snippet":"max-snippet:-1","max-image-preview":"max-image-preview:large","max-video-preview":"max-video-preview:-1"},"canonical":"https:\/\/blognoticias.ecca.edu.es\/en\/ecca-edu-y-el-ayuntamiento-de-adeje-inauguran-la-exposicion-historica-itinerante-60-anos-transformando-vidas-a-traves-de-la-educacion\/","og_locale":"en_GB","og_type":"article","og_title":"ecca.edu y el Ayuntamiento de Adeje inauguran la exposici\u00f3n: 60 a\u00f1os transformando vidas a trav\u00e9s de la educaci\u00f3n","og_description":"ecca.edu inaugura su exposici\u00f3n hist\u00f3rica itinerante 60 a\u00f1os transformando vidas a trav\u00e9s de la educaci\u00f3n en el Auditorio de Adeje","og_url":"https:\/\/blognoticias.ecca.edu.es\/en\/ecca-edu-y-el-ayuntamiento-de-adeje-inauguran-la-exposicion-historica-itinerante-60-anos-transformando-vidas-a-traves-de-la-educacion\/","og_site_name":"Blog Noticias Ecca","article_publisher":"https:\/\/www.facebook.com\/ecca.edu.es","article_published_time":"2025-01-21T14:56:53+00:00","article_modified_time":"2025-01-22T10:04:03+00:00","og_image":[{"width":1080,"height":1080,"url":"https:\/\/blognoticias.ecca.edu.es\/wp-content\/uploads\/2025\/01\/Post-Instagram-cuadrado-28.png","type":"image\/png"}],"author":"Claudia Demetrio","twitter_card":"summary_large_image","twitter_creator":"@eccaedu","twitter_site":"@eccaedu","twitter_misc":{"Written by":"Claudia Demetrio","Estimated reading time":"3 minutes"},"schema":{"@context":"https:\/\/schema.org","@graph":[{"@type":"Article","@id":"https:\/\/blognoticias.ecca.edu.es\/ecca-edu-y-el-ayuntamiento-de-adeje-inauguran-la-exposicion-historica-itinerante-60-anos-transformando-vidas-a-traves-de-la-educacion\/#article","isPartOf":{"@id":"https:\/\/blognoticias.ecca.edu.es\/ecca-edu-y-el-ayuntamiento-de-adeje-inauguran-la-exposicion-historica-itinerante-60-anos-transformando-vidas-a-traves-de-la-educacion\/"},"author":{"name":"Claudia Demetrio","@id":"https:\/\/blognoticias.ecca.edu.es\/#\/schema\/person\/62a5369feff5134c4bdcafa6d772ea7f"},"headline":"ecca.edu y el Ayuntamiento de Adeje inauguran la exposici\u00f3n: 60 a\u00f1os transformando vidas a trav\u00e9s de la educaci\u00f3n","datePublished":"2025-01-21T14:56:53+00:00","dateModified":"2025-01-22T10:04:03+00:00","mainEntityOfPage":{"@id":"https:\/\/blognoticias.ecca.edu.es\/ecca-edu-y-el-ayuntamiento-de-adeje-inauguran-la-exposicion-historica-itinerante-60-anos-transformando-vidas-a-traves-de-la-educacion\/"},"wordCount":488,"publisher":{"@id":"https:\/\/blognoticias.ecca.edu.es\/#organization"},"image":{"@id":"https:\/\/blognoticias.ecca.edu.es\/ecca-edu-y-el-ayuntamiento-de-adeje-inauguran-la-exposicion-historica-itinerante-60-anos-transformando-vidas-a-traves-de-la-educacion\/#primaryimage"},"thumbnailUrl":"https:\/\/blognoticias.ecca.edu.es\/wp-content\/uploads\/2025\/01\/Post-Instagram-cuadrado-28.png","keywords":["#60a\u00f1ostransformandovidas","#eccaedu","Auditorio Adeje","Ayuntamiento de Adeje","exposici\u00f3n ecca"],"articleSection":["Blog","Noticias"],"inLanguage":"en-GB"},{"@type":"WebPage","@id":"https:\/\/blognoticias.ecca.edu.es\/ecca-edu-y-el-ayuntamiento-de-adeje-inauguran-la-exposicion-historica-itinerante-60-anos-transformando-vidas-a-traves-de-la-educacion\/","url":"https:\/\/blognoticias.ecca.edu.es\/ecca-edu-y-el-ayuntamiento-de-adeje-inauguran-la-exposicion-historica-itinerante-60-anos-transformando-vidas-a-traves-de-la-educacion\/","name":"ecca.edu y el Ayuntamiento de Adeje inauguran la exposici\u00f3n: 60 a\u00f1os transformando vidas a trav\u00e9s de la educaci\u00f3n","isPartOf":{"@id":"https:\/\/blognoticias.ecca.edu.es\/#website"},"primaryImageOfPage":{"@id":"https:\/\/blognoticias.ecca.edu.es\/ecca-edu-y-el-ayuntamiento-de-adeje-inauguran-la-exposicion-historica-itinerante-60-anos-transformando-vidas-a-traves-de-la-educacion\/#primaryimage"},"image":{"@id":"https:\/\/blognoticias.ecca.edu.es\/ecca-edu-y-el-ayuntamiento-de-adeje-inauguran-la-exposicion-historica-itinerante-60-anos-transformando-vidas-a-traves-de-la-educacion\/#primaryimage"},"thumbnailUrl":"https:\/\/blognoticias.ecca.edu.es\/wp-content\/uploads\/2025\/01\/Post-Instagram-cuadrado-28.png","datePublished":"2025-01-21T14:56:53+00:00","dateModified":"2025-01-22T10:04:03+00:00","description":"ecca.edu inaugura su exposici\u00f3n hist\u00f3rica itinerante 60 a\u00f1os transformando vidas a trav\u00e9s de la educaci\u00f3n en el Auditorio de Adeje","breadcrumb":{"@id":"https:\/\/blognoticias.ecca.edu.es\/ecca-edu-y-el-ayuntamiento-de-adeje-inauguran-la-exposicion-historica-itinerante-60-anos-transformando-vidas-a-traves-de-la-educacion\/#breadcrumb"},"inLanguage":"en-GB","potentialAction":[{"@type":"ReadAction","target":["https:\/\/blognoticias.ecca.edu.es\/ecca-edu-y-el-ayuntamiento-de-adeje-inauguran-la-exposicion-historica-itinerante-60-anos-transformando-vidas-a-traves-de-la-educacion\/"]}]},{"@type":"ImageObject","inLanguage":"en-GB","@id":"https:\/\/blognoticias.ecca.edu.es\/ecca-edu-y-el-ayuntamiento-de-adeje-inauguran-la-exposicion-historica-itinerante-60-anos-transformando-vidas-a-traves-de-la-educacion\/#primaryimage","url":"https:\/\/blognoticias.ecca.edu.es\/wp-content\/uploads\/2025\/01\/Post-Instagram-cuadrado-28.png","contentUrl":"https:\/\/blognoticias.ecca.edu.es\/wp-content\/uploads\/2025\/01\/Post-Instagram-cuadrado-28.png","width":1080,"height":1080,"caption":"inauguraci\u00f3n de la exposici\u00f3n de ecca.edu en Adeje"},{"@type":"BreadcrumbList","@id":"https:\/\/blognoticias.ecca.edu.es\/ecca-edu-y-el-ayuntamiento-de-adeje-inauguran-la-exposicion-historica-itinerante-60-anos-transformando-vidas-a-traves-de-la-educacion\/#breadcrumb","itemListElement":[{"@type":"ListItem","position":1,"name":"Portada","item":"https:\/\/blognoticias.ecca.edu.es\/"},{"@type":"ListItem","position":2,"name":"ecca.edu y el Ayuntamiento de Adeje inauguran la exposici\u00f3n: 60 a\u00f1os transformando vidas a trav\u00e9s de la educaci\u00f3n"}]},{"@type":"WebSite","@id":"https:\/\/blognoticias.ecca.edu.es\/#website","url":"https:\/\/blognoticias.ecca.edu.es\/","name":"Blog Noticias Ecca","description":"","publisher":{"@id":"https:\/\/blognoticias.ecca.edu.es\/#organization"},"potentialAction":[{"@type":"SearchAction","target":{"@type":"EntryPoint","urlTemplate":"https:\/\/blognoticias.ecca.edu.es\/?s={search_term_string}"},"query-input":{"@type":"PropertyValueSpecification","valueRequired":true,"valueName":"search_term_string"}}],"inLanguage":"en-GB"},{"@type":"Organization","@id":"https:\/\/blognoticias.ecca.edu.es\/#organization","name":"Blog Noticias Ecca","url":"https:\/\/blognoticias.ecca.edu.es\/","logo":{"@type":"ImageObject","inLanguage":"en-GB","@id":"https:\/\/blognoticias.ecca.edu.es\/#\/schema\/logo\/image\/","url":"https:\/\/blognoticias.ecca.edu.es\/wp-content\/uploads\/2023\/02\/cropped-cropped-cropped-cropped-Logo-Ecca.edu_.png","contentUrl":"https:\/\/blognoticias.ecca.edu.es\/wp-content\/uploads\/2023\/02\/cropped-cropped-cropped-cropped-Logo-Ecca.edu_.png","width":293,"height":45,"caption":"Blog Noticias Ecca"},"image":{"@id":"https:\/\/blognoticias.ecca.edu.es\/#\/schema\/logo\/image\/"},"sameAs":["https:\/\/www.facebook.com\/ecca.edu.es","https:\/\/x.com\/eccaedu","https:\/\/www.instagram.com\/"]},{"@type":"Person","@id":"https:\/\/blognoticias.ecca.edu.es\/#\/schema\/person\/62a5369feff5134c4bdcafa6d772ea7f","name":"Claudia Demetrio","image":{"@type":"ImageObject","inLanguage":"en-GB","@id":"https:\/\/blognoticias.ecca.edu.es\/#\/schema\/person\/image\/","url":"https:\/\/blognoticias.ecca.edu.es\/wp-content\/uploads\/2023\/02\/LOGO-ECCAEDU-1-150x150.png","contentUrl":"https:\/\/blognoticias.ecca.edu.es\/wp-content\/uploads\/2023\/02\/LOGO-ECCAEDU-1-150x150.png","caption":"Claudia Demetrio"},"url":"https:\/\/blognoticias.ecca.edu.es\/en\/author\/c-demetrio\/"}]}},"_links":{"self":[{"href":"https:\/\/blognoticias.ecca.edu.es\/en\/wp-json\/wp\/v2\/posts\/4863","targetHints":{"allow":["GET"]}}],"collection":[{"href":"https:\/\/blognoticias.ecca.edu.es\/en\/wp-json\/wp\/v2\/posts"}],"about":[{"href":"https:\/\/blognoticias.ecca.edu.es\/en\/wp-json\/wp\/v2\/types\/post"}],"author":[{"embeddable":true,"href":"https:\/\/blognoticias.ecca.edu.es\/en\/wp-json\/wp\/v2\/users\/3"}],"replies":[{"embeddable":true,"href":"https:\/\/blognoticias.ecca.edu.es\/en\/wp-json\/wp\/v2\/comments?post=4863"}],"version-history":[{"count":4,"href":"https:\/\/blognoticias.ecca.edu.es\/en\/wp-json\/wp\/v2\/posts\/4863\/revisions"}],"predecessor-version":[{"id":4874,"href":"https:\/\/blognoticias.ecca.edu.es\/en\/wp-json\/wp\/v2\/posts\/4863\/revisions\/4874"}],"wp:featuredmedia":[{"embeddable":true,"href":"https:\/\/blognoticias.ecca.edu.es\/en\/wp-json\/wp\/v2\/media\/4871"}],"wp:attachment":[{"href":"https:\/\/blognoticias.ecca.edu.es\/en\/wp-json\/wp\/v2\/media?parent=4863"}],"wp:term":[{"taxonomy":"category","embeddable":true,"href":"https:\/\/blognoticias.ecca.edu.es\/en\/wp-json\/wp\/v2\/categories?post=4863"},{"taxonomy":"post_tag","embeddable":true,"href":"https:\/\/blognoticias.ecca.edu.es\/en\/wp-json\/wp\/v2\/tags?post=4863"}],"curies":[{"name":"wp","href":"https:\/\/api.w.org\/{rel}","templated":true}]}}