{"id":4222,"date":"2015-09-10T11:26:00","date_gmt":"2015-09-10T11:26:00","guid":{"rendered":"https:\/\/blognoticias.ecca.edu.es\/radio-ecca-abre-la-matricula-en-un-curso-academico-en-el-que-acompanara-a-su-alumnado-en-la-busqueda-de-empleo\/"},"modified":"2015-09-10T11:26:00","modified_gmt":"2015-09-10T11:26:00","slug":"radio-ecca-abre-la-matricula-en-un-curso-academico-en-el-que-acompanara-a-su-alumnado-en-la-busqueda-de-empleo","status":"publish","type":"post","link":"https:\/\/blognoticias.ecca.edu.es\/en\/radio-ecca-abre-la-matricula-en-un-curso-academico-en-el-que-acompanara-a-su-alumnado-en-la-busqueda-de-empleo\/","title":{"rendered":"RADIO ECCA ABRE LA MATR\u00cdCULA EN UN CURSO ACAD\u00c9MICO EN EL QUE ACOMPA\u00d1AR\u00c1 A SU ALUMNADO EN LA B\u00daSQUEDA DE EMPLEO"},"content":{"rendered":"<div class='booster-block booster-read-block'>\n                <div class=\"twp-read-time\">\n                \t<i class=\"booster-icon twp-clock\"><\/i> <span>Tiempo de lectura:<\/span>2 Minutos, 59 Segundos                <\/div>\n\n            <\/div><div style=\"text-align: justify;\">\n<b><span style=\"font-size: 12.0pt;\"><i>Solo en las<br \/>\nregiones donde Radio ECCA tiene presencia, tres millones y medio de personas<br \/>\ncarecen de titulaci\u00f3n oficial m\u00ednima, y seg\u00fan la EPA, el empleo aumenta entre<br \/>\nquienes tienen, al menos, finalizada la primera etapa de la educaci\u00f3n<br \/>\nsecundaria&nbsp;<\/i><o:p><\/o:p><\/span><\/b><\/div>\n<div style=\"text-align: justify;\">\n<b><span style=\"font-size: 12.0pt;\"><i><br \/><\/i><\/span><\/b><\/div>\n<table cellpadding=\"0\" cellspacing=\"0\" style=\"float: right; margin-left: 1em; text-align: right;\">\n<tbody>\n<tr>\n<td style=\"text-align: center;\"><a href=\"http:\/\/2.bp.blogspot.com\/-h6oktpbSSgQ\/VfFomx8IhhI\/AAAAAAAAQos\/xr1OMlu0XAk\/s1600\/GRAFICO%2BPARA%2BALUMNADO.png\" style=\"clear: right; margin-bottom: 1em; margin-left: auto; margin-right: auto;\"><img loading=\"lazy\" decoding=\"async\" border=\"0\" height=\"260\" src=\"http:\/\/2.bp.blogspot.com\/-h6oktpbSSgQ\/VfFomx8IhhI\/AAAAAAAAQos\/xr1OMlu0XAk\/s400\/GRAFICO%2BPARA%2BALUMNADO.png\" width=\"400\" \/><\/a><\/td>\n<\/tr>\n<tr>\n<td style=\"text-align: center;\">Fuente: INE 2014<\/td>\n<\/tr>\n<\/tbody>\n<\/table>\n<div style=\"text-align: justify;\">\n<span style=\"font-size: 12.0pt;\"><b>Radio ECCA<\/b> tiene ya la matr\u00edcula abierta para el curso<br \/>\nacad\u00e9mico 2015\/2016.&nbsp; Alrededor de 400<br \/>\nacciones formativas que componen el cat\u00e1logo de su oferta buscan la formaci\u00f3n y<br \/>\ntitulaci\u00f3n oficial de quienes m\u00e1s lo necesitan. <o:p><\/o:p><\/span><\/div>\n<div style=\"text-align: justify;\">\n<span style=\"font-size: 12.0pt;\">En las primeras comparecencias de este curso, tanto el<br \/>\ndirector titular de<b> Radio ECCA, Lucas L\u00f3pez SJ,<\/b> como la directora<br \/>\ngerente del centro, <b>Amparo Osorio<\/b>, centran su mensaje en razones y nombres<br \/>\npropios. Son aquellos nombres de personas que, solo en los lugares donde <b>Radio<br \/>\nECCA<\/b> tiene presencia,<b> (Canarias, Madrid, Galicia, Valencia, Extremadura, Andaluc\u00eda<br \/>\ny Murcia)<\/b>&nbsp; suman tres millones y medio de<br \/>\npersonas que carecen de titulaci\u00f3n oficial m\u00ednima. <o:p><\/o:p><\/span><\/div>\n<div style=\"text-align: justify;\">\n<span style=\"font-size: 12.0pt;\">Este dato es el que reza en el slogan de campa\u00f1a de<br \/>\nmatr\u00edcula este curso: \u201c3,5 millones de razones\u201d, con un cartel donde figuran, a<br \/>\nmodo de <i>collage<\/i>, m\u00faltiples rostros de<br \/>\nalumnado de <b>Radio ECCA<\/b> que se ha prestado a formar parte de este llamamiento al<br \/>\nestudio.&nbsp;&nbsp; <o:p><\/o:p><\/span><\/div>\n<div style=\"text-align: justify;\">\n<span style=\"font-size: 12.0pt;\">Ambos han hecho especial hincapi\u00e9 en las personas que<br \/>\nnecesitan formaci\u00f3n \u201cpara luchar contra la exclusi\u00f3n social en la que ya viven<br \/>\no que pesa sobre sus vidas como amenaza muy real\u201d. En este contexto han apelado<br \/>\nal compromiso de <b>Radio ECCA<\/b> con la sociedad. El reto est\u00e1 en seguir creciendo y<br \/>\nafrontar nuevos desaf\u00edos para continuar mejorando el servicio al alumnado,<br \/>\nprotagonista de la imagen de campa\u00f1a de este a\u00f1o.<o:p><\/o:p><\/span><\/div>\n<div style=\"text-align: justify;\">\n<span style=\"font-size: 12.0pt;\">Adem\u00e1s de ofrecer titulaciones oficiales, <b>Radio ECCA<\/b><br \/>\npretende tambi\u00e9n acompa\u00f1ar a su alumnado en el proceso de b\u00fasqueda de<br \/>\nempleo,&nbsp;&nbsp;&nbsp; con f\u00f3rmulas como un&nbsp; acuerdo con la<b> Fundaci\u00f3n Entreculturas <\/b>o el<b> Proyecto<br \/>\nForum.<\/b><o:p><\/o:p><\/span><\/div>\n<div style=\"text-align: justify;\">\n<b><span style=\"font-size: 12.0pt;\"><br \/><\/span><\/b><\/div>\n<div style=\"text-align: justify;\">\n<b><span style=\"font-size: 12.0pt;\">Oferta formativa<o:p><\/o:p><\/span><\/b><\/div>\n<div style=\"text-align: justify;\">\n<span style=\"font-size: 12.0pt;\"><br \/><\/span><\/div>\n<div style=\"text-align: justify;\">\n<span style=\"font-size: 12.0pt;\">En cuanto a su oferta formativa, <b>Radio ECCA<\/b> tiene tres<br \/>\ntitulaciones oficiales: Graduado en Educaci\u00f3n Secundaria, Bachillerato y un<br \/>\nCiclo Superior en Integraci\u00f3n Social, esta \u00faltima dentro de la Formaci\u00f3n<br \/>\nProfesional del Sistema Educativo (FPSE).&nbsp;&nbsp;<br \/>\nAdem\u00e1s, oferta tres cualificaciones profesionales: Atenci\u00f3n<br \/>\nSocio-Sanitaria, Educaci\u00f3n Infantil y Actividades de Venta. Asimismo<br \/>\nmantiene&nbsp; la oferta de inform\u00e1tica, de<br \/>\ndesarrollo personal, de&nbsp; idiomas.<o:p><\/o:p><\/span><\/div>\n<div style=\"text-align: justify;\">\n<span style=\"font-size: 12.0pt;\">En la presentaci\u00f3n de la campa\u00f1a para este curso se<br \/>\ndestac\u00f3 la urgencia de visibilizar la necesidad de titular y, sobre todo, de<br \/>\nque se siga considerando a <b>Radio ECCA<\/b> como una respuesta para formar personas,<br \/>\nno solo a \u201cempleables\u201d.<o:p><\/o:p><\/span><\/div>\n<div style=\"text-align: center;\">\n<\/div>\n<div style=\"text-align: justify;\">\n<span style=\"font-size: 12.0pt;\">Se trata de responder a las necesidades de la<br \/>\npoblaci\u00f3n adulta. Seg\u00fan reflejan los datos del<b> INE<\/b> del pasado a\u00f1o, m\u00e1s de la<br \/>\nmitad de las personas demandantes de empleo en Canarias no ten\u00edan la titulaci\u00f3n<br \/>\nm\u00ednima exigida para cualquier empleo (Graduado en Educaci\u00f3n Secundaria).<o:p><\/o:p><\/span><\/div>\n<div style=\"text-align: justify;\">\n<span style=\"font-size: 12.0pt;\">A nivel nacional, en los datos que arroja la encuesta<br \/>\nde poblaci\u00f3n activa (EPA) se observa la clara l\u00ednea divisoria que marca el<br \/>\nmercado laboral entre quienes tienen m\u00e1s o menos formaci\u00f3n. Durante todo 2014,<br \/>\nel empleo aument\u00f3 entre quienes tienen, al menos, finalizada la primera etapa<br \/>\nde la educaci\u00f3n secundaria. Baj\u00f3 entre quienes no han alcanzado ese nivel<br \/>\neducativo.<o:p><\/o:p><\/span><\/div>\n<div style=\"text-align: justify;\">\n<\/div>\n<div style=\"text-align: justify;\">\n<span style=\"font-size: 12.0pt;\">Adem\u00e1s, fiel a su compromiso de atender a las \u00e1reas de<br \/>\npoblaci\u00f3n m\u00e1s desfavorecidas, el \u00c1rea de Acci\u00f3n Social de Radio ECCA se propone<br \/>\nmantener la atenci\u00f3n a muchos grupos con especiales dificultades: chicas y<br \/>\nchicos j\u00f3venes y desempleados, mujeres en situaci\u00f3n de exclusi\u00f3n, personas<br \/>\ndesempleadas de larga duraci\u00f3n y migrantes en situaci\u00f3n compleja. Tambi\u00e9n se<br \/>\nmantienen los proyectos con menores y los que atienden a la cooperaci\u00f3n<br \/>\nexterior mediante convenios con diferentes entidades. &nbsp;<o:p><\/o:p><\/span><\/div>","protected":false},"excerpt":{"rendered":"<p>Solo en las regiones donde Radio ECCA tiene presencia, tres millones y medio de personas carecen de titulaci\u00f3n oficial m\u00ednima, y seg\u00fan la EPA, el empleo aumenta entre quienes tienen, al menos, finalizada la primera etapa de la educaci\u00f3n secundaria&nbsp; Fuente: INE 2014 Radio ECCA tiene ya la matr\u00edcula abierta para el curso acad\u00e9mico 2015\/2016.&nbsp; [&hellip;]<\/p>","protected":false},"author":1,"featured_media":0,"comment_status":"","ping_status":"","sticky":false,"template":"","format":"standard","meta":{"footnotes":""},"categories":[160,103,1225,371],"tags":[],"class_list":["post-4222","post","type-post","status-publish","format-standard","hentry","category-alumnado","category-comunicacion-ecca","category-matricula","category-radio-ecca"],"yoast_head":"<!-- This site is optimized with the Yoast SEO plugin v25.9 - https:\/\/yoast.com\/wordpress\/plugins\/seo\/ -->\n<title>RADIO ECCA ABRE LA MATR\u00cdCULA EN UN CURSO ACAD\u00c9MICO EN EL QUE ACOMPA\u00d1AR\u00c1 A SU ALUMNADO EN LA B\u00daSQUEDA DE EMPLEO<\/title>\n<meta name=\"robots\" content=\"index, follow, max-snippet:-1, max-image-preview:large, max-video-preview:-1\" \/>\n<link rel=\"canonical\" href=\"https:\/\/blognoticias.ecca.edu.es\/en\/radio-ecca-abre-la-matricula-en-un-curso-academico-en-el-que-acompanara-a-su-alumnado-en-la-busqueda-de-empleo\/\" \/>\n<meta property=\"og:locale\" content=\"en_GB\" \/>\n<meta property=\"og:type\" content=\"article\" \/>\n<meta property=\"og:title\" content=\"RADIO ECCA ABRE LA MATR\u00cdCULA EN UN CURSO ACAD\u00c9MICO EN EL QUE ACOMPA\u00d1AR\u00c1 A SU ALUMNADO EN LA B\u00daSQUEDA DE EMPLEO\" \/>\n<meta property=\"og:description\" content=\"Solo en las regiones donde Radio ECCA tiene presencia, tres millones y medio de personas carecen de titulaci\u00f3n oficial m\u00ednima, y seg\u00fan la EPA, el empleo aumenta entre quienes tienen, al menos, finalizada la primera etapa de la educaci\u00f3n secundaria&nbsp; Fuente: INE 2014 Radio ECCA tiene ya la matr\u00edcula abierta para el curso acad\u00e9mico 2015\/2016.&nbsp; [&hellip;]\" \/>\n<meta property=\"og:url\" content=\"https:\/\/blognoticias.ecca.edu.es\/en\/radio-ecca-abre-la-matricula-en-un-curso-academico-en-el-que-acompanara-a-su-alumnado-en-la-busqueda-de-empleo\/\" \/>\n<meta property=\"og:site_name\" content=\"Blog Noticias Ecca\" \/>\n<meta property=\"article:publisher\" content=\"https:\/\/www.facebook.com\/ecca.edu.es\" \/>\n<meta property=\"article:published_time\" content=\"2015-09-10T11:26:00+00:00\" \/>\n<meta property=\"og:image\" content=\"http:\/\/2.bp.blogspot.com\/-h6oktpbSSgQ\/VfFomx8IhhI\/AAAAAAAAQos\/xr1OMlu0XAk\/s400\/GRAFICO%2BPARA%2BALUMNADO.png\" \/>\n<meta name=\"author\" content=\"ECCA\" \/>\n<meta name=\"twitter:card\" content=\"summary_large_image\" \/>\n<meta name=\"twitter:creator\" content=\"@eccaedu\" \/>\n<meta name=\"twitter:site\" content=\"@eccaedu\" \/>\n<meta name=\"twitter:label1\" content=\"Written by\" \/>\n\t<meta name=\"twitter:data1\" content=\"ECCA\" \/>\n\t<meta name=\"twitter:label2\" content=\"Estimated reading time\" \/>\n\t<meta name=\"twitter:data2\" content=\"3 minutes\" \/>\n<script type=\"application\/ld+json\" class=\"yoast-schema-graph\">{\"@context\":\"https:\/\/schema.org\",\"@graph\":[{\"@type\":\"Article\",\"@id\":\"https:\/\/blognoticias.ecca.edu.es\/radio-ecca-abre-la-matricula-en-un-curso-academico-en-el-que-acompanara-a-su-alumnado-en-la-busqueda-de-empleo\/#article\",\"isPartOf\":{\"@id\":\"https:\/\/blognoticias.ecca.edu.es\/radio-ecca-abre-la-matricula-en-un-curso-academico-en-el-que-acompanara-a-su-alumnado-en-la-busqueda-de-empleo\/\"},\"author\":{\"name\":\"ECCA\",\"@id\":\"https:\/\/blognoticias.ecca.edu.es\/#\/schema\/person\/2f67aec1e9c175158bc25ac844a022ce\"},\"headline\":\"RADIO ECCA ABRE LA MATR\u00cdCULA EN UN CURSO ACAD\u00c9MICO EN EL QUE ACOMPA\u00d1AR\u00c1 A SU ALUMNADO EN LA B\u00daSQUEDA DE EMPLEO\",\"datePublished\":\"2015-09-10T11:26:00+00:00\",\"mainEntityOfPage\":{\"@id\":\"https:\/\/blognoticias.ecca.edu.es\/radio-ecca-abre-la-matricula-en-un-curso-academico-en-el-que-acompanara-a-su-alumnado-en-la-busqueda-de-empleo\/\"},\"wordCount\":674,\"publisher\":{\"@id\":\"https:\/\/blognoticias.ecca.edu.es\/#organization\"},\"image\":{\"@id\":\"https:\/\/blognoticias.ecca.edu.es\/radio-ecca-abre-la-matricula-en-un-curso-academico-en-el-que-acompanara-a-su-alumnado-en-la-busqueda-de-empleo\/#primaryimage\"},\"thumbnailUrl\":\"http:\/\/2.bp.blogspot.com\/-h6oktpbSSgQ\/VfFomx8IhhI\/AAAAAAAAQos\/xr1OMlu0XAk\/s400\/GRAFICO%2BPARA%2BALUMNADO.png\",\"articleSection\":[\"Alumnado\",\"Comunicaci\u00f3n ECCA\",\"Matr\u00edcula\",\"Radio ECCA\"],\"inLanguage\":\"en-GB\"},{\"@type\":\"WebPage\",\"@id\":\"https:\/\/blognoticias.ecca.edu.es\/radio-ecca-abre-la-matricula-en-un-curso-academico-en-el-que-acompanara-a-su-alumnado-en-la-busqueda-de-empleo\/\",\"url\":\"https:\/\/blognoticias.ecca.edu.es\/radio-ecca-abre-la-matricula-en-un-curso-academico-en-el-que-acompanara-a-su-alumnado-en-la-busqueda-de-empleo\/\",\"name\":\"RADIO ECCA ABRE LA MATR\u00cdCULA EN UN CURSO ACAD\u00c9MICO EN EL QUE ACOMPA\u00d1AR\u00c1 A SU ALUMNADO EN LA B\u00daSQUEDA DE EMPLEO\",\"isPartOf\":{\"@id\":\"https:\/\/blognoticias.ecca.edu.es\/#website\"},\"primaryImageOfPage\":{\"@id\":\"https:\/\/blognoticias.ecca.edu.es\/radio-ecca-abre-la-matricula-en-un-curso-academico-en-el-que-acompanara-a-su-alumnado-en-la-busqueda-de-empleo\/#primaryimage\"},\"image\":{\"@id\":\"https:\/\/blognoticias.ecca.edu.es\/radio-ecca-abre-la-matricula-en-un-curso-academico-en-el-que-acompanara-a-su-alumnado-en-la-busqueda-de-empleo\/#primaryimage\"},\"thumbnailUrl\":\"http:\/\/2.bp.blogspot.com\/-h6oktpbSSgQ\/VfFomx8IhhI\/AAAAAAAAQos\/xr1OMlu0XAk\/s400\/GRAFICO%2BPARA%2BALUMNADO.png\",\"datePublished\":\"2015-09-10T11:26:00+00:00\",\"breadcrumb\":{\"@id\":\"https:\/\/blognoticias.ecca.edu.es\/radio-ecca-abre-la-matricula-en-un-curso-academico-en-el-que-acompanara-a-su-alumnado-en-la-busqueda-de-empleo\/#breadcrumb\"},\"inLanguage\":\"en-GB\",\"potentialAction\":[{\"@type\":\"ReadAction\",\"target\":[\"https:\/\/blognoticias.ecca.edu.es\/radio-ecca-abre-la-matricula-en-un-curso-academico-en-el-que-acompanara-a-su-alumnado-en-la-busqueda-de-empleo\/\"]}]},{\"@type\":\"ImageObject\",\"inLanguage\":\"en-GB\",\"@id\":\"https:\/\/blognoticias.ecca.edu.es\/radio-ecca-abre-la-matricula-en-un-curso-academico-en-el-que-acompanara-a-su-alumnado-en-la-busqueda-de-empleo\/#primaryimage\",\"url\":\"http:\/\/2.bp.blogspot.com\/-h6oktpbSSgQ\/VfFomx8IhhI\/AAAAAAAAQos\/xr1OMlu0XAk\/s400\/GRAFICO%2BPARA%2BALUMNADO.png\",\"contentUrl\":\"http:\/\/2.bp.blogspot.com\/-h6oktpbSSgQ\/VfFomx8IhhI\/AAAAAAAAQos\/xr1OMlu0XAk\/s400\/GRAFICO%2BPARA%2BALUMNADO.png\"},{\"@type\":\"BreadcrumbList\",\"@id\":\"https:\/\/blognoticias.ecca.edu.es\/radio-ecca-abre-la-matricula-en-un-curso-academico-en-el-que-acompanara-a-su-alumnado-en-la-busqueda-de-empleo\/#breadcrumb\",\"itemListElement\":[{\"@type\":\"ListItem\",\"position\":1,\"name\":\"Portada\",\"item\":\"https:\/\/blognoticias.ecca.edu.es\/\"},{\"@type\":\"ListItem\",\"position\":2,\"name\":\"RADIO ECCA ABRE LA MATR\u00cdCULA EN UN CURSO ACAD\u00c9MICO EN EL QUE ACOMPA\u00d1AR\u00c1 A SU ALUMNADO EN LA B\u00daSQUEDA DE EMPLEO\"}]},{\"@type\":\"WebSite\",\"@id\":\"https:\/\/blognoticias.ecca.edu.es\/#website\",\"url\":\"https:\/\/blognoticias.ecca.edu.es\/\",\"name\":\"Blog Noticias Ecca\",\"description\":\"\",\"publisher\":{\"@id\":\"https:\/\/blognoticias.ecca.edu.es\/#organization\"},\"potentialAction\":[{\"@type\":\"SearchAction\",\"target\":{\"@type\":\"EntryPoint\",\"urlTemplate\":\"https:\/\/blognoticias.ecca.edu.es\/?s={search_term_string}\"},\"query-input\":{\"@type\":\"PropertyValueSpecification\",\"valueRequired\":true,\"valueName\":\"search_term_string\"}}],\"inLanguage\":\"en-GB\"},{\"@type\":\"Organization\",\"@id\":\"https:\/\/blognoticias.ecca.edu.es\/#organization\",\"name\":\"Blog Noticias Ecca\",\"url\":\"https:\/\/blognoticias.ecca.edu.es\/\",\"logo\":{\"@type\":\"ImageObject\",\"inLanguage\":\"en-GB\",\"@id\":\"https:\/\/blognoticias.ecca.edu.es\/#\/schema\/logo\/image\/\",\"url\":\"https:\/\/blognoticias.ecca.edu.es\/wp-content\/uploads\/2023\/02\/cropped-cropped-cropped-cropped-Logo-Ecca.edu_.png\",\"contentUrl\":\"https:\/\/blognoticias.ecca.edu.es\/wp-content\/uploads\/2023\/02\/cropped-cropped-cropped-cropped-Logo-Ecca.edu_.png\",\"width\":293,\"height\":45,\"caption\":\"Blog Noticias Ecca\"},\"image\":{\"@id\":\"https:\/\/blognoticias.ecca.edu.es\/#\/schema\/logo\/image\/\"},\"sameAs\":[\"https:\/\/www.facebook.com\/ecca.edu.es\",\"https:\/\/x.com\/eccaedu\",\"https:\/\/www.instagram.com\/\"]},{\"@type\":\"Person\",\"@id\":\"https:\/\/blognoticias.ecca.edu.es\/#\/schema\/person\/2f67aec1e9c175158bc25ac844a022ce\",\"name\":\"ECCA\",\"image\":{\"@type\":\"ImageObject\",\"inLanguage\":\"en-GB\",\"@id\":\"https:\/\/blognoticias.ecca.edu.es\/#\/schema\/person\/image\/\",\"url\":\"https:\/\/blognoticias.ecca.edu.es\/wp-content\/uploads\/2023\/02\/LOGO-ECCAEDU-1-150x150.png\",\"contentUrl\":\"https:\/\/blognoticias.ecca.edu.es\/wp-content\/uploads\/2023\/02\/LOGO-ECCAEDU-1-150x150.png\",\"caption\":\"ECCA\"},\"sameAs\":[\"https:\/\/blognoticias.ecca.edu.es\"],\"url\":\"https:\/\/blognoticias.ecca.edu.es\/en\/author\/admin\/\"}]}<\/script>\n<!-- \/ Yoast SEO plugin. -->","yoast_head_json":{"title":"RADIO ECCA ABRE LA MATR\u00cdCULA EN UN CURSO ACAD\u00c9MICO EN EL QUE ACOMPA\u00d1AR\u00c1 A SU ALUMNADO EN LA B\u00daSQUEDA DE EMPLEO","robots":{"index":"index","follow":"follow","max-snippet":"max-snippet:-1","max-image-preview":"max-image-preview:large","max-video-preview":"max-video-preview:-1"},"canonical":"https:\/\/blognoticias.ecca.edu.es\/en\/radio-ecca-abre-la-matricula-en-un-curso-academico-en-el-que-acompanara-a-su-alumnado-en-la-busqueda-de-empleo\/","og_locale":"en_GB","og_type":"article","og_title":"RADIO ECCA ABRE LA MATR\u00cdCULA EN UN CURSO ACAD\u00c9MICO EN EL QUE ACOMPA\u00d1AR\u00c1 A SU ALUMNADO EN LA B\u00daSQUEDA DE EMPLEO","og_description":"Solo en las regiones donde Radio ECCA tiene presencia, tres millones y medio de personas carecen de titulaci\u00f3n oficial m\u00ednima, y seg\u00fan la EPA, el empleo aumenta entre quienes tienen, al menos, finalizada la primera etapa de la educaci\u00f3n secundaria&nbsp; Fuente: INE 2014 Radio ECCA tiene ya la matr\u00edcula abierta para el curso acad\u00e9mico 2015\/2016.&nbsp; [&hellip;]","og_url":"https:\/\/blognoticias.ecca.edu.es\/en\/radio-ecca-abre-la-matricula-en-un-curso-academico-en-el-que-acompanara-a-su-alumnado-en-la-busqueda-de-empleo\/","og_site_name":"Blog Noticias Ecca","article_publisher":"https:\/\/www.facebook.com\/ecca.edu.es","article_published_time":"2015-09-10T11:26:00+00:00","og_image":[{"url":"http:\/\/2.bp.blogspot.com\/-h6oktpbSSgQ\/VfFomx8IhhI\/AAAAAAAAQos\/xr1OMlu0XAk\/s400\/GRAFICO%2BPARA%2BALUMNADO.png","type":"","width":"","height":""}],"author":"ECCA","twitter_card":"summary_large_image","twitter_creator":"@eccaedu","twitter_site":"@eccaedu","twitter_misc":{"Written by":"ECCA","Estimated reading time":"3 minutes"},"schema":{"@context":"https:\/\/schema.org","@graph":[{"@type":"Article","@id":"https:\/\/blognoticias.ecca.edu.es\/radio-ecca-abre-la-matricula-en-un-curso-academico-en-el-que-acompanara-a-su-alumnado-en-la-busqueda-de-empleo\/#article","isPartOf":{"@id":"https:\/\/blognoticias.ecca.edu.es\/radio-ecca-abre-la-matricula-en-un-curso-academico-en-el-que-acompanara-a-su-alumnado-en-la-busqueda-de-empleo\/"},"author":{"name":"ECCA","@id":"https:\/\/blognoticias.ecca.edu.es\/#\/schema\/person\/2f67aec1e9c175158bc25ac844a022ce"},"headline":"RADIO ECCA ABRE LA MATR\u00cdCULA EN UN CURSO ACAD\u00c9MICO EN EL QUE ACOMPA\u00d1AR\u00c1 A SU ALUMNADO EN LA B\u00daSQUEDA DE EMPLEO","datePublished":"2015-09-10T11:26:00+00:00","mainEntityOfPage":{"@id":"https:\/\/blognoticias.ecca.edu.es\/radio-ecca-abre-la-matricula-en-un-curso-academico-en-el-que-acompanara-a-su-alumnado-en-la-busqueda-de-empleo\/"},"wordCount":674,"publisher":{"@id":"https:\/\/blognoticias.ecca.edu.es\/#organization"},"image":{"@id":"https:\/\/blognoticias.ecca.edu.es\/radio-ecca-abre-la-matricula-en-un-curso-academico-en-el-que-acompanara-a-su-alumnado-en-la-busqueda-de-empleo\/#primaryimage"},"thumbnailUrl":"http:\/\/2.bp.blogspot.com\/-h6oktpbSSgQ\/VfFomx8IhhI\/AAAAAAAAQos\/xr1OMlu0XAk\/s400\/GRAFICO%2BPARA%2BALUMNADO.png","articleSection":["Alumnado","Comunicaci\u00f3n ECCA","Matr\u00edcula","Radio ECCA"],"inLanguage":"en-GB"},{"@type":"WebPage","@id":"https:\/\/blognoticias.ecca.edu.es\/radio-ecca-abre-la-matricula-en-un-curso-academico-en-el-que-acompanara-a-su-alumnado-en-la-busqueda-de-empleo\/","url":"https:\/\/blognoticias.ecca.edu.es\/radio-ecca-abre-la-matricula-en-un-curso-academico-en-el-que-acompanara-a-su-alumnado-en-la-busqueda-de-empleo\/","name":"RADIO ECCA ABRE LA MATR\u00cdCULA EN UN CURSO ACAD\u00c9MICO EN EL QUE ACOMPA\u00d1AR\u00c1 A SU ALUMNADO EN LA B\u00daSQUEDA DE EMPLEO","isPartOf":{"@id":"https:\/\/blognoticias.ecca.edu.es\/#website"},"primaryImageOfPage":{"@id":"https:\/\/blognoticias.ecca.edu.es\/radio-ecca-abre-la-matricula-en-un-curso-academico-en-el-que-acompanara-a-su-alumnado-en-la-busqueda-de-empleo\/#primaryimage"},"image":{"@id":"https:\/\/blognoticias.ecca.edu.es\/radio-ecca-abre-la-matricula-en-un-curso-academico-en-el-que-acompanara-a-su-alumnado-en-la-busqueda-de-empleo\/#primaryimage"},"thumbnailUrl":"http:\/\/2.bp.blogspot.com\/-h6oktpbSSgQ\/VfFomx8IhhI\/AAAAAAAAQos\/xr1OMlu0XAk\/s400\/GRAFICO%2BPARA%2BALUMNADO.png","datePublished":"2015-09-10T11:26:00+00:00","breadcrumb":{"@id":"https:\/\/blognoticias.ecca.edu.es\/radio-ecca-abre-la-matricula-en-un-curso-academico-en-el-que-acompanara-a-su-alumnado-en-la-busqueda-de-empleo\/#breadcrumb"},"inLanguage":"en-GB","potentialAction":[{"@type":"ReadAction","target":["https:\/\/blognoticias.ecca.edu.es\/radio-ecca-abre-la-matricula-en-un-curso-academico-en-el-que-acompanara-a-su-alumnado-en-la-busqueda-de-empleo\/"]}]},{"@type":"ImageObject","inLanguage":"en-GB","@id":"https:\/\/blognoticias.ecca.edu.es\/radio-ecca-abre-la-matricula-en-un-curso-academico-en-el-que-acompanara-a-su-alumnado-en-la-busqueda-de-empleo\/#primaryimage","url":"http:\/\/2.bp.blogspot.com\/-h6oktpbSSgQ\/VfFomx8IhhI\/AAAAAAAAQos\/xr1OMlu0XAk\/s400\/GRAFICO%2BPARA%2BALUMNADO.png","contentUrl":"http:\/\/2.bp.blogspot.com\/-h6oktpbSSgQ\/VfFomx8IhhI\/AAAAAAAAQos\/xr1OMlu0XAk\/s400\/GRAFICO%2BPARA%2BALUMNADO.png"},{"@type":"BreadcrumbList","@id":"https:\/\/blognoticias.ecca.edu.es\/radio-ecca-abre-la-matricula-en-un-curso-academico-en-el-que-acompanara-a-su-alumnado-en-la-busqueda-de-empleo\/#breadcrumb","itemListElement":[{"@type":"ListItem","position":1,"name":"Portada","item":"https:\/\/blognoticias.ecca.edu.es\/"},{"@type":"ListItem","position":2,"name":"RADIO ECCA ABRE LA MATR\u00cdCULA EN UN CURSO ACAD\u00c9MICO EN EL QUE ACOMPA\u00d1AR\u00c1 A SU ALUMNADO EN LA B\u00daSQUEDA DE EMPLEO"}]},{"@type":"WebSite","@id":"https:\/\/blognoticias.ecca.edu.es\/#website","url":"https:\/\/blognoticias.ecca.edu.es\/","name":"Blog Noticias Ecca","description":"","publisher":{"@id":"https:\/\/blognoticias.ecca.edu.es\/#organization"},"potentialAction":[{"@type":"SearchAction","target":{"@type":"EntryPoint","urlTemplate":"https:\/\/blognoticias.ecca.edu.es\/?s={search_term_string}"},"query-input":{"@type":"PropertyValueSpecification","valueRequired":true,"valueName":"search_term_string"}}],"inLanguage":"en-GB"},{"@type":"Organization","@id":"https:\/\/blognoticias.ecca.edu.es\/#organization","name":"Blog Noticias Ecca","url":"https:\/\/blognoticias.ecca.edu.es\/","logo":{"@type":"ImageObject","inLanguage":"en-GB","@id":"https:\/\/blognoticias.ecca.edu.es\/#\/schema\/logo\/image\/","url":"https:\/\/blognoticias.ecca.edu.es\/wp-content\/uploads\/2023\/02\/cropped-cropped-cropped-cropped-Logo-Ecca.edu_.png","contentUrl":"https:\/\/blognoticias.ecca.edu.es\/wp-content\/uploads\/2023\/02\/cropped-cropped-cropped-cropped-Logo-Ecca.edu_.png","width":293,"height":45,"caption":"Blog Noticias Ecca"},"image":{"@id":"https:\/\/blognoticias.ecca.edu.es\/#\/schema\/logo\/image\/"},"sameAs":["https:\/\/www.facebook.com\/ecca.edu.es","https:\/\/x.com\/eccaedu","https:\/\/www.instagram.com\/"]},{"@type":"Person","@id":"https:\/\/blognoticias.ecca.edu.es\/#\/schema\/person\/2f67aec1e9c175158bc25ac844a022ce","name":"ECCA","image":{"@type":"ImageObject","inLanguage":"en-GB","@id":"https:\/\/blognoticias.ecca.edu.es\/#\/schema\/person\/image\/","url":"https:\/\/blognoticias.ecca.edu.es\/wp-content\/uploads\/2023\/02\/LOGO-ECCAEDU-1-150x150.png","contentUrl":"https:\/\/blognoticias.ecca.edu.es\/wp-content\/uploads\/2023\/02\/LOGO-ECCAEDU-1-150x150.png","caption":"ECCA"},"sameAs":["https:\/\/blognoticias.ecca.edu.es"],"url":"https:\/\/blognoticias.ecca.edu.es\/en\/author\/admin\/"}]}},"_links":{"self":[{"href":"https:\/\/blognoticias.ecca.edu.es\/en\/wp-json\/wp\/v2\/posts\/4222","targetHints":{"allow":["GET"]}}],"collection":[{"href":"https:\/\/blognoticias.ecca.edu.es\/en\/wp-json\/wp\/v2\/posts"}],"about":[{"href":"https:\/\/blognoticias.ecca.edu.es\/en\/wp-json\/wp\/v2\/types\/post"}],"author":[{"embeddable":true,"href":"https:\/\/blognoticias.ecca.edu.es\/en\/wp-json\/wp\/v2\/users\/1"}],"replies":[{"embeddable":true,"href":"https:\/\/blognoticias.ecca.edu.es\/en\/wp-json\/wp\/v2\/comments?post=4222"}],"version-history":[{"count":0,"href":"https:\/\/blognoticias.ecca.edu.es\/en\/wp-json\/wp\/v2\/posts\/4222\/revisions"}],"wp:attachment":[{"href":"https:\/\/blognoticias.ecca.edu.es\/en\/wp-json\/wp\/v2\/media?parent=4222"}],"wp:term":[{"taxonomy":"category","embeddable":true,"href":"https:\/\/blognoticias.ecca.edu.es\/en\/wp-json\/wp\/v2\/categories?post=4222"},{"taxonomy":"post_tag","embeddable":true,"href":"https:\/\/blognoticias.ecca.edu.es\/en\/wp-json\/wp\/v2\/tags?post=4222"}],"curies":[{"name":"wp","href":"https:\/\/api.w.org\/{rel}","templated":true}]}}