{"id":4034,"date":"2016-09-15T12:37:00","date_gmt":"2016-09-15T12:37:00","guid":{"rendered":"https:\/\/blognoticias.ecca.edu.es\/radio-ecca-galardonada-en-los-v-premios-solidarios-once-canarias\/"},"modified":"2016-09-15T12:37:00","modified_gmt":"2016-09-15T12:37:00","slug":"radio-ecca-galardonada-en-los-v-premios-solidarios-once-canarias","status":"publish","type":"post","link":"https:\/\/blognoticias.ecca.edu.es\/en\/radio-ecca-galardonada-en-los-v-premios-solidarios-once-canarias\/","title":{"rendered":"Radio ECCA, galardonada en los V Premios Solidarios ONCE Canarias"},"content":{"rendered":"<div class='booster-block booster-read-block'>\n                <div class=\"twp-read-time\">\n                \t<i class=\"booster-icon twp-clock\"><\/i> <span>Tiempo de lectura:<\/span>1 Minutos, 58 Segundos                <\/div>\n\n            <\/div><div style=\"background: white; line-height: 16.0pt; margin-left: -7.1pt; mso-line-height-rule: exactly; text-align: justify;\">\n<b><i>Radio ECCA, FASICAN, Hno. Jes\u00fas Garc\u00eda Barriga, ISONORTE<br \/>\nEmpleo SLU y el SAR Canarias (Servicio A\u00e9reo de Rescate), son los ganadores de<br \/>\nlos Premios Solidarios ONCE Canarias, fallados este mi\u00e9rcoles, en Santa Cruz de<br \/>\nTenerife. La entrega de premios, tendr\u00e1 lugar en el marco de la gala que se<br \/>\ndesarrollar\u00e1 el 19 de octubre en el Teatro Guiniguada de Las Palmas de Gran<br \/>\nCanaria.<\/i><\/b><o:p><\/o:p><\/div>\n<div style=\"background: white; line-height: 16.0pt; margin-left: -7.1pt; mso-line-height-rule: exactly; text-align: justify;\">\n<\/div>\n<table align=\"center\" cellpadding=\"0\" cellspacing=\"0\" style=\"margin-left: auto; margin-right: auto; text-align: center;\">\n<tbody>\n<tr>\n<td style=\"text-align: center;\"><a href=\"https:\/\/4.bp.blogspot.com\/-dOU8XnpalW8\/V9qSy8WeUII\/AAAAAAAABJ4\/Fhi7JDIepWY5vuOtkH3ZIFHj0icnU4rsQCLcB\/s1600\/FOTO%2BMIEMBROS%2BJURADO%2B2016.jpg\" style=\"margin-left: auto; margin-right: auto;\"><img loading=\"lazy\" decoding=\"async\" border=\"0\" height=\"225\" src=\"https:\/\/4.bp.blogspot.com\/-dOU8XnpalW8\/V9qSy8WeUII\/AAAAAAAABJ4\/Fhi7JDIepWY5vuOtkH3ZIFHj0icnU4rsQCLcB\/s400\/FOTO%2BMIEMBROS%2BJURADO%2B2016.jpg\" width=\"400\" \/><\/a><\/td>\n<\/tr>\n<tr>\n<td style=\"text-align: center;\">El jurado estuvo compuesto por diferentes representantes de entidades canarias<\/td>\n<\/tr>\n<\/tbody>\n<\/table>\n<div style=\"background: white; line-height: 16.0pt; margin-left: -7.1pt; mso-line-height-rule: exactly; text-align: justify;\">\nLa ONCE reconoce con este galard\u00f3n, a aquellas<br \/>\ninstituciones, medios de comunicaci\u00f3n, persona f\u00edsica, empresa o estamento de<br \/>\nla Administraci\u00f3n que hayan exaltado valores relacionados con la integraci\u00f3n de<br \/>\nlas personas con discapacidad y la supresi\u00f3n de barreras f\u00edsicas y mentales.<\/div>\n<div style=\"background: white; line-height: 16.0pt; margin-left: -7.1pt; mso-line-height-rule: exactly; text-align: justify;\">\n<o:p><\/o:p><\/div>\n<div style=\"background: white; line-height: 16.0pt; margin-left: -7.1pt; mso-line-height-rule: exactly; text-align: justify;\">\n<\/div>\n<div style=\"background: white; line-height: 16.0pt; margin-left: -7.1pt; mso-line-height-rule: exactly; text-align: justify;\">\nSeg\u00fan la informaci\u00f3n difundida por el Consejo<br \/>\nTerritorial de la ONCE en Canarias, en la categor\u00eda de medios de comunicaci\u00f3n,<br \/>\nprograma, articulo o proyecto de comunicaci\u00f3n recay\u00f3 en <b>Radio ECCA<\/b>,&nbsp; \u201cpor su dilatada<br \/>\ntrayectoria, facilitando oportunidades formativas a todos los Canarios en<br \/>\nigualdad de condiciones, promoviendo m\u00faltiples proyectos educativos adaptados a<br \/>\nlas necesidades del archipi\u00e9lago\u201d.<\/div>\n<div style=\"background: white; line-height: 16.0pt; margin-left: -7.1pt; mso-line-height-rule: exactly; text-align: justify;\">\n<o:p><\/o:p><\/div>\n<div style=\"background: white; line-height: 16.0pt; margin-left: -7.1pt; mso-line-height-rule: exactly; text-align: justify;\">\n<\/div>\n<p><a name='more'><\/a><\/p>\n<div style=\"line-height: 16.0pt; margin-bottom: .0001pt; margin-bottom: 0cm; margin-left: -7.1pt; margin-right: -4.35pt; margin-top: 0cm; mso-line-height-rule: exactly; text-align: justify;\">\n<\/div>\n<div style=\"line-height: 16.0pt; margin-left: -7.1pt; mso-line-height-rule: exactly; text-align: justify;\">\n<span lang=\"ES-TRAD\">En esta quinta edici\u00f3n<br \/>\nse han otorgado en la categor\u00eda Instituci\u00f3n, Organizaci\u00f3n, Entidad, ONG, a&nbsp;<b>FASICAN<\/b>, por su labor en favor de las<br \/>\npersonas sordas de la Comunidad Canaria.<o:p><\/o:p><\/span><\/div>\n<div style=\"line-height: 16.0pt; mso-line-height-rule: exactly; text-align: justify;\">\n<\/div>\n<div style=\"line-height: 16.0pt; margin-bottom: .0001pt; margin-bottom: 0cm; margin-left: -7.1pt; margin-right: -14.2pt; margin-top: 0cm; mso-line-height-rule: exactly; text-align: justify;\">\n<span lang=\"ES-TRAD\">En Persona F\u00edsica, el<br \/>\njurado otorg\u00f3 el galard\u00f3n al Hermano <b>JES\u00daS<br \/>\nGARC\u00cdA BARRIGA<\/b>, por su compromiso social con la ciudadan\u00eda m\u00e1s<br \/>\ndesfavorecida y con mayores dificultades de inserci\u00f3n, creando e impulsando la Obra Social de Acogida y<br \/>\nDesarrollo.<o:p><\/o:p><\/span><\/div>\n<div style=\"line-height: 16.0pt; margin-bottom: .0001pt; margin-bottom: 0cm; margin-left: -7.1pt; margin-right: -14.2pt; margin-top: 0cm; mso-line-height-rule: exactly; text-align: justify;\">\n<\/div>\n<p><\/p>\n<div style=\"line-height: 16.0pt; margin-left: -7.1pt; mso-line-height-rule: exactly; text-align: justify;\">\n<span lang=\"ES-TRAD\">Finalmente, en la categor\u00eda<br \/>\nEmpresa recay\u00f3 en, <b>ISONORTE Empleo SLU<\/b>,<br \/>\npor la generaci\u00f3n de<br \/>\nempleo para personas con discapcidad en la isla de La Palma, &nbsp;y en la categor\u00eda Estamento de la<br \/>\nAdministraci\u00f3n P\u00fablica se otorg\u00f3 al <b>SAR<\/b><br \/>\nen Canarias (Servicio A\u00e9reo de Rescate), por su compromiso con la sociedad canaria en las labores de<br \/>\nrescate y salvamento.&nbsp;<o:p><\/o:p><\/span><\/div>\n<div style=\"line-height: 16.0pt; margin-left: -7.1pt; mso-line-height-rule: exactly; text-align: justify;\">\n<span lang=\"ES-TRAD\"><br \/><\/span><\/div>\n<div style=\"line-height: 16.0pt; margin-left: -7.1pt; mso-line-height-rule: exactly; text-align: justify;\">\n<span lang=\"ES-TRAD\">El jurado estuvo formado por, Aar\u00f3n Afonso, Consejero de Presidencia, Justicia e Igualdad del Gobierno de Canarias; Francisco Javier Bencomo, Presidente de CERMI Canarias; Juan Manuel Narbona, Director Regional de Cadena COPE; Ester Asensio, Presidenta de la Federaci\u00f3n \u201cPlataforma de ONG\u2019s de Tenerife\u201d; Cristina Arias, consejera general Coordinadora de Capital Humano, Asuntos Jur\u00eddicos y Garant\u00edas del Consejo General de la ONCE, Jos\u00e9 A. L\u00f3pez, delegado territorial de la ONCE en Canarias, Andr\u00e9s Guill\u00e9n, director de zona de la ONCE en Tenerife, y Miguel \u00c1ngel D\u00e9niz, presidente del Consejo Territorial de la ONCE en Canarias.<\/span><\/div>\n<div style=\"line-height: 16.0pt; margin-left: -7.1pt; mso-line-height-rule: exactly; text-align: justify;\">\n<span lang=\"ES-TRAD\"><br \/><\/span><\/div>","protected":false},"excerpt":{"rendered":"<p>Radio ECCA, FASICAN, Hno. Jes\u00fas Garc\u00eda Barriga, ISONORTE Empleo SLU y el SAR Canarias (Servicio A\u00e9reo de Rescate), son los ganadores de los Premios Solidarios ONCE Canarias, fallados este mi\u00e9rcoles, en Santa Cruz de Tenerife. La entrega de premios, tendr\u00e1 lugar en el marco de la gala que se desarrollar\u00e1 el 19 de octubre en [&hellip;]<\/p>","protected":false},"author":1,"featured_media":0,"comment_status":"","ping_status":"","sticky":false,"template":"","format":"standard","meta":{"footnotes":""},"categories":[103,950,928,371],"tags":[],"class_list":["post-4034","post","type-post","status-publish","format-standard","hentry","category-comunicacion-ecca","category-once-canarias","category-premios-solidarios","category-radio-ecca"],"yoast_head":"<!-- This site is optimized with the Yoast SEO plugin v25.9 - https:\/\/yoast.com\/wordpress\/plugins\/seo\/ -->\n<title>Radio ECCA, galardonada en los V Premios Solidarios ONCE Canarias<\/title>\n<meta name=\"robots\" content=\"index, follow, max-snippet:-1, max-image-preview:large, max-video-preview:-1\" \/>\n<link rel=\"canonical\" href=\"https:\/\/blognoticias.ecca.edu.es\/en\/radio-ecca-galardonada-en-los-v-premios-solidarios-once-canarias\/\" \/>\n<meta property=\"og:locale\" content=\"en_GB\" \/>\n<meta property=\"og:type\" content=\"article\" \/>\n<meta property=\"og:title\" content=\"Radio ECCA, galardonada en los V Premios Solidarios ONCE Canarias\" \/>\n<meta property=\"og:description\" content=\"Radio ECCA, FASICAN, Hno. Jes\u00fas Garc\u00eda Barriga, ISONORTE Empleo SLU y el SAR Canarias (Servicio A\u00e9reo de Rescate), son los ganadores de los Premios Solidarios ONCE Canarias, fallados este mi\u00e9rcoles, en Santa Cruz de Tenerife. La entrega de premios, tendr\u00e1 lugar en el marco de la gala que se desarrollar\u00e1 el 19 de octubre en [&hellip;]\" \/>\n<meta property=\"og:url\" content=\"https:\/\/blognoticias.ecca.edu.es\/en\/radio-ecca-galardonada-en-los-v-premios-solidarios-once-canarias\/\" \/>\n<meta property=\"og:site_name\" content=\"Blog Noticias Ecca\" \/>\n<meta property=\"article:publisher\" content=\"https:\/\/www.facebook.com\/ecca.edu.es\" \/>\n<meta property=\"article:published_time\" content=\"2016-09-15T12:37:00+00:00\" \/>\n<meta property=\"og:image\" content=\"https:\/\/4.bp.blogspot.com\/-dOU8XnpalW8\/V9qSy8WeUII\/AAAAAAAABJ4\/Fhi7JDIepWY5vuOtkH3ZIFHj0icnU4rsQCLcB\/s400\/FOTO%2BMIEMBROS%2BJURADO%2B2016.jpg\" \/>\n<meta name=\"author\" content=\"ECCA\" \/>\n<meta name=\"twitter:card\" content=\"summary_large_image\" \/>\n<meta name=\"twitter:creator\" content=\"@eccaedu\" \/>\n<meta name=\"twitter:site\" content=\"@eccaedu\" \/>\n<meta name=\"twitter:label1\" content=\"Written by\" \/>\n\t<meta name=\"twitter:data1\" content=\"ECCA\" \/>\n\t<meta name=\"twitter:label2\" content=\"Estimated reading time\" \/>\n\t<meta name=\"twitter:data2\" content=\"2 minutes\" \/>\n<script type=\"application\/ld+json\" class=\"yoast-schema-graph\">{\"@context\":\"https:\/\/schema.org\",\"@graph\":[{\"@type\":\"Article\",\"@id\":\"https:\/\/blognoticias.ecca.edu.es\/radio-ecca-galardonada-en-los-v-premios-solidarios-once-canarias\/#article\",\"isPartOf\":{\"@id\":\"https:\/\/blognoticias.ecca.edu.es\/radio-ecca-galardonada-en-los-v-premios-solidarios-once-canarias\/\"},\"author\":{\"name\":\"ECCA\",\"@id\":\"https:\/\/blognoticias.ecca.edu.es\/#\/schema\/person\/2f67aec1e9c175158bc25ac844a022ce\"},\"headline\":\"Radio ECCA, galardonada en los V Premios Solidarios ONCE Canarias\",\"datePublished\":\"2016-09-15T12:37:00+00:00\",\"mainEntityOfPage\":{\"@id\":\"https:\/\/blognoticias.ecca.edu.es\/radio-ecca-galardonada-en-los-v-premios-solidarios-once-canarias\/\"},\"wordCount\":446,\"publisher\":{\"@id\":\"https:\/\/blognoticias.ecca.edu.es\/#organization\"},\"image\":{\"@id\":\"https:\/\/blognoticias.ecca.edu.es\/radio-ecca-galardonada-en-los-v-premios-solidarios-once-canarias\/#primaryimage\"},\"thumbnailUrl\":\"https:\/\/4.bp.blogspot.com\/-dOU8XnpalW8\/V9qSy8WeUII\/AAAAAAAABJ4\/Fhi7JDIepWY5vuOtkH3ZIFHj0icnU4rsQCLcB\/s400\/FOTO%2BMIEMBROS%2BJURADO%2B2016.jpg\",\"articleSection\":[\"Comunicaci\u00f3n ECCA\",\"ONCE Canarias\",\"Premios Solidarios\",\"Radio ECCA\"],\"inLanguage\":\"en-GB\"},{\"@type\":\"WebPage\",\"@id\":\"https:\/\/blognoticias.ecca.edu.es\/radio-ecca-galardonada-en-los-v-premios-solidarios-once-canarias\/\",\"url\":\"https:\/\/blognoticias.ecca.edu.es\/radio-ecca-galardonada-en-los-v-premios-solidarios-once-canarias\/\",\"name\":\"Radio ECCA, galardonada en los V Premios Solidarios ONCE Canarias\",\"isPartOf\":{\"@id\":\"https:\/\/blognoticias.ecca.edu.es\/#website\"},\"primaryImageOfPage\":{\"@id\":\"https:\/\/blognoticias.ecca.edu.es\/radio-ecca-galardonada-en-los-v-premios-solidarios-once-canarias\/#primaryimage\"},\"image\":{\"@id\":\"https:\/\/blognoticias.ecca.edu.es\/radio-ecca-galardonada-en-los-v-premios-solidarios-once-canarias\/#primaryimage\"},\"thumbnailUrl\":\"https:\/\/4.bp.blogspot.com\/-dOU8XnpalW8\/V9qSy8WeUII\/AAAAAAAABJ4\/Fhi7JDIepWY5vuOtkH3ZIFHj0icnU4rsQCLcB\/s400\/FOTO%2BMIEMBROS%2BJURADO%2B2016.jpg\",\"datePublished\":\"2016-09-15T12:37:00+00:00\",\"breadcrumb\":{\"@id\":\"https:\/\/blognoticias.ecca.edu.es\/radio-ecca-galardonada-en-los-v-premios-solidarios-once-canarias\/#breadcrumb\"},\"inLanguage\":\"en-GB\",\"potentialAction\":[{\"@type\":\"ReadAction\",\"target\":[\"https:\/\/blognoticias.ecca.edu.es\/radio-ecca-galardonada-en-los-v-premios-solidarios-once-canarias\/\"]}]},{\"@type\":\"ImageObject\",\"inLanguage\":\"en-GB\",\"@id\":\"https:\/\/blognoticias.ecca.edu.es\/radio-ecca-galardonada-en-los-v-premios-solidarios-once-canarias\/#primaryimage\",\"url\":\"https:\/\/4.bp.blogspot.com\/-dOU8XnpalW8\/V9qSy8WeUII\/AAAAAAAABJ4\/Fhi7JDIepWY5vuOtkH3ZIFHj0icnU4rsQCLcB\/s400\/FOTO%2BMIEMBROS%2BJURADO%2B2016.jpg\",\"contentUrl\":\"https:\/\/4.bp.blogspot.com\/-dOU8XnpalW8\/V9qSy8WeUII\/AAAAAAAABJ4\/Fhi7JDIepWY5vuOtkH3ZIFHj0icnU4rsQCLcB\/s400\/FOTO%2BMIEMBROS%2BJURADO%2B2016.jpg\"},{\"@type\":\"BreadcrumbList\",\"@id\":\"https:\/\/blognoticias.ecca.edu.es\/radio-ecca-galardonada-en-los-v-premios-solidarios-once-canarias\/#breadcrumb\",\"itemListElement\":[{\"@type\":\"ListItem\",\"position\":1,\"name\":\"Portada\",\"item\":\"https:\/\/blognoticias.ecca.edu.es\/\"},{\"@type\":\"ListItem\",\"position\":2,\"name\":\"Radio ECCA, galardonada en los V Premios Solidarios ONCE Canarias\"}]},{\"@type\":\"WebSite\",\"@id\":\"https:\/\/blognoticias.ecca.edu.es\/#website\",\"url\":\"https:\/\/blognoticias.ecca.edu.es\/\",\"name\":\"Blog Noticias Ecca\",\"description\":\"\",\"publisher\":{\"@id\":\"https:\/\/blognoticias.ecca.edu.es\/#organization\"},\"potentialAction\":[{\"@type\":\"SearchAction\",\"target\":{\"@type\":\"EntryPoint\",\"urlTemplate\":\"https:\/\/blognoticias.ecca.edu.es\/?s={search_term_string}\"},\"query-input\":{\"@type\":\"PropertyValueSpecification\",\"valueRequired\":true,\"valueName\":\"search_term_string\"}}],\"inLanguage\":\"en-GB\"},{\"@type\":\"Organization\",\"@id\":\"https:\/\/blognoticias.ecca.edu.es\/#organization\",\"name\":\"Blog Noticias Ecca\",\"url\":\"https:\/\/blognoticias.ecca.edu.es\/\",\"logo\":{\"@type\":\"ImageObject\",\"inLanguage\":\"en-GB\",\"@id\":\"https:\/\/blognoticias.ecca.edu.es\/#\/schema\/logo\/image\/\",\"url\":\"https:\/\/blognoticias.ecca.edu.es\/wp-content\/uploads\/2023\/02\/cropped-cropped-cropped-cropped-Logo-Ecca.edu_.png\",\"contentUrl\":\"https:\/\/blognoticias.ecca.edu.es\/wp-content\/uploads\/2023\/02\/cropped-cropped-cropped-cropped-Logo-Ecca.edu_.png\",\"width\":293,\"height\":45,\"caption\":\"Blog Noticias Ecca\"},\"image\":{\"@id\":\"https:\/\/blognoticias.ecca.edu.es\/#\/schema\/logo\/image\/\"},\"sameAs\":[\"https:\/\/www.facebook.com\/ecca.edu.es\",\"https:\/\/x.com\/eccaedu\",\"https:\/\/www.instagram.com\/\"]},{\"@type\":\"Person\",\"@id\":\"https:\/\/blognoticias.ecca.edu.es\/#\/schema\/person\/2f67aec1e9c175158bc25ac844a022ce\",\"name\":\"ECCA\",\"image\":{\"@type\":\"ImageObject\",\"inLanguage\":\"en-GB\",\"@id\":\"https:\/\/blognoticias.ecca.edu.es\/#\/schema\/person\/image\/\",\"url\":\"https:\/\/blognoticias.ecca.edu.es\/wp-content\/uploads\/2023\/02\/LOGO-ECCAEDU-1-150x150.png\",\"contentUrl\":\"https:\/\/blognoticias.ecca.edu.es\/wp-content\/uploads\/2023\/02\/LOGO-ECCAEDU-1-150x150.png\",\"caption\":\"ECCA\"},\"sameAs\":[\"https:\/\/blognoticias.ecca.edu.es\"],\"url\":\"https:\/\/blognoticias.ecca.edu.es\/en\/author\/admin\/\"}]}<\/script>\n<!-- \/ Yoast SEO plugin. -->","yoast_head_json":{"title":"Radio ECCA, galardonada en los V Premios Solidarios ONCE Canarias","robots":{"index":"index","follow":"follow","max-snippet":"max-snippet:-1","max-image-preview":"max-image-preview:large","max-video-preview":"max-video-preview:-1"},"canonical":"https:\/\/blognoticias.ecca.edu.es\/en\/radio-ecca-galardonada-en-los-v-premios-solidarios-once-canarias\/","og_locale":"en_GB","og_type":"article","og_title":"Radio ECCA, galardonada en los V Premios Solidarios ONCE Canarias","og_description":"Radio ECCA, FASICAN, Hno. Jes\u00fas Garc\u00eda Barriga, ISONORTE Empleo SLU y el SAR Canarias (Servicio A\u00e9reo de Rescate), son los ganadores de los Premios Solidarios ONCE Canarias, fallados este mi\u00e9rcoles, en Santa Cruz de Tenerife. La entrega de premios, tendr\u00e1 lugar en el marco de la gala que se desarrollar\u00e1 el 19 de octubre en [&hellip;]","og_url":"https:\/\/blognoticias.ecca.edu.es\/en\/radio-ecca-galardonada-en-los-v-premios-solidarios-once-canarias\/","og_site_name":"Blog Noticias Ecca","article_publisher":"https:\/\/www.facebook.com\/ecca.edu.es","article_published_time":"2016-09-15T12:37:00+00:00","og_image":[{"url":"https:\/\/4.bp.blogspot.com\/-dOU8XnpalW8\/V9qSy8WeUII\/AAAAAAAABJ4\/Fhi7JDIepWY5vuOtkH3ZIFHj0icnU4rsQCLcB\/s400\/FOTO%2BMIEMBROS%2BJURADO%2B2016.jpg","type":"","width":"","height":""}],"author":"ECCA","twitter_card":"summary_large_image","twitter_creator":"@eccaedu","twitter_site":"@eccaedu","twitter_misc":{"Written by":"ECCA","Estimated reading time":"2 minutes"},"schema":{"@context":"https:\/\/schema.org","@graph":[{"@type":"Article","@id":"https:\/\/blognoticias.ecca.edu.es\/radio-ecca-galardonada-en-los-v-premios-solidarios-once-canarias\/#article","isPartOf":{"@id":"https:\/\/blognoticias.ecca.edu.es\/radio-ecca-galardonada-en-los-v-premios-solidarios-once-canarias\/"},"author":{"name":"ECCA","@id":"https:\/\/blognoticias.ecca.edu.es\/#\/schema\/person\/2f67aec1e9c175158bc25ac844a022ce"},"headline":"Radio ECCA, galardonada en los V Premios Solidarios ONCE Canarias","datePublished":"2016-09-15T12:37:00+00:00","mainEntityOfPage":{"@id":"https:\/\/blognoticias.ecca.edu.es\/radio-ecca-galardonada-en-los-v-premios-solidarios-once-canarias\/"},"wordCount":446,"publisher":{"@id":"https:\/\/blognoticias.ecca.edu.es\/#organization"},"image":{"@id":"https:\/\/blognoticias.ecca.edu.es\/radio-ecca-galardonada-en-los-v-premios-solidarios-once-canarias\/#primaryimage"},"thumbnailUrl":"https:\/\/4.bp.blogspot.com\/-dOU8XnpalW8\/V9qSy8WeUII\/AAAAAAAABJ4\/Fhi7JDIepWY5vuOtkH3ZIFHj0icnU4rsQCLcB\/s400\/FOTO%2BMIEMBROS%2BJURADO%2B2016.jpg","articleSection":["Comunicaci\u00f3n ECCA","ONCE Canarias","Premios Solidarios","Radio ECCA"],"inLanguage":"en-GB"},{"@type":"WebPage","@id":"https:\/\/blognoticias.ecca.edu.es\/radio-ecca-galardonada-en-los-v-premios-solidarios-once-canarias\/","url":"https:\/\/blognoticias.ecca.edu.es\/radio-ecca-galardonada-en-los-v-premios-solidarios-once-canarias\/","name":"Radio ECCA, galardonada en los V Premios Solidarios ONCE Canarias","isPartOf":{"@id":"https:\/\/blognoticias.ecca.edu.es\/#website"},"primaryImageOfPage":{"@id":"https:\/\/blognoticias.ecca.edu.es\/radio-ecca-galardonada-en-los-v-premios-solidarios-once-canarias\/#primaryimage"},"image":{"@id":"https:\/\/blognoticias.ecca.edu.es\/radio-ecca-galardonada-en-los-v-premios-solidarios-once-canarias\/#primaryimage"},"thumbnailUrl":"https:\/\/4.bp.blogspot.com\/-dOU8XnpalW8\/V9qSy8WeUII\/AAAAAAAABJ4\/Fhi7JDIepWY5vuOtkH3ZIFHj0icnU4rsQCLcB\/s400\/FOTO%2BMIEMBROS%2BJURADO%2B2016.jpg","datePublished":"2016-09-15T12:37:00+00:00","breadcrumb":{"@id":"https:\/\/blognoticias.ecca.edu.es\/radio-ecca-galardonada-en-los-v-premios-solidarios-once-canarias\/#breadcrumb"},"inLanguage":"en-GB","potentialAction":[{"@type":"ReadAction","target":["https:\/\/blognoticias.ecca.edu.es\/radio-ecca-galardonada-en-los-v-premios-solidarios-once-canarias\/"]}]},{"@type":"ImageObject","inLanguage":"en-GB","@id":"https:\/\/blognoticias.ecca.edu.es\/radio-ecca-galardonada-en-los-v-premios-solidarios-once-canarias\/#primaryimage","url":"https:\/\/4.bp.blogspot.com\/-dOU8XnpalW8\/V9qSy8WeUII\/AAAAAAAABJ4\/Fhi7JDIepWY5vuOtkH3ZIFHj0icnU4rsQCLcB\/s400\/FOTO%2BMIEMBROS%2BJURADO%2B2016.jpg","contentUrl":"https:\/\/4.bp.blogspot.com\/-dOU8XnpalW8\/V9qSy8WeUII\/AAAAAAAABJ4\/Fhi7JDIepWY5vuOtkH3ZIFHj0icnU4rsQCLcB\/s400\/FOTO%2BMIEMBROS%2BJURADO%2B2016.jpg"},{"@type":"BreadcrumbList","@id":"https:\/\/blognoticias.ecca.edu.es\/radio-ecca-galardonada-en-los-v-premios-solidarios-once-canarias\/#breadcrumb","itemListElement":[{"@type":"ListItem","position":1,"name":"Portada","item":"https:\/\/blognoticias.ecca.edu.es\/"},{"@type":"ListItem","position":2,"name":"Radio ECCA, galardonada en los V Premios Solidarios ONCE Canarias"}]},{"@type":"WebSite","@id":"https:\/\/blognoticias.ecca.edu.es\/#website","url":"https:\/\/blognoticias.ecca.edu.es\/","name":"Blog Noticias Ecca","description":"","publisher":{"@id":"https:\/\/blognoticias.ecca.edu.es\/#organization"},"potentialAction":[{"@type":"SearchAction","target":{"@type":"EntryPoint","urlTemplate":"https:\/\/blognoticias.ecca.edu.es\/?s={search_term_string}"},"query-input":{"@type":"PropertyValueSpecification","valueRequired":true,"valueName":"search_term_string"}}],"inLanguage":"en-GB"},{"@type":"Organization","@id":"https:\/\/blognoticias.ecca.edu.es\/#organization","name":"Blog Noticias Ecca","url":"https:\/\/blognoticias.ecca.edu.es\/","logo":{"@type":"ImageObject","inLanguage":"en-GB","@id":"https:\/\/blognoticias.ecca.edu.es\/#\/schema\/logo\/image\/","url":"https:\/\/blognoticias.ecca.edu.es\/wp-content\/uploads\/2023\/02\/cropped-cropped-cropped-cropped-Logo-Ecca.edu_.png","contentUrl":"https:\/\/blognoticias.ecca.edu.es\/wp-content\/uploads\/2023\/02\/cropped-cropped-cropped-cropped-Logo-Ecca.edu_.png","width":293,"height":45,"caption":"Blog Noticias Ecca"},"image":{"@id":"https:\/\/blognoticias.ecca.edu.es\/#\/schema\/logo\/image\/"},"sameAs":["https:\/\/www.facebook.com\/ecca.edu.es","https:\/\/x.com\/eccaedu","https:\/\/www.instagram.com\/"]},{"@type":"Person","@id":"https:\/\/blognoticias.ecca.edu.es\/#\/schema\/person\/2f67aec1e9c175158bc25ac844a022ce","name":"ECCA","image":{"@type":"ImageObject","inLanguage":"en-GB","@id":"https:\/\/blognoticias.ecca.edu.es\/#\/schema\/person\/image\/","url":"https:\/\/blognoticias.ecca.edu.es\/wp-content\/uploads\/2023\/02\/LOGO-ECCAEDU-1-150x150.png","contentUrl":"https:\/\/blognoticias.ecca.edu.es\/wp-content\/uploads\/2023\/02\/LOGO-ECCAEDU-1-150x150.png","caption":"ECCA"},"sameAs":["https:\/\/blognoticias.ecca.edu.es"],"url":"https:\/\/blognoticias.ecca.edu.es\/en\/author\/admin\/"}]}},"_links":{"self":[{"href":"https:\/\/blognoticias.ecca.edu.es\/en\/wp-json\/wp\/v2\/posts\/4034","targetHints":{"allow":["GET"]}}],"collection":[{"href":"https:\/\/blognoticias.ecca.edu.es\/en\/wp-json\/wp\/v2\/posts"}],"about":[{"href":"https:\/\/blognoticias.ecca.edu.es\/en\/wp-json\/wp\/v2\/types\/post"}],"author":[{"embeddable":true,"href":"https:\/\/blognoticias.ecca.edu.es\/en\/wp-json\/wp\/v2\/users\/1"}],"replies":[{"embeddable":true,"href":"https:\/\/blognoticias.ecca.edu.es\/en\/wp-json\/wp\/v2\/comments?post=4034"}],"version-history":[{"count":0,"href":"https:\/\/blognoticias.ecca.edu.es\/en\/wp-json\/wp\/v2\/posts\/4034\/revisions"}],"wp:attachment":[{"href":"https:\/\/blognoticias.ecca.edu.es\/en\/wp-json\/wp\/v2\/media?parent=4034"}],"wp:term":[{"taxonomy":"category","embeddable":true,"href":"https:\/\/blognoticias.ecca.edu.es\/en\/wp-json\/wp\/v2\/categories?post=4034"},{"taxonomy":"post_tag","embeddable":true,"href":"https:\/\/blognoticias.ecca.edu.es\/en\/wp-json\/wp\/v2\/tags?post=4034"}],"curies":[{"name":"wp","href":"https:\/\/api.w.org\/{rel}","templated":true}]}}