{"id":4033,"date":"2016-09-16T14:00:00","date_gmt":"2016-09-16T14:00:00","guid":{"rendered":"https:\/\/blognoticias.ecca.edu.es\/mesa-redonda-en-radio-ecca-la-misericordia-nos-transforma-y-tiene-que-ver-con-el-compromiso-con-la-justicia\/"},"modified":"2016-09-16T14:00:00","modified_gmt":"2016-09-16T14:00:00","slug":"mesa-redonda-en-radio-ecca-la-misericordia-nos-transforma-y-tiene-que-ver-con-el-compromiso-con-la-justicia","status":"publish","type":"post","link":"https:\/\/blognoticias.ecca.edu.es\/en\/mesa-redonda-en-radio-ecca-la-misericordia-nos-transforma-y-tiene-que-ver-con-el-compromiso-con-la-justicia\/","title":{"rendered":"Mesa redonda en Radio ECCA: \u00abLa misericordia nos transforma y tiene que ver con el compromiso con la justicia\u00bb"},"content":{"rendered":"<div class='booster-block booster-read-block'>\n                <div class=\"twp-read-time\">\n                \t<i class=\"booster-icon twp-clock\"><\/i> <span>Tiempo de lectura:<\/span>1 Minutos, 33 Segundos                <\/div>\n\n            <\/div><div align=\"center\" style=\"text-align: center;\">\n<b><\/b><\/div>\n<div style=\"display: inline !important; text-align: justify;\">\n<b><i>La misericordia conecta con el sentido experiencial de lo que somos y reconoce la fragilidad, independientemente de nuestra ideolog\u00eda o religi\u00f3n. En torno a estas claves se desarroll\u00f3 la mesa redonda que tuvo lugar este viernes en Radio ECCA, que coorganiz\u00f3 el acto con la Fundaci\u00f3n Loyola en Canarias con el objetivo de generar un espacio de reflexi\u00f3n que en torno al tema de la misericordia propuesto por el Papa Francisco desde sus implicaciones sociopol\u00edticas.<\/i><\/b><\/div>\n<div>\n<div style=\"text-align: justify;\">\n<div style=\"text-align: center;\">\n<\/div>\n<p><\/p>\n<div style=\"clear: both; text-align: center;\">\n<\/div>\n<div style=\"clear: both; text-align: center;\">\n<a href=\"https:\/\/4.bp.blogspot.com\/-RWqTQx7DyXY\/V9-nbYrjXgI\/AAAAAAAABK0\/_zMY2i8ntsAyczxcs6LGvF-KkGibcpVrQCEw\/s1600\/_MG_0123%2B%25282%2529.JPG\" style=\"margin-left: 1em; margin-right: 1em;\"><img loading=\"lazy\" decoding=\"async\" border=\"0\" height=\"213\" src=\"https:\/\/4.bp.blogspot.com\/-RWqTQx7DyXY\/V9-nbYrjXgI\/AAAAAAAABK0\/_zMY2i8ntsAyczxcs6LGvF-KkGibcpVrQCEw\/s320\/_MG_0123%2B%25282%2529.JPG\" width=\"320\" \/><\/a><\/div>\n<p><\/p>\n<div style=\"clear: both; text-align: center;\">\n<a href=\"https:\/\/3.bp.blogspot.com\/-jqB9KFbav44\/V9-nZmyOLsI\/AAAAAAAABKw\/7zKxgRlocC8br-E2-Wj0JQCe5R62S0qYwCEw\/s1600\/_MG_0180%2B%25281%2529.JPG\" style=\"margin-left: 1em; margin-right: 1em;\"><img loading=\"lazy\" decoding=\"async\" border=\"0\" height=\"213\" src=\"https:\/\/3.bp.blogspot.com\/-jqB9KFbav44\/V9-nZmyOLsI\/AAAAAAAABKw\/7zKxgRlocC8br-E2-Wj0JQCe5R62S0qYwCEw\/s320\/_MG_0180%2B%25281%2529.JPG\" width=\"320\" \/><\/a><\/div>\n<\/div>\n<div>\n<div style=\"clear: both; text-align: center;\">\n<\/div>\n<div style=\"text-align: justify;\">\nEn el acto intervinieron D. Luis Arancibia,&nbsp;miembro del equipo del Sector Social de la Compa\u00f1\u00eda de Jes\u00fas en Espa\u00f1a; D. Fernando Canellada, subdirector de La Provincia-Diario de Las Palmas; D\u00f1a. Mar\u00eda Eugenia Ben\u00edtez, religiosa de la congregaci\u00f3n de \u201cVilla Teresita\u201d, que trabaja con mujeres en situaci\u00f3n de exclusi\u00f3n social,  y D. Javier Castillo SJ, director del Centro Loyola en Canarias. La directora gerente de Radio ECCA, D\u00f1a. Amparo Osorio, abri\u00f3 el acto, mientras que la clausura estuvo a cargo de D. Lucas L\u00f3pez SJ, director titular de Radio ECCA.<br \/>\n<a name='more'><\/a><\/div>\n<div style=\"text-align: justify;\">\n<\/div>\n<div style=\"text-align: justify;\">\nLos cuatro invitados expusieron la amplitud del concepto \u00abmisericordia\u00bb y su proyecci\u00f3n sobre la justicia social. En este sentido, explicaron que la misericordia tiene que ver con  el modo en que se gestiona la econom\u00eda y al servicio de qu\u00e9 est\u00e1 la gesti\u00f3n p\u00fablica.<\/p>\n<\/div>\n<div style=\"text-align: justify;\">\nPara los contertulios, la misericordia tiene una dimensi\u00f3n pol\u00edtica que busca que los estados se acerque a las personas m\u00e1s vulnerables: debe ser un modo de gesti\u00f3n al servicio del bien com\u00fan.<\/div>\n<div style=\"text-align: justify;\">\n<\/div>\n<div style=\"text-align: justify;\">\nPor tanto, la misericordia nos obliga a repensar si nuestro sistema est\u00e1 al servicio de la ciudadan\u00eda, desde el punto de vista de evitar los desequilibrios. \u00abLa justicia misericordiosa desborda a la legal y se vuelve, en este sentido, absolutamente revolucionaria\u201d. Se trata, en definitiva, de cambiar la mirada ante las personas  excluidas.<br \/>\n<span style=\"text-align: center;\">En este audio, la intervenci\u00f3n de D. Luis Arancibia en nuestra radio:&nbsp;<\/span><\/div>\n<div style=\"text-align: justify;\">\n<div style=\"text-align: center;\">\n<\/div>\n<\/div>\n<div style=\"text-align: center;\">\n<iframe loading=\"lazy\" allowfullscreen=\"\" frameborder=\"0\" height=\"48\" scrolling=\"no\" src=\"https:\/\/www.ivoox.com\/player_ek_12930859_2_1.html?data=kpemlZWceZqhhpywj5aXaZS1lpuah5yncZOhhpywj5WRaZi3jpWah5ynca7Z1MaYtMrIs8_YwpCSp5eJfJGZmqi5w5CxrdTZ087Q0dfIrcKfxtOYxdHFusaf1NTQy9TUs82ZpJiSo6nYrcTVjoqkpZK2pcXd0JCypailcYarpJKh&amp;\" width=\"238\"><\/iframe><\/div>\n<\/div>\n<\/div>","protected":false},"excerpt":{"rendered":"<p>La misericordia conecta con el sentido experiencial de lo que somos y reconoce la fragilidad, independientemente de nuestra ideolog\u00eda o religi\u00f3n. En torno a estas claves se desarroll\u00f3 la mesa redonda que tuvo lugar este viernes en Radio ECCA, que coorganiz\u00f3 el acto con la Fundaci\u00f3n Loyola en Canarias con el objetivo de generar un [&hellip;]<\/p>","protected":false},"author":1,"featured_media":0,"comment_status":"","ping_status":"","sticky":false,"template":"","format":"standard","meta":{"footnotes":""},"categories":[103,948,947,472,945,946,949,371,106],"tags":[],"class_list":["post-4033","post","type-post","status-publish","format-standard","hentry","category-comunicacion-ecca","category-fernando-canellada","category-javier-castillo-sj","category-lucas-lopez-sj","category-luis-arancibia","category-ma-eugenia-benitez","category-misericordia","category-radio-ecca","category-relevante"],"yoast_head":"<!-- This site is optimized with the Yoast SEO plugin v25.9 - https:\/\/yoast.com\/wordpress\/plugins\/seo\/ -->\n<title>Mesa redonda en Radio ECCA: &quot;La misericordia nos transforma y tiene que ver con el compromiso con la justicia&quot;<\/title>\n<meta name=\"robots\" content=\"index, follow, max-snippet:-1, max-image-preview:large, max-video-preview:-1\" \/>\n<link rel=\"canonical\" href=\"https:\/\/blognoticias.ecca.edu.es\/en\/mesa-redonda-en-radio-ecca-la-misericordia-nos-transforma-y-tiene-que-ver-con-el-compromiso-con-la-justicia\/\" \/>\n<meta property=\"og:locale\" content=\"en_GB\" \/>\n<meta property=\"og:type\" content=\"article\" \/>\n<meta property=\"og:title\" content=\"Mesa redonda en Radio ECCA: &quot;La misericordia nos transforma y tiene que ver con el compromiso con la justicia&quot;\" \/>\n<meta property=\"og:description\" content=\"La misericordia conecta con el sentido experiencial de lo que somos y reconoce la fragilidad, independientemente de nuestra ideolog\u00eda o religi\u00f3n. En torno a estas claves se desarroll\u00f3 la mesa redonda que tuvo lugar este viernes en Radio ECCA, que coorganiz\u00f3 el acto con la Fundaci\u00f3n Loyola en Canarias con el objetivo de generar un [&hellip;]\" \/>\n<meta property=\"og:url\" content=\"https:\/\/blognoticias.ecca.edu.es\/en\/mesa-redonda-en-radio-ecca-la-misericordia-nos-transforma-y-tiene-que-ver-con-el-compromiso-con-la-justicia\/\" \/>\n<meta property=\"og:site_name\" content=\"Blog Noticias Ecca\" \/>\n<meta property=\"article:publisher\" content=\"https:\/\/www.facebook.com\/ecca.edu.es\" \/>\n<meta property=\"article:published_time\" content=\"2016-09-16T14:00:00+00:00\" \/>\n<meta property=\"og:image\" content=\"https:\/\/4.bp.blogspot.com\/-RWqTQx7DyXY\/V9-nbYrjXgI\/AAAAAAAABK0\/_zMY2i8ntsAyczxcs6LGvF-KkGibcpVrQCEw\/s320\/_MG_0123%2B%25282%2529.JPG\" \/>\n<meta name=\"author\" content=\"ECCA\" \/>\n<meta name=\"twitter:card\" content=\"summary_large_image\" \/>\n<meta name=\"twitter:creator\" content=\"@eccaedu\" \/>\n<meta name=\"twitter:site\" content=\"@eccaedu\" \/>\n<meta name=\"twitter:label1\" content=\"Written by\" \/>\n\t<meta name=\"twitter:data1\" content=\"ECCA\" \/>\n\t<meta name=\"twitter:label2\" content=\"Estimated reading time\" \/>\n\t<meta name=\"twitter:data2\" content=\"2 minutes\" \/>\n<script type=\"application\/ld+json\" class=\"yoast-schema-graph\">{\"@context\":\"https:\/\/schema.org\",\"@graph\":[{\"@type\":\"Article\",\"@id\":\"https:\/\/blognoticias.ecca.edu.es\/mesa-redonda-en-radio-ecca-la-misericordia-nos-transforma-y-tiene-que-ver-con-el-compromiso-con-la-justicia\/#article\",\"isPartOf\":{\"@id\":\"https:\/\/blognoticias.ecca.edu.es\/mesa-redonda-en-radio-ecca-la-misericordia-nos-transforma-y-tiene-que-ver-con-el-compromiso-con-la-justicia\/\"},\"author\":{\"name\":\"ECCA\",\"@id\":\"https:\/\/blognoticias.ecca.edu.es\/#\/schema\/person\/2f67aec1e9c175158bc25ac844a022ce\"},\"headline\":\"Mesa redonda en Radio ECCA: \u00abLa misericordia nos transforma y tiene que ver con el compromiso con la justicia\u00bb\",\"datePublished\":\"2016-09-16T14:00:00+00:00\",\"mainEntityOfPage\":{\"@id\":\"https:\/\/blognoticias.ecca.edu.es\/mesa-redonda-en-radio-ecca-la-misericordia-nos-transforma-y-tiene-que-ver-con-el-compromiso-con-la-justicia\/\"},\"wordCount\":354,\"publisher\":{\"@id\":\"https:\/\/blognoticias.ecca.edu.es\/#organization\"},\"image\":{\"@id\":\"https:\/\/blognoticias.ecca.edu.es\/mesa-redonda-en-radio-ecca-la-misericordia-nos-transforma-y-tiene-que-ver-con-el-compromiso-con-la-justicia\/#primaryimage\"},\"thumbnailUrl\":\"https:\/\/4.bp.blogspot.com\/-RWqTQx7DyXY\/V9-nbYrjXgI\/AAAAAAAABK0\/_zMY2i8ntsAyczxcs6LGvF-KkGibcpVrQCEw\/s320\/_MG_0123%2B%25282%2529.JPG\",\"articleSection\":[\"Comunicaci\u00f3n ECCA\",\"Fernando Canellada\",\"Javier Castillo SJ\",\"Lucas L\u00f3pez SJ\",\"Luis Arancibia\",\"M\u00aa Eugenia Ben\u00edtez\",\"Misericordia\",\"Radio ECCA\",\"Relevante\"],\"inLanguage\":\"en-GB\"},{\"@type\":\"WebPage\",\"@id\":\"https:\/\/blognoticias.ecca.edu.es\/mesa-redonda-en-radio-ecca-la-misericordia-nos-transforma-y-tiene-que-ver-con-el-compromiso-con-la-justicia\/\",\"url\":\"https:\/\/blognoticias.ecca.edu.es\/mesa-redonda-en-radio-ecca-la-misericordia-nos-transforma-y-tiene-que-ver-con-el-compromiso-con-la-justicia\/\",\"name\":\"Mesa redonda en Radio ECCA: \\\"La misericordia nos transforma y tiene que ver con el compromiso con la justicia\\\"\",\"isPartOf\":{\"@id\":\"https:\/\/blognoticias.ecca.edu.es\/#website\"},\"primaryImageOfPage\":{\"@id\":\"https:\/\/blognoticias.ecca.edu.es\/mesa-redonda-en-radio-ecca-la-misericordia-nos-transforma-y-tiene-que-ver-con-el-compromiso-con-la-justicia\/#primaryimage\"},\"image\":{\"@id\":\"https:\/\/blognoticias.ecca.edu.es\/mesa-redonda-en-radio-ecca-la-misericordia-nos-transforma-y-tiene-que-ver-con-el-compromiso-con-la-justicia\/#primaryimage\"},\"thumbnailUrl\":\"https:\/\/4.bp.blogspot.com\/-RWqTQx7DyXY\/V9-nbYrjXgI\/AAAAAAAABK0\/_zMY2i8ntsAyczxcs6LGvF-KkGibcpVrQCEw\/s320\/_MG_0123%2B%25282%2529.JPG\",\"datePublished\":\"2016-09-16T14:00:00+00:00\",\"breadcrumb\":{\"@id\":\"https:\/\/blognoticias.ecca.edu.es\/mesa-redonda-en-radio-ecca-la-misericordia-nos-transforma-y-tiene-que-ver-con-el-compromiso-con-la-justicia\/#breadcrumb\"},\"inLanguage\":\"en-GB\",\"potentialAction\":[{\"@type\":\"ReadAction\",\"target\":[\"https:\/\/blognoticias.ecca.edu.es\/mesa-redonda-en-radio-ecca-la-misericordia-nos-transforma-y-tiene-que-ver-con-el-compromiso-con-la-justicia\/\"]}]},{\"@type\":\"ImageObject\",\"inLanguage\":\"en-GB\",\"@id\":\"https:\/\/blognoticias.ecca.edu.es\/mesa-redonda-en-radio-ecca-la-misericordia-nos-transforma-y-tiene-que-ver-con-el-compromiso-con-la-justicia\/#primaryimage\",\"url\":\"https:\/\/4.bp.blogspot.com\/-RWqTQx7DyXY\/V9-nbYrjXgI\/AAAAAAAABK0\/_zMY2i8ntsAyczxcs6LGvF-KkGibcpVrQCEw\/s320\/_MG_0123%2B%25282%2529.JPG\",\"contentUrl\":\"https:\/\/4.bp.blogspot.com\/-RWqTQx7DyXY\/V9-nbYrjXgI\/AAAAAAAABK0\/_zMY2i8ntsAyczxcs6LGvF-KkGibcpVrQCEw\/s320\/_MG_0123%2B%25282%2529.JPG\"},{\"@type\":\"BreadcrumbList\",\"@id\":\"https:\/\/blognoticias.ecca.edu.es\/mesa-redonda-en-radio-ecca-la-misericordia-nos-transforma-y-tiene-que-ver-con-el-compromiso-con-la-justicia\/#breadcrumb\",\"itemListElement\":[{\"@type\":\"ListItem\",\"position\":1,\"name\":\"Portada\",\"item\":\"https:\/\/blognoticias.ecca.edu.es\/\"},{\"@type\":\"ListItem\",\"position\":2,\"name\":\"Mesa redonda en Radio ECCA: \u00abLa misericordia nos transforma y tiene que ver con el compromiso con la justicia\u00bb\"}]},{\"@type\":\"WebSite\",\"@id\":\"https:\/\/blognoticias.ecca.edu.es\/#website\",\"url\":\"https:\/\/blognoticias.ecca.edu.es\/\",\"name\":\"Blog Noticias Ecca\",\"description\":\"\",\"publisher\":{\"@id\":\"https:\/\/blognoticias.ecca.edu.es\/#organization\"},\"potentialAction\":[{\"@type\":\"SearchAction\",\"target\":{\"@type\":\"EntryPoint\",\"urlTemplate\":\"https:\/\/blognoticias.ecca.edu.es\/?s={search_term_string}\"},\"query-input\":{\"@type\":\"PropertyValueSpecification\",\"valueRequired\":true,\"valueName\":\"search_term_string\"}}],\"inLanguage\":\"en-GB\"},{\"@type\":\"Organization\",\"@id\":\"https:\/\/blognoticias.ecca.edu.es\/#organization\",\"name\":\"Blog Noticias Ecca\",\"url\":\"https:\/\/blognoticias.ecca.edu.es\/\",\"logo\":{\"@type\":\"ImageObject\",\"inLanguage\":\"en-GB\",\"@id\":\"https:\/\/blognoticias.ecca.edu.es\/#\/schema\/logo\/image\/\",\"url\":\"https:\/\/blognoticias.ecca.edu.es\/wp-content\/uploads\/2023\/02\/cropped-cropped-cropped-cropped-Logo-Ecca.edu_.png\",\"contentUrl\":\"https:\/\/blognoticias.ecca.edu.es\/wp-content\/uploads\/2023\/02\/cropped-cropped-cropped-cropped-Logo-Ecca.edu_.png\",\"width\":293,\"height\":45,\"caption\":\"Blog Noticias Ecca\"},\"image\":{\"@id\":\"https:\/\/blognoticias.ecca.edu.es\/#\/schema\/logo\/image\/\"},\"sameAs\":[\"https:\/\/www.facebook.com\/ecca.edu.es\",\"https:\/\/x.com\/eccaedu\",\"https:\/\/www.instagram.com\/\"]},{\"@type\":\"Person\",\"@id\":\"https:\/\/blognoticias.ecca.edu.es\/#\/schema\/person\/2f67aec1e9c175158bc25ac844a022ce\",\"name\":\"ECCA\",\"image\":{\"@type\":\"ImageObject\",\"inLanguage\":\"en-GB\",\"@id\":\"https:\/\/blognoticias.ecca.edu.es\/#\/schema\/person\/image\/\",\"url\":\"https:\/\/blognoticias.ecca.edu.es\/wp-content\/uploads\/2023\/02\/LOGO-ECCAEDU-1-150x150.png\",\"contentUrl\":\"https:\/\/blognoticias.ecca.edu.es\/wp-content\/uploads\/2023\/02\/LOGO-ECCAEDU-1-150x150.png\",\"caption\":\"ECCA\"},\"sameAs\":[\"https:\/\/blognoticias.ecca.edu.es\"],\"url\":\"https:\/\/blognoticias.ecca.edu.es\/en\/author\/admin\/\"}]}<\/script>\n<!-- \/ Yoast SEO plugin. -->","yoast_head_json":{"title":"Mesa redonda en Radio ECCA: \"La misericordia nos transforma y tiene que ver con el compromiso con la justicia\"","robots":{"index":"index","follow":"follow","max-snippet":"max-snippet:-1","max-image-preview":"max-image-preview:large","max-video-preview":"max-video-preview:-1"},"canonical":"https:\/\/blognoticias.ecca.edu.es\/en\/mesa-redonda-en-radio-ecca-la-misericordia-nos-transforma-y-tiene-que-ver-con-el-compromiso-con-la-justicia\/","og_locale":"en_GB","og_type":"article","og_title":"Mesa redonda en Radio ECCA: \"La misericordia nos transforma y tiene que ver con el compromiso con la justicia\"","og_description":"La misericordia conecta con el sentido experiencial de lo que somos y reconoce la fragilidad, independientemente de nuestra ideolog\u00eda o religi\u00f3n. En torno a estas claves se desarroll\u00f3 la mesa redonda que tuvo lugar este viernes en Radio ECCA, que coorganiz\u00f3 el acto con la Fundaci\u00f3n Loyola en Canarias con el objetivo de generar un [&hellip;]","og_url":"https:\/\/blognoticias.ecca.edu.es\/en\/mesa-redonda-en-radio-ecca-la-misericordia-nos-transforma-y-tiene-que-ver-con-el-compromiso-con-la-justicia\/","og_site_name":"Blog Noticias Ecca","article_publisher":"https:\/\/www.facebook.com\/ecca.edu.es","article_published_time":"2016-09-16T14:00:00+00:00","og_image":[{"url":"https:\/\/4.bp.blogspot.com\/-RWqTQx7DyXY\/V9-nbYrjXgI\/AAAAAAAABK0\/_zMY2i8ntsAyczxcs6LGvF-KkGibcpVrQCEw\/s320\/_MG_0123%2B%25282%2529.JPG","type":"","width":"","height":""}],"author":"ECCA","twitter_card":"summary_large_image","twitter_creator":"@eccaedu","twitter_site":"@eccaedu","twitter_misc":{"Written by":"ECCA","Estimated reading time":"2 minutes"},"schema":{"@context":"https:\/\/schema.org","@graph":[{"@type":"Article","@id":"https:\/\/blognoticias.ecca.edu.es\/mesa-redonda-en-radio-ecca-la-misericordia-nos-transforma-y-tiene-que-ver-con-el-compromiso-con-la-justicia\/#article","isPartOf":{"@id":"https:\/\/blognoticias.ecca.edu.es\/mesa-redonda-en-radio-ecca-la-misericordia-nos-transforma-y-tiene-que-ver-con-el-compromiso-con-la-justicia\/"},"author":{"name":"ECCA","@id":"https:\/\/blognoticias.ecca.edu.es\/#\/schema\/person\/2f67aec1e9c175158bc25ac844a022ce"},"headline":"Mesa redonda en Radio ECCA: \u00abLa misericordia nos transforma y tiene que ver con el compromiso con la justicia\u00bb","datePublished":"2016-09-16T14:00:00+00:00","mainEntityOfPage":{"@id":"https:\/\/blognoticias.ecca.edu.es\/mesa-redonda-en-radio-ecca-la-misericordia-nos-transforma-y-tiene-que-ver-con-el-compromiso-con-la-justicia\/"},"wordCount":354,"publisher":{"@id":"https:\/\/blognoticias.ecca.edu.es\/#organization"},"image":{"@id":"https:\/\/blognoticias.ecca.edu.es\/mesa-redonda-en-radio-ecca-la-misericordia-nos-transforma-y-tiene-que-ver-con-el-compromiso-con-la-justicia\/#primaryimage"},"thumbnailUrl":"https:\/\/4.bp.blogspot.com\/-RWqTQx7DyXY\/V9-nbYrjXgI\/AAAAAAAABK0\/_zMY2i8ntsAyczxcs6LGvF-KkGibcpVrQCEw\/s320\/_MG_0123%2B%25282%2529.JPG","articleSection":["Comunicaci\u00f3n ECCA","Fernando Canellada","Javier Castillo SJ","Lucas L\u00f3pez SJ","Luis Arancibia","M\u00aa Eugenia Ben\u00edtez","Misericordia","Radio ECCA","Relevante"],"inLanguage":"en-GB"},{"@type":"WebPage","@id":"https:\/\/blognoticias.ecca.edu.es\/mesa-redonda-en-radio-ecca-la-misericordia-nos-transforma-y-tiene-que-ver-con-el-compromiso-con-la-justicia\/","url":"https:\/\/blognoticias.ecca.edu.es\/mesa-redonda-en-radio-ecca-la-misericordia-nos-transforma-y-tiene-que-ver-con-el-compromiso-con-la-justicia\/","name":"Mesa redonda en Radio ECCA: \"La misericordia nos transforma y tiene que ver con el compromiso con la justicia\"","isPartOf":{"@id":"https:\/\/blognoticias.ecca.edu.es\/#website"},"primaryImageOfPage":{"@id":"https:\/\/blognoticias.ecca.edu.es\/mesa-redonda-en-radio-ecca-la-misericordia-nos-transforma-y-tiene-que-ver-con-el-compromiso-con-la-justicia\/#primaryimage"},"image":{"@id":"https:\/\/blognoticias.ecca.edu.es\/mesa-redonda-en-radio-ecca-la-misericordia-nos-transforma-y-tiene-que-ver-con-el-compromiso-con-la-justicia\/#primaryimage"},"thumbnailUrl":"https:\/\/4.bp.blogspot.com\/-RWqTQx7DyXY\/V9-nbYrjXgI\/AAAAAAAABK0\/_zMY2i8ntsAyczxcs6LGvF-KkGibcpVrQCEw\/s320\/_MG_0123%2B%25282%2529.JPG","datePublished":"2016-09-16T14:00:00+00:00","breadcrumb":{"@id":"https:\/\/blognoticias.ecca.edu.es\/mesa-redonda-en-radio-ecca-la-misericordia-nos-transforma-y-tiene-que-ver-con-el-compromiso-con-la-justicia\/#breadcrumb"},"inLanguage":"en-GB","potentialAction":[{"@type":"ReadAction","target":["https:\/\/blognoticias.ecca.edu.es\/mesa-redonda-en-radio-ecca-la-misericordia-nos-transforma-y-tiene-que-ver-con-el-compromiso-con-la-justicia\/"]}]},{"@type":"ImageObject","inLanguage":"en-GB","@id":"https:\/\/blognoticias.ecca.edu.es\/mesa-redonda-en-radio-ecca-la-misericordia-nos-transforma-y-tiene-que-ver-con-el-compromiso-con-la-justicia\/#primaryimage","url":"https:\/\/4.bp.blogspot.com\/-RWqTQx7DyXY\/V9-nbYrjXgI\/AAAAAAAABK0\/_zMY2i8ntsAyczxcs6LGvF-KkGibcpVrQCEw\/s320\/_MG_0123%2B%25282%2529.JPG","contentUrl":"https:\/\/4.bp.blogspot.com\/-RWqTQx7DyXY\/V9-nbYrjXgI\/AAAAAAAABK0\/_zMY2i8ntsAyczxcs6LGvF-KkGibcpVrQCEw\/s320\/_MG_0123%2B%25282%2529.JPG"},{"@type":"BreadcrumbList","@id":"https:\/\/blognoticias.ecca.edu.es\/mesa-redonda-en-radio-ecca-la-misericordia-nos-transforma-y-tiene-que-ver-con-el-compromiso-con-la-justicia\/#breadcrumb","itemListElement":[{"@type":"ListItem","position":1,"name":"Portada","item":"https:\/\/blognoticias.ecca.edu.es\/"},{"@type":"ListItem","position":2,"name":"Mesa redonda en Radio ECCA: \u00abLa misericordia nos transforma y tiene que ver con el compromiso con la justicia\u00bb"}]},{"@type":"WebSite","@id":"https:\/\/blognoticias.ecca.edu.es\/#website","url":"https:\/\/blognoticias.ecca.edu.es\/","name":"Blog Noticias Ecca","description":"","publisher":{"@id":"https:\/\/blognoticias.ecca.edu.es\/#organization"},"potentialAction":[{"@type":"SearchAction","target":{"@type":"EntryPoint","urlTemplate":"https:\/\/blognoticias.ecca.edu.es\/?s={search_term_string}"},"query-input":{"@type":"PropertyValueSpecification","valueRequired":true,"valueName":"search_term_string"}}],"inLanguage":"en-GB"},{"@type":"Organization","@id":"https:\/\/blognoticias.ecca.edu.es\/#organization","name":"Blog Noticias Ecca","url":"https:\/\/blognoticias.ecca.edu.es\/","logo":{"@type":"ImageObject","inLanguage":"en-GB","@id":"https:\/\/blognoticias.ecca.edu.es\/#\/schema\/logo\/image\/","url":"https:\/\/blognoticias.ecca.edu.es\/wp-content\/uploads\/2023\/02\/cropped-cropped-cropped-cropped-Logo-Ecca.edu_.png","contentUrl":"https:\/\/blognoticias.ecca.edu.es\/wp-content\/uploads\/2023\/02\/cropped-cropped-cropped-cropped-Logo-Ecca.edu_.png","width":293,"height":45,"caption":"Blog Noticias Ecca"},"image":{"@id":"https:\/\/blognoticias.ecca.edu.es\/#\/schema\/logo\/image\/"},"sameAs":["https:\/\/www.facebook.com\/ecca.edu.es","https:\/\/x.com\/eccaedu","https:\/\/www.instagram.com\/"]},{"@type":"Person","@id":"https:\/\/blognoticias.ecca.edu.es\/#\/schema\/person\/2f67aec1e9c175158bc25ac844a022ce","name":"ECCA","image":{"@type":"ImageObject","inLanguage":"en-GB","@id":"https:\/\/blognoticias.ecca.edu.es\/#\/schema\/person\/image\/","url":"https:\/\/blognoticias.ecca.edu.es\/wp-content\/uploads\/2023\/02\/LOGO-ECCAEDU-1-150x150.png","contentUrl":"https:\/\/blognoticias.ecca.edu.es\/wp-content\/uploads\/2023\/02\/LOGO-ECCAEDU-1-150x150.png","caption":"ECCA"},"sameAs":["https:\/\/blognoticias.ecca.edu.es"],"url":"https:\/\/blognoticias.ecca.edu.es\/en\/author\/admin\/"}]}},"_links":{"self":[{"href":"https:\/\/blognoticias.ecca.edu.es\/en\/wp-json\/wp\/v2\/posts\/4033","targetHints":{"allow":["GET"]}}],"collection":[{"href":"https:\/\/blognoticias.ecca.edu.es\/en\/wp-json\/wp\/v2\/posts"}],"about":[{"href":"https:\/\/blognoticias.ecca.edu.es\/en\/wp-json\/wp\/v2\/types\/post"}],"author":[{"embeddable":true,"href":"https:\/\/blognoticias.ecca.edu.es\/en\/wp-json\/wp\/v2\/users\/1"}],"replies":[{"embeddable":true,"href":"https:\/\/blognoticias.ecca.edu.es\/en\/wp-json\/wp\/v2\/comments?post=4033"}],"version-history":[{"count":0,"href":"https:\/\/blognoticias.ecca.edu.es\/en\/wp-json\/wp\/v2\/posts\/4033\/revisions"}],"wp:attachment":[{"href":"https:\/\/blognoticias.ecca.edu.es\/en\/wp-json\/wp\/v2\/media?parent=4033"}],"wp:term":[{"taxonomy":"category","embeddable":true,"href":"https:\/\/blognoticias.ecca.edu.es\/en\/wp-json\/wp\/v2\/categories?post=4033"},{"taxonomy":"post_tag","embeddable":true,"href":"https:\/\/blognoticias.ecca.edu.es\/en\/wp-json\/wp\/v2\/tags?post=4033"}],"curies":[{"name":"wp","href":"https:\/\/api.w.org\/{rel}","templated":true}]}}