{"id":3774,"date":"2018-05-10T12:25:00","date_gmt":"2018-05-10T12:25:00","guid":{"rendered":"https:\/\/blognoticias.ecca.edu.es\/renovacion-del-convenio-con-el-local-de-restauracion-la-esquinita-para-becar-a-nuestro-alumnado\/"},"modified":"2018-05-10T12:25:00","modified_gmt":"2018-05-10T12:25:00","slug":"renovacion-del-convenio-con-el-local-de-restauracion-la-esquinita-para-becar-a-nuestro-alumnado","status":"publish","type":"post","link":"https:\/\/blognoticias.ecca.edu.es\/en\/renovacion-del-convenio-con-el-local-de-restauracion-la-esquinita-para-becar-a-nuestro-alumnado\/","title":{"rendered":"Renovaci\u00f3n del convenio con  el local de Restauraci\u00f3n \u00abLa Esquinita\u00bb para becar a nuestro alumnado"},"content":{"rendered":"<div class='booster-block booster-read-block'>\n                <div class=\"twp-read-time\">\n                \t<i class=\"booster-icon twp-clock\"><\/i> <span>Tiempo de lectura:<\/span>51 Segundos                <\/div>\n\n            <\/div><p><\/p>\n<div style=\"text-align: center;\">\n<div style=\"clear: both; text-align: left;\">\n<b style=\"text-align: justify;\">En un contexto que est\u00e1 llevando de nuevo a las aulas a un n\u00famero importante de personas adultas que quieren actualizar su perfil formativo y profesional, Radio ECCA tiene una considerable demanda de personas que solicitan becas para estudiar. Por ello, dentro de la Responsabilidad Social Corporativa (RSC) ejercida por empresas, recientemente se ha procedido a la renovaci\u00f3n del convenio con el local de restauraci\u00f3n \u00abLa Esquinita\u00bb.<\/b><\/div>\n<div style=\"clear: both; text-align: left;\">\n<b style=\"text-align: justify;\"><br \/><\/b><\/div>\n<\/div>\n<table align=\"center\" cellpadding=\"0\" cellspacing=\"0\" style=\"margin-left: auto; margin-right: auto; text-align: center;\">\n<tbody>\n<tr>\n<td style=\"text-align: center;\"><a href=\"https:\/\/3.bp.blogspot.com\/-dawsT5UVbIA\/WvQ5ic1BMeI\/AAAAAAAABnk\/f78EVZCWDskbNgW6bHX360dPUNC3_-0VACLcBGAs\/s1600\/42015740021_945d79d4bf_o.jpg\" style=\"margin-left: auto; margin-right: auto;\"><img loading=\"lazy\" decoding=\"async\" border=\"0\" data-original-height=\"1185\" data-original-width=\"901\" height=\"320\" src=\"https:\/\/3.bp.blogspot.com\/-dawsT5UVbIA\/WvQ5ic1BMeI\/AAAAAAAABnk\/f78EVZCWDskbNgW6bHX360dPUNC3_-0VACLcBGAs\/s320\/42015740021_945d79d4bf_o.jpg\" width=\"243\" \/><\/a><\/td>\n<\/tr>\n<tr>\n<td style=\"text-align: center;\">Durante la firma del convenio<\/td>\n<\/tr>\n<\/tbody>\n<\/table>\n<div style=\"clear: both; text-align: center;\">\n<\/div>\n<div style=\"text-align: justify;\">\nEsta empresa se viene sumando por segundo a\u00f1o consecutivo, a la colaboraci\u00f3n con Radio ECCA en la RSC para becar al alumnado que carece de recursos para estudiar.&nbsp;<\/div>\n<div style=\"text-align: justify;\">\n<\/div>\n<div style=\"text-align: justify;\">\nLa firma de la renovaci\u00f3n del convenio estuvo a cargo de la due\u00f1a de la empresa, D\u00f1a. Daniela Florina Creta, y de la profesora orientadora de Radio ECCA en la Zona Sur de G.C., Do\u00f1a Vanessa Rodr\u00edguez Rodr\u00edguez.&nbsp;<\/div>\n<div style=\"text-align: justify;\">\n<\/div>\n<div style=\"text-align: justify;\">\nEstos acuerdos de RSC suponen que personas con escasos recursos sean becadas y  puedan acceder a la formaci\u00f3n y obtener su titulaci\u00f3n oficial con Radio ECCA&nbsp;<\/div>\n<div style=\"text-align: justify;\">\n<\/div>","protected":false},"excerpt":{"rendered":"<p>En un contexto que est\u00e1 llevando de nuevo a las aulas a un n\u00famero importante de personas adultas que quieren actualizar su perfil formativo y profesional, Radio ECCA tiene una considerable demanda de personas que solicitan becas para estudiar. Por ello, dentro de la Responsabilidad Social Corporativa (RSC) ejercida por empresas, recientemente se ha procedido [&hellip;]<\/p>","protected":false},"author":1,"featured_media":0,"comment_status":"","ping_status":"","sticky":false,"template":"","format":"standard","meta":{"footnotes":""},"categories":[103,442,106,191,107],"tags":[],"class_list":["post-3774","post","type-post","status-publish","format-standard","hentry","category-comunicacion-ecca","category-goe","category-relevante","category-rsc","category-social"],"yoast_head":"<!-- This site is optimized with the Yoast SEO plugin v25.9 - https:\/\/yoast.com\/wordpress\/plugins\/seo\/ -->\n<title>Renovaci\u00f3n del convenio con el local de Restauraci\u00f3n &quot;La Esquinita&quot; para becar a nuestro alumnado<\/title>\n<meta name=\"robots\" content=\"index, follow, max-snippet:-1, max-image-preview:large, max-video-preview:-1\" \/>\n<link rel=\"canonical\" href=\"https:\/\/blognoticias.ecca.edu.es\/en\/renovacion-del-convenio-con-el-local-de-restauracion-la-esquinita-para-becar-a-nuestro-alumnado\/\" \/>\n<meta property=\"og:locale\" content=\"en_GB\" \/>\n<meta property=\"og:type\" content=\"article\" \/>\n<meta property=\"og:title\" content=\"Renovaci\u00f3n del convenio con el local de Restauraci\u00f3n &quot;La Esquinita&quot; para becar a nuestro alumnado\" \/>\n<meta property=\"og:description\" content=\"En un contexto que est\u00e1 llevando de nuevo a las aulas a un n\u00famero importante de personas adultas que quieren actualizar su perfil formativo y profesional, Radio ECCA tiene una considerable demanda de personas que solicitan becas para estudiar. Por ello, dentro de la Responsabilidad Social Corporativa (RSC) ejercida por empresas, recientemente se ha procedido [&hellip;]\" \/>\n<meta property=\"og:url\" content=\"https:\/\/blognoticias.ecca.edu.es\/en\/renovacion-del-convenio-con-el-local-de-restauracion-la-esquinita-para-becar-a-nuestro-alumnado\/\" \/>\n<meta property=\"og:site_name\" content=\"Blog Noticias Ecca\" \/>\n<meta property=\"article:publisher\" content=\"https:\/\/www.facebook.com\/ecca.edu.es\" \/>\n<meta property=\"article:published_time\" content=\"2018-05-10T12:25:00+00:00\" \/>\n<meta property=\"og:image\" content=\"https:\/\/3.bp.blogspot.com\/-dawsT5UVbIA\/WvQ5ic1BMeI\/AAAAAAAABnk\/f78EVZCWDskbNgW6bHX360dPUNC3_-0VACLcBGAs\/s320\/42015740021_945d79d4bf_o.jpg\" \/>\n<meta name=\"author\" content=\"ECCA\" \/>\n<meta name=\"twitter:card\" content=\"summary_large_image\" \/>\n<meta name=\"twitter:creator\" content=\"@eccaedu\" \/>\n<meta name=\"twitter:site\" content=\"@eccaedu\" \/>\n<meta name=\"twitter:label1\" content=\"Written by\" \/>\n\t<meta name=\"twitter:data1\" content=\"ECCA\" \/>\n\t<meta name=\"twitter:label2\" content=\"Estimated reading time\" \/>\n\t<meta name=\"twitter:data2\" content=\"1 minute\" \/>\n<script type=\"application\/ld+json\" class=\"yoast-schema-graph\">{\"@context\":\"https:\/\/schema.org\",\"@graph\":[{\"@type\":\"Article\",\"@id\":\"https:\/\/blognoticias.ecca.edu.es\/en\/renovacion-del-convenio-con-el-local-de-restauracion-la-esquinita-para-becar-a-nuestro-alumnado\/#article\",\"isPartOf\":{\"@id\":\"https:\/\/blognoticias.ecca.edu.es\/en\/renovacion-del-convenio-con-el-local-de-restauracion-la-esquinita-para-becar-a-nuestro-alumnado\/\"},\"author\":{\"name\":\"ECCA\",\"@id\":\"https:\/\/blognoticias.ecca.edu.es\/#\/schema\/person\/2f67aec1e9c175158bc25ac844a022ce\"},\"headline\":\"Renovaci\u00f3n del convenio con el local de Restauraci\u00f3n \u00abLa Esquinita\u00bb para becar a nuestro alumnado\",\"datePublished\":\"2018-05-10T12:25:00+00:00\",\"mainEntityOfPage\":{\"@id\":\"https:\/\/blognoticias.ecca.edu.es\/en\/renovacion-del-convenio-con-el-local-de-restauracion-la-esquinita-para-becar-a-nuestro-alumnado\/\"},\"wordCount\":198,\"publisher\":{\"@id\":\"https:\/\/blognoticias.ecca.edu.es\/#organization\"},\"image\":{\"@id\":\"https:\/\/blognoticias.ecca.edu.es\/en\/renovacion-del-convenio-con-el-local-de-restauracion-la-esquinita-para-becar-a-nuestro-alumnado\/#primaryimage\"},\"thumbnailUrl\":\"https:\/\/3.bp.blogspot.com\/-dawsT5UVbIA\/WvQ5ic1BMeI\/AAAAAAAABnk\/f78EVZCWDskbNgW6bHX360dPUNC3_-0VACLcBGAs\/s320\/42015740021_945d79d4bf_o.jpg\",\"articleSection\":[\"Comunicaci\u00f3n ECCA\",\"GOE\",\"Relevante\",\"RSC\",\"Social\"],\"inLanguage\":\"en-GB\"},{\"@type\":\"WebPage\",\"@id\":\"https:\/\/blognoticias.ecca.edu.es\/en\/renovacion-del-convenio-con-el-local-de-restauracion-la-esquinita-para-becar-a-nuestro-alumnado\/\",\"url\":\"https:\/\/blognoticias.ecca.edu.es\/en\/renovacion-del-convenio-con-el-local-de-restauracion-la-esquinita-para-becar-a-nuestro-alumnado\/\",\"name\":\"Renovaci\u00f3n del convenio con el local de Restauraci\u00f3n \\\"La Esquinita\\\" para becar a nuestro alumnado\",\"isPartOf\":{\"@id\":\"https:\/\/blognoticias.ecca.edu.es\/#website\"},\"primaryImageOfPage\":{\"@id\":\"https:\/\/blognoticias.ecca.edu.es\/en\/renovacion-del-convenio-con-el-local-de-restauracion-la-esquinita-para-becar-a-nuestro-alumnado\/#primaryimage\"},\"image\":{\"@id\":\"https:\/\/blognoticias.ecca.edu.es\/en\/renovacion-del-convenio-con-el-local-de-restauracion-la-esquinita-para-becar-a-nuestro-alumnado\/#primaryimage\"},\"thumbnailUrl\":\"https:\/\/3.bp.blogspot.com\/-dawsT5UVbIA\/WvQ5ic1BMeI\/AAAAAAAABnk\/f78EVZCWDskbNgW6bHX360dPUNC3_-0VACLcBGAs\/s320\/42015740021_945d79d4bf_o.jpg\",\"datePublished\":\"2018-05-10T12:25:00+00:00\",\"breadcrumb\":{\"@id\":\"https:\/\/blognoticias.ecca.edu.es\/en\/renovacion-del-convenio-con-el-local-de-restauracion-la-esquinita-para-becar-a-nuestro-alumnado\/#breadcrumb\"},\"inLanguage\":\"en-GB\",\"potentialAction\":[{\"@type\":\"ReadAction\",\"target\":[\"https:\/\/blognoticias.ecca.edu.es\/en\/renovacion-del-convenio-con-el-local-de-restauracion-la-esquinita-para-becar-a-nuestro-alumnado\/\"]}]},{\"@type\":\"ImageObject\",\"inLanguage\":\"en-GB\",\"@id\":\"https:\/\/blognoticias.ecca.edu.es\/en\/renovacion-del-convenio-con-el-local-de-restauracion-la-esquinita-para-becar-a-nuestro-alumnado\/#primaryimage\",\"url\":\"https:\/\/3.bp.blogspot.com\/-dawsT5UVbIA\/WvQ5ic1BMeI\/AAAAAAAABnk\/f78EVZCWDskbNgW6bHX360dPUNC3_-0VACLcBGAs\/s320\/42015740021_945d79d4bf_o.jpg\",\"contentUrl\":\"https:\/\/3.bp.blogspot.com\/-dawsT5UVbIA\/WvQ5ic1BMeI\/AAAAAAAABnk\/f78EVZCWDskbNgW6bHX360dPUNC3_-0VACLcBGAs\/s320\/42015740021_945d79d4bf_o.jpg\"},{\"@type\":\"BreadcrumbList\",\"@id\":\"https:\/\/blognoticias.ecca.edu.es\/en\/renovacion-del-convenio-con-el-local-de-restauracion-la-esquinita-para-becar-a-nuestro-alumnado\/#breadcrumb\",\"itemListElement\":[{\"@type\":\"ListItem\",\"position\":1,\"name\":\"Portada\",\"item\":\"https:\/\/blognoticias.ecca.edu.es\/\"},{\"@type\":\"ListItem\",\"position\":2,\"name\":\"Renovaci\u00f3n del convenio con el local de Restauraci\u00f3n \u00abLa Esquinita\u00bb para becar a nuestro alumnado\"}]},{\"@type\":\"WebSite\",\"@id\":\"https:\/\/blognoticias.ecca.edu.es\/#website\",\"url\":\"https:\/\/blognoticias.ecca.edu.es\/\",\"name\":\"Blog Noticias Ecca\",\"description\":\"\",\"publisher\":{\"@id\":\"https:\/\/blognoticias.ecca.edu.es\/#organization\"},\"potentialAction\":[{\"@type\":\"SearchAction\",\"target\":{\"@type\":\"EntryPoint\",\"urlTemplate\":\"https:\/\/blognoticias.ecca.edu.es\/?s={search_term_string}\"},\"query-input\":{\"@type\":\"PropertyValueSpecification\",\"valueRequired\":true,\"valueName\":\"search_term_string\"}}],\"inLanguage\":\"en-GB\"},{\"@type\":\"Organization\",\"@id\":\"https:\/\/blognoticias.ecca.edu.es\/#organization\",\"name\":\"Blog Noticias Ecca\",\"url\":\"https:\/\/blognoticias.ecca.edu.es\/\",\"logo\":{\"@type\":\"ImageObject\",\"inLanguage\":\"en-GB\",\"@id\":\"https:\/\/blognoticias.ecca.edu.es\/#\/schema\/logo\/image\/\",\"url\":\"https:\/\/blognoticias.ecca.edu.es\/wp-content\/uploads\/2023\/02\/cropped-cropped-cropped-cropped-Logo-Ecca.edu_.png\",\"contentUrl\":\"https:\/\/blognoticias.ecca.edu.es\/wp-content\/uploads\/2023\/02\/cropped-cropped-cropped-cropped-Logo-Ecca.edu_.png\",\"width\":293,\"height\":45,\"caption\":\"Blog Noticias Ecca\"},\"image\":{\"@id\":\"https:\/\/blognoticias.ecca.edu.es\/#\/schema\/logo\/image\/\"},\"sameAs\":[\"https:\/\/www.facebook.com\/ecca.edu.es\",\"https:\/\/x.com\/eccaedu\",\"https:\/\/www.instagram.com\/\"]},{\"@type\":\"Person\",\"@id\":\"https:\/\/blognoticias.ecca.edu.es\/#\/schema\/person\/2f67aec1e9c175158bc25ac844a022ce\",\"name\":\"ECCA\",\"image\":{\"@type\":\"ImageObject\",\"inLanguage\":\"en-GB\",\"@id\":\"https:\/\/blognoticias.ecca.edu.es\/#\/schema\/person\/image\/\",\"url\":\"https:\/\/blognoticias.ecca.edu.es\/wp-content\/uploads\/2023\/02\/LOGO-ECCAEDU-1-150x150.png\",\"contentUrl\":\"https:\/\/blognoticias.ecca.edu.es\/wp-content\/uploads\/2023\/02\/LOGO-ECCAEDU-1-150x150.png\",\"caption\":\"ECCA\"},\"sameAs\":[\"https:\/\/blognoticias.ecca.edu.es\"],\"url\":\"https:\/\/blognoticias.ecca.edu.es\/en\/author\/admin\/\"}]}<\/script>\n<!-- \/ Yoast SEO plugin. -->","yoast_head_json":{"title":"Renovaci\u00f3n del convenio con el local de Restauraci\u00f3n \"La Esquinita\" para becar a nuestro alumnado","robots":{"index":"index","follow":"follow","max-snippet":"max-snippet:-1","max-image-preview":"max-image-preview:large","max-video-preview":"max-video-preview:-1"},"canonical":"https:\/\/blognoticias.ecca.edu.es\/en\/renovacion-del-convenio-con-el-local-de-restauracion-la-esquinita-para-becar-a-nuestro-alumnado\/","og_locale":"en_GB","og_type":"article","og_title":"Renovaci\u00f3n del convenio con el local de Restauraci\u00f3n \"La Esquinita\" para becar a nuestro alumnado","og_description":"En un contexto que est\u00e1 llevando de nuevo a las aulas a un n\u00famero importante de personas adultas que quieren actualizar su perfil formativo y profesional, Radio ECCA tiene una considerable demanda de personas que solicitan becas para estudiar. Por ello, dentro de la Responsabilidad Social Corporativa (RSC) ejercida por empresas, recientemente se ha procedido [&hellip;]","og_url":"https:\/\/blognoticias.ecca.edu.es\/en\/renovacion-del-convenio-con-el-local-de-restauracion-la-esquinita-para-becar-a-nuestro-alumnado\/","og_site_name":"Blog Noticias Ecca","article_publisher":"https:\/\/www.facebook.com\/ecca.edu.es","article_published_time":"2018-05-10T12:25:00+00:00","og_image":[{"url":"https:\/\/3.bp.blogspot.com\/-dawsT5UVbIA\/WvQ5ic1BMeI\/AAAAAAAABnk\/f78EVZCWDskbNgW6bHX360dPUNC3_-0VACLcBGAs\/s320\/42015740021_945d79d4bf_o.jpg","type":"","width":"","height":""}],"author":"ECCA","twitter_card":"summary_large_image","twitter_creator":"@eccaedu","twitter_site":"@eccaedu","twitter_misc":{"Written by":"ECCA","Estimated reading time":"1 minute"},"schema":{"@context":"https:\/\/schema.org","@graph":[{"@type":"Article","@id":"https:\/\/blognoticias.ecca.edu.es\/en\/renovacion-del-convenio-con-el-local-de-restauracion-la-esquinita-para-becar-a-nuestro-alumnado\/#article","isPartOf":{"@id":"https:\/\/blognoticias.ecca.edu.es\/en\/renovacion-del-convenio-con-el-local-de-restauracion-la-esquinita-para-becar-a-nuestro-alumnado\/"},"author":{"name":"ECCA","@id":"https:\/\/blognoticias.ecca.edu.es\/#\/schema\/person\/2f67aec1e9c175158bc25ac844a022ce"},"headline":"Renovaci\u00f3n del convenio con el local de Restauraci\u00f3n \u00abLa Esquinita\u00bb para becar a nuestro alumnado","datePublished":"2018-05-10T12:25:00+00:00","mainEntityOfPage":{"@id":"https:\/\/blognoticias.ecca.edu.es\/en\/renovacion-del-convenio-con-el-local-de-restauracion-la-esquinita-para-becar-a-nuestro-alumnado\/"},"wordCount":198,"publisher":{"@id":"https:\/\/blognoticias.ecca.edu.es\/#organization"},"image":{"@id":"https:\/\/blognoticias.ecca.edu.es\/en\/renovacion-del-convenio-con-el-local-de-restauracion-la-esquinita-para-becar-a-nuestro-alumnado\/#primaryimage"},"thumbnailUrl":"https:\/\/3.bp.blogspot.com\/-dawsT5UVbIA\/WvQ5ic1BMeI\/AAAAAAAABnk\/f78EVZCWDskbNgW6bHX360dPUNC3_-0VACLcBGAs\/s320\/42015740021_945d79d4bf_o.jpg","articleSection":["Comunicaci\u00f3n ECCA","GOE","Relevante","RSC","Social"],"inLanguage":"en-GB"},{"@type":"WebPage","@id":"https:\/\/blognoticias.ecca.edu.es\/en\/renovacion-del-convenio-con-el-local-de-restauracion-la-esquinita-para-becar-a-nuestro-alumnado\/","url":"https:\/\/blognoticias.ecca.edu.es\/en\/renovacion-del-convenio-con-el-local-de-restauracion-la-esquinita-para-becar-a-nuestro-alumnado\/","name":"Renovaci\u00f3n del convenio con el local de Restauraci\u00f3n \"La Esquinita\" para becar a nuestro alumnado","isPartOf":{"@id":"https:\/\/blognoticias.ecca.edu.es\/#website"},"primaryImageOfPage":{"@id":"https:\/\/blognoticias.ecca.edu.es\/en\/renovacion-del-convenio-con-el-local-de-restauracion-la-esquinita-para-becar-a-nuestro-alumnado\/#primaryimage"},"image":{"@id":"https:\/\/blognoticias.ecca.edu.es\/en\/renovacion-del-convenio-con-el-local-de-restauracion-la-esquinita-para-becar-a-nuestro-alumnado\/#primaryimage"},"thumbnailUrl":"https:\/\/3.bp.blogspot.com\/-dawsT5UVbIA\/WvQ5ic1BMeI\/AAAAAAAABnk\/f78EVZCWDskbNgW6bHX360dPUNC3_-0VACLcBGAs\/s320\/42015740021_945d79d4bf_o.jpg","datePublished":"2018-05-10T12:25:00+00:00","breadcrumb":{"@id":"https:\/\/blognoticias.ecca.edu.es\/en\/renovacion-del-convenio-con-el-local-de-restauracion-la-esquinita-para-becar-a-nuestro-alumnado\/#breadcrumb"},"inLanguage":"en-GB","potentialAction":[{"@type":"ReadAction","target":["https:\/\/blognoticias.ecca.edu.es\/en\/renovacion-del-convenio-con-el-local-de-restauracion-la-esquinita-para-becar-a-nuestro-alumnado\/"]}]},{"@type":"ImageObject","inLanguage":"en-GB","@id":"https:\/\/blognoticias.ecca.edu.es\/en\/renovacion-del-convenio-con-el-local-de-restauracion-la-esquinita-para-becar-a-nuestro-alumnado\/#primaryimage","url":"https:\/\/3.bp.blogspot.com\/-dawsT5UVbIA\/WvQ5ic1BMeI\/AAAAAAAABnk\/f78EVZCWDskbNgW6bHX360dPUNC3_-0VACLcBGAs\/s320\/42015740021_945d79d4bf_o.jpg","contentUrl":"https:\/\/3.bp.blogspot.com\/-dawsT5UVbIA\/WvQ5ic1BMeI\/AAAAAAAABnk\/f78EVZCWDskbNgW6bHX360dPUNC3_-0VACLcBGAs\/s320\/42015740021_945d79d4bf_o.jpg"},{"@type":"BreadcrumbList","@id":"https:\/\/blognoticias.ecca.edu.es\/en\/renovacion-del-convenio-con-el-local-de-restauracion-la-esquinita-para-becar-a-nuestro-alumnado\/#breadcrumb","itemListElement":[{"@type":"ListItem","position":1,"name":"Portada","item":"https:\/\/blognoticias.ecca.edu.es\/"},{"@type":"ListItem","position":2,"name":"Renovaci\u00f3n del convenio con el local de Restauraci\u00f3n \u00abLa Esquinita\u00bb para becar a nuestro alumnado"}]},{"@type":"WebSite","@id":"https:\/\/blognoticias.ecca.edu.es\/#website","url":"https:\/\/blognoticias.ecca.edu.es\/","name":"Blog Noticias Ecca","description":"","publisher":{"@id":"https:\/\/blognoticias.ecca.edu.es\/#organization"},"potentialAction":[{"@type":"SearchAction","target":{"@type":"EntryPoint","urlTemplate":"https:\/\/blognoticias.ecca.edu.es\/?s={search_term_string}"},"query-input":{"@type":"PropertyValueSpecification","valueRequired":true,"valueName":"search_term_string"}}],"inLanguage":"en-GB"},{"@type":"Organization","@id":"https:\/\/blognoticias.ecca.edu.es\/#organization","name":"Blog Noticias Ecca","url":"https:\/\/blognoticias.ecca.edu.es\/","logo":{"@type":"ImageObject","inLanguage":"en-GB","@id":"https:\/\/blognoticias.ecca.edu.es\/#\/schema\/logo\/image\/","url":"https:\/\/blognoticias.ecca.edu.es\/wp-content\/uploads\/2023\/02\/cropped-cropped-cropped-cropped-Logo-Ecca.edu_.png","contentUrl":"https:\/\/blognoticias.ecca.edu.es\/wp-content\/uploads\/2023\/02\/cropped-cropped-cropped-cropped-Logo-Ecca.edu_.png","width":293,"height":45,"caption":"Blog Noticias Ecca"},"image":{"@id":"https:\/\/blognoticias.ecca.edu.es\/#\/schema\/logo\/image\/"},"sameAs":["https:\/\/www.facebook.com\/ecca.edu.es","https:\/\/x.com\/eccaedu","https:\/\/www.instagram.com\/"]},{"@type":"Person","@id":"https:\/\/blognoticias.ecca.edu.es\/#\/schema\/person\/2f67aec1e9c175158bc25ac844a022ce","name":"ECCA","image":{"@type":"ImageObject","inLanguage":"en-GB","@id":"https:\/\/blognoticias.ecca.edu.es\/#\/schema\/person\/image\/","url":"https:\/\/blognoticias.ecca.edu.es\/wp-content\/uploads\/2023\/02\/LOGO-ECCAEDU-1-150x150.png","contentUrl":"https:\/\/blognoticias.ecca.edu.es\/wp-content\/uploads\/2023\/02\/LOGO-ECCAEDU-1-150x150.png","caption":"ECCA"},"sameAs":["https:\/\/blognoticias.ecca.edu.es"],"url":"https:\/\/blognoticias.ecca.edu.es\/en\/author\/admin\/"}]}},"_links":{"self":[{"href":"https:\/\/blognoticias.ecca.edu.es\/en\/wp-json\/wp\/v2\/posts\/3774","targetHints":{"allow":["GET"]}}],"collection":[{"href":"https:\/\/blognoticias.ecca.edu.es\/en\/wp-json\/wp\/v2\/posts"}],"about":[{"href":"https:\/\/blognoticias.ecca.edu.es\/en\/wp-json\/wp\/v2\/types\/post"}],"author":[{"embeddable":true,"href":"https:\/\/blognoticias.ecca.edu.es\/en\/wp-json\/wp\/v2\/users\/1"}],"replies":[{"embeddable":true,"href":"https:\/\/blognoticias.ecca.edu.es\/en\/wp-json\/wp\/v2\/comments?post=3774"}],"version-history":[{"count":0,"href":"https:\/\/blognoticias.ecca.edu.es\/en\/wp-json\/wp\/v2\/posts\/3774\/revisions"}],"wp:attachment":[{"href":"https:\/\/blognoticias.ecca.edu.es\/en\/wp-json\/wp\/v2\/media?parent=3774"}],"wp:term":[{"taxonomy":"category","embeddable":true,"href":"https:\/\/blognoticias.ecca.edu.es\/en\/wp-json\/wp\/v2\/categories?post=3774"},{"taxonomy":"post_tag","embeddable":true,"href":"https:\/\/blognoticias.ecca.edu.es\/en\/wp-json\/wp\/v2\/tags?post=3774"}],"curies":[{"name":"wp","href":"https:\/\/api.w.org\/{rel}","templated":true}]}}