{"id":3736,"date":"2018-09-12T13:40:00","date_gmt":"2018-09-12T13:40:00","guid":{"rendered":"https:\/\/blognoticias.ecca.edu.es\/cabildo-y-ecca-fomentaran-la-interculturalidad-en-fuerteventura\/"},"modified":"2018-09-12T13:40:00","modified_gmt":"2018-09-12T13:40:00","slug":"cabildo-y-ecca-fomentaran-la-interculturalidad-en-fuerteventura","status":"publish","type":"post","link":"https:\/\/blognoticias.ecca.edu.es\/en\/cabildo-y-ecca-fomentaran-la-interculturalidad-en-fuerteventura\/","title":{"rendered":"Cabildo y ECCA fomentar\u00e1n la interculturalidad en Fuerteventura"},"content":{"rendered":"<div class='booster-block booster-read-block'>\n                <div class=\"twp-read-time\">\n                \t<i class=\"booster-icon twp-clock\"><\/i> <span>Tiempo de lectura:<\/span>2 Minutos, 25 Segundos                <\/div>\n\n            <\/div><p><b>Ambas instituciones firman un convenio para el desarrollo del Proyecto de Dinamizaci\u00f3n Comunitaria Intercultural<\/b><\/p>\n<div style=\"clear: both; text-align: center;\">\n<\/div>\n<div style=\"clear: both; text-align: left;\">\nEl Proyecto de Dinamizaci\u00f3n Comunitaria Intercultural, aprobado por el Cabildo de Fuerteventura y que llevar\u00e1 a cabo Radio ECCA Fundaci\u00f3n Canaria, favorecer\u00e1 el encuentro y empoderamiento de los y las beneficiarias para que, tras un proceso de formaci\u00f3n personal e interpersonal, puedan incidir en su contexto m\u00e1s cercano a trav\u00e9s de acciones que posibiliten el fomento de la interculturalidad, la buena convivencia y la cohesi\u00f3n social.&nbsp;<\/div>\n<p>Lucas L\u00f3pez, Director General de Radio ECCA, y Marcial Morales, presidente del Excmo. Cabildo de Fuerteventura, han firmado hoy el convenio de colaboraci\u00f3n que har\u00e1 posible el proyecto. Este, con un importe de m\u00e1s de 30 000 euros, tiene por objeto la mejora de la empleabilidad, la promoci\u00f3n de la cultura y la sostenibilidad ambiental, el fomento de la sociedad de la informaci\u00f3n, la lucha contra la exclusi\u00f3n social en Fuerteventura y el desarrollo de pol\u00edticas de cooperaci\u00f3n exterior solidarias.&nbsp;<\/p>\n<div>\n<\/div>\n<div>\n<table align=\"center\" cellpadding=\"0\" cellspacing=\"0\" style=\"float: left; margin-right: 1em; text-align: left;\">\n<tbody>\n<tr>\n<td style=\"text-align: center;\"><a href=\"https:\/\/2.bp.blogspot.com\/-T8Lg_AesbmQ\/W5kVl_S3J3I\/AAAAAAAAAfo\/bmrmBeg6K50YziRnilhaVFsnl8cg9zKHgCLcBGAs\/s1600\/120918%2Bconvenio%2BCabildo-ECCA.JPG\" style=\"clear: left; margin-bottom: 1em; margin-left: auto; margin-right: auto; text-align: center;\"><img loading=\"lazy\" decoding=\"async\" border=\"0\" data-original-height=\"1067\" data-original-width=\"1600\" height=\"213\" src=\"https:\/\/2.bp.blogspot.com\/-T8Lg_AesbmQ\/W5kVl_S3J3I\/AAAAAAAAAfo\/bmrmBeg6K50YziRnilhaVFsnl8cg9zKHgCLcBGAs\/s320\/120918%2Bconvenio%2BCabildo-ECCA.JPG\" width=\"320\" \/><\/a><\/td>\n<\/tr>\n<tr>\n<td style=\"text-align: left;\">Momento de la firma de convenio.<\/td>\n<\/tr>\n<\/tbody>\n<\/table>\n<p>El programa, enfocado a los colectivos en riesgo de exclusi\u00f3n social, pretende la mejora de la convivencia ciudadana, el intercambio entre culturas y la dinamizaci\u00f3n social, en el municipio de P\u00e1jara, donde se concentra gran parte de la poblaci\u00f3n migrante de la zona sur de la isla. <\/p>\n<p>Mediante acciones formativas orientadas al conocimiento y profundizaci\u00f3n en temas de interculturalidad, valores, convivencia y liderazgo, se buscar\u00e1 la transformaci\u00f3n social de la poblaci\u00f3n en general en la zona. Asimismo, promover espacios de ocio, de juego, de debate y de aprendizaje en los que los y las usuarias del proyecto sean protagonistas activos del di\u00e1logo, intercambio e iniciativa para liderar propuestas l\u00fadicas y de educaci\u00f3n no formal. <\/p>\n<p>Radio ECCA ofrecer\u00e1, adem\u00e1s, orientaci\u00f3n y acompa\u00f1amiento para el empleo y emprendimiento comunitario y cooperativo, mediante el acceso a recursos de informaci\u00f3n y espacios de intercambio de experiencias y buenas pr\u00e1cticas entre los propios vecinos y vecinas del barrio, tanto personas adultas como j\u00f3venes, ni\u00f1os y ni\u00f1as, de forma que puedan aprender entre -y de- todos y todas. <\/p>\n<p>Este convenio viene a reforzar las distintas colaboraciones que Radio ECCA y el Cabildo de Fuerteventura han llevado a cabo por la mejora de la empleabilidad de los ciudadanos y ciudadanas de la isla mediante la inversi\u00f3n en formaci\u00f3n, incidiendo en los colectivos que tienen menos oportunidades. <\/p>\n<p>Desde el pasado 9 de septiembre Radio ECCA tiene la matr\u00edcula abierta para sus m\u00e1s de 400 acciones formativas. Entre ellas, tres titulaciones oficiales: Graduado en Educaci\u00f3n Secundaria, Bachillerato y Ciclo Superior en Integraci\u00f3n Social. Esta \u00faltima, que se inserta en la Formaci\u00f3n Profesional del Sistema Educativo (FPSE), pasa a ser totalmente en l\u00ednea por primera vez en Canarias, tras un acuerdo con la Consejer\u00eda de Educaci\u00f3n auton\u00f3mica. <\/p>\n<p>Adem\u00e1s, oferta tres cualificaciones profesionales -Atenci\u00f3n Socio-Sanitaria, Educaci\u00f3n Infantil y Actividades de Venta- y mantiene la oferta de ciudadan\u00eda, fe y cultura, inform\u00e1tica e idiomas, entre otras.<\/p><\/div>","protected":false},"excerpt":{"rendered":"<p>Ambas instituciones firman un convenio para el desarrollo del Proyecto de Dinamizaci\u00f3n Comunitaria Intercultural El Proyecto de Dinamizaci\u00f3n Comunitaria Intercultural, aprobado por el Cabildo de Fuerteventura y que llevar\u00e1 a cabo Radio ECCA Fundaci\u00f3n Canaria, favorecer\u00e1 el encuentro y empoderamiento de los y las beneficiarias para que, tras un proceso de formaci\u00f3n personal e interpersonal, [&hellip;]<\/p>","protected":false},"author":1,"featured_media":0,"comment_status":"","ping_status":"","sticky":false,"template":"","format":"standard","meta":{"footnotes":""},"categories":[170,103,190,336,169,371,106],"tags":[],"class_list":["post-3736","post","type-post","status-publish","format-standard","hentry","category-cabildo-de-fuerteventura","category-comunicacion-ecca","category-convenio","category-firma","category-fuerteventura","category-radio-ecca","category-relevante"],"yoast_head":"<!-- This site is optimized with the Yoast SEO plugin v25.9 - https:\/\/yoast.com\/wordpress\/plugins\/seo\/ -->\n<title>Cabildo y ECCA fomentar\u00e1n la interculturalidad en Fuerteventura<\/title>\n<meta name=\"robots\" content=\"index, follow, max-snippet:-1, max-image-preview:large, max-video-preview:-1\" \/>\n<link rel=\"canonical\" href=\"https:\/\/blognoticias.ecca.edu.es\/en\/cabildo-y-ecca-fomentaran-la-interculturalidad-en-fuerteventura\/\" \/>\n<meta property=\"og:locale\" content=\"en_GB\" \/>\n<meta property=\"og:type\" content=\"article\" \/>\n<meta property=\"og:title\" content=\"Cabildo y ECCA fomentar\u00e1n la interculturalidad en Fuerteventura\" \/>\n<meta property=\"og:description\" content=\"Ambas instituciones firman un convenio para el desarrollo del Proyecto de Dinamizaci\u00f3n Comunitaria Intercultural El Proyecto de Dinamizaci\u00f3n Comunitaria Intercultural, aprobado por el Cabildo de Fuerteventura y que llevar\u00e1 a cabo Radio ECCA Fundaci\u00f3n Canaria, favorecer\u00e1 el encuentro y empoderamiento de los y las beneficiarias para que, tras un proceso de formaci\u00f3n personal e interpersonal, [&hellip;]\" \/>\n<meta property=\"og:url\" content=\"https:\/\/blognoticias.ecca.edu.es\/en\/cabildo-y-ecca-fomentaran-la-interculturalidad-en-fuerteventura\/\" \/>\n<meta property=\"og:site_name\" content=\"Blog Noticias Ecca\" \/>\n<meta property=\"article:publisher\" content=\"https:\/\/www.facebook.com\/ecca.edu.es\" \/>\n<meta property=\"article:published_time\" content=\"2018-09-12T13:40:00+00:00\" \/>\n<meta property=\"og:image\" content=\"https:\/\/2.bp.blogspot.com\/-T8Lg_AesbmQ\/W5kVl_S3J3I\/AAAAAAAAAfo\/bmrmBeg6K50YziRnilhaVFsnl8cg9zKHgCLcBGAs\/s320\/120918%2Bconvenio%2BCabildo-ECCA.JPG\" \/>\n<meta name=\"author\" content=\"ECCA\" \/>\n<meta name=\"twitter:card\" content=\"summary_large_image\" \/>\n<meta name=\"twitter:creator\" content=\"@eccaedu\" \/>\n<meta name=\"twitter:site\" content=\"@eccaedu\" \/>\n<meta name=\"twitter:label1\" content=\"Written by\" \/>\n\t<meta name=\"twitter:data1\" content=\"ECCA\" \/>\n\t<meta name=\"twitter:label2\" content=\"Estimated reading time\" \/>\n\t<meta name=\"twitter:data2\" content=\"3 minutes\" \/>\n<script type=\"application\/ld+json\" class=\"yoast-schema-graph\">{\"@context\":\"https:\/\/schema.org\",\"@graph\":[{\"@type\":\"Article\",\"@id\":\"https:\/\/blognoticias.ecca.edu.es\/cabildo-y-ecca-fomentaran-la-interculturalidad-en-fuerteventura\/#article\",\"isPartOf\":{\"@id\":\"https:\/\/blognoticias.ecca.edu.es\/cabildo-y-ecca-fomentaran-la-interculturalidad-en-fuerteventura\/\"},\"author\":{\"name\":\"ECCA\",\"@id\":\"https:\/\/blognoticias.ecca.edu.es\/#\/schema\/person\/2f67aec1e9c175158bc25ac844a022ce\"},\"headline\":\"Cabildo y ECCA fomentar\u00e1n la interculturalidad en Fuerteventura\",\"datePublished\":\"2018-09-12T13:40:00+00:00\",\"mainEntityOfPage\":{\"@id\":\"https:\/\/blognoticias.ecca.edu.es\/cabildo-y-ecca-fomentaran-la-interculturalidad-en-fuerteventura\/\"},\"wordCount\":536,\"publisher\":{\"@id\":\"https:\/\/blognoticias.ecca.edu.es\/#organization\"},\"image\":{\"@id\":\"https:\/\/blognoticias.ecca.edu.es\/cabildo-y-ecca-fomentaran-la-interculturalidad-en-fuerteventura\/#primaryimage\"},\"thumbnailUrl\":\"https:\/\/2.bp.blogspot.com\/-T8Lg_AesbmQ\/W5kVl_S3J3I\/AAAAAAAAAfo\/bmrmBeg6K50YziRnilhaVFsnl8cg9zKHgCLcBGAs\/s320\/120918%2Bconvenio%2BCabildo-ECCA.JPG\",\"articleSection\":[\"Cabildo de Fuerteventura\",\"Comunicaci\u00f3n ECCA\",\"convenio\",\"firma\",\"Fuerteventura\",\"Radio ECCA\",\"Relevante\"],\"inLanguage\":\"en-GB\"},{\"@type\":\"WebPage\",\"@id\":\"https:\/\/blognoticias.ecca.edu.es\/cabildo-y-ecca-fomentaran-la-interculturalidad-en-fuerteventura\/\",\"url\":\"https:\/\/blognoticias.ecca.edu.es\/cabildo-y-ecca-fomentaran-la-interculturalidad-en-fuerteventura\/\",\"name\":\"Cabildo y ECCA fomentar\u00e1n la interculturalidad en Fuerteventura\",\"isPartOf\":{\"@id\":\"https:\/\/blognoticias.ecca.edu.es\/#website\"},\"primaryImageOfPage\":{\"@id\":\"https:\/\/blognoticias.ecca.edu.es\/cabildo-y-ecca-fomentaran-la-interculturalidad-en-fuerteventura\/#primaryimage\"},\"image\":{\"@id\":\"https:\/\/blognoticias.ecca.edu.es\/cabildo-y-ecca-fomentaran-la-interculturalidad-en-fuerteventura\/#primaryimage\"},\"thumbnailUrl\":\"https:\/\/2.bp.blogspot.com\/-T8Lg_AesbmQ\/W5kVl_S3J3I\/AAAAAAAAAfo\/bmrmBeg6K50YziRnilhaVFsnl8cg9zKHgCLcBGAs\/s320\/120918%2Bconvenio%2BCabildo-ECCA.JPG\",\"datePublished\":\"2018-09-12T13:40:00+00:00\",\"breadcrumb\":{\"@id\":\"https:\/\/blognoticias.ecca.edu.es\/cabildo-y-ecca-fomentaran-la-interculturalidad-en-fuerteventura\/#breadcrumb\"},\"inLanguage\":\"en-GB\",\"potentialAction\":[{\"@type\":\"ReadAction\",\"target\":[\"https:\/\/blognoticias.ecca.edu.es\/cabildo-y-ecca-fomentaran-la-interculturalidad-en-fuerteventura\/\"]}]},{\"@type\":\"ImageObject\",\"inLanguage\":\"en-GB\",\"@id\":\"https:\/\/blognoticias.ecca.edu.es\/cabildo-y-ecca-fomentaran-la-interculturalidad-en-fuerteventura\/#primaryimage\",\"url\":\"https:\/\/2.bp.blogspot.com\/-T8Lg_AesbmQ\/W5kVl_S3J3I\/AAAAAAAAAfo\/bmrmBeg6K50YziRnilhaVFsnl8cg9zKHgCLcBGAs\/s320\/120918%2Bconvenio%2BCabildo-ECCA.JPG\",\"contentUrl\":\"https:\/\/2.bp.blogspot.com\/-T8Lg_AesbmQ\/W5kVl_S3J3I\/AAAAAAAAAfo\/bmrmBeg6K50YziRnilhaVFsnl8cg9zKHgCLcBGAs\/s320\/120918%2Bconvenio%2BCabildo-ECCA.JPG\"},{\"@type\":\"BreadcrumbList\",\"@id\":\"https:\/\/blognoticias.ecca.edu.es\/cabildo-y-ecca-fomentaran-la-interculturalidad-en-fuerteventura\/#breadcrumb\",\"itemListElement\":[{\"@type\":\"ListItem\",\"position\":1,\"name\":\"Portada\",\"item\":\"https:\/\/blognoticias.ecca.edu.es\/\"},{\"@type\":\"ListItem\",\"position\":2,\"name\":\"Cabildo y ECCA fomentar\u00e1n la interculturalidad en Fuerteventura\"}]},{\"@type\":\"WebSite\",\"@id\":\"https:\/\/blognoticias.ecca.edu.es\/#website\",\"url\":\"https:\/\/blognoticias.ecca.edu.es\/\",\"name\":\"Blog Noticias Ecca\",\"description\":\"\",\"publisher\":{\"@id\":\"https:\/\/blognoticias.ecca.edu.es\/#organization\"},\"potentialAction\":[{\"@type\":\"SearchAction\",\"target\":{\"@type\":\"EntryPoint\",\"urlTemplate\":\"https:\/\/blognoticias.ecca.edu.es\/?s={search_term_string}\"},\"query-input\":{\"@type\":\"PropertyValueSpecification\",\"valueRequired\":true,\"valueName\":\"search_term_string\"}}],\"inLanguage\":\"en-GB\"},{\"@type\":\"Organization\",\"@id\":\"https:\/\/blognoticias.ecca.edu.es\/#organization\",\"name\":\"Blog Noticias Ecca\",\"url\":\"https:\/\/blognoticias.ecca.edu.es\/\",\"logo\":{\"@type\":\"ImageObject\",\"inLanguage\":\"en-GB\",\"@id\":\"https:\/\/blognoticias.ecca.edu.es\/#\/schema\/logo\/image\/\",\"url\":\"https:\/\/blognoticias.ecca.edu.es\/wp-content\/uploads\/2023\/02\/cropped-cropped-cropped-cropped-Logo-Ecca.edu_.png\",\"contentUrl\":\"https:\/\/blognoticias.ecca.edu.es\/wp-content\/uploads\/2023\/02\/cropped-cropped-cropped-cropped-Logo-Ecca.edu_.png\",\"width\":293,\"height\":45,\"caption\":\"Blog Noticias Ecca\"},\"image\":{\"@id\":\"https:\/\/blognoticias.ecca.edu.es\/#\/schema\/logo\/image\/\"},\"sameAs\":[\"https:\/\/www.facebook.com\/ecca.edu.es\",\"https:\/\/x.com\/eccaedu\",\"https:\/\/www.instagram.com\/\"]},{\"@type\":\"Person\",\"@id\":\"https:\/\/blognoticias.ecca.edu.es\/#\/schema\/person\/2f67aec1e9c175158bc25ac844a022ce\",\"name\":\"ECCA\",\"image\":{\"@type\":\"ImageObject\",\"inLanguage\":\"en-GB\",\"@id\":\"https:\/\/blognoticias.ecca.edu.es\/#\/schema\/person\/image\/\",\"url\":\"https:\/\/blognoticias.ecca.edu.es\/wp-content\/uploads\/2023\/02\/LOGO-ECCAEDU-1-150x150.png\",\"contentUrl\":\"https:\/\/blognoticias.ecca.edu.es\/wp-content\/uploads\/2023\/02\/LOGO-ECCAEDU-1-150x150.png\",\"caption\":\"ECCA\"},\"sameAs\":[\"https:\/\/blognoticias.ecca.edu.es\"],\"url\":\"https:\/\/blognoticias.ecca.edu.es\/en\/author\/admin\/\"}]}<\/script>\n<!-- \/ Yoast SEO plugin. -->","yoast_head_json":{"title":"Cabildo y ECCA fomentar\u00e1n la interculturalidad en Fuerteventura","robots":{"index":"index","follow":"follow","max-snippet":"max-snippet:-1","max-image-preview":"max-image-preview:large","max-video-preview":"max-video-preview:-1"},"canonical":"https:\/\/blognoticias.ecca.edu.es\/en\/cabildo-y-ecca-fomentaran-la-interculturalidad-en-fuerteventura\/","og_locale":"en_GB","og_type":"article","og_title":"Cabildo y ECCA fomentar\u00e1n la interculturalidad en Fuerteventura","og_description":"Ambas instituciones firman un convenio para el desarrollo del Proyecto de Dinamizaci\u00f3n Comunitaria Intercultural El Proyecto de Dinamizaci\u00f3n Comunitaria Intercultural, aprobado por el Cabildo de Fuerteventura y que llevar\u00e1 a cabo Radio ECCA Fundaci\u00f3n Canaria, favorecer\u00e1 el encuentro y empoderamiento de los y las beneficiarias para que, tras un proceso de formaci\u00f3n personal e interpersonal, [&hellip;]","og_url":"https:\/\/blognoticias.ecca.edu.es\/en\/cabildo-y-ecca-fomentaran-la-interculturalidad-en-fuerteventura\/","og_site_name":"Blog Noticias Ecca","article_publisher":"https:\/\/www.facebook.com\/ecca.edu.es","article_published_time":"2018-09-12T13:40:00+00:00","og_image":[{"url":"https:\/\/2.bp.blogspot.com\/-T8Lg_AesbmQ\/W5kVl_S3J3I\/AAAAAAAAAfo\/bmrmBeg6K50YziRnilhaVFsnl8cg9zKHgCLcBGAs\/s320\/120918%2Bconvenio%2BCabildo-ECCA.JPG","type":"","width":"","height":""}],"author":"ECCA","twitter_card":"summary_large_image","twitter_creator":"@eccaedu","twitter_site":"@eccaedu","twitter_misc":{"Written by":"ECCA","Estimated reading time":"3 minutes"},"schema":{"@context":"https:\/\/schema.org","@graph":[{"@type":"Article","@id":"https:\/\/blognoticias.ecca.edu.es\/cabildo-y-ecca-fomentaran-la-interculturalidad-en-fuerteventura\/#article","isPartOf":{"@id":"https:\/\/blognoticias.ecca.edu.es\/cabildo-y-ecca-fomentaran-la-interculturalidad-en-fuerteventura\/"},"author":{"name":"ECCA","@id":"https:\/\/blognoticias.ecca.edu.es\/#\/schema\/person\/2f67aec1e9c175158bc25ac844a022ce"},"headline":"Cabildo y ECCA fomentar\u00e1n la interculturalidad en Fuerteventura","datePublished":"2018-09-12T13:40:00+00:00","mainEntityOfPage":{"@id":"https:\/\/blognoticias.ecca.edu.es\/cabildo-y-ecca-fomentaran-la-interculturalidad-en-fuerteventura\/"},"wordCount":536,"publisher":{"@id":"https:\/\/blognoticias.ecca.edu.es\/#organization"},"image":{"@id":"https:\/\/blognoticias.ecca.edu.es\/cabildo-y-ecca-fomentaran-la-interculturalidad-en-fuerteventura\/#primaryimage"},"thumbnailUrl":"https:\/\/2.bp.blogspot.com\/-T8Lg_AesbmQ\/W5kVl_S3J3I\/AAAAAAAAAfo\/bmrmBeg6K50YziRnilhaVFsnl8cg9zKHgCLcBGAs\/s320\/120918%2Bconvenio%2BCabildo-ECCA.JPG","articleSection":["Cabildo de Fuerteventura","Comunicaci\u00f3n ECCA","convenio","firma","Fuerteventura","Radio ECCA","Relevante"],"inLanguage":"en-GB"},{"@type":"WebPage","@id":"https:\/\/blognoticias.ecca.edu.es\/cabildo-y-ecca-fomentaran-la-interculturalidad-en-fuerteventura\/","url":"https:\/\/blognoticias.ecca.edu.es\/cabildo-y-ecca-fomentaran-la-interculturalidad-en-fuerteventura\/","name":"Cabildo y ECCA fomentar\u00e1n la interculturalidad en Fuerteventura","isPartOf":{"@id":"https:\/\/blognoticias.ecca.edu.es\/#website"},"primaryImageOfPage":{"@id":"https:\/\/blognoticias.ecca.edu.es\/cabildo-y-ecca-fomentaran-la-interculturalidad-en-fuerteventura\/#primaryimage"},"image":{"@id":"https:\/\/blognoticias.ecca.edu.es\/cabildo-y-ecca-fomentaran-la-interculturalidad-en-fuerteventura\/#primaryimage"},"thumbnailUrl":"https:\/\/2.bp.blogspot.com\/-T8Lg_AesbmQ\/W5kVl_S3J3I\/AAAAAAAAAfo\/bmrmBeg6K50YziRnilhaVFsnl8cg9zKHgCLcBGAs\/s320\/120918%2Bconvenio%2BCabildo-ECCA.JPG","datePublished":"2018-09-12T13:40:00+00:00","breadcrumb":{"@id":"https:\/\/blognoticias.ecca.edu.es\/cabildo-y-ecca-fomentaran-la-interculturalidad-en-fuerteventura\/#breadcrumb"},"inLanguage":"en-GB","potentialAction":[{"@type":"ReadAction","target":["https:\/\/blognoticias.ecca.edu.es\/cabildo-y-ecca-fomentaran-la-interculturalidad-en-fuerteventura\/"]}]},{"@type":"ImageObject","inLanguage":"en-GB","@id":"https:\/\/blognoticias.ecca.edu.es\/cabildo-y-ecca-fomentaran-la-interculturalidad-en-fuerteventura\/#primaryimage","url":"https:\/\/2.bp.blogspot.com\/-T8Lg_AesbmQ\/W5kVl_S3J3I\/AAAAAAAAAfo\/bmrmBeg6K50YziRnilhaVFsnl8cg9zKHgCLcBGAs\/s320\/120918%2Bconvenio%2BCabildo-ECCA.JPG","contentUrl":"https:\/\/2.bp.blogspot.com\/-T8Lg_AesbmQ\/W5kVl_S3J3I\/AAAAAAAAAfo\/bmrmBeg6K50YziRnilhaVFsnl8cg9zKHgCLcBGAs\/s320\/120918%2Bconvenio%2BCabildo-ECCA.JPG"},{"@type":"BreadcrumbList","@id":"https:\/\/blognoticias.ecca.edu.es\/cabildo-y-ecca-fomentaran-la-interculturalidad-en-fuerteventura\/#breadcrumb","itemListElement":[{"@type":"ListItem","position":1,"name":"Portada","item":"https:\/\/blognoticias.ecca.edu.es\/"},{"@type":"ListItem","position":2,"name":"Cabildo y ECCA fomentar\u00e1n la interculturalidad en Fuerteventura"}]},{"@type":"WebSite","@id":"https:\/\/blognoticias.ecca.edu.es\/#website","url":"https:\/\/blognoticias.ecca.edu.es\/","name":"Blog Noticias Ecca","description":"","publisher":{"@id":"https:\/\/blognoticias.ecca.edu.es\/#organization"},"potentialAction":[{"@type":"SearchAction","target":{"@type":"EntryPoint","urlTemplate":"https:\/\/blognoticias.ecca.edu.es\/?s={search_term_string}"},"query-input":{"@type":"PropertyValueSpecification","valueRequired":true,"valueName":"search_term_string"}}],"inLanguage":"en-GB"},{"@type":"Organization","@id":"https:\/\/blognoticias.ecca.edu.es\/#organization","name":"Blog Noticias Ecca","url":"https:\/\/blognoticias.ecca.edu.es\/","logo":{"@type":"ImageObject","inLanguage":"en-GB","@id":"https:\/\/blognoticias.ecca.edu.es\/#\/schema\/logo\/image\/","url":"https:\/\/blognoticias.ecca.edu.es\/wp-content\/uploads\/2023\/02\/cropped-cropped-cropped-cropped-Logo-Ecca.edu_.png","contentUrl":"https:\/\/blognoticias.ecca.edu.es\/wp-content\/uploads\/2023\/02\/cropped-cropped-cropped-cropped-Logo-Ecca.edu_.png","width":293,"height":45,"caption":"Blog Noticias Ecca"},"image":{"@id":"https:\/\/blognoticias.ecca.edu.es\/#\/schema\/logo\/image\/"},"sameAs":["https:\/\/www.facebook.com\/ecca.edu.es","https:\/\/x.com\/eccaedu","https:\/\/www.instagram.com\/"]},{"@type":"Person","@id":"https:\/\/blognoticias.ecca.edu.es\/#\/schema\/person\/2f67aec1e9c175158bc25ac844a022ce","name":"ECCA","image":{"@type":"ImageObject","inLanguage":"en-GB","@id":"https:\/\/blognoticias.ecca.edu.es\/#\/schema\/person\/image\/","url":"https:\/\/blognoticias.ecca.edu.es\/wp-content\/uploads\/2023\/02\/LOGO-ECCAEDU-1-150x150.png","contentUrl":"https:\/\/blognoticias.ecca.edu.es\/wp-content\/uploads\/2023\/02\/LOGO-ECCAEDU-1-150x150.png","caption":"ECCA"},"sameAs":["https:\/\/blognoticias.ecca.edu.es"],"url":"https:\/\/blognoticias.ecca.edu.es\/en\/author\/admin\/"}]}},"_links":{"self":[{"href":"https:\/\/blognoticias.ecca.edu.es\/en\/wp-json\/wp\/v2\/posts\/3736","targetHints":{"allow":["GET"]}}],"collection":[{"href":"https:\/\/blognoticias.ecca.edu.es\/en\/wp-json\/wp\/v2\/posts"}],"about":[{"href":"https:\/\/blognoticias.ecca.edu.es\/en\/wp-json\/wp\/v2\/types\/post"}],"author":[{"embeddable":true,"href":"https:\/\/blognoticias.ecca.edu.es\/en\/wp-json\/wp\/v2\/users\/1"}],"replies":[{"embeddable":true,"href":"https:\/\/blognoticias.ecca.edu.es\/en\/wp-json\/wp\/v2\/comments?post=3736"}],"version-history":[{"count":0,"href":"https:\/\/blognoticias.ecca.edu.es\/en\/wp-json\/wp\/v2\/posts\/3736\/revisions"}],"wp:attachment":[{"href":"https:\/\/blognoticias.ecca.edu.es\/en\/wp-json\/wp\/v2\/media?parent=3736"}],"wp:term":[{"taxonomy":"category","embeddable":true,"href":"https:\/\/blognoticias.ecca.edu.es\/en\/wp-json\/wp\/v2\/categories?post=3736"},{"taxonomy":"post_tag","embeddable":true,"href":"https:\/\/blognoticias.ecca.edu.es\/en\/wp-json\/wp\/v2\/tags?post=3736"}],"curies":[{"name":"wp","href":"https:\/\/api.w.org\/{rel}","templated":true}]}}