{"id":3712,"date":"2018-10-19T08:20:00","date_gmt":"2018-10-19T08:20:00","guid":{"rendered":"https:\/\/blognoticias.ecca.edu.es\/cabildo-de-fuerteventura-y-radio-ecca-renuevan-los-talleres-formativos-en-energias-renovables-para-escolares\/"},"modified":"2018-10-19T08:20:00","modified_gmt":"2018-10-19T08:20:00","slug":"cabildo-de-fuerteventura-y-radio-ecca-renuevan-los-talleres-formativos-en-energias-renovables-para-escolares","status":"publish","type":"post","link":"https:\/\/blognoticias.ecca.edu.es\/en\/cabildo-de-fuerteventura-y-radio-ecca-renuevan-los-talleres-formativos-en-energias-renovables-para-escolares\/","title":{"rendered":"Cabildo de Fuerteventura y Radio ECCA renuevan los talleres formativos en energ\u00edas renovables para escolares"},"content":{"rendered":"<div class='booster-block booster-read-block'>\n                <div class=\"twp-read-time\">\n                \t<i class=\"booster-icon twp-clock\"><\/i> <span>Tiempo de lectura:<\/span>2 Minutos, 18 Segundos                <\/div>\n\n            <\/div><div style=\"text-align: justify;\">\n<b>El Cabildo de Fuerteventura y Radio ECCA renovaron el pasado 18 de octubre el convenio de colaboraci\u00f3n para impartir una nueva edici\u00f3n de los talleres formativos en energ\u00edas renovables.<\/b><\/div>\n<div style=\"text-align: justify;\">\n<\/div>\n<div style=\"text-align: justify;\">\n12 000 estudiantes de Educaci\u00f3n Primaria y Secundaria han recibido hasta ahora formaci\u00f3n en materia de energ\u00edas renovables desde el curso 2013\/14, a trav\u00e9s de estos talleres impartidos por Radio ECCA. En este curso, 3000 escolares seguir\u00e1n profundizando en los beneficios de las energ\u00edas procedentes de fuentes renovables como el sol, el mar o el viento a trav\u00e9s del proyecto \u2018Promoci\u00f3n de energ\u00edas renovables en los centros educativos de Fuerteventura\u2019.<\/div>\n<div style=\"text-align: justify;\">\n<\/div>\n<div style=\"text-align: justify;\">\nEl presidente del cabildo, Marcial Morales, y el director general de la fundaci\u00f3n Radio ECCA, Lucas L\u00f3pez, renovaron el convenio para la impartici\u00f3n de estos talleres formativos que constituyen un paso m\u00e1s dentro de las iniciativas que lleva a cabo la corporaci\u00f3n insular para hacer de Fuerteventura una isla sostenible. Al acto tambi\u00e9n asistieron el consejero de Industria, Jos\u00e9 Juan Herrera Martel, y la delegada de Radio ECCA en Fuerteventura, Carmen Nieves Hern\u00e1ndez.<\/div>\n<div style=\"text-align: justify;\">\n<\/div>\n<table cellpadding=\"0\" cellspacing=\"0\" style=\"float: left; margin-right: 1em; text-align: left;\">\n<tbody>\n<tr>\n<td style=\"text-align: center;\"><a href=\"http:\/\/4.bp.blogspot.com\/-xzI2qQXL5_w\/W8mTayUZgmI\/AAAAAAAAAnY\/TAh0_6l5Yr8sOAa-xVWb27-MPgkYIzF2ACK4BGAYYCw\/s1600\/IMG_3733.JPG\" style=\"clear: left; margin-bottom: 1em; margin-left: auto; margin-right: auto;\"><img loading=\"lazy\" decoding=\"async\" border=\"0\" height=\"239\" src=\"https:\/\/4.bp.blogspot.com\/-xzI2qQXL5_w\/W8mTayUZgmI\/AAAAAAAAAnY\/TAh0_6l5Yr8sOAa-xVWb27-MPgkYIzF2ACK4BGAYYCw\/s320\/IMG_3733.JPG\" width=\"320\" \/><\/a><\/td>\n<\/tr>\n<tr>\n<td style=\"text-align: left;\"><b>Momento de la firma en el Cabildo majorero.<\/b><\/td>\n<\/tr>\n<\/tbody>\n<\/table>\n<div style=\"text-align: justify;\">\nEl Cabildo destina 20 000 euros a esta nueva edici\u00f3n del proyecto. \u00abSeguimos creando cultura por la implantaci\u00f3n de un nuevo modelo energ\u00e9tico en Fuerteventura a trav\u00e9s de este programa y con iniciativas como las ayudas para la implantaci\u00f3n de energ\u00edas limpias en viviendas y granjas agr\u00edcolas y ganaderas, entre otras iniciativas\u00bb, dijo Marcial Morales. Por su parte, L\u00f3pez asegur\u00f3 que \u00abtrabajar con menores en un tema como las energ\u00edas renovables ayuda a llegar a los mayores\u00bb.<\/div>\n<div style=\"text-align: justify;\">\n<\/div>\n<div style=\"text-align: justify;\">\nEl proyecto contempla para este curso dos talleres para Educaci\u00f3n Primaria y Secundaria con material did\u00e1ctico adaptado a las edades de los estudiantes. As\u00ed, se ofrece de forma amena a la poblaci\u00f3n escolar informaci\u00f3n pormenorizada sobre los efectos beneficiosos de las energ\u00edas limpias en personas, seres vivos y medio ambiente.<\/div>\n<div style=\"text-align: justify;\">\n<\/div>\n<div style=\"text-align: justify;\">\nLa iniciativa, activa desde el curso 2013\/14, se realiza a trav\u00e9s de diversos talleres en los que se utiliza material did\u00e1ctico elaborado por Radio ECCA. Este contenido se complementa con visitas a diferentes instalaciones que disponen de aerogeneradores o placas fotovoltaicas. Asimismo, el proyecto explica a los estudiantes c\u00f3mo funcionan los veh\u00edculos el\u00e9ctricos, d\u00e1ndolo a conocer de primera mano mediante los coches pertenecientes a la flota del Cabildo. Por \u00faltimo, el proyecto se completa con la emisi\u00f3n de microprogramas sobre el uso responsable de energ\u00eda, m\u00e1s de 700 al a\u00f1o.<\/div>\n<div style=\"text-align: justify;\">\n<\/div>\n<div style=\"text-align: justify;\">\nEl proyecto ha contribuido de forma activa a la promoci\u00f3n de la cultura de la sostenibilidad medioambiental. Con esta iniciativa se busca tambi\u00e9n sensibilizar a los escolares sobre los problemas derivados de las energ\u00edas contaminantes. En este contexto, se ense\u00f1a a docentes y alumnado a hacer un uso adecuado de la energ\u00eda mediante el ahorro energ\u00e9tico y el consumo responsable.<\/div>","protected":false},"excerpt":{"rendered":"<p>El Cabildo de Fuerteventura y Radio ECCA renovaron el pasado 18 de octubre el convenio de colaboraci\u00f3n para impartir una nueva edici\u00f3n de los talleres formativos en energ\u00edas renovables. 12 000 estudiantes de Educaci\u00f3n Primaria y Secundaria han recibido hasta ahora formaci\u00f3n en materia de energ\u00edas renovables desde el curso 2013\/14, a trav\u00e9s de estos [&hellip;]<\/p>","protected":false},"author":1,"featured_media":0,"comment_status":"","ping_status":"","sticky":false,"template":"","format":"standard","meta":{"footnotes":""},"categories":[170,103,190,169,106],"tags":[],"class_list":["post-3712","post","type-post","status-publish","format-standard","hentry","category-cabildo-de-fuerteventura","category-comunicacion-ecca","category-convenio","category-fuerteventura","category-relevante"],"yoast_head":"<!-- This site is optimized with the Yoast SEO plugin v25.9 - https:\/\/yoast.com\/wordpress\/plugins\/seo\/ -->\n<title>Cabildo de Fuerteventura y Radio ECCA renuevan los talleres formativos en energ\u00edas renovables para escolares<\/title>\n<meta name=\"robots\" content=\"index, follow, max-snippet:-1, max-image-preview:large, max-video-preview:-1\" \/>\n<link rel=\"canonical\" href=\"https:\/\/blognoticias.ecca.edu.es\/en\/cabildo-de-fuerteventura-y-radio-ecca-renuevan-los-talleres-formativos-en-energias-renovables-para-escolares\/\" \/>\n<meta property=\"og:locale\" content=\"en_GB\" \/>\n<meta property=\"og:type\" content=\"article\" \/>\n<meta property=\"og:title\" content=\"Cabildo de Fuerteventura y Radio ECCA renuevan los talleres formativos en energ\u00edas renovables para escolares\" \/>\n<meta property=\"og:description\" content=\"El Cabildo de Fuerteventura y Radio ECCA renovaron el pasado 18 de octubre el convenio de colaboraci\u00f3n para impartir una nueva edici\u00f3n de los talleres formativos en energ\u00edas renovables. 12 000 estudiantes de Educaci\u00f3n Primaria y Secundaria han recibido hasta ahora formaci\u00f3n en materia de energ\u00edas renovables desde el curso 2013\/14, a trav\u00e9s de estos [&hellip;]\" \/>\n<meta property=\"og:url\" content=\"https:\/\/blognoticias.ecca.edu.es\/en\/cabildo-de-fuerteventura-y-radio-ecca-renuevan-los-talleres-formativos-en-energias-renovables-para-escolares\/\" \/>\n<meta property=\"og:site_name\" content=\"Blog Noticias Ecca\" \/>\n<meta property=\"article:publisher\" content=\"https:\/\/www.facebook.com\/ecca.edu.es\" \/>\n<meta property=\"article:published_time\" content=\"2018-10-19T08:20:00+00:00\" \/>\n<meta property=\"og:image\" content=\"https:\/\/4.bp.blogspot.com\/-xzI2qQXL5_w\/W8mTayUZgmI\/AAAAAAAAAnY\/TAh0_6l5Yr8sOAa-xVWb27-MPgkYIzF2ACK4BGAYYCw\/s320\/IMG_3733.JPG\" \/>\n<meta name=\"author\" content=\"ECCA\" \/>\n<meta name=\"twitter:card\" content=\"summary_large_image\" \/>\n<meta name=\"twitter:creator\" content=\"@eccaedu\" \/>\n<meta name=\"twitter:site\" content=\"@eccaedu\" \/>\n<meta name=\"twitter:label1\" content=\"Written by\" \/>\n\t<meta name=\"twitter:data1\" content=\"ECCA\" \/>\n\t<meta name=\"twitter:label2\" content=\"Estimated reading time\" \/>\n\t<meta name=\"twitter:data2\" content=\"2 minutes\" \/>\n<script type=\"application\/ld+json\" class=\"yoast-schema-graph\">{\"@context\":\"https:\/\/schema.org\",\"@graph\":[{\"@type\":\"Article\",\"@id\":\"https:\/\/blognoticias.ecca.edu.es\/cabildo-de-fuerteventura-y-radio-ecca-renuevan-los-talleres-formativos-en-energias-renovables-para-escolares\/#article\",\"isPartOf\":{\"@id\":\"https:\/\/blognoticias.ecca.edu.es\/cabildo-de-fuerteventura-y-radio-ecca-renuevan-los-talleres-formativos-en-energias-renovables-para-escolares\/\"},\"author\":{\"name\":\"ECCA\",\"@id\":\"https:\/\/blognoticias.ecca.edu.es\/#\/schema\/person\/2f67aec1e9c175158bc25ac844a022ce\"},\"headline\":\"Cabildo de Fuerteventura y Radio ECCA renuevan los talleres formativos en energ\u00edas renovables para escolares\",\"datePublished\":\"2018-10-19T08:20:00+00:00\",\"mainEntityOfPage\":{\"@id\":\"https:\/\/blognoticias.ecca.edu.es\/cabildo-de-fuerteventura-y-radio-ecca-renuevan-los-talleres-formativos-en-energias-renovables-para-escolares\/\"},\"wordCount\":513,\"publisher\":{\"@id\":\"https:\/\/blognoticias.ecca.edu.es\/#organization\"},\"image\":{\"@id\":\"https:\/\/blognoticias.ecca.edu.es\/cabildo-de-fuerteventura-y-radio-ecca-renuevan-los-talleres-formativos-en-energias-renovables-para-escolares\/#primaryimage\"},\"thumbnailUrl\":\"https:\/\/4.bp.blogspot.com\/-xzI2qQXL5_w\/W8mTayUZgmI\/AAAAAAAAAnY\/TAh0_6l5Yr8sOAa-xVWb27-MPgkYIzF2ACK4BGAYYCw\/s320\/IMG_3733.JPG\",\"articleSection\":[\"Cabildo de Fuerteventura\",\"Comunicaci\u00f3n ECCA\",\"convenio\",\"Fuerteventura\",\"Relevante\"],\"inLanguage\":\"en-GB\"},{\"@type\":\"WebPage\",\"@id\":\"https:\/\/blognoticias.ecca.edu.es\/cabildo-de-fuerteventura-y-radio-ecca-renuevan-los-talleres-formativos-en-energias-renovables-para-escolares\/\",\"url\":\"https:\/\/blognoticias.ecca.edu.es\/cabildo-de-fuerteventura-y-radio-ecca-renuevan-los-talleres-formativos-en-energias-renovables-para-escolares\/\",\"name\":\"Cabildo de Fuerteventura y Radio ECCA renuevan los talleres formativos en energ\u00edas renovables para escolares\",\"isPartOf\":{\"@id\":\"https:\/\/blognoticias.ecca.edu.es\/#website\"},\"primaryImageOfPage\":{\"@id\":\"https:\/\/blognoticias.ecca.edu.es\/cabildo-de-fuerteventura-y-radio-ecca-renuevan-los-talleres-formativos-en-energias-renovables-para-escolares\/#primaryimage\"},\"image\":{\"@id\":\"https:\/\/blognoticias.ecca.edu.es\/cabildo-de-fuerteventura-y-radio-ecca-renuevan-los-talleres-formativos-en-energias-renovables-para-escolares\/#primaryimage\"},\"thumbnailUrl\":\"https:\/\/4.bp.blogspot.com\/-xzI2qQXL5_w\/W8mTayUZgmI\/AAAAAAAAAnY\/TAh0_6l5Yr8sOAa-xVWb27-MPgkYIzF2ACK4BGAYYCw\/s320\/IMG_3733.JPG\",\"datePublished\":\"2018-10-19T08:20:00+00:00\",\"breadcrumb\":{\"@id\":\"https:\/\/blognoticias.ecca.edu.es\/cabildo-de-fuerteventura-y-radio-ecca-renuevan-los-talleres-formativos-en-energias-renovables-para-escolares\/#breadcrumb\"},\"inLanguage\":\"en-GB\",\"potentialAction\":[{\"@type\":\"ReadAction\",\"target\":[\"https:\/\/blognoticias.ecca.edu.es\/cabildo-de-fuerteventura-y-radio-ecca-renuevan-los-talleres-formativos-en-energias-renovables-para-escolares\/\"]}]},{\"@type\":\"ImageObject\",\"inLanguage\":\"en-GB\",\"@id\":\"https:\/\/blognoticias.ecca.edu.es\/cabildo-de-fuerteventura-y-radio-ecca-renuevan-los-talleres-formativos-en-energias-renovables-para-escolares\/#primaryimage\",\"url\":\"https:\/\/4.bp.blogspot.com\/-xzI2qQXL5_w\/W8mTayUZgmI\/AAAAAAAAAnY\/TAh0_6l5Yr8sOAa-xVWb27-MPgkYIzF2ACK4BGAYYCw\/s320\/IMG_3733.JPG\",\"contentUrl\":\"https:\/\/4.bp.blogspot.com\/-xzI2qQXL5_w\/W8mTayUZgmI\/AAAAAAAAAnY\/TAh0_6l5Yr8sOAa-xVWb27-MPgkYIzF2ACK4BGAYYCw\/s320\/IMG_3733.JPG\"},{\"@type\":\"BreadcrumbList\",\"@id\":\"https:\/\/blognoticias.ecca.edu.es\/cabildo-de-fuerteventura-y-radio-ecca-renuevan-los-talleres-formativos-en-energias-renovables-para-escolares\/#breadcrumb\",\"itemListElement\":[{\"@type\":\"ListItem\",\"position\":1,\"name\":\"Portada\",\"item\":\"https:\/\/blognoticias.ecca.edu.es\/\"},{\"@type\":\"ListItem\",\"position\":2,\"name\":\"Cabildo de Fuerteventura y Radio ECCA renuevan los talleres formativos en energ\u00edas renovables para escolares\"}]},{\"@type\":\"WebSite\",\"@id\":\"https:\/\/blognoticias.ecca.edu.es\/#website\",\"url\":\"https:\/\/blognoticias.ecca.edu.es\/\",\"name\":\"Blog Noticias Ecca\",\"description\":\"\",\"publisher\":{\"@id\":\"https:\/\/blognoticias.ecca.edu.es\/#organization\"},\"potentialAction\":[{\"@type\":\"SearchAction\",\"target\":{\"@type\":\"EntryPoint\",\"urlTemplate\":\"https:\/\/blognoticias.ecca.edu.es\/?s={search_term_string}\"},\"query-input\":{\"@type\":\"PropertyValueSpecification\",\"valueRequired\":true,\"valueName\":\"search_term_string\"}}],\"inLanguage\":\"en-GB\"},{\"@type\":\"Organization\",\"@id\":\"https:\/\/blognoticias.ecca.edu.es\/#organization\",\"name\":\"Blog Noticias Ecca\",\"url\":\"https:\/\/blognoticias.ecca.edu.es\/\",\"logo\":{\"@type\":\"ImageObject\",\"inLanguage\":\"en-GB\",\"@id\":\"https:\/\/blognoticias.ecca.edu.es\/#\/schema\/logo\/image\/\",\"url\":\"https:\/\/blognoticias.ecca.edu.es\/wp-content\/uploads\/2023\/02\/cropped-cropped-cropped-cropped-Logo-Ecca.edu_.png\",\"contentUrl\":\"https:\/\/blognoticias.ecca.edu.es\/wp-content\/uploads\/2023\/02\/cropped-cropped-cropped-cropped-Logo-Ecca.edu_.png\",\"width\":293,\"height\":45,\"caption\":\"Blog Noticias Ecca\"},\"image\":{\"@id\":\"https:\/\/blognoticias.ecca.edu.es\/#\/schema\/logo\/image\/\"},\"sameAs\":[\"https:\/\/www.facebook.com\/ecca.edu.es\",\"https:\/\/x.com\/eccaedu\",\"https:\/\/www.instagram.com\/\"]},{\"@type\":\"Person\",\"@id\":\"https:\/\/blognoticias.ecca.edu.es\/#\/schema\/person\/2f67aec1e9c175158bc25ac844a022ce\",\"name\":\"ECCA\",\"image\":{\"@type\":\"ImageObject\",\"inLanguage\":\"en-GB\",\"@id\":\"https:\/\/blognoticias.ecca.edu.es\/#\/schema\/person\/image\/\",\"url\":\"https:\/\/blognoticias.ecca.edu.es\/wp-content\/uploads\/2023\/02\/LOGO-ECCAEDU-1-150x150.png\",\"contentUrl\":\"https:\/\/blognoticias.ecca.edu.es\/wp-content\/uploads\/2023\/02\/LOGO-ECCAEDU-1-150x150.png\",\"caption\":\"ECCA\"},\"sameAs\":[\"https:\/\/blognoticias.ecca.edu.es\"],\"url\":\"https:\/\/blognoticias.ecca.edu.es\/en\/author\/admin\/\"}]}<\/script>\n<!-- \/ Yoast SEO plugin. -->","yoast_head_json":{"title":"Cabildo de Fuerteventura y Radio ECCA renuevan los talleres formativos en energ\u00edas renovables para escolares","robots":{"index":"index","follow":"follow","max-snippet":"max-snippet:-1","max-image-preview":"max-image-preview:large","max-video-preview":"max-video-preview:-1"},"canonical":"https:\/\/blognoticias.ecca.edu.es\/en\/cabildo-de-fuerteventura-y-radio-ecca-renuevan-los-talleres-formativos-en-energias-renovables-para-escolares\/","og_locale":"en_GB","og_type":"article","og_title":"Cabildo de Fuerteventura y Radio ECCA renuevan los talleres formativos en energ\u00edas renovables para escolares","og_description":"El Cabildo de Fuerteventura y Radio ECCA renovaron el pasado 18 de octubre el convenio de colaboraci\u00f3n para impartir una nueva edici\u00f3n de los talleres formativos en energ\u00edas renovables. 12 000 estudiantes de Educaci\u00f3n Primaria y Secundaria han recibido hasta ahora formaci\u00f3n en materia de energ\u00edas renovables desde el curso 2013\/14, a trav\u00e9s de estos [&hellip;]","og_url":"https:\/\/blognoticias.ecca.edu.es\/en\/cabildo-de-fuerteventura-y-radio-ecca-renuevan-los-talleres-formativos-en-energias-renovables-para-escolares\/","og_site_name":"Blog Noticias Ecca","article_publisher":"https:\/\/www.facebook.com\/ecca.edu.es","article_published_time":"2018-10-19T08:20:00+00:00","og_image":[{"url":"https:\/\/4.bp.blogspot.com\/-xzI2qQXL5_w\/W8mTayUZgmI\/AAAAAAAAAnY\/TAh0_6l5Yr8sOAa-xVWb27-MPgkYIzF2ACK4BGAYYCw\/s320\/IMG_3733.JPG","type":"","width":"","height":""}],"author":"ECCA","twitter_card":"summary_large_image","twitter_creator":"@eccaedu","twitter_site":"@eccaedu","twitter_misc":{"Written by":"ECCA","Estimated reading time":"2 minutes"},"schema":{"@context":"https:\/\/schema.org","@graph":[{"@type":"Article","@id":"https:\/\/blognoticias.ecca.edu.es\/cabildo-de-fuerteventura-y-radio-ecca-renuevan-los-talleres-formativos-en-energias-renovables-para-escolares\/#article","isPartOf":{"@id":"https:\/\/blognoticias.ecca.edu.es\/cabildo-de-fuerteventura-y-radio-ecca-renuevan-los-talleres-formativos-en-energias-renovables-para-escolares\/"},"author":{"name":"ECCA","@id":"https:\/\/blognoticias.ecca.edu.es\/#\/schema\/person\/2f67aec1e9c175158bc25ac844a022ce"},"headline":"Cabildo de Fuerteventura y Radio ECCA renuevan los talleres formativos en energ\u00edas renovables para escolares","datePublished":"2018-10-19T08:20:00+00:00","mainEntityOfPage":{"@id":"https:\/\/blognoticias.ecca.edu.es\/cabildo-de-fuerteventura-y-radio-ecca-renuevan-los-talleres-formativos-en-energias-renovables-para-escolares\/"},"wordCount":513,"publisher":{"@id":"https:\/\/blognoticias.ecca.edu.es\/#organization"},"image":{"@id":"https:\/\/blognoticias.ecca.edu.es\/cabildo-de-fuerteventura-y-radio-ecca-renuevan-los-talleres-formativos-en-energias-renovables-para-escolares\/#primaryimage"},"thumbnailUrl":"https:\/\/4.bp.blogspot.com\/-xzI2qQXL5_w\/W8mTayUZgmI\/AAAAAAAAAnY\/TAh0_6l5Yr8sOAa-xVWb27-MPgkYIzF2ACK4BGAYYCw\/s320\/IMG_3733.JPG","articleSection":["Cabildo de Fuerteventura","Comunicaci\u00f3n ECCA","convenio","Fuerteventura","Relevante"],"inLanguage":"en-GB"},{"@type":"WebPage","@id":"https:\/\/blognoticias.ecca.edu.es\/cabildo-de-fuerteventura-y-radio-ecca-renuevan-los-talleres-formativos-en-energias-renovables-para-escolares\/","url":"https:\/\/blognoticias.ecca.edu.es\/cabildo-de-fuerteventura-y-radio-ecca-renuevan-los-talleres-formativos-en-energias-renovables-para-escolares\/","name":"Cabildo de Fuerteventura y Radio ECCA renuevan los talleres formativos en energ\u00edas renovables para escolares","isPartOf":{"@id":"https:\/\/blognoticias.ecca.edu.es\/#website"},"primaryImageOfPage":{"@id":"https:\/\/blognoticias.ecca.edu.es\/cabildo-de-fuerteventura-y-radio-ecca-renuevan-los-talleres-formativos-en-energias-renovables-para-escolares\/#primaryimage"},"image":{"@id":"https:\/\/blognoticias.ecca.edu.es\/cabildo-de-fuerteventura-y-radio-ecca-renuevan-los-talleres-formativos-en-energias-renovables-para-escolares\/#primaryimage"},"thumbnailUrl":"https:\/\/4.bp.blogspot.com\/-xzI2qQXL5_w\/W8mTayUZgmI\/AAAAAAAAAnY\/TAh0_6l5Yr8sOAa-xVWb27-MPgkYIzF2ACK4BGAYYCw\/s320\/IMG_3733.JPG","datePublished":"2018-10-19T08:20:00+00:00","breadcrumb":{"@id":"https:\/\/blognoticias.ecca.edu.es\/cabildo-de-fuerteventura-y-radio-ecca-renuevan-los-talleres-formativos-en-energias-renovables-para-escolares\/#breadcrumb"},"inLanguage":"en-GB","potentialAction":[{"@type":"ReadAction","target":["https:\/\/blognoticias.ecca.edu.es\/cabildo-de-fuerteventura-y-radio-ecca-renuevan-los-talleres-formativos-en-energias-renovables-para-escolares\/"]}]},{"@type":"ImageObject","inLanguage":"en-GB","@id":"https:\/\/blognoticias.ecca.edu.es\/cabildo-de-fuerteventura-y-radio-ecca-renuevan-los-talleres-formativos-en-energias-renovables-para-escolares\/#primaryimage","url":"https:\/\/4.bp.blogspot.com\/-xzI2qQXL5_w\/W8mTayUZgmI\/AAAAAAAAAnY\/TAh0_6l5Yr8sOAa-xVWb27-MPgkYIzF2ACK4BGAYYCw\/s320\/IMG_3733.JPG","contentUrl":"https:\/\/4.bp.blogspot.com\/-xzI2qQXL5_w\/W8mTayUZgmI\/AAAAAAAAAnY\/TAh0_6l5Yr8sOAa-xVWb27-MPgkYIzF2ACK4BGAYYCw\/s320\/IMG_3733.JPG"},{"@type":"BreadcrumbList","@id":"https:\/\/blognoticias.ecca.edu.es\/cabildo-de-fuerteventura-y-radio-ecca-renuevan-los-talleres-formativos-en-energias-renovables-para-escolares\/#breadcrumb","itemListElement":[{"@type":"ListItem","position":1,"name":"Portada","item":"https:\/\/blognoticias.ecca.edu.es\/"},{"@type":"ListItem","position":2,"name":"Cabildo de Fuerteventura y Radio ECCA renuevan los talleres formativos en energ\u00edas renovables para escolares"}]},{"@type":"WebSite","@id":"https:\/\/blognoticias.ecca.edu.es\/#website","url":"https:\/\/blognoticias.ecca.edu.es\/","name":"Blog Noticias Ecca","description":"","publisher":{"@id":"https:\/\/blognoticias.ecca.edu.es\/#organization"},"potentialAction":[{"@type":"SearchAction","target":{"@type":"EntryPoint","urlTemplate":"https:\/\/blognoticias.ecca.edu.es\/?s={search_term_string}"},"query-input":{"@type":"PropertyValueSpecification","valueRequired":true,"valueName":"search_term_string"}}],"inLanguage":"en-GB"},{"@type":"Organization","@id":"https:\/\/blognoticias.ecca.edu.es\/#organization","name":"Blog Noticias Ecca","url":"https:\/\/blognoticias.ecca.edu.es\/","logo":{"@type":"ImageObject","inLanguage":"en-GB","@id":"https:\/\/blognoticias.ecca.edu.es\/#\/schema\/logo\/image\/","url":"https:\/\/blognoticias.ecca.edu.es\/wp-content\/uploads\/2023\/02\/cropped-cropped-cropped-cropped-Logo-Ecca.edu_.png","contentUrl":"https:\/\/blognoticias.ecca.edu.es\/wp-content\/uploads\/2023\/02\/cropped-cropped-cropped-cropped-Logo-Ecca.edu_.png","width":293,"height":45,"caption":"Blog Noticias Ecca"},"image":{"@id":"https:\/\/blognoticias.ecca.edu.es\/#\/schema\/logo\/image\/"},"sameAs":["https:\/\/www.facebook.com\/ecca.edu.es","https:\/\/x.com\/eccaedu","https:\/\/www.instagram.com\/"]},{"@type":"Person","@id":"https:\/\/blognoticias.ecca.edu.es\/#\/schema\/person\/2f67aec1e9c175158bc25ac844a022ce","name":"ECCA","image":{"@type":"ImageObject","inLanguage":"en-GB","@id":"https:\/\/blognoticias.ecca.edu.es\/#\/schema\/person\/image\/","url":"https:\/\/blognoticias.ecca.edu.es\/wp-content\/uploads\/2023\/02\/LOGO-ECCAEDU-1-150x150.png","contentUrl":"https:\/\/blognoticias.ecca.edu.es\/wp-content\/uploads\/2023\/02\/LOGO-ECCAEDU-1-150x150.png","caption":"ECCA"},"sameAs":["https:\/\/blognoticias.ecca.edu.es"],"url":"https:\/\/blognoticias.ecca.edu.es\/en\/author\/admin\/"}]}},"_links":{"self":[{"href":"https:\/\/blognoticias.ecca.edu.es\/en\/wp-json\/wp\/v2\/posts\/3712","targetHints":{"allow":["GET"]}}],"collection":[{"href":"https:\/\/blognoticias.ecca.edu.es\/en\/wp-json\/wp\/v2\/posts"}],"about":[{"href":"https:\/\/blognoticias.ecca.edu.es\/en\/wp-json\/wp\/v2\/types\/post"}],"author":[{"embeddable":true,"href":"https:\/\/blognoticias.ecca.edu.es\/en\/wp-json\/wp\/v2\/users\/1"}],"replies":[{"embeddable":true,"href":"https:\/\/blognoticias.ecca.edu.es\/en\/wp-json\/wp\/v2\/comments?post=3712"}],"version-history":[{"count":0,"href":"https:\/\/blognoticias.ecca.edu.es\/en\/wp-json\/wp\/v2\/posts\/3712\/revisions"}],"wp:attachment":[{"href":"https:\/\/blognoticias.ecca.edu.es\/en\/wp-json\/wp\/v2\/media?parent=3712"}],"wp:term":[{"taxonomy":"category","embeddable":true,"href":"https:\/\/blognoticias.ecca.edu.es\/en\/wp-json\/wp\/v2\/categories?post=3712"},{"taxonomy":"post_tag","embeddable":true,"href":"https:\/\/blognoticias.ecca.edu.es\/en\/wp-json\/wp\/v2\/tags?post=3712"}],"curies":[{"name":"wp","href":"https:\/\/api.w.org\/{rel}","templated":true}]}}