{"id":3519,"date":"2019-11-27T09:26:00","date_gmt":"2019-11-27T09:26:00","guid":{"rendered":"https:\/\/blognoticias.ecca.edu.es\/70-familias-en-tenerife-revisan-su-vista-gracias-a-ecca-caixa-proinfancia-y-ver-para-crecer\/"},"modified":"2019-11-27T09:26:00","modified_gmt":"2019-11-27T09:26:00","slug":"70-familias-en-tenerife-revisan-su-vista-gracias-a-ecca-caixa-proinfancia-y-ver-para-crecer","status":"publish","type":"post","link":"https:\/\/blognoticias.ecca.edu.es\/en\/70-familias-en-tenerife-revisan-su-vista-gracias-a-ecca-caixa-proinfancia-y-ver-para-crecer\/","title":{"rendered":"70 familias en Tenerife revisan su vista gracias a ECCA, Caixa Proinfancia y \u2018Ver para crecer\u2019"},"content":{"rendered":"<div class='booster-block booster-read-block'>\n                <div class=\"twp-read-time\">\n                \t<i class=\"booster-icon twp-clock\"><\/i> <span>Tiempo de lectura:<\/span>2 Minutos, 10 Segundos                <\/div>\n\n            <\/div><div style=\"text-align: justify;\">\n<b>100 personas de Tenerife se beneficiar\u00e1n de esta iniciativa gracias a profesionales \u00f3pticos voluntarios<\/b><\/div>\n<div style=\"text-align: justify;\">\n<b><br \/><\/b><\/div>\n<div>\n<div style=\"text-align: justify;\">\n\u00d3pticos voluntarios de la iniciativa \u2018Ver para crecer\u2019 instalaron hoy los equipos necesarios para revisar la vista de 100 personas en riesgo de exclusi\u00f3n social con las que trabaja Caixa Proinfancia (la mitad de ellos ni\u00f1os y ni\u00f1as). Todas&nbsp; fueron previamente seleccionadas por las y los trabajadores sociales de Radio ECCA, como entidad que coordina el Programa en los Distritos de Salud La Salle y Centro Ifara en el municipio de Santa Cruz de Tenerife.<\/div>\n<div style=\"text-align: justify;\">\n<a href=\"http:\/\/1.bp.blogspot.com\/-hBrxPlO1Qas\/Xd5AqkJWbgI\/AAAAAAAAC44\/ucP7z7fHL-UQ3Je01f1MjdiQHFBmM99zgCK4BGAYYCw\/s1600\/ECCA%2B-%2B%2527Ver%2Bpara%2Bcrecer%2527%2B-%2BCaixa%2BProinfancia.jpg\" style=\"clear: right; float: right; margin-bottom: 1em; margin-left: 1em;\"><\/a><\/p>\n<table cellpadding=\"0\" cellspacing=\"0\" style=\"float: right; margin-left: 1em; text-align: left;\">\n<tbody>\n<tr>\n<td style=\"text-align: center;\"><a href=\"http:\/\/1.bp.blogspot.com\/-hBrxPlO1Qas\/Xd5AqkJWbgI\/AAAAAAAAC44\/ucP7z7fHL-UQ3Je01f1MjdiQHFBmM99zgCK4BGAYYCw\/s1600\/ECCA%2B-%2B%2527Ver%2Bpara%2Bcrecer%2527%2B-%2BCaixa%2BProinfancia.jpg\" style=\"clear: right; margin-bottom: 1em; margin-left: auto; margin-right: auto;\"><img loading=\"lazy\" decoding=\"async\" border=\"0\" height=\"220\" src=\"https:\/\/1.bp.blogspot.com\/-hBrxPlO1Qas\/Xd5AqkJWbgI\/AAAAAAAAC44\/ucP7z7fHL-UQ3Je01f1MjdiQHFBmM99zgCK4BGAYYCw\/s320\/ECCA%2B-%2B%2527Ver%2Bpara%2Bcrecer%2527%2B-%2BCaixa%2BProinfancia.jpg\" width=\"320\" \/><\/a><\/td>\n<\/tr>\n<tr>\n<td style=\"text-align: left;\">Las gafas distribuidas durante la jornada.<\/td>\n<\/tr>\n<\/tbody>\n<\/table>\n<div style=\"text-align: left;\">\n<\/div>\n<p><a href=\"http:\/\/1.bp.blogspot.com\/-hBrxPlO1Qas\/Xd5AqkJWbgI\/AAAAAAAAC44\/ucP7z7fHL-UQ3Je01f1MjdiQHFBmM99zgCK4BGAYYCw\/s1600\/ECCA%2B-%2B%2527Ver%2Bpara%2Bcrecer%2527%2B-%2BCaixa%2BProinfancia.jpg\" style=\"clear: right; float: right; margin-bottom: 1em; margin-left: 1em;\"><\/a>Radio ECCA lleva trabajando en alianza con Caixa Proinfancia desde hace m\u00e1s de una d\u00e9cada. El programa se implanta en 3 provincias (Las Palmas, Santa Cruz de Tenerife y Sevilla). Est\u00e1 dirigido a la infancia en situaci\u00f3n de pobreza y vulnerabilidad social con edades comprendidas entre los 0 y los 18 a\u00f1os. Pretende impulsar, a trav\u00e9s de diversos servicios y bienes, el desarrollo integral de menores y&nbsp; familias. Aunque la misi\u00f3n de Radio ECCA ha estado dirigida tradicionalmente a adultos, con este proyecto tambi\u00e9n se da la oportunidad de promoci\u00f3n a los familiares de los y las menores. El valor a\u00f1adido que el centro educativo aporta a este programa es la posibilidad de ofrecer formaci\u00f3n tambi\u00e9n a los padres y madres, como se viene haciendo desde el comienzo.<\/div>\n<div style=\"text-align: justify;\">\n<\/div>\n<div style=\"text-align: justify;\">\nRadio ECCA es la entidad coordinadora en las tres provincias. El programa CaixaProinfancia en la provincia de Santa Cruz de Tenerife tiene una gran implantaci\u00f3n territorial donde ECCA trabaja en alianza con 40 ayuntamientos de las cuatro islas.<\/div>\n<div style=\"text-align: justify;\">\n<\/div>\n<div style=\"text-align: justify;\">\nEl proyecto &#8216;Ver para Crecer&#8217; se apoya en la capacidad tecnol\u00f3gica de la iniciativa &#8216;Vision For Life&#8217;, de Essilor, y en la experiencia en materia de cooperaci\u00f3n de la Fundaci\u00f3n Cione Ruta de la Luz. Su objetivo es revisar la vista a personas en riesgo de exclusi\u00f3n social, de manera que quienes necesitan unas gafas porque su situaci\u00f3n socioecon\u00f3mica no les permite coste\u00e1rselas, las reciben nuevas, hechas expresamente para su graduaci\u00f3n actual, y de forma gratuita.&nbsp;<\/div>\n<div style=\"text-align: justify;\">\n<\/div>\n<table cellpadding=\"0\" cellspacing=\"0\" style=\"margin-left: auto; margin-right: auto; text-align: center;\">\n<tbody>\n<tr>\n<td style=\"text-align: center;\"><a href=\"http:\/\/3.bp.blogspot.com\/-EexxYqJkgS4\/Xd49eZWJhII\/AAAAAAAAC4s\/mY3aNatg2_4t3aoG8GmwriUQNVZRBk7QgCK4BGAYYCw\/s1600\/ECCA%2B-%2B%2527Ver%2Bpara%2Bcrecer%2527%2B-%2BCaixa%2BProinfancia%2B2.jpg\" style=\"margin-left: auto; margin-right: auto;\"><img loading=\"lazy\" decoding=\"async\" border=\"0\" height=\"169\" src=\"https:\/\/3.bp.blogspot.com\/-EexxYqJkgS4\/Xd49eZWJhII\/AAAAAAAAC4s\/mY3aNatg2_4t3aoG8GmwriUQNVZRBk7QgCK4BGAYYCw\/s320\/ECCA%2B-%2B%2527Ver%2Bpara%2Bcrecer%2527%2B-%2BCaixa%2BProinfancia%2B2.jpg\" width=\"320\" \/><\/a><\/td>\n<\/tr>\n<tr>\n<td style=\"text-align: left;\">Las y los voluntarios revisando la vista de dos mujeres.<\/td>\n<\/tr>\n<\/tbody>\n<\/table>\n<div style=\"text-align: left;\">\n<span style=\"text-align: justify;\">Esta ha sido su segunda misi\u00f3n \u00f3ptica sobre el terreno en Canarias. Con ella la iniciativa cumple su trig\u00e9simo sexta campa\u00f1a en Espa\u00f1a desde su puesta en marcha en junio de 2015. &#8216;Ver para Crecer&#8217; se apoya en profesionales de los servicios sociales de oeneg\u00e9s y fundaciones. Hasta la fecha, la iniciativa ha revisado la visi\u00f3n de 3000 personas en toda Espa\u00f1a en estas campa\u00f1as &#8216;in situ&#8217;, habiendo entregado a todas aquellas personas beneficiarias que lo necesitaron \u2013cerca de 2000\u2013 sus gafas nuevas.<\/span><\/div>\n<div style=\"font-weight: bold;\">\n<\/div>\n<\/div>","protected":false},"excerpt":{"rendered":"<p>100 personas de Tenerife se beneficiar\u00e1n de esta iniciativa gracias a profesionales \u00f3pticos voluntarios \u00d3pticos voluntarios de la iniciativa \u2018Ver para crecer\u2019 instalaron hoy los equipos necesarios para revisar la vista de 100 personas en riesgo de exclusi\u00f3n social con las que trabaja Caixa Proinfancia (la mitad de ellos ni\u00f1os y ni\u00f1as). Todas&nbsp; fueron previamente [&hellip;]<\/p>","protected":false},"author":1,"featured_media":0,"comment_status":"","ping_status":"","sticky":false,"template":"","format":"standard","meta":{"footnotes":""},"categories":[102,103,106],"tags":[],"class_list":["post-3519","post","type-post","status-publish","format-standard","hentry","category-comunicacion","category-comunicacion-ecca","category-relevante"],"yoast_head":"<!-- This site is optimized with the Yoast SEO plugin v25.9 - https:\/\/yoast.com\/wordpress\/plugins\/seo\/ -->\n<title>70 familias en Tenerife revisan su vista gracias a ECCA, Caixa Proinfancia y \u2018Ver para crecer\u2019<\/title>\n<meta name=\"robots\" content=\"index, follow, max-snippet:-1, max-image-preview:large, max-video-preview:-1\" \/>\n<link rel=\"canonical\" href=\"https:\/\/blognoticias.ecca.edu.es\/en\/70-familias-en-tenerife-revisan-su-vista-gracias-a-ecca-caixa-proinfancia-y-ver-para-crecer\/\" \/>\n<meta property=\"og:locale\" content=\"en_GB\" \/>\n<meta property=\"og:type\" content=\"article\" \/>\n<meta property=\"og:title\" content=\"70 familias en Tenerife revisan su vista gracias a ECCA, Caixa Proinfancia y \u2018Ver para crecer\u2019\" \/>\n<meta property=\"og:description\" content=\"100 personas de Tenerife se beneficiar\u00e1n de esta iniciativa gracias a profesionales \u00f3pticos voluntarios \u00d3pticos voluntarios de la iniciativa \u2018Ver para crecer\u2019 instalaron hoy los equipos necesarios para revisar la vista de 100 personas en riesgo de exclusi\u00f3n social con las que trabaja Caixa Proinfancia (la mitad de ellos ni\u00f1os y ni\u00f1as). Todas&nbsp; fueron previamente [&hellip;]\" \/>\n<meta property=\"og:url\" content=\"https:\/\/blognoticias.ecca.edu.es\/en\/70-familias-en-tenerife-revisan-su-vista-gracias-a-ecca-caixa-proinfancia-y-ver-para-crecer\/\" \/>\n<meta property=\"og:site_name\" content=\"Blog Noticias Ecca\" \/>\n<meta property=\"article:publisher\" content=\"https:\/\/www.facebook.com\/ecca.edu.es\" \/>\n<meta property=\"article:published_time\" content=\"2019-11-27T09:26:00+00:00\" \/>\n<meta property=\"og:image\" content=\"https:\/\/1.bp.blogspot.com\/-hBrxPlO1Qas\/Xd5AqkJWbgI\/AAAAAAAAC44\/ucP7z7fHL-UQ3Je01f1MjdiQHFBmM99zgCK4BGAYYCw\/s320\/ECCA%2B-%2B%2527Ver%2Bpara%2Bcrecer%2527%2B-%2BCaixa%2BProinfancia.jpg\" \/>\n<meta name=\"author\" content=\"ECCA\" \/>\n<meta name=\"twitter:card\" content=\"summary_large_image\" \/>\n<meta name=\"twitter:creator\" content=\"@eccaedu\" \/>\n<meta name=\"twitter:site\" content=\"@eccaedu\" \/>\n<meta name=\"twitter:label1\" content=\"Written by\" \/>\n\t<meta name=\"twitter:data1\" content=\"ECCA\" \/>\n\t<meta name=\"twitter:label2\" content=\"Estimated reading time\" \/>\n\t<meta name=\"twitter:data2\" content=\"2 minutes\" \/>\n<script type=\"application\/ld+json\" class=\"yoast-schema-graph\">{\"@context\":\"https:\/\/schema.org\",\"@graph\":[{\"@type\":\"Article\",\"@id\":\"https:\/\/blognoticias.ecca.edu.es\/70-familias-en-tenerife-revisan-su-vista-gracias-a-ecca-caixa-proinfancia-y-ver-para-crecer\/#article\",\"isPartOf\":{\"@id\":\"https:\/\/blognoticias.ecca.edu.es\/70-familias-en-tenerife-revisan-su-vista-gracias-a-ecca-caixa-proinfancia-y-ver-para-crecer\/\"},\"author\":{\"name\":\"ECCA\",\"@id\":\"https:\/\/blognoticias.ecca.edu.es\/#\/schema\/person\/2f67aec1e9c175158bc25ac844a022ce\"},\"headline\":\"70 familias en Tenerife revisan su vista gracias a ECCA, Caixa Proinfancia y \u2018Ver para crecer\u2019\",\"datePublished\":\"2019-11-27T09:26:00+00:00\",\"mainEntityOfPage\":{\"@id\":\"https:\/\/blognoticias.ecca.edu.es\/70-familias-en-tenerife-revisan-su-vista-gracias-a-ecca-caixa-proinfancia-y-ver-para-crecer\/\"},\"wordCount\":471,\"publisher\":{\"@id\":\"https:\/\/blognoticias.ecca.edu.es\/#organization\"},\"image\":{\"@id\":\"https:\/\/blognoticias.ecca.edu.es\/70-familias-en-tenerife-revisan-su-vista-gracias-a-ecca-caixa-proinfancia-y-ver-para-crecer\/#primaryimage\"},\"thumbnailUrl\":\"https:\/\/1.bp.blogspot.com\/-hBrxPlO1Qas\/Xd5AqkJWbgI\/AAAAAAAAC44\/ucP7z7fHL-UQ3Je01f1MjdiQHFBmM99zgCK4BGAYYCw\/s320\/ECCA%2B-%2B%2527Ver%2Bpara%2Bcrecer%2527%2B-%2BCaixa%2BProinfancia.jpg\",\"articleSection\":[\"Comunicaci\u00f3n\",\"Comunicaci\u00f3n ECCA\",\"Relevante\"],\"inLanguage\":\"en-GB\"},{\"@type\":\"WebPage\",\"@id\":\"https:\/\/blognoticias.ecca.edu.es\/70-familias-en-tenerife-revisan-su-vista-gracias-a-ecca-caixa-proinfancia-y-ver-para-crecer\/\",\"url\":\"https:\/\/blognoticias.ecca.edu.es\/70-familias-en-tenerife-revisan-su-vista-gracias-a-ecca-caixa-proinfancia-y-ver-para-crecer\/\",\"name\":\"70 familias en Tenerife revisan su vista gracias a ECCA, Caixa Proinfancia y \u2018Ver para crecer\u2019\",\"isPartOf\":{\"@id\":\"https:\/\/blognoticias.ecca.edu.es\/#website\"},\"primaryImageOfPage\":{\"@id\":\"https:\/\/blognoticias.ecca.edu.es\/70-familias-en-tenerife-revisan-su-vista-gracias-a-ecca-caixa-proinfancia-y-ver-para-crecer\/#primaryimage\"},\"image\":{\"@id\":\"https:\/\/blognoticias.ecca.edu.es\/70-familias-en-tenerife-revisan-su-vista-gracias-a-ecca-caixa-proinfancia-y-ver-para-crecer\/#primaryimage\"},\"thumbnailUrl\":\"https:\/\/1.bp.blogspot.com\/-hBrxPlO1Qas\/Xd5AqkJWbgI\/AAAAAAAAC44\/ucP7z7fHL-UQ3Je01f1MjdiQHFBmM99zgCK4BGAYYCw\/s320\/ECCA%2B-%2B%2527Ver%2Bpara%2Bcrecer%2527%2B-%2BCaixa%2BProinfancia.jpg\",\"datePublished\":\"2019-11-27T09:26:00+00:00\",\"breadcrumb\":{\"@id\":\"https:\/\/blognoticias.ecca.edu.es\/70-familias-en-tenerife-revisan-su-vista-gracias-a-ecca-caixa-proinfancia-y-ver-para-crecer\/#breadcrumb\"},\"inLanguage\":\"en-GB\",\"potentialAction\":[{\"@type\":\"ReadAction\",\"target\":[\"https:\/\/blognoticias.ecca.edu.es\/70-familias-en-tenerife-revisan-su-vista-gracias-a-ecca-caixa-proinfancia-y-ver-para-crecer\/\"]}]},{\"@type\":\"ImageObject\",\"inLanguage\":\"en-GB\",\"@id\":\"https:\/\/blognoticias.ecca.edu.es\/70-familias-en-tenerife-revisan-su-vista-gracias-a-ecca-caixa-proinfancia-y-ver-para-crecer\/#primaryimage\",\"url\":\"https:\/\/1.bp.blogspot.com\/-hBrxPlO1Qas\/Xd5AqkJWbgI\/AAAAAAAAC44\/ucP7z7fHL-UQ3Je01f1MjdiQHFBmM99zgCK4BGAYYCw\/s320\/ECCA%2B-%2B%2527Ver%2Bpara%2Bcrecer%2527%2B-%2BCaixa%2BProinfancia.jpg\",\"contentUrl\":\"https:\/\/1.bp.blogspot.com\/-hBrxPlO1Qas\/Xd5AqkJWbgI\/AAAAAAAAC44\/ucP7z7fHL-UQ3Je01f1MjdiQHFBmM99zgCK4BGAYYCw\/s320\/ECCA%2B-%2B%2527Ver%2Bpara%2Bcrecer%2527%2B-%2BCaixa%2BProinfancia.jpg\"},{\"@type\":\"BreadcrumbList\",\"@id\":\"https:\/\/blognoticias.ecca.edu.es\/70-familias-en-tenerife-revisan-su-vista-gracias-a-ecca-caixa-proinfancia-y-ver-para-crecer\/#breadcrumb\",\"itemListElement\":[{\"@type\":\"ListItem\",\"position\":1,\"name\":\"Portada\",\"item\":\"https:\/\/blognoticias.ecca.edu.es\/\"},{\"@type\":\"ListItem\",\"position\":2,\"name\":\"70 familias en Tenerife revisan su vista gracias a ECCA, Caixa Proinfancia y \u2018Ver para crecer\u2019\"}]},{\"@type\":\"WebSite\",\"@id\":\"https:\/\/blognoticias.ecca.edu.es\/#website\",\"url\":\"https:\/\/blognoticias.ecca.edu.es\/\",\"name\":\"Blog Noticias Ecca\",\"description\":\"\",\"publisher\":{\"@id\":\"https:\/\/blognoticias.ecca.edu.es\/#organization\"},\"potentialAction\":[{\"@type\":\"SearchAction\",\"target\":{\"@type\":\"EntryPoint\",\"urlTemplate\":\"https:\/\/blognoticias.ecca.edu.es\/?s={search_term_string}\"},\"query-input\":{\"@type\":\"PropertyValueSpecification\",\"valueRequired\":true,\"valueName\":\"search_term_string\"}}],\"inLanguage\":\"en-GB\"},{\"@type\":\"Organization\",\"@id\":\"https:\/\/blognoticias.ecca.edu.es\/#organization\",\"name\":\"Blog Noticias Ecca\",\"url\":\"https:\/\/blognoticias.ecca.edu.es\/\",\"logo\":{\"@type\":\"ImageObject\",\"inLanguage\":\"en-GB\",\"@id\":\"https:\/\/blognoticias.ecca.edu.es\/#\/schema\/logo\/image\/\",\"url\":\"https:\/\/blognoticias.ecca.edu.es\/wp-content\/uploads\/2023\/02\/cropped-cropped-cropped-cropped-Logo-Ecca.edu_.png\",\"contentUrl\":\"https:\/\/blognoticias.ecca.edu.es\/wp-content\/uploads\/2023\/02\/cropped-cropped-cropped-cropped-Logo-Ecca.edu_.png\",\"width\":293,\"height\":45,\"caption\":\"Blog Noticias Ecca\"},\"image\":{\"@id\":\"https:\/\/blognoticias.ecca.edu.es\/#\/schema\/logo\/image\/\"},\"sameAs\":[\"https:\/\/www.facebook.com\/ecca.edu.es\",\"https:\/\/x.com\/eccaedu\",\"https:\/\/www.instagram.com\/\"]},{\"@type\":\"Person\",\"@id\":\"https:\/\/blognoticias.ecca.edu.es\/#\/schema\/person\/2f67aec1e9c175158bc25ac844a022ce\",\"name\":\"ECCA\",\"image\":{\"@type\":\"ImageObject\",\"inLanguage\":\"en-GB\",\"@id\":\"https:\/\/blognoticias.ecca.edu.es\/#\/schema\/person\/image\/\",\"url\":\"https:\/\/blognoticias.ecca.edu.es\/wp-content\/uploads\/2023\/02\/LOGO-ECCAEDU-1-150x150.png\",\"contentUrl\":\"https:\/\/blognoticias.ecca.edu.es\/wp-content\/uploads\/2023\/02\/LOGO-ECCAEDU-1-150x150.png\",\"caption\":\"ECCA\"},\"sameAs\":[\"https:\/\/blognoticias.ecca.edu.es\"],\"url\":\"https:\/\/blognoticias.ecca.edu.es\/en\/author\/admin\/\"}]}<\/script>\n<!-- \/ Yoast SEO plugin. -->","yoast_head_json":{"title":"70 familias en Tenerife revisan su vista gracias a ECCA, Caixa Proinfancia y \u2018Ver para crecer\u2019","robots":{"index":"index","follow":"follow","max-snippet":"max-snippet:-1","max-image-preview":"max-image-preview:large","max-video-preview":"max-video-preview:-1"},"canonical":"https:\/\/blognoticias.ecca.edu.es\/en\/70-familias-en-tenerife-revisan-su-vista-gracias-a-ecca-caixa-proinfancia-y-ver-para-crecer\/","og_locale":"en_GB","og_type":"article","og_title":"70 familias en Tenerife revisan su vista gracias a ECCA, Caixa Proinfancia y \u2018Ver para crecer\u2019","og_description":"100 personas de Tenerife se beneficiar\u00e1n de esta iniciativa gracias a profesionales \u00f3pticos voluntarios \u00d3pticos voluntarios de la iniciativa \u2018Ver para crecer\u2019 instalaron hoy los equipos necesarios para revisar la vista de 100 personas en riesgo de exclusi\u00f3n social con las que trabaja Caixa Proinfancia (la mitad de ellos ni\u00f1os y ni\u00f1as). Todas&nbsp; fueron previamente [&hellip;]","og_url":"https:\/\/blognoticias.ecca.edu.es\/en\/70-familias-en-tenerife-revisan-su-vista-gracias-a-ecca-caixa-proinfancia-y-ver-para-crecer\/","og_site_name":"Blog Noticias Ecca","article_publisher":"https:\/\/www.facebook.com\/ecca.edu.es","article_published_time":"2019-11-27T09:26:00+00:00","og_image":[{"url":"https:\/\/1.bp.blogspot.com\/-hBrxPlO1Qas\/Xd5AqkJWbgI\/AAAAAAAAC44\/ucP7z7fHL-UQ3Je01f1MjdiQHFBmM99zgCK4BGAYYCw\/s320\/ECCA%2B-%2B%2527Ver%2Bpara%2Bcrecer%2527%2B-%2BCaixa%2BProinfancia.jpg","type":"","width":"","height":""}],"author":"ECCA","twitter_card":"summary_large_image","twitter_creator":"@eccaedu","twitter_site":"@eccaedu","twitter_misc":{"Written by":"ECCA","Estimated reading time":"2 minutes"},"schema":{"@context":"https:\/\/schema.org","@graph":[{"@type":"Article","@id":"https:\/\/blognoticias.ecca.edu.es\/70-familias-en-tenerife-revisan-su-vista-gracias-a-ecca-caixa-proinfancia-y-ver-para-crecer\/#article","isPartOf":{"@id":"https:\/\/blognoticias.ecca.edu.es\/70-familias-en-tenerife-revisan-su-vista-gracias-a-ecca-caixa-proinfancia-y-ver-para-crecer\/"},"author":{"name":"ECCA","@id":"https:\/\/blognoticias.ecca.edu.es\/#\/schema\/person\/2f67aec1e9c175158bc25ac844a022ce"},"headline":"70 familias en Tenerife revisan su vista gracias a ECCA, Caixa Proinfancia y \u2018Ver para crecer\u2019","datePublished":"2019-11-27T09:26:00+00:00","mainEntityOfPage":{"@id":"https:\/\/blognoticias.ecca.edu.es\/70-familias-en-tenerife-revisan-su-vista-gracias-a-ecca-caixa-proinfancia-y-ver-para-crecer\/"},"wordCount":471,"publisher":{"@id":"https:\/\/blognoticias.ecca.edu.es\/#organization"},"image":{"@id":"https:\/\/blognoticias.ecca.edu.es\/70-familias-en-tenerife-revisan-su-vista-gracias-a-ecca-caixa-proinfancia-y-ver-para-crecer\/#primaryimage"},"thumbnailUrl":"https:\/\/1.bp.blogspot.com\/-hBrxPlO1Qas\/Xd5AqkJWbgI\/AAAAAAAAC44\/ucP7z7fHL-UQ3Je01f1MjdiQHFBmM99zgCK4BGAYYCw\/s320\/ECCA%2B-%2B%2527Ver%2Bpara%2Bcrecer%2527%2B-%2BCaixa%2BProinfancia.jpg","articleSection":["Comunicaci\u00f3n","Comunicaci\u00f3n ECCA","Relevante"],"inLanguage":"en-GB"},{"@type":"WebPage","@id":"https:\/\/blognoticias.ecca.edu.es\/70-familias-en-tenerife-revisan-su-vista-gracias-a-ecca-caixa-proinfancia-y-ver-para-crecer\/","url":"https:\/\/blognoticias.ecca.edu.es\/70-familias-en-tenerife-revisan-su-vista-gracias-a-ecca-caixa-proinfancia-y-ver-para-crecer\/","name":"70 familias en Tenerife revisan su vista gracias a ECCA, Caixa Proinfancia y \u2018Ver para crecer\u2019","isPartOf":{"@id":"https:\/\/blognoticias.ecca.edu.es\/#website"},"primaryImageOfPage":{"@id":"https:\/\/blognoticias.ecca.edu.es\/70-familias-en-tenerife-revisan-su-vista-gracias-a-ecca-caixa-proinfancia-y-ver-para-crecer\/#primaryimage"},"image":{"@id":"https:\/\/blognoticias.ecca.edu.es\/70-familias-en-tenerife-revisan-su-vista-gracias-a-ecca-caixa-proinfancia-y-ver-para-crecer\/#primaryimage"},"thumbnailUrl":"https:\/\/1.bp.blogspot.com\/-hBrxPlO1Qas\/Xd5AqkJWbgI\/AAAAAAAAC44\/ucP7z7fHL-UQ3Je01f1MjdiQHFBmM99zgCK4BGAYYCw\/s320\/ECCA%2B-%2B%2527Ver%2Bpara%2Bcrecer%2527%2B-%2BCaixa%2BProinfancia.jpg","datePublished":"2019-11-27T09:26:00+00:00","breadcrumb":{"@id":"https:\/\/blognoticias.ecca.edu.es\/70-familias-en-tenerife-revisan-su-vista-gracias-a-ecca-caixa-proinfancia-y-ver-para-crecer\/#breadcrumb"},"inLanguage":"en-GB","potentialAction":[{"@type":"ReadAction","target":["https:\/\/blognoticias.ecca.edu.es\/70-familias-en-tenerife-revisan-su-vista-gracias-a-ecca-caixa-proinfancia-y-ver-para-crecer\/"]}]},{"@type":"ImageObject","inLanguage":"en-GB","@id":"https:\/\/blognoticias.ecca.edu.es\/70-familias-en-tenerife-revisan-su-vista-gracias-a-ecca-caixa-proinfancia-y-ver-para-crecer\/#primaryimage","url":"https:\/\/1.bp.blogspot.com\/-hBrxPlO1Qas\/Xd5AqkJWbgI\/AAAAAAAAC44\/ucP7z7fHL-UQ3Je01f1MjdiQHFBmM99zgCK4BGAYYCw\/s320\/ECCA%2B-%2B%2527Ver%2Bpara%2Bcrecer%2527%2B-%2BCaixa%2BProinfancia.jpg","contentUrl":"https:\/\/1.bp.blogspot.com\/-hBrxPlO1Qas\/Xd5AqkJWbgI\/AAAAAAAAC44\/ucP7z7fHL-UQ3Je01f1MjdiQHFBmM99zgCK4BGAYYCw\/s320\/ECCA%2B-%2B%2527Ver%2Bpara%2Bcrecer%2527%2B-%2BCaixa%2BProinfancia.jpg"},{"@type":"BreadcrumbList","@id":"https:\/\/blognoticias.ecca.edu.es\/70-familias-en-tenerife-revisan-su-vista-gracias-a-ecca-caixa-proinfancia-y-ver-para-crecer\/#breadcrumb","itemListElement":[{"@type":"ListItem","position":1,"name":"Portada","item":"https:\/\/blognoticias.ecca.edu.es\/"},{"@type":"ListItem","position":2,"name":"70 familias en Tenerife revisan su vista gracias a ECCA, Caixa Proinfancia y \u2018Ver para crecer\u2019"}]},{"@type":"WebSite","@id":"https:\/\/blognoticias.ecca.edu.es\/#website","url":"https:\/\/blognoticias.ecca.edu.es\/","name":"Blog Noticias Ecca","description":"","publisher":{"@id":"https:\/\/blognoticias.ecca.edu.es\/#organization"},"potentialAction":[{"@type":"SearchAction","target":{"@type":"EntryPoint","urlTemplate":"https:\/\/blognoticias.ecca.edu.es\/?s={search_term_string}"},"query-input":{"@type":"PropertyValueSpecification","valueRequired":true,"valueName":"search_term_string"}}],"inLanguage":"en-GB"},{"@type":"Organization","@id":"https:\/\/blognoticias.ecca.edu.es\/#organization","name":"Blog Noticias Ecca","url":"https:\/\/blognoticias.ecca.edu.es\/","logo":{"@type":"ImageObject","inLanguage":"en-GB","@id":"https:\/\/blognoticias.ecca.edu.es\/#\/schema\/logo\/image\/","url":"https:\/\/blognoticias.ecca.edu.es\/wp-content\/uploads\/2023\/02\/cropped-cropped-cropped-cropped-Logo-Ecca.edu_.png","contentUrl":"https:\/\/blognoticias.ecca.edu.es\/wp-content\/uploads\/2023\/02\/cropped-cropped-cropped-cropped-Logo-Ecca.edu_.png","width":293,"height":45,"caption":"Blog Noticias Ecca"},"image":{"@id":"https:\/\/blognoticias.ecca.edu.es\/#\/schema\/logo\/image\/"},"sameAs":["https:\/\/www.facebook.com\/ecca.edu.es","https:\/\/x.com\/eccaedu","https:\/\/www.instagram.com\/"]},{"@type":"Person","@id":"https:\/\/blognoticias.ecca.edu.es\/#\/schema\/person\/2f67aec1e9c175158bc25ac844a022ce","name":"ECCA","image":{"@type":"ImageObject","inLanguage":"en-GB","@id":"https:\/\/blognoticias.ecca.edu.es\/#\/schema\/person\/image\/","url":"https:\/\/blognoticias.ecca.edu.es\/wp-content\/uploads\/2023\/02\/LOGO-ECCAEDU-1-150x150.png","contentUrl":"https:\/\/blognoticias.ecca.edu.es\/wp-content\/uploads\/2023\/02\/LOGO-ECCAEDU-1-150x150.png","caption":"ECCA"},"sameAs":["https:\/\/blognoticias.ecca.edu.es"],"url":"https:\/\/blognoticias.ecca.edu.es\/en\/author\/admin\/"}]}},"_links":{"self":[{"href":"https:\/\/blognoticias.ecca.edu.es\/en\/wp-json\/wp\/v2\/posts\/3519","targetHints":{"allow":["GET"]}}],"collection":[{"href":"https:\/\/blognoticias.ecca.edu.es\/en\/wp-json\/wp\/v2\/posts"}],"about":[{"href":"https:\/\/blognoticias.ecca.edu.es\/en\/wp-json\/wp\/v2\/types\/post"}],"author":[{"embeddable":true,"href":"https:\/\/blognoticias.ecca.edu.es\/en\/wp-json\/wp\/v2\/users\/1"}],"replies":[{"embeddable":true,"href":"https:\/\/blognoticias.ecca.edu.es\/en\/wp-json\/wp\/v2\/comments?post=3519"}],"version-history":[{"count":0,"href":"https:\/\/blognoticias.ecca.edu.es\/en\/wp-json\/wp\/v2\/posts\/3519\/revisions"}],"wp:attachment":[{"href":"https:\/\/blognoticias.ecca.edu.es\/en\/wp-json\/wp\/v2\/media?parent=3519"}],"wp:term":[{"taxonomy":"category","embeddable":true,"href":"https:\/\/blognoticias.ecca.edu.es\/en\/wp-json\/wp\/v2\/categories?post=3519"},{"taxonomy":"post_tag","embeddable":true,"href":"https:\/\/blognoticias.ecca.edu.es\/en\/wp-json\/wp\/v2\/tags?post=3519"}],"curies":[{"name":"wp","href":"https:\/\/api.w.org\/{rel}","templated":true}]}}