{"id":3518,"date":"2019-11-27T14:08:00","date_gmt":"2019-11-27T14:08:00","guid":{"rendered":"https:\/\/blognoticias.ecca.edu.es\/maria-a-calcines-la-cooperacion-y-colaboracion-son-habilidades-necesarias-en-la-sociedad-actual\/"},"modified":"2019-11-27T14:08:00","modified_gmt":"2019-11-27T14:08:00","slug":"maria-a-calcines-la-cooperacion-y-colaboracion-son-habilidades-necesarias-en-la-sociedad-actual","status":"publish","type":"post","link":"https:\/\/blognoticias.ecca.edu.es\/en\/maria-a-calcines-la-cooperacion-y-colaboracion-son-habilidades-necesarias-en-la-sociedad-actual\/","title":{"rendered":"Mar\u00eda A. Calcines: \u00abLa cooperaci\u00f3n y colaboraci\u00f3n son habilidades necesarias en la sociedad actual\u00bb"},"content":{"rendered":"<div class='booster-block booster-read-block'>\n                <div class=\"twp-read-time\">\n                \t<i class=\"booster-icon twp-clock\"><\/i> <span>Tiempo de lectura:<\/span>2 Minutos, 25 Segundos                <\/div>\n\n            <\/div><p><b>Hoy se inauguraron las VI Jornadas Internacionales de Educaci\u00f3n a Distancia, promovidas por Radio ECCA<\/b><\/p>\n<div style=\"text-align: justify;\">\nMar\u00eda A. Calcines,&nbsp; licenciada en Ciencias de la Educaci\u00f3n y profesora de la Universidad de Las Palmas de Gran Canaria (ULPGC), estuvo a cargo de la ponencia inaugural de las VI Jornadas Internacionales de Educaci\u00f3n a Distancia: el trabajo colaborativo, organizadas por Radio ECCA. En su exposici\u00f3n El trabajo colaborativo: necesidad y exigencia en la educaci\u00f3n del siglo XXI, Calcines explic\u00f3 la importancia de este modelo, adentr\u00e1ndose en los principios y estrategias para llevarlos acabo. Resalt\u00f3 la importancia de \u201cdesarrollar una cultura colaborativa para que las personas sean m\u00e1s independientes, ya que, en la sociedad que nos ha tocado vivir, nos necesitamos los unos a los otros\u201d. A\u00f1adi\u00f3 que \u201caprendemos m\u00e1s juntos que individualmente, por lo que la colaboraci\u00f3n y la cooperaci\u00f3n son habilidades clave e imprescindibles en el siglo XXI\u201d.<\/div>\n<div style=\"text-align: justify;\">\n<\/div>\n<table cellpadding=\"0\" cellspacing=\"0\" style=\"margin-left: auto; margin-right: auto; text-align: center;\">\n<tbody>\n<tr>\n<td style=\"text-align: center;\"><a href=\"http:\/\/4.bp.blogspot.com\/-ieSg7U1lNXA\/Xd6C3EYnzvI\/AAAAAAAAC5Q\/s_MMbt5YazQOzPgkbZhUh1SDuD8B3ZW-QCK4BGAYYCw\/s1600\/Ponencia%2BAscensi%25C3%25B3n%2BCalcines.JPG\" style=\"margin-left: auto; margin-right: auto;\"><img loading=\"lazy\" decoding=\"async\" border=\"0\" height=\"246\" src=\"https:\/\/4.bp.blogspot.com\/-ieSg7U1lNXA\/Xd6C3EYnzvI\/AAAAAAAAC5Q\/s_MMbt5YazQOzPgkbZhUh1SDuD8B3ZW-QCK4BGAYYCw\/s320\/Ponencia%2BAscensi%25C3%25B3n%2BCalcines.JPG\" width=\"320\" \/><\/a><\/td>\n<\/tr>\n<tr>\n<td style=\"text-align: left;\">Ascensi\u00f3n Calcines durante su ponencia en la sede central.<\/td>\n<\/tr>\n<\/tbody>\n<\/table>\n<div style=\"text-align: justify;\">\n<\/div>\n<div style=\"text-align: left;\">\n<\/div>\n<p>Durante el acto de apertura, Amparo Osorio, directora gerente de Radio ECCA, record\u00f3 que la existencia de estas jornadas no ser\u00eda posible sin el trabajo colaborativo en red entre m\u00faltiples instituciones, como la ULPGC, la Universidad de La Laguna (ULL), la Fundaci\u00f3n Jesu\u00eftes Educaci\u00f3, la Fundaci\u00f3n Instituto Radiof\u00f3nico Fe y Alegr\u00eda (IRFEYAL), la Universitat Oberta de Catalunya o las escuelas profesionales Sagrada Familia (SAFA), entre otras.<\/p>\n<div style=\"text-align: justify;\">\nLa jornada continu\u00f3 con la experiencia de trabajo colaborativo en la ULL, con el t\u00edtulo Entornos flexibles de ense\u00f1anza virtual y semipresencial en la formaci\u00f3n inicial del profesorado, a manos del profesor Sebasti\u00e1n Mart\u00edn G\u00f3mez. M\u00e1s tarde, mediante videoconferencia, el jesuita Pedro Ni\u00f1o, Willian Obando, Arturo&nbsp; Aguayo y Dolores Orozco, de IRFEYAL Ecuador, hablaron de 45 a\u00f1os de pasi\u00f3n por la educaci\u00f3n mediante el trabajo colaborativo.&nbsp;<\/div>\n<div style=\"text-align: justify;\">\n<\/div>\n<table cellpadding=\"0\" cellspacing=\"0\" style=\"float: right; margin-left: 1em; text-align: left;\">\n<tbody>\n<tr>\n<td style=\"text-align: center;\"><a href=\"http:\/\/1.bp.blogspot.com\/-U5c6VEsAttI\/Xd6DDDrQRmI\/AAAAAAAAC5Y\/fk_G2zo_zBg0NkC2hExM9sh8xfJAVxLMgCK4BGAYYCw\/s1600\/Videoconferencia%2BIRFEYAL.JPG\" style=\"clear: right; margin-bottom: 1em; margin-left: auto; margin-right: auto;\"><img loading=\"lazy\" decoding=\"async\" border=\"0\" height=\"200\" src=\"https:\/\/1.bp.blogspot.com\/-U5c6VEsAttI\/Xd6DDDrQRmI\/AAAAAAAAC5Y\/fk_G2zo_zBg0NkC2hExM9sh8xfJAVxLMgCK4BGAYYCw\/s200\/Videoconferencia%2BIRFEYAL.JPG\" width=\"160\" \/><\/a><\/td>\n<\/tr>\n<tr>\n<td style=\"text-align: left;\">Videoconferencia IRFEYAL.<\/td>\n<\/tr>\n<\/tbody>\n<\/table>\n<div style=\"text-align: justify;\">\nMa\u00f1ana, tendr\u00e1 lugar la segunda sesi\u00f3n de las jornadas, donde se tratar\u00e1 el trabajo colaborativo dentro del marco de la Formaci\u00f3n Profesional Jesu\u00eftes UOC, as\u00ed como desde las escuelas profesionales de SAFA, culminando la ma\u00f1ana en una mesa redonda: Importancia del trabajo colaborativo en la educaci\u00f3n a distancia. El tercer d\u00eda, y \u00faltimo de las jornadas, tendr\u00e1 lugar un taller pr\u00e1ctico sobre Estrategias y recursos para el trabajo colaborativo, seguido de la clausura y cierre.<\/div>\n<div style=\"text-align: justify;\">\n<\/div>\n<div style=\"text-align: justify;\">\nComo en las ediciones anteriores, el dinero recaudado por las matr\u00edculas ser\u00e1 destinado \u00edntegramente a becar al alumnado con menos recursos, en relaci\u00f3n a lo cual Osorio a\u00f1adi\u00f3 que \u201cla recaudaci\u00f3n de estas jornadas va a parar a las personas que, debido a sus condiciones socioecon\u00f3micas, sufren a\u00fan m\u00e1s la brecha digital y ni siquiera saben que tienen derecho a la educaci\u00f3n\u201d.<\/div>\n<div style=\"text-align: justify;\">\nLa jornadas se celebrar\u00e1n desde hoy hasta el viernes 29 de noviembre, f\u00edsicamente en las sedes de Radio ECCA en las distintas islas, pero tambi\u00e9n mediante videoconferencia, reuniendo, a trav\u00e9s de internet, a varios de los principales centros de educaci\u00f3n a distancia de todo el Estado y algunas de las experiencias m\u00e1s relevantes de Latinoam\u00e9rica.<\/div>","protected":false},"excerpt":{"rendered":"<p>Hoy se inauguraron las VI Jornadas Internacionales de Educaci\u00f3n a Distancia, promovidas por Radio ECCA Mar\u00eda A. Calcines,&nbsp; licenciada en Ciencias de la Educaci\u00f3n y profesora de la Universidad de Las Palmas de Gran Canaria (ULPGC), estuvo a cargo de la ponencia inaugural de las VI Jornadas Internacionales de Educaci\u00f3n a Distancia: el trabajo colaborativo, [&hellip;]<\/p>","protected":false},"author":1,"featured_media":0,"comment_status":"","ping_status":"","sticky":false,"template":"","format":"standard","meta":{"footnotes":""},"categories":[102,103,355,106],"tags":[],"class_list":["post-3518","post","type-post","status-publish","format-standard","hentry","category-comunicacion","category-comunicacion-ecca","category-jornadas-internacionales-de-educacion-a-distancia","category-relevante"],"yoast_head":"<!-- This site is optimized with the Yoast SEO plugin v25.9 - https:\/\/yoast.com\/wordpress\/plugins\/seo\/ -->\n<title>Mar\u00eda A. Calcines: &quot;La cooperaci\u00f3n y colaboraci\u00f3n son habilidades necesarias en la sociedad actual&quot;<\/title>\n<meta name=\"robots\" content=\"index, follow, max-snippet:-1, max-image-preview:large, max-video-preview:-1\" \/>\n<link rel=\"canonical\" href=\"https:\/\/blognoticias.ecca.edu.es\/en\/maria-a-calcines-la-cooperacion-y-colaboracion-son-habilidades-necesarias-en-la-sociedad-actual\/\" \/>\n<meta property=\"og:locale\" content=\"en_GB\" \/>\n<meta property=\"og:type\" content=\"article\" \/>\n<meta property=\"og:title\" content=\"Mar\u00eda A. Calcines: &quot;La cooperaci\u00f3n y colaboraci\u00f3n son habilidades necesarias en la sociedad actual&quot;\" \/>\n<meta property=\"og:description\" content=\"Hoy se inauguraron las VI Jornadas Internacionales de Educaci\u00f3n a Distancia, promovidas por Radio ECCA Mar\u00eda A. Calcines,&nbsp; licenciada en Ciencias de la Educaci\u00f3n y profesora de la Universidad de Las Palmas de Gran Canaria (ULPGC), estuvo a cargo de la ponencia inaugural de las VI Jornadas Internacionales de Educaci\u00f3n a Distancia: el trabajo colaborativo, [&hellip;]\" \/>\n<meta property=\"og:url\" content=\"https:\/\/blognoticias.ecca.edu.es\/en\/maria-a-calcines-la-cooperacion-y-colaboracion-son-habilidades-necesarias-en-la-sociedad-actual\/\" \/>\n<meta property=\"og:site_name\" content=\"Blog Noticias Ecca\" \/>\n<meta property=\"article:publisher\" content=\"https:\/\/www.facebook.com\/ecca.edu.es\" \/>\n<meta property=\"article:published_time\" content=\"2019-11-27T14:08:00+00:00\" \/>\n<meta property=\"og:image\" content=\"https:\/\/4.bp.blogspot.com\/-ieSg7U1lNXA\/Xd6C3EYnzvI\/AAAAAAAAC5Q\/s_MMbt5YazQOzPgkbZhUh1SDuD8B3ZW-QCK4BGAYYCw\/s320\/Ponencia%2BAscensi%25C3%25B3n%2BCalcines.JPG\" \/>\n<meta name=\"author\" content=\"ECCA\" \/>\n<meta name=\"twitter:card\" content=\"summary_large_image\" \/>\n<meta name=\"twitter:creator\" content=\"@eccaedu\" \/>\n<meta name=\"twitter:site\" content=\"@eccaedu\" \/>\n<meta name=\"twitter:label1\" content=\"Written by\" \/>\n\t<meta name=\"twitter:data1\" content=\"ECCA\" \/>\n\t<meta name=\"twitter:label2\" content=\"Estimated reading time\" \/>\n\t<meta name=\"twitter:data2\" content=\"3 minutes\" \/>\n<script type=\"application\/ld+json\" class=\"yoast-schema-graph\">{\"@context\":\"https:\/\/schema.org\",\"@graph\":[{\"@type\":\"Article\",\"@id\":\"https:\/\/blognoticias.ecca.edu.es\/maria-a-calcines-la-cooperacion-y-colaboracion-son-habilidades-necesarias-en-la-sociedad-actual\/#article\",\"isPartOf\":{\"@id\":\"https:\/\/blognoticias.ecca.edu.es\/maria-a-calcines-la-cooperacion-y-colaboracion-son-habilidades-necesarias-en-la-sociedad-actual\/\"},\"author\":{\"name\":\"ECCA\",\"@id\":\"https:\/\/blognoticias.ecca.edu.es\/#\/schema\/person\/2f67aec1e9c175158bc25ac844a022ce\"},\"headline\":\"Mar\u00eda A. Calcines: \u00abLa cooperaci\u00f3n y colaboraci\u00f3n son habilidades necesarias en la sociedad actual\u00bb\",\"datePublished\":\"2019-11-27T14:08:00+00:00\",\"mainEntityOfPage\":{\"@id\":\"https:\/\/blognoticias.ecca.edu.es\/maria-a-calcines-la-cooperacion-y-colaboracion-son-habilidades-necesarias-en-la-sociedad-actual\/\"},\"wordCount\":553,\"publisher\":{\"@id\":\"https:\/\/blognoticias.ecca.edu.es\/#organization\"},\"image\":{\"@id\":\"https:\/\/blognoticias.ecca.edu.es\/maria-a-calcines-la-cooperacion-y-colaboracion-son-habilidades-necesarias-en-la-sociedad-actual\/#primaryimage\"},\"thumbnailUrl\":\"https:\/\/4.bp.blogspot.com\/-ieSg7U1lNXA\/Xd6C3EYnzvI\/AAAAAAAAC5Q\/s_MMbt5YazQOzPgkbZhUh1SDuD8B3ZW-QCK4BGAYYCw\/s320\/Ponencia%2BAscensi%25C3%25B3n%2BCalcines.JPG\",\"articleSection\":[\"Comunicaci\u00f3n\",\"Comunicaci\u00f3n ECCA\",\"JORNADAS INTERNACIONALES DE EDUCACI\u00d3N A DISTANCIA\",\"Relevante\"],\"inLanguage\":\"en-GB\"},{\"@type\":\"WebPage\",\"@id\":\"https:\/\/blognoticias.ecca.edu.es\/maria-a-calcines-la-cooperacion-y-colaboracion-son-habilidades-necesarias-en-la-sociedad-actual\/\",\"url\":\"https:\/\/blognoticias.ecca.edu.es\/maria-a-calcines-la-cooperacion-y-colaboracion-son-habilidades-necesarias-en-la-sociedad-actual\/\",\"name\":\"Mar\u00eda A. Calcines: \\\"La cooperaci\u00f3n y colaboraci\u00f3n son habilidades necesarias en la sociedad actual\\\"\",\"isPartOf\":{\"@id\":\"https:\/\/blognoticias.ecca.edu.es\/#website\"},\"primaryImageOfPage\":{\"@id\":\"https:\/\/blognoticias.ecca.edu.es\/maria-a-calcines-la-cooperacion-y-colaboracion-son-habilidades-necesarias-en-la-sociedad-actual\/#primaryimage\"},\"image\":{\"@id\":\"https:\/\/blognoticias.ecca.edu.es\/maria-a-calcines-la-cooperacion-y-colaboracion-son-habilidades-necesarias-en-la-sociedad-actual\/#primaryimage\"},\"thumbnailUrl\":\"https:\/\/4.bp.blogspot.com\/-ieSg7U1lNXA\/Xd6C3EYnzvI\/AAAAAAAAC5Q\/s_MMbt5YazQOzPgkbZhUh1SDuD8B3ZW-QCK4BGAYYCw\/s320\/Ponencia%2BAscensi%25C3%25B3n%2BCalcines.JPG\",\"datePublished\":\"2019-11-27T14:08:00+00:00\",\"breadcrumb\":{\"@id\":\"https:\/\/blognoticias.ecca.edu.es\/maria-a-calcines-la-cooperacion-y-colaboracion-son-habilidades-necesarias-en-la-sociedad-actual\/#breadcrumb\"},\"inLanguage\":\"en-GB\",\"potentialAction\":[{\"@type\":\"ReadAction\",\"target\":[\"https:\/\/blognoticias.ecca.edu.es\/maria-a-calcines-la-cooperacion-y-colaboracion-son-habilidades-necesarias-en-la-sociedad-actual\/\"]}]},{\"@type\":\"ImageObject\",\"inLanguage\":\"en-GB\",\"@id\":\"https:\/\/blognoticias.ecca.edu.es\/maria-a-calcines-la-cooperacion-y-colaboracion-son-habilidades-necesarias-en-la-sociedad-actual\/#primaryimage\",\"url\":\"https:\/\/4.bp.blogspot.com\/-ieSg7U1lNXA\/Xd6C3EYnzvI\/AAAAAAAAC5Q\/s_MMbt5YazQOzPgkbZhUh1SDuD8B3ZW-QCK4BGAYYCw\/s320\/Ponencia%2BAscensi%25C3%25B3n%2BCalcines.JPG\",\"contentUrl\":\"https:\/\/4.bp.blogspot.com\/-ieSg7U1lNXA\/Xd6C3EYnzvI\/AAAAAAAAC5Q\/s_MMbt5YazQOzPgkbZhUh1SDuD8B3ZW-QCK4BGAYYCw\/s320\/Ponencia%2BAscensi%25C3%25B3n%2BCalcines.JPG\"},{\"@type\":\"BreadcrumbList\",\"@id\":\"https:\/\/blognoticias.ecca.edu.es\/maria-a-calcines-la-cooperacion-y-colaboracion-son-habilidades-necesarias-en-la-sociedad-actual\/#breadcrumb\",\"itemListElement\":[{\"@type\":\"ListItem\",\"position\":1,\"name\":\"Portada\",\"item\":\"https:\/\/blognoticias.ecca.edu.es\/\"},{\"@type\":\"ListItem\",\"position\":2,\"name\":\"Mar\u00eda A. Calcines: \u00abLa cooperaci\u00f3n y colaboraci\u00f3n son habilidades necesarias en la sociedad actual\u00bb\"}]},{\"@type\":\"WebSite\",\"@id\":\"https:\/\/blognoticias.ecca.edu.es\/#website\",\"url\":\"https:\/\/blognoticias.ecca.edu.es\/\",\"name\":\"Blog Noticias Ecca\",\"description\":\"\",\"publisher\":{\"@id\":\"https:\/\/blognoticias.ecca.edu.es\/#organization\"},\"potentialAction\":[{\"@type\":\"SearchAction\",\"target\":{\"@type\":\"EntryPoint\",\"urlTemplate\":\"https:\/\/blognoticias.ecca.edu.es\/?s={search_term_string}\"},\"query-input\":{\"@type\":\"PropertyValueSpecification\",\"valueRequired\":true,\"valueName\":\"search_term_string\"}}],\"inLanguage\":\"en-GB\"},{\"@type\":\"Organization\",\"@id\":\"https:\/\/blognoticias.ecca.edu.es\/#organization\",\"name\":\"Blog Noticias Ecca\",\"url\":\"https:\/\/blognoticias.ecca.edu.es\/\",\"logo\":{\"@type\":\"ImageObject\",\"inLanguage\":\"en-GB\",\"@id\":\"https:\/\/blognoticias.ecca.edu.es\/#\/schema\/logo\/image\/\",\"url\":\"https:\/\/blognoticias.ecca.edu.es\/wp-content\/uploads\/2023\/02\/cropped-cropped-cropped-cropped-Logo-Ecca.edu_.png\",\"contentUrl\":\"https:\/\/blognoticias.ecca.edu.es\/wp-content\/uploads\/2023\/02\/cropped-cropped-cropped-cropped-Logo-Ecca.edu_.png\",\"width\":293,\"height\":45,\"caption\":\"Blog Noticias Ecca\"},\"image\":{\"@id\":\"https:\/\/blognoticias.ecca.edu.es\/#\/schema\/logo\/image\/\"},\"sameAs\":[\"https:\/\/www.facebook.com\/ecca.edu.es\",\"https:\/\/x.com\/eccaedu\",\"https:\/\/www.instagram.com\/\"]},{\"@type\":\"Person\",\"@id\":\"https:\/\/blognoticias.ecca.edu.es\/#\/schema\/person\/2f67aec1e9c175158bc25ac844a022ce\",\"name\":\"ECCA\",\"image\":{\"@type\":\"ImageObject\",\"inLanguage\":\"en-GB\",\"@id\":\"https:\/\/blognoticias.ecca.edu.es\/#\/schema\/person\/image\/\",\"url\":\"https:\/\/blognoticias.ecca.edu.es\/wp-content\/uploads\/2023\/02\/LOGO-ECCAEDU-1-150x150.png\",\"contentUrl\":\"https:\/\/blognoticias.ecca.edu.es\/wp-content\/uploads\/2023\/02\/LOGO-ECCAEDU-1-150x150.png\",\"caption\":\"ECCA\"},\"sameAs\":[\"https:\/\/blognoticias.ecca.edu.es\"],\"url\":\"https:\/\/blognoticias.ecca.edu.es\/en\/author\/admin\/\"}]}<\/script>\n<!-- \/ Yoast SEO plugin. -->","yoast_head_json":{"title":"Mar\u00eda A. Calcines: \"La cooperaci\u00f3n y colaboraci\u00f3n son habilidades necesarias en la sociedad actual\"","robots":{"index":"index","follow":"follow","max-snippet":"max-snippet:-1","max-image-preview":"max-image-preview:large","max-video-preview":"max-video-preview:-1"},"canonical":"https:\/\/blognoticias.ecca.edu.es\/en\/maria-a-calcines-la-cooperacion-y-colaboracion-son-habilidades-necesarias-en-la-sociedad-actual\/","og_locale":"en_GB","og_type":"article","og_title":"Mar\u00eda A. Calcines: \"La cooperaci\u00f3n y colaboraci\u00f3n son habilidades necesarias en la sociedad actual\"","og_description":"Hoy se inauguraron las VI Jornadas Internacionales de Educaci\u00f3n a Distancia, promovidas por Radio ECCA Mar\u00eda A. Calcines,&nbsp; licenciada en Ciencias de la Educaci\u00f3n y profesora de la Universidad de Las Palmas de Gran Canaria (ULPGC), estuvo a cargo de la ponencia inaugural de las VI Jornadas Internacionales de Educaci\u00f3n a Distancia: el trabajo colaborativo, [&hellip;]","og_url":"https:\/\/blognoticias.ecca.edu.es\/en\/maria-a-calcines-la-cooperacion-y-colaboracion-son-habilidades-necesarias-en-la-sociedad-actual\/","og_site_name":"Blog Noticias Ecca","article_publisher":"https:\/\/www.facebook.com\/ecca.edu.es","article_published_time":"2019-11-27T14:08:00+00:00","og_image":[{"url":"https:\/\/4.bp.blogspot.com\/-ieSg7U1lNXA\/Xd6C3EYnzvI\/AAAAAAAAC5Q\/s_MMbt5YazQOzPgkbZhUh1SDuD8B3ZW-QCK4BGAYYCw\/s320\/Ponencia%2BAscensi%25C3%25B3n%2BCalcines.JPG","type":"","width":"","height":""}],"author":"ECCA","twitter_card":"summary_large_image","twitter_creator":"@eccaedu","twitter_site":"@eccaedu","twitter_misc":{"Written by":"ECCA","Estimated reading time":"3 minutes"},"schema":{"@context":"https:\/\/schema.org","@graph":[{"@type":"Article","@id":"https:\/\/blognoticias.ecca.edu.es\/maria-a-calcines-la-cooperacion-y-colaboracion-son-habilidades-necesarias-en-la-sociedad-actual\/#article","isPartOf":{"@id":"https:\/\/blognoticias.ecca.edu.es\/maria-a-calcines-la-cooperacion-y-colaboracion-son-habilidades-necesarias-en-la-sociedad-actual\/"},"author":{"name":"ECCA","@id":"https:\/\/blognoticias.ecca.edu.es\/#\/schema\/person\/2f67aec1e9c175158bc25ac844a022ce"},"headline":"Mar\u00eda A. Calcines: \u00abLa cooperaci\u00f3n y colaboraci\u00f3n son habilidades necesarias en la sociedad actual\u00bb","datePublished":"2019-11-27T14:08:00+00:00","mainEntityOfPage":{"@id":"https:\/\/blognoticias.ecca.edu.es\/maria-a-calcines-la-cooperacion-y-colaboracion-son-habilidades-necesarias-en-la-sociedad-actual\/"},"wordCount":553,"publisher":{"@id":"https:\/\/blognoticias.ecca.edu.es\/#organization"},"image":{"@id":"https:\/\/blognoticias.ecca.edu.es\/maria-a-calcines-la-cooperacion-y-colaboracion-son-habilidades-necesarias-en-la-sociedad-actual\/#primaryimage"},"thumbnailUrl":"https:\/\/4.bp.blogspot.com\/-ieSg7U1lNXA\/Xd6C3EYnzvI\/AAAAAAAAC5Q\/s_MMbt5YazQOzPgkbZhUh1SDuD8B3ZW-QCK4BGAYYCw\/s320\/Ponencia%2BAscensi%25C3%25B3n%2BCalcines.JPG","articleSection":["Comunicaci\u00f3n","Comunicaci\u00f3n ECCA","JORNADAS INTERNACIONALES DE EDUCACI\u00d3N A DISTANCIA","Relevante"],"inLanguage":"en-GB"},{"@type":"WebPage","@id":"https:\/\/blognoticias.ecca.edu.es\/maria-a-calcines-la-cooperacion-y-colaboracion-son-habilidades-necesarias-en-la-sociedad-actual\/","url":"https:\/\/blognoticias.ecca.edu.es\/maria-a-calcines-la-cooperacion-y-colaboracion-son-habilidades-necesarias-en-la-sociedad-actual\/","name":"Mar\u00eda A. Calcines: \"La cooperaci\u00f3n y colaboraci\u00f3n son habilidades necesarias en la sociedad actual\"","isPartOf":{"@id":"https:\/\/blognoticias.ecca.edu.es\/#website"},"primaryImageOfPage":{"@id":"https:\/\/blognoticias.ecca.edu.es\/maria-a-calcines-la-cooperacion-y-colaboracion-son-habilidades-necesarias-en-la-sociedad-actual\/#primaryimage"},"image":{"@id":"https:\/\/blognoticias.ecca.edu.es\/maria-a-calcines-la-cooperacion-y-colaboracion-son-habilidades-necesarias-en-la-sociedad-actual\/#primaryimage"},"thumbnailUrl":"https:\/\/4.bp.blogspot.com\/-ieSg7U1lNXA\/Xd6C3EYnzvI\/AAAAAAAAC5Q\/s_MMbt5YazQOzPgkbZhUh1SDuD8B3ZW-QCK4BGAYYCw\/s320\/Ponencia%2BAscensi%25C3%25B3n%2BCalcines.JPG","datePublished":"2019-11-27T14:08:00+00:00","breadcrumb":{"@id":"https:\/\/blognoticias.ecca.edu.es\/maria-a-calcines-la-cooperacion-y-colaboracion-son-habilidades-necesarias-en-la-sociedad-actual\/#breadcrumb"},"inLanguage":"en-GB","potentialAction":[{"@type":"ReadAction","target":["https:\/\/blognoticias.ecca.edu.es\/maria-a-calcines-la-cooperacion-y-colaboracion-son-habilidades-necesarias-en-la-sociedad-actual\/"]}]},{"@type":"ImageObject","inLanguage":"en-GB","@id":"https:\/\/blognoticias.ecca.edu.es\/maria-a-calcines-la-cooperacion-y-colaboracion-son-habilidades-necesarias-en-la-sociedad-actual\/#primaryimage","url":"https:\/\/4.bp.blogspot.com\/-ieSg7U1lNXA\/Xd6C3EYnzvI\/AAAAAAAAC5Q\/s_MMbt5YazQOzPgkbZhUh1SDuD8B3ZW-QCK4BGAYYCw\/s320\/Ponencia%2BAscensi%25C3%25B3n%2BCalcines.JPG","contentUrl":"https:\/\/4.bp.blogspot.com\/-ieSg7U1lNXA\/Xd6C3EYnzvI\/AAAAAAAAC5Q\/s_MMbt5YazQOzPgkbZhUh1SDuD8B3ZW-QCK4BGAYYCw\/s320\/Ponencia%2BAscensi%25C3%25B3n%2BCalcines.JPG"},{"@type":"BreadcrumbList","@id":"https:\/\/blognoticias.ecca.edu.es\/maria-a-calcines-la-cooperacion-y-colaboracion-son-habilidades-necesarias-en-la-sociedad-actual\/#breadcrumb","itemListElement":[{"@type":"ListItem","position":1,"name":"Portada","item":"https:\/\/blognoticias.ecca.edu.es\/"},{"@type":"ListItem","position":2,"name":"Mar\u00eda A. Calcines: \u00abLa cooperaci\u00f3n y colaboraci\u00f3n son habilidades necesarias en la sociedad actual\u00bb"}]},{"@type":"WebSite","@id":"https:\/\/blognoticias.ecca.edu.es\/#website","url":"https:\/\/blognoticias.ecca.edu.es\/","name":"Blog Noticias Ecca","description":"","publisher":{"@id":"https:\/\/blognoticias.ecca.edu.es\/#organization"},"potentialAction":[{"@type":"SearchAction","target":{"@type":"EntryPoint","urlTemplate":"https:\/\/blognoticias.ecca.edu.es\/?s={search_term_string}"},"query-input":{"@type":"PropertyValueSpecification","valueRequired":true,"valueName":"search_term_string"}}],"inLanguage":"en-GB"},{"@type":"Organization","@id":"https:\/\/blognoticias.ecca.edu.es\/#organization","name":"Blog Noticias Ecca","url":"https:\/\/blognoticias.ecca.edu.es\/","logo":{"@type":"ImageObject","inLanguage":"en-GB","@id":"https:\/\/blognoticias.ecca.edu.es\/#\/schema\/logo\/image\/","url":"https:\/\/blognoticias.ecca.edu.es\/wp-content\/uploads\/2023\/02\/cropped-cropped-cropped-cropped-Logo-Ecca.edu_.png","contentUrl":"https:\/\/blognoticias.ecca.edu.es\/wp-content\/uploads\/2023\/02\/cropped-cropped-cropped-cropped-Logo-Ecca.edu_.png","width":293,"height":45,"caption":"Blog Noticias Ecca"},"image":{"@id":"https:\/\/blognoticias.ecca.edu.es\/#\/schema\/logo\/image\/"},"sameAs":["https:\/\/www.facebook.com\/ecca.edu.es","https:\/\/x.com\/eccaedu","https:\/\/www.instagram.com\/"]},{"@type":"Person","@id":"https:\/\/blognoticias.ecca.edu.es\/#\/schema\/person\/2f67aec1e9c175158bc25ac844a022ce","name":"ECCA","image":{"@type":"ImageObject","inLanguage":"en-GB","@id":"https:\/\/blognoticias.ecca.edu.es\/#\/schema\/person\/image\/","url":"https:\/\/blognoticias.ecca.edu.es\/wp-content\/uploads\/2023\/02\/LOGO-ECCAEDU-1-150x150.png","contentUrl":"https:\/\/blognoticias.ecca.edu.es\/wp-content\/uploads\/2023\/02\/LOGO-ECCAEDU-1-150x150.png","caption":"ECCA"},"sameAs":["https:\/\/blognoticias.ecca.edu.es"],"url":"https:\/\/blognoticias.ecca.edu.es\/en\/author\/admin\/"}]}},"_links":{"self":[{"href":"https:\/\/blognoticias.ecca.edu.es\/en\/wp-json\/wp\/v2\/posts\/3518","targetHints":{"allow":["GET"]}}],"collection":[{"href":"https:\/\/blognoticias.ecca.edu.es\/en\/wp-json\/wp\/v2\/posts"}],"about":[{"href":"https:\/\/blognoticias.ecca.edu.es\/en\/wp-json\/wp\/v2\/types\/post"}],"author":[{"embeddable":true,"href":"https:\/\/blognoticias.ecca.edu.es\/en\/wp-json\/wp\/v2\/users\/1"}],"replies":[{"embeddable":true,"href":"https:\/\/blognoticias.ecca.edu.es\/en\/wp-json\/wp\/v2\/comments?post=3518"}],"version-history":[{"count":0,"href":"https:\/\/blognoticias.ecca.edu.es\/en\/wp-json\/wp\/v2\/posts\/3518\/revisions"}],"wp:attachment":[{"href":"https:\/\/blognoticias.ecca.edu.es\/en\/wp-json\/wp\/v2\/media?parent=3518"}],"wp:term":[{"taxonomy":"category","embeddable":true,"href":"https:\/\/blognoticias.ecca.edu.es\/en\/wp-json\/wp\/v2\/categories?post=3518"},{"taxonomy":"post_tag","embeddable":true,"href":"https:\/\/blognoticias.ecca.edu.es\/en\/wp-json\/wp\/v2\/tags?post=3518"}],"curies":[{"name":"wp","href":"https:\/\/api.w.org\/{rel}","templated":true}]}}