{"id":3517,"date":"2019-11-28T11:15:00","date_gmt":"2019-11-28T11:15:00","guid":{"rendered":"https:\/\/blognoticias.ecca.edu.es\/radio-ecca-trabaja-para-ampliar-alianzas-en-galicia\/"},"modified":"2019-11-28T11:15:00","modified_gmt":"2019-11-28T11:15:00","slug":"radio-ecca-trabaja-para-ampliar-alianzas-en-galicia","status":"publish","type":"post","link":"https:\/\/blognoticias.ecca.edu.es\/en\/radio-ecca-trabaja-para-ampliar-alianzas-en-galicia\/","title":{"rendered":"Radio ECCA trabaja para ampliar alianzas en Galicia"},"content":{"rendered":"<div class='booster-block booster-read-block'>\n                <div class=\"twp-read-time\">\n                \t<i class=\"booster-icon twp-clock\"><\/i> <span>Tiempo de lectura:<\/span>2 Minutos, 6 Segundos                <\/div>\n\n            <\/div><div style=\"text-align: justify;\">\n<b>La delegaci\u00f3n de Radio ECCA en Galicia ha mantenido reuniones con diferentes ayuntamientos y colectivos con el fin de unir esfuerzos y dar respuesta a las necesidades de las mujeres y hombres en materia de formaci\u00f3n en la comunidad<\/b><\/div>\n<div style=\"text-align: justify;\">\n<b><br \/><\/b><\/div>\n<div style=\"text-align: justify;\">\n<b>Ayuntamiento de Pereiro de Aguiar<\/b><\/div>\n<table cellpadding=\"0\" cellspacing=\"0\" style=\"float: right; margin-left: 1em; text-align: left;\">\n<tbody>\n<tr>\n<td style=\"text-align: center;\"><a href=\"http:\/\/2.bp.blogspot.com\/-rI-Z5cJaMy0\/Xd-pU_5F-0I\/AAAAAAAAC58\/ay485534pVIxR75WD62N8ExK5L3aGJLJACK4BGAYYCw\/s1600\/Reuni%25C3%25B3n%2BConcello%2Bde%2BPereiro%2Bde%2BAguiar%2B%25281%2529%2B15-11-19%2B-%2BPaula%2BSan%2BJuan%2BAbalde.jpeg\" style=\"clear: right; margin-bottom: 1em; margin-left: auto; margin-right: auto;\"><img loading=\"lazy\" decoding=\"async\" border=\"0\" height=\"150\" src=\"https:\/\/2.bp.blogspot.com\/-rI-Z5cJaMy0\/Xd-pU_5F-0I\/AAAAAAAAC58\/ay485534pVIxR75WD62N8ExK5L3aGJLJACK4BGAYYCw\/s200\/Reuni%25C3%25B3n%2BConcello%2Bde%2BPereiro%2Bde%2BAguiar%2B%25281%2529%2B15-11-19%2B-%2BPaula%2BSan%2BJuan%2BAbalde.jpeg\" width=\"200\" \/><\/a><\/td>\n<\/tr>\n<tr>\n<td style=\"text-align: left;\">Gonz\u00e1lez y G\u00f3mez en la reuni\u00f3n.<\/td>\n<\/tr>\n<\/tbody>\n<\/table>\n<div style=\"text-align: justify;\">\nNatalia Gonz\u00e1lez, t\u00e9cnico de Proyectos de Orense, acudi\u00f3 a la reuni\u00f3n con la t\u00e9cnico de Educaci\u00f3n de Orense, Ana G\u00f3mez, dar a conocer las posibilidades que tiene GES y Bachillerato en ECCA para la poblaci\u00f3n del ayuntamiento.<\/div>\n<div style=\"text-align: justify;\">\nG\u00f3mez encontr\u00f3 de lo m\u00e1s interesante la oferta educativa de ECCA, ya que \u201cel alumnado suspende la prueba libre de ESA y ve en el sistema ECCA muchas ventajas como la metodolog\u00eda, la semipresencialidad, el sistema modular,&#8230;\u201d<\/div>\n<div style=\"text-align: justify;\">\n<\/div>\n<div style=\"text-align: justify;\">\n<\/div>\n<table cellpadding=\"0\" cellspacing=\"0\" style=\"float: left; text-align: left;\">\n<tbody>\n<tr>\n<td style=\"text-align: center;\"><a href=\"http:\/\/4.bp.blogspot.com\/-vDxlIlWt0kE\/Xd-pqr9Y7PI\/AAAAAAAAC6I\/RBWyAfzIMbkoi-giyF20vmn5V4MAgo1-QCK4BGAYYCw\/s1600\/accem%2Bvigo%2B19-11-19%2B-%2BPaula%2BSan%2BJuan%2BAbalde.jpg\" style=\"clear: left; margin-bottom: 1em; margin-left: auto; margin-right: auto;\"><img loading=\"lazy\" decoding=\"async\" border=\"0\" height=\"320\" src=\"https:\/\/4.bp.blogspot.com\/-vDxlIlWt0kE\/Xd-pqr9Y7PI\/AAAAAAAAC6I\/RBWyAfzIMbkoi-giyF20vmn5V4MAgo1-QCK4BGAYYCw\/s320\/accem%2Bvigo%2B19-11-19%2B-%2BPaula%2BSan%2BJuan%2BAbalde.jpg\" width=\"238\" \/><\/a><\/td>\n<\/tr>\n<tr>\n<td style=\"text-align: left;\">San Juan y B\u00f3veda.<\/td>\n<\/tr>\n<\/tbody>\n<\/table>\n<div style=\"text-align: justify;\">\n<b><br \/><\/b><\/div>\n<div style=\"text-align: justify;\">\n<b>ACCEM Vigo<\/b><\/div>\n<div style=\"text-align: justify;\">\n<a href=\"http:\/\/4.bp.blogspot.com\/-vDxlIlWt0kE\/Xd-pqr9Y7PI\/AAAAAAAAC6I\/RBWyAfzIMbkoi-giyF20vmn5V4MAgo1-QCK4BGAYYCw\/s1600\/accem%2Bvigo%2B19-11-19%2B-%2BPaula%2BSan%2BJuan%2BAbalde.jpg\" style=\"clear: left; float: left; margin-bottom: 1em; margin-right: 1em;\"><\/a><\/div>\n<div style=\"text-align: left;\">\n<span style=\"text-align: justify;\">La delegada de Galicia Paula San Juan, se ha reunido con Daniel B\u00f3veda (director de ACCEM vigo) y vicepresidente de EAPN Galicia.<\/span><\/div>\n<p><\/p>\n<div style=\"text-align: justify;\">\nEn la reuni\u00f3n ambas ONG compartieron sus actividades y proyectos sociales, comentaron el trabajo en red de la ciudad de Vigo y a nivel de la comunidad gallega y el trabajo de EAPN Galicia, puesto que la delegaci\u00f3n de Galicia de Radio ECCA est\u00e1 iniciando los tr\u00e1mites para su incorporaci\u00f3n.<\/div>\n<div style=\"text-align: justify;\">\n<\/div>\n<div style=\"text-align: justify;\">\n<\/div>\n<div style=\"text-align: justify;\">\n<\/div>\n<div style=\"text-align: justify;\">\n<b>Ayuntamiento de Bayona<\/b><\/div>\n<div style=\"text-align: justify;\">\nEn el Concello de Baiona, el equipo de Radio ECCA en la delegaci\u00f3n gallega se reuni\u00f3 para informar a la concejala de Servicios Sociales y su equipo sobre la titulaci\u00f3n en GES y BACHILLERATO con ECCA. Hubo, tambi\u00e9n, buena acogida por parte de la concejala de Servicios Sociales, Movilidad y Accesibilidad,&nbsp; Concepci\u00f3n Vara; la trabajadora social, Patricia Fern\u00e1ndez, y la t\u00e9cnica de Juventud, Isabel Valverde.<\/div>\n<div style=\"text-align: justify;\">\nSe les inform\u00f3 de las ventajas que tiene el sistema ECCA, y de las experiencias que tenemos en todas las comunidades aut\u00f3nomas donde trabajamos, a lo que el equipo de la concejala valor\u00f3 muy positivamente la metodolog\u00eda y las posibilidades que ofrece para mejorar la empleabilidad.<\/div>\n<div style=\"text-align: justify;\">\n<\/div>\n<table align=\"center\" cellpadding=\"0\" cellspacing=\"0\" style=\"margin-left: auto; margin-right: auto; text-align: right;\">\n<tbody>\n<tr>\n<td style=\"text-align: center;\"><a href=\"http:\/\/4.bp.blogspot.com\/-5_5U6d6lzn8\/Xd-p4jGEixI\/AAAAAAAAC6Q\/AXInmdPqWHg3yow8IVch6CBs7w4vaJHgwCK4BGAYYCw\/s1600\/REUNI%25C3%2593N%2BCONCELLO%2BDE%2BBAIONA%2B25-11-19%2B-%2BPaula%2BSan%2BJuan%2BAbalde.jpg\" style=\"margin-left: auto; margin-right: auto;\"><img loading=\"lazy\" decoding=\"async\" border=\"0\" height=\"236\" src=\"https:\/\/4.bp.blogspot.com\/-5_5U6d6lzn8\/Xd-p4jGEixI\/AAAAAAAAC6Q\/AXInmdPqWHg3yow8IVch6CBs7w4vaJHgwCK4BGAYYCw\/s320\/REUNI%25C3%2593N%2BCONCELLO%2BDE%2BBAIONA%2B25-11-19%2B-%2BPaula%2BSan%2BJuan%2BAbalde.jpg\" width=\"320\" \/><\/a><\/td>\n<\/tr>\n<tr>\n<td style=\"text-align: left;\">Reuni\u00f3n en el Concello de Baiona.<\/td>\n<\/tr>\n<\/tbody>\n<\/table>\n<div style=\"text-align: justify;\">\n<b>ONG Diversidades<\/b><\/div>\n<table cellpadding=\"0\" cellspacing=\"0\" style=\"float: right; text-align: right;\">\n<tbody>\n<tr>\n<td style=\"text-align: center;\"><a href=\"http:\/\/1.bp.blogspot.com\/-QctQ8DNnmI8\/Xd-qGGyzpJI\/AAAAAAAAC6k\/ZOfHjfEIvXQpxMnT0Dokd95flv08xXingCK4BGAYYCw\/s1600\/DIVERSIDADES%2B26-11-19%2B-%2BPaula%2BSan%2BJuan%2BAbalde.jpg\" style=\"margin-left: auto; margin-right: auto;\"><img loading=\"lazy\" decoding=\"async\" border=\"0\" height=\"149\" src=\"https:\/\/1.bp.blogspot.com\/-QctQ8DNnmI8\/Xd-qGGyzpJI\/AAAAAAAAC6k\/ZOfHjfEIvXQpxMnT0Dokd95flv08xXingCK4BGAYYCw\/s200\/DIVERSIDADES%2B26-11-19%2B-%2BPaula%2BSan%2BJuan%2BAbalde.jpg\" width=\"200\" \/><\/a><\/td>\n<\/tr>\n<tr>\n<td style=\"text-align: left;\">Santiago Gonz\u00e1lez y Paula San Juan.<\/td>\n<\/tr>\n<\/tbody>\n<\/table>\n<div style=\"text-align: justify;\">\nSantiago Gonz\u00e1lez, director de la oeneg\u00e9 Diversidades, que forma parte de E2O, atendi\u00f3 al equipo gallego y conoci\u00f3 la oferta formativa de Radio ECCA en Galicia, as\u00ed como las posibilidades que ofrece el GES y Bachillerato de Radio ECCA frente a la prueba libre. Ambas entidades trabajan dentro del plan de Inclusi\u00f3n de la Xunta de Galicia y realizan formaci\u00f3n para colectivos vulnerables. Gonz\u00e1lez valor\u00f3 muy positivamente el hecho de que el alumnado en Galicia tuviese la oportunidad de realizar GES y Bachillerato a trav\u00e9s de ECCA.<\/div>\n<div style=\"text-align: justify;\">\n<\/div>\n<div style=\"text-align: justify;\">\n<\/div>\n<div style=\"text-align: left;\">\n<a href=\"http:\/\/2.bp.blogspot.com\/-4JMmgPltqdM\/Xd-qBD8AFUI\/AAAAAAAAC6c\/BUR5UqhaBL0d9tqVlsNUCKMlb1-rfv00QCK4BGAYYCw\/s1600\/Reuni%25C3%25B3n%2BConcello%2Bde%2BPereiro%2Bde%2BAguiar%2B%25281%2529%2B15-11-19%2B-%2BPaula%2BSan%2BJuan%2BAbalde.jpeg\"><\/a><\/div>\n<div style=\"text-align: justify;\">\n<\/div>\n<div style=\"text-align: justify;\">\n<\/div>","protected":false},"excerpt":{"rendered":"<p>La delegaci\u00f3n de Radio ECCA en Galicia ha mantenido reuniones con diferentes ayuntamientos y colectivos con el fin de unir esfuerzos y dar respuesta a las necesidades de las mujeres y hombres en materia de formaci\u00f3n en la comunidad Ayuntamiento de Pereiro de Aguiar Gonz\u00e1lez y G\u00f3mez en la reuni\u00f3n. Natalia Gonz\u00e1lez, t\u00e9cnico de Proyectos [&hellip;]<\/p>","protected":false},"author":1,"featured_media":0,"comment_status":"","ping_status":"","sticky":false,"template":"","format":"standard","meta":{"footnotes":""},"categories":[102,103,106],"tags":[],"class_list":["post-3517","post","type-post","status-publish","format-standard","hentry","category-comunicacion","category-comunicacion-ecca","category-relevante"],"yoast_head":"<!-- This site is optimized with the Yoast SEO plugin v25.9 - https:\/\/yoast.com\/wordpress\/plugins\/seo\/ -->\n<title>Radio ECCA trabaja para ampliar alianzas en Galicia<\/title>\n<meta name=\"robots\" content=\"index, follow, max-snippet:-1, max-image-preview:large, max-video-preview:-1\" \/>\n<link rel=\"canonical\" href=\"https:\/\/blognoticias.ecca.edu.es\/en\/radio-ecca-trabaja-para-ampliar-alianzas-en-galicia\/\" \/>\n<meta property=\"og:locale\" content=\"en_GB\" \/>\n<meta property=\"og:type\" content=\"article\" \/>\n<meta property=\"og:title\" content=\"Radio ECCA trabaja para ampliar alianzas en Galicia\" \/>\n<meta property=\"og:description\" content=\"La delegaci\u00f3n de Radio ECCA en Galicia ha mantenido reuniones con diferentes ayuntamientos y colectivos con el fin de unir esfuerzos y dar respuesta a las necesidades de las mujeres y hombres en materia de formaci\u00f3n en la comunidad Ayuntamiento de Pereiro de Aguiar Gonz\u00e1lez y G\u00f3mez en la reuni\u00f3n. Natalia Gonz\u00e1lez, t\u00e9cnico de Proyectos [&hellip;]\" \/>\n<meta property=\"og:url\" content=\"https:\/\/blognoticias.ecca.edu.es\/en\/radio-ecca-trabaja-para-ampliar-alianzas-en-galicia\/\" \/>\n<meta property=\"og:site_name\" content=\"Blog Noticias Ecca\" \/>\n<meta property=\"article:publisher\" content=\"https:\/\/www.facebook.com\/ecca.edu.es\" \/>\n<meta property=\"article:published_time\" content=\"2019-11-28T11:15:00+00:00\" \/>\n<meta property=\"og:image\" content=\"https:\/\/2.bp.blogspot.com\/-rI-Z5cJaMy0\/Xd-pU_5F-0I\/AAAAAAAAC58\/ay485534pVIxR75WD62N8ExK5L3aGJLJACK4BGAYYCw\/s200\/Reuni%25C3%25B3n%2BConcello%2Bde%2BPereiro%2Bde%2BAguiar%2B%25281%2529%2B15-11-19%2B-%2BPaula%2BSan%2BJuan%2BAbalde.jpeg\" \/>\n<meta name=\"author\" content=\"ECCA\" \/>\n<meta name=\"twitter:card\" content=\"summary_large_image\" \/>\n<meta name=\"twitter:creator\" content=\"@eccaedu\" \/>\n<meta name=\"twitter:site\" content=\"@eccaedu\" \/>\n<meta name=\"twitter:label1\" content=\"Written by\" \/>\n\t<meta name=\"twitter:data1\" content=\"ECCA\" \/>\n\t<meta name=\"twitter:label2\" content=\"Estimated reading time\" \/>\n\t<meta name=\"twitter:data2\" content=\"2 minutes\" \/>\n<script type=\"application\/ld+json\" class=\"yoast-schema-graph\">{\"@context\":\"https:\/\/schema.org\",\"@graph\":[{\"@type\":\"Article\",\"@id\":\"https:\/\/blognoticias.ecca.edu.es\/radio-ecca-trabaja-para-ampliar-alianzas-en-galicia\/#article\",\"isPartOf\":{\"@id\":\"https:\/\/blognoticias.ecca.edu.es\/radio-ecca-trabaja-para-ampliar-alianzas-en-galicia\/\"},\"author\":{\"name\":\"ECCA\",\"@id\":\"https:\/\/blognoticias.ecca.edu.es\/#\/schema\/person\/2f67aec1e9c175158bc25ac844a022ce\"},\"headline\":\"Radio ECCA trabaja para ampliar alianzas en Galicia\",\"datePublished\":\"2019-11-28T11:15:00+00:00\",\"mainEntityOfPage\":{\"@id\":\"https:\/\/blognoticias.ecca.edu.es\/radio-ecca-trabaja-para-ampliar-alianzas-en-galicia\/\"},\"wordCount\":463,\"publisher\":{\"@id\":\"https:\/\/blognoticias.ecca.edu.es\/#organization\"},\"image\":{\"@id\":\"https:\/\/blognoticias.ecca.edu.es\/radio-ecca-trabaja-para-ampliar-alianzas-en-galicia\/#primaryimage\"},\"thumbnailUrl\":\"https:\/\/2.bp.blogspot.com\/-rI-Z5cJaMy0\/Xd-pU_5F-0I\/AAAAAAAAC58\/ay485534pVIxR75WD62N8ExK5L3aGJLJACK4BGAYYCw\/s200\/Reuni%25C3%25B3n%2BConcello%2Bde%2BPereiro%2Bde%2BAguiar%2B%25281%2529%2B15-11-19%2B-%2BPaula%2BSan%2BJuan%2BAbalde.jpeg\",\"articleSection\":[\"Comunicaci\u00f3n\",\"Comunicaci\u00f3n ECCA\",\"Relevante\"],\"inLanguage\":\"en-GB\"},{\"@type\":\"WebPage\",\"@id\":\"https:\/\/blognoticias.ecca.edu.es\/radio-ecca-trabaja-para-ampliar-alianzas-en-galicia\/\",\"url\":\"https:\/\/blognoticias.ecca.edu.es\/radio-ecca-trabaja-para-ampliar-alianzas-en-galicia\/\",\"name\":\"Radio ECCA trabaja para ampliar alianzas en Galicia\",\"isPartOf\":{\"@id\":\"https:\/\/blognoticias.ecca.edu.es\/#website\"},\"primaryImageOfPage\":{\"@id\":\"https:\/\/blognoticias.ecca.edu.es\/radio-ecca-trabaja-para-ampliar-alianzas-en-galicia\/#primaryimage\"},\"image\":{\"@id\":\"https:\/\/blognoticias.ecca.edu.es\/radio-ecca-trabaja-para-ampliar-alianzas-en-galicia\/#primaryimage\"},\"thumbnailUrl\":\"https:\/\/2.bp.blogspot.com\/-rI-Z5cJaMy0\/Xd-pU_5F-0I\/AAAAAAAAC58\/ay485534pVIxR75WD62N8ExK5L3aGJLJACK4BGAYYCw\/s200\/Reuni%25C3%25B3n%2BConcello%2Bde%2BPereiro%2Bde%2BAguiar%2B%25281%2529%2B15-11-19%2B-%2BPaula%2BSan%2BJuan%2BAbalde.jpeg\",\"datePublished\":\"2019-11-28T11:15:00+00:00\",\"breadcrumb\":{\"@id\":\"https:\/\/blognoticias.ecca.edu.es\/radio-ecca-trabaja-para-ampliar-alianzas-en-galicia\/#breadcrumb\"},\"inLanguage\":\"en-GB\",\"potentialAction\":[{\"@type\":\"ReadAction\",\"target\":[\"https:\/\/blognoticias.ecca.edu.es\/radio-ecca-trabaja-para-ampliar-alianzas-en-galicia\/\"]}]},{\"@type\":\"ImageObject\",\"inLanguage\":\"en-GB\",\"@id\":\"https:\/\/blognoticias.ecca.edu.es\/radio-ecca-trabaja-para-ampliar-alianzas-en-galicia\/#primaryimage\",\"url\":\"https:\/\/2.bp.blogspot.com\/-rI-Z5cJaMy0\/Xd-pU_5F-0I\/AAAAAAAAC58\/ay485534pVIxR75WD62N8ExK5L3aGJLJACK4BGAYYCw\/s200\/Reuni%25C3%25B3n%2BConcello%2Bde%2BPereiro%2Bde%2BAguiar%2B%25281%2529%2B15-11-19%2B-%2BPaula%2BSan%2BJuan%2BAbalde.jpeg\",\"contentUrl\":\"https:\/\/2.bp.blogspot.com\/-rI-Z5cJaMy0\/Xd-pU_5F-0I\/AAAAAAAAC58\/ay485534pVIxR75WD62N8ExK5L3aGJLJACK4BGAYYCw\/s200\/Reuni%25C3%25B3n%2BConcello%2Bde%2BPereiro%2Bde%2BAguiar%2B%25281%2529%2B15-11-19%2B-%2BPaula%2BSan%2BJuan%2BAbalde.jpeg\"},{\"@type\":\"BreadcrumbList\",\"@id\":\"https:\/\/blognoticias.ecca.edu.es\/radio-ecca-trabaja-para-ampliar-alianzas-en-galicia\/#breadcrumb\",\"itemListElement\":[{\"@type\":\"ListItem\",\"position\":1,\"name\":\"Portada\",\"item\":\"https:\/\/blognoticias.ecca.edu.es\/\"},{\"@type\":\"ListItem\",\"position\":2,\"name\":\"Radio ECCA trabaja para ampliar alianzas en Galicia\"}]},{\"@type\":\"WebSite\",\"@id\":\"https:\/\/blognoticias.ecca.edu.es\/#website\",\"url\":\"https:\/\/blognoticias.ecca.edu.es\/\",\"name\":\"Blog Noticias Ecca\",\"description\":\"\",\"publisher\":{\"@id\":\"https:\/\/blognoticias.ecca.edu.es\/#organization\"},\"potentialAction\":[{\"@type\":\"SearchAction\",\"target\":{\"@type\":\"EntryPoint\",\"urlTemplate\":\"https:\/\/blognoticias.ecca.edu.es\/?s={search_term_string}\"},\"query-input\":{\"@type\":\"PropertyValueSpecification\",\"valueRequired\":true,\"valueName\":\"search_term_string\"}}],\"inLanguage\":\"en-GB\"},{\"@type\":\"Organization\",\"@id\":\"https:\/\/blognoticias.ecca.edu.es\/#organization\",\"name\":\"Blog Noticias Ecca\",\"url\":\"https:\/\/blognoticias.ecca.edu.es\/\",\"logo\":{\"@type\":\"ImageObject\",\"inLanguage\":\"en-GB\",\"@id\":\"https:\/\/blognoticias.ecca.edu.es\/#\/schema\/logo\/image\/\",\"url\":\"https:\/\/blognoticias.ecca.edu.es\/wp-content\/uploads\/2023\/02\/cropped-cropped-cropped-cropped-Logo-Ecca.edu_.png\",\"contentUrl\":\"https:\/\/blognoticias.ecca.edu.es\/wp-content\/uploads\/2023\/02\/cropped-cropped-cropped-cropped-Logo-Ecca.edu_.png\",\"width\":293,\"height\":45,\"caption\":\"Blog Noticias Ecca\"},\"image\":{\"@id\":\"https:\/\/blognoticias.ecca.edu.es\/#\/schema\/logo\/image\/\"},\"sameAs\":[\"https:\/\/www.facebook.com\/ecca.edu.es\",\"https:\/\/x.com\/eccaedu\",\"https:\/\/www.instagram.com\/\"]},{\"@type\":\"Person\",\"@id\":\"https:\/\/blognoticias.ecca.edu.es\/#\/schema\/person\/2f67aec1e9c175158bc25ac844a022ce\",\"name\":\"ECCA\",\"image\":{\"@type\":\"ImageObject\",\"inLanguage\":\"en-GB\",\"@id\":\"https:\/\/blognoticias.ecca.edu.es\/#\/schema\/person\/image\/\",\"url\":\"https:\/\/blognoticias.ecca.edu.es\/wp-content\/uploads\/2023\/02\/LOGO-ECCAEDU-1-150x150.png\",\"contentUrl\":\"https:\/\/blognoticias.ecca.edu.es\/wp-content\/uploads\/2023\/02\/LOGO-ECCAEDU-1-150x150.png\",\"caption\":\"ECCA\"},\"sameAs\":[\"https:\/\/blognoticias.ecca.edu.es\"],\"url\":\"https:\/\/blognoticias.ecca.edu.es\/en\/author\/admin\/\"}]}<\/script>\n<!-- \/ Yoast SEO plugin. -->","yoast_head_json":{"title":"Radio ECCA trabaja para ampliar alianzas en Galicia","robots":{"index":"index","follow":"follow","max-snippet":"max-snippet:-1","max-image-preview":"max-image-preview:large","max-video-preview":"max-video-preview:-1"},"canonical":"https:\/\/blognoticias.ecca.edu.es\/en\/radio-ecca-trabaja-para-ampliar-alianzas-en-galicia\/","og_locale":"en_GB","og_type":"article","og_title":"Radio ECCA trabaja para ampliar alianzas en Galicia","og_description":"La delegaci\u00f3n de Radio ECCA en Galicia ha mantenido reuniones con diferentes ayuntamientos y colectivos con el fin de unir esfuerzos y dar respuesta a las necesidades de las mujeres y hombres en materia de formaci\u00f3n en la comunidad Ayuntamiento de Pereiro de Aguiar Gonz\u00e1lez y G\u00f3mez en la reuni\u00f3n. Natalia Gonz\u00e1lez, t\u00e9cnico de Proyectos [&hellip;]","og_url":"https:\/\/blognoticias.ecca.edu.es\/en\/radio-ecca-trabaja-para-ampliar-alianzas-en-galicia\/","og_site_name":"Blog Noticias Ecca","article_publisher":"https:\/\/www.facebook.com\/ecca.edu.es","article_published_time":"2019-11-28T11:15:00+00:00","og_image":[{"url":"https:\/\/2.bp.blogspot.com\/-rI-Z5cJaMy0\/Xd-pU_5F-0I\/AAAAAAAAC58\/ay485534pVIxR75WD62N8ExK5L3aGJLJACK4BGAYYCw\/s200\/Reuni%25C3%25B3n%2BConcello%2Bde%2BPereiro%2Bde%2BAguiar%2B%25281%2529%2B15-11-19%2B-%2BPaula%2BSan%2BJuan%2BAbalde.jpeg","type":"","width":"","height":""}],"author":"ECCA","twitter_card":"summary_large_image","twitter_creator":"@eccaedu","twitter_site":"@eccaedu","twitter_misc":{"Written by":"ECCA","Estimated reading time":"2 minutes"},"schema":{"@context":"https:\/\/schema.org","@graph":[{"@type":"Article","@id":"https:\/\/blognoticias.ecca.edu.es\/radio-ecca-trabaja-para-ampliar-alianzas-en-galicia\/#article","isPartOf":{"@id":"https:\/\/blognoticias.ecca.edu.es\/radio-ecca-trabaja-para-ampliar-alianzas-en-galicia\/"},"author":{"name":"ECCA","@id":"https:\/\/blognoticias.ecca.edu.es\/#\/schema\/person\/2f67aec1e9c175158bc25ac844a022ce"},"headline":"Radio ECCA trabaja para ampliar alianzas en Galicia","datePublished":"2019-11-28T11:15:00+00:00","mainEntityOfPage":{"@id":"https:\/\/blognoticias.ecca.edu.es\/radio-ecca-trabaja-para-ampliar-alianzas-en-galicia\/"},"wordCount":463,"publisher":{"@id":"https:\/\/blognoticias.ecca.edu.es\/#organization"},"image":{"@id":"https:\/\/blognoticias.ecca.edu.es\/radio-ecca-trabaja-para-ampliar-alianzas-en-galicia\/#primaryimage"},"thumbnailUrl":"https:\/\/2.bp.blogspot.com\/-rI-Z5cJaMy0\/Xd-pU_5F-0I\/AAAAAAAAC58\/ay485534pVIxR75WD62N8ExK5L3aGJLJACK4BGAYYCw\/s200\/Reuni%25C3%25B3n%2BConcello%2Bde%2BPereiro%2Bde%2BAguiar%2B%25281%2529%2B15-11-19%2B-%2BPaula%2BSan%2BJuan%2BAbalde.jpeg","articleSection":["Comunicaci\u00f3n","Comunicaci\u00f3n ECCA","Relevante"],"inLanguage":"en-GB"},{"@type":"WebPage","@id":"https:\/\/blognoticias.ecca.edu.es\/radio-ecca-trabaja-para-ampliar-alianzas-en-galicia\/","url":"https:\/\/blognoticias.ecca.edu.es\/radio-ecca-trabaja-para-ampliar-alianzas-en-galicia\/","name":"Radio ECCA trabaja para ampliar alianzas en Galicia","isPartOf":{"@id":"https:\/\/blognoticias.ecca.edu.es\/#website"},"primaryImageOfPage":{"@id":"https:\/\/blognoticias.ecca.edu.es\/radio-ecca-trabaja-para-ampliar-alianzas-en-galicia\/#primaryimage"},"image":{"@id":"https:\/\/blognoticias.ecca.edu.es\/radio-ecca-trabaja-para-ampliar-alianzas-en-galicia\/#primaryimage"},"thumbnailUrl":"https:\/\/2.bp.blogspot.com\/-rI-Z5cJaMy0\/Xd-pU_5F-0I\/AAAAAAAAC58\/ay485534pVIxR75WD62N8ExK5L3aGJLJACK4BGAYYCw\/s200\/Reuni%25C3%25B3n%2BConcello%2Bde%2BPereiro%2Bde%2BAguiar%2B%25281%2529%2B15-11-19%2B-%2BPaula%2BSan%2BJuan%2BAbalde.jpeg","datePublished":"2019-11-28T11:15:00+00:00","breadcrumb":{"@id":"https:\/\/blognoticias.ecca.edu.es\/radio-ecca-trabaja-para-ampliar-alianzas-en-galicia\/#breadcrumb"},"inLanguage":"en-GB","potentialAction":[{"@type":"ReadAction","target":["https:\/\/blognoticias.ecca.edu.es\/radio-ecca-trabaja-para-ampliar-alianzas-en-galicia\/"]}]},{"@type":"ImageObject","inLanguage":"en-GB","@id":"https:\/\/blognoticias.ecca.edu.es\/radio-ecca-trabaja-para-ampliar-alianzas-en-galicia\/#primaryimage","url":"https:\/\/2.bp.blogspot.com\/-rI-Z5cJaMy0\/Xd-pU_5F-0I\/AAAAAAAAC58\/ay485534pVIxR75WD62N8ExK5L3aGJLJACK4BGAYYCw\/s200\/Reuni%25C3%25B3n%2BConcello%2Bde%2BPereiro%2Bde%2BAguiar%2B%25281%2529%2B15-11-19%2B-%2BPaula%2BSan%2BJuan%2BAbalde.jpeg","contentUrl":"https:\/\/2.bp.blogspot.com\/-rI-Z5cJaMy0\/Xd-pU_5F-0I\/AAAAAAAAC58\/ay485534pVIxR75WD62N8ExK5L3aGJLJACK4BGAYYCw\/s200\/Reuni%25C3%25B3n%2BConcello%2Bde%2BPereiro%2Bde%2BAguiar%2B%25281%2529%2B15-11-19%2B-%2BPaula%2BSan%2BJuan%2BAbalde.jpeg"},{"@type":"BreadcrumbList","@id":"https:\/\/blognoticias.ecca.edu.es\/radio-ecca-trabaja-para-ampliar-alianzas-en-galicia\/#breadcrumb","itemListElement":[{"@type":"ListItem","position":1,"name":"Portada","item":"https:\/\/blognoticias.ecca.edu.es\/"},{"@type":"ListItem","position":2,"name":"Radio ECCA trabaja para ampliar alianzas en Galicia"}]},{"@type":"WebSite","@id":"https:\/\/blognoticias.ecca.edu.es\/#website","url":"https:\/\/blognoticias.ecca.edu.es\/","name":"Blog Noticias Ecca","description":"","publisher":{"@id":"https:\/\/blognoticias.ecca.edu.es\/#organization"},"potentialAction":[{"@type":"SearchAction","target":{"@type":"EntryPoint","urlTemplate":"https:\/\/blognoticias.ecca.edu.es\/?s={search_term_string}"},"query-input":{"@type":"PropertyValueSpecification","valueRequired":true,"valueName":"search_term_string"}}],"inLanguage":"en-GB"},{"@type":"Organization","@id":"https:\/\/blognoticias.ecca.edu.es\/#organization","name":"Blog Noticias Ecca","url":"https:\/\/blognoticias.ecca.edu.es\/","logo":{"@type":"ImageObject","inLanguage":"en-GB","@id":"https:\/\/blognoticias.ecca.edu.es\/#\/schema\/logo\/image\/","url":"https:\/\/blognoticias.ecca.edu.es\/wp-content\/uploads\/2023\/02\/cropped-cropped-cropped-cropped-Logo-Ecca.edu_.png","contentUrl":"https:\/\/blognoticias.ecca.edu.es\/wp-content\/uploads\/2023\/02\/cropped-cropped-cropped-cropped-Logo-Ecca.edu_.png","width":293,"height":45,"caption":"Blog Noticias Ecca"},"image":{"@id":"https:\/\/blognoticias.ecca.edu.es\/#\/schema\/logo\/image\/"},"sameAs":["https:\/\/www.facebook.com\/ecca.edu.es","https:\/\/x.com\/eccaedu","https:\/\/www.instagram.com\/"]},{"@type":"Person","@id":"https:\/\/blognoticias.ecca.edu.es\/#\/schema\/person\/2f67aec1e9c175158bc25ac844a022ce","name":"ECCA","image":{"@type":"ImageObject","inLanguage":"en-GB","@id":"https:\/\/blognoticias.ecca.edu.es\/#\/schema\/person\/image\/","url":"https:\/\/blognoticias.ecca.edu.es\/wp-content\/uploads\/2023\/02\/LOGO-ECCAEDU-1-150x150.png","contentUrl":"https:\/\/blognoticias.ecca.edu.es\/wp-content\/uploads\/2023\/02\/LOGO-ECCAEDU-1-150x150.png","caption":"ECCA"},"sameAs":["https:\/\/blognoticias.ecca.edu.es"],"url":"https:\/\/blognoticias.ecca.edu.es\/en\/author\/admin\/"}]}},"_links":{"self":[{"href":"https:\/\/blognoticias.ecca.edu.es\/en\/wp-json\/wp\/v2\/posts\/3517","targetHints":{"allow":["GET"]}}],"collection":[{"href":"https:\/\/blognoticias.ecca.edu.es\/en\/wp-json\/wp\/v2\/posts"}],"about":[{"href":"https:\/\/blognoticias.ecca.edu.es\/en\/wp-json\/wp\/v2\/types\/post"}],"author":[{"embeddable":true,"href":"https:\/\/blognoticias.ecca.edu.es\/en\/wp-json\/wp\/v2\/users\/1"}],"replies":[{"embeddable":true,"href":"https:\/\/blognoticias.ecca.edu.es\/en\/wp-json\/wp\/v2\/comments?post=3517"}],"version-history":[{"count":0,"href":"https:\/\/blognoticias.ecca.edu.es\/en\/wp-json\/wp\/v2\/posts\/3517\/revisions"}],"wp:attachment":[{"href":"https:\/\/blognoticias.ecca.edu.es\/en\/wp-json\/wp\/v2\/media?parent=3517"}],"wp:term":[{"taxonomy":"category","embeddable":true,"href":"https:\/\/blognoticias.ecca.edu.es\/en\/wp-json\/wp\/v2\/categories?post=3517"},{"taxonomy":"post_tag","embeddable":true,"href":"https:\/\/blognoticias.ecca.edu.es\/en\/wp-json\/wp\/v2\/tags?post=3517"}],"curies":[{"name":"wp","href":"https:\/\/api.w.org\/{rel}","templated":true}]}}