{"id":3516,"date":"2019-11-28T11:28:00","date_gmt":"2019-11-28T11:28:00","guid":{"rendered":"https:\/\/blognoticias.ecca.edu.es\/proyecto-mujer-avanza-en-galicia-contra-la-violencia-de-genero\/"},"modified":"2019-11-28T11:28:00","modified_gmt":"2019-11-28T11:28:00","slug":"proyecto-mujer-avanza-en-galicia-contra-la-violencia-de-genero","status":"publish","type":"post","link":"https:\/\/blognoticias.ecca.edu.es\/en\/proyecto-mujer-avanza-en-galicia-contra-la-violencia-de-genero\/","title":{"rendered":"Proyecto Mujer Avanza en Galicia contra la violencia de g\u00e9nero"},"content":{"rendered":"<div class='booster-block booster-read-block'>\n                <div class=\"twp-read-time\">\n                \t<i class=\"booster-icon twp-clock\"><\/i> <span>Tiempo de lectura:<\/span>1 Minutos, 1 Segundos                <\/div>\n\n            <\/div><div style=\"text-align: justify;\">\n<b>El alumnado de la titulaci\u00f3n Muller Avanza asiste a la lectura de un manifiesto en contra de la violencia de g\u00e9nero en el Ayuntamiento de Vigo<\/b><\/div>\n<div style=\"text-align: justify;\">\n<\/div>\n<div style=\"text-align: justify;\">\nEl 27 de noviembre fue el D\u00eda Internacional para la Eliminaci\u00f3n de la Violencia de G\u00e9nero. Las alumnas del proyecto Muller Avanza asistieron a una de las actividades que se desarrollan en este proyecto, con \u00e1mbito en toda Galicia, gracias a la subvenci\u00f3n con cargo al IRPF, y que gestiona la Secretaria de Igualdade de la Xunta de Galicia.<\/div>\n<div>\n<div style=\"text-align: justify;\">\n<\/div>\n<table cellpadding=\"0\" cellspacing=\"0\" style=\"margin-left: auto; margin-right: auto; text-align: center;\">\n<tbody>\n<tr>\n<td style=\"text-align: center;\"><a href=\"http:\/\/3.bp.blogspot.com\/-TldVVDcVcxA\/Xd-uz76O3NI\/AAAAAAAAC64\/JeHdBBYoTToZL4LRTCrxSmexlMhHvTaYQCK4BGAYYCw\/s1600\/SESION%2BPLENARIA%2BIRPF%2B26-11-19%2B-%2BPaula%2BSan%2BJuan%2BAbalde.jpg\" style=\"margin-left: auto; margin-right: auto;\"><img loading=\"lazy\" decoding=\"async\" border=\"0\" height=\"239\" src=\"https:\/\/3.bp.blogspot.com\/-TldVVDcVcxA\/Xd-uz76O3NI\/AAAAAAAAC64\/JeHdBBYoTToZL4LRTCrxSmexlMhHvTaYQCK4BGAYYCw\/s320\/SESION%2BPLENARIA%2BIRPF%2B26-11-19%2B-%2BPaula%2BSan%2BJuan%2BAbalde.jpg\" width=\"320\" \/><\/a><\/td>\n<\/tr>\n<tr>\n<td style=\"text-align: left;\">Pleno en el ayuntamiendo de Vigo.<\/td>\n<\/tr>\n<\/tbody>\n<\/table>\n<div style=\"text-align: left;\">\n<\/div>\n<div style=\"text-align: justify;\">\nEsta actividad consisti\u00f3 en que, tras finalizar la formaci\u00f3n, acudieron a un acto de celebraci\u00f3n del d\u00eda contra la Violencia de G\u00e9nero. Parte del alumnado del curso estaba integrado por voluntarias de la asociaci\u00f3n Mulleres en Igualdade y FOANPAS, que leyeron un manifiesto a favor de la Igualdad y en contra de la violencia de g\u00e9nero, en la sesi\u00f3n plenaria del Ayuntamiento de Vigo, presidida en esta ocasi\u00f3n por la presidenta de la Diputaci\u00f3n de Pontevedra, Carmela Silva. Con esta actividad se finaliz\u00f3 este proyecto, que se ha&nbsp; venido desarrollando a lo largo del mes de octubre y noviembre.<\/div>\n<\/div>\n<div style=\"text-align: justify;\">\n<\/div>\n<table cellpadding=\"0\" cellspacing=\"0\" style=\"margin-left: auto; margin-right: auto; text-align: center;\">\n<tbody>\n<tr>\n<td style=\"text-align: center;\"><a href=\"http:\/\/2.bp.blogspot.com\/-LQoKBOB6Ads\/Xd-u16lBEhI\/AAAAAAAAC7A\/ZumVn0qpZhIjrRJg8Qk10BDnGRFSTIV_wCK4BGAYYCw\/s1600\/SESION%2BPLENARIA%2BIRPF%2B26-11-19%2B2%2B-%2BPaula%2BSan%2BJuan%2BAbalde.jpg\" style=\"margin-left: auto; margin-right: auto;\"><img loading=\"lazy\" decoding=\"async\" border=\"0\" height=\"239\" src=\"https:\/\/2.bp.blogspot.com\/-LQoKBOB6Ads\/Xd-u16lBEhI\/AAAAAAAAC7A\/ZumVn0qpZhIjrRJg8Qk10BDnGRFSTIV_wCK4BGAYYCw\/s320\/SESION%2BPLENARIA%2BIRPF%2B26-11-19%2B2%2B-%2BPaula%2BSan%2BJuan%2BAbalde.jpg\" width=\"320\" \/><\/a><\/td>\n<\/tr>\n<tr>\n<td style=\"text-align: left;\">Parte del alumnado de Muller Avanza y del equipo de ECCA.<\/td>\n<\/tr>\n<\/tbody>\n<\/table>\n<div style=\"text-align: left;\">\n<\/div>","protected":false},"excerpt":{"rendered":"<p>El alumnado de la titulaci\u00f3n Muller Avanza asiste a la lectura de un manifiesto en contra de la violencia de g\u00e9nero en el Ayuntamiento de Vigo El 27 de noviembre fue el D\u00eda Internacional para la Eliminaci\u00f3n de la Violencia de G\u00e9nero. Las alumnas del proyecto Muller Avanza asistieron a una de las actividades que [&hellip;]<\/p>","protected":false},"author":1,"featured_media":0,"comment_status":"","ping_status":"","sticky":false,"template":"","format":"standard","meta":{"footnotes":""},"categories":[102,103,106],"tags":[],"class_list":["post-3516","post","type-post","status-publish","format-standard","hentry","category-comunicacion","category-comunicacion-ecca","category-relevante"],"yoast_head":"<!-- This site is optimized with the Yoast SEO plugin v25.9 - https:\/\/yoast.com\/wordpress\/plugins\/seo\/ -->\n<title>Proyecto Mujer Avanza en Galicia contra la violencia de g\u00e9nero<\/title>\n<meta name=\"robots\" content=\"index, follow, max-snippet:-1, max-image-preview:large, max-video-preview:-1\" \/>\n<link rel=\"canonical\" href=\"https:\/\/blognoticias.ecca.edu.es\/en\/proyecto-mujer-avanza-en-galicia-contra-la-violencia-de-genero\/\" \/>\n<meta property=\"og:locale\" content=\"en_GB\" \/>\n<meta property=\"og:type\" content=\"article\" \/>\n<meta property=\"og:title\" content=\"Proyecto Mujer Avanza en Galicia contra la violencia de g\u00e9nero\" \/>\n<meta property=\"og:description\" content=\"El alumnado de la titulaci\u00f3n Muller Avanza asiste a la lectura de un manifiesto en contra de la violencia de g\u00e9nero en el Ayuntamiento de Vigo El 27 de noviembre fue el D\u00eda Internacional para la Eliminaci\u00f3n de la Violencia de G\u00e9nero. Las alumnas del proyecto Muller Avanza asistieron a una de las actividades que [&hellip;]\" \/>\n<meta property=\"og:url\" content=\"https:\/\/blognoticias.ecca.edu.es\/en\/proyecto-mujer-avanza-en-galicia-contra-la-violencia-de-genero\/\" \/>\n<meta property=\"og:site_name\" content=\"Blog Noticias Ecca\" \/>\n<meta property=\"article:publisher\" content=\"https:\/\/www.facebook.com\/ecca.edu.es\" \/>\n<meta property=\"article:published_time\" content=\"2019-11-28T11:28:00+00:00\" \/>\n<meta property=\"og:image\" content=\"https:\/\/3.bp.blogspot.com\/-TldVVDcVcxA\/Xd-uz76O3NI\/AAAAAAAAC64\/JeHdBBYoTToZL4LRTCrxSmexlMhHvTaYQCK4BGAYYCw\/s320\/SESION%2BPLENARIA%2BIRPF%2B26-11-19%2B-%2BPaula%2BSan%2BJuan%2BAbalde.jpg\" \/>\n<meta name=\"author\" content=\"ECCA\" \/>\n<meta name=\"twitter:card\" content=\"summary_large_image\" \/>\n<meta name=\"twitter:creator\" content=\"@eccaedu\" \/>\n<meta name=\"twitter:site\" content=\"@eccaedu\" \/>\n<meta name=\"twitter:label1\" content=\"Written by\" \/>\n\t<meta name=\"twitter:data1\" content=\"ECCA\" \/>\n\t<meta name=\"twitter:label2\" content=\"Estimated reading time\" \/>\n\t<meta name=\"twitter:data2\" content=\"1 minute\" \/>\n<script type=\"application\/ld+json\" class=\"yoast-schema-graph\">{\"@context\":\"https:\/\/schema.org\",\"@graph\":[{\"@type\":\"Article\",\"@id\":\"https:\/\/blognoticias.ecca.edu.es\/proyecto-mujer-avanza-en-galicia-contra-la-violencia-de-genero\/#article\",\"isPartOf\":{\"@id\":\"https:\/\/blognoticias.ecca.edu.es\/proyecto-mujer-avanza-en-galicia-contra-la-violencia-de-genero\/\"},\"author\":{\"name\":\"ECCA\",\"@id\":\"https:\/\/blognoticias.ecca.edu.es\/#\/schema\/person\/2f67aec1e9c175158bc25ac844a022ce\"},\"headline\":\"Proyecto Mujer Avanza en Galicia contra la violencia de g\u00e9nero\",\"datePublished\":\"2019-11-28T11:28:00+00:00\",\"mainEntityOfPage\":{\"@id\":\"https:\/\/blognoticias.ecca.edu.es\/proyecto-mujer-avanza-en-galicia-contra-la-violencia-de-genero\/\"},\"wordCount\":227,\"publisher\":{\"@id\":\"https:\/\/blognoticias.ecca.edu.es\/#organization\"},\"image\":{\"@id\":\"https:\/\/blognoticias.ecca.edu.es\/proyecto-mujer-avanza-en-galicia-contra-la-violencia-de-genero\/#primaryimage\"},\"thumbnailUrl\":\"https:\/\/3.bp.blogspot.com\/-TldVVDcVcxA\/Xd-uz76O3NI\/AAAAAAAAC64\/JeHdBBYoTToZL4LRTCrxSmexlMhHvTaYQCK4BGAYYCw\/s320\/SESION%2BPLENARIA%2BIRPF%2B26-11-19%2B-%2BPaula%2BSan%2BJuan%2BAbalde.jpg\",\"articleSection\":[\"Comunicaci\u00f3n\",\"Comunicaci\u00f3n ECCA\",\"Relevante\"],\"inLanguage\":\"en-GB\"},{\"@type\":\"WebPage\",\"@id\":\"https:\/\/blognoticias.ecca.edu.es\/proyecto-mujer-avanza-en-galicia-contra-la-violencia-de-genero\/\",\"url\":\"https:\/\/blognoticias.ecca.edu.es\/proyecto-mujer-avanza-en-galicia-contra-la-violencia-de-genero\/\",\"name\":\"Proyecto Mujer Avanza en Galicia contra la violencia de g\u00e9nero\",\"isPartOf\":{\"@id\":\"https:\/\/blognoticias.ecca.edu.es\/#website\"},\"primaryImageOfPage\":{\"@id\":\"https:\/\/blognoticias.ecca.edu.es\/proyecto-mujer-avanza-en-galicia-contra-la-violencia-de-genero\/#primaryimage\"},\"image\":{\"@id\":\"https:\/\/blognoticias.ecca.edu.es\/proyecto-mujer-avanza-en-galicia-contra-la-violencia-de-genero\/#primaryimage\"},\"thumbnailUrl\":\"https:\/\/3.bp.blogspot.com\/-TldVVDcVcxA\/Xd-uz76O3NI\/AAAAAAAAC64\/JeHdBBYoTToZL4LRTCrxSmexlMhHvTaYQCK4BGAYYCw\/s320\/SESION%2BPLENARIA%2BIRPF%2B26-11-19%2B-%2BPaula%2BSan%2BJuan%2BAbalde.jpg\",\"datePublished\":\"2019-11-28T11:28:00+00:00\",\"breadcrumb\":{\"@id\":\"https:\/\/blognoticias.ecca.edu.es\/proyecto-mujer-avanza-en-galicia-contra-la-violencia-de-genero\/#breadcrumb\"},\"inLanguage\":\"en-GB\",\"potentialAction\":[{\"@type\":\"ReadAction\",\"target\":[\"https:\/\/blognoticias.ecca.edu.es\/proyecto-mujer-avanza-en-galicia-contra-la-violencia-de-genero\/\"]}]},{\"@type\":\"ImageObject\",\"inLanguage\":\"en-GB\",\"@id\":\"https:\/\/blognoticias.ecca.edu.es\/proyecto-mujer-avanza-en-galicia-contra-la-violencia-de-genero\/#primaryimage\",\"url\":\"https:\/\/3.bp.blogspot.com\/-TldVVDcVcxA\/Xd-uz76O3NI\/AAAAAAAAC64\/JeHdBBYoTToZL4LRTCrxSmexlMhHvTaYQCK4BGAYYCw\/s320\/SESION%2BPLENARIA%2BIRPF%2B26-11-19%2B-%2BPaula%2BSan%2BJuan%2BAbalde.jpg\",\"contentUrl\":\"https:\/\/3.bp.blogspot.com\/-TldVVDcVcxA\/Xd-uz76O3NI\/AAAAAAAAC64\/JeHdBBYoTToZL4LRTCrxSmexlMhHvTaYQCK4BGAYYCw\/s320\/SESION%2BPLENARIA%2BIRPF%2B26-11-19%2B-%2BPaula%2BSan%2BJuan%2BAbalde.jpg\"},{\"@type\":\"BreadcrumbList\",\"@id\":\"https:\/\/blognoticias.ecca.edu.es\/proyecto-mujer-avanza-en-galicia-contra-la-violencia-de-genero\/#breadcrumb\",\"itemListElement\":[{\"@type\":\"ListItem\",\"position\":1,\"name\":\"Portada\",\"item\":\"https:\/\/blognoticias.ecca.edu.es\/\"},{\"@type\":\"ListItem\",\"position\":2,\"name\":\"Proyecto Mujer Avanza en Galicia contra la violencia de g\u00e9nero\"}]},{\"@type\":\"WebSite\",\"@id\":\"https:\/\/blognoticias.ecca.edu.es\/#website\",\"url\":\"https:\/\/blognoticias.ecca.edu.es\/\",\"name\":\"Blog Noticias Ecca\",\"description\":\"\",\"publisher\":{\"@id\":\"https:\/\/blognoticias.ecca.edu.es\/#organization\"},\"potentialAction\":[{\"@type\":\"SearchAction\",\"target\":{\"@type\":\"EntryPoint\",\"urlTemplate\":\"https:\/\/blognoticias.ecca.edu.es\/?s={search_term_string}\"},\"query-input\":{\"@type\":\"PropertyValueSpecification\",\"valueRequired\":true,\"valueName\":\"search_term_string\"}}],\"inLanguage\":\"en-GB\"},{\"@type\":\"Organization\",\"@id\":\"https:\/\/blognoticias.ecca.edu.es\/#organization\",\"name\":\"Blog Noticias Ecca\",\"url\":\"https:\/\/blognoticias.ecca.edu.es\/\",\"logo\":{\"@type\":\"ImageObject\",\"inLanguage\":\"en-GB\",\"@id\":\"https:\/\/blognoticias.ecca.edu.es\/#\/schema\/logo\/image\/\",\"url\":\"https:\/\/blognoticias.ecca.edu.es\/wp-content\/uploads\/2023\/02\/cropped-cropped-cropped-cropped-Logo-Ecca.edu_.png\",\"contentUrl\":\"https:\/\/blognoticias.ecca.edu.es\/wp-content\/uploads\/2023\/02\/cropped-cropped-cropped-cropped-Logo-Ecca.edu_.png\",\"width\":293,\"height\":45,\"caption\":\"Blog Noticias Ecca\"},\"image\":{\"@id\":\"https:\/\/blognoticias.ecca.edu.es\/#\/schema\/logo\/image\/\"},\"sameAs\":[\"https:\/\/www.facebook.com\/ecca.edu.es\",\"https:\/\/x.com\/eccaedu\",\"https:\/\/www.instagram.com\/\"]},{\"@type\":\"Person\",\"@id\":\"https:\/\/blognoticias.ecca.edu.es\/#\/schema\/person\/2f67aec1e9c175158bc25ac844a022ce\",\"name\":\"ECCA\",\"image\":{\"@type\":\"ImageObject\",\"inLanguage\":\"en-GB\",\"@id\":\"https:\/\/blognoticias.ecca.edu.es\/#\/schema\/person\/image\/\",\"url\":\"https:\/\/blognoticias.ecca.edu.es\/wp-content\/uploads\/2023\/02\/LOGO-ECCAEDU-1-150x150.png\",\"contentUrl\":\"https:\/\/blognoticias.ecca.edu.es\/wp-content\/uploads\/2023\/02\/LOGO-ECCAEDU-1-150x150.png\",\"caption\":\"ECCA\"},\"sameAs\":[\"https:\/\/blognoticias.ecca.edu.es\"],\"url\":\"https:\/\/blognoticias.ecca.edu.es\/en\/author\/admin\/\"}]}<\/script>\n<!-- \/ Yoast SEO plugin. -->","yoast_head_json":{"title":"Proyecto Mujer Avanza en Galicia contra la violencia de g\u00e9nero","robots":{"index":"index","follow":"follow","max-snippet":"max-snippet:-1","max-image-preview":"max-image-preview:large","max-video-preview":"max-video-preview:-1"},"canonical":"https:\/\/blognoticias.ecca.edu.es\/en\/proyecto-mujer-avanza-en-galicia-contra-la-violencia-de-genero\/","og_locale":"en_GB","og_type":"article","og_title":"Proyecto Mujer Avanza en Galicia contra la violencia de g\u00e9nero","og_description":"El alumnado de la titulaci\u00f3n Muller Avanza asiste a la lectura de un manifiesto en contra de la violencia de g\u00e9nero en el Ayuntamiento de Vigo El 27 de noviembre fue el D\u00eda Internacional para la Eliminaci\u00f3n de la Violencia de G\u00e9nero. Las alumnas del proyecto Muller Avanza asistieron a una de las actividades que [&hellip;]","og_url":"https:\/\/blognoticias.ecca.edu.es\/en\/proyecto-mujer-avanza-en-galicia-contra-la-violencia-de-genero\/","og_site_name":"Blog Noticias Ecca","article_publisher":"https:\/\/www.facebook.com\/ecca.edu.es","article_published_time":"2019-11-28T11:28:00+00:00","og_image":[{"url":"https:\/\/3.bp.blogspot.com\/-TldVVDcVcxA\/Xd-uz76O3NI\/AAAAAAAAC64\/JeHdBBYoTToZL4LRTCrxSmexlMhHvTaYQCK4BGAYYCw\/s320\/SESION%2BPLENARIA%2BIRPF%2B26-11-19%2B-%2BPaula%2BSan%2BJuan%2BAbalde.jpg","type":"","width":"","height":""}],"author":"ECCA","twitter_card":"summary_large_image","twitter_creator":"@eccaedu","twitter_site":"@eccaedu","twitter_misc":{"Written by":"ECCA","Estimated reading time":"1 minute"},"schema":{"@context":"https:\/\/schema.org","@graph":[{"@type":"Article","@id":"https:\/\/blognoticias.ecca.edu.es\/proyecto-mujer-avanza-en-galicia-contra-la-violencia-de-genero\/#article","isPartOf":{"@id":"https:\/\/blognoticias.ecca.edu.es\/proyecto-mujer-avanza-en-galicia-contra-la-violencia-de-genero\/"},"author":{"name":"ECCA","@id":"https:\/\/blognoticias.ecca.edu.es\/#\/schema\/person\/2f67aec1e9c175158bc25ac844a022ce"},"headline":"Proyecto Mujer Avanza en Galicia contra la violencia de g\u00e9nero","datePublished":"2019-11-28T11:28:00+00:00","mainEntityOfPage":{"@id":"https:\/\/blognoticias.ecca.edu.es\/proyecto-mujer-avanza-en-galicia-contra-la-violencia-de-genero\/"},"wordCount":227,"publisher":{"@id":"https:\/\/blognoticias.ecca.edu.es\/#organization"},"image":{"@id":"https:\/\/blognoticias.ecca.edu.es\/proyecto-mujer-avanza-en-galicia-contra-la-violencia-de-genero\/#primaryimage"},"thumbnailUrl":"https:\/\/3.bp.blogspot.com\/-TldVVDcVcxA\/Xd-uz76O3NI\/AAAAAAAAC64\/JeHdBBYoTToZL4LRTCrxSmexlMhHvTaYQCK4BGAYYCw\/s320\/SESION%2BPLENARIA%2BIRPF%2B26-11-19%2B-%2BPaula%2BSan%2BJuan%2BAbalde.jpg","articleSection":["Comunicaci\u00f3n","Comunicaci\u00f3n ECCA","Relevante"],"inLanguage":"en-GB"},{"@type":"WebPage","@id":"https:\/\/blognoticias.ecca.edu.es\/proyecto-mujer-avanza-en-galicia-contra-la-violencia-de-genero\/","url":"https:\/\/blognoticias.ecca.edu.es\/proyecto-mujer-avanza-en-galicia-contra-la-violencia-de-genero\/","name":"Proyecto Mujer Avanza en Galicia contra la violencia de g\u00e9nero","isPartOf":{"@id":"https:\/\/blognoticias.ecca.edu.es\/#website"},"primaryImageOfPage":{"@id":"https:\/\/blognoticias.ecca.edu.es\/proyecto-mujer-avanza-en-galicia-contra-la-violencia-de-genero\/#primaryimage"},"image":{"@id":"https:\/\/blognoticias.ecca.edu.es\/proyecto-mujer-avanza-en-galicia-contra-la-violencia-de-genero\/#primaryimage"},"thumbnailUrl":"https:\/\/3.bp.blogspot.com\/-TldVVDcVcxA\/Xd-uz76O3NI\/AAAAAAAAC64\/JeHdBBYoTToZL4LRTCrxSmexlMhHvTaYQCK4BGAYYCw\/s320\/SESION%2BPLENARIA%2BIRPF%2B26-11-19%2B-%2BPaula%2BSan%2BJuan%2BAbalde.jpg","datePublished":"2019-11-28T11:28:00+00:00","breadcrumb":{"@id":"https:\/\/blognoticias.ecca.edu.es\/proyecto-mujer-avanza-en-galicia-contra-la-violencia-de-genero\/#breadcrumb"},"inLanguage":"en-GB","potentialAction":[{"@type":"ReadAction","target":["https:\/\/blognoticias.ecca.edu.es\/proyecto-mujer-avanza-en-galicia-contra-la-violencia-de-genero\/"]}]},{"@type":"ImageObject","inLanguage":"en-GB","@id":"https:\/\/blognoticias.ecca.edu.es\/proyecto-mujer-avanza-en-galicia-contra-la-violencia-de-genero\/#primaryimage","url":"https:\/\/3.bp.blogspot.com\/-TldVVDcVcxA\/Xd-uz76O3NI\/AAAAAAAAC64\/JeHdBBYoTToZL4LRTCrxSmexlMhHvTaYQCK4BGAYYCw\/s320\/SESION%2BPLENARIA%2BIRPF%2B26-11-19%2B-%2BPaula%2BSan%2BJuan%2BAbalde.jpg","contentUrl":"https:\/\/3.bp.blogspot.com\/-TldVVDcVcxA\/Xd-uz76O3NI\/AAAAAAAAC64\/JeHdBBYoTToZL4LRTCrxSmexlMhHvTaYQCK4BGAYYCw\/s320\/SESION%2BPLENARIA%2BIRPF%2B26-11-19%2B-%2BPaula%2BSan%2BJuan%2BAbalde.jpg"},{"@type":"BreadcrumbList","@id":"https:\/\/blognoticias.ecca.edu.es\/proyecto-mujer-avanza-en-galicia-contra-la-violencia-de-genero\/#breadcrumb","itemListElement":[{"@type":"ListItem","position":1,"name":"Portada","item":"https:\/\/blognoticias.ecca.edu.es\/"},{"@type":"ListItem","position":2,"name":"Proyecto Mujer Avanza en Galicia contra la violencia de g\u00e9nero"}]},{"@type":"WebSite","@id":"https:\/\/blognoticias.ecca.edu.es\/#website","url":"https:\/\/blognoticias.ecca.edu.es\/","name":"Blog Noticias Ecca","description":"","publisher":{"@id":"https:\/\/blognoticias.ecca.edu.es\/#organization"},"potentialAction":[{"@type":"SearchAction","target":{"@type":"EntryPoint","urlTemplate":"https:\/\/blognoticias.ecca.edu.es\/?s={search_term_string}"},"query-input":{"@type":"PropertyValueSpecification","valueRequired":true,"valueName":"search_term_string"}}],"inLanguage":"en-GB"},{"@type":"Organization","@id":"https:\/\/blognoticias.ecca.edu.es\/#organization","name":"Blog Noticias Ecca","url":"https:\/\/blognoticias.ecca.edu.es\/","logo":{"@type":"ImageObject","inLanguage":"en-GB","@id":"https:\/\/blognoticias.ecca.edu.es\/#\/schema\/logo\/image\/","url":"https:\/\/blognoticias.ecca.edu.es\/wp-content\/uploads\/2023\/02\/cropped-cropped-cropped-cropped-Logo-Ecca.edu_.png","contentUrl":"https:\/\/blognoticias.ecca.edu.es\/wp-content\/uploads\/2023\/02\/cropped-cropped-cropped-cropped-Logo-Ecca.edu_.png","width":293,"height":45,"caption":"Blog Noticias Ecca"},"image":{"@id":"https:\/\/blognoticias.ecca.edu.es\/#\/schema\/logo\/image\/"},"sameAs":["https:\/\/www.facebook.com\/ecca.edu.es","https:\/\/x.com\/eccaedu","https:\/\/www.instagram.com\/"]},{"@type":"Person","@id":"https:\/\/blognoticias.ecca.edu.es\/#\/schema\/person\/2f67aec1e9c175158bc25ac844a022ce","name":"ECCA","image":{"@type":"ImageObject","inLanguage":"en-GB","@id":"https:\/\/blognoticias.ecca.edu.es\/#\/schema\/person\/image\/","url":"https:\/\/blognoticias.ecca.edu.es\/wp-content\/uploads\/2023\/02\/LOGO-ECCAEDU-1-150x150.png","contentUrl":"https:\/\/blognoticias.ecca.edu.es\/wp-content\/uploads\/2023\/02\/LOGO-ECCAEDU-1-150x150.png","caption":"ECCA"},"sameAs":["https:\/\/blognoticias.ecca.edu.es"],"url":"https:\/\/blognoticias.ecca.edu.es\/en\/author\/admin\/"}]}},"_links":{"self":[{"href":"https:\/\/blognoticias.ecca.edu.es\/en\/wp-json\/wp\/v2\/posts\/3516","targetHints":{"allow":["GET"]}}],"collection":[{"href":"https:\/\/blognoticias.ecca.edu.es\/en\/wp-json\/wp\/v2\/posts"}],"about":[{"href":"https:\/\/blognoticias.ecca.edu.es\/en\/wp-json\/wp\/v2\/types\/post"}],"author":[{"embeddable":true,"href":"https:\/\/blognoticias.ecca.edu.es\/en\/wp-json\/wp\/v2\/users\/1"}],"replies":[{"embeddable":true,"href":"https:\/\/blognoticias.ecca.edu.es\/en\/wp-json\/wp\/v2\/comments?post=3516"}],"version-history":[{"count":0,"href":"https:\/\/blognoticias.ecca.edu.es\/en\/wp-json\/wp\/v2\/posts\/3516\/revisions"}],"wp:attachment":[{"href":"https:\/\/blognoticias.ecca.edu.es\/en\/wp-json\/wp\/v2\/media?parent=3516"}],"wp:term":[{"taxonomy":"category","embeddable":true,"href":"https:\/\/blognoticias.ecca.edu.es\/en\/wp-json\/wp\/v2\/categories?post=3516"},{"taxonomy":"post_tag","embeddable":true,"href":"https:\/\/blognoticias.ecca.edu.es\/en\/wp-json\/wp\/v2\/tags?post=3516"}],"curies":[{"name":"wp","href":"https:\/\/api.w.org\/{rel}","templated":true}]}}