{"id":3515,"date":"2019-11-28T14:42:00","date_gmt":"2019-11-28T14:42:00","guid":{"rendered":"https:\/\/blognoticias.ecca.edu.es\/oshanahan-hay-que-provocar-el-contacto-del-alumnado-con-la-realidad-social-que-los-rodea\/"},"modified":"2019-11-28T14:42:00","modified_gmt":"2019-11-28T14:42:00","slug":"oshanahan-hay-que-provocar-el-contacto-del-alumnado-con-la-realidad-social-que-los-rodea","status":"publish","type":"post","link":"https:\/\/blognoticias.ecca.edu.es\/en\/oshanahan-hay-que-provocar-el-contacto-del-alumnado-con-la-realidad-social-que-los-rodea\/","title":{"rendered":"O\u2019Shanahan: \u201cHay que provocar el contacto del alumnado con la realidad social que los rodea\u201d"},"content":{"rendered":"<div class='booster-block booster-read-block'>\n                <div class=\"twp-read-time\">\n                \t<i class=\"booster-icon twp-clock\"><\/i> <span>Tiempo de lectura:<\/span>2 Minutos, 15 Segundos                <\/div>\n\n            <\/div><div style=\"text-align: justify;\">\n<b>La segunda sesi\u00f3n de las VI Jornadas de EAD de Radio ECCA reuni\u00f3 a profesionales de la educaci\u00f3n de tres comunidades aut\u00f3nomas<\/b><\/div>\n<div style=\"text-align: justify;\">\n<\/div>\n<div style=\"text-align: justify;\">\nLa segunda sesi\u00f3n de las VI Jornadas Internacionales de Educaci\u00f3n a distancia, organizadas por Radio ECCA, ha estado centrada en comprender el valor de la colaboraci\u00f3n como competencia esencial dentro de la sociedad del conocimiento. Al final de la ma\u00f1ana, tuvo lugar la mesa redonda Importancia del trabajo colaborativo en la educaci\u00f3n a distancia, donde se analiz\u00f3 la tem\u00e1tica desde el punto de vista de la tecnolog\u00eda, el alumnado y el profesorado. En ella participaron Jos\u00e9 Joaqu\u00edn O\u2019Shanahan, responsable en C\u00e1tedra UNESCO de Sistemas Locales de Salud, Daniel Becerra, docente de la ULPGC y UNED, y Fayna del Cano, jefa de estudios del CEAD Profesor F\u00e9lix P\u00e9rez Parrilla. O\u2019Shanahan afirm\u00f3 que \u201chay que provocar el contacto del alumnado con la realidad social que nos rodea, y esto hay que hacerlo con menos apuntes y m\u00e1s trabajo colaborativo\u201d. Asimismo, a\u00f1adi\u00f3 que \u201cla creaci\u00f3n de una masa cr\u00edtica es clave para provocar un cambio a mejor en el sistema educativo\u201d. Durante la mesa redonda Becerra destac\u00f3 la importancia en el papel del docente a la hora de motivar al alumnado, en relaci\u00f3n a lo cual, del Cano explic\u00f3 como ventaja la libertad de elecci\u00f3n en las herramientas que se usan en el aula.&nbsp;<\/div>\n<div style=\"text-align: justify;\">\n<\/div>\n<table cellpadding=\"0\" cellspacing=\"0\" style=\"margin-left: auto; margin-right: auto; text-align: center;\">\n<tbody>\n<tr>\n<td style=\"text-align: center;\"><a href=\"http:\/\/4.bp.blogspot.com\/-GoUDe6rtQmo\/Xd_cKmu868I\/AAAAAAAAC7U\/UJcgkxxnhM81e55YUJPF2aOKCQn00qv8QCK4BGAYYCw\/s1600\/Mesa%2Bredonda%2Bcon%2BDaniel%2BBecerra%252C%2BJos%25C3%25A9%2BJ.%2BO%2527Shanahan%2By%2BFayna%2Bdel%2BCano.JPG\" style=\"margin-left: auto; margin-right: auto;\"><img loading=\"lazy\" decoding=\"async\" border=\"0\" height=\"237\" src=\"https:\/\/4.bp.blogspot.com\/-GoUDe6rtQmo\/Xd_cKmu868I\/AAAAAAAAC7U\/UJcgkxxnhM81e55YUJPF2aOKCQn00qv8QCK4BGAYYCw\/s400\/Mesa%2Bredonda%2Bcon%2BDaniel%2BBecerra%252C%2BJos%25C3%25A9%2BJ.%2BO%2527Shanahan%2By%2BFayna%2Bdel%2BCano.JPG\" width=\"400\" \/><\/a><\/td>\n<\/tr>\n<tr>\n<td style=\"text-align: left;\">Becerra, O&#8217;Shanahan y del Cano durante la mesa redonda.<\/td>\n<\/tr>\n<\/tbody>\n<\/table>\n<div style=\"text-align: left;\">\n<span style=\"text-align: justify;\">Al comienzo de la jornada se trat\u00f3 el trabajo colaborativo dentro del marco de la Formaci\u00f3n Profesional en Jesu\u00eftes Educaci\u00f3 (FJE) y en la Universitat Oberta de Catalunya (UOC), de la mano de Xavier Dalmau, como representante de la primera instituci\u00f3n, y Marta Rovira, de la segunda. De esta ponencia se destac\u00f3 el trabajo colaborativo como base de la metodolog\u00eda en ambos centros. M\u00e1s tarde, Yolanda Baquero habl\u00f3 de la experiencia en esta modalidad de trabajo en las escuelas profesionales Sagrada Familia (SAFA), destacando que \u201cel secreto de una formaci\u00f3n exitosa es el acompa\u00f1amiento al alumnado\u201d.<\/span><\/div>\n<div style=\"text-align: left;\">\n<span style=\"text-align: justify;\"><br \/><\/span><\/div>\n<div style=\"text-align: justify;\">\n<a href=\"http:\/\/3.bp.blogspot.com\/-OjnDaQxMl1c\/Xd_cNW0scQI\/AAAAAAAAC7c\/76RN4hCPz0Qf_0-gBHlBiC2t9bXooiRrACK4BGAYYCw\/s1600\/Ponencia%2BII.JPG\" style=\"clear: right; float: right; margin-bottom: 1em; margin-left: 1em;\"><\/a><\/p>\n<table cellpadding=\"0\" cellspacing=\"0\" style=\"float: right; margin-left: 1em; text-align: left;\">\n<tbody>\n<tr>\n<td style=\"text-align: center;\"><img loading=\"lazy\" decoding=\"async\" border=\"0\" height=\"212\" src=\"https:\/\/3.bp.blogspot.com\/-OjnDaQxMl1c\/Xd_cNW0scQI\/AAAAAAAAC7c\/76RN4hCPz0Qf_0-gBHlBiC2t9bXooiRrACK4BGAYYCw\/s320\/Ponencia%2BII.JPG\" style=\"margin-left: auto; margin-right: auto;\" width=\"320\" \/><\/td>\n<\/tr>\n<tr>\n<td style=\"text-align: left;\">Ana Medina, profesora de ECCA, tomando notas.<\/td>\n<\/tr>\n<\/tbody>\n<\/table>\n<div style=\"text-align: left;\">\n<\/div>\n<\/div>\n<div style=\"text-align: justify;\">\nMa\u00f1ana, tendr\u00e1 lugar la tercera, y \u00faltima, sesi\u00f3n de estas VI Jornadas, con la impartici\u00f3n de un taller pr\u00e1ctico sobre Estrategias y recursos para el trabajo colaborativo, seguido de la clausura y cierre.&nbsp;<\/div>\n<div style=\"text-align: justify;\">\n<\/div>\n<div style=\"text-align: justify;\">\nComo en las ediciones anteriores, el dinero recaudado por las matr\u00edculas ser\u00e1 destinado \u00edntegramente a becar al alumnado con menos recursos. Las jornadas se celebrar\u00e1n desde ayer hasta el viernes 29 de noviembre, f\u00edsicamente en las sedes de Radio ECCA en las distintas islas, pero tambi\u00e9n mediante videoconferencia, reuniendo, a trav\u00e9s de internet, a varios de los principales centros de educaci\u00f3n a distancia de todo el Estado y algunas de las experiencias m\u00e1s relevantes de Latinoam\u00e9rica.<\/div>","protected":false},"excerpt":{"rendered":"<p>La segunda sesi\u00f3n de las VI Jornadas de EAD de Radio ECCA reuni\u00f3 a profesionales de la educaci\u00f3n de tres comunidades aut\u00f3nomas La segunda sesi\u00f3n de las VI Jornadas Internacionales de Educaci\u00f3n a distancia, organizadas por Radio ECCA, ha estado centrada en comprender el valor de la colaboraci\u00f3n como competencia esencial dentro de la sociedad [&hellip;]<\/p>","protected":false},"author":1,"featured_media":0,"comment_status":"","ping_status":"","sticky":false,"template":"","format":"standard","meta":{"footnotes":""},"categories":[102,103,355,106,402],"tags":[],"class_list":["post-3515","post","type-post","status-publish","format-standard","hentry","category-comunicacion","category-comunicacion-ecca","category-jornadas-internacionales-de-educacion-a-distancia","category-relevante","category-vi-jornadas-ecca"],"yoast_head":"<!-- This site is optimized with the Yoast SEO plugin v25.9 - https:\/\/yoast.com\/wordpress\/plugins\/seo\/ -->\n<title>O\u2019Shanahan: \u201cHay que provocar el contacto del alumnado con la realidad social que los rodea\u201d<\/title>\n<meta name=\"robots\" content=\"index, follow, max-snippet:-1, max-image-preview:large, max-video-preview:-1\" \/>\n<link rel=\"canonical\" href=\"https:\/\/blognoticias.ecca.edu.es\/en\/oshanahan-hay-que-provocar-el-contacto-del-alumnado-con-la-realidad-social-que-los-rodea\/\" \/>\n<meta property=\"og:locale\" content=\"en_GB\" \/>\n<meta property=\"og:type\" content=\"article\" \/>\n<meta property=\"og:title\" content=\"O\u2019Shanahan: \u201cHay que provocar el contacto del alumnado con la realidad social que los rodea\u201d\" \/>\n<meta property=\"og:description\" content=\"La segunda sesi\u00f3n de las VI Jornadas de EAD de Radio ECCA reuni\u00f3 a profesionales de la educaci\u00f3n de tres comunidades aut\u00f3nomas La segunda sesi\u00f3n de las VI Jornadas Internacionales de Educaci\u00f3n a distancia, organizadas por Radio ECCA, ha estado centrada en comprender el valor de la colaboraci\u00f3n como competencia esencial dentro de la sociedad [&hellip;]\" \/>\n<meta property=\"og:url\" content=\"https:\/\/blognoticias.ecca.edu.es\/en\/oshanahan-hay-que-provocar-el-contacto-del-alumnado-con-la-realidad-social-que-los-rodea\/\" \/>\n<meta property=\"og:site_name\" content=\"Blog Noticias Ecca\" \/>\n<meta property=\"article:publisher\" content=\"https:\/\/www.facebook.com\/ecca.edu.es\" \/>\n<meta property=\"article:published_time\" content=\"2019-11-28T14:42:00+00:00\" \/>\n<meta property=\"og:image\" content=\"https:\/\/4.bp.blogspot.com\/-GoUDe6rtQmo\/Xd_cKmu868I\/AAAAAAAAC7U\/UJcgkxxnhM81e55YUJPF2aOKCQn00qv8QCK4BGAYYCw\/s400\/Mesa%2Bredonda%2Bcon%2BDaniel%2BBecerra%252C%2BJos%25C3%25A9%2BJ.%2BO%2527Shanahan%2By%2BFayna%2Bdel%2BCano.JPG\" \/>\n<meta name=\"author\" content=\"ECCA\" \/>\n<meta name=\"twitter:card\" content=\"summary_large_image\" \/>\n<meta name=\"twitter:creator\" content=\"@eccaedu\" \/>\n<meta name=\"twitter:site\" content=\"@eccaedu\" \/>\n<meta name=\"twitter:label1\" content=\"Written by\" \/>\n\t<meta name=\"twitter:data1\" content=\"ECCA\" \/>\n\t<meta name=\"twitter:label2\" content=\"Estimated reading time\" \/>\n\t<meta name=\"twitter:data2\" content=\"2 minutes\" \/>\n<script type=\"application\/ld+json\" class=\"yoast-schema-graph\">{\"@context\":\"https:\/\/schema.org\",\"@graph\":[{\"@type\":\"Article\",\"@id\":\"https:\/\/blognoticias.ecca.edu.es\/oshanahan-hay-que-provocar-el-contacto-del-alumnado-con-la-realidad-social-que-los-rodea\/#article\",\"isPartOf\":{\"@id\":\"https:\/\/blognoticias.ecca.edu.es\/oshanahan-hay-que-provocar-el-contacto-del-alumnado-con-la-realidad-social-que-los-rodea\/\"},\"author\":{\"name\":\"ECCA\",\"@id\":\"https:\/\/blognoticias.ecca.edu.es\/#\/schema\/person\/2f67aec1e9c175158bc25ac844a022ce\"},\"headline\":\"O\u2019Shanahan: \u201cHay que provocar el contacto del alumnado con la realidad social que los rodea\u201d\",\"datePublished\":\"2019-11-28T14:42:00+00:00\",\"mainEntityOfPage\":{\"@id\":\"https:\/\/blognoticias.ecca.edu.es\/oshanahan-hay-que-provocar-el-contacto-del-alumnado-con-la-realidad-social-que-los-rodea\/\"},\"wordCount\":502,\"publisher\":{\"@id\":\"https:\/\/blognoticias.ecca.edu.es\/#organization\"},\"image\":{\"@id\":\"https:\/\/blognoticias.ecca.edu.es\/oshanahan-hay-que-provocar-el-contacto-del-alumnado-con-la-realidad-social-que-los-rodea\/#primaryimage\"},\"thumbnailUrl\":\"https:\/\/4.bp.blogspot.com\/-GoUDe6rtQmo\/Xd_cKmu868I\/AAAAAAAAC7U\/UJcgkxxnhM81e55YUJPF2aOKCQn00qv8QCK4BGAYYCw\/s400\/Mesa%2Bredonda%2Bcon%2BDaniel%2BBecerra%252C%2BJos%25C3%25A9%2BJ.%2BO%2527Shanahan%2By%2BFayna%2Bdel%2BCano.JPG\",\"articleSection\":[\"Comunicaci\u00f3n\",\"Comunicaci\u00f3n ECCA\",\"JORNADAS INTERNACIONALES DE EDUCACI\u00d3N A DISTANCIA\",\"Relevante\",\"VI Jornadas ECCA\"],\"inLanguage\":\"en-GB\"},{\"@type\":\"WebPage\",\"@id\":\"https:\/\/blognoticias.ecca.edu.es\/oshanahan-hay-que-provocar-el-contacto-del-alumnado-con-la-realidad-social-que-los-rodea\/\",\"url\":\"https:\/\/blognoticias.ecca.edu.es\/oshanahan-hay-que-provocar-el-contacto-del-alumnado-con-la-realidad-social-que-los-rodea\/\",\"name\":\"O\u2019Shanahan: \u201cHay que provocar el contacto del alumnado con la realidad social que los rodea\u201d\",\"isPartOf\":{\"@id\":\"https:\/\/blognoticias.ecca.edu.es\/#website\"},\"primaryImageOfPage\":{\"@id\":\"https:\/\/blognoticias.ecca.edu.es\/oshanahan-hay-que-provocar-el-contacto-del-alumnado-con-la-realidad-social-que-los-rodea\/#primaryimage\"},\"image\":{\"@id\":\"https:\/\/blognoticias.ecca.edu.es\/oshanahan-hay-que-provocar-el-contacto-del-alumnado-con-la-realidad-social-que-los-rodea\/#primaryimage\"},\"thumbnailUrl\":\"https:\/\/4.bp.blogspot.com\/-GoUDe6rtQmo\/Xd_cKmu868I\/AAAAAAAAC7U\/UJcgkxxnhM81e55YUJPF2aOKCQn00qv8QCK4BGAYYCw\/s400\/Mesa%2Bredonda%2Bcon%2BDaniel%2BBecerra%252C%2BJos%25C3%25A9%2BJ.%2BO%2527Shanahan%2By%2BFayna%2Bdel%2BCano.JPG\",\"datePublished\":\"2019-11-28T14:42:00+00:00\",\"breadcrumb\":{\"@id\":\"https:\/\/blognoticias.ecca.edu.es\/oshanahan-hay-que-provocar-el-contacto-del-alumnado-con-la-realidad-social-que-los-rodea\/#breadcrumb\"},\"inLanguage\":\"en-GB\",\"potentialAction\":[{\"@type\":\"ReadAction\",\"target\":[\"https:\/\/blognoticias.ecca.edu.es\/oshanahan-hay-que-provocar-el-contacto-del-alumnado-con-la-realidad-social-que-los-rodea\/\"]}]},{\"@type\":\"ImageObject\",\"inLanguage\":\"en-GB\",\"@id\":\"https:\/\/blognoticias.ecca.edu.es\/oshanahan-hay-que-provocar-el-contacto-del-alumnado-con-la-realidad-social-que-los-rodea\/#primaryimage\",\"url\":\"https:\/\/4.bp.blogspot.com\/-GoUDe6rtQmo\/Xd_cKmu868I\/AAAAAAAAC7U\/UJcgkxxnhM81e55YUJPF2aOKCQn00qv8QCK4BGAYYCw\/s400\/Mesa%2Bredonda%2Bcon%2BDaniel%2BBecerra%252C%2BJos%25C3%25A9%2BJ.%2BO%2527Shanahan%2By%2BFayna%2Bdel%2BCano.JPG\",\"contentUrl\":\"https:\/\/4.bp.blogspot.com\/-GoUDe6rtQmo\/Xd_cKmu868I\/AAAAAAAAC7U\/UJcgkxxnhM81e55YUJPF2aOKCQn00qv8QCK4BGAYYCw\/s400\/Mesa%2Bredonda%2Bcon%2BDaniel%2BBecerra%252C%2BJos%25C3%25A9%2BJ.%2BO%2527Shanahan%2By%2BFayna%2Bdel%2BCano.JPG\"},{\"@type\":\"BreadcrumbList\",\"@id\":\"https:\/\/blognoticias.ecca.edu.es\/oshanahan-hay-que-provocar-el-contacto-del-alumnado-con-la-realidad-social-que-los-rodea\/#breadcrumb\",\"itemListElement\":[{\"@type\":\"ListItem\",\"position\":1,\"name\":\"Portada\",\"item\":\"https:\/\/blognoticias.ecca.edu.es\/\"},{\"@type\":\"ListItem\",\"position\":2,\"name\":\"O\u2019Shanahan: \u201cHay que provocar el contacto del alumnado con la realidad social que los rodea\u201d\"}]},{\"@type\":\"WebSite\",\"@id\":\"https:\/\/blognoticias.ecca.edu.es\/#website\",\"url\":\"https:\/\/blognoticias.ecca.edu.es\/\",\"name\":\"Blog Noticias Ecca\",\"description\":\"\",\"publisher\":{\"@id\":\"https:\/\/blognoticias.ecca.edu.es\/#organization\"},\"potentialAction\":[{\"@type\":\"SearchAction\",\"target\":{\"@type\":\"EntryPoint\",\"urlTemplate\":\"https:\/\/blognoticias.ecca.edu.es\/?s={search_term_string}\"},\"query-input\":{\"@type\":\"PropertyValueSpecification\",\"valueRequired\":true,\"valueName\":\"search_term_string\"}}],\"inLanguage\":\"en-GB\"},{\"@type\":\"Organization\",\"@id\":\"https:\/\/blognoticias.ecca.edu.es\/#organization\",\"name\":\"Blog Noticias Ecca\",\"url\":\"https:\/\/blognoticias.ecca.edu.es\/\",\"logo\":{\"@type\":\"ImageObject\",\"inLanguage\":\"en-GB\",\"@id\":\"https:\/\/blognoticias.ecca.edu.es\/#\/schema\/logo\/image\/\",\"url\":\"https:\/\/blognoticias.ecca.edu.es\/wp-content\/uploads\/2023\/02\/cropped-cropped-cropped-cropped-Logo-Ecca.edu_.png\",\"contentUrl\":\"https:\/\/blognoticias.ecca.edu.es\/wp-content\/uploads\/2023\/02\/cropped-cropped-cropped-cropped-Logo-Ecca.edu_.png\",\"width\":293,\"height\":45,\"caption\":\"Blog Noticias Ecca\"},\"image\":{\"@id\":\"https:\/\/blognoticias.ecca.edu.es\/#\/schema\/logo\/image\/\"},\"sameAs\":[\"https:\/\/www.facebook.com\/ecca.edu.es\",\"https:\/\/x.com\/eccaedu\",\"https:\/\/www.instagram.com\/\"]},{\"@type\":\"Person\",\"@id\":\"https:\/\/blognoticias.ecca.edu.es\/#\/schema\/person\/2f67aec1e9c175158bc25ac844a022ce\",\"name\":\"ECCA\",\"image\":{\"@type\":\"ImageObject\",\"inLanguage\":\"en-GB\",\"@id\":\"https:\/\/blognoticias.ecca.edu.es\/#\/schema\/person\/image\/\",\"url\":\"https:\/\/blognoticias.ecca.edu.es\/wp-content\/uploads\/2023\/02\/LOGO-ECCAEDU-1-150x150.png\",\"contentUrl\":\"https:\/\/blognoticias.ecca.edu.es\/wp-content\/uploads\/2023\/02\/LOGO-ECCAEDU-1-150x150.png\",\"caption\":\"ECCA\"},\"sameAs\":[\"https:\/\/blognoticias.ecca.edu.es\"],\"url\":\"https:\/\/blognoticias.ecca.edu.es\/en\/author\/admin\/\"}]}<\/script>\n<!-- \/ Yoast SEO plugin. -->","yoast_head_json":{"title":"O\u2019Shanahan: \u201cHay que provocar el contacto del alumnado con la realidad social que los rodea\u201d","robots":{"index":"index","follow":"follow","max-snippet":"max-snippet:-1","max-image-preview":"max-image-preview:large","max-video-preview":"max-video-preview:-1"},"canonical":"https:\/\/blognoticias.ecca.edu.es\/en\/oshanahan-hay-que-provocar-el-contacto-del-alumnado-con-la-realidad-social-que-los-rodea\/","og_locale":"en_GB","og_type":"article","og_title":"O\u2019Shanahan: \u201cHay que provocar el contacto del alumnado con la realidad social que los rodea\u201d","og_description":"La segunda sesi\u00f3n de las VI Jornadas de EAD de Radio ECCA reuni\u00f3 a profesionales de la educaci\u00f3n de tres comunidades aut\u00f3nomas La segunda sesi\u00f3n de las VI Jornadas Internacionales de Educaci\u00f3n a distancia, organizadas por Radio ECCA, ha estado centrada en comprender el valor de la colaboraci\u00f3n como competencia esencial dentro de la sociedad [&hellip;]","og_url":"https:\/\/blognoticias.ecca.edu.es\/en\/oshanahan-hay-que-provocar-el-contacto-del-alumnado-con-la-realidad-social-que-los-rodea\/","og_site_name":"Blog Noticias Ecca","article_publisher":"https:\/\/www.facebook.com\/ecca.edu.es","article_published_time":"2019-11-28T14:42:00+00:00","og_image":[{"url":"https:\/\/4.bp.blogspot.com\/-GoUDe6rtQmo\/Xd_cKmu868I\/AAAAAAAAC7U\/UJcgkxxnhM81e55YUJPF2aOKCQn00qv8QCK4BGAYYCw\/s400\/Mesa%2Bredonda%2Bcon%2BDaniel%2BBecerra%252C%2BJos%25C3%25A9%2BJ.%2BO%2527Shanahan%2By%2BFayna%2Bdel%2BCano.JPG","type":"","width":"","height":""}],"author":"ECCA","twitter_card":"summary_large_image","twitter_creator":"@eccaedu","twitter_site":"@eccaedu","twitter_misc":{"Written by":"ECCA","Estimated reading time":"2 minutes"},"schema":{"@context":"https:\/\/schema.org","@graph":[{"@type":"Article","@id":"https:\/\/blognoticias.ecca.edu.es\/oshanahan-hay-que-provocar-el-contacto-del-alumnado-con-la-realidad-social-que-los-rodea\/#article","isPartOf":{"@id":"https:\/\/blognoticias.ecca.edu.es\/oshanahan-hay-que-provocar-el-contacto-del-alumnado-con-la-realidad-social-que-los-rodea\/"},"author":{"name":"ECCA","@id":"https:\/\/blognoticias.ecca.edu.es\/#\/schema\/person\/2f67aec1e9c175158bc25ac844a022ce"},"headline":"O\u2019Shanahan: \u201cHay que provocar el contacto del alumnado con la realidad social que los rodea\u201d","datePublished":"2019-11-28T14:42:00+00:00","mainEntityOfPage":{"@id":"https:\/\/blognoticias.ecca.edu.es\/oshanahan-hay-que-provocar-el-contacto-del-alumnado-con-la-realidad-social-que-los-rodea\/"},"wordCount":502,"publisher":{"@id":"https:\/\/blognoticias.ecca.edu.es\/#organization"},"image":{"@id":"https:\/\/blognoticias.ecca.edu.es\/oshanahan-hay-que-provocar-el-contacto-del-alumnado-con-la-realidad-social-que-los-rodea\/#primaryimage"},"thumbnailUrl":"https:\/\/4.bp.blogspot.com\/-GoUDe6rtQmo\/Xd_cKmu868I\/AAAAAAAAC7U\/UJcgkxxnhM81e55YUJPF2aOKCQn00qv8QCK4BGAYYCw\/s400\/Mesa%2Bredonda%2Bcon%2BDaniel%2BBecerra%252C%2BJos%25C3%25A9%2BJ.%2BO%2527Shanahan%2By%2BFayna%2Bdel%2BCano.JPG","articleSection":["Comunicaci\u00f3n","Comunicaci\u00f3n ECCA","JORNADAS INTERNACIONALES DE EDUCACI\u00d3N A DISTANCIA","Relevante","VI Jornadas ECCA"],"inLanguage":"en-GB"},{"@type":"WebPage","@id":"https:\/\/blognoticias.ecca.edu.es\/oshanahan-hay-que-provocar-el-contacto-del-alumnado-con-la-realidad-social-que-los-rodea\/","url":"https:\/\/blognoticias.ecca.edu.es\/oshanahan-hay-que-provocar-el-contacto-del-alumnado-con-la-realidad-social-que-los-rodea\/","name":"O\u2019Shanahan: \u201cHay que provocar el contacto del alumnado con la realidad social que los rodea\u201d","isPartOf":{"@id":"https:\/\/blognoticias.ecca.edu.es\/#website"},"primaryImageOfPage":{"@id":"https:\/\/blognoticias.ecca.edu.es\/oshanahan-hay-que-provocar-el-contacto-del-alumnado-con-la-realidad-social-que-los-rodea\/#primaryimage"},"image":{"@id":"https:\/\/blognoticias.ecca.edu.es\/oshanahan-hay-que-provocar-el-contacto-del-alumnado-con-la-realidad-social-que-los-rodea\/#primaryimage"},"thumbnailUrl":"https:\/\/4.bp.blogspot.com\/-GoUDe6rtQmo\/Xd_cKmu868I\/AAAAAAAAC7U\/UJcgkxxnhM81e55YUJPF2aOKCQn00qv8QCK4BGAYYCw\/s400\/Mesa%2Bredonda%2Bcon%2BDaniel%2BBecerra%252C%2BJos%25C3%25A9%2BJ.%2BO%2527Shanahan%2By%2BFayna%2Bdel%2BCano.JPG","datePublished":"2019-11-28T14:42:00+00:00","breadcrumb":{"@id":"https:\/\/blognoticias.ecca.edu.es\/oshanahan-hay-que-provocar-el-contacto-del-alumnado-con-la-realidad-social-que-los-rodea\/#breadcrumb"},"inLanguage":"en-GB","potentialAction":[{"@type":"ReadAction","target":["https:\/\/blognoticias.ecca.edu.es\/oshanahan-hay-que-provocar-el-contacto-del-alumnado-con-la-realidad-social-que-los-rodea\/"]}]},{"@type":"ImageObject","inLanguage":"en-GB","@id":"https:\/\/blognoticias.ecca.edu.es\/oshanahan-hay-que-provocar-el-contacto-del-alumnado-con-la-realidad-social-que-los-rodea\/#primaryimage","url":"https:\/\/4.bp.blogspot.com\/-GoUDe6rtQmo\/Xd_cKmu868I\/AAAAAAAAC7U\/UJcgkxxnhM81e55YUJPF2aOKCQn00qv8QCK4BGAYYCw\/s400\/Mesa%2Bredonda%2Bcon%2BDaniel%2BBecerra%252C%2BJos%25C3%25A9%2BJ.%2BO%2527Shanahan%2By%2BFayna%2Bdel%2BCano.JPG","contentUrl":"https:\/\/4.bp.blogspot.com\/-GoUDe6rtQmo\/Xd_cKmu868I\/AAAAAAAAC7U\/UJcgkxxnhM81e55YUJPF2aOKCQn00qv8QCK4BGAYYCw\/s400\/Mesa%2Bredonda%2Bcon%2BDaniel%2BBecerra%252C%2BJos%25C3%25A9%2BJ.%2BO%2527Shanahan%2By%2BFayna%2Bdel%2BCano.JPG"},{"@type":"BreadcrumbList","@id":"https:\/\/blognoticias.ecca.edu.es\/oshanahan-hay-que-provocar-el-contacto-del-alumnado-con-la-realidad-social-que-los-rodea\/#breadcrumb","itemListElement":[{"@type":"ListItem","position":1,"name":"Portada","item":"https:\/\/blognoticias.ecca.edu.es\/"},{"@type":"ListItem","position":2,"name":"O\u2019Shanahan: \u201cHay que provocar el contacto del alumnado con la realidad social que los rodea\u201d"}]},{"@type":"WebSite","@id":"https:\/\/blognoticias.ecca.edu.es\/#website","url":"https:\/\/blognoticias.ecca.edu.es\/","name":"Blog Noticias Ecca","description":"","publisher":{"@id":"https:\/\/blognoticias.ecca.edu.es\/#organization"},"potentialAction":[{"@type":"SearchAction","target":{"@type":"EntryPoint","urlTemplate":"https:\/\/blognoticias.ecca.edu.es\/?s={search_term_string}"},"query-input":{"@type":"PropertyValueSpecification","valueRequired":true,"valueName":"search_term_string"}}],"inLanguage":"en-GB"},{"@type":"Organization","@id":"https:\/\/blognoticias.ecca.edu.es\/#organization","name":"Blog Noticias Ecca","url":"https:\/\/blognoticias.ecca.edu.es\/","logo":{"@type":"ImageObject","inLanguage":"en-GB","@id":"https:\/\/blognoticias.ecca.edu.es\/#\/schema\/logo\/image\/","url":"https:\/\/blognoticias.ecca.edu.es\/wp-content\/uploads\/2023\/02\/cropped-cropped-cropped-cropped-Logo-Ecca.edu_.png","contentUrl":"https:\/\/blognoticias.ecca.edu.es\/wp-content\/uploads\/2023\/02\/cropped-cropped-cropped-cropped-Logo-Ecca.edu_.png","width":293,"height":45,"caption":"Blog Noticias Ecca"},"image":{"@id":"https:\/\/blognoticias.ecca.edu.es\/#\/schema\/logo\/image\/"},"sameAs":["https:\/\/www.facebook.com\/ecca.edu.es","https:\/\/x.com\/eccaedu","https:\/\/www.instagram.com\/"]},{"@type":"Person","@id":"https:\/\/blognoticias.ecca.edu.es\/#\/schema\/person\/2f67aec1e9c175158bc25ac844a022ce","name":"ECCA","image":{"@type":"ImageObject","inLanguage":"en-GB","@id":"https:\/\/blognoticias.ecca.edu.es\/#\/schema\/person\/image\/","url":"https:\/\/blognoticias.ecca.edu.es\/wp-content\/uploads\/2023\/02\/LOGO-ECCAEDU-1-150x150.png","contentUrl":"https:\/\/blognoticias.ecca.edu.es\/wp-content\/uploads\/2023\/02\/LOGO-ECCAEDU-1-150x150.png","caption":"ECCA"},"sameAs":["https:\/\/blognoticias.ecca.edu.es"],"url":"https:\/\/blognoticias.ecca.edu.es\/en\/author\/admin\/"}]}},"_links":{"self":[{"href":"https:\/\/blognoticias.ecca.edu.es\/en\/wp-json\/wp\/v2\/posts\/3515","targetHints":{"allow":["GET"]}}],"collection":[{"href":"https:\/\/blognoticias.ecca.edu.es\/en\/wp-json\/wp\/v2\/posts"}],"about":[{"href":"https:\/\/blognoticias.ecca.edu.es\/en\/wp-json\/wp\/v2\/types\/post"}],"author":[{"embeddable":true,"href":"https:\/\/blognoticias.ecca.edu.es\/en\/wp-json\/wp\/v2\/users\/1"}],"replies":[{"embeddable":true,"href":"https:\/\/blognoticias.ecca.edu.es\/en\/wp-json\/wp\/v2\/comments?post=3515"}],"version-history":[{"count":0,"href":"https:\/\/blognoticias.ecca.edu.es\/en\/wp-json\/wp\/v2\/posts\/3515\/revisions"}],"wp:attachment":[{"href":"https:\/\/blognoticias.ecca.edu.es\/en\/wp-json\/wp\/v2\/media?parent=3515"}],"wp:term":[{"taxonomy":"category","embeddable":true,"href":"https:\/\/blognoticias.ecca.edu.es\/en\/wp-json\/wp\/v2\/categories?post=3515"},{"taxonomy":"post_tag","embeddable":true,"href":"https:\/\/blognoticias.ecca.edu.es\/en\/wp-json\/wp\/v2\/tags?post=3515"}],"curies":[{"name":"wp","href":"https:\/\/api.w.org\/{rel}","templated":true}]}}