{"id":3510,"date":"2019-12-13T12:25:00","date_gmt":"2019-12-13T12:25:00","guid":{"rendered":"https:\/\/blognoticias.ecca.edu.es\/jovenes-mags-ecca-nos-ponemos-en-marcha\/"},"modified":"2019-12-13T12:25:00","modified_gmt":"2019-12-13T12:25:00","slug":"jovenes-mags-ecca-nos-ponemos-en-marcha","status":"publish","type":"post","link":"https:\/\/blognoticias.ecca.edu.es\/en\/jovenes-mags-ecca-nos-ponemos-en-marcha\/","title":{"rendered":"J\u00f3venes MAG+S ECCA, nos ponemos en marcha"},"content":{"rendered":"<div class='booster-block booster-read-block'>\n                <div class=\"twp-read-time\">\n                \t<i class=\"booster-icon twp-clock\"><\/i> <span>Tiempo de lectura:<\/span>35 Segundos                <\/div>\n\n            <\/div><table cellpadding=\"0\" cellspacing=\"0\" style=\"float: right; margin-left: 1em; text-align: right;\">\n<tbody>\n<tr>\n<td style=\"text-align: center;\"><a href=\"https:\/\/1.bp.blogspot.com\/-wzuFCvAHMQc\/XfOC6iMd7kI\/AAAAAAAAm1U\/PoNmGNpZ6hc6ljryhsoXJJs4iHxr8mGRgCLcBGAsYHQ\/s1600\/MAG%252BS%2BFOTO%2BECCA.jpg\" style=\"clear: right; margin-bottom: 1em; margin-left: auto; margin-right: auto;\"><img loading=\"lazy\" decoding=\"async\" border=\"0\" data-original-height=\"625\" data-original-width=\"833\" height=\"150\" src=\"https:\/\/1.bp.blogspot.com\/-wzuFCvAHMQc\/XfOC6iMd7kI\/AAAAAAAAm1U\/PoNmGNpZ6hc6ljryhsoXJJs4iHxr8mGRgCLcBGAsYHQ\/s200\/MAG%252BS%2BFOTO%2BECCA.jpg\" width=\"200\" \/><\/a><\/td>\n<\/tr>\n<tr>\n<td style=\"text-align: center;\">Participantes en el <br \/><b><span style=\"color: orange;\">I encuentro MAG+S ECCA<\/span><\/b><\/td>\n<\/tr>\n<\/tbody>\n<\/table>\n<div style=\"text-align: justify;\">\nSi tienes menos de 29 a\u00f1os y eres alumna o alumno de ECCA, te invitamos a participar en MAG+S.&nbsp; MAG+S ECCA es una invitaci\u00f3n a compartir sue\u00f1os y experiencias.&nbsp; Se trata de mirar a nuestro mundo, a nuestra propia experiencia personal con esperanza y responsabilidad. Se trata de gozar y de conocer a otras personas j\u00f3venes de nuestras islas que est\u00e1n so\u00f1ando tambi\u00e9n con sacar lo mejor de sus vidas. MAG+S ECCA es encuentro, amistad, compa\u00f1erismo y compromiso. Tendremos un encuentro en cada isla y un primer encuentro regional en enero. An\u00edmate a participar. Contamos contigo.&nbsp; Entra aqu\u00ed y participa:&nbsp;<b><span style=\"color: magenta;\"><a href=\"https:\/\/docs.google.com\/forms\/d\/e\/1FAIpQLSeMwAo2NznAqBM-PXVjjF7lDXyJ2VZLiENgyyBysd1Jk6MFLA\/viewform\">Pincha aqu\u00ed.<\/a><\/span><\/b><\/div>","protected":false},"excerpt":{"rendered":"<p>Participantes en el I encuentro MAG+S ECCA Si tienes menos de 29 a\u00f1os y eres alumna o alumno de ECCA, te invitamos a participar en MAG+S.&nbsp; MAG+S ECCA es una invitaci\u00f3n a compartir sue\u00f1os y experiencias.&nbsp; Se trata de mirar a nuestro mundo, a nuestra propia experiencia personal con esperanza y responsabilidad. Se trata de [&hellip;]<\/p>","protected":false},"author":1,"featured_media":0,"comment_status":"","ping_status":"","sticky":false,"template":"","format":"standard","meta":{"footnotes":""},"categories":[383,382],"tags":[],"class_list":["post-3510","post","type-post","status-publish","format-standard","hentry","category-jovenes","category-mags"],"yoast_head":"<!-- This site is optimized with the Yoast SEO plugin v25.9 - https:\/\/yoast.com\/wordpress\/plugins\/seo\/ -->\n<title>J\u00f3venes MAG+S ECCA, nos ponemos en marcha<\/title>\n<meta name=\"robots\" content=\"index, follow, max-snippet:-1, max-image-preview:large, max-video-preview:-1\" \/>\n<link rel=\"canonical\" href=\"https:\/\/blognoticias.ecca.edu.es\/en\/jovenes-mags-ecca-nos-ponemos-en-marcha\/\" \/>\n<meta property=\"og:locale\" content=\"en_GB\" \/>\n<meta property=\"og:type\" content=\"article\" \/>\n<meta property=\"og:title\" content=\"J\u00f3venes MAG+S ECCA, nos ponemos en marcha\" \/>\n<meta property=\"og:description\" content=\"Participantes en el I encuentro MAG+S ECCA Si tienes menos de 29 a\u00f1os y eres alumna o alumno de ECCA, te invitamos a participar en MAG+S.&nbsp; MAG+S ECCA es una invitaci\u00f3n a compartir sue\u00f1os y experiencias.&nbsp; Se trata de mirar a nuestro mundo, a nuestra propia experiencia personal con esperanza y responsabilidad. Se trata de [&hellip;]\" \/>\n<meta property=\"og:url\" content=\"https:\/\/blognoticias.ecca.edu.es\/en\/jovenes-mags-ecca-nos-ponemos-en-marcha\/\" \/>\n<meta property=\"og:site_name\" content=\"Blog Noticias Ecca\" \/>\n<meta property=\"article:publisher\" content=\"https:\/\/www.facebook.com\/ecca.edu.es\" \/>\n<meta property=\"article:published_time\" content=\"2019-12-13T12:25:00+00:00\" \/>\n<meta property=\"og:image\" content=\"https:\/\/1.bp.blogspot.com\/-wzuFCvAHMQc\/XfOC6iMd7kI\/AAAAAAAAm1U\/PoNmGNpZ6hc6ljryhsoXJJs4iHxr8mGRgCLcBGAsYHQ\/s200\/MAG%252BS%2BFOTO%2BECCA.jpg\" \/>\n<meta name=\"author\" content=\"ECCA\" \/>\n<meta name=\"twitter:card\" content=\"summary_large_image\" \/>\n<meta name=\"twitter:creator\" content=\"@eccaedu\" \/>\n<meta name=\"twitter:site\" content=\"@eccaedu\" \/>\n<meta name=\"twitter:label1\" content=\"Written by\" \/>\n\t<meta name=\"twitter:data1\" content=\"ECCA\" \/>\n\t<meta name=\"twitter:label2\" content=\"Estimated reading time\" \/>\n\t<meta name=\"twitter:data2\" content=\"1 minute\" \/>\n<script type=\"application\/ld+json\" class=\"yoast-schema-graph\">{\"@context\":\"https:\/\/schema.org\",\"@graph\":[{\"@type\":\"Article\",\"@id\":\"https:\/\/blognoticias.ecca.edu.es\/jovenes-mags-ecca-nos-ponemos-en-marcha\/#article\",\"isPartOf\":{\"@id\":\"https:\/\/blognoticias.ecca.edu.es\/jovenes-mags-ecca-nos-ponemos-en-marcha\/\"},\"author\":{\"name\":\"ECCA\",\"@id\":\"https:\/\/blognoticias.ecca.edu.es\/#\/schema\/person\/2f67aec1e9c175158bc25ac844a022ce\"},\"headline\":\"J\u00f3venes MAG+S ECCA, nos ponemos en marcha\",\"datePublished\":\"2019-12-13T12:25:00+00:00\",\"mainEntityOfPage\":{\"@id\":\"https:\/\/blognoticias.ecca.edu.es\/jovenes-mags-ecca-nos-ponemos-en-marcha\/\"},\"wordCount\":134,\"publisher\":{\"@id\":\"https:\/\/blognoticias.ecca.edu.es\/#organization\"},\"image\":{\"@id\":\"https:\/\/blognoticias.ecca.edu.es\/jovenes-mags-ecca-nos-ponemos-en-marcha\/#primaryimage\"},\"thumbnailUrl\":\"https:\/\/1.bp.blogspot.com\/-wzuFCvAHMQc\/XfOC6iMd7kI\/AAAAAAAAm1U\/PoNmGNpZ6hc6ljryhsoXJJs4iHxr8mGRgCLcBGAsYHQ\/s200\/MAG%252BS%2BFOTO%2BECCA.jpg\",\"articleSection\":[\"j\u00f3venes\",\"MAG+S\"],\"inLanguage\":\"en-GB\"},{\"@type\":\"WebPage\",\"@id\":\"https:\/\/blognoticias.ecca.edu.es\/jovenes-mags-ecca-nos-ponemos-en-marcha\/\",\"url\":\"https:\/\/blognoticias.ecca.edu.es\/jovenes-mags-ecca-nos-ponemos-en-marcha\/\",\"name\":\"J\u00f3venes MAG+S ECCA, nos ponemos en marcha\",\"isPartOf\":{\"@id\":\"https:\/\/blognoticias.ecca.edu.es\/#website\"},\"primaryImageOfPage\":{\"@id\":\"https:\/\/blognoticias.ecca.edu.es\/jovenes-mags-ecca-nos-ponemos-en-marcha\/#primaryimage\"},\"image\":{\"@id\":\"https:\/\/blognoticias.ecca.edu.es\/jovenes-mags-ecca-nos-ponemos-en-marcha\/#primaryimage\"},\"thumbnailUrl\":\"https:\/\/1.bp.blogspot.com\/-wzuFCvAHMQc\/XfOC6iMd7kI\/AAAAAAAAm1U\/PoNmGNpZ6hc6ljryhsoXJJs4iHxr8mGRgCLcBGAsYHQ\/s200\/MAG%252BS%2BFOTO%2BECCA.jpg\",\"datePublished\":\"2019-12-13T12:25:00+00:00\",\"breadcrumb\":{\"@id\":\"https:\/\/blognoticias.ecca.edu.es\/jovenes-mags-ecca-nos-ponemos-en-marcha\/#breadcrumb\"},\"inLanguage\":\"en-GB\",\"potentialAction\":[{\"@type\":\"ReadAction\",\"target\":[\"https:\/\/blognoticias.ecca.edu.es\/jovenes-mags-ecca-nos-ponemos-en-marcha\/\"]}]},{\"@type\":\"ImageObject\",\"inLanguage\":\"en-GB\",\"@id\":\"https:\/\/blognoticias.ecca.edu.es\/jovenes-mags-ecca-nos-ponemos-en-marcha\/#primaryimage\",\"url\":\"https:\/\/1.bp.blogspot.com\/-wzuFCvAHMQc\/XfOC6iMd7kI\/AAAAAAAAm1U\/PoNmGNpZ6hc6ljryhsoXJJs4iHxr8mGRgCLcBGAsYHQ\/s200\/MAG%252BS%2BFOTO%2BECCA.jpg\",\"contentUrl\":\"https:\/\/1.bp.blogspot.com\/-wzuFCvAHMQc\/XfOC6iMd7kI\/AAAAAAAAm1U\/PoNmGNpZ6hc6ljryhsoXJJs4iHxr8mGRgCLcBGAsYHQ\/s200\/MAG%252BS%2BFOTO%2BECCA.jpg\"},{\"@type\":\"BreadcrumbList\",\"@id\":\"https:\/\/blognoticias.ecca.edu.es\/jovenes-mags-ecca-nos-ponemos-en-marcha\/#breadcrumb\",\"itemListElement\":[{\"@type\":\"ListItem\",\"position\":1,\"name\":\"Portada\",\"item\":\"https:\/\/blognoticias.ecca.edu.es\/\"},{\"@type\":\"ListItem\",\"position\":2,\"name\":\"J\u00f3venes MAG+S ECCA, nos ponemos en marcha\"}]},{\"@type\":\"WebSite\",\"@id\":\"https:\/\/blognoticias.ecca.edu.es\/#website\",\"url\":\"https:\/\/blognoticias.ecca.edu.es\/\",\"name\":\"Blog Noticias Ecca\",\"description\":\"\",\"publisher\":{\"@id\":\"https:\/\/blognoticias.ecca.edu.es\/#organization\"},\"potentialAction\":[{\"@type\":\"SearchAction\",\"target\":{\"@type\":\"EntryPoint\",\"urlTemplate\":\"https:\/\/blognoticias.ecca.edu.es\/?s={search_term_string}\"},\"query-input\":{\"@type\":\"PropertyValueSpecification\",\"valueRequired\":true,\"valueName\":\"search_term_string\"}}],\"inLanguage\":\"en-GB\"},{\"@type\":\"Organization\",\"@id\":\"https:\/\/blognoticias.ecca.edu.es\/#organization\",\"name\":\"Blog Noticias Ecca\",\"url\":\"https:\/\/blognoticias.ecca.edu.es\/\",\"logo\":{\"@type\":\"ImageObject\",\"inLanguage\":\"en-GB\",\"@id\":\"https:\/\/blognoticias.ecca.edu.es\/#\/schema\/logo\/image\/\",\"url\":\"https:\/\/blognoticias.ecca.edu.es\/wp-content\/uploads\/2023\/02\/cropped-cropped-cropped-cropped-Logo-Ecca.edu_.png\",\"contentUrl\":\"https:\/\/blognoticias.ecca.edu.es\/wp-content\/uploads\/2023\/02\/cropped-cropped-cropped-cropped-Logo-Ecca.edu_.png\",\"width\":293,\"height\":45,\"caption\":\"Blog Noticias Ecca\"},\"image\":{\"@id\":\"https:\/\/blognoticias.ecca.edu.es\/#\/schema\/logo\/image\/\"},\"sameAs\":[\"https:\/\/www.facebook.com\/ecca.edu.es\",\"https:\/\/x.com\/eccaedu\",\"https:\/\/www.instagram.com\/\"]},{\"@type\":\"Person\",\"@id\":\"https:\/\/blognoticias.ecca.edu.es\/#\/schema\/person\/2f67aec1e9c175158bc25ac844a022ce\",\"name\":\"ECCA\",\"image\":{\"@type\":\"ImageObject\",\"inLanguage\":\"en-GB\",\"@id\":\"https:\/\/blognoticias.ecca.edu.es\/#\/schema\/person\/image\/\",\"url\":\"https:\/\/blognoticias.ecca.edu.es\/wp-content\/uploads\/2023\/02\/LOGO-ECCAEDU-1-150x150.png\",\"contentUrl\":\"https:\/\/blognoticias.ecca.edu.es\/wp-content\/uploads\/2023\/02\/LOGO-ECCAEDU-1-150x150.png\",\"caption\":\"ECCA\"},\"sameAs\":[\"https:\/\/blognoticias.ecca.edu.es\"],\"url\":\"https:\/\/blognoticias.ecca.edu.es\/en\/author\/admin\/\"}]}<\/script>\n<!-- \/ Yoast SEO plugin. -->","yoast_head_json":{"title":"J\u00f3venes MAG+S ECCA, nos ponemos en marcha","robots":{"index":"index","follow":"follow","max-snippet":"max-snippet:-1","max-image-preview":"max-image-preview:large","max-video-preview":"max-video-preview:-1"},"canonical":"https:\/\/blognoticias.ecca.edu.es\/en\/jovenes-mags-ecca-nos-ponemos-en-marcha\/","og_locale":"en_GB","og_type":"article","og_title":"J\u00f3venes MAG+S ECCA, nos ponemos en marcha","og_description":"Participantes en el I encuentro MAG+S ECCA Si tienes menos de 29 a\u00f1os y eres alumna o alumno de ECCA, te invitamos a participar en MAG+S.&nbsp; MAG+S ECCA es una invitaci\u00f3n a compartir sue\u00f1os y experiencias.&nbsp; Se trata de mirar a nuestro mundo, a nuestra propia experiencia personal con esperanza y responsabilidad. Se trata de [&hellip;]","og_url":"https:\/\/blognoticias.ecca.edu.es\/en\/jovenes-mags-ecca-nos-ponemos-en-marcha\/","og_site_name":"Blog Noticias Ecca","article_publisher":"https:\/\/www.facebook.com\/ecca.edu.es","article_published_time":"2019-12-13T12:25:00+00:00","og_image":[{"url":"https:\/\/1.bp.blogspot.com\/-wzuFCvAHMQc\/XfOC6iMd7kI\/AAAAAAAAm1U\/PoNmGNpZ6hc6ljryhsoXJJs4iHxr8mGRgCLcBGAsYHQ\/s200\/MAG%252BS%2BFOTO%2BECCA.jpg","type":"","width":"","height":""}],"author":"ECCA","twitter_card":"summary_large_image","twitter_creator":"@eccaedu","twitter_site":"@eccaedu","twitter_misc":{"Written by":"ECCA","Estimated reading time":"1 minute"},"schema":{"@context":"https:\/\/schema.org","@graph":[{"@type":"Article","@id":"https:\/\/blognoticias.ecca.edu.es\/jovenes-mags-ecca-nos-ponemos-en-marcha\/#article","isPartOf":{"@id":"https:\/\/blognoticias.ecca.edu.es\/jovenes-mags-ecca-nos-ponemos-en-marcha\/"},"author":{"name":"ECCA","@id":"https:\/\/blognoticias.ecca.edu.es\/#\/schema\/person\/2f67aec1e9c175158bc25ac844a022ce"},"headline":"J\u00f3venes MAG+S ECCA, nos ponemos en marcha","datePublished":"2019-12-13T12:25:00+00:00","mainEntityOfPage":{"@id":"https:\/\/blognoticias.ecca.edu.es\/jovenes-mags-ecca-nos-ponemos-en-marcha\/"},"wordCount":134,"publisher":{"@id":"https:\/\/blognoticias.ecca.edu.es\/#organization"},"image":{"@id":"https:\/\/blognoticias.ecca.edu.es\/jovenes-mags-ecca-nos-ponemos-en-marcha\/#primaryimage"},"thumbnailUrl":"https:\/\/1.bp.blogspot.com\/-wzuFCvAHMQc\/XfOC6iMd7kI\/AAAAAAAAm1U\/PoNmGNpZ6hc6ljryhsoXJJs4iHxr8mGRgCLcBGAsYHQ\/s200\/MAG%252BS%2BFOTO%2BECCA.jpg","articleSection":["j\u00f3venes","MAG+S"],"inLanguage":"en-GB"},{"@type":"WebPage","@id":"https:\/\/blognoticias.ecca.edu.es\/jovenes-mags-ecca-nos-ponemos-en-marcha\/","url":"https:\/\/blognoticias.ecca.edu.es\/jovenes-mags-ecca-nos-ponemos-en-marcha\/","name":"J\u00f3venes MAG+S ECCA, nos ponemos en marcha","isPartOf":{"@id":"https:\/\/blognoticias.ecca.edu.es\/#website"},"primaryImageOfPage":{"@id":"https:\/\/blognoticias.ecca.edu.es\/jovenes-mags-ecca-nos-ponemos-en-marcha\/#primaryimage"},"image":{"@id":"https:\/\/blognoticias.ecca.edu.es\/jovenes-mags-ecca-nos-ponemos-en-marcha\/#primaryimage"},"thumbnailUrl":"https:\/\/1.bp.blogspot.com\/-wzuFCvAHMQc\/XfOC6iMd7kI\/AAAAAAAAm1U\/PoNmGNpZ6hc6ljryhsoXJJs4iHxr8mGRgCLcBGAsYHQ\/s200\/MAG%252BS%2BFOTO%2BECCA.jpg","datePublished":"2019-12-13T12:25:00+00:00","breadcrumb":{"@id":"https:\/\/blognoticias.ecca.edu.es\/jovenes-mags-ecca-nos-ponemos-en-marcha\/#breadcrumb"},"inLanguage":"en-GB","potentialAction":[{"@type":"ReadAction","target":["https:\/\/blognoticias.ecca.edu.es\/jovenes-mags-ecca-nos-ponemos-en-marcha\/"]}]},{"@type":"ImageObject","inLanguage":"en-GB","@id":"https:\/\/blognoticias.ecca.edu.es\/jovenes-mags-ecca-nos-ponemos-en-marcha\/#primaryimage","url":"https:\/\/1.bp.blogspot.com\/-wzuFCvAHMQc\/XfOC6iMd7kI\/AAAAAAAAm1U\/PoNmGNpZ6hc6ljryhsoXJJs4iHxr8mGRgCLcBGAsYHQ\/s200\/MAG%252BS%2BFOTO%2BECCA.jpg","contentUrl":"https:\/\/1.bp.blogspot.com\/-wzuFCvAHMQc\/XfOC6iMd7kI\/AAAAAAAAm1U\/PoNmGNpZ6hc6ljryhsoXJJs4iHxr8mGRgCLcBGAsYHQ\/s200\/MAG%252BS%2BFOTO%2BECCA.jpg"},{"@type":"BreadcrumbList","@id":"https:\/\/blognoticias.ecca.edu.es\/jovenes-mags-ecca-nos-ponemos-en-marcha\/#breadcrumb","itemListElement":[{"@type":"ListItem","position":1,"name":"Portada","item":"https:\/\/blognoticias.ecca.edu.es\/"},{"@type":"ListItem","position":2,"name":"J\u00f3venes MAG+S ECCA, nos ponemos en marcha"}]},{"@type":"WebSite","@id":"https:\/\/blognoticias.ecca.edu.es\/#website","url":"https:\/\/blognoticias.ecca.edu.es\/","name":"Blog Noticias Ecca","description":"","publisher":{"@id":"https:\/\/blognoticias.ecca.edu.es\/#organization"},"potentialAction":[{"@type":"SearchAction","target":{"@type":"EntryPoint","urlTemplate":"https:\/\/blognoticias.ecca.edu.es\/?s={search_term_string}"},"query-input":{"@type":"PropertyValueSpecification","valueRequired":true,"valueName":"search_term_string"}}],"inLanguage":"en-GB"},{"@type":"Organization","@id":"https:\/\/blognoticias.ecca.edu.es\/#organization","name":"Blog Noticias Ecca","url":"https:\/\/blognoticias.ecca.edu.es\/","logo":{"@type":"ImageObject","inLanguage":"en-GB","@id":"https:\/\/blognoticias.ecca.edu.es\/#\/schema\/logo\/image\/","url":"https:\/\/blognoticias.ecca.edu.es\/wp-content\/uploads\/2023\/02\/cropped-cropped-cropped-cropped-Logo-Ecca.edu_.png","contentUrl":"https:\/\/blognoticias.ecca.edu.es\/wp-content\/uploads\/2023\/02\/cropped-cropped-cropped-cropped-Logo-Ecca.edu_.png","width":293,"height":45,"caption":"Blog Noticias Ecca"},"image":{"@id":"https:\/\/blognoticias.ecca.edu.es\/#\/schema\/logo\/image\/"},"sameAs":["https:\/\/www.facebook.com\/ecca.edu.es","https:\/\/x.com\/eccaedu","https:\/\/www.instagram.com\/"]},{"@type":"Person","@id":"https:\/\/blognoticias.ecca.edu.es\/#\/schema\/person\/2f67aec1e9c175158bc25ac844a022ce","name":"ECCA","image":{"@type":"ImageObject","inLanguage":"en-GB","@id":"https:\/\/blognoticias.ecca.edu.es\/#\/schema\/person\/image\/","url":"https:\/\/blognoticias.ecca.edu.es\/wp-content\/uploads\/2023\/02\/LOGO-ECCAEDU-1-150x150.png","contentUrl":"https:\/\/blognoticias.ecca.edu.es\/wp-content\/uploads\/2023\/02\/LOGO-ECCAEDU-1-150x150.png","caption":"ECCA"},"sameAs":["https:\/\/blognoticias.ecca.edu.es"],"url":"https:\/\/blognoticias.ecca.edu.es\/en\/author\/admin\/"}]}},"_links":{"self":[{"href":"https:\/\/blognoticias.ecca.edu.es\/en\/wp-json\/wp\/v2\/posts\/3510","targetHints":{"allow":["GET"]}}],"collection":[{"href":"https:\/\/blognoticias.ecca.edu.es\/en\/wp-json\/wp\/v2\/posts"}],"about":[{"href":"https:\/\/blognoticias.ecca.edu.es\/en\/wp-json\/wp\/v2\/types\/post"}],"author":[{"embeddable":true,"href":"https:\/\/blognoticias.ecca.edu.es\/en\/wp-json\/wp\/v2\/users\/1"}],"replies":[{"embeddable":true,"href":"https:\/\/blognoticias.ecca.edu.es\/en\/wp-json\/wp\/v2\/comments?post=3510"}],"version-history":[{"count":0,"href":"https:\/\/blognoticias.ecca.edu.es\/en\/wp-json\/wp\/v2\/posts\/3510\/revisions"}],"wp:attachment":[{"href":"https:\/\/blognoticias.ecca.edu.es\/en\/wp-json\/wp\/v2\/media?parent=3510"}],"wp:term":[{"taxonomy":"category","embeddable":true,"href":"https:\/\/blognoticias.ecca.edu.es\/en\/wp-json\/wp\/v2\/categories?post=3510"},{"taxonomy":"post_tag","embeddable":true,"href":"https:\/\/blognoticias.ecca.edu.es\/en\/wp-json\/wp\/v2\/tags?post=3510"}],"curies":[{"name":"wp","href":"https:\/\/api.w.org\/{rel}","templated":true}]}}