{"id":3452,"date":"2020-07-01T13:51:00","date_gmt":"2020-07-01T13:51:00","guid":{"rendered":"https:\/\/blognoticias.ecca.edu.es\/contigo-en-marcha\/"},"modified":"2020-07-01T13:51:00","modified_gmt":"2020-07-01T13:51:00","slug":"contigo-en-marcha","status":"publish","type":"post","link":"https:\/\/blognoticias.ecca.edu.es\/en\/contigo-en-marcha\/","title":{"rendered":"&#8216;CONTIGO&#8217; en marcha"},"content":{"rendered":"<div class='booster-block booster-read-block'>\n                <div class=\"twp-read-time\">\n                \t<i class=\"booster-icon twp-clock\"><\/i> <span>Tiempo de lectura:<\/span>1 Minutos, 10 Segundos                <\/div>\n\n            <\/div><div style=\"text-align: justify;\">\n<b>EL Programa \u201cCONTIGO\u201d est\u00e1 subvencionado por la Consejer\u00eda de Empleo, Pol\u00edticas Sociales y Vivienda del Gobierno de Canarias como <i>Programa de inter\u00e9s social financiado con cargo a la asignaci\u00f3n tributaria del IRPF<\/i><\/b><\/div>\n<div style=\"text-align: justify;\">\n<\/div>\n<div style=\"text-align: justify;\">\nEl programa tiene impacto en Gran Canaria, Tenerife, La Palma y Lanzarote. En las dos \u00faltimas arranca con 15 plazas para las y los Menores Extranjeros No Acompa\u00f1ados. En las islas capitalinas, el programa contar\u00e1 con 30 plazas. Durante el mes de junio se ha ido recorriendo estas islas visitando centros que estaban interesados en conocer el programa y explic\u00e1ndoles a j\u00f3venes el programa y la importancia de la voluntariedad y el compromiso como agente protagonista en \u00e9l.<\/p>\n<table cellpadding=\"0\" cellspacing=\"0\" style=\"float: right; margin-left: 1em; text-align: right;\">\n<tbody>\n<tr>\n<td style=\"text-align: center;\"><a href=\"https:\/\/1.bp.blogspot.com\/-aUQ7r1E1y2g\/XvyWvPg90GI\/AAAAAAAADow\/GmnJ0NnyeKsZXzrAYLT_SusbYMiFbGSWQCLcBGAsYHQ\/s1600\/Autor%2Bde%2Bla%2Bimagen%2BMohamedamine%2BAbbas.jpg\" style=\"clear: right; margin-bottom: 1em; margin-left: auto; margin-right: auto;\"><img loading=\"lazy\" decoding=\"async\" border=\"0\" data-original-height=\"1600\" data-original-width=\"1066\" height=\"200\" src=\"https:\/\/1.bp.blogspot.com\/-aUQ7r1E1y2g\/XvyWvPg90GI\/AAAAAAAADow\/GmnJ0NnyeKsZXzrAYLT_SusbYMiFbGSWQCLcBGAsYHQ\/s200\/Autor%2Bde%2Bla%2Bimagen%2BMohamedamine%2BAbbas.jpg\" width=\"133\" \/><\/a><\/td>\n<\/tr>\n<tr>\n<td style=\"text-align: center;\">\n<table cellpadding=\"0\" cellspacing=\"0\" style=\"float: right; margin-left: 1em; text-align: right;\">\n<tbody>\n<tr>\n<td style=\"font-size: 12.8px; text-align: center;\"><span style=\"font-size: xx-small;\">Autor imagen: Mohamedamine Abbas<\/span><\/td>\n<\/tr>\n<\/tbody>\n<\/table>\n<\/td>\n<\/tr>\n<\/tbody>\n<\/table>\n<p><\/div>\n<div style=\"text-align: justify;\">\n<\/div>\n<div style=\"text-align: justify;\">\nSe va conociendo la necesidad de formaci\u00f3n en este colectivo en especial, velando por la formaci\u00f3n e inserci\u00f3n sociolaboral. Se busca asegurar que durante este a\u00f1o 2020&nbsp; el programa CONTIGO sea un \u00e9xito, y que los chicos\/as reciban una formaci\u00f3n de calidad y puedan sacar provecho a este programa.<\/div>\n<div style=\"text-align: justify;\">\n<\/div>\n<div style=\"text-align: justify;\">\nYa se conoce a la mayor\u00eda de los\/as j\u00f3venes que desean participar, donde se estudia cada caso de manera individualizada para que opten a esta formaci\u00f3n quienes tengan m\u00e1s necesidad de ello. Antes de que finalizara junio, los&nbsp; y las profesionales del proyecto se hab\u00edan sentado con cada joven seleccionado para realizar un itinerario personalizado y dar comienzo, as\u00ed, el programa a principios del mes de julio.<\/div>\n<div>\n<\/div>\n<div style=\"text-align: center;\">\n<a href=\"http:\/\/3.bp.blogspot.com\/-46LQArJGjKM\/XvyUcNBMILI\/AAAAAAAADoo\/YwkGQ-JUyfgsird1piaQ0Yhr4ckt5x6pwCK4BGAYYCw\/s1600\/%25C3%25B1a%25C3%25B1a%25C3%25B1a.png\"><img loading=\"lazy\" decoding=\"async\" border=\"0\" height=\"140\" src=\"https:\/\/3.bp.blogspot.com\/-46LQArJGjKM\/XvyUcNBMILI\/AAAAAAAADoo\/YwkGQ-JUyfgsird1piaQ0Yhr4ckt5x6pwCK4BGAYYCw\/s640\/%25C3%25B1a%25C3%25B1a%25C3%25B1a.png\" width=\"640\" \/><\/a><\/div>","protected":false},"excerpt":{"rendered":"<p>EL Programa \u201cCONTIGO\u201d est\u00e1 subvencionado por la Consejer\u00eda de Empleo, Pol\u00edticas Sociales y Vivienda del Gobierno de Canarias como Programa de inter\u00e9s social financiado con cargo a la asignaci\u00f3n tributaria del IRPF El programa tiene impacto en Gran Canaria, Tenerife, La Palma y Lanzarote. En las dos \u00faltimas arranca con 15 plazas para las y [&hellip;]<\/p>","protected":false},"author":1,"featured_media":0,"comment_status":"","ping_status":"","sticky":false,"template":"","format":"standard","meta":{"footnotes":""},"categories":[102,103,106],"tags":[],"class_list":["post-3452","post","type-post","status-publish","format-standard","hentry","category-comunicacion","category-comunicacion-ecca","category-relevante"],"yoast_head":"<!-- This site is optimized with the Yoast SEO plugin v25.9 - https:\/\/yoast.com\/wordpress\/plugins\/seo\/ -->\n<title>&#039;CONTIGO&#039; en marcha<\/title>\n<meta name=\"robots\" content=\"index, follow, max-snippet:-1, max-image-preview:large, max-video-preview:-1\" \/>\n<link rel=\"canonical\" href=\"https:\/\/blognoticias.ecca.edu.es\/en\/contigo-en-marcha\/\" \/>\n<meta property=\"og:locale\" content=\"en_GB\" \/>\n<meta property=\"og:type\" content=\"article\" \/>\n<meta property=\"og:title\" content=\"&#039;CONTIGO&#039; en marcha\" \/>\n<meta property=\"og:description\" content=\"EL Programa \u201cCONTIGO\u201d est\u00e1 subvencionado por la Consejer\u00eda de Empleo, Pol\u00edticas Sociales y Vivienda del Gobierno de Canarias como Programa de inter\u00e9s social financiado con cargo a la asignaci\u00f3n tributaria del IRPF El programa tiene impacto en Gran Canaria, Tenerife, La Palma y Lanzarote. En las dos \u00faltimas arranca con 15 plazas para las y [&hellip;]\" \/>\n<meta property=\"og:url\" content=\"https:\/\/blognoticias.ecca.edu.es\/en\/contigo-en-marcha\/\" \/>\n<meta property=\"og:site_name\" content=\"Blog Noticias Ecca\" \/>\n<meta property=\"article:publisher\" content=\"https:\/\/www.facebook.com\/ecca.edu.es\" \/>\n<meta property=\"article:published_time\" content=\"2020-07-01T13:51:00+00:00\" \/>\n<meta property=\"og:image\" content=\"https:\/\/1.bp.blogspot.com\/-aUQ7r1E1y2g\/XvyWvPg90GI\/AAAAAAAADow\/GmnJ0NnyeKsZXzrAYLT_SusbYMiFbGSWQCLcBGAsYHQ\/s200\/Autor%2Bde%2Bla%2Bimagen%2BMohamedamine%2BAbbas.jpg\" \/>\n<meta name=\"author\" content=\"ECCA\" \/>\n<meta name=\"twitter:card\" content=\"summary_large_image\" \/>\n<meta name=\"twitter:creator\" content=\"@eccaedu\" \/>\n<meta name=\"twitter:site\" content=\"@eccaedu\" \/>\n<meta name=\"twitter:label1\" content=\"Written by\" \/>\n\t<meta name=\"twitter:data1\" content=\"ECCA\" \/>\n\t<meta name=\"twitter:label2\" content=\"Estimated reading time\" \/>\n\t<meta name=\"twitter:data2\" content=\"1 minute\" \/>\n<script type=\"application\/ld+json\" class=\"yoast-schema-graph\">{\"@context\":\"https:\/\/schema.org\",\"@graph\":[{\"@type\":\"Article\",\"@id\":\"https:\/\/blognoticias.ecca.edu.es\/contigo-en-marcha\/#article\",\"isPartOf\":{\"@id\":\"https:\/\/blognoticias.ecca.edu.es\/contigo-en-marcha\/\"},\"author\":{\"name\":\"ECCA\",\"@id\":\"https:\/\/blognoticias.ecca.edu.es\/#\/schema\/person\/2f67aec1e9c175158bc25ac844a022ce\"},\"headline\":\"&#8216;CONTIGO&#8217; en marcha\",\"datePublished\":\"2020-07-01T13:51:00+00:00\",\"mainEntityOfPage\":{\"@id\":\"https:\/\/blognoticias.ecca.edu.es\/contigo-en-marcha\/\"},\"wordCount\":251,\"publisher\":{\"@id\":\"https:\/\/blognoticias.ecca.edu.es\/#organization\"},\"image\":{\"@id\":\"https:\/\/blognoticias.ecca.edu.es\/contigo-en-marcha\/#primaryimage\"},\"thumbnailUrl\":\"https:\/\/1.bp.blogspot.com\/-aUQ7r1E1y2g\/XvyWvPg90GI\/AAAAAAAADow\/GmnJ0NnyeKsZXzrAYLT_SusbYMiFbGSWQCLcBGAsYHQ\/s200\/Autor%2Bde%2Bla%2Bimagen%2BMohamedamine%2BAbbas.jpg\",\"articleSection\":[\"Comunicaci\u00f3n\",\"Comunicaci\u00f3n ECCA\",\"Relevante\"],\"inLanguage\":\"en-GB\"},{\"@type\":\"WebPage\",\"@id\":\"https:\/\/blognoticias.ecca.edu.es\/contigo-en-marcha\/\",\"url\":\"https:\/\/blognoticias.ecca.edu.es\/contigo-en-marcha\/\",\"name\":\"'CONTIGO' en marcha\",\"isPartOf\":{\"@id\":\"https:\/\/blognoticias.ecca.edu.es\/#website\"},\"primaryImageOfPage\":{\"@id\":\"https:\/\/blognoticias.ecca.edu.es\/contigo-en-marcha\/#primaryimage\"},\"image\":{\"@id\":\"https:\/\/blognoticias.ecca.edu.es\/contigo-en-marcha\/#primaryimage\"},\"thumbnailUrl\":\"https:\/\/1.bp.blogspot.com\/-aUQ7r1E1y2g\/XvyWvPg90GI\/AAAAAAAADow\/GmnJ0NnyeKsZXzrAYLT_SusbYMiFbGSWQCLcBGAsYHQ\/s200\/Autor%2Bde%2Bla%2Bimagen%2BMohamedamine%2BAbbas.jpg\",\"datePublished\":\"2020-07-01T13:51:00+00:00\",\"breadcrumb\":{\"@id\":\"https:\/\/blognoticias.ecca.edu.es\/contigo-en-marcha\/#breadcrumb\"},\"inLanguage\":\"en-GB\",\"potentialAction\":[{\"@type\":\"ReadAction\",\"target\":[\"https:\/\/blognoticias.ecca.edu.es\/contigo-en-marcha\/\"]}]},{\"@type\":\"ImageObject\",\"inLanguage\":\"en-GB\",\"@id\":\"https:\/\/blognoticias.ecca.edu.es\/contigo-en-marcha\/#primaryimage\",\"url\":\"https:\/\/1.bp.blogspot.com\/-aUQ7r1E1y2g\/XvyWvPg90GI\/AAAAAAAADow\/GmnJ0NnyeKsZXzrAYLT_SusbYMiFbGSWQCLcBGAsYHQ\/s200\/Autor%2Bde%2Bla%2Bimagen%2BMohamedamine%2BAbbas.jpg\",\"contentUrl\":\"https:\/\/1.bp.blogspot.com\/-aUQ7r1E1y2g\/XvyWvPg90GI\/AAAAAAAADow\/GmnJ0NnyeKsZXzrAYLT_SusbYMiFbGSWQCLcBGAsYHQ\/s200\/Autor%2Bde%2Bla%2Bimagen%2BMohamedamine%2BAbbas.jpg\"},{\"@type\":\"BreadcrumbList\",\"@id\":\"https:\/\/blognoticias.ecca.edu.es\/contigo-en-marcha\/#breadcrumb\",\"itemListElement\":[{\"@type\":\"ListItem\",\"position\":1,\"name\":\"Portada\",\"item\":\"https:\/\/blognoticias.ecca.edu.es\/\"},{\"@type\":\"ListItem\",\"position\":2,\"name\":\"&#8216;CONTIGO&#8217; en marcha\"}]},{\"@type\":\"WebSite\",\"@id\":\"https:\/\/blognoticias.ecca.edu.es\/#website\",\"url\":\"https:\/\/blognoticias.ecca.edu.es\/\",\"name\":\"Blog Noticias Ecca\",\"description\":\"\",\"publisher\":{\"@id\":\"https:\/\/blognoticias.ecca.edu.es\/#organization\"},\"potentialAction\":[{\"@type\":\"SearchAction\",\"target\":{\"@type\":\"EntryPoint\",\"urlTemplate\":\"https:\/\/blognoticias.ecca.edu.es\/?s={search_term_string}\"},\"query-input\":{\"@type\":\"PropertyValueSpecification\",\"valueRequired\":true,\"valueName\":\"search_term_string\"}}],\"inLanguage\":\"en-GB\"},{\"@type\":\"Organization\",\"@id\":\"https:\/\/blognoticias.ecca.edu.es\/#organization\",\"name\":\"Blog Noticias Ecca\",\"url\":\"https:\/\/blognoticias.ecca.edu.es\/\",\"logo\":{\"@type\":\"ImageObject\",\"inLanguage\":\"en-GB\",\"@id\":\"https:\/\/blognoticias.ecca.edu.es\/#\/schema\/logo\/image\/\",\"url\":\"https:\/\/blognoticias.ecca.edu.es\/wp-content\/uploads\/2023\/02\/cropped-cropped-cropped-cropped-Logo-Ecca.edu_.png\",\"contentUrl\":\"https:\/\/blognoticias.ecca.edu.es\/wp-content\/uploads\/2023\/02\/cropped-cropped-cropped-cropped-Logo-Ecca.edu_.png\",\"width\":293,\"height\":45,\"caption\":\"Blog Noticias Ecca\"},\"image\":{\"@id\":\"https:\/\/blognoticias.ecca.edu.es\/#\/schema\/logo\/image\/\"},\"sameAs\":[\"https:\/\/www.facebook.com\/ecca.edu.es\",\"https:\/\/x.com\/eccaedu\",\"https:\/\/www.instagram.com\/\"]},{\"@type\":\"Person\",\"@id\":\"https:\/\/blognoticias.ecca.edu.es\/#\/schema\/person\/2f67aec1e9c175158bc25ac844a022ce\",\"name\":\"ECCA\",\"image\":{\"@type\":\"ImageObject\",\"inLanguage\":\"en-GB\",\"@id\":\"https:\/\/blognoticias.ecca.edu.es\/#\/schema\/person\/image\/\",\"url\":\"https:\/\/blognoticias.ecca.edu.es\/wp-content\/uploads\/2023\/02\/LOGO-ECCAEDU-1-150x150.png\",\"contentUrl\":\"https:\/\/blognoticias.ecca.edu.es\/wp-content\/uploads\/2023\/02\/LOGO-ECCAEDU-1-150x150.png\",\"caption\":\"ECCA\"},\"sameAs\":[\"https:\/\/blognoticias.ecca.edu.es\"],\"url\":\"https:\/\/blognoticias.ecca.edu.es\/en\/author\/admin\/\"}]}<\/script>\n<!-- \/ Yoast SEO plugin. -->","yoast_head_json":{"title":"'CONTIGO' en marcha","robots":{"index":"index","follow":"follow","max-snippet":"max-snippet:-1","max-image-preview":"max-image-preview:large","max-video-preview":"max-video-preview:-1"},"canonical":"https:\/\/blognoticias.ecca.edu.es\/en\/contigo-en-marcha\/","og_locale":"en_GB","og_type":"article","og_title":"'CONTIGO' en marcha","og_description":"EL Programa \u201cCONTIGO\u201d est\u00e1 subvencionado por la Consejer\u00eda de Empleo, Pol\u00edticas Sociales y Vivienda del Gobierno de Canarias como Programa de inter\u00e9s social financiado con cargo a la asignaci\u00f3n tributaria del IRPF El programa tiene impacto en Gran Canaria, Tenerife, La Palma y Lanzarote. En las dos \u00faltimas arranca con 15 plazas para las y [&hellip;]","og_url":"https:\/\/blognoticias.ecca.edu.es\/en\/contigo-en-marcha\/","og_site_name":"Blog Noticias Ecca","article_publisher":"https:\/\/www.facebook.com\/ecca.edu.es","article_published_time":"2020-07-01T13:51:00+00:00","og_image":[{"url":"https:\/\/1.bp.blogspot.com\/-aUQ7r1E1y2g\/XvyWvPg90GI\/AAAAAAAADow\/GmnJ0NnyeKsZXzrAYLT_SusbYMiFbGSWQCLcBGAsYHQ\/s200\/Autor%2Bde%2Bla%2Bimagen%2BMohamedamine%2BAbbas.jpg","type":"","width":"","height":""}],"author":"ECCA","twitter_card":"summary_large_image","twitter_creator":"@eccaedu","twitter_site":"@eccaedu","twitter_misc":{"Written by":"ECCA","Estimated reading time":"1 minute"},"schema":{"@context":"https:\/\/schema.org","@graph":[{"@type":"Article","@id":"https:\/\/blognoticias.ecca.edu.es\/contigo-en-marcha\/#article","isPartOf":{"@id":"https:\/\/blognoticias.ecca.edu.es\/contigo-en-marcha\/"},"author":{"name":"ECCA","@id":"https:\/\/blognoticias.ecca.edu.es\/#\/schema\/person\/2f67aec1e9c175158bc25ac844a022ce"},"headline":"&#8216;CONTIGO&#8217; en marcha","datePublished":"2020-07-01T13:51:00+00:00","mainEntityOfPage":{"@id":"https:\/\/blognoticias.ecca.edu.es\/contigo-en-marcha\/"},"wordCount":251,"publisher":{"@id":"https:\/\/blognoticias.ecca.edu.es\/#organization"},"image":{"@id":"https:\/\/blognoticias.ecca.edu.es\/contigo-en-marcha\/#primaryimage"},"thumbnailUrl":"https:\/\/1.bp.blogspot.com\/-aUQ7r1E1y2g\/XvyWvPg90GI\/AAAAAAAADow\/GmnJ0NnyeKsZXzrAYLT_SusbYMiFbGSWQCLcBGAsYHQ\/s200\/Autor%2Bde%2Bla%2Bimagen%2BMohamedamine%2BAbbas.jpg","articleSection":["Comunicaci\u00f3n","Comunicaci\u00f3n ECCA","Relevante"],"inLanguage":"en-GB"},{"@type":"WebPage","@id":"https:\/\/blognoticias.ecca.edu.es\/contigo-en-marcha\/","url":"https:\/\/blognoticias.ecca.edu.es\/contigo-en-marcha\/","name":"'CONTIGO' en marcha","isPartOf":{"@id":"https:\/\/blognoticias.ecca.edu.es\/#website"},"primaryImageOfPage":{"@id":"https:\/\/blognoticias.ecca.edu.es\/contigo-en-marcha\/#primaryimage"},"image":{"@id":"https:\/\/blognoticias.ecca.edu.es\/contigo-en-marcha\/#primaryimage"},"thumbnailUrl":"https:\/\/1.bp.blogspot.com\/-aUQ7r1E1y2g\/XvyWvPg90GI\/AAAAAAAADow\/GmnJ0NnyeKsZXzrAYLT_SusbYMiFbGSWQCLcBGAsYHQ\/s200\/Autor%2Bde%2Bla%2Bimagen%2BMohamedamine%2BAbbas.jpg","datePublished":"2020-07-01T13:51:00+00:00","breadcrumb":{"@id":"https:\/\/blognoticias.ecca.edu.es\/contigo-en-marcha\/#breadcrumb"},"inLanguage":"en-GB","potentialAction":[{"@type":"ReadAction","target":["https:\/\/blognoticias.ecca.edu.es\/contigo-en-marcha\/"]}]},{"@type":"ImageObject","inLanguage":"en-GB","@id":"https:\/\/blognoticias.ecca.edu.es\/contigo-en-marcha\/#primaryimage","url":"https:\/\/1.bp.blogspot.com\/-aUQ7r1E1y2g\/XvyWvPg90GI\/AAAAAAAADow\/GmnJ0NnyeKsZXzrAYLT_SusbYMiFbGSWQCLcBGAsYHQ\/s200\/Autor%2Bde%2Bla%2Bimagen%2BMohamedamine%2BAbbas.jpg","contentUrl":"https:\/\/1.bp.blogspot.com\/-aUQ7r1E1y2g\/XvyWvPg90GI\/AAAAAAAADow\/GmnJ0NnyeKsZXzrAYLT_SusbYMiFbGSWQCLcBGAsYHQ\/s200\/Autor%2Bde%2Bla%2Bimagen%2BMohamedamine%2BAbbas.jpg"},{"@type":"BreadcrumbList","@id":"https:\/\/blognoticias.ecca.edu.es\/contigo-en-marcha\/#breadcrumb","itemListElement":[{"@type":"ListItem","position":1,"name":"Portada","item":"https:\/\/blognoticias.ecca.edu.es\/"},{"@type":"ListItem","position":2,"name":"&#8216;CONTIGO&#8217; en marcha"}]},{"@type":"WebSite","@id":"https:\/\/blognoticias.ecca.edu.es\/#website","url":"https:\/\/blognoticias.ecca.edu.es\/","name":"Blog Noticias Ecca","description":"","publisher":{"@id":"https:\/\/blognoticias.ecca.edu.es\/#organization"},"potentialAction":[{"@type":"SearchAction","target":{"@type":"EntryPoint","urlTemplate":"https:\/\/blognoticias.ecca.edu.es\/?s={search_term_string}"},"query-input":{"@type":"PropertyValueSpecification","valueRequired":true,"valueName":"search_term_string"}}],"inLanguage":"en-GB"},{"@type":"Organization","@id":"https:\/\/blognoticias.ecca.edu.es\/#organization","name":"Blog Noticias Ecca","url":"https:\/\/blognoticias.ecca.edu.es\/","logo":{"@type":"ImageObject","inLanguage":"en-GB","@id":"https:\/\/blognoticias.ecca.edu.es\/#\/schema\/logo\/image\/","url":"https:\/\/blognoticias.ecca.edu.es\/wp-content\/uploads\/2023\/02\/cropped-cropped-cropped-cropped-Logo-Ecca.edu_.png","contentUrl":"https:\/\/blognoticias.ecca.edu.es\/wp-content\/uploads\/2023\/02\/cropped-cropped-cropped-cropped-Logo-Ecca.edu_.png","width":293,"height":45,"caption":"Blog Noticias Ecca"},"image":{"@id":"https:\/\/blognoticias.ecca.edu.es\/#\/schema\/logo\/image\/"},"sameAs":["https:\/\/www.facebook.com\/ecca.edu.es","https:\/\/x.com\/eccaedu","https:\/\/www.instagram.com\/"]},{"@type":"Person","@id":"https:\/\/blognoticias.ecca.edu.es\/#\/schema\/person\/2f67aec1e9c175158bc25ac844a022ce","name":"ECCA","image":{"@type":"ImageObject","inLanguage":"en-GB","@id":"https:\/\/blognoticias.ecca.edu.es\/#\/schema\/person\/image\/","url":"https:\/\/blognoticias.ecca.edu.es\/wp-content\/uploads\/2023\/02\/LOGO-ECCAEDU-1-150x150.png","contentUrl":"https:\/\/blognoticias.ecca.edu.es\/wp-content\/uploads\/2023\/02\/LOGO-ECCAEDU-1-150x150.png","caption":"ECCA"},"sameAs":["https:\/\/blognoticias.ecca.edu.es"],"url":"https:\/\/blognoticias.ecca.edu.es\/en\/author\/admin\/"}]}},"_links":{"self":[{"href":"https:\/\/blognoticias.ecca.edu.es\/en\/wp-json\/wp\/v2\/posts\/3452","targetHints":{"allow":["GET"]}}],"collection":[{"href":"https:\/\/blognoticias.ecca.edu.es\/en\/wp-json\/wp\/v2\/posts"}],"about":[{"href":"https:\/\/blognoticias.ecca.edu.es\/en\/wp-json\/wp\/v2\/types\/post"}],"author":[{"embeddable":true,"href":"https:\/\/blognoticias.ecca.edu.es\/en\/wp-json\/wp\/v2\/users\/1"}],"replies":[{"embeddable":true,"href":"https:\/\/blognoticias.ecca.edu.es\/en\/wp-json\/wp\/v2\/comments?post=3452"}],"version-history":[{"count":0,"href":"https:\/\/blognoticias.ecca.edu.es\/en\/wp-json\/wp\/v2\/posts\/3452\/revisions"}],"wp:attachment":[{"href":"https:\/\/blognoticias.ecca.edu.es\/en\/wp-json\/wp\/v2\/media?parent=3452"}],"wp:term":[{"taxonomy":"category","embeddable":true,"href":"https:\/\/blognoticias.ecca.edu.es\/en\/wp-json\/wp\/v2\/categories?post=3452"},{"taxonomy":"post_tag","embeddable":true,"href":"https:\/\/blognoticias.ecca.edu.es\/en\/wp-json\/wp\/v2\/tags?post=3452"}],"curies":[{"name":"wp","href":"https:\/\/api.w.org\/{rel}","templated":true}]}}