{"id":3423,"date":"2020-11-17T14:21:00","date_gmt":"2020-11-17T14:21:00","guid":{"rendered":"https:\/\/blognoticias.ecca.edu.es\/radio-ecca-y-el-ayuntamiento-de-agaete-amplian-su-colaboracion\/"},"modified":"2020-11-17T14:21:00","modified_gmt":"2020-11-17T14:21:00","slug":"radio-ecca-y-el-ayuntamiento-de-agaete-amplian-su-colaboracion","status":"publish","type":"post","link":"https:\/\/blognoticias.ecca.edu.es\/en\/radio-ecca-y-el-ayuntamiento-de-agaete-amplian-su-colaboracion\/","title":{"rendered":"Radio ECCA y el Ayuntamiento de Agaete ampl\u00edan su colaboraci\u00f3n"},"content":{"rendered":"<div class='booster-block booster-read-block'>\n                <div class=\"twp-read-time\">\n                \t<i class=\"booster-icon twp-clock\"><\/i> <span>Tiempo de lectura:<\/span>1 Minutos, 40 Segundos                <\/div>\n\n            <\/div><div style=\"text-align: justify;\"><b>Jos\u00e9 Mar\u00eda Segura Salvador, director general de Radio ECCA, y Mar\u00eda del Carmen Rosario, alcaldesa del municipio de Agaete, firmaron el pasado jueves el convenio que da car\u00e1cter oficial a la colaboraci\u00f3n que vienen manteniendo ambas instituciones.&nbsp;<\/b><\/div>\n<div style=\"text-align: justify;\"><\/div>\n<div style=\"text-align: justify;\">En el acto tambi\u00e9n estuvieron presentes el concejal de Educaci\u00f3n, Chani Su\u00e1rez, la delegada en la zona norte de Gran Canaria de Radio ECCA, Elena Gonz\u00e1lez, as\u00ed como la responsable de Relaciones Institucionales, Mar\u00eda Jos\u00e9 D\u00edaz, y la profesora en el municipio, Noelia Garc\u00eda.&nbsp;<\/div>\n<div style=\"text-align: justify;\"><\/div>\n<div style=\"text-align: justify;\">\n<table cellpadding=\"0\" cellspacing=\"0\" style=\"float: right; margin-left: 1em; text-align: justify;\">\n<tbody>\n<tr>\n<td style=\"text-align: center;\"><a href=\"https:\/\/lh3.googleusercontent.com\/-xd5qxr_n-to\/X7Pb8rMvsLI\/AAAAAAAAEJ0\/ra40ZmxmBzIUnVe6uJ5qRxLOmEYsWXsBwCLcBGAsYHQ\/WhatsApp%2BImage%2B2020-11-13%2Bat%2B09.42.59.jpeg\" style=\"margin-left: auto; margin-right: auto;\"><img loading=\"lazy\" decoding=\"async\" alt=\"\" data-original-height=\"1200\" data-original-width=\"1600\" height=\"240\" src=\"https:\/\/lh3.googleusercontent.com\/-xd5qxr_n-to\/X7Pb8rMvsLI\/AAAAAAAAEJ0\/ra40ZmxmBzIUnVe6uJ5qRxLOmEYsWXsBwCLcBGAsYHQ\/WhatsApp%2BImage%2B2020-11-13%2Bat%2B09.42.59.jpeg\" width=\"320\" \/><\/a><\/td>\n<\/tr>\n<tr>\n<td style=\"text-align: left;\">Momento de la firma.<\/td>\n<\/tr>\n<\/tbody>\n<\/table>\n<div style=\"text-align: justify;\">Con este convenio de colaboraci\u00f3n se pretende que la formaci\u00f3n y la cultura puedan llegar a todas las personas que, por diferentes circunstancias, no han podido acceder o finalizar sus estudios. Mar\u00eda del Carmen Rosario expres\u00f3 la necesidad de garantizar la ense\u00f1anza y formaci\u00f3n en el municipio a las personas interesadas en continuarlos, al tiempo que felicit\u00f3 al director de la Emisora Cultural \u00abpor la excelente labor de formaci\u00f3n que realizan\u00bb.&nbsp;<\/div>\n<\/div>\n<div style=\"text-align: justify;\"><\/div>\n<div style=\"text-align: justify;\">Jos\u00e9 Mar\u00eda Segura agradeci\u00f3 el apoyo y la colaboraci\u00f3n del ayuntamiento porque \u201cjuntos somos m\u00e1s fuertes y podemos llegar a m\u00e1s personas. La misi\u00f3n de Radio ECCA solo es posible en alianza y los ayuntamientos son una parte esencial de la misma porque son las administraciones m\u00e1s cercanas a las personas\u201d.&nbsp;<\/div>\n<div style=\"text-align: justify;\"><\/div>\n<div style=\"text-align: justify;\">El acuerdo entre ambas instituciones tiene varios frentes: por un lado, la emisora municipal conectar\u00e1 de lunes a viernes, entre las 08:00 y las 09:00h, con Radio ECCA para ofrecer a la poblaci\u00f3n del municipio el informativo de la ma\u00f1ana. Por otro, el ayuntamiento aporta 3000 euros para becar la formaci\u00f3n en todos los niveles educativos de las personas residentes en Agaete con mayores necesidades educativas y econ\u00f3micas. Adem\u00e1s de la Biblioteca Municipal Manuel Alem\u00e1n, Radio ECCA contar\u00e1 con otro centro de orientaci\u00f3n en la Biblioteca Municipal del Valle, con lo que se mejorar\u00e1 la atenci\u00f3n al alumnado del municipio.<\/div>\n<div style=\"text-align: justify;\"><\/div>\n<div style=\"text-align: justify;\">Mar\u00eda del Carmen Rosario pas\u00f3 por los micr\u00f3fonos del magac\u00edn <i>Lo nuestro.<\/i> Se puede o\u00edr la entrevista <a href=\"https:\/\/go.ivoox.com\/rf\/60360148\">aqu\u00ed<\/a>.<\/div>\n<div style=\"text-align: justify;\"><\/div>\n<div style=\"text-align: justify;\">\n<table cellpadding=\"0\" cellspacing=\"0\" style=\"margin-left: auto; margin-right: auto; text-align: center;\">\n<tbody>\n<tr>\n<td style=\"text-align: center;\"><a href=\"https:\/\/lh3.googleusercontent.com\/-LpaedZhUaz4\/X7PcAAzzQaI\/AAAAAAAAEJ4\/X-rxJO-3EaogiWbF103gpVSioAQXzSObwCLcBGAsYHQ\/WhatsApp%2BImage%2B2020-11-13%2Bat%2B09.43.44.jpeg\" style=\"margin-left: auto; margin-right: auto;\"><img loading=\"lazy\" decoding=\"async\" alt=\"\" data-original-height=\"1200\" data-original-width=\"1600\" height=\"240\" src=\"https:\/\/lh3.googleusercontent.com\/-LpaedZhUaz4\/X7PcAAzzQaI\/AAAAAAAAEJ4\/X-rxJO-3EaogiWbF103gpVSioAQXzSObwCLcBGAsYHQ\/WhatsApp%2BImage%2B2020-11-13%2Bat%2B09.43.44.jpeg\" width=\"320\" \/><\/a><\/td>\n<\/tr>\n<tr>\n<td style=\"text-align: left;\">Foto de familia final.<\/td>\n<\/tr>\n<\/tbody>\n<\/table>\n<div style=\"text-align: left;\"><\/div>\n<p><\/div>","protected":false},"excerpt":{"rendered":"<p>Jos\u00e9 Mar\u00eda Segura Salvador, director general de Radio ECCA, y Mar\u00eda del Carmen Rosario, alcaldesa del municipio de Agaete, firmaron el pasado jueves el convenio que da car\u00e1cter oficial a la colaboraci\u00f3n que vienen manteniendo ambas instituciones.&nbsp; En el acto tambi\u00e9n estuvieron presentes el concejal de Educaci\u00f3n, Chani Su\u00e1rez, la delegada en la zona norte [&hellip;]<\/p>","protected":false},"author":1,"featured_media":0,"comment_status":"","ping_status":"","sticky":false,"template":"","format":"standard","meta":{"footnotes":""},"categories":[102,103,106],"tags":[],"class_list":["post-3423","post","type-post","status-publish","format-standard","hentry","category-comunicacion","category-comunicacion-ecca","category-relevante"],"yoast_head":"<!-- This site is optimized with the Yoast SEO plugin v25.9 - https:\/\/yoast.com\/wordpress\/plugins\/seo\/ -->\n<title>Radio ECCA y el Ayuntamiento de Agaete ampl\u00edan su colaboraci\u00f3n<\/title>\n<meta name=\"robots\" content=\"index, follow, max-snippet:-1, max-image-preview:large, max-video-preview:-1\" \/>\n<link rel=\"canonical\" href=\"https:\/\/blognoticias.ecca.edu.es\/en\/radio-ecca-y-el-ayuntamiento-de-agaete-amplian-su-colaboracion\/\" \/>\n<meta property=\"og:locale\" content=\"en_GB\" \/>\n<meta property=\"og:type\" content=\"article\" \/>\n<meta property=\"og:title\" content=\"Radio ECCA y el Ayuntamiento de Agaete ampl\u00edan su colaboraci\u00f3n\" \/>\n<meta property=\"og:description\" content=\"Jos\u00e9 Mar\u00eda Segura Salvador, director general de Radio ECCA, y Mar\u00eda del Carmen Rosario, alcaldesa del municipio de Agaete, firmaron el pasado jueves el convenio que da car\u00e1cter oficial a la colaboraci\u00f3n que vienen manteniendo ambas instituciones.&nbsp; En el acto tambi\u00e9n estuvieron presentes el concejal de Educaci\u00f3n, Chani Su\u00e1rez, la delegada en la zona norte [&hellip;]\" \/>\n<meta property=\"og:url\" content=\"https:\/\/blognoticias.ecca.edu.es\/en\/radio-ecca-y-el-ayuntamiento-de-agaete-amplian-su-colaboracion\/\" \/>\n<meta property=\"og:site_name\" content=\"Blog Noticias Ecca\" \/>\n<meta property=\"article:publisher\" content=\"https:\/\/www.facebook.com\/ecca.edu.es\" \/>\n<meta property=\"article:published_time\" content=\"2020-11-17T14:21:00+00:00\" \/>\n<meta property=\"og:image\" content=\"https:\/\/lh3.googleusercontent.com\/-xd5qxr_n-to\/X7Pb8rMvsLI\/AAAAAAAAEJ0\/ra40ZmxmBzIUnVe6uJ5qRxLOmEYsWXsBwCLcBGAsYHQ\/WhatsApp%2BImage%2B2020-11-13%2Bat%2B09.42.59.jpeg\" \/>\n<meta name=\"author\" content=\"ECCA\" \/>\n<meta name=\"twitter:card\" content=\"summary_large_image\" \/>\n<meta name=\"twitter:creator\" content=\"@eccaedu\" \/>\n<meta name=\"twitter:site\" content=\"@eccaedu\" \/>\n<meta name=\"twitter:label1\" content=\"Written by\" \/>\n\t<meta name=\"twitter:data1\" content=\"ECCA\" \/>\n\t<meta name=\"twitter:label2\" content=\"Estimated reading time\" \/>\n\t<meta name=\"twitter:data2\" content=\"2 minutes\" \/>\n<script type=\"application\/ld+json\" class=\"yoast-schema-graph\">{\"@context\":\"https:\/\/schema.org\",\"@graph\":[{\"@type\":\"Article\",\"@id\":\"https:\/\/blognoticias.ecca.edu.es\/radio-ecca-y-el-ayuntamiento-de-agaete-amplian-su-colaboracion\/#article\",\"isPartOf\":{\"@id\":\"https:\/\/blognoticias.ecca.edu.es\/radio-ecca-y-el-ayuntamiento-de-agaete-amplian-su-colaboracion\/\"},\"author\":{\"name\":\"ECCA\",\"@id\":\"https:\/\/blognoticias.ecca.edu.es\/#\/schema\/person\/2f67aec1e9c175158bc25ac844a022ce\"},\"headline\":\"Radio ECCA y el Ayuntamiento de Agaete ampl\u00edan su colaboraci\u00f3n\",\"datePublished\":\"2020-11-17T14:21:00+00:00\",\"mainEntityOfPage\":{\"@id\":\"https:\/\/blognoticias.ecca.edu.es\/radio-ecca-y-el-ayuntamiento-de-agaete-amplian-su-colaboracion\/\"},\"wordCount\":378,\"publisher\":{\"@id\":\"https:\/\/blognoticias.ecca.edu.es\/#organization\"},\"image\":{\"@id\":\"https:\/\/blognoticias.ecca.edu.es\/radio-ecca-y-el-ayuntamiento-de-agaete-amplian-su-colaboracion\/#primaryimage\"},\"thumbnailUrl\":\"https:\/\/lh3.googleusercontent.com\/-xd5qxr_n-to\/X7Pb8rMvsLI\/AAAAAAAAEJ0\/ra40ZmxmBzIUnVe6uJ5qRxLOmEYsWXsBwCLcBGAsYHQ\/WhatsApp%2BImage%2B2020-11-13%2Bat%2B09.42.59.jpeg\",\"articleSection\":[\"Comunicaci\u00f3n\",\"Comunicaci\u00f3n ECCA\",\"Relevante\"],\"inLanguage\":\"en-GB\"},{\"@type\":\"WebPage\",\"@id\":\"https:\/\/blognoticias.ecca.edu.es\/radio-ecca-y-el-ayuntamiento-de-agaete-amplian-su-colaboracion\/\",\"url\":\"https:\/\/blognoticias.ecca.edu.es\/radio-ecca-y-el-ayuntamiento-de-agaete-amplian-su-colaboracion\/\",\"name\":\"Radio ECCA y el Ayuntamiento de Agaete ampl\u00edan su colaboraci\u00f3n\",\"isPartOf\":{\"@id\":\"https:\/\/blognoticias.ecca.edu.es\/#website\"},\"primaryImageOfPage\":{\"@id\":\"https:\/\/blognoticias.ecca.edu.es\/radio-ecca-y-el-ayuntamiento-de-agaete-amplian-su-colaboracion\/#primaryimage\"},\"image\":{\"@id\":\"https:\/\/blognoticias.ecca.edu.es\/radio-ecca-y-el-ayuntamiento-de-agaete-amplian-su-colaboracion\/#primaryimage\"},\"thumbnailUrl\":\"https:\/\/lh3.googleusercontent.com\/-xd5qxr_n-to\/X7Pb8rMvsLI\/AAAAAAAAEJ0\/ra40ZmxmBzIUnVe6uJ5qRxLOmEYsWXsBwCLcBGAsYHQ\/WhatsApp%2BImage%2B2020-11-13%2Bat%2B09.42.59.jpeg\",\"datePublished\":\"2020-11-17T14:21:00+00:00\",\"breadcrumb\":{\"@id\":\"https:\/\/blognoticias.ecca.edu.es\/radio-ecca-y-el-ayuntamiento-de-agaete-amplian-su-colaboracion\/#breadcrumb\"},\"inLanguage\":\"en-GB\",\"potentialAction\":[{\"@type\":\"ReadAction\",\"target\":[\"https:\/\/blognoticias.ecca.edu.es\/radio-ecca-y-el-ayuntamiento-de-agaete-amplian-su-colaboracion\/\"]}]},{\"@type\":\"ImageObject\",\"inLanguage\":\"en-GB\",\"@id\":\"https:\/\/blognoticias.ecca.edu.es\/radio-ecca-y-el-ayuntamiento-de-agaete-amplian-su-colaboracion\/#primaryimage\",\"url\":\"https:\/\/lh3.googleusercontent.com\/-xd5qxr_n-to\/X7Pb8rMvsLI\/AAAAAAAAEJ0\/ra40ZmxmBzIUnVe6uJ5qRxLOmEYsWXsBwCLcBGAsYHQ\/WhatsApp%2BImage%2B2020-11-13%2Bat%2B09.42.59.jpeg\",\"contentUrl\":\"https:\/\/lh3.googleusercontent.com\/-xd5qxr_n-to\/X7Pb8rMvsLI\/AAAAAAAAEJ0\/ra40ZmxmBzIUnVe6uJ5qRxLOmEYsWXsBwCLcBGAsYHQ\/WhatsApp%2BImage%2B2020-11-13%2Bat%2B09.42.59.jpeg\"},{\"@type\":\"BreadcrumbList\",\"@id\":\"https:\/\/blognoticias.ecca.edu.es\/radio-ecca-y-el-ayuntamiento-de-agaete-amplian-su-colaboracion\/#breadcrumb\",\"itemListElement\":[{\"@type\":\"ListItem\",\"position\":1,\"name\":\"Portada\",\"item\":\"https:\/\/blognoticias.ecca.edu.es\/\"},{\"@type\":\"ListItem\",\"position\":2,\"name\":\"Radio ECCA y el Ayuntamiento de Agaete ampl\u00edan su colaboraci\u00f3n\"}]},{\"@type\":\"WebSite\",\"@id\":\"https:\/\/blognoticias.ecca.edu.es\/#website\",\"url\":\"https:\/\/blognoticias.ecca.edu.es\/\",\"name\":\"Blog Noticias Ecca\",\"description\":\"\",\"publisher\":{\"@id\":\"https:\/\/blognoticias.ecca.edu.es\/#organization\"},\"potentialAction\":[{\"@type\":\"SearchAction\",\"target\":{\"@type\":\"EntryPoint\",\"urlTemplate\":\"https:\/\/blognoticias.ecca.edu.es\/?s={search_term_string}\"},\"query-input\":{\"@type\":\"PropertyValueSpecification\",\"valueRequired\":true,\"valueName\":\"search_term_string\"}}],\"inLanguage\":\"en-GB\"},{\"@type\":\"Organization\",\"@id\":\"https:\/\/blognoticias.ecca.edu.es\/#organization\",\"name\":\"Blog Noticias Ecca\",\"url\":\"https:\/\/blognoticias.ecca.edu.es\/\",\"logo\":{\"@type\":\"ImageObject\",\"inLanguage\":\"en-GB\",\"@id\":\"https:\/\/blognoticias.ecca.edu.es\/#\/schema\/logo\/image\/\",\"url\":\"https:\/\/blognoticias.ecca.edu.es\/wp-content\/uploads\/2023\/02\/cropped-cropped-cropped-cropped-Logo-Ecca.edu_.png\",\"contentUrl\":\"https:\/\/blognoticias.ecca.edu.es\/wp-content\/uploads\/2023\/02\/cropped-cropped-cropped-cropped-Logo-Ecca.edu_.png\",\"width\":293,\"height\":45,\"caption\":\"Blog Noticias Ecca\"},\"image\":{\"@id\":\"https:\/\/blognoticias.ecca.edu.es\/#\/schema\/logo\/image\/\"},\"sameAs\":[\"https:\/\/www.facebook.com\/ecca.edu.es\",\"https:\/\/x.com\/eccaedu\",\"https:\/\/www.instagram.com\/\"]},{\"@type\":\"Person\",\"@id\":\"https:\/\/blognoticias.ecca.edu.es\/#\/schema\/person\/2f67aec1e9c175158bc25ac844a022ce\",\"name\":\"ECCA\",\"image\":{\"@type\":\"ImageObject\",\"inLanguage\":\"en-GB\",\"@id\":\"https:\/\/blognoticias.ecca.edu.es\/#\/schema\/person\/image\/\",\"url\":\"https:\/\/blognoticias.ecca.edu.es\/wp-content\/uploads\/2023\/02\/LOGO-ECCAEDU-1-150x150.png\",\"contentUrl\":\"https:\/\/blognoticias.ecca.edu.es\/wp-content\/uploads\/2023\/02\/LOGO-ECCAEDU-1-150x150.png\",\"caption\":\"ECCA\"},\"sameAs\":[\"https:\/\/blognoticias.ecca.edu.es\"],\"url\":\"https:\/\/blognoticias.ecca.edu.es\/en\/author\/admin\/\"}]}<\/script>\n<!-- \/ Yoast SEO plugin. -->","yoast_head_json":{"title":"Radio ECCA y el Ayuntamiento de Agaete ampl\u00edan su colaboraci\u00f3n","robots":{"index":"index","follow":"follow","max-snippet":"max-snippet:-1","max-image-preview":"max-image-preview:large","max-video-preview":"max-video-preview:-1"},"canonical":"https:\/\/blognoticias.ecca.edu.es\/en\/radio-ecca-y-el-ayuntamiento-de-agaete-amplian-su-colaboracion\/","og_locale":"en_GB","og_type":"article","og_title":"Radio ECCA y el Ayuntamiento de Agaete ampl\u00edan su colaboraci\u00f3n","og_description":"Jos\u00e9 Mar\u00eda Segura Salvador, director general de Radio ECCA, y Mar\u00eda del Carmen Rosario, alcaldesa del municipio de Agaete, firmaron el pasado jueves el convenio que da car\u00e1cter oficial a la colaboraci\u00f3n que vienen manteniendo ambas instituciones.&nbsp; En el acto tambi\u00e9n estuvieron presentes el concejal de Educaci\u00f3n, Chani Su\u00e1rez, la delegada en la zona norte [&hellip;]","og_url":"https:\/\/blognoticias.ecca.edu.es\/en\/radio-ecca-y-el-ayuntamiento-de-agaete-amplian-su-colaboracion\/","og_site_name":"Blog Noticias Ecca","article_publisher":"https:\/\/www.facebook.com\/ecca.edu.es","article_published_time":"2020-11-17T14:21:00+00:00","og_image":[{"url":"https:\/\/lh3.googleusercontent.com\/-xd5qxr_n-to\/X7Pb8rMvsLI\/AAAAAAAAEJ0\/ra40ZmxmBzIUnVe6uJ5qRxLOmEYsWXsBwCLcBGAsYHQ\/WhatsApp%2BImage%2B2020-11-13%2Bat%2B09.42.59.jpeg","type":"","width":"","height":""}],"author":"ECCA","twitter_card":"summary_large_image","twitter_creator":"@eccaedu","twitter_site":"@eccaedu","twitter_misc":{"Written by":"ECCA","Estimated reading time":"2 minutes"},"schema":{"@context":"https:\/\/schema.org","@graph":[{"@type":"Article","@id":"https:\/\/blognoticias.ecca.edu.es\/radio-ecca-y-el-ayuntamiento-de-agaete-amplian-su-colaboracion\/#article","isPartOf":{"@id":"https:\/\/blognoticias.ecca.edu.es\/radio-ecca-y-el-ayuntamiento-de-agaete-amplian-su-colaboracion\/"},"author":{"name":"ECCA","@id":"https:\/\/blognoticias.ecca.edu.es\/#\/schema\/person\/2f67aec1e9c175158bc25ac844a022ce"},"headline":"Radio ECCA y el Ayuntamiento de Agaete ampl\u00edan su colaboraci\u00f3n","datePublished":"2020-11-17T14:21:00+00:00","mainEntityOfPage":{"@id":"https:\/\/blognoticias.ecca.edu.es\/radio-ecca-y-el-ayuntamiento-de-agaete-amplian-su-colaboracion\/"},"wordCount":378,"publisher":{"@id":"https:\/\/blognoticias.ecca.edu.es\/#organization"},"image":{"@id":"https:\/\/blognoticias.ecca.edu.es\/radio-ecca-y-el-ayuntamiento-de-agaete-amplian-su-colaboracion\/#primaryimage"},"thumbnailUrl":"https:\/\/lh3.googleusercontent.com\/-xd5qxr_n-to\/X7Pb8rMvsLI\/AAAAAAAAEJ0\/ra40ZmxmBzIUnVe6uJ5qRxLOmEYsWXsBwCLcBGAsYHQ\/WhatsApp%2BImage%2B2020-11-13%2Bat%2B09.42.59.jpeg","articleSection":["Comunicaci\u00f3n","Comunicaci\u00f3n ECCA","Relevante"],"inLanguage":"en-GB"},{"@type":"WebPage","@id":"https:\/\/blognoticias.ecca.edu.es\/radio-ecca-y-el-ayuntamiento-de-agaete-amplian-su-colaboracion\/","url":"https:\/\/blognoticias.ecca.edu.es\/radio-ecca-y-el-ayuntamiento-de-agaete-amplian-su-colaboracion\/","name":"Radio ECCA y el Ayuntamiento de Agaete ampl\u00edan su colaboraci\u00f3n","isPartOf":{"@id":"https:\/\/blognoticias.ecca.edu.es\/#website"},"primaryImageOfPage":{"@id":"https:\/\/blognoticias.ecca.edu.es\/radio-ecca-y-el-ayuntamiento-de-agaete-amplian-su-colaboracion\/#primaryimage"},"image":{"@id":"https:\/\/blognoticias.ecca.edu.es\/radio-ecca-y-el-ayuntamiento-de-agaete-amplian-su-colaboracion\/#primaryimage"},"thumbnailUrl":"https:\/\/lh3.googleusercontent.com\/-xd5qxr_n-to\/X7Pb8rMvsLI\/AAAAAAAAEJ0\/ra40ZmxmBzIUnVe6uJ5qRxLOmEYsWXsBwCLcBGAsYHQ\/WhatsApp%2BImage%2B2020-11-13%2Bat%2B09.42.59.jpeg","datePublished":"2020-11-17T14:21:00+00:00","breadcrumb":{"@id":"https:\/\/blognoticias.ecca.edu.es\/radio-ecca-y-el-ayuntamiento-de-agaete-amplian-su-colaboracion\/#breadcrumb"},"inLanguage":"en-GB","potentialAction":[{"@type":"ReadAction","target":["https:\/\/blognoticias.ecca.edu.es\/radio-ecca-y-el-ayuntamiento-de-agaete-amplian-su-colaboracion\/"]}]},{"@type":"ImageObject","inLanguage":"en-GB","@id":"https:\/\/blognoticias.ecca.edu.es\/radio-ecca-y-el-ayuntamiento-de-agaete-amplian-su-colaboracion\/#primaryimage","url":"https:\/\/lh3.googleusercontent.com\/-xd5qxr_n-to\/X7Pb8rMvsLI\/AAAAAAAAEJ0\/ra40ZmxmBzIUnVe6uJ5qRxLOmEYsWXsBwCLcBGAsYHQ\/WhatsApp%2BImage%2B2020-11-13%2Bat%2B09.42.59.jpeg","contentUrl":"https:\/\/lh3.googleusercontent.com\/-xd5qxr_n-to\/X7Pb8rMvsLI\/AAAAAAAAEJ0\/ra40ZmxmBzIUnVe6uJ5qRxLOmEYsWXsBwCLcBGAsYHQ\/WhatsApp%2BImage%2B2020-11-13%2Bat%2B09.42.59.jpeg"},{"@type":"BreadcrumbList","@id":"https:\/\/blognoticias.ecca.edu.es\/radio-ecca-y-el-ayuntamiento-de-agaete-amplian-su-colaboracion\/#breadcrumb","itemListElement":[{"@type":"ListItem","position":1,"name":"Portada","item":"https:\/\/blognoticias.ecca.edu.es\/"},{"@type":"ListItem","position":2,"name":"Radio ECCA y el Ayuntamiento de Agaete ampl\u00edan su colaboraci\u00f3n"}]},{"@type":"WebSite","@id":"https:\/\/blognoticias.ecca.edu.es\/#website","url":"https:\/\/blognoticias.ecca.edu.es\/","name":"Blog Noticias Ecca","description":"","publisher":{"@id":"https:\/\/blognoticias.ecca.edu.es\/#organization"},"potentialAction":[{"@type":"SearchAction","target":{"@type":"EntryPoint","urlTemplate":"https:\/\/blognoticias.ecca.edu.es\/?s={search_term_string}"},"query-input":{"@type":"PropertyValueSpecification","valueRequired":true,"valueName":"search_term_string"}}],"inLanguage":"en-GB"},{"@type":"Organization","@id":"https:\/\/blognoticias.ecca.edu.es\/#organization","name":"Blog Noticias Ecca","url":"https:\/\/blognoticias.ecca.edu.es\/","logo":{"@type":"ImageObject","inLanguage":"en-GB","@id":"https:\/\/blognoticias.ecca.edu.es\/#\/schema\/logo\/image\/","url":"https:\/\/blognoticias.ecca.edu.es\/wp-content\/uploads\/2023\/02\/cropped-cropped-cropped-cropped-Logo-Ecca.edu_.png","contentUrl":"https:\/\/blognoticias.ecca.edu.es\/wp-content\/uploads\/2023\/02\/cropped-cropped-cropped-cropped-Logo-Ecca.edu_.png","width":293,"height":45,"caption":"Blog Noticias Ecca"},"image":{"@id":"https:\/\/blognoticias.ecca.edu.es\/#\/schema\/logo\/image\/"},"sameAs":["https:\/\/www.facebook.com\/ecca.edu.es","https:\/\/x.com\/eccaedu","https:\/\/www.instagram.com\/"]},{"@type":"Person","@id":"https:\/\/blognoticias.ecca.edu.es\/#\/schema\/person\/2f67aec1e9c175158bc25ac844a022ce","name":"ECCA","image":{"@type":"ImageObject","inLanguage":"en-GB","@id":"https:\/\/blognoticias.ecca.edu.es\/#\/schema\/person\/image\/","url":"https:\/\/blognoticias.ecca.edu.es\/wp-content\/uploads\/2023\/02\/LOGO-ECCAEDU-1-150x150.png","contentUrl":"https:\/\/blognoticias.ecca.edu.es\/wp-content\/uploads\/2023\/02\/LOGO-ECCAEDU-1-150x150.png","caption":"ECCA"},"sameAs":["https:\/\/blognoticias.ecca.edu.es"],"url":"https:\/\/blognoticias.ecca.edu.es\/en\/author\/admin\/"}]}},"_links":{"self":[{"href":"https:\/\/blognoticias.ecca.edu.es\/en\/wp-json\/wp\/v2\/posts\/3423","targetHints":{"allow":["GET"]}}],"collection":[{"href":"https:\/\/blognoticias.ecca.edu.es\/en\/wp-json\/wp\/v2\/posts"}],"about":[{"href":"https:\/\/blognoticias.ecca.edu.es\/en\/wp-json\/wp\/v2\/types\/post"}],"author":[{"embeddable":true,"href":"https:\/\/blognoticias.ecca.edu.es\/en\/wp-json\/wp\/v2\/users\/1"}],"replies":[{"embeddable":true,"href":"https:\/\/blognoticias.ecca.edu.es\/en\/wp-json\/wp\/v2\/comments?post=3423"}],"version-history":[{"count":0,"href":"https:\/\/blognoticias.ecca.edu.es\/en\/wp-json\/wp\/v2\/posts\/3423\/revisions"}],"wp:attachment":[{"href":"https:\/\/blognoticias.ecca.edu.es\/en\/wp-json\/wp\/v2\/media?parent=3423"}],"wp:term":[{"taxonomy":"category","embeddable":true,"href":"https:\/\/blognoticias.ecca.edu.es\/en\/wp-json\/wp\/v2\/categories?post=3423"},{"taxonomy":"post_tag","embeddable":true,"href":"https:\/\/blognoticias.ecca.edu.es\/en\/wp-json\/wp\/v2\/tags?post=3423"}],"curies":[{"name":"wp","href":"https:\/\/api.w.org\/{rel}","templated":true}]}}