{"id":3421,"date":"2020-11-19T09:32:00","date_gmt":"2020-11-19T09:32:00","guid":{"rendered":"https:\/\/blognoticias.ecca.edu.es\/mujer-tenias-que-ser-proyecto-subvencionado-por-el-ayuntamiento-de-santa-cruz-de-tenerife-2\/"},"modified":"2020-11-19T09:32:00","modified_gmt":"2020-11-19T09:32:00","slug":"mujer-tenias-que-ser-proyecto-subvencionado-por-el-ayuntamiento-de-santa-cruz-de-tenerife-2","status":"publish","type":"post","link":"https:\/\/blognoticias.ecca.edu.es\/en\/mujer-tenias-que-ser-proyecto-subvencionado-por-el-ayuntamiento-de-santa-cruz-de-tenerife-2\/","title":{"rendered":"\u201cMUJER TEN\u00cdAS QUE SER\u201d PROYECTO SUBVENCIONADO POR EL AYUNTAMIENTO DE SANTA CRUZ DE TENERIFE"},"content":{"rendered":"<div class='booster-block booster-read-block'>\n                <div class=\"twp-read-time\">\n                \t<i class=\"booster-icon twp-clock\"><\/i> <span>Tiempo de lectura:<\/span>1 Minutos, 28 Segundos                <\/div>\n\n            <\/div><p>&nbsp;<\/p>\n<div style=\"clear: both; text-align: center;\"><a href=\"https:\/\/1.bp.blogspot.com\/-Oddw3ESuS1I\/X7Y6TQ3sfQI\/AAAAAAAAAuE\/xPrEpvhBq0Yg9qNauBv-YsknCCc-67ebQCLcBGAsYHQ\/s2048\/09_11_20%2BCartel%2BProyecto_Mujer%2Bten%25C3%25ADas%2Bque%2Bser_TF_V3%2BDEF_curv%2B%25281%2529.jpg\" style=\"margin-left: 1em; margin-right: 1em;\"><img decoding=\"async\" border=\"0\" data-original-height=\"2048\" data-original-width=\"1448\" height=\"320\" src=\"https:\/\/1.bp.blogspot.com\/-Oddw3ESuS1I\/X7Y6TQ3sfQI\/AAAAAAAAAuE\/xPrEpvhBq0Yg9qNauBv-YsknCCc-67ebQCLcBGAsYHQ\/s320\/09_11_20%2BCartel%2BProyecto_Mujer%2Bten%25C3%25ADas%2Bque%2Bser_TF_V3%2BDEF_curv%2B%25281%2529.jpg\" \/><\/a><\/div>\n<p><\/p>\n<p dir=\"ltr\" style=\"line-height: 1.8; margin-bottom: 0pt; margin-top: 0pt; text-align: justify;\"><span style=\"background-color: transparent; font-family: Arial; font-size: 11pt; font-style: normal; font-variant: normal; text-decoration: none; vertical-align: baseline; white-space: pre-wrap;\"><b><span style=\"color: #444444;\">Varios meses lleva trabajando Radio ECCA en la puesta en marcha de un proyecto novedoso a la par que necesario, dirigido a sensibilizar en materia de igualdad de g\u00e9nero a la poblaci\u00f3n santacrucera y a todas las personas oyentes de nuestra emisora, todo ello a trav\u00e9s de formaci\u00f3n y programas radiof\u00f3nicos.<\/span><\/b><\/span><\/p>\n<p style=\"text-align: justify;\"><span><br \/><\/span><\/p>\n<p dir=\"ltr\" style=\"line-height: 1.8; margin-bottom: 0pt; margin-top: 0pt; text-align: justify;\"><span style=\"color: #666666;\"><span style=\"background-color: transparent; font-family: Arial; font-size: 11pt; font-style: normal; font-variant: normal; text-decoration: none; vertical-align: baseline; white-space: pre-wrap;\">Ser\u00e1n 12 personas del municipio de Santa Cruz de Tenerife las que recibir\u00e1n formaci\u00f3n online en materia de igualdad de g\u00e9nero, para que posteriormente<\/span><span style=\"font-family: Arial; font-size: 11pt; white-space: pre-wrap;\"> trabajen en pareja (hombre-mujer) los contenidos de los programas radiof\u00f3nicos, siendo los objetivos perseguidos:<\/span><\/span><\/p>\n<p dir=\"ltr\" style=\"line-height: 1.8; margin-bottom: 0pt; margin-top: 0pt; text-align: justify;\"><span style=\"background-color: transparent; color: #666666; font-family: Arial; font-size: 11pt; font-style: normal; font-variant: normal; text-decoration: none; vertical-align: baseline; white-space: pre-wrap;\"><br \/><\/span><\/p>\n<ul style=\"margin-bottom: 0px; margin-top: 0px;\">\n<li dir=\"ltr\" style=\"background-color: transparent; font-family: Arial; font-size: 11pt; font-style: normal; font-variant: normal; list-style-type: disc; text-decoration: none; vertical-align: baseline; white-space: pre;\">\n<p dir=\"ltr\" role=\"presentation\" style=\"line-height: 1.8; margin-bottom: 0pt; margin-top: 0pt; text-align: justify;\"><span style=\"background-color: transparent; color: #666666; font-family: Arial; font-size: 11pt; font-style: normal; font-variant: normal; text-decoration: none; vertical-align: baseline; white-space: pre-wrap;\">Informar y sensibilizar sobre desigualdad y discriminaci\u00f3n a la que se efrentan las mujeres; causas y consecuencias.<\/span><\/p>\n<\/li>\n<li dir=\"ltr\" style=\"background-color: transparent; font-family: Arial; font-size: 11pt; font-style: normal; font-variant: normal; list-style-type: disc; text-decoration: none; vertical-align: baseline; white-space: pre;\">\n<p dir=\"ltr\" role=\"presentation\" style=\"line-height: 1.8; margin-bottom: 0pt; margin-top: 0pt; text-align: justify;\"><span style=\"background-color: transparent; color: #666666; font-family: Arial; font-size: 11pt; font-style: normal; font-variant: normal; text-decoration: none; vertical-align: baseline; white-space: pre-wrap;\">Promocionar la igualdad efectiva y real de mujeres y hombres en todos los \u00e1mbitos p\u00fablicos y privados: salud, deporte, empleo, cultura, etc.<\/span><\/p>\n<\/li>\n<li dir=\"ltr\" style=\"background-color: transparent; font-family: Arial; font-size: 11pt; font-style: normal; font-variant: normal; list-style-type: disc; text-decoration: none; vertical-align: baseline; white-space: pre;\">\n<p dir=\"ltr\" role=\"presentation\" style=\"line-height: 1.8; margin-bottom: 0pt; margin-top: 0pt; text-align: justify;\"><span style=\"background-color: transparent; color: #666666; font-family: Arial; font-size: 11pt; font-style: normal; font-variant: normal; text-decoration: none; vertical-align: baseline; white-space: pre-wrap;\">Promocionar la protecci\u00f3n y defensa de los derechos de las mujeres.<\/span><\/p>\n<\/li>\n<li dir=\"ltr\" style=\"background-color: transparent; font-family: Arial; font-size: 11pt; font-style: normal; font-variant: normal; list-style-type: disc; text-decoration: none; vertical-align: baseline; white-space: pre;\">\n<p dir=\"ltr\" role=\"presentation\" style=\"line-height: 1.8; margin-bottom: 0pt; margin-top: 0pt; text-align: justify;\"><span style=\"background-color: transparent; color: #666666; font-family: Arial; font-size: 11pt; font-style: normal; font-variant: normal; text-decoration: none; vertical-align: baseline; white-space: pre-wrap;\">Potenciar, promover y visualizar la recuperaci\u00f3n de las aportaciones art\u00edsticas, culturales, tecnol\u00f3gicas, sociales, etc de las mujeres del municipio.<\/span><\/p>\n<\/li>\n<li dir=\"ltr\" style=\"background-color: transparent; font-family: Arial; font-size: 11pt; font-style: normal; font-variant: normal; list-style-type: disc; text-decoration: none; vertical-align: baseline; white-space: pre;\">\n<p dir=\"ltr\" role=\"presentation\" style=\"line-height: 1.8; margin-bottom: 0pt; margin-top: 0pt; text-align: justify;\"><span style=\"background-color: transparent; color: #666666; font-family: Arial; font-size: 11pt; font-style: normal; font-variant: normal; text-decoration: none; vertical-align: baseline; white-space: pre-wrap;\">Visibilizaci\u00f3n y reconocimiento de la participaci\u00f3n hist\u00f3rica y actual de las mujeres vecinas de Santa cruz de Tenerife.<\/span><\/p>\n<\/li>\n<li dir=\"ltr\" style=\"background-color: transparent; font-family: Arial; font-size: 11pt; font-style: normal; font-variant: normal; list-style-type: disc; text-decoration: none; vertical-align: baseline; white-space: pre;\">\n<p dir=\"ltr\" role=\"presentation\" style=\"line-height: 1.8; margin-bottom: 0pt; margin-top: 0pt; text-align: justify;\"><span style=\"background-color: transparent; color: #666666; font-family: Arial; font-size: 11pt; font-style: normal; font-variant: normal; text-decoration: none; vertical-align: baseline; white-space: pre-wrap;\">Fomentar la implicaci\u00f3n de los hombres en el objetivo de la igualdad e impulso de trabajo para el desarrollo de modelos masculinos positivos; corresponsabilidad en los diferentes \u00e1mbitos de la vida personal, familiar y laboral; relaciones de parejas igualitarias, justas y equilibradas\u2026<\/span><\/p>\n<\/li>\n<li dir=\"ltr\" style=\"background-color: transparent; font-family: Arial; font-size: 11pt; font-style: normal; font-variant: normal; list-style-type: disc; text-decoration: none; vertical-align: baseline; white-space: pre;\">\n<p dir=\"ltr\" role=\"presentation\" style=\"line-height: 1.8; margin-bottom: 0pt; margin-top: 0pt; text-align: justify;\"><span style=\"background-color: transparent; color: #666666; font-family: Arial; font-size: 11pt; font-style: normal; font-variant: normal; text-decoration: none; vertical-align: baseline; white-space: pre-wrap;\">Desarrollar actuaciones de sensibilizaci\u00f3n dirigidas a la ciudadan\u00eda que promuevan la implicaci\u00f3n en la prevenci\u00f3n y actuaci\u00f3n frente a las violencias machistas.<\/p>\n<p><\/span><\/p>\n<\/li>\n<\/ul>\n<p dir=\"ltr\" style=\"line-height: 1.8; margin-bottom: 0pt; margin-top: 0pt; text-align: justify;\"><span style=\"background-color: transparent; font-family: Arial; font-size: 11pt; font-style: normal; font-variant: normal; text-decoration: none; vertical-align: baseline; white-space: pre-wrap;\"><span style=\"color: #666666;\">J\u00e9ssica e Ismael -quienes conforman la primera pareja participante-, ya han recibido el taller radiof\u00f3nico de la mano de nuestro locutor Miguel \u00c1ngel Reyes y se encuentran trabajando los contenidos bajo la supervisi\u00f3n de nuestra voluntaria Carmen en vistas a emitir el programa a finales de noviembre.<\/span> <b><span style=\"color: #444444;\">\u00a1No te lo pierdas!<\/span><\/b><\/span><\/p>\n<p dir=\"ltr\" style=\"line-height: 1.8; margin-bottom: 0pt; margin-top: 0pt; text-align: justify;\"><span style=\"background-color: transparent; color: black; font-family: Arial; font-size: 11pt; font-style: normal; font-variant: normal; text-decoration: none; vertical-align: baseline; white-space: pre-wrap;\"><br \/><\/span><\/p>\n<p dir=\"ltr\" style=\"line-height: 1.8; margin-bottom: 0pt; margin-top: 0pt; text-align: justify;\">\n<div style=\"clear: both; text-align: center;\"><a href=\"https:\/\/1.bp.blogspot.com\/-vnOzS6zDDJk\/X7Y6poTVpgI\/AAAAAAAAAuM\/QuuywTFV2BcbABoCpNSy_cQniLlnx0KKQCLcBGAsYHQ\/s2048\/IMG_20201113_095055_141%2B%25281%2529.jpg\" style=\"margin-left: 1em; margin-right: 1em;\"><img decoding=\"async\" border=\"0\" data-original-height=\"1536\" data-original-width=\"2048\" src=\"https:\/\/1.bp.blogspot.com\/-vnOzS6zDDJk\/X7Y6poTVpgI\/AAAAAAAAAuM\/QuuywTFV2BcbABoCpNSy_cQniLlnx0KKQCLcBGAsYHQ\/s320\/IMG_20201113_095055_141%2B%25281%2529.jpg\" width=\"320\" \/><\/a><\/div>\n<p><span style=\"background-color: transparent; color: black; font-family: Arial; font-size: 11pt; font-style: normal; font-variant: normal; font-weight: 400; text-decoration: none; vertical-align: baseline; white-space: pre;\"><br \/><\/span><\/p>\n<p dir=\"ltr\" style=\"line-height: 1.8; margin-bottom: 0pt; margin-top: 0pt; text-align: justify;\"><span style=\"background-color: transparent; color: black; font-family: Arial; font-size: 11pt; font-style: normal; font-variant: normal; font-weight: 400; text-decoration: none; vertical-align: baseline; white-space: pre;\"><br \/><\/span><\/p>","protected":false},"excerpt":{"rendered":"<p>&nbsp; Varios meses lleva trabajando Radio ECCA en la puesta en marcha de un proyecto novedoso a la par que necesario, dirigido a sensibilizar en materia de igualdad de g\u00e9nero a la poblaci\u00f3n santacrucera y a todas las personas oyentes de nuestra emisora, todo ello a trav\u00e9s de formaci\u00f3n y programas radiof\u00f3nicos. Ser\u00e1n 12 personas [&hellip;]<\/p>","protected":false},"author":1,"featured_media":0,"comment_status":"","ping_status":"","sticky":false,"template":"","format":"standard","meta":{"footnotes":""},"categories":[1],"tags":[],"class_list":["post-3421","post","type-post","status-publish","format-standard","hentry","category-blog"],"yoast_head":"<!-- This site is optimized with the Yoast SEO plugin v25.9 - https:\/\/yoast.com\/wordpress\/plugins\/seo\/ -->\n<title>\u201cMUJER TEN\u00cdAS QUE SER\u201d PROYECTO SUBVENCIONADO POR EL AYUNTAMIENTO DE SANTA CRUZ DE TENERIFE<\/title>\n<meta name=\"robots\" content=\"index, follow, max-snippet:-1, max-image-preview:large, max-video-preview:-1\" \/>\n<link rel=\"canonical\" href=\"https:\/\/blognoticias.ecca.edu.es\/en\/mujer-tenias-que-ser-proyecto-subvencionado-por-el-ayuntamiento-de-santa-cruz-de-tenerife-2\/\" \/>\n<meta property=\"og:locale\" content=\"en_GB\" \/>\n<meta property=\"og:type\" content=\"article\" \/>\n<meta property=\"og:title\" content=\"\u201cMUJER TEN\u00cdAS QUE SER\u201d PROYECTO SUBVENCIONADO POR EL AYUNTAMIENTO DE SANTA CRUZ DE TENERIFE\" \/>\n<meta property=\"og:description\" content=\"&nbsp; Varios meses lleva trabajando Radio ECCA en la puesta en marcha de un proyecto novedoso a la par que necesario, dirigido a sensibilizar en materia de igualdad de g\u00e9nero a la poblaci\u00f3n santacrucera y a todas las personas oyentes de nuestra emisora, todo ello a trav\u00e9s de formaci\u00f3n y programas radiof\u00f3nicos. Ser\u00e1n 12 personas [&hellip;]\" \/>\n<meta property=\"og:url\" content=\"https:\/\/blognoticias.ecca.edu.es\/en\/mujer-tenias-que-ser-proyecto-subvencionado-por-el-ayuntamiento-de-santa-cruz-de-tenerife-2\/\" \/>\n<meta property=\"og:site_name\" content=\"Blog Noticias Ecca\" \/>\n<meta property=\"article:publisher\" content=\"https:\/\/www.facebook.com\/ecca.edu.es\" \/>\n<meta property=\"article:published_time\" content=\"2020-11-19T09:32:00+00:00\" \/>\n<meta property=\"og:image\" content=\"https:\/\/1.bp.blogspot.com\/-Oddw3ESuS1I\/X7Y6TQ3sfQI\/AAAAAAAAAuE\/xPrEpvhBq0Yg9qNauBv-YsknCCc-67ebQCLcBGAsYHQ\/s320\/09_11_20%2BCartel%2BProyecto_Mujer%2Bten%25C3%25ADas%2Bque%2Bser_TF_V3%2BDEF_curv%2B%25281%2529.jpg\" \/>\n<meta name=\"author\" content=\"ECCA\" \/>\n<meta name=\"twitter:card\" content=\"summary_large_image\" \/>\n<meta name=\"twitter:creator\" content=\"@eccaedu\" \/>\n<meta name=\"twitter:site\" content=\"@eccaedu\" \/>\n<meta name=\"twitter:label1\" content=\"Written by\" \/>\n\t<meta name=\"twitter:data1\" content=\"ECCA\" \/>\n\t<meta name=\"twitter:label2\" content=\"Estimated reading time\" \/>\n\t<meta name=\"twitter:data2\" content=\"2 minutes\" \/>\n<script type=\"application\/ld+json\" class=\"yoast-schema-graph\">{\"@context\":\"https:\/\/schema.org\",\"@graph\":[{\"@type\":\"Article\",\"@id\":\"https:\/\/blognoticias.ecca.edu.es\/mujer-tenias-que-ser-proyecto-subvencionado-por-el-ayuntamiento-de-santa-cruz-de-tenerife-2\/#article\",\"isPartOf\":{\"@id\":\"https:\/\/blognoticias.ecca.edu.es\/mujer-tenias-que-ser-proyecto-subvencionado-por-el-ayuntamiento-de-santa-cruz-de-tenerife-2\/\"},\"author\":{\"name\":\"ECCA\",\"@id\":\"https:\/\/blognoticias.ecca.edu.es\/#\/schema\/person\/2f67aec1e9c175158bc25ac844a022ce\"},\"headline\":\"\u201cMUJER TEN\u00cdAS QUE SER\u201d PROYECTO SUBVENCIONADO POR EL AYUNTAMIENTO DE SANTA CRUZ DE TENERIFE\",\"datePublished\":\"2020-11-19T09:32:00+00:00\",\"mainEntityOfPage\":{\"@id\":\"https:\/\/blognoticias.ecca.edu.es\/mujer-tenias-que-ser-proyecto-subvencionado-por-el-ayuntamiento-de-santa-cruz-de-tenerife-2\/\"},\"wordCount\":334,\"publisher\":{\"@id\":\"https:\/\/blognoticias.ecca.edu.es\/#organization\"},\"image\":{\"@id\":\"https:\/\/blognoticias.ecca.edu.es\/mujer-tenias-que-ser-proyecto-subvencionado-por-el-ayuntamiento-de-santa-cruz-de-tenerife-2\/#primaryimage\"},\"thumbnailUrl\":\"https:\/\/1.bp.blogspot.com\/-Oddw3ESuS1I\/X7Y6TQ3sfQI\/AAAAAAAAAuE\/xPrEpvhBq0Yg9qNauBv-YsknCCc-67ebQCLcBGAsYHQ\/s320\/09_11_20%2BCartel%2BProyecto_Mujer%2Bten%25C3%25ADas%2Bque%2Bser_TF_V3%2BDEF_curv%2B%25281%2529.jpg\",\"articleSection\":[\"Blog\"],\"inLanguage\":\"en-GB\"},{\"@type\":\"WebPage\",\"@id\":\"https:\/\/blognoticias.ecca.edu.es\/mujer-tenias-que-ser-proyecto-subvencionado-por-el-ayuntamiento-de-santa-cruz-de-tenerife-2\/\",\"url\":\"https:\/\/blognoticias.ecca.edu.es\/mujer-tenias-que-ser-proyecto-subvencionado-por-el-ayuntamiento-de-santa-cruz-de-tenerife-2\/\",\"name\":\"\u201cMUJER TEN\u00cdAS QUE SER\u201d PROYECTO SUBVENCIONADO POR EL AYUNTAMIENTO DE SANTA CRUZ DE TENERIFE\",\"isPartOf\":{\"@id\":\"https:\/\/blognoticias.ecca.edu.es\/#website\"},\"primaryImageOfPage\":{\"@id\":\"https:\/\/blognoticias.ecca.edu.es\/mujer-tenias-que-ser-proyecto-subvencionado-por-el-ayuntamiento-de-santa-cruz-de-tenerife-2\/#primaryimage\"},\"image\":{\"@id\":\"https:\/\/blognoticias.ecca.edu.es\/mujer-tenias-que-ser-proyecto-subvencionado-por-el-ayuntamiento-de-santa-cruz-de-tenerife-2\/#primaryimage\"},\"thumbnailUrl\":\"https:\/\/1.bp.blogspot.com\/-Oddw3ESuS1I\/X7Y6TQ3sfQI\/AAAAAAAAAuE\/xPrEpvhBq0Yg9qNauBv-YsknCCc-67ebQCLcBGAsYHQ\/s320\/09_11_20%2BCartel%2BProyecto_Mujer%2Bten%25C3%25ADas%2Bque%2Bser_TF_V3%2BDEF_curv%2B%25281%2529.jpg\",\"datePublished\":\"2020-11-19T09:32:00+00:00\",\"breadcrumb\":{\"@id\":\"https:\/\/blognoticias.ecca.edu.es\/mujer-tenias-que-ser-proyecto-subvencionado-por-el-ayuntamiento-de-santa-cruz-de-tenerife-2\/#breadcrumb\"},\"inLanguage\":\"en-GB\",\"potentialAction\":[{\"@type\":\"ReadAction\",\"target\":[\"https:\/\/blognoticias.ecca.edu.es\/mujer-tenias-que-ser-proyecto-subvencionado-por-el-ayuntamiento-de-santa-cruz-de-tenerife-2\/\"]}]},{\"@type\":\"ImageObject\",\"inLanguage\":\"en-GB\",\"@id\":\"https:\/\/blognoticias.ecca.edu.es\/mujer-tenias-que-ser-proyecto-subvencionado-por-el-ayuntamiento-de-santa-cruz-de-tenerife-2\/#primaryimage\",\"url\":\"https:\/\/1.bp.blogspot.com\/-Oddw3ESuS1I\/X7Y6TQ3sfQI\/AAAAAAAAAuE\/xPrEpvhBq0Yg9qNauBv-YsknCCc-67ebQCLcBGAsYHQ\/s320\/09_11_20%2BCartel%2BProyecto_Mujer%2Bten%25C3%25ADas%2Bque%2Bser_TF_V3%2BDEF_curv%2B%25281%2529.jpg\",\"contentUrl\":\"https:\/\/1.bp.blogspot.com\/-Oddw3ESuS1I\/X7Y6TQ3sfQI\/AAAAAAAAAuE\/xPrEpvhBq0Yg9qNauBv-YsknCCc-67ebQCLcBGAsYHQ\/s320\/09_11_20%2BCartel%2BProyecto_Mujer%2Bten%25C3%25ADas%2Bque%2Bser_TF_V3%2BDEF_curv%2B%25281%2529.jpg\"},{\"@type\":\"BreadcrumbList\",\"@id\":\"https:\/\/blognoticias.ecca.edu.es\/mujer-tenias-que-ser-proyecto-subvencionado-por-el-ayuntamiento-de-santa-cruz-de-tenerife-2\/#breadcrumb\",\"itemListElement\":[{\"@type\":\"ListItem\",\"position\":1,\"name\":\"Portada\",\"item\":\"https:\/\/blognoticias.ecca.edu.es\/\"},{\"@type\":\"ListItem\",\"position\":2,\"name\":\"\u201cMUJER TEN\u00cdAS QUE SER\u201d PROYECTO SUBVENCIONADO POR EL AYUNTAMIENTO DE SANTA CRUZ DE TENERIFE\"}]},{\"@type\":\"WebSite\",\"@id\":\"https:\/\/blognoticias.ecca.edu.es\/#website\",\"url\":\"https:\/\/blognoticias.ecca.edu.es\/\",\"name\":\"Blog Noticias Ecca\",\"description\":\"\",\"publisher\":{\"@id\":\"https:\/\/blognoticias.ecca.edu.es\/#organization\"},\"potentialAction\":[{\"@type\":\"SearchAction\",\"target\":{\"@type\":\"EntryPoint\",\"urlTemplate\":\"https:\/\/blognoticias.ecca.edu.es\/?s={search_term_string}\"},\"query-input\":{\"@type\":\"PropertyValueSpecification\",\"valueRequired\":true,\"valueName\":\"search_term_string\"}}],\"inLanguage\":\"en-GB\"},{\"@type\":\"Organization\",\"@id\":\"https:\/\/blognoticias.ecca.edu.es\/#organization\",\"name\":\"Blog Noticias Ecca\",\"url\":\"https:\/\/blognoticias.ecca.edu.es\/\",\"logo\":{\"@type\":\"ImageObject\",\"inLanguage\":\"en-GB\",\"@id\":\"https:\/\/blognoticias.ecca.edu.es\/#\/schema\/logo\/image\/\",\"url\":\"https:\/\/blognoticias.ecca.edu.es\/wp-content\/uploads\/2023\/02\/cropped-cropped-cropped-cropped-Logo-Ecca.edu_.png\",\"contentUrl\":\"https:\/\/blognoticias.ecca.edu.es\/wp-content\/uploads\/2023\/02\/cropped-cropped-cropped-cropped-Logo-Ecca.edu_.png\",\"width\":293,\"height\":45,\"caption\":\"Blog Noticias Ecca\"},\"image\":{\"@id\":\"https:\/\/blognoticias.ecca.edu.es\/#\/schema\/logo\/image\/\"},\"sameAs\":[\"https:\/\/www.facebook.com\/ecca.edu.es\",\"https:\/\/x.com\/eccaedu\",\"https:\/\/www.instagram.com\/\"]},{\"@type\":\"Person\",\"@id\":\"https:\/\/blognoticias.ecca.edu.es\/#\/schema\/person\/2f67aec1e9c175158bc25ac844a022ce\",\"name\":\"ECCA\",\"image\":{\"@type\":\"ImageObject\",\"inLanguage\":\"en-GB\",\"@id\":\"https:\/\/blognoticias.ecca.edu.es\/#\/schema\/person\/image\/\",\"url\":\"https:\/\/blognoticias.ecca.edu.es\/wp-content\/uploads\/2023\/02\/LOGO-ECCAEDU-1-150x150.png\",\"contentUrl\":\"https:\/\/blognoticias.ecca.edu.es\/wp-content\/uploads\/2023\/02\/LOGO-ECCAEDU-1-150x150.png\",\"caption\":\"ECCA\"},\"sameAs\":[\"https:\/\/blognoticias.ecca.edu.es\"],\"url\":\"https:\/\/blognoticias.ecca.edu.es\/en\/author\/admin\/\"}]}<\/script>\n<!-- \/ Yoast SEO plugin. -->","yoast_head_json":{"title":"\u201cMUJER TEN\u00cdAS QUE SER\u201d PROYECTO SUBVENCIONADO POR EL AYUNTAMIENTO DE SANTA CRUZ DE TENERIFE","robots":{"index":"index","follow":"follow","max-snippet":"max-snippet:-1","max-image-preview":"max-image-preview:large","max-video-preview":"max-video-preview:-1"},"canonical":"https:\/\/blognoticias.ecca.edu.es\/en\/mujer-tenias-que-ser-proyecto-subvencionado-por-el-ayuntamiento-de-santa-cruz-de-tenerife-2\/","og_locale":"en_GB","og_type":"article","og_title":"\u201cMUJER TEN\u00cdAS QUE SER\u201d PROYECTO SUBVENCIONADO POR EL AYUNTAMIENTO DE SANTA CRUZ DE TENERIFE","og_description":"&nbsp; Varios meses lleva trabajando Radio ECCA en la puesta en marcha de un proyecto novedoso a la par que necesario, dirigido a sensibilizar en materia de igualdad de g\u00e9nero a la poblaci\u00f3n santacrucera y a todas las personas oyentes de nuestra emisora, todo ello a trav\u00e9s de formaci\u00f3n y programas radiof\u00f3nicos. Ser\u00e1n 12 personas [&hellip;]","og_url":"https:\/\/blognoticias.ecca.edu.es\/en\/mujer-tenias-que-ser-proyecto-subvencionado-por-el-ayuntamiento-de-santa-cruz-de-tenerife-2\/","og_site_name":"Blog Noticias Ecca","article_publisher":"https:\/\/www.facebook.com\/ecca.edu.es","article_published_time":"2020-11-19T09:32:00+00:00","og_image":[{"url":"https:\/\/1.bp.blogspot.com\/-Oddw3ESuS1I\/X7Y6TQ3sfQI\/AAAAAAAAAuE\/xPrEpvhBq0Yg9qNauBv-YsknCCc-67ebQCLcBGAsYHQ\/s320\/09_11_20%2BCartel%2BProyecto_Mujer%2Bten%25C3%25ADas%2Bque%2Bser_TF_V3%2BDEF_curv%2B%25281%2529.jpg","type":"","width":"","height":""}],"author":"ECCA","twitter_card":"summary_large_image","twitter_creator":"@eccaedu","twitter_site":"@eccaedu","twitter_misc":{"Written by":"ECCA","Estimated reading time":"2 minutes"},"schema":{"@context":"https:\/\/schema.org","@graph":[{"@type":"Article","@id":"https:\/\/blognoticias.ecca.edu.es\/mujer-tenias-que-ser-proyecto-subvencionado-por-el-ayuntamiento-de-santa-cruz-de-tenerife-2\/#article","isPartOf":{"@id":"https:\/\/blognoticias.ecca.edu.es\/mujer-tenias-que-ser-proyecto-subvencionado-por-el-ayuntamiento-de-santa-cruz-de-tenerife-2\/"},"author":{"name":"ECCA","@id":"https:\/\/blognoticias.ecca.edu.es\/#\/schema\/person\/2f67aec1e9c175158bc25ac844a022ce"},"headline":"\u201cMUJER TEN\u00cdAS QUE SER\u201d PROYECTO SUBVENCIONADO POR EL AYUNTAMIENTO DE SANTA CRUZ DE TENERIFE","datePublished":"2020-11-19T09:32:00+00:00","mainEntityOfPage":{"@id":"https:\/\/blognoticias.ecca.edu.es\/mujer-tenias-que-ser-proyecto-subvencionado-por-el-ayuntamiento-de-santa-cruz-de-tenerife-2\/"},"wordCount":334,"publisher":{"@id":"https:\/\/blognoticias.ecca.edu.es\/#organization"},"image":{"@id":"https:\/\/blognoticias.ecca.edu.es\/mujer-tenias-que-ser-proyecto-subvencionado-por-el-ayuntamiento-de-santa-cruz-de-tenerife-2\/#primaryimage"},"thumbnailUrl":"https:\/\/1.bp.blogspot.com\/-Oddw3ESuS1I\/X7Y6TQ3sfQI\/AAAAAAAAAuE\/xPrEpvhBq0Yg9qNauBv-YsknCCc-67ebQCLcBGAsYHQ\/s320\/09_11_20%2BCartel%2BProyecto_Mujer%2Bten%25C3%25ADas%2Bque%2Bser_TF_V3%2BDEF_curv%2B%25281%2529.jpg","articleSection":["Blog"],"inLanguage":"en-GB"},{"@type":"WebPage","@id":"https:\/\/blognoticias.ecca.edu.es\/mujer-tenias-que-ser-proyecto-subvencionado-por-el-ayuntamiento-de-santa-cruz-de-tenerife-2\/","url":"https:\/\/blognoticias.ecca.edu.es\/mujer-tenias-que-ser-proyecto-subvencionado-por-el-ayuntamiento-de-santa-cruz-de-tenerife-2\/","name":"\u201cMUJER TEN\u00cdAS QUE SER\u201d PROYECTO SUBVENCIONADO POR EL AYUNTAMIENTO DE SANTA CRUZ DE TENERIFE","isPartOf":{"@id":"https:\/\/blognoticias.ecca.edu.es\/#website"},"primaryImageOfPage":{"@id":"https:\/\/blognoticias.ecca.edu.es\/mujer-tenias-que-ser-proyecto-subvencionado-por-el-ayuntamiento-de-santa-cruz-de-tenerife-2\/#primaryimage"},"image":{"@id":"https:\/\/blognoticias.ecca.edu.es\/mujer-tenias-que-ser-proyecto-subvencionado-por-el-ayuntamiento-de-santa-cruz-de-tenerife-2\/#primaryimage"},"thumbnailUrl":"https:\/\/1.bp.blogspot.com\/-Oddw3ESuS1I\/X7Y6TQ3sfQI\/AAAAAAAAAuE\/xPrEpvhBq0Yg9qNauBv-YsknCCc-67ebQCLcBGAsYHQ\/s320\/09_11_20%2BCartel%2BProyecto_Mujer%2Bten%25C3%25ADas%2Bque%2Bser_TF_V3%2BDEF_curv%2B%25281%2529.jpg","datePublished":"2020-11-19T09:32:00+00:00","breadcrumb":{"@id":"https:\/\/blognoticias.ecca.edu.es\/mujer-tenias-que-ser-proyecto-subvencionado-por-el-ayuntamiento-de-santa-cruz-de-tenerife-2\/#breadcrumb"},"inLanguage":"en-GB","potentialAction":[{"@type":"ReadAction","target":["https:\/\/blognoticias.ecca.edu.es\/mujer-tenias-que-ser-proyecto-subvencionado-por-el-ayuntamiento-de-santa-cruz-de-tenerife-2\/"]}]},{"@type":"ImageObject","inLanguage":"en-GB","@id":"https:\/\/blognoticias.ecca.edu.es\/mujer-tenias-que-ser-proyecto-subvencionado-por-el-ayuntamiento-de-santa-cruz-de-tenerife-2\/#primaryimage","url":"https:\/\/1.bp.blogspot.com\/-Oddw3ESuS1I\/X7Y6TQ3sfQI\/AAAAAAAAAuE\/xPrEpvhBq0Yg9qNauBv-YsknCCc-67ebQCLcBGAsYHQ\/s320\/09_11_20%2BCartel%2BProyecto_Mujer%2Bten%25C3%25ADas%2Bque%2Bser_TF_V3%2BDEF_curv%2B%25281%2529.jpg","contentUrl":"https:\/\/1.bp.blogspot.com\/-Oddw3ESuS1I\/X7Y6TQ3sfQI\/AAAAAAAAAuE\/xPrEpvhBq0Yg9qNauBv-YsknCCc-67ebQCLcBGAsYHQ\/s320\/09_11_20%2BCartel%2BProyecto_Mujer%2Bten%25C3%25ADas%2Bque%2Bser_TF_V3%2BDEF_curv%2B%25281%2529.jpg"},{"@type":"BreadcrumbList","@id":"https:\/\/blognoticias.ecca.edu.es\/mujer-tenias-que-ser-proyecto-subvencionado-por-el-ayuntamiento-de-santa-cruz-de-tenerife-2\/#breadcrumb","itemListElement":[{"@type":"ListItem","position":1,"name":"Portada","item":"https:\/\/blognoticias.ecca.edu.es\/"},{"@type":"ListItem","position":2,"name":"\u201cMUJER TEN\u00cdAS QUE SER\u201d PROYECTO SUBVENCIONADO POR EL AYUNTAMIENTO DE SANTA CRUZ DE TENERIFE"}]},{"@type":"WebSite","@id":"https:\/\/blognoticias.ecca.edu.es\/#website","url":"https:\/\/blognoticias.ecca.edu.es\/","name":"Blog Noticias Ecca","description":"","publisher":{"@id":"https:\/\/blognoticias.ecca.edu.es\/#organization"},"potentialAction":[{"@type":"SearchAction","target":{"@type":"EntryPoint","urlTemplate":"https:\/\/blognoticias.ecca.edu.es\/?s={search_term_string}"},"query-input":{"@type":"PropertyValueSpecification","valueRequired":true,"valueName":"search_term_string"}}],"inLanguage":"en-GB"},{"@type":"Organization","@id":"https:\/\/blognoticias.ecca.edu.es\/#organization","name":"Blog Noticias Ecca","url":"https:\/\/blognoticias.ecca.edu.es\/","logo":{"@type":"ImageObject","inLanguage":"en-GB","@id":"https:\/\/blognoticias.ecca.edu.es\/#\/schema\/logo\/image\/","url":"https:\/\/blognoticias.ecca.edu.es\/wp-content\/uploads\/2023\/02\/cropped-cropped-cropped-cropped-Logo-Ecca.edu_.png","contentUrl":"https:\/\/blognoticias.ecca.edu.es\/wp-content\/uploads\/2023\/02\/cropped-cropped-cropped-cropped-Logo-Ecca.edu_.png","width":293,"height":45,"caption":"Blog Noticias Ecca"},"image":{"@id":"https:\/\/blognoticias.ecca.edu.es\/#\/schema\/logo\/image\/"},"sameAs":["https:\/\/www.facebook.com\/ecca.edu.es","https:\/\/x.com\/eccaedu","https:\/\/www.instagram.com\/"]},{"@type":"Person","@id":"https:\/\/blognoticias.ecca.edu.es\/#\/schema\/person\/2f67aec1e9c175158bc25ac844a022ce","name":"ECCA","image":{"@type":"ImageObject","inLanguage":"en-GB","@id":"https:\/\/blognoticias.ecca.edu.es\/#\/schema\/person\/image\/","url":"https:\/\/blognoticias.ecca.edu.es\/wp-content\/uploads\/2023\/02\/LOGO-ECCAEDU-1-150x150.png","contentUrl":"https:\/\/blognoticias.ecca.edu.es\/wp-content\/uploads\/2023\/02\/LOGO-ECCAEDU-1-150x150.png","caption":"ECCA"},"sameAs":["https:\/\/blognoticias.ecca.edu.es"],"url":"https:\/\/blognoticias.ecca.edu.es\/en\/author\/admin\/"}]}},"_links":{"self":[{"href":"https:\/\/blognoticias.ecca.edu.es\/en\/wp-json\/wp\/v2\/posts\/3421","targetHints":{"allow":["GET"]}}],"collection":[{"href":"https:\/\/blognoticias.ecca.edu.es\/en\/wp-json\/wp\/v2\/posts"}],"about":[{"href":"https:\/\/blognoticias.ecca.edu.es\/en\/wp-json\/wp\/v2\/types\/post"}],"author":[{"embeddable":true,"href":"https:\/\/blognoticias.ecca.edu.es\/en\/wp-json\/wp\/v2\/users\/1"}],"replies":[{"embeddable":true,"href":"https:\/\/blognoticias.ecca.edu.es\/en\/wp-json\/wp\/v2\/comments?post=3421"}],"version-history":[{"count":0,"href":"https:\/\/blognoticias.ecca.edu.es\/en\/wp-json\/wp\/v2\/posts\/3421\/revisions"}],"wp:attachment":[{"href":"https:\/\/blognoticias.ecca.edu.es\/en\/wp-json\/wp\/v2\/media?parent=3421"}],"wp:term":[{"taxonomy":"category","embeddable":true,"href":"https:\/\/blognoticias.ecca.edu.es\/en\/wp-json\/wp\/v2\/categories?post=3421"},{"taxonomy":"post_tag","embeddable":true,"href":"https:\/\/blognoticias.ecca.edu.es\/en\/wp-json\/wp\/v2\/tags?post=3421"}],"curies":[{"name":"wp","href":"https:\/\/api.w.org\/{rel}","templated":true}]}}