{"id":3420,"date":"2020-11-19T11:10:00","date_gmt":"2020-11-19T11:10:00","guid":{"rendered":"https:\/\/blognoticias.ecca.edu.es\/comienza-el-proyecto-tomes-inclusion-de-personas-migrantes-y-refugiadas-a-traves-del-aprendizaje-de-idiomas\/"},"modified":"2020-11-19T11:10:00","modified_gmt":"2020-11-19T11:10:00","slug":"comienza-el-proyecto-tomes-inclusion-de-personas-migrantes-y-refugiadas-a-traves-del-aprendizaje-de-idiomas","status":"publish","type":"post","link":"https:\/\/blognoticias.ecca.edu.es\/en\/comienza-el-proyecto-tomes-inclusion-de-personas-migrantes-y-refugiadas-a-traves-del-aprendizaje-de-idiomas\/","title":{"rendered":"Comienza el proyecto TOMes: inclusi\u00f3n de personas migrantes y refugiadas a trav\u00e9s del aprendizaje de idiomas"},"content":{"rendered":"<div class='booster-block booster-read-block'>\n                <div class=\"twp-read-time\">\n                \t<i class=\"booster-icon twp-clock\"><\/i> <span>Tiempo de lectura:<\/span>53 Segundos                <\/div>\n\n            <\/div><p style=\"text-align: justify;\"><b>Radio ECCA particip\u00f3 en la reuni\u00f3n de inicio del proyecto TOMes, un<br \/>\nproyecto cofinanciado por el Programa Europeo Erasmus+ y que cuenta<br \/>\ncon cinco socios de cuatro pa\u00edses: B\u00e9lgica, Grecia, Suecia y Espa\u00f1a.<\/b><\/p>\n<p style=\"line-height: 108%; margin-bottom: 0.28cm; text-align: justify;\">TOMes<br \/>\ntiene como objetivo recopilar buenas pr\u00e1cticas entre los miembros<br \/>\ndel consorcio y aquellas redes locales que est\u00e1n trabajando en la<br \/>\nense\u00f1anza de idioma a personas refugiadas\/migrantes\/solicitantes de<br \/>\nasilo\/menores no acompa\u00f1ados a trav\u00e9s de actividades no formales e<br \/>\ninformales.<\/p>\n<p style=\"line-height: 108%; margin-bottom: 0.28cm; text-align: justify;\">El<br \/>\nconsorcio se centrar\u00e1 principalmente en el desarrollo de capacidades<br \/>\npara apoyar el proceso de integraci\u00f3n del grupo objetivo, orient\u00e1ndose principalmente al aprendizaje de idiomas,<br \/>\nrespondiendo a sus necesidades y expectativas individuales.<\/p>\n<p style=\"line-height: 108%; margin-bottom: 0.28cm; text-align: justify;\">Entre<br \/>\nlas entidades canarias colaboradoras en este proyecto encontramos a<br \/>\nComisi\u00f3n Espa\u00f1ola de Ayuda al Refugiado (CEAR) y la Federaci\u00f3n de<br \/>\nAsociaciones Africanas en Canarias (FAAC), entre otras. Aquellas<br \/>\nentidades que trabajen en este \u00e1mbito y que quieran participar en<br \/>\nlas actividades del proyecto, podr\u00e1n solicitarlo a trav\u00e9s de un<br \/>\nemail a s.rebollo@radioecca.org.<\/p>\n<p style=\"line-height: 108%; margin-bottom: 0.28cm; text-align: justify;\">Este<br \/>\nser\u00eda uno de los 5 proyectos Erasmus+ en los que participa Radio<br \/>\nECCA actualmente.<\/p>\n<p style=\"line-height: 108%; margin-bottom: 0.28cm; text-align: justify;\"><\/p>\n<p style=\"line-height: 108%; margin-bottom: 0.28cm; text-align: justify;\">\n<div style=\"clear: both; text-align: center;\"><a href=\"https:\/\/lh3.googleusercontent.com\/-A0c_USLKPAo\/X7ZRttEUuRI\/AAAAAAAAEKw\/6uJ42Njg59k2pD6sqAbvwX-THimCG9MzACLcBGAsYHQ\/TOMes_logo%2B-%2BSara%2BRebollo%2BRam%25C3%25ADrez.png\" style=\"margin-left: 1em; margin-right: 1em;\"><img loading=\"lazy\" decoding=\"async\" alt=\"\" data-original-height=\"338\" data-original-width=\"1098\" height=\"206\" src=\"https:\/\/lh3.googleusercontent.com\/-A0c_USLKPAo\/X7ZRttEUuRI\/AAAAAAAAEKw\/6uJ42Njg59k2pD6sqAbvwX-THimCG9MzACLcBGAsYHQ\/w665-h206\/TOMes_logo%2B-%2BSara%2BRebollo%2BRam%25C3%25ADrez.png\" width=\"665\" \/><\/a><\/div><\/p>","protected":false},"excerpt":{"rendered":"<p>Radio ECCA particip\u00f3 en la reuni\u00f3n de inicio del proyecto TOMes, un proyecto cofinanciado por el Programa Europeo Erasmus+ y que cuenta con cinco socios de cuatro pa\u00edses: B\u00e9lgica, Grecia, Suecia y Espa\u00f1a. TOMes tiene como objetivo recopilar buenas pr\u00e1cticas entre los miembros del consorcio y aquellas redes locales que est\u00e1n trabajando en la ense\u00f1anza [&hellip;]<\/p>","protected":false},"author":1,"featured_media":0,"comment_status":"","ping_status":"","sticky":false,"template":"","format":"standard","meta":{"footnotes":""},"categories":[102,103,106],"tags":[],"class_list":["post-3420","post","type-post","status-publish","format-standard","hentry","category-comunicacion","category-comunicacion-ecca","category-relevante"],"yoast_head":"<!-- This site is optimized with the Yoast SEO plugin v25.9 - https:\/\/yoast.com\/wordpress\/plugins\/seo\/ -->\n<title>Comienza el proyecto TOMes: inclusi\u00f3n de personas migrantes y refugiadas a trav\u00e9s del aprendizaje de idiomas<\/title>\n<meta name=\"robots\" content=\"index, follow, max-snippet:-1, max-image-preview:large, max-video-preview:-1\" \/>\n<link rel=\"canonical\" href=\"https:\/\/blognoticias.ecca.edu.es\/en\/comienza-el-proyecto-tomes-inclusion-de-personas-migrantes-y-refugiadas-a-traves-del-aprendizaje-de-idiomas\/\" \/>\n<meta property=\"og:locale\" content=\"en_GB\" \/>\n<meta property=\"og:type\" content=\"article\" \/>\n<meta property=\"og:title\" content=\"Comienza el proyecto TOMes: inclusi\u00f3n de personas migrantes y refugiadas a trav\u00e9s del aprendizaje de idiomas\" \/>\n<meta property=\"og:description\" content=\"Radio ECCA particip\u00f3 en la reuni\u00f3n de inicio del proyecto TOMes, un proyecto cofinanciado por el Programa Europeo Erasmus+ y que cuenta con cinco socios de cuatro pa\u00edses: B\u00e9lgica, Grecia, Suecia y Espa\u00f1a. TOMes tiene como objetivo recopilar buenas pr\u00e1cticas entre los miembros del consorcio y aquellas redes locales que est\u00e1n trabajando en la ense\u00f1anza [&hellip;]\" \/>\n<meta property=\"og:url\" content=\"https:\/\/blognoticias.ecca.edu.es\/en\/comienza-el-proyecto-tomes-inclusion-de-personas-migrantes-y-refugiadas-a-traves-del-aprendizaje-de-idiomas\/\" \/>\n<meta property=\"og:site_name\" content=\"Blog Noticias Ecca\" \/>\n<meta property=\"article:publisher\" content=\"https:\/\/www.facebook.com\/ecca.edu.es\" \/>\n<meta property=\"article:published_time\" content=\"2020-11-19T11:10:00+00:00\" \/>\n<meta property=\"og:image\" content=\"https:\/\/lh3.googleusercontent.com\/-A0c_USLKPAo\/X7ZRttEUuRI\/AAAAAAAAEKw\/6uJ42Njg59k2pD6sqAbvwX-THimCG9MzACLcBGAsYHQ\/w665-h206\/TOMes_logo%2B-%2BSara%2BRebollo%2BRam%25C3%25ADrez.png\" \/>\n<meta name=\"author\" content=\"ECCA\" \/>\n<meta name=\"twitter:card\" content=\"summary_large_image\" \/>\n<meta name=\"twitter:creator\" content=\"@eccaedu\" \/>\n<meta name=\"twitter:site\" content=\"@eccaedu\" \/>\n<meta name=\"twitter:label1\" content=\"Written by\" \/>\n\t<meta name=\"twitter:data1\" content=\"ECCA\" \/>\n\t<meta name=\"twitter:label2\" content=\"Estimated reading time\" \/>\n\t<meta name=\"twitter:data2\" content=\"1 minute\" \/>\n<script type=\"application\/ld+json\" class=\"yoast-schema-graph\">{\"@context\":\"https:\/\/schema.org\",\"@graph\":[{\"@type\":\"Article\",\"@id\":\"https:\/\/blognoticias.ecca.edu.es\/comienza-el-proyecto-tomes-inclusion-de-personas-migrantes-y-refugiadas-a-traves-del-aprendizaje-de-idiomas\/#article\",\"isPartOf\":{\"@id\":\"https:\/\/blognoticias.ecca.edu.es\/comienza-el-proyecto-tomes-inclusion-de-personas-migrantes-y-refugiadas-a-traves-del-aprendizaje-de-idiomas\/\"},\"author\":{\"name\":\"ECCA\",\"@id\":\"https:\/\/blognoticias.ecca.edu.es\/#\/schema\/person\/2f67aec1e9c175158bc25ac844a022ce\"},\"headline\":\"Comienza el proyecto TOMes: inclusi\u00f3n de personas migrantes y refugiadas a trav\u00e9s del aprendizaje de idiomas\",\"datePublished\":\"2020-11-19T11:10:00+00:00\",\"mainEntityOfPage\":{\"@id\":\"https:\/\/blognoticias.ecca.edu.es\/comienza-el-proyecto-tomes-inclusion-de-personas-migrantes-y-refugiadas-a-traves-del-aprendizaje-de-idiomas\/\"},\"wordCount\":212,\"publisher\":{\"@id\":\"https:\/\/blognoticias.ecca.edu.es\/#organization\"},\"image\":{\"@id\":\"https:\/\/blognoticias.ecca.edu.es\/comienza-el-proyecto-tomes-inclusion-de-personas-migrantes-y-refugiadas-a-traves-del-aprendizaje-de-idiomas\/#primaryimage\"},\"thumbnailUrl\":\"https:\/\/lh3.googleusercontent.com\/-A0c_USLKPAo\/X7ZRttEUuRI\/AAAAAAAAEKw\/6uJ42Njg59k2pD6sqAbvwX-THimCG9MzACLcBGAsYHQ\/w665-h206\/TOMes_logo%2B-%2BSara%2BRebollo%2BRam%25C3%25ADrez.png\",\"articleSection\":[\"Comunicaci\u00f3n\",\"Comunicaci\u00f3n ECCA\",\"Relevante\"],\"inLanguage\":\"en-GB\"},{\"@type\":\"WebPage\",\"@id\":\"https:\/\/blognoticias.ecca.edu.es\/comienza-el-proyecto-tomes-inclusion-de-personas-migrantes-y-refugiadas-a-traves-del-aprendizaje-de-idiomas\/\",\"url\":\"https:\/\/blognoticias.ecca.edu.es\/comienza-el-proyecto-tomes-inclusion-de-personas-migrantes-y-refugiadas-a-traves-del-aprendizaje-de-idiomas\/\",\"name\":\"Comienza el proyecto TOMes: inclusi\u00f3n de personas migrantes y refugiadas a trav\u00e9s del aprendizaje de idiomas\",\"isPartOf\":{\"@id\":\"https:\/\/blognoticias.ecca.edu.es\/#website\"},\"primaryImageOfPage\":{\"@id\":\"https:\/\/blognoticias.ecca.edu.es\/comienza-el-proyecto-tomes-inclusion-de-personas-migrantes-y-refugiadas-a-traves-del-aprendizaje-de-idiomas\/#primaryimage\"},\"image\":{\"@id\":\"https:\/\/blognoticias.ecca.edu.es\/comienza-el-proyecto-tomes-inclusion-de-personas-migrantes-y-refugiadas-a-traves-del-aprendizaje-de-idiomas\/#primaryimage\"},\"thumbnailUrl\":\"https:\/\/lh3.googleusercontent.com\/-A0c_USLKPAo\/X7ZRttEUuRI\/AAAAAAAAEKw\/6uJ42Njg59k2pD6sqAbvwX-THimCG9MzACLcBGAsYHQ\/w665-h206\/TOMes_logo%2B-%2BSara%2BRebollo%2BRam%25C3%25ADrez.png\",\"datePublished\":\"2020-11-19T11:10:00+00:00\",\"breadcrumb\":{\"@id\":\"https:\/\/blognoticias.ecca.edu.es\/comienza-el-proyecto-tomes-inclusion-de-personas-migrantes-y-refugiadas-a-traves-del-aprendizaje-de-idiomas\/#breadcrumb\"},\"inLanguage\":\"en-GB\",\"potentialAction\":[{\"@type\":\"ReadAction\",\"target\":[\"https:\/\/blognoticias.ecca.edu.es\/comienza-el-proyecto-tomes-inclusion-de-personas-migrantes-y-refugiadas-a-traves-del-aprendizaje-de-idiomas\/\"]}]},{\"@type\":\"ImageObject\",\"inLanguage\":\"en-GB\",\"@id\":\"https:\/\/blognoticias.ecca.edu.es\/comienza-el-proyecto-tomes-inclusion-de-personas-migrantes-y-refugiadas-a-traves-del-aprendizaje-de-idiomas\/#primaryimage\",\"url\":\"https:\/\/lh3.googleusercontent.com\/-A0c_USLKPAo\/X7ZRttEUuRI\/AAAAAAAAEKw\/6uJ42Njg59k2pD6sqAbvwX-THimCG9MzACLcBGAsYHQ\/w665-h206\/TOMes_logo%2B-%2BSara%2BRebollo%2BRam%25C3%25ADrez.png\",\"contentUrl\":\"https:\/\/lh3.googleusercontent.com\/-A0c_USLKPAo\/X7ZRttEUuRI\/AAAAAAAAEKw\/6uJ42Njg59k2pD6sqAbvwX-THimCG9MzACLcBGAsYHQ\/w665-h206\/TOMes_logo%2B-%2BSara%2BRebollo%2BRam%25C3%25ADrez.png\"},{\"@type\":\"BreadcrumbList\",\"@id\":\"https:\/\/blognoticias.ecca.edu.es\/comienza-el-proyecto-tomes-inclusion-de-personas-migrantes-y-refugiadas-a-traves-del-aprendizaje-de-idiomas\/#breadcrumb\",\"itemListElement\":[{\"@type\":\"ListItem\",\"position\":1,\"name\":\"Portada\",\"item\":\"https:\/\/blognoticias.ecca.edu.es\/\"},{\"@type\":\"ListItem\",\"position\":2,\"name\":\"Comienza el proyecto TOMes: inclusi\u00f3n de personas migrantes y refugiadas a trav\u00e9s del aprendizaje de idiomas\"}]},{\"@type\":\"WebSite\",\"@id\":\"https:\/\/blognoticias.ecca.edu.es\/#website\",\"url\":\"https:\/\/blognoticias.ecca.edu.es\/\",\"name\":\"Blog Noticias Ecca\",\"description\":\"\",\"publisher\":{\"@id\":\"https:\/\/blognoticias.ecca.edu.es\/#organization\"},\"potentialAction\":[{\"@type\":\"SearchAction\",\"target\":{\"@type\":\"EntryPoint\",\"urlTemplate\":\"https:\/\/blognoticias.ecca.edu.es\/?s={search_term_string}\"},\"query-input\":{\"@type\":\"PropertyValueSpecification\",\"valueRequired\":true,\"valueName\":\"search_term_string\"}}],\"inLanguage\":\"en-GB\"},{\"@type\":\"Organization\",\"@id\":\"https:\/\/blognoticias.ecca.edu.es\/#organization\",\"name\":\"Blog Noticias Ecca\",\"url\":\"https:\/\/blognoticias.ecca.edu.es\/\",\"logo\":{\"@type\":\"ImageObject\",\"inLanguage\":\"en-GB\",\"@id\":\"https:\/\/blognoticias.ecca.edu.es\/#\/schema\/logo\/image\/\",\"url\":\"https:\/\/blognoticias.ecca.edu.es\/wp-content\/uploads\/2023\/02\/cropped-cropped-cropped-cropped-Logo-Ecca.edu_.png\",\"contentUrl\":\"https:\/\/blognoticias.ecca.edu.es\/wp-content\/uploads\/2023\/02\/cropped-cropped-cropped-cropped-Logo-Ecca.edu_.png\",\"width\":293,\"height\":45,\"caption\":\"Blog Noticias Ecca\"},\"image\":{\"@id\":\"https:\/\/blognoticias.ecca.edu.es\/#\/schema\/logo\/image\/\"},\"sameAs\":[\"https:\/\/www.facebook.com\/ecca.edu.es\",\"https:\/\/x.com\/eccaedu\",\"https:\/\/www.instagram.com\/\"]},{\"@type\":\"Person\",\"@id\":\"https:\/\/blognoticias.ecca.edu.es\/#\/schema\/person\/2f67aec1e9c175158bc25ac844a022ce\",\"name\":\"ECCA\",\"image\":{\"@type\":\"ImageObject\",\"inLanguage\":\"en-GB\",\"@id\":\"https:\/\/blognoticias.ecca.edu.es\/#\/schema\/person\/image\/\",\"url\":\"https:\/\/blognoticias.ecca.edu.es\/wp-content\/uploads\/2023\/02\/LOGO-ECCAEDU-1-150x150.png\",\"contentUrl\":\"https:\/\/blognoticias.ecca.edu.es\/wp-content\/uploads\/2023\/02\/LOGO-ECCAEDU-1-150x150.png\",\"caption\":\"ECCA\"},\"sameAs\":[\"https:\/\/blognoticias.ecca.edu.es\"],\"url\":\"https:\/\/blognoticias.ecca.edu.es\/en\/author\/admin\/\"}]}<\/script>\n<!-- \/ Yoast SEO plugin. -->","yoast_head_json":{"title":"Comienza el proyecto TOMes: inclusi\u00f3n de personas migrantes y refugiadas a trav\u00e9s del aprendizaje de idiomas","robots":{"index":"index","follow":"follow","max-snippet":"max-snippet:-1","max-image-preview":"max-image-preview:large","max-video-preview":"max-video-preview:-1"},"canonical":"https:\/\/blognoticias.ecca.edu.es\/en\/comienza-el-proyecto-tomes-inclusion-de-personas-migrantes-y-refugiadas-a-traves-del-aprendizaje-de-idiomas\/","og_locale":"en_GB","og_type":"article","og_title":"Comienza el proyecto TOMes: inclusi\u00f3n de personas migrantes y refugiadas a trav\u00e9s del aprendizaje de idiomas","og_description":"Radio ECCA particip\u00f3 en la reuni\u00f3n de inicio del proyecto TOMes, un proyecto cofinanciado por el Programa Europeo Erasmus+ y que cuenta con cinco socios de cuatro pa\u00edses: B\u00e9lgica, Grecia, Suecia y Espa\u00f1a. TOMes tiene como objetivo recopilar buenas pr\u00e1cticas entre los miembros del consorcio y aquellas redes locales que est\u00e1n trabajando en la ense\u00f1anza [&hellip;]","og_url":"https:\/\/blognoticias.ecca.edu.es\/en\/comienza-el-proyecto-tomes-inclusion-de-personas-migrantes-y-refugiadas-a-traves-del-aprendizaje-de-idiomas\/","og_site_name":"Blog Noticias Ecca","article_publisher":"https:\/\/www.facebook.com\/ecca.edu.es","article_published_time":"2020-11-19T11:10:00+00:00","og_image":[{"url":"https:\/\/lh3.googleusercontent.com\/-A0c_USLKPAo\/X7ZRttEUuRI\/AAAAAAAAEKw\/6uJ42Njg59k2pD6sqAbvwX-THimCG9MzACLcBGAsYHQ\/w665-h206\/TOMes_logo%2B-%2BSara%2BRebollo%2BRam%25C3%25ADrez.png","type":"","width":"","height":""}],"author":"ECCA","twitter_card":"summary_large_image","twitter_creator":"@eccaedu","twitter_site":"@eccaedu","twitter_misc":{"Written by":"ECCA","Estimated reading time":"1 minute"},"schema":{"@context":"https:\/\/schema.org","@graph":[{"@type":"Article","@id":"https:\/\/blognoticias.ecca.edu.es\/comienza-el-proyecto-tomes-inclusion-de-personas-migrantes-y-refugiadas-a-traves-del-aprendizaje-de-idiomas\/#article","isPartOf":{"@id":"https:\/\/blognoticias.ecca.edu.es\/comienza-el-proyecto-tomes-inclusion-de-personas-migrantes-y-refugiadas-a-traves-del-aprendizaje-de-idiomas\/"},"author":{"name":"ECCA","@id":"https:\/\/blognoticias.ecca.edu.es\/#\/schema\/person\/2f67aec1e9c175158bc25ac844a022ce"},"headline":"Comienza el proyecto TOMes: inclusi\u00f3n de personas migrantes y refugiadas a trav\u00e9s del aprendizaje de idiomas","datePublished":"2020-11-19T11:10:00+00:00","mainEntityOfPage":{"@id":"https:\/\/blognoticias.ecca.edu.es\/comienza-el-proyecto-tomes-inclusion-de-personas-migrantes-y-refugiadas-a-traves-del-aprendizaje-de-idiomas\/"},"wordCount":212,"publisher":{"@id":"https:\/\/blognoticias.ecca.edu.es\/#organization"},"image":{"@id":"https:\/\/blognoticias.ecca.edu.es\/comienza-el-proyecto-tomes-inclusion-de-personas-migrantes-y-refugiadas-a-traves-del-aprendizaje-de-idiomas\/#primaryimage"},"thumbnailUrl":"https:\/\/lh3.googleusercontent.com\/-A0c_USLKPAo\/X7ZRttEUuRI\/AAAAAAAAEKw\/6uJ42Njg59k2pD6sqAbvwX-THimCG9MzACLcBGAsYHQ\/w665-h206\/TOMes_logo%2B-%2BSara%2BRebollo%2BRam%25C3%25ADrez.png","articleSection":["Comunicaci\u00f3n","Comunicaci\u00f3n ECCA","Relevante"],"inLanguage":"en-GB"},{"@type":"WebPage","@id":"https:\/\/blognoticias.ecca.edu.es\/comienza-el-proyecto-tomes-inclusion-de-personas-migrantes-y-refugiadas-a-traves-del-aprendizaje-de-idiomas\/","url":"https:\/\/blognoticias.ecca.edu.es\/comienza-el-proyecto-tomes-inclusion-de-personas-migrantes-y-refugiadas-a-traves-del-aprendizaje-de-idiomas\/","name":"Comienza el proyecto TOMes: inclusi\u00f3n de personas migrantes y refugiadas a trav\u00e9s del aprendizaje de idiomas","isPartOf":{"@id":"https:\/\/blognoticias.ecca.edu.es\/#website"},"primaryImageOfPage":{"@id":"https:\/\/blognoticias.ecca.edu.es\/comienza-el-proyecto-tomes-inclusion-de-personas-migrantes-y-refugiadas-a-traves-del-aprendizaje-de-idiomas\/#primaryimage"},"image":{"@id":"https:\/\/blognoticias.ecca.edu.es\/comienza-el-proyecto-tomes-inclusion-de-personas-migrantes-y-refugiadas-a-traves-del-aprendizaje-de-idiomas\/#primaryimage"},"thumbnailUrl":"https:\/\/lh3.googleusercontent.com\/-A0c_USLKPAo\/X7ZRttEUuRI\/AAAAAAAAEKw\/6uJ42Njg59k2pD6sqAbvwX-THimCG9MzACLcBGAsYHQ\/w665-h206\/TOMes_logo%2B-%2BSara%2BRebollo%2BRam%25C3%25ADrez.png","datePublished":"2020-11-19T11:10:00+00:00","breadcrumb":{"@id":"https:\/\/blognoticias.ecca.edu.es\/comienza-el-proyecto-tomes-inclusion-de-personas-migrantes-y-refugiadas-a-traves-del-aprendizaje-de-idiomas\/#breadcrumb"},"inLanguage":"en-GB","potentialAction":[{"@type":"ReadAction","target":["https:\/\/blognoticias.ecca.edu.es\/comienza-el-proyecto-tomes-inclusion-de-personas-migrantes-y-refugiadas-a-traves-del-aprendizaje-de-idiomas\/"]}]},{"@type":"ImageObject","inLanguage":"en-GB","@id":"https:\/\/blognoticias.ecca.edu.es\/comienza-el-proyecto-tomes-inclusion-de-personas-migrantes-y-refugiadas-a-traves-del-aprendizaje-de-idiomas\/#primaryimage","url":"https:\/\/lh3.googleusercontent.com\/-A0c_USLKPAo\/X7ZRttEUuRI\/AAAAAAAAEKw\/6uJ42Njg59k2pD6sqAbvwX-THimCG9MzACLcBGAsYHQ\/w665-h206\/TOMes_logo%2B-%2BSara%2BRebollo%2BRam%25C3%25ADrez.png","contentUrl":"https:\/\/lh3.googleusercontent.com\/-A0c_USLKPAo\/X7ZRttEUuRI\/AAAAAAAAEKw\/6uJ42Njg59k2pD6sqAbvwX-THimCG9MzACLcBGAsYHQ\/w665-h206\/TOMes_logo%2B-%2BSara%2BRebollo%2BRam%25C3%25ADrez.png"},{"@type":"BreadcrumbList","@id":"https:\/\/blognoticias.ecca.edu.es\/comienza-el-proyecto-tomes-inclusion-de-personas-migrantes-y-refugiadas-a-traves-del-aprendizaje-de-idiomas\/#breadcrumb","itemListElement":[{"@type":"ListItem","position":1,"name":"Portada","item":"https:\/\/blognoticias.ecca.edu.es\/"},{"@type":"ListItem","position":2,"name":"Comienza el proyecto TOMes: inclusi\u00f3n de personas migrantes y refugiadas a trav\u00e9s del aprendizaje de idiomas"}]},{"@type":"WebSite","@id":"https:\/\/blognoticias.ecca.edu.es\/#website","url":"https:\/\/blognoticias.ecca.edu.es\/","name":"Blog Noticias Ecca","description":"","publisher":{"@id":"https:\/\/blognoticias.ecca.edu.es\/#organization"},"potentialAction":[{"@type":"SearchAction","target":{"@type":"EntryPoint","urlTemplate":"https:\/\/blognoticias.ecca.edu.es\/?s={search_term_string}"},"query-input":{"@type":"PropertyValueSpecification","valueRequired":true,"valueName":"search_term_string"}}],"inLanguage":"en-GB"},{"@type":"Organization","@id":"https:\/\/blognoticias.ecca.edu.es\/#organization","name":"Blog Noticias Ecca","url":"https:\/\/blognoticias.ecca.edu.es\/","logo":{"@type":"ImageObject","inLanguage":"en-GB","@id":"https:\/\/blognoticias.ecca.edu.es\/#\/schema\/logo\/image\/","url":"https:\/\/blognoticias.ecca.edu.es\/wp-content\/uploads\/2023\/02\/cropped-cropped-cropped-cropped-Logo-Ecca.edu_.png","contentUrl":"https:\/\/blognoticias.ecca.edu.es\/wp-content\/uploads\/2023\/02\/cropped-cropped-cropped-cropped-Logo-Ecca.edu_.png","width":293,"height":45,"caption":"Blog Noticias Ecca"},"image":{"@id":"https:\/\/blognoticias.ecca.edu.es\/#\/schema\/logo\/image\/"},"sameAs":["https:\/\/www.facebook.com\/ecca.edu.es","https:\/\/x.com\/eccaedu","https:\/\/www.instagram.com\/"]},{"@type":"Person","@id":"https:\/\/blognoticias.ecca.edu.es\/#\/schema\/person\/2f67aec1e9c175158bc25ac844a022ce","name":"ECCA","image":{"@type":"ImageObject","inLanguage":"en-GB","@id":"https:\/\/blognoticias.ecca.edu.es\/#\/schema\/person\/image\/","url":"https:\/\/blognoticias.ecca.edu.es\/wp-content\/uploads\/2023\/02\/LOGO-ECCAEDU-1-150x150.png","contentUrl":"https:\/\/blognoticias.ecca.edu.es\/wp-content\/uploads\/2023\/02\/LOGO-ECCAEDU-1-150x150.png","caption":"ECCA"},"sameAs":["https:\/\/blognoticias.ecca.edu.es"],"url":"https:\/\/blognoticias.ecca.edu.es\/en\/author\/admin\/"}]}},"_links":{"self":[{"href":"https:\/\/blognoticias.ecca.edu.es\/en\/wp-json\/wp\/v2\/posts\/3420","targetHints":{"allow":["GET"]}}],"collection":[{"href":"https:\/\/blognoticias.ecca.edu.es\/en\/wp-json\/wp\/v2\/posts"}],"about":[{"href":"https:\/\/blognoticias.ecca.edu.es\/en\/wp-json\/wp\/v2\/types\/post"}],"author":[{"embeddable":true,"href":"https:\/\/blognoticias.ecca.edu.es\/en\/wp-json\/wp\/v2\/users\/1"}],"replies":[{"embeddable":true,"href":"https:\/\/blognoticias.ecca.edu.es\/en\/wp-json\/wp\/v2\/comments?post=3420"}],"version-history":[{"count":0,"href":"https:\/\/blognoticias.ecca.edu.es\/en\/wp-json\/wp\/v2\/posts\/3420\/revisions"}],"wp:attachment":[{"href":"https:\/\/blognoticias.ecca.edu.es\/en\/wp-json\/wp\/v2\/media?parent=3420"}],"wp:term":[{"taxonomy":"category","embeddable":true,"href":"https:\/\/blognoticias.ecca.edu.es\/en\/wp-json\/wp\/v2\/categories?post=3420"},{"taxonomy":"post_tag","embeddable":true,"href":"https:\/\/blognoticias.ecca.edu.es\/en\/wp-json\/wp\/v2\/tags?post=3420"}],"curies":[{"name":"wp","href":"https:\/\/api.w.org\/{rel}","templated":true}]}}