{"id":3417,"date":"2020-11-24T10:10:00","date_gmt":"2020-11-24T10:10:00","guid":{"rendered":"https:\/\/blognoticias.ecca.edu.es\/radio-ecca-y-fundacion-canaria-del-c-d-tenerife-colaboraran-en-un-proyecto-formativo-pionero-para-el-deporte-adaptado\/"},"modified":"2020-11-24T10:10:00","modified_gmt":"2020-11-24T10:10:00","slug":"radio-ecca-y-fundacion-canaria-del-c-d-tenerife-colaboraran-en-un-proyecto-formativo-pionero-para-el-deporte-adaptado","status":"publish","type":"post","link":"https:\/\/blognoticias.ecca.edu.es\/en\/radio-ecca-y-fundacion-canaria-del-c-d-tenerife-colaboraran-en-un-proyecto-formativo-pionero-para-el-deporte-adaptado\/","title":{"rendered":"Radio ECCA y Fundaci\u00f3n Canaria del C.D. Tenerife colaborar\u00e1n en un proyecto formativo pionero para el deporte adaptado"},"content":{"rendered":"<div class='booster-block booster-read-block'>\n                <div class=\"twp-read-time\">\n                \t<i class=\"booster-icon twp-clock\"><\/i> <span>Tiempo de lectura:<\/span>1 Minutos, 44 Segundos                <\/div>\n\n            <\/div><div style=\"text-align: justify;\"><b>La Fundaci\u00f3n Canaria del Club Deportivo Tenerife y Radio ECCA presentaron el pasado jueves, en el sal\u00f3n de actos de la sede tinerfe\u00f1a, el proyecto formativo <i>No somos suplentes<\/i>.<\/b><\/div>\n<div style=\"text-align: justify;\"><\/div>\n<div style=\"text-align: justify;\">La iniciativa, que es pionera para el deporte adaptado en Canarias, arrancar\u00e1 en diciembre con cursos de alfabetizaci\u00f3n, habilidades digitales y organizaci\u00f3n del tiempo, de los que se ver\u00e1n beneficiados unos 12 deportistas del equipo EDI y de clubes de f\u00fatbol sala que tienen convenio con la entidad blanquiazul: ADDIN, Hermano Pedro, Discapagua, Milenio e Iberia Toscal.<\/div>\n<div style=\"text-align: justify;\"><\/div>\n<div style=\"text-align: justify;\">\n<table cellpadding=\"0\" cellspacing=\"0\" style=\"float: right;\">\n<tbody>\n<tr>\n<td style=\"text-align: center;\"><a href=\"https:\/\/lh3.googleusercontent.com\/-QG15YtnZ0dQ\/X7zbCkHdw5I\/AAAAAAAAEL8\/Y6-e2HrBIboSSTN453GgX48a5OJ3p1fLQCLcBGAsYHQ\/image.png\" style=\"clear: right; margin-bottom: 1em; margin-left: auto; margin-right: auto;\"><img loading=\"lazy\" decoding=\"async\" alt=\"\" data-original-height=\"416\" data-original-width=\"662\" height=\"258\" src=\"https:\/\/lh3.googleusercontent.com\/-QG15YtnZ0dQ\/X7zbCkHdw5I\/AAAAAAAAEL8\/Y6-e2HrBIboSSTN453GgX48a5OJ3p1fLQCLcBGAsYHQ\/w411-h258\/image.png\" width=\"411\" \/><\/a><\/td>\n<\/tr>\n<tr>\n<td style=\"text-align: left;\">(de izq. a dcha.) Medina, Luis, Febles, L\u00f3pez y Le\u00f3n.<\/td>\n<\/tr>\n<\/tbody>\n<\/table>\n<div style=\"text-align: justify;\">En el acto de presentaci\u00f3n se dieron cita el jefe regional de las delegaciones de Radio ECCA en Canarias, David L\u00f3pez, la delegada de Radio ECCA en zona centro-sur de Tenerife, Mar\u00eda Le\u00f3n, la secretaria de la Fundaci\u00f3n Canaria del Club Deportivo Tenerife, Milagros Luis, el coordinador de proyectos de la Fundaci\u00f3n, Urbano Medina, as\u00ed como dos jugadores del conjunto EDI, Narciso y Juli\u00e1n Febles.&nbsp;<\/div>\n<\/div>\n<div style=\"text-align: justify;\"><\/div>\n<div style=\"text-align: justify;\">Esta acci\u00f3n es la segunda que impulsan ambas entidades, despu\u00e9s de que en diciembre se organizara en Tacoronte una jornada de convivencia entre diferentes colectivos, con el f\u00fatbol como principal actividad y herramienta de comunicaci\u00f3n. \u201cTanto la Fundaci\u00f3n como ECCA ponemos en el centro a las personas y, por ello, se trata de una alianza fundamental para la inclusi\u00f3n, para crear conciencia, visibilizar una realidad y generar oportunidades con mayor alcance\u201d, explic\u00f3 L\u00f3pez.<\/div>\n<div style=\"text-align: justify;\"><\/div>\n<div style=\"text-align: justify;\">En este sentido, la secretaria de la Fundaci\u00f3n Canaria del Club Deportivo Tenerife quiso remarcar que con <i>No somos suplentes<\/i> se llegar\u00e1 a un tejido social que posibilitar\u00e1 apreciar ciertas necesidades de la poblaci\u00f3n canaria. \u201cAl final queremos llenar un vac\u00edo que hemos detectado utilizando el f\u00fatbol como instrumento vertebrador\u201d se\u00f1al\u00f3 Luis Brito, quien cree, adem\u00e1s, que el proyecto mejorar\u00e1 capacidades y habilidades que son importantes para vivir en el entorno actual.<\/div>\n<div style=\"text-align: justify;\"><\/div>\n<div style=\"text-align: justify;\">Con ello, este proyecto ser\u00e1 la segunda piedra de una alianza que continuar\u00e1 durante el mes de diciembre y que, sobre todo, espera exportarse al exterior y servir de ejemplo para otras experiencias en diversos \u00e1mbitos sociales o clubes.<\/div>","protected":false},"excerpt":{"rendered":"<p>La Fundaci\u00f3n Canaria del Club Deportivo Tenerife y Radio ECCA presentaron el pasado jueves, en el sal\u00f3n de actos de la sede tinerfe\u00f1a, el proyecto formativo No somos suplentes. La iniciativa, que es pionera para el deporte adaptado en Canarias, arrancar\u00e1 en diciembre con cursos de alfabetizaci\u00f3n, habilidades digitales y organizaci\u00f3n del tiempo, de los [&hellip;]<\/p>","protected":false},"author":1,"featured_media":0,"comment_status":"","ping_status":"","sticky":false,"template":"","format":"standard","meta":{"footnotes":""},"categories":[102,103,106],"tags":[],"class_list":["post-3417","post","type-post","status-publish","format-standard","hentry","category-comunicacion","category-comunicacion-ecca","category-relevante"],"yoast_head":"<!-- This site is optimized with the Yoast SEO plugin v25.9 - https:\/\/yoast.com\/wordpress\/plugins\/seo\/ -->\n<title>Radio ECCA y Fundaci\u00f3n Canaria del C.D. Tenerife colaborar\u00e1n en un proyecto formativo pionero para el deporte adaptado<\/title>\n<meta name=\"robots\" content=\"index, follow, max-snippet:-1, max-image-preview:large, max-video-preview:-1\" \/>\n<link rel=\"canonical\" href=\"https:\/\/blognoticias.ecca.edu.es\/en\/radio-ecca-y-fundacion-canaria-del-c-d-tenerife-colaboraran-en-un-proyecto-formativo-pionero-para-el-deporte-adaptado\/\" \/>\n<meta property=\"og:locale\" content=\"en_GB\" \/>\n<meta property=\"og:type\" content=\"article\" \/>\n<meta property=\"og:title\" content=\"Radio ECCA y Fundaci\u00f3n Canaria del C.D. Tenerife colaborar\u00e1n en un proyecto formativo pionero para el deporte adaptado\" \/>\n<meta property=\"og:description\" content=\"La Fundaci\u00f3n Canaria del Club Deportivo Tenerife y Radio ECCA presentaron el pasado jueves, en el sal\u00f3n de actos de la sede tinerfe\u00f1a, el proyecto formativo No somos suplentes. La iniciativa, que es pionera para el deporte adaptado en Canarias, arrancar\u00e1 en diciembre con cursos de alfabetizaci\u00f3n, habilidades digitales y organizaci\u00f3n del tiempo, de los [&hellip;]\" \/>\n<meta property=\"og:url\" content=\"https:\/\/blognoticias.ecca.edu.es\/en\/radio-ecca-y-fundacion-canaria-del-c-d-tenerife-colaboraran-en-un-proyecto-formativo-pionero-para-el-deporte-adaptado\/\" \/>\n<meta property=\"og:site_name\" content=\"Blog Noticias Ecca\" \/>\n<meta property=\"article:publisher\" content=\"https:\/\/www.facebook.com\/ecca.edu.es\" \/>\n<meta property=\"article:published_time\" content=\"2020-11-24T10:10:00+00:00\" \/>\n<meta property=\"og:image\" content=\"https:\/\/lh3.googleusercontent.com\/-QG15YtnZ0dQ\/X7zbCkHdw5I\/AAAAAAAAEL8\/Y6-e2HrBIboSSTN453GgX48a5OJ3p1fLQCLcBGAsYHQ\/w411-h258\/image.png\" \/>\n<meta name=\"author\" content=\"ECCA\" \/>\n<meta name=\"twitter:card\" content=\"summary_large_image\" \/>\n<meta name=\"twitter:creator\" content=\"@eccaedu\" \/>\n<meta name=\"twitter:site\" content=\"@eccaedu\" \/>\n<meta name=\"twitter:label1\" content=\"Written by\" \/>\n\t<meta name=\"twitter:data1\" content=\"ECCA\" \/>\n\t<meta name=\"twitter:label2\" content=\"Estimated reading time\" \/>\n\t<meta name=\"twitter:data2\" content=\"2 minutes\" \/>\n<script type=\"application\/ld+json\" class=\"yoast-schema-graph\">{\"@context\":\"https:\/\/schema.org\",\"@graph\":[{\"@type\":\"Article\",\"@id\":\"https:\/\/blognoticias.ecca.edu.es\/radio-ecca-y-fundacion-canaria-del-c-d-tenerife-colaboraran-en-un-proyecto-formativo-pionero-para-el-deporte-adaptado\/#article\",\"isPartOf\":{\"@id\":\"https:\/\/blognoticias.ecca.edu.es\/radio-ecca-y-fundacion-canaria-del-c-d-tenerife-colaboraran-en-un-proyecto-formativo-pionero-para-el-deporte-adaptado\/\"},\"author\":{\"name\":\"ECCA\",\"@id\":\"https:\/\/blognoticias.ecca.edu.es\/#\/schema\/person\/2f67aec1e9c175158bc25ac844a022ce\"},\"headline\":\"Radio ECCA y Fundaci\u00f3n Canaria del C.D. Tenerife colaborar\u00e1n en un proyecto formativo pionero para el deporte adaptado\",\"datePublished\":\"2020-11-24T10:10:00+00:00\",\"mainEntityOfPage\":{\"@id\":\"https:\/\/blognoticias.ecca.edu.es\/radio-ecca-y-fundacion-canaria-del-c-d-tenerife-colaboraran-en-un-proyecto-formativo-pionero-para-el-deporte-adaptado\/\"},\"wordCount\":395,\"publisher\":{\"@id\":\"https:\/\/blognoticias.ecca.edu.es\/#organization\"},\"image\":{\"@id\":\"https:\/\/blognoticias.ecca.edu.es\/radio-ecca-y-fundacion-canaria-del-c-d-tenerife-colaboraran-en-un-proyecto-formativo-pionero-para-el-deporte-adaptado\/#primaryimage\"},\"thumbnailUrl\":\"https:\/\/lh3.googleusercontent.com\/-QG15YtnZ0dQ\/X7zbCkHdw5I\/AAAAAAAAEL8\/Y6-e2HrBIboSSTN453GgX48a5OJ3p1fLQCLcBGAsYHQ\/w411-h258\/image.png\",\"articleSection\":[\"Comunicaci\u00f3n\",\"Comunicaci\u00f3n ECCA\",\"Relevante\"],\"inLanguage\":\"en-GB\"},{\"@type\":\"WebPage\",\"@id\":\"https:\/\/blognoticias.ecca.edu.es\/radio-ecca-y-fundacion-canaria-del-c-d-tenerife-colaboraran-en-un-proyecto-formativo-pionero-para-el-deporte-adaptado\/\",\"url\":\"https:\/\/blognoticias.ecca.edu.es\/radio-ecca-y-fundacion-canaria-del-c-d-tenerife-colaboraran-en-un-proyecto-formativo-pionero-para-el-deporte-adaptado\/\",\"name\":\"Radio ECCA y Fundaci\u00f3n Canaria del C.D. Tenerife colaborar\u00e1n en un proyecto formativo pionero para el deporte adaptado\",\"isPartOf\":{\"@id\":\"https:\/\/blognoticias.ecca.edu.es\/#website\"},\"primaryImageOfPage\":{\"@id\":\"https:\/\/blognoticias.ecca.edu.es\/radio-ecca-y-fundacion-canaria-del-c-d-tenerife-colaboraran-en-un-proyecto-formativo-pionero-para-el-deporte-adaptado\/#primaryimage\"},\"image\":{\"@id\":\"https:\/\/blognoticias.ecca.edu.es\/radio-ecca-y-fundacion-canaria-del-c-d-tenerife-colaboraran-en-un-proyecto-formativo-pionero-para-el-deporte-adaptado\/#primaryimage\"},\"thumbnailUrl\":\"https:\/\/lh3.googleusercontent.com\/-QG15YtnZ0dQ\/X7zbCkHdw5I\/AAAAAAAAEL8\/Y6-e2HrBIboSSTN453GgX48a5OJ3p1fLQCLcBGAsYHQ\/w411-h258\/image.png\",\"datePublished\":\"2020-11-24T10:10:00+00:00\",\"breadcrumb\":{\"@id\":\"https:\/\/blognoticias.ecca.edu.es\/radio-ecca-y-fundacion-canaria-del-c-d-tenerife-colaboraran-en-un-proyecto-formativo-pionero-para-el-deporte-adaptado\/#breadcrumb\"},\"inLanguage\":\"en-GB\",\"potentialAction\":[{\"@type\":\"ReadAction\",\"target\":[\"https:\/\/blognoticias.ecca.edu.es\/radio-ecca-y-fundacion-canaria-del-c-d-tenerife-colaboraran-en-un-proyecto-formativo-pionero-para-el-deporte-adaptado\/\"]}]},{\"@type\":\"ImageObject\",\"inLanguage\":\"en-GB\",\"@id\":\"https:\/\/blognoticias.ecca.edu.es\/radio-ecca-y-fundacion-canaria-del-c-d-tenerife-colaboraran-en-un-proyecto-formativo-pionero-para-el-deporte-adaptado\/#primaryimage\",\"url\":\"https:\/\/lh3.googleusercontent.com\/-QG15YtnZ0dQ\/X7zbCkHdw5I\/AAAAAAAAEL8\/Y6-e2HrBIboSSTN453GgX48a5OJ3p1fLQCLcBGAsYHQ\/w411-h258\/image.png\",\"contentUrl\":\"https:\/\/lh3.googleusercontent.com\/-QG15YtnZ0dQ\/X7zbCkHdw5I\/AAAAAAAAEL8\/Y6-e2HrBIboSSTN453GgX48a5OJ3p1fLQCLcBGAsYHQ\/w411-h258\/image.png\"},{\"@type\":\"BreadcrumbList\",\"@id\":\"https:\/\/blognoticias.ecca.edu.es\/radio-ecca-y-fundacion-canaria-del-c-d-tenerife-colaboraran-en-un-proyecto-formativo-pionero-para-el-deporte-adaptado\/#breadcrumb\",\"itemListElement\":[{\"@type\":\"ListItem\",\"position\":1,\"name\":\"Portada\",\"item\":\"https:\/\/blognoticias.ecca.edu.es\/\"},{\"@type\":\"ListItem\",\"position\":2,\"name\":\"Radio ECCA y Fundaci\u00f3n Canaria del C.D. Tenerife colaborar\u00e1n en un proyecto formativo pionero para el deporte adaptado\"}]},{\"@type\":\"WebSite\",\"@id\":\"https:\/\/blognoticias.ecca.edu.es\/#website\",\"url\":\"https:\/\/blognoticias.ecca.edu.es\/\",\"name\":\"Blog Noticias Ecca\",\"description\":\"\",\"publisher\":{\"@id\":\"https:\/\/blognoticias.ecca.edu.es\/#organization\"},\"potentialAction\":[{\"@type\":\"SearchAction\",\"target\":{\"@type\":\"EntryPoint\",\"urlTemplate\":\"https:\/\/blognoticias.ecca.edu.es\/?s={search_term_string}\"},\"query-input\":{\"@type\":\"PropertyValueSpecification\",\"valueRequired\":true,\"valueName\":\"search_term_string\"}}],\"inLanguage\":\"en-GB\"},{\"@type\":\"Organization\",\"@id\":\"https:\/\/blognoticias.ecca.edu.es\/#organization\",\"name\":\"Blog Noticias Ecca\",\"url\":\"https:\/\/blognoticias.ecca.edu.es\/\",\"logo\":{\"@type\":\"ImageObject\",\"inLanguage\":\"en-GB\",\"@id\":\"https:\/\/blognoticias.ecca.edu.es\/#\/schema\/logo\/image\/\",\"url\":\"https:\/\/blognoticias.ecca.edu.es\/wp-content\/uploads\/2023\/02\/cropped-cropped-cropped-cropped-Logo-Ecca.edu_.png\",\"contentUrl\":\"https:\/\/blognoticias.ecca.edu.es\/wp-content\/uploads\/2023\/02\/cropped-cropped-cropped-cropped-Logo-Ecca.edu_.png\",\"width\":293,\"height\":45,\"caption\":\"Blog Noticias Ecca\"},\"image\":{\"@id\":\"https:\/\/blognoticias.ecca.edu.es\/#\/schema\/logo\/image\/\"},\"sameAs\":[\"https:\/\/www.facebook.com\/ecca.edu.es\",\"https:\/\/x.com\/eccaedu\",\"https:\/\/www.instagram.com\/\"]},{\"@type\":\"Person\",\"@id\":\"https:\/\/blognoticias.ecca.edu.es\/#\/schema\/person\/2f67aec1e9c175158bc25ac844a022ce\",\"name\":\"ECCA\",\"image\":{\"@type\":\"ImageObject\",\"inLanguage\":\"en-GB\",\"@id\":\"https:\/\/blognoticias.ecca.edu.es\/#\/schema\/person\/image\/\",\"url\":\"https:\/\/blognoticias.ecca.edu.es\/wp-content\/uploads\/2023\/02\/LOGO-ECCAEDU-1-150x150.png\",\"contentUrl\":\"https:\/\/blognoticias.ecca.edu.es\/wp-content\/uploads\/2023\/02\/LOGO-ECCAEDU-1-150x150.png\",\"caption\":\"ECCA\"},\"sameAs\":[\"https:\/\/blognoticias.ecca.edu.es\"],\"url\":\"https:\/\/blognoticias.ecca.edu.es\/en\/author\/admin\/\"}]}<\/script>\n<!-- \/ Yoast SEO plugin. -->","yoast_head_json":{"title":"Radio ECCA y Fundaci\u00f3n Canaria del C.D. Tenerife colaborar\u00e1n en un proyecto formativo pionero para el deporte adaptado","robots":{"index":"index","follow":"follow","max-snippet":"max-snippet:-1","max-image-preview":"max-image-preview:large","max-video-preview":"max-video-preview:-1"},"canonical":"https:\/\/blognoticias.ecca.edu.es\/en\/radio-ecca-y-fundacion-canaria-del-c-d-tenerife-colaboraran-en-un-proyecto-formativo-pionero-para-el-deporte-adaptado\/","og_locale":"en_GB","og_type":"article","og_title":"Radio ECCA y Fundaci\u00f3n Canaria del C.D. Tenerife colaborar\u00e1n en un proyecto formativo pionero para el deporte adaptado","og_description":"La Fundaci\u00f3n Canaria del Club Deportivo Tenerife y Radio ECCA presentaron el pasado jueves, en el sal\u00f3n de actos de la sede tinerfe\u00f1a, el proyecto formativo No somos suplentes. La iniciativa, que es pionera para el deporte adaptado en Canarias, arrancar\u00e1 en diciembre con cursos de alfabetizaci\u00f3n, habilidades digitales y organizaci\u00f3n del tiempo, de los [&hellip;]","og_url":"https:\/\/blognoticias.ecca.edu.es\/en\/radio-ecca-y-fundacion-canaria-del-c-d-tenerife-colaboraran-en-un-proyecto-formativo-pionero-para-el-deporte-adaptado\/","og_site_name":"Blog Noticias Ecca","article_publisher":"https:\/\/www.facebook.com\/ecca.edu.es","article_published_time":"2020-11-24T10:10:00+00:00","og_image":[{"url":"https:\/\/lh3.googleusercontent.com\/-QG15YtnZ0dQ\/X7zbCkHdw5I\/AAAAAAAAEL8\/Y6-e2HrBIboSSTN453GgX48a5OJ3p1fLQCLcBGAsYHQ\/w411-h258\/image.png","type":"","width":"","height":""}],"author":"ECCA","twitter_card":"summary_large_image","twitter_creator":"@eccaedu","twitter_site":"@eccaedu","twitter_misc":{"Written by":"ECCA","Estimated reading time":"2 minutes"},"schema":{"@context":"https:\/\/schema.org","@graph":[{"@type":"Article","@id":"https:\/\/blognoticias.ecca.edu.es\/radio-ecca-y-fundacion-canaria-del-c-d-tenerife-colaboraran-en-un-proyecto-formativo-pionero-para-el-deporte-adaptado\/#article","isPartOf":{"@id":"https:\/\/blognoticias.ecca.edu.es\/radio-ecca-y-fundacion-canaria-del-c-d-tenerife-colaboraran-en-un-proyecto-formativo-pionero-para-el-deporte-adaptado\/"},"author":{"name":"ECCA","@id":"https:\/\/blognoticias.ecca.edu.es\/#\/schema\/person\/2f67aec1e9c175158bc25ac844a022ce"},"headline":"Radio ECCA y Fundaci\u00f3n Canaria del C.D. Tenerife colaborar\u00e1n en un proyecto formativo pionero para el deporte adaptado","datePublished":"2020-11-24T10:10:00+00:00","mainEntityOfPage":{"@id":"https:\/\/blognoticias.ecca.edu.es\/radio-ecca-y-fundacion-canaria-del-c-d-tenerife-colaboraran-en-un-proyecto-formativo-pionero-para-el-deporte-adaptado\/"},"wordCount":395,"publisher":{"@id":"https:\/\/blognoticias.ecca.edu.es\/#organization"},"image":{"@id":"https:\/\/blognoticias.ecca.edu.es\/radio-ecca-y-fundacion-canaria-del-c-d-tenerife-colaboraran-en-un-proyecto-formativo-pionero-para-el-deporte-adaptado\/#primaryimage"},"thumbnailUrl":"https:\/\/lh3.googleusercontent.com\/-QG15YtnZ0dQ\/X7zbCkHdw5I\/AAAAAAAAEL8\/Y6-e2HrBIboSSTN453GgX48a5OJ3p1fLQCLcBGAsYHQ\/w411-h258\/image.png","articleSection":["Comunicaci\u00f3n","Comunicaci\u00f3n ECCA","Relevante"],"inLanguage":"en-GB"},{"@type":"WebPage","@id":"https:\/\/blognoticias.ecca.edu.es\/radio-ecca-y-fundacion-canaria-del-c-d-tenerife-colaboraran-en-un-proyecto-formativo-pionero-para-el-deporte-adaptado\/","url":"https:\/\/blognoticias.ecca.edu.es\/radio-ecca-y-fundacion-canaria-del-c-d-tenerife-colaboraran-en-un-proyecto-formativo-pionero-para-el-deporte-adaptado\/","name":"Radio ECCA y Fundaci\u00f3n Canaria del C.D. Tenerife colaborar\u00e1n en un proyecto formativo pionero para el deporte adaptado","isPartOf":{"@id":"https:\/\/blognoticias.ecca.edu.es\/#website"},"primaryImageOfPage":{"@id":"https:\/\/blognoticias.ecca.edu.es\/radio-ecca-y-fundacion-canaria-del-c-d-tenerife-colaboraran-en-un-proyecto-formativo-pionero-para-el-deporte-adaptado\/#primaryimage"},"image":{"@id":"https:\/\/blognoticias.ecca.edu.es\/radio-ecca-y-fundacion-canaria-del-c-d-tenerife-colaboraran-en-un-proyecto-formativo-pionero-para-el-deporte-adaptado\/#primaryimage"},"thumbnailUrl":"https:\/\/lh3.googleusercontent.com\/-QG15YtnZ0dQ\/X7zbCkHdw5I\/AAAAAAAAEL8\/Y6-e2HrBIboSSTN453GgX48a5OJ3p1fLQCLcBGAsYHQ\/w411-h258\/image.png","datePublished":"2020-11-24T10:10:00+00:00","breadcrumb":{"@id":"https:\/\/blognoticias.ecca.edu.es\/radio-ecca-y-fundacion-canaria-del-c-d-tenerife-colaboraran-en-un-proyecto-formativo-pionero-para-el-deporte-adaptado\/#breadcrumb"},"inLanguage":"en-GB","potentialAction":[{"@type":"ReadAction","target":["https:\/\/blognoticias.ecca.edu.es\/radio-ecca-y-fundacion-canaria-del-c-d-tenerife-colaboraran-en-un-proyecto-formativo-pionero-para-el-deporte-adaptado\/"]}]},{"@type":"ImageObject","inLanguage":"en-GB","@id":"https:\/\/blognoticias.ecca.edu.es\/radio-ecca-y-fundacion-canaria-del-c-d-tenerife-colaboraran-en-un-proyecto-formativo-pionero-para-el-deporte-adaptado\/#primaryimage","url":"https:\/\/lh3.googleusercontent.com\/-QG15YtnZ0dQ\/X7zbCkHdw5I\/AAAAAAAAEL8\/Y6-e2HrBIboSSTN453GgX48a5OJ3p1fLQCLcBGAsYHQ\/w411-h258\/image.png","contentUrl":"https:\/\/lh3.googleusercontent.com\/-QG15YtnZ0dQ\/X7zbCkHdw5I\/AAAAAAAAEL8\/Y6-e2HrBIboSSTN453GgX48a5OJ3p1fLQCLcBGAsYHQ\/w411-h258\/image.png"},{"@type":"BreadcrumbList","@id":"https:\/\/blognoticias.ecca.edu.es\/radio-ecca-y-fundacion-canaria-del-c-d-tenerife-colaboraran-en-un-proyecto-formativo-pionero-para-el-deporte-adaptado\/#breadcrumb","itemListElement":[{"@type":"ListItem","position":1,"name":"Portada","item":"https:\/\/blognoticias.ecca.edu.es\/"},{"@type":"ListItem","position":2,"name":"Radio ECCA y Fundaci\u00f3n Canaria del C.D. Tenerife colaborar\u00e1n en un proyecto formativo pionero para el deporte adaptado"}]},{"@type":"WebSite","@id":"https:\/\/blognoticias.ecca.edu.es\/#website","url":"https:\/\/blognoticias.ecca.edu.es\/","name":"Blog Noticias Ecca","description":"","publisher":{"@id":"https:\/\/blognoticias.ecca.edu.es\/#organization"},"potentialAction":[{"@type":"SearchAction","target":{"@type":"EntryPoint","urlTemplate":"https:\/\/blognoticias.ecca.edu.es\/?s={search_term_string}"},"query-input":{"@type":"PropertyValueSpecification","valueRequired":true,"valueName":"search_term_string"}}],"inLanguage":"en-GB"},{"@type":"Organization","@id":"https:\/\/blognoticias.ecca.edu.es\/#organization","name":"Blog Noticias Ecca","url":"https:\/\/blognoticias.ecca.edu.es\/","logo":{"@type":"ImageObject","inLanguage":"en-GB","@id":"https:\/\/blognoticias.ecca.edu.es\/#\/schema\/logo\/image\/","url":"https:\/\/blognoticias.ecca.edu.es\/wp-content\/uploads\/2023\/02\/cropped-cropped-cropped-cropped-Logo-Ecca.edu_.png","contentUrl":"https:\/\/blognoticias.ecca.edu.es\/wp-content\/uploads\/2023\/02\/cropped-cropped-cropped-cropped-Logo-Ecca.edu_.png","width":293,"height":45,"caption":"Blog Noticias Ecca"},"image":{"@id":"https:\/\/blognoticias.ecca.edu.es\/#\/schema\/logo\/image\/"},"sameAs":["https:\/\/www.facebook.com\/ecca.edu.es","https:\/\/x.com\/eccaedu","https:\/\/www.instagram.com\/"]},{"@type":"Person","@id":"https:\/\/blognoticias.ecca.edu.es\/#\/schema\/person\/2f67aec1e9c175158bc25ac844a022ce","name":"ECCA","image":{"@type":"ImageObject","inLanguage":"en-GB","@id":"https:\/\/blognoticias.ecca.edu.es\/#\/schema\/person\/image\/","url":"https:\/\/blognoticias.ecca.edu.es\/wp-content\/uploads\/2023\/02\/LOGO-ECCAEDU-1-150x150.png","contentUrl":"https:\/\/blognoticias.ecca.edu.es\/wp-content\/uploads\/2023\/02\/LOGO-ECCAEDU-1-150x150.png","caption":"ECCA"},"sameAs":["https:\/\/blognoticias.ecca.edu.es"],"url":"https:\/\/blognoticias.ecca.edu.es\/en\/author\/admin\/"}]}},"_links":{"self":[{"href":"https:\/\/blognoticias.ecca.edu.es\/en\/wp-json\/wp\/v2\/posts\/3417","targetHints":{"allow":["GET"]}}],"collection":[{"href":"https:\/\/blognoticias.ecca.edu.es\/en\/wp-json\/wp\/v2\/posts"}],"about":[{"href":"https:\/\/blognoticias.ecca.edu.es\/en\/wp-json\/wp\/v2\/types\/post"}],"author":[{"embeddable":true,"href":"https:\/\/blognoticias.ecca.edu.es\/en\/wp-json\/wp\/v2\/users\/1"}],"replies":[{"embeddable":true,"href":"https:\/\/blognoticias.ecca.edu.es\/en\/wp-json\/wp\/v2\/comments?post=3417"}],"version-history":[{"count":0,"href":"https:\/\/blognoticias.ecca.edu.es\/en\/wp-json\/wp\/v2\/posts\/3417\/revisions"}],"wp:attachment":[{"href":"https:\/\/blognoticias.ecca.edu.es\/en\/wp-json\/wp\/v2\/media?parent=3417"}],"wp:term":[{"taxonomy":"category","embeddable":true,"href":"https:\/\/blognoticias.ecca.edu.es\/en\/wp-json\/wp\/v2\/categories?post=3417"},{"taxonomy":"post_tag","embeddable":true,"href":"https:\/\/blognoticias.ecca.edu.es\/en\/wp-json\/wp\/v2\/tags?post=3417"}],"curies":[{"name":"wp","href":"https:\/\/api.w.org\/{rel}","templated":true}]}}