{"id":3310,"date":"2021-10-20T12:48:00","date_gmt":"2021-10-20T12:48:00","guid":{"rendered":"https:\/\/blognoticias.ecca.edu.es\/dia-de-las-culturas-caminando-juntos-hacia-una-ciudadania-universal\/"},"modified":"2021-10-20T12:48:00","modified_gmt":"2021-10-20T12:48:00","slug":"dia-de-las-culturas-caminando-juntos-hacia-una-ciudadania-universal","status":"publish","type":"post","link":"https:\/\/blognoticias.ecca.edu.es\/en\/dia-de-las-culturas-caminando-juntos-hacia-una-ciudadania-universal\/","title":{"rendered":"D\u00eda de las Culturas: Caminando juntos hacia una Ciudadan\u00eda Universal"},"content":{"rendered":"<div class='booster-block booster-read-block'>\n                <div class=\"twp-read-time\">\n                \t<i class=\"booster-icon twp-clock\"><\/i> <span>Tiempo de lectura:<\/span>54 Segundos                <\/div>\n\n            <\/div><div style=\"text-align: justify;\"><b>El pasado viernes, el Patio de las Culturas celebr\u00f3 el d\u00eda de las Culturas (12 de octubre) en el Centro Loyola, en Las Palmas de Gran Canaria, y Radio ECCA estuvo presente.&nbsp;<\/b><\/div>\n<div style=\"text-align: justify;\"><\/div>\n<div style=\"text-align: justify;\">El encuentro fue una apuesta m\u00e1s por la interculturalidad en la que vienen trabajando desde el a\u00f1o 2004. El acto result\u00f3 muy enriquecedor. El maestro de ceremonias fue Agust\u00edn Dom\u00ednguez, del colectivo Paraguay Ch\u00ea Reta, y nos condujo por tres momentos:<\/div>\n<div style=\"text-align: justify;\"><\/div>\n<div style=\"text-align: justify;\">\n<div style=\"clear: both; text-align: center;\"><a href=\"https:\/\/lh3.googleusercontent.com\/-tGy_aubrHR4\/YXAPylOZbII\/AAAAAAAAGDk\/EQfCD8iFg6Q_cwiVanhXO4n-aFxP2G3BgCLcBGAsYHQ\/El%2Bpatio%2Bde%2Blas%2Bculturas.jpg\" style=\"clear: right; float: right; margin-bottom: 1em; margin-left: 1em;\"><img loading=\"lazy\" decoding=\"async\" alt=\"\" data-original-height=\"2048\" data-original-width=\"2048\" height=\"402\" src=\"https:\/\/lh3.googleusercontent.com\/-tGy_aubrHR4\/YXAPylOZbII\/AAAAAAAAGDk\/EQfCD8iFg6Q_cwiVanhXO4n-aFxP2G3BgCLcBGAsYHQ\/w402-h402\/El%2Bpatio%2Bde%2Blas%2Bculturas.jpg\" width=\"402\" \/><\/a><\/div>\n<p>&#8211; \u2018lenguas maternas\u2019: pudimos disfrutar de la lectura de varios poemas en guaran\u00ed (lengua originaria de Paraguay) y en tagalo (de Filipinas).<\/p><\/div>\n<div style=\"text-align: justify;\"><\/div>\n<div style=\"text-align: justify;\"><\/div>\n<div style=\"text-align: justify;\">&#8211; \u2018intercultural\u2019: la Asociaci\u00f3n folkl\u00f3rico-cultural de Gran Canaria Macondo nos deleit\u00f3 con danzas colombianas, y tambi\u00e9n pudimos disfrutar de la actuaci\u00f3n musical de Peter, al piano (de la Comunidad de Filipinas).<\/div>\n<div style=\"text-align: justify;\"><\/div>\n<div style=\"text-align: justify;\">&#8211; \u2018interreligioso\u2019: Loli L\u00f3pez, directora del Secretariado de Migraciones de la di\u00f3cesis de Canarias, y Houda Charradi El Manat\u00ed, miembro de la Asociaci\u00f3n de mujeres musulmanas de Gran Canaria Ettakwa, realizaron un hermoso di\u00e1logo de paz, reconciliaci\u00f3n y unidad.<\/div>\n<div style=\"text-align: justify;\"><\/div>\n<div style=\"text-align: justify;\">El acto termin\u00f3 con la actuaci\u00f3n de Yumy D\u00edaz, cantautora y presidenta de El Patio de las Culturas.<\/div>","protected":false},"excerpt":{"rendered":"<p>El pasado viernes, el Patio de las Culturas celebr\u00f3 el d\u00eda de las Culturas (12 de octubre) en el Centro Loyola, en Las Palmas de Gran Canaria, y Radio ECCA estuvo presente.&nbsp; El encuentro fue una apuesta m\u00e1s por la interculturalidad en la que vienen trabajando desde el a\u00f1o 2004. El acto result\u00f3 muy enriquecedor. [&hellip;]<\/p>","protected":false},"author":1,"featured_media":0,"comment_status":"","ping_status":"","sticky":false,"template":"","format":"standard","meta":{"footnotes":""},"categories":[103,267,268,106],"tags":[],"class_list":["post-3310","post","type-post","status-publish","format-standard","hentry","category-comunicacion-ecca","category-el-patio-de-las-culturas","category-interculturalidad","category-relevante"],"yoast_head":"<!-- This site is optimized with the Yoast SEO plugin v25.9 - https:\/\/yoast.com\/wordpress\/plugins\/seo\/ -->\n<title>D\u00eda de las Culturas: Caminando juntos hacia una Ciudadan\u00eda Universal<\/title>\n<meta name=\"robots\" content=\"index, follow, max-snippet:-1, max-image-preview:large, max-video-preview:-1\" \/>\n<link rel=\"canonical\" href=\"https:\/\/blognoticias.ecca.edu.es\/en\/dia-de-las-culturas-caminando-juntos-hacia-una-ciudadania-universal\/\" \/>\n<meta property=\"og:locale\" content=\"en_GB\" \/>\n<meta property=\"og:type\" content=\"article\" \/>\n<meta property=\"og:title\" content=\"D\u00eda de las Culturas: Caminando juntos hacia una Ciudadan\u00eda Universal\" \/>\n<meta property=\"og:description\" content=\"El pasado viernes, el Patio de las Culturas celebr\u00f3 el d\u00eda de las Culturas (12 de octubre) en el Centro Loyola, en Las Palmas de Gran Canaria, y Radio ECCA estuvo presente.&nbsp; El encuentro fue una apuesta m\u00e1s por la interculturalidad en la que vienen trabajando desde el a\u00f1o 2004. El acto result\u00f3 muy enriquecedor. [&hellip;]\" \/>\n<meta property=\"og:url\" content=\"https:\/\/blognoticias.ecca.edu.es\/en\/dia-de-las-culturas-caminando-juntos-hacia-una-ciudadania-universal\/\" \/>\n<meta property=\"og:site_name\" content=\"Blog Noticias Ecca\" \/>\n<meta property=\"article:publisher\" content=\"https:\/\/www.facebook.com\/ecca.edu.es\" \/>\n<meta property=\"article:published_time\" content=\"2021-10-20T12:48:00+00:00\" \/>\n<meta property=\"og:image\" content=\"https:\/\/lh3.googleusercontent.com\/-tGy_aubrHR4\/YXAPylOZbII\/AAAAAAAAGDk\/EQfCD8iFg6Q_cwiVanhXO4n-aFxP2G3BgCLcBGAsYHQ\/w402-h402\/El%2Bpatio%2Bde%2Blas%2Bculturas.jpg\" \/>\n<meta name=\"author\" content=\"ECCA\" \/>\n<meta name=\"twitter:card\" content=\"summary_large_image\" \/>\n<meta name=\"twitter:creator\" content=\"@eccaedu\" \/>\n<meta name=\"twitter:site\" content=\"@eccaedu\" \/>\n<meta name=\"twitter:label1\" content=\"Written by\" \/>\n\t<meta name=\"twitter:data1\" content=\"ECCA\" \/>\n\t<meta name=\"twitter:label2\" content=\"Estimated reading time\" \/>\n\t<meta name=\"twitter:data2\" content=\"1 minute\" \/>\n<script type=\"application\/ld+json\" class=\"yoast-schema-graph\">{\"@context\":\"https:\/\/schema.org\",\"@graph\":[{\"@type\":\"Article\",\"@id\":\"https:\/\/blognoticias.ecca.edu.es\/dia-de-las-culturas-caminando-juntos-hacia-una-ciudadania-universal\/#article\",\"isPartOf\":{\"@id\":\"https:\/\/blognoticias.ecca.edu.es\/dia-de-las-culturas-caminando-juntos-hacia-una-ciudadania-universal\/\"},\"author\":{\"name\":\"ECCA\",\"@id\":\"https:\/\/blognoticias.ecca.edu.es\/#\/schema\/person\/2f67aec1e9c175158bc25ac844a022ce\"},\"headline\":\"D\u00eda de las Culturas: Caminando juntos hacia una Ciudadan\u00eda Universal\",\"datePublished\":\"2021-10-20T12:48:00+00:00\",\"mainEntityOfPage\":{\"@id\":\"https:\/\/blognoticias.ecca.edu.es\/dia-de-las-culturas-caminando-juntos-hacia-una-ciudadania-universal\/\"},\"wordCount\":210,\"publisher\":{\"@id\":\"https:\/\/blognoticias.ecca.edu.es\/#organization\"},\"image\":{\"@id\":\"https:\/\/blognoticias.ecca.edu.es\/dia-de-las-culturas-caminando-juntos-hacia-una-ciudadania-universal\/#primaryimage\"},\"thumbnailUrl\":\"https:\/\/lh3.googleusercontent.com\/-tGy_aubrHR4\/YXAPylOZbII\/AAAAAAAAGDk\/EQfCD8iFg6Q_cwiVanhXO4n-aFxP2G3BgCLcBGAsYHQ\/w402-h402\/El%2Bpatio%2Bde%2Blas%2Bculturas.jpg\",\"articleSection\":[\"Comunicaci\u00f3n ECCA\",\"El patio de las culturas\",\"Interculturalidad\",\"Relevante\"],\"inLanguage\":\"en-GB\"},{\"@type\":\"WebPage\",\"@id\":\"https:\/\/blognoticias.ecca.edu.es\/dia-de-las-culturas-caminando-juntos-hacia-una-ciudadania-universal\/\",\"url\":\"https:\/\/blognoticias.ecca.edu.es\/dia-de-las-culturas-caminando-juntos-hacia-una-ciudadania-universal\/\",\"name\":\"D\u00eda de las Culturas: Caminando juntos hacia una Ciudadan\u00eda Universal\",\"isPartOf\":{\"@id\":\"https:\/\/blognoticias.ecca.edu.es\/#website\"},\"primaryImageOfPage\":{\"@id\":\"https:\/\/blognoticias.ecca.edu.es\/dia-de-las-culturas-caminando-juntos-hacia-una-ciudadania-universal\/#primaryimage\"},\"image\":{\"@id\":\"https:\/\/blognoticias.ecca.edu.es\/dia-de-las-culturas-caminando-juntos-hacia-una-ciudadania-universal\/#primaryimage\"},\"thumbnailUrl\":\"https:\/\/lh3.googleusercontent.com\/-tGy_aubrHR4\/YXAPylOZbII\/AAAAAAAAGDk\/EQfCD8iFg6Q_cwiVanhXO4n-aFxP2G3BgCLcBGAsYHQ\/w402-h402\/El%2Bpatio%2Bde%2Blas%2Bculturas.jpg\",\"datePublished\":\"2021-10-20T12:48:00+00:00\",\"breadcrumb\":{\"@id\":\"https:\/\/blognoticias.ecca.edu.es\/dia-de-las-culturas-caminando-juntos-hacia-una-ciudadania-universal\/#breadcrumb\"},\"inLanguage\":\"en-GB\",\"potentialAction\":[{\"@type\":\"ReadAction\",\"target\":[\"https:\/\/blognoticias.ecca.edu.es\/dia-de-las-culturas-caminando-juntos-hacia-una-ciudadania-universal\/\"]}]},{\"@type\":\"ImageObject\",\"inLanguage\":\"en-GB\",\"@id\":\"https:\/\/blognoticias.ecca.edu.es\/dia-de-las-culturas-caminando-juntos-hacia-una-ciudadania-universal\/#primaryimage\",\"url\":\"https:\/\/lh3.googleusercontent.com\/-tGy_aubrHR4\/YXAPylOZbII\/AAAAAAAAGDk\/EQfCD8iFg6Q_cwiVanhXO4n-aFxP2G3BgCLcBGAsYHQ\/w402-h402\/El%2Bpatio%2Bde%2Blas%2Bculturas.jpg\",\"contentUrl\":\"https:\/\/lh3.googleusercontent.com\/-tGy_aubrHR4\/YXAPylOZbII\/AAAAAAAAGDk\/EQfCD8iFg6Q_cwiVanhXO4n-aFxP2G3BgCLcBGAsYHQ\/w402-h402\/El%2Bpatio%2Bde%2Blas%2Bculturas.jpg\"},{\"@type\":\"BreadcrumbList\",\"@id\":\"https:\/\/blognoticias.ecca.edu.es\/dia-de-las-culturas-caminando-juntos-hacia-una-ciudadania-universal\/#breadcrumb\",\"itemListElement\":[{\"@type\":\"ListItem\",\"position\":1,\"name\":\"Portada\",\"item\":\"https:\/\/blognoticias.ecca.edu.es\/\"},{\"@type\":\"ListItem\",\"position\":2,\"name\":\"D\u00eda de las Culturas: Caminando juntos hacia una Ciudadan\u00eda Universal\"}]},{\"@type\":\"WebSite\",\"@id\":\"https:\/\/blognoticias.ecca.edu.es\/#website\",\"url\":\"https:\/\/blognoticias.ecca.edu.es\/\",\"name\":\"Blog Noticias Ecca\",\"description\":\"\",\"publisher\":{\"@id\":\"https:\/\/blognoticias.ecca.edu.es\/#organization\"},\"potentialAction\":[{\"@type\":\"SearchAction\",\"target\":{\"@type\":\"EntryPoint\",\"urlTemplate\":\"https:\/\/blognoticias.ecca.edu.es\/?s={search_term_string}\"},\"query-input\":{\"@type\":\"PropertyValueSpecification\",\"valueRequired\":true,\"valueName\":\"search_term_string\"}}],\"inLanguage\":\"en-GB\"},{\"@type\":\"Organization\",\"@id\":\"https:\/\/blognoticias.ecca.edu.es\/#organization\",\"name\":\"Blog Noticias Ecca\",\"url\":\"https:\/\/blognoticias.ecca.edu.es\/\",\"logo\":{\"@type\":\"ImageObject\",\"inLanguage\":\"en-GB\",\"@id\":\"https:\/\/blognoticias.ecca.edu.es\/#\/schema\/logo\/image\/\",\"url\":\"https:\/\/blognoticias.ecca.edu.es\/wp-content\/uploads\/2023\/02\/cropped-cropped-cropped-cropped-Logo-Ecca.edu_.png\",\"contentUrl\":\"https:\/\/blognoticias.ecca.edu.es\/wp-content\/uploads\/2023\/02\/cropped-cropped-cropped-cropped-Logo-Ecca.edu_.png\",\"width\":293,\"height\":45,\"caption\":\"Blog Noticias Ecca\"},\"image\":{\"@id\":\"https:\/\/blognoticias.ecca.edu.es\/#\/schema\/logo\/image\/\"},\"sameAs\":[\"https:\/\/www.facebook.com\/ecca.edu.es\",\"https:\/\/x.com\/eccaedu\",\"https:\/\/www.instagram.com\/\"]},{\"@type\":\"Person\",\"@id\":\"https:\/\/blognoticias.ecca.edu.es\/#\/schema\/person\/2f67aec1e9c175158bc25ac844a022ce\",\"name\":\"ECCA\",\"image\":{\"@type\":\"ImageObject\",\"inLanguage\":\"en-GB\",\"@id\":\"https:\/\/blognoticias.ecca.edu.es\/#\/schema\/person\/image\/\",\"url\":\"https:\/\/blognoticias.ecca.edu.es\/wp-content\/uploads\/2023\/02\/LOGO-ECCAEDU-1-150x150.png\",\"contentUrl\":\"https:\/\/blognoticias.ecca.edu.es\/wp-content\/uploads\/2023\/02\/LOGO-ECCAEDU-1-150x150.png\",\"caption\":\"ECCA\"},\"sameAs\":[\"https:\/\/blognoticias.ecca.edu.es\"],\"url\":\"https:\/\/blognoticias.ecca.edu.es\/en\/author\/admin\/\"}]}<\/script>\n<!-- \/ Yoast SEO plugin. -->","yoast_head_json":{"title":"D\u00eda de las Culturas: Caminando juntos hacia una Ciudadan\u00eda Universal","robots":{"index":"index","follow":"follow","max-snippet":"max-snippet:-1","max-image-preview":"max-image-preview:large","max-video-preview":"max-video-preview:-1"},"canonical":"https:\/\/blognoticias.ecca.edu.es\/en\/dia-de-las-culturas-caminando-juntos-hacia-una-ciudadania-universal\/","og_locale":"en_GB","og_type":"article","og_title":"D\u00eda de las Culturas: Caminando juntos hacia una Ciudadan\u00eda Universal","og_description":"El pasado viernes, el Patio de las Culturas celebr\u00f3 el d\u00eda de las Culturas (12 de octubre) en el Centro Loyola, en Las Palmas de Gran Canaria, y Radio ECCA estuvo presente.&nbsp; El encuentro fue una apuesta m\u00e1s por la interculturalidad en la que vienen trabajando desde el a\u00f1o 2004. El acto result\u00f3 muy enriquecedor. [&hellip;]","og_url":"https:\/\/blognoticias.ecca.edu.es\/en\/dia-de-las-culturas-caminando-juntos-hacia-una-ciudadania-universal\/","og_site_name":"Blog Noticias Ecca","article_publisher":"https:\/\/www.facebook.com\/ecca.edu.es","article_published_time":"2021-10-20T12:48:00+00:00","og_image":[{"url":"https:\/\/lh3.googleusercontent.com\/-tGy_aubrHR4\/YXAPylOZbII\/AAAAAAAAGDk\/EQfCD8iFg6Q_cwiVanhXO4n-aFxP2G3BgCLcBGAsYHQ\/w402-h402\/El%2Bpatio%2Bde%2Blas%2Bculturas.jpg","type":"","width":"","height":""}],"author":"ECCA","twitter_card":"summary_large_image","twitter_creator":"@eccaedu","twitter_site":"@eccaedu","twitter_misc":{"Written by":"ECCA","Estimated reading time":"1 minute"},"schema":{"@context":"https:\/\/schema.org","@graph":[{"@type":"Article","@id":"https:\/\/blognoticias.ecca.edu.es\/dia-de-las-culturas-caminando-juntos-hacia-una-ciudadania-universal\/#article","isPartOf":{"@id":"https:\/\/blognoticias.ecca.edu.es\/dia-de-las-culturas-caminando-juntos-hacia-una-ciudadania-universal\/"},"author":{"name":"ECCA","@id":"https:\/\/blognoticias.ecca.edu.es\/#\/schema\/person\/2f67aec1e9c175158bc25ac844a022ce"},"headline":"D\u00eda de las Culturas: Caminando juntos hacia una Ciudadan\u00eda Universal","datePublished":"2021-10-20T12:48:00+00:00","mainEntityOfPage":{"@id":"https:\/\/blognoticias.ecca.edu.es\/dia-de-las-culturas-caminando-juntos-hacia-una-ciudadania-universal\/"},"wordCount":210,"publisher":{"@id":"https:\/\/blognoticias.ecca.edu.es\/#organization"},"image":{"@id":"https:\/\/blognoticias.ecca.edu.es\/dia-de-las-culturas-caminando-juntos-hacia-una-ciudadania-universal\/#primaryimage"},"thumbnailUrl":"https:\/\/lh3.googleusercontent.com\/-tGy_aubrHR4\/YXAPylOZbII\/AAAAAAAAGDk\/EQfCD8iFg6Q_cwiVanhXO4n-aFxP2G3BgCLcBGAsYHQ\/w402-h402\/El%2Bpatio%2Bde%2Blas%2Bculturas.jpg","articleSection":["Comunicaci\u00f3n ECCA","El patio de las culturas","Interculturalidad","Relevante"],"inLanguage":"en-GB"},{"@type":"WebPage","@id":"https:\/\/blognoticias.ecca.edu.es\/dia-de-las-culturas-caminando-juntos-hacia-una-ciudadania-universal\/","url":"https:\/\/blognoticias.ecca.edu.es\/dia-de-las-culturas-caminando-juntos-hacia-una-ciudadania-universal\/","name":"D\u00eda de las Culturas: Caminando juntos hacia una Ciudadan\u00eda Universal","isPartOf":{"@id":"https:\/\/blognoticias.ecca.edu.es\/#website"},"primaryImageOfPage":{"@id":"https:\/\/blognoticias.ecca.edu.es\/dia-de-las-culturas-caminando-juntos-hacia-una-ciudadania-universal\/#primaryimage"},"image":{"@id":"https:\/\/blognoticias.ecca.edu.es\/dia-de-las-culturas-caminando-juntos-hacia-una-ciudadania-universal\/#primaryimage"},"thumbnailUrl":"https:\/\/lh3.googleusercontent.com\/-tGy_aubrHR4\/YXAPylOZbII\/AAAAAAAAGDk\/EQfCD8iFg6Q_cwiVanhXO4n-aFxP2G3BgCLcBGAsYHQ\/w402-h402\/El%2Bpatio%2Bde%2Blas%2Bculturas.jpg","datePublished":"2021-10-20T12:48:00+00:00","breadcrumb":{"@id":"https:\/\/blognoticias.ecca.edu.es\/dia-de-las-culturas-caminando-juntos-hacia-una-ciudadania-universal\/#breadcrumb"},"inLanguage":"en-GB","potentialAction":[{"@type":"ReadAction","target":["https:\/\/blognoticias.ecca.edu.es\/dia-de-las-culturas-caminando-juntos-hacia-una-ciudadania-universal\/"]}]},{"@type":"ImageObject","inLanguage":"en-GB","@id":"https:\/\/blognoticias.ecca.edu.es\/dia-de-las-culturas-caminando-juntos-hacia-una-ciudadania-universal\/#primaryimage","url":"https:\/\/lh3.googleusercontent.com\/-tGy_aubrHR4\/YXAPylOZbII\/AAAAAAAAGDk\/EQfCD8iFg6Q_cwiVanhXO4n-aFxP2G3BgCLcBGAsYHQ\/w402-h402\/El%2Bpatio%2Bde%2Blas%2Bculturas.jpg","contentUrl":"https:\/\/lh3.googleusercontent.com\/-tGy_aubrHR4\/YXAPylOZbII\/AAAAAAAAGDk\/EQfCD8iFg6Q_cwiVanhXO4n-aFxP2G3BgCLcBGAsYHQ\/w402-h402\/El%2Bpatio%2Bde%2Blas%2Bculturas.jpg"},{"@type":"BreadcrumbList","@id":"https:\/\/blognoticias.ecca.edu.es\/dia-de-las-culturas-caminando-juntos-hacia-una-ciudadania-universal\/#breadcrumb","itemListElement":[{"@type":"ListItem","position":1,"name":"Portada","item":"https:\/\/blognoticias.ecca.edu.es\/"},{"@type":"ListItem","position":2,"name":"D\u00eda de las Culturas: Caminando juntos hacia una Ciudadan\u00eda Universal"}]},{"@type":"WebSite","@id":"https:\/\/blognoticias.ecca.edu.es\/#website","url":"https:\/\/blognoticias.ecca.edu.es\/","name":"Blog Noticias Ecca","description":"","publisher":{"@id":"https:\/\/blognoticias.ecca.edu.es\/#organization"},"potentialAction":[{"@type":"SearchAction","target":{"@type":"EntryPoint","urlTemplate":"https:\/\/blognoticias.ecca.edu.es\/?s={search_term_string}"},"query-input":{"@type":"PropertyValueSpecification","valueRequired":true,"valueName":"search_term_string"}}],"inLanguage":"en-GB"},{"@type":"Organization","@id":"https:\/\/blognoticias.ecca.edu.es\/#organization","name":"Blog Noticias Ecca","url":"https:\/\/blognoticias.ecca.edu.es\/","logo":{"@type":"ImageObject","inLanguage":"en-GB","@id":"https:\/\/blognoticias.ecca.edu.es\/#\/schema\/logo\/image\/","url":"https:\/\/blognoticias.ecca.edu.es\/wp-content\/uploads\/2023\/02\/cropped-cropped-cropped-cropped-Logo-Ecca.edu_.png","contentUrl":"https:\/\/blognoticias.ecca.edu.es\/wp-content\/uploads\/2023\/02\/cropped-cropped-cropped-cropped-Logo-Ecca.edu_.png","width":293,"height":45,"caption":"Blog Noticias Ecca"},"image":{"@id":"https:\/\/blognoticias.ecca.edu.es\/#\/schema\/logo\/image\/"},"sameAs":["https:\/\/www.facebook.com\/ecca.edu.es","https:\/\/x.com\/eccaedu","https:\/\/www.instagram.com\/"]},{"@type":"Person","@id":"https:\/\/blognoticias.ecca.edu.es\/#\/schema\/person\/2f67aec1e9c175158bc25ac844a022ce","name":"ECCA","image":{"@type":"ImageObject","inLanguage":"en-GB","@id":"https:\/\/blognoticias.ecca.edu.es\/#\/schema\/person\/image\/","url":"https:\/\/blognoticias.ecca.edu.es\/wp-content\/uploads\/2023\/02\/LOGO-ECCAEDU-1-150x150.png","contentUrl":"https:\/\/blognoticias.ecca.edu.es\/wp-content\/uploads\/2023\/02\/LOGO-ECCAEDU-1-150x150.png","caption":"ECCA"},"sameAs":["https:\/\/blognoticias.ecca.edu.es"],"url":"https:\/\/blognoticias.ecca.edu.es\/en\/author\/admin\/"}]}},"_links":{"self":[{"href":"https:\/\/blognoticias.ecca.edu.es\/en\/wp-json\/wp\/v2\/posts\/3310","targetHints":{"allow":["GET"]}}],"collection":[{"href":"https:\/\/blognoticias.ecca.edu.es\/en\/wp-json\/wp\/v2\/posts"}],"about":[{"href":"https:\/\/blognoticias.ecca.edu.es\/en\/wp-json\/wp\/v2\/types\/post"}],"author":[{"embeddable":true,"href":"https:\/\/blognoticias.ecca.edu.es\/en\/wp-json\/wp\/v2\/users\/1"}],"replies":[{"embeddable":true,"href":"https:\/\/blognoticias.ecca.edu.es\/en\/wp-json\/wp\/v2\/comments?post=3310"}],"version-history":[{"count":0,"href":"https:\/\/blognoticias.ecca.edu.es\/en\/wp-json\/wp\/v2\/posts\/3310\/revisions"}],"wp:attachment":[{"href":"https:\/\/blognoticias.ecca.edu.es\/en\/wp-json\/wp\/v2\/media?parent=3310"}],"wp:term":[{"taxonomy":"category","embeddable":true,"href":"https:\/\/blognoticias.ecca.edu.es\/en\/wp-json\/wp\/v2\/categories?post=3310"},{"taxonomy":"post_tag","embeddable":true,"href":"https:\/\/blognoticias.ecca.edu.es\/en\/wp-json\/wp\/v2\/tags?post=3310"}],"curies":[{"name":"wp","href":"https:\/\/api.w.org\/{rel}","templated":true}]}}