{"id":3297,"date":"2021-11-12T14:20:00","date_gmt":"2021-11-12T14:20:00","guid":{"rendered":"https:\/\/blognoticias.ecca.edu.es\/radio-ecca-participa-en-un-intercambio-de-buenas-practicas-en-la-ensenanza-de-idioma-a-personas-migrantes\/"},"modified":"2021-11-12T14:20:00","modified_gmt":"2021-11-12T14:20:00","slug":"radio-ecca-participa-en-un-intercambio-de-buenas-practicas-en-la-ensenanza-de-idioma-a-personas-migrantes","status":"publish","type":"post","link":"https:\/\/blognoticias.ecca.edu.es\/en\/radio-ecca-participa-en-un-intercambio-de-buenas-practicas-en-la-ensenanza-de-idioma-a-personas-migrantes\/","title":{"rendered":"Radio ECCA participa en un intercambio de buenas pr\u00e1cticas en la ense\u00f1anza de idioma a personas migrantes"},"content":{"rendered":"<div class='booster-block booster-read-block'>\n                <div class=\"twp-read-time\">\n                \t<i class=\"booster-icon twp-clock\"><\/i> <span>Tiempo de lectura:<\/span>1 Minutos, 28 Segundos                <\/div>\n\n            <\/div><div><\/div>\n<p style=\"text-align: justify;\"><span style=\"font-family: Arial; font-size: 11pt; font-variant-east-asian: normal; font-variant-numeric: normal; text-align: left; vertical-align: baseline; white-space: pre-wrap;\">El proyecto <\/span><span style=\"font-family: Arial; font-size: 11pt; font-style: italic; font-variant-east-asian: normal; font-variant-numeric: normal; text-align: left; vertical-align: baseline; white-space: pre-wrap;\">TOMes &#8211; Training on Move<\/span><span style=\"font-family: Arial; font-size: 11pt; font-variant-east-asian: normal; font-variant-numeric: normal; text-align: left; vertical-align: baseline; white-space: pre-wrap;\"> celebra su primer intercambio europeo en metodolog\u00edas de ense\u00f1anza de idiomas a personas migrantes\/refugiadas\/demandantes de asilo. Veinticinco profesionales se reunieron en Sal\u00f3nica (Grecia) durante 4 d\u00edas para compartir sus metodolog\u00edas de trabajo en este \u00e1mbito de la ense\u00f1anza de idiomas a trav\u00e9s de la educaci\u00f3n no formal e informal.<\/span><\/p>\n<p><span><\/p>\n<p dir=\"ltr\" style=\"line-height: 1.38; margin-bottom: 0pt; margin-top: 0pt; text-align: justify;\">\n<div style=\"clear: both; text-align: center;\"><a href=\"https:\/\/lh3.googleusercontent.com\/-YBT7olFUn3k\/YY52n6-kLWI\/AAAAAAAAGOs\/QBNUsJHShnArINJpV3Eq0A2fZ3wKFI25ACLcBGAsYHQ\/WhatsApp%2BImage%2B2021-11-02%2Bat%2B11.21.34%2B-%2BSara%2BRebollo%2BRam%25C3%25ADrez%2B%25281%2529.jpeg\" style=\"clear: left; float: left; margin-bottom: 1em; margin-right: 1em; text-align: justify;\"><img loading=\"lazy\" decoding=\"async\" alt=\"\" data-original-height=\"1200\" data-original-width=\"1600\" height=\"240\" src=\"https:\/\/lh3.googleusercontent.com\/-YBT7olFUn3k\/YY52n6-kLWI\/AAAAAAAAGOs\/QBNUsJHShnArINJpV3Eq0A2fZ3wKFI25ACLcBGAsYHQ\/WhatsApp%2BImage%2B2021-11-02%2Bat%2B11.21.34%2B-%2BSara%2BRebollo%2BRam%25C3%25ADrez%2B%25281%2529.jpeg\" width=\"320\" \/><\/a><\/div>\n<p><span style=\"font-family: Arial; font-size: 11pt; font-variant-east-asian: normal; font-variant-numeric: normal; vertical-align: baseline; white-space: pre-wrap;\"><\/p>\n<div style=\"text-align: justify;\"><span style=\"font-size: 11pt; font-variant-east-asian: normal; font-variant-numeric: normal; vertical-align: baseline;\">Asimismo, visitamos el campamento de refugiados de <\/span><span style=\"font-size: 11pt; font-variant-east-asian: normal; font-variant-numeric: normal; vertical-align: baseline;\">Diavata<\/span><span style=\"font-size: 11pt; font-variant-east-asian: normal; font-variant-numeric: normal; vertical-align: baseline;\">, a las afueras de la ciudad de Sal\u00f3nica, donde m\u00e1s de 900 personas aguardan la asignaci\u00f3n de residencias m\u00e1s permanentes en la ciudad o el reasentamiento en otro lugar.<\/span><\/div>\n<div style=\"text-align: justify;\"><span style=\"font-size: 11pt; font-variant-east-asian: normal; font-variant-numeric: normal; vertical-align: baseline;\"><br \/><\/span><\/div>\n<p><\/span><\/p>\n<p dir=\"ltr\" style=\"line-height: 1.38; margin-bottom: 0pt; margin-top: 0pt; text-align: justify;\"><span style=\"font-family: Arial; font-size: 11pt; font-variant-east-asian: normal; font-variant-numeric: normal; vertical-align: baseline; white-space: pre-wrap;\">Radio ECCA, como entidad socia del proyecto, facilit\u00f3 la participaci\u00f3n de dos t\u00e9cnicos del proyecto CONTIGO de esta entidad (Alejandra Contreras y Miguel Garc\u00eda), la coordinadora del proyecto (Sara Rebollo), la presidenta de Asociaci\u00f3n Asistencial NAHIA (Laura Sosa) y la fundadora de la Escuela de Espa\u00f1ol Antirracista en Tenerife.<\/span><\/p>\n<div style=\"text-align: justify;\"><\/div>\n<p dir=\"ltr\" style=\"line-height: 1.38; margin-bottom: 0pt; margin-top: 0pt; text-align: justify;\">\n<div style=\"clear: right; float: right; margin-bottom: 1em; margin-left: 1em; text-align: justify;\"><\/div>\n<div style=\"clear: right; float: right; margin-bottom: 1em; margin-left: 1em; text-align: justify;\"><\/div>\n<div style=\"clear: right; float: right; margin-bottom: 1em; margin-left: 1em; text-align: justify;\"><a href=\"https:\/\/lh3.googleusercontent.com\/-HOthdXUcShY\/YY5218Q3mRI\/AAAAAAAAGO0\/sTue_8a6zwEGKCVmw5x5jl7UcoAg46vDQCLcBGAsYHQ\/WhatsApp%2BImage%2B2021-11-04%2Bat%2B21.48.09%2B-%2BSara%2BRebollo%2BRam%25C3%25ADrez%2B%25281%2529.jpeg\" style=\"margin-left: 1em; margin-right: 1em;\"><img loading=\"lazy\" decoding=\"async\" alt=\"\" data-original-height=\"930\" data-original-width=\"1192\" height=\"240\" src=\"https:\/\/lh3.googleusercontent.com\/-HOthdXUcShY\/YY5218Q3mRI\/AAAAAAAAGO0\/sTue_8a6zwEGKCVmw5x5jl7UcoAg46vDQCLcBGAsYHQ\/WhatsApp%2BImage%2B2021-11-04%2Bat%2B21.48.09%2B-%2BSara%2BRebollo%2BRam%25C3%25ADrez%2B%25281%2529.jpeg\" width=\"308\" \/><\/a><\/div>\n<p><span style=\"font-family: Arial; font-size: 11pt; font-variant-east-asian: normal; font-variant-numeric: normal; vertical-align: baseline; white-space: pre-wrap;\"><\/p>\n<div style=\"text-align: justify;\"><span style=\"font-size: 11pt;\">Las diferentes sesiones lideradas por t\u00e9cnicos de Asociaci\u00f3n Mojo de Ca\u00f1a (Jana Pajic y Sam Vandezande) y EduAntwerp (Max Renier) propiciaron la creaci\u00f3n de espacios seguros de intercambio y reflexi\u00f3n muy interesantes a la par que productivos. Desde Radio ECCA ya hemos comenzado a implementar algunas de las metodolog\u00edas aprendidas en el intercambio y el resultado est\u00e1 siendo muy positivo. Adem\u00e1s, surgieron otros temas de gran inter\u00e9s para todos\/as los\/as profesionales presentes como, por ejemplo, el autocuidado cuando se trabaja directamente con personas en situaci\u00f3n de vulnerabilidad y, a veces, en contextos realmente complejos.<\/span><\/div>\n<div style=\"text-align: justify;\"><span style=\"font-size: 11pt;\"><br \/><\/span><\/div>\n<p><\/span><\/p>\n<p dir=\"ltr\" style=\"line-height: 1.38; margin-bottom: 0pt; margin-top: 0pt; text-align: justify;\"><span style=\"font-family: Arial; font-size: 11pt; white-space: pre-wrap;\">Desde esta entidad seguimos apostando por la europeizaci\u00f3n de nuestra actividad porque creemos firmemente en la importancia del intercambio y aprendizaje continuo de nuestros\/as profesionales. Este a\u00f1o ya han sido 8 los\/as profesionales que han participado en actividades de formaci\u00f3n a nivel europeo.<\/span><\/p>\n<div style=\"text-align: justify;\"><\/div>\n<p dir=\"ltr\" style=\"line-height: 1.38; margin-bottom: 0pt; margin-top: 0pt; text-align: justify;\"><span style=\"font-family: Arial; font-size: 11pt; font-variant-east-asian: normal; font-variant-numeric: normal; vertical-align: baseline; white-space: pre-wrap;\">El proyecto TOMes est\u00e1 financiado por el programa Erasmus+.<\/span><\/p>\n<p dir=\"ltr\" style=\"line-height: 1.38; margin-bottom: 0pt; margin-top: 0pt;\"><span style=\"font-family: Arial; font-size: 11pt; font-variant-east-asian: normal; font-variant-numeric: normal; vertical-align: baseline; white-space: pre-wrap;\"><br \/><\/span><\/p>\n<div style=\"clear: both; text-align: center;\"><a href=\"https:\/\/lh3.googleusercontent.com\/-rLcQBfIb55I\/YY52GaxjpVI\/AAAAAAAAGOk\/CAzjISRGJvI6Fs_OWFmL_8p66Twqp__pgCLcBGAsYHQ\/Screenshot_1.jpg\" style=\"margin-left: 1em; margin-right: 1em;\"><img loading=\"lazy\" decoding=\"async\" alt=\"\" data-original-height=\"152\" data-original-width=\"668\" height=\"144\" src=\"https:\/\/lh3.googleusercontent.com\/-rLcQBfIb55I\/YY52GaxjpVI\/AAAAAAAAGOk\/CAzjISRGJvI6Fs_OWFmL_8p66Twqp__pgCLcBGAsYHQ\/w630-h144\/Screenshot_1.jpg\" width=\"630\" \/><\/a><\/div>\n<p><\/span><\/p>","protected":false},"excerpt":{"rendered":"<p>El proyecto TOMes &#8211; Training on Move celebra su primer intercambio europeo en metodolog\u00edas de ense\u00f1anza de idiomas a personas migrantes\/refugiadas\/demandantes de asilo. Veinticinco profesionales se reunieron en Sal\u00f3nica (Grecia) durante 4 d\u00edas para compartir sus metodolog\u00edas de trabajo en este \u00e1mbito de la ense\u00f1anza de idiomas a trav\u00e9s de la educaci\u00f3n no formal e [&hellip;]<\/p>","protected":false},"author":1,"featured_media":0,"comment_status":"","ping_status":"","sticky":false,"template":"","format":"standard","meta":{"footnotes":""},"categories":[103,106],"tags":[],"class_list":["post-3297","post","type-post","status-publish","format-standard","hentry","category-comunicacion-ecca","category-relevante"],"yoast_head":"<!-- This site is optimized with the Yoast SEO plugin v25.9 - https:\/\/yoast.com\/wordpress\/plugins\/seo\/ -->\n<title>Radio ECCA participa en un intercambio de buenas pr\u00e1cticas en la ense\u00f1anza de idioma a personas migrantes<\/title>\n<meta name=\"robots\" content=\"index, follow, max-snippet:-1, max-image-preview:large, max-video-preview:-1\" \/>\n<link rel=\"canonical\" href=\"https:\/\/blognoticias.ecca.edu.es\/en\/radio-ecca-participa-en-un-intercambio-de-buenas-practicas-en-la-ensenanza-de-idioma-a-personas-migrantes\/\" \/>\n<meta property=\"og:locale\" content=\"en_GB\" \/>\n<meta property=\"og:type\" content=\"article\" \/>\n<meta property=\"og:title\" content=\"Radio ECCA participa en un intercambio de buenas pr\u00e1cticas en la ense\u00f1anza de idioma a personas migrantes\" \/>\n<meta property=\"og:description\" content=\"El proyecto TOMes &#8211; Training on Move celebra su primer intercambio europeo en metodolog\u00edas de ense\u00f1anza de idiomas a personas migrantes\/refugiadas\/demandantes de asilo. Veinticinco profesionales se reunieron en Sal\u00f3nica (Grecia) durante 4 d\u00edas para compartir sus metodolog\u00edas de trabajo en este \u00e1mbito de la ense\u00f1anza de idiomas a trav\u00e9s de la educaci\u00f3n no formal e [&hellip;]\" \/>\n<meta property=\"og:url\" content=\"https:\/\/blognoticias.ecca.edu.es\/en\/radio-ecca-participa-en-un-intercambio-de-buenas-practicas-en-la-ensenanza-de-idioma-a-personas-migrantes\/\" \/>\n<meta property=\"og:site_name\" content=\"Blog Noticias Ecca\" \/>\n<meta property=\"article:publisher\" content=\"https:\/\/www.facebook.com\/ecca.edu.es\" \/>\n<meta property=\"article:published_time\" content=\"2021-11-12T14:20:00+00:00\" \/>\n<meta property=\"og:image\" content=\"https:\/\/lh3.googleusercontent.com\/-YBT7olFUn3k\/YY52n6-kLWI\/AAAAAAAAGOs\/QBNUsJHShnArINJpV3Eq0A2fZ3wKFI25ACLcBGAsYHQ\/WhatsApp%2BImage%2B2021-11-02%2Bat%2B11.21.34%2B-%2BSara%2BRebollo%2BRam%25C3%25ADrez%2B%25281%2529.jpeg\" \/>\n<meta name=\"author\" content=\"ECCA\" \/>\n<meta name=\"twitter:card\" content=\"summary_large_image\" \/>\n<meta name=\"twitter:creator\" content=\"@eccaedu\" \/>\n<meta name=\"twitter:site\" content=\"@eccaedu\" \/>\n<meta name=\"twitter:label1\" content=\"Written by\" \/>\n\t<meta name=\"twitter:data1\" content=\"ECCA\" \/>\n\t<meta name=\"twitter:label2\" content=\"Estimated reading time\" \/>\n\t<meta name=\"twitter:data2\" content=\"2 minutes\" \/>\n<script type=\"application\/ld+json\" class=\"yoast-schema-graph\">{\"@context\":\"https:\/\/schema.org\",\"@graph\":[{\"@type\":\"Article\",\"@id\":\"https:\/\/blognoticias.ecca.edu.es\/radio-ecca-participa-en-un-intercambio-de-buenas-practicas-en-la-ensenanza-de-idioma-a-personas-migrantes\/#article\",\"isPartOf\":{\"@id\":\"https:\/\/blognoticias.ecca.edu.es\/radio-ecca-participa-en-un-intercambio-de-buenas-practicas-en-la-ensenanza-de-idioma-a-personas-migrantes\/\"},\"author\":{\"name\":\"ECCA\",\"@id\":\"https:\/\/blognoticias.ecca.edu.es\/#\/schema\/person\/2f67aec1e9c175158bc25ac844a022ce\"},\"headline\":\"Radio ECCA participa en un intercambio de buenas pr\u00e1cticas en la ense\u00f1anza de idioma a personas migrantes\",\"datePublished\":\"2021-11-12T14:20:00+00:00\",\"mainEntityOfPage\":{\"@id\":\"https:\/\/blognoticias.ecca.edu.es\/radio-ecca-participa-en-un-intercambio-de-buenas-practicas-en-la-ensenanza-de-idioma-a-personas-migrantes\/\"},\"wordCount\":339,\"publisher\":{\"@id\":\"https:\/\/blognoticias.ecca.edu.es\/#organization\"},\"image\":{\"@id\":\"https:\/\/blognoticias.ecca.edu.es\/radio-ecca-participa-en-un-intercambio-de-buenas-practicas-en-la-ensenanza-de-idioma-a-personas-migrantes\/#primaryimage\"},\"thumbnailUrl\":\"https:\/\/lh3.googleusercontent.com\/-YBT7olFUn3k\/YY52n6-kLWI\/AAAAAAAAGOs\/QBNUsJHShnArINJpV3Eq0A2fZ3wKFI25ACLcBGAsYHQ\/WhatsApp%2BImage%2B2021-11-02%2Bat%2B11.21.34%2B-%2BSara%2BRebollo%2BRam%25C3%25ADrez%2B%25281%2529.jpeg\",\"articleSection\":[\"Comunicaci\u00f3n ECCA\",\"Relevante\"],\"inLanguage\":\"en-GB\"},{\"@type\":\"WebPage\",\"@id\":\"https:\/\/blognoticias.ecca.edu.es\/radio-ecca-participa-en-un-intercambio-de-buenas-practicas-en-la-ensenanza-de-idioma-a-personas-migrantes\/\",\"url\":\"https:\/\/blognoticias.ecca.edu.es\/radio-ecca-participa-en-un-intercambio-de-buenas-practicas-en-la-ensenanza-de-idioma-a-personas-migrantes\/\",\"name\":\"Radio ECCA participa en un intercambio de buenas pr\u00e1cticas en la ense\u00f1anza de idioma a personas migrantes\",\"isPartOf\":{\"@id\":\"https:\/\/blognoticias.ecca.edu.es\/#website\"},\"primaryImageOfPage\":{\"@id\":\"https:\/\/blognoticias.ecca.edu.es\/radio-ecca-participa-en-un-intercambio-de-buenas-practicas-en-la-ensenanza-de-idioma-a-personas-migrantes\/#primaryimage\"},\"image\":{\"@id\":\"https:\/\/blognoticias.ecca.edu.es\/radio-ecca-participa-en-un-intercambio-de-buenas-practicas-en-la-ensenanza-de-idioma-a-personas-migrantes\/#primaryimage\"},\"thumbnailUrl\":\"https:\/\/lh3.googleusercontent.com\/-YBT7olFUn3k\/YY52n6-kLWI\/AAAAAAAAGOs\/QBNUsJHShnArINJpV3Eq0A2fZ3wKFI25ACLcBGAsYHQ\/WhatsApp%2BImage%2B2021-11-02%2Bat%2B11.21.34%2B-%2BSara%2BRebollo%2BRam%25C3%25ADrez%2B%25281%2529.jpeg\",\"datePublished\":\"2021-11-12T14:20:00+00:00\",\"breadcrumb\":{\"@id\":\"https:\/\/blognoticias.ecca.edu.es\/radio-ecca-participa-en-un-intercambio-de-buenas-practicas-en-la-ensenanza-de-idioma-a-personas-migrantes\/#breadcrumb\"},\"inLanguage\":\"en-GB\",\"potentialAction\":[{\"@type\":\"ReadAction\",\"target\":[\"https:\/\/blognoticias.ecca.edu.es\/radio-ecca-participa-en-un-intercambio-de-buenas-practicas-en-la-ensenanza-de-idioma-a-personas-migrantes\/\"]}]},{\"@type\":\"ImageObject\",\"inLanguage\":\"en-GB\",\"@id\":\"https:\/\/blognoticias.ecca.edu.es\/radio-ecca-participa-en-un-intercambio-de-buenas-practicas-en-la-ensenanza-de-idioma-a-personas-migrantes\/#primaryimage\",\"url\":\"https:\/\/lh3.googleusercontent.com\/-YBT7olFUn3k\/YY52n6-kLWI\/AAAAAAAAGOs\/QBNUsJHShnArINJpV3Eq0A2fZ3wKFI25ACLcBGAsYHQ\/WhatsApp%2BImage%2B2021-11-02%2Bat%2B11.21.34%2B-%2BSara%2BRebollo%2BRam%25C3%25ADrez%2B%25281%2529.jpeg\",\"contentUrl\":\"https:\/\/lh3.googleusercontent.com\/-YBT7olFUn3k\/YY52n6-kLWI\/AAAAAAAAGOs\/QBNUsJHShnArINJpV3Eq0A2fZ3wKFI25ACLcBGAsYHQ\/WhatsApp%2BImage%2B2021-11-02%2Bat%2B11.21.34%2B-%2BSara%2BRebollo%2BRam%25C3%25ADrez%2B%25281%2529.jpeg\"},{\"@type\":\"BreadcrumbList\",\"@id\":\"https:\/\/blognoticias.ecca.edu.es\/radio-ecca-participa-en-un-intercambio-de-buenas-practicas-en-la-ensenanza-de-idioma-a-personas-migrantes\/#breadcrumb\",\"itemListElement\":[{\"@type\":\"ListItem\",\"position\":1,\"name\":\"Portada\",\"item\":\"https:\/\/blognoticias.ecca.edu.es\/\"},{\"@type\":\"ListItem\",\"position\":2,\"name\":\"Radio ECCA participa en un intercambio de buenas pr\u00e1cticas en la ense\u00f1anza de idioma a personas migrantes\"}]},{\"@type\":\"WebSite\",\"@id\":\"https:\/\/blognoticias.ecca.edu.es\/#website\",\"url\":\"https:\/\/blognoticias.ecca.edu.es\/\",\"name\":\"Blog Noticias Ecca\",\"description\":\"\",\"publisher\":{\"@id\":\"https:\/\/blognoticias.ecca.edu.es\/#organization\"},\"potentialAction\":[{\"@type\":\"SearchAction\",\"target\":{\"@type\":\"EntryPoint\",\"urlTemplate\":\"https:\/\/blognoticias.ecca.edu.es\/?s={search_term_string}\"},\"query-input\":{\"@type\":\"PropertyValueSpecification\",\"valueRequired\":true,\"valueName\":\"search_term_string\"}}],\"inLanguage\":\"en-GB\"},{\"@type\":\"Organization\",\"@id\":\"https:\/\/blognoticias.ecca.edu.es\/#organization\",\"name\":\"Blog Noticias Ecca\",\"url\":\"https:\/\/blognoticias.ecca.edu.es\/\",\"logo\":{\"@type\":\"ImageObject\",\"inLanguage\":\"en-GB\",\"@id\":\"https:\/\/blognoticias.ecca.edu.es\/#\/schema\/logo\/image\/\",\"url\":\"https:\/\/blognoticias.ecca.edu.es\/wp-content\/uploads\/2023\/02\/cropped-cropped-cropped-cropped-Logo-Ecca.edu_.png\",\"contentUrl\":\"https:\/\/blognoticias.ecca.edu.es\/wp-content\/uploads\/2023\/02\/cropped-cropped-cropped-cropped-Logo-Ecca.edu_.png\",\"width\":293,\"height\":45,\"caption\":\"Blog Noticias Ecca\"},\"image\":{\"@id\":\"https:\/\/blognoticias.ecca.edu.es\/#\/schema\/logo\/image\/\"},\"sameAs\":[\"https:\/\/www.facebook.com\/ecca.edu.es\",\"https:\/\/x.com\/eccaedu\",\"https:\/\/www.instagram.com\/\"]},{\"@type\":\"Person\",\"@id\":\"https:\/\/blognoticias.ecca.edu.es\/#\/schema\/person\/2f67aec1e9c175158bc25ac844a022ce\",\"name\":\"ECCA\",\"image\":{\"@type\":\"ImageObject\",\"inLanguage\":\"en-GB\",\"@id\":\"https:\/\/blognoticias.ecca.edu.es\/#\/schema\/person\/image\/\",\"url\":\"https:\/\/blognoticias.ecca.edu.es\/wp-content\/uploads\/2023\/02\/LOGO-ECCAEDU-1-150x150.png\",\"contentUrl\":\"https:\/\/blognoticias.ecca.edu.es\/wp-content\/uploads\/2023\/02\/LOGO-ECCAEDU-1-150x150.png\",\"caption\":\"ECCA\"},\"sameAs\":[\"https:\/\/blognoticias.ecca.edu.es\"],\"url\":\"https:\/\/blognoticias.ecca.edu.es\/en\/author\/admin\/\"}]}<\/script>\n<!-- \/ Yoast SEO plugin. -->","yoast_head_json":{"title":"Radio ECCA participa en un intercambio de buenas pr\u00e1cticas en la ense\u00f1anza de idioma a personas migrantes","robots":{"index":"index","follow":"follow","max-snippet":"max-snippet:-1","max-image-preview":"max-image-preview:large","max-video-preview":"max-video-preview:-1"},"canonical":"https:\/\/blognoticias.ecca.edu.es\/en\/radio-ecca-participa-en-un-intercambio-de-buenas-practicas-en-la-ensenanza-de-idioma-a-personas-migrantes\/","og_locale":"en_GB","og_type":"article","og_title":"Radio ECCA participa en un intercambio de buenas pr\u00e1cticas en la ense\u00f1anza de idioma a personas migrantes","og_description":"El proyecto TOMes &#8211; Training on Move celebra su primer intercambio europeo en metodolog\u00edas de ense\u00f1anza de idiomas a personas migrantes\/refugiadas\/demandantes de asilo. Veinticinco profesionales se reunieron en Sal\u00f3nica (Grecia) durante 4 d\u00edas para compartir sus metodolog\u00edas de trabajo en este \u00e1mbito de la ense\u00f1anza de idiomas a trav\u00e9s de la educaci\u00f3n no formal e [&hellip;]","og_url":"https:\/\/blognoticias.ecca.edu.es\/en\/radio-ecca-participa-en-un-intercambio-de-buenas-practicas-en-la-ensenanza-de-idioma-a-personas-migrantes\/","og_site_name":"Blog Noticias Ecca","article_publisher":"https:\/\/www.facebook.com\/ecca.edu.es","article_published_time":"2021-11-12T14:20:00+00:00","og_image":[{"url":"https:\/\/lh3.googleusercontent.com\/-YBT7olFUn3k\/YY52n6-kLWI\/AAAAAAAAGOs\/QBNUsJHShnArINJpV3Eq0A2fZ3wKFI25ACLcBGAsYHQ\/WhatsApp%2BImage%2B2021-11-02%2Bat%2B11.21.34%2B-%2BSara%2BRebollo%2BRam%25C3%25ADrez%2B%25281%2529.jpeg","type":"","width":"","height":""}],"author":"ECCA","twitter_card":"summary_large_image","twitter_creator":"@eccaedu","twitter_site":"@eccaedu","twitter_misc":{"Written by":"ECCA","Estimated reading time":"2 minutes"},"schema":{"@context":"https:\/\/schema.org","@graph":[{"@type":"Article","@id":"https:\/\/blognoticias.ecca.edu.es\/radio-ecca-participa-en-un-intercambio-de-buenas-practicas-en-la-ensenanza-de-idioma-a-personas-migrantes\/#article","isPartOf":{"@id":"https:\/\/blognoticias.ecca.edu.es\/radio-ecca-participa-en-un-intercambio-de-buenas-practicas-en-la-ensenanza-de-idioma-a-personas-migrantes\/"},"author":{"name":"ECCA","@id":"https:\/\/blognoticias.ecca.edu.es\/#\/schema\/person\/2f67aec1e9c175158bc25ac844a022ce"},"headline":"Radio ECCA participa en un intercambio de buenas pr\u00e1cticas en la ense\u00f1anza de idioma a personas migrantes","datePublished":"2021-11-12T14:20:00+00:00","mainEntityOfPage":{"@id":"https:\/\/blognoticias.ecca.edu.es\/radio-ecca-participa-en-un-intercambio-de-buenas-practicas-en-la-ensenanza-de-idioma-a-personas-migrantes\/"},"wordCount":339,"publisher":{"@id":"https:\/\/blognoticias.ecca.edu.es\/#organization"},"image":{"@id":"https:\/\/blognoticias.ecca.edu.es\/radio-ecca-participa-en-un-intercambio-de-buenas-practicas-en-la-ensenanza-de-idioma-a-personas-migrantes\/#primaryimage"},"thumbnailUrl":"https:\/\/lh3.googleusercontent.com\/-YBT7olFUn3k\/YY52n6-kLWI\/AAAAAAAAGOs\/QBNUsJHShnArINJpV3Eq0A2fZ3wKFI25ACLcBGAsYHQ\/WhatsApp%2BImage%2B2021-11-02%2Bat%2B11.21.34%2B-%2BSara%2BRebollo%2BRam%25C3%25ADrez%2B%25281%2529.jpeg","articleSection":["Comunicaci\u00f3n ECCA","Relevante"],"inLanguage":"en-GB"},{"@type":"WebPage","@id":"https:\/\/blognoticias.ecca.edu.es\/radio-ecca-participa-en-un-intercambio-de-buenas-practicas-en-la-ensenanza-de-idioma-a-personas-migrantes\/","url":"https:\/\/blognoticias.ecca.edu.es\/radio-ecca-participa-en-un-intercambio-de-buenas-practicas-en-la-ensenanza-de-idioma-a-personas-migrantes\/","name":"Radio ECCA participa en un intercambio de buenas pr\u00e1cticas en la ense\u00f1anza de idioma a personas migrantes","isPartOf":{"@id":"https:\/\/blognoticias.ecca.edu.es\/#website"},"primaryImageOfPage":{"@id":"https:\/\/blognoticias.ecca.edu.es\/radio-ecca-participa-en-un-intercambio-de-buenas-practicas-en-la-ensenanza-de-idioma-a-personas-migrantes\/#primaryimage"},"image":{"@id":"https:\/\/blognoticias.ecca.edu.es\/radio-ecca-participa-en-un-intercambio-de-buenas-practicas-en-la-ensenanza-de-idioma-a-personas-migrantes\/#primaryimage"},"thumbnailUrl":"https:\/\/lh3.googleusercontent.com\/-YBT7olFUn3k\/YY52n6-kLWI\/AAAAAAAAGOs\/QBNUsJHShnArINJpV3Eq0A2fZ3wKFI25ACLcBGAsYHQ\/WhatsApp%2BImage%2B2021-11-02%2Bat%2B11.21.34%2B-%2BSara%2BRebollo%2BRam%25C3%25ADrez%2B%25281%2529.jpeg","datePublished":"2021-11-12T14:20:00+00:00","breadcrumb":{"@id":"https:\/\/blognoticias.ecca.edu.es\/radio-ecca-participa-en-un-intercambio-de-buenas-practicas-en-la-ensenanza-de-idioma-a-personas-migrantes\/#breadcrumb"},"inLanguage":"en-GB","potentialAction":[{"@type":"ReadAction","target":["https:\/\/blognoticias.ecca.edu.es\/radio-ecca-participa-en-un-intercambio-de-buenas-practicas-en-la-ensenanza-de-idioma-a-personas-migrantes\/"]}]},{"@type":"ImageObject","inLanguage":"en-GB","@id":"https:\/\/blognoticias.ecca.edu.es\/radio-ecca-participa-en-un-intercambio-de-buenas-practicas-en-la-ensenanza-de-idioma-a-personas-migrantes\/#primaryimage","url":"https:\/\/lh3.googleusercontent.com\/-YBT7olFUn3k\/YY52n6-kLWI\/AAAAAAAAGOs\/QBNUsJHShnArINJpV3Eq0A2fZ3wKFI25ACLcBGAsYHQ\/WhatsApp%2BImage%2B2021-11-02%2Bat%2B11.21.34%2B-%2BSara%2BRebollo%2BRam%25C3%25ADrez%2B%25281%2529.jpeg","contentUrl":"https:\/\/lh3.googleusercontent.com\/-YBT7olFUn3k\/YY52n6-kLWI\/AAAAAAAAGOs\/QBNUsJHShnArINJpV3Eq0A2fZ3wKFI25ACLcBGAsYHQ\/WhatsApp%2BImage%2B2021-11-02%2Bat%2B11.21.34%2B-%2BSara%2BRebollo%2BRam%25C3%25ADrez%2B%25281%2529.jpeg"},{"@type":"BreadcrumbList","@id":"https:\/\/blognoticias.ecca.edu.es\/radio-ecca-participa-en-un-intercambio-de-buenas-practicas-en-la-ensenanza-de-idioma-a-personas-migrantes\/#breadcrumb","itemListElement":[{"@type":"ListItem","position":1,"name":"Portada","item":"https:\/\/blognoticias.ecca.edu.es\/"},{"@type":"ListItem","position":2,"name":"Radio ECCA participa en un intercambio de buenas pr\u00e1cticas en la ense\u00f1anza de idioma a personas migrantes"}]},{"@type":"WebSite","@id":"https:\/\/blognoticias.ecca.edu.es\/#website","url":"https:\/\/blognoticias.ecca.edu.es\/","name":"Blog Noticias Ecca","description":"","publisher":{"@id":"https:\/\/blognoticias.ecca.edu.es\/#organization"},"potentialAction":[{"@type":"SearchAction","target":{"@type":"EntryPoint","urlTemplate":"https:\/\/blognoticias.ecca.edu.es\/?s={search_term_string}"},"query-input":{"@type":"PropertyValueSpecification","valueRequired":true,"valueName":"search_term_string"}}],"inLanguage":"en-GB"},{"@type":"Organization","@id":"https:\/\/blognoticias.ecca.edu.es\/#organization","name":"Blog Noticias Ecca","url":"https:\/\/blognoticias.ecca.edu.es\/","logo":{"@type":"ImageObject","inLanguage":"en-GB","@id":"https:\/\/blognoticias.ecca.edu.es\/#\/schema\/logo\/image\/","url":"https:\/\/blognoticias.ecca.edu.es\/wp-content\/uploads\/2023\/02\/cropped-cropped-cropped-cropped-Logo-Ecca.edu_.png","contentUrl":"https:\/\/blognoticias.ecca.edu.es\/wp-content\/uploads\/2023\/02\/cropped-cropped-cropped-cropped-Logo-Ecca.edu_.png","width":293,"height":45,"caption":"Blog Noticias Ecca"},"image":{"@id":"https:\/\/blognoticias.ecca.edu.es\/#\/schema\/logo\/image\/"},"sameAs":["https:\/\/www.facebook.com\/ecca.edu.es","https:\/\/x.com\/eccaedu","https:\/\/www.instagram.com\/"]},{"@type":"Person","@id":"https:\/\/blognoticias.ecca.edu.es\/#\/schema\/person\/2f67aec1e9c175158bc25ac844a022ce","name":"ECCA","image":{"@type":"ImageObject","inLanguage":"en-GB","@id":"https:\/\/blognoticias.ecca.edu.es\/#\/schema\/person\/image\/","url":"https:\/\/blognoticias.ecca.edu.es\/wp-content\/uploads\/2023\/02\/LOGO-ECCAEDU-1-150x150.png","contentUrl":"https:\/\/blognoticias.ecca.edu.es\/wp-content\/uploads\/2023\/02\/LOGO-ECCAEDU-1-150x150.png","caption":"ECCA"},"sameAs":["https:\/\/blognoticias.ecca.edu.es"],"url":"https:\/\/blognoticias.ecca.edu.es\/en\/author\/admin\/"}]}},"_links":{"self":[{"href":"https:\/\/blognoticias.ecca.edu.es\/en\/wp-json\/wp\/v2\/posts\/3297","targetHints":{"allow":["GET"]}}],"collection":[{"href":"https:\/\/blognoticias.ecca.edu.es\/en\/wp-json\/wp\/v2\/posts"}],"about":[{"href":"https:\/\/blognoticias.ecca.edu.es\/en\/wp-json\/wp\/v2\/types\/post"}],"author":[{"embeddable":true,"href":"https:\/\/blognoticias.ecca.edu.es\/en\/wp-json\/wp\/v2\/users\/1"}],"replies":[{"embeddable":true,"href":"https:\/\/blognoticias.ecca.edu.es\/en\/wp-json\/wp\/v2\/comments?post=3297"}],"version-history":[{"count":0,"href":"https:\/\/blognoticias.ecca.edu.es\/en\/wp-json\/wp\/v2\/posts\/3297\/revisions"}],"wp:attachment":[{"href":"https:\/\/blognoticias.ecca.edu.es\/en\/wp-json\/wp\/v2\/media?parent=3297"}],"wp:term":[{"taxonomy":"category","embeddable":true,"href":"https:\/\/blognoticias.ecca.edu.es\/en\/wp-json\/wp\/v2\/categories?post=3297"},{"taxonomy":"post_tag","embeddable":true,"href":"https:\/\/blognoticias.ecca.edu.es\/en\/wp-json\/wp\/v2\/tags?post=3297"}],"curies":[{"name":"wp","href":"https:\/\/api.w.org\/{rel}","templated":true}]}}