{"id":3296,"date":"2021-11-12T14:37:00","date_gmt":"2021-11-12T14:37:00","guid":{"rendered":"https:\/\/blognoticias.ecca.edu.es\/radio-ecca-presenta-resultados-formativos-del-proyecto-adaptares-en-cabo-verde\/"},"modified":"2021-11-12T14:37:00","modified_gmt":"2021-11-12T14:37:00","slug":"radio-ecca-presenta-resultados-formativos-del-proyecto-adaptares-en-cabo-verde","status":"publish","type":"post","link":"https:\/\/blognoticias.ecca.edu.es\/en\/radio-ecca-presenta-resultados-formativos-del-proyecto-adaptares-en-cabo-verde\/","title":{"rendered":"Radio ECCA presenta resultados formativos del proyecto ADAPTaRES en Cabo Verde"},"content":{"rendered":"<div class='booster-block booster-read-block'>\n                <div class=\"twp-read-time\">\n                \t<i class=\"booster-icon twp-clock\"><\/i> <span>Tiempo de lectura:<\/span>1 Minutos, 25 Segundos                <\/div>\n\n            <\/div><p style=\"text-align: justify;\">El pasado mes de octubre, Radio ECCA present\u00f3 los resultados obtenidos dentro del marco del proyecto ADAPTaRES a trav\u00e9s de sus acciones de formaci\u00f3n y sensibilizaci\u00f3n en Cabo Verde junto a su contraparte local, la Direcci\u00f3n Nacional de Educaci\u00f3n (DNE) para Adultos, perteneciente al Ministerio de Educaci\u00f3n).&nbsp;<\/p>\n<\/p>\n<p style=\"text-align: justify;\">\n<div style=\"clear: both; text-align: center;\"><a href=\"https:\/\/blogger.googleusercontent.com\/img\/a\/AVvXsEhaCbeH5zc1TPOz9r5KnfUzCYvts9G8JLXeyv7fTgROk60Ogj3TfEgXppbaZN24imcnzro189LzpUGekfDRUhV-M366Wl7A7pG5O63m-nzN2DIAtyCQ5X3AN3opmwhE94n8nxqo1RqpBMVWoxkzonpS47AdugaiDoEOLgzPkKZgvzdePJx7gDG0Ixj6=s2000\" style=\"clear: right; float: right; margin-bottom: 1em; margin-left: 1em; text-align: justify;\"><img loading=\"lazy\" decoding=\"async\" border=\"0\" data-original-height=\"1500\" data-original-width=\"2000\" height=\"240\" src=\"https:\/\/blogger.googleusercontent.com\/img\/a\/AVvXsEhaCbeH5zc1TPOz9r5KnfUzCYvts9G8JLXeyv7fTgROk60Ogj3TfEgXppbaZN24imcnzro189LzpUGekfDRUhV-M366Wl7A7pG5O63m-nzN2DIAtyCQ5X3AN3opmwhE94n8nxqo1RqpBMVWoxkzonpS47AdugaiDoEOLgzPkKZgvzdePJx7gDG0Ixj6=s320\" width=\"320\" \/><\/a><\/div>\n<div style=\"text-align: justify;\">La labor formativa y de sensibilizaci\u00f3n de este proyecto, que se basa en la reutilizaci\u00f3n como estrategia de adaptaci\u00f3n al cambio clim\u00e1tico en la Macaronesia, ha llegado a un total de m\u00e1s de 150 000 personas en esta regi\u00f3n del Atl\u00e1ntico. En Cabo Verde, concretamente, 351 personas adultas de las islas de Santiago, Sal y Boa Vista finalizaron el curso de \u201cAdaptaci\u00f3n al Cambio Clim\u00e1tico y Uso Eficiente del Agua\u201d llevado a cabo por la DNE en un total de 3 ediciones.<\/div>\n<\/p>\n<p style=\"text-align: justify;\">Adem\u00e1s, gracias a las exposiciones itinerantes (conjunto de <i>roll-ups<\/i> que muestran las causas y consecuencias del cambio clim\u00e1tico, as\u00ed como medidas de mitigaci\u00f3n y uso eficiente del agua), el impacto de la sensibilizaci\u00f3n ha sido mucho mayor, ya que han estado presentes en centros educativos, ferias y otros eventos sobre medio ambiente a lo largo de todo el proyecto.&nbsp;<\/p>\n<p style=\"text-align: justify;\">Como resultado inesperado, se crearon 3 asociaciones de promoci\u00f3n ambiental de alumnos\/as de la isla de Santiago comprometidos\/as que han querido continuar implementando acciones de sensibilizaci\u00f3n en pro de un uso sostenible del agua en sus localidades.&nbsp; Adem\u00e1s, Radio ECCA y el Instituto Tecnol\u00f3gico de Canarias ofrecieron varias sesiones formativas en las islas de Santiago y Sal sobre los recursos did\u00e1cticos elaborados en el marco del proyecto, dotando a diferentes instituciones educativas y entidades colaboradoras del proyecto de un kit de juegos (c\u00f3mics, fichas did\u00e1cticas y juegos de mesa).<\/p>\n<div style=\"clear: both; text-align: center;\"><a href=\"https:\/\/blogger.googleusercontent.com\/img\/a\/AVvXsEiIzF0RepInoM5UnpapDwzBJjojx0tW7bV9SRBJlc8xFKoRlC9KpX2f87lXNp-0MOjnwdNu1vDmmaKZQTSZ2JZOVchaRVWSvLQSQZ4nVe5H3qykvUJvLk27QQvJtpVjl5pEyKkUbbBRDsfcfqQqtVP89JY2mqbWEeUwNrGHyToyJ9oCWEQmGDhfnIot=s2000\" style=\"margin-left: 1em; margin-right: 1em;\"><img loading=\"lazy\" decoding=\"async\" border=\"0\" data-original-height=\"1500\" data-original-width=\"2000\" height=\"278\" src=\"https:\/\/blogger.googleusercontent.com\/img\/a\/AVvXsEiIzF0RepInoM5UnpapDwzBJjojx0tW7bV9SRBJlc8xFKoRlC9KpX2f87lXNp-0MOjnwdNu1vDmmaKZQTSZ2JZOVchaRVWSvLQSQZ4nVe5H3qykvUJvLk27QQvJtpVjl5pEyKkUbbBRDsfcfqQqtVP89JY2mqbWEeUwNrGHyToyJ9oCWEQmGDhfnIot=w371-h278\" width=\"371\" \/><\/a><\/div>\n<p><\/p>\n<div style=\"clear: both; text-align: center;\"><a href=\"https:\/\/blogger.googleusercontent.com\/img\/a\/AVvXsEjZo_RzAIxnZOh3AXTXO4cog9Hh2Shz6El4ntSfbZmliCpX8SPIxVosVx-11Pce04nox62X8brkB-pJFSmgjxi-JB5MNYcMV7TTSbpnpQYieZ1wRN9scBbCXTBN26lazbrhFW-1CAOTGJOvQu1BCEjzp4U2dRCVdeq0Akjo21Fd4PBUmnTy9MUZIqsA=s922\" style=\"margin-left: 1em; margin-right: 1em;\"><img loading=\"lazy\" decoding=\"async\" border=\"0\" data-original-height=\"119\" data-original-width=\"922\" height=\"81\" src=\"https:\/\/blogger.googleusercontent.com\/img\/a\/AVvXsEjZo_RzAIxnZOh3AXTXO4cog9Hh2Shz6El4ntSfbZmliCpX8SPIxVosVx-11Pce04nox62X8brkB-pJFSmgjxi-JB5MNYcMV7TTSbpnpQYieZ1wRN9scBbCXTBN26lazbrhFW-1CAOTGJOvQu1BCEjzp4U2dRCVdeq0Akjo21Fd4PBUmnTy9MUZIqsA=w633-h81\" width=\"633\" \/><\/a><\/div>\n<p><\/p>\n<p style=\"text-align: justify;\"><\/p>\n<p style=\"text-align: justify;\">\n<div style=\"clear: both; text-align: center;\"><\/div>\n<\/p>\n<div style=\"text-align: justify;\"><\/div>","protected":false},"excerpt":{"rendered":"<p>El pasado mes de octubre, Radio ECCA present\u00f3 los resultados obtenidos dentro del marco del proyecto ADAPTaRES a trav\u00e9s de sus acciones de formaci\u00f3n y sensibilizaci\u00f3n en Cabo Verde junto a su contraparte local, la Direcci\u00f3n Nacional de Educaci\u00f3n (DNE) para Adultos, perteneciente al Ministerio de Educaci\u00f3n).&nbsp; La labor formativa y de sensibilizaci\u00f3n de este [&hellip;]<\/p>","protected":false},"author":1,"featured_media":0,"comment_status":"","ping_status":"","sticky":false,"template":"","format":"standard","meta":{"footnotes":""},"categories":[103,106],"tags":[],"class_list":["post-3296","post","type-post","status-publish","format-standard","hentry","category-comunicacion-ecca","category-relevante"],"yoast_head":"<!-- This site is optimized with the Yoast SEO plugin v25.9 - https:\/\/yoast.com\/wordpress\/plugins\/seo\/ -->\n<title>Radio ECCA presenta resultados formativos del proyecto ADAPTaRES en Cabo Verde<\/title>\n<meta name=\"robots\" content=\"index, follow, max-snippet:-1, max-image-preview:large, max-video-preview:-1\" \/>\n<link rel=\"canonical\" href=\"https:\/\/blognoticias.ecca.edu.es\/en\/radio-ecca-presenta-resultados-formativos-del-proyecto-adaptares-en-cabo-verde\/\" \/>\n<meta property=\"og:locale\" content=\"en_GB\" \/>\n<meta property=\"og:type\" content=\"article\" \/>\n<meta property=\"og:title\" content=\"Radio ECCA presenta resultados formativos del proyecto ADAPTaRES en Cabo Verde\" \/>\n<meta property=\"og:description\" content=\"El pasado mes de octubre, Radio ECCA present\u00f3 los resultados obtenidos dentro del marco del proyecto ADAPTaRES a trav\u00e9s de sus acciones de formaci\u00f3n y sensibilizaci\u00f3n en Cabo Verde junto a su contraparte local, la Direcci\u00f3n Nacional de Educaci\u00f3n (DNE) para Adultos, perteneciente al Ministerio de Educaci\u00f3n).&nbsp; La labor formativa y de sensibilizaci\u00f3n de este [&hellip;]\" \/>\n<meta property=\"og:url\" content=\"https:\/\/blognoticias.ecca.edu.es\/en\/radio-ecca-presenta-resultados-formativos-del-proyecto-adaptares-en-cabo-verde\/\" \/>\n<meta property=\"og:site_name\" content=\"Blog Noticias Ecca\" \/>\n<meta property=\"article:publisher\" content=\"https:\/\/www.facebook.com\/ecca.edu.es\" \/>\n<meta property=\"article:published_time\" content=\"2021-11-12T14:37:00+00:00\" \/>\n<meta property=\"og:image\" content=\"https:\/\/blogger.googleusercontent.com\/img\/a\/AVvXsEhaCbeH5zc1TPOz9r5KnfUzCYvts9G8JLXeyv7fTgROk60Ogj3TfEgXppbaZN24imcnzro189LzpUGekfDRUhV-M366Wl7A7pG5O63m-nzN2DIAtyCQ5X3AN3opmwhE94n8nxqo1RqpBMVWoxkzonpS47AdugaiDoEOLgzPkKZgvzdePJx7gDG0Ixj6=s320\" \/>\n<meta name=\"author\" content=\"ECCA\" \/>\n<meta name=\"twitter:card\" content=\"summary_large_image\" \/>\n<meta name=\"twitter:creator\" content=\"@eccaedu\" \/>\n<meta name=\"twitter:site\" content=\"@eccaedu\" \/>\n<meta name=\"twitter:label1\" content=\"Written by\" \/>\n\t<meta name=\"twitter:data1\" content=\"ECCA\" \/>\n\t<meta name=\"twitter:label2\" content=\"Estimated reading time\" \/>\n\t<meta name=\"twitter:data2\" content=\"2 minutes\" \/>\n<script type=\"application\/ld+json\" class=\"yoast-schema-graph\">{\"@context\":\"https:\/\/schema.org\",\"@graph\":[{\"@type\":\"Article\",\"@id\":\"https:\/\/blognoticias.ecca.edu.es\/radio-ecca-presenta-resultados-formativos-del-proyecto-adaptares-en-cabo-verde\/#article\",\"isPartOf\":{\"@id\":\"https:\/\/blognoticias.ecca.edu.es\/radio-ecca-presenta-resultados-formativos-del-proyecto-adaptares-en-cabo-verde\/\"},\"author\":{\"name\":\"ECCA\",\"@id\":\"https:\/\/blognoticias.ecca.edu.es\/#\/schema\/person\/2f67aec1e9c175158bc25ac844a022ce\"},\"headline\":\"Radio ECCA presenta resultados formativos del proyecto ADAPTaRES en Cabo Verde\",\"datePublished\":\"2021-11-12T14:37:00+00:00\",\"mainEntityOfPage\":{\"@id\":\"https:\/\/blognoticias.ecca.edu.es\/radio-ecca-presenta-resultados-formativos-del-proyecto-adaptares-en-cabo-verde\/\"},\"wordCount\":314,\"publisher\":{\"@id\":\"https:\/\/blognoticias.ecca.edu.es\/#organization\"},\"image\":{\"@id\":\"https:\/\/blognoticias.ecca.edu.es\/radio-ecca-presenta-resultados-formativos-del-proyecto-adaptares-en-cabo-verde\/#primaryimage\"},\"thumbnailUrl\":\"https:\/\/blogger.googleusercontent.com\/img\/a\/AVvXsEhaCbeH5zc1TPOz9r5KnfUzCYvts9G8JLXeyv7fTgROk60Ogj3TfEgXppbaZN24imcnzro189LzpUGekfDRUhV-M366Wl7A7pG5O63m-nzN2DIAtyCQ5X3AN3opmwhE94n8nxqo1RqpBMVWoxkzonpS47AdugaiDoEOLgzPkKZgvzdePJx7gDG0Ixj6=s320\",\"articleSection\":[\"Comunicaci\u00f3n ECCA\",\"Relevante\"],\"inLanguage\":\"en-GB\"},{\"@type\":\"WebPage\",\"@id\":\"https:\/\/blognoticias.ecca.edu.es\/radio-ecca-presenta-resultados-formativos-del-proyecto-adaptares-en-cabo-verde\/\",\"url\":\"https:\/\/blognoticias.ecca.edu.es\/radio-ecca-presenta-resultados-formativos-del-proyecto-adaptares-en-cabo-verde\/\",\"name\":\"Radio ECCA presenta resultados formativos del proyecto ADAPTaRES en Cabo Verde\",\"isPartOf\":{\"@id\":\"https:\/\/blognoticias.ecca.edu.es\/#website\"},\"primaryImageOfPage\":{\"@id\":\"https:\/\/blognoticias.ecca.edu.es\/radio-ecca-presenta-resultados-formativos-del-proyecto-adaptares-en-cabo-verde\/#primaryimage\"},\"image\":{\"@id\":\"https:\/\/blognoticias.ecca.edu.es\/radio-ecca-presenta-resultados-formativos-del-proyecto-adaptares-en-cabo-verde\/#primaryimage\"},\"thumbnailUrl\":\"https:\/\/blogger.googleusercontent.com\/img\/a\/AVvXsEhaCbeH5zc1TPOz9r5KnfUzCYvts9G8JLXeyv7fTgROk60Ogj3TfEgXppbaZN24imcnzro189LzpUGekfDRUhV-M366Wl7A7pG5O63m-nzN2DIAtyCQ5X3AN3opmwhE94n8nxqo1RqpBMVWoxkzonpS47AdugaiDoEOLgzPkKZgvzdePJx7gDG0Ixj6=s320\",\"datePublished\":\"2021-11-12T14:37:00+00:00\",\"breadcrumb\":{\"@id\":\"https:\/\/blognoticias.ecca.edu.es\/radio-ecca-presenta-resultados-formativos-del-proyecto-adaptares-en-cabo-verde\/#breadcrumb\"},\"inLanguage\":\"en-GB\",\"potentialAction\":[{\"@type\":\"ReadAction\",\"target\":[\"https:\/\/blognoticias.ecca.edu.es\/radio-ecca-presenta-resultados-formativos-del-proyecto-adaptares-en-cabo-verde\/\"]}]},{\"@type\":\"ImageObject\",\"inLanguage\":\"en-GB\",\"@id\":\"https:\/\/blognoticias.ecca.edu.es\/radio-ecca-presenta-resultados-formativos-del-proyecto-adaptares-en-cabo-verde\/#primaryimage\",\"url\":\"https:\/\/blogger.googleusercontent.com\/img\/a\/AVvXsEhaCbeH5zc1TPOz9r5KnfUzCYvts9G8JLXeyv7fTgROk60Ogj3TfEgXppbaZN24imcnzro189LzpUGekfDRUhV-M366Wl7A7pG5O63m-nzN2DIAtyCQ5X3AN3opmwhE94n8nxqo1RqpBMVWoxkzonpS47AdugaiDoEOLgzPkKZgvzdePJx7gDG0Ixj6=s320\",\"contentUrl\":\"https:\/\/blogger.googleusercontent.com\/img\/a\/AVvXsEhaCbeH5zc1TPOz9r5KnfUzCYvts9G8JLXeyv7fTgROk60Ogj3TfEgXppbaZN24imcnzro189LzpUGekfDRUhV-M366Wl7A7pG5O63m-nzN2DIAtyCQ5X3AN3opmwhE94n8nxqo1RqpBMVWoxkzonpS47AdugaiDoEOLgzPkKZgvzdePJx7gDG0Ixj6=s320\"},{\"@type\":\"BreadcrumbList\",\"@id\":\"https:\/\/blognoticias.ecca.edu.es\/radio-ecca-presenta-resultados-formativos-del-proyecto-adaptares-en-cabo-verde\/#breadcrumb\",\"itemListElement\":[{\"@type\":\"ListItem\",\"position\":1,\"name\":\"Portada\",\"item\":\"https:\/\/blognoticias.ecca.edu.es\/\"},{\"@type\":\"ListItem\",\"position\":2,\"name\":\"Radio ECCA presenta resultados formativos del proyecto ADAPTaRES en Cabo Verde\"}]},{\"@type\":\"WebSite\",\"@id\":\"https:\/\/blognoticias.ecca.edu.es\/#website\",\"url\":\"https:\/\/blognoticias.ecca.edu.es\/\",\"name\":\"Blog Noticias Ecca\",\"description\":\"\",\"publisher\":{\"@id\":\"https:\/\/blognoticias.ecca.edu.es\/#organization\"},\"potentialAction\":[{\"@type\":\"SearchAction\",\"target\":{\"@type\":\"EntryPoint\",\"urlTemplate\":\"https:\/\/blognoticias.ecca.edu.es\/?s={search_term_string}\"},\"query-input\":{\"@type\":\"PropertyValueSpecification\",\"valueRequired\":true,\"valueName\":\"search_term_string\"}}],\"inLanguage\":\"en-GB\"},{\"@type\":\"Organization\",\"@id\":\"https:\/\/blognoticias.ecca.edu.es\/#organization\",\"name\":\"Blog Noticias Ecca\",\"url\":\"https:\/\/blognoticias.ecca.edu.es\/\",\"logo\":{\"@type\":\"ImageObject\",\"inLanguage\":\"en-GB\",\"@id\":\"https:\/\/blognoticias.ecca.edu.es\/#\/schema\/logo\/image\/\",\"url\":\"https:\/\/blognoticias.ecca.edu.es\/wp-content\/uploads\/2023\/02\/cropped-cropped-cropped-cropped-Logo-Ecca.edu_.png\",\"contentUrl\":\"https:\/\/blognoticias.ecca.edu.es\/wp-content\/uploads\/2023\/02\/cropped-cropped-cropped-cropped-Logo-Ecca.edu_.png\",\"width\":293,\"height\":45,\"caption\":\"Blog Noticias Ecca\"},\"image\":{\"@id\":\"https:\/\/blognoticias.ecca.edu.es\/#\/schema\/logo\/image\/\"},\"sameAs\":[\"https:\/\/www.facebook.com\/ecca.edu.es\",\"https:\/\/x.com\/eccaedu\",\"https:\/\/www.instagram.com\/\"]},{\"@type\":\"Person\",\"@id\":\"https:\/\/blognoticias.ecca.edu.es\/#\/schema\/person\/2f67aec1e9c175158bc25ac844a022ce\",\"name\":\"ECCA\",\"image\":{\"@type\":\"ImageObject\",\"inLanguage\":\"en-GB\",\"@id\":\"https:\/\/blognoticias.ecca.edu.es\/#\/schema\/person\/image\/\",\"url\":\"https:\/\/blognoticias.ecca.edu.es\/wp-content\/uploads\/2023\/02\/LOGO-ECCAEDU-1-150x150.png\",\"contentUrl\":\"https:\/\/blognoticias.ecca.edu.es\/wp-content\/uploads\/2023\/02\/LOGO-ECCAEDU-1-150x150.png\",\"caption\":\"ECCA\"},\"sameAs\":[\"https:\/\/blognoticias.ecca.edu.es\"],\"url\":\"https:\/\/blognoticias.ecca.edu.es\/en\/author\/admin\/\"}]}<\/script>\n<!-- \/ Yoast SEO plugin. -->","yoast_head_json":{"title":"Radio ECCA presenta resultados formativos del proyecto ADAPTaRES en Cabo Verde","robots":{"index":"index","follow":"follow","max-snippet":"max-snippet:-1","max-image-preview":"max-image-preview:large","max-video-preview":"max-video-preview:-1"},"canonical":"https:\/\/blognoticias.ecca.edu.es\/en\/radio-ecca-presenta-resultados-formativos-del-proyecto-adaptares-en-cabo-verde\/","og_locale":"en_GB","og_type":"article","og_title":"Radio ECCA presenta resultados formativos del proyecto ADAPTaRES en Cabo Verde","og_description":"El pasado mes de octubre, Radio ECCA present\u00f3 los resultados obtenidos dentro del marco del proyecto ADAPTaRES a trav\u00e9s de sus acciones de formaci\u00f3n y sensibilizaci\u00f3n en Cabo Verde junto a su contraparte local, la Direcci\u00f3n Nacional de Educaci\u00f3n (DNE) para Adultos, perteneciente al Ministerio de Educaci\u00f3n).&nbsp; La labor formativa y de sensibilizaci\u00f3n de este [&hellip;]","og_url":"https:\/\/blognoticias.ecca.edu.es\/en\/radio-ecca-presenta-resultados-formativos-del-proyecto-adaptares-en-cabo-verde\/","og_site_name":"Blog Noticias Ecca","article_publisher":"https:\/\/www.facebook.com\/ecca.edu.es","article_published_time":"2021-11-12T14:37:00+00:00","og_image":[{"url":"https:\/\/blogger.googleusercontent.com\/img\/a\/AVvXsEhaCbeH5zc1TPOz9r5KnfUzCYvts9G8JLXeyv7fTgROk60Ogj3TfEgXppbaZN24imcnzro189LzpUGekfDRUhV-M366Wl7A7pG5O63m-nzN2DIAtyCQ5X3AN3opmwhE94n8nxqo1RqpBMVWoxkzonpS47AdugaiDoEOLgzPkKZgvzdePJx7gDG0Ixj6=s320","type":"","width":"","height":""}],"author":"ECCA","twitter_card":"summary_large_image","twitter_creator":"@eccaedu","twitter_site":"@eccaedu","twitter_misc":{"Written by":"ECCA","Estimated reading time":"2 minutes"},"schema":{"@context":"https:\/\/schema.org","@graph":[{"@type":"Article","@id":"https:\/\/blognoticias.ecca.edu.es\/radio-ecca-presenta-resultados-formativos-del-proyecto-adaptares-en-cabo-verde\/#article","isPartOf":{"@id":"https:\/\/blognoticias.ecca.edu.es\/radio-ecca-presenta-resultados-formativos-del-proyecto-adaptares-en-cabo-verde\/"},"author":{"name":"ECCA","@id":"https:\/\/blognoticias.ecca.edu.es\/#\/schema\/person\/2f67aec1e9c175158bc25ac844a022ce"},"headline":"Radio ECCA presenta resultados formativos del proyecto ADAPTaRES en Cabo Verde","datePublished":"2021-11-12T14:37:00+00:00","mainEntityOfPage":{"@id":"https:\/\/blognoticias.ecca.edu.es\/radio-ecca-presenta-resultados-formativos-del-proyecto-adaptares-en-cabo-verde\/"},"wordCount":314,"publisher":{"@id":"https:\/\/blognoticias.ecca.edu.es\/#organization"},"image":{"@id":"https:\/\/blognoticias.ecca.edu.es\/radio-ecca-presenta-resultados-formativos-del-proyecto-adaptares-en-cabo-verde\/#primaryimage"},"thumbnailUrl":"https:\/\/blogger.googleusercontent.com\/img\/a\/AVvXsEhaCbeH5zc1TPOz9r5KnfUzCYvts9G8JLXeyv7fTgROk60Ogj3TfEgXppbaZN24imcnzro189LzpUGekfDRUhV-M366Wl7A7pG5O63m-nzN2DIAtyCQ5X3AN3opmwhE94n8nxqo1RqpBMVWoxkzonpS47AdugaiDoEOLgzPkKZgvzdePJx7gDG0Ixj6=s320","articleSection":["Comunicaci\u00f3n ECCA","Relevante"],"inLanguage":"en-GB"},{"@type":"WebPage","@id":"https:\/\/blognoticias.ecca.edu.es\/radio-ecca-presenta-resultados-formativos-del-proyecto-adaptares-en-cabo-verde\/","url":"https:\/\/blognoticias.ecca.edu.es\/radio-ecca-presenta-resultados-formativos-del-proyecto-adaptares-en-cabo-verde\/","name":"Radio ECCA presenta resultados formativos del proyecto ADAPTaRES en Cabo Verde","isPartOf":{"@id":"https:\/\/blognoticias.ecca.edu.es\/#website"},"primaryImageOfPage":{"@id":"https:\/\/blognoticias.ecca.edu.es\/radio-ecca-presenta-resultados-formativos-del-proyecto-adaptares-en-cabo-verde\/#primaryimage"},"image":{"@id":"https:\/\/blognoticias.ecca.edu.es\/radio-ecca-presenta-resultados-formativos-del-proyecto-adaptares-en-cabo-verde\/#primaryimage"},"thumbnailUrl":"https:\/\/blogger.googleusercontent.com\/img\/a\/AVvXsEhaCbeH5zc1TPOz9r5KnfUzCYvts9G8JLXeyv7fTgROk60Ogj3TfEgXppbaZN24imcnzro189LzpUGekfDRUhV-M366Wl7A7pG5O63m-nzN2DIAtyCQ5X3AN3opmwhE94n8nxqo1RqpBMVWoxkzonpS47AdugaiDoEOLgzPkKZgvzdePJx7gDG0Ixj6=s320","datePublished":"2021-11-12T14:37:00+00:00","breadcrumb":{"@id":"https:\/\/blognoticias.ecca.edu.es\/radio-ecca-presenta-resultados-formativos-del-proyecto-adaptares-en-cabo-verde\/#breadcrumb"},"inLanguage":"en-GB","potentialAction":[{"@type":"ReadAction","target":["https:\/\/blognoticias.ecca.edu.es\/radio-ecca-presenta-resultados-formativos-del-proyecto-adaptares-en-cabo-verde\/"]}]},{"@type":"ImageObject","inLanguage":"en-GB","@id":"https:\/\/blognoticias.ecca.edu.es\/radio-ecca-presenta-resultados-formativos-del-proyecto-adaptares-en-cabo-verde\/#primaryimage","url":"https:\/\/blogger.googleusercontent.com\/img\/a\/AVvXsEhaCbeH5zc1TPOz9r5KnfUzCYvts9G8JLXeyv7fTgROk60Ogj3TfEgXppbaZN24imcnzro189LzpUGekfDRUhV-M366Wl7A7pG5O63m-nzN2DIAtyCQ5X3AN3opmwhE94n8nxqo1RqpBMVWoxkzonpS47AdugaiDoEOLgzPkKZgvzdePJx7gDG0Ixj6=s320","contentUrl":"https:\/\/blogger.googleusercontent.com\/img\/a\/AVvXsEhaCbeH5zc1TPOz9r5KnfUzCYvts9G8JLXeyv7fTgROk60Ogj3TfEgXppbaZN24imcnzro189LzpUGekfDRUhV-M366Wl7A7pG5O63m-nzN2DIAtyCQ5X3AN3opmwhE94n8nxqo1RqpBMVWoxkzonpS47AdugaiDoEOLgzPkKZgvzdePJx7gDG0Ixj6=s320"},{"@type":"BreadcrumbList","@id":"https:\/\/blognoticias.ecca.edu.es\/radio-ecca-presenta-resultados-formativos-del-proyecto-adaptares-en-cabo-verde\/#breadcrumb","itemListElement":[{"@type":"ListItem","position":1,"name":"Portada","item":"https:\/\/blognoticias.ecca.edu.es\/"},{"@type":"ListItem","position":2,"name":"Radio ECCA presenta resultados formativos del proyecto ADAPTaRES en Cabo Verde"}]},{"@type":"WebSite","@id":"https:\/\/blognoticias.ecca.edu.es\/#website","url":"https:\/\/blognoticias.ecca.edu.es\/","name":"Blog Noticias Ecca","description":"","publisher":{"@id":"https:\/\/blognoticias.ecca.edu.es\/#organization"},"potentialAction":[{"@type":"SearchAction","target":{"@type":"EntryPoint","urlTemplate":"https:\/\/blognoticias.ecca.edu.es\/?s={search_term_string}"},"query-input":{"@type":"PropertyValueSpecification","valueRequired":true,"valueName":"search_term_string"}}],"inLanguage":"en-GB"},{"@type":"Organization","@id":"https:\/\/blognoticias.ecca.edu.es\/#organization","name":"Blog Noticias Ecca","url":"https:\/\/blognoticias.ecca.edu.es\/","logo":{"@type":"ImageObject","inLanguage":"en-GB","@id":"https:\/\/blognoticias.ecca.edu.es\/#\/schema\/logo\/image\/","url":"https:\/\/blognoticias.ecca.edu.es\/wp-content\/uploads\/2023\/02\/cropped-cropped-cropped-cropped-Logo-Ecca.edu_.png","contentUrl":"https:\/\/blognoticias.ecca.edu.es\/wp-content\/uploads\/2023\/02\/cropped-cropped-cropped-cropped-Logo-Ecca.edu_.png","width":293,"height":45,"caption":"Blog Noticias Ecca"},"image":{"@id":"https:\/\/blognoticias.ecca.edu.es\/#\/schema\/logo\/image\/"},"sameAs":["https:\/\/www.facebook.com\/ecca.edu.es","https:\/\/x.com\/eccaedu","https:\/\/www.instagram.com\/"]},{"@type":"Person","@id":"https:\/\/blognoticias.ecca.edu.es\/#\/schema\/person\/2f67aec1e9c175158bc25ac844a022ce","name":"ECCA","image":{"@type":"ImageObject","inLanguage":"en-GB","@id":"https:\/\/blognoticias.ecca.edu.es\/#\/schema\/person\/image\/","url":"https:\/\/blognoticias.ecca.edu.es\/wp-content\/uploads\/2023\/02\/LOGO-ECCAEDU-1-150x150.png","contentUrl":"https:\/\/blognoticias.ecca.edu.es\/wp-content\/uploads\/2023\/02\/LOGO-ECCAEDU-1-150x150.png","caption":"ECCA"},"sameAs":["https:\/\/blognoticias.ecca.edu.es"],"url":"https:\/\/blognoticias.ecca.edu.es\/en\/author\/admin\/"}]}},"_links":{"self":[{"href":"https:\/\/blognoticias.ecca.edu.es\/en\/wp-json\/wp\/v2\/posts\/3296","targetHints":{"allow":["GET"]}}],"collection":[{"href":"https:\/\/blognoticias.ecca.edu.es\/en\/wp-json\/wp\/v2\/posts"}],"about":[{"href":"https:\/\/blognoticias.ecca.edu.es\/en\/wp-json\/wp\/v2\/types\/post"}],"author":[{"embeddable":true,"href":"https:\/\/blognoticias.ecca.edu.es\/en\/wp-json\/wp\/v2\/users\/1"}],"replies":[{"embeddable":true,"href":"https:\/\/blognoticias.ecca.edu.es\/en\/wp-json\/wp\/v2\/comments?post=3296"}],"version-history":[{"count":0,"href":"https:\/\/blognoticias.ecca.edu.es\/en\/wp-json\/wp\/v2\/posts\/3296\/revisions"}],"wp:attachment":[{"href":"https:\/\/blognoticias.ecca.edu.es\/en\/wp-json\/wp\/v2\/media?parent=3296"}],"wp:term":[{"taxonomy":"category","embeddable":true,"href":"https:\/\/blognoticias.ecca.edu.es\/en\/wp-json\/wp\/v2\/categories?post=3296"},{"taxonomy":"post_tag","embeddable":true,"href":"https:\/\/blognoticias.ecca.edu.es\/en\/wp-json\/wp\/v2\/tags?post=3296"}],"curies":[{"name":"wp","href":"https:\/\/api.w.org\/{rel}","templated":true}]}}