{"id":3293,"date":"2021-11-25T12:27:00","date_gmt":"2021-11-25T12:27:00","guid":{"rendered":"https:\/\/blognoticias.ecca.edu.es\/28-mujeres-residentes-en-canarias-reciben-formacion-especializada-en-emprendimiento\/"},"modified":"2021-11-25T12:27:00","modified_gmt":"2021-11-25T12:27:00","slug":"28-mujeres-residentes-en-canarias-reciben-formacion-especializada-en-emprendimiento","status":"publish","type":"post","link":"https:\/\/blognoticias.ecca.edu.es\/en\/28-mujeres-residentes-en-canarias-reciben-formacion-especializada-en-emprendimiento\/","title":{"rendered":"28 mujeres residentes en Canarias reciben formaci\u00f3n especializada en emprendimiento"},"content":{"rendered":"<div class='booster-block booster-read-block'>\n                <div class=\"twp-read-time\">\n                \t<i class=\"booster-icon twp-clock\"><\/i> <span>Tiempo de lectura:<\/span>1 Minutos, 46 Segundos                <\/div>\n\n            <\/div><p style=\"text-align: justify;\">Gracias a la alianza entre el Programa AFRIMAC2, proyecto que busca el intercambio empresarial, tecnol\u00f3gico, emprendedor e innovador en materias de alto impacto econ\u00f3mico entre Canarias y \u00c1frica Occidental, y&nbsp; el proyecto Smart Island, que ha puesto en marcha el primer Centro de Emprendimiento en la isla de Fuerteventura, se ha logrado materializar el apoyo a 28 mujeres residentes en las islas Canarias para brindarles acompa\u00f1amiento y formaci\u00f3n especializada en materia de emprendimiento durante todo un a\u00f1o.<\/p>\n<p style=\"text-align: justify;\">\n<div style=\"clear: right; float: right; margin-bottom: 1em; margin-left: 1em; text-align: center;\"><a href=\"https:\/\/lh3.googleusercontent.com\/-OzFDskwRHgo\/YZ9_JfjjS2I\/AAAAAAAAGTY\/MGYby824jLIjTXayUNEfUXmzS5RaeICFgCLcBGAsYHQ\/logo-afrimac-2-NUEVO-TRANSPARENTE.png\" style=\"margin-left: 1em; margin-right: 1em;\"><img loading=\"lazy\" decoding=\"async\" alt=\"\" data-original-height=\"1160\" data-original-width=\"2533\" height=\"169\" src=\"https:\/\/lh3.googleusercontent.com\/-OzFDskwRHgo\/YZ9_JfjjS2I\/AAAAAAAAGTY\/MGYby824jLIjTXayUNEfUXmzS5RaeICFgCLcBGAsYHQ\/w368-h169\/logo-afrimac-2-NUEVO-TRANSPARENTE.png\" width=\"368\" \/><\/a><\/div>\n<\/p>\n<p style=\"text-align: justify;\">Las mujeres se han seleccionado gracias a su participaci\u00f3n en el curso MUJER EMPRENDE, formaci\u00f3n desarrollada por Radio ECCA en el marco del proyecto Afrimac 2, y cuyo objetivo es brindar una formaci\u00f3n b\u00e1sica sobre los conceptos del emprendimiento, donde se abordan temas como las competencias personales, laborales y empresariales m\u00ednimas para ser una emprendedora.<\/p>\n<p style=\"text-align: justify;\">Esta primera fase formativa da la posibilidad al alumnado inscrito de participar en una segunda fase m\u00e1s especializada. Se trata de un programa de emprendimiento de mayor profundidad, de la mano de Smart City Fuerteventura que se realiza de manera presencial y <i>online <\/i>durante el a\u00f1o 2021 &#8211; 2022.&nbsp;&nbsp;<\/p>\n<p style=\"text-align: justify;\">Esta segunda fase consta de diversos bloques tem\u00e1ticos en los que las beneficiarias pueden elegir en cu\u00e1les de ellos participar y se les certificar\u00e1n las horas correspondientes a los bloques que hayan finalizado con \u00e9xito. Se inici\u00f3 el 15 de noviembre del 2021.<\/p>\n<p style=\"text-align: justify;\">Algunos de los temas que se incluyen a lo largo de esta formaci\u00f3n son, por ejemplo:<\/p>\n<\/p>\n<ul style=\"text-align: left;\">\n<li style=\"text-align: justify;\">Factor\u00eda de dise\u00f1o emprendedores tradicionales (25 horas)<\/li>\n<li style=\"text-align: justify;\">Factor\u00eda de dise\u00f1o emprendedores tecnol\u00f3gicos (25 horas)<\/li>\n<li style=\"text-align: justify;\">Marat\u00f3n de emprendimiento (20 horas)<\/li>\n<li style=\"text-align: justify;\">Fuerteventura emprendedora (30 horas) *<i>Aunque su nombre indique Fuerteventura, tendr\u00e1n acceso mujeres de todas las islas<\/i><\/li>\n<li style=\"text-align: justify;\">Emprendedores y la internet del futuro (10 horas)<\/li>\n<li style=\"text-align: justify;\">Curso de emprendimiento Blue Economy (24 horas)<\/li>\n<li style=\"text-align: justify;\">Curso de emprendimiento TICs y competitividad<\/li>\n<li style=\"text-align: justify;\">Asesoramiento a emprendedores\/as a lo largo de todo el programa<\/li>\n<\/ul>\n<p style=\"text-align: justify;\">Gracias a la alianza de ambos proyectos, se han reservado 25 plazas para aquellas personas residentes en las islas Canarias que finalizan con \u00e9xito la formaci\u00f3n Mujer Emprende y cumplen con los requisitos establecidos y comunicados dentro de esta formaci\u00f3n.&nbsp;<\/p>\n<p style=\"text-align: justify;\">M\u00e1s informaci\u00f3n del <a href=\"https:\/\/afrimac.es\/\">proyecto AFRIMAC en su web<\/a>.<\/p>\n<div><\/div>","protected":false},"excerpt":{"rendered":"<p>Gracias a la alianza entre el Programa AFRIMAC2, proyecto que busca el intercambio empresarial, tecnol\u00f3gico, emprendedor e innovador en materias de alto impacto econ\u00f3mico entre Canarias y \u00c1frica Occidental, y&nbsp; el proyecto Smart Island, que ha puesto en marcha el primer Centro de Emprendimiento en la isla de Fuerteventura, se ha logrado materializar el apoyo [&hellip;]<\/p>","protected":false},"author":1,"featured_media":0,"comment_status":"","ping_status":"","sticky":false,"template":"","format":"standard","meta":{"footnotes":""},"categories":[102,103,106],"tags":[],"class_list":["post-3293","post","type-post","status-publish","format-standard","hentry","category-comunicacion","category-comunicacion-ecca","category-relevante"],"yoast_head":"<!-- This site is optimized with the Yoast SEO plugin v25.9 - https:\/\/yoast.com\/wordpress\/plugins\/seo\/ -->\n<title>28 mujeres residentes en Canarias reciben formaci\u00f3n especializada en emprendimiento<\/title>\n<meta name=\"robots\" content=\"index, follow, max-snippet:-1, max-image-preview:large, max-video-preview:-1\" \/>\n<link rel=\"canonical\" href=\"https:\/\/blognoticias.ecca.edu.es\/en\/28-mujeres-residentes-en-canarias-reciben-formacion-especializada-en-emprendimiento\/\" \/>\n<meta property=\"og:locale\" content=\"en_GB\" \/>\n<meta property=\"og:type\" content=\"article\" \/>\n<meta property=\"og:title\" content=\"28 mujeres residentes en Canarias reciben formaci\u00f3n especializada en emprendimiento\" \/>\n<meta property=\"og:description\" content=\"Gracias a la alianza entre el Programa AFRIMAC2, proyecto que busca el intercambio empresarial, tecnol\u00f3gico, emprendedor e innovador en materias de alto impacto econ\u00f3mico entre Canarias y \u00c1frica Occidental, y&nbsp; el proyecto Smart Island, que ha puesto en marcha el primer Centro de Emprendimiento en la isla de Fuerteventura, se ha logrado materializar el apoyo [&hellip;]\" \/>\n<meta property=\"og:url\" content=\"https:\/\/blognoticias.ecca.edu.es\/en\/28-mujeres-residentes-en-canarias-reciben-formacion-especializada-en-emprendimiento\/\" \/>\n<meta property=\"og:site_name\" content=\"Blog Noticias Ecca\" \/>\n<meta property=\"article:publisher\" content=\"https:\/\/www.facebook.com\/ecca.edu.es\" \/>\n<meta property=\"article:published_time\" content=\"2021-11-25T12:27:00+00:00\" \/>\n<meta property=\"og:image\" content=\"https:\/\/lh3.googleusercontent.com\/-OzFDskwRHgo\/YZ9_JfjjS2I\/AAAAAAAAGTY\/MGYby824jLIjTXayUNEfUXmzS5RaeICFgCLcBGAsYHQ\/w368-h169\/logo-afrimac-2-NUEVO-TRANSPARENTE.png\" \/>\n<meta name=\"author\" content=\"ECCA\" \/>\n<meta name=\"twitter:card\" content=\"summary_large_image\" \/>\n<meta name=\"twitter:creator\" content=\"@eccaedu\" \/>\n<meta name=\"twitter:site\" content=\"@eccaedu\" \/>\n<meta name=\"twitter:label1\" content=\"Written by\" \/>\n\t<meta name=\"twitter:data1\" content=\"ECCA\" \/>\n\t<meta name=\"twitter:label2\" content=\"Estimated reading time\" \/>\n\t<meta name=\"twitter:data2\" content=\"2 minutes\" \/>\n<script type=\"application\/ld+json\" class=\"yoast-schema-graph\">{\"@context\":\"https:\/\/schema.org\",\"@graph\":[{\"@type\":\"Article\",\"@id\":\"https:\/\/blognoticias.ecca.edu.es\/28-mujeres-residentes-en-canarias-reciben-formacion-especializada-en-emprendimiento\/#article\",\"isPartOf\":{\"@id\":\"https:\/\/blognoticias.ecca.edu.es\/28-mujeres-residentes-en-canarias-reciben-formacion-especializada-en-emprendimiento\/\"},\"author\":{\"name\":\"ECCA\",\"@id\":\"https:\/\/blognoticias.ecca.edu.es\/#\/schema\/person\/2f67aec1e9c175158bc25ac844a022ce\"},\"headline\":\"28 mujeres residentes en Canarias reciben formaci\u00f3n especializada en emprendimiento\",\"datePublished\":\"2021-11-25T12:27:00+00:00\",\"mainEntityOfPage\":{\"@id\":\"https:\/\/blognoticias.ecca.edu.es\/28-mujeres-residentes-en-canarias-reciben-formacion-especializada-en-emprendimiento\/\"},\"wordCount\":383,\"publisher\":{\"@id\":\"https:\/\/blognoticias.ecca.edu.es\/#organization\"},\"image\":{\"@id\":\"https:\/\/blognoticias.ecca.edu.es\/28-mujeres-residentes-en-canarias-reciben-formacion-especializada-en-emprendimiento\/#primaryimage\"},\"thumbnailUrl\":\"https:\/\/lh3.googleusercontent.com\/-OzFDskwRHgo\/YZ9_JfjjS2I\/AAAAAAAAGTY\/MGYby824jLIjTXayUNEfUXmzS5RaeICFgCLcBGAsYHQ\/w368-h169\/logo-afrimac-2-NUEVO-TRANSPARENTE.png\",\"articleSection\":[\"Comunicaci\u00f3n\",\"Comunicaci\u00f3n ECCA\",\"Relevante\"],\"inLanguage\":\"en-GB\"},{\"@type\":\"WebPage\",\"@id\":\"https:\/\/blognoticias.ecca.edu.es\/28-mujeres-residentes-en-canarias-reciben-formacion-especializada-en-emprendimiento\/\",\"url\":\"https:\/\/blognoticias.ecca.edu.es\/28-mujeres-residentes-en-canarias-reciben-formacion-especializada-en-emprendimiento\/\",\"name\":\"28 mujeres residentes en Canarias reciben formaci\u00f3n especializada en emprendimiento\",\"isPartOf\":{\"@id\":\"https:\/\/blognoticias.ecca.edu.es\/#website\"},\"primaryImageOfPage\":{\"@id\":\"https:\/\/blognoticias.ecca.edu.es\/28-mujeres-residentes-en-canarias-reciben-formacion-especializada-en-emprendimiento\/#primaryimage\"},\"image\":{\"@id\":\"https:\/\/blognoticias.ecca.edu.es\/28-mujeres-residentes-en-canarias-reciben-formacion-especializada-en-emprendimiento\/#primaryimage\"},\"thumbnailUrl\":\"https:\/\/lh3.googleusercontent.com\/-OzFDskwRHgo\/YZ9_JfjjS2I\/AAAAAAAAGTY\/MGYby824jLIjTXayUNEfUXmzS5RaeICFgCLcBGAsYHQ\/w368-h169\/logo-afrimac-2-NUEVO-TRANSPARENTE.png\",\"datePublished\":\"2021-11-25T12:27:00+00:00\",\"breadcrumb\":{\"@id\":\"https:\/\/blognoticias.ecca.edu.es\/28-mujeres-residentes-en-canarias-reciben-formacion-especializada-en-emprendimiento\/#breadcrumb\"},\"inLanguage\":\"en-GB\",\"potentialAction\":[{\"@type\":\"ReadAction\",\"target\":[\"https:\/\/blognoticias.ecca.edu.es\/28-mujeres-residentes-en-canarias-reciben-formacion-especializada-en-emprendimiento\/\"]}]},{\"@type\":\"ImageObject\",\"inLanguage\":\"en-GB\",\"@id\":\"https:\/\/blognoticias.ecca.edu.es\/28-mujeres-residentes-en-canarias-reciben-formacion-especializada-en-emprendimiento\/#primaryimage\",\"url\":\"https:\/\/lh3.googleusercontent.com\/-OzFDskwRHgo\/YZ9_JfjjS2I\/AAAAAAAAGTY\/MGYby824jLIjTXayUNEfUXmzS5RaeICFgCLcBGAsYHQ\/w368-h169\/logo-afrimac-2-NUEVO-TRANSPARENTE.png\",\"contentUrl\":\"https:\/\/lh3.googleusercontent.com\/-OzFDskwRHgo\/YZ9_JfjjS2I\/AAAAAAAAGTY\/MGYby824jLIjTXayUNEfUXmzS5RaeICFgCLcBGAsYHQ\/w368-h169\/logo-afrimac-2-NUEVO-TRANSPARENTE.png\"},{\"@type\":\"BreadcrumbList\",\"@id\":\"https:\/\/blognoticias.ecca.edu.es\/28-mujeres-residentes-en-canarias-reciben-formacion-especializada-en-emprendimiento\/#breadcrumb\",\"itemListElement\":[{\"@type\":\"ListItem\",\"position\":1,\"name\":\"Portada\",\"item\":\"https:\/\/blognoticias.ecca.edu.es\/\"},{\"@type\":\"ListItem\",\"position\":2,\"name\":\"28 mujeres residentes en Canarias reciben formaci\u00f3n especializada en emprendimiento\"}]},{\"@type\":\"WebSite\",\"@id\":\"https:\/\/blognoticias.ecca.edu.es\/#website\",\"url\":\"https:\/\/blognoticias.ecca.edu.es\/\",\"name\":\"Blog Noticias Ecca\",\"description\":\"\",\"publisher\":{\"@id\":\"https:\/\/blognoticias.ecca.edu.es\/#organization\"},\"potentialAction\":[{\"@type\":\"SearchAction\",\"target\":{\"@type\":\"EntryPoint\",\"urlTemplate\":\"https:\/\/blognoticias.ecca.edu.es\/?s={search_term_string}\"},\"query-input\":{\"@type\":\"PropertyValueSpecification\",\"valueRequired\":true,\"valueName\":\"search_term_string\"}}],\"inLanguage\":\"en-GB\"},{\"@type\":\"Organization\",\"@id\":\"https:\/\/blognoticias.ecca.edu.es\/#organization\",\"name\":\"Blog Noticias Ecca\",\"url\":\"https:\/\/blognoticias.ecca.edu.es\/\",\"logo\":{\"@type\":\"ImageObject\",\"inLanguage\":\"en-GB\",\"@id\":\"https:\/\/blognoticias.ecca.edu.es\/#\/schema\/logo\/image\/\",\"url\":\"https:\/\/blognoticias.ecca.edu.es\/wp-content\/uploads\/2023\/02\/cropped-cropped-cropped-cropped-Logo-Ecca.edu_.png\",\"contentUrl\":\"https:\/\/blognoticias.ecca.edu.es\/wp-content\/uploads\/2023\/02\/cropped-cropped-cropped-cropped-Logo-Ecca.edu_.png\",\"width\":293,\"height\":45,\"caption\":\"Blog Noticias Ecca\"},\"image\":{\"@id\":\"https:\/\/blognoticias.ecca.edu.es\/#\/schema\/logo\/image\/\"},\"sameAs\":[\"https:\/\/www.facebook.com\/ecca.edu.es\",\"https:\/\/x.com\/eccaedu\",\"https:\/\/www.instagram.com\/\"]},{\"@type\":\"Person\",\"@id\":\"https:\/\/blognoticias.ecca.edu.es\/#\/schema\/person\/2f67aec1e9c175158bc25ac844a022ce\",\"name\":\"ECCA\",\"image\":{\"@type\":\"ImageObject\",\"inLanguage\":\"en-GB\",\"@id\":\"https:\/\/blognoticias.ecca.edu.es\/#\/schema\/person\/image\/\",\"url\":\"https:\/\/blognoticias.ecca.edu.es\/wp-content\/uploads\/2023\/02\/LOGO-ECCAEDU-1-150x150.png\",\"contentUrl\":\"https:\/\/blognoticias.ecca.edu.es\/wp-content\/uploads\/2023\/02\/LOGO-ECCAEDU-1-150x150.png\",\"caption\":\"ECCA\"},\"sameAs\":[\"https:\/\/blognoticias.ecca.edu.es\"],\"url\":\"https:\/\/blognoticias.ecca.edu.es\/en\/author\/admin\/\"}]}<\/script>\n<!-- \/ Yoast SEO plugin. -->","yoast_head_json":{"title":"28 mujeres residentes en Canarias reciben formaci\u00f3n especializada en emprendimiento","robots":{"index":"index","follow":"follow","max-snippet":"max-snippet:-1","max-image-preview":"max-image-preview:large","max-video-preview":"max-video-preview:-1"},"canonical":"https:\/\/blognoticias.ecca.edu.es\/en\/28-mujeres-residentes-en-canarias-reciben-formacion-especializada-en-emprendimiento\/","og_locale":"en_GB","og_type":"article","og_title":"28 mujeres residentes en Canarias reciben formaci\u00f3n especializada en emprendimiento","og_description":"Gracias a la alianza entre el Programa AFRIMAC2, proyecto que busca el intercambio empresarial, tecnol\u00f3gico, emprendedor e innovador en materias de alto impacto econ\u00f3mico entre Canarias y \u00c1frica Occidental, y&nbsp; el proyecto Smart Island, que ha puesto en marcha el primer Centro de Emprendimiento en la isla de Fuerteventura, se ha logrado materializar el apoyo [&hellip;]","og_url":"https:\/\/blognoticias.ecca.edu.es\/en\/28-mujeres-residentes-en-canarias-reciben-formacion-especializada-en-emprendimiento\/","og_site_name":"Blog Noticias Ecca","article_publisher":"https:\/\/www.facebook.com\/ecca.edu.es","article_published_time":"2021-11-25T12:27:00+00:00","og_image":[{"url":"https:\/\/lh3.googleusercontent.com\/-OzFDskwRHgo\/YZ9_JfjjS2I\/AAAAAAAAGTY\/MGYby824jLIjTXayUNEfUXmzS5RaeICFgCLcBGAsYHQ\/w368-h169\/logo-afrimac-2-NUEVO-TRANSPARENTE.png","type":"","width":"","height":""}],"author":"ECCA","twitter_card":"summary_large_image","twitter_creator":"@eccaedu","twitter_site":"@eccaedu","twitter_misc":{"Written by":"ECCA","Estimated reading time":"2 minutes"},"schema":{"@context":"https:\/\/schema.org","@graph":[{"@type":"Article","@id":"https:\/\/blognoticias.ecca.edu.es\/28-mujeres-residentes-en-canarias-reciben-formacion-especializada-en-emprendimiento\/#article","isPartOf":{"@id":"https:\/\/blognoticias.ecca.edu.es\/28-mujeres-residentes-en-canarias-reciben-formacion-especializada-en-emprendimiento\/"},"author":{"name":"ECCA","@id":"https:\/\/blognoticias.ecca.edu.es\/#\/schema\/person\/2f67aec1e9c175158bc25ac844a022ce"},"headline":"28 mujeres residentes en Canarias reciben formaci\u00f3n especializada en emprendimiento","datePublished":"2021-11-25T12:27:00+00:00","mainEntityOfPage":{"@id":"https:\/\/blognoticias.ecca.edu.es\/28-mujeres-residentes-en-canarias-reciben-formacion-especializada-en-emprendimiento\/"},"wordCount":383,"publisher":{"@id":"https:\/\/blognoticias.ecca.edu.es\/#organization"},"image":{"@id":"https:\/\/blognoticias.ecca.edu.es\/28-mujeres-residentes-en-canarias-reciben-formacion-especializada-en-emprendimiento\/#primaryimage"},"thumbnailUrl":"https:\/\/lh3.googleusercontent.com\/-OzFDskwRHgo\/YZ9_JfjjS2I\/AAAAAAAAGTY\/MGYby824jLIjTXayUNEfUXmzS5RaeICFgCLcBGAsYHQ\/w368-h169\/logo-afrimac-2-NUEVO-TRANSPARENTE.png","articleSection":["Comunicaci\u00f3n","Comunicaci\u00f3n ECCA","Relevante"],"inLanguage":"en-GB"},{"@type":"WebPage","@id":"https:\/\/blognoticias.ecca.edu.es\/28-mujeres-residentes-en-canarias-reciben-formacion-especializada-en-emprendimiento\/","url":"https:\/\/blognoticias.ecca.edu.es\/28-mujeres-residentes-en-canarias-reciben-formacion-especializada-en-emprendimiento\/","name":"28 mujeres residentes en Canarias reciben formaci\u00f3n especializada en emprendimiento","isPartOf":{"@id":"https:\/\/blognoticias.ecca.edu.es\/#website"},"primaryImageOfPage":{"@id":"https:\/\/blognoticias.ecca.edu.es\/28-mujeres-residentes-en-canarias-reciben-formacion-especializada-en-emprendimiento\/#primaryimage"},"image":{"@id":"https:\/\/blognoticias.ecca.edu.es\/28-mujeres-residentes-en-canarias-reciben-formacion-especializada-en-emprendimiento\/#primaryimage"},"thumbnailUrl":"https:\/\/lh3.googleusercontent.com\/-OzFDskwRHgo\/YZ9_JfjjS2I\/AAAAAAAAGTY\/MGYby824jLIjTXayUNEfUXmzS5RaeICFgCLcBGAsYHQ\/w368-h169\/logo-afrimac-2-NUEVO-TRANSPARENTE.png","datePublished":"2021-11-25T12:27:00+00:00","breadcrumb":{"@id":"https:\/\/blognoticias.ecca.edu.es\/28-mujeres-residentes-en-canarias-reciben-formacion-especializada-en-emprendimiento\/#breadcrumb"},"inLanguage":"en-GB","potentialAction":[{"@type":"ReadAction","target":["https:\/\/blognoticias.ecca.edu.es\/28-mujeres-residentes-en-canarias-reciben-formacion-especializada-en-emprendimiento\/"]}]},{"@type":"ImageObject","inLanguage":"en-GB","@id":"https:\/\/blognoticias.ecca.edu.es\/28-mujeres-residentes-en-canarias-reciben-formacion-especializada-en-emprendimiento\/#primaryimage","url":"https:\/\/lh3.googleusercontent.com\/-OzFDskwRHgo\/YZ9_JfjjS2I\/AAAAAAAAGTY\/MGYby824jLIjTXayUNEfUXmzS5RaeICFgCLcBGAsYHQ\/w368-h169\/logo-afrimac-2-NUEVO-TRANSPARENTE.png","contentUrl":"https:\/\/lh3.googleusercontent.com\/-OzFDskwRHgo\/YZ9_JfjjS2I\/AAAAAAAAGTY\/MGYby824jLIjTXayUNEfUXmzS5RaeICFgCLcBGAsYHQ\/w368-h169\/logo-afrimac-2-NUEVO-TRANSPARENTE.png"},{"@type":"BreadcrumbList","@id":"https:\/\/blognoticias.ecca.edu.es\/28-mujeres-residentes-en-canarias-reciben-formacion-especializada-en-emprendimiento\/#breadcrumb","itemListElement":[{"@type":"ListItem","position":1,"name":"Portada","item":"https:\/\/blognoticias.ecca.edu.es\/"},{"@type":"ListItem","position":2,"name":"28 mujeres residentes en Canarias reciben formaci\u00f3n especializada en emprendimiento"}]},{"@type":"WebSite","@id":"https:\/\/blognoticias.ecca.edu.es\/#website","url":"https:\/\/blognoticias.ecca.edu.es\/","name":"Blog Noticias Ecca","description":"","publisher":{"@id":"https:\/\/blognoticias.ecca.edu.es\/#organization"},"potentialAction":[{"@type":"SearchAction","target":{"@type":"EntryPoint","urlTemplate":"https:\/\/blognoticias.ecca.edu.es\/?s={search_term_string}"},"query-input":{"@type":"PropertyValueSpecification","valueRequired":true,"valueName":"search_term_string"}}],"inLanguage":"en-GB"},{"@type":"Organization","@id":"https:\/\/blognoticias.ecca.edu.es\/#organization","name":"Blog Noticias Ecca","url":"https:\/\/blognoticias.ecca.edu.es\/","logo":{"@type":"ImageObject","inLanguage":"en-GB","@id":"https:\/\/blognoticias.ecca.edu.es\/#\/schema\/logo\/image\/","url":"https:\/\/blognoticias.ecca.edu.es\/wp-content\/uploads\/2023\/02\/cropped-cropped-cropped-cropped-Logo-Ecca.edu_.png","contentUrl":"https:\/\/blognoticias.ecca.edu.es\/wp-content\/uploads\/2023\/02\/cropped-cropped-cropped-cropped-Logo-Ecca.edu_.png","width":293,"height":45,"caption":"Blog Noticias Ecca"},"image":{"@id":"https:\/\/blognoticias.ecca.edu.es\/#\/schema\/logo\/image\/"},"sameAs":["https:\/\/www.facebook.com\/ecca.edu.es","https:\/\/x.com\/eccaedu","https:\/\/www.instagram.com\/"]},{"@type":"Person","@id":"https:\/\/blognoticias.ecca.edu.es\/#\/schema\/person\/2f67aec1e9c175158bc25ac844a022ce","name":"ECCA","image":{"@type":"ImageObject","inLanguage":"en-GB","@id":"https:\/\/blognoticias.ecca.edu.es\/#\/schema\/person\/image\/","url":"https:\/\/blognoticias.ecca.edu.es\/wp-content\/uploads\/2023\/02\/LOGO-ECCAEDU-1-150x150.png","contentUrl":"https:\/\/blognoticias.ecca.edu.es\/wp-content\/uploads\/2023\/02\/LOGO-ECCAEDU-1-150x150.png","caption":"ECCA"},"sameAs":["https:\/\/blognoticias.ecca.edu.es"],"url":"https:\/\/blognoticias.ecca.edu.es\/en\/author\/admin\/"}]}},"_links":{"self":[{"href":"https:\/\/blognoticias.ecca.edu.es\/en\/wp-json\/wp\/v2\/posts\/3293","targetHints":{"allow":["GET"]}}],"collection":[{"href":"https:\/\/blognoticias.ecca.edu.es\/en\/wp-json\/wp\/v2\/posts"}],"about":[{"href":"https:\/\/blognoticias.ecca.edu.es\/en\/wp-json\/wp\/v2\/types\/post"}],"author":[{"embeddable":true,"href":"https:\/\/blognoticias.ecca.edu.es\/en\/wp-json\/wp\/v2\/users\/1"}],"replies":[{"embeddable":true,"href":"https:\/\/blognoticias.ecca.edu.es\/en\/wp-json\/wp\/v2\/comments?post=3293"}],"version-history":[{"count":0,"href":"https:\/\/blognoticias.ecca.edu.es\/en\/wp-json\/wp\/v2\/posts\/3293\/revisions"}],"wp:attachment":[{"href":"https:\/\/blognoticias.ecca.edu.es\/en\/wp-json\/wp\/v2\/media?parent=3293"}],"wp:term":[{"taxonomy":"category","embeddable":true,"href":"https:\/\/blognoticias.ecca.edu.es\/en\/wp-json\/wp\/v2\/categories?post=3293"},{"taxonomy":"post_tag","embeddable":true,"href":"https:\/\/blognoticias.ecca.edu.es\/en\/wp-json\/wp\/v2\/tags?post=3293"}],"curies":[{"name":"wp","href":"https:\/\/api.w.org\/{rel}","templated":true}]}}