{"id":3248,"date":"2022-02-23T12:10:00","date_gmt":"2022-02-23T12:10:00","guid":{"rendered":"https:\/\/blognoticias.ecca.edu.es\/colaboracion-con-tres-paises-europeos-para-innovar-en-la-ensenanza-de-espanol\/"},"modified":"2022-02-23T12:10:00","modified_gmt":"2022-02-23T12:10:00","slug":"colaboracion-con-tres-paises-europeos-para-innovar-en-la-ensenanza-de-espanol","status":"publish","type":"post","link":"https:\/\/blognoticias.ecca.edu.es\/en\/colaboracion-con-tres-paises-europeos-para-innovar-en-la-ensenanza-de-espanol\/","title":{"rendered":"Colaboraci\u00f3n con tres pa\u00edses europeos para innovar en la ense\u00f1anza de espa\u00f1ol"},"content":{"rendered":"<div class='booster-block booster-read-block'>\n                <div class=\"twp-read-time\">\n                \t<i class=\"booster-icon twp-clock\"><\/i> <span>Tiempo de lectura:<\/span>48 Segundos                <\/div>\n\n            <\/div><p style=\"text-align: justify;\">\n<div style=\"clear: right; float: right; margin-bottom: 1em; margin-left: 1em; text-align: center;\"><\/div>\n<div style=\"clear: right; float: right; margin-bottom: 1em; margin-left: 1em; text-align: center;\"><\/div>\n<div style=\"clear: right; float: right; margin-bottom: 1em; margin-left: 1em; text-align: center;\"><a href=\"https:\/\/blogger.googleusercontent.com\/img\/a\/AVvXsEiIDtOJPKEodVZxbvw7hYXFuqzFBtQFnDy8pbPa91MbYUXHa2JEKeCaTOrKV51gGIEGamgI1ziQf177_p6oC4GkRoXtoxArYadlgchYy_EO8tzITiDJT2KX_w2kqDofno2HH8aOwPOWhFPSHqCjlOs4c0VaeOO3vFKEAlBK2FRXHOgkvcfY-TItqabN\" style=\"margin-left: 1em; margin-right: 1em;\"><img loading=\"lazy\" decoding=\"async\" alt=\"\" data-original-height=\"752\" data-original-width=\"1085\" height=\"233\" src=\"https:\/\/blogger.googleusercontent.com\/img\/a\/AVvXsEiIDtOJPKEodVZxbvw7hYXFuqzFBtQFnDy8pbPa91MbYUXHa2JEKeCaTOrKV51gGIEGamgI1ziQf177_p6oC4GkRoXtoxArYadlgchYy_EO8tzITiDJT2KX_w2kqDofno2HH8aOwPOWhFPSHqCjlOs4c0VaeOO3vFKEAlBK2FRXHOgkvcfY-TItqabN=w336-h233\" width=\"336\" \/><\/a><\/div>\n<div style=\"text-align: justify;\">El pasado 8 de febrero, Radio ECCA acogi\u00f3 la reuni\u00f3n de coordinaci\u00f3n del proyecto Erasmus+ TOMes &#8211; Training on Move. Todas las entidades miembros del consorcio estuvieron presentes: ARSIS (Grecia), Sprakkraft (Suecia), EducAntwerpen (B\u00e9lgica), Mojo de Ca\u00f1a (Espa\u00f1a) y Radio ECCA. El objetivo del encuentro era hacer balance de las actividades realizadas en los diferentes pa\u00edses y planificar el pr\u00f3ximo intercambio con personas migrantes que tendr\u00e1 lugar el pr\u00f3ximo mes de julio en Amberes (B\u00e9lgica) y en el que se probar\u00e1n metodolog\u00edas innovadoras de ense\u00f1anza de idiomas.<\/div>\n<\/p>\n<p style=\"text-align: justify;\">Desde ECCA seguimos apostando por proyectos internacionales en los que compartir y seguir mejorando nuestro trabajo dentro del \u00e1mbito de la migraci\u00f3n. Este a\u00f1o empezaremos a colaborar en un nuevo proyecto europeo llamado UPLIFT, cuyo objetivo es promover el desarrollo de capacidades y el aprendizaje mutuo para reforzar las acciones e iniciativas de apoyo a la inserci\u00f3n sociolaboral de las personas migrantes\/refugiadas.&nbsp;<\/p>\n<p style=\"text-align: justify;\">El proyecto TOMes est\u00e1 cofinanciado por el programa europeo Erasmus+.<\/p>\n<div style=\"clear: both; text-align: center;\"><a href=\"https:\/\/blogger.googleusercontent.com\/img\/a\/AVvXsEgbO35mgeTZbX2F2u1kD-wgwej0S900E8UdbXgyHJ4EITc-saIiW8OqM6dZeuUheEx9NuMogAYvesJmyikrfxfNWkFX19CZc9sFjzNNF80ukaH4yKCau_ZZqSCMxsVZBMqcGzXpeBmwvCsWA_BTg7tr-E5HJ_jPJA0jr2keAeZhZMzW3by9jJumi1Qn\" style=\"clear: left; float: left; margin-bottom: 1em; margin-right: 1em;\"><\/a><\/p>\n<div style=\"clear: both; text-align: center;\"><a href=\"https:\/\/blogger.googleusercontent.com\/img\/a\/AVvXsEgbO35mgeTZbX2F2u1kD-wgwej0S900E8UdbXgyHJ4EITc-saIiW8OqM6dZeuUheEx9NuMogAYvesJmyikrfxfNWkFX19CZc9sFjzNNF80ukaH4yKCau_ZZqSCMxsVZBMqcGzXpeBmwvCsWA_BTg7tr-E5HJ_jPJA0jr2keAeZhZMzW3by9jJumi1Qn\" style=\"clear: left; float: left; margin-bottom: 1em; margin-right: 1em;\"><\/a><a href=\"https:\/\/blogger.googleusercontent.com\/img\/a\/AVvXsEgC8xp9Xb_4bUFn3ge6Zo9lDuK5lYfVD43rC6TFrH-pDBRE6D4_a1IhFSGD4RTtvt6PtsTvaX7-RqzkPb0nw0CbPcKWxguvywsjb_6TYekqFCqXb7hAXuwp2VZRu3dvgSRKe4rVfX2NctFVqQXsITJnZezYffyR2wFw56F2dcA9Df3L1j9Gnwiuugjb\" style=\"margin-left: 1em; margin-right: 1em;\"><img loading=\"lazy\" decoding=\"async\" alt=\"\" data-original-height=\"665\" data-original-width=\"1183\" height=\"253\" src=\"https:\/\/blogger.googleusercontent.com\/img\/a\/AVvXsEgC8xp9Xb_4bUFn3ge6Zo9lDuK5lYfVD43rC6TFrH-pDBRE6D4_a1IhFSGD4RTtvt6PtsTvaX7-RqzkPb0nw0CbPcKWxguvywsjb_6TYekqFCqXb7hAXuwp2VZRu3dvgSRKe4rVfX2NctFVqQXsITJnZezYffyR2wFw56F2dcA9Df3L1j9Gnwiuugjb=w450-h253\" width=\"450\" \/><\/a><\/div>\n<\/div>","protected":false},"excerpt":{"rendered":"<p>El pasado 8 de febrero, Radio ECCA acogi\u00f3 la reuni\u00f3n de coordinaci\u00f3n del proyecto Erasmus+ TOMes &#8211; Training on Move. Todas las entidades miembros del consorcio estuvieron presentes: ARSIS (Grecia), Sprakkraft (Suecia), EducAntwerpen (B\u00e9lgica), Mojo de Ca\u00f1a (Espa\u00f1a) y Radio ECCA. El objetivo del encuentro era hacer balance de las actividades realizadas en los diferentes [&hellip;]<\/p>","protected":false},"author":1,"featured_media":0,"comment_status":"","ping_status":"","sticky":false,"template":"","format":"standard","meta":{"footnotes":""},"categories":[103,106],"tags":[],"class_list":["post-3248","post","type-post","status-publish","format-standard","hentry","category-comunicacion-ecca","category-relevante"],"yoast_head":"<!-- This site is optimized with the Yoast SEO plugin v25.9 - https:\/\/yoast.com\/wordpress\/plugins\/seo\/ -->\n<title>Colaboraci\u00f3n con tres pa\u00edses europeos para innovar en la ense\u00f1anza de espa\u00f1ol<\/title>\n<meta name=\"robots\" content=\"index, follow, max-snippet:-1, max-image-preview:large, max-video-preview:-1\" \/>\n<link rel=\"canonical\" href=\"https:\/\/blognoticias.ecca.edu.es\/en\/colaboracion-con-tres-paises-europeos-para-innovar-en-la-ensenanza-de-espanol\/\" \/>\n<meta property=\"og:locale\" content=\"en_GB\" \/>\n<meta property=\"og:type\" content=\"article\" \/>\n<meta property=\"og:title\" content=\"Colaboraci\u00f3n con tres pa\u00edses europeos para innovar en la ense\u00f1anza de espa\u00f1ol\" \/>\n<meta property=\"og:description\" content=\"El pasado 8 de febrero, Radio ECCA acogi\u00f3 la reuni\u00f3n de coordinaci\u00f3n del proyecto Erasmus+ TOMes &#8211; Training on Move. Todas las entidades miembros del consorcio estuvieron presentes: ARSIS (Grecia), Sprakkraft (Suecia), EducAntwerpen (B\u00e9lgica), Mojo de Ca\u00f1a (Espa\u00f1a) y Radio ECCA. El objetivo del encuentro era hacer balance de las actividades realizadas en los diferentes [&hellip;]\" \/>\n<meta property=\"og:url\" content=\"https:\/\/blognoticias.ecca.edu.es\/en\/colaboracion-con-tres-paises-europeos-para-innovar-en-la-ensenanza-de-espanol\/\" \/>\n<meta property=\"og:site_name\" content=\"Blog Noticias Ecca\" \/>\n<meta property=\"article:publisher\" content=\"https:\/\/www.facebook.com\/ecca.edu.es\" \/>\n<meta property=\"article:published_time\" content=\"2022-02-23T12:10:00+00:00\" \/>\n<meta property=\"og:image\" content=\"https:\/\/blogger.googleusercontent.com\/img\/a\/AVvXsEiIDtOJPKEodVZxbvw7hYXFuqzFBtQFnDy8pbPa91MbYUXHa2JEKeCaTOrKV51gGIEGamgI1ziQf177_p6oC4GkRoXtoxArYadlgchYy_EO8tzITiDJT2KX_w2kqDofno2HH8aOwPOWhFPSHqCjlOs4c0VaeOO3vFKEAlBK2FRXHOgkvcfY-TItqabN=w336-h233\" \/>\n<meta name=\"author\" content=\"ECCA\" \/>\n<meta name=\"twitter:card\" content=\"summary_large_image\" \/>\n<meta name=\"twitter:creator\" content=\"@eccaedu\" \/>\n<meta name=\"twitter:site\" content=\"@eccaedu\" \/>\n<meta name=\"twitter:label1\" content=\"Written by\" \/>\n\t<meta name=\"twitter:data1\" content=\"ECCA\" \/>\n\t<meta name=\"twitter:label2\" content=\"Estimated reading time\" \/>\n\t<meta name=\"twitter:data2\" content=\"1 minute\" \/>\n<script type=\"application\/ld+json\" class=\"yoast-schema-graph\">{\"@context\":\"https:\/\/schema.org\",\"@graph\":[{\"@type\":\"Article\",\"@id\":\"https:\/\/blognoticias.ecca.edu.es\/colaboracion-con-tres-paises-europeos-para-innovar-en-la-ensenanza-de-espanol\/#article\",\"isPartOf\":{\"@id\":\"https:\/\/blognoticias.ecca.edu.es\/colaboracion-con-tres-paises-europeos-para-innovar-en-la-ensenanza-de-espanol\/\"},\"author\":{\"name\":\"ECCA\",\"@id\":\"https:\/\/blognoticias.ecca.edu.es\/#\/schema\/person\/2f67aec1e9c175158bc25ac844a022ce\"},\"headline\":\"Colaboraci\u00f3n con tres pa\u00edses europeos para innovar en la ense\u00f1anza de espa\u00f1ol\",\"datePublished\":\"2022-02-23T12:10:00+00:00\",\"mainEntityOfPage\":{\"@id\":\"https:\/\/blognoticias.ecca.edu.es\/colaboracion-con-tres-paises-europeos-para-innovar-en-la-ensenanza-de-espanol\/\"},\"wordCount\":191,\"publisher\":{\"@id\":\"https:\/\/blognoticias.ecca.edu.es\/#organization\"},\"image\":{\"@id\":\"https:\/\/blognoticias.ecca.edu.es\/colaboracion-con-tres-paises-europeos-para-innovar-en-la-ensenanza-de-espanol\/#primaryimage\"},\"thumbnailUrl\":\"https:\/\/blogger.googleusercontent.com\/img\/a\/AVvXsEiIDtOJPKEodVZxbvw7hYXFuqzFBtQFnDy8pbPa91MbYUXHa2JEKeCaTOrKV51gGIEGamgI1ziQf177_p6oC4GkRoXtoxArYadlgchYy_EO8tzITiDJT2KX_w2kqDofno2HH8aOwPOWhFPSHqCjlOs4c0VaeOO3vFKEAlBK2FRXHOgkvcfY-TItqabN=w336-h233\",\"articleSection\":[\"Comunicaci\u00f3n ECCA\",\"Relevante\"],\"inLanguage\":\"en-GB\"},{\"@type\":\"WebPage\",\"@id\":\"https:\/\/blognoticias.ecca.edu.es\/colaboracion-con-tres-paises-europeos-para-innovar-en-la-ensenanza-de-espanol\/\",\"url\":\"https:\/\/blognoticias.ecca.edu.es\/colaboracion-con-tres-paises-europeos-para-innovar-en-la-ensenanza-de-espanol\/\",\"name\":\"Colaboraci\u00f3n con tres pa\u00edses europeos para innovar en la ense\u00f1anza de espa\u00f1ol\",\"isPartOf\":{\"@id\":\"https:\/\/blognoticias.ecca.edu.es\/#website\"},\"primaryImageOfPage\":{\"@id\":\"https:\/\/blognoticias.ecca.edu.es\/colaboracion-con-tres-paises-europeos-para-innovar-en-la-ensenanza-de-espanol\/#primaryimage\"},\"image\":{\"@id\":\"https:\/\/blognoticias.ecca.edu.es\/colaboracion-con-tres-paises-europeos-para-innovar-en-la-ensenanza-de-espanol\/#primaryimage\"},\"thumbnailUrl\":\"https:\/\/blogger.googleusercontent.com\/img\/a\/AVvXsEiIDtOJPKEodVZxbvw7hYXFuqzFBtQFnDy8pbPa91MbYUXHa2JEKeCaTOrKV51gGIEGamgI1ziQf177_p6oC4GkRoXtoxArYadlgchYy_EO8tzITiDJT2KX_w2kqDofno2HH8aOwPOWhFPSHqCjlOs4c0VaeOO3vFKEAlBK2FRXHOgkvcfY-TItqabN=w336-h233\",\"datePublished\":\"2022-02-23T12:10:00+00:00\",\"breadcrumb\":{\"@id\":\"https:\/\/blognoticias.ecca.edu.es\/colaboracion-con-tres-paises-europeos-para-innovar-en-la-ensenanza-de-espanol\/#breadcrumb\"},\"inLanguage\":\"en-GB\",\"potentialAction\":[{\"@type\":\"ReadAction\",\"target\":[\"https:\/\/blognoticias.ecca.edu.es\/colaboracion-con-tres-paises-europeos-para-innovar-en-la-ensenanza-de-espanol\/\"]}]},{\"@type\":\"ImageObject\",\"inLanguage\":\"en-GB\",\"@id\":\"https:\/\/blognoticias.ecca.edu.es\/colaboracion-con-tres-paises-europeos-para-innovar-en-la-ensenanza-de-espanol\/#primaryimage\",\"url\":\"https:\/\/blogger.googleusercontent.com\/img\/a\/AVvXsEiIDtOJPKEodVZxbvw7hYXFuqzFBtQFnDy8pbPa91MbYUXHa2JEKeCaTOrKV51gGIEGamgI1ziQf177_p6oC4GkRoXtoxArYadlgchYy_EO8tzITiDJT2KX_w2kqDofno2HH8aOwPOWhFPSHqCjlOs4c0VaeOO3vFKEAlBK2FRXHOgkvcfY-TItqabN=w336-h233\",\"contentUrl\":\"https:\/\/blogger.googleusercontent.com\/img\/a\/AVvXsEiIDtOJPKEodVZxbvw7hYXFuqzFBtQFnDy8pbPa91MbYUXHa2JEKeCaTOrKV51gGIEGamgI1ziQf177_p6oC4GkRoXtoxArYadlgchYy_EO8tzITiDJT2KX_w2kqDofno2HH8aOwPOWhFPSHqCjlOs4c0VaeOO3vFKEAlBK2FRXHOgkvcfY-TItqabN=w336-h233\"},{\"@type\":\"BreadcrumbList\",\"@id\":\"https:\/\/blognoticias.ecca.edu.es\/colaboracion-con-tres-paises-europeos-para-innovar-en-la-ensenanza-de-espanol\/#breadcrumb\",\"itemListElement\":[{\"@type\":\"ListItem\",\"position\":1,\"name\":\"Portada\",\"item\":\"https:\/\/blognoticias.ecca.edu.es\/\"},{\"@type\":\"ListItem\",\"position\":2,\"name\":\"Colaboraci\u00f3n con tres pa\u00edses europeos para innovar en la ense\u00f1anza de espa\u00f1ol\"}]},{\"@type\":\"WebSite\",\"@id\":\"https:\/\/blognoticias.ecca.edu.es\/#website\",\"url\":\"https:\/\/blognoticias.ecca.edu.es\/\",\"name\":\"Blog Noticias Ecca\",\"description\":\"\",\"publisher\":{\"@id\":\"https:\/\/blognoticias.ecca.edu.es\/#organization\"},\"potentialAction\":[{\"@type\":\"SearchAction\",\"target\":{\"@type\":\"EntryPoint\",\"urlTemplate\":\"https:\/\/blognoticias.ecca.edu.es\/?s={search_term_string}\"},\"query-input\":{\"@type\":\"PropertyValueSpecification\",\"valueRequired\":true,\"valueName\":\"search_term_string\"}}],\"inLanguage\":\"en-GB\"},{\"@type\":\"Organization\",\"@id\":\"https:\/\/blognoticias.ecca.edu.es\/#organization\",\"name\":\"Blog Noticias Ecca\",\"url\":\"https:\/\/blognoticias.ecca.edu.es\/\",\"logo\":{\"@type\":\"ImageObject\",\"inLanguage\":\"en-GB\",\"@id\":\"https:\/\/blognoticias.ecca.edu.es\/#\/schema\/logo\/image\/\",\"url\":\"https:\/\/blognoticias.ecca.edu.es\/wp-content\/uploads\/2023\/02\/cropped-cropped-cropped-cropped-Logo-Ecca.edu_.png\",\"contentUrl\":\"https:\/\/blognoticias.ecca.edu.es\/wp-content\/uploads\/2023\/02\/cropped-cropped-cropped-cropped-Logo-Ecca.edu_.png\",\"width\":293,\"height\":45,\"caption\":\"Blog Noticias Ecca\"},\"image\":{\"@id\":\"https:\/\/blognoticias.ecca.edu.es\/#\/schema\/logo\/image\/\"},\"sameAs\":[\"https:\/\/www.facebook.com\/ecca.edu.es\",\"https:\/\/x.com\/eccaedu\",\"https:\/\/www.instagram.com\/\"]},{\"@type\":\"Person\",\"@id\":\"https:\/\/blognoticias.ecca.edu.es\/#\/schema\/person\/2f67aec1e9c175158bc25ac844a022ce\",\"name\":\"ECCA\",\"image\":{\"@type\":\"ImageObject\",\"inLanguage\":\"en-GB\",\"@id\":\"https:\/\/blognoticias.ecca.edu.es\/#\/schema\/person\/image\/\",\"url\":\"https:\/\/blognoticias.ecca.edu.es\/wp-content\/uploads\/2023\/02\/LOGO-ECCAEDU-1-150x150.png\",\"contentUrl\":\"https:\/\/blognoticias.ecca.edu.es\/wp-content\/uploads\/2023\/02\/LOGO-ECCAEDU-1-150x150.png\",\"caption\":\"ECCA\"},\"sameAs\":[\"https:\/\/blognoticias.ecca.edu.es\"],\"url\":\"https:\/\/blognoticias.ecca.edu.es\/en\/author\/admin\/\"}]}<\/script>\n<!-- \/ Yoast SEO plugin. -->","yoast_head_json":{"title":"Colaboraci\u00f3n con tres pa\u00edses europeos para innovar en la ense\u00f1anza de espa\u00f1ol","robots":{"index":"index","follow":"follow","max-snippet":"max-snippet:-1","max-image-preview":"max-image-preview:large","max-video-preview":"max-video-preview:-1"},"canonical":"https:\/\/blognoticias.ecca.edu.es\/en\/colaboracion-con-tres-paises-europeos-para-innovar-en-la-ensenanza-de-espanol\/","og_locale":"en_GB","og_type":"article","og_title":"Colaboraci\u00f3n con tres pa\u00edses europeos para innovar en la ense\u00f1anza de espa\u00f1ol","og_description":"El pasado 8 de febrero, Radio ECCA acogi\u00f3 la reuni\u00f3n de coordinaci\u00f3n del proyecto Erasmus+ TOMes &#8211; Training on Move. Todas las entidades miembros del consorcio estuvieron presentes: ARSIS (Grecia), Sprakkraft (Suecia), EducAntwerpen (B\u00e9lgica), Mojo de Ca\u00f1a (Espa\u00f1a) y Radio ECCA. El objetivo del encuentro era hacer balance de las actividades realizadas en los diferentes [&hellip;]","og_url":"https:\/\/blognoticias.ecca.edu.es\/en\/colaboracion-con-tres-paises-europeos-para-innovar-en-la-ensenanza-de-espanol\/","og_site_name":"Blog Noticias Ecca","article_publisher":"https:\/\/www.facebook.com\/ecca.edu.es","article_published_time":"2022-02-23T12:10:00+00:00","og_image":[{"url":"https:\/\/blogger.googleusercontent.com\/img\/a\/AVvXsEiIDtOJPKEodVZxbvw7hYXFuqzFBtQFnDy8pbPa91MbYUXHa2JEKeCaTOrKV51gGIEGamgI1ziQf177_p6oC4GkRoXtoxArYadlgchYy_EO8tzITiDJT2KX_w2kqDofno2HH8aOwPOWhFPSHqCjlOs4c0VaeOO3vFKEAlBK2FRXHOgkvcfY-TItqabN=w336-h233","type":"","width":"","height":""}],"author":"ECCA","twitter_card":"summary_large_image","twitter_creator":"@eccaedu","twitter_site":"@eccaedu","twitter_misc":{"Written by":"ECCA","Estimated reading time":"1 minute"},"schema":{"@context":"https:\/\/schema.org","@graph":[{"@type":"Article","@id":"https:\/\/blognoticias.ecca.edu.es\/colaboracion-con-tres-paises-europeos-para-innovar-en-la-ensenanza-de-espanol\/#article","isPartOf":{"@id":"https:\/\/blognoticias.ecca.edu.es\/colaboracion-con-tres-paises-europeos-para-innovar-en-la-ensenanza-de-espanol\/"},"author":{"name":"ECCA","@id":"https:\/\/blognoticias.ecca.edu.es\/#\/schema\/person\/2f67aec1e9c175158bc25ac844a022ce"},"headline":"Colaboraci\u00f3n con tres pa\u00edses europeos para innovar en la ense\u00f1anza de espa\u00f1ol","datePublished":"2022-02-23T12:10:00+00:00","mainEntityOfPage":{"@id":"https:\/\/blognoticias.ecca.edu.es\/colaboracion-con-tres-paises-europeos-para-innovar-en-la-ensenanza-de-espanol\/"},"wordCount":191,"publisher":{"@id":"https:\/\/blognoticias.ecca.edu.es\/#organization"},"image":{"@id":"https:\/\/blognoticias.ecca.edu.es\/colaboracion-con-tres-paises-europeos-para-innovar-en-la-ensenanza-de-espanol\/#primaryimage"},"thumbnailUrl":"https:\/\/blogger.googleusercontent.com\/img\/a\/AVvXsEiIDtOJPKEodVZxbvw7hYXFuqzFBtQFnDy8pbPa91MbYUXHa2JEKeCaTOrKV51gGIEGamgI1ziQf177_p6oC4GkRoXtoxArYadlgchYy_EO8tzITiDJT2KX_w2kqDofno2HH8aOwPOWhFPSHqCjlOs4c0VaeOO3vFKEAlBK2FRXHOgkvcfY-TItqabN=w336-h233","articleSection":["Comunicaci\u00f3n ECCA","Relevante"],"inLanguage":"en-GB"},{"@type":"WebPage","@id":"https:\/\/blognoticias.ecca.edu.es\/colaboracion-con-tres-paises-europeos-para-innovar-en-la-ensenanza-de-espanol\/","url":"https:\/\/blognoticias.ecca.edu.es\/colaboracion-con-tres-paises-europeos-para-innovar-en-la-ensenanza-de-espanol\/","name":"Colaboraci\u00f3n con tres pa\u00edses europeos para innovar en la ense\u00f1anza de espa\u00f1ol","isPartOf":{"@id":"https:\/\/blognoticias.ecca.edu.es\/#website"},"primaryImageOfPage":{"@id":"https:\/\/blognoticias.ecca.edu.es\/colaboracion-con-tres-paises-europeos-para-innovar-en-la-ensenanza-de-espanol\/#primaryimage"},"image":{"@id":"https:\/\/blognoticias.ecca.edu.es\/colaboracion-con-tres-paises-europeos-para-innovar-en-la-ensenanza-de-espanol\/#primaryimage"},"thumbnailUrl":"https:\/\/blogger.googleusercontent.com\/img\/a\/AVvXsEiIDtOJPKEodVZxbvw7hYXFuqzFBtQFnDy8pbPa91MbYUXHa2JEKeCaTOrKV51gGIEGamgI1ziQf177_p6oC4GkRoXtoxArYadlgchYy_EO8tzITiDJT2KX_w2kqDofno2HH8aOwPOWhFPSHqCjlOs4c0VaeOO3vFKEAlBK2FRXHOgkvcfY-TItqabN=w336-h233","datePublished":"2022-02-23T12:10:00+00:00","breadcrumb":{"@id":"https:\/\/blognoticias.ecca.edu.es\/colaboracion-con-tres-paises-europeos-para-innovar-en-la-ensenanza-de-espanol\/#breadcrumb"},"inLanguage":"en-GB","potentialAction":[{"@type":"ReadAction","target":["https:\/\/blognoticias.ecca.edu.es\/colaboracion-con-tres-paises-europeos-para-innovar-en-la-ensenanza-de-espanol\/"]}]},{"@type":"ImageObject","inLanguage":"en-GB","@id":"https:\/\/blognoticias.ecca.edu.es\/colaboracion-con-tres-paises-europeos-para-innovar-en-la-ensenanza-de-espanol\/#primaryimage","url":"https:\/\/blogger.googleusercontent.com\/img\/a\/AVvXsEiIDtOJPKEodVZxbvw7hYXFuqzFBtQFnDy8pbPa91MbYUXHa2JEKeCaTOrKV51gGIEGamgI1ziQf177_p6oC4GkRoXtoxArYadlgchYy_EO8tzITiDJT2KX_w2kqDofno2HH8aOwPOWhFPSHqCjlOs4c0VaeOO3vFKEAlBK2FRXHOgkvcfY-TItqabN=w336-h233","contentUrl":"https:\/\/blogger.googleusercontent.com\/img\/a\/AVvXsEiIDtOJPKEodVZxbvw7hYXFuqzFBtQFnDy8pbPa91MbYUXHa2JEKeCaTOrKV51gGIEGamgI1ziQf177_p6oC4GkRoXtoxArYadlgchYy_EO8tzITiDJT2KX_w2kqDofno2HH8aOwPOWhFPSHqCjlOs4c0VaeOO3vFKEAlBK2FRXHOgkvcfY-TItqabN=w336-h233"},{"@type":"BreadcrumbList","@id":"https:\/\/blognoticias.ecca.edu.es\/colaboracion-con-tres-paises-europeos-para-innovar-en-la-ensenanza-de-espanol\/#breadcrumb","itemListElement":[{"@type":"ListItem","position":1,"name":"Portada","item":"https:\/\/blognoticias.ecca.edu.es\/"},{"@type":"ListItem","position":2,"name":"Colaboraci\u00f3n con tres pa\u00edses europeos para innovar en la ense\u00f1anza de espa\u00f1ol"}]},{"@type":"WebSite","@id":"https:\/\/blognoticias.ecca.edu.es\/#website","url":"https:\/\/blognoticias.ecca.edu.es\/","name":"Blog Noticias Ecca","description":"","publisher":{"@id":"https:\/\/blognoticias.ecca.edu.es\/#organization"},"potentialAction":[{"@type":"SearchAction","target":{"@type":"EntryPoint","urlTemplate":"https:\/\/blognoticias.ecca.edu.es\/?s={search_term_string}"},"query-input":{"@type":"PropertyValueSpecification","valueRequired":true,"valueName":"search_term_string"}}],"inLanguage":"en-GB"},{"@type":"Organization","@id":"https:\/\/blognoticias.ecca.edu.es\/#organization","name":"Blog Noticias Ecca","url":"https:\/\/blognoticias.ecca.edu.es\/","logo":{"@type":"ImageObject","inLanguage":"en-GB","@id":"https:\/\/blognoticias.ecca.edu.es\/#\/schema\/logo\/image\/","url":"https:\/\/blognoticias.ecca.edu.es\/wp-content\/uploads\/2023\/02\/cropped-cropped-cropped-cropped-Logo-Ecca.edu_.png","contentUrl":"https:\/\/blognoticias.ecca.edu.es\/wp-content\/uploads\/2023\/02\/cropped-cropped-cropped-cropped-Logo-Ecca.edu_.png","width":293,"height":45,"caption":"Blog Noticias Ecca"},"image":{"@id":"https:\/\/blognoticias.ecca.edu.es\/#\/schema\/logo\/image\/"},"sameAs":["https:\/\/www.facebook.com\/ecca.edu.es","https:\/\/x.com\/eccaedu","https:\/\/www.instagram.com\/"]},{"@type":"Person","@id":"https:\/\/blognoticias.ecca.edu.es\/#\/schema\/person\/2f67aec1e9c175158bc25ac844a022ce","name":"ECCA","image":{"@type":"ImageObject","inLanguage":"en-GB","@id":"https:\/\/blognoticias.ecca.edu.es\/#\/schema\/person\/image\/","url":"https:\/\/blognoticias.ecca.edu.es\/wp-content\/uploads\/2023\/02\/LOGO-ECCAEDU-1-150x150.png","contentUrl":"https:\/\/blognoticias.ecca.edu.es\/wp-content\/uploads\/2023\/02\/LOGO-ECCAEDU-1-150x150.png","caption":"ECCA"},"sameAs":["https:\/\/blognoticias.ecca.edu.es"],"url":"https:\/\/blognoticias.ecca.edu.es\/en\/author\/admin\/"}]}},"_links":{"self":[{"href":"https:\/\/blognoticias.ecca.edu.es\/en\/wp-json\/wp\/v2\/posts\/3248","targetHints":{"allow":["GET"]}}],"collection":[{"href":"https:\/\/blognoticias.ecca.edu.es\/en\/wp-json\/wp\/v2\/posts"}],"about":[{"href":"https:\/\/blognoticias.ecca.edu.es\/en\/wp-json\/wp\/v2\/types\/post"}],"author":[{"embeddable":true,"href":"https:\/\/blognoticias.ecca.edu.es\/en\/wp-json\/wp\/v2\/users\/1"}],"replies":[{"embeddable":true,"href":"https:\/\/blognoticias.ecca.edu.es\/en\/wp-json\/wp\/v2\/comments?post=3248"}],"version-history":[{"count":0,"href":"https:\/\/blognoticias.ecca.edu.es\/en\/wp-json\/wp\/v2\/posts\/3248\/revisions"}],"wp:attachment":[{"href":"https:\/\/blognoticias.ecca.edu.es\/en\/wp-json\/wp\/v2\/media?parent=3248"}],"wp:term":[{"taxonomy":"category","embeddable":true,"href":"https:\/\/blognoticias.ecca.edu.es\/en\/wp-json\/wp\/v2\/categories?post=3248"},{"taxonomy":"post_tag","embeddable":true,"href":"https:\/\/blognoticias.ecca.edu.es\/en\/wp-json\/wp\/v2\/tags?post=3248"}],"curies":[{"name":"wp","href":"https:\/\/api.w.org\/{rel}","templated":true}]}}