{"id":3197,"date":"2022-07-11T11:46:00","date_gmt":"2022-07-11T11:46:00","guid":{"rendered":"https:\/\/blognoticias.ecca.edu.es\/aumenta-un-35-el-alumnado-que-obtiene-el-graduado-en-educacion-secundaria-con-radio-ecca\/"},"modified":"2022-07-11T11:46:00","modified_gmt":"2022-07-11T11:46:00","slug":"aumenta-un-35-el-alumnado-que-obtiene-el-graduado-en-educacion-secundaria-con-radio-ecca","status":"publish","type":"post","link":"https:\/\/blognoticias.ecca.edu.es\/en\/aumenta-un-35-el-alumnado-que-obtiene-el-graduado-en-educacion-secundaria-con-radio-ecca\/","title":{"rendered":"Aumenta un 35 % el alumnado que obtiene el Graduado en Educaci\u00f3n Secundaria con Radio ECCA"},"content":{"rendered":"<div class='booster-block booster-read-block'>\n                <div class=\"twp-read-time\">\n                \t<i class=\"booster-icon twp-clock\"><\/i> <span>Tiempo de lectura:<\/span>2 Minutos, 28 Segundos                <\/div>\n\n            <\/div><p><b style=\"text-align: justify;\"><span face=\"&quot;Arial&quot;,sans-serif\" style=\"font-size: 12pt; mso-fareast-font-family: Arial;\">El Graduado en<br \/>\nEducaci\u00f3n Secundaria es la titulaci\u00f3n m\u00ednima requerida para acceder al mercado<br \/>\nlaboral.<\/span><\/b><\/p>\n<p style=\"line-height: normal; margin-bottom: 0cm; text-align: left;\"><b style=\"text-align: justify;\"><span face=\"Arial, sans-serif\">Las Palmas de Gran Canaria, 7 de<br \/>\njulio de 2022.<\/span><\/b><span face=\"Arial, sans-serif\" style=\"text-align: justify;\"> Radio ECCA cerr\u00f3 el curso 2021-2022<br \/>\ncon 554 personas tituladas en Graduado en Educaci\u00f3n Secundaria, Canarias y la<br \/>\nPen\u00ednsula. Son 193 alumnos y alumnas m\u00e1s que el curso anterior, lo que<br \/>\nrepresenta un incremento del 35%. Cifra que puede aumentar ligeramente con la<br \/>\nconvocatoria de septiembre.<\/span><\/p>\n<p style=\"line-height: normal; margin-bottom: 0cm; text-align: justify;\"><span face=\"Arial, sans-serif\">La importancia del Graduado en Educaci\u00f3n Secundaria es cada vez mayor,<br \/>\npuesto que se trata de la titulaci\u00f3n m\u00ednima exigida para acceder al mercado<br \/>\nlaboral. \u201cLas personas que no disponen de esta titulaci\u00f3n, lo tienen m\u00e1s<br \/>\ncomplicado para encontrar un empleo, por lo que pueden convertirse en<br \/>\ndesempleados de larga duraci\u00f3n. Y esto, en muchas ocasiones, conduce a la exclusi\u00f3n<br \/>\nsocial\u201d, explica Jos\u00e9 Mar\u00eda Segura, director de Radio ECCA.<\/span><\/p>\n<p style=\"line-height: normal; margin-bottom: 0cm; text-align: justify;\"><span face=\"Arial, sans-serif\">Los datos del Observatorio Canario de Empleo (OBECAN) corroboran esta<br \/>\nafirmaci\u00f3n porque de las 190.244 personas en paro, 97.854 no tienen el t\u00edtulo<br \/>\nde Secundaria, lo que representa el 51,56% del total de las personas<br \/>\ndesempleadas. El desempleo tiene, adem\u00e1s, rostro de mujer, con el 57,4% del<br \/>\ntotal, frente al 42,6% de hombres y afecta, especialmente, a las personas<br \/>\nmayores de 45 a\u00f1os (el 59,75%).<\/span><\/p>\n<p style=\"line-height: normal; margin-bottom: 0cm; text-align: justify;\"><span face=\"Arial, sans-serif\">El paro se reduce en 14,5 puntos entre las personas que tienen el t\u00edtulo<br \/>\nde Graduado en Educaci\u00f3n Secundaria, hasta situarse en el 37,04%. El descenso m\u00e1s<br \/>\nsignificativo se produce entre las personas con formaci\u00f3n profesional y<br \/>\nestudios universitarios, que representan el 5,76 y el 5,63% respectivamente,<br \/>\ndel total de los desempleados.<\/span><\/p>\n<p style=\"line-height: normal; margin-bottom: 0cm; text-align: justify;\"><span face=\"Arial, sans-serif\">\u201cLa realidad es tozuda. Los datos demuestran que cuanta m\u00e1s formaci\u00f3n,<br \/>\nmenos desempleo. Por eso es tan importante el t\u00edtulo de Graduado en Educaci\u00f3n<br \/>\nSecundaria, porque es el primer paso para acceder a un empleo digno\u201d se\u00f1ala el<br \/>\ndirector de Radio ECCA.<\/span><span face=\"Arial, sans-serif\">&nbsp;<\/span><\/p>\n<p style=\"line-height: normal; margin-bottom: 0cm; text-align: justify;\"><b><span face=\"&quot;Arial&quot;,sans-serif\" style=\"mso-fareast-font-family: Arial;\"><br \/><\/span><\/b><\/p>\n<p style=\"line-height: normal; margin-bottom: 0cm; text-align: justify;\"><b><span face=\"&quot;Arial&quot;,sans-serif\" style=\"mso-fareast-font-family: Arial;\">Formaci\u00f3n personalizada y digital<\/span><\/b><\/p>\n<p style=\"line-height: normal; margin-bottom: 0cm; text-align: justify;\"><span face=\"Arial, sans-serif\">La pandemia de la COVID19 supuso un reto<br \/>\nenorme para Radio ECCA, porque para seguir dando respuesta a su alumnado, tuvo<br \/>\nque pasar toda su oferta a la modalidad digital. Pero este salto tambi\u00e9n ha<br \/>\npermitido llegar a m\u00e1s personas. \u201cNuestro sistema es flexible, y dise\u00f1amos<br \/>\nitinerarios de formaci\u00f3n a medida. El alumnado decide cu\u00e1ndo estudia y el ritmo<br \/>\nal que quiere hacerlo. Es un sistema digital, accesible y con una tutor\u00eda muy<br \/>\ncercana para acompa\u00f1ar en el aprendizaje\u201d destaca Jos\u00e9 Mar\u00eda Segura.<\/span><\/p>\n<p style=\"line-height: normal; margin-bottom: 0cm; text-align: justify;\"><span face=\"Arial, sans-serif\" style=\"font-size: 11pt; text-align: left;\">Es el caso de Lourdes Da<br \/>\nSilva, que acaba de terminar el Graduado en Educaci\u00f3n Secundaria con Radio<br \/>\nECCA. Lleg\u00f3 a Tenerife hace unos a\u00f1os, procedente de Venezuela, y comenz\u00f3 a<br \/>\nestudiar en marzo de 2019. \u201cSi me llegan a decir que iba a estudiar m\u00e1s aqu\u00ed<br \/>\nque en mi pa\u00eds, no lo hubiese cre\u00eddo, pero este sistema es muy c\u00f3modo porque me<br \/>\npermite estudiar a mi ritmo\u201d. Lourdes ya est\u00e1 buscando trabajo como comercial,<br \/>\npero seguir\u00e1 estudiando porque su siguiente reto es el Bachillerato \u201ctambi\u00e9n<br \/>\ncon Radio ECCA, porque podr\u00e9 compaginar trabajo y estudios\u201d concluye.&nbsp;<\/span><\/p>\n<\/p>\n<div style=\"clear: both; text-align: center;\"><a href=\"https:\/\/blogger.googleusercontent.com\/img\/b\/R29vZ2xl\/AVvXsEiaxcpVMxZSk6BOYQ98xiAvJZ9JJixvYCR77TBqfojUH807nAWo8ndC_pQa9OOvyQ0pzFaXA_qL2sZG97pORJvn4zg-QF8HxR0AZtz1rG1bSosLkyQ45e5cyj28vikBhvP7_iL_Yo9TSO5SXNU3Em6agXgeQkI_A_gwJp1FVIrvSqaoc5HQaVAdPhNLlw\/s4956\/20220708%20-%20Alumnado%20de%20Radio%20ECCA.jpg\" style=\"margin-left: 1em; margin-right: 1em;\"><img loading=\"lazy\" decoding=\"async\" border=\"0\" data-original-height=\"3412\" data-original-width=\"4956\" height=\"275\" src=\"https:\/\/blogger.googleusercontent.com\/img\/b\/R29vZ2xl\/AVvXsEiaxcpVMxZSk6BOYQ98xiAvJZ9JJixvYCR77TBqfojUH807nAWo8ndC_pQa9OOvyQ0pzFaXA_qL2sZG97pORJvn4zg-QF8HxR0AZtz1rG1bSosLkyQ45e5cyj28vikBhvP7_iL_Yo9TSO5SXNU3Em6agXgeQkI_A_gwJp1FVIrvSqaoc5HQaVAdPhNLlw\/w400-h275\/20220708%20-%20Alumnado%20de%20Radio%20ECCA.jpg\" width=\"400\" \/><\/a><\/div>\n<p><\/p>","protected":false},"excerpt":{"rendered":"<p>El Graduado en Educaci\u00f3n Secundaria es la titulaci\u00f3n m\u00ednima requerida para acceder al mercado laboral. Las Palmas de Gran Canaria, 7 de julio de 2022. Radio ECCA cerr\u00f3 el curso 2021-2022 con 554 personas tituladas en Graduado en Educaci\u00f3n Secundaria, Canarias y la Pen\u00ednsula. Son 193 alumnos y alumnas m\u00e1s que el curso anterior, lo [&hellip;]<\/p>","protected":false},"author":1,"featured_media":0,"comment_status":"","ping_status":"","sticky":false,"template":"","format":"standard","meta":{"footnotes":""},"categories":[102,103,106],"tags":[],"class_list":["post-3197","post","type-post","status-publish","format-standard","hentry","category-comunicacion","category-comunicacion-ecca","category-relevante"],"yoast_head":"<!-- This site is optimized with the Yoast SEO plugin v25.9 - https:\/\/yoast.com\/wordpress\/plugins\/seo\/ -->\n<title>Aumenta un 35 % el alumnado que obtiene el Graduado en Educaci\u00f3n Secundaria con Radio ECCA<\/title>\n<meta name=\"robots\" content=\"index, follow, max-snippet:-1, max-image-preview:large, max-video-preview:-1\" \/>\n<link rel=\"canonical\" href=\"https:\/\/blognoticias.ecca.edu.es\/en\/aumenta-un-35-el-alumnado-que-obtiene-el-graduado-en-educacion-secundaria-con-radio-ecca\/\" \/>\n<meta property=\"og:locale\" content=\"en_GB\" \/>\n<meta property=\"og:type\" content=\"article\" \/>\n<meta property=\"og:title\" content=\"Aumenta un 35 % el alumnado que obtiene el Graduado en Educaci\u00f3n Secundaria con Radio ECCA\" \/>\n<meta property=\"og:description\" content=\"El Graduado en Educaci\u00f3n Secundaria es la titulaci\u00f3n m\u00ednima requerida para acceder al mercado laboral. Las Palmas de Gran Canaria, 7 de julio de 2022. Radio ECCA cerr\u00f3 el curso 2021-2022 con 554 personas tituladas en Graduado en Educaci\u00f3n Secundaria, Canarias y la Pen\u00ednsula. Son 193 alumnos y alumnas m\u00e1s que el curso anterior, lo [&hellip;]\" \/>\n<meta property=\"og:url\" content=\"https:\/\/blognoticias.ecca.edu.es\/en\/aumenta-un-35-el-alumnado-que-obtiene-el-graduado-en-educacion-secundaria-con-radio-ecca\/\" \/>\n<meta property=\"og:site_name\" content=\"Blog Noticias Ecca\" \/>\n<meta property=\"article:publisher\" content=\"https:\/\/www.facebook.com\/ecca.edu.es\" \/>\n<meta property=\"article:published_time\" content=\"2022-07-11T11:46:00+00:00\" \/>\n<meta property=\"og:image\" content=\"https:\/\/blogger.googleusercontent.com\/img\/b\/R29vZ2xl\/AVvXsEiaxcpVMxZSk6BOYQ98xiAvJZ9JJixvYCR77TBqfojUH807nAWo8ndC_pQa9OOvyQ0pzFaXA_qL2sZG97pORJvn4zg-QF8HxR0AZtz1rG1bSosLkyQ45e5cyj28vikBhvP7_iL_Yo9TSO5SXNU3Em6agXgeQkI_A_gwJp1FVIrvSqaoc5HQaVAdPhNLlw\/w400-h275\/20220708%20-%20Alumnado%20de%20Radio%20ECCA.jpg\" \/>\n<meta name=\"author\" content=\"ECCA\" \/>\n<meta name=\"twitter:card\" content=\"summary_large_image\" \/>\n<meta name=\"twitter:creator\" content=\"@eccaedu\" \/>\n<meta name=\"twitter:site\" content=\"@eccaedu\" \/>\n<meta name=\"twitter:label1\" content=\"Written by\" \/>\n\t<meta name=\"twitter:data1\" content=\"ECCA\" \/>\n\t<meta name=\"twitter:label2\" content=\"Estimated reading time\" \/>\n\t<meta name=\"twitter:data2\" content=\"3 minutes\" \/>\n<script type=\"application\/ld+json\" class=\"yoast-schema-graph\">{\"@context\":\"https:\/\/schema.org\",\"@graph\":[{\"@type\":\"Article\",\"@id\":\"https:\/\/blognoticias.ecca.edu.es\/aumenta-un-35-el-alumnado-que-obtiene-el-graduado-en-educacion-secundaria-con-radio-ecca\/#article\",\"isPartOf\":{\"@id\":\"https:\/\/blognoticias.ecca.edu.es\/aumenta-un-35-el-alumnado-que-obtiene-el-graduado-en-educacion-secundaria-con-radio-ecca\/\"},\"author\":{\"name\":\"ECCA\",\"@id\":\"https:\/\/blognoticias.ecca.edu.es\/#\/schema\/person\/2f67aec1e9c175158bc25ac844a022ce\"},\"headline\":\"Aumenta un 35 % el alumnado que obtiene el Graduado en Educaci\u00f3n Secundaria con Radio ECCA\",\"datePublished\":\"2022-07-11T11:46:00+00:00\",\"mainEntityOfPage\":{\"@id\":\"https:\/\/blognoticias.ecca.edu.es\/aumenta-un-35-el-alumnado-que-obtiene-el-graduado-en-educacion-secundaria-con-radio-ecca\/\"},\"wordCount\":525,\"publisher\":{\"@id\":\"https:\/\/blognoticias.ecca.edu.es\/#organization\"},\"image\":{\"@id\":\"https:\/\/blognoticias.ecca.edu.es\/aumenta-un-35-el-alumnado-que-obtiene-el-graduado-en-educacion-secundaria-con-radio-ecca\/#primaryimage\"},\"thumbnailUrl\":\"https:\/\/blogger.googleusercontent.com\/img\/b\/R29vZ2xl\/AVvXsEiaxcpVMxZSk6BOYQ98xiAvJZ9JJixvYCR77TBqfojUH807nAWo8ndC_pQa9OOvyQ0pzFaXA_qL2sZG97pORJvn4zg-QF8HxR0AZtz1rG1bSosLkyQ45e5cyj28vikBhvP7_iL_Yo9TSO5SXNU3Em6agXgeQkI_A_gwJp1FVIrvSqaoc5HQaVAdPhNLlw\/w400-h275\/20220708%20-%20Alumnado%20de%20Radio%20ECCA.jpg\",\"articleSection\":[\"Comunicaci\u00f3n\",\"Comunicaci\u00f3n ECCA\",\"Relevante\"],\"inLanguage\":\"en-GB\"},{\"@type\":\"WebPage\",\"@id\":\"https:\/\/blognoticias.ecca.edu.es\/aumenta-un-35-el-alumnado-que-obtiene-el-graduado-en-educacion-secundaria-con-radio-ecca\/\",\"url\":\"https:\/\/blognoticias.ecca.edu.es\/aumenta-un-35-el-alumnado-que-obtiene-el-graduado-en-educacion-secundaria-con-radio-ecca\/\",\"name\":\"Aumenta un 35 % el alumnado que obtiene el Graduado en Educaci\u00f3n Secundaria con Radio ECCA\",\"isPartOf\":{\"@id\":\"https:\/\/blognoticias.ecca.edu.es\/#website\"},\"primaryImageOfPage\":{\"@id\":\"https:\/\/blognoticias.ecca.edu.es\/aumenta-un-35-el-alumnado-que-obtiene-el-graduado-en-educacion-secundaria-con-radio-ecca\/#primaryimage\"},\"image\":{\"@id\":\"https:\/\/blognoticias.ecca.edu.es\/aumenta-un-35-el-alumnado-que-obtiene-el-graduado-en-educacion-secundaria-con-radio-ecca\/#primaryimage\"},\"thumbnailUrl\":\"https:\/\/blogger.googleusercontent.com\/img\/b\/R29vZ2xl\/AVvXsEiaxcpVMxZSk6BOYQ98xiAvJZ9JJixvYCR77TBqfojUH807nAWo8ndC_pQa9OOvyQ0pzFaXA_qL2sZG97pORJvn4zg-QF8HxR0AZtz1rG1bSosLkyQ45e5cyj28vikBhvP7_iL_Yo9TSO5SXNU3Em6agXgeQkI_A_gwJp1FVIrvSqaoc5HQaVAdPhNLlw\/w400-h275\/20220708%20-%20Alumnado%20de%20Radio%20ECCA.jpg\",\"datePublished\":\"2022-07-11T11:46:00+00:00\",\"breadcrumb\":{\"@id\":\"https:\/\/blognoticias.ecca.edu.es\/aumenta-un-35-el-alumnado-que-obtiene-el-graduado-en-educacion-secundaria-con-radio-ecca\/#breadcrumb\"},\"inLanguage\":\"en-GB\",\"potentialAction\":[{\"@type\":\"ReadAction\",\"target\":[\"https:\/\/blognoticias.ecca.edu.es\/aumenta-un-35-el-alumnado-que-obtiene-el-graduado-en-educacion-secundaria-con-radio-ecca\/\"]}]},{\"@type\":\"ImageObject\",\"inLanguage\":\"en-GB\",\"@id\":\"https:\/\/blognoticias.ecca.edu.es\/aumenta-un-35-el-alumnado-que-obtiene-el-graduado-en-educacion-secundaria-con-radio-ecca\/#primaryimage\",\"url\":\"https:\/\/blogger.googleusercontent.com\/img\/b\/R29vZ2xl\/AVvXsEiaxcpVMxZSk6BOYQ98xiAvJZ9JJixvYCR77TBqfojUH807nAWo8ndC_pQa9OOvyQ0pzFaXA_qL2sZG97pORJvn4zg-QF8HxR0AZtz1rG1bSosLkyQ45e5cyj28vikBhvP7_iL_Yo9TSO5SXNU3Em6agXgeQkI_A_gwJp1FVIrvSqaoc5HQaVAdPhNLlw\/w400-h275\/20220708%20-%20Alumnado%20de%20Radio%20ECCA.jpg\",\"contentUrl\":\"https:\/\/blogger.googleusercontent.com\/img\/b\/R29vZ2xl\/AVvXsEiaxcpVMxZSk6BOYQ98xiAvJZ9JJixvYCR77TBqfojUH807nAWo8ndC_pQa9OOvyQ0pzFaXA_qL2sZG97pORJvn4zg-QF8HxR0AZtz1rG1bSosLkyQ45e5cyj28vikBhvP7_iL_Yo9TSO5SXNU3Em6agXgeQkI_A_gwJp1FVIrvSqaoc5HQaVAdPhNLlw\/w400-h275\/20220708%20-%20Alumnado%20de%20Radio%20ECCA.jpg\"},{\"@type\":\"BreadcrumbList\",\"@id\":\"https:\/\/blognoticias.ecca.edu.es\/aumenta-un-35-el-alumnado-que-obtiene-el-graduado-en-educacion-secundaria-con-radio-ecca\/#breadcrumb\",\"itemListElement\":[{\"@type\":\"ListItem\",\"position\":1,\"name\":\"Portada\",\"item\":\"https:\/\/blognoticias.ecca.edu.es\/\"},{\"@type\":\"ListItem\",\"position\":2,\"name\":\"Aumenta un 35 % el alumnado que obtiene el Graduado en Educaci\u00f3n Secundaria con Radio ECCA\"}]},{\"@type\":\"WebSite\",\"@id\":\"https:\/\/blognoticias.ecca.edu.es\/#website\",\"url\":\"https:\/\/blognoticias.ecca.edu.es\/\",\"name\":\"Blog Noticias Ecca\",\"description\":\"\",\"publisher\":{\"@id\":\"https:\/\/blognoticias.ecca.edu.es\/#organization\"},\"potentialAction\":[{\"@type\":\"SearchAction\",\"target\":{\"@type\":\"EntryPoint\",\"urlTemplate\":\"https:\/\/blognoticias.ecca.edu.es\/?s={search_term_string}\"},\"query-input\":{\"@type\":\"PropertyValueSpecification\",\"valueRequired\":true,\"valueName\":\"search_term_string\"}}],\"inLanguage\":\"en-GB\"},{\"@type\":\"Organization\",\"@id\":\"https:\/\/blognoticias.ecca.edu.es\/#organization\",\"name\":\"Blog Noticias Ecca\",\"url\":\"https:\/\/blognoticias.ecca.edu.es\/\",\"logo\":{\"@type\":\"ImageObject\",\"inLanguage\":\"en-GB\",\"@id\":\"https:\/\/blognoticias.ecca.edu.es\/#\/schema\/logo\/image\/\",\"url\":\"https:\/\/blognoticias.ecca.edu.es\/wp-content\/uploads\/2023\/02\/cropped-cropped-cropped-cropped-Logo-Ecca.edu_.png\",\"contentUrl\":\"https:\/\/blognoticias.ecca.edu.es\/wp-content\/uploads\/2023\/02\/cropped-cropped-cropped-cropped-Logo-Ecca.edu_.png\",\"width\":293,\"height\":45,\"caption\":\"Blog Noticias Ecca\"},\"image\":{\"@id\":\"https:\/\/blognoticias.ecca.edu.es\/#\/schema\/logo\/image\/\"},\"sameAs\":[\"https:\/\/www.facebook.com\/ecca.edu.es\",\"https:\/\/x.com\/eccaedu\",\"https:\/\/www.instagram.com\/\"]},{\"@type\":\"Person\",\"@id\":\"https:\/\/blognoticias.ecca.edu.es\/#\/schema\/person\/2f67aec1e9c175158bc25ac844a022ce\",\"name\":\"ECCA\",\"image\":{\"@type\":\"ImageObject\",\"inLanguage\":\"en-GB\",\"@id\":\"https:\/\/blognoticias.ecca.edu.es\/#\/schema\/person\/image\/\",\"url\":\"https:\/\/blognoticias.ecca.edu.es\/wp-content\/uploads\/2023\/02\/LOGO-ECCAEDU-1-150x150.png\",\"contentUrl\":\"https:\/\/blognoticias.ecca.edu.es\/wp-content\/uploads\/2023\/02\/LOGO-ECCAEDU-1-150x150.png\",\"caption\":\"ECCA\"},\"sameAs\":[\"https:\/\/blognoticias.ecca.edu.es\"],\"url\":\"https:\/\/blognoticias.ecca.edu.es\/en\/author\/admin\/\"}]}<\/script>\n<!-- \/ Yoast SEO plugin. -->","yoast_head_json":{"title":"Aumenta un 35 % el alumnado que obtiene el Graduado en Educaci\u00f3n Secundaria con Radio ECCA","robots":{"index":"index","follow":"follow","max-snippet":"max-snippet:-1","max-image-preview":"max-image-preview:large","max-video-preview":"max-video-preview:-1"},"canonical":"https:\/\/blognoticias.ecca.edu.es\/en\/aumenta-un-35-el-alumnado-que-obtiene-el-graduado-en-educacion-secundaria-con-radio-ecca\/","og_locale":"en_GB","og_type":"article","og_title":"Aumenta un 35 % el alumnado que obtiene el Graduado en Educaci\u00f3n Secundaria con Radio ECCA","og_description":"El Graduado en Educaci\u00f3n Secundaria es la titulaci\u00f3n m\u00ednima requerida para acceder al mercado laboral. Las Palmas de Gran Canaria, 7 de julio de 2022. Radio ECCA cerr\u00f3 el curso 2021-2022 con 554 personas tituladas en Graduado en Educaci\u00f3n Secundaria, Canarias y la Pen\u00ednsula. Son 193 alumnos y alumnas m\u00e1s que el curso anterior, lo [&hellip;]","og_url":"https:\/\/blognoticias.ecca.edu.es\/en\/aumenta-un-35-el-alumnado-que-obtiene-el-graduado-en-educacion-secundaria-con-radio-ecca\/","og_site_name":"Blog Noticias Ecca","article_publisher":"https:\/\/www.facebook.com\/ecca.edu.es","article_published_time":"2022-07-11T11:46:00+00:00","og_image":[{"url":"https:\/\/blogger.googleusercontent.com\/img\/b\/R29vZ2xl\/AVvXsEiaxcpVMxZSk6BOYQ98xiAvJZ9JJixvYCR77TBqfojUH807nAWo8ndC_pQa9OOvyQ0pzFaXA_qL2sZG97pORJvn4zg-QF8HxR0AZtz1rG1bSosLkyQ45e5cyj28vikBhvP7_iL_Yo9TSO5SXNU3Em6agXgeQkI_A_gwJp1FVIrvSqaoc5HQaVAdPhNLlw\/w400-h275\/20220708%20-%20Alumnado%20de%20Radio%20ECCA.jpg","type":"","width":"","height":""}],"author":"ECCA","twitter_card":"summary_large_image","twitter_creator":"@eccaedu","twitter_site":"@eccaedu","twitter_misc":{"Written by":"ECCA","Estimated reading time":"3 minutes"},"schema":{"@context":"https:\/\/schema.org","@graph":[{"@type":"Article","@id":"https:\/\/blognoticias.ecca.edu.es\/aumenta-un-35-el-alumnado-que-obtiene-el-graduado-en-educacion-secundaria-con-radio-ecca\/#article","isPartOf":{"@id":"https:\/\/blognoticias.ecca.edu.es\/aumenta-un-35-el-alumnado-que-obtiene-el-graduado-en-educacion-secundaria-con-radio-ecca\/"},"author":{"name":"ECCA","@id":"https:\/\/blognoticias.ecca.edu.es\/#\/schema\/person\/2f67aec1e9c175158bc25ac844a022ce"},"headline":"Aumenta un 35 % el alumnado que obtiene el Graduado en Educaci\u00f3n Secundaria con Radio ECCA","datePublished":"2022-07-11T11:46:00+00:00","mainEntityOfPage":{"@id":"https:\/\/blognoticias.ecca.edu.es\/aumenta-un-35-el-alumnado-que-obtiene-el-graduado-en-educacion-secundaria-con-radio-ecca\/"},"wordCount":525,"publisher":{"@id":"https:\/\/blognoticias.ecca.edu.es\/#organization"},"image":{"@id":"https:\/\/blognoticias.ecca.edu.es\/aumenta-un-35-el-alumnado-que-obtiene-el-graduado-en-educacion-secundaria-con-radio-ecca\/#primaryimage"},"thumbnailUrl":"https:\/\/blogger.googleusercontent.com\/img\/b\/R29vZ2xl\/AVvXsEiaxcpVMxZSk6BOYQ98xiAvJZ9JJixvYCR77TBqfojUH807nAWo8ndC_pQa9OOvyQ0pzFaXA_qL2sZG97pORJvn4zg-QF8HxR0AZtz1rG1bSosLkyQ45e5cyj28vikBhvP7_iL_Yo9TSO5SXNU3Em6agXgeQkI_A_gwJp1FVIrvSqaoc5HQaVAdPhNLlw\/w400-h275\/20220708%20-%20Alumnado%20de%20Radio%20ECCA.jpg","articleSection":["Comunicaci\u00f3n","Comunicaci\u00f3n ECCA","Relevante"],"inLanguage":"en-GB"},{"@type":"WebPage","@id":"https:\/\/blognoticias.ecca.edu.es\/aumenta-un-35-el-alumnado-que-obtiene-el-graduado-en-educacion-secundaria-con-radio-ecca\/","url":"https:\/\/blognoticias.ecca.edu.es\/aumenta-un-35-el-alumnado-que-obtiene-el-graduado-en-educacion-secundaria-con-radio-ecca\/","name":"Aumenta un 35 % el alumnado que obtiene el Graduado en Educaci\u00f3n Secundaria con Radio ECCA","isPartOf":{"@id":"https:\/\/blognoticias.ecca.edu.es\/#website"},"primaryImageOfPage":{"@id":"https:\/\/blognoticias.ecca.edu.es\/aumenta-un-35-el-alumnado-que-obtiene-el-graduado-en-educacion-secundaria-con-radio-ecca\/#primaryimage"},"image":{"@id":"https:\/\/blognoticias.ecca.edu.es\/aumenta-un-35-el-alumnado-que-obtiene-el-graduado-en-educacion-secundaria-con-radio-ecca\/#primaryimage"},"thumbnailUrl":"https:\/\/blogger.googleusercontent.com\/img\/b\/R29vZ2xl\/AVvXsEiaxcpVMxZSk6BOYQ98xiAvJZ9JJixvYCR77TBqfojUH807nAWo8ndC_pQa9OOvyQ0pzFaXA_qL2sZG97pORJvn4zg-QF8HxR0AZtz1rG1bSosLkyQ45e5cyj28vikBhvP7_iL_Yo9TSO5SXNU3Em6agXgeQkI_A_gwJp1FVIrvSqaoc5HQaVAdPhNLlw\/w400-h275\/20220708%20-%20Alumnado%20de%20Radio%20ECCA.jpg","datePublished":"2022-07-11T11:46:00+00:00","breadcrumb":{"@id":"https:\/\/blognoticias.ecca.edu.es\/aumenta-un-35-el-alumnado-que-obtiene-el-graduado-en-educacion-secundaria-con-radio-ecca\/#breadcrumb"},"inLanguage":"en-GB","potentialAction":[{"@type":"ReadAction","target":["https:\/\/blognoticias.ecca.edu.es\/aumenta-un-35-el-alumnado-que-obtiene-el-graduado-en-educacion-secundaria-con-radio-ecca\/"]}]},{"@type":"ImageObject","inLanguage":"en-GB","@id":"https:\/\/blognoticias.ecca.edu.es\/aumenta-un-35-el-alumnado-que-obtiene-el-graduado-en-educacion-secundaria-con-radio-ecca\/#primaryimage","url":"https:\/\/blogger.googleusercontent.com\/img\/b\/R29vZ2xl\/AVvXsEiaxcpVMxZSk6BOYQ98xiAvJZ9JJixvYCR77TBqfojUH807nAWo8ndC_pQa9OOvyQ0pzFaXA_qL2sZG97pORJvn4zg-QF8HxR0AZtz1rG1bSosLkyQ45e5cyj28vikBhvP7_iL_Yo9TSO5SXNU3Em6agXgeQkI_A_gwJp1FVIrvSqaoc5HQaVAdPhNLlw\/w400-h275\/20220708%20-%20Alumnado%20de%20Radio%20ECCA.jpg","contentUrl":"https:\/\/blogger.googleusercontent.com\/img\/b\/R29vZ2xl\/AVvXsEiaxcpVMxZSk6BOYQ98xiAvJZ9JJixvYCR77TBqfojUH807nAWo8ndC_pQa9OOvyQ0pzFaXA_qL2sZG97pORJvn4zg-QF8HxR0AZtz1rG1bSosLkyQ45e5cyj28vikBhvP7_iL_Yo9TSO5SXNU3Em6agXgeQkI_A_gwJp1FVIrvSqaoc5HQaVAdPhNLlw\/w400-h275\/20220708%20-%20Alumnado%20de%20Radio%20ECCA.jpg"},{"@type":"BreadcrumbList","@id":"https:\/\/blognoticias.ecca.edu.es\/aumenta-un-35-el-alumnado-que-obtiene-el-graduado-en-educacion-secundaria-con-radio-ecca\/#breadcrumb","itemListElement":[{"@type":"ListItem","position":1,"name":"Portada","item":"https:\/\/blognoticias.ecca.edu.es\/"},{"@type":"ListItem","position":2,"name":"Aumenta un 35 % el alumnado que obtiene el Graduado en Educaci\u00f3n Secundaria con Radio ECCA"}]},{"@type":"WebSite","@id":"https:\/\/blognoticias.ecca.edu.es\/#website","url":"https:\/\/blognoticias.ecca.edu.es\/","name":"Blog Noticias Ecca","description":"","publisher":{"@id":"https:\/\/blognoticias.ecca.edu.es\/#organization"},"potentialAction":[{"@type":"SearchAction","target":{"@type":"EntryPoint","urlTemplate":"https:\/\/blognoticias.ecca.edu.es\/?s={search_term_string}"},"query-input":{"@type":"PropertyValueSpecification","valueRequired":true,"valueName":"search_term_string"}}],"inLanguage":"en-GB"},{"@type":"Organization","@id":"https:\/\/blognoticias.ecca.edu.es\/#organization","name":"Blog Noticias Ecca","url":"https:\/\/blognoticias.ecca.edu.es\/","logo":{"@type":"ImageObject","inLanguage":"en-GB","@id":"https:\/\/blognoticias.ecca.edu.es\/#\/schema\/logo\/image\/","url":"https:\/\/blognoticias.ecca.edu.es\/wp-content\/uploads\/2023\/02\/cropped-cropped-cropped-cropped-Logo-Ecca.edu_.png","contentUrl":"https:\/\/blognoticias.ecca.edu.es\/wp-content\/uploads\/2023\/02\/cropped-cropped-cropped-cropped-Logo-Ecca.edu_.png","width":293,"height":45,"caption":"Blog Noticias Ecca"},"image":{"@id":"https:\/\/blognoticias.ecca.edu.es\/#\/schema\/logo\/image\/"},"sameAs":["https:\/\/www.facebook.com\/ecca.edu.es","https:\/\/x.com\/eccaedu","https:\/\/www.instagram.com\/"]},{"@type":"Person","@id":"https:\/\/blognoticias.ecca.edu.es\/#\/schema\/person\/2f67aec1e9c175158bc25ac844a022ce","name":"ECCA","image":{"@type":"ImageObject","inLanguage":"en-GB","@id":"https:\/\/blognoticias.ecca.edu.es\/#\/schema\/person\/image\/","url":"https:\/\/blognoticias.ecca.edu.es\/wp-content\/uploads\/2023\/02\/LOGO-ECCAEDU-1-150x150.png","contentUrl":"https:\/\/blognoticias.ecca.edu.es\/wp-content\/uploads\/2023\/02\/LOGO-ECCAEDU-1-150x150.png","caption":"ECCA"},"sameAs":["https:\/\/blognoticias.ecca.edu.es"],"url":"https:\/\/blognoticias.ecca.edu.es\/en\/author\/admin\/"}]}},"_links":{"self":[{"href":"https:\/\/blognoticias.ecca.edu.es\/en\/wp-json\/wp\/v2\/posts\/3197","targetHints":{"allow":["GET"]}}],"collection":[{"href":"https:\/\/blognoticias.ecca.edu.es\/en\/wp-json\/wp\/v2\/posts"}],"about":[{"href":"https:\/\/blognoticias.ecca.edu.es\/en\/wp-json\/wp\/v2\/types\/post"}],"author":[{"embeddable":true,"href":"https:\/\/blognoticias.ecca.edu.es\/en\/wp-json\/wp\/v2\/users\/1"}],"replies":[{"embeddable":true,"href":"https:\/\/blognoticias.ecca.edu.es\/en\/wp-json\/wp\/v2\/comments?post=3197"}],"version-history":[{"count":0,"href":"https:\/\/blognoticias.ecca.edu.es\/en\/wp-json\/wp\/v2\/posts\/3197\/revisions"}],"wp:attachment":[{"href":"https:\/\/blognoticias.ecca.edu.es\/en\/wp-json\/wp\/v2\/media?parent=3197"}],"wp:term":[{"taxonomy":"category","embeddable":true,"href":"https:\/\/blognoticias.ecca.edu.es\/en\/wp-json\/wp\/v2\/categories?post=3197"},{"taxonomy":"post_tag","embeddable":true,"href":"https:\/\/blognoticias.ecca.edu.es\/en\/wp-json\/wp\/v2\/tags?post=3197"}],"curies":[{"name":"wp","href":"https:\/\/api.w.org\/{rel}","templated":true}]}}