{"id":3189,"date":"2022-09-14T13:39:00","date_gmt":"2022-09-14T13:39:00","guid":{"rendered":"https:\/\/blognoticias.ecca.edu.es\/formacion-para-la-insercion-laboral-de-personas-vulnerables\/"},"modified":"2022-09-14T13:39:00","modified_gmt":"2022-09-14T13:39:00","slug":"formacion-para-la-insercion-laboral-de-personas-vulnerables","status":"publish","type":"post","link":"https:\/\/blognoticias.ecca.edu.es\/en\/formacion-para-la-insercion-laboral-de-personas-vulnerables\/","title":{"rendered":"Formaci\u00f3n para la inserci\u00f3n laboral de personas vulnerables"},"content":{"rendered":"<div class='booster-block booster-read-block'>\n                <div class=\"twp-read-time\">\n                \t<i class=\"booster-icon twp-clock\"><\/i> <span>Tiempo de lectura:<\/span>1 Minutos, 38 Segundos                <\/div>\n\n            <\/div><p style=\"text-align: justify;\"><b>La delegaci\u00f3n de Radio ECCA en Galicia sigue adelante con el Programa integrado para el fomento de la empleabilidad de personas vulnerables.<\/b><\/p>\n<\/p>\n<div style=\"text-align: justify;\">Se trata de un programa pionero que se est\u00e1 llevando a cabo durante el presente a\u00f1o 2022, y que surge de la colaboraci\u00f3n entre la Conseller\u00eda de Empleo e Igualdad de la Xunta de Galicia y EAPN Galicia (Red Europea de lucha contra la pobreza y la exclusi\u00f3n social) y est\u00e1 financiado por la Uni\u00f3n Europea-<i>Next Generation<\/i>.<\/div>\n<div style=\"clear: both; text-align: center;\"><a href=\"https:\/\/blogger.googleusercontent.com\/img\/b\/R29vZ2xl\/AVvXsEgttD6QZ9YYDK2tfi7evA3M7iWo8y0MQXdeQVha_8Ihd6z2ltvyQjKAPRqkZqTKYtY7PmttAUohbBUGu18aKKjnwmZepTuzNMQDkFjrPellFN9ux4DG-LY779DrKXc7u61Ks6LHHwm3NAjCBWnZYkXFpweIvQ_8BuokcXXpF2sUnPlUjqwnFJ4055IW\/s1600\/1%20foto%20clase.jpeg\" style=\"clear: right; float: right; margin-bottom: 1em; margin-left: 1em;\"><img loading=\"lazy\" decoding=\"async\" border=\"0\" data-original-height=\"1200\" data-original-width=\"1600\" height=\"240\" src=\"https:\/\/blogger.googleusercontent.com\/img\/b\/R29vZ2xl\/AVvXsEgttD6QZ9YYDK2tfi7evA3M7iWo8y0MQXdeQVha_8Ihd6z2ltvyQjKAPRqkZqTKYtY7PmttAUohbBUGu18aKKjnwmZepTuzNMQDkFjrPellFN9ux4DG-LY779DrKXc7u61Ks6LHHwm3NAjCBWnZYkXFpweIvQ_8BuokcXXpF2sUnPlUjqwnFJ4055IW\/s320\/1%20foto%20clase.jpeg\" width=\"320\" \/><\/a><\/div>\n<\/p>\n<p style=\"text-align: justify;\">Va dirigido a personas desempleadas, inscritas como demandantes en el Servicio P\u00fablico de Empleo, y que acrediten la situaci\u00f3n de riesgo de exclusi\u00f3n social.<\/p>\n<p style=\"text-align: justify;\">El programa tiene un doble objetivo: formaci\u00f3n e inserci\u00f3n laboral, con un compromiso m\u00ednimo del 20 % en el segundo. El avance del programa a mes de septiembre arroja unos datos muy positivos y esperanzadores de cara a la consecuci\u00f3n de dichos objetivos.&nbsp;<\/p>\n<p style=\"text-align: justify;\">Respecto a la formaci\u00f3n, las personas participantes en esta primera edici\u00f3n han realizado hasta la fecha actual:<\/p>\n<\/p>\n<ul style=\"text-align: left;\">\n<li style=\"text-align: justify;\">370 horas de formaci\u00f3n ocupacional:&nbsp;<\/li>\n<ul>\n<li style=\"text-align: justify;\">Curso de atenci\u00f3n sociosanitaria a personas dependientes en instituciones sociales.<\/li>\n<\/ul>\n<li style=\"text-align: justify;\">120 horas de formaci\u00f3n transversal:&nbsp;<\/li>\n<ul>\n<li style=\"text-align: justify;\">Manipulaci\u00f3n de alimentos<\/li>\n<li style=\"text-align: justify;\">Claves para la b\u00fasqueda activa de empleo<\/li>\n<li style=\"text-align: justify;\">Con la igualdad se avanza<\/li>\n<li style=\"text-align: justify;\">Difer\u00e9nciaTe<\/li>\n<li style=\"text-align: justify;\">Taller de preparaci\u00f3n de entrevistas de selecci\u00f3n<\/li>\n<li style=\"text-align: justify;\">Taller de elaboraci\u00f3n del CV<\/li>\n<li style=\"text-align: justify;\">Taller de b\u00fasqueda de empleo por Internet<\/li>\n<\/ul>\n<li style=\"text-align: justify;\">10 horas de orientaci\u00f3n sociolaboral<\/li>\n<ul>\n<li style=\"text-align: justify;\">Sesiones individuales adaptadas a las necesidades de cada usuario\/a.<\/li>\n<\/ul>\n<\/ul>\n<p style=\"text-align: justify;\">En relaci\u00f3n con la inserci\u00f3n laboral, actualmente m\u00e1s del 50 % de los participantes han firmado ya un contrato de trabajo, incluso algunos de ellos con grandes posibilidades de contrataci\u00f3n indefinida.<\/p>\n<p style=\"text-align: justify;\">Los buenos resultados obtenidos hasta la fecha en esta primera edici\u00f3n llevan al equipo t\u00e9cnico del programa a tener las miras puestas en la segunda edici\u00f3n del mismo, que arrancar\u00e1 el pr\u00f3ximo enero.<\/p>\n<div style=\"clear: both; text-align: center;\"><a href=\"https:\/\/blogger.googleusercontent.com\/img\/b\/R29vZ2xl\/AVvXsEj3PKdfPUStg1ZLfYIgmpM7V_-X0wj0lsTaqxJ-fN_G6xyY2VwTTmPYg_re9dRTMpwcF3_mBpf3NQdbD3-pt3GczG6EIir4_qs8sLPhfw9QVDm_78-ROCYRrzWD8a_ZEFJaYpNFesrriiq1dOjGF35y5hWEUF4tbR44uUZbvfhsmhdxtmugTBHu5Zzv\/s1502\/2%20foto%20grupo.jpg\" style=\"margin-left: 1em; margin-right: 1em;\"><img loading=\"lazy\" decoding=\"async\" border=\"0\" data-original-height=\"1200\" data-original-width=\"1502\" height=\"256\" src=\"https:\/\/blogger.googleusercontent.com\/img\/b\/R29vZ2xl\/AVvXsEj3PKdfPUStg1ZLfYIgmpM7V_-X0wj0lsTaqxJ-fN_G6xyY2VwTTmPYg_re9dRTMpwcF3_mBpf3NQdbD3-pt3GczG6EIir4_qs8sLPhfw9QVDm_78-ROCYRrzWD8a_ZEFJaYpNFesrriiq1dOjGF35y5hWEUF4tbR44uUZbvfhsmhdxtmugTBHu5Zzv\/s320\/2%20foto%20grupo.jpg\" width=\"320\" \/><\/a><\/div>\n<p><\/p>\n<p style=\"text-align: justify;\">Entretanto, de aqu\u00ed a final del presente a\u00f1o, queda seguir trabajando con el resto de participantes, para conseguir la tan deseada inserci\u00f3n sociolaboral con la que poder mirar al futuro con mayor autonom\u00eda y seguridad.<\/p>","protected":false},"excerpt":{"rendered":"<p>La delegaci\u00f3n de Radio ECCA en Galicia sigue adelante con el Programa integrado para el fomento de la empleabilidad de personas vulnerables. Se trata de un programa pionero que se est\u00e1 llevando a cabo durante el presente a\u00f1o 2022, y que surge de la colaboraci\u00f3n entre la Conseller\u00eda de Empleo e Igualdad de la Xunta [&hellip;]<\/p>","protected":false},"author":1,"featured_media":0,"comment_status":"","ping_status":"","sticky":false,"template":"","format":"standard","meta":{"footnotes":""},"categories":[102,103,195,165,106,196],"tags":[],"class_list":["post-3189","post","type-post","status-publish","format-standard","hentry","category-comunicacion","category-comunicacion-ecca","category-conselleria-de-empleo-e-igualdad-de-la-xunta-de-galicia","category-galicia","category-relevante","category-xunta-de-galicia"],"yoast_head":"<!-- This site is optimized with the Yoast SEO plugin v25.9 - https:\/\/yoast.com\/wordpress\/plugins\/seo\/ -->\n<title>Formaci\u00f3n para la inserci\u00f3n laboral de personas vulnerables<\/title>\n<meta name=\"robots\" content=\"index, follow, max-snippet:-1, max-image-preview:large, max-video-preview:-1\" \/>\n<link rel=\"canonical\" href=\"https:\/\/blognoticias.ecca.edu.es\/en\/formacion-para-la-insercion-laboral-de-personas-vulnerables\/\" \/>\n<meta property=\"og:locale\" content=\"en_GB\" \/>\n<meta property=\"og:type\" content=\"article\" \/>\n<meta property=\"og:title\" content=\"Formaci\u00f3n para la inserci\u00f3n laboral de personas vulnerables\" \/>\n<meta property=\"og:description\" content=\"La delegaci\u00f3n de Radio ECCA en Galicia sigue adelante con el Programa integrado para el fomento de la empleabilidad de personas vulnerables. Se trata de un programa pionero que se est\u00e1 llevando a cabo durante el presente a\u00f1o 2022, y que surge de la colaboraci\u00f3n entre la Conseller\u00eda de Empleo e Igualdad de la Xunta [&hellip;]\" \/>\n<meta property=\"og:url\" content=\"https:\/\/blognoticias.ecca.edu.es\/en\/formacion-para-la-insercion-laboral-de-personas-vulnerables\/\" \/>\n<meta property=\"og:site_name\" content=\"Blog Noticias Ecca\" \/>\n<meta property=\"article:publisher\" content=\"https:\/\/www.facebook.com\/ecca.edu.es\" \/>\n<meta property=\"article:published_time\" content=\"2022-09-14T13:39:00+00:00\" \/>\n<meta property=\"og:image\" content=\"https:\/\/blogger.googleusercontent.com\/img\/b\/R29vZ2xl\/AVvXsEgttD6QZ9YYDK2tfi7evA3M7iWo8y0MQXdeQVha_8Ihd6z2ltvyQjKAPRqkZqTKYtY7PmttAUohbBUGu18aKKjnwmZepTuzNMQDkFjrPellFN9ux4DG-LY779DrKXc7u61Ks6LHHwm3NAjCBWnZYkXFpweIvQ_8BuokcXXpF2sUnPlUjqwnFJ4055IW\/s320\/1%20foto%20clase.jpeg\" \/>\n<meta name=\"author\" content=\"ECCA\" \/>\n<meta name=\"twitter:card\" content=\"summary_large_image\" \/>\n<meta name=\"twitter:creator\" content=\"@eccaedu\" \/>\n<meta name=\"twitter:site\" content=\"@eccaedu\" \/>\n<meta name=\"twitter:label1\" content=\"Written by\" \/>\n\t<meta name=\"twitter:data1\" content=\"ECCA\" \/>\n\t<meta name=\"twitter:label2\" content=\"Estimated reading time\" \/>\n\t<meta name=\"twitter:data2\" content=\"2 minutes\" \/>\n<script type=\"application\/ld+json\" class=\"yoast-schema-graph\">{\"@context\":\"https:\/\/schema.org\",\"@graph\":[{\"@type\":\"Article\",\"@id\":\"https:\/\/blognoticias.ecca.edu.es\/formacion-para-la-insercion-laboral-de-personas-vulnerables\/#article\",\"isPartOf\":{\"@id\":\"https:\/\/blognoticias.ecca.edu.es\/formacion-para-la-insercion-laboral-de-personas-vulnerables\/\"},\"author\":{\"name\":\"ECCA\",\"@id\":\"https:\/\/blognoticias.ecca.edu.es\/#\/schema\/person\/2f67aec1e9c175158bc25ac844a022ce\"},\"headline\":\"Formaci\u00f3n para la inserci\u00f3n laboral de personas vulnerables\",\"datePublished\":\"2022-09-14T13:39:00+00:00\",\"mainEntityOfPage\":{\"@id\":\"https:\/\/blognoticias.ecca.edu.es\/formacion-para-la-insercion-laboral-de-personas-vulnerables\/\"},\"wordCount\":374,\"publisher\":{\"@id\":\"https:\/\/blognoticias.ecca.edu.es\/#organization\"},\"image\":{\"@id\":\"https:\/\/blognoticias.ecca.edu.es\/formacion-para-la-insercion-laboral-de-personas-vulnerables\/#primaryimage\"},\"thumbnailUrl\":\"https:\/\/blogger.googleusercontent.com\/img\/b\/R29vZ2xl\/AVvXsEgttD6QZ9YYDK2tfi7evA3M7iWo8y0MQXdeQVha_8Ihd6z2ltvyQjKAPRqkZqTKYtY7PmttAUohbBUGu18aKKjnwmZepTuzNMQDkFjrPellFN9ux4DG-LY779DrKXc7u61Ks6LHHwm3NAjCBWnZYkXFpweIvQ_8BuokcXXpF2sUnPlUjqwnFJ4055IW\/s320\/1%20foto%20clase.jpeg\",\"articleSection\":[\"Comunicaci\u00f3n\",\"Comunicaci\u00f3n ECCA\",\"Conseller\u00eda de Empleo e Igualdad de la Xunta de Galicia\",\"Galicia\",\"Relevante\",\"Xunta de Galicia\"],\"inLanguage\":\"en-GB\"},{\"@type\":\"WebPage\",\"@id\":\"https:\/\/blognoticias.ecca.edu.es\/formacion-para-la-insercion-laboral-de-personas-vulnerables\/\",\"url\":\"https:\/\/blognoticias.ecca.edu.es\/formacion-para-la-insercion-laboral-de-personas-vulnerables\/\",\"name\":\"Formaci\u00f3n para la inserci\u00f3n laboral de personas vulnerables\",\"isPartOf\":{\"@id\":\"https:\/\/blognoticias.ecca.edu.es\/#website\"},\"primaryImageOfPage\":{\"@id\":\"https:\/\/blognoticias.ecca.edu.es\/formacion-para-la-insercion-laboral-de-personas-vulnerables\/#primaryimage\"},\"image\":{\"@id\":\"https:\/\/blognoticias.ecca.edu.es\/formacion-para-la-insercion-laboral-de-personas-vulnerables\/#primaryimage\"},\"thumbnailUrl\":\"https:\/\/blogger.googleusercontent.com\/img\/b\/R29vZ2xl\/AVvXsEgttD6QZ9YYDK2tfi7evA3M7iWo8y0MQXdeQVha_8Ihd6z2ltvyQjKAPRqkZqTKYtY7PmttAUohbBUGu18aKKjnwmZepTuzNMQDkFjrPellFN9ux4DG-LY779DrKXc7u61Ks6LHHwm3NAjCBWnZYkXFpweIvQ_8BuokcXXpF2sUnPlUjqwnFJ4055IW\/s320\/1%20foto%20clase.jpeg\",\"datePublished\":\"2022-09-14T13:39:00+00:00\",\"breadcrumb\":{\"@id\":\"https:\/\/blognoticias.ecca.edu.es\/formacion-para-la-insercion-laboral-de-personas-vulnerables\/#breadcrumb\"},\"inLanguage\":\"en-GB\",\"potentialAction\":[{\"@type\":\"ReadAction\",\"target\":[\"https:\/\/blognoticias.ecca.edu.es\/formacion-para-la-insercion-laboral-de-personas-vulnerables\/\"]}]},{\"@type\":\"ImageObject\",\"inLanguage\":\"en-GB\",\"@id\":\"https:\/\/blognoticias.ecca.edu.es\/formacion-para-la-insercion-laboral-de-personas-vulnerables\/#primaryimage\",\"url\":\"https:\/\/blogger.googleusercontent.com\/img\/b\/R29vZ2xl\/AVvXsEgttD6QZ9YYDK2tfi7evA3M7iWo8y0MQXdeQVha_8Ihd6z2ltvyQjKAPRqkZqTKYtY7PmttAUohbBUGu18aKKjnwmZepTuzNMQDkFjrPellFN9ux4DG-LY779DrKXc7u61Ks6LHHwm3NAjCBWnZYkXFpweIvQ_8BuokcXXpF2sUnPlUjqwnFJ4055IW\/s320\/1%20foto%20clase.jpeg\",\"contentUrl\":\"https:\/\/blogger.googleusercontent.com\/img\/b\/R29vZ2xl\/AVvXsEgttD6QZ9YYDK2tfi7evA3M7iWo8y0MQXdeQVha_8Ihd6z2ltvyQjKAPRqkZqTKYtY7PmttAUohbBUGu18aKKjnwmZepTuzNMQDkFjrPellFN9ux4DG-LY779DrKXc7u61Ks6LHHwm3NAjCBWnZYkXFpweIvQ_8BuokcXXpF2sUnPlUjqwnFJ4055IW\/s320\/1%20foto%20clase.jpeg\"},{\"@type\":\"BreadcrumbList\",\"@id\":\"https:\/\/blognoticias.ecca.edu.es\/formacion-para-la-insercion-laboral-de-personas-vulnerables\/#breadcrumb\",\"itemListElement\":[{\"@type\":\"ListItem\",\"position\":1,\"name\":\"Portada\",\"item\":\"https:\/\/blognoticias.ecca.edu.es\/\"},{\"@type\":\"ListItem\",\"position\":2,\"name\":\"Formaci\u00f3n para la inserci\u00f3n laboral de personas vulnerables\"}]},{\"@type\":\"WebSite\",\"@id\":\"https:\/\/blognoticias.ecca.edu.es\/#website\",\"url\":\"https:\/\/blognoticias.ecca.edu.es\/\",\"name\":\"Blog Noticias Ecca\",\"description\":\"\",\"publisher\":{\"@id\":\"https:\/\/blognoticias.ecca.edu.es\/#organization\"},\"potentialAction\":[{\"@type\":\"SearchAction\",\"target\":{\"@type\":\"EntryPoint\",\"urlTemplate\":\"https:\/\/blognoticias.ecca.edu.es\/?s={search_term_string}\"},\"query-input\":{\"@type\":\"PropertyValueSpecification\",\"valueRequired\":true,\"valueName\":\"search_term_string\"}}],\"inLanguage\":\"en-GB\"},{\"@type\":\"Organization\",\"@id\":\"https:\/\/blognoticias.ecca.edu.es\/#organization\",\"name\":\"Blog Noticias Ecca\",\"url\":\"https:\/\/blognoticias.ecca.edu.es\/\",\"logo\":{\"@type\":\"ImageObject\",\"inLanguage\":\"en-GB\",\"@id\":\"https:\/\/blognoticias.ecca.edu.es\/#\/schema\/logo\/image\/\",\"url\":\"https:\/\/blognoticias.ecca.edu.es\/wp-content\/uploads\/2023\/02\/cropped-cropped-cropped-cropped-Logo-Ecca.edu_.png\",\"contentUrl\":\"https:\/\/blognoticias.ecca.edu.es\/wp-content\/uploads\/2023\/02\/cropped-cropped-cropped-cropped-Logo-Ecca.edu_.png\",\"width\":293,\"height\":45,\"caption\":\"Blog Noticias Ecca\"},\"image\":{\"@id\":\"https:\/\/blognoticias.ecca.edu.es\/#\/schema\/logo\/image\/\"},\"sameAs\":[\"https:\/\/www.facebook.com\/ecca.edu.es\",\"https:\/\/x.com\/eccaedu\",\"https:\/\/www.instagram.com\/\"]},{\"@type\":\"Person\",\"@id\":\"https:\/\/blognoticias.ecca.edu.es\/#\/schema\/person\/2f67aec1e9c175158bc25ac844a022ce\",\"name\":\"ECCA\",\"image\":{\"@type\":\"ImageObject\",\"inLanguage\":\"en-GB\",\"@id\":\"https:\/\/blognoticias.ecca.edu.es\/#\/schema\/person\/image\/\",\"url\":\"https:\/\/blognoticias.ecca.edu.es\/wp-content\/uploads\/2023\/02\/LOGO-ECCAEDU-1-150x150.png\",\"contentUrl\":\"https:\/\/blognoticias.ecca.edu.es\/wp-content\/uploads\/2023\/02\/LOGO-ECCAEDU-1-150x150.png\",\"caption\":\"ECCA\"},\"sameAs\":[\"https:\/\/blognoticias.ecca.edu.es\"],\"url\":\"https:\/\/blognoticias.ecca.edu.es\/en\/author\/admin\/\"}]}<\/script>\n<!-- \/ Yoast SEO plugin. -->","yoast_head_json":{"title":"Formaci\u00f3n para la inserci\u00f3n laboral de personas vulnerables","robots":{"index":"index","follow":"follow","max-snippet":"max-snippet:-1","max-image-preview":"max-image-preview:large","max-video-preview":"max-video-preview:-1"},"canonical":"https:\/\/blognoticias.ecca.edu.es\/en\/formacion-para-la-insercion-laboral-de-personas-vulnerables\/","og_locale":"en_GB","og_type":"article","og_title":"Formaci\u00f3n para la inserci\u00f3n laboral de personas vulnerables","og_description":"La delegaci\u00f3n de Radio ECCA en Galicia sigue adelante con el Programa integrado para el fomento de la empleabilidad de personas vulnerables. Se trata de un programa pionero que se est\u00e1 llevando a cabo durante el presente a\u00f1o 2022, y que surge de la colaboraci\u00f3n entre la Conseller\u00eda de Empleo e Igualdad de la Xunta [&hellip;]","og_url":"https:\/\/blognoticias.ecca.edu.es\/en\/formacion-para-la-insercion-laboral-de-personas-vulnerables\/","og_site_name":"Blog Noticias Ecca","article_publisher":"https:\/\/www.facebook.com\/ecca.edu.es","article_published_time":"2022-09-14T13:39:00+00:00","og_image":[{"url":"https:\/\/blogger.googleusercontent.com\/img\/b\/R29vZ2xl\/AVvXsEgttD6QZ9YYDK2tfi7evA3M7iWo8y0MQXdeQVha_8Ihd6z2ltvyQjKAPRqkZqTKYtY7PmttAUohbBUGu18aKKjnwmZepTuzNMQDkFjrPellFN9ux4DG-LY779DrKXc7u61Ks6LHHwm3NAjCBWnZYkXFpweIvQ_8BuokcXXpF2sUnPlUjqwnFJ4055IW\/s320\/1%20foto%20clase.jpeg","type":"","width":"","height":""}],"author":"ECCA","twitter_card":"summary_large_image","twitter_creator":"@eccaedu","twitter_site":"@eccaedu","twitter_misc":{"Written by":"ECCA","Estimated reading time":"2 minutes"},"schema":{"@context":"https:\/\/schema.org","@graph":[{"@type":"Article","@id":"https:\/\/blognoticias.ecca.edu.es\/formacion-para-la-insercion-laboral-de-personas-vulnerables\/#article","isPartOf":{"@id":"https:\/\/blognoticias.ecca.edu.es\/formacion-para-la-insercion-laboral-de-personas-vulnerables\/"},"author":{"name":"ECCA","@id":"https:\/\/blognoticias.ecca.edu.es\/#\/schema\/person\/2f67aec1e9c175158bc25ac844a022ce"},"headline":"Formaci\u00f3n para la inserci\u00f3n laboral de personas vulnerables","datePublished":"2022-09-14T13:39:00+00:00","mainEntityOfPage":{"@id":"https:\/\/blognoticias.ecca.edu.es\/formacion-para-la-insercion-laboral-de-personas-vulnerables\/"},"wordCount":374,"publisher":{"@id":"https:\/\/blognoticias.ecca.edu.es\/#organization"},"image":{"@id":"https:\/\/blognoticias.ecca.edu.es\/formacion-para-la-insercion-laboral-de-personas-vulnerables\/#primaryimage"},"thumbnailUrl":"https:\/\/blogger.googleusercontent.com\/img\/b\/R29vZ2xl\/AVvXsEgttD6QZ9YYDK2tfi7evA3M7iWo8y0MQXdeQVha_8Ihd6z2ltvyQjKAPRqkZqTKYtY7PmttAUohbBUGu18aKKjnwmZepTuzNMQDkFjrPellFN9ux4DG-LY779DrKXc7u61Ks6LHHwm3NAjCBWnZYkXFpweIvQ_8BuokcXXpF2sUnPlUjqwnFJ4055IW\/s320\/1%20foto%20clase.jpeg","articleSection":["Comunicaci\u00f3n","Comunicaci\u00f3n ECCA","Conseller\u00eda de Empleo e Igualdad de la Xunta de Galicia","Galicia","Relevante","Xunta de Galicia"],"inLanguage":"en-GB"},{"@type":"WebPage","@id":"https:\/\/blognoticias.ecca.edu.es\/formacion-para-la-insercion-laboral-de-personas-vulnerables\/","url":"https:\/\/blognoticias.ecca.edu.es\/formacion-para-la-insercion-laboral-de-personas-vulnerables\/","name":"Formaci\u00f3n para la inserci\u00f3n laboral de personas vulnerables","isPartOf":{"@id":"https:\/\/blognoticias.ecca.edu.es\/#website"},"primaryImageOfPage":{"@id":"https:\/\/blognoticias.ecca.edu.es\/formacion-para-la-insercion-laboral-de-personas-vulnerables\/#primaryimage"},"image":{"@id":"https:\/\/blognoticias.ecca.edu.es\/formacion-para-la-insercion-laboral-de-personas-vulnerables\/#primaryimage"},"thumbnailUrl":"https:\/\/blogger.googleusercontent.com\/img\/b\/R29vZ2xl\/AVvXsEgttD6QZ9YYDK2tfi7evA3M7iWo8y0MQXdeQVha_8Ihd6z2ltvyQjKAPRqkZqTKYtY7PmttAUohbBUGu18aKKjnwmZepTuzNMQDkFjrPellFN9ux4DG-LY779DrKXc7u61Ks6LHHwm3NAjCBWnZYkXFpweIvQ_8BuokcXXpF2sUnPlUjqwnFJ4055IW\/s320\/1%20foto%20clase.jpeg","datePublished":"2022-09-14T13:39:00+00:00","breadcrumb":{"@id":"https:\/\/blognoticias.ecca.edu.es\/formacion-para-la-insercion-laboral-de-personas-vulnerables\/#breadcrumb"},"inLanguage":"en-GB","potentialAction":[{"@type":"ReadAction","target":["https:\/\/blognoticias.ecca.edu.es\/formacion-para-la-insercion-laboral-de-personas-vulnerables\/"]}]},{"@type":"ImageObject","inLanguage":"en-GB","@id":"https:\/\/blognoticias.ecca.edu.es\/formacion-para-la-insercion-laboral-de-personas-vulnerables\/#primaryimage","url":"https:\/\/blogger.googleusercontent.com\/img\/b\/R29vZ2xl\/AVvXsEgttD6QZ9YYDK2tfi7evA3M7iWo8y0MQXdeQVha_8Ihd6z2ltvyQjKAPRqkZqTKYtY7PmttAUohbBUGu18aKKjnwmZepTuzNMQDkFjrPellFN9ux4DG-LY779DrKXc7u61Ks6LHHwm3NAjCBWnZYkXFpweIvQ_8BuokcXXpF2sUnPlUjqwnFJ4055IW\/s320\/1%20foto%20clase.jpeg","contentUrl":"https:\/\/blogger.googleusercontent.com\/img\/b\/R29vZ2xl\/AVvXsEgttD6QZ9YYDK2tfi7evA3M7iWo8y0MQXdeQVha_8Ihd6z2ltvyQjKAPRqkZqTKYtY7PmttAUohbBUGu18aKKjnwmZepTuzNMQDkFjrPellFN9ux4DG-LY779DrKXc7u61Ks6LHHwm3NAjCBWnZYkXFpweIvQ_8BuokcXXpF2sUnPlUjqwnFJ4055IW\/s320\/1%20foto%20clase.jpeg"},{"@type":"BreadcrumbList","@id":"https:\/\/blognoticias.ecca.edu.es\/formacion-para-la-insercion-laboral-de-personas-vulnerables\/#breadcrumb","itemListElement":[{"@type":"ListItem","position":1,"name":"Portada","item":"https:\/\/blognoticias.ecca.edu.es\/"},{"@type":"ListItem","position":2,"name":"Formaci\u00f3n para la inserci\u00f3n laboral de personas vulnerables"}]},{"@type":"WebSite","@id":"https:\/\/blognoticias.ecca.edu.es\/#website","url":"https:\/\/blognoticias.ecca.edu.es\/","name":"Blog Noticias Ecca","description":"","publisher":{"@id":"https:\/\/blognoticias.ecca.edu.es\/#organization"},"potentialAction":[{"@type":"SearchAction","target":{"@type":"EntryPoint","urlTemplate":"https:\/\/blognoticias.ecca.edu.es\/?s={search_term_string}"},"query-input":{"@type":"PropertyValueSpecification","valueRequired":true,"valueName":"search_term_string"}}],"inLanguage":"en-GB"},{"@type":"Organization","@id":"https:\/\/blognoticias.ecca.edu.es\/#organization","name":"Blog Noticias Ecca","url":"https:\/\/blognoticias.ecca.edu.es\/","logo":{"@type":"ImageObject","inLanguage":"en-GB","@id":"https:\/\/blognoticias.ecca.edu.es\/#\/schema\/logo\/image\/","url":"https:\/\/blognoticias.ecca.edu.es\/wp-content\/uploads\/2023\/02\/cropped-cropped-cropped-cropped-Logo-Ecca.edu_.png","contentUrl":"https:\/\/blognoticias.ecca.edu.es\/wp-content\/uploads\/2023\/02\/cropped-cropped-cropped-cropped-Logo-Ecca.edu_.png","width":293,"height":45,"caption":"Blog Noticias Ecca"},"image":{"@id":"https:\/\/blognoticias.ecca.edu.es\/#\/schema\/logo\/image\/"},"sameAs":["https:\/\/www.facebook.com\/ecca.edu.es","https:\/\/x.com\/eccaedu","https:\/\/www.instagram.com\/"]},{"@type":"Person","@id":"https:\/\/blognoticias.ecca.edu.es\/#\/schema\/person\/2f67aec1e9c175158bc25ac844a022ce","name":"ECCA","image":{"@type":"ImageObject","inLanguage":"en-GB","@id":"https:\/\/blognoticias.ecca.edu.es\/#\/schema\/person\/image\/","url":"https:\/\/blognoticias.ecca.edu.es\/wp-content\/uploads\/2023\/02\/LOGO-ECCAEDU-1-150x150.png","contentUrl":"https:\/\/blognoticias.ecca.edu.es\/wp-content\/uploads\/2023\/02\/LOGO-ECCAEDU-1-150x150.png","caption":"ECCA"},"sameAs":["https:\/\/blognoticias.ecca.edu.es"],"url":"https:\/\/blognoticias.ecca.edu.es\/en\/author\/admin\/"}]}},"_links":{"self":[{"href":"https:\/\/blognoticias.ecca.edu.es\/en\/wp-json\/wp\/v2\/posts\/3189","targetHints":{"allow":["GET"]}}],"collection":[{"href":"https:\/\/blognoticias.ecca.edu.es\/en\/wp-json\/wp\/v2\/posts"}],"about":[{"href":"https:\/\/blognoticias.ecca.edu.es\/en\/wp-json\/wp\/v2\/types\/post"}],"author":[{"embeddable":true,"href":"https:\/\/blognoticias.ecca.edu.es\/en\/wp-json\/wp\/v2\/users\/1"}],"replies":[{"embeddable":true,"href":"https:\/\/blognoticias.ecca.edu.es\/en\/wp-json\/wp\/v2\/comments?post=3189"}],"version-history":[{"count":0,"href":"https:\/\/blognoticias.ecca.edu.es\/en\/wp-json\/wp\/v2\/posts\/3189\/revisions"}],"wp:attachment":[{"href":"https:\/\/blognoticias.ecca.edu.es\/en\/wp-json\/wp\/v2\/media?parent=3189"}],"wp:term":[{"taxonomy":"category","embeddable":true,"href":"https:\/\/blognoticias.ecca.edu.es\/en\/wp-json\/wp\/v2\/categories?post=3189"},{"taxonomy":"post_tag","embeddable":true,"href":"https:\/\/blognoticias.ecca.edu.es\/en\/wp-json\/wp\/v2\/tags?post=3189"}],"curies":[{"name":"wp","href":"https:\/\/api.w.org\/{rel}","templated":true}]}}