{"id":3188,"date":"2022-09-23T08:23:00","date_gmt":"2022-09-23T08:23:00","guid":{"rendered":"https:\/\/blognoticias.ecca.edu.es\/los-microfonos-de-radio-ecca-pasan-por-granadilla-de-abona-con-motivo-del-inicio-del-curso\/"},"modified":"2022-09-23T08:23:00","modified_gmt":"2022-09-23T08:23:00","slug":"los-microfonos-de-radio-ecca-pasan-por-granadilla-de-abona-con-motivo-del-inicio-del-curso","status":"publish","type":"post","link":"https:\/\/blognoticias.ecca.edu.es\/en\/los-microfonos-de-radio-ecca-pasan-por-granadilla-de-abona-con-motivo-del-inicio-del-curso\/","title":{"rendered":"Los micr\u00f3fonos de Radio ECCA pasan por Granadilla de Abona con motivo del inicio del curso"},"content":{"rendered":"<div class='booster-block booster-read-block'>\n                <div class=\"twp-read-time\">\n                \t<i class=\"booster-icon twp-clock\"><\/i> <span>Tiempo de lectura:<\/span>43 Segundos                <\/div>\n\n            <\/div><p style=\"text-align: justify;\"><b>El Ayuntamiento hace un reconocimiento a F\u00e1tima Morales por su labor de coordinadora de nuestra casa durante d\u00e9cadas<\/b><\/p>\n<\/p>\n<div style=\"clear: both; text-align: center;\"><a href=\"https:\/\/blogger.googleusercontent.com\/img\/a\/AVvXsEgFa5ehxJ16jAtEHCT_jciMRLSjMIS_QTZRIIghOkYct_DgJpEU5RU2dIaCZ2XevXPhUtsLmFCDAQZVGug6c-LmPWl3_WjFCGbF8gg-zQbeh_uIEJLIJgHH-efcOojnAabXJEYPaVG5Nv1U3ZGzvJV05rbn-OlvvfoxQT-4fiiKxOlzjM-wIVjY2QYK\" style=\"margin-left: 1em; margin-right: 1em;\"><img loading=\"lazy\" decoding=\"async\" alt=\"\" data-original-height=\"2832\" data-original-width=\"4890\" height=\"306\" src=\"https:\/\/blogger.googleusercontent.com\/img\/a\/AVvXsEgFa5ehxJ16jAtEHCT_jciMRLSjMIS_QTZRIIghOkYct_DgJpEU5RU2dIaCZ2XevXPhUtsLmFCDAQZVGug6c-LmPWl3_WjFCGbF8gg-zQbeh_uIEJLIJgHH-efcOojnAabXJEYPaVG5Nv1U3ZGzvJV05rbn-OlvvfoxQT-4fiiKxOlzjM-wIVjY2QYK=w528-h306\" width=\"528\" \/><\/a><\/div>\n<div style=\"clear: both; text-align: justify;\"><\/div>\n<div style=\"text-align: justify;\">La plaza Ram\u00f3n y Cajal de Granadilla de Abona, en pleno coraz\u00f3n del casco hist\u00f3rico, fue este mi\u00e9rcoles la localizaci\u00f3n escogida para la realizaci\u00f3n de un programa especial de Radio Ecca, con motivo del comienzo del curso acad\u00e9mico 2022\/2023. Por los micr\u00f3fonos de esta emisora pasaron el alcalde, Jos\u00e9 Domingo Regalado; la concejala de Educaci\u00f3n, Yanira Gonz\u00e1lez; la concejala de Servicios Sociales, Mar\u00eda de la O Gaspar; el cronista oficial, Emiliano Guill\u00e9n; alumnado de los programas formativos, y, tambi\u00e9n, una de las ganadores del Certamen de Nuevos Talentos de Granadilla de Abona 2022, Sophia Monique Gavir\u00e1n. Adem\u00e1s, por parte del ayuntamiento se hizo entrega de una metopa a la vecina F\u00e1tima Morales Gonz\u00e1lez, que fue la coordinadora del Sur de esta emisora durante 40 a\u00f1os.<\/div>\n<div style=\"text-align: justify;\"><\/div>\n<div style=\"clear: both; text-align: center;\"><a href=\"https:\/\/blogger.googleusercontent.com\/img\/a\/AVvXsEgsVPyKA4R-cufCtDQhdMbyjmcQ29tRqvZ3IpS47VlOpHfkT3kYdtpsxmIP3_E1QDhfknQRpXW7xcnSyoRgNw5PCuRtoMwP_wUDUa7Aap5fCFDPEkRVEZryLLe5BOx3nC0-mCgZTSmc-hzzMrePg1JYyNVXJZFLiV3oFeHRV1UovvvL484tpMb1emFP\" style=\"margin-left: 1em; margin-right: 1em;\"><img loading=\"lazy\" decoding=\"async\" alt=\"\" data-original-height=\"864\" data-original-width=\"1296\" height=\"188\" src=\"https:\/\/blogger.googleusercontent.com\/img\/a\/AVvXsEgsVPyKA4R-cufCtDQhdMbyjmcQ29tRqvZ3IpS47VlOpHfkT3kYdtpsxmIP3_E1QDhfknQRpXW7xcnSyoRgNw5PCuRtoMwP_wUDUa7Aap5fCFDPEkRVEZryLLe5BOx3nC0-mCgZTSmc-hzzMrePg1JYyNVXJZFLiV3oFeHRV1UovvvL484tpMb1emFP=w282-h188\" width=\"282\" \/><\/a><\/div><\/p>","protected":false},"excerpt":{"rendered":"<p>El Ayuntamiento hace un reconocimiento a F\u00e1tima Morales por su labor de coordinadora de nuestra casa durante d\u00e9cadas La plaza Ram\u00f3n y Cajal de Granadilla de Abona, en pleno coraz\u00f3n del casco hist\u00f3rico, fue este mi\u00e9rcoles la localizaci\u00f3n escogida para la realizaci\u00f3n de un programa especial de Radio Ecca, con motivo del comienzo del curso [&hellip;]<\/p>","protected":false},"author":1,"featured_media":0,"comment_status":"","ping_status":"","sticky":false,"template":"","format":"standard","meta":{"footnotes":""},"categories":[102,103,106],"tags":[],"class_list":["post-3188","post","type-post","status-publish","format-standard","hentry","category-comunicacion","category-comunicacion-ecca","category-relevante"],"yoast_head":"<!-- This site is optimized with the Yoast SEO plugin v25.9 - https:\/\/yoast.com\/wordpress\/plugins\/seo\/ -->\n<title>Los micr\u00f3fonos de Radio ECCA pasan por Granadilla de Abona con motivo del inicio del curso<\/title>\n<meta name=\"robots\" content=\"index, follow, max-snippet:-1, max-image-preview:large, max-video-preview:-1\" \/>\n<link rel=\"canonical\" href=\"https:\/\/blognoticias.ecca.edu.es\/en\/los-microfonos-de-radio-ecca-pasan-por-granadilla-de-abona-con-motivo-del-inicio-del-curso\/\" \/>\n<meta property=\"og:locale\" content=\"en_GB\" \/>\n<meta property=\"og:type\" content=\"article\" \/>\n<meta property=\"og:title\" content=\"Los micr\u00f3fonos de Radio ECCA pasan por Granadilla de Abona con motivo del inicio del curso\" \/>\n<meta property=\"og:description\" content=\"El Ayuntamiento hace un reconocimiento a F\u00e1tima Morales por su labor de coordinadora de nuestra casa durante d\u00e9cadas La plaza Ram\u00f3n y Cajal de Granadilla de Abona, en pleno coraz\u00f3n del casco hist\u00f3rico, fue este mi\u00e9rcoles la localizaci\u00f3n escogida para la realizaci\u00f3n de un programa especial de Radio Ecca, con motivo del comienzo del curso [&hellip;]\" \/>\n<meta property=\"og:url\" content=\"https:\/\/blognoticias.ecca.edu.es\/en\/los-microfonos-de-radio-ecca-pasan-por-granadilla-de-abona-con-motivo-del-inicio-del-curso\/\" \/>\n<meta property=\"og:site_name\" content=\"Blog Noticias Ecca\" \/>\n<meta property=\"article:publisher\" content=\"https:\/\/www.facebook.com\/ecca.edu.es\" \/>\n<meta property=\"article:published_time\" content=\"2022-09-23T08:23:00+00:00\" \/>\n<meta property=\"og:image\" content=\"https:\/\/blogger.googleusercontent.com\/img\/a\/AVvXsEgFa5ehxJ16jAtEHCT_jciMRLSjMIS_QTZRIIghOkYct_DgJpEU5RU2dIaCZ2XevXPhUtsLmFCDAQZVGug6c-LmPWl3_WjFCGbF8gg-zQbeh_uIEJLIJgHH-efcOojnAabXJEYPaVG5Nv1U3ZGzvJV05rbn-OlvvfoxQT-4fiiKxOlzjM-wIVjY2QYK=w528-h306\" \/>\n<meta name=\"author\" content=\"ECCA\" \/>\n<meta name=\"twitter:card\" content=\"summary_large_image\" \/>\n<meta name=\"twitter:creator\" content=\"@eccaedu\" \/>\n<meta name=\"twitter:site\" content=\"@eccaedu\" \/>\n<meta name=\"twitter:label1\" content=\"Written by\" \/>\n\t<meta name=\"twitter:data1\" content=\"ECCA\" \/>\n\t<meta name=\"twitter:label2\" content=\"Estimated reading time\" \/>\n\t<meta name=\"twitter:data2\" content=\"1 minute\" \/>\n<script type=\"application\/ld+json\" class=\"yoast-schema-graph\">{\"@context\":\"https:\/\/schema.org\",\"@graph\":[{\"@type\":\"Article\",\"@id\":\"https:\/\/blognoticias.ecca.edu.es\/los-microfonos-de-radio-ecca-pasan-por-granadilla-de-abona-con-motivo-del-inicio-del-curso\/#article\",\"isPartOf\":{\"@id\":\"https:\/\/blognoticias.ecca.edu.es\/los-microfonos-de-radio-ecca-pasan-por-granadilla-de-abona-con-motivo-del-inicio-del-curso\/\"},\"author\":{\"name\":\"ECCA\",\"@id\":\"https:\/\/blognoticias.ecca.edu.es\/#\/schema\/person\/2f67aec1e9c175158bc25ac844a022ce\"},\"headline\":\"Los micr\u00f3fonos de Radio ECCA pasan por Granadilla de Abona con motivo del inicio del curso\",\"datePublished\":\"2022-09-23T08:23:00+00:00\",\"mainEntityOfPage\":{\"@id\":\"https:\/\/blognoticias.ecca.edu.es\/los-microfonos-de-radio-ecca-pasan-por-granadilla-de-abona-con-motivo-del-inicio-del-curso\/\"},\"wordCount\":177,\"publisher\":{\"@id\":\"https:\/\/blognoticias.ecca.edu.es\/#organization\"},\"image\":{\"@id\":\"https:\/\/blognoticias.ecca.edu.es\/los-microfonos-de-radio-ecca-pasan-por-granadilla-de-abona-con-motivo-del-inicio-del-curso\/#primaryimage\"},\"thumbnailUrl\":\"https:\/\/blogger.googleusercontent.com\/img\/a\/AVvXsEgFa5ehxJ16jAtEHCT_jciMRLSjMIS_QTZRIIghOkYct_DgJpEU5RU2dIaCZ2XevXPhUtsLmFCDAQZVGug6c-LmPWl3_WjFCGbF8gg-zQbeh_uIEJLIJgHH-efcOojnAabXJEYPaVG5Nv1U3ZGzvJV05rbn-OlvvfoxQT-4fiiKxOlzjM-wIVjY2QYK=w528-h306\",\"articleSection\":[\"Comunicaci\u00f3n\",\"Comunicaci\u00f3n ECCA\",\"Relevante\"],\"inLanguage\":\"en-GB\"},{\"@type\":\"WebPage\",\"@id\":\"https:\/\/blognoticias.ecca.edu.es\/los-microfonos-de-radio-ecca-pasan-por-granadilla-de-abona-con-motivo-del-inicio-del-curso\/\",\"url\":\"https:\/\/blognoticias.ecca.edu.es\/los-microfonos-de-radio-ecca-pasan-por-granadilla-de-abona-con-motivo-del-inicio-del-curso\/\",\"name\":\"Los micr\u00f3fonos de Radio ECCA pasan por Granadilla de Abona con motivo del inicio del curso\",\"isPartOf\":{\"@id\":\"https:\/\/blognoticias.ecca.edu.es\/#website\"},\"primaryImageOfPage\":{\"@id\":\"https:\/\/blognoticias.ecca.edu.es\/los-microfonos-de-radio-ecca-pasan-por-granadilla-de-abona-con-motivo-del-inicio-del-curso\/#primaryimage\"},\"image\":{\"@id\":\"https:\/\/blognoticias.ecca.edu.es\/los-microfonos-de-radio-ecca-pasan-por-granadilla-de-abona-con-motivo-del-inicio-del-curso\/#primaryimage\"},\"thumbnailUrl\":\"https:\/\/blogger.googleusercontent.com\/img\/a\/AVvXsEgFa5ehxJ16jAtEHCT_jciMRLSjMIS_QTZRIIghOkYct_DgJpEU5RU2dIaCZ2XevXPhUtsLmFCDAQZVGug6c-LmPWl3_WjFCGbF8gg-zQbeh_uIEJLIJgHH-efcOojnAabXJEYPaVG5Nv1U3ZGzvJV05rbn-OlvvfoxQT-4fiiKxOlzjM-wIVjY2QYK=w528-h306\",\"datePublished\":\"2022-09-23T08:23:00+00:00\",\"breadcrumb\":{\"@id\":\"https:\/\/blognoticias.ecca.edu.es\/los-microfonos-de-radio-ecca-pasan-por-granadilla-de-abona-con-motivo-del-inicio-del-curso\/#breadcrumb\"},\"inLanguage\":\"en-GB\",\"potentialAction\":[{\"@type\":\"ReadAction\",\"target\":[\"https:\/\/blognoticias.ecca.edu.es\/los-microfonos-de-radio-ecca-pasan-por-granadilla-de-abona-con-motivo-del-inicio-del-curso\/\"]}]},{\"@type\":\"ImageObject\",\"inLanguage\":\"en-GB\",\"@id\":\"https:\/\/blognoticias.ecca.edu.es\/los-microfonos-de-radio-ecca-pasan-por-granadilla-de-abona-con-motivo-del-inicio-del-curso\/#primaryimage\",\"url\":\"https:\/\/blogger.googleusercontent.com\/img\/a\/AVvXsEgFa5ehxJ16jAtEHCT_jciMRLSjMIS_QTZRIIghOkYct_DgJpEU5RU2dIaCZ2XevXPhUtsLmFCDAQZVGug6c-LmPWl3_WjFCGbF8gg-zQbeh_uIEJLIJgHH-efcOojnAabXJEYPaVG5Nv1U3ZGzvJV05rbn-OlvvfoxQT-4fiiKxOlzjM-wIVjY2QYK=w528-h306\",\"contentUrl\":\"https:\/\/blogger.googleusercontent.com\/img\/a\/AVvXsEgFa5ehxJ16jAtEHCT_jciMRLSjMIS_QTZRIIghOkYct_DgJpEU5RU2dIaCZ2XevXPhUtsLmFCDAQZVGug6c-LmPWl3_WjFCGbF8gg-zQbeh_uIEJLIJgHH-efcOojnAabXJEYPaVG5Nv1U3ZGzvJV05rbn-OlvvfoxQT-4fiiKxOlzjM-wIVjY2QYK=w528-h306\"},{\"@type\":\"BreadcrumbList\",\"@id\":\"https:\/\/blognoticias.ecca.edu.es\/los-microfonos-de-radio-ecca-pasan-por-granadilla-de-abona-con-motivo-del-inicio-del-curso\/#breadcrumb\",\"itemListElement\":[{\"@type\":\"ListItem\",\"position\":1,\"name\":\"Portada\",\"item\":\"https:\/\/blognoticias.ecca.edu.es\/\"},{\"@type\":\"ListItem\",\"position\":2,\"name\":\"Los micr\u00f3fonos de Radio ECCA pasan por Granadilla de Abona con motivo del inicio del curso\"}]},{\"@type\":\"WebSite\",\"@id\":\"https:\/\/blognoticias.ecca.edu.es\/#website\",\"url\":\"https:\/\/blognoticias.ecca.edu.es\/\",\"name\":\"Blog Noticias Ecca\",\"description\":\"\",\"publisher\":{\"@id\":\"https:\/\/blognoticias.ecca.edu.es\/#organization\"},\"potentialAction\":[{\"@type\":\"SearchAction\",\"target\":{\"@type\":\"EntryPoint\",\"urlTemplate\":\"https:\/\/blognoticias.ecca.edu.es\/?s={search_term_string}\"},\"query-input\":{\"@type\":\"PropertyValueSpecification\",\"valueRequired\":true,\"valueName\":\"search_term_string\"}}],\"inLanguage\":\"en-GB\"},{\"@type\":\"Organization\",\"@id\":\"https:\/\/blognoticias.ecca.edu.es\/#organization\",\"name\":\"Blog Noticias Ecca\",\"url\":\"https:\/\/blognoticias.ecca.edu.es\/\",\"logo\":{\"@type\":\"ImageObject\",\"inLanguage\":\"en-GB\",\"@id\":\"https:\/\/blognoticias.ecca.edu.es\/#\/schema\/logo\/image\/\",\"url\":\"https:\/\/blognoticias.ecca.edu.es\/wp-content\/uploads\/2023\/02\/cropped-cropped-cropped-cropped-Logo-Ecca.edu_.png\",\"contentUrl\":\"https:\/\/blognoticias.ecca.edu.es\/wp-content\/uploads\/2023\/02\/cropped-cropped-cropped-cropped-Logo-Ecca.edu_.png\",\"width\":293,\"height\":45,\"caption\":\"Blog Noticias Ecca\"},\"image\":{\"@id\":\"https:\/\/blognoticias.ecca.edu.es\/#\/schema\/logo\/image\/\"},\"sameAs\":[\"https:\/\/www.facebook.com\/ecca.edu.es\",\"https:\/\/x.com\/eccaedu\",\"https:\/\/www.instagram.com\/\"]},{\"@type\":\"Person\",\"@id\":\"https:\/\/blognoticias.ecca.edu.es\/#\/schema\/person\/2f67aec1e9c175158bc25ac844a022ce\",\"name\":\"ECCA\",\"image\":{\"@type\":\"ImageObject\",\"inLanguage\":\"en-GB\",\"@id\":\"https:\/\/blognoticias.ecca.edu.es\/#\/schema\/person\/image\/\",\"url\":\"https:\/\/blognoticias.ecca.edu.es\/wp-content\/uploads\/2023\/02\/LOGO-ECCAEDU-1-150x150.png\",\"contentUrl\":\"https:\/\/blognoticias.ecca.edu.es\/wp-content\/uploads\/2023\/02\/LOGO-ECCAEDU-1-150x150.png\",\"caption\":\"ECCA\"},\"sameAs\":[\"https:\/\/blognoticias.ecca.edu.es\"],\"url\":\"https:\/\/blognoticias.ecca.edu.es\/en\/author\/admin\/\"}]}<\/script>\n<!-- \/ Yoast SEO plugin. -->","yoast_head_json":{"title":"Los micr\u00f3fonos de Radio ECCA pasan por Granadilla de Abona con motivo del inicio del curso","robots":{"index":"index","follow":"follow","max-snippet":"max-snippet:-1","max-image-preview":"max-image-preview:large","max-video-preview":"max-video-preview:-1"},"canonical":"https:\/\/blognoticias.ecca.edu.es\/en\/los-microfonos-de-radio-ecca-pasan-por-granadilla-de-abona-con-motivo-del-inicio-del-curso\/","og_locale":"en_GB","og_type":"article","og_title":"Los micr\u00f3fonos de Radio ECCA pasan por Granadilla de Abona con motivo del inicio del curso","og_description":"El Ayuntamiento hace un reconocimiento a F\u00e1tima Morales por su labor de coordinadora de nuestra casa durante d\u00e9cadas La plaza Ram\u00f3n y Cajal de Granadilla de Abona, en pleno coraz\u00f3n del casco hist\u00f3rico, fue este mi\u00e9rcoles la localizaci\u00f3n escogida para la realizaci\u00f3n de un programa especial de Radio Ecca, con motivo del comienzo del curso [&hellip;]","og_url":"https:\/\/blognoticias.ecca.edu.es\/en\/los-microfonos-de-radio-ecca-pasan-por-granadilla-de-abona-con-motivo-del-inicio-del-curso\/","og_site_name":"Blog Noticias Ecca","article_publisher":"https:\/\/www.facebook.com\/ecca.edu.es","article_published_time":"2022-09-23T08:23:00+00:00","og_image":[{"url":"https:\/\/blogger.googleusercontent.com\/img\/a\/AVvXsEgFa5ehxJ16jAtEHCT_jciMRLSjMIS_QTZRIIghOkYct_DgJpEU5RU2dIaCZ2XevXPhUtsLmFCDAQZVGug6c-LmPWl3_WjFCGbF8gg-zQbeh_uIEJLIJgHH-efcOojnAabXJEYPaVG5Nv1U3ZGzvJV05rbn-OlvvfoxQT-4fiiKxOlzjM-wIVjY2QYK=w528-h306","type":"","width":"","height":""}],"author":"ECCA","twitter_card":"summary_large_image","twitter_creator":"@eccaedu","twitter_site":"@eccaedu","twitter_misc":{"Written by":"ECCA","Estimated reading time":"1 minute"},"schema":{"@context":"https:\/\/schema.org","@graph":[{"@type":"Article","@id":"https:\/\/blognoticias.ecca.edu.es\/los-microfonos-de-radio-ecca-pasan-por-granadilla-de-abona-con-motivo-del-inicio-del-curso\/#article","isPartOf":{"@id":"https:\/\/blognoticias.ecca.edu.es\/los-microfonos-de-radio-ecca-pasan-por-granadilla-de-abona-con-motivo-del-inicio-del-curso\/"},"author":{"name":"ECCA","@id":"https:\/\/blognoticias.ecca.edu.es\/#\/schema\/person\/2f67aec1e9c175158bc25ac844a022ce"},"headline":"Los micr\u00f3fonos de Radio ECCA pasan por Granadilla de Abona con motivo del inicio del curso","datePublished":"2022-09-23T08:23:00+00:00","mainEntityOfPage":{"@id":"https:\/\/blognoticias.ecca.edu.es\/los-microfonos-de-radio-ecca-pasan-por-granadilla-de-abona-con-motivo-del-inicio-del-curso\/"},"wordCount":177,"publisher":{"@id":"https:\/\/blognoticias.ecca.edu.es\/#organization"},"image":{"@id":"https:\/\/blognoticias.ecca.edu.es\/los-microfonos-de-radio-ecca-pasan-por-granadilla-de-abona-con-motivo-del-inicio-del-curso\/#primaryimage"},"thumbnailUrl":"https:\/\/blogger.googleusercontent.com\/img\/a\/AVvXsEgFa5ehxJ16jAtEHCT_jciMRLSjMIS_QTZRIIghOkYct_DgJpEU5RU2dIaCZ2XevXPhUtsLmFCDAQZVGug6c-LmPWl3_WjFCGbF8gg-zQbeh_uIEJLIJgHH-efcOojnAabXJEYPaVG5Nv1U3ZGzvJV05rbn-OlvvfoxQT-4fiiKxOlzjM-wIVjY2QYK=w528-h306","articleSection":["Comunicaci\u00f3n","Comunicaci\u00f3n ECCA","Relevante"],"inLanguage":"en-GB"},{"@type":"WebPage","@id":"https:\/\/blognoticias.ecca.edu.es\/los-microfonos-de-radio-ecca-pasan-por-granadilla-de-abona-con-motivo-del-inicio-del-curso\/","url":"https:\/\/blognoticias.ecca.edu.es\/los-microfonos-de-radio-ecca-pasan-por-granadilla-de-abona-con-motivo-del-inicio-del-curso\/","name":"Los micr\u00f3fonos de Radio ECCA pasan por Granadilla de Abona con motivo del inicio del curso","isPartOf":{"@id":"https:\/\/blognoticias.ecca.edu.es\/#website"},"primaryImageOfPage":{"@id":"https:\/\/blognoticias.ecca.edu.es\/los-microfonos-de-radio-ecca-pasan-por-granadilla-de-abona-con-motivo-del-inicio-del-curso\/#primaryimage"},"image":{"@id":"https:\/\/blognoticias.ecca.edu.es\/los-microfonos-de-radio-ecca-pasan-por-granadilla-de-abona-con-motivo-del-inicio-del-curso\/#primaryimage"},"thumbnailUrl":"https:\/\/blogger.googleusercontent.com\/img\/a\/AVvXsEgFa5ehxJ16jAtEHCT_jciMRLSjMIS_QTZRIIghOkYct_DgJpEU5RU2dIaCZ2XevXPhUtsLmFCDAQZVGug6c-LmPWl3_WjFCGbF8gg-zQbeh_uIEJLIJgHH-efcOojnAabXJEYPaVG5Nv1U3ZGzvJV05rbn-OlvvfoxQT-4fiiKxOlzjM-wIVjY2QYK=w528-h306","datePublished":"2022-09-23T08:23:00+00:00","breadcrumb":{"@id":"https:\/\/blognoticias.ecca.edu.es\/los-microfonos-de-radio-ecca-pasan-por-granadilla-de-abona-con-motivo-del-inicio-del-curso\/#breadcrumb"},"inLanguage":"en-GB","potentialAction":[{"@type":"ReadAction","target":["https:\/\/blognoticias.ecca.edu.es\/los-microfonos-de-radio-ecca-pasan-por-granadilla-de-abona-con-motivo-del-inicio-del-curso\/"]}]},{"@type":"ImageObject","inLanguage":"en-GB","@id":"https:\/\/blognoticias.ecca.edu.es\/los-microfonos-de-radio-ecca-pasan-por-granadilla-de-abona-con-motivo-del-inicio-del-curso\/#primaryimage","url":"https:\/\/blogger.googleusercontent.com\/img\/a\/AVvXsEgFa5ehxJ16jAtEHCT_jciMRLSjMIS_QTZRIIghOkYct_DgJpEU5RU2dIaCZ2XevXPhUtsLmFCDAQZVGug6c-LmPWl3_WjFCGbF8gg-zQbeh_uIEJLIJgHH-efcOojnAabXJEYPaVG5Nv1U3ZGzvJV05rbn-OlvvfoxQT-4fiiKxOlzjM-wIVjY2QYK=w528-h306","contentUrl":"https:\/\/blogger.googleusercontent.com\/img\/a\/AVvXsEgFa5ehxJ16jAtEHCT_jciMRLSjMIS_QTZRIIghOkYct_DgJpEU5RU2dIaCZ2XevXPhUtsLmFCDAQZVGug6c-LmPWl3_WjFCGbF8gg-zQbeh_uIEJLIJgHH-efcOojnAabXJEYPaVG5Nv1U3ZGzvJV05rbn-OlvvfoxQT-4fiiKxOlzjM-wIVjY2QYK=w528-h306"},{"@type":"BreadcrumbList","@id":"https:\/\/blognoticias.ecca.edu.es\/los-microfonos-de-radio-ecca-pasan-por-granadilla-de-abona-con-motivo-del-inicio-del-curso\/#breadcrumb","itemListElement":[{"@type":"ListItem","position":1,"name":"Portada","item":"https:\/\/blognoticias.ecca.edu.es\/"},{"@type":"ListItem","position":2,"name":"Los micr\u00f3fonos de Radio ECCA pasan por Granadilla de Abona con motivo del inicio del curso"}]},{"@type":"WebSite","@id":"https:\/\/blognoticias.ecca.edu.es\/#website","url":"https:\/\/blognoticias.ecca.edu.es\/","name":"Blog Noticias Ecca","description":"","publisher":{"@id":"https:\/\/blognoticias.ecca.edu.es\/#organization"},"potentialAction":[{"@type":"SearchAction","target":{"@type":"EntryPoint","urlTemplate":"https:\/\/blognoticias.ecca.edu.es\/?s={search_term_string}"},"query-input":{"@type":"PropertyValueSpecification","valueRequired":true,"valueName":"search_term_string"}}],"inLanguage":"en-GB"},{"@type":"Organization","@id":"https:\/\/blognoticias.ecca.edu.es\/#organization","name":"Blog Noticias Ecca","url":"https:\/\/blognoticias.ecca.edu.es\/","logo":{"@type":"ImageObject","inLanguage":"en-GB","@id":"https:\/\/blognoticias.ecca.edu.es\/#\/schema\/logo\/image\/","url":"https:\/\/blognoticias.ecca.edu.es\/wp-content\/uploads\/2023\/02\/cropped-cropped-cropped-cropped-Logo-Ecca.edu_.png","contentUrl":"https:\/\/blognoticias.ecca.edu.es\/wp-content\/uploads\/2023\/02\/cropped-cropped-cropped-cropped-Logo-Ecca.edu_.png","width":293,"height":45,"caption":"Blog Noticias Ecca"},"image":{"@id":"https:\/\/blognoticias.ecca.edu.es\/#\/schema\/logo\/image\/"},"sameAs":["https:\/\/www.facebook.com\/ecca.edu.es","https:\/\/x.com\/eccaedu","https:\/\/www.instagram.com\/"]},{"@type":"Person","@id":"https:\/\/blognoticias.ecca.edu.es\/#\/schema\/person\/2f67aec1e9c175158bc25ac844a022ce","name":"ECCA","image":{"@type":"ImageObject","inLanguage":"en-GB","@id":"https:\/\/blognoticias.ecca.edu.es\/#\/schema\/person\/image\/","url":"https:\/\/blognoticias.ecca.edu.es\/wp-content\/uploads\/2023\/02\/LOGO-ECCAEDU-1-150x150.png","contentUrl":"https:\/\/blognoticias.ecca.edu.es\/wp-content\/uploads\/2023\/02\/LOGO-ECCAEDU-1-150x150.png","caption":"ECCA"},"sameAs":["https:\/\/blognoticias.ecca.edu.es"],"url":"https:\/\/blognoticias.ecca.edu.es\/en\/author\/admin\/"}]}},"_links":{"self":[{"href":"https:\/\/blognoticias.ecca.edu.es\/en\/wp-json\/wp\/v2\/posts\/3188","targetHints":{"allow":["GET"]}}],"collection":[{"href":"https:\/\/blognoticias.ecca.edu.es\/en\/wp-json\/wp\/v2\/posts"}],"about":[{"href":"https:\/\/blognoticias.ecca.edu.es\/en\/wp-json\/wp\/v2\/types\/post"}],"author":[{"embeddable":true,"href":"https:\/\/blognoticias.ecca.edu.es\/en\/wp-json\/wp\/v2\/users\/1"}],"replies":[{"embeddable":true,"href":"https:\/\/blognoticias.ecca.edu.es\/en\/wp-json\/wp\/v2\/comments?post=3188"}],"version-history":[{"count":0,"href":"https:\/\/blognoticias.ecca.edu.es\/en\/wp-json\/wp\/v2\/posts\/3188\/revisions"}],"wp:attachment":[{"href":"https:\/\/blognoticias.ecca.edu.es\/en\/wp-json\/wp\/v2\/media?parent=3188"}],"wp:term":[{"taxonomy":"category","embeddable":true,"href":"https:\/\/blognoticias.ecca.edu.es\/en\/wp-json\/wp\/v2\/categories?post=3188"},{"taxonomy":"post_tag","embeddable":true,"href":"https:\/\/blognoticias.ecca.edu.es\/en\/wp-json\/wp\/v2\/tags?post=3188"}],"curies":[{"name":"wp","href":"https:\/\/api.w.org\/{rel}","templated":true}]}}